{"id":67827,"date":"2024-05-14T07:30:00","date_gmt":"2024-05-14T05:30:00","guid":{"rendered":"https:\/\/www.deinadieu.ch\/poverta-degli-anziani-in-svizzera-chi-e-povero-spesso-lotta-con-la-vergogna\/"},"modified":"2024-07-10T16:22:32","modified_gmt":"2024-07-10T14:22:32","slug":"poverta-degli-anziani-in-svizzera-chi-e-povero-spesso-lotta-con-la-vergogna","status":"publish","type":"post","link":"https:\/\/www.deinadieu.ch\/it\/poverta-degli-anziani-in-svizzera-chi-e-povero-spesso-lotta-con-la-vergogna\/","title":{"rendered":"Povert\u00e0 degli anziani in Svizzera: &#8220;Chi \u00e8 povero spesso lotta con la vergogna&#8221;."},"content":{"rendered":"\n<p>Nascosta e dimenticata: La povert\u00e0 in Svizzera. Gli anziani di 65 anni e oltre, in particolare, sono sempre pi\u00f9 carenti di denaro per coprire le loro esigenze di base. Paulo Oliveira, direttore generale di Remar Svizzera, parla in un&#8217;intervista di come l&#8217;organizzazione combatte la povert\u00e0. Oltre alle donazioni materiali, i dipendenti ascoltano anche le preoccupazioni delle persone colpite, perch\u00e9 la povert\u00e0 in et\u00e0 avanzata e la solitudine di solito vanno di pari passo.<\/p>\n\n<!--more-->\n\n<h2 class=\"wp-block-heading\" id=\"h-wieso-gibt-es-altersarmut-in-der-reichen-schweiz\">Perch\u00e9 nella ricca Svizzera c&#8217;\u00e8 povert\u00e0 in et\u00e0 avanzata?<\/h2>\n\n<p><em>Paulo Oliveira, direttore generale di Remar Svizzera:<\/em><\/p>\n\n<p>La povert\u00e0 degli anziani \u00e8 un fenomeno nascosto: varie difficolt\u00e0 e colpi di fortuna come divorzi, problemi di salute o familiari portano a difficolt\u00e0 finanziarie. Remar fornisce aiuti alla povert\u00e0 da circa sette anni e la situazione \u00e8 peggiorata notevolmente dopo il coronavirus. Se qualcuno si trova in una spirale finanziaria negativa a causa dell&#8217;aumento degli affitti e dei prezzi dell&#8217;elettricit\u00e0 e della mobilit\u00e0 pi\u00f9 costosa, basta una goccia per far traboccare il vaso. Le persone colpite di solito hanno lavorato tutta la vita e sono riluttanti a chiedere aiuto. Spesso si vergognano e si sentono una &#8220;persona di serie B&#8221;. Poich\u00e9 non vogliono essere un peso per la societ\u00e0 &#8211; cos\u00ec come la percepiscono &#8211; gli anziani sono talvolta pi\u00f9 disposti a lasciare la Svizzera che a confrontarsi con i loro sentimenti di vergogna.<\/p>\n\n<p>Inoltre, le persone che vivono in condizioni di povert\u00e0 sono generalmente alle prese con pregiudizi del tipo: &#8220;La povert\u00e0 non esiste in Svizzera! Chi ha troppo poco semplicemente non vuole lavorare&#8221;. I cosiddetti &#8220;working poor&#8221;, ovvero le persone che hanno un lavoro ma sono comunque povere, smentiscono questa convinzione. Sempre pi\u00f9 persone in Svizzera si trovano ad affrontare la povert\u00e0 di reddito.<\/p>\n\n<figure class=\"wp-block-image size-large\"><img loading=\"lazy\" decoding=\"async\" width=\"1024\" height=\"683\" src=\"https:\/\/www.deinadieu.ch\/wp-content\/uploads\/2024\/04\/3_Portrait-Paulo-Oliveira-1024x683.jpg\" alt=\"Ritratto Paulo Oliveira\" class=\"wp-image-67662\" srcset=\"https:\/\/www.deinadieu.ch\/wp-content\/uploads\/2024\/04\/3_Portrait-Paulo-Oliveira-1024x683.jpg 1024w, https:\/\/www.deinadieu.ch\/wp-content\/uploads\/2024\/04\/3_Portrait-Paulo-Oliveira-300x200.jpg 300w, https:\/\/www.deinadieu.ch\/wp-content\/uploads\/2024\/04\/3_Portrait-Paulo-Oliveira-1536x1025.jpg 1536w, https:\/\/www.deinadieu.ch\/wp-content\/uploads\/2024\/04\/3_Portrait-Paulo-Oliveira-2048x1366.jpg 2048w\" sizes=\"auto, (max-width: 1024px) 100vw, 1024px\" \/><figcaption class=\"wp-element-caption\">Remar consegna ogni settimana cibo alle persone che vivono in condizioni di povert\u00e0.<\/figcaption><\/figure>\n\n<h2 class=\"wp-block-heading\" id=\"h-wie-stellt-remar-den-kontakt-zu-betroffenen-von-altersarmut-her\">Come fa Remar a stabilire un contatto con le persone colpite dalla povert\u00e0 in et\u00e0 avanzata?<\/h2>\n\n<p><em>Paulo Oliveira, direttore generale di Remar Svizzera:<\/em><\/p>\n\n<p>Stabilire un contatto con le persone bisognose \u00e8 la nostra sfida pi\u00f9 grande, perch\u00e9 la povert\u00e0 va di pari passo con l&#8217;isolamento e la solitudine. Remar gestisce diversi centri di raccolta nel cantone di Zurigo, dove collabora con associazioni, chiese e volontari. I dipendenti locali sono ben collegati e conoscono le persone le cui risorse finanziarie non sono sufficienti per sopravvivere. In questo modo, possiamo aiutare le persone a soddisfare i loro bisogni primari. Tuttavia, con il nostro aiuto raggiungiamo solo il 3% circa di tutte le persone colpite dalla povert\u00e0; il problema \u00e8 molto pi\u00f9 grande perch\u00e9 la povert\u00e0 \u00e8 solitamente nascosta.<\/p>\n\n<figure class=\"wp-block-image size-large\"><img loading=\"lazy\" decoding=\"async\" width=\"1024\" height=\"682\" src=\"https:\/\/www.deinadieu.ch\/wp-content\/uploads\/2024\/04\/4_Lebensmittel-Nahaufnahme-1024x682.jpg\" alt=\"Primo piano del cibo\" class=\"wp-image-67654\" srcset=\"https:\/\/www.deinadieu.ch\/wp-content\/uploads\/2024\/04\/4_Lebensmittel-Nahaufnahme-1024x682.jpg 1024w, https:\/\/www.deinadieu.ch\/wp-content\/uploads\/2024\/04\/4_Lebensmittel-Nahaufnahme-300x200.jpg 300w, https:\/\/www.deinadieu.ch\/wp-content\/uploads\/2024\/04\/4_Lebensmittel-Nahaufnahme-1536x1023.jpg 1536w, https:\/\/www.deinadieu.ch\/wp-content\/uploads\/2024\/04\/4_Lebensmittel-Nahaufnahme-2048x1364.jpg 2048w\" sizes=\"auto, (max-width: 1024px) 100vw, 1024px\" \/><figcaption class=\"wp-element-caption\">Salvando le eccedenze alimentari, Remar contribuisce anche a combattere lo spreco di cibo.<\/figcaption><\/figure>\n\n<h2 class=\"wp-block-heading\" id=\"h-wie-bekampft-remar-armut-und-insbesondere-altersarmut\">In che modo Remar combatte la povert\u00e0, soprattutto quella in et\u00e0 avanzata?<\/h2>\n\n<p><em>Paulo Oliveira, direttore generale di Remar Svizzera:<\/em><\/p>\n\n<p>Raccogliamo le eccedenze alimentari e i prodotti per l&#8217;igiene nei supermercati e nelle grandi aziende di Zurigo e Basilea e facciamo in modo che raggiungano le persone del quartiere che dipendono dal sostegno sociale. Le persone bisognose possono raccogliere i prodotti in una decina di punti di consegna nel cantone di Zurigo. Se necessario, doniamo anche mobili e vestiti o contribuiamo alle spese di trasloco.<\/p>\n\n<p>Consegniamo settimanalmente pacchi alimentari e prodotti per l&#8217;igiene a casa di persone anziane. In questi incontri ci prendiamo anche il tempo per fare due chiacchiere davanti a una tazza di caff\u00e8, perch\u00e9 le persone anziane che vivono in povert\u00e0 spesso hanno pochi contatti sociali perch\u00e9 si ritirano dalla societ\u00e0.<\/p>\n\n<figure class=\"wp-block-image size-large\"><img loading=\"lazy\" decoding=\"async\" width=\"1024\" height=\"683\" src=\"https:\/\/www.deinadieu.ch\/wp-content\/uploads\/2024\/04\/5_Lebensmittelkisten-mit-Mitarbeiter-1024x683.jpg\" alt=\"Casse di cibo con dipendenti\" class=\"wp-image-67639\" srcset=\"https:\/\/www.deinadieu.ch\/wp-content\/uploads\/2024\/04\/5_Lebensmittelkisten-mit-Mitarbeiter-1024x683.jpg 1024w, https:\/\/www.deinadieu.ch\/wp-content\/uploads\/2024\/04\/5_Lebensmittelkisten-mit-Mitarbeiter-300x200.jpg 300w, https:\/\/www.deinadieu.ch\/wp-content\/uploads\/2024\/04\/5_Lebensmittelkisten-mit-Mitarbeiter-1536x1024.jpg 1536w, https:\/\/www.deinadieu.ch\/wp-content\/uploads\/2024\/04\/5_Lebensmittelkisten-mit-Mitarbeiter-2048x1366.jpg 2048w\" sizes=\"auto, (max-width: 1024px) 100vw, 1024px\" \/><figcaption class=\"wp-element-caption\">L&#8217;organizzazione Remar, acronimo di &#8220;Rehabilitation of Marginalised People&#8221;, sostiene i gruppi svantaggiati e vulnerabili della societ\u00e0.<\/figcaption><\/figure>\n\n<h2 class=\"wp-block-heading\" id=\"h-welche-ruckmeldungen-erhalten-sie-von-armutsbetroffenen-menschen-die-von-remar-unterstutzung-erhalten\">Che riscontro avete ricevuto dalle persone colpite dalla povert\u00e0 che hanno ricevuto il sostegno di Remar?<\/h2>\n\n<p><em>Paulo Oliveira, direttore generale di Remar Svizzera:<\/em><\/p>\n\n<p>Riceviamo una grande gratitudine. Il sostegno finanziario e materiale offre sollievo, ad esempio quando i genitori possono acquistare una giacca invernale di migliore qualit\u00e0 per il proprio figlio o ricevere una spinta finanziaria per una spesa dentistica. Oppure le famiglie possono utilizzare il denaro risparmiato grazie ai nostri punti di consegna per pagare il dentista. Parola chiave denti: le cure dentistiche, soprattutto per i bambini e gli anziani, possono sconvolgere rapidamente la situazione finanziaria.<\/p>\n\n<p>Oltre al nostro sostegno materiale, gli anziani apprezzano anche la componente sociale, ad esempio quando qualcuno passa e si ferma per un caff\u00e8. Abbiamo un orecchio attento e svolgiamo anche un ruolo pastorale in questo senso.<\/p>\n\n<figure class=\"wp-block-image size-large\"><img loading=\"lazy\" decoding=\"async\" width=\"1024\" height=\"682\" src=\"https:\/\/www.deinadieu.ch\/wp-content\/uploads\/2024\/04\/6_Einladen-Lieferungen-1024x682.jpg\" alt=\"Invita le consegne\" class=\"wp-image-67644\" srcset=\"https:\/\/www.deinadieu.ch\/wp-content\/uploads\/2024\/04\/6_Einladen-Lieferungen-1024x682.jpg 1024w, https:\/\/www.deinadieu.ch\/wp-content\/uploads\/2024\/04\/6_Einladen-Lieferungen-300x200.jpg 300w, https:\/\/www.deinadieu.ch\/wp-content\/uploads\/2024\/04\/6_Einladen-Lieferungen-1536x1024.jpg 1536w, https:\/\/www.deinadieu.ch\/wp-content\/uploads\/2024\/04\/6_Einladen-Lieferungen-2048x1365.jpg 2048w\" sizes=\"auto, (max-width: 1024px) 100vw, 1024px\" \/><figcaption class=\"wp-element-caption\">In futuro, Remar vorrebbe espandere ulteriormente gli aiuti alla povert\u00e0.<\/figcaption><\/figure>\n\n<h2 class=\"wp-block-heading\" id=\"h-wozu-setzt-remar-spenden-und-legate-ein\">A cosa servono le donazioni e i legati di Remar?<\/h2>\n\n<p><em>Paulo Oliveira, direttore generale di Remar Svizzera:<\/em><\/p>\n\n<p>Vorremmo ampliare ulteriormente gli aiuti alla povert\u00e0, perch\u00e9 il problema \u00e8 ancora pi\u00f9 grave, in quanto la povert\u00e0 \u00e8 spesso nascosta. In futuro vogliamo raggiungere pi\u00f9 persone e dare loro una mano. Un&#8217;attenzione particolare \u00e8 rivolta alle cure dentistiche gi\u00e0 citate, per le quali vorremmo aiutare le famiglie e gli anziani con visite di controllo o emergenze in modo pi\u00f9 mirato, in modo che queste fatture non vadano a sconvolgere l&#8217;intero budget finanziario.<\/p>\n\n<p>Un altro aspetto che \u00e8 aumentato in modo significativo negli ultimi anni e per il quale utilizziamo fondi \u00e8 l&#8217;aiuto in caso di emergenza e di catastrofe, che viene utilizzato, ad esempio, in caso di terremoti o inondazioni in Svizzera e all&#8217;estero.<\/p>\n\n<h2 class=\"wp-block-heading\" id=\"h-wieso-sollte-ich-remar-im-testament-berucksichtigen\">Perch\u00e9 dovrei includere Remar nel mio testamento?<\/h2>\n\n<p><em>Paulo Oliveira, direttore generale di Remar Svizzera:<\/em><\/p>\n\n<p>Con un&#8217;eredit\u00e0, lascio il mio segno nella societ\u00e0 al di l\u00e0 della mia vita e mi lascio alle spalle un pezzo di giustizia. Questo mi permette di sostenere le persone che vivono in povert\u00e0 e di offrire loro una vita migliore.<\/p>\n\n<figure class=\"wp-block-image size-large\"><img loading=\"lazy\" decoding=\"async\" width=\"1024\" height=\"683\" src=\"https:\/\/www.deinadieu.ch\/wp-content\/uploads\/2024\/04\/2_Lastwagen-Logo-1024x683.jpg\" alt=\"Logo del camion\" class=\"wp-image-67658\" srcset=\"https:\/\/www.deinadieu.ch\/wp-content\/uploads\/2024\/04\/2_Lastwagen-Logo-1024x683.jpg 1024w, https:\/\/www.deinadieu.ch\/wp-content\/uploads\/2024\/04\/2_Lastwagen-Logo-300x200.jpg 300w, https:\/\/www.deinadieu.ch\/wp-content\/uploads\/2024\/04\/2_Lastwagen-Logo-1536x1024.jpg 1536w, https:\/\/www.deinadieu.ch\/wp-content\/uploads\/2024\/04\/2_Lastwagen-Logo-2048x1365.jpg 2048w\" sizes=\"auto, (max-width: 1024px) 100vw, 1024px\" \/><figcaption class=\"wp-element-caption\">I dipendenti di Remar danno anche una mano per i traslochi o i trasporti.<\/figcaption><\/figure>\n\n<h2 class=\"wp-block-heading\" id=\"h-remar-ist-die-abkurzung-fur-rehabilitation-von-marginalisierten-menschen-was-bedeutet-das-konkret-und-welcher-impuls-treibt-euch-fur-die-sozialen-projekte-an\">Remar \u00e8 l&#8217;abbreviazione di &#8220;Rehabilitation von marginalisierten menschen&#8221; ovvero &#8220;riabilitazione delle persone emarginate&#8221;. Cosa significa in concreto e qual \u00e8 la forza trainante dei vostri progetti sociali?<\/h2>\n\n<p><em>Paulo Oliveira, direttore generale di Remar Svizzera:<\/em><\/p>\n\n<p>Che si tratti di aiuto alle dipendenze, di aiuto alla povert\u00e0 o di aiuto allo sviluppo in Svizzera e all&#8217;estero: diamo speranza e futuro a persone che sono trascurate dalla societ\u00e0 o che sono gi\u00e0 state abbandonate.<\/p>\n\n        <div class=\"da-servicebox relative bg-gray-200 p-4 pt-8 border-solid border-t-8 border-da-dark mb-6\">\n            <i class=\"fas fa-info-circle mx-auto fa-7x text-da-dark\"><\/i>\n            <span style=\"hyphens: auto\">\n                <br \/>\n<strong><a href=\"https:\/\/www.deinadieu.ch\/it\/organizzazioni-caritatevoli\/\">Remar<\/a>: dare speranza e futuro <\/strong><br \/>\nAiuti alle dipendenze, aiuti alla povert\u00e0, aiuti di emergenza e in caso di calamit\u00e0 o aiuti allo sviluppo: l&#8217;aiuto ai bisognosi e il lavoro umanitario globale sono il denominatore comune di tutte le attivit\u00e0 di Remar. I progetti sociali si concentrano sul sostegno alle persone emarginate: <a href=\"https:\/\/www.deinadieu.ch\/it\/organizzazioni-caritatevoli\/\">Remar<\/a> &#8211; acronimo di <strong>&#8220;riabilitazione delle persone emarginate<\/strong> &#8221; &#8211; sostiene i gruppi sociali svantaggiati e vulnerabili. L&#8217;organizzazione Remar \u00e8 presente in oltre 70 paesi del mondo e affronta i problemi pi\u00f9 urgenti in ogni paese.<br \/>\n\n                \n                \n            <\/span>\n        <\/div>\n        \n\n<p>Vuoi sostenere le persone anche dopo la tua morte e trasmettere la giustizia? Qui puoi redigere il tuo testamento e fare un lascito a Remar:<\/p>\n\n<div style=\"height:40px\" aria-hidden=\"true\" class=\"wp-block-spacer\"><\/div>\n\n<div class=\"wp-block-buttons is-layout-flex wp-block-buttons-is-layout-flex\">\n<div class=\"wp-block-button\"><a class=\"wp-block-button__link wp-element-button\" href=\"https:\/\/app.deinadieu.ch\/da\/testament\/7530\">Includi Remar nel tuo testamento<\/a><\/div>\n<\/div>\n","protected":false},"excerpt":{"rendered":"<p>Nascosta e dimenticata: La povert\u00e0 in Svizzera. Gli anziani di 65 anni e oltre, in particolare, sono sempre pi\u00f9 carenti di denaro per coprire le loro esigenze di base. Paulo Oliveira, direttore generale di Remar Svizzera, parla in un&#8217;intervista di come l&#8217;organizzazione combatte la povert\u00e0. Oltre alle donazioni materiali, i dipendenti ascoltano anche le preoccupazioni [&hellip;]<\/p>\n","protected":false},"author":6038,"featured_media":67637,"comment_status":"open","ping_status":"closed","sticky":false,"template":"","format":"standard","meta":{"_acf_changed":false,"footnotes":""},"categories":[2474],"tags":[2522,3014,2906,3160,3659,3660,3661,2121],"class_list":["post-67827","post","type-post","status-publish","format-standard","has-post-thumbnail","hentry","category-opere-caritative","tag-cosa-puo-fare-la-mia-eredita","tag-donazioni","tag-organizzazione-senza-scopo-di-lucro","tag-organizzazioni-di-aiuto","tag-poverta-degli-anziani-2","tag-supporto-materiale","tag-supporto-sostenibile","tag-testamento"],"acf":[],"yoast_head":"<title>Povert\u00e0 degli anziani in Svizzera: &quot;Chi \u00e8 povero spesso lotta con la vergogna&quot;. | DeinAdieu.ch<\/title>\n<meta name=\"description\" content=\"Scopri chi \u00e8 colpito dalla povert\u00e0 degli anziani in Svizzera e come Remar la combatte.\" \/>\n<meta name=\"robots\" content=\"index, follow, max-snippet:-1, max-image-preview:large, max-video-preview:-1\" \/>\n<link rel=\"canonical\" href=\"https:\/\/www.deinadieu.ch\/it\/poverta-degli-anziani-in-svizzera-chi-e-povero-spesso-lotta-con-la-vergogna\/\" \/>\n<meta property=\"og:locale\" content=\"it_IT\" \/>\n<meta property=\"og:type\" content=\"article\" \/>\n<meta property=\"og:title\" content=\"Povert\u00e0 degli anziani in Svizzera: &quot;Chi \u00e8 povero spesso lotta con la vergogna&quot;.\" \/>\n<meta property=\"og:description\" content=\"Nascosta e dimenticata: La povert\u00e0 in Svizzera. Gli anziani di 65 anni e oltre, in particolare, sono sempre pi\u00f9 carenti di denaro per coprire le loro\" \/>\n<meta property=\"og:url\" content=\"https:\/\/www.deinadieu.ch\/it\/poverta-degli-anziani-in-svizzera-chi-e-povero-spesso-lotta-con-la-vergogna\/\" \/>\n<meta property=\"og:site_name\" content=\"DeinAdieu.ch\" \/>\n<meta property=\"article:publisher\" content=\"https:\/\/www.facebook.com\/deinadieu\" \/>\n<meta property=\"article:published_time\" content=\"2024-05-14T05:30:00+00:00\" \/>\n<meta property=\"article:modified_time\" content=\"2024-07-10T14:22:32+00:00\" \/>\n<meta property=\"og:image\" content=\"https:\/\/static.deinadieu.ch\/uploads\/2024\/04\/1_Front_Aufmacher-scaled.jpg\" \/>\n\t<meta property=\"og:image:width\" content=\"2560\" \/>\n\t<meta property=\"og:image:height\" content=\"1707\" \/>\n\t<meta property=\"og:image:type\" content=\"image\/jpeg\" \/>\n<meta name=\"author\" content=\"Sabrina Rohner\" \/>\n<meta name=\"twitter:card\" content=\"summary_large_image\" \/>\n<meta name=\"twitter:creator\" content=\"@DeinAdieu\" \/>\n<meta name=\"twitter:site\" content=\"@DeinAdieu\" \/>\n<meta name=\"twitter:label1\" content=\"Written by\" \/>\n\t<meta name=\"twitter:data1\" content=\"Sabrina Rohner\" \/>\n\t<meta name=\"twitter:label2\" content=\"Est. reading time\" \/>\n\t<meta name=\"twitter:data2\" content=\"6 minutes\" \/>\n<script type=\"application\/ld+json\" class=\"yoast-schema-graph\">{\"@context\":\"https:\\\/\\\/schema.org\",\"@graph\":[{\"@type\":\"Article\",\"@id\":\"https:\\\/\\\/www.deinadieu.ch\\\/it\\\/poverta-degli-anziani-in-svizzera-chi-e-povero-spesso-lotta-con-la-vergogna\\\/#article\",\"isPartOf\":{\"@id\":\"https:\\\/\\\/www.deinadieu.ch\\\/it\\\/poverta-degli-anziani-in-svizzera-chi-e-povero-spesso-lotta-con-la-vergogna\\\/\"},\"author\":{\"name\":\"Sabrina Rohner\",\"@id\":\"https:\\\/\\\/www.deinadieu.ch\\\/it\\\/#\\\/schema\\\/person\\\/ad724a53f7e50dd3866fc9b0fc6bbdd9\"},\"headline\":\"Povert\u00e0 degli anziani in Svizzera: &#8220;Chi \u00e8 povero spesso lotta con la vergogna&#8221;.\",\"datePublished\":\"2024-05-14T05:30:00+00:00\",\"dateModified\":\"2024-07-10T14:22:32+00:00\",\"mainEntityOfPage\":{\"@id\":\"https:\\\/\\\/www.deinadieu.ch\\\/it\\\/poverta-degli-anziani-in-svizzera-chi-e-povero-spesso-lotta-con-la-vergogna\\\/\"},\"wordCount\":1133,\"commentCount\":0,\"publisher\":{\"@id\":\"https:\\\/\\\/www.deinadieu.ch\\\/it\\\/#organization\"},\"image\":{\"@id\":\"https:\\\/\\\/www.deinadieu.ch\\\/it\\\/poverta-degli-anziani-in-svizzera-chi-e-povero-spesso-lotta-con-la-vergogna\\\/#primaryimage\"},\"thumbnailUrl\":\"https:\\\/\\\/www.deinadieu.ch\\\/wp-content\\\/uploads\\\/2024\\\/04\\\/1_Front_Aufmacher-scaled.jpg\",\"keywords\":[\"Cosa pu\u00f2 fare la mia eredit\u00e0?\",\"Donazioni\",\"Organizzazione senza scopo di lucro\",\"Organizzazioni di aiuto\",\"Povert\u00e0 degli anziani\",\"Supporto materiale\",\"Supporto sostenibile\",\"Testamento\"],\"articleSection\":[\"Focus sulle opere caritative\"],\"inLanguage\":\"it-IT\",\"potentialAction\":[{\"@type\":\"CommentAction\",\"name\":\"Comment\",\"target\":[\"https:\\\/\\\/www.deinadieu.ch\\\/it\\\/poverta-degli-anziani-in-svizzera-chi-e-povero-spesso-lotta-con-la-vergogna\\\/#respond\"]}]},{\"@type\":\"WebPage\",\"@id\":\"https:\\\/\\\/www.deinadieu.ch\\\/it\\\/poverta-degli-anziani-in-svizzera-chi-e-povero-spesso-lotta-con-la-vergogna\\\/\",\"url\":\"https:\\\/\\\/www.deinadieu.ch\\\/it\\\/poverta-degli-anziani-in-svizzera-chi-e-povero-spesso-lotta-con-la-vergogna\\\/\",\"name\":\"Povert\u00e0 degli anziani in Svizzera: \\\"Chi \u00e8 povero spesso lotta con la vergogna\\\". | DeinAdieu.ch\",\"isPartOf\":{\"@id\":\"https:\\\/\\\/www.deinadieu.ch\\\/it\\\/#website\"},\"primaryImageOfPage\":{\"@id\":\"https:\\\/\\\/www.deinadieu.ch\\\/it\\\/poverta-degli-anziani-in-svizzera-chi-e-povero-spesso-lotta-con-la-vergogna\\\/#primaryimage\"},\"image\":{\"@id\":\"https:\\\/\\\/www.deinadieu.ch\\\/it\\\/poverta-degli-anziani-in-svizzera-chi-e-povero-spesso-lotta-con-la-vergogna\\\/#primaryimage\"},\"thumbnailUrl\":\"https:\\\/\\\/www.deinadieu.ch\\\/wp-content\\\/uploads\\\/2024\\\/04\\\/1_Front_Aufmacher-scaled.jpg\",\"datePublished\":\"2024-05-14T05:30:00+00:00\",\"dateModified\":\"2024-07-10T14:22:32+00:00\",\"description\":\"Scopri chi \u00e8 colpito dalla povert\u00e0 degli anziani in Svizzera e come Remar la combatte.\",\"breadcrumb\":{\"@id\":\"https:\\\/\\\/www.deinadieu.ch\\\/it\\\/poverta-degli-anziani-in-svizzera-chi-e-povero-spesso-lotta-con-la-vergogna\\\/#breadcrumb\"},\"inLanguage\":\"it-IT\",\"potentialAction\":[{\"@type\":\"ReadAction\",\"target\":[\"https:\\\/\\\/www.deinadieu.ch\\\/it\\\/poverta-degli-anziani-in-svizzera-chi-e-povero-spesso-lotta-con-la-vergogna\\\/\"]}]},{\"@type\":\"ImageObject\",\"inLanguage\":\"it-IT\",\"@id\":\"https:\\\/\\\/www.deinadieu.ch\\\/it\\\/poverta-degli-anziani-in-svizzera-chi-e-povero-spesso-lotta-con-la-vergogna\\\/#primaryimage\",\"url\":\"https:\\\/\\\/www.deinadieu.ch\\\/wp-content\\\/uploads\\\/2024\\\/04\\\/1_Front_Aufmacher-scaled.jpg\",\"contentUrl\":\"https:\\\/\\\/www.deinadieu.ch\\\/wp-content\\\/uploads\\\/2024\\\/04\\\/1_Front_Aufmacher-scaled.jpg\",\"width\":2560,\"height\":1707,\"caption\":\"Remar consegna ogni settimana cibo alle persone che vivono in condizioni di povert\u00e0. (Foto: Djamila Grossman)\"},{\"@type\":\"BreadcrumbList\",\"@id\":\"https:\\\/\\\/www.deinadieu.ch\\\/it\\\/poverta-degli-anziani-in-svizzera-chi-e-povero-spesso-lotta-con-la-vergogna\\\/#breadcrumb\",\"itemListElement\":[{\"@type\":\"ListItem\",\"position\":1,\"name\":\"Home\",\"item\":\"https:\\\/\\\/www.deinadieu.ch\\\/it\\\/deinadieu-dialog-und-serviceportal-zum-lebensende\\\/\"},{\"@type\":\"ListItem\",\"position\":2,\"name\":\"Povert\u00e0 degli anziani in Svizzera: &#8220;Chi \u00e8 povero spesso lotta con la vergogna&#8221;.\"}]},{\"@type\":\"WebSite\",\"@id\":\"https:\\\/\\\/www.deinadieu.ch\\\/it\\\/#website\",\"url\":\"https:\\\/\\\/www.deinadieu.ch\\\/it\\\/\",\"name\":\"DeinAdieu.ch\",\"description\":\"Testament, Patientenverf\u00fcgung und Vorsorgeauftrag\",\"publisher\":{\"@id\":\"https:\\\/\\\/www.deinadieu.ch\\\/it\\\/#organization\"},\"potentialAction\":[{\"@type\":\"SearchAction\",\"target\":{\"@type\":\"EntryPoint\",\"urlTemplate\":\"https:\\\/\\\/www.deinadieu.ch\\\/it\\\/?s={search_term_string}\"},\"query-input\":{\"@type\":\"PropertyValueSpecification\",\"valueRequired\":true,\"valueName\":\"search_term_string\"}}],\"inLanguage\":\"it-IT\"},{\"@type\":\"Organization\",\"@id\":\"https:\\\/\\\/www.deinadieu.ch\\\/it\\\/#organization\",\"name\":\"EMNA Web GmbH\",\"url\":\"https:\\\/\\\/www.deinadieu.ch\\\/it\\\/\",\"logo\":{\"@type\":\"ImageObject\",\"inLanguage\":\"it-IT\",\"@id\":\"https:\\\/\\\/www.deinadieu.ch\\\/it\\\/#\\\/schema\\\/logo\\\/image\\\/\",\"url\":\"https:\\\/\\\/www.deinadieu.ch\\\/wp-content\\\/uploads\\\/2016\\\/01\\\/DeinAdieu_Logo.png\",\"contentUrl\":\"https:\\\/\\\/www.deinadieu.ch\\\/wp-content\\\/uploads\\\/2016\\\/01\\\/DeinAdieu_Logo.png\",\"width\":300,\"height\":117,\"caption\":\"EMNA Web GmbH\"},\"image\":{\"@id\":\"https:\\\/\\\/www.deinadieu.ch\\\/it\\\/#\\\/schema\\\/logo\\\/image\\\/\"},\"sameAs\":[\"https:\\\/\\\/www.facebook.com\\\/deinadieu\",\"https:\\\/\\\/x.com\\\/DeinAdieu\",\"https:\\\/\\\/www.instagram.com\\\/deinadieu\\\/\",\"https:\\\/\\\/www.linkedin.com\\\/company\\\/deinadieu.ch\"]},{\"@type\":\"Person\",\"@id\":\"https:\\\/\\\/www.deinadieu.ch\\\/it\\\/#\\\/schema\\\/person\\\/ad724a53f7e50dd3866fc9b0fc6bbdd9\",\"name\":\"Sabrina Rohner\",\"image\":{\"@type\":\"ImageObject\",\"inLanguage\":\"it-IT\",\"@id\":\"https:\\\/\\\/secure.gravatar.com\\\/avatar\\\/c72cef3c7bba2e19d98358a63ff805dbe088a70fb947d10024d669ded777102d?s=96&d=mm&r=g\",\"url\":\"https:\\\/\\\/secure.gravatar.com\\\/avatar\\\/c72cef3c7bba2e19d98358a63ff805dbe088a70fb947d10024d669ded777102d?s=96&d=mm&r=g\",\"contentUrl\":\"https:\\\/\\\/secure.gravatar.com\\\/avatar\\\/c72cef3c7bba2e19d98358a63ff805dbe088a70fb947d10024d669ded777102d?s=96&d=mm&r=g\",\"caption\":\"Sabrina Rohner\"},\"url\":\"https:\\\/\\\/www.deinadieu.ch\\\/it\\\/author\\\/sabrina-rohnergmail-com\\\/\"}]}<\/script>","yoast_head_json":{"title":"Povert\u00e0 degli anziani in Svizzera: \"Chi \u00e8 povero spesso lotta con la vergogna\". | DeinAdieu.ch","description":"Scopri chi \u00e8 colpito dalla povert\u00e0 degli anziani in Svizzera e come Remar la combatte.","robots":{"index":"index","follow":"follow","max-snippet":"max-snippet:-1","max-image-preview":"max-image-preview:large","max-video-preview":"max-video-preview:-1"},"canonical":"https:\/\/www.deinadieu.ch\/it\/poverta-degli-anziani-in-svizzera-chi-e-povero-spesso-lotta-con-la-vergogna\/","og_locale":"it_IT","og_type":"article","og_title":"Povert\u00e0 degli anziani in Svizzera: \"Chi \u00e8 povero spesso lotta con la vergogna\".","og_description":"Nascosta e dimenticata: La povert\u00e0 in Svizzera. Gli anziani di 65 anni e oltre, in particolare, sono sempre pi\u00f9 carenti di denaro per coprire le loro","og_url":"https:\/\/www.deinadieu.ch\/it\/poverta-degli-anziani-in-svizzera-chi-e-povero-spesso-lotta-con-la-vergogna\/","og_site_name":"DeinAdieu.ch","article_publisher":"https:\/\/www.facebook.com\/deinadieu","article_published_time":"2024-05-14T05:30:00+00:00","article_modified_time":"2024-07-10T14:22:32+00:00","og_image":[{"width":2560,"height":1707,"url":"https:\/\/static.deinadieu.ch\/uploads\/2024\/04\/1_Front_Aufmacher-scaled.jpg","type":"image\/jpeg"}],"author":"Sabrina Rohner","twitter_card":"summary_large_image","twitter_creator":"@DeinAdieu","twitter_site":"@DeinAdieu","twitter_misc":{"Written by":"Sabrina Rohner","Est. reading time":"6 minutes"},"schema":{"@context":"https:\/\/schema.org","@graph":[{"@type":"Article","@id":"https:\/\/www.deinadieu.ch\/it\/poverta-degli-anziani-in-svizzera-chi-e-povero-spesso-lotta-con-la-vergogna\/#article","isPartOf":{"@id":"https:\/\/www.deinadieu.ch\/it\/poverta-degli-anziani-in-svizzera-chi-e-povero-spesso-lotta-con-la-vergogna\/"},"author":{"name":"Sabrina Rohner","@id":"https:\/\/www.deinadieu.ch\/it\/#\/schema\/person\/ad724a53f7e50dd3866fc9b0fc6bbdd9"},"headline":"Povert\u00e0 degli anziani in Svizzera: &#8220;Chi \u00e8 povero spesso lotta con la vergogna&#8221;.","datePublished":"2024-05-14T05:30:00+00:00","dateModified":"2024-07-10T14:22:32+00:00","mainEntityOfPage":{"@id":"https:\/\/www.deinadieu.ch\/it\/poverta-degli-anziani-in-svizzera-chi-e-povero-spesso-lotta-con-la-vergogna\/"},"wordCount":1133,"commentCount":0,"publisher":{"@id":"https:\/\/www.deinadieu.ch\/it\/#organization"},"image":{"@id":"https:\/\/www.deinadieu.ch\/it\/poverta-degli-anziani-in-svizzera-chi-e-povero-spesso-lotta-con-la-vergogna\/#primaryimage"},"thumbnailUrl":"https:\/\/www.deinadieu.ch\/wp-content\/uploads\/2024\/04\/1_Front_Aufmacher-scaled.jpg","keywords":["Cosa pu\u00f2 fare la mia eredit\u00e0?","Donazioni","Organizzazione senza scopo di lucro","Organizzazioni di aiuto","Povert\u00e0 degli anziani","Supporto materiale","Supporto sostenibile","Testamento"],"articleSection":["Focus sulle opere caritative"],"inLanguage":"it-IT","potentialAction":[{"@type":"CommentAction","name":"Comment","target":["https:\/\/www.deinadieu.ch\/it\/poverta-degli-anziani-in-svizzera-chi-e-povero-spesso-lotta-con-la-vergogna\/#respond"]}]},{"@type":"WebPage","@id":"https:\/\/www.deinadieu.ch\/it\/poverta-degli-anziani-in-svizzera-chi-e-povero-spesso-lotta-con-la-vergogna\/","url":"https:\/\/www.deinadieu.ch\/it\/poverta-degli-anziani-in-svizzera-chi-e-povero-spesso-lotta-con-la-vergogna\/","name":"Povert\u00e0 degli anziani in Svizzera: \"Chi \u00e8 povero spesso lotta con la vergogna\". | DeinAdieu.ch","isPartOf":{"@id":"https:\/\/www.deinadieu.ch\/it\/#website"},"primaryImageOfPage":{"@id":"https:\/\/www.deinadieu.ch\/it\/poverta-degli-anziani-in-svizzera-chi-e-povero-spesso-lotta-con-la-vergogna\/#primaryimage"},"image":{"@id":"https:\/\/www.deinadieu.ch\/it\/poverta-degli-anziani-in-svizzera-chi-e-povero-spesso-lotta-con-la-vergogna\/#primaryimage"},"thumbnailUrl":"https:\/\/www.deinadieu.ch\/wp-content\/uploads\/2024\/04\/1_Front_Aufmacher-scaled.jpg","datePublished":"2024-05-14T05:30:00+00:00","dateModified":"2024-07-10T14:22:32+00:00","description":"Scopri chi \u00e8 colpito dalla povert\u00e0 degli anziani in Svizzera e come Remar la combatte.","breadcrumb":{"@id":"https:\/\/www.deinadieu.ch\/it\/poverta-degli-anziani-in-svizzera-chi-e-povero-spesso-lotta-con-la-vergogna\/#breadcrumb"},"inLanguage":"it-IT","potentialAction":[{"@type":"ReadAction","target":["https:\/\/www.deinadieu.ch\/it\/poverta-degli-anziani-in-svizzera-chi-e-povero-spesso-lotta-con-la-vergogna\/"]}]},{"@type":"ImageObject","inLanguage":"it-IT","@id":"https:\/\/www.deinadieu.ch\/it\/poverta-degli-anziani-in-svizzera-chi-e-povero-spesso-lotta-con-la-vergogna\/#primaryimage","url":"https:\/\/www.deinadieu.ch\/wp-content\/uploads\/2024\/04\/1_Front_Aufmacher-scaled.jpg","contentUrl":"https:\/\/www.deinadieu.ch\/wp-content\/uploads\/2024\/04\/1_Front_Aufmacher-scaled.jpg","width":2560,"height":1707,"caption":"Remar consegna ogni settimana cibo alle persone che vivono in condizioni di povert\u00e0. (Foto: Djamila Grossman)"},{"@type":"BreadcrumbList","@id":"https:\/\/www.deinadieu.ch\/it\/poverta-degli-anziani-in-svizzera-chi-e-povero-spesso-lotta-con-la-vergogna\/#breadcrumb","itemListElement":[{"@type":"ListItem","position":1,"name":"Home","item":"https:\/\/www.deinadieu.ch\/it\/deinadieu-dialog-und-serviceportal-zum-lebensende\/"},{"@type":"ListItem","position":2,"name":"Povert\u00e0 degli anziani in Svizzera: &#8220;Chi \u00e8 povero spesso lotta con la vergogna&#8221;."}]},{"@type":"WebSite","@id":"https:\/\/www.deinadieu.ch\/it\/#website","url":"https:\/\/www.deinadieu.ch\/it\/","name":"DeinAdieu.ch","description":"Testament, Patientenverf\u00fcgung und Vorsorgeauftrag","publisher":{"@id":"https:\/\/www.deinadieu.ch\/it\/#organization"},"potentialAction":[{"@type":"SearchAction","target":{"@type":"EntryPoint","urlTemplate":"https:\/\/www.deinadieu.ch\/it\/?s={search_term_string}"},"query-input":{"@type":"PropertyValueSpecification","valueRequired":true,"valueName":"search_term_string"}}],"inLanguage":"it-IT"},{"@type":"Organization","@id":"https:\/\/www.deinadieu.ch\/it\/#organization","name":"EMNA Web GmbH","url":"https:\/\/www.deinadieu.ch\/it\/","logo":{"@type":"ImageObject","inLanguage":"it-IT","@id":"https:\/\/www.deinadieu.ch\/it\/#\/schema\/logo\/image\/","url":"https:\/\/www.deinadieu.ch\/wp-content\/uploads\/2016\/01\/DeinAdieu_Logo.png","contentUrl":"https:\/\/www.deinadieu.ch\/wp-content\/uploads\/2016\/01\/DeinAdieu_Logo.png","width":300,"height":117,"caption":"EMNA Web GmbH"},"image":{"@id":"https:\/\/www.deinadieu.ch\/it\/#\/schema\/logo\/image\/"},"sameAs":["https:\/\/www.facebook.com\/deinadieu","https:\/\/x.com\/DeinAdieu","https:\/\/www.instagram.com\/deinadieu\/","https:\/\/www.linkedin.com\/company\/deinadieu.ch"]},{"@type":"Person","@id":"https:\/\/www.deinadieu.ch\/it\/#\/schema\/person\/ad724a53f7e50dd3866fc9b0fc6bbdd9","name":"Sabrina Rohner","image":{"@type":"ImageObject","inLanguage":"it-IT","@id":"https:\/\/secure.gravatar.com\/avatar\/c72cef3c7bba2e19d98358a63ff805dbe088a70fb947d10024d669ded777102d?s=96&d=mm&r=g","url":"https:\/\/secure.gravatar.com\/avatar\/c72cef3c7bba2e19d98358a63ff805dbe088a70fb947d10024d669ded777102d?s=96&d=mm&r=g","contentUrl":"https:\/\/secure.gravatar.com\/avatar\/c72cef3c7bba2e19d98358a63ff805dbe088a70fb947d10024d669ded777102d?s=96&d=mm&r=g","caption":"Sabrina Rohner"},"url":"https:\/\/www.deinadieu.ch\/it\/author\/sabrina-rohnergmail-com\/"}]}},"_links":{"self":[{"href":"https:\/\/www.deinadieu.ch\/it\/wp-json\/wp\/v2\/posts\/67827","targetHints":{"allow":["GET"]}}],"collection":[{"href":"https:\/\/www.deinadieu.ch\/it\/wp-json\/wp\/v2\/posts"}],"about":[{"href":"https:\/\/www.deinadieu.ch\/it\/wp-json\/wp\/v2\/types\/post"}],"author":[{"embeddable":true,"href":"https:\/\/www.deinadieu.ch\/it\/wp-json\/wp\/v2\/users\/6038"}],"replies":[{"embeddable":true,"href":"https:\/\/www.deinadieu.ch\/it\/wp-json\/wp\/v2\/comments?post=67827"}],"version-history":[{"count":1,"href":"https:\/\/www.deinadieu.ch\/it\/wp-json\/wp\/v2\/posts\/67827\/revisions"}],"predecessor-version":[{"id":67829,"href":"https:\/\/www.deinadieu.ch\/it\/wp-json\/wp\/v2\/posts\/67827\/revisions\/67829"}],"wp:featuredmedia":[{"embeddable":true,"href":"https:\/\/www.deinadieu.ch\/it\/wp-json\/wp\/v2\/media\/67637"}],"wp:attachment":[{"href":"https:\/\/www.deinadieu.ch\/it\/wp-json\/wp\/v2\/media?parent=67827"}],"wp:term":[{"taxonomy":"category","embeddable":true,"href":"https:\/\/www.deinadieu.ch\/it\/wp-json\/wp\/v2\/categories?post=67827"},{"taxonomy":"post_tag","embeddable":true,"href":"https:\/\/www.deinadieu.ch\/it\/wp-json\/wp\/v2\/tags?post=67827"}],"curies":[{"name":"wp","href":"https:\/\/api.w.org\/{rel}","templated":true}]}}