{"id":67176,"date":"2024-02-27T07:32:00","date_gmt":"2024-02-27T06:32:00","guid":{"rendered":"https:\/\/www.deinadieu.ch\/il-mio-lavoro-da-un-contributo-significativo-alle-persone-in-africa-questo-mi-motiva\/"},"modified":"2024-07-10T16:29:02","modified_gmt":"2024-07-10T14:29:02","slug":"il-mio-lavoro-da-un-contributo-significativo-alle-persone-in-africa-questo-mi-motiva","status":"publish","type":"post","link":"https:\/\/www.deinadieu.ch\/it\/il-mio-lavoro-da-un-contributo-significativo-alle-persone-in-africa-questo-mi-motiva\/","title":{"rendered":"&#8220;Il mio lavoro d\u00e0 un contributo significativo alle persone in Africa: questo mi motiva&#8221;."},"content":{"rendered":"\n<p>La fondazione zsge di Zurigo sostiene le persone con una biografia difficile in modo che possano affrontare meglio la loro vita quotidiana. Dall&#8217;estate del 2023, l&#8217;officina della fondazione Werkraum4 collabora con Velafrica, una societ\u00e0 della Fondazione Sinnovativ, per dare una seconda vita in Africa alle biciclette usate provenienti dalla Svizzera. Roger Huber \u00e8 uno dei dipendenti di Werkraum4 e prepara le biciclette riciclate che vengono consegnate per essere utilizzate in Africa. Il 67enne sta svolgendo i servizi sociali per pagare una multa. <\/p>\n\n<!--more-->\n\n<p>Dal lavoro quotidiano di Roger Huber, Werkraum4 di Zurigo<\/p>\n\n<p>&#8220;Lavoro al Werkraum4 dal giugno 2023. Come punto di raccolta ufficiale di <a href=\"https:\/\/velafrica.ch\/\" target=\"_blank\" rel=\"noreferrer noopener\">Velafrica<\/a>, accettiamo biciclette usate e organizziamo campagne di raccolta. Sono responsabile dello smontaggio delle biciclette restituite nelle loro singole parti. Durante lo smantellamento, separiamo i materiali come il ferro leggero e l&#8217;alluminio e tutto ci\u00f2 che \u00e8 adatto viene riciclato. In collaborazione con Velafrica, prepariamo le singole parti delle biciclette per il loro viaggio verso l&#8217;Africa. I pezzi di ricambio, come i pedali, vengono venduti l\u00ec o assemblati in una nuova bicicletta.<\/p>\n\n<figure class=\"wp-block-image size-large\"><img loading=\"lazy\" decoding=\"async\" width=\"1024\" height=\"683\" src=\"https:\/\/www.deinadieu.ch\/wp-content\/uploads\/2024\/02\/Foto-2_Veloraum-1024x683.jpg\" alt=\"Werkraum4 biciclette usate\" class=\"wp-image-66769\" srcset=\"https:\/\/www.deinadieu.ch\/wp-content\/uploads\/2024\/02\/Foto-2_Veloraum-1024x683.jpg 1024w, https:\/\/www.deinadieu.ch\/wp-content\/uploads\/2024\/02\/Foto-2_Veloraum-300x200.jpg 300w, https:\/\/www.deinadieu.ch\/wp-content\/uploads\/2024\/02\/Foto-2_Veloraum-1536x1024.jpg 1536w, https:\/\/www.deinadieu.ch\/wp-content\/uploads\/2024\/02\/Foto-2_Veloraum-2048x1365.jpg 2048w\" sizes=\"auto, (max-width: 1024px) 100vw, 1024px\" \/><figcaption class=\"wp-element-caption\">Werkraum4 collabora con l&#8217;azienda Velafrica e accetta biciclette usate.<\/figcaption><\/figure>\n\n<h2 class=\"wp-block-heading\" id=\"h-leichte-und-stabile-fahrrader-fur-afrika\">Biciclette leggere e stabili per l&#8217;Africa<\/h2>\n\n<p>Il direttore operativo di Werkraum4 \u00e8 sempre in contatto con la sede centrale di Velafrica a Berna, dove i dipendenti sono a loro volta in contatto con la sede centrale in Africa. Riceve informazioni dalle varie sedi nei sette Paesi africani su chi ha bisogno di singoli pezzi e biciclette. Velafrica forma persone in Africa a diventare meccanici di biciclette in modo che possano personalizzarle in base alle loro esigenze. Le biciclette devono essere particolarmente stabili per il trasporto di bagagli, di acqua e di persone membri della famiglia. Robusto, ma lostesso leggero: la tendenza \u00e8 quella di biciclette e singole parti come i telai in alluminio, in quanto questo materiale \u00e8 molto pi\u00f9 leggero dell&#8217;acciaio.<\/p>\n\n<h2 class=\"wp-block-heading\" id=\"h-erstausbildung-als-metallbauschlosser\">Formazione iniziale come metalmeccanico<\/h2>\n\n<p>Ho studiato come metalmeccanico, ma poi ho lavorato come project manager nel settore informatico per 40 anni. La mia prima formazione professionale \u00e8 utile in questo caso, perch\u00e9 la manualit\u00e0 \u00e8 importante per il mio lavoro. Credo di aver ereditato il mio talento dai miei genitori: mia madre \u00e8 stata la prima donna a lavorare come saldatrice in un&#8217;azienda in Svizzera. Mio padre lavorava come meccanico di macchine. Mi piace il mio lavoro, \u00e8 facile per me e finora sono riuscito a risolvere ogni problema! Anche se a volte ho bisogno di strumenti speciali. Imparo sempre, perch\u00e9 ogni bicicletta \u00e8 una nuova sfida.<\/p>\n\n<figure class=\"wp-block-image size-large\"><img loading=\"lazy\" decoding=\"async\" width=\"1024\" height=\"683\" src=\"https:\/\/www.deinadieu.ch\/wp-content\/uploads\/2024\/02\/Foto-5_Detail-Velo-1024x683.jpg\" alt=\"Smontaggio dei pedali\" class=\"wp-image-66783\" srcset=\"https:\/\/www.deinadieu.ch\/wp-content\/uploads\/2024\/02\/Foto-5_Detail-Velo-1024x683.jpg 1024w, https:\/\/www.deinadieu.ch\/wp-content\/uploads\/2024\/02\/Foto-5_Detail-Velo-300x200.jpg 300w, https:\/\/www.deinadieu.ch\/wp-content\/uploads\/2024\/02\/Foto-5_Detail-Velo-1536x1024.jpg 1536w, https:\/\/www.deinadieu.ch\/wp-content\/uploads\/2024\/02\/Foto-5_Detail-Velo-2048x1365.jpg 2048w\" sizes=\"auto, (max-width: 1024px) 100vw, 1024px\" \/><figcaption class=\"wp-element-caption\">Lo smontaggio di una bicicletta richiede una certa manualit\u00e0.<\/figcaption><\/figure>\n\n<h2 class=\"wp-block-heading\" id=\"h-perspektiven-schenken-motiviert\">Dare prospettive motiva<\/h2>\n\n<p>Quando ho iniziato a lavorare in Werkraum4, ho iniziato a smontare apparecchi elettrici come stampanti e schermi. Dopo una sola settimana mi \u00e8 stato offerto un lavoro nel reparto biciclette. Volevo davvero farlo, anche per gli aiuti all&#8217;Africa. Trovo che il lavoro sia significativo perch\u00e9 formiamo le persone in loco e non ci limitiamo a inviare loro dei soldi. Velafrica investe in infrastrutture nei Paesi africani affinch\u00e9 la popolazione locale possa guadagnarsi da vivere. Conosco bene l&#8217;Africa, ho viaggiato molto nel continente in passato. Forse questo legame personale \u00e8 un altro motivo per cui ho il desiderio di sostenere le persone in Africa con il mio lavoro e dare loro una prospettiva.<\/p>\n\n<h2 class=\"wp-block-heading\" id=\"h-feierabendritual-und-klare-strukturen\">Rituale post-lavorativo e strutture chiare<\/h2>\n\n<p>Il nostro team &#8220;Vel\u00f6ler&#8221;, composto da sette persone, lavora bene insieme, ma non \u00e8 sempre facile. Ci aiutiamo a vicenda il pi\u00f9 possibile e sembra di essere in un gruppo. Molte cose sono uguali alla &#8220;normale&#8221; vita lavorativa di tutti i giorni: dobbiamo raggiungere gli obiettivi e coltivare la volont\u00e0 di aiutarci all&#8217;interno del team. La routine quotidiana \u00e8 chiaramente strutturata: la giornata lavorativa inizia alle 8.30, come prima cosa riceviamo i nostri compiti durante la riunione di squadra. Poi passo la giornata in officina, dove smonto le moto. Poco prima della fine della giornata, puliamo il posto di lavoro e guardiamo il nostro lavoro insieme al team per vedere cosa abbiamo smontato e quali singole parti possiamo riutilizzare per l&#8217;Africa. La giornata termina alle 16.30. Dopo il lavoro sono stanco e dormo bene. Lavorare come artigiano \u00e8 soddisfacente perch\u00e9 la sera posso vedere i risultati del mio lavoro. Come un muratore che costruisce una casa. Questo mi motiva&#8221;.<\/p>\n\n<figure class=\"wp-block-image size-large\"><img loading=\"lazy\" decoding=\"async\" width=\"1024\" height=\"683\" src=\"https:\/\/www.deinadieu.ch\/wp-content\/uploads\/2024\/02\/Foto-6_Teamwork-1024x683.jpg\" alt=\"Lavoro di squadra\" class=\"wp-image-66778\" srcset=\"https:\/\/www.deinadieu.ch\/wp-content\/uploads\/2024\/02\/Foto-6_Teamwork-1024x683.jpg 1024w, https:\/\/www.deinadieu.ch\/wp-content\/uploads\/2024\/02\/Foto-6_Teamwork-300x200.jpg 300w, https:\/\/www.deinadieu.ch\/wp-content\/uploads\/2024\/02\/Foto-6_Teamwork-1536x1024.jpg 1536w, https:\/\/www.deinadieu.ch\/wp-content\/uploads\/2024\/02\/Foto-6_Teamwork-2048x1365.jpg 2048w\" sizes=\"auto, (max-width: 1024px) 100vw, 1024px\" \/><figcaption class=\"wp-element-caption\">Attualmente sette persone lavorano nel Werkraum4 come parte del team &#8220;Vel\u00f6ler&#8221;.<\/figcaption><\/figure>\n\n<h2 class=\"wp-block-heading\">Werkraum4: facilitare il ritorno alla vita quotidiana<\/h2>\n\n<p>Al <a href=\"https:\/\/werkraum4.ch\/\" target=\"_blank\" rel=\"noreferrer noopener\">Werkraum4<\/a> le persone hanno una struttura di lavoro regolare. Werkraum4 offre anche il servizio civile: Invece di scontare pene brevi in carcere, le persone colpite possono guadagnarsi la pena lavorando nel Werkraum4. Chiunque non sia in grado di pagare la multa per motivi economici ha la possibilit\u00e0 di pagarla sotto forma di servizi sociali.<\/p>\n\n<p>Werkraum4 collabora con <a href=\"https:\/\/velafrica.ch\/\" target=\"_blank\" rel=\"noreferrer noopener\">Velafrica<\/a> dall&#8217;estate 2023. L&#8217;organizzazione, con sede a Liebefeld vicino a Berna, fa del bene con le biciclette da trent&#8217;anni e porta le biciclette non pi\u00f9 utilizzate in Svizzera in sette Paesi africani per sostenere la mobilit\u00e0 a risparmio di risorse. Le biciclette possono essere donate a Werkraum4, dove vengono revisionate e preparate per il viaggio in Africa.<\/p>\n\n<h2 class=\"wp-block-heading\">Donazioni e lasciti sono fondamentali per la Fondazione zsge<\/h2>\n\n<p>Le donazioni e i lasciti rappresentano circa il dieci per cento e costituiscono un&#8217;importante fonte di reddito per la Fondazione zsge. Inoltre, effettua donazioni in prima persona e sostiene le persone bisognose che ne fanno richiesta perch\u00e9 in difficolt\u00e0 economiche. Il denaro viene utilizzato, ad esempio, per la formazione continua o l&#8217;esame di guida per poter lavorare come tassista o venditore. Le donazioni vengono utilizzate anche per ampliare i canali di vendita o per fornire ulteriori alloggi. <\/p>\n\n        <div class=\"da-servicebox relative bg-gray-200 p-4 pt-8 border-solid border-t-8 border-da-dark mb-6\">\n            <i class=\"fas fa-info-circle mx-auto fa-7x text-da-dark\"><\/i>\n            <span style=\"hyphens: auto\">\n                <\/p>\n<h3>Impiegare \u2013 vivere \u2013 consigliare: Questo \u00e8 ci\u00f2 che fa la Fondazione zsge<\/h3>\n<p>La <a href=\"https:\/\/deinadieu.ch\/it\/organizzazioni-caritatevoli\/stiftung-zsge\/\">fondazione zsge<\/a>, con sede a Zurigo, sostiene persone con biografie difficili che hanno preso decisioni non positive nella loro vita. Si tratta di persone che devono scontare una multa, che sono state rilasciate dal carcere, che sono sotto stress psicologico o che hanno una dipendenza. La fondazione gestisce diverse strutture per aiutare le persone colpite a ritrovare una vita ordinata e autodeterminata: la struttura residenziale <a href=\"https:\/\/waffenplatz45.ch\/\" target=\"_blank\" rel=\"noopener\">Waffenplatz45<\/a>, l\u2019officina <a href=\"https:\/\/werkraum4.ch\/\/\" target=\"_blank\" rel=\"noopener\">Werkraum4<\/a>, la Bu\u00dfenanlaufstelle \u2013 un centro di consulenza gratuito per multe e sanzioni \u2013 e i due marchi di vendita <a href=\"https:\/\/recyclingart.ch\/\" target=\"_blank\" rel=\"noopener\">recyclingArt<\/a> e <a href=\"https:\/\/lerski.ch\/\" target=\"_blank\" rel=\"noopener\">Lerski<\/a>.<\/p>\n<p>\n                \n                \n            <\/span>\n        <\/div>\n        \n\n<div style=\"height:40px\" aria-hidden=\"true\" class=\"wp-block-spacer\"><\/div>\n\n<div class=\"wp-block-buttons is-layout-flex wp-block-buttons-is-layout-flex\">\n<div class=\"wp-block-button\"><a class=\"wp-block-button__link wp-element-button\" href=\"https:\/\/app.deinadieu.ch\/da\/testament\/7585\">Favorire la Fondazione Zsge nel proprio testamento<\/a><\/div>\n<\/div>\n\n<p>Leggi l&#8217;<a href=\"https:\/\/www.deinadieu.ch\/wieder-tritt-fassen-im-leben\/\">intervista con l&#8217;amministratore delegato di zsge Edgar Rutishauser<\/a>.<\/p>\n","protected":false},"excerpt":{"rendered":"<p>La fondazione zsge di Zurigo sostiene le persone con una biografia difficile in modo che possano affrontare meglio la loro vita quotidiana. Dall&#8217;estate del 2023, l&#8217;officina della fondazione Werkraum4 collabora con Velafrica, una societ\u00e0 della Fondazione Sinnovativ, per dare una seconda vita in Africa alle biciclette usate provenienti dalla Svizzera. Roger Huber \u00e8 uno dei [&hellip;]<\/p>\n","protected":false},"author":6038,"featured_media":66767,"comment_status":"open","ping_status":"closed","sticky":false,"template":"","format":"standard","meta":{"_acf_changed":false,"footnotes":""},"categories":[2474],"tags":[2522,3624,3625,3160],"class_list":["post-67176","post","type-post","status-publish","format-standard","has-post-thumbnail","hentry","category-opere-caritative","tag-cosa-puo-fare-la-mia-eredita","tag-lazienda","tag-la-bicicletta","tag-organizzazioni-di-aiuto"],"acf":[],"yoast_head":"<title>&quot;Il mio lavoro d\u00e0 un contributo significativo alle persone in Africa: questo mi motiva&quot;. | DeinAdieu.ch<\/title>\n<meta name=\"description\" content=\"Unser Blog portr\u00e4tiert Professionals, Betroffene und Angeh\u00f6rige rund um die Themen Selbstbestimmung, dritter Lebensabschnitt, Vorsorge und Testamentspende zugunsten eines Hilfswerks.\" \/>\n<meta name=\"robots\" content=\"index, follow, max-snippet:-1, max-image-preview:large, max-video-preview:-1\" \/>\n<link rel=\"canonical\" href=\"https:\/\/www.deinadieu.ch\/it\/il-mio-lavoro-da-un-contributo-significativo-alle-persone-in-africa-questo-mi-motiva\/\" \/>\n<meta property=\"og:locale\" content=\"it_IT\" \/>\n<meta property=\"og:type\" content=\"article\" \/>\n<meta property=\"og:title\" content=\"&quot;Il mio lavoro d\u00e0 un contributo significativo alle persone in Africa: questo mi motiva&quot;.\" \/>\n<meta property=\"og:description\" content=\"La fondazione zsge di Zurigo sostiene le persone con una biografia difficile in modo che possano affrontare meglio la loro vita quotidiana. Dall&#039;estate\" \/>\n<meta property=\"og:url\" content=\"https:\/\/www.deinadieu.ch\/it\/il-mio-lavoro-da-un-contributo-significativo-alle-persone-in-africa-questo-mi-motiva\/\" \/>\n<meta property=\"og:site_name\" content=\"DeinAdieu.ch\" \/>\n<meta property=\"article:publisher\" content=\"https:\/\/www.facebook.com\/deinadieu\" \/>\n<meta property=\"article:published_time\" content=\"2024-02-27T06:32:00+00:00\" \/>\n<meta property=\"article:modified_time\" content=\"2024-07-10T14:29:02+00:00\" \/>\n<meta property=\"og:image\" content=\"https:\/\/static.deinadieu.ch\/uploads\/2024\/02\/Foto-1_Header-scaled.jpg\" \/>\n\t<meta property=\"og:image:width\" content=\"2560\" \/>\n\t<meta property=\"og:image:height\" content=\"1707\" \/>\n\t<meta property=\"og:image:type\" content=\"image\/jpeg\" \/>\n<meta name=\"author\" content=\"Sabrina Rohner\" \/>\n<meta name=\"twitter:card\" content=\"summary_large_image\" \/>\n<meta name=\"twitter:creator\" content=\"@DeinAdieu\" \/>\n<meta name=\"twitter:site\" content=\"@DeinAdieu\" \/>\n<meta name=\"twitter:label1\" content=\"Written by\" \/>\n\t<meta name=\"twitter:data1\" content=\"Sabrina Rohner\" \/>\n\t<meta name=\"twitter:label2\" content=\"Est. reading time\" \/>\n\t<meta name=\"twitter:data2\" content=\"5 minutes\" \/>\n<script type=\"application\/ld+json\" class=\"yoast-schema-graph\">{\"@context\":\"https:\\\/\\\/schema.org\",\"@graph\":[{\"@type\":\"Article\",\"@id\":\"https:\\\/\\\/www.deinadieu.ch\\\/it\\\/il-mio-lavoro-da-un-contributo-significativo-alle-persone-in-africa-questo-mi-motiva\\\/#article\",\"isPartOf\":{\"@id\":\"https:\\\/\\\/www.deinadieu.ch\\\/it\\\/il-mio-lavoro-da-un-contributo-significativo-alle-persone-in-africa-questo-mi-motiva\\\/\"},\"author\":{\"name\":\"Sabrina Rohner\",\"@id\":\"https:\\\/\\\/www.deinadieu.ch\\\/it\\\/#\\\/schema\\\/person\\\/ad724a53f7e50dd3866fc9b0fc6bbdd9\"},\"headline\":\"&#8220;Il mio lavoro d\u00e0 un contributo significativo alle persone in Africa: questo mi motiva&#8221;.\",\"datePublished\":\"2024-02-27T06:32:00+00:00\",\"dateModified\":\"2024-07-10T14:29:02+00:00\",\"mainEntityOfPage\":{\"@id\":\"https:\\\/\\\/www.deinadieu.ch\\\/it\\\/il-mio-lavoro-da-un-contributo-significativo-alle-persone-in-africa-questo-mi-motiva\\\/\"},\"wordCount\":1053,\"commentCount\":0,\"publisher\":{\"@id\":\"https:\\\/\\\/www.deinadieu.ch\\\/it\\\/#organization\"},\"image\":{\"@id\":\"https:\\\/\\\/www.deinadieu.ch\\\/it\\\/il-mio-lavoro-da-un-contributo-significativo-alle-persone-in-africa-questo-mi-motiva\\\/#primaryimage\"},\"thumbnailUrl\":\"https:\\\/\\\/www.deinadieu.ch\\\/wp-content\\\/uploads\\\/2024\\\/02\\\/Foto-1_Header-scaled.jpg\",\"keywords\":[\"Cosa pu\u00f2 fare la mia eredit\u00e0?\",\"L'azienda\",\"La bicicletta\",\"Organizzazioni di aiuto\"],\"articleSection\":[\"Focus sulle opere caritative\"],\"inLanguage\":\"it-IT\",\"potentialAction\":[{\"@type\":\"CommentAction\",\"name\":\"Comment\",\"target\":[\"https:\\\/\\\/www.deinadieu.ch\\\/it\\\/il-mio-lavoro-da-un-contributo-significativo-alle-persone-in-africa-questo-mi-motiva\\\/#respond\"]}]},{\"@type\":\"WebPage\",\"@id\":\"https:\\\/\\\/www.deinadieu.ch\\\/it\\\/il-mio-lavoro-da-un-contributo-significativo-alle-persone-in-africa-questo-mi-motiva\\\/\",\"url\":\"https:\\\/\\\/www.deinadieu.ch\\\/it\\\/il-mio-lavoro-da-un-contributo-significativo-alle-persone-in-africa-questo-mi-motiva\\\/\",\"name\":\"\\\"Il mio lavoro d\u00e0 un contributo significativo alle persone in Africa: questo mi motiva\\\". | DeinAdieu.ch\",\"isPartOf\":{\"@id\":\"https:\\\/\\\/www.deinadieu.ch\\\/it\\\/#website\"},\"primaryImageOfPage\":{\"@id\":\"https:\\\/\\\/www.deinadieu.ch\\\/it\\\/il-mio-lavoro-da-un-contributo-significativo-alle-persone-in-africa-questo-mi-motiva\\\/#primaryimage\"},\"image\":{\"@id\":\"https:\\\/\\\/www.deinadieu.ch\\\/it\\\/il-mio-lavoro-da-un-contributo-significativo-alle-persone-in-africa-questo-mi-motiva\\\/#primaryimage\"},\"thumbnailUrl\":\"https:\\\/\\\/www.deinadieu.ch\\\/wp-content\\\/uploads\\\/2024\\\/02\\\/Foto-1_Header-scaled.jpg\",\"datePublished\":\"2024-02-27T06:32:00+00:00\",\"dateModified\":\"2024-07-10T14:29:02+00:00\",\"description\":\"Unser Blog portr\u00e4tiert Professionals, Betroffene und Angeh\u00f6rige rund um die Themen Selbstbestimmung, dritter Lebensabschnitt, Vorsorge und Testamentspende zugunsten eines Hilfswerks.\",\"breadcrumb\":{\"@id\":\"https:\\\/\\\/www.deinadieu.ch\\\/it\\\/il-mio-lavoro-da-un-contributo-significativo-alle-persone-in-africa-questo-mi-motiva\\\/#breadcrumb\"},\"inLanguage\":\"it-IT\",\"potentialAction\":[{\"@type\":\"ReadAction\",\"target\":[\"https:\\\/\\\/www.deinadieu.ch\\\/it\\\/il-mio-lavoro-da-un-contributo-significativo-alle-persone-in-africa-questo-mi-motiva\\\/\"]}]},{\"@type\":\"ImageObject\",\"inLanguage\":\"it-IT\",\"@id\":\"https:\\\/\\\/www.deinadieu.ch\\\/it\\\/il-mio-lavoro-da-un-contributo-significativo-alle-persone-in-africa-questo-mi-motiva\\\/#primaryimage\",\"url\":\"https:\\\/\\\/www.deinadieu.ch\\\/wp-content\\\/uploads\\\/2024\\\/02\\\/Foto-1_Header-scaled.jpg\",\"contentUrl\":\"https:\\\/\\\/www.deinadieu.ch\\\/wp-content\\\/uploads\\\/2024\\\/02\\\/Foto-1_Header-scaled.jpg\",\"width\":2560,\"height\":1707,\"caption\":\"Roger Huber \u00e8 uno dei dipendenti di Werkraum4: prepara le biciclette riciclate per il loro utilizzo in Africa. (Foto: Djamila Grossman)\"},{\"@type\":\"BreadcrumbList\",\"@id\":\"https:\\\/\\\/www.deinadieu.ch\\\/it\\\/il-mio-lavoro-da-un-contributo-significativo-alle-persone-in-africa-questo-mi-motiva\\\/#breadcrumb\",\"itemListElement\":[{\"@type\":\"ListItem\",\"position\":1,\"name\":\"Home\",\"item\":\"https:\\\/\\\/www.deinadieu.ch\\\/it\\\/deinadieu-dialog-und-serviceportal-zum-lebensende\\\/\"},{\"@type\":\"ListItem\",\"position\":2,\"name\":\"&#8220;Il mio lavoro d\u00e0 un contributo significativo alle persone in Africa: questo mi motiva&#8221;.\"}]},{\"@type\":\"WebSite\",\"@id\":\"https:\\\/\\\/www.deinadieu.ch\\\/it\\\/#website\",\"url\":\"https:\\\/\\\/www.deinadieu.ch\\\/it\\\/\",\"name\":\"DeinAdieu.ch\",\"description\":\"Testament, Patientenverf\u00fcgung und Vorsorgeauftrag\",\"publisher\":{\"@id\":\"https:\\\/\\\/www.deinadieu.ch\\\/it\\\/#organization\"},\"potentialAction\":[{\"@type\":\"SearchAction\",\"target\":{\"@type\":\"EntryPoint\",\"urlTemplate\":\"https:\\\/\\\/www.deinadieu.ch\\\/it\\\/?s={search_term_string}\"},\"query-input\":{\"@type\":\"PropertyValueSpecification\",\"valueRequired\":true,\"valueName\":\"search_term_string\"}}],\"inLanguage\":\"it-IT\"},{\"@type\":\"Organization\",\"@id\":\"https:\\\/\\\/www.deinadieu.ch\\\/it\\\/#organization\",\"name\":\"EMNA Web GmbH\",\"url\":\"https:\\\/\\\/www.deinadieu.ch\\\/it\\\/\",\"logo\":{\"@type\":\"ImageObject\",\"inLanguage\":\"it-IT\",\"@id\":\"https:\\\/\\\/www.deinadieu.ch\\\/it\\\/#\\\/schema\\\/logo\\\/image\\\/\",\"url\":\"https:\\\/\\\/www.deinadieu.ch\\\/wp-content\\\/uploads\\\/2016\\\/01\\\/DeinAdieu_Logo.png\",\"contentUrl\":\"https:\\\/\\\/www.deinadieu.ch\\\/wp-content\\\/uploads\\\/2016\\\/01\\\/DeinAdieu_Logo.png\",\"width\":300,\"height\":117,\"caption\":\"EMNA Web GmbH\"},\"image\":{\"@id\":\"https:\\\/\\\/www.deinadieu.ch\\\/it\\\/#\\\/schema\\\/logo\\\/image\\\/\"},\"sameAs\":[\"https:\\\/\\\/www.facebook.com\\\/deinadieu\",\"https:\\\/\\\/x.com\\\/DeinAdieu\",\"https:\\\/\\\/www.instagram.com\\\/deinadieu\\\/\",\"https:\\\/\\\/www.linkedin.com\\\/company\\\/deinadieu.ch\"]},{\"@type\":\"Person\",\"@id\":\"https:\\\/\\\/www.deinadieu.ch\\\/it\\\/#\\\/schema\\\/person\\\/ad724a53f7e50dd3866fc9b0fc6bbdd9\",\"name\":\"Sabrina Rohner\",\"image\":{\"@type\":\"ImageObject\",\"inLanguage\":\"it-IT\",\"@id\":\"https:\\\/\\\/secure.gravatar.com\\\/avatar\\\/c72cef3c7bba2e19d98358a63ff805dbe088a70fb947d10024d669ded777102d?s=96&d=mm&r=g\",\"url\":\"https:\\\/\\\/secure.gravatar.com\\\/avatar\\\/c72cef3c7bba2e19d98358a63ff805dbe088a70fb947d10024d669ded777102d?s=96&d=mm&r=g\",\"contentUrl\":\"https:\\\/\\\/secure.gravatar.com\\\/avatar\\\/c72cef3c7bba2e19d98358a63ff805dbe088a70fb947d10024d669ded777102d?s=96&d=mm&r=g\",\"caption\":\"Sabrina Rohner\"},\"url\":\"https:\\\/\\\/www.deinadieu.ch\\\/it\\\/author\\\/sabrina-rohnergmail-com\\\/\"}]}<\/script>","yoast_head_json":{"title":"\"Il mio lavoro d\u00e0 un contributo significativo alle persone in Africa: questo mi motiva\". | DeinAdieu.ch","description":"Unser Blog portr\u00e4tiert Professionals, Betroffene und Angeh\u00f6rige rund um die Themen Selbstbestimmung, dritter Lebensabschnitt, Vorsorge und Testamentspende zugunsten eines Hilfswerks.","robots":{"index":"index","follow":"follow","max-snippet":"max-snippet:-1","max-image-preview":"max-image-preview:large","max-video-preview":"max-video-preview:-1"},"canonical":"https:\/\/www.deinadieu.ch\/it\/il-mio-lavoro-da-un-contributo-significativo-alle-persone-in-africa-questo-mi-motiva\/","og_locale":"it_IT","og_type":"article","og_title":"\"Il mio lavoro d\u00e0 un contributo significativo alle persone in Africa: questo mi motiva\".","og_description":"La fondazione zsge di Zurigo sostiene le persone con una biografia difficile in modo che possano affrontare meglio la loro vita quotidiana. Dall'estate","og_url":"https:\/\/www.deinadieu.ch\/it\/il-mio-lavoro-da-un-contributo-significativo-alle-persone-in-africa-questo-mi-motiva\/","og_site_name":"DeinAdieu.ch","article_publisher":"https:\/\/www.facebook.com\/deinadieu","article_published_time":"2024-02-27T06:32:00+00:00","article_modified_time":"2024-07-10T14:29:02+00:00","og_image":[{"width":2560,"height":1707,"url":"https:\/\/static.deinadieu.ch\/uploads\/2024\/02\/Foto-1_Header-scaled.jpg","type":"image\/jpeg"}],"author":"Sabrina Rohner","twitter_card":"summary_large_image","twitter_creator":"@DeinAdieu","twitter_site":"@DeinAdieu","twitter_misc":{"Written by":"Sabrina Rohner","Est. reading time":"5 minutes"},"schema":{"@context":"https:\/\/schema.org","@graph":[{"@type":"Article","@id":"https:\/\/www.deinadieu.ch\/it\/il-mio-lavoro-da-un-contributo-significativo-alle-persone-in-africa-questo-mi-motiva\/#article","isPartOf":{"@id":"https:\/\/www.deinadieu.ch\/it\/il-mio-lavoro-da-un-contributo-significativo-alle-persone-in-africa-questo-mi-motiva\/"},"author":{"name":"Sabrina Rohner","@id":"https:\/\/www.deinadieu.ch\/it\/#\/schema\/person\/ad724a53f7e50dd3866fc9b0fc6bbdd9"},"headline":"&#8220;Il mio lavoro d\u00e0 un contributo significativo alle persone in Africa: questo mi motiva&#8221;.","datePublished":"2024-02-27T06:32:00+00:00","dateModified":"2024-07-10T14:29:02+00:00","mainEntityOfPage":{"@id":"https:\/\/www.deinadieu.ch\/it\/il-mio-lavoro-da-un-contributo-significativo-alle-persone-in-africa-questo-mi-motiva\/"},"wordCount":1053,"commentCount":0,"publisher":{"@id":"https:\/\/www.deinadieu.ch\/it\/#organization"},"image":{"@id":"https:\/\/www.deinadieu.ch\/it\/il-mio-lavoro-da-un-contributo-significativo-alle-persone-in-africa-questo-mi-motiva\/#primaryimage"},"thumbnailUrl":"https:\/\/www.deinadieu.ch\/wp-content\/uploads\/2024\/02\/Foto-1_Header-scaled.jpg","keywords":["Cosa pu\u00f2 fare la mia eredit\u00e0?","L'azienda","La bicicletta","Organizzazioni di aiuto"],"articleSection":["Focus sulle opere caritative"],"inLanguage":"it-IT","potentialAction":[{"@type":"CommentAction","name":"Comment","target":["https:\/\/www.deinadieu.ch\/it\/il-mio-lavoro-da-un-contributo-significativo-alle-persone-in-africa-questo-mi-motiva\/#respond"]}]},{"@type":"WebPage","@id":"https:\/\/www.deinadieu.ch\/it\/il-mio-lavoro-da-un-contributo-significativo-alle-persone-in-africa-questo-mi-motiva\/","url":"https:\/\/www.deinadieu.ch\/it\/il-mio-lavoro-da-un-contributo-significativo-alle-persone-in-africa-questo-mi-motiva\/","name":"\"Il mio lavoro d\u00e0 un contributo significativo alle persone in Africa: questo mi motiva\". | DeinAdieu.ch","isPartOf":{"@id":"https:\/\/www.deinadieu.ch\/it\/#website"},"primaryImageOfPage":{"@id":"https:\/\/www.deinadieu.ch\/it\/il-mio-lavoro-da-un-contributo-significativo-alle-persone-in-africa-questo-mi-motiva\/#primaryimage"},"image":{"@id":"https:\/\/www.deinadieu.ch\/it\/il-mio-lavoro-da-un-contributo-significativo-alle-persone-in-africa-questo-mi-motiva\/#primaryimage"},"thumbnailUrl":"https:\/\/www.deinadieu.ch\/wp-content\/uploads\/2024\/02\/Foto-1_Header-scaled.jpg","datePublished":"2024-02-27T06:32:00+00:00","dateModified":"2024-07-10T14:29:02+00:00","description":"Unser Blog portr\u00e4tiert Professionals, Betroffene und Angeh\u00f6rige rund um die Themen Selbstbestimmung, dritter Lebensabschnitt, Vorsorge und Testamentspende zugunsten eines Hilfswerks.","breadcrumb":{"@id":"https:\/\/www.deinadieu.ch\/it\/il-mio-lavoro-da-un-contributo-significativo-alle-persone-in-africa-questo-mi-motiva\/#breadcrumb"},"inLanguage":"it-IT","potentialAction":[{"@type":"ReadAction","target":["https:\/\/www.deinadieu.ch\/it\/il-mio-lavoro-da-un-contributo-significativo-alle-persone-in-africa-questo-mi-motiva\/"]}]},{"@type":"ImageObject","inLanguage":"it-IT","@id":"https:\/\/www.deinadieu.ch\/it\/il-mio-lavoro-da-un-contributo-significativo-alle-persone-in-africa-questo-mi-motiva\/#primaryimage","url":"https:\/\/www.deinadieu.ch\/wp-content\/uploads\/2024\/02\/Foto-1_Header-scaled.jpg","contentUrl":"https:\/\/www.deinadieu.ch\/wp-content\/uploads\/2024\/02\/Foto-1_Header-scaled.jpg","width":2560,"height":1707,"caption":"Roger Huber \u00e8 uno dei dipendenti di Werkraum4: prepara le biciclette riciclate per il loro utilizzo in Africa. (Foto: Djamila Grossman)"},{"@type":"BreadcrumbList","@id":"https:\/\/www.deinadieu.ch\/it\/il-mio-lavoro-da-un-contributo-significativo-alle-persone-in-africa-questo-mi-motiva\/#breadcrumb","itemListElement":[{"@type":"ListItem","position":1,"name":"Home","item":"https:\/\/www.deinadieu.ch\/it\/deinadieu-dialog-und-serviceportal-zum-lebensende\/"},{"@type":"ListItem","position":2,"name":"&#8220;Il mio lavoro d\u00e0 un contributo significativo alle persone in Africa: questo mi motiva&#8221;."}]},{"@type":"WebSite","@id":"https:\/\/www.deinadieu.ch\/it\/#website","url":"https:\/\/www.deinadieu.ch\/it\/","name":"DeinAdieu.ch","description":"Testament, Patientenverf\u00fcgung und Vorsorgeauftrag","publisher":{"@id":"https:\/\/www.deinadieu.ch\/it\/#organization"},"potentialAction":[{"@type":"SearchAction","target":{"@type":"EntryPoint","urlTemplate":"https:\/\/www.deinadieu.ch\/it\/?s={search_term_string}"},"query-input":{"@type":"PropertyValueSpecification","valueRequired":true,"valueName":"search_term_string"}}],"inLanguage":"it-IT"},{"@type":"Organization","@id":"https:\/\/www.deinadieu.ch\/it\/#organization","name":"EMNA Web GmbH","url":"https:\/\/www.deinadieu.ch\/it\/","logo":{"@type":"ImageObject","inLanguage":"it-IT","@id":"https:\/\/www.deinadieu.ch\/it\/#\/schema\/logo\/image\/","url":"https:\/\/www.deinadieu.ch\/wp-content\/uploads\/2016\/01\/DeinAdieu_Logo.png","contentUrl":"https:\/\/www.deinadieu.ch\/wp-content\/uploads\/2016\/01\/DeinAdieu_Logo.png","width":300,"height":117,"caption":"EMNA Web GmbH"},"image":{"@id":"https:\/\/www.deinadieu.ch\/it\/#\/schema\/logo\/image\/"},"sameAs":["https:\/\/www.facebook.com\/deinadieu","https:\/\/x.com\/DeinAdieu","https:\/\/www.instagram.com\/deinadieu\/","https:\/\/www.linkedin.com\/company\/deinadieu.ch"]},{"@type":"Person","@id":"https:\/\/www.deinadieu.ch\/it\/#\/schema\/person\/ad724a53f7e50dd3866fc9b0fc6bbdd9","name":"Sabrina Rohner","image":{"@type":"ImageObject","inLanguage":"it-IT","@id":"https:\/\/secure.gravatar.com\/avatar\/c72cef3c7bba2e19d98358a63ff805dbe088a70fb947d10024d669ded777102d?s=96&d=mm&r=g","url":"https:\/\/secure.gravatar.com\/avatar\/c72cef3c7bba2e19d98358a63ff805dbe088a70fb947d10024d669ded777102d?s=96&d=mm&r=g","contentUrl":"https:\/\/secure.gravatar.com\/avatar\/c72cef3c7bba2e19d98358a63ff805dbe088a70fb947d10024d669ded777102d?s=96&d=mm&r=g","caption":"Sabrina Rohner"},"url":"https:\/\/www.deinadieu.ch\/it\/author\/sabrina-rohnergmail-com\/"}]}},"_links":{"self":[{"href":"https:\/\/www.deinadieu.ch\/it\/wp-json\/wp\/v2\/posts\/67176","targetHints":{"allow":["GET"]}}],"collection":[{"href":"https:\/\/www.deinadieu.ch\/it\/wp-json\/wp\/v2\/posts"}],"about":[{"href":"https:\/\/www.deinadieu.ch\/it\/wp-json\/wp\/v2\/types\/post"}],"author":[{"embeddable":true,"href":"https:\/\/www.deinadieu.ch\/it\/wp-json\/wp\/v2\/users\/6038"}],"replies":[{"embeddable":true,"href":"https:\/\/www.deinadieu.ch\/it\/wp-json\/wp\/v2\/comments?post=67176"}],"version-history":[{"count":8,"href":"https:\/\/www.deinadieu.ch\/it\/wp-json\/wp\/v2\/posts\/67176\/revisions"}],"predecessor-version":[{"id":67532,"href":"https:\/\/www.deinadieu.ch\/it\/wp-json\/wp\/v2\/posts\/67176\/revisions\/67532"}],"wp:featuredmedia":[{"embeddable":true,"href":"https:\/\/www.deinadieu.ch\/it\/wp-json\/wp\/v2\/media\/66767"}],"wp:attachment":[{"href":"https:\/\/www.deinadieu.ch\/it\/wp-json\/wp\/v2\/media?parent=67176"}],"wp:term":[{"taxonomy":"category","embeddable":true,"href":"https:\/\/www.deinadieu.ch\/it\/wp-json\/wp\/v2\/categories?post=67176"},{"taxonomy":"post_tag","embeddable":true,"href":"https:\/\/www.deinadieu.ch\/it\/wp-json\/wp\/v2\/tags?post=67176"}],"curies":[{"name":"wp","href":"https:\/\/api.w.org\/{rel}","templated":true}]}}