{"id":66619,"date":"2024-02-06T07:40:00","date_gmt":"2024-02-06T06:40:00","guid":{"rendered":"https:\/\/www.deinadieu.ch\/?p=66619"},"modified":"2024-04-05T08:27:37","modified_gmt":"2024-04-05T06:27:37","slug":"jaro-e-la-nostra-sicurezza-come-un-cane-rende-di-nuovo-possibile-la-vita-in-famiglia","status":"publish","type":"post","link":"https:\/\/www.deinadieu.ch\/it\/jaro-e-la-nostra-sicurezza-come-un-cane-rende-di-nuovo-possibile-la-vita-in-famiglia\/","title":{"rendered":"&#8220;Jaro \u00e8 la nostra sicurezza&#8221;: come un cane rende di nuovo possibile la vita in famiglia"},"content":{"rendered":"\n<p>Mentre prima il ragazzo iperattivo e autistico si calmava a fatica per ore, ora a volte si addormenta sul pavimento accanto al cane. Grazie al cane da assistenza per l&#8217;autismo Jaro, Tim pu\u00f2 tornare a casa. La Fondazione Simpera li forma.<\/p>\n\n<!--more-->\n\n<p>Quando ha visto la razza del cane per la prima volta, Andrea Keller ha pensato: &#8220;No, non fa per me&#8221;. Jaro, il Bergamasco, \u00e8 uno di quei cani che ricevono i Dreadlocks fino a terra se non vengono pettinati quotidianamente. Uno di quei cani &#8220;in cui non si riesce a capire dov&#8217;\u00e8 la schiena e dov&#8217;\u00e8 il davanti&#8221;. Keller ride. Ricorda il giorno esatto in cui \u00e8 andata a prendere Jaro. \u00c8 successo il 9 giugno dell&#8217;anno scorso, dopo che lei, che studia musica, aveva appena terminato gli esami. All&#8217;epoca il cane aveva 12 settimane. Andrea Keller e suo marito, che non avevano mai tenuto un cane prima, non immaginavano che Jaro non avrebbe significato solo lavoro, ma soprattutto avrebbe portato molto relax nella loro vita familiare. Ora dice che Jaro \u00e8 &#8220;perfetto&#8221; per lei. E non solo perch\u00e9 questa razza di cane perde poco pelo.<\/p>\n\n<p>Tim, il figlio di nove anni di Keller, \u00e8 autistico e iperattivo. \u00c8 arrivato il momento in cui non poteva pi\u00f9 frequentare la scuola tradizionale perch\u00e9 non riusciva a sopportare la pressione. E allo stesso tempo, anche a casa non era pi\u00f9 gestibile. &#8220;Aveva attacchi d&#8217;ansia, era molto aggressivo, a volte non riuscivamo a calmarlo per ore quando scattava&#8221;, racconta Keller, che, come il suo figlio minore, ha spesso riportato lividi a causa delle liti con Tim. &#8220;Non avevamo pi\u00f9 il coraggio di uscire in pubblico con lui. Tim aveva bisogno di assistenza 24 ore su 24, mi alzavo piangendo e non sapevo come avrei fatto a superare la giornata&#8221;. Quando anche i farmaci pi\u00f9 forti non hanno pi\u00f9 aiutato Tim, non hanno avuto altra scelta. Tim \u00e8 stato ricoverato per alcuni mesi e successivamente \u00e8 stato trasferito in un istituto scolastico. Torna in famiglia solo nel fine settimana. &#8220;Non lo volevamo davvero. Pensiamo che il bambino debba stare a casa&#8221;.<\/p>\n\n<p>Rimaneva una speranza. Si trovava presso la <a href=\"https:\/\/www.deinadieu.ch\/it\/organizzazioni-caritatevoli\/\">Fondazione Simpera<\/a>, che si occupa dell&#8217;addestramento di cani da assistenza. All&#8217;inizio, la famiglia visitava la fondazione di tanto in tanto e portava a casa un cane a ore. Il ragazzo, altrimenti molto irrequieto, si \u00e8 poi seduto sul pavimento per un&#8217;ora e ha fatto i conti con l&#8217;animale. &#8220;Ma poich\u00e9 quel cane non amava stare in mezzo alle persone e questo \u00e8 gi\u00e0 un problema di nostro figlio, non era il cane giusto. Volevamo aspettare un cane addestrato&#8221;. A maggio dell&#8217;anno scorso \u00e8 arrivato il momento. La fondazione aveva un cucciolo da addestrare per la famiglia. &#8220;Dovevamo avere qualcuno che accompagnasse Tim&#8221;. <\/p>\n\n<p>Keller mostra una foto. Tim sdraiato sul pavimento, dopo essersi addormentato accanto al cane il primo giorno. &#8220;Eravamo quasi in lacrime&#8221;. <\/p>\n\n<h2 class=\"wp-block-heading\" id=\"h-das-war-ein-wunder-fur-uns\">&#8220;\u00c8 stato un miracolo per noi&#8221;<\/h2>\n\n<figure class=\"wp-block-image size-large\"><img loading=\"lazy\" decoding=\"async\" width=\"1024\" height=\"682\" src=\"https:\/\/www.deinadieu.ch\/wp-content\/uploads\/2024\/01\/simpera_0157-1-1024x682.jpg\" alt=\"\" class=\"wp-image-66382\" srcset=\"https:\/\/www.deinadieu.ch\/wp-content\/uploads\/2024\/01\/simpera_0157-1-1024x682.jpg 1024w, https:\/\/www.deinadieu.ch\/wp-content\/uploads\/2024\/01\/simpera_0157-1-300x200.jpg 300w, https:\/\/www.deinadieu.ch\/wp-content\/uploads\/2024\/01\/simpera_0157-1-1536x1024.jpg 1536w, https:\/\/www.deinadieu.ch\/wp-content\/uploads\/2024\/01\/simpera_0157-1-2048x1365.jpg 2048w\" sizes=\"auto, (max-width: 1024px) 100vw, 1024px\" \/><figcaption class=\"wp-element-caption\">Quando Tim \u00e8 a scuola durante la settimana, \u201ctelefona\u201d ogni giorno al suo cane Jaro tramite FaceTime.<\/figcaption><\/figure>\n\n<p>Improvvisamente, cose prima impensabili erano diventate di nuovo possibili. Un fine settimana nella casa delle vacanze della suocera. Una settimana di vacanza estiva per quattro persone. Una visita a una fiera autunnale. &#8220;\u00c8 stato un miracolo per noi&#8221;, dice Keller. La famiglia deve ancora modificare i propri piani a seconda di come sta il ragazzo. Ma: &#8220;Jaro \u00e8 la nostra sicurezza&#8221;.<\/p>\n\n<p>Una visita dal dentista che era stata rimandata per quattro anni poteva finalmente avere luogo. &#8220;Abbiamo portato Jaro con noi fino all&#8217;ingresso. Era l&#8217;unico modo per far riparare a Tim il buco nel dente&#8221;. Da quando \u00e8 arrivato Jaro, tornare a casa non \u00e8 pi\u00f9 un problema. Il ragazzo e il cane si salutano sulla porta e l&#8217;amico a quattro zampe pu\u00f2 unirsi a loro per una lezione. Keller pu\u00f2 andare di nuovo a un concerto, andare via per un po&#8217;. Grazie all&#8217;animale, Tim rimane concentrato e dimentica che \u00e8 difficile essere soli.<\/p>\n\n<h2 class=\"wp-block-heading\" id=\"h-ich-glaube-tiere-sind-einfacher-zu-lesen\">&#8220;Penso che gli animali siano pi\u00f9 facili da leggere&#8221;<\/h2>\n\n<p>Come lo spiega?<\/p>\n\n<p>Da un lato, il cane percepisce immediatamente i sentimenti di una persona. D&#8217;altra parte, per le persone autistiche le persone sono esseri complicati. &#8220;Penso che gli animali siano pi\u00f9 facili da leggere&#8221;, dice Keller.<\/p>\n\n<p>Se Tim si agita, si siede accanto al cane e lo graffia. Il cane ora viene da solo quando si accorge che Tim sta avendo una crisi. &#8220;Jaro \u00e8 l&#8217;unico che pu\u00f2 farlo uscire da questo stato di disperazione e di rabbia. Jaro \u00e8 neutrale, non parla, \u00e8 semplicemente l\u00ec&#8221;. E a volte si sdraia sul bambino di nove anni per calmarlo con il suo peso. Anche il fratello minore beneficia di Jaro. &#8220;Spesso lo coccola con una mano e con l&#8217;altra fa i compiti&#8221;.<\/p>\n\n<p>Keller vorrebbe che Tim potesse tornare a vivere a casa, possibilmente con la struttura di una scuola diurna. Finch\u00e9 non sar\u00e0 possibile, Tim parla ogni giorno al telefono con la mamma, che si collega al cane tramite FaceTime. E, come un cane guida per non vedenti, viene ancora addestrato dalla Fondazione Simpera. L\u00ec impara a mediare o a intervenire ancora meglio nelle situazioni difficili. <\/p>\n\n<div style=\"height:40px\" aria-hidden=\"true\" class=\"wp-block-spacer\"><\/div>\n\n        <div class=\"da-servicebox relative bg-gray-200 p-4 pt-8 border-solid border-t-8 border-da-dark mb-6\">\n            <i class=\"fas fa-info-circle mx-auto fa-7x text-da-dark\"><\/i>\n            <span style=\"hyphens: auto\">\n                <\/p>\n\n<p>&#8220;Riportiamo alla vita le persone con disabilit\u00e0 o in crisi. Con l&#8217;amore, la fedelt\u00e0 e l&#8217;aiuto che solo un cane addestrato pu\u00f2 dare. I cani possono ottenere risultati straordinari con le persone con esigenze speciali&#8221;. \u00c8 cos\u00ec che Marc Fehlmann descrive il lavoro dell&#8217;associazione <a href=\"https:\/\/www.deinadieu.ch\/it\/organizzazioni-caritatevoli\/\" target=\"_blank\" rel=\"noreferrer noopener\">Fondazione Simpera<\/a>che non solo addestra cani guida e cani da assistenza per non vedenti, ma anche cani da assistenza per l&#8217;autismo. La fondazione Flaach offre anche interventi assistiti dagli animali in case di riposo e di cura, ospedali, centri per disabili e scuole. Gli animali aiutano le persone con limitazioni o disabilit\u00e0 fisiche o mentali a partecipare alla vita sociale in modo autodeterminato e a superare i limiti, afferma Fehlmann, che ha fondato la fondazione.<\/p>\n<p>\n                \n                \n            <\/span>\n        <\/div>\n        \n\n<div style=\"height:40px\" aria-hidden=\"true\" class=\"wp-block-spacer\"><\/div>\n\n<div class=\"wp-block-buttons is-layout-flex wp-block-buttons-is-layout-flex\">\n<div class=\"wp-block-button\"><a class=\"wp-block-button__link wp-element-button\" href=\"https:\/\/app.deinadieu.ch\/da\/testament\/7571\">Favorire la Fondazione Simpera nel proprio testamento<\/a><\/div>\n<\/div>\n","protected":false},"excerpt":{"rendered":"<p>Mentre prima il ragazzo iperattivo e autistico si calmava a fatica per ore, ora a volte si addormenta sul pavimento accanto al cane. Grazie al cane da assistenza per l&#8217;autismo Jaro, Tim pu\u00f2 tornare a casa. La Fondazione Simpera li forma.<\/p>\n","protected":false},"author":6028,"featured_media":66377,"comment_status":"open","ping_status":"closed","sticky":false,"template":"","format":"standard","meta":{"_acf_changed":false,"footnotes":""},"categories":[2474],"tags":[3452,3597,3598,2522,3489,3160],"class_list":["post-66619","post","type-post","status-publish","format-standard","has-post-thumbnail","hentry","category-opere-caritative","tag-animale-domestico","tag-assistenza","tag-cani","tag-cosa-puo-fare-la-mia-eredita","tag-famiglia","tag-organizzazioni-di-aiuto"],"acf":[],"yoast_head":"<title>Ritratto della Fondazione Simpera e del cane da assistenza Jaro | DeinAdieu<\/title>\n<meta name=\"description\" content=\"La Fondazione Simpera addestra cani da assistenza per facilitare la partecipazione delle persone alla vita sociale quotidiana. Conoscete la fondazione, il cane Jaro e la famiglia Keller.\" \/>\n<meta name=\"robots\" content=\"index, follow, max-snippet:-1, max-image-preview:large, max-video-preview:-1\" \/>\n<link rel=\"canonical\" href=\"https:\/\/www.deinadieu.ch\/it\/jaro-e-la-nostra-sicurezza-come-un-cane-rende-di-nuovo-possibile-la-vita-in-famiglia\/\" \/>\n<meta property=\"og:locale\" content=\"it_IT\" \/>\n<meta property=\"og:type\" content=\"article\" \/>\n<meta property=\"og:title\" content=\"&quot;Jaro \u00e8 la nostra sicurezza&quot;: come un cane rende di nuovo possibile la vita in famiglia\" \/>\n<meta property=\"og:description\" content=\"Mentre prima il ragazzo iperattivo e autistico si calmava a fatica per ore, ora a volte si addormenta sul pavimento accanto al cane. Grazie al cane da\" \/>\n<meta property=\"og:url\" content=\"https:\/\/www.deinadieu.ch\/it\/jaro-e-la-nostra-sicurezza-come-un-cane-rende-di-nuovo-possibile-la-vita-in-famiglia\/\" \/>\n<meta property=\"og:site_name\" content=\"DeinAdieu.ch\" \/>\n<meta property=\"article:publisher\" content=\"https:\/\/www.facebook.com\/deinadieu\" \/>\n<meta property=\"article:published_time\" content=\"2024-02-06T06:40:00+00:00\" \/>\n<meta property=\"article:modified_time\" content=\"2024-04-05T06:27:37+00:00\" \/>\n<meta property=\"og:image\" content=\"https:\/\/static.deinadieu.ch\/uploads\/2024\/01\/simpera_0010-2.jpg\" \/>\n\t<meta property=\"og:image:width\" content=\"2500\" \/>\n\t<meta property=\"og:image:height\" content=\"1666\" \/>\n\t<meta property=\"og:image:type\" content=\"image\/jpeg\" \/>\n<meta name=\"author\" content=\"Janina Gehrig, MA UZH, Redaktorin\" \/>\n<meta name=\"twitter:card\" content=\"summary_large_image\" \/>\n<meta name=\"twitter:creator\" content=\"@DeinAdieu\" \/>\n<meta name=\"twitter:site\" content=\"@DeinAdieu\" \/>\n<meta name=\"twitter:label1\" content=\"Written by\" \/>\n\t<meta name=\"twitter:data1\" content=\"Janina Gehrig, MA UZH, Redaktorin\" \/>\n\t<meta name=\"twitter:label2\" content=\"Est. reading time\" \/>\n\t<meta name=\"twitter:data2\" content=\"6 minutes\" \/>\n<script type=\"application\/ld+json\" class=\"yoast-schema-graph\">{\"@context\":\"https:\\\/\\\/schema.org\",\"@graph\":[{\"@type\":\"Article\",\"@id\":\"https:\\\/\\\/www.deinadieu.ch\\\/it\\\/jaro-e-la-nostra-sicurezza-come-un-cane-rende-di-nuovo-possibile-la-vita-in-famiglia\\\/#article\",\"isPartOf\":{\"@id\":\"https:\\\/\\\/www.deinadieu.ch\\\/it\\\/jaro-e-la-nostra-sicurezza-come-un-cane-rende-di-nuovo-possibile-la-vita-in-famiglia\\\/\"},\"author\":{\"name\":\"Janina Gehrig, MA UZH, Redaktorin\",\"@id\":\"https:\\\/\\\/www.deinadieu.ch\\\/it\\\/#\\\/schema\\\/person\\\/78cffe1cb679e17f919e3d0c0e7b9673\"},\"headline\":\"&#8220;Jaro \u00e8 la nostra sicurezza&#8221;: come un cane rende di nuovo possibile la vita in famiglia\",\"datePublished\":\"2024-02-06T06:40:00+00:00\",\"dateModified\":\"2024-04-05T06:27:37+00:00\",\"mainEntityOfPage\":{\"@id\":\"https:\\\/\\\/www.deinadieu.ch\\\/it\\\/jaro-e-la-nostra-sicurezza-come-un-cane-rende-di-nuovo-possibile-la-vita-in-famiglia\\\/\"},\"wordCount\":987,\"commentCount\":0,\"publisher\":{\"@id\":\"https:\\\/\\\/www.deinadieu.ch\\\/it\\\/#organization\"},\"image\":{\"@id\":\"https:\\\/\\\/www.deinadieu.ch\\\/it\\\/jaro-e-la-nostra-sicurezza-come-un-cane-rende-di-nuovo-possibile-la-vita-in-famiglia\\\/#primaryimage\"},\"thumbnailUrl\":\"https:\\\/\\\/www.deinadieu.ch\\\/wp-content\\\/uploads\\\/2024\\\/01\\\/simpera_0010-2.jpg\",\"keywords\":[\"Animale domestico\",\"Assistenza\",\"Cani\",\"Cosa pu\u00f2 fare la mia eredit\u00e0?\",\"Famiglia\",\"Organizzazioni di aiuto\"],\"articleSection\":[\"Focus sulle opere caritative\"],\"inLanguage\":\"it-IT\",\"potentialAction\":[{\"@type\":\"CommentAction\",\"name\":\"Comment\",\"target\":[\"https:\\\/\\\/www.deinadieu.ch\\\/it\\\/jaro-e-la-nostra-sicurezza-come-un-cane-rende-di-nuovo-possibile-la-vita-in-famiglia\\\/#respond\"]}]},{\"@type\":\"WebPage\",\"@id\":\"https:\\\/\\\/www.deinadieu.ch\\\/it\\\/jaro-e-la-nostra-sicurezza-come-un-cane-rende-di-nuovo-possibile-la-vita-in-famiglia\\\/\",\"url\":\"https:\\\/\\\/www.deinadieu.ch\\\/it\\\/jaro-e-la-nostra-sicurezza-come-un-cane-rende-di-nuovo-possibile-la-vita-in-famiglia\\\/\",\"name\":\"Ritratto della Fondazione Simpera e del cane da assistenza Jaro | DeinAdieu\",\"isPartOf\":{\"@id\":\"https:\\\/\\\/www.deinadieu.ch\\\/it\\\/#website\"},\"primaryImageOfPage\":{\"@id\":\"https:\\\/\\\/www.deinadieu.ch\\\/it\\\/jaro-e-la-nostra-sicurezza-come-un-cane-rende-di-nuovo-possibile-la-vita-in-famiglia\\\/#primaryimage\"},\"image\":{\"@id\":\"https:\\\/\\\/www.deinadieu.ch\\\/it\\\/jaro-e-la-nostra-sicurezza-come-un-cane-rende-di-nuovo-possibile-la-vita-in-famiglia\\\/#primaryimage\"},\"thumbnailUrl\":\"https:\\\/\\\/www.deinadieu.ch\\\/wp-content\\\/uploads\\\/2024\\\/01\\\/simpera_0010-2.jpg\",\"datePublished\":\"2024-02-06T06:40:00+00:00\",\"dateModified\":\"2024-04-05T06:27:37+00:00\",\"description\":\"La Fondazione Simpera addestra cani da assistenza per facilitare la partecipazione delle persone alla vita sociale quotidiana. Conoscete la fondazione, il cane Jaro e la famiglia Keller.\",\"breadcrumb\":{\"@id\":\"https:\\\/\\\/www.deinadieu.ch\\\/it\\\/jaro-e-la-nostra-sicurezza-come-un-cane-rende-di-nuovo-possibile-la-vita-in-famiglia\\\/#breadcrumb\"},\"inLanguage\":\"it-IT\",\"potentialAction\":[{\"@type\":\"ReadAction\",\"target\":[\"https:\\\/\\\/www.deinadieu.ch\\\/it\\\/jaro-e-la-nostra-sicurezza-come-un-cane-rende-di-nuovo-possibile-la-vita-in-famiglia\\\/\"]}]},{\"@type\":\"ImageObject\",\"inLanguage\":\"it-IT\",\"@id\":\"https:\\\/\\\/www.deinadieu.ch\\\/it\\\/jaro-e-la-nostra-sicurezza-come-un-cane-rende-di-nuovo-possibile-la-vita-in-famiglia\\\/#primaryimage\",\"url\":\"https:\\\/\\\/www.deinadieu.ch\\\/wp-content\\\/uploads\\\/2024\\\/01\\\/simpera_0010-2.jpg\",\"contentUrl\":\"https:\\\/\\\/www.deinadieu.ch\\\/wp-content\\\/uploads\\\/2024\\\/01\\\/simpera_0010-2.jpg\",\"width\":2500,\"height\":1666,\"caption\":\"Il cane da assistenza per l'autismo Jaro aiuta Tim nella vita quotidiana e nelle situazioni difficili. (Foto: Djamila Grossman)\"},{\"@type\":\"BreadcrumbList\",\"@id\":\"https:\\\/\\\/www.deinadieu.ch\\\/it\\\/jaro-e-la-nostra-sicurezza-come-un-cane-rende-di-nuovo-possibile-la-vita-in-famiglia\\\/#breadcrumb\",\"itemListElement\":[{\"@type\":\"ListItem\",\"position\":1,\"name\":\"Home\",\"item\":\"https:\\\/\\\/www.deinadieu.ch\\\/it\\\/deinadieu-dialog-und-serviceportal-zum-lebensende\\\/\"},{\"@type\":\"ListItem\",\"position\":2,\"name\":\"&#8220;Jaro \u00e8 la nostra sicurezza&#8221;: come un cane rende di nuovo possibile la vita in famiglia\"}]},{\"@type\":\"WebSite\",\"@id\":\"https:\\\/\\\/www.deinadieu.ch\\\/it\\\/#website\",\"url\":\"https:\\\/\\\/www.deinadieu.ch\\\/it\\\/\",\"name\":\"DeinAdieu.ch\",\"description\":\"Testament, Patientenverf\u00fcgung und Vorsorgeauftrag\",\"publisher\":{\"@id\":\"https:\\\/\\\/www.deinadieu.ch\\\/it\\\/#organization\"},\"potentialAction\":[{\"@type\":\"SearchAction\",\"target\":{\"@type\":\"EntryPoint\",\"urlTemplate\":\"https:\\\/\\\/www.deinadieu.ch\\\/it\\\/?s={search_term_string}\"},\"query-input\":{\"@type\":\"PropertyValueSpecification\",\"valueRequired\":true,\"valueName\":\"search_term_string\"}}],\"inLanguage\":\"it-IT\"},{\"@type\":\"Organization\",\"@id\":\"https:\\\/\\\/www.deinadieu.ch\\\/it\\\/#organization\",\"name\":\"EMNA Web GmbH\",\"url\":\"https:\\\/\\\/www.deinadieu.ch\\\/it\\\/\",\"logo\":{\"@type\":\"ImageObject\",\"inLanguage\":\"it-IT\",\"@id\":\"https:\\\/\\\/www.deinadieu.ch\\\/it\\\/#\\\/schema\\\/logo\\\/image\\\/\",\"url\":\"https:\\\/\\\/www.deinadieu.ch\\\/wp-content\\\/uploads\\\/2016\\\/01\\\/DeinAdieu_Logo.png\",\"contentUrl\":\"https:\\\/\\\/www.deinadieu.ch\\\/wp-content\\\/uploads\\\/2016\\\/01\\\/DeinAdieu_Logo.png\",\"width\":300,\"height\":117,\"caption\":\"EMNA Web GmbH\"},\"image\":{\"@id\":\"https:\\\/\\\/www.deinadieu.ch\\\/it\\\/#\\\/schema\\\/logo\\\/image\\\/\"},\"sameAs\":[\"https:\\\/\\\/www.facebook.com\\\/deinadieu\",\"https:\\\/\\\/x.com\\\/DeinAdieu\",\"https:\\\/\\\/www.instagram.com\\\/deinadieu\\\/\",\"https:\\\/\\\/www.linkedin.com\\\/company\\\/deinadieu.ch\"]},{\"@type\":\"Person\",\"@id\":\"https:\\\/\\\/www.deinadieu.ch\\\/it\\\/#\\\/schema\\\/person\\\/78cffe1cb679e17f919e3d0c0e7b9673\",\"name\":\"Janina Gehrig, MA UZH, Redaktorin\",\"image\":{\"@type\":\"ImageObject\",\"inLanguage\":\"it-IT\",\"@id\":\"https:\\\/\\\/secure.gravatar.com\\\/avatar\\\/8bfc4dca12cd7c0a0373c12f34587d1f6a6117903e7ecc0035863bd69df6fb07?s=96&d=mm&r=g\",\"url\":\"https:\\\/\\\/secure.gravatar.com\\\/avatar\\\/8bfc4dca12cd7c0a0373c12f34587d1f6a6117903e7ecc0035863bd69df6fb07?s=96&d=mm&r=g\",\"contentUrl\":\"https:\\\/\\\/secure.gravatar.com\\\/avatar\\\/8bfc4dca12cd7c0a0373c12f34587d1f6a6117903e7ecc0035863bd69df6fb07?s=96&d=mm&r=g\",\"caption\":\"Janina Gehrig, MA UZH, Redaktorin\"},\"url\":\"https:\\\/\\\/www.deinadieu.ch\\\/it\\\/author\\\/janinagehrig\\\/\"}]}<\/script>","yoast_head_json":{"title":"Ritratto della Fondazione Simpera e del cane da assistenza Jaro | DeinAdieu","description":"La Fondazione Simpera addestra cani da assistenza per facilitare la partecipazione delle persone alla vita sociale quotidiana. Conoscete la fondazione, il cane Jaro e la famiglia Keller.","robots":{"index":"index","follow":"follow","max-snippet":"max-snippet:-1","max-image-preview":"max-image-preview:large","max-video-preview":"max-video-preview:-1"},"canonical":"https:\/\/www.deinadieu.ch\/it\/jaro-e-la-nostra-sicurezza-come-un-cane-rende-di-nuovo-possibile-la-vita-in-famiglia\/","og_locale":"it_IT","og_type":"article","og_title":"\"Jaro \u00e8 la nostra sicurezza\": come un cane rende di nuovo possibile la vita in famiglia","og_description":"Mentre prima il ragazzo iperattivo e autistico si calmava a fatica per ore, ora a volte si addormenta sul pavimento accanto al cane. Grazie al cane da","og_url":"https:\/\/www.deinadieu.ch\/it\/jaro-e-la-nostra-sicurezza-come-un-cane-rende-di-nuovo-possibile-la-vita-in-famiglia\/","og_site_name":"DeinAdieu.ch","article_publisher":"https:\/\/www.facebook.com\/deinadieu","article_published_time":"2024-02-06T06:40:00+00:00","article_modified_time":"2024-04-05T06:27:37+00:00","og_image":[{"width":2500,"height":1666,"url":"https:\/\/static.deinadieu.ch\/uploads\/2024\/01\/simpera_0010-2.jpg","type":"image\/jpeg"}],"author":"Janina Gehrig, MA UZH, Redaktorin","twitter_card":"summary_large_image","twitter_creator":"@DeinAdieu","twitter_site":"@DeinAdieu","twitter_misc":{"Written by":"Janina Gehrig, MA UZH, Redaktorin","Est. reading time":"6 minutes"},"schema":{"@context":"https:\/\/schema.org","@graph":[{"@type":"Article","@id":"https:\/\/www.deinadieu.ch\/it\/jaro-e-la-nostra-sicurezza-come-un-cane-rende-di-nuovo-possibile-la-vita-in-famiglia\/#article","isPartOf":{"@id":"https:\/\/www.deinadieu.ch\/it\/jaro-e-la-nostra-sicurezza-come-un-cane-rende-di-nuovo-possibile-la-vita-in-famiglia\/"},"author":{"name":"Janina Gehrig, MA UZH, Redaktorin","@id":"https:\/\/www.deinadieu.ch\/it\/#\/schema\/person\/78cffe1cb679e17f919e3d0c0e7b9673"},"headline":"&#8220;Jaro \u00e8 la nostra sicurezza&#8221;: come un cane rende di nuovo possibile la vita in famiglia","datePublished":"2024-02-06T06:40:00+00:00","dateModified":"2024-04-05T06:27:37+00:00","mainEntityOfPage":{"@id":"https:\/\/www.deinadieu.ch\/it\/jaro-e-la-nostra-sicurezza-come-un-cane-rende-di-nuovo-possibile-la-vita-in-famiglia\/"},"wordCount":987,"commentCount":0,"publisher":{"@id":"https:\/\/www.deinadieu.ch\/it\/#organization"},"image":{"@id":"https:\/\/www.deinadieu.ch\/it\/jaro-e-la-nostra-sicurezza-come-un-cane-rende-di-nuovo-possibile-la-vita-in-famiglia\/#primaryimage"},"thumbnailUrl":"https:\/\/www.deinadieu.ch\/wp-content\/uploads\/2024\/01\/simpera_0010-2.jpg","keywords":["Animale domestico","Assistenza","Cani","Cosa pu\u00f2 fare la mia eredit\u00e0?","Famiglia","Organizzazioni di aiuto"],"articleSection":["Focus sulle opere caritative"],"inLanguage":"it-IT","potentialAction":[{"@type":"CommentAction","name":"Comment","target":["https:\/\/www.deinadieu.ch\/it\/jaro-e-la-nostra-sicurezza-come-un-cane-rende-di-nuovo-possibile-la-vita-in-famiglia\/#respond"]}]},{"@type":"WebPage","@id":"https:\/\/www.deinadieu.ch\/it\/jaro-e-la-nostra-sicurezza-come-un-cane-rende-di-nuovo-possibile-la-vita-in-famiglia\/","url":"https:\/\/www.deinadieu.ch\/it\/jaro-e-la-nostra-sicurezza-come-un-cane-rende-di-nuovo-possibile-la-vita-in-famiglia\/","name":"Ritratto della Fondazione Simpera e del cane da assistenza Jaro | DeinAdieu","isPartOf":{"@id":"https:\/\/www.deinadieu.ch\/it\/#website"},"primaryImageOfPage":{"@id":"https:\/\/www.deinadieu.ch\/it\/jaro-e-la-nostra-sicurezza-come-un-cane-rende-di-nuovo-possibile-la-vita-in-famiglia\/#primaryimage"},"image":{"@id":"https:\/\/www.deinadieu.ch\/it\/jaro-e-la-nostra-sicurezza-come-un-cane-rende-di-nuovo-possibile-la-vita-in-famiglia\/#primaryimage"},"thumbnailUrl":"https:\/\/www.deinadieu.ch\/wp-content\/uploads\/2024\/01\/simpera_0010-2.jpg","datePublished":"2024-02-06T06:40:00+00:00","dateModified":"2024-04-05T06:27:37+00:00","description":"La Fondazione Simpera addestra cani da assistenza per facilitare la partecipazione delle persone alla vita sociale quotidiana. Conoscete la fondazione, il cane Jaro e la famiglia Keller.","breadcrumb":{"@id":"https:\/\/www.deinadieu.ch\/it\/jaro-e-la-nostra-sicurezza-come-un-cane-rende-di-nuovo-possibile-la-vita-in-famiglia\/#breadcrumb"},"inLanguage":"it-IT","potentialAction":[{"@type":"ReadAction","target":["https:\/\/www.deinadieu.ch\/it\/jaro-e-la-nostra-sicurezza-come-un-cane-rende-di-nuovo-possibile-la-vita-in-famiglia\/"]}]},{"@type":"ImageObject","inLanguage":"it-IT","@id":"https:\/\/www.deinadieu.ch\/it\/jaro-e-la-nostra-sicurezza-come-un-cane-rende-di-nuovo-possibile-la-vita-in-famiglia\/#primaryimage","url":"https:\/\/www.deinadieu.ch\/wp-content\/uploads\/2024\/01\/simpera_0010-2.jpg","contentUrl":"https:\/\/www.deinadieu.ch\/wp-content\/uploads\/2024\/01\/simpera_0010-2.jpg","width":2500,"height":1666,"caption":"Il cane da assistenza per l'autismo Jaro aiuta Tim nella vita quotidiana e nelle situazioni difficili. (Foto: Djamila Grossman)"},{"@type":"BreadcrumbList","@id":"https:\/\/www.deinadieu.ch\/it\/jaro-e-la-nostra-sicurezza-come-un-cane-rende-di-nuovo-possibile-la-vita-in-famiglia\/#breadcrumb","itemListElement":[{"@type":"ListItem","position":1,"name":"Home","item":"https:\/\/www.deinadieu.ch\/it\/deinadieu-dialog-und-serviceportal-zum-lebensende\/"},{"@type":"ListItem","position":2,"name":"&#8220;Jaro \u00e8 la nostra sicurezza&#8221;: come un cane rende di nuovo possibile la vita in famiglia"}]},{"@type":"WebSite","@id":"https:\/\/www.deinadieu.ch\/it\/#website","url":"https:\/\/www.deinadieu.ch\/it\/","name":"DeinAdieu.ch","description":"Testament, Patientenverf\u00fcgung und Vorsorgeauftrag","publisher":{"@id":"https:\/\/www.deinadieu.ch\/it\/#organization"},"potentialAction":[{"@type":"SearchAction","target":{"@type":"EntryPoint","urlTemplate":"https:\/\/www.deinadieu.ch\/it\/?s={search_term_string}"},"query-input":{"@type":"PropertyValueSpecification","valueRequired":true,"valueName":"search_term_string"}}],"inLanguage":"it-IT"},{"@type":"Organization","@id":"https:\/\/www.deinadieu.ch\/it\/#organization","name":"EMNA Web GmbH","url":"https:\/\/www.deinadieu.ch\/it\/","logo":{"@type":"ImageObject","inLanguage":"it-IT","@id":"https:\/\/www.deinadieu.ch\/it\/#\/schema\/logo\/image\/","url":"https:\/\/www.deinadieu.ch\/wp-content\/uploads\/2016\/01\/DeinAdieu_Logo.png","contentUrl":"https:\/\/www.deinadieu.ch\/wp-content\/uploads\/2016\/01\/DeinAdieu_Logo.png","width":300,"height":117,"caption":"EMNA Web GmbH"},"image":{"@id":"https:\/\/www.deinadieu.ch\/it\/#\/schema\/logo\/image\/"},"sameAs":["https:\/\/www.facebook.com\/deinadieu","https:\/\/x.com\/DeinAdieu","https:\/\/www.instagram.com\/deinadieu\/","https:\/\/www.linkedin.com\/company\/deinadieu.ch"]},{"@type":"Person","@id":"https:\/\/www.deinadieu.ch\/it\/#\/schema\/person\/78cffe1cb679e17f919e3d0c0e7b9673","name":"Janina Gehrig, MA UZH, Redaktorin","image":{"@type":"ImageObject","inLanguage":"it-IT","@id":"https:\/\/secure.gravatar.com\/avatar\/8bfc4dca12cd7c0a0373c12f34587d1f6a6117903e7ecc0035863bd69df6fb07?s=96&d=mm&r=g","url":"https:\/\/secure.gravatar.com\/avatar\/8bfc4dca12cd7c0a0373c12f34587d1f6a6117903e7ecc0035863bd69df6fb07?s=96&d=mm&r=g","contentUrl":"https:\/\/secure.gravatar.com\/avatar\/8bfc4dca12cd7c0a0373c12f34587d1f6a6117903e7ecc0035863bd69df6fb07?s=96&d=mm&r=g","caption":"Janina Gehrig, MA UZH, Redaktorin"},"url":"https:\/\/www.deinadieu.ch\/it\/author\/janinagehrig\/"}]}},"_links":{"self":[{"href":"https:\/\/www.deinadieu.ch\/it\/wp-json\/wp\/v2\/posts\/66619","targetHints":{"allow":["GET"]}}],"collection":[{"href":"https:\/\/www.deinadieu.ch\/it\/wp-json\/wp\/v2\/posts"}],"about":[{"href":"https:\/\/www.deinadieu.ch\/it\/wp-json\/wp\/v2\/types\/post"}],"author":[{"embeddable":true,"href":"https:\/\/www.deinadieu.ch\/it\/wp-json\/wp\/v2\/users\/6028"}],"replies":[{"embeddable":true,"href":"https:\/\/www.deinadieu.ch\/it\/wp-json\/wp\/v2\/comments?post=66619"}],"version-history":[{"count":25,"href":"https:\/\/www.deinadieu.ch\/it\/wp-json\/wp\/v2\/posts\/66619\/revisions"}],"predecessor-version":[{"id":67490,"href":"https:\/\/www.deinadieu.ch\/it\/wp-json\/wp\/v2\/posts\/66619\/revisions\/67490"}],"wp:featuredmedia":[{"embeddable":true,"href":"https:\/\/www.deinadieu.ch\/it\/wp-json\/wp\/v2\/media\/66377"}],"wp:attachment":[{"href":"https:\/\/www.deinadieu.ch\/it\/wp-json\/wp\/v2\/media?parent=66619"}],"wp:term":[{"taxonomy":"category","embeddable":true,"href":"https:\/\/www.deinadieu.ch\/it\/wp-json\/wp\/v2\/categories?post=66619"},{"taxonomy":"post_tag","embeddable":true,"href":"https:\/\/www.deinadieu.ch\/it\/wp-json\/wp\/v2\/tags?post=66619"}],"curies":[{"name":"wp","href":"https:\/\/api.w.org\/{rel}","templated":true}]}}