{"id":66348,"date":"2024-01-16T07:56:00","date_gmt":"2024-01-16T06:56:00","guid":{"rendered":"https:\/\/www.deinadieu.ch\/le-donne-e-le-ragazze-sono-i-pilastri-della-societa-senza-la-loro-salute-non-funziona-nulla\/"},"modified":"2024-03-25T15:27:15","modified_gmt":"2024-03-25T14:27:15","slug":"le-donne-e-le-ragazze-sono-i-pilastri-della-societa-senza-la-loro-salute-non-funziona-nulla","status":"publish","type":"post","link":"https:\/\/www.deinadieu.ch\/it\/le-donne-e-le-ragazze-sono-i-pilastri-della-societa-senza-la-loro-salute-non-funziona-nulla\/","title":{"rendered":"&#8220;Le donne e le ragazze sono i pilastri della societ\u00e0: senza la loro salute non funziona nulla&#8221;."},"content":{"rendered":"\n<p>Iamaneh Svizzera si batte per la salute e i diritti delle donne e delle ragazze in Africa occidentale e nei Balcani occidentali. In Mali e Senegal, l&#8217;organizzazione sostiene le ONG che si battono contro le mutilazioni genitali femminili fin dagli anni &#8217;90. Questo impegno richiede perseveranza e un intenso dialogo con la comunit\u00e0 locale. In questa intervista, il co-direttore generale Manuela Di Marco parla di un traguardo di successo raggiunto da Iamaneh in Senegal e sottolinea quanto siano importanti i lasciti e le donazioni private per i progetti di sviluppo sul campo.<\/p>\n\n<!--more-->\n\n<p><strong>Iamaneh Svizzera si impegna per la salute e l&#8217;uguaglianza delle donne in Africa occidentale e nei Balcani occidentali. Quali progetti sostiene l&#8217;organizzazione a livello locale?<\/strong><\/p>\n\n<p>Siamo impegnati a migliorare la salute e l&#8217;uguaglianza di donne e ragazze in Africa occidentale e nei Balcani occidentali e collaboriamo sempre con le organizzazioni partner locali. Da un lato, educhiamo le ragazze e le donne alla salute riproduttiva e sessuale e le rendiamo consapevoli dei loro diritti. In Africa occidentale siamo presenti in Mali, Senegal, Togo e Burkina Faso. Uno dei nostri obiettivi \u00e8 porre fine alla circoncisione delle bambine. Cerchiamo anche di prevenire le gravidanze precoci, in modo che le ragazze possano continuare ad andare a scuola e completare la loro formazione. Quando diamo potere alle donne, coinvolgiamo i loro partner. In questi Paesi, di solito sono gli uomini a guadagnare e le donne spesso dipendono finanziariamente da loro se devono recarsi, ad esempio, in un centro sanitario.<\/p>\n\n<p>Dalla fine della guerra, ci battiamo contro la violenza di genere nei Balcani occidentali. All&#8217;inizio abbiamo creato un centro traumatologico in Bosnia-Erzegovina. Altri progetti in Albania sono stati aggiunti successivamente. In Bosnia e in Albania, sosteniamo le case di accoglienza per donne che offrono protezione alle donne vittime di violenza, nonch\u00e9 i centri per uomini per coinvolgere i partner. Possiamo raggiungere la parit\u00e0 di genere solo insieme agli uomini.<\/p>\n\n<figure class=\"wp-block-image size-large\"><img loading=\"lazy\" decoding=\"async\" width=\"1024\" height=\"683\" src=\"https:\/\/www.deinadieu.ch\/wp-content\/uploads\/2024\/01\/Bild-2_Portraet-1024x683.jpg\" alt=\"Ritratto Manuela Di Marco\" class=\"wp-image-66243\" srcset=\"https:\/\/www.deinadieu.ch\/wp-content\/uploads\/2024\/01\/Bild-2_Portraet-1024x683.jpg 1024w, https:\/\/www.deinadieu.ch\/wp-content\/uploads\/2024\/01\/Bild-2_Portraet-300x200.jpg 300w, https:\/\/www.deinadieu.ch\/wp-content\/uploads\/2024\/01\/Bild-2_Portraet-1536x1024.jpg 1536w, https:\/\/www.deinadieu.ch\/wp-content\/uploads\/2024\/01\/Bild-2_Portraet-2048x1365.jpg 2048w\" sizes=\"auto, (max-width: 1024px) 100vw, 1024px\" \/><figcaption class=\"wp-element-caption\">Manuela Di Marco \u00e8 co-direttrice di Iamaneh Svizzera insieme ad Alexandra Nicola, responsabile dei programmi internazionali, ed \u00e8 responsabile della comunicazione e della raccolta fondi.<\/figcaption><\/figure>\n\n<p><strong>Come finanzia Iamaneh Svizzera questi progetti per l&#8217;uguaglianza di genere e la salute di donne e ragazze?<\/strong><\/p>\n\n<p>Iamaneh non esisterebbe senza donazioni. Oltre al sostegno finanziario del governo federale, dei cantoni e delle fondazioni, le donazioni private rappresentano circa un quarto del finanziamento totale. Per noi che siamo una piccola istituzione &#8211; abbiamo undici dipendenti part-time qui nella nostra sede di Basilea &#8211; i donatori privati sono molto importanti. Le persone che tengono conto di Iamaneh Svizzera sono consapevoli che le donne e le ragazze sono i pilastri della societ\u00e0 e che nulla funziona senza la loro salute: non possono n\u00e9 occuparsi della famiglia n\u00e9 lavorare.<\/p>\n\n<p><strong>Oltre alle donazioni pubbliche e private, che ruolo hanno i lasciti nel finanziamento dei progetti di sviluppo?<\/strong><\/p>\n\n<p>Oggi le persone sono pi\u00f9 aperte sui valori che vogliono trasmettere nel loro testamento. Il testamento \u00e8 considerato parte integrante della pianificazione della pensione e sempre pi\u00f9 persone si occupano delle loro ultime volont\u00e0. Come organizzazione, abbiamo notato che il tema della morte e dell&#8217;eredit\u00e0 \u00e8 diventato meno tab\u00f9, dato che da circa cinque anni riceviamo un numero crescente di lasciti, anche se ancora in modo irregolare e per importi modesti. \u00c8 importante che le persone diventino ancora pi\u00f9 consapevoli dei temi della previdenza, dell&#8217;eredit\u00e0 e del testamento e che i donatori ci includano <a href=\"https:\/\/app.deinadieu.ch\/da\/testament\/7224\">nei loro testamenti<\/a>, perch\u00e9 solo cos\u00ec possiamo realizzare i nostri progetti di sviluppo sul campo.<\/p>\n\n<figure class=\"wp-block-image size-large\"><img loading=\"lazy\" decoding=\"async\" width=\"1024\" height=\"683\" src=\"https:\/\/www.deinadieu.ch\/wp-content\/uploads\/2024\/01\/Bild-3_Flyer-Iamaneh-1024x683.jpg\" alt=\"Volantino Iamaneh\" class=\"wp-image-66251\" srcset=\"https:\/\/www.deinadieu.ch\/wp-content\/uploads\/2024\/01\/Bild-3_Flyer-Iamaneh-1024x683.jpg 1024w, https:\/\/www.deinadieu.ch\/wp-content\/uploads\/2024\/01\/Bild-3_Flyer-Iamaneh-300x200.jpg 300w, https:\/\/www.deinadieu.ch\/wp-content\/uploads\/2024\/01\/Bild-3_Flyer-Iamaneh-1536x1024.jpg 1536w, https:\/\/www.deinadieu.ch\/wp-content\/uploads\/2024\/01\/Bild-3_Flyer-Iamaneh-2048x1365.jpg 2048w\" sizes=\"auto, (max-width: 1024px) 100vw, 1024px\" \/><figcaption class=\"wp-element-caption\">In Africa occidentale e nei Balcani occidentali, l&#8217;organizzazione lavora per migliorare la salute sessuale e riproduttiva e combattere la violenza di genere.<\/figcaption><\/figure>\n\n<p><strong>In Senegal, Iamaneh Switzerland si batte, tra l&#8217;altro, per la fine delle mutilazioni genitali femminili. Quali sono i risultati ottenuti nel Paese dell&#8217;Africa occidentale?<\/strong><\/p>\n\n<p>In Senegal, abbiamo recentemente festeggiato il completamento di un progetto pluriennale volto a porre fine alle mutilazioni genitali femminili nella regione di Ziguinchor e a ridurre la prevalenza di gravidanze adolescenziali. Insieme all&#8217;organizzazione locale partner &#8220;Eusobul&#8221; della rapper senegalese Sister Fa, siamo riusciti a far s\u00ec che le persone che eseguono la circoncisione &#8211; noti anche come &#8220;guardiani della tradizione&#8221; &#8211; smettessero di praticare le circoncisioni nell&#8217;area del progetto Eusobul. Tuttavia, il rito dell&#8217;iniziazione occupa una posizione centrale nella cultura senegalese. Abbiamo quindi concordato che la festa dell&#8217;iniziazione continuer\u00e0 a essere celebrata nella regione in futuro, ma senza circoncisione femminile. Questo successo \u00e8 un&#8217;enorme pietra miliare per Iamaneh ed Eusobul: &#8220;Dopo diversi anni, siamo riusciti a trovare una soluzione che ha convinto tutte le persone coinvolte. Non si tratta di una cosa ovvia, perch\u00e9 c&#8217;\u00e8 una grande pressione sociale quando si tratta di circoncisione.<\/p>\n\n<figure class=\"wp-block-image size-large\"><img loading=\"lazy\" decoding=\"async\" width=\"1024\" height=\"683\" src=\"https:\/\/www.deinadieu.ch\/wp-content\/uploads\/2024\/01\/Bild-4_Ausstellung-1024x683.jpg\" alt=\"Mostra fotografica Iamaneh Senegal\" class=\"wp-image-66256\" srcset=\"https:\/\/www.deinadieu.ch\/wp-content\/uploads\/2024\/01\/Bild-4_Ausstellung-1024x683.jpg 1024w, https:\/\/www.deinadieu.ch\/wp-content\/uploads\/2024\/01\/Bild-4_Ausstellung-300x200.jpg 300w, https:\/\/www.deinadieu.ch\/wp-content\/uploads\/2024\/01\/Bild-4_Ausstellung-1536x1024.jpg 1536w, https:\/\/www.deinadieu.ch\/wp-content\/uploads\/2024\/01\/Bild-4_Ausstellung-2048x1365.jpg 2048w\" sizes=\"auto, (max-width: 1024px) 100vw, 1024px\" \/><figcaption class=\"wp-element-caption\">I ritratti della fotografa Claudia Link mostrano il contesto e la complessit\u00e0 della circoncisione in Senegal e raccontano le storie delle persone coinvolte nel progetto Eusobul.<\/figcaption><\/figure>\n\n<p><strong>In che misura questo progetto in Senegal caratterizza il lavoro di Iamaneh Svizzera?<\/strong><\/p>\n\n<p>In genere, anche qui collaboriamo con un&#8217;organizzazione partner locale. Le relazioni con i nostri partner locali di progetto sono sempre condotte su un piano di parit\u00e0. Non comunichiamo con un indice alzato: &#8220;Questa \u00e8 la cosa giusta da fare!&#8221;. La rapper senegalese Sister Fa, il cui vero nome \u00e8 Fatou Mandiang Diatta, proviene dalla regione ed \u00e8 stata lei stessa vittima di mutilazioni genitali. Come attivista, oggi si batte contro la circoncisione delle bambine nel suo Paese e agisce come mediatrice tra le diverse culture. Figure identificative come Sister Fa o la somala Waris Dirie, la cui storia \u00e8 raccontata nel film &#8220;Desert Flower&#8221;, sono molto importanti per le ragazze e le donne colpite.<\/p>\n\n\n        <div class=\"da-servicebox relative bg-gray-200 p-4 pt-8 border-solid border-t-8 border-da-dark mb-6\">\n            <i class=\"fas fa-info-circle mx-auto fa-7x text-da-dark\"><\/i>\n            <span style=\"hyphens: auto\">\n                Iamaneh \u00e8 l&#8217;abbreviazione di &#8220;International Association for Maternal and Neonatal Health&#8221; (Associazione Internazionale per la Salute Materna e Neonatale) ed \u00e8 stata fondata nel 1978 su iniziativa del ginecologo ginevrino Hubert de Watteville. Tra le altre cose, <a href=\"https:\/\/www.deinadieu.ch\/it\/organizzazioni-caritatevoli\/\">Iamaneh Svizzera<\/a> si impegna per una nascita e una maternit\u00e0 sicure, per un migliore accesso alla pianificazione familiare, per i diritti delle donne e per una vita libera dalla violenza.\n                \n                \n            <\/span>\n        <\/div>\n        \n\n<p>Volete includere Iamaneh Svizzera nel vostro testamento e promuovere cos\u00ec la salute e l&#8217;uguaglianza di donne e ragazze in Africa occidentale e nei Balcani occidentali? Fare clic sul pulsante sottostante: <\/p>\n\n<div class=\"wp-block-buttons is-layout-flex wp-block-buttons-is-layout-flex\">\n<div class=\"wp-block-button\"><a class=\"wp-block-button__link wp-element-button\" href=\"https:\/\/app.deinadieu.ch\/da\/testament\/7224\">Includere Iamaneh nel testamento<\/a><\/div>\n<\/div>\n","protected":false},"excerpt":{"rendered":"<p>Iamaneh Svizzera si batte per la salute e i diritti delle donne e delle ragazze in Africa occidentale e nei Balcani occidentali. In Mali e Senegal, l&#8217;organizzazione sostiene le ONG che si battono contro le mutilazioni genitali femminili fin dagli anni &#8217;90. Questo impegno richiede perseveranza e un intenso dialogo con la comunit\u00e0 locale. In [&hellip;]<\/p>\n","protected":false},"author":6038,"featured_media":66241,"comment_status":"open","ping_status":"closed","sticky":false,"template":"","format":"standard","meta":{"_acf_changed":false,"footnotes":""},"categories":[2474],"tags":[2522,3160],"class_list":["post-66348","post","type-post","status-publish","format-standard","has-post-thumbnail","hentry","category-opere-caritative","tag-cosa-puo-fare-la-mia-eredita","tag-organizzazioni-di-aiuto"],"acf":[],"yoast_head":"<title>Ritratto dell&#039;organizzazione di sviluppo Iamaneh Svizzera | DeinAdieu.ch<\/title>\n<meta name=\"description\" content=\"L&#039;organizzazione Iamaneh si impegna per la salute e i diritti delle donne e delle ragazze dell&#039;Africa occidentale e dei Balcani occidentali.\" \/>\n<meta name=\"robots\" content=\"index, follow, max-snippet:-1, max-image-preview:large, max-video-preview:-1\" \/>\n<link rel=\"canonical\" href=\"https:\/\/www.deinadieu.ch\/it\/le-donne-e-le-ragazze-sono-i-pilastri-della-societa-senza-la-loro-salute-non-funziona-nulla\/\" \/>\n<meta property=\"og:locale\" content=\"it_IT\" \/>\n<meta property=\"og:type\" content=\"article\" \/>\n<meta property=\"og:title\" content=\"&quot;Le donne e le ragazze sono i pilastri della societ\u00e0: senza la loro salute non funziona nulla&quot;.\" \/>\n<meta property=\"og:description\" content=\"Iamaneh Svizzera si batte per la salute e i diritti delle donne e delle ragazze in Africa occidentale e nei Balcani occidentali. In Mali e Senegal,\" \/>\n<meta property=\"og:url\" content=\"https:\/\/www.deinadieu.ch\/it\/le-donne-e-le-ragazze-sono-i-pilastri-della-societa-senza-la-loro-salute-non-funziona-nulla\/\" \/>\n<meta property=\"og:site_name\" content=\"DeinAdieu.ch\" \/>\n<meta property=\"article:publisher\" content=\"https:\/\/www.facebook.com\/deinadieu\" \/>\n<meta property=\"article:published_time\" content=\"2024-01-16T06:56:00+00:00\" \/>\n<meta property=\"article:modified_time\" content=\"2024-03-25T14:27:15+00:00\" \/>\n<meta property=\"og:image\" content=\"https:\/\/static.deinadieu.ch\/uploads\/2024\/01\/Bild-1_Header-scaled.jpg\" \/>\n\t<meta property=\"og:image:width\" content=\"2560\" \/>\n\t<meta property=\"og:image:height\" content=\"1707\" \/>\n\t<meta property=\"og:image:type\" content=\"image\/jpeg\" \/>\n<meta name=\"author\" content=\"Sabrina Rohner\" \/>\n<meta name=\"twitter:card\" content=\"summary_large_image\" \/>\n<meta name=\"twitter:creator\" content=\"@DeinAdieu\" \/>\n<meta name=\"twitter:site\" content=\"@DeinAdieu\" \/>\n<meta name=\"twitter:label1\" content=\"Written by\" \/>\n\t<meta name=\"twitter:data1\" content=\"Sabrina Rohner\" \/>\n\t<meta name=\"twitter:label2\" content=\"Est. reading time\" \/>\n\t<meta name=\"twitter:data2\" content=\"5 minutes\" \/>\n<script type=\"application\/ld+json\" class=\"yoast-schema-graph\">{\"@context\":\"https:\\\/\\\/schema.org\",\"@graph\":[{\"@type\":\"Article\",\"@id\":\"https:\\\/\\\/www.deinadieu.ch\\\/it\\\/le-donne-e-le-ragazze-sono-i-pilastri-della-societa-senza-la-loro-salute-non-funziona-nulla\\\/#article\",\"isPartOf\":{\"@id\":\"https:\\\/\\\/www.deinadieu.ch\\\/it\\\/le-donne-e-le-ragazze-sono-i-pilastri-della-societa-senza-la-loro-salute-non-funziona-nulla\\\/\"},\"author\":{\"name\":\"Sabrina Rohner\",\"@id\":\"https:\\\/\\\/www.deinadieu.ch\\\/it\\\/#\\\/schema\\\/person\\\/ad724a53f7e50dd3866fc9b0fc6bbdd9\"},\"headline\":\"&#8220;Le donne e le ragazze sono i pilastri della societ\u00e0: senza la loro salute non funziona nulla&#8221;.\",\"datePublished\":\"2024-01-16T06:56:00+00:00\",\"dateModified\":\"2024-03-25T14:27:15+00:00\",\"mainEntityOfPage\":{\"@id\":\"https:\\\/\\\/www.deinadieu.ch\\\/it\\\/le-donne-e-le-ragazze-sono-i-pilastri-della-societa-senza-la-loro-salute-non-funziona-nulla\\\/\"},\"wordCount\":1040,\"commentCount\":0,\"publisher\":{\"@id\":\"https:\\\/\\\/www.deinadieu.ch\\\/it\\\/#organization\"},\"image\":{\"@id\":\"https:\\\/\\\/www.deinadieu.ch\\\/it\\\/le-donne-e-le-ragazze-sono-i-pilastri-della-societa-senza-la-loro-salute-non-funziona-nulla\\\/#primaryimage\"},\"thumbnailUrl\":\"https:\\\/\\\/www.deinadieu.ch\\\/wp-content\\\/uploads\\\/2024\\\/01\\\/Bild-1_Header-scaled.jpg\",\"keywords\":[\"Cosa pu\u00f2 fare la mia eredit\u00e0?\",\"Organizzazioni di aiuto\"],\"articleSection\":[\"Focus sulle opere caritative\"],\"inLanguage\":\"it-IT\",\"potentialAction\":[{\"@type\":\"CommentAction\",\"name\":\"Comment\",\"target\":[\"https:\\\/\\\/www.deinadieu.ch\\\/it\\\/le-donne-e-le-ragazze-sono-i-pilastri-della-societa-senza-la-loro-salute-non-funziona-nulla\\\/#respond\"]}]},{\"@type\":\"WebPage\",\"@id\":\"https:\\\/\\\/www.deinadieu.ch\\\/it\\\/le-donne-e-le-ragazze-sono-i-pilastri-della-societa-senza-la-loro-salute-non-funziona-nulla\\\/\",\"url\":\"https:\\\/\\\/www.deinadieu.ch\\\/it\\\/le-donne-e-le-ragazze-sono-i-pilastri-della-societa-senza-la-loro-salute-non-funziona-nulla\\\/\",\"name\":\"Ritratto dell'organizzazione di sviluppo Iamaneh Svizzera | DeinAdieu.ch\",\"isPartOf\":{\"@id\":\"https:\\\/\\\/www.deinadieu.ch\\\/it\\\/#website\"},\"primaryImageOfPage\":{\"@id\":\"https:\\\/\\\/www.deinadieu.ch\\\/it\\\/le-donne-e-le-ragazze-sono-i-pilastri-della-societa-senza-la-loro-salute-non-funziona-nulla\\\/#primaryimage\"},\"image\":{\"@id\":\"https:\\\/\\\/www.deinadieu.ch\\\/it\\\/le-donne-e-le-ragazze-sono-i-pilastri-della-societa-senza-la-loro-salute-non-funziona-nulla\\\/#primaryimage\"},\"thumbnailUrl\":\"https:\\\/\\\/www.deinadieu.ch\\\/wp-content\\\/uploads\\\/2024\\\/01\\\/Bild-1_Header-scaled.jpg\",\"datePublished\":\"2024-01-16T06:56:00+00:00\",\"dateModified\":\"2024-03-25T14:27:15+00:00\",\"description\":\"L'organizzazione Iamaneh si impegna per la salute e i diritti delle donne e delle ragazze dell'Africa occidentale e dei Balcani occidentali.\",\"breadcrumb\":{\"@id\":\"https:\\\/\\\/www.deinadieu.ch\\\/it\\\/le-donne-e-le-ragazze-sono-i-pilastri-della-societa-senza-la-loro-salute-non-funziona-nulla\\\/#breadcrumb\"},\"inLanguage\":\"it-IT\",\"potentialAction\":[{\"@type\":\"ReadAction\",\"target\":[\"https:\\\/\\\/www.deinadieu.ch\\\/it\\\/le-donne-e-le-ragazze-sono-i-pilastri-della-societa-senza-la-loro-salute-non-funziona-nulla\\\/\"]}]},{\"@type\":\"ImageObject\",\"inLanguage\":\"it-IT\",\"@id\":\"https:\\\/\\\/www.deinadieu.ch\\\/it\\\/le-donne-e-le-ragazze-sono-i-pilastri-della-societa-senza-la-loro-salute-non-funziona-nulla\\\/#primaryimage\",\"url\":\"https:\\\/\\\/www.deinadieu.ch\\\/wp-content\\\/uploads\\\/2024\\\/01\\\/Bild-1_Header-scaled.jpg\",\"contentUrl\":\"https:\\\/\\\/www.deinadieu.ch\\\/wp-content\\\/uploads\\\/2024\\\/01\\\/Bild-1_Header-scaled.jpg\",\"width\":2560,\"height\":1707,\"caption\":\"Iamaneh Svizzera ha celebrato il suo 45\u00b0 anniversario nel 2023 e ha organizzato la mostra fotografica \\\"Ganz Frau\\\" sulle mutilazioni genitali femminili in Senegal. (Foto: Djamila Grossman)\"},{\"@type\":\"BreadcrumbList\",\"@id\":\"https:\\\/\\\/www.deinadieu.ch\\\/it\\\/le-donne-e-le-ragazze-sono-i-pilastri-della-societa-senza-la-loro-salute-non-funziona-nulla\\\/#breadcrumb\",\"itemListElement\":[{\"@type\":\"ListItem\",\"position\":1,\"name\":\"Home\",\"item\":\"https:\\\/\\\/www.deinadieu.ch\\\/it\\\/deinadieu-dialog-und-serviceportal-zum-lebensende\\\/\"},{\"@type\":\"ListItem\",\"position\":2,\"name\":\"&#8220;Le donne e le ragazze sono i pilastri della societ\u00e0: senza la loro salute non funziona nulla&#8221;.\"}]},{\"@type\":\"WebSite\",\"@id\":\"https:\\\/\\\/www.deinadieu.ch\\\/it\\\/#website\",\"url\":\"https:\\\/\\\/www.deinadieu.ch\\\/it\\\/\",\"name\":\"DeinAdieu.ch\",\"description\":\"Testament, Patientenverf\u00fcgung und Vorsorgeauftrag\",\"publisher\":{\"@id\":\"https:\\\/\\\/www.deinadieu.ch\\\/it\\\/#organization\"},\"potentialAction\":[{\"@type\":\"SearchAction\",\"target\":{\"@type\":\"EntryPoint\",\"urlTemplate\":\"https:\\\/\\\/www.deinadieu.ch\\\/it\\\/?s={search_term_string}\"},\"query-input\":{\"@type\":\"PropertyValueSpecification\",\"valueRequired\":true,\"valueName\":\"search_term_string\"}}],\"inLanguage\":\"it-IT\"},{\"@type\":\"Organization\",\"@id\":\"https:\\\/\\\/www.deinadieu.ch\\\/it\\\/#organization\",\"name\":\"EMNA Web GmbH\",\"url\":\"https:\\\/\\\/www.deinadieu.ch\\\/it\\\/\",\"logo\":{\"@type\":\"ImageObject\",\"inLanguage\":\"it-IT\",\"@id\":\"https:\\\/\\\/www.deinadieu.ch\\\/it\\\/#\\\/schema\\\/logo\\\/image\\\/\",\"url\":\"https:\\\/\\\/www.deinadieu.ch\\\/wp-content\\\/uploads\\\/2016\\\/01\\\/DeinAdieu_Logo.png\",\"contentUrl\":\"https:\\\/\\\/www.deinadieu.ch\\\/wp-content\\\/uploads\\\/2016\\\/01\\\/DeinAdieu_Logo.png\",\"width\":300,\"height\":117,\"caption\":\"EMNA Web GmbH\"},\"image\":{\"@id\":\"https:\\\/\\\/www.deinadieu.ch\\\/it\\\/#\\\/schema\\\/logo\\\/image\\\/\"},\"sameAs\":[\"https:\\\/\\\/www.facebook.com\\\/deinadieu\",\"https:\\\/\\\/x.com\\\/DeinAdieu\",\"https:\\\/\\\/www.instagram.com\\\/deinadieu\\\/\",\"https:\\\/\\\/www.linkedin.com\\\/company\\\/deinadieu.ch\"]},{\"@type\":\"Person\",\"@id\":\"https:\\\/\\\/www.deinadieu.ch\\\/it\\\/#\\\/schema\\\/person\\\/ad724a53f7e50dd3866fc9b0fc6bbdd9\",\"name\":\"Sabrina Rohner\",\"image\":{\"@type\":\"ImageObject\",\"inLanguage\":\"it-IT\",\"@id\":\"https:\\\/\\\/secure.gravatar.com\\\/avatar\\\/c72cef3c7bba2e19d98358a63ff805dbe088a70fb947d10024d669ded777102d?s=96&d=mm&r=g\",\"url\":\"https:\\\/\\\/secure.gravatar.com\\\/avatar\\\/c72cef3c7bba2e19d98358a63ff805dbe088a70fb947d10024d669ded777102d?s=96&d=mm&r=g\",\"contentUrl\":\"https:\\\/\\\/secure.gravatar.com\\\/avatar\\\/c72cef3c7bba2e19d98358a63ff805dbe088a70fb947d10024d669ded777102d?s=96&d=mm&r=g\",\"caption\":\"Sabrina Rohner\"},\"url\":\"https:\\\/\\\/www.deinadieu.ch\\\/it\\\/author\\\/sabrina-rohnergmail-com\\\/\"}]}<\/script>","yoast_head_json":{"title":"Ritratto dell'organizzazione di sviluppo Iamaneh Svizzera | DeinAdieu.ch","description":"L'organizzazione Iamaneh si impegna per la salute e i diritti delle donne e delle ragazze dell'Africa occidentale e dei Balcani occidentali.","robots":{"index":"index","follow":"follow","max-snippet":"max-snippet:-1","max-image-preview":"max-image-preview:large","max-video-preview":"max-video-preview:-1"},"canonical":"https:\/\/www.deinadieu.ch\/it\/le-donne-e-le-ragazze-sono-i-pilastri-della-societa-senza-la-loro-salute-non-funziona-nulla\/","og_locale":"it_IT","og_type":"article","og_title":"\"Le donne e le ragazze sono i pilastri della societ\u00e0: senza la loro salute non funziona nulla\".","og_description":"Iamaneh Svizzera si batte per la salute e i diritti delle donne e delle ragazze in Africa occidentale e nei Balcani occidentali. In Mali e Senegal,","og_url":"https:\/\/www.deinadieu.ch\/it\/le-donne-e-le-ragazze-sono-i-pilastri-della-societa-senza-la-loro-salute-non-funziona-nulla\/","og_site_name":"DeinAdieu.ch","article_publisher":"https:\/\/www.facebook.com\/deinadieu","article_published_time":"2024-01-16T06:56:00+00:00","article_modified_time":"2024-03-25T14:27:15+00:00","og_image":[{"width":2560,"height":1707,"url":"https:\/\/static.deinadieu.ch\/uploads\/2024\/01\/Bild-1_Header-scaled.jpg","type":"image\/jpeg"}],"author":"Sabrina Rohner","twitter_card":"summary_large_image","twitter_creator":"@DeinAdieu","twitter_site":"@DeinAdieu","twitter_misc":{"Written by":"Sabrina Rohner","Est. reading time":"5 minutes"},"schema":{"@context":"https:\/\/schema.org","@graph":[{"@type":"Article","@id":"https:\/\/www.deinadieu.ch\/it\/le-donne-e-le-ragazze-sono-i-pilastri-della-societa-senza-la-loro-salute-non-funziona-nulla\/#article","isPartOf":{"@id":"https:\/\/www.deinadieu.ch\/it\/le-donne-e-le-ragazze-sono-i-pilastri-della-societa-senza-la-loro-salute-non-funziona-nulla\/"},"author":{"name":"Sabrina Rohner","@id":"https:\/\/www.deinadieu.ch\/it\/#\/schema\/person\/ad724a53f7e50dd3866fc9b0fc6bbdd9"},"headline":"&#8220;Le donne e le ragazze sono i pilastri della societ\u00e0: senza la loro salute non funziona nulla&#8221;.","datePublished":"2024-01-16T06:56:00+00:00","dateModified":"2024-03-25T14:27:15+00:00","mainEntityOfPage":{"@id":"https:\/\/www.deinadieu.ch\/it\/le-donne-e-le-ragazze-sono-i-pilastri-della-societa-senza-la-loro-salute-non-funziona-nulla\/"},"wordCount":1040,"commentCount":0,"publisher":{"@id":"https:\/\/www.deinadieu.ch\/it\/#organization"},"image":{"@id":"https:\/\/www.deinadieu.ch\/it\/le-donne-e-le-ragazze-sono-i-pilastri-della-societa-senza-la-loro-salute-non-funziona-nulla\/#primaryimage"},"thumbnailUrl":"https:\/\/www.deinadieu.ch\/wp-content\/uploads\/2024\/01\/Bild-1_Header-scaled.jpg","keywords":["Cosa pu\u00f2 fare la mia eredit\u00e0?","Organizzazioni di aiuto"],"articleSection":["Focus sulle opere caritative"],"inLanguage":"it-IT","potentialAction":[{"@type":"CommentAction","name":"Comment","target":["https:\/\/www.deinadieu.ch\/it\/le-donne-e-le-ragazze-sono-i-pilastri-della-societa-senza-la-loro-salute-non-funziona-nulla\/#respond"]}]},{"@type":"WebPage","@id":"https:\/\/www.deinadieu.ch\/it\/le-donne-e-le-ragazze-sono-i-pilastri-della-societa-senza-la-loro-salute-non-funziona-nulla\/","url":"https:\/\/www.deinadieu.ch\/it\/le-donne-e-le-ragazze-sono-i-pilastri-della-societa-senza-la-loro-salute-non-funziona-nulla\/","name":"Ritratto dell'organizzazione di sviluppo Iamaneh Svizzera | DeinAdieu.ch","isPartOf":{"@id":"https:\/\/www.deinadieu.ch\/it\/#website"},"primaryImageOfPage":{"@id":"https:\/\/www.deinadieu.ch\/it\/le-donne-e-le-ragazze-sono-i-pilastri-della-societa-senza-la-loro-salute-non-funziona-nulla\/#primaryimage"},"image":{"@id":"https:\/\/www.deinadieu.ch\/it\/le-donne-e-le-ragazze-sono-i-pilastri-della-societa-senza-la-loro-salute-non-funziona-nulla\/#primaryimage"},"thumbnailUrl":"https:\/\/www.deinadieu.ch\/wp-content\/uploads\/2024\/01\/Bild-1_Header-scaled.jpg","datePublished":"2024-01-16T06:56:00+00:00","dateModified":"2024-03-25T14:27:15+00:00","description":"L'organizzazione Iamaneh si impegna per la salute e i diritti delle donne e delle ragazze dell'Africa occidentale e dei Balcani occidentali.","breadcrumb":{"@id":"https:\/\/www.deinadieu.ch\/it\/le-donne-e-le-ragazze-sono-i-pilastri-della-societa-senza-la-loro-salute-non-funziona-nulla\/#breadcrumb"},"inLanguage":"it-IT","potentialAction":[{"@type":"ReadAction","target":["https:\/\/www.deinadieu.ch\/it\/le-donne-e-le-ragazze-sono-i-pilastri-della-societa-senza-la-loro-salute-non-funziona-nulla\/"]}]},{"@type":"ImageObject","inLanguage":"it-IT","@id":"https:\/\/www.deinadieu.ch\/it\/le-donne-e-le-ragazze-sono-i-pilastri-della-societa-senza-la-loro-salute-non-funziona-nulla\/#primaryimage","url":"https:\/\/www.deinadieu.ch\/wp-content\/uploads\/2024\/01\/Bild-1_Header-scaled.jpg","contentUrl":"https:\/\/www.deinadieu.ch\/wp-content\/uploads\/2024\/01\/Bild-1_Header-scaled.jpg","width":2560,"height":1707,"caption":"Iamaneh Svizzera ha celebrato il suo 45\u00b0 anniversario nel 2023 e ha organizzato la mostra fotografica \"Ganz Frau\" sulle mutilazioni genitali femminili in Senegal. (Foto: Djamila Grossman)"},{"@type":"BreadcrumbList","@id":"https:\/\/www.deinadieu.ch\/it\/le-donne-e-le-ragazze-sono-i-pilastri-della-societa-senza-la-loro-salute-non-funziona-nulla\/#breadcrumb","itemListElement":[{"@type":"ListItem","position":1,"name":"Home","item":"https:\/\/www.deinadieu.ch\/it\/deinadieu-dialog-und-serviceportal-zum-lebensende\/"},{"@type":"ListItem","position":2,"name":"&#8220;Le donne e le ragazze sono i pilastri della societ\u00e0: senza la loro salute non funziona nulla&#8221;."}]},{"@type":"WebSite","@id":"https:\/\/www.deinadieu.ch\/it\/#website","url":"https:\/\/www.deinadieu.ch\/it\/","name":"DeinAdieu.ch","description":"Testament, Patientenverf\u00fcgung und Vorsorgeauftrag","publisher":{"@id":"https:\/\/www.deinadieu.ch\/it\/#organization"},"potentialAction":[{"@type":"SearchAction","target":{"@type":"EntryPoint","urlTemplate":"https:\/\/www.deinadieu.ch\/it\/?s={search_term_string}"},"query-input":{"@type":"PropertyValueSpecification","valueRequired":true,"valueName":"search_term_string"}}],"inLanguage":"it-IT"},{"@type":"Organization","@id":"https:\/\/www.deinadieu.ch\/it\/#organization","name":"EMNA Web GmbH","url":"https:\/\/www.deinadieu.ch\/it\/","logo":{"@type":"ImageObject","inLanguage":"it-IT","@id":"https:\/\/www.deinadieu.ch\/it\/#\/schema\/logo\/image\/","url":"https:\/\/www.deinadieu.ch\/wp-content\/uploads\/2016\/01\/DeinAdieu_Logo.png","contentUrl":"https:\/\/www.deinadieu.ch\/wp-content\/uploads\/2016\/01\/DeinAdieu_Logo.png","width":300,"height":117,"caption":"EMNA Web GmbH"},"image":{"@id":"https:\/\/www.deinadieu.ch\/it\/#\/schema\/logo\/image\/"},"sameAs":["https:\/\/www.facebook.com\/deinadieu","https:\/\/x.com\/DeinAdieu","https:\/\/www.instagram.com\/deinadieu\/","https:\/\/www.linkedin.com\/company\/deinadieu.ch"]},{"@type":"Person","@id":"https:\/\/www.deinadieu.ch\/it\/#\/schema\/person\/ad724a53f7e50dd3866fc9b0fc6bbdd9","name":"Sabrina Rohner","image":{"@type":"ImageObject","inLanguage":"it-IT","@id":"https:\/\/secure.gravatar.com\/avatar\/c72cef3c7bba2e19d98358a63ff805dbe088a70fb947d10024d669ded777102d?s=96&d=mm&r=g","url":"https:\/\/secure.gravatar.com\/avatar\/c72cef3c7bba2e19d98358a63ff805dbe088a70fb947d10024d669ded777102d?s=96&d=mm&r=g","contentUrl":"https:\/\/secure.gravatar.com\/avatar\/c72cef3c7bba2e19d98358a63ff805dbe088a70fb947d10024d669ded777102d?s=96&d=mm&r=g","caption":"Sabrina Rohner"},"url":"https:\/\/www.deinadieu.ch\/it\/author\/sabrina-rohnergmail-com\/"}]}},"_links":{"self":[{"href":"https:\/\/www.deinadieu.ch\/it\/wp-json\/wp\/v2\/posts\/66348","targetHints":{"allow":["GET"]}}],"collection":[{"href":"https:\/\/www.deinadieu.ch\/it\/wp-json\/wp\/v2\/posts"}],"about":[{"href":"https:\/\/www.deinadieu.ch\/it\/wp-json\/wp\/v2\/types\/post"}],"author":[{"embeddable":true,"href":"https:\/\/www.deinadieu.ch\/it\/wp-json\/wp\/v2\/users\/6038"}],"replies":[{"embeddable":true,"href":"https:\/\/www.deinadieu.ch\/it\/wp-json\/wp\/v2\/comments?post=66348"}],"version-history":[{"count":1,"href":"https:\/\/www.deinadieu.ch\/it\/wp-json\/wp\/v2\/posts\/66348\/revisions"}],"predecessor-version":[{"id":66349,"href":"https:\/\/www.deinadieu.ch\/it\/wp-json\/wp\/v2\/posts\/66348\/revisions\/66349"}],"wp:featuredmedia":[{"embeddable":true,"href":"https:\/\/www.deinadieu.ch\/it\/wp-json\/wp\/v2\/media\/66241"}],"wp:attachment":[{"href":"https:\/\/www.deinadieu.ch\/it\/wp-json\/wp\/v2\/media?parent=66348"}],"wp:term":[{"taxonomy":"category","embeddable":true,"href":"https:\/\/www.deinadieu.ch\/it\/wp-json\/wp\/v2\/categories?post=66348"},{"taxonomy":"post_tag","embeddable":true,"href":"https:\/\/www.deinadieu.ch\/it\/wp-json\/wp\/v2\/tags?post=66348"}],"curies":[{"name":"wp","href":"https:\/\/api.w.org\/{rel}","templated":true}]}}