{"id":65706,"date":"2023-09-19T07:22:00","date_gmt":"2023-09-19T05:22:00","guid":{"rendered":"https:\/\/www.deinadieu.ch\/i-problemi-dallaltra-parte-della-strada-spesso-non-sono-visibili\/"},"modified":"2024-03-25T15:27:04","modified_gmt":"2024-03-25T14:27:04","slug":"i-problemi-dallaltra-parte-della-strada-spesso-non-sono-visibili","status":"publish","type":"post","link":"https:\/\/www.deinadieu.ch\/it\/i-problemi-dallaltra-parte-della-strada-spesso-non-sono-visibili\/","title":{"rendered":"&#8220;I problemi dall&#8217;altra parte della strada spesso non sono visibili&#8221;."},"content":{"rendered":"\n<p>La Fondazione Tosam, con sede a Herisau, in Appenzello, offre alle persone che operano nel mercato del lavoro alternativo una possibilit\u00e0 di impiego e di sviluppo. Le persone che sostengono finanziariamente Tosam sono consapevoli che la disoccupazione pu\u00f2 colpire chiunque. DeinAdieu ha parlato con l&#8217;amministratore delegato Marcel De Tomasi e la collaboratrice Manuela Hafner dell&#8217;importanza dell&#8217;impresa sociale.<\/p>\n\n<!--more-->\n\n<p><strong>Cosa rende unica la Fondazione Tosam?<\/strong><\/p>\n\n<p><strong>Marcel De Tomasi, Gesch\u00e4ftsf\u00fchrer Tosam Stiftung seit 2019<\/strong>: Unser Wirken steht unter dem Motto \u00abWertsch\u00e4tzen und Wertsch\u00f6pfen\u00bb. Bei Tosam erhalten Menschen einen begleiteten Arbeits- oder Bildungsplatz in Secondhandgesch\u00e4ften, im Gartenbau oder in einem Caritas-Laden. Die Rolle von Tosam in der Region ist wirtschaftlich und sozial bedeutend: In den insgesamt sechs Betrieben in den Kantonen Appenzell Ausserrhoden, Innerrhoden und St. Gallen arbeiten rund 260 Personen, die noch keine Chance haben, im ersten Arbeitsmarkt eine Stelle zu finden.<\/p>\n\n<figure class=\"wp-block-image size-large\"><img loading=\"lazy\" decoding=\"async\" width=\"1024\" height=\"683\" src=\"https:\/\/www.deinadieu.ch\/wp-content\/uploads\/2023\/08\/2_Geschaeftsfuehrer_Tosam-1024x683.jpg\" alt=\"Direttore generale Tosam\" class=\"wp-image-65242\" srcset=\"https:\/\/www.deinadieu.ch\/wp-content\/uploads\/2023\/08\/2_Geschaeftsfuehrer_Tosam-1024x683.jpg 1024w, https:\/\/www.deinadieu.ch\/wp-content\/uploads\/2023\/08\/2_Geschaeftsfuehrer_Tosam-300x200.jpg 300w, https:\/\/www.deinadieu.ch\/wp-content\/uploads\/2023\/08\/2_Geschaeftsfuehrer_Tosam-1536x1024.jpg 1536w, https:\/\/www.deinadieu.ch\/wp-content\/uploads\/2023\/08\/2_Geschaeftsfuehrer_Tosam-2048x1365.jpg 2048w\" sizes=\"auto, (max-width: 1024px) 100vw, 1024px\" \/><figcaption class=\"wp-element-caption\">Marcel De Tomasi \u00e8 il direttore generale della Fondazione Tosam dal 2019. <\/figcaption><\/figure>\n\n<p><strong>Quali sono gli obiettivi attuali di Tosam?<\/strong><\/p>\n\n<p><strong>Marcel De Tomasi<\/strong>: Stiamo passando da un&#8217;istituzione sociale a un&#8217;impresa sociale gestita in modo imprenditoriale. Al momento siamo in una fase di consolidamento: vogliamo migliorare ancora la nostra offerta attuale e non ampliarla ulteriormente. Questo processo di cambiamento non \u00e8 ancora concluso. In quanto organizzazione senza scopo di lucro, Tosam si affida a <a href=\"https:\/\/app.deinadieu.ch\/da\/testament\/7601\">donazioni e lasciti<\/a> per digitalizzare maggiormente la propria attivit\u00e0 e mantenere aggiornate le proprie operazioni.<\/p>\n\n<p><strong>L&#8217;istituzione \u00e8 finanziata dai redditi di gestione, dai contributi del settore pubblico e da donazioni e lasciti. Perch\u00e9 qualcuno dovrebbe includere Tosam nel proprio testamento?<\/strong> <\/p>\n\n<p><strong>Marcel De Tomasi<\/strong>: Anche in un Paese ricco come la Svizzera ci sono problemi e situazioni difficili, ma spesso non sono visibili nella vita quotidiana. Questo rende anche pi\u00f9 difficile ottenere donazioni, perch\u00e9 spesso le immagini per il mondo esterno non sembrano cos\u00ec drammatiche. La <a href=\"https:\/\/www.deinadieu.ch\/it\/organizzazioni-caritatevoli\/\">Fondazione Tosam<\/a> sostiene le persone che vivono dall&#8217;altra parte della strada e hanno problemi di salute. I nostri donatori sono persone consapevoli che problemi di salute e socio-psicologici come il burnout possono colpire chiunque.<\/p>\n\n<p><strong>A cosa servono le donazioni e i lasciti della Fondazione Tosam?<\/strong><\/p>\n\n<p><strong>Marcel De Tomasi<\/strong>: La Fondazione Tosam accoglie persone con problemi mentali o deficit cognitivi, contribuendo cos\u00ec all&#8217;integrazione psicosociale. Con le donazioni finanziamo la formazione e il lavoro di queste persone e di quelle che non ricevono sostegno finanziario dalle compagnie di assicurazione. Per le persone interessate, la nostra formazione e i nostri lavori sono spesso esistenziali: attraverso le nuove prospettive, mantengono i contatti sociali, hanno una struttura quotidiana e possono persino scoprire il loro potenziale personale.<\/p>\n\n<p>Molte di queste persone gestiscono la loro vita quotidiana con mezzi finanziari molto modesti. Per consentire a queste persone di ricevere cure dentistiche o di andare in vacanza, ad esempio, la Fondazione Tosam gestisce un proprio fondo per i bisognosi.<\/p>\n\n<p>Quindi, da un lato investiamo donazioni e lasciti in opportunit\u00e0 di lavoro e nel fondo per i bisognosi, ma dall&#8217;altro dipendiamo anche da donazioni private per l&#8217;ulteriore sviluppo delle nostre attivit\u00e0. Ci\u00f2 riguarda, ad esempio, la struttura informatica per far progredire la digitalizzazione interna o l&#8217;infrastruttura dei nostri luoghi di cura e di lavoro. Nello specifico, ad esempio, abbiamo bisogno di acquistare un nuovo veicolo da giardino per l&#8217;attivit\u00e0 di orticoltura. L&#8217;utilizzo dei lasciti avviene sempre in consultazione con i donatori, che possono avviare essi stessi progetti sociali o imprenditoriali.<\/p>\n\n<figure class=\"wp-block-image size-large\"><img loading=\"lazy\" decoding=\"async\" width=\"1024\" height=\"683\" src=\"https:\/\/www.deinadieu.ch\/wp-content\/uploads\/2023\/08\/3_Mitarbeiterin-1024x683.jpg\" alt=\"Manuela Hafner, Fondazione Tosam\" class=\"wp-image-65246\" srcset=\"https:\/\/www.deinadieu.ch\/wp-content\/uploads\/2023\/08\/3_Mitarbeiterin-1024x683.jpg 1024w, https:\/\/www.deinadieu.ch\/wp-content\/uploads\/2023\/08\/3_Mitarbeiterin-300x200.jpg 300w, https:\/\/www.deinadieu.ch\/wp-content\/uploads\/2023\/08\/3_Mitarbeiterin-1536x1024.jpg 1536w, https:\/\/www.deinadieu.ch\/wp-content\/uploads\/2023\/08\/3_Mitarbeiterin-2048x1365.jpg 2048w\" sizes=\"auto, (max-width: 1024px) 100vw, 1024px\" \/><figcaption class=\"wp-element-caption\">Manuela Hafner lavora presso Tosam nel settore dell&#8217;orticoltura e della manutenzione dei giardini.<\/figcaption><\/figure>\n\n<p><strong>Dal 2019 lavora come collaboratrice nel reparto di orticoltura della Fondazione Tosam. Come \u00e8 arrivata a Tosam?<\/strong><\/p>\n\n<p><strong>Manuela Hafner, collaboratrice nell&#8217;azienda orticola Tosam<\/strong>: Dopo 21 anni di ruolo dirigenziale in una grande organizzazione, qualche anno fa ho sofferto di burnout. Poi ho perso il lavoro a causa dei miei problemi di salute e da allora dipendo dal sostegno AI. Tosam mi ha dato una mano dopo che ho perso il lavoro. Da quattro anni lavoro part-time nel settore dell&#8217;orticoltura.<\/p>\n\n<p><strong>Cosa significa per lei lavorare in Tosam?<\/strong><\/p>\n\n<p><strong>Manuela Hafner<\/strong>: Qui mi sento come in una famiglia: incontro comprensione perch\u00e9 le altre persone qui hanno avuto esperienze simili alle mie. Lavorare nell&#8217;orticoltura mi d\u00e0 soddisfazione e struttura nella mia vita quotidiana. Lavorare in Tosam \u00e8 molto importante anche per la mia autostima, perch\u00e9 posso fare la differenza e dare forma alle cose. Mi piace soprattutto il contatto con il cliente nella manutenzione dei giardini, che gi\u00e0 mi piaceva nel mio precedente lavoro.<\/p>\n\n<p><strong>Com&#8217;\u00e8 stato passare da un lavoro d&#8217;ufficio all&#8217;orticoltura?<\/strong><\/p>\n\n<p><strong>Manuela Hafner<\/strong>: L&#8217;inizio \u00e8 stato impegnativo, all&#8217;epoca non avevo alcuna idea dell&#8217;orticoltura. Potevo innaffiare le piante, ma non pi\u00f9! Il primo giorno di lavoro siamo stati subito sorpresi dal nevischio. Ci voleva molta pazienza, ma imparavo sempre. Stare all&#8217;aperto con il vento e le intemperie fa bene, anche se \u00e8 faticoso, soprattutto all&#8217;inizio. Dopo il lavoro sono fisicamente stanca, ma soddisfatta.<\/p>\n\n<p><strong>Cosa desidera per il futuro?<\/strong><\/p>\n\n<p><strong>Manuela Hafner<\/strong>: Vorrei vedere una maggiore comprensione per le persone che soffrono di problemi di salute e che quindi non trovano pi\u00f9 posto nel mercato del lavoro primario. Invece di un rimprovero &#8220;Che c&#8217;\u00e8, non riesci a lavorare bene?&#8221;, sarebbe bello un incoraggiante &#8220;Wow, stai facendo qualcosa!&#8221;. L&#8217;accettazione dei problemi di salute spesso non si nota, o si nota solo quando qualcuno soffre di un burnout o di qualcosa di simile. Vorrei che tutti noi fossimo in grado di ammettere le nostre debolezze e di comunicarle.<\/p>\n\n<figure class=\"wp-block-image size-large\"><img loading=\"lazy\" decoding=\"async\" width=\"1024\" height=\"683\" src=\"https:\/\/www.deinadieu.ch\/wp-content\/uploads\/2023\/08\/4_Wagen-mit-Logo-1024x683.jpg\" alt=\"veicolo tosam\" class=\"wp-image-65250\" srcset=\"https:\/\/www.deinadieu.ch\/wp-content\/uploads\/2023\/08\/4_Wagen-mit-Logo-1024x683.jpg 1024w, https:\/\/www.deinadieu.ch\/wp-content\/uploads\/2023\/08\/4_Wagen-mit-Logo-300x200.jpg 300w, https:\/\/www.deinadieu.ch\/wp-content\/uploads\/2023\/08\/4_Wagen-mit-Logo-1536x1024.jpg 1536w, https:\/\/www.deinadieu.ch\/wp-content\/uploads\/2023\/08\/4_Wagen-mit-Logo-2048x1365.jpg 2048w\" sizes=\"auto, (max-width: 1024px) 100vw, 1024px\" \/><figcaption class=\"wp-element-caption\">Sei aziende agricole nei cantoni di Appenzello Esterno, Innerrhoden e San Gallo appartengono alla Fondazione Tosam.<\/figcaption><\/figure>\n\n\n        <div class=\"da-servicebox relative bg-gray-200 p-4 pt-8 border-solid border-t-8 border-da-dark mb-6\">\n            <i class=\"fas fa-info-circle mx-auto fa-7x text-da-dark\"><\/i>\n            <span style=\"hyphens: auto\">\n                La <a href=\"https:\/\/www.deinadieu.ch\/it\/organizzazioni-caritatevoli\/\">Fondazione Tosam<\/a> \u00e8 stata fondata nel 1989 con sede a Herisau. Con l&#8217;obiettivo di offrire una gamma il pi\u00f9 possibile diversificata di posti di lavoro nel mercato del lavoro alternativo, parallelamente al mercato del lavoro primario, la fondazione ha continuato a svilupparsi da allora. Oggi fanno parte della fondazione sei aziende nei cantoni di Appenzello Esterno, Innerrhoden e San Gallo, tra cui diversi negozi di seconda mano con il marchio Tosam WinWin, due aziende di giardinaggio e un negozio Caritas a basso costo.<\/p>\n\n<p>Volete contribuire ad accompagnare l&#8217;istruzione e le opportunit\u00e0 di integrazione oltre la vostra vita? Con il vostro <a href=\"https:\/\/app.deinadieu.ch\/da\/testament\/7601\">lascito a favore delle attivit\u00e0 Tosam<\/a> o di progetti specifici, potete contribuire a creare e mantenere posti di lavoro e opportunit\u00e0 di formazione per i dipendenti.<\/p>\n\n<p>\n                \n                \n            <\/span>\n        <\/div>\n        \n\n<p><\/p>\n\n<div style=\"height:40px\" aria-hidden=\"true\" class=\"wp-block-spacer\"><\/div>\n\n<div class=\"wp-block-buttons is-layout-flex wp-block-buttons-is-layout-flex\">\n<div class=\"wp-block-button\"><a class=\"wp-block-button__link wp-element-button\" href=\"https:\/\/app.deinadieu.ch\/da\/testament\/7601\">Fondazione Tosam da considerare nel testamento<\/a><\/div>\n<\/div>\n","protected":false},"excerpt":{"rendered":"<p>La Fondazione Tosam, con sede a Herisau, in Appenzello, offre alle persone che operano nel mercato del lavoro alternativo una possibilit\u00e0 di impiego e di sviluppo. Le persone che sostengono finanziariamente Tosam sono consapevoli che la disoccupazione pu\u00f2 colpire chiunque. DeinAdieu ha parlato con l&#8217;amministratore delegato Marcel De Tomasi e la collaboratrice Manuela Hafner dell&#8217;importanza [&hellip;]<\/p>\n","protected":false},"author":6038,"featured_media":65241,"comment_status":"open","ping_status":"closed","sticky":false,"template":"","format":"standard","meta":{"_acf_changed":false,"footnotes":""},"categories":[2474],"tags":[2522,3014,3565,3160],"class_list":["post-65706","post","type-post","status-publish","format-standard","has-post-thumbnail","hentry","category-opere-caritative","tag-cosa-puo-fare-la-mia-eredita","tag-donazioni","tag-integrazione-sociale","tag-organizzazioni-di-aiuto"],"acf":[],"yoast_head":"<title>Ritratto della Fondazione Tosam | DeinAdieu<\/title>\n<meta name=\"description\" content=\"In questo articolo vi presentiamo la Fondazione Tosam, attiva con progetti sociali in diverse localit\u00e0 della Svizzera orientale.\" \/>\n<meta name=\"robots\" content=\"index, follow, max-snippet:-1, max-image-preview:large, max-video-preview:-1\" \/>\n<link rel=\"canonical\" href=\"https:\/\/www.deinadieu.ch\/it\/i-problemi-dallaltra-parte-della-strada-spesso-non-sono-visibili\/\" \/>\n<meta property=\"og:locale\" content=\"it_IT\" \/>\n<meta property=\"og:type\" content=\"article\" \/>\n<meta property=\"og:title\" content=\"&quot;I problemi dall&#039;altra parte della strada spesso non sono visibili&quot;.\" \/>\n<meta property=\"og:description\" content=\"La Fondazione Tosam, con sede a Herisau, in Appenzello, offre alle persone che operano nel mercato del lavoro alternativo una possibilit\u00e0 di impiego e di\" \/>\n<meta property=\"og:url\" content=\"https:\/\/www.deinadieu.ch\/it\/i-problemi-dallaltra-parte-della-strada-spesso-non-sono-visibili\/\" \/>\n<meta property=\"og:site_name\" content=\"DeinAdieu.ch\" \/>\n<meta property=\"article:publisher\" content=\"https:\/\/www.facebook.com\/deinadieu\" \/>\n<meta property=\"article:published_time\" content=\"2023-09-19T05:22:00+00:00\" \/>\n<meta property=\"article:modified_time\" content=\"2024-03-25T14:27:04+00:00\" \/>\n<meta property=\"og:image\" content=\"https:\/\/static.deinadieu.ch\/uploads\/2023\/08\/1_Interview_Tosam_beide-scaled.jpg\" \/>\n\t<meta property=\"og:image:width\" content=\"2560\" \/>\n\t<meta property=\"og:image:height\" content=\"1707\" \/>\n\t<meta property=\"og:image:type\" content=\"image\/jpeg\" \/>\n<meta name=\"author\" content=\"Sabrina Rohner\" \/>\n<meta name=\"twitter:card\" content=\"summary_large_image\" \/>\n<meta name=\"twitter:creator\" content=\"@DeinAdieu\" \/>\n<meta name=\"twitter:site\" content=\"@DeinAdieu\" \/>\n<meta name=\"twitter:label1\" content=\"Written by\" \/>\n\t<meta name=\"twitter:data1\" content=\"Sabrina Rohner\" \/>\n\t<meta name=\"twitter:label2\" content=\"Est. reading time\" \/>\n\t<meta name=\"twitter:data2\" content=\"5 minutes\" \/>\n<script type=\"application\/ld+json\" class=\"yoast-schema-graph\">{\"@context\":\"https:\\\/\\\/schema.org\",\"@graph\":[{\"@type\":\"Article\",\"@id\":\"https:\\\/\\\/www.deinadieu.ch\\\/it\\\/i-problemi-dallaltra-parte-della-strada-spesso-non-sono-visibili\\\/#article\",\"isPartOf\":{\"@id\":\"https:\\\/\\\/www.deinadieu.ch\\\/it\\\/i-problemi-dallaltra-parte-della-strada-spesso-non-sono-visibili\\\/\"},\"author\":{\"name\":\"Sabrina Rohner\",\"@id\":\"https:\\\/\\\/www.deinadieu.ch\\\/it\\\/#\\\/schema\\\/person\\\/ad724a53f7e50dd3866fc9b0fc6bbdd9\"},\"headline\":\"&#8220;I problemi dall&#8217;altra parte della strada spesso non sono visibili&#8221;.\",\"datePublished\":\"2023-09-19T05:22:00+00:00\",\"dateModified\":\"2024-03-25T14:27:04+00:00\",\"mainEntityOfPage\":{\"@id\":\"https:\\\/\\\/www.deinadieu.ch\\\/it\\\/i-problemi-dallaltra-parte-della-strada-spesso-non-sono-visibili\\\/\"},\"wordCount\":1060,\"commentCount\":0,\"publisher\":{\"@id\":\"https:\\\/\\\/www.deinadieu.ch\\\/it\\\/#organization\"},\"image\":{\"@id\":\"https:\\\/\\\/www.deinadieu.ch\\\/it\\\/i-problemi-dallaltra-parte-della-strada-spesso-non-sono-visibili\\\/#primaryimage\"},\"thumbnailUrl\":\"https:\\\/\\\/www.deinadieu.ch\\\/wp-content\\\/uploads\\\/2023\\\/08\\\/1_Interview_Tosam_beide-scaled.jpg\",\"keywords\":[\"Cosa pu\u00f2 fare la mia eredit\u00e0?\",\"Donazioni\",\"integrazione sociale\",\"Organizzazioni di aiuto\"],\"articleSection\":[\"Focus sulle opere caritative\"],\"inLanguage\":\"it-IT\",\"potentialAction\":[{\"@type\":\"CommentAction\",\"name\":\"Comment\",\"target\":[\"https:\\\/\\\/www.deinadieu.ch\\\/it\\\/i-problemi-dallaltra-parte-della-strada-spesso-non-sono-visibili\\\/#respond\"]}]},{\"@type\":\"WebPage\",\"@id\":\"https:\\\/\\\/www.deinadieu.ch\\\/it\\\/i-problemi-dallaltra-parte-della-strada-spesso-non-sono-visibili\\\/\",\"url\":\"https:\\\/\\\/www.deinadieu.ch\\\/it\\\/i-problemi-dallaltra-parte-della-strada-spesso-non-sono-visibili\\\/\",\"name\":\"Ritratto della Fondazione Tosam | DeinAdieu\",\"isPartOf\":{\"@id\":\"https:\\\/\\\/www.deinadieu.ch\\\/it\\\/#website\"},\"primaryImageOfPage\":{\"@id\":\"https:\\\/\\\/www.deinadieu.ch\\\/it\\\/i-problemi-dallaltra-parte-della-strada-spesso-non-sono-visibili\\\/#primaryimage\"},\"image\":{\"@id\":\"https:\\\/\\\/www.deinadieu.ch\\\/it\\\/i-problemi-dallaltra-parte-della-strada-spesso-non-sono-visibili\\\/#primaryimage\"},\"thumbnailUrl\":\"https:\\\/\\\/www.deinadieu.ch\\\/wp-content\\\/uploads\\\/2023\\\/08\\\/1_Interview_Tosam_beide-scaled.jpg\",\"datePublished\":\"2023-09-19T05:22:00+00:00\",\"dateModified\":\"2024-03-25T14:27:04+00:00\",\"description\":\"In questo articolo vi presentiamo la Fondazione Tosam, attiva con progetti sociali in diverse localit\u00e0 della Svizzera orientale.\",\"breadcrumb\":{\"@id\":\"https:\\\/\\\/www.deinadieu.ch\\\/it\\\/i-problemi-dallaltra-parte-della-strada-spesso-non-sono-visibili\\\/#breadcrumb\"},\"inLanguage\":\"it-IT\",\"potentialAction\":[{\"@type\":\"ReadAction\",\"target\":[\"https:\\\/\\\/www.deinadieu.ch\\\/it\\\/i-problemi-dallaltra-parte-della-strada-spesso-non-sono-visibili\\\/\"]}]},{\"@type\":\"ImageObject\",\"inLanguage\":\"it-IT\",\"@id\":\"https:\\\/\\\/www.deinadieu.ch\\\/it\\\/i-problemi-dallaltra-parte-della-strada-spesso-non-sono-visibili\\\/#primaryimage\",\"url\":\"https:\\\/\\\/www.deinadieu.ch\\\/wp-content\\\/uploads\\\/2023\\\/08\\\/1_Interview_Tosam_beide-scaled.jpg\",\"contentUrl\":\"https:\\\/\\\/www.deinadieu.ch\\\/wp-content\\\/uploads\\\/2023\\\/08\\\/1_Interview_Tosam_beide-scaled.jpg\",\"width\":2560,\"height\":1707,\"caption\":\"L'amministratore delegato Marcel De Tomasi e la dipendente Manuela Hafner a colloquio con Dein Adieu (Foto: Hanspeter Schiess)\"},{\"@type\":\"BreadcrumbList\",\"@id\":\"https:\\\/\\\/www.deinadieu.ch\\\/it\\\/i-problemi-dallaltra-parte-della-strada-spesso-non-sono-visibili\\\/#breadcrumb\",\"itemListElement\":[{\"@type\":\"ListItem\",\"position\":1,\"name\":\"Home\",\"item\":\"https:\\\/\\\/www.deinadieu.ch\\\/it\\\/deinadieu-dialog-und-serviceportal-zum-lebensende\\\/\"},{\"@type\":\"ListItem\",\"position\":2,\"name\":\"&#8220;I problemi dall&#8217;altra parte della strada spesso non sono visibili&#8221;.\"}]},{\"@type\":\"WebSite\",\"@id\":\"https:\\\/\\\/www.deinadieu.ch\\\/it\\\/#website\",\"url\":\"https:\\\/\\\/www.deinadieu.ch\\\/it\\\/\",\"name\":\"DeinAdieu.ch\",\"description\":\"Testament, Patientenverf\u00fcgung und Vorsorgeauftrag\",\"publisher\":{\"@id\":\"https:\\\/\\\/www.deinadieu.ch\\\/it\\\/#organization\"},\"potentialAction\":[{\"@type\":\"SearchAction\",\"target\":{\"@type\":\"EntryPoint\",\"urlTemplate\":\"https:\\\/\\\/www.deinadieu.ch\\\/it\\\/?s={search_term_string}\"},\"query-input\":{\"@type\":\"PropertyValueSpecification\",\"valueRequired\":true,\"valueName\":\"search_term_string\"}}],\"inLanguage\":\"it-IT\"},{\"@type\":\"Organization\",\"@id\":\"https:\\\/\\\/www.deinadieu.ch\\\/it\\\/#organization\",\"name\":\"EMNA Web GmbH\",\"url\":\"https:\\\/\\\/www.deinadieu.ch\\\/it\\\/\",\"logo\":{\"@type\":\"ImageObject\",\"inLanguage\":\"it-IT\",\"@id\":\"https:\\\/\\\/www.deinadieu.ch\\\/it\\\/#\\\/schema\\\/logo\\\/image\\\/\",\"url\":\"https:\\\/\\\/www.deinadieu.ch\\\/wp-content\\\/uploads\\\/2016\\\/01\\\/DeinAdieu_Logo.png\",\"contentUrl\":\"https:\\\/\\\/www.deinadieu.ch\\\/wp-content\\\/uploads\\\/2016\\\/01\\\/DeinAdieu_Logo.png\",\"width\":300,\"height\":117,\"caption\":\"EMNA Web GmbH\"},\"image\":{\"@id\":\"https:\\\/\\\/www.deinadieu.ch\\\/it\\\/#\\\/schema\\\/logo\\\/image\\\/\"},\"sameAs\":[\"https:\\\/\\\/www.facebook.com\\\/deinadieu\",\"https:\\\/\\\/x.com\\\/DeinAdieu\",\"https:\\\/\\\/www.instagram.com\\\/deinadieu\\\/\",\"https:\\\/\\\/www.linkedin.com\\\/company\\\/deinadieu.ch\"]},{\"@type\":\"Person\",\"@id\":\"https:\\\/\\\/www.deinadieu.ch\\\/it\\\/#\\\/schema\\\/person\\\/ad724a53f7e50dd3866fc9b0fc6bbdd9\",\"name\":\"Sabrina Rohner\",\"image\":{\"@type\":\"ImageObject\",\"inLanguage\":\"it-IT\",\"@id\":\"https:\\\/\\\/secure.gravatar.com\\\/avatar\\\/c72cef3c7bba2e19d98358a63ff805dbe088a70fb947d10024d669ded777102d?s=96&d=mm&r=g\",\"url\":\"https:\\\/\\\/secure.gravatar.com\\\/avatar\\\/c72cef3c7bba2e19d98358a63ff805dbe088a70fb947d10024d669ded777102d?s=96&d=mm&r=g\",\"contentUrl\":\"https:\\\/\\\/secure.gravatar.com\\\/avatar\\\/c72cef3c7bba2e19d98358a63ff805dbe088a70fb947d10024d669ded777102d?s=96&d=mm&r=g\",\"caption\":\"Sabrina Rohner\"},\"url\":\"https:\\\/\\\/www.deinadieu.ch\\\/it\\\/author\\\/sabrina-rohnergmail-com\\\/\"}]}<\/script>","yoast_head_json":{"title":"Ritratto della Fondazione Tosam | DeinAdieu","description":"In questo articolo vi presentiamo la Fondazione Tosam, attiva con progetti sociali in diverse localit\u00e0 della Svizzera orientale.","robots":{"index":"index","follow":"follow","max-snippet":"max-snippet:-1","max-image-preview":"max-image-preview:large","max-video-preview":"max-video-preview:-1"},"canonical":"https:\/\/www.deinadieu.ch\/it\/i-problemi-dallaltra-parte-della-strada-spesso-non-sono-visibili\/","og_locale":"it_IT","og_type":"article","og_title":"\"I problemi dall'altra parte della strada spesso non sono visibili\".","og_description":"La Fondazione Tosam, con sede a Herisau, in Appenzello, offre alle persone che operano nel mercato del lavoro alternativo una possibilit\u00e0 di impiego e di","og_url":"https:\/\/www.deinadieu.ch\/it\/i-problemi-dallaltra-parte-della-strada-spesso-non-sono-visibili\/","og_site_name":"DeinAdieu.ch","article_publisher":"https:\/\/www.facebook.com\/deinadieu","article_published_time":"2023-09-19T05:22:00+00:00","article_modified_time":"2024-03-25T14:27:04+00:00","og_image":[{"width":2560,"height":1707,"url":"https:\/\/static.deinadieu.ch\/uploads\/2023\/08\/1_Interview_Tosam_beide-scaled.jpg","type":"image\/jpeg"}],"author":"Sabrina Rohner","twitter_card":"summary_large_image","twitter_creator":"@DeinAdieu","twitter_site":"@DeinAdieu","twitter_misc":{"Written by":"Sabrina Rohner","Est. reading time":"5 minutes"},"schema":{"@context":"https:\/\/schema.org","@graph":[{"@type":"Article","@id":"https:\/\/www.deinadieu.ch\/it\/i-problemi-dallaltra-parte-della-strada-spesso-non-sono-visibili\/#article","isPartOf":{"@id":"https:\/\/www.deinadieu.ch\/it\/i-problemi-dallaltra-parte-della-strada-spesso-non-sono-visibili\/"},"author":{"name":"Sabrina Rohner","@id":"https:\/\/www.deinadieu.ch\/it\/#\/schema\/person\/ad724a53f7e50dd3866fc9b0fc6bbdd9"},"headline":"&#8220;I problemi dall&#8217;altra parte della strada spesso non sono visibili&#8221;.","datePublished":"2023-09-19T05:22:00+00:00","dateModified":"2024-03-25T14:27:04+00:00","mainEntityOfPage":{"@id":"https:\/\/www.deinadieu.ch\/it\/i-problemi-dallaltra-parte-della-strada-spesso-non-sono-visibili\/"},"wordCount":1060,"commentCount":0,"publisher":{"@id":"https:\/\/www.deinadieu.ch\/it\/#organization"},"image":{"@id":"https:\/\/www.deinadieu.ch\/it\/i-problemi-dallaltra-parte-della-strada-spesso-non-sono-visibili\/#primaryimage"},"thumbnailUrl":"https:\/\/www.deinadieu.ch\/wp-content\/uploads\/2023\/08\/1_Interview_Tosam_beide-scaled.jpg","keywords":["Cosa pu\u00f2 fare la mia eredit\u00e0?","Donazioni","integrazione sociale","Organizzazioni di aiuto"],"articleSection":["Focus sulle opere caritative"],"inLanguage":"it-IT","potentialAction":[{"@type":"CommentAction","name":"Comment","target":["https:\/\/www.deinadieu.ch\/it\/i-problemi-dallaltra-parte-della-strada-spesso-non-sono-visibili\/#respond"]}]},{"@type":"WebPage","@id":"https:\/\/www.deinadieu.ch\/it\/i-problemi-dallaltra-parte-della-strada-spesso-non-sono-visibili\/","url":"https:\/\/www.deinadieu.ch\/it\/i-problemi-dallaltra-parte-della-strada-spesso-non-sono-visibili\/","name":"Ritratto della Fondazione Tosam | DeinAdieu","isPartOf":{"@id":"https:\/\/www.deinadieu.ch\/it\/#website"},"primaryImageOfPage":{"@id":"https:\/\/www.deinadieu.ch\/it\/i-problemi-dallaltra-parte-della-strada-spesso-non-sono-visibili\/#primaryimage"},"image":{"@id":"https:\/\/www.deinadieu.ch\/it\/i-problemi-dallaltra-parte-della-strada-spesso-non-sono-visibili\/#primaryimage"},"thumbnailUrl":"https:\/\/www.deinadieu.ch\/wp-content\/uploads\/2023\/08\/1_Interview_Tosam_beide-scaled.jpg","datePublished":"2023-09-19T05:22:00+00:00","dateModified":"2024-03-25T14:27:04+00:00","description":"In questo articolo vi presentiamo la Fondazione Tosam, attiva con progetti sociali in diverse localit\u00e0 della Svizzera orientale.","breadcrumb":{"@id":"https:\/\/www.deinadieu.ch\/it\/i-problemi-dallaltra-parte-della-strada-spesso-non-sono-visibili\/#breadcrumb"},"inLanguage":"it-IT","potentialAction":[{"@type":"ReadAction","target":["https:\/\/www.deinadieu.ch\/it\/i-problemi-dallaltra-parte-della-strada-spesso-non-sono-visibili\/"]}]},{"@type":"ImageObject","inLanguage":"it-IT","@id":"https:\/\/www.deinadieu.ch\/it\/i-problemi-dallaltra-parte-della-strada-spesso-non-sono-visibili\/#primaryimage","url":"https:\/\/www.deinadieu.ch\/wp-content\/uploads\/2023\/08\/1_Interview_Tosam_beide-scaled.jpg","contentUrl":"https:\/\/www.deinadieu.ch\/wp-content\/uploads\/2023\/08\/1_Interview_Tosam_beide-scaled.jpg","width":2560,"height":1707,"caption":"L'amministratore delegato Marcel De Tomasi e la dipendente Manuela Hafner a colloquio con Dein Adieu (Foto: Hanspeter Schiess)"},{"@type":"BreadcrumbList","@id":"https:\/\/www.deinadieu.ch\/it\/i-problemi-dallaltra-parte-della-strada-spesso-non-sono-visibili\/#breadcrumb","itemListElement":[{"@type":"ListItem","position":1,"name":"Home","item":"https:\/\/www.deinadieu.ch\/it\/deinadieu-dialog-und-serviceportal-zum-lebensende\/"},{"@type":"ListItem","position":2,"name":"&#8220;I problemi dall&#8217;altra parte della strada spesso non sono visibili&#8221;."}]},{"@type":"WebSite","@id":"https:\/\/www.deinadieu.ch\/it\/#website","url":"https:\/\/www.deinadieu.ch\/it\/","name":"DeinAdieu.ch","description":"Testament, Patientenverf\u00fcgung und Vorsorgeauftrag","publisher":{"@id":"https:\/\/www.deinadieu.ch\/it\/#organization"},"potentialAction":[{"@type":"SearchAction","target":{"@type":"EntryPoint","urlTemplate":"https:\/\/www.deinadieu.ch\/it\/?s={search_term_string}"},"query-input":{"@type":"PropertyValueSpecification","valueRequired":true,"valueName":"search_term_string"}}],"inLanguage":"it-IT"},{"@type":"Organization","@id":"https:\/\/www.deinadieu.ch\/it\/#organization","name":"EMNA Web GmbH","url":"https:\/\/www.deinadieu.ch\/it\/","logo":{"@type":"ImageObject","inLanguage":"it-IT","@id":"https:\/\/www.deinadieu.ch\/it\/#\/schema\/logo\/image\/","url":"https:\/\/www.deinadieu.ch\/wp-content\/uploads\/2016\/01\/DeinAdieu_Logo.png","contentUrl":"https:\/\/www.deinadieu.ch\/wp-content\/uploads\/2016\/01\/DeinAdieu_Logo.png","width":300,"height":117,"caption":"EMNA Web GmbH"},"image":{"@id":"https:\/\/www.deinadieu.ch\/it\/#\/schema\/logo\/image\/"},"sameAs":["https:\/\/www.facebook.com\/deinadieu","https:\/\/x.com\/DeinAdieu","https:\/\/www.instagram.com\/deinadieu\/","https:\/\/www.linkedin.com\/company\/deinadieu.ch"]},{"@type":"Person","@id":"https:\/\/www.deinadieu.ch\/it\/#\/schema\/person\/ad724a53f7e50dd3866fc9b0fc6bbdd9","name":"Sabrina Rohner","image":{"@type":"ImageObject","inLanguage":"it-IT","@id":"https:\/\/secure.gravatar.com\/avatar\/c72cef3c7bba2e19d98358a63ff805dbe088a70fb947d10024d669ded777102d?s=96&d=mm&r=g","url":"https:\/\/secure.gravatar.com\/avatar\/c72cef3c7bba2e19d98358a63ff805dbe088a70fb947d10024d669ded777102d?s=96&d=mm&r=g","contentUrl":"https:\/\/secure.gravatar.com\/avatar\/c72cef3c7bba2e19d98358a63ff805dbe088a70fb947d10024d669ded777102d?s=96&d=mm&r=g","caption":"Sabrina Rohner"},"url":"https:\/\/www.deinadieu.ch\/it\/author\/sabrina-rohnergmail-com\/"}]}},"_links":{"self":[{"href":"https:\/\/www.deinadieu.ch\/it\/wp-json\/wp\/v2\/posts\/65706","targetHints":{"allow":["GET"]}}],"collection":[{"href":"https:\/\/www.deinadieu.ch\/it\/wp-json\/wp\/v2\/posts"}],"about":[{"href":"https:\/\/www.deinadieu.ch\/it\/wp-json\/wp\/v2\/types\/post"}],"author":[{"embeddable":true,"href":"https:\/\/www.deinadieu.ch\/it\/wp-json\/wp\/v2\/users\/6038"}],"replies":[{"embeddable":true,"href":"https:\/\/www.deinadieu.ch\/it\/wp-json\/wp\/v2\/comments?post=65706"}],"version-history":[{"count":7,"href":"https:\/\/www.deinadieu.ch\/it\/wp-json\/wp\/v2\/posts\/65706\/revisions"}],"predecessor-version":[{"id":67201,"href":"https:\/\/www.deinadieu.ch\/it\/wp-json\/wp\/v2\/posts\/65706\/revisions\/67201"}],"wp:featuredmedia":[{"embeddable":true,"href":"https:\/\/www.deinadieu.ch\/it\/wp-json\/wp\/v2\/media\/65241"}],"wp:attachment":[{"href":"https:\/\/www.deinadieu.ch\/it\/wp-json\/wp\/v2\/media?parent=65706"}],"wp:term":[{"taxonomy":"category","embeddable":true,"href":"https:\/\/www.deinadieu.ch\/it\/wp-json\/wp\/v2\/categories?post=65706"},{"taxonomy":"post_tag","embeddable":true,"href":"https:\/\/www.deinadieu.ch\/it\/wp-json\/wp\/v2\/tags?post=65706"}],"curies":[{"name":"wp","href":"https:\/\/api.w.org\/{rel}","templated":true}]}}