{"id":65669,"date":"2023-08-22T07:17:00","date_gmt":"2023-08-22T05:17:00","guid":{"rendered":"https:\/\/www.deinadieu.ch\/diagnosi-di-alzheimer-e-un-addio-a-rate\/"},"modified":"2024-07-10T16:45:23","modified_gmt":"2024-07-10T14:45:23","slug":"diagnosi-di-alzheimer-e-un-addio-a-rate","status":"publish","type":"post","link":"https:\/\/www.deinadieu.ch\/it\/diagnosi-di-alzheimer-e-un-addio-a-rate\/","title":{"rendered":"Diagnosi di Alzheimer: &#8220;\u00c8 un addio a rate&#8221;."},"content":{"rendered":"\n<p>Improvvisamente Robert Kuhn, dottore in chimica, non riesce pi\u00f9 a trovare la strada per la metropolitana, improvvisamente gli mancano le parole quando parla in cinese. Come la diagnosi di Alzheimer ha cambiato la sua vita e quella di sua moglie Ruth.<\/p>\n\n<!--more-->\n\n<p><\/p>\n\n<p>Quando Robert Kuhn torna dalla Cina nel gennaio 2019, anche suo figlio ha notato che qualcosa non va. &#8220;Cosa c&#8217;\u00e8 che non va in pap\u00e0?&#8221;, chiede la madre, Ruth Kuhn, al telefono. Robert Kuhn, dottore in chimica che ricopre una posizione dirigenziale presso Novartis ed \u00e8 responsabile di importanti progetti in Cina, non riesce pi\u00f9 a trovare la strada per la metropolitana di Shanghai. Lui, che ha costruito una fabbrica in Cina, parlava fluentemente inglese e un buon cinese, non riesce pi\u00f9 a trovare le parole cinesi nella sua testa. Kuhn si era gi\u00e0 recato dal medico di base nel novembre 2018 perch\u00e9 aveva improvvisamente dimenticato delle cose. Ci vuole mezzo anno prima che una serie di esami porti finalmente la certezza: Alzheimer. &#8220;Ora le nostre vite stanno cambiando&#8221;, ha pensato Ruth Kuhn. <\/p>\n\n<p><\/p>\n\n<p>Lei e suo marito sono seduti a un tavolo nel &#8220;Lattich&#8221; della stazione merci di San Gallo, dove l&#8217;associazione Mosaik offre una struttura diurna alle persone affette da demenza. Robert Kuhn viene qui tre volte alla settimana per dipingere, cucinare e suonare il pianoforte. Qui, qualcuno lo prende in braccio, gli dice quando sdraiarsi per una pausa, quando \u00e8 ora di risalire sul treno. Perch\u00e9 tutto il resto della sua vita sta lentamente svanendo. Perch\u00e9 tutto ci\u00f2 che fa ora, gli altri devono pianificarlo per lui. <\/p>\n\n<p>Robert Kuhn, cosa ha provato quando ha ricevuto la diagnosi? Cosa faceva esattamente come chimico in Cina? Come si affronta la malattia? Non si ottengono pi\u00f9 risposte da Robert Kuhn, che si ferma a met\u00e0 frase, guarda le mani o il vuoto. Sorride, annuisce o scuote la testa. Non riesce pi\u00f9 a trovare le parole, \u00e8 sua moglie a finire le frasi, \u00e8 il suo sostegno, come una protesi che lo aiuta in ogni movimento affinch\u00e9 possa continuare a funzionare, qualcosa rimane ancora di lui.<\/p>\n\n<p><\/p>\n\n<h3 class=\"wp-block-heading\" id=\"h-sie-verkauften-das-haus-und-zogen-in-eine-wohnung\">Hanno venduto la casa e si sono trasferiti in un appartamento<\/h3>\n\n<p>La diagnosi \u00e8 stata uno shock, racconta Ruth Kuhn. &#8220;Abbiamo chiamato nostra figlia e lei \u00e8 crollata&#8221;. Pi\u00f9 tardi, la famiglia si \u00e8 riunita per giocare a minigolf. &#8220;Come per sfida, abbiamo aperto una bottiglia di vino e abbiamo celebrato la vita come era per noi in quel momento&#8221;, racconta l&#8217;autrice. Sembra coraggioso. \u00c8 apparso subito chiaro che avrebbero dovuto lasciare la casa di Duggingen, a Basilea, quando Robert Kuhn era ancora in grado di firmare il contratto d&#8217;acquisto. Non potendo pi\u00f9 lavorare, \u00e8 andato in pensione anticipata all&#8217;et\u00e0 di 60 anni. La coppia di Trogen, sposata da 37 anni, \u00e8 tornata a casa in Appenzello, dove ha il maggior numero di amici, dove ha trovato un appartamento ben organizzato e dove i buoni collegamenti con i trasporti pubblici le garantiscono una partecipazione alla vita il pi\u00f9 possibile indipendente. <\/p>\n\n<figure class=\"wp-block-image size-large\"><img loading=\"lazy\" decoding=\"async\" width=\"1024\" height=\"683\" src=\"https:\/\/www.deinadieu.ch\/wp-content\/uploads\/2023\/08\/4_2023-07_Kuhn_DEINADIEU-1024x683.jpg\" alt=\"\" class=\"wp-image-65079\" srcset=\"https:\/\/www.deinadieu.ch\/wp-content\/uploads\/2023\/08\/4_2023-07_Kuhn_DEINADIEU-1024x683.jpg 1024w, https:\/\/www.deinadieu.ch\/wp-content\/uploads\/2023\/08\/4_2023-07_Kuhn_DEINADIEU-300x200.jpg 300w, https:\/\/www.deinadieu.ch\/wp-content\/uploads\/2023\/08\/4_2023-07_Kuhn_DEINADIEU-1536x1024.jpg 1536w, https:\/\/www.deinadieu.ch\/wp-content\/uploads\/2023\/08\/4_2023-07_Kuhn_DEINADIEU-2048x1365.jpg 2048w\" sizes=\"auto, (max-width: 1024px) 100vw, 1024px\" \/><figcaption class=\"wp-element-caption\">La coppia ha venduto la casa di Basilea e si \u00e8 trasferita ad Appenzello, dove vive la maggior parte dei loro amici.<\/figcaption><\/figure>\n\n<p>Ruth Kuhn ha cercato aiuto &#8220;ovunque&#8221;, si riunisce una volta al mese con altri parenti per scambiare idee. E vede che il marito si muove. Va con lui in palestra, a passeggio, in bicicletta. &#8220;\u00c8 andata bene per molto tempo&#8221;, dice. Suo marito non soffre di altri effetti collaterali, non \u00e8 depresso n\u00e9 aggressivo. Ma non c&#8217;\u00e8 nulla su cui sorvolare. &#8220;\u00c8 una brutta malattia. Non migliora, non migliora mai, bisogna prendere ogni giorno per quello che \u00e8&#8221;, dice. E: &#8220;Ho dovuto imparare a lasciar andare i pensieri di speranza. A non coinvolgere pi\u00f9 mio marito nelle decisioni&#8221;. Ci\u00f2 che rimane di loro sono ricordi che sono sempre pi\u00f9 solo ricordi di Ruth Kuhn. Spesso guarda le foto del passato con il marito. &#8220;\u00c8 un addio a rate&#8221;, dice Ruth Kuhn.<\/p>\n\n<figure class=\"wp-block-image size-large\"><img loading=\"lazy\" decoding=\"async\" width=\"1024\" height=\"683\" src=\"https:\/\/www.deinadieu.ch\/wp-content\/uploads\/2023\/08\/1_2023-07_Kuhn_DEINADIEU-1024x683.jpg\" alt=\"\" class=\"wp-image-65066\" srcset=\"https:\/\/www.deinadieu.ch\/wp-content\/uploads\/2023\/08\/1_2023-07_Kuhn_DEINADIEU-1024x683.jpg 1024w, https:\/\/www.deinadieu.ch\/wp-content\/uploads\/2023\/08\/1_2023-07_Kuhn_DEINADIEU-300x200.jpg 300w, https:\/\/www.deinadieu.ch\/wp-content\/uploads\/2023\/08\/1_2023-07_Kuhn_DEINADIEU-1536x1024.jpg 1536w, https:\/\/www.deinadieu.ch\/wp-content\/uploads\/2023\/08\/1_2023-07_Kuhn_DEINADIEU-2048x1365.jpg 2048w\" sizes=\"auto, (max-width: 1024px) 100vw, 1024px\" \/><figcaption class=\"wp-element-caption\">Ruth Kuhn guarda spesso le foto del passato insieme al marito. Sempre pi\u00f9 spesso si tratta solo di ricordi di lei.<\/figcaption><\/figure>\n\n<p><\/p>\n\n<p>E recupera immediatamente la sua compostezza. \u00c8 grata che lui sia ancora coinvolto in cos\u00ec tante cose. &#8220;Gell&#8221;, gli dice lei, afferrandogli la mano, e lui sorride. Negli ultimi anni hanno viaggiato molto insieme. Ruth Kuhn, che aveva svolto il suo apprendistato commerciale presso un&#8217;agenzia di viaggi di San Gallo, ha prenotato vacanze a piedi a Madeira. E vol\u00f2 ancora una volta con il marito in Sud America, a Ushuaia, alla fine del mondo. Il volo per la Thailandia nel gennaio di quest&#8217;anno, tuttavia, si \u00e8 rivelato il peggiore che avesse mai sperimentato fino a quel momento. Suo marito voleva improvvisamente scendere dall&#8217;aereo sopra le nuvole, ha detto, e ha dovuto passare ore a cercare di calmarlo. <\/p>\n\n<p><\/p>\n\n<h3 class=\"wp-block-heading\" id=\"h-ich-habe-nicht-mehr-so-viel-geduld\">&#8220;Non ho pi\u00f9 tanta pazienza&#8221;.<\/h3>\n\n<p><\/p>\n\n<p>Ruth Kuhn, 69 anni, che prima si occupava della vita sociale del matrimonio, come dice lei stessa, si ritrova improvvisamente responsabile dell&#8217;aspetto finanziario. Lei, che si occupava dei bambini, ora si occupa del marito. 24 ore su 24. &#8220;Ora mi rendo conto che devo guardare anche a me stessa&#8221;, dice. Quella mattina, alle 6, il marito tolse i piatti sporchi dalla macchina e li ripose negli armadi. &#8220;Non ho pi\u00f9 tanta pazienza&#8221;. <\/p>\n\n<p><\/p>\n\n<p>I dipinti di Robert Kuhn sono appesi nello studio della struttura diurna. Tratti intrecciati in acquerello. Ricordano i caratteri cinesi confusi. Robert Kuhn spiega i suoi dipinti. Quello che vuole dire in realt\u00e0 si pu\u00f2 solo intuire. La chiave del suo bagaglio di conoscenze \u00e8 andata perduta.<\/p>\n\n<p><\/p>\n\n<p><\/p>\n\n<h2 class=\"wp-block-heading\" id=\"h-alzheimer-schweiz\">Alzheimer Svizzera<\/h2>\n\n<p>L&#8217;Associazione <a href=\"https:\/\/www.deinadieu.ch\/it\/organizzazioni-caritatevoli\/\">Alzheimer Svizzera<\/a> e le sue 21 sezioni forniscono informazioni, consulenza e supporto alle persone affette da demenza e ai loro familiari. Esistono servizi a bassa soglia, come un telefono di consulenza. L&#8217;associazione organizza anche gruppi di discussione per persone affette da demenza o per i familiari, corsi e giornate di formazione, nonch\u00e9 vacanze con possibilit\u00e0 di sollievo. Ruth Kuhn e la sua famiglia hanno chiesto aiuto anche ad Alzheimer Svizzera. &#8220;Alzheimer St. Gallen\/Appenzell ci ha aiutato molto e ci sostiene tuttora&#8221;, dice Ruth Kuhn.<\/p>\n\n<div style=\"height:40px\" aria-hidden=\"true\" class=\"wp-block-spacer\"><\/div>\n\n<div class=\"wp-block-buttons is-layout-flex wp-block-buttons-is-layout-flex\">\n<div class=\"wp-block-button\"><a class=\"wp-block-button__link wp-element-button\" href=\"https:\/\/app.deinadieu.ch\/da\/testament\/7406\">Beneficiate di Alzheimer Svizzera nel vostro testamento<\/a><\/div>\n<\/div>\n","protected":false},"excerpt":{"rendered":"<p>Improvvisamente Robert Kuhn, dottore in chimica, non riesce pi\u00f9 a trovare la strada per la metropolitana, improvvisamente gli mancano le parole quando parla in cinese. Come la diagnosi di Alzheimer ha cambiato la sua vita e quella di sua moglie Ruth.<\/p>\n","protected":false},"author":6028,"featured_media":65065,"comment_status":"open","ping_status":"closed","sticky":false,"template":"","format":"standard","meta":{"_acf_changed":false,"footnotes":""},"categories":[2474,2531],"tags":[2871,3563,2867,3562,3542],"class_list":["post-65669","post","type-post","status-publish","format-standard","has-post-thumbnail","hentry","category-opere-caritative","category-malattia","tag-alzheimer-it","tag-cura","tag-demenza","tag-eta","tag-malattia"],"acf":[],"yoast_head":"<title>Alzheimer Svizzera - Ritratto Ruth &amp; Robert Kuhn | DeinAdieu<\/title>\n<meta name=\"description\" content=\"In questo articolo, Ruth e Robert Kuhn raccontano come affrontano la malattia di Alzheimer.\" \/>\n<meta name=\"robots\" content=\"index, follow, max-snippet:-1, max-image-preview:large, max-video-preview:-1\" \/>\n<link rel=\"canonical\" href=\"https:\/\/www.deinadieu.ch\/it\/diagnosi-di-alzheimer-e-un-addio-a-rate\/\" \/>\n<meta property=\"og:locale\" content=\"it_IT\" \/>\n<meta property=\"og:type\" content=\"article\" \/>\n<meta property=\"og:title\" content=\"Diagnosi di Alzheimer: &quot;\u00c8 un addio a rate&quot;.\" \/>\n<meta property=\"og:description\" content=\"Improvvisamente Robert Kuhn, dottore in chimica, non riesce pi\u00f9 a trovare la strada per la metropolitana, improvvisamente gli mancano le parole quando\" \/>\n<meta property=\"og:url\" content=\"https:\/\/www.deinadieu.ch\/it\/diagnosi-di-alzheimer-e-un-addio-a-rate\/\" \/>\n<meta property=\"og:site_name\" content=\"DeinAdieu.ch\" \/>\n<meta property=\"article:publisher\" content=\"https:\/\/www.facebook.com\/deinadieu\" \/>\n<meta property=\"article:published_time\" content=\"2023-08-22T05:17:00+00:00\" \/>\n<meta property=\"article:modified_time\" content=\"2024-07-10T14:45:23+00:00\" \/>\n<meta property=\"og:image\" content=\"https:\/\/static.deinadieu.ch\/uploads\/2023\/08\/3_2023-07_Kuhn_DEINADIEU-scaled.jpg\" \/>\n\t<meta property=\"og:image:width\" content=\"2560\" \/>\n\t<meta property=\"og:image:height\" content=\"1707\" \/>\n\t<meta property=\"og:image:type\" content=\"image\/jpeg\" \/>\n<meta name=\"author\" content=\"Janina Gehrig, MA UZH, Redaktorin\" \/>\n<meta name=\"twitter:card\" content=\"summary_large_image\" \/>\n<meta name=\"twitter:creator\" content=\"@DeinAdieu\" \/>\n<meta name=\"twitter:site\" content=\"@DeinAdieu\" \/>\n<meta name=\"twitter:label1\" content=\"Written by\" \/>\n\t<meta name=\"twitter:data1\" content=\"Janina Gehrig, MA UZH, Redaktorin\" \/>\n\t<meta name=\"twitter:label2\" content=\"Est. reading time\" \/>\n\t<meta name=\"twitter:data2\" content=\"5 minutes\" \/>\n<script type=\"application\/ld+json\" class=\"yoast-schema-graph\">{\"@context\":\"https:\\\/\\\/schema.org\",\"@graph\":[{\"@type\":\"Article\",\"@id\":\"https:\\\/\\\/www.deinadieu.ch\\\/it\\\/diagnosi-di-alzheimer-e-un-addio-a-rate\\\/#article\",\"isPartOf\":{\"@id\":\"https:\\\/\\\/www.deinadieu.ch\\\/it\\\/diagnosi-di-alzheimer-e-un-addio-a-rate\\\/\"},\"author\":{\"name\":\"Janina Gehrig, MA UZH, Redaktorin\",\"@id\":\"https:\\\/\\\/www.deinadieu.ch\\\/it\\\/#\\\/schema\\\/person\\\/78cffe1cb679e17f919e3d0c0e7b9673\"},\"headline\":\"Diagnosi di Alzheimer: &#8220;\u00c8 un addio a rate&#8221;.\",\"datePublished\":\"2023-08-22T05:17:00+00:00\",\"dateModified\":\"2024-07-10T14:45:23+00:00\",\"mainEntityOfPage\":{\"@id\":\"https:\\\/\\\/www.deinadieu.ch\\\/it\\\/diagnosi-di-alzheimer-e-un-addio-a-rate\\\/\"},\"wordCount\":994,\"commentCount\":0,\"publisher\":{\"@id\":\"https:\\\/\\\/www.deinadieu.ch\\\/it\\\/#organization\"},\"image\":{\"@id\":\"https:\\\/\\\/www.deinadieu.ch\\\/it\\\/diagnosi-di-alzheimer-e-un-addio-a-rate\\\/#primaryimage\"},\"thumbnailUrl\":\"https:\\\/\\\/www.deinadieu.ch\\\/wp-content\\\/uploads\\\/2023\\\/08\\\/3_2023-07_Kuhn_DEINADIEU-scaled.jpg\",\"keywords\":[\"Alzheimer\",\"Cura\",\"demenza\",\"Et\u00e0\",\"Malattia\"],\"articleSection\":[\"Focus sulle opere caritative\",\"Malattia\"],\"inLanguage\":\"it-IT\",\"potentialAction\":[{\"@type\":\"CommentAction\",\"name\":\"Comment\",\"target\":[\"https:\\\/\\\/www.deinadieu.ch\\\/it\\\/diagnosi-di-alzheimer-e-un-addio-a-rate\\\/#respond\"]}]},{\"@type\":\"WebPage\",\"@id\":\"https:\\\/\\\/www.deinadieu.ch\\\/it\\\/diagnosi-di-alzheimer-e-un-addio-a-rate\\\/\",\"url\":\"https:\\\/\\\/www.deinadieu.ch\\\/it\\\/diagnosi-di-alzheimer-e-un-addio-a-rate\\\/\",\"name\":\"Alzheimer Svizzera - Ritratto Ruth & Robert Kuhn | DeinAdieu\",\"isPartOf\":{\"@id\":\"https:\\\/\\\/www.deinadieu.ch\\\/it\\\/#website\"},\"primaryImageOfPage\":{\"@id\":\"https:\\\/\\\/www.deinadieu.ch\\\/it\\\/diagnosi-di-alzheimer-e-un-addio-a-rate\\\/#primaryimage\"},\"image\":{\"@id\":\"https:\\\/\\\/www.deinadieu.ch\\\/it\\\/diagnosi-di-alzheimer-e-un-addio-a-rate\\\/#primaryimage\"},\"thumbnailUrl\":\"https:\\\/\\\/www.deinadieu.ch\\\/wp-content\\\/uploads\\\/2023\\\/08\\\/3_2023-07_Kuhn_DEINADIEU-scaled.jpg\",\"datePublished\":\"2023-08-22T05:17:00+00:00\",\"dateModified\":\"2024-07-10T14:45:23+00:00\",\"description\":\"In questo articolo, Ruth e Robert Kuhn raccontano come affrontano la malattia di Alzheimer.\",\"breadcrumb\":{\"@id\":\"https:\\\/\\\/www.deinadieu.ch\\\/it\\\/diagnosi-di-alzheimer-e-un-addio-a-rate\\\/#breadcrumb\"},\"inLanguage\":\"it-IT\",\"potentialAction\":[{\"@type\":\"ReadAction\",\"target\":[\"https:\\\/\\\/www.deinadieu.ch\\\/it\\\/diagnosi-di-alzheimer-e-un-addio-a-rate\\\/\"]}]},{\"@type\":\"ImageObject\",\"inLanguage\":\"it-IT\",\"@id\":\"https:\\\/\\\/www.deinadieu.ch\\\/it\\\/diagnosi-di-alzheimer-e-un-addio-a-rate\\\/#primaryimage\",\"url\":\"https:\\\/\\\/www.deinadieu.ch\\\/wp-content\\\/uploads\\\/2023\\\/08\\\/3_2023-07_Kuhn_DEINADIEU-scaled.jpg\",\"contentUrl\":\"https:\\\/\\\/www.deinadieu.ch\\\/wp-content\\\/uploads\\\/2023\\\/08\\\/3_2023-07_Kuhn_DEINADIEU-scaled.jpg\",\"width\":2560,\"height\":1707,\"caption\":\"Robert Kuhn una volta parlava bene il cinese. Ora non riesce pi\u00f9 a trovare le parole nella sua testa. (Foto: Hanspeter Schiess)\"},{\"@type\":\"BreadcrumbList\",\"@id\":\"https:\\\/\\\/www.deinadieu.ch\\\/it\\\/diagnosi-di-alzheimer-e-un-addio-a-rate\\\/#breadcrumb\",\"itemListElement\":[{\"@type\":\"ListItem\",\"position\":1,\"name\":\"Home\",\"item\":\"https:\\\/\\\/www.deinadieu.ch\\\/it\\\/deinadieu-dialog-und-serviceportal-zum-lebensende\\\/\"},{\"@type\":\"ListItem\",\"position\":2,\"name\":\"Diagnosi di Alzheimer: &#8220;\u00c8 un addio a rate&#8221;.\"}]},{\"@type\":\"WebSite\",\"@id\":\"https:\\\/\\\/www.deinadieu.ch\\\/it\\\/#website\",\"url\":\"https:\\\/\\\/www.deinadieu.ch\\\/it\\\/\",\"name\":\"DeinAdieu.ch\",\"description\":\"Testament, Patientenverf\u00fcgung und Vorsorgeauftrag\",\"publisher\":{\"@id\":\"https:\\\/\\\/www.deinadieu.ch\\\/it\\\/#organization\"},\"potentialAction\":[{\"@type\":\"SearchAction\",\"target\":{\"@type\":\"EntryPoint\",\"urlTemplate\":\"https:\\\/\\\/www.deinadieu.ch\\\/it\\\/?s={search_term_string}\"},\"query-input\":{\"@type\":\"PropertyValueSpecification\",\"valueRequired\":true,\"valueName\":\"search_term_string\"}}],\"inLanguage\":\"it-IT\"},{\"@type\":\"Organization\",\"@id\":\"https:\\\/\\\/www.deinadieu.ch\\\/it\\\/#organization\",\"name\":\"EMNA Web GmbH\",\"url\":\"https:\\\/\\\/www.deinadieu.ch\\\/it\\\/\",\"logo\":{\"@type\":\"ImageObject\",\"inLanguage\":\"it-IT\",\"@id\":\"https:\\\/\\\/www.deinadieu.ch\\\/it\\\/#\\\/schema\\\/logo\\\/image\\\/\",\"url\":\"https:\\\/\\\/www.deinadieu.ch\\\/wp-content\\\/uploads\\\/2016\\\/01\\\/DeinAdieu_Logo.png\",\"contentUrl\":\"https:\\\/\\\/www.deinadieu.ch\\\/wp-content\\\/uploads\\\/2016\\\/01\\\/DeinAdieu_Logo.png\",\"width\":300,\"height\":117,\"caption\":\"EMNA Web GmbH\"},\"image\":{\"@id\":\"https:\\\/\\\/www.deinadieu.ch\\\/it\\\/#\\\/schema\\\/logo\\\/image\\\/\"},\"sameAs\":[\"https:\\\/\\\/www.facebook.com\\\/deinadieu\",\"https:\\\/\\\/x.com\\\/DeinAdieu\",\"https:\\\/\\\/www.instagram.com\\\/deinadieu\\\/\",\"https:\\\/\\\/www.linkedin.com\\\/company\\\/deinadieu.ch\"]},{\"@type\":\"Person\",\"@id\":\"https:\\\/\\\/www.deinadieu.ch\\\/it\\\/#\\\/schema\\\/person\\\/78cffe1cb679e17f919e3d0c0e7b9673\",\"name\":\"Janina Gehrig, MA UZH, Redaktorin\",\"image\":{\"@type\":\"ImageObject\",\"inLanguage\":\"it-IT\",\"@id\":\"https:\\\/\\\/secure.gravatar.com\\\/avatar\\\/8bfc4dca12cd7c0a0373c12f34587d1f6a6117903e7ecc0035863bd69df6fb07?s=96&d=mm&r=g\",\"url\":\"https:\\\/\\\/secure.gravatar.com\\\/avatar\\\/8bfc4dca12cd7c0a0373c12f34587d1f6a6117903e7ecc0035863bd69df6fb07?s=96&d=mm&r=g\",\"contentUrl\":\"https:\\\/\\\/secure.gravatar.com\\\/avatar\\\/8bfc4dca12cd7c0a0373c12f34587d1f6a6117903e7ecc0035863bd69df6fb07?s=96&d=mm&r=g\",\"caption\":\"Janina Gehrig, MA UZH, Redaktorin\"},\"url\":\"https:\\\/\\\/www.deinadieu.ch\\\/it\\\/author\\\/janinagehrig\\\/\"}]}<\/script>","yoast_head_json":{"title":"Alzheimer Svizzera - Ritratto Ruth & Robert Kuhn | DeinAdieu","description":"In questo articolo, Ruth e Robert Kuhn raccontano come affrontano la malattia di Alzheimer.","robots":{"index":"index","follow":"follow","max-snippet":"max-snippet:-1","max-image-preview":"max-image-preview:large","max-video-preview":"max-video-preview:-1"},"canonical":"https:\/\/www.deinadieu.ch\/it\/diagnosi-di-alzheimer-e-un-addio-a-rate\/","og_locale":"it_IT","og_type":"article","og_title":"Diagnosi di Alzheimer: \"\u00c8 un addio a rate\".","og_description":"Improvvisamente Robert Kuhn, dottore in chimica, non riesce pi\u00f9 a trovare la strada per la metropolitana, improvvisamente gli mancano le parole quando","og_url":"https:\/\/www.deinadieu.ch\/it\/diagnosi-di-alzheimer-e-un-addio-a-rate\/","og_site_name":"DeinAdieu.ch","article_publisher":"https:\/\/www.facebook.com\/deinadieu","article_published_time":"2023-08-22T05:17:00+00:00","article_modified_time":"2024-07-10T14:45:23+00:00","og_image":[{"width":2560,"height":1707,"url":"https:\/\/static.deinadieu.ch\/uploads\/2023\/08\/3_2023-07_Kuhn_DEINADIEU-scaled.jpg","type":"image\/jpeg"}],"author":"Janina Gehrig, MA UZH, Redaktorin","twitter_card":"summary_large_image","twitter_creator":"@DeinAdieu","twitter_site":"@DeinAdieu","twitter_misc":{"Written by":"Janina Gehrig, MA UZH, Redaktorin","Est. reading time":"5 minutes"},"schema":{"@context":"https:\/\/schema.org","@graph":[{"@type":"Article","@id":"https:\/\/www.deinadieu.ch\/it\/diagnosi-di-alzheimer-e-un-addio-a-rate\/#article","isPartOf":{"@id":"https:\/\/www.deinadieu.ch\/it\/diagnosi-di-alzheimer-e-un-addio-a-rate\/"},"author":{"name":"Janina Gehrig, MA UZH, Redaktorin","@id":"https:\/\/www.deinadieu.ch\/it\/#\/schema\/person\/78cffe1cb679e17f919e3d0c0e7b9673"},"headline":"Diagnosi di Alzheimer: &#8220;\u00c8 un addio a rate&#8221;.","datePublished":"2023-08-22T05:17:00+00:00","dateModified":"2024-07-10T14:45:23+00:00","mainEntityOfPage":{"@id":"https:\/\/www.deinadieu.ch\/it\/diagnosi-di-alzheimer-e-un-addio-a-rate\/"},"wordCount":994,"commentCount":0,"publisher":{"@id":"https:\/\/www.deinadieu.ch\/it\/#organization"},"image":{"@id":"https:\/\/www.deinadieu.ch\/it\/diagnosi-di-alzheimer-e-un-addio-a-rate\/#primaryimage"},"thumbnailUrl":"https:\/\/www.deinadieu.ch\/wp-content\/uploads\/2023\/08\/3_2023-07_Kuhn_DEINADIEU-scaled.jpg","keywords":["Alzheimer","Cura","demenza","Et\u00e0","Malattia"],"articleSection":["Focus sulle opere caritative","Malattia"],"inLanguage":"it-IT","potentialAction":[{"@type":"CommentAction","name":"Comment","target":["https:\/\/www.deinadieu.ch\/it\/diagnosi-di-alzheimer-e-un-addio-a-rate\/#respond"]}]},{"@type":"WebPage","@id":"https:\/\/www.deinadieu.ch\/it\/diagnosi-di-alzheimer-e-un-addio-a-rate\/","url":"https:\/\/www.deinadieu.ch\/it\/diagnosi-di-alzheimer-e-un-addio-a-rate\/","name":"Alzheimer Svizzera - Ritratto Ruth & Robert Kuhn | DeinAdieu","isPartOf":{"@id":"https:\/\/www.deinadieu.ch\/it\/#website"},"primaryImageOfPage":{"@id":"https:\/\/www.deinadieu.ch\/it\/diagnosi-di-alzheimer-e-un-addio-a-rate\/#primaryimage"},"image":{"@id":"https:\/\/www.deinadieu.ch\/it\/diagnosi-di-alzheimer-e-un-addio-a-rate\/#primaryimage"},"thumbnailUrl":"https:\/\/www.deinadieu.ch\/wp-content\/uploads\/2023\/08\/3_2023-07_Kuhn_DEINADIEU-scaled.jpg","datePublished":"2023-08-22T05:17:00+00:00","dateModified":"2024-07-10T14:45:23+00:00","description":"In questo articolo, Ruth e Robert Kuhn raccontano come affrontano la malattia di Alzheimer.","breadcrumb":{"@id":"https:\/\/www.deinadieu.ch\/it\/diagnosi-di-alzheimer-e-un-addio-a-rate\/#breadcrumb"},"inLanguage":"it-IT","potentialAction":[{"@type":"ReadAction","target":["https:\/\/www.deinadieu.ch\/it\/diagnosi-di-alzheimer-e-un-addio-a-rate\/"]}]},{"@type":"ImageObject","inLanguage":"it-IT","@id":"https:\/\/www.deinadieu.ch\/it\/diagnosi-di-alzheimer-e-un-addio-a-rate\/#primaryimage","url":"https:\/\/www.deinadieu.ch\/wp-content\/uploads\/2023\/08\/3_2023-07_Kuhn_DEINADIEU-scaled.jpg","contentUrl":"https:\/\/www.deinadieu.ch\/wp-content\/uploads\/2023\/08\/3_2023-07_Kuhn_DEINADIEU-scaled.jpg","width":2560,"height":1707,"caption":"Robert Kuhn una volta parlava bene il cinese. Ora non riesce pi\u00f9 a trovare le parole nella sua testa. (Foto: Hanspeter Schiess)"},{"@type":"BreadcrumbList","@id":"https:\/\/www.deinadieu.ch\/it\/diagnosi-di-alzheimer-e-un-addio-a-rate\/#breadcrumb","itemListElement":[{"@type":"ListItem","position":1,"name":"Home","item":"https:\/\/www.deinadieu.ch\/it\/deinadieu-dialog-und-serviceportal-zum-lebensende\/"},{"@type":"ListItem","position":2,"name":"Diagnosi di Alzheimer: &#8220;\u00c8 un addio a rate&#8221;."}]},{"@type":"WebSite","@id":"https:\/\/www.deinadieu.ch\/it\/#website","url":"https:\/\/www.deinadieu.ch\/it\/","name":"DeinAdieu.ch","description":"Testament, Patientenverf\u00fcgung und Vorsorgeauftrag","publisher":{"@id":"https:\/\/www.deinadieu.ch\/it\/#organization"},"potentialAction":[{"@type":"SearchAction","target":{"@type":"EntryPoint","urlTemplate":"https:\/\/www.deinadieu.ch\/it\/?s={search_term_string}"},"query-input":{"@type":"PropertyValueSpecification","valueRequired":true,"valueName":"search_term_string"}}],"inLanguage":"it-IT"},{"@type":"Organization","@id":"https:\/\/www.deinadieu.ch\/it\/#organization","name":"EMNA Web GmbH","url":"https:\/\/www.deinadieu.ch\/it\/","logo":{"@type":"ImageObject","inLanguage":"it-IT","@id":"https:\/\/www.deinadieu.ch\/it\/#\/schema\/logo\/image\/","url":"https:\/\/www.deinadieu.ch\/wp-content\/uploads\/2016\/01\/DeinAdieu_Logo.png","contentUrl":"https:\/\/www.deinadieu.ch\/wp-content\/uploads\/2016\/01\/DeinAdieu_Logo.png","width":300,"height":117,"caption":"EMNA Web GmbH"},"image":{"@id":"https:\/\/www.deinadieu.ch\/it\/#\/schema\/logo\/image\/"},"sameAs":["https:\/\/www.facebook.com\/deinadieu","https:\/\/x.com\/DeinAdieu","https:\/\/www.instagram.com\/deinadieu\/","https:\/\/www.linkedin.com\/company\/deinadieu.ch"]},{"@type":"Person","@id":"https:\/\/www.deinadieu.ch\/it\/#\/schema\/person\/78cffe1cb679e17f919e3d0c0e7b9673","name":"Janina Gehrig, MA UZH, Redaktorin","image":{"@type":"ImageObject","inLanguage":"it-IT","@id":"https:\/\/secure.gravatar.com\/avatar\/8bfc4dca12cd7c0a0373c12f34587d1f6a6117903e7ecc0035863bd69df6fb07?s=96&d=mm&r=g","url":"https:\/\/secure.gravatar.com\/avatar\/8bfc4dca12cd7c0a0373c12f34587d1f6a6117903e7ecc0035863bd69df6fb07?s=96&d=mm&r=g","contentUrl":"https:\/\/secure.gravatar.com\/avatar\/8bfc4dca12cd7c0a0373c12f34587d1f6a6117903e7ecc0035863bd69df6fb07?s=96&d=mm&r=g","caption":"Janina Gehrig, MA UZH, Redaktorin"},"url":"https:\/\/www.deinadieu.ch\/it\/author\/janinagehrig\/"}]}},"_links":{"self":[{"href":"https:\/\/www.deinadieu.ch\/it\/wp-json\/wp\/v2\/posts\/65669","targetHints":{"allow":["GET"]}}],"collection":[{"href":"https:\/\/www.deinadieu.ch\/it\/wp-json\/wp\/v2\/posts"}],"about":[{"href":"https:\/\/www.deinadieu.ch\/it\/wp-json\/wp\/v2\/types\/post"}],"author":[{"embeddable":true,"href":"https:\/\/www.deinadieu.ch\/it\/wp-json\/wp\/v2\/users\/6028"}],"replies":[{"embeddable":true,"href":"https:\/\/www.deinadieu.ch\/it\/wp-json\/wp\/v2\/comments?post=65669"}],"version-history":[{"count":1,"href":"https:\/\/www.deinadieu.ch\/it\/wp-json\/wp\/v2\/posts\/65669\/revisions"}],"predecessor-version":[{"id":65670,"href":"https:\/\/www.deinadieu.ch\/it\/wp-json\/wp\/v2\/posts\/65669\/revisions\/65670"}],"wp:featuredmedia":[{"embeddable":true,"href":"https:\/\/www.deinadieu.ch\/it\/wp-json\/wp\/v2\/media\/65065"}],"wp:attachment":[{"href":"https:\/\/www.deinadieu.ch\/it\/wp-json\/wp\/v2\/media?parent=65669"}],"wp:term":[{"taxonomy":"category","embeddable":true,"href":"https:\/\/www.deinadieu.ch\/it\/wp-json\/wp\/v2\/categories?post=65669"},{"taxonomy":"post_tag","embeddable":true,"href":"https:\/\/www.deinadieu.ch\/it\/wp-json\/wp\/v2\/tags?post=65669"}],"curies":[{"name":"wp","href":"https:\/\/api.w.org\/{rel}","templated":true}]}}