{"id":64713,"date":"2023-06-27T07:28:00","date_gmt":"2023-06-27T05:28:00","guid":{"rendered":"https:\/\/www.deinadieu.ch\/dare-voce-ai-piu-vulnerabili\/"},"modified":"2024-02-20T08:40:50","modified_gmt":"2024-02-20T07:40:50","slug":"dare-voce-ai-piu-vulnerabili","status":"publish","type":"post","link":"https:\/\/www.deinadieu.ch\/it\/dare-voce-ai-piu-vulnerabili\/","title":{"rendered":"Dare voce ai pi\u00f9 vulnerabili"},"content":{"rendered":"\n<p>Da oltre 50 anni, la Fondazione Horyzon aiuta i giovani economicamente e socialmente svantaggiati in Palestina, Colombia, Uganda, Nepal e Haiti. La vita quotidiana nello Stato insulare caraibico \u00e8 da tempo particolarmente segnata dalla violenza e dall&#8217;insicurezza: Horyzon sostiene quindi il progetto &#8220;Espace S\u00fbr&#8221; nella capitale haitiana Port-au-Prince, che offre a ragazze e giovani donne un luogo sicuro e promuove la loro autodeterminazione.<\/p>\n\n<!--more-->\n\n<p>La <a href=\"https:\/\/www.deinadieu.ch\/it\/organizzazioni-caritatevoli\/\">Fondazione Horyzon<\/a> opera da oltre mezzo secolo come organizzazione svizzera per lo sviluppo dei giovani. <strong>Attualmente Horyzon sostiene diversi progetti in Palestina, Colombia, Uganda, Nepal e Haiti<\/strong>. Horyzon raggiunge cos\u00ec ogni anno circa 5500 giovani, pi\u00f9 della met\u00e0 dei quali sono donne. Dato che le circostanze di vita difficili spesso portano alla violenza di genere, l&#8217;attenzione \u00e8 rivolta in particolare al sostegno delle ragazze e delle giovani donne.<\/p>\n\n<h2 class=\"wp-block-heading\" id=\"h-existenzielle-herausforderungen-in-krisengebieten\">Sfide esistenziali nelle aree di crisi<\/h2>\n\n<p>I giovani dei progetti Horyzon sono colpiti da povert\u00e0, violenza ed esclusione. Spesso hanno vissuto eventi traumatici e devono affrontare ogni giorno sfide esistenziali: cibo sufficiente, accesso all&#8217;istruzione e all&#8217;assistenza sanitaria di base non sono per loro scontati. <strong>I progetti nelle regioni povere e in crisi si concentrano sull&#8217;autodeterminazione dei giovani<\/strong>: i giovani imparano a conoscere i loro diritti, assumono ruoli di leadership e conducono campagne a livello locale e nazionale per migliorare le loro condizioni di vita e la coesistenza pacifica.<\/p>\n\n<p>Attualmente, il 75% delle donazioni \u00e8 destinato a progetti all&#8217;estero. Poco meno di un terzo delle donazioni proviene dalla DSC, la Direzione dello sviluppo e della cooperazione. Le donazioni da fondazioni e privati costituiscono un&#8217;altra quota importante:<strong>&#8220;Le donazioni private sono la nostra spina dorsale<\/strong>. Un ampio mix di fonti di finanziamento \u00e8 molto importante per poter portare avanti i programmi&#8221;, afferma Andrea R\u00fcegg. Dal 2018 \u00e8 direttore generale della Fondazione Horyzon.<\/p>\n\n<figure class=\"wp-block-image size-large\"><img loading=\"lazy\" decoding=\"async\" width=\"1024\" height=\"683\" src=\"https:\/\/www.deinadieu.ch\/wp-content\/uploads\/2023\/06\/2_Horyzon-Heft-1024x683.jpg\" alt=\"programma di sviluppo horyzon\" class=\"wp-image-64316\" srcset=\"https:\/\/www.deinadieu.ch\/wp-content\/uploads\/2023\/06\/2_Horyzon-Heft-1024x683.jpg 1024w, https:\/\/www.deinadieu.ch\/wp-content\/uploads\/2023\/06\/2_Horyzon-Heft-300x200.jpg 300w, https:\/\/www.deinadieu.ch\/wp-content\/uploads\/2023\/06\/2_Horyzon-Heft-1536x1024.jpg 1536w, https:\/\/www.deinadieu.ch\/wp-content\/uploads\/2023\/06\/2_Horyzon-Heft-2048x1365.jpg 2048w\" sizes=\"auto, (max-width: 1024px) 100vw, 1024px\" \/><figcaption class=\"wp-element-caption\">Horyzon, l&#8217;organizzazione svizzera per lo sviluppo dei giovani, sostiene diversi progetti in aree di crisi, tra cui Haiti, Palestina e Uganda. <\/figcaption><\/figure>\n\n<h2 class=\"wp-block-heading\" id=\"h-legate-ermoglichen-langfristige-planung\">I legati consentono una pianificazione a lungo termine<\/h2>\n\n<p>La Fondazione Horyzon \u00e8 nata nel 1969 dal movimento Cevi, il pi\u00f9 grande movimento cristiano e interconfessionale di bambini, giovani e adulti del mondo. Horyzon pu\u00f2 anche contare su donatori fedeli della comunit\u00e0 Cevi. Il legame di vita dura anche dopo la morte, se i donatori tengono conto della Fondazione nei loro testamenti. &#8220;La stesura di un <a href=\"https:\/\/app.deinadieu.ch\/da\/testament\/7521\">testamento<\/a> \u00e8 per molti un sollievo. Esprimono i loro desideri personali e professano ci\u00f2 che \u00e8 veramente importante per loro. Questo crea sicurezza e chiarezza nella famiglia e nel suo ambiente. Vorremmo ampliare il sostegno dei lasciti&#8221;, afferma Andrea R\u00fcegg. <strong>Grazie ai <a href=\"https:\/\/www.deinadieu.ch\/it\/eredita-legato\/\">lasciti<\/a>, Horyzon riceve la sicurezza necessaria per pianificare progetti a lungo termine<\/strong>. Inoltre, i fondi che non sono destinati a uno scopo specifico possono essere utilizzati dove l&#8217;aiuto \u00e8 pi\u00f9 necessario &#8211; aiuto dal punto di vista delle persone colpite, come sottolinea R\u00fcegg.<\/p>\n\n<figure class=\"wp-block-image size-large\"><img loading=\"lazy\" decoding=\"async\" width=\"1024\" height=\"683\" src=\"https:\/\/www.deinadieu.ch\/wp-content\/uploads\/2023\/06\/3_Andrea-Rueegg-1024x683.jpg\" alt=\"Andrea R&#xFC;egg\" class=\"wp-image-64323\" srcset=\"https:\/\/www.deinadieu.ch\/wp-content\/uploads\/2023\/06\/3_Andrea-Rueegg-1024x683.jpg 1024w, https:\/\/www.deinadieu.ch\/wp-content\/uploads\/2023\/06\/3_Andrea-Rueegg-300x200.jpg 300w, https:\/\/www.deinadieu.ch\/wp-content\/uploads\/2023\/06\/3_Andrea-Rueegg-1536x1024.jpg 1536w, https:\/\/www.deinadieu.ch\/wp-content\/uploads\/2023\/06\/3_Andrea-Rueegg-2048x1365.jpg 2048w\" sizes=\"auto, (max-width: 1024px) 100vw, 1024px\" \/><figcaption class=\"wp-element-caption\">&#8220;Grazie ai lasciti, Horyzon ha la sicurezza di poter pianificare progetti a lungo termine. Possiamo utilizzare i fondi non destinati a uno scopo specifico dove l&#8217;aiuto \u00e8 pi\u00f9 necessario, dal punto di vista delle persone colpite&#8221;, sottolinea l&#8217;amministratore delegato Andrea R\u00fcegg. <\/figcaption><\/figure>\n\n<h2 class=\"wp-block-heading\" id=\"h-das-geld-nicht-einfach-in-betroffene-lander-schicken\">&#8220;Non limitatevi a inviare il denaro ai Paesi colpiti&#8221;.<\/h2>\n\n<p>Ma soprattutto nei Paesi in cui non c&#8217;\u00e8 stabilit\u00e0 politica, le donazioni possono disperdersi rapidamente o non essere utilizzate per il sostegno desiderato. &#8220;Non ci limitiamo a inviare il denaro ai Paesi che hanno bisogno di aiuto, ma investiamo in organizzazioni sul posto che conoscono bene le circostanze e le esigenze della popolazione locale&#8221;, sottolinea Andrea R\u00fcegg. Horyzon collabora con organizzazioni partner locali indipendenti. Il programma &#8220;Espace S\u00fbr&#8221; ad Haiti \u00e8 gestito dall&#8217;organizzazione partner &#8220;Young Women&#8217;s Christian Association (YWCA) Haiti&#8221;. <\/p>\n\n<p>Anche se Horyzon vuole investire il pi\u00f9 possibile direttamente nei programmi, \u00e8 altrettanto importante che questi siano ben supervisionati: Per questo motivo, la fondazione fornisce anche un supporto per l&#8217;amministrazione, l&#8217;organizzazione e la raccolta di fondi delle istituzioni partner locali. In questo modo \u00e8 possibile migliorare le strutture interne a livello organizzativo e gestionale. Sandrine K\u00e9nol \u00e8 la responsabile del programma &#8220;Espace S\u00fbr&#8221; ad Haiti: &#8220;La partnership con Horyzon \u00e8 molto importante e incoraggiante per noi. Grazie a questa collaborazione, possiamo anche costruire un prezioso know-how per il personale&#8221;, afferma K\u00e9nol.<\/p>\n\n<h2 class=\"wp-block-heading\" id=\"h-einen-sicheren-ort-im-chaos-schaffen\">Creare un luogo sicuro nel caos<\/h2>\n\n<p>Dopo l&#8217;assassinio del presidente nel 2021, ad Haiti si \u00e8 creato un vuoto di potere. Le bande criminali hanno preso il controllo della maggioranza del Paese. La situazione disastrosa dello Stato insulare caraibico \u00e8 in gran parte scomparsa dall&#8217;attenzione dell&#8217;opinione pubblica internazionale. &#8220;Chiunque sia nato ad Haiti ha avuto una sorte difficile. La vita quotidiana \u00e8 segnata dalla violenza e dal caos politico. Non funzionano n\u00e9 l&#8217;elettricit\u00e0 n\u00e9 l&#8217;acqua, n\u00e9 l&#8217;assistenza sanitaria n\u00e9 il sistema scolastico&#8221;, afferma R\u00fcegg, amministratore delegato di Horyzon. La pandemia aveva peggiorato ulteriormente la situazione. La situazione \u00e8 particolarmente pericolosa per le ragazze e le giovani donne. <\/p>\n\n<figure class=\"wp-block-image size-large\"><img loading=\"lazy\" decoding=\"async\" width=\"1024\" height=\"683\" src=\"https:\/\/www.deinadieu.ch\/wp-content\/uploads\/2023\/06\/4_Sandrine-Kenol-1024x683.jpg\" alt=\"Sandrine K&#xE9;nol\" class=\"wp-image-64327\" srcset=\"https:\/\/www.deinadieu.ch\/wp-content\/uploads\/2023\/06\/4_Sandrine-Kenol-1024x683.jpg 1024w, https:\/\/www.deinadieu.ch\/wp-content\/uploads\/2023\/06\/4_Sandrine-Kenol-300x200.jpg 300w, https:\/\/www.deinadieu.ch\/wp-content\/uploads\/2023\/06\/4_Sandrine-Kenol-1536x1024.jpg 1536w, https:\/\/www.deinadieu.ch\/wp-content\/uploads\/2023\/06\/4_Sandrine-Kenol-2048x1366.jpg 2048w\" sizes=\"auto, (max-width: 1024px) 100vw, 1024px\" \/><figcaption class=\"wp-element-caption\">Sandrine K\u00e9nol \u00e8 la responsabile del programma &#8220;Espace S\u00fbr&#8221; ad Haiti. Il progetto sostiene le ragazze e le giovani donne a condurre una vita autodeterminata e sana.<\/figcaption><\/figure>\n\n<p><strong>Il progetto &#8220;Espace S\u00fbr&#8221;, situato alla periferia di un quartiere povero vicino a Port-au-Prince, offre un luogo sicuro in mezzo al caos<\/strong>: oltre ai pasti caldi, le ragazze ricevono un sostegno quotidiano per fare i compiti e, se necessario, un tutoraggio individuale o un aiuto medico e psicosociale. Dal 2015 &#8220;Espace S\u00fbr&#8221; sostiene le donne provenienti dalle classi sociali pi\u00f9 povere affinch\u00e9 possano svilupparsi come donne sane, sicure di s\u00e9 e con pari diritti e quindi lavorare attivamente per cambiamenti positivi nella societ\u00e0 haitiana.<\/p>\n\n<h2 class=\"wp-block-heading\" id=\"h-junge-menschen-fur-den-wandel-ermachtigen\">Dare forza ai giovani per il cambiamento<\/h2>\n\n<p><strong>Espace S\u00fbr lavora ogni anno con circa 500 ragazze e giovani donne di et\u00e0 compresa tra i 5 e i 35 anni<\/strong>. Le ragazze e le giovani donne ricevono un aiuto individuale in base alle loro esigenze, che si tratti di educazione sessuale o di sostegno psicologico. Con la &#8220;Leadership Academy&#8221;, &#8220;Espace S\u00fbr&#8221; offre alle donne dai 18 anni in su l&#8217;opportunit\u00e0 di frequentare corsi e workshop di diritto, finanza o salute. Negli ultimi due anni, YWCA ha anche offerto laboratori di abilit\u00e0 di vita ai giovani uomini. Da un lato, per dare loro una migliore comprensione dell&#8217;autodeterminazione delle giovani donne. Dall&#8217;altro lato, rafforzare le loro capacit\u00e0 di giovani uomini affinch\u00e9 diventino anch&#8217;essi agenti di cambiamento. &#8220;Questo ha portato a risultati migliori e pi\u00f9 completi del programma di abilit\u00e0 di vita per le giovani donne, che hanno riferito che la loro controparte maschile ora comprendeva meglio e sosteneva i cambiamenti che volevano fare nella loro vita di giovani donne&#8221;, dice Sandrine K\u00e9nol.<\/p>\n\n<h2 class=\"wp-block-heading\" id=\"h-planung-als-herausforderung\">La pianificazione come sfida<\/h2>\n\n<p>La mancanza di sicurezza e il caos politico nello Stato insulare caraibico rappresentano una sfida per l&#8217;organizzazione partner in loco: &#8220;\u00c8 difficile pianificare e mantenere le attivit\u00e0. Allo stesso tempo, stiamo cercando nuovi partenariati per finanziare i nostri programmi. Tuttavia, l&#8217;insicurezza quotidiana rende tutto difficile&#8221;, riferisce Sandrine K\u00e9nol. L&#8217;obiettivo a lungo termine di &#8220;Espace S\u00fbr&#8221; \u00e8 quello di creare fonti di reddito a lungo termine: un cyber-caff\u00e8 o l&#8217;insegnamento del programma Life Skills nelle scuole. I proventi delle donazioni che arrivano da nuovi partenariati o da <a href=\"https:\/\/www.deinadieu.ch\/it\/organizzazioni-caritatevoli\/\">attivit\u00e0 di raccolta fondi<\/a> a livello locale, renderebbero possibili questi importanti programmi. Tuttavia, negli ultimi due anni le attivit\u00e0 non hanno potuto essere svolte come previsto a causa di problemi di sicurezza e disordini civili.<\/p>\n\n<p>La flessibilit\u00e0 nella cooperazione \u00e8 indispensabile anche per i dipendenti di Horyzon in Svizzera: &#8220;La popolazione di Haiti vive attualmente da quello che trova. Per noi, quindi, \u00e8 possibile solo una pianificazione continua, in cui adattiamo costantemente ci\u00f2 che abbiamo pianificato alle circostanze&#8221;, afferma l&#8217;amministratore delegato di Horyzon Andrea R\u00fcegg.<\/p>\n\n<div style=\"height:40px\" aria-hidden=\"true\" class=\"wp-block-spacer\"><\/div>\n\n<div class=\"wp-block-buttons is-layout-flex wp-block-buttons-is-layout-flex\">\n<div class=\"wp-block-button\"><a class=\"wp-block-button__link wp-element-button\" href=\"https:\/\/app.deinadieu.ch\/da\/testament\/7521\">Beneficiare la Fondazione Horyzon nel vostro testamento<\/a><\/div>\n<\/div>\n","protected":false},"excerpt":{"rendered":"<p>Da oltre 50 anni, la Fondazione Horyzon aiuta i giovani economicamente e socialmente svantaggiati in Palestina, Colombia, Uganda, Nepal e Haiti. La vita quotidiana nello Stato insulare caraibico \u00e8 da tempo particolarmente segnata dalla violenza e dall&#8217;insicurezza: Horyzon sostiene quindi il progetto &#8220;Espace S\u00fbr&#8221; nella capitale haitiana Port-au-Prince, che offre a ragazze e giovani donne [&hellip;]<\/p>\n","protected":false},"author":6038,"featured_media":64313,"comment_status":"open","ping_status":"closed","sticky":false,"template":"","format":"standard","meta":{"_acf_changed":false,"footnotes":""},"categories":[2474],"tags":[2522,3014,3052,3543],"class_list":["post-64713","post","type-post","status-publish","format-standard","has-post-thumbnail","hentry","category-opere-caritative","tag-cosa-puo-fare-la-mia-eredita","tag-donazioni","tag-figli","tag-raccolta-fondi"],"acf":[],"yoast_head":"<title>Ritratto Fondazione Horyzon | DeinAdieu<\/title>\n<meta name=\"description\" content=\"L&#039;organizzazione di sviluppo Horyzon sostiene da oltre 50 anni circa 5500 giovani con progetti in vari Paesi.\" \/>\n<meta name=\"robots\" content=\"index, follow, max-snippet:-1, max-image-preview:large, max-video-preview:-1\" \/>\n<link rel=\"canonical\" href=\"https:\/\/www.deinadieu.ch\/it\/dare-voce-ai-piu-vulnerabili\/\" \/>\n<meta property=\"og:locale\" content=\"it_IT\" \/>\n<meta property=\"og:type\" content=\"article\" \/>\n<meta property=\"og:title\" content=\"Dare voce ai pi\u00f9 vulnerabili\" \/>\n<meta property=\"og:description\" content=\"Da oltre 50 anni, la Fondazione Horyzon aiuta i giovani economicamente e socialmente svantaggiati in Palestina, Colombia, Uganda, Nepal e Haiti. La vita\" \/>\n<meta property=\"og:url\" content=\"https:\/\/www.deinadieu.ch\/it\/dare-voce-ai-piu-vulnerabili\/\" \/>\n<meta property=\"og:site_name\" content=\"DeinAdieu.ch\" \/>\n<meta property=\"article:publisher\" content=\"https:\/\/www.facebook.com\/deinadieu\" \/>\n<meta property=\"article:published_time\" content=\"2023-06-27T05:28:00+00:00\" \/>\n<meta property=\"article:modified_time\" content=\"2024-02-20T07:40:50+00:00\" \/>\n<meta property=\"og:image\" content=\"https:\/\/static.deinadieu.ch\/uploads\/2023\/06\/1-Titelbild-scaled.jpg\" \/>\n\t<meta property=\"og:image:width\" content=\"2560\" \/>\n\t<meta property=\"og:image:height\" content=\"1707\" \/>\n\t<meta property=\"og:image:type\" content=\"image\/jpeg\" \/>\n<meta name=\"author\" content=\"Sabrina Rohner\" \/>\n<meta name=\"twitter:card\" content=\"summary_large_image\" \/>\n<meta name=\"twitter:creator\" content=\"@DeinAdieu\" \/>\n<meta name=\"twitter:site\" content=\"@DeinAdieu\" \/>\n<meta name=\"twitter:label1\" content=\"Written by\" \/>\n\t<meta name=\"twitter:data1\" content=\"Sabrina Rohner\" \/>\n\t<meta name=\"twitter:label2\" content=\"Est. reading time\" \/>\n\t<meta name=\"twitter:data2\" content=\"6 minutes\" \/>\n<script type=\"application\/ld+json\" class=\"yoast-schema-graph\">{\"@context\":\"https:\\\/\\\/schema.org\",\"@graph\":[{\"@type\":\"Article\",\"@id\":\"https:\\\/\\\/www.deinadieu.ch\\\/it\\\/dare-voce-ai-piu-vulnerabili\\\/#article\",\"isPartOf\":{\"@id\":\"https:\\\/\\\/www.deinadieu.ch\\\/it\\\/dare-voce-ai-piu-vulnerabili\\\/\"},\"author\":{\"name\":\"Sabrina Rohner\",\"@id\":\"https:\\\/\\\/www.deinadieu.ch\\\/it\\\/#\\\/schema\\\/person\\\/ad724a53f7e50dd3866fc9b0fc6bbdd9\"},\"headline\":\"Dare voce ai pi\u00f9 vulnerabili\",\"datePublished\":\"2023-06-27T05:28:00+00:00\",\"dateModified\":\"2024-02-20T07:40:50+00:00\",\"mainEntityOfPage\":{\"@id\":\"https:\\\/\\\/www.deinadieu.ch\\\/it\\\/dare-voce-ai-piu-vulnerabili\\\/\"},\"wordCount\":1274,\"commentCount\":0,\"publisher\":{\"@id\":\"https:\\\/\\\/www.deinadieu.ch\\\/it\\\/#organization\"},\"image\":{\"@id\":\"https:\\\/\\\/www.deinadieu.ch\\\/it\\\/dare-voce-ai-piu-vulnerabili\\\/#primaryimage\"},\"thumbnailUrl\":\"https:\\\/\\\/www.deinadieu.ch\\\/wp-content\\\/uploads\\\/2023\\\/06\\\/1-Titelbild-scaled.jpg\",\"keywords\":[\"Cosa pu\u00f2 fare la mia eredit\u00e0?\",\"Donazioni\",\"Figli\",\"Raccolta fondi\"],\"articleSection\":[\"Focus sulle opere caritative\"],\"inLanguage\":\"it-IT\",\"potentialAction\":[{\"@type\":\"CommentAction\",\"name\":\"Comment\",\"target\":[\"https:\\\/\\\/www.deinadieu.ch\\\/it\\\/dare-voce-ai-piu-vulnerabili\\\/#respond\"]}]},{\"@type\":\"WebPage\",\"@id\":\"https:\\\/\\\/www.deinadieu.ch\\\/it\\\/dare-voce-ai-piu-vulnerabili\\\/\",\"url\":\"https:\\\/\\\/www.deinadieu.ch\\\/it\\\/dare-voce-ai-piu-vulnerabili\\\/\",\"name\":\"Ritratto Fondazione Horyzon | DeinAdieu\",\"isPartOf\":{\"@id\":\"https:\\\/\\\/www.deinadieu.ch\\\/it\\\/#website\"},\"primaryImageOfPage\":{\"@id\":\"https:\\\/\\\/www.deinadieu.ch\\\/it\\\/dare-voce-ai-piu-vulnerabili\\\/#primaryimage\"},\"image\":{\"@id\":\"https:\\\/\\\/www.deinadieu.ch\\\/it\\\/dare-voce-ai-piu-vulnerabili\\\/#primaryimage\"},\"thumbnailUrl\":\"https:\\\/\\\/www.deinadieu.ch\\\/wp-content\\\/uploads\\\/2023\\\/06\\\/1-Titelbild-scaled.jpg\",\"datePublished\":\"2023-06-27T05:28:00+00:00\",\"dateModified\":\"2024-02-20T07:40:50+00:00\",\"description\":\"L'organizzazione di sviluppo Horyzon sostiene da oltre 50 anni circa 5500 giovani con progetti in vari Paesi.\",\"breadcrumb\":{\"@id\":\"https:\\\/\\\/www.deinadieu.ch\\\/it\\\/dare-voce-ai-piu-vulnerabili\\\/#breadcrumb\"},\"inLanguage\":\"it-IT\",\"potentialAction\":[{\"@type\":\"ReadAction\",\"target\":[\"https:\\\/\\\/www.deinadieu.ch\\\/it\\\/dare-voce-ai-piu-vulnerabili\\\/\"]}]},{\"@type\":\"ImageObject\",\"inLanguage\":\"it-IT\",\"@id\":\"https:\\\/\\\/www.deinadieu.ch\\\/it\\\/dare-voce-ai-piu-vulnerabili\\\/#primaryimage\",\"url\":\"https:\\\/\\\/www.deinadieu.ch\\\/wp-content\\\/uploads\\\/2023\\\/06\\\/1-Titelbild-scaled.jpg\",\"contentUrl\":\"https:\\\/\\\/www.deinadieu.ch\\\/wp-content\\\/uploads\\\/2023\\\/06\\\/1-Titelbild-scaled.jpg\",\"width\":2560,\"height\":1707,\"caption\":\"La direttrice generale di Horyzon, Andrea R\u00fcegg, con Sandrine K\u00e9nol dell'organizzazione associata \u00abYoung Women's Christian Association (YWCA) Haiti\u00bb.\"},{\"@type\":\"BreadcrumbList\",\"@id\":\"https:\\\/\\\/www.deinadieu.ch\\\/it\\\/dare-voce-ai-piu-vulnerabili\\\/#breadcrumb\",\"itemListElement\":[{\"@type\":\"ListItem\",\"position\":1,\"name\":\"Home\",\"item\":\"https:\\\/\\\/www.deinadieu.ch\\\/it\\\/deinadieu-dialog-und-serviceportal-zum-lebensende\\\/\"},{\"@type\":\"ListItem\",\"position\":2,\"name\":\"Dare voce ai pi\u00f9 vulnerabili\"}]},{\"@type\":\"WebSite\",\"@id\":\"https:\\\/\\\/www.deinadieu.ch\\\/it\\\/#website\",\"url\":\"https:\\\/\\\/www.deinadieu.ch\\\/it\\\/\",\"name\":\"DeinAdieu.ch\",\"description\":\"Testament, Patientenverf\u00fcgung und Vorsorgeauftrag\",\"publisher\":{\"@id\":\"https:\\\/\\\/www.deinadieu.ch\\\/it\\\/#organization\"},\"potentialAction\":[{\"@type\":\"SearchAction\",\"target\":{\"@type\":\"EntryPoint\",\"urlTemplate\":\"https:\\\/\\\/www.deinadieu.ch\\\/it\\\/?s={search_term_string}\"},\"query-input\":{\"@type\":\"PropertyValueSpecification\",\"valueRequired\":true,\"valueName\":\"search_term_string\"}}],\"inLanguage\":\"it-IT\"},{\"@type\":\"Organization\",\"@id\":\"https:\\\/\\\/www.deinadieu.ch\\\/it\\\/#organization\",\"name\":\"EMNA Web GmbH\",\"url\":\"https:\\\/\\\/www.deinadieu.ch\\\/it\\\/\",\"logo\":{\"@type\":\"ImageObject\",\"inLanguage\":\"it-IT\",\"@id\":\"https:\\\/\\\/www.deinadieu.ch\\\/it\\\/#\\\/schema\\\/logo\\\/image\\\/\",\"url\":\"https:\\\/\\\/www.deinadieu.ch\\\/wp-content\\\/uploads\\\/2016\\\/01\\\/DeinAdieu_Logo.png\",\"contentUrl\":\"https:\\\/\\\/www.deinadieu.ch\\\/wp-content\\\/uploads\\\/2016\\\/01\\\/DeinAdieu_Logo.png\",\"width\":300,\"height\":117,\"caption\":\"EMNA Web GmbH\"},\"image\":{\"@id\":\"https:\\\/\\\/www.deinadieu.ch\\\/it\\\/#\\\/schema\\\/logo\\\/image\\\/\"},\"sameAs\":[\"https:\\\/\\\/www.facebook.com\\\/deinadieu\",\"https:\\\/\\\/x.com\\\/DeinAdieu\",\"https:\\\/\\\/www.instagram.com\\\/deinadieu\\\/\",\"https:\\\/\\\/www.linkedin.com\\\/company\\\/deinadieu.ch\"]},{\"@type\":\"Person\",\"@id\":\"https:\\\/\\\/www.deinadieu.ch\\\/it\\\/#\\\/schema\\\/person\\\/ad724a53f7e50dd3866fc9b0fc6bbdd9\",\"name\":\"Sabrina Rohner\",\"image\":{\"@type\":\"ImageObject\",\"inLanguage\":\"it-IT\",\"@id\":\"https:\\\/\\\/secure.gravatar.com\\\/avatar\\\/c72cef3c7bba2e19d98358a63ff805dbe088a70fb947d10024d669ded777102d?s=96&d=mm&r=g\",\"url\":\"https:\\\/\\\/secure.gravatar.com\\\/avatar\\\/c72cef3c7bba2e19d98358a63ff805dbe088a70fb947d10024d669ded777102d?s=96&d=mm&r=g\",\"contentUrl\":\"https:\\\/\\\/secure.gravatar.com\\\/avatar\\\/c72cef3c7bba2e19d98358a63ff805dbe088a70fb947d10024d669ded777102d?s=96&d=mm&r=g\",\"caption\":\"Sabrina Rohner\"},\"url\":\"https:\\\/\\\/www.deinadieu.ch\\\/it\\\/author\\\/sabrina-rohnergmail-com\\\/\"}]}<\/script>","yoast_head_json":{"title":"Ritratto Fondazione Horyzon | DeinAdieu","description":"L'organizzazione di sviluppo Horyzon sostiene da oltre 50 anni circa 5500 giovani con progetti in vari Paesi.","robots":{"index":"index","follow":"follow","max-snippet":"max-snippet:-1","max-image-preview":"max-image-preview:large","max-video-preview":"max-video-preview:-1"},"canonical":"https:\/\/www.deinadieu.ch\/it\/dare-voce-ai-piu-vulnerabili\/","og_locale":"it_IT","og_type":"article","og_title":"Dare voce ai pi\u00f9 vulnerabili","og_description":"Da oltre 50 anni, la Fondazione Horyzon aiuta i giovani economicamente e socialmente svantaggiati in Palestina, Colombia, Uganda, Nepal e Haiti. La vita","og_url":"https:\/\/www.deinadieu.ch\/it\/dare-voce-ai-piu-vulnerabili\/","og_site_name":"DeinAdieu.ch","article_publisher":"https:\/\/www.facebook.com\/deinadieu","article_published_time":"2023-06-27T05:28:00+00:00","article_modified_time":"2024-02-20T07:40:50+00:00","og_image":[{"width":2560,"height":1707,"url":"https:\/\/static.deinadieu.ch\/uploads\/2023\/06\/1-Titelbild-scaled.jpg","type":"image\/jpeg"}],"author":"Sabrina Rohner","twitter_card":"summary_large_image","twitter_creator":"@DeinAdieu","twitter_site":"@DeinAdieu","twitter_misc":{"Written by":"Sabrina Rohner","Est. reading time":"6 minutes"},"schema":{"@context":"https:\/\/schema.org","@graph":[{"@type":"Article","@id":"https:\/\/www.deinadieu.ch\/it\/dare-voce-ai-piu-vulnerabili\/#article","isPartOf":{"@id":"https:\/\/www.deinadieu.ch\/it\/dare-voce-ai-piu-vulnerabili\/"},"author":{"name":"Sabrina Rohner","@id":"https:\/\/www.deinadieu.ch\/it\/#\/schema\/person\/ad724a53f7e50dd3866fc9b0fc6bbdd9"},"headline":"Dare voce ai pi\u00f9 vulnerabili","datePublished":"2023-06-27T05:28:00+00:00","dateModified":"2024-02-20T07:40:50+00:00","mainEntityOfPage":{"@id":"https:\/\/www.deinadieu.ch\/it\/dare-voce-ai-piu-vulnerabili\/"},"wordCount":1274,"commentCount":0,"publisher":{"@id":"https:\/\/www.deinadieu.ch\/it\/#organization"},"image":{"@id":"https:\/\/www.deinadieu.ch\/it\/dare-voce-ai-piu-vulnerabili\/#primaryimage"},"thumbnailUrl":"https:\/\/www.deinadieu.ch\/wp-content\/uploads\/2023\/06\/1-Titelbild-scaled.jpg","keywords":["Cosa pu\u00f2 fare la mia eredit\u00e0?","Donazioni","Figli","Raccolta fondi"],"articleSection":["Focus sulle opere caritative"],"inLanguage":"it-IT","potentialAction":[{"@type":"CommentAction","name":"Comment","target":["https:\/\/www.deinadieu.ch\/it\/dare-voce-ai-piu-vulnerabili\/#respond"]}]},{"@type":"WebPage","@id":"https:\/\/www.deinadieu.ch\/it\/dare-voce-ai-piu-vulnerabili\/","url":"https:\/\/www.deinadieu.ch\/it\/dare-voce-ai-piu-vulnerabili\/","name":"Ritratto Fondazione Horyzon | DeinAdieu","isPartOf":{"@id":"https:\/\/www.deinadieu.ch\/it\/#website"},"primaryImageOfPage":{"@id":"https:\/\/www.deinadieu.ch\/it\/dare-voce-ai-piu-vulnerabili\/#primaryimage"},"image":{"@id":"https:\/\/www.deinadieu.ch\/it\/dare-voce-ai-piu-vulnerabili\/#primaryimage"},"thumbnailUrl":"https:\/\/www.deinadieu.ch\/wp-content\/uploads\/2023\/06\/1-Titelbild-scaled.jpg","datePublished":"2023-06-27T05:28:00+00:00","dateModified":"2024-02-20T07:40:50+00:00","description":"L'organizzazione di sviluppo Horyzon sostiene da oltre 50 anni circa 5500 giovani con progetti in vari Paesi.","breadcrumb":{"@id":"https:\/\/www.deinadieu.ch\/it\/dare-voce-ai-piu-vulnerabili\/#breadcrumb"},"inLanguage":"it-IT","potentialAction":[{"@type":"ReadAction","target":["https:\/\/www.deinadieu.ch\/it\/dare-voce-ai-piu-vulnerabili\/"]}]},{"@type":"ImageObject","inLanguage":"it-IT","@id":"https:\/\/www.deinadieu.ch\/it\/dare-voce-ai-piu-vulnerabili\/#primaryimage","url":"https:\/\/www.deinadieu.ch\/wp-content\/uploads\/2023\/06\/1-Titelbild-scaled.jpg","contentUrl":"https:\/\/www.deinadieu.ch\/wp-content\/uploads\/2023\/06\/1-Titelbild-scaled.jpg","width":2560,"height":1707,"caption":"La direttrice generale di Horyzon, Andrea R\u00fcegg, con Sandrine K\u00e9nol dell'organizzazione associata \u00abYoung Women's Christian Association (YWCA) Haiti\u00bb."},{"@type":"BreadcrumbList","@id":"https:\/\/www.deinadieu.ch\/it\/dare-voce-ai-piu-vulnerabili\/#breadcrumb","itemListElement":[{"@type":"ListItem","position":1,"name":"Home","item":"https:\/\/www.deinadieu.ch\/it\/deinadieu-dialog-und-serviceportal-zum-lebensende\/"},{"@type":"ListItem","position":2,"name":"Dare voce ai pi\u00f9 vulnerabili"}]},{"@type":"WebSite","@id":"https:\/\/www.deinadieu.ch\/it\/#website","url":"https:\/\/www.deinadieu.ch\/it\/","name":"DeinAdieu.ch","description":"Testament, Patientenverf\u00fcgung und Vorsorgeauftrag","publisher":{"@id":"https:\/\/www.deinadieu.ch\/it\/#organization"},"potentialAction":[{"@type":"SearchAction","target":{"@type":"EntryPoint","urlTemplate":"https:\/\/www.deinadieu.ch\/it\/?s={search_term_string}"},"query-input":{"@type":"PropertyValueSpecification","valueRequired":true,"valueName":"search_term_string"}}],"inLanguage":"it-IT"},{"@type":"Organization","@id":"https:\/\/www.deinadieu.ch\/it\/#organization","name":"EMNA Web GmbH","url":"https:\/\/www.deinadieu.ch\/it\/","logo":{"@type":"ImageObject","inLanguage":"it-IT","@id":"https:\/\/www.deinadieu.ch\/it\/#\/schema\/logo\/image\/","url":"https:\/\/www.deinadieu.ch\/wp-content\/uploads\/2016\/01\/DeinAdieu_Logo.png","contentUrl":"https:\/\/www.deinadieu.ch\/wp-content\/uploads\/2016\/01\/DeinAdieu_Logo.png","width":300,"height":117,"caption":"EMNA Web GmbH"},"image":{"@id":"https:\/\/www.deinadieu.ch\/it\/#\/schema\/logo\/image\/"},"sameAs":["https:\/\/www.facebook.com\/deinadieu","https:\/\/x.com\/DeinAdieu","https:\/\/www.instagram.com\/deinadieu\/","https:\/\/www.linkedin.com\/company\/deinadieu.ch"]},{"@type":"Person","@id":"https:\/\/www.deinadieu.ch\/it\/#\/schema\/person\/ad724a53f7e50dd3866fc9b0fc6bbdd9","name":"Sabrina Rohner","image":{"@type":"ImageObject","inLanguage":"it-IT","@id":"https:\/\/secure.gravatar.com\/avatar\/c72cef3c7bba2e19d98358a63ff805dbe088a70fb947d10024d669ded777102d?s=96&d=mm&r=g","url":"https:\/\/secure.gravatar.com\/avatar\/c72cef3c7bba2e19d98358a63ff805dbe088a70fb947d10024d669ded777102d?s=96&d=mm&r=g","contentUrl":"https:\/\/secure.gravatar.com\/avatar\/c72cef3c7bba2e19d98358a63ff805dbe088a70fb947d10024d669ded777102d?s=96&d=mm&r=g","caption":"Sabrina Rohner"},"url":"https:\/\/www.deinadieu.ch\/it\/author\/sabrina-rohnergmail-com\/"}]}},"_links":{"self":[{"href":"https:\/\/www.deinadieu.ch\/it\/wp-json\/wp\/v2\/posts\/64713","targetHints":{"allow":["GET"]}}],"collection":[{"href":"https:\/\/www.deinadieu.ch\/it\/wp-json\/wp\/v2\/posts"}],"about":[{"href":"https:\/\/www.deinadieu.ch\/it\/wp-json\/wp\/v2\/types\/post"}],"author":[{"embeddable":true,"href":"https:\/\/www.deinadieu.ch\/it\/wp-json\/wp\/v2\/users\/6038"}],"replies":[{"embeddable":true,"href":"https:\/\/www.deinadieu.ch\/it\/wp-json\/wp\/v2\/comments?post=64713"}],"version-history":[{"count":3,"href":"https:\/\/www.deinadieu.ch\/it\/wp-json\/wp\/v2\/posts\/64713\/revisions"}],"predecessor-version":[{"id":66926,"href":"https:\/\/www.deinadieu.ch\/it\/wp-json\/wp\/v2\/posts\/64713\/revisions\/66926"}],"wp:featuredmedia":[{"embeddable":true,"href":"https:\/\/www.deinadieu.ch\/it\/wp-json\/wp\/v2\/media\/64313"}],"wp:attachment":[{"href":"https:\/\/www.deinadieu.ch\/it\/wp-json\/wp\/v2\/media?parent=64713"}],"wp:term":[{"taxonomy":"category","embeddable":true,"href":"https:\/\/www.deinadieu.ch\/it\/wp-json\/wp\/v2\/categories?post=64713"},{"taxonomy":"post_tag","embeddable":true,"href":"https:\/\/www.deinadieu.ch\/it\/wp-json\/wp\/v2\/tags?post=64713"}],"curies":[{"name":"wp","href":"https:\/\/api.w.org\/{rel}","templated":true}]}}