{"id":64710,"date":"2023-06-23T07:30:00","date_gmt":"2023-06-23T05:30:00","guid":{"rendered":"https:\/\/www.deinadieu.ch\/cio-che-mi-ha-aiutato-di-piu-sono-state-le-esperienze-di-altri-malati\/"},"modified":"2024-03-25T15:26:59","modified_gmt":"2024-03-25T14:26:59","slug":"cio-che-mi-ha-aiutato-di-piu-sono-state-le-esperienze-di-altri-malati","status":"publish","type":"post","link":"https:\/\/www.deinadieu.ch\/it\/cio-che-mi-ha-aiutato-di-piu-sono-state-le-esperienze-di-altri-malati\/","title":{"rendered":"&#8220;Ci\u00f2 che mi ha aiutato di pi\u00f9 sono state le esperienze di altri malati&#8221;."},"content":{"rendered":"\n<p>La pressione saguigna bassa per tutta la vita, \u00e8 diventata improvvisamente troppo alta in et\u00e0 avanzata. Ursula Knechtli viene colpita da un grave ictus. Perch\u00e9 non solo i figli e gli amici hanno contribuito alla sua guarigione, ma anche la Fondazione Svizzera per il Cuore.<\/p>\n\n<!--more-->\n\n<p><\/p>\n\n<p><\/p>\n\n<p><strong>Ursula Knechtli, donatrice della Fondazione Svizzera per il Cuore, racconta:<\/strong><\/p>\n\n<p>Sono entrata in contatto con la <a href=\"https:\/\/www.deinadieu.ch\/it\/organizzazioni-caritatevoli\/\">Fondazione Svizzera per il Cuore<\/a> quando mio marito, all&#8217;et\u00e0 di 80 anni, ha dovuto sostituire le valvole cardiache in un&#8217;importante operazione al cuore. Da quel momento in poi mi sono interessata a questo argomento e al fatto che ci comportiamo correttamente per il recupero. Avevo letto gli opuscoli della Fondazione per il Cuore, questi mi avevano aiutato molto. Mio marito ha poi vissuto per altri dieci anni.<\/p>\n\n<p><\/p>\n\n<p>Ben cinque anni fa, io stessa sono stata colpita da un grave ictus. La pressione saguigna bassa per tutta la vita, \u00e8 diventata improvvisamente troppo alta in et\u00e0 avanzata. Inoltre, ero molto stressata, mio marito e la mia migliore amica erano morti e dovevo vendere la nostra casa di famiglia. Era tutto troppo per me. A quel punto ho contattato la Fondazione Svizzera per il Cuore. Ero paralizzata sul lato sinistro del corpo, non potevo pi\u00f9 camminare n\u00e9 stare in piedi. Ho trascorso tre mesi nel centro di riabilitazione Sonnmatt di Lucerna. Ho ricevuto ottime terapie l\u00ec<br\/>e nella mia residenza al Konradhof di Winterthur. \u00c8 un miracolo che mi sia ripresa cos\u00ec bene dall&#8217;ictus. Ho sempre detto: sto bene, torneranno tempi migliori.<\/p>\n\n<figure class=\"wp-block-image size-large\"><img loading=\"lazy\" decoding=\"async\" width=\"1024\" height=\"683\" src=\"https:\/\/www.deinadieu.ch\/wp-content\/uploads\/2023\/06\/herzstiftung_5407-1024x683.jpg\" alt=\"\" class=\"wp-image-64120\" srcset=\"https:\/\/www.deinadieu.ch\/wp-content\/uploads\/2023\/06\/herzstiftung_5407-1024x683.jpg 1024w, https:\/\/www.deinadieu.ch\/wp-content\/uploads\/2023\/06\/herzstiftung_5407-300x200.jpg 300w, https:\/\/www.deinadieu.ch\/wp-content\/uploads\/2023\/06\/herzstiftung_5407-1536x1024.jpg 1536w, https:\/\/www.deinadieu.ch\/wp-content\/uploads\/2023\/06\/herzstiftung_5407-2048x1365.jpg 2048w\" sizes=\"auto, (max-width: 1024px) 100vw, 1024px\" \/><figcaption class=\"wp-element-caption\">&#8220;Il jazz di New Orleans mi ha dato anche la forza di rimanere positiva&#8221;, dice Ursula Knechtli, 93 anni, colpita da un ictus.<\/figcaption><\/figure>\n\n<p>Ho sempre letto con grande attenzione la rivista, che la Heart Foundation pubblica quattro volte l&#8217;anno, dalla A alla Z. Ci\u00f2 che mi interessava di pi\u00f9 erano le esperienze di altre persone colpite. I consigli, tra cui quello di vedere in qualche modo l&#8217;intera faccenda in modo positivo, mi hanno aiutato. In quella situazione, ero felice di aver gi\u00e0 conosciuto le fondamenta. Ho anche detto pi\u00f9 volte al personale infermieristico e al medico di famiglia quanto siano preziose le informazioni che ne derivano, ad esempio sui farmaci. Dopo aver letto gli opuscoli della Fondazione per il Cuore, li ho sempre regalati a mio fratello, anch&#8217;egli colpito da un ictus. <\/p>\n\n<p><\/p>\n\n<p>Ho ancora molti amici delle scuole elementari e degli scout. Quando ero in riabilitazione a Lucerna, sono venuti a trovarmi dei cari amici del passato. \u00c8 stato molto utile. Anche i miei tre figli grandi mi hanno seguita nel mio percorso. E ho ascoltato il jazz di New Orleans per riprendermi dall&#8217;ictus. La musica mi ha dato la forza di rimanere positivo. Non si sa mai quando si avr\u00e0 di nuovo bisogno delle fondamenta. Sapere di non essere lasciata sola \u00e8 qualcosa di positivo.<\/p>\n\n<p><\/p>\n\n<p><\/p>\n\n<h3 class=\"wp-block-heading\" id=\"h-uber-die-schweizerische-herzstiftung\">Informazioni sulla Fondazione Svizzera per il Cuore<\/h3>\n\n<p>La <a href=\"https:\/\/www.deinadieu.ch\/it\/organizzazioni-caritatevoli\/\">Fondazione Svizzera per il Cuore<\/a> si adopera affinch\u00e9 un minor numero di persone sviluppi malattie cardiovascolari o subisca un ictus e che le persone colpite non rimangano invalide a causa delle malattie cardiovascolari o muoiano prematuramente per esse. \u00abGran parte delle donazioni va direttamente alla ricerca, ad esempio per lo sviluppo di nuove terapie\u00bb, afferma Nina Privitera, Project Manager Fundraising della Fondazione Svizzera per il Cuore. <\/p>\n\n<p>&#8220;Sosteniamo i ricercatori in Svizzera nell&#8217;acquisizione di nuove conoscenze sulle cause delle malattie cardiache e dell&#8217;ictus&#8221;. Verranno finanziati progetti di ricerca con l&#8217;obiettivo di sviluppare nuovi metodi di esame e di trattamento. Inoltre, le informazioni fornite dalla Fondazione per il Cuore sono spesso importanti non solo per le persone affette dalla malattia, ma anche per i loro familiari, afferma Privitera. <\/p>\n\n<figure class=\"wp-block-image size-large\"><img loading=\"lazy\" decoding=\"async\" width=\"1024\" height=\"683\" src=\"https:\/\/www.deinadieu.ch\/wp-content\/uploads\/2023\/06\/herzstiftung_5421-1024x683.jpg\" alt=\"\" class=\"wp-image-64124\" srcset=\"https:\/\/www.deinadieu.ch\/wp-content\/uploads\/2023\/06\/herzstiftung_5421-1024x683.jpg 1024w, https:\/\/www.deinadieu.ch\/wp-content\/uploads\/2023\/06\/herzstiftung_5421-300x200.jpg 300w, https:\/\/www.deinadieu.ch\/wp-content\/uploads\/2023\/06\/herzstiftung_5421-1536x1024.jpg 1536w, https:\/\/www.deinadieu.ch\/wp-content\/uploads\/2023\/06\/herzstiftung_5421-2048x1366.jpg 2048w\" sizes=\"auto, (max-width: 1024px) 100vw, 1024px\" \/><figcaption class=\"wp-element-caption\">Ursula Knechtli riceve la visita di Nina Privitera, Project Manager Fundraising della Fondazione Svizzera per il Cuore.<\/figcaption><\/figure>\n\n<p>Ad esempio, la Fondazione produce oltre 60 pubblicazioni in tre lingue nazionali con esperti che spiegano in modo semplice i modelli di malattia, le loro cause, il trattamento e le misure preventive. <\/p>\n\n<p>Le campagne e i programmi sono rivolti a rischi come l&#8217;ipertensione, il colesterolo e il fumo. I servizi offerti dalla Fondazione Svizzera per il Cuore comprendono anche consulenze online e test di rischio, ad esempio sulla dipendenza da nicotina o sull&#8217;insufficienza cardiaca.<\/p>\n\n<p><\/p>\n\n<p>Anche i cosiddetti gruppi del cuore in Svizzera sono particolarmente utili. &#8220;In questi gruppi, le persone colpite da infarto tornano a fare sport sotto la supervisione di uno specialista. Dopo un infarto, lo scambio all&#8217;interno di un gruppo di ginnastica \u00e8 utile, soprattutto perch\u00e9 molte persone all&#8217;inizio non osano andare a correre da sole&#8221;, dice Privitera.<\/p>\n\n<div style=\"height:40px\" aria-hidden=\"true\" class=\"wp-block-spacer\"><\/div>\n\n<div class=\"wp-block-buttons is-layout-flex wp-block-buttons-is-layout-flex\">\n<div class=\"wp-block-button\"><a class=\"wp-block-button__link wp-element-button\" href=\"https:\/\/app.deinadieu.ch\/da\/testament\/7654\">Fate della Fondazione Svizzera per il Cuore un beneficiario nel vostro testamento<\/a><\/div>\n<\/div>\n","protected":false},"excerpt":{"rendered":"<p>La pressione saguigna bassa per tutta la vita, \u00e8 diventata improvvisamente troppo alta in et\u00e0 avanzata. Ursula Knechtli viene colpita da un grave ictus. Perch\u00e9 non solo i figli e gli amici hanno contribuito alla sua guarigione, ma anche la Fondazione Svizzera per il Cuore.<\/p>\n","protected":false},"author":6028,"featured_media":64132,"comment_status":"open","ping_status":"closed","sticky":false,"template":"","format":"standard","meta":{"_acf_changed":false,"footnotes":""},"categories":[2474],"tags":[3014,3542,2121,2563],"class_list":["post-64710","post","type-post","status-publish","format-standard","has-post-thumbnail","hentry","category-opere-caritative","tag-donazioni","tag-malattia","tag-testamento","tag-testimonianza"],"acf":[],"yoast_head":"<title>Un donatore della Fondazione Svizzera per il Cuore racconta a DeinAdieu<\/title>\n<meta name=\"description\" content=\"Come la Fondazione Svizzera per il Cuore ha aiutato Ursula Knechtli a riprendersi da un ictus.\" \/>\n<meta name=\"robots\" content=\"index, follow, max-snippet:-1, max-image-preview:large, max-video-preview:-1\" \/>\n<link rel=\"canonical\" href=\"https:\/\/www.deinadieu.ch\/it\/cio-che-mi-ha-aiutato-di-piu-sono-state-le-esperienze-di-altri-malati\/\" \/>\n<meta property=\"og:locale\" content=\"it_IT\" \/>\n<meta property=\"og:type\" content=\"article\" \/>\n<meta property=\"og:title\" content=\"&quot;Ci\u00f2 che mi ha aiutato di pi\u00f9 sono state le esperienze di altri malati&quot;.\" \/>\n<meta property=\"og:description\" content=\"La pressione saguigna bassa per tutta la vita, \u00e8 diventata improvvisamente troppo alta in et\u00e0 avanzata. Ursula Knechtli viene colpita da un grave ictus.\" \/>\n<meta property=\"og:url\" content=\"https:\/\/www.deinadieu.ch\/it\/cio-che-mi-ha-aiutato-di-piu-sono-state-le-esperienze-di-altri-malati\/\" \/>\n<meta property=\"og:site_name\" content=\"DeinAdieu.ch\" \/>\n<meta property=\"article:publisher\" content=\"https:\/\/www.facebook.com\/deinadieu\" \/>\n<meta property=\"article:published_time\" content=\"2023-06-23T05:30:00+00:00\" \/>\n<meta property=\"article:modified_time\" content=\"2024-03-25T14:26:59+00:00\" \/>\n<meta property=\"og:image\" content=\"https:\/\/static.deinadieu.ch\/uploads\/2023\/06\/herzstiftung_5376-scaled.jpg\" \/>\n\t<meta property=\"og:image:width\" content=\"2560\" \/>\n\t<meta property=\"og:image:height\" content=\"1706\" \/>\n\t<meta property=\"og:image:type\" content=\"image\/jpeg\" \/>\n<meta name=\"author\" content=\"Janina Gehrig, MA UZH, Redaktorin\" \/>\n<meta name=\"twitter:card\" content=\"summary_large_image\" \/>\n<meta name=\"twitter:creator\" content=\"@DeinAdieu\" \/>\n<meta name=\"twitter:site\" content=\"@DeinAdieu\" \/>\n<meta name=\"twitter:label1\" content=\"Written by\" \/>\n\t<meta name=\"twitter:data1\" content=\"Janina Gehrig, MA UZH, Redaktorin\" \/>\n\t<meta name=\"twitter:label2\" content=\"Est. reading time\" \/>\n\t<meta name=\"twitter:data2\" content=\"4 minutes\" \/>\n<script type=\"application\/ld+json\" class=\"yoast-schema-graph\">{\"@context\":\"https:\\\/\\\/schema.org\",\"@graph\":[{\"@type\":\"Article\",\"@id\":\"https:\\\/\\\/www.deinadieu.ch\\\/it\\\/cio-che-mi-ha-aiutato-di-piu-sono-state-le-esperienze-di-altri-malati\\\/#article\",\"isPartOf\":{\"@id\":\"https:\\\/\\\/www.deinadieu.ch\\\/it\\\/cio-che-mi-ha-aiutato-di-piu-sono-state-le-esperienze-di-altri-malati\\\/\"},\"author\":{\"name\":\"Janina Gehrig, MA UZH, Redaktorin\",\"@id\":\"https:\\\/\\\/www.deinadieu.ch\\\/it\\\/#\\\/schema\\\/person\\\/78cffe1cb679e17f919e3d0c0e7b9673\"},\"headline\":\"&#8220;Ci\u00f2 che mi ha aiutato di pi\u00f9 sono state le esperienze di altri malati&#8221;.\",\"datePublished\":\"2023-06-23T05:30:00+00:00\",\"dateModified\":\"2024-03-25T14:26:59+00:00\",\"mainEntityOfPage\":{\"@id\":\"https:\\\/\\\/www.deinadieu.ch\\\/it\\\/cio-che-mi-ha-aiutato-di-piu-sono-state-le-esperienze-di-altri-malati\\\/\"},\"wordCount\":779,\"commentCount\":0,\"publisher\":{\"@id\":\"https:\\\/\\\/www.deinadieu.ch\\\/it\\\/#organization\"},\"image\":{\"@id\":\"https:\\\/\\\/www.deinadieu.ch\\\/it\\\/cio-che-mi-ha-aiutato-di-piu-sono-state-le-esperienze-di-altri-malati\\\/#primaryimage\"},\"thumbnailUrl\":\"https:\\\/\\\/www.deinadieu.ch\\\/wp-content\\\/uploads\\\/2023\\\/06\\\/herzstiftung_5376-scaled.jpg\",\"keywords\":[\"Donazioni\",\"Malattia\",\"Testamento\",\"Testimonianza\"],\"articleSection\":[\"Focus sulle opere caritative\"],\"inLanguage\":\"it-IT\",\"potentialAction\":[{\"@type\":\"CommentAction\",\"name\":\"Comment\",\"target\":[\"https:\\\/\\\/www.deinadieu.ch\\\/it\\\/cio-che-mi-ha-aiutato-di-piu-sono-state-le-esperienze-di-altri-malati\\\/#respond\"]}]},{\"@type\":\"WebPage\",\"@id\":\"https:\\\/\\\/www.deinadieu.ch\\\/it\\\/cio-che-mi-ha-aiutato-di-piu-sono-state-le-esperienze-di-altri-malati\\\/\",\"url\":\"https:\\\/\\\/www.deinadieu.ch\\\/it\\\/cio-che-mi-ha-aiutato-di-piu-sono-state-le-esperienze-di-altri-malati\\\/\",\"name\":\"Un donatore della Fondazione Svizzera per il Cuore racconta a DeinAdieu\",\"isPartOf\":{\"@id\":\"https:\\\/\\\/www.deinadieu.ch\\\/it\\\/#website\"},\"primaryImageOfPage\":{\"@id\":\"https:\\\/\\\/www.deinadieu.ch\\\/it\\\/cio-che-mi-ha-aiutato-di-piu-sono-state-le-esperienze-di-altri-malati\\\/#primaryimage\"},\"image\":{\"@id\":\"https:\\\/\\\/www.deinadieu.ch\\\/it\\\/cio-che-mi-ha-aiutato-di-piu-sono-state-le-esperienze-di-altri-malati\\\/#primaryimage\"},\"thumbnailUrl\":\"https:\\\/\\\/www.deinadieu.ch\\\/wp-content\\\/uploads\\\/2023\\\/06\\\/herzstiftung_5376-scaled.jpg\",\"datePublished\":\"2023-06-23T05:30:00+00:00\",\"dateModified\":\"2024-03-25T14:26:59+00:00\",\"description\":\"Come la Fondazione Svizzera per il Cuore ha aiutato Ursula Knechtli a riprendersi da un ictus.\",\"breadcrumb\":{\"@id\":\"https:\\\/\\\/www.deinadieu.ch\\\/it\\\/cio-che-mi-ha-aiutato-di-piu-sono-state-le-esperienze-di-altri-malati\\\/#breadcrumb\"},\"inLanguage\":\"it-IT\",\"potentialAction\":[{\"@type\":\"ReadAction\",\"target\":[\"https:\\\/\\\/www.deinadieu.ch\\\/it\\\/cio-che-mi-ha-aiutato-di-piu-sono-state-le-esperienze-di-altri-malati\\\/\"]}]},{\"@type\":\"ImageObject\",\"inLanguage\":\"it-IT\",\"@id\":\"https:\\\/\\\/www.deinadieu.ch\\\/it\\\/cio-che-mi-ha-aiutato-di-piu-sono-state-le-esperienze-di-altri-malati\\\/#primaryimage\",\"url\":\"https:\\\/\\\/www.deinadieu.ch\\\/wp-content\\\/uploads\\\/2023\\\/06\\\/herzstiftung_5376-scaled.jpg\",\"contentUrl\":\"https:\\\/\\\/www.deinadieu.ch\\\/wp-content\\\/uploads\\\/2023\\\/06\\\/herzstiftung_5376-scaled.jpg\",\"width\":2560,\"height\":1706,\"caption\":\"Ursula Knechtli ha aiutato la Fondazione Svizzera per il Cuore con il suo recupero\"},{\"@type\":\"BreadcrumbList\",\"@id\":\"https:\\\/\\\/www.deinadieu.ch\\\/it\\\/cio-che-mi-ha-aiutato-di-piu-sono-state-le-esperienze-di-altri-malati\\\/#breadcrumb\",\"itemListElement\":[{\"@type\":\"ListItem\",\"position\":1,\"name\":\"Home\",\"item\":\"https:\\\/\\\/www.deinadieu.ch\\\/it\\\/deinadieu-dialog-und-serviceportal-zum-lebensende\\\/\"},{\"@type\":\"ListItem\",\"position\":2,\"name\":\"&#8220;Ci\u00f2 che mi ha aiutato di pi\u00f9 sono state le esperienze di altri malati&#8221;.\"}]},{\"@type\":\"WebSite\",\"@id\":\"https:\\\/\\\/www.deinadieu.ch\\\/it\\\/#website\",\"url\":\"https:\\\/\\\/www.deinadieu.ch\\\/it\\\/\",\"name\":\"DeinAdieu.ch\",\"description\":\"Testament, Patientenverf\u00fcgung und Vorsorgeauftrag\",\"publisher\":{\"@id\":\"https:\\\/\\\/www.deinadieu.ch\\\/it\\\/#organization\"},\"potentialAction\":[{\"@type\":\"SearchAction\",\"target\":{\"@type\":\"EntryPoint\",\"urlTemplate\":\"https:\\\/\\\/www.deinadieu.ch\\\/it\\\/?s={search_term_string}\"},\"query-input\":{\"@type\":\"PropertyValueSpecification\",\"valueRequired\":true,\"valueName\":\"search_term_string\"}}],\"inLanguage\":\"it-IT\"},{\"@type\":\"Organization\",\"@id\":\"https:\\\/\\\/www.deinadieu.ch\\\/it\\\/#organization\",\"name\":\"EMNA Web GmbH\",\"url\":\"https:\\\/\\\/www.deinadieu.ch\\\/it\\\/\",\"logo\":{\"@type\":\"ImageObject\",\"inLanguage\":\"it-IT\",\"@id\":\"https:\\\/\\\/www.deinadieu.ch\\\/it\\\/#\\\/schema\\\/logo\\\/image\\\/\",\"url\":\"https:\\\/\\\/www.deinadieu.ch\\\/wp-content\\\/uploads\\\/2016\\\/01\\\/DeinAdieu_Logo.png\",\"contentUrl\":\"https:\\\/\\\/www.deinadieu.ch\\\/wp-content\\\/uploads\\\/2016\\\/01\\\/DeinAdieu_Logo.png\",\"width\":300,\"height\":117,\"caption\":\"EMNA Web GmbH\"},\"image\":{\"@id\":\"https:\\\/\\\/www.deinadieu.ch\\\/it\\\/#\\\/schema\\\/logo\\\/image\\\/\"},\"sameAs\":[\"https:\\\/\\\/www.facebook.com\\\/deinadieu\",\"https:\\\/\\\/x.com\\\/DeinAdieu\",\"https:\\\/\\\/www.instagram.com\\\/deinadieu\\\/\",\"https:\\\/\\\/www.linkedin.com\\\/company\\\/deinadieu.ch\"]},{\"@type\":\"Person\",\"@id\":\"https:\\\/\\\/www.deinadieu.ch\\\/it\\\/#\\\/schema\\\/person\\\/78cffe1cb679e17f919e3d0c0e7b9673\",\"name\":\"Janina Gehrig, MA UZH, Redaktorin\",\"image\":{\"@type\":\"ImageObject\",\"inLanguage\":\"it-IT\",\"@id\":\"https:\\\/\\\/secure.gravatar.com\\\/avatar\\\/8bfc4dca12cd7c0a0373c12f34587d1f6a6117903e7ecc0035863bd69df6fb07?s=96&d=mm&r=g\",\"url\":\"https:\\\/\\\/secure.gravatar.com\\\/avatar\\\/8bfc4dca12cd7c0a0373c12f34587d1f6a6117903e7ecc0035863bd69df6fb07?s=96&d=mm&r=g\",\"contentUrl\":\"https:\\\/\\\/secure.gravatar.com\\\/avatar\\\/8bfc4dca12cd7c0a0373c12f34587d1f6a6117903e7ecc0035863bd69df6fb07?s=96&d=mm&r=g\",\"caption\":\"Janina Gehrig, MA UZH, Redaktorin\"},\"url\":\"https:\\\/\\\/www.deinadieu.ch\\\/it\\\/author\\\/janinagehrig\\\/\"}]}<\/script>","yoast_head_json":{"title":"Un donatore della Fondazione Svizzera per il Cuore racconta a DeinAdieu","description":"Come la Fondazione Svizzera per il Cuore ha aiutato Ursula Knechtli a riprendersi da un ictus.","robots":{"index":"index","follow":"follow","max-snippet":"max-snippet:-1","max-image-preview":"max-image-preview:large","max-video-preview":"max-video-preview:-1"},"canonical":"https:\/\/www.deinadieu.ch\/it\/cio-che-mi-ha-aiutato-di-piu-sono-state-le-esperienze-di-altri-malati\/","og_locale":"it_IT","og_type":"article","og_title":"\"Ci\u00f2 che mi ha aiutato di pi\u00f9 sono state le esperienze di altri malati\".","og_description":"La pressione saguigna bassa per tutta la vita, \u00e8 diventata improvvisamente troppo alta in et\u00e0 avanzata. Ursula Knechtli viene colpita da un grave ictus.","og_url":"https:\/\/www.deinadieu.ch\/it\/cio-che-mi-ha-aiutato-di-piu-sono-state-le-esperienze-di-altri-malati\/","og_site_name":"DeinAdieu.ch","article_publisher":"https:\/\/www.facebook.com\/deinadieu","article_published_time":"2023-06-23T05:30:00+00:00","article_modified_time":"2024-03-25T14:26:59+00:00","og_image":[{"width":2560,"height":1706,"url":"https:\/\/static.deinadieu.ch\/uploads\/2023\/06\/herzstiftung_5376-scaled.jpg","type":"image\/jpeg"}],"author":"Janina Gehrig, MA UZH, Redaktorin","twitter_card":"summary_large_image","twitter_creator":"@DeinAdieu","twitter_site":"@DeinAdieu","twitter_misc":{"Written by":"Janina Gehrig, MA UZH, Redaktorin","Est. reading time":"4 minutes"},"schema":{"@context":"https:\/\/schema.org","@graph":[{"@type":"Article","@id":"https:\/\/www.deinadieu.ch\/it\/cio-che-mi-ha-aiutato-di-piu-sono-state-le-esperienze-di-altri-malati\/#article","isPartOf":{"@id":"https:\/\/www.deinadieu.ch\/it\/cio-che-mi-ha-aiutato-di-piu-sono-state-le-esperienze-di-altri-malati\/"},"author":{"name":"Janina Gehrig, MA UZH, Redaktorin","@id":"https:\/\/www.deinadieu.ch\/it\/#\/schema\/person\/78cffe1cb679e17f919e3d0c0e7b9673"},"headline":"&#8220;Ci\u00f2 che mi ha aiutato di pi\u00f9 sono state le esperienze di altri malati&#8221;.","datePublished":"2023-06-23T05:30:00+00:00","dateModified":"2024-03-25T14:26:59+00:00","mainEntityOfPage":{"@id":"https:\/\/www.deinadieu.ch\/it\/cio-che-mi-ha-aiutato-di-piu-sono-state-le-esperienze-di-altri-malati\/"},"wordCount":779,"commentCount":0,"publisher":{"@id":"https:\/\/www.deinadieu.ch\/it\/#organization"},"image":{"@id":"https:\/\/www.deinadieu.ch\/it\/cio-che-mi-ha-aiutato-di-piu-sono-state-le-esperienze-di-altri-malati\/#primaryimage"},"thumbnailUrl":"https:\/\/www.deinadieu.ch\/wp-content\/uploads\/2023\/06\/herzstiftung_5376-scaled.jpg","keywords":["Donazioni","Malattia","Testamento","Testimonianza"],"articleSection":["Focus sulle opere caritative"],"inLanguage":"it-IT","potentialAction":[{"@type":"CommentAction","name":"Comment","target":["https:\/\/www.deinadieu.ch\/it\/cio-che-mi-ha-aiutato-di-piu-sono-state-le-esperienze-di-altri-malati\/#respond"]}]},{"@type":"WebPage","@id":"https:\/\/www.deinadieu.ch\/it\/cio-che-mi-ha-aiutato-di-piu-sono-state-le-esperienze-di-altri-malati\/","url":"https:\/\/www.deinadieu.ch\/it\/cio-che-mi-ha-aiutato-di-piu-sono-state-le-esperienze-di-altri-malati\/","name":"Un donatore della Fondazione Svizzera per il Cuore racconta a DeinAdieu","isPartOf":{"@id":"https:\/\/www.deinadieu.ch\/it\/#website"},"primaryImageOfPage":{"@id":"https:\/\/www.deinadieu.ch\/it\/cio-che-mi-ha-aiutato-di-piu-sono-state-le-esperienze-di-altri-malati\/#primaryimage"},"image":{"@id":"https:\/\/www.deinadieu.ch\/it\/cio-che-mi-ha-aiutato-di-piu-sono-state-le-esperienze-di-altri-malati\/#primaryimage"},"thumbnailUrl":"https:\/\/www.deinadieu.ch\/wp-content\/uploads\/2023\/06\/herzstiftung_5376-scaled.jpg","datePublished":"2023-06-23T05:30:00+00:00","dateModified":"2024-03-25T14:26:59+00:00","description":"Come la Fondazione Svizzera per il Cuore ha aiutato Ursula Knechtli a riprendersi da un ictus.","breadcrumb":{"@id":"https:\/\/www.deinadieu.ch\/it\/cio-che-mi-ha-aiutato-di-piu-sono-state-le-esperienze-di-altri-malati\/#breadcrumb"},"inLanguage":"it-IT","potentialAction":[{"@type":"ReadAction","target":["https:\/\/www.deinadieu.ch\/it\/cio-che-mi-ha-aiutato-di-piu-sono-state-le-esperienze-di-altri-malati\/"]}]},{"@type":"ImageObject","inLanguage":"it-IT","@id":"https:\/\/www.deinadieu.ch\/it\/cio-che-mi-ha-aiutato-di-piu-sono-state-le-esperienze-di-altri-malati\/#primaryimage","url":"https:\/\/www.deinadieu.ch\/wp-content\/uploads\/2023\/06\/herzstiftung_5376-scaled.jpg","contentUrl":"https:\/\/www.deinadieu.ch\/wp-content\/uploads\/2023\/06\/herzstiftung_5376-scaled.jpg","width":2560,"height":1706,"caption":"Ursula Knechtli ha aiutato la Fondazione Svizzera per il Cuore con il suo recupero"},{"@type":"BreadcrumbList","@id":"https:\/\/www.deinadieu.ch\/it\/cio-che-mi-ha-aiutato-di-piu-sono-state-le-esperienze-di-altri-malati\/#breadcrumb","itemListElement":[{"@type":"ListItem","position":1,"name":"Home","item":"https:\/\/www.deinadieu.ch\/it\/deinadieu-dialog-und-serviceportal-zum-lebensende\/"},{"@type":"ListItem","position":2,"name":"&#8220;Ci\u00f2 che mi ha aiutato di pi\u00f9 sono state le esperienze di altri malati&#8221;."}]},{"@type":"WebSite","@id":"https:\/\/www.deinadieu.ch\/it\/#website","url":"https:\/\/www.deinadieu.ch\/it\/","name":"DeinAdieu.ch","description":"Testament, Patientenverf\u00fcgung und Vorsorgeauftrag","publisher":{"@id":"https:\/\/www.deinadieu.ch\/it\/#organization"},"potentialAction":[{"@type":"SearchAction","target":{"@type":"EntryPoint","urlTemplate":"https:\/\/www.deinadieu.ch\/it\/?s={search_term_string}"},"query-input":{"@type":"PropertyValueSpecification","valueRequired":true,"valueName":"search_term_string"}}],"inLanguage":"it-IT"},{"@type":"Organization","@id":"https:\/\/www.deinadieu.ch\/it\/#organization","name":"EMNA Web GmbH","url":"https:\/\/www.deinadieu.ch\/it\/","logo":{"@type":"ImageObject","inLanguage":"it-IT","@id":"https:\/\/www.deinadieu.ch\/it\/#\/schema\/logo\/image\/","url":"https:\/\/www.deinadieu.ch\/wp-content\/uploads\/2016\/01\/DeinAdieu_Logo.png","contentUrl":"https:\/\/www.deinadieu.ch\/wp-content\/uploads\/2016\/01\/DeinAdieu_Logo.png","width":300,"height":117,"caption":"EMNA Web GmbH"},"image":{"@id":"https:\/\/www.deinadieu.ch\/it\/#\/schema\/logo\/image\/"},"sameAs":["https:\/\/www.facebook.com\/deinadieu","https:\/\/x.com\/DeinAdieu","https:\/\/www.instagram.com\/deinadieu\/","https:\/\/www.linkedin.com\/company\/deinadieu.ch"]},{"@type":"Person","@id":"https:\/\/www.deinadieu.ch\/it\/#\/schema\/person\/78cffe1cb679e17f919e3d0c0e7b9673","name":"Janina Gehrig, MA UZH, Redaktorin","image":{"@type":"ImageObject","inLanguage":"it-IT","@id":"https:\/\/secure.gravatar.com\/avatar\/8bfc4dca12cd7c0a0373c12f34587d1f6a6117903e7ecc0035863bd69df6fb07?s=96&d=mm&r=g","url":"https:\/\/secure.gravatar.com\/avatar\/8bfc4dca12cd7c0a0373c12f34587d1f6a6117903e7ecc0035863bd69df6fb07?s=96&d=mm&r=g","contentUrl":"https:\/\/secure.gravatar.com\/avatar\/8bfc4dca12cd7c0a0373c12f34587d1f6a6117903e7ecc0035863bd69df6fb07?s=96&d=mm&r=g","caption":"Janina Gehrig, MA UZH, Redaktorin"},"url":"https:\/\/www.deinadieu.ch\/it\/author\/janinagehrig\/"}]}},"_links":{"self":[{"href":"https:\/\/www.deinadieu.ch\/it\/wp-json\/wp\/v2\/posts\/64710","targetHints":{"allow":["GET"]}}],"collection":[{"href":"https:\/\/www.deinadieu.ch\/it\/wp-json\/wp\/v2\/posts"}],"about":[{"href":"https:\/\/www.deinadieu.ch\/it\/wp-json\/wp\/v2\/types\/post"}],"author":[{"embeddable":true,"href":"https:\/\/www.deinadieu.ch\/it\/wp-json\/wp\/v2\/users\/6028"}],"replies":[{"embeddable":true,"href":"https:\/\/www.deinadieu.ch\/it\/wp-json\/wp\/v2\/comments?post=64710"}],"version-history":[{"count":4,"href":"https:\/\/www.deinadieu.ch\/it\/wp-json\/wp\/v2\/posts\/64710\/revisions"}],"predecessor-version":[{"id":67243,"href":"https:\/\/www.deinadieu.ch\/it\/wp-json\/wp\/v2\/posts\/64710\/revisions\/67243"}],"wp:featuredmedia":[{"embeddable":true,"href":"https:\/\/www.deinadieu.ch\/it\/wp-json\/wp\/v2\/media\/64132"}],"wp:attachment":[{"href":"https:\/\/www.deinadieu.ch\/it\/wp-json\/wp\/v2\/media?parent=64710"}],"wp:term":[{"taxonomy":"category","embeddable":true,"href":"https:\/\/www.deinadieu.ch\/it\/wp-json\/wp\/v2\/categories?post=64710"},{"taxonomy":"post_tag","embeddable":true,"href":"https:\/\/www.deinadieu.ch\/it\/wp-json\/wp\/v2\/tags?post=64710"}],"curies":[{"name":"wp","href":"https:\/\/api.w.org\/{rel}","templated":true}]}}