{"id":63284,"date":"2023-05-09T07:00:00","date_gmt":"2023-05-09T05:00:00","guid":{"rendered":"https:\/\/www.deinadieu.ch\/?p=63284"},"modified":"2024-03-25T15:27:04","modified_gmt":"2024-03-25T14:27:04","slug":"contro-loblio-capire-e-rallentare-la-demenza","status":"publish","type":"post","link":"https:\/\/www.deinadieu.ch\/it\/contro-loblio-capire-e-rallentare-la-demenza\/","title":{"rendered":"Contro l&#8217;oblio: Capire e rallentare la demenza"},"content":{"rendered":"\n<p>Promuovere la ricerca per fermare la demenza: Questa \u00e8 la missione di Demenz Forschung Schweiz &#8211; Fondazione Synapsis. Da 20 anni la fondazione si impegna a individuare le cause della malattia e a trovare trattamenti efficaci. &#8220;Brain-IT&#8221; \u00e8 uno dei numerosi progetti di ricerca sostenuti dalla Fondazione Synapsis. Il progetto del Politecnico di Zurigo utilizza l&#8217;exergaming per ricercare approcci innovativi di formazione per migliorare la prevenzione del deterioramento cognitivo.<\/p>\n\n<!--more-->\n\n<p>In Svizzera circa 150.000 persone soffrono di demenza. <a href=\"https:\/\/www.deinadieu.ch\/it\/guida\/cose-la-demenza-e-come-la-affronto\/\">Demenza<\/a> \u00e8 il termine collettivo per tutte le malattie in cui le prestazioni del cervello e della memoria, cos\u00ec come le capacit\u00e0 sociali ed emotive, diminuiscono. A causa dell&#8217;aumento dell&#8217;aspettativa di vita, si prevede che in futuro un numero ancora maggiore di persone svilupper\u00e0 la demenza. &#8220;Attualmente siamo lontani dalla possibilit\u00e0 di curare la demenza. <strong>Con il nostro lavoro, vogliamo stimolare la societ\u00e0 e utilizzare i fondi per la ricerca sulla demenza per poter trattare la malattia.<\/strong> Aspettare e non fare nulla non \u00e8 un&#8217;opzione&#8221;, afferma Corinne Denzler, direttore esecutivo della <a href=\"https:\/\/www.deinadieu.ch\/hilfswerke\/stiftung-synapsis-alzheimer-forschung-schweiz-afs\/\">Fondazione Synapsis<\/a>.<\/p>\n\n<h2 class=\"wp-block-heading\" id=\"h-den-forschungsstandort-schweiz-fordern\">Promuovere la Svizzera come sede di ricerca<\/h2>\n\n<p>Corinne Denzler ha assunto la direzione della Fondazione Synapsis circa due anni fa. In precedenza, l&#8217;imprenditrice ha lavorato nel settore alberghiero. Denzler si \u00e8 confrontata con il tema della demenza grazie a un suo amico a cui \u00e8 stata diagnosticata in giovane et\u00e0 e che \u00e8 morto a 53 anni: &#8220;La maggior parte dei malati di demenza sono anziani, ma la malattia pu\u00f2 colpire anche persone pi\u00f9 giovani&#8221;. <\/p>\n\n<p>Finanziando la ricerca sulla demenza, Synapsis intende integrare la ricerca del governo e dell&#8217;industria per investire ulteriori risorse nella ricerca sulle malattie da demenza &#8211; in particolare l&#8217;Alzheimer &#8211; in modo che la demenza diventi curabile nel prossimo futuro. Da un lato, Synapsis sostiene la complessa ricerca di base che studia le cause delle malattie. D&#8217;altro canto, Synapsis utilizza i fondi per la ricerca applicata per portare avanti progetti per il trattamento delle malattie da demenza: &#8220;Con il nostro impegno, rafforziamo anche la Svizzera come sede di ricerca e di attivit\u00e0 economica, promuovendo la creazione di giovani gruppi di ricerca&#8221;, sottolinea Corinne Denzler.<\/p>\n\n<figure class=\"wp-block-image size-large\"><img loading=\"lazy\" decoding=\"async\" width=\"1024\" height=\"683\" src=\"https:\/\/www.deinadieu.ch\/wp-content\/uploads\/2023\/04\/Bild-1_Corinne-Denzler-Stiftung-Synapsis-1024x683.jpg\" alt=\"Corinne Denzler, Fondazione Synapsis\" class=\"wp-image-63064\" srcset=\"https:\/\/www.deinadieu.ch\/wp-content\/uploads\/2023\/04\/Bild-1_Corinne-Denzler-Stiftung-Synapsis-1024x683.jpg 1024w, https:\/\/www.deinadieu.ch\/wp-content\/uploads\/2023\/04\/Bild-1_Corinne-Denzler-Stiftung-Synapsis-300x200.jpg 300w, https:\/\/www.deinadieu.ch\/wp-content\/uploads\/2023\/04\/Bild-1_Corinne-Denzler-Stiftung-Synapsis-1536x1024.jpg 1536w, https:\/\/www.deinadieu.ch\/wp-content\/uploads\/2023\/04\/Bild-1_Corinne-Denzler-Stiftung-Synapsis-2048x1365.jpg 2048w\" sizes=\"auto, (max-width: 1024px) 100vw, 1024px\" \/><figcaption class=\"wp-element-caption\">&#8220;Con le nostre attivit\u00e0 vogliamo stimolare la societ\u00e0 e utilizzare i fondi per la ricerca sulla demenza&#8221;, afferma Corinne Denzler, amministratore delegato di Synapsis.<\/figcaption><\/figure>\n\n<h2 class=\"wp-block-heading\" id=\"h-spendengelder-fliessen-in-forschung\">Le donazioni confluiscono nella ricerca<\/h2>\n\n<p>L&#8217;<a href=\"https:\/\/www.deinadieu.ch\/it\/guida\/che-cose-un-legato\/\">eredit\u00e0 dei lasciti<\/a> ha un valore elevato per Synapsis. <strong>Per quanto importante sia il sostegno finanziario proveniente dai testamenti, tuttavia, \u00e8 difficile prevederlo perch\u00e9 non pu\u00f2 essere pianificato.<\/strong> Nella maggior parte dei casi sono le persone colpite, i parenti e gli amici o le persone con un forte interesse per la ricerca a <a href=\"https:\/\/app.deinadieu.ch\/da\/testament\/7363\">includere la sinapsi nel proprio testamento<\/a>. Un uomo anziano ha giustificato il suo sostegno dicendo che voleva salvare i suoi figli da questa malattia. <\/p>\n\n<p>&#8220;Sono <strong>sempre progetti di alta qualit\u00e0 quelli che siamo in grado di sostenere con i proventi dei lasciti<\/strong>&#8220;, afferma la direttrice. Per ottenere tali progetti, la fondazione indice ogni anno un bando pubblico per i ricercatori. Le circa 50 domande presentate ogni anno sono soggette a un rigoroso processo di selezione. Il comitato scientifico consultivo di Synapsis, che guida questo processo, comprende esperti di malattie cerebrali. Il comitato consultivo esamina le domande per sottoporle in una seconda fase a specialisti internazionali. A seconda del budget, Synapsis pu\u00f2 sostenere da otto a dodici progetti all&#8217;anno.<\/p>\n\n<figure class=\"wp-block-image size-large\"><img loading=\"lazy\" decoding=\"async\" width=\"1024\" height=\"683\" src=\"https:\/\/www.deinadieu.ch\/wp-content\/uploads\/2023\/04\/Bild-2_Patrick-Manser_Bildschirm-1024x683.jpg\" alt=\"\" class=\"wp-image-63068\" srcset=\"https:\/\/www.deinadieu.ch\/wp-content\/uploads\/2023\/04\/Bild-2_Patrick-Manser_Bildschirm-1024x683.jpg 1024w, https:\/\/www.deinadieu.ch\/wp-content\/uploads\/2023\/04\/Bild-2_Patrick-Manser_Bildschirm-300x200.jpg 300w, https:\/\/www.deinadieu.ch\/wp-content\/uploads\/2023\/04\/Bild-2_Patrick-Manser_Bildschirm-1536x1024.jpg 1536w, https:\/\/www.deinadieu.ch\/wp-content\/uploads\/2023\/04\/Bild-2_Patrick-Manser_Bildschirm-2048x1365.jpg 2048w\" sizes=\"auto, (max-width: 1024px) 100vw, 1024px\" \/><figcaption class=\"wp-element-caption\">Lo studente di dottorato Patrick Manser sta ricercando approcci innovativi di formazione per i disturbi cognitivi presso il Dipartimento di Scienze e Tecnologie della Salute del Politecnico di Zurigo.<\/figcaption><\/figure>\n\n<h2 class=\"wp-block-heading\" id=\"h-gehirn-und-korper-in-bewegung-halten\">Mantenere il cervello e il corpo in movimento<\/h2>\n\n<p>Uno di questi progetti \u00e8<a href=\"https:\/\/mcl.ethz.ch\/research-and-education\/groups-and-projects\/vitaal1.html\" target=\"_blank\" rel=\"noreferrer noopener\">&#8220;Brain-IT<\/a>&#8221; presso il Politecnico di Zurigo, nel Dipartimento di Scienze e Tecnologie della Salute. Il progetto, guidato dal professor Eling D. de Bruin e dal dottorando Patrick Manser, sta studiando approcci di formazione innovativi per migliorare la prevenzione del deterioramento cognitivo. &#8220;Brain-IT&#8221; \u00e8 tipico dei progetti sostenuti da Synapsis, che si concentrano sempre pi\u00f9 sulla digitalizzazione e sull&#8217;intelligenza artificiale. Nella prima fase della malattia, il cosiddetto &#8220;decadimento cognitivo lieve&#8221; (MCI), la prevenzione \u00e8 di importanza centrale. <\/p>\n\n<p>Molte persone colpite si ritirano socialmente a causa dei primi segni di demenza. <strong>Nelle fasi iniziali \u00e8 quindi fondamentale per il decorso della malattia che i pazienti non si arrendano fisicamente e mentalmente.<\/strong> &#8220;Nel nostro progetto, l&#8217;attenzione si concentra su tre importanti &#8211; ma spesso trascurati &#8211; fattori di rischio modificabili per il deterioramento cognitivo: l&#8217;inattivit\u00e0 fisica, l&#8217;inattivit\u00e0 cognitiva e i sintomi della depressione&#8221;, spiega Patrick Manser, che dal 2020 sta ricercando nuovi approcci terapeutici per l&#8217;MCI presso il Dipartimento di Scienze e Tecnologie della Salute come parte della sua tesi di dottorato. Il ventottenne \u00e8 un lanciatore di giavellotto a livello agonistico e attribuisce grande importanza all&#8217;influenza dell&#8217;allenamento fisico sul benessere emotivo e cognitivo. <\/p>\n\n<h2 class=\"wp-block-heading\" id=\"h-exergaming-verbindet-training-und-spiel\">L&#8217;Exergaming combina allenamento e gioco<\/h2>\n\n<p>Per reclutare i partecipanti allo studio, Patrick Manser collabora con le cliniche della memoria e i medici di famiglia, poich\u00e9 i pazienti vivono ancora a casa. In collaborazione con i pazienti e i terapisti, il team del progetto &#8220;Brain-IT&#8221; ha sviluppato un concetto di formazione che si adatta alle esigenze dei pazienti e offre non solo terapia fisica e cognitiva, ma anche terapia respiratoria. <\/p>\n\n<figure class=\"wp-block-image size-large\"><img loading=\"lazy\" decoding=\"async\" width=\"1024\" height=\"683\" src=\"https:\/\/www.deinadieu.ch\/wp-content\/uploads\/2023\/04\/Bild-3_Detail-Brain-IT-1024x683.jpg\" alt=\"\" class=\"wp-image-63078\" srcset=\"https:\/\/www.deinadieu.ch\/wp-content\/uploads\/2023\/04\/Bild-3_Detail-Brain-IT-1024x683.jpg 1024w, https:\/\/www.deinadieu.ch\/wp-content\/uploads\/2023\/04\/Bild-3_Detail-Brain-IT-300x200.jpg 300w, https:\/\/www.deinadieu.ch\/wp-content\/uploads\/2023\/04\/Bild-3_Detail-Brain-IT-1536x1024.jpg 1536w, https:\/\/www.deinadieu.ch\/wp-content\/uploads\/2023\/04\/Bild-3_Detail-Brain-IT-2048x1365.jpg 2048w\" sizes=\"auto, (max-width: 1024px) 100vw, 1024px\" \/><figcaption class=\"wp-element-caption\">Nel progetto &#8220;Brain-IT&#8221; vengono utilizzati i cosiddetti exergames, che combinano allenamento e gioco.<\/figcaption><\/figure>\n\n<p>Una <strong>novit\u00e0 del concetto di &#8220;Brain-IT&#8221; \u00e8 l&#8217;uso dei cosiddetti exergames<\/strong>, la combinazione di allenamento e gioco: Exergames \u00e8 una parola inventata da&#8221;<strong>exercise<\/strong>&#8221; (esercizio)&amp;nbsp;e&#8221;<strong>games<\/strong>&#8221; (gioco)&amp;nbsp;e si riferisce ai videogiochi che sono controllati da movimenti fisici &#8211; un esempio popolare \u00e8 la Nintendo Wii. Gli exergame di &#8220;Brain-IT&#8221; devono essere concepiti in modo da favorire il paziente e non devono contenere troppe informazioni.<\/p>\n\n<p>L&#8217;allenamento si svolge sotto supervisione individuale a casa dei partecipanti allo studio. Per i pazienti, la qualit\u00e0 della vita quotidiana \u00e8 in primo piano, ad esempio grazie a un&#8217;andatura stabile, spiega Patrick Manser. &#8220;<strong>Lo studio dimostra che la formazione incontra un alto livello di accettazione, che i pazienti la apprezzano e che ha un effetto positivo sulla motivazione alla formazione.<\/strong> Anche i dati finora ottenuti sull&#8217;efficacia del training in termini di prestazioni cognitive sono promettenti&#8221;, afferma.<\/p>\n\n<h2 class=\"wp-block-heading\" id=\"h-mein-antrieb-ist-es-dass-es-den-menschen-besser-geht\">&#8220;Il mio obiettivo \u00e8 far s\u00ec che le persone stiano meglio&#8221;.<\/h2>\n\n<p>Per ottenere risultati ancora pi\u00f9 affidabili sull&#8217;efficacia, i professori Eling D. de Bruin e Patrick Manser intendono proseguire il progetto con un numero maggiore di pazienti nell&#8217;ambito di un postdoc dopo il completamento dello studio nel 2024. &#8220;Sono motivato dalla rilevanza sociale della ricerca sulla demenza. Il nostro lavoro ha un impatto positivo sulla vita delle persone affette dalla malattia. Questo \u00e8 il mio obiettivo: far s\u00ec che le persone migliorino&#8221;, afferma Manser, che svolge le sue ricerche all&#8217;interfaccia tra le scienze della salute e la tecnologia.<\/p>\n\n<p><strong>Vede un grande potenziale nella combinazione di forme di terapia fisica e cognitiva supportate dalla tecnologia.<\/strong> Tuttavia, riuscire a finanziare i progetti di ricerca \u00e8 una sfida. In un ambiente accademico competitivo, numerosi ricercatori in Svizzera si contendono i fondi di fondazioni, aziende o del Fondo Nazionale Svizzero per la Ricerca Scientifica (FNS), Manser descrive la situazione. Il team del progetto &#8220;Brain IT&#8221; \u00e8 molto soddisfatto del successo della collaborazione con la Fondazione Synapsis.<\/p>\n\n<h2 class=\"wp-block-heading\" id=\"h-auch-ein-superman-wie-willis-kann-dement-werden\">&#8220;Anche un superuomo come Willis pu\u00f2 diventare demente&#8221;.<\/h2>\n\n<p>Anche la comunicazione di questa ricerca \u00e8 fondamentale, sottolinea Corinne Denzler, amministratore delegato di Synapsis. Video che spieghino chiaramente i progetti di ricerca o servizi giornalistici che descrivano i sintomi della malattia: Il pubblico ha bisogno di saperne di pi\u00f9 su questa malattia che colpisce sempre pi\u00f9 persone.<\/p>\n\n<p><strong>Denzler \u00e8 convinto che la demenza diventer\u00e0 ancora pi\u00f9 visibile in futuro.<\/strong> Attualmente, molte persone di et\u00e0 compresa tra i 50 e i 60 anni si prendono cura dei loro genitori affetti da demenza. Ci\u00f2 rende ancora pi\u00f9 importante informare le persone sulla demenza e sulla malattia di Alzheimer e mostrare le conseguenze sia per le persone colpite che per i loro familiari. Quando un giornale scandalistico parla della malattia di demenza dell&#8217;ex attore hollywoodiano Bruce Willis, ha un valore: &#8220;La gente si rende conto: Anche un superman come Willis pu\u00f2 ammalarsi di questa malattia&#8221;, afferma Denzler.<\/p>\n\n\n        <div class=\"da-servicebox relative bg-gray-200 p-4 pt-8 border-solid border-t-8 border-da-dark mb-6\">\n            <i class=\"fas fa-info-circle mx-auto fa-7x text-da-dark\"><\/i>\n            <span style=\"hyphens: auto\">\n                <strong>Alzheimer e demenza: qual \u00e8 la differenza?<\/strong><br\/>Esistono diversi tipi di demenza, che si basano su malattie diverse. La malattia di Alzheimer \u00e8 la forma pi\u00f9 comune di demenza, seguita dalla demenza vascolare. L&#8217;Alzheimer si sviluppa in modo insidioso. I primi segnali sono i disturbi della memoria, in particolare le alterazioni della memoria a breve termine. La malattia di Alzheimer \u00e8 caratterizzata dalla morte delle cellule nervose e dalla progressiva perdita di tessuto cerebrale.\n                \n                \n            <\/span>\n        <\/div>\n        \n\n<p><\/p>\n\n        <div class=\"da-servicebox relative bg-gray-200 p-4 pt-8 border-solid border-t-8 border-da-dark mb-6\">\n            <i class=\"fas fa-info-circle mx-auto fa-7x text-da-dark\"><\/i>\n            <span style=\"hyphens: auto\">\n                <strong>Ricerca contro l&#8217;oblio: Volete includere nel vostro testamento anche Demenz Forschung Schweiz &#8211; Fondazione Synapsis?<\/strong><br \/>\nVolete contribuire ai ricercatori che studiano le cause delle malattie da demenza e scoprono trattamenti efficaci? Con un <a href=\"https:\/\/app.deinadieu.ch\/da\/testament\/7363\">lascito a favore di Demenz Forschung Schweiz &#8211; Fondazione Synapsis<\/a> darete un contributo diretto e duraturo per fermare la demenza anche dopo la vostra morte. \n                \n                \n            <\/span>\n        <\/div>\n        \n\n<div style=\"height:40px\" aria-hidden=\"true\" class=\"wp-block-spacer\"><\/div>\n\n<div class=\"wp-block-buttons is-layout-flex wp-block-buttons-is-layout-flex\">\n<div class=\"wp-block-button\"><a class=\"wp-block-button__link wp-element-button\" href=\"https:\/\/app.deinadieu.ch\/da\/testament\/7363\">Benefici per la Fondazione Synapsis<\/a><\/div>\n<\/div>\n","protected":false},"excerpt":{"rendered":"<p>Promuovere la ricerca per fermare la demenza: Questa \u00e8 la missione di Demenz Forschung Schweiz &#8211; Fondazione Synapsis. Da 20 anni la fondazione si impegna a individuare le cause della malattia e a trovare trattamenti efficaci. &#8220;Brain-IT&#8221; \u00e8 uno dei numerosi progetti di ricerca sostenuti dalla Fondazione Synapsis. Il progetto del Politecnico di Zurigo utilizza [&hellip;]<\/p>\n","protected":false},"author":6038,"featured_media":63099,"comment_status":"open","ping_status":"closed","sticky":false,"template":"","format":"standard","meta":{"_acf_changed":false,"footnotes":""},"categories":[2474,2531],"tags":[2522,2867,2906,3160],"class_list":["post-63284","post","type-post","status-publish","format-standard","has-post-thumbnail","hentry","category-opere-caritative","category-malattia","tag-cosa-puo-fare-la-mia-eredita","tag-demenza","tag-organizzazione-senza-scopo-di-lucro","tag-organizzazioni-di-aiuto"],"acf":[],"yoast_head":"<title>Contro l&#039;oblio: Capire e rallentare la demenza | DeinAdieu.ch<\/title>\n<meta name=\"description\" content=\"La Fondazione Synapsis sostiene diversi progetti di ricerca sulla demenza grazie a lasciti e donazioni testamentarie. Leggete il ritratto qui.\" \/>\n<meta name=\"robots\" content=\"index, follow, max-snippet:-1, max-image-preview:large, max-video-preview:-1\" \/>\n<link rel=\"canonical\" href=\"https:\/\/www.deinadieu.ch\/it\/contro-loblio-capire-e-rallentare-la-demenza\/\" \/>\n<meta property=\"og:locale\" content=\"it_IT\" \/>\n<meta property=\"og:type\" content=\"article\" \/>\n<meta property=\"og:title\" content=\"Contro l&#039;oblio: Capire e rallentare la demenza\" \/>\n<meta property=\"og:description\" content=\"Promuovere la ricerca per fermare la demenza: Questa \u00e8 la missione di Demenz Forschung Schweiz - Fondazione Synapsis. Da 20 anni la fondazione si impegna\" \/>\n<meta property=\"og:url\" content=\"https:\/\/www.deinadieu.ch\/it\/contro-loblio-capire-e-rallentare-la-demenza\/\" \/>\n<meta property=\"og:site_name\" content=\"DeinAdieu.ch\" \/>\n<meta property=\"article:publisher\" content=\"https:\/\/www.facebook.com\/deinadieu\" \/>\n<meta property=\"article:published_time\" content=\"2023-05-09T05:00:00+00:00\" \/>\n<meta property=\"article:modified_time\" content=\"2024-03-25T14:27:04+00:00\" \/>\n<meta property=\"og:image\" content=\"https:\/\/static.deinadieu.ch\/uploads\/2023\/04\/Titelbild_Denzler-Manser-scaled.jpg\" \/>\n\t<meta property=\"og:image:width\" content=\"2560\" \/>\n\t<meta property=\"og:image:height\" content=\"1707\" \/>\n\t<meta property=\"og:image:type\" content=\"image\/jpeg\" \/>\n<meta name=\"author\" content=\"Sabrina Rohner\" \/>\n<meta name=\"twitter:card\" content=\"summary_large_image\" \/>\n<meta name=\"twitter:creator\" content=\"@DeinAdieu\" \/>\n<meta name=\"twitter:site\" content=\"@DeinAdieu\" \/>\n<meta name=\"twitter:label1\" content=\"Written by\" \/>\n\t<meta name=\"twitter:data1\" content=\"Sabrina Rohner\" \/>\n\t<meta name=\"twitter:label2\" content=\"Est. reading time\" \/>\n\t<meta name=\"twitter:data2\" content=\"7 minutes\" \/>\n<script type=\"application\/ld+json\" class=\"yoast-schema-graph\">{\"@context\":\"https:\\\/\\\/schema.org\",\"@graph\":[{\"@type\":\"Article\",\"@id\":\"https:\\\/\\\/www.deinadieu.ch\\\/it\\\/contro-loblio-capire-e-rallentare-la-demenza\\\/#article\",\"isPartOf\":{\"@id\":\"https:\\\/\\\/www.deinadieu.ch\\\/it\\\/contro-loblio-capire-e-rallentare-la-demenza\\\/\"},\"author\":{\"name\":\"Sabrina Rohner\",\"@id\":\"https:\\\/\\\/www.deinadieu.ch\\\/it\\\/#\\\/schema\\\/person\\\/ad724a53f7e50dd3866fc9b0fc6bbdd9\"},\"headline\":\"Contro l&#8217;oblio: Capire e rallentare la demenza\",\"datePublished\":\"2023-05-09T05:00:00+00:00\",\"dateModified\":\"2024-03-25T14:27:04+00:00\",\"mainEntityOfPage\":{\"@id\":\"https:\\\/\\\/www.deinadieu.ch\\\/it\\\/contro-loblio-capire-e-rallentare-la-demenza\\\/\"},\"wordCount\":1477,\"commentCount\":0,\"publisher\":{\"@id\":\"https:\\\/\\\/www.deinadieu.ch\\\/it\\\/#organization\"},\"image\":{\"@id\":\"https:\\\/\\\/www.deinadieu.ch\\\/it\\\/contro-loblio-capire-e-rallentare-la-demenza\\\/#primaryimage\"},\"thumbnailUrl\":\"https:\\\/\\\/www.deinadieu.ch\\\/wp-content\\\/uploads\\\/2023\\\/04\\\/Titelbild_Denzler-Manser-scaled.jpg\",\"keywords\":[\"Cosa pu\u00f2 fare la mia eredit\u00e0?\",\"demenza\",\"Organizzazione senza scopo di lucro\",\"Organizzazioni di aiuto\"],\"articleSection\":[\"Focus sulle opere caritative\",\"Malattia\"],\"inLanguage\":\"it-IT\",\"potentialAction\":[{\"@type\":\"CommentAction\",\"name\":\"Comment\",\"target\":[\"https:\\\/\\\/www.deinadieu.ch\\\/it\\\/contro-loblio-capire-e-rallentare-la-demenza\\\/#respond\"]}]},{\"@type\":\"WebPage\",\"@id\":\"https:\\\/\\\/www.deinadieu.ch\\\/it\\\/contro-loblio-capire-e-rallentare-la-demenza\\\/\",\"url\":\"https:\\\/\\\/www.deinadieu.ch\\\/it\\\/contro-loblio-capire-e-rallentare-la-demenza\\\/\",\"name\":\"Contro l'oblio: Capire e rallentare la demenza | DeinAdieu.ch\",\"isPartOf\":{\"@id\":\"https:\\\/\\\/www.deinadieu.ch\\\/it\\\/#website\"},\"primaryImageOfPage\":{\"@id\":\"https:\\\/\\\/www.deinadieu.ch\\\/it\\\/contro-loblio-capire-e-rallentare-la-demenza\\\/#primaryimage\"},\"image\":{\"@id\":\"https:\\\/\\\/www.deinadieu.ch\\\/it\\\/contro-loblio-capire-e-rallentare-la-demenza\\\/#primaryimage\"},\"thumbnailUrl\":\"https:\\\/\\\/www.deinadieu.ch\\\/wp-content\\\/uploads\\\/2023\\\/04\\\/Titelbild_Denzler-Manser-scaled.jpg\",\"datePublished\":\"2023-05-09T05:00:00+00:00\",\"dateModified\":\"2024-03-25T14:27:04+00:00\",\"description\":\"La Fondazione Synapsis sostiene diversi progetti di ricerca sulla demenza grazie a lasciti e donazioni testamentarie. Leggete il ritratto qui.\",\"breadcrumb\":{\"@id\":\"https:\\\/\\\/www.deinadieu.ch\\\/it\\\/contro-loblio-capire-e-rallentare-la-demenza\\\/#breadcrumb\"},\"inLanguage\":\"it-IT\",\"potentialAction\":[{\"@type\":\"ReadAction\",\"target\":[\"https:\\\/\\\/www.deinadieu.ch\\\/it\\\/contro-loblio-capire-e-rallentare-la-demenza\\\/\"]}]},{\"@type\":\"ImageObject\",\"inLanguage\":\"it-IT\",\"@id\":\"https:\\\/\\\/www.deinadieu.ch\\\/it\\\/contro-loblio-capire-e-rallentare-la-demenza\\\/#primaryimage\",\"url\":\"https:\\\/\\\/www.deinadieu.ch\\\/wp-content\\\/uploads\\\/2023\\\/04\\\/Titelbild_Denzler-Manser-scaled.jpg\",\"contentUrl\":\"https:\\\/\\\/www.deinadieu.ch\\\/wp-content\\\/uploads\\\/2023\\\/04\\\/Titelbild_Denzler-Manser-scaled.jpg\",\"width\":2560,\"height\":1707,\"caption\":\"Patrick Manser della ETH Zurigo e Corinne Denzler, direttore generale della Fondazione Synapsis (Foto: Djamila Grossman)\"},{\"@type\":\"BreadcrumbList\",\"@id\":\"https:\\\/\\\/www.deinadieu.ch\\\/it\\\/contro-loblio-capire-e-rallentare-la-demenza\\\/#breadcrumb\",\"itemListElement\":[{\"@type\":\"ListItem\",\"position\":1,\"name\":\"Home\",\"item\":\"https:\\\/\\\/www.deinadieu.ch\\\/it\\\/deinadieu-dialog-und-serviceportal-zum-lebensende\\\/\"},{\"@type\":\"ListItem\",\"position\":2,\"name\":\"Contro l&#8217;oblio: Capire e rallentare la demenza\"}]},{\"@type\":\"WebSite\",\"@id\":\"https:\\\/\\\/www.deinadieu.ch\\\/it\\\/#website\",\"url\":\"https:\\\/\\\/www.deinadieu.ch\\\/it\\\/\",\"name\":\"DeinAdieu.ch\",\"description\":\"Testament, Patientenverf\u00fcgung und Vorsorgeauftrag\",\"publisher\":{\"@id\":\"https:\\\/\\\/www.deinadieu.ch\\\/it\\\/#organization\"},\"potentialAction\":[{\"@type\":\"SearchAction\",\"target\":{\"@type\":\"EntryPoint\",\"urlTemplate\":\"https:\\\/\\\/www.deinadieu.ch\\\/it\\\/?s={search_term_string}\"},\"query-input\":{\"@type\":\"PropertyValueSpecification\",\"valueRequired\":true,\"valueName\":\"search_term_string\"}}],\"inLanguage\":\"it-IT\"},{\"@type\":\"Organization\",\"@id\":\"https:\\\/\\\/www.deinadieu.ch\\\/it\\\/#organization\",\"name\":\"EMNA Web GmbH\",\"url\":\"https:\\\/\\\/www.deinadieu.ch\\\/it\\\/\",\"logo\":{\"@type\":\"ImageObject\",\"inLanguage\":\"it-IT\",\"@id\":\"https:\\\/\\\/www.deinadieu.ch\\\/it\\\/#\\\/schema\\\/logo\\\/image\\\/\",\"url\":\"https:\\\/\\\/www.deinadieu.ch\\\/wp-content\\\/uploads\\\/2016\\\/01\\\/DeinAdieu_Logo.png\",\"contentUrl\":\"https:\\\/\\\/www.deinadieu.ch\\\/wp-content\\\/uploads\\\/2016\\\/01\\\/DeinAdieu_Logo.png\",\"width\":300,\"height\":117,\"caption\":\"EMNA Web GmbH\"},\"image\":{\"@id\":\"https:\\\/\\\/www.deinadieu.ch\\\/it\\\/#\\\/schema\\\/logo\\\/image\\\/\"},\"sameAs\":[\"https:\\\/\\\/www.facebook.com\\\/deinadieu\",\"https:\\\/\\\/x.com\\\/DeinAdieu\",\"https:\\\/\\\/www.instagram.com\\\/deinadieu\\\/\",\"https:\\\/\\\/www.linkedin.com\\\/company\\\/deinadieu.ch\"]},{\"@type\":\"Person\",\"@id\":\"https:\\\/\\\/www.deinadieu.ch\\\/it\\\/#\\\/schema\\\/person\\\/ad724a53f7e50dd3866fc9b0fc6bbdd9\",\"name\":\"Sabrina Rohner\",\"image\":{\"@type\":\"ImageObject\",\"inLanguage\":\"it-IT\",\"@id\":\"https:\\\/\\\/secure.gravatar.com\\\/avatar\\\/c72cef3c7bba2e19d98358a63ff805dbe088a70fb947d10024d669ded777102d?s=96&d=mm&r=g\",\"url\":\"https:\\\/\\\/secure.gravatar.com\\\/avatar\\\/c72cef3c7bba2e19d98358a63ff805dbe088a70fb947d10024d669ded777102d?s=96&d=mm&r=g\",\"contentUrl\":\"https:\\\/\\\/secure.gravatar.com\\\/avatar\\\/c72cef3c7bba2e19d98358a63ff805dbe088a70fb947d10024d669ded777102d?s=96&d=mm&r=g\",\"caption\":\"Sabrina Rohner\"},\"url\":\"https:\\\/\\\/www.deinadieu.ch\\\/it\\\/author\\\/sabrina-rohnergmail-com\\\/\"}]}<\/script>","yoast_head_json":{"title":"Contro l'oblio: Capire e rallentare la demenza | DeinAdieu.ch","description":"La Fondazione Synapsis sostiene diversi progetti di ricerca sulla demenza grazie a lasciti e donazioni testamentarie. Leggete il ritratto qui.","robots":{"index":"index","follow":"follow","max-snippet":"max-snippet:-1","max-image-preview":"max-image-preview:large","max-video-preview":"max-video-preview:-1"},"canonical":"https:\/\/www.deinadieu.ch\/it\/contro-loblio-capire-e-rallentare-la-demenza\/","og_locale":"it_IT","og_type":"article","og_title":"Contro l'oblio: Capire e rallentare la demenza","og_description":"Promuovere la ricerca per fermare la demenza: Questa \u00e8 la missione di Demenz Forschung Schweiz - Fondazione Synapsis. Da 20 anni la fondazione si impegna","og_url":"https:\/\/www.deinadieu.ch\/it\/contro-loblio-capire-e-rallentare-la-demenza\/","og_site_name":"DeinAdieu.ch","article_publisher":"https:\/\/www.facebook.com\/deinadieu","article_published_time":"2023-05-09T05:00:00+00:00","article_modified_time":"2024-03-25T14:27:04+00:00","og_image":[{"width":2560,"height":1707,"url":"https:\/\/static.deinadieu.ch\/uploads\/2023\/04\/Titelbild_Denzler-Manser-scaled.jpg","type":"image\/jpeg"}],"author":"Sabrina Rohner","twitter_card":"summary_large_image","twitter_creator":"@DeinAdieu","twitter_site":"@DeinAdieu","twitter_misc":{"Written by":"Sabrina Rohner","Est. reading time":"7 minutes"},"schema":{"@context":"https:\/\/schema.org","@graph":[{"@type":"Article","@id":"https:\/\/www.deinadieu.ch\/it\/contro-loblio-capire-e-rallentare-la-demenza\/#article","isPartOf":{"@id":"https:\/\/www.deinadieu.ch\/it\/contro-loblio-capire-e-rallentare-la-demenza\/"},"author":{"name":"Sabrina Rohner","@id":"https:\/\/www.deinadieu.ch\/it\/#\/schema\/person\/ad724a53f7e50dd3866fc9b0fc6bbdd9"},"headline":"Contro l&#8217;oblio: Capire e rallentare la demenza","datePublished":"2023-05-09T05:00:00+00:00","dateModified":"2024-03-25T14:27:04+00:00","mainEntityOfPage":{"@id":"https:\/\/www.deinadieu.ch\/it\/contro-loblio-capire-e-rallentare-la-demenza\/"},"wordCount":1477,"commentCount":0,"publisher":{"@id":"https:\/\/www.deinadieu.ch\/it\/#organization"},"image":{"@id":"https:\/\/www.deinadieu.ch\/it\/contro-loblio-capire-e-rallentare-la-demenza\/#primaryimage"},"thumbnailUrl":"https:\/\/www.deinadieu.ch\/wp-content\/uploads\/2023\/04\/Titelbild_Denzler-Manser-scaled.jpg","keywords":["Cosa pu\u00f2 fare la mia eredit\u00e0?","demenza","Organizzazione senza scopo di lucro","Organizzazioni di aiuto"],"articleSection":["Focus sulle opere caritative","Malattia"],"inLanguage":"it-IT","potentialAction":[{"@type":"CommentAction","name":"Comment","target":["https:\/\/www.deinadieu.ch\/it\/contro-loblio-capire-e-rallentare-la-demenza\/#respond"]}]},{"@type":"WebPage","@id":"https:\/\/www.deinadieu.ch\/it\/contro-loblio-capire-e-rallentare-la-demenza\/","url":"https:\/\/www.deinadieu.ch\/it\/contro-loblio-capire-e-rallentare-la-demenza\/","name":"Contro l'oblio: Capire e rallentare la demenza | DeinAdieu.ch","isPartOf":{"@id":"https:\/\/www.deinadieu.ch\/it\/#website"},"primaryImageOfPage":{"@id":"https:\/\/www.deinadieu.ch\/it\/contro-loblio-capire-e-rallentare-la-demenza\/#primaryimage"},"image":{"@id":"https:\/\/www.deinadieu.ch\/it\/contro-loblio-capire-e-rallentare-la-demenza\/#primaryimage"},"thumbnailUrl":"https:\/\/www.deinadieu.ch\/wp-content\/uploads\/2023\/04\/Titelbild_Denzler-Manser-scaled.jpg","datePublished":"2023-05-09T05:00:00+00:00","dateModified":"2024-03-25T14:27:04+00:00","description":"La Fondazione Synapsis sostiene diversi progetti di ricerca sulla demenza grazie a lasciti e donazioni testamentarie. Leggete il ritratto qui.","breadcrumb":{"@id":"https:\/\/www.deinadieu.ch\/it\/contro-loblio-capire-e-rallentare-la-demenza\/#breadcrumb"},"inLanguage":"it-IT","potentialAction":[{"@type":"ReadAction","target":["https:\/\/www.deinadieu.ch\/it\/contro-loblio-capire-e-rallentare-la-demenza\/"]}]},{"@type":"ImageObject","inLanguage":"it-IT","@id":"https:\/\/www.deinadieu.ch\/it\/contro-loblio-capire-e-rallentare-la-demenza\/#primaryimage","url":"https:\/\/www.deinadieu.ch\/wp-content\/uploads\/2023\/04\/Titelbild_Denzler-Manser-scaled.jpg","contentUrl":"https:\/\/www.deinadieu.ch\/wp-content\/uploads\/2023\/04\/Titelbild_Denzler-Manser-scaled.jpg","width":2560,"height":1707,"caption":"Patrick Manser della ETH Zurigo e Corinne Denzler, direttore generale della Fondazione Synapsis (Foto: Djamila Grossman)"},{"@type":"BreadcrumbList","@id":"https:\/\/www.deinadieu.ch\/it\/contro-loblio-capire-e-rallentare-la-demenza\/#breadcrumb","itemListElement":[{"@type":"ListItem","position":1,"name":"Home","item":"https:\/\/www.deinadieu.ch\/it\/deinadieu-dialog-und-serviceportal-zum-lebensende\/"},{"@type":"ListItem","position":2,"name":"Contro l&#8217;oblio: Capire e rallentare la demenza"}]},{"@type":"WebSite","@id":"https:\/\/www.deinadieu.ch\/it\/#website","url":"https:\/\/www.deinadieu.ch\/it\/","name":"DeinAdieu.ch","description":"Testament, Patientenverf\u00fcgung und Vorsorgeauftrag","publisher":{"@id":"https:\/\/www.deinadieu.ch\/it\/#organization"},"potentialAction":[{"@type":"SearchAction","target":{"@type":"EntryPoint","urlTemplate":"https:\/\/www.deinadieu.ch\/it\/?s={search_term_string}"},"query-input":{"@type":"PropertyValueSpecification","valueRequired":true,"valueName":"search_term_string"}}],"inLanguage":"it-IT"},{"@type":"Organization","@id":"https:\/\/www.deinadieu.ch\/it\/#organization","name":"EMNA Web GmbH","url":"https:\/\/www.deinadieu.ch\/it\/","logo":{"@type":"ImageObject","inLanguage":"it-IT","@id":"https:\/\/www.deinadieu.ch\/it\/#\/schema\/logo\/image\/","url":"https:\/\/www.deinadieu.ch\/wp-content\/uploads\/2016\/01\/DeinAdieu_Logo.png","contentUrl":"https:\/\/www.deinadieu.ch\/wp-content\/uploads\/2016\/01\/DeinAdieu_Logo.png","width":300,"height":117,"caption":"EMNA Web GmbH"},"image":{"@id":"https:\/\/www.deinadieu.ch\/it\/#\/schema\/logo\/image\/"},"sameAs":["https:\/\/www.facebook.com\/deinadieu","https:\/\/x.com\/DeinAdieu","https:\/\/www.instagram.com\/deinadieu\/","https:\/\/www.linkedin.com\/company\/deinadieu.ch"]},{"@type":"Person","@id":"https:\/\/www.deinadieu.ch\/it\/#\/schema\/person\/ad724a53f7e50dd3866fc9b0fc6bbdd9","name":"Sabrina Rohner","image":{"@type":"ImageObject","inLanguage":"it-IT","@id":"https:\/\/secure.gravatar.com\/avatar\/c72cef3c7bba2e19d98358a63ff805dbe088a70fb947d10024d669ded777102d?s=96&d=mm&r=g","url":"https:\/\/secure.gravatar.com\/avatar\/c72cef3c7bba2e19d98358a63ff805dbe088a70fb947d10024d669ded777102d?s=96&d=mm&r=g","contentUrl":"https:\/\/secure.gravatar.com\/avatar\/c72cef3c7bba2e19d98358a63ff805dbe088a70fb947d10024d669ded777102d?s=96&d=mm&r=g","caption":"Sabrina Rohner"},"url":"https:\/\/www.deinadieu.ch\/it\/author\/sabrina-rohnergmail-com\/"}]}},"_links":{"self":[{"href":"https:\/\/www.deinadieu.ch\/it\/wp-json\/wp\/v2\/posts\/63284","targetHints":{"allow":["GET"]}}],"collection":[{"href":"https:\/\/www.deinadieu.ch\/it\/wp-json\/wp\/v2\/posts"}],"about":[{"href":"https:\/\/www.deinadieu.ch\/it\/wp-json\/wp\/v2\/types\/post"}],"author":[{"embeddable":true,"href":"https:\/\/www.deinadieu.ch\/it\/wp-json\/wp\/v2\/users\/6038"}],"replies":[{"embeddable":true,"href":"https:\/\/www.deinadieu.ch\/it\/wp-json\/wp\/v2\/comments?post=63284"}],"version-history":[{"count":4,"href":"https:\/\/www.deinadieu.ch\/it\/wp-json\/wp\/v2\/posts\/63284\/revisions"}],"predecessor-version":[{"id":67242,"href":"https:\/\/www.deinadieu.ch\/it\/wp-json\/wp\/v2\/posts\/63284\/revisions\/67242"}],"wp:featuredmedia":[{"embeddable":true,"href":"https:\/\/www.deinadieu.ch\/it\/wp-json\/wp\/v2\/media\/63099"}],"wp:attachment":[{"href":"https:\/\/www.deinadieu.ch\/it\/wp-json\/wp\/v2\/media?parent=63284"}],"wp:term":[{"taxonomy":"category","embeddable":true,"href":"https:\/\/www.deinadieu.ch\/it\/wp-json\/wp\/v2\/categories?post=63284"},{"taxonomy":"post_tag","embeddable":true,"href":"https:\/\/www.deinadieu.ch\/it\/wp-json\/wp\/v2\/tags?post=63284"}],"curies":[{"name":"wp","href":"https:\/\/api.w.org\/{rel}","templated":true}]}}