{"id":62934,"date":"2023-04-18T07:07:00","date_gmt":"2023-04-18T05:07:00","guid":{"rendered":"https:\/\/www.deinadieu.ch\/?p=62934"},"modified":"2023-07-23T17:16:58","modified_gmt":"2023-07-23T15:16:58","slug":"non-siamo-psicologi-e-non-siamo-giudici-siamo-ascoltatori","status":"publish","type":"post","link":"https:\/\/www.deinadieu.ch\/it\/non-siamo-psicologi-e-non-siamo-giudici-siamo-ascoltatori\/","title":{"rendered":"&#8220;Non siamo psicologi e non siamo giudici, siamo ascoltatori&#8221;."},"content":{"rendered":"\n<p>Da 60 anni, il numero di telefono 143 del Telefono amico \u00e8 disponibile 24 ore al giorno. In dodici uffici regionali in Svizzera, i volontari rispondono alle chiamate, ai messaggi di chat e alle e-mail per ascoltare le persone in crisi. Un volontario racconta.<\/p>\n\n<!--more-->\n\n<p><strong>Documenti di un consulente telefonico di 59 anni dell&#8217;ufficio del Telefono amico di Berna:<\/strong><\/p>\n\n<p>&#8220;<em>Lavoro per il <a href=\"https:\/\/www.deinadieu.ch\/hilfswerke\/tel-143-die-dargebotene-hand-bern\/\">Telefono amico da<\/a> ben cinque anni e svolgo un lavoro al 40-50%. In precedenza, ho lavorato come supervisore domiciliare per giovani difficili da educare, ho formato insegnanti e ho lavorato come insegnante di scuola materna &#8211; la mia professione originaria. <\/em><\/p>\n\n<p><em>Per me \u00e8 un privilegio fare questo lavoro. Non ho figli e posso dedicare le mie energie ad altro. Mio marito e io siamo anche finanziariamente sicuri e possiamo occuparci dei nostri progetti del cuore.<\/em><\/p>\n\n<p><em>Il lavoro del Telefono amico \u00e8 semplicemente perfetto per me: sono sana, stabile nella vita, posso sopportare facilmente le crisi di altre persone e sono molto interessata alle questioni sociali. Inoltre, sono molto paziente e tollerante, sono l&#8217;opposto di un moralista.<\/em><\/p>\n\n<p><em>L&#8217;ufficio di Berna impiega circa 60 dipendenti, alcuni dei quali con doppio incarico. Il luogo di lavoro \u00e8 come un grande appartamento, un posto molto bello, ne sono felice. Apprezzo il viaggio, che uso per prepararmi, e quando dopo un turno lascio il posto a un collega, gli argomenti che abbiamo discusso rimangono l\u00ec.<\/em><\/p>\n\n<p><em>Faccio tra i quattro e gli otto servizi al mese. Un servizio dura dalle cinque alle dieci ore. Per poter lavorare qui, bisogna essere in grado di utilizzare almeno il 30% per il lavoro non retribuito. <strong>Essere felici di aiutare non \u00e8 sufficiente. \u00c8 anche una questione di resistenza.<\/strong><\/em><\/p>\n\n<p><em>Ci\u00f2 che mi piace particolarmente del lavoro \u00e8 la variet\u00e0 degli argomenti. Ad esempio, si tratta di solitudine, problemi di coppia, stress psicologico, divergenze familiari, guerra, sessualit\u00e0, perdita di un rapporto di coppia, morte, litigi con i vicini, pensieri filosofici, droghe, alcol o un crimine commesso. Il nostro anonimato e quello dei chiamanti sono la ricetta del successo del Telefono amico. Spesso aiuta le persone a liberarsi di un problema. Non siamo psicologi o giudici, siamo ascoltatori, guardiamo dove sono le risorse, quali passi potrebbero essere possibili.<\/em><\/p>\n\n<p><em><strong>Il problema della solitudine \u00e8 particolarmente ampio e colpisce sia i giovani che gli anziani. Anche le malattie mentali sono un problema importante, compresi i pensieri suicidi nei giovani.<\/strong> Penso che sia bello che molte persone dicano di voler vivere nel qui e ora. Il lavoro che svolgiamo al Telefono amico 143 ci costringe a concentrarci proprio su questo. L&#8217;intimit\u00e0 che si crea, la fiducia che si ripone in voi, \u00e8 per me estremamente appagante. Penso anche che sia meraviglioso far parte della squadra. L&#8217;azienda \u00e8 attiva da 60 anni. Il telefono \u00e8 stato interrotto solo una volta durante un trasloco per una durata di 20 minuti, altrimenti \u00e8 presidiato per 24 ore!<\/em><\/p>\n\n<p><em>Ma l&#8217;anonimato \u00e8 anche oneroso. Sono una persona molto comunicativa. Il fatto di non poter condividere le esperienze sul posto di lavoro con chi mi circonda \u00e8 difficile. Conduco una sorta di doppia vita. Se la mia vicina sapesse che lavoro l\u00ec, potrebbe essere inibita ad accettare l&#8217;aiuto. La discrezione \u00e8 l&#8217;elemento fondamentale. <\/em><\/p>\n\n<p><em>Ricordo soprattutto le conversazioni in cui si sviluppa un legame profondo. La sensazione che qualcuno sia in buone mani, o i momenti in cui si pu\u00f2 ridere insieme. Accompagniamo le persone, a volte per mesi. \u00c8 bello ricevere un feedback sui piccoli progressi: improvvisamente qualcuno ha assunto un avvocato, si \u00e8 registrato da uno psichiatra, ha traslocato.<\/em><\/p>\n\n<p><em>Ricordo anche una sera durante il periodo natalizio in cui riuscii a impedire un suicidio. A un certo punto della conversazione, \u00e8 emerso che la persona aveva gi\u00e0 un sacchettino di compresse pronte da ingerire. Era in un parcheggio vicino a un lago. Si \u00e8 poi lasciata &#8220;prendere per mano&#8221; molto bene e con piacere. Dissi: &#8220;Scendi dall&#8217;auto, spremi tutte le compresse dalla confezione e buttale via&#8221;. Ogni altro passo lo abbiamo fatto insieme finch\u00e9 la persona non \u00e8 tornata a casa, ed \u00e8 andata a letto. In questi momenti, bisogna entrare personalmente in una modalit\u00e0 di crisi, prendere il comando e respirare con calma.<\/em><\/p>\n\n<p><em>La ricerca ci insegna che le persone che si trovano in un momento oscuro non riescono pi\u00f9 a pensare con chiarezza. E che oltre il 90% di coloro che volevano tentare il suicidio sono molto grati di essere stati fermati.<\/em><\/p>\n\n<p><em>Quando ho a che fare con conversazioni difficili, posso sempre contattare i miei superiori o i miei colleghi, il che mi aiuta. Fortunatamente, ho molto spazio per elaborare ci\u00f2 che ho sentito. Inoltre, abbiamo sempre una formazione continua.<\/em><\/p>\n\n<p><em>Per me, lavorare al Telefono amico \u00e8 un lavoro estremamente significativo e necessario. Come intera societ\u00e0, ci assumiamo la responsabilit\u00e0 di coloro che stanno peggio. Mi sento in dovere di dare un contributo.<\/em>&#8220;<\/p>\n\n<p><\/p>\n\n<h2 class=\"wp-block-heading\" id=\"h-zahlen-und-fakten\">Fatti e cifre<\/h2>\n\n<figure class=\"wp-block-image size-large\"><img loading=\"lazy\" decoding=\"async\" width=\"1024\" height=\"683\" src=\"https:\/\/www.deinadieu.ch\/wp-content\/uploads\/2023\/03\/dA_PDH_MFR7467-1024x683.jpg\" alt=\"\" class=\"wp-image-62746\" srcset=\"https:\/\/www.deinadieu.ch\/wp-content\/uploads\/2023\/03\/dA_PDH_MFR7467-1024x683.jpg 1024w, https:\/\/www.deinadieu.ch\/wp-content\/uploads\/2023\/03\/dA_PDH_MFR7467-300x200.jpg 300w, https:\/\/www.deinadieu.ch\/wp-content\/uploads\/2023\/03\/dA_PDH_MFR7467-1536x1024.jpg 1536w, https:\/\/www.deinadieu.ch\/wp-content\/uploads\/2023\/03\/dA_PDH_MFR7467-2048x1365.jpg 2048w\" sizes=\"auto, (max-width: 1024px) 100vw, 1024px\" \/><figcaption class=\"wp-element-caption\">Daniela Humbel del Telefono amico presso l&#8217;ufficio regionale di Berna. \u00a9 Manu Friederich<\/figcaption><\/figure>\n\n<p>Daniela Humbel, responsabile della comunicazione\/raccolta fondi del Telefono amico di Berna, fornisce informazioni:<\/p>\n\n<p><strong>Quante chiamate ricevete al giorno?<\/strong> <\/p>\n\n<p><strong>Daniela Humbel: <\/strong><\/p>\n\n<p>Nel nostro ufficio regionale di Berna riceviamo in media 75 chiamate al giorno. Tuttavia, nei giorni di punta le chiamate possono arrivare fino a 110. Non tutte le chiamate si trasformano in una conversazione. A volte le persone riagganciano, ci sono chiamate mute e scherzose o addirittura false chiamate. Pertanto, distinguiamo tra chiamate e conversazioni. L&#8217;anno scorso sono state effettuate 265.000 chiamate in tutta la Svizzera, per un totale di 190.000 conversazioni. <\/p>\n\n<p><\/p>\n\n<p><strong>Ci sono periodi di punta in cui le chiamate si accumulano, ad esempio prima di Natale?<\/strong><\/p>\n\n<p>Quando le giornate si accorciano di nuovo, nel grigio mese di novembre, notiamo spesso un aumento delle conversazioni. Ma il bisogno di conversazione pu\u00f2 essere grande anche in estate, quando la vita si svolge all&#8217;aperto e le persone si incontrano, si soffermano fuori e la solitudine \u00e8 ancora pi\u00f9 palpabile per alcune persone. <\/p>\n\n<p><\/p>\n\n<p><strong>Quanto dura in media una conversazione?<\/strong> <\/p>\n\n<p>Una conversazione dura in media 16 minuti.<\/p>\n\n<figure class=\"wp-block-image size-large\"><img loading=\"lazy\" decoding=\"async\" width=\"1024\" height=\"683\" src=\"https:\/\/www.deinadieu.ch\/wp-content\/uploads\/2023\/03\/dA_PDH_MFR7378-1024x683.jpg\" alt=\"\" class=\"wp-image-62750\" srcset=\"https:\/\/www.deinadieu.ch\/wp-content\/uploads\/2023\/03\/dA_PDH_MFR7378-1024x683.jpg 1024w, https:\/\/www.deinadieu.ch\/wp-content\/uploads\/2023\/03\/dA_PDH_MFR7378-300x200.jpg 300w, https:\/\/www.deinadieu.ch\/wp-content\/uploads\/2023\/03\/dA_PDH_MFR7378-1536x1024.jpg 1536w\" sizes=\"auto, (max-width: 1024px) 100vw, 1024px\" \/><figcaption class=\"wp-element-caption\">In tutta la Svizzera, nel 2022 sono state effettuate 190.000 chiamate al Telefono amico, spiega Daniela Humbel. \u00a9 Manu Friederich<\/figcaption><\/figure>\n\n<p><\/p>\n\n<p><strong>Da quando \u00e8 possibile contattare i consulenti via e-mail o chat e quale servizio viene utilizzato pi\u00f9 spesso?<\/strong> <\/p>\n\n<p>L&#8217;offerta online \u00e8 stata introdotta nel 2002. Dal 2010 \u00e8 possibile chattare con noi a Berna. Il servizio telefonico \u00e8 chiaramente il pi\u00f9 utilizzato. Circa il 92% dei contatti avviene per telefono. Anche questo ha a che fare con la capacit\u00e0. Il telefono \u00e8 attivo 24 ore su 24, la chat dalle 10.00 alle 22.00, e i volontari che lavorano al servizio online sono meno numerosi. <\/p>\n\n<p><\/p>\n\n<p><strong>Qual \u00e8 l&#8217;et\u00e0 media dei volontari e da quanto tempo lavorano per il Telefono amico?<\/strong> <\/p>\n\n<p>Qui a Berna l&#8217;et\u00e0 media \u00e8 di 63 anni e i volontari restano con noi in media sette anni. L&#8217;anno scorso abbiamo avuto anche tre giubilari che hanno potuto guardare ai 20 anni con il Telefono 143. Poich\u00e9 lavorare con noi richiede una certa flessibilit\u00e0 e tempo, la maggior parte dei nostri volontari \u00e8 gi\u00e0 in pensione. Oltre ai turni diurni, lavorano anche nei turni notturni e nei fine settimana e ricevono ulteriore formazione e supervisione. <\/p>\n\n<p><\/p>\n\n<p><strong>Sono pi\u00f9 gli uomini o le donne che fanno volontariato presso l&#8217;Offered Hand?<\/strong> <\/p>\n\n<p>Ci sono pi\u00f9 donne che uomini. Dei 696 volontari in Svizzera, solo un terzo \u00e8 di sesso maschile (nel 2022).<\/p>\n\n<p><\/p>\n\n<p><strong>Che tipo di formazione ricevono i volontari?<\/strong> <\/p>\n\n<p>Ricevono una formazione impegnativa in cui sono coinvolti relatori\/formatori specializzati sia interni che esterni. Tra gli argomenti trattati vi sono il colloquio, la salute mentale e la malattia, la dipendenza, la gestione della suicidalit\u00e0, il trauma, il sostegno alle vittime, la violenza domestica, la morte e il lutto. A tal fine, i ragazzi svolgono un totale di dodici tirocini nell&#8217;arco dei nove mesi con i nostri volontari esperti e formati e completano tre pomeriggi di valutazione del tirocinio. <\/p>\n\n<p><\/p>\n\n<p><strong>Sapete quanto viene utilizzato il Telefono amico rispetto ad altri servizi di supporto a bassa soglia?<\/strong> <\/p>\n\n<p>Non ho un confronto con altre organizzazioni. Tuttavia, i dati dimostrano l&#8217;importanza della nostra offerta, soprattutto al di fuori degli orari di ufficio. Circa un quarto delle chiamate avviene di notte. L&#8217;anonimato di chi chiama e dei volontari contribuisce anche al fatto che si parla di tutto, anche di argomenti tab\u00f9.<\/p>\n\n<p><\/p>\n\n<p><strong>Come viene finanziato il Telefono amico e per cosa avete bisogno di donazioni e lasciti?<\/strong> <\/p>\n\n<p>Il Telefono amico \u00e8 un&#8217;organizzazione no-profit indipendente e neutrale dal punto di vista politico e confessionale, certificata ZEWO, finanziata per il 6% da contributi propri, per il 31% da contributi istituzionali e per il 63% da donazioni. Tutti gli uffici regionali hanno finanziamenti autonomi e il Tel 143 non \u00e8 un servizio finanziato a livello federale. Le donazioni confluiscono nella formazione e nell&#8217;aggiornamento dei volontari, nella loro supervisione e nella comunicazione. Abbiamo bisogno di donazioni e lasciti per poter realizzare e mantenere la nostra offerta giorno dopo giorno nella migliore qualit\u00e0.<\/p>\n\n<div style=\"height:60px\" aria-hidden=\"true\" class=\"wp-block-spacer\"><\/div>\n\n<div class=\"wp-block-buttons is-layout-flex wp-block-buttons-is-layout-flex\">\n<div class=\"wp-block-button\"><a class=\"wp-block-button__link wp-element-button\" href=\"https:\/\/app.deinadieu.ch\/da\/testament\/7142\">Favorire il Telefono amico nel proprio testamento<\/a><\/div>\n<\/div>\n\n<p><\/p>\n\n<p><\/p>\n","protected":false},"excerpt":{"rendered":"<p>Da 60 anni, il numero di telefono 143 del Telefono amico \u00e8 disponibile 24 ore al giorno. In dodici uffici regionali in Svizzera, i volontari rispondono alle chiamate, ai messaggi di chat e alle e-mail per ascoltare le persone in crisi. Un volontario racconta.<\/p>\n","protected":false},"author":6028,"featured_media":62753,"comment_status":"open","ping_status":"closed","sticky":false,"template":"","format":"standard","meta":{"_acf_changed":false,"footnotes":""},"categories":[2474],"tags":[2522,3366,3160,3509,2560,3508],"class_list":["post-62934","post","type-post","status-publish","format-standard","has-post-thumbnail","hentry","category-opere-caritative","tag-cosa-puo-fare-la-mia-eredita","tag-fondazione-zewo","tag-organizzazioni-di-aiuto","tag-prevenzione-del-suicidio","tag-telefono-amico","tag-volontariato"],"acf":[],"yoast_head":"<title>Ritratto Telefono amico | DeinAdieu<\/title>\n<meta name=\"description\" content=\"Il numero di telefono 143 del telefono amico esiste da 60 anni. Durante 24 ore, i volontari rispondono alle chiamate per ascoltare le persone in crisi.\" \/>\n<meta name=\"robots\" content=\"index, follow, max-snippet:-1, max-image-preview:large, max-video-preview:-1\" \/>\n<link rel=\"canonical\" href=\"https:\/\/www.deinadieu.ch\/it\/non-siamo-psicologi-e-non-siamo-giudici-siamo-ascoltatori\/\" \/>\n<meta property=\"og:locale\" content=\"it_IT\" \/>\n<meta property=\"og:type\" content=\"article\" \/>\n<meta property=\"og:title\" content=\"&quot;Non siamo psicologi e non siamo giudici, siamo ascoltatori&quot;.\" \/>\n<meta property=\"og:description\" content=\"Da 60 anni, il numero di telefono 143 del Telefono amico \u00e8 disponibile 24 ore al giorno. In dodici uffici regionali in Svizzera, i volontari rispondono\" \/>\n<meta property=\"og:url\" content=\"https:\/\/www.deinadieu.ch\/it\/non-siamo-psicologi-e-non-siamo-giudici-siamo-ascoltatori\/\" \/>\n<meta property=\"og:site_name\" content=\"DeinAdieu.ch\" \/>\n<meta property=\"article:publisher\" content=\"https:\/\/www.facebook.com\/deinadieu\" \/>\n<meta property=\"article:published_time\" content=\"2023-04-18T05:07:00+00:00\" \/>\n<meta property=\"article:modified_time\" content=\"2023-07-23T15:16:58+00:00\" \/>\n<meta property=\"og:image\" content=\"https:\/\/static.deinadieu.ch\/uploads\/2023\/03\/dA_PDH_MFR7378-1024x683.jpg\" \/>\n\t<meta property=\"og:image:width\" content=\"1024\" \/>\n\t<meta property=\"og:image:height\" content=\"683\" \/>\n\t<meta property=\"og:image:type\" content=\"image\/jpeg\" \/>\n<meta name=\"author\" content=\"Janina Gehrig, MA UZH, Redaktorin\" \/>\n<meta name=\"twitter:card\" content=\"summary_large_image\" \/>\n<meta name=\"twitter:creator\" content=\"@DeinAdieu\" \/>\n<meta name=\"twitter:site\" content=\"@DeinAdieu\" \/>\n<meta name=\"twitter:label1\" content=\"Written by\" \/>\n\t<meta name=\"twitter:data1\" content=\"Janina Gehrig, MA UZH, Redaktorin\" \/>\n\t<meta name=\"twitter:label2\" content=\"Est. reading time\" \/>\n\t<meta name=\"twitter:data2\" content=\"7 minutes\" \/>\n<script type=\"application\/ld+json\" class=\"yoast-schema-graph\">{\"@context\":\"https:\\\/\\\/schema.org\",\"@graph\":[{\"@type\":\"Article\",\"@id\":\"https:\\\/\\\/www.deinadieu.ch\\\/it\\\/non-siamo-psicologi-e-non-siamo-giudici-siamo-ascoltatori\\\/#article\",\"isPartOf\":{\"@id\":\"https:\\\/\\\/www.deinadieu.ch\\\/it\\\/non-siamo-psicologi-e-non-siamo-giudici-siamo-ascoltatori\\\/\"},\"author\":{\"name\":\"Janina Gehrig, MA UZH, Redaktorin\",\"@id\":\"https:\\\/\\\/www.deinadieu.ch\\\/it\\\/#\\\/schema\\\/person\\\/78cffe1cb679e17f919e3d0c0e7b9673\"},\"headline\":\"&#8220;Non siamo psicologi e non siamo giudici, siamo ascoltatori&#8221;.\",\"datePublished\":\"2023-04-18T05:07:00+00:00\",\"dateModified\":\"2023-07-23T15:16:58+00:00\",\"mainEntityOfPage\":{\"@id\":\"https:\\\/\\\/www.deinadieu.ch\\\/it\\\/non-siamo-psicologi-e-non-siamo-giudici-siamo-ascoltatori\\\/\"},\"wordCount\":1452,\"commentCount\":0,\"publisher\":{\"@id\":\"https:\\\/\\\/www.deinadieu.ch\\\/it\\\/#organization\"},\"image\":{\"@id\":\"https:\\\/\\\/www.deinadieu.ch\\\/it\\\/non-siamo-psicologi-e-non-siamo-giudici-siamo-ascoltatori\\\/#primaryimage\"},\"thumbnailUrl\":\"https:\\\/\\\/www.deinadieu.ch\\\/wp-content\\\/uploads\\\/2023\\\/03\\\/dA_PDH_MFR7378.jpg\",\"keywords\":[\"Cosa pu\u00f2 fare la mia eredit\u00e0?\",\"Fondazione Zewo\",\"Organizzazioni di aiuto\",\"Prevenzione del suicidio\",\"Telefono Amico\",\"Volontariato\"],\"articleSection\":[\"Focus sulle opere caritative\"],\"inLanguage\":\"it-IT\",\"potentialAction\":[{\"@type\":\"CommentAction\",\"name\":\"Comment\",\"target\":[\"https:\\\/\\\/www.deinadieu.ch\\\/it\\\/non-siamo-psicologi-e-non-siamo-giudici-siamo-ascoltatori\\\/#respond\"]}]},{\"@type\":\"WebPage\",\"@id\":\"https:\\\/\\\/www.deinadieu.ch\\\/it\\\/non-siamo-psicologi-e-non-siamo-giudici-siamo-ascoltatori\\\/\",\"url\":\"https:\\\/\\\/www.deinadieu.ch\\\/it\\\/non-siamo-psicologi-e-non-siamo-giudici-siamo-ascoltatori\\\/\",\"name\":\"Ritratto Telefono amico | DeinAdieu\",\"isPartOf\":{\"@id\":\"https:\\\/\\\/www.deinadieu.ch\\\/it\\\/#website\"},\"primaryImageOfPage\":{\"@id\":\"https:\\\/\\\/www.deinadieu.ch\\\/it\\\/non-siamo-psicologi-e-non-siamo-giudici-siamo-ascoltatori\\\/#primaryimage\"},\"image\":{\"@id\":\"https:\\\/\\\/www.deinadieu.ch\\\/it\\\/non-siamo-psicologi-e-non-siamo-giudici-siamo-ascoltatori\\\/#primaryimage\"},\"thumbnailUrl\":\"https:\\\/\\\/www.deinadieu.ch\\\/wp-content\\\/uploads\\\/2023\\\/03\\\/dA_PDH_MFR7378.jpg\",\"datePublished\":\"2023-04-18T05:07:00+00:00\",\"dateModified\":\"2023-07-23T15:16:58+00:00\",\"description\":\"Il numero di telefono 143 del telefono amico esiste da 60 anni. Durante 24 ore, i volontari rispondono alle chiamate per ascoltare le persone in crisi.\",\"breadcrumb\":{\"@id\":\"https:\\\/\\\/www.deinadieu.ch\\\/it\\\/non-siamo-psicologi-e-non-siamo-giudici-siamo-ascoltatori\\\/#breadcrumb\"},\"inLanguage\":\"it-IT\",\"potentialAction\":[{\"@type\":\"ReadAction\",\"target\":[\"https:\\\/\\\/www.deinadieu.ch\\\/it\\\/non-siamo-psicologi-e-non-siamo-giudici-siamo-ascoltatori\\\/\"]}]},{\"@type\":\"ImageObject\",\"inLanguage\":\"it-IT\",\"@id\":\"https:\\\/\\\/www.deinadieu.ch\\\/it\\\/non-siamo-psicologi-e-non-siamo-giudici-siamo-ascoltatori\\\/#primaryimage\",\"url\":\"https:\\\/\\\/www.deinadieu.ch\\\/wp-content\\\/uploads\\\/2023\\\/03\\\/dA_PDH_MFR7378.jpg\",\"contentUrl\":\"https:\\\/\\\/www.deinadieu.ch\\\/wp-content\\\/uploads\\\/2023\\\/03\\\/dA_PDH_MFR7378.jpg\",\"width\":7814,\"height\":5209,\"caption\":\"Daniela Humbel von der Dargebotenen Hand, Regionalstelle Bern. \u00a9 Manu Friederich\"},{\"@type\":\"BreadcrumbList\",\"@id\":\"https:\\\/\\\/www.deinadieu.ch\\\/it\\\/non-siamo-psicologi-e-non-siamo-giudici-siamo-ascoltatori\\\/#breadcrumb\",\"itemListElement\":[{\"@type\":\"ListItem\",\"position\":1,\"name\":\"Home\",\"item\":\"https:\\\/\\\/www.deinadieu.ch\\\/it\\\/deinadieu-dialog-und-serviceportal-zum-lebensende\\\/\"},{\"@type\":\"ListItem\",\"position\":2,\"name\":\"&#8220;Non siamo psicologi e non siamo giudici, siamo ascoltatori&#8221;.\"}]},{\"@type\":\"WebSite\",\"@id\":\"https:\\\/\\\/www.deinadieu.ch\\\/it\\\/#website\",\"url\":\"https:\\\/\\\/www.deinadieu.ch\\\/it\\\/\",\"name\":\"DeinAdieu.ch\",\"description\":\"Testament, Patientenverf\u00fcgung und Vorsorgeauftrag\",\"publisher\":{\"@id\":\"https:\\\/\\\/www.deinadieu.ch\\\/it\\\/#organization\"},\"potentialAction\":[{\"@type\":\"SearchAction\",\"target\":{\"@type\":\"EntryPoint\",\"urlTemplate\":\"https:\\\/\\\/www.deinadieu.ch\\\/it\\\/?s={search_term_string}\"},\"query-input\":{\"@type\":\"PropertyValueSpecification\",\"valueRequired\":true,\"valueName\":\"search_term_string\"}}],\"inLanguage\":\"it-IT\"},{\"@type\":\"Organization\",\"@id\":\"https:\\\/\\\/www.deinadieu.ch\\\/it\\\/#organization\",\"name\":\"EMNA Web GmbH\",\"url\":\"https:\\\/\\\/www.deinadieu.ch\\\/it\\\/\",\"logo\":{\"@type\":\"ImageObject\",\"inLanguage\":\"it-IT\",\"@id\":\"https:\\\/\\\/www.deinadieu.ch\\\/it\\\/#\\\/schema\\\/logo\\\/image\\\/\",\"url\":\"https:\\\/\\\/www.deinadieu.ch\\\/wp-content\\\/uploads\\\/2016\\\/01\\\/DeinAdieu_Logo.png\",\"contentUrl\":\"https:\\\/\\\/www.deinadieu.ch\\\/wp-content\\\/uploads\\\/2016\\\/01\\\/DeinAdieu_Logo.png\",\"width\":300,\"height\":117,\"caption\":\"EMNA Web GmbH\"},\"image\":{\"@id\":\"https:\\\/\\\/www.deinadieu.ch\\\/it\\\/#\\\/schema\\\/logo\\\/image\\\/\"},\"sameAs\":[\"https:\\\/\\\/www.facebook.com\\\/deinadieu\",\"https:\\\/\\\/x.com\\\/DeinAdieu\",\"https:\\\/\\\/www.instagram.com\\\/deinadieu\\\/\",\"https:\\\/\\\/www.linkedin.com\\\/company\\\/deinadieu.ch\"]},{\"@type\":\"Person\",\"@id\":\"https:\\\/\\\/www.deinadieu.ch\\\/it\\\/#\\\/schema\\\/person\\\/78cffe1cb679e17f919e3d0c0e7b9673\",\"name\":\"Janina Gehrig, MA UZH, Redaktorin\",\"image\":{\"@type\":\"ImageObject\",\"inLanguage\":\"it-IT\",\"@id\":\"https:\\\/\\\/secure.gravatar.com\\\/avatar\\\/8bfc4dca12cd7c0a0373c12f34587d1f6a6117903e7ecc0035863bd69df6fb07?s=96&d=mm&r=g\",\"url\":\"https:\\\/\\\/secure.gravatar.com\\\/avatar\\\/8bfc4dca12cd7c0a0373c12f34587d1f6a6117903e7ecc0035863bd69df6fb07?s=96&d=mm&r=g\",\"contentUrl\":\"https:\\\/\\\/secure.gravatar.com\\\/avatar\\\/8bfc4dca12cd7c0a0373c12f34587d1f6a6117903e7ecc0035863bd69df6fb07?s=96&d=mm&r=g\",\"caption\":\"Janina Gehrig, MA UZH, Redaktorin\"},\"url\":\"https:\\\/\\\/www.deinadieu.ch\\\/it\\\/author\\\/janinagehrig\\\/\"}]}<\/script>","yoast_head_json":{"title":"Ritratto Telefono amico | DeinAdieu","description":"Il numero di telefono 143 del telefono amico esiste da 60 anni. Durante 24 ore, i volontari rispondono alle chiamate per ascoltare le persone in crisi.","robots":{"index":"index","follow":"follow","max-snippet":"max-snippet:-1","max-image-preview":"max-image-preview:large","max-video-preview":"max-video-preview:-1"},"canonical":"https:\/\/www.deinadieu.ch\/it\/non-siamo-psicologi-e-non-siamo-giudici-siamo-ascoltatori\/","og_locale":"it_IT","og_type":"article","og_title":"\"Non siamo psicologi e non siamo giudici, siamo ascoltatori\".","og_description":"Da 60 anni, il numero di telefono 143 del Telefono amico \u00e8 disponibile 24 ore al giorno. In dodici uffici regionali in Svizzera, i volontari rispondono","og_url":"https:\/\/www.deinadieu.ch\/it\/non-siamo-psicologi-e-non-siamo-giudici-siamo-ascoltatori\/","og_site_name":"DeinAdieu.ch","article_publisher":"https:\/\/www.facebook.com\/deinadieu","article_published_time":"2023-04-18T05:07:00+00:00","article_modified_time":"2023-07-23T15:16:58+00:00","og_image":[{"width":1024,"height":683,"url":"https:\/\/static.deinadieu.ch\/uploads\/2023\/03\/dA_PDH_MFR7378-1024x683.jpg","type":"image\/jpeg"}],"author":"Janina Gehrig, MA UZH, Redaktorin","twitter_card":"summary_large_image","twitter_creator":"@DeinAdieu","twitter_site":"@DeinAdieu","twitter_misc":{"Written by":"Janina Gehrig, MA UZH, Redaktorin","Est. reading time":"7 minutes"},"schema":{"@context":"https:\/\/schema.org","@graph":[{"@type":"Article","@id":"https:\/\/www.deinadieu.ch\/it\/non-siamo-psicologi-e-non-siamo-giudici-siamo-ascoltatori\/#article","isPartOf":{"@id":"https:\/\/www.deinadieu.ch\/it\/non-siamo-psicologi-e-non-siamo-giudici-siamo-ascoltatori\/"},"author":{"name":"Janina Gehrig, MA UZH, Redaktorin","@id":"https:\/\/www.deinadieu.ch\/it\/#\/schema\/person\/78cffe1cb679e17f919e3d0c0e7b9673"},"headline":"&#8220;Non siamo psicologi e non siamo giudici, siamo ascoltatori&#8221;.","datePublished":"2023-04-18T05:07:00+00:00","dateModified":"2023-07-23T15:16:58+00:00","mainEntityOfPage":{"@id":"https:\/\/www.deinadieu.ch\/it\/non-siamo-psicologi-e-non-siamo-giudici-siamo-ascoltatori\/"},"wordCount":1452,"commentCount":0,"publisher":{"@id":"https:\/\/www.deinadieu.ch\/it\/#organization"},"image":{"@id":"https:\/\/www.deinadieu.ch\/it\/non-siamo-psicologi-e-non-siamo-giudici-siamo-ascoltatori\/#primaryimage"},"thumbnailUrl":"https:\/\/www.deinadieu.ch\/wp-content\/uploads\/2023\/03\/dA_PDH_MFR7378.jpg","keywords":["Cosa pu\u00f2 fare la mia eredit\u00e0?","Fondazione Zewo","Organizzazioni di aiuto","Prevenzione del suicidio","Telefono Amico","Volontariato"],"articleSection":["Focus sulle opere caritative"],"inLanguage":"it-IT","potentialAction":[{"@type":"CommentAction","name":"Comment","target":["https:\/\/www.deinadieu.ch\/it\/non-siamo-psicologi-e-non-siamo-giudici-siamo-ascoltatori\/#respond"]}]},{"@type":"WebPage","@id":"https:\/\/www.deinadieu.ch\/it\/non-siamo-psicologi-e-non-siamo-giudici-siamo-ascoltatori\/","url":"https:\/\/www.deinadieu.ch\/it\/non-siamo-psicologi-e-non-siamo-giudici-siamo-ascoltatori\/","name":"Ritratto Telefono amico | DeinAdieu","isPartOf":{"@id":"https:\/\/www.deinadieu.ch\/it\/#website"},"primaryImageOfPage":{"@id":"https:\/\/www.deinadieu.ch\/it\/non-siamo-psicologi-e-non-siamo-giudici-siamo-ascoltatori\/#primaryimage"},"image":{"@id":"https:\/\/www.deinadieu.ch\/it\/non-siamo-psicologi-e-non-siamo-giudici-siamo-ascoltatori\/#primaryimage"},"thumbnailUrl":"https:\/\/www.deinadieu.ch\/wp-content\/uploads\/2023\/03\/dA_PDH_MFR7378.jpg","datePublished":"2023-04-18T05:07:00+00:00","dateModified":"2023-07-23T15:16:58+00:00","description":"Il numero di telefono 143 del telefono amico esiste da 60 anni. Durante 24 ore, i volontari rispondono alle chiamate per ascoltare le persone in crisi.","breadcrumb":{"@id":"https:\/\/www.deinadieu.ch\/it\/non-siamo-psicologi-e-non-siamo-giudici-siamo-ascoltatori\/#breadcrumb"},"inLanguage":"it-IT","potentialAction":[{"@type":"ReadAction","target":["https:\/\/www.deinadieu.ch\/it\/non-siamo-psicologi-e-non-siamo-giudici-siamo-ascoltatori\/"]}]},{"@type":"ImageObject","inLanguage":"it-IT","@id":"https:\/\/www.deinadieu.ch\/it\/non-siamo-psicologi-e-non-siamo-giudici-siamo-ascoltatori\/#primaryimage","url":"https:\/\/www.deinadieu.ch\/wp-content\/uploads\/2023\/03\/dA_PDH_MFR7378.jpg","contentUrl":"https:\/\/www.deinadieu.ch\/wp-content\/uploads\/2023\/03\/dA_PDH_MFR7378.jpg","width":7814,"height":5209,"caption":"Daniela Humbel von der Dargebotenen Hand, Regionalstelle Bern. \u00a9 Manu Friederich"},{"@type":"BreadcrumbList","@id":"https:\/\/www.deinadieu.ch\/it\/non-siamo-psicologi-e-non-siamo-giudici-siamo-ascoltatori\/#breadcrumb","itemListElement":[{"@type":"ListItem","position":1,"name":"Home","item":"https:\/\/www.deinadieu.ch\/it\/deinadieu-dialog-und-serviceportal-zum-lebensende\/"},{"@type":"ListItem","position":2,"name":"&#8220;Non siamo psicologi e non siamo giudici, siamo ascoltatori&#8221;."}]},{"@type":"WebSite","@id":"https:\/\/www.deinadieu.ch\/it\/#website","url":"https:\/\/www.deinadieu.ch\/it\/","name":"DeinAdieu.ch","description":"Testament, Patientenverf\u00fcgung und Vorsorgeauftrag","publisher":{"@id":"https:\/\/www.deinadieu.ch\/it\/#organization"},"potentialAction":[{"@type":"SearchAction","target":{"@type":"EntryPoint","urlTemplate":"https:\/\/www.deinadieu.ch\/it\/?s={search_term_string}"},"query-input":{"@type":"PropertyValueSpecification","valueRequired":true,"valueName":"search_term_string"}}],"inLanguage":"it-IT"},{"@type":"Organization","@id":"https:\/\/www.deinadieu.ch\/it\/#organization","name":"EMNA Web GmbH","url":"https:\/\/www.deinadieu.ch\/it\/","logo":{"@type":"ImageObject","inLanguage":"it-IT","@id":"https:\/\/www.deinadieu.ch\/it\/#\/schema\/logo\/image\/","url":"https:\/\/www.deinadieu.ch\/wp-content\/uploads\/2016\/01\/DeinAdieu_Logo.png","contentUrl":"https:\/\/www.deinadieu.ch\/wp-content\/uploads\/2016\/01\/DeinAdieu_Logo.png","width":300,"height":117,"caption":"EMNA Web GmbH"},"image":{"@id":"https:\/\/www.deinadieu.ch\/it\/#\/schema\/logo\/image\/"},"sameAs":["https:\/\/www.facebook.com\/deinadieu","https:\/\/x.com\/DeinAdieu","https:\/\/www.instagram.com\/deinadieu\/","https:\/\/www.linkedin.com\/company\/deinadieu.ch"]},{"@type":"Person","@id":"https:\/\/www.deinadieu.ch\/it\/#\/schema\/person\/78cffe1cb679e17f919e3d0c0e7b9673","name":"Janina Gehrig, MA UZH, Redaktorin","image":{"@type":"ImageObject","inLanguage":"it-IT","@id":"https:\/\/secure.gravatar.com\/avatar\/8bfc4dca12cd7c0a0373c12f34587d1f6a6117903e7ecc0035863bd69df6fb07?s=96&d=mm&r=g","url":"https:\/\/secure.gravatar.com\/avatar\/8bfc4dca12cd7c0a0373c12f34587d1f6a6117903e7ecc0035863bd69df6fb07?s=96&d=mm&r=g","contentUrl":"https:\/\/secure.gravatar.com\/avatar\/8bfc4dca12cd7c0a0373c12f34587d1f6a6117903e7ecc0035863bd69df6fb07?s=96&d=mm&r=g","caption":"Janina Gehrig, MA UZH, Redaktorin"},"url":"https:\/\/www.deinadieu.ch\/it\/author\/janinagehrig\/"}]}},"_links":{"self":[{"href":"https:\/\/www.deinadieu.ch\/it\/wp-json\/wp\/v2\/posts\/62934","targetHints":{"allow":["GET"]}}],"collection":[{"href":"https:\/\/www.deinadieu.ch\/it\/wp-json\/wp\/v2\/posts"}],"about":[{"href":"https:\/\/www.deinadieu.ch\/it\/wp-json\/wp\/v2\/types\/post"}],"author":[{"embeddable":true,"href":"https:\/\/www.deinadieu.ch\/it\/wp-json\/wp\/v2\/users\/6028"}],"replies":[{"embeddable":true,"href":"https:\/\/www.deinadieu.ch\/it\/wp-json\/wp\/v2\/comments?post=62934"}],"version-history":[{"count":3,"href":"https:\/\/www.deinadieu.ch\/it\/wp-json\/wp\/v2\/posts\/62934\/revisions"}],"predecessor-version":[{"id":64887,"href":"https:\/\/www.deinadieu.ch\/it\/wp-json\/wp\/v2\/posts\/62934\/revisions\/64887"}],"wp:featuredmedia":[{"embeddable":true,"href":"https:\/\/www.deinadieu.ch\/it\/wp-json\/wp\/v2\/media\/62753"}],"wp:attachment":[{"href":"https:\/\/www.deinadieu.ch\/it\/wp-json\/wp\/v2\/media?parent=62934"}],"wp:term":[{"taxonomy":"category","embeddable":true,"href":"https:\/\/www.deinadieu.ch\/it\/wp-json\/wp\/v2\/categories?post=62934"},{"taxonomy":"post_tag","embeddable":true,"href":"https:\/\/www.deinadieu.ch\/it\/wp-json\/wp\/v2\/tags?post=62934"}],"curies":[{"name":"wp","href":"https:\/\/api.w.org\/{rel}","templated":true}]}}