{"id":62803,"date":"2023-03-28T07:00:00","date_gmt":"2023-03-28T05:00:00","guid":{"rendered":"https:\/\/www.deinadieu.ch\/?p=62803"},"modified":"2024-03-25T15:26:59","modified_gmt":"2024-03-25T14:26:59","slug":"questa-ingiustizia-mi-spinge-personalmente","status":"publish","type":"post","link":"https:\/\/www.deinadieu.ch\/it\/questa-ingiustizia-mi-spinge-personalmente\/","title":{"rendered":"&#8220;Questa ingiustizia mi spinge personalmente&#8221;."},"content":{"rendered":"\n<p>L&#8217;accesso alle cure mediche \u00e8 un diritto umano, afferma Christian Heuss, vicedirettore esecutivo di SolidarMed. Nell&#8217;intervista, parla di come l&#8217;organizzazione combatte le gravidanze adolescenziali e la diffusione dell&#8217;HIV nei Paesi africani.<\/p>\n\n<!--more-->\n\n<p><a href=\"https:\/\/www.deinadieu.ch\/it\/organizzazioni-caritatevoli\/\">SolidarMed<\/a> migliora l&#8217;assistenza sanitaria per milioni di persone in Kenya, Lesotho, Mozambico, Zambia, Zimbabwe, Sudafrica e Tanzania. L&#8217;organizzazione \u00e8 stata fondata nel 1926 come organizzazione cattolica per inviare medici dalla Svizzera. &#8220;<strong>Oggi SolidarMed non \u00e8 affiliata ad alcuna chiesa e pone il rafforzamento dell&#8217;assistenza sanitaria al centro di tutte le sue attivit\u00e0.<\/strong>&#8220;, afferma Christian Heuss, responsabile della raccolta fondi e della comunicazione e vicedirettore esecutivo dell&#8217;organizzazione. <strong>Invece di inviare operatori sanitari, SolidarMed lavora con partner locali del settore sanitario<\/strong>. In questo modo, i progetti medici vengono creati in stretta collaborazione con ospedali, centri sanitari e autorit\u00e0 con l&#8217;obiettivo di migliorare l&#8217;assistenza, soprattutto per i bambini e le giovani famiglie, formare il personale medico o rafforzare gli ospedali e i centri sanitari. Nel 2020, SolidarMed ha integrato anche la fondazione zurighese Aids and Child e continua le sue attivit\u00e0 a favore dei giovani e dei bambini colpiti dall&#8217;HIV\/AIDS in Sudafrica e in Kenya.<\/p>\n\n<p><strong>In quali dei Paesi in cui SolidarMed \u00e8 attiva, l&#8217;HIV resta un problema particolarmente grave?<\/strong><\/p>\n\n<p><em>Christian Heuss:<\/em> L&#8217;HIV svolge ancora un ruolo significativo in tutti i Paesi in cui siamo attivi con SolidarMed. La situazione dell&#8217;HIV \u00e8 pi\u00f9 difficile in Lesotho, uno stato montuoso al centro del Sudafrica. L\u00ec, un adulto su quattro \u00e8 ancora sieropositivo. Questo dato fa del Lesotho il secondo Paese con la pi\u00f9 alta prevalenza a livello mondiale. Oggi il virus pu\u00f2 essere trattato bene con i farmaci moderni, che non sono pi\u00f9 costosi (un anno di trattamento costa meno di 75 franchi svizzeri per paziente). Tuttavia, la diagnostica rimane una sfida. Solo chi conosce la propria condizione di sieropositivit\u00e0 cercher\u00e0 di curarsi. Solo chi assume regolarmente i farmaci non pu\u00f2 pi\u00f9 trasmettere il virus. Un altro problema \u00e8 la disponibilit\u00e0 di preservativi, soprattutto se gli ospedali sono cattolici. <\/p>\n\n<p><strong>Quanto sono ancora colpiti i bambini dall&#8217;HIV?<\/strong><\/p>\n\n<p>Solo raramente l&#8217;HIV viene trasmesso ai bambini alla nascita se le madri sono in terapia e accompagnate durante la gravidanza. Tuttavia, la positivit\u00e0 all&#8217;HIV della madre o del padre \u00e8 un grosso problema per i bambini, ad esempio nelle township del Sudafrica, dove spesso prevalgono condizioni sociali molto difficili nelle famiglie colpite. Anche la stigmatizzazione gioca un ruolo importante.<\/p>\n\n<p><strong>In che modo aiutate esattamente sul campo?<\/strong><\/p>\n\n<p>Abbiamo istituito team locali nella maggior parte dei Paesi in cui operiamo. Si tratta di esperti di salute pubblica, medicina, ostetricia o infermieristica. Per quanto riguarda l&#8217;HIV, ad esempio, esiste un centro giovanile in cui i giovani ricevono consigli sulla pianificazione familiare o sulla sessualit\u00e0 e portano le conoscenze nei loro villaggi. Uno di questi progetti \u00e8 attualmente in corso in Lesotho. Stiamo lavorando su questi temi anche in Zimbabwe, Tanzania e Mozambico. Un obiettivo \u00e8 anche quello di ridurre il numero di gravidanze in et\u00e0 adolescenziale. Perch\u00e9 spesso le ragazze giovani non sono fisicamente pronte per una gravidanza. Pertanto, vi \u00e8 un elevato rischio per la salute, ma anche un rischio finanziario per la madre e il bambino. <\/p>\n\n<p><\/p>\n\n<p><strong>Quali sono le sfide pi\u00f9 grandi?<\/strong><\/p>\n\n<p>In molti Paesi africani gli operatori sanitari sono troppo pochi. Nella maggior parte dei Paesi, il numero di personale \u00e8 di gran lunga inferiore alle raccomandazioni dell&#8217;OMS, e questo \u00e8 ancora pi\u00f9 grave nelle aree rurali. Sono necessari molti pi\u00f9 infermieri, ostetriche e medici, e anche la qualit\u00e0 del lavoro deve migliorare. SolidarMed investe molto nella formazione del personale e nella qualit\u00e0 dei trattamenti e delle cure. Perch\u00e9 una buona assistenza sanitaria \u00e8 un mezzo fondamentale per spezzare il circolo vizioso della povert\u00e0. Senza salute non c&#8217;\u00e8 istruzione, senza istruzione non c&#8217;\u00e8 sviluppo. Ad esempio, stiamo anche lavorando per migliorare le opzioni abitative degli operatori sanitari, al fine di prevenire la fuga dei cervelli. <\/p>\n\n<figure class=\"wp-block-image size-large\"><img loading=\"lazy\" decoding=\"async\" width=\"1024\" height=\"683\" src=\"https:\/\/www.deinadieu.ch\/wp-content\/uploads\/2023\/03\/solidarmed_3348-1-1024x683.jpg\" alt=\"\" class=\"wp-image-62564\" srcset=\"https:\/\/www.deinadieu.ch\/wp-content\/uploads\/2023\/03\/solidarmed_3348-1-1024x683.jpg 1024w, https:\/\/www.deinadieu.ch\/wp-content\/uploads\/2023\/03\/solidarmed_3348-1-300x200.jpg 300w, https:\/\/www.deinadieu.ch\/wp-content\/uploads\/2023\/03\/solidarmed_3348-1-1536x1024.jpg 1536w, https:\/\/www.deinadieu.ch\/wp-content\/uploads\/2023\/03\/solidarmed_3348-1-2048x1365.jpg 2048w\" sizes=\"auto, (max-width: 1024px) 100vw, 1024px\" \/><\/figure>\n\n<p><br\/><strong>Che feedback ricevete?<br\/><\/strong>Essere sul posto, aiutare e non andarsene dopo poco tempo ha una grande qualit\u00e0 e pu\u00f2 portare a cambiamenti duraturi. SolidarMed \u00e8 attiva in alcuni Paesi da decenni. A volte realizziamo piccoli progetti pilota in un ospedale o in un centro sanitario, che vengono poi adottati in altre regioni del Paese. Per esempio, in un ospedale remoto in Tanzania, dove abbiamo ottenuto molto con poche risorse. Abbiamo costruito un reparto per i neonati prematuri e introdotto il concetto di Kangoroo Mothercare: I neonati prematuri sono il pi\u00f9 possibile vicini alle loro madri, il che aumenta drasticamente le loro possibilit\u00e0 di sopravvivenza. Cos\u00ec, una piccola misura ha portato a una massiccia riduzione della mortalit\u00e0. I rappresentanti del Ministero della Salute hanno visitato l&#8217;ospedale. Ora misure simili possono essere implementate in altri ospedali.<\/p>\n\n<p><br\/><strong>Cosa le piace in particolare del suo lavoro?<br\/><\/strong>Ci\u00f2 che mi ha colpito personalmente \u00e8 stato il comportamento molto disciplinato della gente durante la pandemia. Indossare una maschera non era affatto un problema nei paesi in cui operavamo. I sarti hanno cucito rapidamente le maschere, la gente ha risposto all&#8217;appello. In Africa, le persone sono molto pi\u00f9 colpite dalle malattie e conoscono la malaria come pericolo stagionale. La sensibilit\u00e0 \u00e8 molto pi\u00f9 elevata. Le discussioni emotive sull&#8217;obbligo di indossare la maschera che abbiamo avuto in questo paese non erano certo un problema. Anche la consapevolezza che il problema pu\u00f2 essere risolto solo come comunit\u00e0 era maggiore.<\/p>\n\n<p><br\/><strong>Qual \u00e8 la vostra visione?<br\/><\/strong>La mia convinzione di base \u00e8 che l&#8217;accesso all&#8217;assistenza sanitaria sia un diritto umano. \u00c8 ingiusto che ci\u00f2 non avvenga per gran parte della popolazione mondiale. Poich\u00e9 il trattamento \u00e8 troppo costoso, l&#8217;accesso \u00e8 insufficiente. Il luogo in cui si nasce \u00e8 dovuto al caso. Non vedo perch\u00e9 chi nasce in Tanzania debba avere condizioni peggiori di chi nasce a Basilea. Questa ingiustizia mi spinge personalmente. La nostra visione di SolidarMed \u00e8 quella di contribuire a garantire un&#8217;assistenza sanitaria universale. Ogni bambino che pu\u00f2 essere salvato, ogni bambino prematuro che non muore, \u00e8 un successo. Noi ci assumiamo questa responsabilit\u00e0.<\/p>\n\n<p><br\/><strong>Per cosa avete bisogno di donazioni?<br\/><\/strong>Le nostre donazioni confluiscono nei nostri progetti sanitari, a beneficio della salute di oltre tre milioni di persone. Pur essendo sostenuti dalla DSC, ma anche da fondazioni, cantoni e comuni, ci affidiamo alle donazioni di privati. In quanto organizzazione umanitaria certificata Zewo, garantiamo una gestione efficace delle donazioni. Oltre l&#8217;81% delle donazioni confluisce direttamente nel nostro progetto medico.<\/p>\n\n<div style=\"height:40px\" aria-hidden=\"true\" class=\"wp-block-spacer\"><\/div>\n\n<div class=\"wp-block-buttons is-layout-flex wp-block-buttons-is-layout-flex\">\n<div class=\"wp-block-button\"><a class=\"wp-block-button__link wp-element-button\" href=\"https:\/\/app.deinadieu.ch\/da\/testament\/4620\">Fate di SolidarMed un beneficiario nel testamento<\/a><\/div>\n<\/div>\n","protected":false},"excerpt":{"rendered":"<p>L&#8217;accesso alle cure mediche \u00e8 un diritto umano, afferma Christian Heuss, vicedirettore esecutivo di SolidarMed. Nell&#8217;intervista, parla di come l&#8217;organizzazione combatte le gravidanze adolescenziali e la diffusione dell&#8217;HIV nei Paesi africani.<\/p>\n","protected":false},"author":6028,"featured_media":62563,"comment_status":"open","ping_status":"closed","sticky":false,"template":"","format":"standard","meta":{"_acf_changed":false,"footnotes":""},"categories":[2474],"tags":[2522,2906,3160],"class_list":["post-62803","post","type-post","status-publish","format-standard","has-post-thumbnail","hentry","category-opere-caritative","tag-cosa-puo-fare-la-mia-eredita","tag-organizzazione-senza-scopo-di-lucro","tag-organizzazioni-di-aiuto"],"acf":[],"yoast_head":"<title>&quot;Questa ingiustizia mi spinge personalmente&quot;. | DeinAdieu.ch<\/title>\n<meta name=\"description\" content=\"Solidarmed migliora l&#039;accesso all&#039;assistenza sanitaria in diversi Paesi africani. Christian Heuss sulla lotta contro l&#039;HIV e le gravidanze adolescenziali.\" \/>\n<meta name=\"robots\" content=\"index, follow, max-snippet:-1, max-image-preview:large, max-video-preview:-1\" \/>\n<link rel=\"canonical\" href=\"https:\/\/www.deinadieu.ch\/it\/questa-ingiustizia-mi-spinge-personalmente\/\" \/>\n<meta property=\"og:locale\" content=\"it_IT\" \/>\n<meta property=\"og:type\" content=\"article\" \/>\n<meta property=\"og:title\" content=\"&quot;Questa ingiustizia mi spinge personalmente&quot;.\" \/>\n<meta property=\"og:description\" content=\"L&#039;accesso alle cure mediche \u00e8 un diritto umano, afferma Christian Heuss, vicedirettore esecutivo di SolidarMed. Nell&#039;intervista, parla di come\" \/>\n<meta property=\"og:url\" content=\"https:\/\/www.deinadieu.ch\/it\/questa-ingiustizia-mi-spinge-personalmente\/\" \/>\n<meta property=\"og:site_name\" content=\"DeinAdieu.ch\" \/>\n<meta property=\"article:publisher\" content=\"https:\/\/www.facebook.com\/deinadieu\" \/>\n<meta property=\"article:published_time\" content=\"2023-03-28T05:00:00+00:00\" \/>\n<meta property=\"article:modified_time\" content=\"2024-03-25T14:26:59+00:00\" \/>\n<meta property=\"og:image\" content=\"https:\/\/static.deinadieu.ch\/uploads\/2023\/03\/solidarmed_3303-1-scaled.jpg\" \/>\n\t<meta property=\"og:image:width\" content=\"2560\" \/>\n\t<meta property=\"og:image:height\" content=\"1706\" \/>\n\t<meta property=\"og:image:type\" content=\"image\/jpeg\" \/>\n<meta name=\"author\" content=\"Janina Gehrig, MA UZH, Redaktorin\" \/>\n<meta name=\"twitter:card\" content=\"summary_large_image\" \/>\n<meta name=\"twitter:creator\" content=\"@DeinAdieu\" \/>\n<meta name=\"twitter:site\" content=\"@DeinAdieu\" \/>\n<meta name=\"twitter:label1\" content=\"Written by\" \/>\n\t<meta name=\"twitter:data1\" content=\"Janina Gehrig, MA UZH, Redaktorin\" \/>\n\t<meta name=\"twitter:label2\" content=\"Est. reading time\" \/>\n\t<meta name=\"twitter:data2\" content=\"5 minutes\" \/>\n<script type=\"application\/ld+json\" class=\"yoast-schema-graph\">{\"@context\":\"https:\\\/\\\/schema.org\",\"@graph\":[{\"@type\":\"Article\",\"@id\":\"https:\\\/\\\/www.deinadieu.ch\\\/it\\\/questa-ingiustizia-mi-spinge-personalmente\\\/#article\",\"isPartOf\":{\"@id\":\"https:\\\/\\\/www.deinadieu.ch\\\/it\\\/questa-ingiustizia-mi-spinge-personalmente\\\/\"},\"author\":{\"name\":\"Janina Gehrig, MA UZH, Redaktorin\",\"@id\":\"https:\\\/\\\/www.deinadieu.ch\\\/it\\\/#\\\/schema\\\/person\\\/78cffe1cb679e17f919e3d0c0e7b9673\"},\"headline\":\"&#8220;Questa ingiustizia mi spinge personalmente&#8221;.\",\"datePublished\":\"2023-03-28T05:00:00+00:00\",\"dateModified\":\"2024-03-25T14:26:59+00:00\",\"mainEntityOfPage\":{\"@id\":\"https:\\\/\\\/www.deinadieu.ch\\\/it\\\/questa-ingiustizia-mi-spinge-personalmente\\\/\"},\"wordCount\":1058,\"commentCount\":0,\"publisher\":{\"@id\":\"https:\\\/\\\/www.deinadieu.ch\\\/it\\\/#organization\"},\"image\":{\"@id\":\"https:\\\/\\\/www.deinadieu.ch\\\/it\\\/questa-ingiustizia-mi-spinge-personalmente\\\/#primaryimage\"},\"thumbnailUrl\":\"https:\\\/\\\/www.deinadieu.ch\\\/wp-content\\\/uploads\\\/2023\\\/03\\\/solidarmed_3303-1-scaled.jpg\",\"keywords\":[\"Cosa pu\u00f2 fare la mia eredit\u00e0?\",\"Organizzazione senza scopo di lucro\",\"Organizzazioni di aiuto\"],\"articleSection\":[\"Focus sulle opere caritative\"],\"inLanguage\":\"it-IT\",\"potentialAction\":[{\"@type\":\"CommentAction\",\"name\":\"Comment\",\"target\":[\"https:\\\/\\\/www.deinadieu.ch\\\/it\\\/questa-ingiustizia-mi-spinge-personalmente\\\/#respond\"]}]},{\"@type\":\"WebPage\",\"@id\":\"https:\\\/\\\/www.deinadieu.ch\\\/it\\\/questa-ingiustizia-mi-spinge-personalmente\\\/\",\"url\":\"https:\\\/\\\/www.deinadieu.ch\\\/it\\\/questa-ingiustizia-mi-spinge-personalmente\\\/\",\"name\":\"\\\"Questa ingiustizia mi spinge personalmente\\\". | DeinAdieu.ch\",\"isPartOf\":{\"@id\":\"https:\\\/\\\/www.deinadieu.ch\\\/it\\\/#website\"},\"primaryImageOfPage\":{\"@id\":\"https:\\\/\\\/www.deinadieu.ch\\\/it\\\/questa-ingiustizia-mi-spinge-personalmente\\\/#primaryimage\"},\"image\":{\"@id\":\"https:\\\/\\\/www.deinadieu.ch\\\/it\\\/questa-ingiustizia-mi-spinge-personalmente\\\/#primaryimage\"},\"thumbnailUrl\":\"https:\\\/\\\/www.deinadieu.ch\\\/wp-content\\\/uploads\\\/2023\\\/03\\\/solidarmed_3303-1-scaled.jpg\",\"datePublished\":\"2023-03-28T05:00:00+00:00\",\"dateModified\":\"2024-03-25T14:26:59+00:00\",\"description\":\"Solidarmed migliora l'accesso all'assistenza sanitaria in diversi Paesi africani. Christian Heuss sulla lotta contro l'HIV e le gravidanze adolescenziali.\",\"breadcrumb\":{\"@id\":\"https:\\\/\\\/www.deinadieu.ch\\\/it\\\/questa-ingiustizia-mi-spinge-personalmente\\\/#breadcrumb\"},\"inLanguage\":\"it-IT\",\"potentialAction\":[{\"@type\":\"ReadAction\",\"target\":[\"https:\\\/\\\/www.deinadieu.ch\\\/it\\\/questa-ingiustizia-mi-spinge-personalmente\\\/\"]}]},{\"@type\":\"ImageObject\",\"inLanguage\":\"it-IT\",\"@id\":\"https:\\\/\\\/www.deinadieu.ch\\\/it\\\/questa-ingiustizia-mi-spinge-personalmente\\\/#primaryimage\",\"url\":\"https:\\\/\\\/www.deinadieu.ch\\\/wp-content\\\/uploads\\\/2023\\\/03\\\/solidarmed_3303-1-scaled.jpg\",\"contentUrl\":\"https:\\\/\\\/www.deinadieu.ch\\\/wp-content\\\/uploads\\\/2023\\\/03\\\/solidarmed_3303-1-scaled.jpg\",\"width\":2560,\"height\":1706,\"caption\":\"Christian Heuss, responsabile della raccolta fondi e della comunicazione di SolidarMed (Foto: Djamila Grossman)\"},{\"@type\":\"BreadcrumbList\",\"@id\":\"https:\\\/\\\/www.deinadieu.ch\\\/it\\\/questa-ingiustizia-mi-spinge-personalmente\\\/#breadcrumb\",\"itemListElement\":[{\"@type\":\"ListItem\",\"position\":1,\"name\":\"Home\",\"item\":\"https:\\\/\\\/www.deinadieu.ch\\\/it\\\/deinadieu-dialog-und-serviceportal-zum-lebensende\\\/\"},{\"@type\":\"ListItem\",\"position\":2,\"name\":\"&#8220;Questa ingiustizia mi spinge personalmente&#8221;.\"}]},{\"@type\":\"WebSite\",\"@id\":\"https:\\\/\\\/www.deinadieu.ch\\\/it\\\/#website\",\"url\":\"https:\\\/\\\/www.deinadieu.ch\\\/it\\\/\",\"name\":\"DeinAdieu.ch\",\"description\":\"Testament, Patientenverf\u00fcgung und Vorsorgeauftrag\",\"publisher\":{\"@id\":\"https:\\\/\\\/www.deinadieu.ch\\\/it\\\/#organization\"},\"potentialAction\":[{\"@type\":\"SearchAction\",\"target\":{\"@type\":\"EntryPoint\",\"urlTemplate\":\"https:\\\/\\\/www.deinadieu.ch\\\/it\\\/?s={search_term_string}\"},\"query-input\":{\"@type\":\"PropertyValueSpecification\",\"valueRequired\":true,\"valueName\":\"search_term_string\"}}],\"inLanguage\":\"it-IT\"},{\"@type\":\"Organization\",\"@id\":\"https:\\\/\\\/www.deinadieu.ch\\\/it\\\/#organization\",\"name\":\"EMNA Web GmbH\",\"url\":\"https:\\\/\\\/www.deinadieu.ch\\\/it\\\/\",\"logo\":{\"@type\":\"ImageObject\",\"inLanguage\":\"it-IT\",\"@id\":\"https:\\\/\\\/www.deinadieu.ch\\\/it\\\/#\\\/schema\\\/logo\\\/image\\\/\",\"url\":\"https:\\\/\\\/www.deinadieu.ch\\\/wp-content\\\/uploads\\\/2016\\\/01\\\/DeinAdieu_Logo.png\",\"contentUrl\":\"https:\\\/\\\/www.deinadieu.ch\\\/wp-content\\\/uploads\\\/2016\\\/01\\\/DeinAdieu_Logo.png\",\"width\":300,\"height\":117,\"caption\":\"EMNA Web GmbH\"},\"image\":{\"@id\":\"https:\\\/\\\/www.deinadieu.ch\\\/it\\\/#\\\/schema\\\/logo\\\/image\\\/\"},\"sameAs\":[\"https:\\\/\\\/www.facebook.com\\\/deinadieu\",\"https:\\\/\\\/x.com\\\/DeinAdieu\",\"https:\\\/\\\/www.instagram.com\\\/deinadieu\\\/\",\"https:\\\/\\\/www.linkedin.com\\\/company\\\/deinadieu.ch\"]},{\"@type\":\"Person\",\"@id\":\"https:\\\/\\\/www.deinadieu.ch\\\/it\\\/#\\\/schema\\\/person\\\/78cffe1cb679e17f919e3d0c0e7b9673\",\"name\":\"Janina Gehrig, MA UZH, Redaktorin\",\"image\":{\"@type\":\"ImageObject\",\"inLanguage\":\"it-IT\",\"@id\":\"https:\\\/\\\/secure.gravatar.com\\\/avatar\\\/8bfc4dca12cd7c0a0373c12f34587d1f6a6117903e7ecc0035863bd69df6fb07?s=96&d=mm&r=g\",\"url\":\"https:\\\/\\\/secure.gravatar.com\\\/avatar\\\/8bfc4dca12cd7c0a0373c12f34587d1f6a6117903e7ecc0035863bd69df6fb07?s=96&d=mm&r=g\",\"contentUrl\":\"https:\\\/\\\/secure.gravatar.com\\\/avatar\\\/8bfc4dca12cd7c0a0373c12f34587d1f6a6117903e7ecc0035863bd69df6fb07?s=96&d=mm&r=g\",\"caption\":\"Janina Gehrig, MA UZH, Redaktorin\"},\"url\":\"https:\\\/\\\/www.deinadieu.ch\\\/it\\\/author\\\/janinagehrig\\\/\"}]}<\/script>","yoast_head_json":{"title":"\"Questa ingiustizia mi spinge personalmente\". | DeinAdieu.ch","description":"Solidarmed migliora l'accesso all'assistenza sanitaria in diversi Paesi africani. Christian Heuss sulla lotta contro l'HIV e le gravidanze adolescenziali.","robots":{"index":"index","follow":"follow","max-snippet":"max-snippet:-1","max-image-preview":"max-image-preview:large","max-video-preview":"max-video-preview:-1"},"canonical":"https:\/\/www.deinadieu.ch\/it\/questa-ingiustizia-mi-spinge-personalmente\/","og_locale":"it_IT","og_type":"article","og_title":"\"Questa ingiustizia mi spinge personalmente\".","og_description":"L'accesso alle cure mediche \u00e8 un diritto umano, afferma Christian Heuss, vicedirettore esecutivo di SolidarMed. Nell'intervista, parla di come","og_url":"https:\/\/www.deinadieu.ch\/it\/questa-ingiustizia-mi-spinge-personalmente\/","og_site_name":"DeinAdieu.ch","article_publisher":"https:\/\/www.facebook.com\/deinadieu","article_published_time":"2023-03-28T05:00:00+00:00","article_modified_time":"2024-03-25T14:26:59+00:00","og_image":[{"width":2560,"height":1706,"url":"https:\/\/static.deinadieu.ch\/uploads\/2023\/03\/solidarmed_3303-1-scaled.jpg","type":"image\/jpeg"}],"author":"Janina Gehrig, MA UZH, Redaktorin","twitter_card":"summary_large_image","twitter_creator":"@DeinAdieu","twitter_site":"@DeinAdieu","twitter_misc":{"Written by":"Janina Gehrig, MA UZH, Redaktorin","Est. reading time":"5 minutes"},"schema":{"@context":"https:\/\/schema.org","@graph":[{"@type":"Article","@id":"https:\/\/www.deinadieu.ch\/it\/questa-ingiustizia-mi-spinge-personalmente\/#article","isPartOf":{"@id":"https:\/\/www.deinadieu.ch\/it\/questa-ingiustizia-mi-spinge-personalmente\/"},"author":{"name":"Janina Gehrig, MA UZH, Redaktorin","@id":"https:\/\/www.deinadieu.ch\/it\/#\/schema\/person\/78cffe1cb679e17f919e3d0c0e7b9673"},"headline":"&#8220;Questa ingiustizia mi spinge personalmente&#8221;.","datePublished":"2023-03-28T05:00:00+00:00","dateModified":"2024-03-25T14:26:59+00:00","mainEntityOfPage":{"@id":"https:\/\/www.deinadieu.ch\/it\/questa-ingiustizia-mi-spinge-personalmente\/"},"wordCount":1058,"commentCount":0,"publisher":{"@id":"https:\/\/www.deinadieu.ch\/it\/#organization"},"image":{"@id":"https:\/\/www.deinadieu.ch\/it\/questa-ingiustizia-mi-spinge-personalmente\/#primaryimage"},"thumbnailUrl":"https:\/\/www.deinadieu.ch\/wp-content\/uploads\/2023\/03\/solidarmed_3303-1-scaled.jpg","keywords":["Cosa pu\u00f2 fare la mia eredit\u00e0?","Organizzazione senza scopo di lucro","Organizzazioni di aiuto"],"articleSection":["Focus sulle opere caritative"],"inLanguage":"it-IT","potentialAction":[{"@type":"CommentAction","name":"Comment","target":["https:\/\/www.deinadieu.ch\/it\/questa-ingiustizia-mi-spinge-personalmente\/#respond"]}]},{"@type":"WebPage","@id":"https:\/\/www.deinadieu.ch\/it\/questa-ingiustizia-mi-spinge-personalmente\/","url":"https:\/\/www.deinadieu.ch\/it\/questa-ingiustizia-mi-spinge-personalmente\/","name":"\"Questa ingiustizia mi spinge personalmente\". | DeinAdieu.ch","isPartOf":{"@id":"https:\/\/www.deinadieu.ch\/it\/#website"},"primaryImageOfPage":{"@id":"https:\/\/www.deinadieu.ch\/it\/questa-ingiustizia-mi-spinge-personalmente\/#primaryimage"},"image":{"@id":"https:\/\/www.deinadieu.ch\/it\/questa-ingiustizia-mi-spinge-personalmente\/#primaryimage"},"thumbnailUrl":"https:\/\/www.deinadieu.ch\/wp-content\/uploads\/2023\/03\/solidarmed_3303-1-scaled.jpg","datePublished":"2023-03-28T05:00:00+00:00","dateModified":"2024-03-25T14:26:59+00:00","description":"Solidarmed migliora l'accesso all'assistenza sanitaria in diversi Paesi africani. Christian Heuss sulla lotta contro l'HIV e le gravidanze adolescenziali.","breadcrumb":{"@id":"https:\/\/www.deinadieu.ch\/it\/questa-ingiustizia-mi-spinge-personalmente\/#breadcrumb"},"inLanguage":"it-IT","potentialAction":[{"@type":"ReadAction","target":["https:\/\/www.deinadieu.ch\/it\/questa-ingiustizia-mi-spinge-personalmente\/"]}]},{"@type":"ImageObject","inLanguage":"it-IT","@id":"https:\/\/www.deinadieu.ch\/it\/questa-ingiustizia-mi-spinge-personalmente\/#primaryimage","url":"https:\/\/www.deinadieu.ch\/wp-content\/uploads\/2023\/03\/solidarmed_3303-1-scaled.jpg","contentUrl":"https:\/\/www.deinadieu.ch\/wp-content\/uploads\/2023\/03\/solidarmed_3303-1-scaled.jpg","width":2560,"height":1706,"caption":"Christian Heuss, responsabile della raccolta fondi e della comunicazione di SolidarMed (Foto: Djamila Grossman)"},{"@type":"BreadcrumbList","@id":"https:\/\/www.deinadieu.ch\/it\/questa-ingiustizia-mi-spinge-personalmente\/#breadcrumb","itemListElement":[{"@type":"ListItem","position":1,"name":"Home","item":"https:\/\/www.deinadieu.ch\/it\/deinadieu-dialog-und-serviceportal-zum-lebensende\/"},{"@type":"ListItem","position":2,"name":"&#8220;Questa ingiustizia mi spinge personalmente&#8221;."}]},{"@type":"WebSite","@id":"https:\/\/www.deinadieu.ch\/it\/#website","url":"https:\/\/www.deinadieu.ch\/it\/","name":"DeinAdieu.ch","description":"Testament, Patientenverf\u00fcgung und Vorsorgeauftrag","publisher":{"@id":"https:\/\/www.deinadieu.ch\/it\/#organization"},"potentialAction":[{"@type":"SearchAction","target":{"@type":"EntryPoint","urlTemplate":"https:\/\/www.deinadieu.ch\/it\/?s={search_term_string}"},"query-input":{"@type":"PropertyValueSpecification","valueRequired":true,"valueName":"search_term_string"}}],"inLanguage":"it-IT"},{"@type":"Organization","@id":"https:\/\/www.deinadieu.ch\/it\/#organization","name":"EMNA Web GmbH","url":"https:\/\/www.deinadieu.ch\/it\/","logo":{"@type":"ImageObject","inLanguage":"it-IT","@id":"https:\/\/www.deinadieu.ch\/it\/#\/schema\/logo\/image\/","url":"https:\/\/www.deinadieu.ch\/wp-content\/uploads\/2016\/01\/DeinAdieu_Logo.png","contentUrl":"https:\/\/www.deinadieu.ch\/wp-content\/uploads\/2016\/01\/DeinAdieu_Logo.png","width":300,"height":117,"caption":"EMNA Web GmbH"},"image":{"@id":"https:\/\/www.deinadieu.ch\/it\/#\/schema\/logo\/image\/"},"sameAs":["https:\/\/www.facebook.com\/deinadieu","https:\/\/x.com\/DeinAdieu","https:\/\/www.instagram.com\/deinadieu\/","https:\/\/www.linkedin.com\/company\/deinadieu.ch"]},{"@type":"Person","@id":"https:\/\/www.deinadieu.ch\/it\/#\/schema\/person\/78cffe1cb679e17f919e3d0c0e7b9673","name":"Janina Gehrig, MA UZH, Redaktorin","image":{"@type":"ImageObject","inLanguage":"it-IT","@id":"https:\/\/secure.gravatar.com\/avatar\/8bfc4dca12cd7c0a0373c12f34587d1f6a6117903e7ecc0035863bd69df6fb07?s=96&d=mm&r=g","url":"https:\/\/secure.gravatar.com\/avatar\/8bfc4dca12cd7c0a0373c12f34587d1f6a6117903e7ecc0035863bd69df6fb07?s=96&d=mm&r=g","contentUrl":"https:\/\/secure.gravatar.com\/avatar\/8bfc4dca12cd7c0a0373c12f34587d1f6a6117903e7ecc0035863bd69df6fb07?s=96&d=mm&r=g","caption":"Janina Gehrig, MA UZH, Redaktorin"},"url":"https:\/\/www.deinadieu.ch\/it\/author\/janinagehrig\/"}]}},"_links":{"self":[{"href":"https:\/\/www.deinadieu.ch\/it\/wp-json\/wp\/v2\/posts\/62803","targetHints":{"allow":["GET"]}}],"collection":[{"href":"https:\/\/www.deinadieu.ch\/it\/wp-json\/wp\/v2\/posts"}],"about":[{"href":"https:\/\/www.deinadieu.ch\/it\/wp-json\/wp\/v2\/types\/post"}],"author":[{"embeddable":true,"href":"https:\/\/www.deinadieu.ch\/it\/wp-json\/wp\/v2\/users\/6028"}],"replies":[{"embeddable":true,"href":"https:\/\/www.deinadieu.ch\/it\/wp-json\/wp\/v2\/comments?post=62803"}],"version-history":[{"count":4,"href":"https:\/\/www.deinadieu.ch\/it\/wp-json\/wp\/v2\/posts\/62803\/revisions"}],"predecessor-version":[{"id":67208,"href":"https:\/\/www.deinadieu.ch\/it\/wp-json\/wp\/v2\/posts\/62803\/revisions\/67208"}],"wp:featuredmedia":[{"embeddable":true,"href":"https:\/\/www.deinadieu.ch\/it\/wp-json\/wp\/v2\/media\/62563"}],"wp:attachment":[{"href":"https:\/\/www.deinadieu.ch\/it\/wp-json\/wp\/v2\/media?parent=62803"}],"wp:term":[{"taxonomy":"category","embeddable":true,"href":"https:\/\/www.deinadieu.ch\/it\/wp-json\/wp\/v2\/categories?post=62803"},{"taxonomy":"post_tag","embeddable":true,"href":"https:\/\/www.deinadieu.ch\/it\/wp-json\/wp\/v2\/tags?post=62803"}],"curies":[{"name":"wp","href":"https:\/\/api.w.org\/{rel}","templated":true}]}}