{"id":61966,"date":"2023-02-21T07:07:00","date_gmt":"2023-02-21T06:07:00","guid":{"rendered":"https:\/\/www.deinadieu.ch\/?p=61966"},"modified":"2023-07-04T11:07:22","modified_gmt":"2023-07-04T09:07:22","slug":"il-cuore-di-un-orso-per-gli-animali","status":"publish","type":"post","link":"https:\/\/www.deinadieu.ch\/it\/il-cuore-di-un-orso-per-gli-animali\/","title":{"rendered":"Il cuore di un orso per gli animali"},"content":{"rendered":"\n<p>Christoph Maurer \u00e8 impegnato da molti anni con Vier Pfoten come volontario. Lui e sua moglie hanno anche incluso nel testamento l&#8217;organizzazione per la protezione degli animali, in modo che Vier Pfoten possa continuare a migliorare le condizioni di vita degli animali. Oltre al sostegno finanziario, il donatore lascia in eredit\u00e0 anche il suo rispetto per gli animali. Arosa B\u00e4renland \u00e8 il progetto Vier Pfoten preferito da Maurer: Il santuario offre agli orsi salvati una nuova casa.<\/p>\n\n<!--more-->\n\n<p>&#8220;Ci vogliono persone che si impegnano per gli animali con passione e gioia. Vier Pfoten mi convince perch\u00e9 questa seria organizzazione \u00e8 attiva in tutto il mondo e ha al suo attivo molti successi nella protezione degli animali. Conosco personalmente molti dipendenti di Vier Pfoten&#8221;, afferma Christoph Maurer. L&#8217;<strong>impegno della 56enne zurighese \u00e8 multiforme<\/strong>: incarichi regolari presso il vicino rifugio per animali, sensibilizzazione e raccolta di firme in occasione di campagne di stand di organizzazioni per la protezione degli animali, volontariato ad Arosa B\u00e4renland o alla fiera canina di Winterthur. Christoph Maurer si impegna per il benessere degli animali insieme alla moglie Sabine. I <strong>due hanno incluso Vier Pfoten e altre organizzazioni per la protezione degli animali nei loro testamenti<\/strong>; inoltre, da molti anni sostengono i progetti e le campagne di queste organizzazioni con donazioni regolari.<\/p>\n\n<h2 class=\"wp-block-heading\">Considerare il benessere degli animali nel testamento<\/h2>\n\n<div class=\"wp-block-buttons is-layout-flex wp-block-buttons-is-layout-flex\"><\/div>\n\n<p>Christoph e Sabine Maurer hanno <a href=\"https:\/\/app.deinadieu.ch\/da\/testament\/7385\">incluso Vier Pfoten nel loro testamento<\/a>:<strong>&#8220;Poich\u00e9 non abbiamo figli, \u00e8 stato ovvio per noi lasciare in eredit\u00e0 a organizzazioni di beneficenza<\/strong>. A una certa et\u00e0 si deve fare i conti con la propria eredit\u00e0, che lo si voglia o no&#8221;, dice Maurer. Anche se si preferisce sopprimere il pensiero della morte, qualcosa pu\u00f2 sempre accadere. Ecco perch\u00e9 Maurer raccomanda di <strong><a href=\"https:\/\/www.deinadieu.ch\/it\/testamento\/\">scrivere il proprio testamento<\/a> il prima possibile<\/strong>: &#8220;Le associazioni di beneficenza possono fare la differenza solo se ricevono un sostegno finanziario&#8221;, afferma. All&#8217;et\u00e0 di 50 anni, Christoph Maurer e sua moglie hanno redatto il loro testamento e si sono rivolti a chi avrebbero voluto sostenere al di l\u00e0 della loro vita: &#8220;Non importa quale organizzazione si sostenga, basta che sia adatta a voi. <strong>Credo che sia importante impegnarsi in un&#8217;organizzazione finch\u00e9 si \u00e8 ancora vivi.<\/strong>sia attraverso donazioni o volontariato&#8221;. Con il proprio <a href=\"https:\/\/www.deinadieu.ch\/it\/eredita-legato\/\">Legato<\/a> per Vier Pfoten, i Maurer possono anche lasciare in eredit\u00e0 valori ideali e trasmettere un trattamento dignitoso degli animali: &#8220;La societ\u00e0 deve avere molto pi\u00f9 rispetto per gli animali&#8221;, dice Maurer.<\/p>\n\n<figure class=\"wp-block-image size-large\"><img loading=\"lazy\" decoding=\"async\" width=\"1024\" height=\"683\" src=\"https:\/\/www.deinadieu.ch\/wp-content\/uploads\/2023\/02\/unknown-2-1-1024x683.jpg\" alt=\"\" class=\"wp-image-61686\" srcset=\"https:\/\/www.deinadieu.ch\/wp-content\/uploads\/2023\/02\/unknown-2-1-1024x683.jpg 1024w, https:\/\/www.deinadieu.ch\/wp-content\/uploads\/2023\/02\/unknown-2-1-300x200.jpg 300w, https:\/\/www.deinadieu.ch\/wp-content\/uploads\/2023\/02\/unknown-2-1-1536x1024.jpg 1536w, https:\/\/www.deinadieu.ch\/wp-content\/uploads\/2023\/02\/unknown-2-1-2048x1365.jpg 2048w\" sizes=\"auto, (max-width: 1024px) 100vw, 1024px\" \/><figcaption class=\"wp-element-caption\">I giganti di pelo marrone sono particolarmente vicini al cuore di Christoph Maurer. Arosa B\u00e4renland \u00e8 il suo progetto di Vier Pfoten preferito.<\/figcaption><\/figure>\n\n<h2 class=\"wp-block-heading\" id=\"h-wie-kommt-der-pelz-an-die-jacke\">Come fa la pelliccia a finire sulla giacca?<\/h2>\n\n<p>Informare ed educare: Questa \u00e8 la cosa pi\u00f9 importante. Christoph Maurer informa sulla produzione di pellicce presso gli stand o raccoglie firme per il divieto di importazione di foie gras e pellicce. Con questi argomenti, si tratta sempre di mostrare alla gente com&#8217;\u00e8 la realt\u00e0: &#8220;Non bisogna reinventare il mondo, ma continuare a far notare le condizioni insostenibili&#8221;. Anche molte persone sono a conoscenza della crudelt\u00e0 sugli animali, ma non vogliono ammetterlo&#8221;, sottolinea Maurer.<\/p>\n\n<p>Per <strong>realizzare queste campagne, denunciare gli abusi nell&#8217;allevamento e mostrare le alternative, Vier Pfoten si affida al lavoro dei volontari e al sostegno finanziario<\/strong>. Simone Bernet \u00e8 responsabile delle successioni e dei lasciti di Vier Pfoten: &#8220;Sempre pi\u00f9 persone <a href=\"https:\/\/app.deinadieu.ch\/da\/testament\/7385\">considerano la nostra organizzazione nel loro testamento<\/a>. Questo ci commuove, perch\u00e9 gran parte del nostro lavoro a livello mondiale \u00e8 possibile solo grazie a persone come Christoph Maurer che vogliono portare il loro amore per gli animali oltre la propria vita. <strong>Un&#8217;eredit\u00e0 o un lascito sono un grande segno di fiducia e un chiaro mandato a<\/strong> gestire il patrimonio in modo responsabile e attento, affinch\u00e9 i nostri valori condivisi per gli animali continuino a vivere. \u00c8 particolarmente bello incontrare di persona, persone cos\u00ec amanti degli animali. <\/p>\n\n<p>Attraverso il contatto che mantengo con questi donatori, si sviluppano bellissime relazioni caratterizzate da un amore unificante per gli animali. Perch\u00e9 il benessere degli animali funziona solo quando le persone lavorano insieme per esso, in linea con la visione di Vier Pfoten: Un mondo in cui trattiamo gli animali con rispetto, compassione e comprensione&#8221;, afferma Simone Bernet.<\/p>\n\n<figure class=\"wp-block-image size-large\"><img loading=\"lazy\" decoding=\"async\" width=\"1024\" height=\"1024\" src=\"https:\/\/www.deinadieu.ch\/wp-content\/uploads\/2023\/02\/unknown-3-2-1024x1024.jpg\" alt=\"\" class=\"wp-image-61696\" srcset=\"https:\/\/www.deinadieu.ch\/wp-content\/uploads\/2023\/02\/unknown-3-2-1024x1024.jpg 1024w, https:\/\/www.deinadieu.ch\/wp-content\/uploads\/2023\/02\/unknown-3-2-300x300.jpg 300w, https:\/\/www.deinadieu.ch\/wp-content\/uploads\/2023\/02\/unknown-3-2-150x150.jpg 150w, https:\/\/www.deinadieu.ch\/wp-content\/uploads\/2023\/02\/unknown-3-2-1536x1536.jpg 1536w, https:\/\/www.deinadieu.ch\/wp-content\/uploads\/2023\/02\/unknown-3-2-2048x2048.jpg 2048w\" sizes=\"auto, (max-width: 1024px) 100vw, 1024px\" \/><figcaption class=\"wp-element-caption\">&#8220;Un&#8217;eredit\u00e0 o un lascito sono un grande segno di fiducia e un chiaro mandato per noi a gestire l&#8217;eredit\u00e0 in modo responsabile e attento&#8221;, afferma Simone Bernet, responsabile delle eredit\u00e0 e dei lasciti presso Vier Pfoten.<\/figcaption><\/figure>\n\n<h2 class=\"wp-block-heading\">Sensibilizzazione al benessere degli animali con un costume da orso<\/h2>\n\n<p>Come oggetto di caccia, attrazione turistica o fonte di bile, gli orsi vengono ancora torturati e sfruttati in tutto il mondo. <strong>Vier Pfoten si impegna a tenere gli orsi in modo adeguato alla loro specie.<\/strong> I giganti di pelo marrone sono particolarmente vicini al cuore di Christoph Maurer. <a href=\"https:\/\/www.arosabaerenland.swiss\/\" target=\"_blank\" rel=\"noreferrer noopener\">Arosa B\u00e4renland<\/a> \u00e8 il suo progetto preferito: \u00e8 il primo santuario degli orsi in Svizzera e dal 2018 offre agli orsi una casa adeguata alla specie. <\/p>\n\n<p>Arosa B\u00e4renland \u00e8 un progetto congiunto di Vier Pfoten, Arosa Turismo e Arosa Bergbahnen. Il parco combina il benessere degli animali con il turismo e offre un&#8217;educazione in loco. Vier Pfoten ha salvato gli animali e ora li cura nel loro habitat naturale: gli orsi che prima dovevano andare in bicicletta in un circo o essere incatenati in un ristorante ora possono muoversi liberamente in un&#8217;area di tre ettari, imparare un comportamento naturale e sviluppare il loro istinto di orso. <\/p>\n\n<p><strong>Christoph Maurer e sua moglie hanno sottoscritto una sponsorizzazione per l&#8217;Arosa B\u00e4renland.<\/strong> Il loro orso sponsor simbolico \u00e8 l&#8217;orso Napa, ora scomparso. Per diversi giorni all&#8217;anno, il 56enne \u00e8 in servizio ad Arosa: in occasione di eventi familiari come la Giornata del futuro presso la sede di Vier Pfoten a Zurigo, delizia i bambini con un costume da orso, oppure fa girare la ruota della fortuna alle lotterie di Arosa B\u00e4renland. In questo modo, pu\u00f2 sensibilizzare anche i visitatori pi\u00f9 giovani sulla necessit\u00e0 di trattare gli animali in modo adeguato alla loro specie.<\/p>\n\n<figure class=\"wp-block-image size-large\"><img loading=\"lazy\" decoding=\"async\" width=\"1024\" height=\"683\" src=\"https:\/\/www.deinadieu.ch\/wp-content\/uploads\/2023\/02\/unknown-4-1-1024x683.jpg\" alt=\"\" class=\"wp-image-61704\" srcset=\"https:\/\/www.deinadieu.ch\/wp-content\/uploads\/2023\/02\/unknown-4-1-1024x683.jpg 1024w, https:\/\/www.deinadieu.ch\/wp-content\/uploads\/2023\/02\/unknown-4-1-300x200.jpg 300w, https:\/\/www.deinadieu.ch\/wp-content\/uploads\/2023\/02\/unknown-4-1-1536x1024.jpg 1536w, https:\/\/www.deinadieu.ch\/wp-content\/uploads\/2023\/02\/unknown-4-1-2048x1365.jpg 2048w\" sizes=\"auto, (max-width: 1024px) 100vw, 1024px\" \/><figcaption class=\"wp-element-caption\">Il gatto Momo, proveniente dal rifugio per animali, vive con Christoph Maurer e sua moglie. Ma Momo \u00e8 troppo timido per il servizio fotografico.<\/figcaption><\/figure>\n\n<h2 class=\"wp-block-heading\">&#8220;Perch\u00e9 non sosteniamo un rifugio per animali?&#8221;.<\/h2>\n\n<p>Il desiderio di aiutare gli animali \u00e8 nato spontaneamente per Christoph Maurer: Vicino a casa sua c&#8217;\u00e8 un rifugio per animali. &#8220;Potremmo sostenere questo rifugio per animali&#8221;, hanno pensato Christoph e sua moglie. <strong>Ogni settimana aiutano a portare a spasso i cani, a fare le pulizie o a giocare con i gatti.<\/strong> I coniugi Maurer hanno un loro gatto, Momo, proveniente da un rifugio per animali. &#8220;Il nostro desiderio pi\u00f9 grande \u00e8 quello di tenere un cane&#8221;, dice Christoph Maurer. Va da s\u00e9 che anche questo proviene dal rifugio per animali. Ma i Maurer dovranno avere pazienza: Un cane non \u00e8 realistico fino alla pensione, dato che entrambi lavorano a tempo pieno e nel tempo libero sono regolarmente impegnati nella protezione degli animali.<\/p>\n\n<figure class=\"wp-block-image size-large\"><img loading=\"lazy\" decoding=\"async\" width=\"1024\" height=\"818\" src=\"https:\/\/www.deinadieu.ch\/wp-content\/uploads\/2023\/02\/unknown-5-1024x818.jpg\" alt=\"\" class=\"wp-image-61710\" srcset=\"https:\/\/www.deinadieu.ch\/wp-content\/uploads\/2023\/02\/unknown-5-1024x818.jpg 1024w, https:\/\/www.deinadieu.ch\/wp-content\/uploads\/2023\/02\/unknown-5-300x240.jpg 300w, https:\/\/www.deinadieu.ch\/wp-content\/uploads\/2023\/02\/unknown-5-1536x1227.jpg 1536w, https:\/\/www.deinadieu.ch\/wp-content\/uploads\/2023\/02\/unknown-5.jpg 2048w\" sizes=\"auto, (max-width: 1024px) 100vw, 1024px\" \/><figcaption class=\"wp-element-caption\">Christoph Maurer con i dipendenti di Vier Pfoten durante una lotteria ad Arosa B\u00e4renland. (Foto: Vier Pfoten)<\/figcaption><\/figure>\n\n<div style=\"height:100px\" aria-hidden=\"true\" class=\"wp-block-spacer\"><\/div>\n\n<div class=\"wp-block-buttons is-layout-flex wp-block-buttons-is-layout-flex\">\n<div class=\"wp-block-button\"><a class=\"wp-block-button__link wp-element-button\" href=\"https:\/\/app.deinadieu.ch\/da\/testament\/7385\">Considerare i Quattro Zampe nel testamento<\/a><\/div>\n<\/div>\n","protected":false},"excerpt":{"rendered":"<p>Christoph Maurer \u00e8 impegnato da molti anni con Vier Pfoten come volontario. Lui e sua moglie hanno anche incluso nel testamento l&#8217;organizzazione per la protezione degli animali, in modo che Vier Pfoten possa continuare a migliorare le condizioni di vita degli animali. Oltre al sostegno finanziario, il donatore lascia in eredit\u00e0 anche il suo rispetto [&hellip;]<\/p>\n","protected":false},"author":6038,"featured_media":61719,"comment_status":"open","ping_status":"closed","sticky":false,"template":"","format":"standard","meta":{"_acf_changed":false,"footnotes":""},"categories":[2474],"tags":[2522,2906,3160,2572,2574,2563],"class_list":["post-61966","post","type-post","status-publish","format-standard","has-post-thumbnail","hentry","category-opere-caritative","tag-cosa-puo-fare-la-mia-eredita","tag-organizzazione-senza-scopo-di-lucro","tag-organizzazioni-di-aiuto","tag-protezione-degli-animali","tag-rifugio-per-animali","tag-testimonianza"],"acf":[],"yoast_head":"<title>Associazione Vier Pfoten: Il cuore di un orso per gli animali | DeinAdieu.ch<\/title>\n<meta name=\"description\" content=\"Unser Blog portr\u00e4tiert Professionals, Betroffene und Angeh\u00f6rige rund um die Themen Selbstbestimmung, dritter Lebensabschnitt, Vorsorge und Testamentspende zugunsten eines Hilfswerks.\" \/>\n<meta name=\"robots\" content=\"index, follow, max-snippet:-1, max-image-preview:large, max-video-preview:-1\" \/>\n<link rel=\"canonical\" href=\"https:\/\/www.deinadieu.ch\/it\/il-cuore-di-un-orso-per-gli-animali\/\" \/>\n<meta property=\"og:locale\" content=\"it_IT\" \/>\n<meta property=\"og:type\" content=\"article\" \/>\n<meta property=\"og:title\" content=\"Il cuore di un orso per gli animali\" \/>\n<meta property=\"og:description\" content=\"Christoph Maurer \u00e8 impegnato da molti anni con Vier Pfoten come volontario. Lui e sua moglie hanno anche incluso nel testamento l&#039;organizzazione per la\" \/>\n<meta property=\"og:url\" content=\"https:\/\/www.deinadieu.ch\/it\/il-cuore-di-un-orso-per-gli-animali\/\" \/>\n<meta property=\"og:site_name\" content=\"DeinAdieu.ch\" \/>\n<meta property=\"article:publisher\" content=\"https:\/\/www.facebook.com\/deinadieu\" \/>\n<meta property=\"article:published_time\" content=\"2023-02-21T06:07:00+00:00\" \/>\n<meta property=\"article:modified_time\" content=\"2023-07-04T09:07:22+00:00\" \/>\n<meta property=\"og:image\" content=\"https:\/\/static.deinadieu.ch\/uploads\/2023\/02\/unknown-6-scaled.jpg\" \/>\n\t<meta property=\"og:image:width\" content=\"2560\" \/>\n\t<meta property=\"og:image:height\" content=\"1707\" \/>\n\t<meta property=\"og:image:type\" content=\"image\/jpeg\" \/>\n<meta name=\"author\" content=\"Sabrina Rohner\" \/>\n<meta name=\"twitter:card\" content=\"summary_large_image\" \/>\n<meta name=\"twitter:creator\" content=\"@DeinAdieu\" \/>\n<meta name=\"twitter:site\" content=\"@DeinAdieu\" \/>\n<meta name=\"twitter:label1\" content=\"Written by\" \/>\n\t<meta name=\"twitter:data1\" content=\"Sabrina Rohner\" \/>\n\t<meta name=\"twitter:label2\" content=\"Est. reading time\" \/>\n\t<meta name=\"twitter:data2\" content=\"6 minutes\" \/>\n<script type=\"application\/ld+json\" class=\"yoast-schema-graph\">{\"@context\":\"https:\\\/\\\/schema.org\",\"@graph\":[{\"@type\":\"Article\",\"@id\":\"https:\\\/\\\/www.deinadieu.ch\\\/it\\\/il-cuore-di-un-orso-per-gli-animali\\\/#article\",\"isPartOf\":{\"@id\":\"https:\\\/\\\/www.deinadieu.ch\\\/it\\\/il-cuore-di-un-orso-per-gli-animali\\\/\"},\"author\":{\"name\":\"Sabrina Rohner\",\"@id\":\"https:\\\/\\\/www.deinadieu.ch\\\/it\\\/#\\\/schema\\\/person\\\/ad724a53f7e50dd3866fc9b0fc6bbdd9\"},\"headline\":\"Il cuore di un orso per gli animali\",\"datePublished\":\"2023-02-21T06:07:00+00:00\",\"dateModified\":\"2023-07-04T09:07:22+00:00\",\"mainEntityOfPage\":{\"@id\":\"https:\\\/\\\/www.deinadieu.ch\\\/it\\\/il-cuore-di-un-orso-per-gli-animali\\\/\"},\"wordCount\":1165,\"commentCount\":0,\"publisher\":{\"@id\":\"https:\\\/\\\/www.deinadieu.ch\\\/it\\\/#organization\"},\"image\":{\"@id\":\"https:\\\/\\\/www.deinadieu.ch\\\/it\\\/il-cuore-di-un-orso-per-gli-animali\\\/#primaryimage\"},\"thumbnailUrl\":\"https:\\\/\\\/www.deinadieu.ch\\\/wp-content\\\/uploads\\\/2023\\\/02\\\/unknown-6-scaled.jpg\",\"keywords\":[\"Cosa pu\u00f2 fare la mia eredit\u00e0?\",\"Organizzazione senza scopo di lucro\",\"Organizzazioni di aiuto\",\"Protezione degli animali\",\"Rifugio per animali\",\"Testimonianza\"],\"articleSection\":[\"Focus sulle opere caritative\"],\"inLanguage\":\"it-IT\",\"potentialAction\":[{\"@type\":\"CommentAction\",\"name\":\"Comment\",\"target\":[\"https:\\\/\\\/www.deinadieu.ch\\\/it\\\/il-cuore-di-un-orso-per-gli-animali\\\/#respond\"]}]},{\"@type\":\"WebPage\",\"@id\":\"https:\\\/\\\/www.deinadieu.ch\\\/it\\\/il-cuore-di-un-orso-per-gli-animali\\\/\",\"url\":\"https:\\\/\\\/www.deinadieu.ch\\\/it\\\/il-cuore-di-un-orso-per-gli-animali\\\/\",\"name\":\"Associazione Vier Pfoten: Il cuore di un orso per gli animali | DeinAdieu.ch\",\"isPartOf\":{\"@id\":\"https:\\\/\\\/www.deinadieu.ch\\\/it\\\/#website\"},\"primaryImageOfPage\":{\"@id\":\"https:\\\/\\\/www.deinadieu.ch\\\/it\\\/il-cuore-di-un-orso-per-gli-animali\\\/#primaryimage\"},\"image\":{\"@id\":\"https:\\\/\\\/www.deinadieu.ch\\\/it\\\/il-cuore-di-un-orso-per-gli-animali\\\/#primaryimage\"},\"thumbnailUrl\":\"https:\\\/\\\/www.deinadieu.ch\\\/wp-content\\\/uploads\\\/2023\\\/02\\\/unknown-6-scaled.jpg\",\"datePublished\":\"2023-02-21T06:07:00+00:00\",\"dateModified\":\"2023-07-04T09:07:22+00:00\",\"description\":\"Unser Blog portr\u00e4tiert Professionals, Betroffene und Angeh\u00f6rige rund um die Themen Selbstbestimmung, dritter Lebensabschnitt, Vorsorge und Testamentspende zugunsten eines Hilfswerks.\",\"breadcrumb\":{\"@id\":\"https:\\\/\\\/www.deinadieu.ch\\\/it\\\/il-cuore-di-un-orso-per-gli-animali\\\/#breadcrumb\"},\"inLanguage\":\"it-IT\",\"potentialAction\":[{\"@type\":\"ReadAction\",\"target\":[\"https:\\\/\\\/www.deinadieu.ch\\\/it\\\/il-cuore-di-un-orso-per-gli-animali\\\/\"]}]},{\"@type\":\"ImageObject\",\"inLanguage\":\"it-IT\",\"@id\":\"https:\\\/\\\/www.deinadieu.ch\\\/it\\\/il-cuore-di-un-orso-per-gli-animali\\\/#primaryimage\",\"url\":\"https:\\\/\\\/www.deinadieu.ch\\\/wp-content\\\/uploads\\\/2023\\\/02\\\/unknown-6-scaled.jpg\",\"contentUrl\":\"https:\\\/\\\/www.deinadieu.ch\\\/wp-content\\\/uploads\\\/2023\\\/02\\\/unknown-6-scaled.jpg\",\"width\":2560,\"height\":1707,\"caption\":\"\u00abGli enti di beneficenza possono fare la differenza solo se ricevono un sostegno finanziario\u00bb, afferma il donatore Christoph Maurer. (Foto: Djamila Grossman)\"},{\"@type\":\"BreadcrumbList\",\"@id\":\"https:\\\/\\\/www.deinadieu.ch\\\/it\\\/il-cuore-di-un-orso-per-gli-animali\\\/#breadcrumb\",\"itemListElement\":[{\"@type\":\"ListItem\",\"position\":1,\"name\":\"Home\",\"item\":\"https:\\\/\\\/www.deinadieu.ch\\\/it\\\/deinadieu-dialog-und-serviceportal-zum-lebensende\\\/\"},{\"@type\":\"ListItem\",\"position\":2,\"name\":\"Il cuore di un orso per gli animali\"}]},{\"@type\":\"WebSite\",\"@id\":\"https:\\\/\\\/www.deinadieu.ch\\\/it\\\/#website\",\"url\":\"https:\\\/\\\/www.deinadieu.ch\\\/it\\\/\",\"name\":\"DeinAdieu.ch\",\"description\":\"Testament, Patientenverf\u00fcgung und Vorsorgeauftrag\",\"publisher\":{\"@id\":\"https:\\\/\\\/www.deinadieu.ch\\\/it\\\/#organization\"},\"potentialAction\":[{\"@type\":\"SearchAction\",\"target\":{\"@type\":\"EntryPoint\",\"urlTemplate\":\"https:\\\/\\\/www.deinadieu.ch\\\/it\\\/?s={search_term_string}\"},\"query-input\":{\"@type\":\"PropertyValueSpecification\",\"valueRequired\":true,\"valueName\":\"search_term_string\"}}],\"inLanguage\":\"it-IT\"},{\"@type\":\"Organization\",\"@id\":\"https:\\\/\\\/www.deinadieu.ch\\\/it\\\/#organization\",\"name\":\"EMNA Web GmbH\",\"url\":\"https:\\\/\\\/www.deinadieu.ch\\\/it\\\/\",\"logo\":{\"@type\":\"ImageObject\",\"inLanguage\":\"it-IT\",\"@id\":\"https:\\\/\\\/www.deinadieu.ch\\\/it\\\/#\\\/schema\\\/logo\\\/image\\\/\",\"url\":\"https:\\\/\\\/www.deinadieu.ch\\\/wp-content\\\/uploads\\\/2016\\\/01\\\/DeinAdieu_Logo.png\",\"contentUrl\":\"https:\\\/\\\/www.deinadieu.ch\\\/wp-content\\\/uploads\\\/2016\\\/01\\\/DeinAdieu_Logo.png\",\"width\":300,\"height\":117,\"caption\":\"EMNA Web GmbH\"},\"image\":{\"@id\":\"https:\\\/\\\/www.deinadieu.ch\\\/it\\\/#\\\/schema\\\/logo\\\/image\\\/\"},\"sameAs\":[\"https:\\\/\\\/www.facebook.com\\\/deinadieu\",\"https:\\\/\\\/x.com\\\/DeinAdieu\",\"https:\\\/\\\/www.instagram.com\\\/deinadieu\\\/\",\"https:\\\/\\\/www.linkedin.com\\\/company\\\/deinadieu.ch\"]},{\"@type\":\"Person\",\"@id\":\"https:\\\/\\\/www.deinadieu.ch\\\/it\\\/#\\\/schema\\\/person\\\/ad724a53f7e50dd3866fc9b0fc6bbdd9\",\"name\":\"Sabrina Rohner\",\"image\":{\"@type\":\"ImageObject\",\"inLanguage\":\"it-IT\",\"@id\":\"https:\\\/\\\/secure.gravatar.com\\\/avatar\\\/c72cef3c7bba2e19d98358a63ff805dbe088a70fb947d10024d669ded777102d?s=96&d=mm&r=g\",\"url\":\"https:\\\/\\\/secure.gravatar.com\\\/avatar\\\/c72cef3c7bba2e19d98358a63ff805dbe088a70fb947d10024d669ded777102d?s=96&d=mm&r=g\",\"contentUrl\":\"https:\\\/\\\/secure.gravatar.com\\\/avatar\\\/c72cef3c7bba2e19d98358a63ff805dbe088a70fb947d10024d669ded777102d?s=96&d=mm&r=g\",\"caption\":\"Sabrina Rohner\"},\"url\":\"https:\\\/\\\/www.deinadieu.ch\\\/it\\\/author\\\/sabrina-rohnergmail-com\\\/\"}]}<\/script>","yoast_head_json":{"title":"Associazione Vier Pfoten: Il cuore di un orso per gli animali | DeinAdieu.ch","description":"Unser Blog portr\u00e4tiert Professionals, Betroffene und Angeh\u00f6rige rund um die Themen Selbstbestimmung, dritter Lebensabschnitt, Vorsorge und Testamentspende zugunsten eines Hilfswerks.","robots":{"index":"index","follow":"follow","max-snippet":"max-snippet:-1","max-image-preview":"max-image-preview:large","max-video-preview":"max-video-preview:-1"},"canonical":"https:\/\/www.deinadieu.ch\/it\/il-cuore-di-un-orso-per-gli-animali\/","og_locale":"it_IT","og_type":"article","og_title":"Il cuore di un orso per gli animali","og_description":"Christoph Maurer \u00e8 impegnato da molti anni con Vier Pfoten come volontario. Lui e sua moglie hanno anche incluso nel testamento l'organizzazione per la","og_url":"https:\/\/www.deinadieu.ch\/it\/il-cuore-di-un-orso-per-gli-animali\/","og_site_name":"DeinAdieu.ch","article_publisher":"https:\/\/www.facebook.com\/deinadieu","article_published_time":"2023-02-21T06:07:00+00:00","article_modified_time":"2023-07-04T09:07:22+00:00","og_image":[{"width":2560,"height":1707,"url":"https:\/\/static.deinadieu.ch\/uploads\/2023\/02\/unknown-6-scaled.jpg","type":"image\/jpeg"}],"author":"Sabrina Rohner","twitter_card":"summary_large_image","twitter_creator":"@DeinAdieu","twitter_site":"@DeinAdieu","twitter_misc":{"Written by":"Sabrina Rohner","Est. reading time":"6 minutes"},"schema":{"@context":"https:\/\/schema.org","@graph":[{"@type":"Article","@id":"https:\/\/www.deinadieu.ch\/it\/il-cuore-di-un-orso-per-gli-animali\/#article","isPartOf":{"@id":"https:\/\/www.deinadieu.ch\/it\/il-cuore-di-un-orso-per-gli-animali\/"},"author":{"name":"Sabrina Rohner","@id":"https:\/\/www.deinadieu.ch\/it\/#\/schema\/person\/ad724a53f7e50dd3866fc9b0fc6bbdd9"},"headline":"Il cuore di un orso per gli animali","datePublished":"2023-02-21T06:07:00+00:00","dateModified":"2023-07-04T09:07:22+00:00","mainEntityOfPage":{"@id":"https:\/\/www.deinadieu.ch\/it\/il-cuore-di-un-orso-per-gli-animali\/"},"wordCount":1165,"commentCount":0,"publisher":{"@id":"https:\/\/www.deinadieu.ch\/it\/#organization"},"image":{"@id":"https:\/\/www.deinadieu.ch\/it\/il-cuore-di-un-orso-per-gli-animali\/#primaryimage"},"thumbnailUrl":"https:\/\/www.deinadieu.ch\/wp-content\/uploads\/2023\/02\/unknown-6-scaled.jpg","keywords":["Cosa pu\u00f2 fare la mia eredit\u00e0?","Organizzazione senza scopo di lucro","Organizzazioni di aiuto","Protezione degli animali","Rifugio per animali","Testimonianza"],"articleSection":["Focus sulle opere caritative"],"inLanguage":"it-IT","potentialAction":[{"@type":"CommentAction","name":"Comment","target":["https:\/\/www.deinadieu.ch\/it\/il-cuore-di-un-orso-per-gli-animali\/#respond"]}]},{"@type":"WebPage","@id":"https:\/\/www.deinadieu.ch\/it\/il-cuore-di-un-orso-per-gli-animali\/","url":"https:\/\/www.deinadieu.ch\/it\/il-cuore-di-un-orso-per-gli-animali\/","name":"Associazione Vier Pfoten: Il cuore di un orso per gli animali | DeinAdieu.ch","isPartOf":{"@id":"https:\/\/www.deinadieu.ch\/it\/#website"},"primaryImageOfPage":{"@id":"https:\/\/www.deinadieu.ch\/it\/il-cuore-di-un-orso-per-gli-animali\/#primaryimage"},"image":{"@id":"https:\/\/www.deinadieu.ch\/it\/il-cuore-di-un-orso-per-gli-animali\/#primaryimage"},"thumbnailUrl":"https:\/\/www.deinadieu.ch\/wp-content\/uploads\/2023\/02\/unknown-6-scaled.jpg","datePublished":"2023-02-21T06:07:00+00:00","dateModified":"2023-07-04T09:07:22+00:00","description":"Unser Blog portr\u00e4tiert Professionals, Betroffene und Angeh\u00f6rige rund um die Themen Selbstbestimmung, dritter Lebensabschnitt, Vorsorge und Testamentspende zugunsten eines Hilfswerks.","breadcrumb":{"@id":"https:\/\/www.deinadieu.ch\/it\/il-cuore-di-un-orso-per-gli-animali\/#breadcrumb"},"inLanguage":"it-IT","potentialAction":[{"@type":"ReadAction","target":["https:\/\/www.deinadieu.ch\/it\/il-cuore-di-un-orso-per-gli-animali\/"]}]},{"@type":"ImageObject","inLanguage":"it-IT","@id":"https:\/\/www.deinadieu.ch\/it\/il-cuore-di-un-orso-per-gli-animali\/#primaryimage","url":"https:\/\/www.deinadieu.ch\/wp-content\/uploads\/2023\/02\/unknown-6-scaled.jpg","contentUrl":"https:\/\/www.deinadieu.ch\/wp-content\/uploads\/2023\/02\/unknown-6-scaled.jpg","width":2560,"height":1707,"caption":"\u00abGli enti di beneficenza possono fare la differenza solo se ricevono un sostegno finanziario\u00bb, afferma il donatore Christoph Maurer. (Foto: Djamila Grossman)"},{"@type":"BreadcrumbList","@id":"https:\/\/www.deinadieu.ch\/it\/il-cuore-di-un-orso-per-gli-animali\/#breadcrumb","itemListElement":[{"@type":"ListItem","position":1,"name":"Home","item":"https:\/\/www.deinadieu.ch\/it\/deinadieu-dialog-und-serviceportal-zum-lebensende\/"},{"@type":"ListItem","position":2,"name":"Il cuore di un orso per gli animali"}]},{"@type":"WebSite","@id":"https:\/\/www.deinadieu.ch\/it\/#website","url":"https:\/\/www.deinadieu.ch\/it\/","name":"DeinAdieu.ch","description":"Testament, Patientenverf\u00fcgung und Vorsorgeauftrag","publisher":{"@id":"https:\/\/www.deinadieu.ch\/it\/#organization"},"potentialAction":[{"@type":"SearchAction","target":{"@type":"EntryPoint","urlTemplate":"https:\/\/www.deinadieu.ch\/it\/?s={search_term_string}"},"query-input":{"@type":"PropertyValueSpecification","valueRequired":true,"valueName":"search_term_string"}}],"inLanguage":"it-IT"},{"@type":"Organization","@id":"https:\/\/www.deinadieu.ch\/it\/#organization","name":"EMNA Web GmbH","url":"https:\/\/www.deinadieu.ch\/it\/","logo":{"@type":"ImageObject","inLanguage":"it-IT","@id":"https:\/\/www.deinadieu.ch\/it\/#\/schema\/logo\/image\/","url":"https:\/\/www.deinadieu.ch\/wp-content\/uploads\/2016\/01\/DeinAdieu_Logo.png","contentUrl":"https:\/\/www.deinadieu.ch\/wp-content\/uploads\/2016\/01\/DeinAdieu_Logo.png","width":300,"height":117,"caption":"EMNA Web GmbH"},"image":{"@id":"https:\/\/www.deinadieu.ch\/it\/#\/schema\/logo\/image\/"},"sameAs":["https:\/\/www.facebook.com\/deinadieu","https:\/\/x.com\/DeinAdieu","https:\/\/www.instagram.com\/deinadieu\/","https:\/\/www.linkedin.com\/company\/deinadieu.ch"]},{"@type":"Person","@id":"https:\/\/www.deinadieu.ch\/it\/#\/schema\/person\/ad724a53f7e50dd3866fc9b0fc6bbdd9","name":"Sabrina Rohner","image":{"@type":"ImageObject","inLanguage":"it-IT","@id":"https:\/\/secure.gravatar.com\/avatar\/c72cef3c7bba2e19d98358a63ff805dbe088a70fb947d10024d669ded777102d?s=96&d=mm&r=g","url":"https:\/\/secure.gravatar.com\/avatar\/c72cef3c7bba2e19d98358a63ff805dbe088a70fb947d10024d669ded777102d?s=96&d=mm&r=g","contentUrl":"https:\/\/secure.gravatar.com\/avatar\/c72cef3c7bba2e19d98358a63ff805dbe088a70fb947d10024d669ded777102d?s=96&d=mm&r=g","caption":"Sabrina Rohner"},"url":"https:\/\/www.deinadieu.ch\/it\/author\/sabrina-rohnergmail-com\/"}]}},"_links":{"self":[{"href":"https:\/\/www.deinadieu.ch\/it\/wp-json\/wp\/v2\/posts\/61966","targetHints":{"allow":["GET"]}}],"collection":[{"href":"https:\/\/www.deinadieu.ch\/it\/wp-json\/wp\/v2\/posts"}],"about":[{"href":"https:\/\/www.deinadieu.ch\/it\/wp-json\/wp\/v2\/types\/post"}],"author":[{"embeddable":true,"href":"https:\/\/www.deinadieu.ch\/it\/wp-json\/wp\/v2\/users\/6038"}],"replies":[{"embeddable":true,"href":"https:\/\/www.deinadieu.ch\/it\/wp-json\/wp\/v2\/comments?post=61966"}],"version-history":[{"count":2,"href":"https:\/\/www.deinadieu.ch\/it\/wp-json\/wp\/v2\/posts\/61966\/revisions"}],"predecessor-version":[{"id":64725,"href":"https:\/\/www.deinadieu.ch\/it\/wp-json\/wp\/v2\/posts\/61966\/revisions\/64725"}],"wp:featuredmedia":[{"embeddable":true,"href":"https:\/\/www.deinadieu.ch\/it\/wp-json\/wp\/v2\/media\/61719"}],"wp:attachment":[{"href":"https:\/\/www.deinadieu.ch\/it\/wp-json\/wp\/v2\/media?parent=61966"}],"wp:term":[{"taxonomy":"category","embeddable":true,"href":"https:\/\/www.deinadieu.ch\/it\/wp-json\/wp\/v2\/categories?post=61966"},{"taxonomy":"post_tag","embeddable":true,"href":"https:\/\/www.deinadieu.ch\/it\/wp-json\/wp\/v2\/tags?post=61966"}],"curies":[{"name":"wp","href":"https:\/\/api.w.org\/{rel}","templated":true}]}}