{"id":61964,"date":"2023-02-07T15:40:43","date_gmt":"2023-02-07T14:40:43","guid":{"rendered":"https:\/\/www.deinadieu.ch\/riequilibrare-il-corpo-e-lanima\/"},"modified":"2023-07-10T10:44:22","modified_gmt":"2023-07-10T08:44:22","slug":"riequilibrare-il-corpo-e-lanima","status":"publish","type":"post","link":"https:\/\/www.deinadieu.ch\/it\/riequilibrare-il-corpo-e-lanima\/","title":{"rendered":"Riequilibrare il corpo e l&#8217;anima"},"content":{"rendered":"\n<p>Un funambolo in equilibrio \u00e8 il marchio di Equilibrium: l&#8217;associazione per il superamento della depressione aiuta le persone colpite a ritrovare l&#8217;equilibrio. Da quasi trent&#8217;anni, l&#8217;associazione assiste su base volontaria le persone affette da depressione e i loro familiari. Il sostegno finanziario proveniente da testamenti e lasciti \u00e8 fondamentale per l&#8217;associazione di volontariato per realizzare progetti di auto-aiuto.<\/p>\n\n<!--more-->\n\n<p>&#8220;Improvvisamente non puoi pi\u00f9 volerlo&#8221;. Markus Zwicky, presidente onorario dell&#8217;associazione Equilibrium, riassume cos\u00ec la mancanza di slancio nella depressione. Zwicky \u00e8 presidente da quattro anni, ma \u00e8 impegnato con Equilibrium fin dalla fondazione dell&#8217;associazione, avvenuta quasi trent&#8217;anni fa. All&#8217;epoca non esistevano gruppi di auto-aiuto per le persone colpite. Il <strong>primo evento dell&#8217;associazione, dal tema &#8220;Depressione e auto-aiuto&#8221;, ha registrato una grande affluenza di malati e persone interessate<\/strong>. Nel frattempo, le persone parlano pi\u00f9 apertamente di malattie mentali e depressione e non sono pi\u00f9 costrette a curarsi da sole con alcol o tranquillanti. Ma la depressione \u00e8 ancora spesso equiparata al fallimento:<strong>&#8220;Pi\u00f9 popolare della depressione \u00e8 il termine burnout<\/strong>, che si suppone si riferisca a un rendimento eccessivo. <strong>Ma in realt\u00e0 il burnout \u00e8 semplicemente l&#8217;espressione maschilista per indicare la depressione da esaurimento<\/strong>&#8220;, afferma Markus Zwicky.<\/p>\n\n<h2 class=\"wp-block-heading\" id=\"h-aufklaren-und-das-verhullungstuch-heben\">Educare e sollevare il velo<\/h2>\n\n<p>In tutto il mondo, circa una persona su cinque soffre di depressione una volta nella vita e una su venti \u00e8 cronicamente depressa. L&#8217;<a href=\"https:\/\/www.deinadieu.ch\/hilfswerke\/equilibrium\/\">associazione Equilibrium<\/a> vuole eliminare il tab\u00f9 della depressione. Il fattore decisivo \u00e8 l&#8217;educazione: informare le persone sulla malattia e &#8220;sollevare con cura il velo&#8221;, come dice il presidente dell&#8217;associazione. <strong>Le persone, soprattutto le celebrit\u00e0, che parlano apertamente della loro malattia sono importanti. Questo &#8220;Outing&#8221; ha una funzione di modello di ruolo<\/strong>in modo che le persone colpite parlino di pi\u00f9 di come si sentono.<\/p>\n\n<p>Come si riconoscono le persone con disturbi mentali e come ci si comporta con loro? Anche l&#8217;associazione Equilibrium \u00e8 impegnata in questo senso: Come organizzazione di pazienti, collabora con il governo federale, il cantone e le assicurazioni sanitarie, oltre che con le aziende o le cliniche, e promuove progetti di sensibilizzazione sulla malattia mentale e di destigmatizzazione della depressione. Le campagne e la formazione nelle aziende forniscono le competenze necessarie. Soprattutto nella vita lavorativa, \u00e8 fondamentale affrontare le persone affette da depressione con sufficiente tempestivit\u00e0: Prima che sia troppo tardi, i supervisori e i responsabili delle risorse umane dovrebbero affrontare i sintomi psicologici, trovare soluzioni e indicare servizi come i gruppi di auto-aiuto.<\/p>\n\n<h2 class=\"wp-block-heading\">Gruppi di auto-aiuto: Le cure successive integrano la prevenzione<\/h2>\n\n<p><strong>Oltre alla prevenzione, per le malattie mentali \u00e8 importante anche la cura successiva<\/strong>. Dopo tutto, se ci si rompe un osso, si va regolarmente in fisioterapia. Ma dopo essere stati dimessi da una terapia o da una clinica per una malattia mentale, le persone sono di solito abbandonate a se stesse: &#8220;Si pu\u00f2 paragonare alla guida di un&#8217;auto per la prima volta senza un istruttore di guida. In questa fase diamo sicurezza e struttura alle persone colpite&#8221;, afferma Markus Zwicky. <\/p>\n\n<figure class=\"wp-block-image size-large\"><img loading=\"lazy\" decoding=\"async\" width=\"1024\" height=\"683\" src=\"https:\/\/www.deinadieu.ch\/wp-content\/uploads\/2023\/02\/unknown-2-1024x683.jpg\" alt=\"\" class=\"wp-image-61669\" srcset=\"https:\/\/www.deinadieu.ch\/wp-content\/uploads\/2023\/02\/unknown-2-1024x683.jpg 1024w, https:\/\/www.deinadieu.ch\/wp-content\/uploads\/2023\/02\/unknown-2-300x200.jpg 300w, https:\/\/www.deinadieu.ch\/wp-content\/uploads\/2023\/02\/unknown-2-1536x1024.jpg 1536w, https:\/\/www.deinadieu.ch\/wp-content\/uploads\/2023\/02\/unknown-2-2048x1365.jpg 2048w\" sizes=\"auto, (max-width: 1024px) 100vw, 1024px\" \/><figcaption class=\"wp-element-caption\">Oltre ai gruppi di auto-aiuto, Equilibrium gestisce anche un servizio di consulenza telefonica di emergenza, basato sul volontariato.<\/figcaption><\/figure>\n\n<p>I <a href=\"https:\/\/www.depressionen.ch\/selbsthilfe\" target=\"_blank\" rel=\"noreferrer noopener\">gruppi di auto-aiuto<\/a> costituiscono un pilastro centrale di questa struttura quotidiana: a cosa devo prestare attenzione per tornare a vivere e prendere il posto di guida? Con una clinica privata, l&#8217;associazione Equilibrium ha avviato un progetto di comunicazione per informare le persone affette da depressione sui servizi offerti dai gruppi di auto-aiuto dopo il ricovero in ospedale. Nei gruppi di auto-aiuto, le persone colpite danno la possibilit\u00e0 ad altre persone di ritrovare il loro posto nella vita. <strong>I gruppi sono composti da amatori, per lo pi\u00f9 membri dell&#8217;associazione Equilibrium.<\/strong> Con i fondi di un <a href=\"https:\/\/www.deinadieu.ch\/it\/eredita-legato\/\">Legato<\/a> l&#8217;associazione finanzia eventi di formazione per istruire questi membri: L&#8217;associazione ha assunto esperti &#8211; tra cui un career coach, un terapeuta del suono, un terapeuta della respirazione e un insegnante di yoga &#8211; per insegnare diversi approcci al trattamento della depressione. <\/p>\n\n<p>&#8220;Il nostro obiettivo principale \u00e8 quello di responsabilizzare i pazienti e di educarli alla malattia&#8221;, afferma Markus Zwicky. &#8220;Nei gruppi di auto-aiuto, le persone colpite sostengono altre persone colpite, quindi la consulenza avviene ad altezza d&#8217;uomo e non in modo cattedratico&#8221;. Oltre ai gruppi di auto-aiuto, Equilibrium gestisce anche un servizio di consulenza <a href=\"https:\/\/www.depressionen.ch\/notfall\" target=\"_blank\" rel=\"noreferrer noopener\">telefonica di emergenza<\/a>, basato sul volontariato. La linea di assistenza <a href=\"https:\/\/www.143.ch\/\">Offered Hand<\/a> al numero <a href=\"tel:143\">143<\/a> inoltra le chiamate alla hotline di Equilibrium, se necessario.<\/p>\n\n<h2 class=\"wp-block-heading\">Alleviare la depressione con il patrimonio culturale<\/h2>\n\n<p>Istituzioni, aziende farmaceutiche, cliniche e privati sostengono l&#8217;associazione Equilibrium per realizzare progetti concreti. L&#8217;associazione deve adeguare il proprio programma in base alla possibilit\u00e0 di ricevere o meno donazioni private nell&#8217;anno in corso. <strong>Spesso sono le persone colpite a sostenere finanziariamente l&#8217;associazione e a voler utilizzare la loro eredit\u00e0 per promuovere l&#8217;impegno delle persone affette da depressione<\/strong>. &#8220;Nessun altro dovrebbe passare attraverso questo&#8221; \u00e8 la motivazione per affrontare argomenti tab\u00f9 di cui si \u00e8 sofferto come persona colpita: L&#8217;infanzia e la depressione, la giovent\u00f9 e la depressione, nonch\u00e9 la vecchiaia e la depressione sono ancora fasi particolarmente tab\u00f9. Da bambini, si vuole essere il pi\u00f9 possibile simili ai compagni di classe; da adolescenti, si devono prendere decisioni importanti sulla propria carriera; e in et\u00e0 avanzata, la depressione \u00e8 spesso accompagnata dall&#8217;abuso di sostanze, dice Zwicky.<\/p>\n\n<p>Circa un terzo dei finanziamenti dell&#8217;associazione proviene da fondi pubblici; il resto dipende da donazioni private. <strong>&#8220;Il <a href=\"https:\/\/app.deinadieu.ch\/da\/testament\/7573\">sostegno finanziario proveniente da lasciti e testamenti<\/a> \u00e8 molto importante per noi.<\/strong> \u00c8 anche un segno di quanto ci sia ancora da fare per aiutare le persone affette da depressione&#8221;, afferma il presidente Markus Zwicky. <\/p>\n\n<p>L&#8217;associazione Equilibrium aveva ricevuto una decina di donazioni dalla colletta per la morte di un membro vicino all&#8217;associazione negli ultimi anni. Nel 2021, anche un ex socio ha beneficiato dell&#8217;associazione con un lascito di CHF 15.000,00: &#8220;\u00c8 stato incredibilmente prezioso per noi, abbiamo sentito che il nostro lavoro era apprezzato e siamo stati in grado di finanziare progetti essenziali con il denaro&#8221;, dice Zwicky.<\/p>\n\n<figure class=\"wp-block-image size-large\"><img loading=\"lazy\" decoding=\"async\" width=\"1024\" height=\"683\" src=\"https:\/\/www.deinadieu.ch\/wp-content\/uploads\/2023\/02\/unknown-3-1024x683.jpg\" alt=\"\" class=\"wp-image-61673\" srcset=\"https:\/\/www.deinadieu.ch\/wp-content\/uploads\/2023\/02\/unknown-3-1024x683.jpg 1024w, https:\/\/www.deinadieu.ch\/wp-content\/uploads\/2023\/02\/unknown-3-300x200.jpg 300w, https:\/\/www.deinadieu.ch\/wp-content\/uploads\/2023\/02\/unknown-3-1536x1024.jpg 1536w, https:\/\/www.deinadieu.ch\/wp-content\/uploads\/2023\/02\/unknown-3-2048x1365.jpg 2048w\" sizes=\"auto, (max-width: 1024px) 100vw, 1024px\" \/><figcaption class=\"wp-element-caption\">Il presidente dell&#8217;associazione, Markus Zwicky, vorrebbe far conoscere ancora meglio l&#8217;offerta di Equilibrium e ampliare l&#8217;adesione all&#8217;associazione.<\/figcaption><\/figure>\n\n<h2 class=\"wp-block-heading\">Rendere pi\u00f9 visibile l&#8217;impegno di Equilibrium<\/h2>\n\n<p>Il presidente dell&#8217;associazione, Markus Zwicky, vorrebbe far conoscere ancora meglio l&#8217;offerta di Equilibrium e ampliare l&#8217;adesione all&#8217;associazione. Per far fronte alla domanda di servizi per le persone affette da depressione e per i loro familiari, \u00e8 stato necessario ampliare l&#8217;infrastruttura dell&#8217;associazione. I membri di Equilibrium ricevono regolarmente informazioni, suggerimenti e comfort a bassa soglia in una newsletter. &#8220;Agli eventi per i soci che si tengono pi\u00f9 volte all&#8217;anno, l&#8217;attenzione si concentra sul senso di aggregazione. Le persone colpite sentono di non essere sole&#8221;, afferma Zwicky.<\/p>\n\n<p>Guardarsi l&#8217;un l&#8217;altro e condividere: Si tratta di un aspetto centrale, perch\u00e9 le persone affette da depressione si sentono spesso sole nel loro ambiente, non solo nella societ\u00e0, ma anche al lavoro o in famiglia. Nell&#8217;associazione, le persone colpite possono parlare di qualsiasi cosa quando si trovano in una fase di svago. Cose di cui magari non volete parlare in privato perch\u00e9 non volete essere un peso per nessuno. <\/p>\n\n<p>L&#8217;associazione \u00e8 anche un importante punto di contatto per i parenti delle persone affette da depressione: &#8220;Oddio, ci risiamo&#8221;, \u00e8 quello che pensano i parenti quando qualcuno si sente peggio e vogliono parlarne. Presso Equilibrium i familiari imparano a gestire le proprie paure e la malattia e a riflettere sul proprio comportamento&#8221;, cos\u00ec Markus Zwicky descrive l&#8217;impegno dell&#8217;associazione.<\/p>\n\n<figure class=\"wp-block-image size-large\"><img loading=\"lazy\" decoding=\"async\" width=\"1024\" height=\"683\" src=\"https:\/\/www.deinadieu.ch\/wp-content\/uploads\/2023\/02\/unknown-4-1024x683.jpg\" alt=\"\" class=\"wp-image-61677\" srcset=\"https:\/\/www.deinadieu.ch\/wp-content\/uploads\/2023\/02\/unknown-4-1024x683.jpg 1024w, https:\/\/www.deinadieu.ch\/wp-content\/uploads\/2023\/02\/unknown-4-300x200.jpg 300w, https:\/\/www.deinadieu.ch\/wp-content\/uploads\/2023\/02\/unknown-4-1536x1024.jpg 1536w, https:\/\/www.deinadieu.ch\/wp-content\/uploads\/2023\/02\/unknown-4-2048x1366.jpg 2048w\" sizes=\"auto, (max-width: 1024px) 100vw, 1024px\" \/><figcaption class=\"wp-element-caption\">Un funambolo in equilibrio \u00e8 il marchio di Equilibrium: l&#8217;associazione per il superamento della depressione aiuta le persone colpite a ritrovare l&#8217;equilibrio.<\/figcaption><\/figure>\n\n<p>La leggerezza del funambolo, che cammina abilmente sulla corda come marchio di Equilibrium, pu\u00f2 sembrare a prima vista irraggiungibile per molti malati: Le persone colpite si sentono inizialmente paralizzate, rallentate e svogliate. I malati devono sopravvivere a molti sconvolgimenti e crisi finch\u00e9 non si raggiunge un equilibrio. <strong>Le persone affette da depressione hanno bisogno di sostegno per raggiungere un sano equilibrio tra corpo e psiche, nonch\u00e9 tra il loro stato d&#8217;animo e la vita quotidiana.<\/strong> Equilibrium fa in modo che le persone malate possano tornare a vivere l&#8217;equilibrio del funambolo.<\/p>\n\n<p><\/p>\n\n\n        <div class=\"da-servicebox relative bg-gray-200 p-4 pt-8 border-solid border-t-8 border-da-dark mb-6\">\n            <i class=\"fas fa-info-circle mx-auto fa-7x text-da-dark\"><\/i>\n            <span style=\"hyphens: auto\">\n                <\/p>\n\n<p><strong>Equilibrium &#8211; Associazione per il superamento della depressione<br\/><\/strong><a href=\"https:\/\/www.deinadieu.ch\/hilfswerke\/equilibrium\/\">https:\/\/www.deinadieu.ch\/hilfswerke\/equilibrium\/<\/a><\/p>\n\n<p>L&#8217;associazione no-profit con sede a Zugo sostiene le persone affette da depressione e i loro familiari dal 1994. Il punto di contatto fornisce un&#8217;ampia gamma di servizi di supporto e di aiuto in tutta la Svizzera per facilitare la vita quotidiana delle persone affette da depressione e dei loro familiari: Consultazioni, newsletter, eventi e collaborazione con cliniche, istituzioni e altri centri di consulenza. <\/p>\n\n<p>L&#8217;associazione mette inoltre in rete volontari e professionisti che desiderano impegnarsi a favore delle persone colpite. Equilibrium \u00e8 aperto a tutte le persone, indipendentemente da come si sentono nei confronti dei farmaci psichiatrici, ad esempio. L&#8217;associazione politicamente e confessionalmente indipendente Equilibrium \u00e8 lieta di accogliere <a href=\"https:\/\/www.depressionen.ch\/mitglied-werden\" target=\"_blank\" rel=\"noreferrer noopener\">nuovi membri<\/a>.<\/p>\n\n<p>\n                \n                \n            <\/span>\n        <\/div>\n        \n\n<div style=\"height:40px\" aria-hidden=\"true\" class=\"wp-block-spacer\"><\/div>\n\n<p>Sostenete l&#8217;Associazione Equilibrium nel vostro testamento:<br\/><\/p>\n\n<div class=\"wp-block-buttons is-layout-flex wp-block-buttons-is-layout-flex\">\n<div class=\"wp-block-button\"><a class=\"wp-block-button__link wp-element-button\" href=\"https:\/\/app.deinadieu.ch\/da\/testament\/7573\">&#8220;Equilibrium &#8211; Associazione per il superamento della depressione&#8221; da inserire nel testamento<\/a><\/div>\n<\/div>\n","protected":false},"excerpt":{"rendered":"<p>Un funambolo in equilibrio \u00e8 il marchio di Equilibrium: l&#8217;associazione per il superamento della depressione aiuta le persone colpite a ritrovare l&#8217;equilibrio. Da quasi trent&#8217;anni, l&#8217;associazione assiste su base volontaria le persone affette da depressione e i loro familiari. Il sostegno finanziario proveniente da testamenti e lasciti \u00e8 fondamentale per l&#8217;associazione di volontariato per realizzare [&hellip;]<\/p>\n","protected":false},"author":6038,"featured_media":61667,"comment_status":"open","ping_status":"closed","sticky":false,"template":"","format":"standard","meta":{"_acf_changed":false,"footnotes":""},"categories":[2474],"tags":[2522,3485,2906,3160],"class_list":["post-61964","post","type-post","status-publish","format-standard","has-post-thumbnail","hentry","category-opere-caritative","tag-cosa-puo-fare-la-mia-eredita","tag-depressione","tag-organizzazione-senza-scopo-di-lucro","tag-organizzazioni-di-aiuto"],"acf":[],"yoast_head":"<title>L&#039;associazione Equilibrium: Riequilibrare il corpo e l&#039;anima | DeinAdieu.ch<\/title>\n<meta name=\"description\" content=\"Equilibrium \u00e8 un&#039;associazione svizzera che ha come obbiettivo il superamento della depressione. In questo ritratto scoprirete di pi\u00f9 sulla depressione e su come affrontarla.\" \/>\n<meta name=\"robots\" content=\"index, follow, max-snippet:-1, max-image-preview:large, max-video-preview:-1\" \/>\n<link rel=\"canonical\" href=\"https:\/\/www.deinadieu.ch\/it\/riequilibrare-il-corpo-e-lanima\/\" \/>\n<meta property=\"og:locale\" content=\"it_IT\" \/>\n<meta property=\"og:type\" content=\"article\" \/>\n<meta property=\"og:title\" content=\"Riequilibrare il corpo e l&#039;anima\" \/>\n<meta property=\"og:description\" content=\"Un funambolo in equilibrio \u00e8 il marchio di Equilibrium: l&#039;associazione per il superamento della depressione aiuta le persone colpite a ritrovare\" \/>\n<meta property=\"og:url\" content=\"https:\/\/www.deinadieu.ch\/it\/riequilibrare-il-corpo-e-lanima\/\" \/>\n<meta property=\"og:site_name\" content=\"DeinAdieu.ch\" \/>\n<meta property=\"article:publisher\" content=\"https:\/\/www.facebook.com\/deinadieu\" \/>\n<meta property=\"article:published_time\" content=\"2023-02-07T14:40:43+00:00\" \/>\n<meta property=\"article:modified_time\" content=\"2023-07-10T08:44:22+00:00\" \/>\n<meta property=\"og:image\" content=\"https:\/\/static.deinadieu.ch\/uploads\/2023\/02\/unknown-scaled.jpg\" \/>\n\t<meta property=\"og:image:width\" content=\"2560\" \/>\n\t<meta property=\"og:image:height\" content=\"1707\" \/>\n\t<meta property=\"og:image:type\" content=\"image\/jpeg\" \/>\n<meta name=\"author\" content=\"Sabrina Rohner\" \/>\n<meta name=\"twitter:card\" content=\"summary_large_image\" \/>\n<meta name=\"twitter:creator\" content=\"@DeinAdieu\" \/>\n<meta name=\"twitter:site\" content=\"@DeinAdieu\" \/>\n<meta name=\"twitter:label1\" content=\"Written by\" \/>\n\t<meta name=\"twitter:data1\" content=\"Sabrina Rohner\" \/>\n\t<meta name=\"twitter:label2\" content=\"Est. reading time\" \/>\n\t<meta name=\"twitter:data2\" content=\"7 minutes\" \/>\n<script type=\"application\/ld+json\" class=\"yoast-schema-graph\">{\"@context\":\"https:\\\/\\\/schema.org\",\"@graph\":[{\"@type\":\"Article\",\"@id\":\"https:\\\/\\\/www.deinadieu.ch\\\/it\\\/riequilibrare-il-corpo-e-lanima\\\/#article\",\"isPartOf\":{\"@id\":\"https:\\\/\\\/www.deinadieu.ch\\\/it\\\/riequilibrare-il-corpo-e-lanima\\\/\"},\"author\":{\"name\":\"Sabrina Rohner\",\"@id\":\"https:\\\/\\\/www.deinadieu.ch\\\/it\\\/#\\\/schema\\\/person\\\/ad724a53f7e50dd3866fc9b0fc6bbdd9\"},\"headline\":\"Riequilibrare il corpo e l&#8217;anima\",\"datePublished\":\"2023-02-07T14:40:43+00:00\",\"dateModified\":\"2023-07-10T08:44:22+00:00\",\"mainEntityOfPage\":{\"@id\":\"https:\\\/\\\/www.deinadieu.ch\\\/it\\\/riequilibrare-il-corpo-e-lanima\\\/\"},\"wordCount\":1504,\"commentCount\":0,\"publisher\":{\"@id\":\"https:\\\/\\\/www.deinadieu.ch\\\/it\\\/#organization\"},\"image\":{\"@id\":\"https:\\\/\\\/www.deinadieu.ch\\\/it\\\/riequilibrare-il-corpo-e-lanima\\\/#primaryimage\"},\"thumbnailUrl\":\"https:\\\/\\\/www.deinadieu.ch\\\/wp-content\\\/uploads\\\/2023\\\/02\\\/unknown-scaled.jpg\",\"keywords\":[\"Cosa pu\u00f2 fare la mia eredit\u00e0?\",\"Depressione\",\"Organizzazione senza scopo di lucro\",\"Organizzazioni di aiuto\"],\"articleSection\":[\"Focus sulle opere caritative\"],\"inLanguage\":\"it-IT\",\"potentialAction\":[{\"@type\":\"CommentAction\",\"name\":\"Comment\",\"target\":[\"https:\\\/\\\/www.deinadieu.ch\\\/it\\\/riequilibrare-il-corpo-e-lanima\\\/#respond\"]}]},{\"@type\":\"WebPage\",\"@id\":\"https:\\\/\\\/www.deinadieu.ch\\\/it\\\/riequilibrare-il-corpo-e-lanima\\\/\",\"url\":\"https:\\\/\\\/www.deinadieu.ch\\\/it\\\/riequilibrare-il-corpo-e-lanima\\\/\",\"name\":\"L'associazione Equilibrium: Riequilibrare il corpo e l'anima | DeinAdieu.ch\",\"isPartOf\":{\"@id\":\"https:\\\/\\\/www.deinadieu.ch\\\/it\\\/#website\"},\"primaryImageOfPage\":{\"@id\":\"https:\\\/\\\/www.deinadieu.ch\\\/it\\\/riequilibrare-il-corpo-e-lanima\\\/#primaryimage\"},\"image\":{\"@id\":\"https:\\\/\\\/www.deinadieu.ch\\\/it\\\/riequilibrare-il-corpo-e-lanima\\\/#primaryimage\"},\"thumbnailUrl\":\"https:\\\/\\\/www.deinadieu.ch\\\/wp-content\\\/uploads\\\/2023\\\/02\\\/unknown-scaled.jpg\",\"datePublished\":\"2023-02-07T14:40:43+00:00\",\"dateModified\":\"2023-07-10T08:44:22+00:00\",\"description\":\"Equilibrium \u00e8 un'associazione svizzera che ha come obbiettivo il superamento della depressione. In questo ritratto scoprirete di pi\u00f9 sulla depressione e su come affrontarla.\",\"breadcrumb\":{\"@id\":\"https:\\\/\\\/www.deinadieu.ch\\\/it\\\/riequilibrare-il-corpo-e-lanima\\\/#breadcrumb\"},\"inLanguage\":\"it-IT\",\"potentialAction\":[{\"@type\":\"ReadAction\",\"target\":[\"https:\\\/\\\/www.deinadieu.ch\\\/it\\\/riequilibrare-il-corpo-e-lanima\\\/\"]}]},{\"@type\":\"ImageObject\",\"inLanguage\":\"it-IT\",\"@id\":\"https:\\\/\\\/www.deinadieu.ch\\\/it\\\/riequilibrare-il-corpo-e-lanima\\\/#primaryimage\",\"url\":\"https:\\\/\\\/www.deinadieu.ch\\\/wp-content\\\/uploads\\\/2023\\\/02\\\/unknown-scaled.jpg\",\"contentUrl\":\"https:\\\/\\\/www.deinadieu.ch\\\/wp-content\\\/uploads\\\/2023\\\/02\\\/unknown-scaled.jpg\",\"width\":2560,\"height\":1707,\"caption\":\"Markus Zwicky si occupa di Equilibrium sin dalla sua fondazione, avvenuta quasi trent'anni fa. (Fotos: Djamila Grossman)\"},{\"@type\":\"BreadcrumbList\",\"@id\":\"https:\\\/\\\/www.deinadieu.ch\\\/it\\\/riequilibrare-il-corpo-e-lanima\\\/#breadcrumb\",\"itemListElement\":[{\"@type\":\"ListItem\",\"position\":1,\"name\":\"Home\",\"item\":\"https:\\\/\\\/www.deinadieu.ch\\\/it\\\/deinadieu-dialog-und-serviceportal-zum-lebensende\\\/\"},{\"@type\":\"ListItem\",\"position\":2,\"name\":\"Riequilibrare il corpo e l&#8217;anima\"}]},{\"@type\":\"WebSite\",\"@id\":\"https:\\\/\\\/www.deinadieu.ch\\\/it\\\/#website\",\"url\":\"https:\\\/\\\/www.deinadieu.ch\\\/it\\\/\",\"name\":\"DeinAdieu.ch\",\"description\":\"Testament, Patientenverf\u00fcgung und Vorsorgeauftrag\",\"publisher\":{\"@id\":\"https:\\\/\\\/www.deinadieu.ch\\\/it\\\/#organization\"},\"potentialAction\":[{\"@type\":\"SearchAction\",\"target\":{\"@type\":\"EntryPoint\",\"urlTemplate\":\"https:\\\/\\\/www.deinadieu.ch\\\/it\\\/?s={search_term_string}\"},\"query-input\":{\"@type\":\"PropertyValueSpecification\",\"valueRequired\":true,\"valueName\":\"search_term_string\"}}],\"inLanguage\":\"it-IT\"},{\"@type\":\"Organization\",\"@id\":\"https:\\\/\\\/www.deinadieu.ch\\\/it\\\/#organization\",\"name\":\"EMNA Web GmbH\",\"url\":\"https:\\\/\\\/www.deinadieu.ch\\\/it\\\/\",\"logo\":{\"@type\":\"ImageObject\",\"inLanguage\":\"it-IT\",\"@id\":\"https:\\\/\\\/www.deinadieu.ch\\\/it\\\/#\\\/schema\\\/logo\\\/image\\\/\",\"url\":\"https:\\\/\\\/www.deinadieu.ch\\\/wp-content\\\/uploads\\\/2016\\\/01\\\/DeinAdieu_Logo.png\",\"contentUrl\":\"https:\\\/\\\/www.deinadieu.ch\\\/wp-content\\\/uploads\\\/2016\\\/01\\\/DeinAdieu_Logo.png\",\"width\":300,\"height\":117,\"caption\":\"EMNA Web GmbH\"},\"image\":{\"@id\":\"https:\\\/\\\/www.deinadieu.ch\\\/it\\\/#\\\/schema\\\/logo\\\/image\\\/\"},\"sameAs\":[\"https:\\\/\\\/www.facebook.com\\\/deinadieu\",\"https:\\\/\\\/x.com\\\/DeinAdieu\",\"https:\\\/\\\/www.instagram.com\\\/deinadieu\\\/\",\"https:\\\/\\\/www.linkedin.com\\\/company\\\/deinadieu.ch\"]},{\"@type\":\"Person\",\"@id\":\"https:\\\/\\\/www.deinadieu.ch\\\/it\\\/#\\\/schema\\\/person\\\/ad724a53f7e50dd3866fc9b0fc6bbdd9\",\"name\":\"Sabrina Rohner\",\"image\":{\"@type\":\"ImageObject\",\"inLanguage\":\"it-IT\",\"@id\":\"https:\\\/\\\/secure.gravatar.com\\\/avatar\\\/c72cef3c7bba2e19d98358a63ff805dbe088a70fb947d10024d669ded777102d?s=96&d=mm&r=g\",\"url\":\"https:\\\/\\\/secure.gravatar.com\\\/avatar\\\/c72cef3c7bba2e19d98358a63ff805dbe088a70fb947d10024d669ded777102d?s=96&d=mm&r=g\",\"contentUrl\":\"https:\\\/\\\/secure.gravatar.com\\\/avatar\\\/c72cef3c7bba2e19d98358a63ff805dbe088a70fb947d10024d669ded777102d?s=96&d=mm&r=g\",\"caption\":\"Sabrina Rohner\"},\"url\":\"https:\\\/\\\/www.deinadieu.ch\\\/it\\\/author\\\/sabrina-rohnergmail-com\\\/\"}]}<\/script>","yoast_head_json":{"title":"L'associazione Equilibrium: Riequilibrare il corpo e l'anima | DeinAdieu.ch","description":"Equilibrium \u00e8 un'associazione svizzera che ha come obbiettivo il superamento della depressione. In questo ritratto scoprirete di pi\u00f9 sulla depressione e su come affrontarla.","robots":{"index":"index","follow":"follow","max-snippet":"max-snippet:-1","max-image-preview":"max-image-preview:large","max-video-preview":"max-video-preview:-1"},"canonical":"https:\/\/www.deinadieu.ch\/it\/riequilibrare-il-corpo-e-lanima\/","og_locale":"it_IT","og_type":"article","og_title":"Riequilibrare il corpo e l'anima","og_description":"Un funambolo in equilibrio \u00e8 il marchio di Equilibrium: l'associazione per il superamento della depressione aiuta le persone colpite a ritrovare","og_url":"https:\/\/www.deinadieu.ch\/it\/riequilibrare-il-corpo-e-lanima\/","og_site_name":"DeinAdieu.ch","article_publisher":"https:\/\/www.facebook.com\/deinadieu","article_published_time":"2023-02-07T14:40:43+00:00","article_modified_time":"2023-07-10T08:44:22+00:00","og_image":[{"width":2560,"height":1707,"url":"https:\/\/static.deinadieu.ch\/uploads\/2023\/02\/unknown-scaled.jpg","type":"image\/jpeg"}],"author":"Sabrina Rohner","twitter_card":"summary_large_image","twitter_creator":"@DeinAdieu","twitter_site":"@DeinAdieu","twitter_misc":{"Written by":"Sabrina Rohner","Est. reading time":"7 minutes"},"schema":{"@context":"https:\/\/schema.org","@graph":[{"@type":"Article","@id":"https:\/\/www.deinadieu.ch\/it\/riequilibrare-il-corpo-e-lanima\/#article","isPartOf":{"@id":"https:\/\/www.deinadieu.ch\/it\/riequilibrare-il-corpo-e-lanima\/"},"author":{"name":"Sabrina Rohner","@id":"https:\/\/www.deinadieu.ch\/it\/#\/schema\/person\/ad724a53f7e50dd3866fc9b0fc6bbdd9"},"headline":"Riequilibrare il corpo e l&#8217;anima","datePublished":"2023-02-07T14:40:43+00:00","dateModified":"2023-07-10T08:44:22+00:00","mainEntityOfPage":{"@id":"https:\/\/www.deinadieu.ch\/it\/riequilibrare-il-corpo-e-lanima\/"},"wordCount":1504,"commentCount":0,"publisher":{"@id":"https:\/\/www.deinadieu.ch\/it\/#organization"},"image":{"@id":"https:\/\/www.deinadieu.ch\/it\/riequilibrare-il-corpo-e-lanima\/#primaryimage"},"thumbnailUrl":"https:\/\/www.deinadieu.ch\/wp-content\/uploads\/2023\/02\/unknown-scaled.jpg","keywords":["Cosa pu\u00f2 fare la mia eredit\u00e0?","Depressione","Organizzazione senza scopo di lucro","Organizzazioni di aiuto"],"articleSection":["Focus sulle opere caritative"],"inLanguage":"it-IT","potentialAction":[{"@type":"CommentAction","name":"Comment","target":["https:\/\/www.deinadieu.ch\/it\/riequilibrare-il-corpo-e-lanima\/#respond"]}]},{"@type":"WebPage","@id":"https:\/\/www.deinadieu.ch\/it\/riequilibrare-il-corpo-e-lanima\/","url":"https:\/\/www.deinadieu.ch\/it\/riequilibrare-il-corpo-e-lanima\/","name":"L'associazione Equilibrium: Riequilibrare il corpo e l'anima | DeinAdieu.ch","isPartOf":{"@id":"https:\/\/www.deinadieu.ch\/it\/#website"},"primaryImageOfPage":{"@id":"https:\/\/www.deinadieu.ch\/it\/riequilibrare-il-corpo-e-lanima\/#primaryimage"},"image":{"@id":"https:\/\/www.deinadieu.ch\/it\/riequilibrare-il-corpo-e-lanima\/#primaryimage"},"thumbnailUrl":"https:\/\/www.deinadieu.ch\/wp-content\/uploads\/2023\/02\/unknown-scaled.jpg","datePublished":"2023-02-07T14:40:43+00:00","dateModified":"2023-07-10T08:44:22+00:00","description":"Equilibrium \u00e8 un'associazione svizzera che ha come obbiettivo il superamento della depressione. In questo ritratto scoprirete di pi\u00f9 sulla depressione e su come affrontarla.","breadcrumb":{"@id":"https:\/\/www.deinadieu.ch\/it\/riequilibrare-il-corpo-e-lanima\/#breadcrumb"},"inLanguage":"it-IT","potentialAction":[{"@type":"ReadAction","target":["https:\/\/www.deinadieu.ch\/it\/riequilibrare-il-corpo-e-lanima\/"]}]},{"@type":"ImageObject","inLanguage":"it-IT","@id":"https:\/\/www.deinadieu.ch\/it\/riequilibrare-il-corpo-e-lanima\/#primaryimage","url":"https:\/\/www.deinadieu.ch\/wp-content\/uploads\/2023\/02\/unknown-scaled.jpg","contentUrl":"https:\/\/www.deinadieu.ch\/wp-content\/uploads\/2023\/02\/unknown-scaled.jpg","width":2560,"height":1707,"caption":"Markus Zwicky si occupa di Equilibrium sin dalla sua fondazione, avvenuta quasi trent'anni fa. (Fotos: Djamila Grossman)"},{"@type":"BreadcrumbList","@id":"https:\/\/www.deinadieu.ch\/it\/riequilibrare-il-corpo-e-lanima\/#breadcrumb","itemListElement":[{"@type":"ListItem","position":1,"name":"Home","item":"https:\/\/www.deinadieu.ch\/it\/deinadieu-dialog-und-serviceportal-zum-lebensende\/"},{"@type":"ListItem","position":2,"name":"Riequilibrare il corpo e l&#8217;anima"}]},{"@type":"WebSite","@id":"https:\/\/www.deinadieu.ch\/it\/#website","url":"https:\/\/www.deinadieu.ch\/it\/","name":"DeinAdieu.ch","description":"Testament, Patientenverf\u00fcgung und Vorsorgeauftrag","publisher":{"@id":"https:\/\/www.deinadieu.ch\/it\/#organization"},"potentialAction":[{"@type":"SearchAction","target":{"@type":"EntryPoint","urlTemplate":"https:\/\/www.deinadieu.ch\/it\/?s={search_term_string}"},"query-input":{"@type":"PropertyValueSpecification","valueRequired":true,"valueName":"search_term_string"}}],"inLanguage":"it-IT"},{"@type":"Organization","@id":"https:\/\/www.deinadieu.ch\/it\/#organization","name":"EMNA Web GmbH","url":"https:\/\/www.deinadieu.ch\/it\/","logo":{"@type":"ImageObject","inLanguage":"it-IT","@id":"https:\/\/www.deinadieu.ch\/it\/#\/schema\/logo\/image\/","url":"https:\/\/www.deinadieu.ch\/wp-content\/uploads\/2016\/01\/DeinAdieu_Logo.png","contentUrl":"https:\/\/www.deinadieu.ch\/wp-content\/uploads\/2016\/01\/DeinAdieu_Logo.png","width":300,"height":117,"caption":"EMNA Web GmbH"},"image":{"@id":"https:\/\/www.deinadieu.ch\/it\/#\/schema\/logo\/image\/"},"sameAs":["https:\/\/www.facebook.com\/deinadieu","https:\/\/x.com\/DeinAdieu","https:\/\/www.instagram.com\/deinadieu\/","https:\/\/www.linkedin.com\/company\/deinadieu.ch"]},{"@type":"Person","@id":"https:\/\/www.deinadieu.ch\/it\/#\/schema\/person\/ad724a53f7e50dd3866fc9b0fc6bbdd9","name":"Sabrina Rohner","image":{"@type":"ImageObject","inLanguage":"it-IT","@id":"https:\/\/secure.gravatar.com\/avatar\/c72cef3c7bba2e19d98358a63ff805dbe088a70fb947d10024d669ded777102d?s=96&d=mm&r=g","url":"https:\/\/secure.gravatar.com\/avatar\/c72cef3c7bba2e19d98358a63ff805dbe088a70fb947d10024d669ded777102d?s=96&d=mm&r=g","contentUrl":"https:\/\/secure.gravatar.com\/avatar\/c72cef3c7bba2e19d98358a63ff805dbe088a70fb947d10024d669ded777102d?s=96&d=mm&r=g","caption":"Sabrina Rohner"},"url":"https:\/\/www.deinadieu.ch\/it\/author\/sabrina-rohnergmail-com\/"}]}},"_links":{"self":[{"href":"https:\/\/www.deinadieu.ch\/it\/wp-json\/wp\/v2\/posts\/61964","targetHints":{"allow":["GET"]}}],"collection":[{"href":"https:\/\/www.deinadieu.ch\/it\/wp-json\/wp\/v2\/posts"}],"about":[{"href":"https:\/\/www.deinadieu.ch\/it\/wp-json\/wp\/v2\/types\/post"}],"author":[{"embeddable":true,"href":"https:\/\/www.deinadieu.ch\/it\/wp-json\/wp\/v2\/users\/6038"}],"replies":[{"embeddable":true,"href":"https:\/\/www.deinadieu.ch\/it\/wp-json\/wp\/v2\/comments?post=61964"}],"version-history":[{"count":3,"href":"https:\/\/www.deinadieu.ch\/it\/wp-json\/wp\/v2\/posts\/61964\/revisions"}],"predecessor-version":[{"id":64828,"href":"https:\/\/www.deinadieu.ch\/it\/wp-json\/wp\/v2\/posts\/61964\/revisions\/64828"}],"wp:featuredmedia":[{"embeddable":true,"href":"https:\/\/www.deinadieu.ch\/it\/wp-json\/wp\/v2\/media\/61667"}],"wp:attachment":[{"href":"https:\/\/www.deinadieu.ch\/it\/wp-json\/wp\/v2\/media?parent=61964"}],"wp:term":[{"taxonomy":"category","embeddable":true,"href":"https:\/\/www.deinadieu.ch\/it\/wp-json\/wp\/v2\/categories?post=61964"},{"taxonomy":"post_tag","embeddable":true,"href":"https:\/\/www.deinadieu.ch\/it\/wp-json\/wp\/v2\/tags?post=61964"}],"curies":[{"name":"wp","href":"https:\/\/api.w.org\/{rel}","templated":true}]}}