{"id":61962,"date":"2023-02-14T07:30:00","date_gmt":"2023-02-14T06:30:00","guid":{"rendered":"https:\/\/www.deinadieu.ch\/se-non-fate-nulla-il-vostro-bambino-verrebbe-affidato-a-terzi\/"},"modified":"2024-03-25T15:27:04","modified_gmt":"2024-03-25T14:27:04","slug":"se-non-fate-nulla-il-vostro-bambino-verrebbe-affidato-a-terzi","status":"publish","type":"post","link":"https:\/\/www.deinadieu.ch\/it\/se-non-fate-nulla-il-vostro-bambino-verrebbe-affidato-a-terzi\/","title":{"rendered":"&#8220;Se non fate nulla, il vostro bambino verrebbe affidato a terzi&#8221;."},"content":{"rendered":"\n<p>Avete subito violenza, soffrite di difficolt\u00e0 psicologiche o avete esigenze di integrazione. E non volete essere separati dai vostri figli per nessun motivo. Le madri trovano sostegno presso la Fondazione per genitori e figli (ELIM). Abbiamo parlato con il direttore dell&#8217;istituto, Daniel Berger.<\/p>\n\n<!--more-->\n\n<p><strong>Chi viene da lei, Daniel Berger?<br\/><\/strong>Nella maggior parte dei casi si tratta di madri con i loro figli che si trovano in una situazione di vita difficile e che al momento non possono prendersi cura dei loro figli in modo indipendente. Sono sotto la pressione di una situazione di emergenza. Non di rado, ci sono anche pressioni da parte delle autorit\u00e0, di solito dall&#8217;<a href=\"https:\/\/www.deinadieu.ch\/it\/guida\/autorita-di-protezione-dei-minori-e-degli-adulti-apma-che-cose-e-quando-entra-in-gioco\/\">autorit\u00e0 per la protezione dei bambini e degli adulti (ARP)<\/a>. Se non fanno nulla, il loro bambino sar\u00e0 affidato a un altro genitore.<\/p>\n\n<p class=\"has-text-align-left\"><strong>Quali problemi devono affrontare le donne?<\/strong><br\/>Spesso ci sono problemi sociali: hanno subito violenze, sono traumatizzate, oppure c&#8217;\u00e8 un bisogno di integrazione o di dipendenza. Spesso le donne non sono all&#8217;altezza dei compiti di educazione dei figli. Alcune soffrono di difficolt\u00e0 mentali, hanno un disturbo psicotico, per esempio, o soffrono di disturbi borderline o paranoici. Vengono anche donne con debolezze cognitive, una lieve disabilit\u00e0 mentale, che non hanno un ambiente che offre sostegno. In passato, i loro figli venivano immediatamente affidati ad altre persone. Con il nostro aiuto, possono ancora svolgere il loro ruolo di madri. Sono molto grate per questo.<\/p>\n\n<figure class=\"wp-block-image size-large\"><img loading=\"lazy\" decoding=\"async\" width=\"2560\" height=\"1708\" src=\"https:\/\/www.deinadieu.ch\/wp-content\/uploads\/2023\/02\/DA_PDB_MFR3888-1-edited-scaled.jpg\" alt=\"\" class=\"wp-image-61726\" srcset=\"https:\/\/www.deinadieu.ch\/wp-content\/uploads\/2023\/02\/DA_PDB_MFR3888-1-edited-scaled.jpg 2560w, https:\/\/www.deinadieu.ch\/wp-content\/uploads\/2023\/02\/DA_PDB_MFR3888-1-edited-300x200.jpg 300w, https:\/\/www.deinadieu.ch\/wp-content\/uploads\/2023\/02\/DA_PDB_MFR3888-1-edited-1024x683.jpg 1024w, https:\/\/www.deinadieu.ch\/wp-content\/uploads\/2023\/02\/DA_PDB_MFR3888-1-edited-1536x1025.jpg 1536w, https:\/\/www.deinadieu.ch\/wp-content\/uploads\/2023\/02\/DA_PDB_MFR3888-1-edited-2048x1366.jpg 2048w\" sizes=\"auto, (max-width: 2560px) 100vw, 2560px\" \/><figcaption class=\"wp-element-caption\">&#8220;Il fatto di poter fare la differenza mi entusiasma&#8221;, afferma Daniel Berger, direttore istituzionale della Fondazione Elim per genitori e figli (ELIM).<\/figcaption><\/figure>\n\n<p class=\"has-text-align-left\"><br\/><strong>Vengono di loro spontanea volont\u00e0?<br\/><\/strong>Alcuni si fanno avanti da soli, ma spesso vengono indirizzati da un consulente o dai servizi sociali. A volte c&#8217;\u00e8 dietro l&#8217;assistenza alle vittime o c&#8217;\u00e8 un rapporto di rischio da parte del pediatra o di altre agenzie specializzate. <\/p>\n\n<p class=\"has-text-align-left\"><strong>Come stanno le donne che vengono?<br\/><\/strong>I sentimenti sono contrastanti. In parte, devono lottare con una grande resistenza. Si possibile<br\/>preferiscono vivere in modo indipendente, ma devono adempiere al mandato dell&#8217;autorit\u00e0 o dell&#8217;assistenza e devono rimanere da noi come pazienti. Ci\u00f2 pu\u00f2 essere difficile. Alcune ritengono di non aver bisogno del supporto. Altre sono molto riconoscenti. Se riescono a trarre il meglio dalla situazione e a percepire il soggiorno come un&#8217;opportunit\u00e0, un cambiamento sostenibile \u00e8 possibile, come dimostra l&#8217;esperienza.<\/p>\n\n<p class=\"has-text-align-left\"><br\/><strong>E i padri?<br\/><\/strong>A volte ci occupiamo anche di loro, sempre pi\u00f9 spesso vivono con noi. Questo pu\u00f2 essere<br\/>utile in futuro, perch\u00e9 la dinamica di coppia pu\u00f2 essere una chiave di lettura. Ma a volte sono anche parte del problema e molti di loro si fanno notare per la loro assenza.<\/p>\n\n<p class=\"has-text-align-left\"><strong>Quanti anni hanno i bambini?<br\/><\/strong>Spesso si tratta di bambini in et\u00e0 prescolare, neonati, da uno a tre anni, ma a volte anche di 17 anni. Una volta venne da noi una donna con sei figli. Abbiamo anche collocamenti clandestini quando le donne sono state vittime di violenza e sono state rinchiuse. Donne analfabete che sono sopraffatte dalle complesse esigenze della societ\u00e0 moderna e non possono ricevere un sostegno sufficiente nelle case di accoglienza.<\/p>\n\n<p class=\"has-text-align-left\"><br\/><strong>Come si pu\u00f2 aiutare?<br\/><\/strong>Vogliamo trovare una soluzione a lungo termine per le donne e fornire loro il sostegno necessario. Collaboriamo con i terapisti, la scuola e altre agenzie specializzate. Trovo entusiasmante lavorare con un doppio gruppo di riferimento: con i bambini e con le madri. Questo \u00e8 molto impegnativo per gli educatori sociali, che non educano il bambino, ma permettono alla madre di educarlo. La madre dovrebbe avere il diritto di fare a modo suo. Mostriamo i modi in cui pu\u00f2 soddisfare le esigenze del bambino nel processo. Questo ripaga se in cambio le madri e i loro figli possono rimanere insieme per i prossimi 16 anni. Ogni madre vuole il meglio per il proprio figlio, cos\u00ec come l&#8217;ARP e il tutore. E anche noi. Il denominatore comune \u00e8 l&#8217;interesse del bambino.<br\/><\/p>\n\n<p class=\"has-text-align-left\"><strong>Quanto tempo rimangono le famiglie?<br\/><\/strong>In media undici mesi. I soggiorni brevi durano tre mesi, ma ci possono essere anche periodi di<br\/>tre anni. Offriamo anche assistenza post-ospedaliera e supporto socio-educativo alle famiglie.<br\/><\/p>\n\n<p class=\"has-text-align-left\"><strong>Come viene finanziata la fondazione? Per cosa avete bisogno di donazioni?<br\/><\/strong>Abbiamo un contratto di servizio con il Cantone di Berna per il funzionamento, la cura e l&#8217;assistenza. Tuttavia, per l&#8217;ulteriore sviluppo dell&#8217;istituzione, come ad esempio l&#8217;ampliamento delle sedi, <a href=\"https:\/\/app.deinadieu.ch\/da\/testament\/7553\">dipendiamo dalle donazioni<\/a>. Ad esempio, abbiamo affittato un edificio a Steffisburg e abbiamo progettato l&#8217;area esterna con attrezzature da gioco. Senza le donazioni, questo progetto non sarebbe stato possibile.<br\/><\/p>\n\n<figure class=\"wp-block-image size-large\"><img loading=\"lazy\" decoding=\"async\" width=\"1024\" height=\"683\" src=\"https:\/\/www.deinadieu.ch\/wp-content\/uploads\/2023\/02\/DA_PDB_MFR3928-1024x683.jpg\" alt=\"\" class=\"wp-image-61634\" srcset=\"https:\/\/www.deinadieu.ch\/wp-content\/uploads\/2023\/02\/DA_PDB_MFR3928-1024x683.jpg 1024w, https:\/\/www.deinadieu.ch\/wp-content\/uploads\/2023\/02\/DA_PDB_MFR3928-300x200.jpg 300w, https:\/\/www.deinadieu.ch\/wp-content\/uploads\/2023\/02\/DA_PDB_MFR3928-1536x1024.jpg 1536w\" sizes=\"auto, (max-width: 1024px) 100vw, 1024px\" \/><figcaption class=\"wp-element-caption\">Daniel Berger: &#8220;Con il nostro aiuto, le donne possono ancora svolgere il loro ruolo di madri&#8221;. \u00a9 Manu Friederich<\/figcaption><\/figure>\n\n<p class=\"has-text-align-left\"><strong>Perch\u00e9 lavora l\u00ec?<br\/><\/strong>Lavoro l\u00ec dal 2007. Il concetto mi ha convinto fin dall&#8217;inizio, e in<br\/>questo periodo ha incontrato circa 150 madri e i loro bambini. Ogni situazione era unica e meritava un sostegno. Per le madri interessate, la posta in gioco \u00e8 alta: non essere separate dal proprio bambino. Quando abbiamo iniziato, 16 anni fa, avevamo solo quattro posti nell&#8217;Emmentaler Wasen. Era ancora una piccola impresa. Il fatto che siamo stati in grado di sviluppare e costruire qualcosa in questi anni rende il lavoro eccitante e mi motiva. Attualmente impieghiamo oltre 50 persone, offriamo pi\u00f9 di 3000 posti di lavoro e accompagniamo 25 famiglie. Vedo che possiamo fare la differenza e questo mi entusiasma.<\/p>\n\n<p class=\"has-text-align-left\"><br\/><strong>C&#8217;\u00e8 una storia che l&#8217;ha particolarmente commossa?<br\/><\/strong>Ricordo una giovane donna portata dalla polizia con il suo bambino. L&#8217;ARP aveva emesso un&#8217;ordinanza superprovvisoria in tal senso. Era carica e la sua resistenza era grande. Le ho detto: &#8220;Cerca di trarre il meglio da questa situazione. Fallo per tuo figlio&#8221;. \u00c8 stata con noi per un anno. In seguito, quando stavo raccogliendo i voti per un opuscolo, lei voleva davvero essere coinvolta. Il suo feedback \u00e8 stato: &#8220;L&#8217;Elim \u00e8 stata la cosa migliore che mi potesse capitare&#8221;. Dopo poche settimane il suo atteggiamento si \u00e8 ribaltato e alla fine ha reso possibile il cambiamento. Mi ha fatto molto piacere. Nove madri su dieci hanno trovato una soluzione con il loro bambino dopo il periodo trascorso con noi, e spesso continuano a essere accompagnate su base ambulatoriale. Questo dimostra che vogliamo dare alla madre la possibilit\u00e0 di rimanere con il suo bambino, di trovare un modo.<\/p>\n\n<p><\/p>\n\n\n        <div class=\"da-servicebox relative bg-gray-200 p-4 pt-8 border-solid border-t-8 border-da-dark mb-6\">\n            <i class=\"fas fa-info-circle mx-auto fa-7x text-da-dark\"><\/i>\n            <span style=\"hyphens: auto\">\n                <\/p>\n\n<p>La <a href=\"https:\/\/www.deinadieu.ch\/it\/organizzazioni-caritatevoli\/\">Fondazione Elim per genitori e figli<\/a> ha tre sedi nel Cantone di Berna. Offre assistenza e supporto professionale a madri e gestanti in difficolt\u00e0 a Wasen, Wiedlisbach e Steffisburg. L&#8217;obiettivo \u00e8 garantire il benessere del bambino senza dover separare madre e figlio.<\/p>\n\n<p>I servizi sono adattati al meglio alle esigenze individuali e alle risorse del sistema familiare. Il concetto comprende servizi ambulatoriali e ospedalieri. Le preoccupazioni principali sono un legame sicuro tra madre e bambino, il rafforzamento delle capacit\u00e0 materne e un sistema sociale stabile. Per esempio, ci sono appartamenti o appartamenti condivisi con assistenza professionale a 360 gradi per 24 ore, alloggi assistiti con servizio di reperibilit\u00e0 come tappa intermedia nel percorso verso l&#8217;indipendenza, o il sostegno socio-educativo alla famiglia, che supporta i genitori single e le famiglie nell&#8217;affrontare e modificare positivamente le situazioni di vita problematiche. \n                \n                \n            <\/span>\n        <\/div>\n        \n\n<div style=\"height:100px\" aria-hidden=\"true\" class=\"wp-block-spacer\"><\/div>\n\n<div class=\"wp-block-buttons is-layout-flex wp-block-buttons-is-layout-flex\">\n<div class=\"wp-block-button\"><a class=\"wp-block-button__link wp-element-button\" href=\"https:\/\/app.deinadieu.ch\/da\/testament\/7553\">Beneficiare l&#8217;ELIM nel testamento<\/a><\/div>\n<\/div>\n","protected":false},"excerpt":{"rendered":"<p>Avete subito violenza, soffrite di difficolt\u00e0 psicologiche o avete esigenze di integrazione. E non volete essere separati dai vostri figli per nessun motivo. Le madri trovano sostegno presso la Fondazione per genitori e figli (ELIM). Abbiamo parlato con il direttore dell&#8217;istituto, Daniel Berger.<\/p>\n","protected":false},"author":6028,"featured_media":61637,"comment_status":"open","ping_status":"closed","sticky":false,"template":"","format":"standard","meta":{"_acf_changed":false,"footnotes":""},"categories":[2474],"tags":[3450,2906,3160],"class_list":["post-61962","post","type-post","status-publish","format-standard","has-post-thumbnail","hentry","category-opere-caritative","tag-genitori","tag-organizzazione-senza-scopo-di-lucro","tag-organizzazioni-di-aiuto"],"acf":[],"yoast_head":"<title>Ritratto: Fondazione Elim per genitori e figli DeinAdieu.ch<\/title>\n<meta name=\"description\" content=\"Affinch\u00e9 i vostri figli possano rimanere con voi, la Fondazione per genitori e figli (ELIM) aiuta le madri in difficolt\u00e0.\" \/>\n<meta name=\"robots\" content=\"index, follow, max-snippet:-1, max-image-preview:large, max-video-preview:-1\" \/>\n<link rel=\"canonical\" href=\"https:\/\/www.deinadieu.ch\/it\/se-non-fate-nulla-il-vostro-bambino-verrebbe-affidato-a-terzi\/\" \/>\n<meta property=\"og:locale\" content=\"it_IT\" \/>\n<meta property=\"og:type\" content=\"article\" \/>\n<meta property=\"og:title\" content=\"&quot;Se non fate nulla, il vostro bambino verrebbe affidato a terzi&quot;.\" \/>\n<meta property=\"og:description\" content=\"Avete subito violenza, soffrite di difficolt\u00e0 psicologiche o avete esigenze di integrazione. E non volete essere separati dai vostri figli per nessun\" \/>\n<meta property=\"og:url\" content=\"https:\/\/www.deinadieu.ch\/it\/se-non-fate-nulla-il-vostro-bambino-verrebbe-affidato-a-terzi\/\" \/>\n<meta property=\"og:site_name\" content=\"DeinAdieu.ch\" \/>\n<meta property=\"article:publisher\" content=\"https:\/\/www.facebook.com\/deinadieu\" \/>\n<meta property=\"article:published_time\" content=\"2023-02-14T06:30:00+00:00\" \/>\n<meta property=\"article:modified_time\" content=\"2024-03-25T14:27:04+00:00\" \/>\n<meta property=\"og:image\" content=\"https:\/\/static.deinadieu.ch\/uploads\/2023\/02\/DA_PDB_MFR3928-1024x683.jpg\" \/>\n\t<meta property=\"og:image:width\" content=\"1024\" \/>\n\t<meta property=\"og:image:height\" content=\"683\" \/>\n\t<meta property=\"og:image:type\" content=\"image\/jpeg\" \/>\n<meta name=\"author\" content=\"Janina Gehrig, MA UZH, Redaktorin\" \/>\n<meta name=\"twitter:card\" content=\"summary_large_image\" \/>\n<meta name=\"twitter:creator\" content=\"@DeinAdieu\" \/>\n<meta name=\"twitter:site\" content=\"@DeinAdieu\" \/>\n<meta name=\"twitter:label1\" content=\"Written by\" \/>\n\t<meta name=\"twitter:data1\" content=\"Janina Gehrig, MA UZH, Redaktorin\" \/>\n\t<meta name=\"twitter:label2\" content=\"Est. reading time\" \/>\n\t<meta name=\"twitter:data2\" content=\"6 minutes\" \/>\n<script type=\"application\/ld+json\" class=\"yoast-schema-graph\">{\"@context\":\"https:\\\/\\\/schema.org\",\"@graph\":[{\"@type\":\"Article\",\"@id\":\"https:\\\/\\\/www.deinadieu.ch\\\/it\\\/se-non-fate-nulla-il-vostro-bambino-verrebbe-affidato-a-terzi\\\/#article\",\"isPartOf\":{\"@id\":\"https:\\\/\\\/www.deinadieu.ch\\\/it\\\/se-non-fate-nulla-il-vostro-bambino-verrebbe-affidato-a-terzi\\\/\"},\"author\":{\"name\":\"Janina Gehrig, MA UZH, Redaktorin\",\"@id\":\"https:\\\/\\\/www.deinadieu.ch\\\/it\\\/#\\\/schema\\\/person\\\/78cffe1cb679e17f919e3d0c0e7b9673\"},\"headline\":\"&#8220;Se non fate nulla, il vostro bambino verrebbe affidato a terzi&#8221;.\",\"datePublished\":\"2023-02-14T06:30:00+00:00\",\"dateModified\":\"2024-03-25T14:27:04+00:00\",\"mainEntityOfPage\":{\"@id\":\"https:\\\/\\\/www.deinadieu.ch\\\/it\\\/se-non-fate-nulla-il-vostro-bambino-verrebbe-affidato-a-terzi\\\/\"},\"wordCount\":1182,\"commentCount\":0,\"publisher\":{\"@id\":\"https:\\\/\\\/www.deinadieu.ch\\\/it\\\/#organization\"},\"image\":{\"@id\":\"https:\\\/\\\/www.deinadieu.ch\\\/it\\\/se-non-fate-nulla-il-vostro-bambino-verrebbe-affidato-a-terzi\\\/#primaryimage\"},\"thumbnailUrl\":\"https:\\\/\\\/www.deinadieu.ch\\\/wp-content\\\/uploads\\\/2023\\\/02\\\/DA_PDB_MFR3928.jpg\",\"keywords\":[\"Genitori\",\"Organizzazione senza scopo di lucro\",\"Organizzazioni di aiuto\"],\"articleSection\":[\"Focus sulle opere caritative\"],\"inLanguage\":\"it-IT\",\"potentialAction\":[{\"@type\":\"CommentAction\",\"name\":\"Comment\",\"target\":[\"https:\\\/\\\/www.deinadieu.ch\\\/it\\\/se-non-fate-nulla-il-vostro-bambino-verrebbe-affidato-a-terzi\\\/#respond\"]}]},{\"@type\":\"WebPage\",\"@id\":\"https:\\\/\\\/www.deinadieu.ch\\\/it\\\/se-non-fate-nulla-il-vostro-bambino-verrebbe-affidato-a-terzi\\\/\",\"url\":\"https:\\\/\\\/www.deinadieu.ch\\\/it\\\/se-non-fate-nulla-il-vostro-bambino-verrebbe-affidato-a-terzi\\\/\",\"name\":\"Ritratto: Fondazione Elim per genitori e figli DeinAdieu.ch\",\"isPartOf\":{\"@id\":\"https:\\\/\\\/www.deinadieu.ch\\\/it\\\/#website\"},\"primaryImageOfPage\":{\"@id\":\"https:\\\/\\\/www.deinadieu.ch\\\/it\\\/se-non-fate-nulla-il-vostro-bambino-verrebbe-affidato-a-terzi\\\/#primaryimage\"},\"image\":{\"@id\":\"https:\\\/\\\/www.deinadieu.ch\\\/it\\\/se-non-fate-nulla-il-vostro-bambino-verrebbe-affidato-a-terzi\\\/#primaryimage\"},\"thumbnailUrl\":\"https:\\\/\\\/www.deinadieu.ch\\\/wp-content\\\/uploads\\\/2023\\\/02\\\/DA_PDB_MFR3928.jpg\",\"datePublished\":\"2023-02-14T06:30:00+00:00\",\"dateModified\":\"2024-03-25T14:27:04+00:00\",\"description\":\"Affinch\u00e9 i vostri figli possano rimanere con voi, la Fondazione per genitori e figli (ELIM) aiuta le madri in difficolt\u00e0.\",\"breadcrumb\":{\"@id\":\"https:\\\/\\\/www.deinadieu.ch\\\/it\\\/se-non-fate-nulla-il-vostro-bambino-verrebbe-affidato-a-terzi\\\/#breadcrumb\"},\"inLanguage\":\"it-IT\",\"potentialAction\":[{\"@type\":\"ReadAction\",\"target\":[\"https:\\\/\\\/www.deinadieu.ch\\\/it\\\/se-non-fate-nulla-il-vostro-bambino-verrebbe-affidato-a-terzi\\\/\"]}]},{\"@type\":\"ImageObject\",\"inLanguage\":\"it-IT\",\"@id\":\"https:\\\/\\\/www.deinadieu.ch\\\/it\\\/se-non-fate-nulla-il-vostro-bambino-verrebbe-affidato-a-terzi\\\/#primaryimage\",\"url\":\"https:\\\/\\\/www.deinadieu.ch\\\/wp-content\\\/uploads\\\/2023\\\/02\\\/DA_PDB_MFR3928.jpg\",\"contentUrl\":\"https:\\\/\\\/www.deinadieu.ch\\\/wp-content\\\/uploads\\\/2023\\\/02\\\/DA_PDB_MFR3928.jpg\",\"width\":7731,\"height\":5154,\"caption\":\"Daniel Berger, direttore della fondazione per genitori e figli ELIM (Foto: Manu Friederich)\"},{\"@type\":\"BreadcrumbList\",\"@id\":\"https:\\\/\\\/www.deinadieu.ch\\\/it\\\/se-non-fate-nulla-il-vostro-bambino-verrebbe-affidato-a-terzi\\\/#breadcrumb\",\"itemListElement\":[{\"@type\":\"ListItem\",\"position\":1,\"name\":\"Home\",\"item\":\"https:\\\/\\\/www.deinadieu.ch\\\/it\\\/deinadieu-dialog-und-serviceportal-zum-lebensende\\\/\"},{\"@type\":\"ListItem\",\"position\":2,\"name\":\"&#8220;Se non fate nulla, il vostro bambino verrebbe affidato a terzi&#8221;.\"}]},{\"@type\":\"WebSite\",\"@id\":\"https:\\\/\\\/www.deinadieu.ch\\\/it\\\/#website\",\"url\":\"https:\\\/\\\/www.deinadieu.ch\\\/it\\\/\",\"name\":\"DeinAdieu.ch\",\"description\":\"Testament, Patientenverf\u00fcgung und Vorsorgeauftrag\",\"publisher\":{\"@id\":\"https:\\\/\\\/www.deinadieu.ch\\\/it\\\/#organization\"},\"potentialAction\":[{\"@type\":\"SearchAction\",\"target\":{\"@type\":\"EntryPoint\",\"urlTemplate\":\"https:\\\/\\\/www.deinadieu.ch\\\/it\\\/?s={search_term_string}\"},\"query-input\":{\"@type\":\"PropertyValueSpecification\",\"valueRequired\":true,\"valueName\":\"search_term_string\"}}],\"inLanguage\":\"it-IT\"},{\"@type\":\"Organization\",\"@id\":\"https:\\\/\\\/www.deinadieu.ch\\\/it\\\/#organization\",\"name\":\"EMNA Web GmbH\",\"url\":\"https:\\\/\\\/www.deinadieu.ch\\\/it\\\/\",\"logo\":{\"@type\":\"ImageObject\",\"inLanguage\":\"it-IT\",\"@id\":\"https:\\\/\\\/www.deinadieu.ch\\\/it\\\/#\\\/schema\\\/logo\\\/image\\\/\",\"url\":\"https:\\\/\\\/www.deinadieu.ch\\\/wp-content\\\/uploads\\\/2016\\\/01\\\/DeinAdieu_Logo.png\",\"contentUrl\":\"https:\\\/\\\/www.deinadieu.ch\\\/wp-content\\\/uploads\\\/2016\\\/01\\\/DeinAdieu_Logo.png\",\"width\":300,\"height\":117,\"caption\":\"EMNA Web GmbH\"},\"image\":{\"@id\":\"https:\\\/\\\/www.deinadieu.ch\\\/it\\\/#\\\/schema\\\/logo\\\/image\\\/\"},\"sameAs\":[\"https:\\\/\\\/www.facebook.com\\\/deinadieu\",\"https:\\\/\\\/x.com\\\/DeinAdieu\",\"https:\\\/\\\/www.instagram.com\\\/deinadieu\\\/\",\"https:\\\/\\\/www.linkedin.com\\\/company\\\/deinadieu.ch\"]},{\"@type\":\"Person\",\"@id\":\"https:\\\/\\\/www.deinadieu.ch\\\/it\\\/#\\\/schema\\\/person\\\/78cffe1cb679e17f919e3d0c0e7b9673\",\"name\":\"Janina Gehrig, MA UZH, Redaktorin\",\"image\":{\"@type\":\"ImageObject\",\"inLanguage\":\"it-IT\",\"@id\":\"https:\\\/\\\/secure.gravatar.com\\\/avatar\\\/8bfc4dca12cd7c0a0373c12f34587d1f6a6117903e7ecc0035863bd69df6fb07?s=96&d=mm&r=g\",\"url\":\"https:\\\/\\\/secure.gravatar.com\\\/avatar\\\/8bfc4dca12cd7c0a0373c12f34587d1f6a6117903e7ecc0035863bd69df6fb07?s=96&d=mm&r=g\",\"contentUrl\":\"https:\\\/\\\/secure.gravatar.com\\\/avatar\\\/8bfc4dca12cd7c0a0373c12f34587d1f6a6117903e7ecc0035863bd69df6fb07?s=96&d=mm&r=g\",\"caption\":\"Janina Gehrig, MA UZH, Redaktorin\"},\"url\":\"https:\\\/\\\/www.deinadieu.ch\\\/it\\\/author\\\/janinagehrig\\\/\"}]}<\/script>","yoast_head_json":{"title":"Ritratto: Fondazione Elim per genitori e figli DeinAdieu.ch","description":"Affinch\u00e9 i vostri figli possano rimanere con voi, la Fondazione per genitori e figli (ELIM) aiuta le madri in difficolt\u00e0.","robots":{"index":"index","follow":"follow","max-snippet":"max-snippet:-1","max-image-preview":"max-image-preview:large","max-video-preview":"max-video-preview:-1"},"canonical":"https:\/\/www.deinadieu.ch\/it\/se-non-fate-nulla-il-vostro-bambino-verrebbe-affidato-a-terzi\/","og_locale":"it_IT","og_type":"article","og_title":"\"Se non fate nulla, il vostro bambino verrebbe affidato a terzi\".","og_description":"Avete subito violenza, soffrite di difficolt\u00e0 psicologiche o avete esigenze di integrazione. E non volete essere separati dai vostri figli per nessun","og_url":"https:\/\/www.deinadieu.ch\/it\/se-non-fate-nulla-il-vostro-bambino-verrebbe-affidato-a-terzi\/","og_site_name":"DeinAdieu.ch","article_publisher":"https:\/\/www.facebook.com\/deinadieu","article_published_time":"2023-02-14T06:30:00+00:00","article_modified_time":"2024-03-25T14:27:04+00:00","og_image":[{"width":1024,"height":683,"url":"https:\/\/static.deinadieu.ch\/uploads\/2023\/02\/DA_PDB_MFR3928-1024x683.jpg","type":"image\/jpeg"}],"author":"Janina Gehrig, MA UZH, Redaktorin","twitter_card":"summary_large_image","twitter_creator":"@DeinAdieu","twitter_site":"@DeinAdieu","twitter_misc":{"Written by":"Janina Gehrig, MA UZH, Redaktorin","Est. reading time":"6 minutes"},"schema":{"@context":"https:\/\/schema.org","@graph":[{"@type":"Article","@id":"https:\/\/www.deinadieu.ch\/it\/se-non-fate-nulla-il-vostro-bambino-verrebbe-affidato-a-terzi\/#article","isPartOf":{"@id":"https:\/\/www.deinadieu.ch\/it\/se-non-fate-nulla-il-vostro-bambino-verrebbe-affidato-a-terzi\/"},"author":{"name":"Janina Gehrig, MA UZH, Redaktorin","@id":"https:\/\/www.deinadieu.ch\/it\/#\/schema\/person\/78cffe1cb679e17f919e3d0c0e7b9673"},"headline":"&#8220;Se non fate nulla, il vostro bambino verrebbe affidato a terzi&#8221;.","datePublished":"2023-02-14T06:30:00+00:00","dateModified":"2024-03-25T14:27:04+00:00","mainEntityOfPage":{"@id":"https:\/\/www.deinadieu.ch\/it\/se-non-fate-nulla-il-vostro-bambino-verrebbe-affidato-a-terzi\/"},"wordCount":1182,"commentCount":0,"publisher":{"@id":"https:\/\/www.deinadieu.ch\/it\/#organization"},"image":{"@id":"https:\/\/www.deinadieu.ch\/it\/se-non-fate-nulla-il-vostro-bambino-verrebbe-affidato-a-terzi\/#primaryimage"},"thumbnailUrl":"https:\/\/www.deinadieu.ch\/wp-content\/uploads\/2023\/02\/DA_PDB_MFR3928.jpg","keywords":["Genitori","Organizzazione senza scopo di lucro","Organizzazioni di aiuto"],"articleSection":["Focus sulle opere caritative"],"inLanguage":"it-IT","potentialAction":[{"@type":"CommentAction","name":"Comment","target":["https:\/\/www.deinadieu.ch\/it\/se-non-fate-nulla-il-vostro-bambino-verrebbe-affidato-a-terzi\/#respond"]}]},{"@type":"WebPage","@id":"https:\/\/www.deinadieu.ch\/it\/se-non-fate-nulla-il-vostro-bambino-verrebbe-affidato-a-terzi\/","url":"https:\/\/www.deinadieu.ch\/it\/se-non-fate-nulla-il-vostro-bambino-verrebbe-affidato-a-terzi\/","name":"Ritratto: Fondazione Elim per genitori e figli DeinAdieu.ch","isPartOf":{"@id":"https:\/\/www.deinadieu.ch\/it\/#website"},"primaryImageOfPage":{"@id":"https:\/\/www.deinadieu.ch\/it\/se-non-fate-nulla-il-vostro-bambino-verrebbe-affidato-a-terzi\/#primaryimage"},"image":{"@id":"https:\/\/www.deinadieu.ch\/it\/se-non-fate-nulla-il-vostro-bambino-verrebbe-affidato-a-terzi\/#primaryimage"},"thumbnailUrl":"https:\/\/www.deinadieu.ch\/wp-content\/uploads\/2023\/02\/DA_PDB_MFR3928.jpg","datePublished":"2023-02-14T06:30:00+00:00","dateModified":"2024-03-25T14:27:04+00:00","description":"Affinch\u00e9 i vostri figli possano rimanere con voi, la Fondazione per genitori e figli (ELIM) aiuta le madri in difficolt\u00e0.","breadcrumb":{"@id":"https:\/\/www.deinadieu.ch\/it\/se-non-fate-nulla-il-vostro-bambino-verrebbe-affidato-a-terzi\/#breadcrumb"},"inLanguage":"it-IT","potentialAction":[{"@type":"ReadAction","target":["https:\/\/www.deinadieu.ch\/it\/se-non-fate-nulla-il-vostro-bambino-verrebbe-affidato-a-terzi\/"]}]},{"@type":"ImageObject","inLanguage":"it-IT","@id":"https:\/\/www.deinadieu.ch\/it\/se-non-fate-nulla-il-vostro-bambino-verrebbe-affidato-a-terzi\/#primaryimage","url":"https:\/\/www.deinadieu.ch\/wp-content\/uploads\/2023\/02\/DA_PDB_MFR3928.jpg","contentUrl":"https:\/\/www.deinadieu.ch\/wp-content\/uploads\/2023\/02\/DA_PDB_MFR3928.jpg","width":7731,"height":5154,"caption":"Daniel Berger, direttore della fondazione per genitori e figli ELIM (Foto: Manu Friederich)"},{"@type":"BreadcrumbList","@id":"https:\/\/www.deinadieu.ch\/it\/se-non-fate-nulla-il-vostro-bambino-verrebbe-affidato-a-terzi\/#breadcrumb","itemListElement":[{"@type":"ListItem","position":1,"name":"Home","item":"https:\/\/www.deinadieu.ch\/it\/deinadieu-dialog-und-serviceportal-zum-lebensende\/"},{"@type":"ListItem","position":2,"name":"&#8220;Se non fate nulla, il vostro bambino verrebbe affidato a terzi&#8221;."}]},{"@type":"WebSite","@id":"https:\/\/www.deinadieu.ch\/it\/#website","url":"https:\/\/www.deinadieu.ch\/it\/","name":"DeinAdieu.ch","description":"Testament, Patientenverf\u00fcgung und Vorsorgeauftrag","publisher":{"@id":"https:\/\/www.deinadieu.ch\/it\/#organization"},"potentialAction":[{"@type":"SearchAction","target":{"@type":"EntryPoint","urlTemplate":"https:\/\/www.deinadieu.ch\/it\/?s={search_term_string}"},"query-input":{"@type":"PropertyValueSpecification","valueRequired":true,"valueName":"search_term_string"}}],"inLanguage":"it-IT"},{"@type":"Organization","@id":"https:\/\/www.deinadieu.ch\/it\/#organization","name":"EMNA Web GmbH","url":"https:\/\/www.deinadieu.ch\/it\/","logo":{"@type":"ImageObject","inLanguage":"it-IT","@id":"https:\/\/www.deinadieu.ch\/it\/#\/schema\/logo\/image\/","url":"https:\/\/www.deinadieu.ch\/wp-content\/uploads\/2016\/01\/DeinAdieu_Logo.png","contentUrl":"https:\/\/www.deinadieu.ch\/wp-content\/uploads\/2016\/01\/DeinAdieu_Logo.png","width":300,"height":117,"caption":"EMNA Web GmbH"},"image":{"@id":"https:\/\/www.deinadieu.ch\/it\/#\/schema\/logo\/image\/"},"sameAs":["https:\/\/www.facebook.com\/deinadieu","https:\/\/x.com\/DeinAdieu","https:\/\/www.instagram.com\/deinadieu\/","https:\/\/www.linkedin.com\/company\/deinadieu.ch"]},{"@type":"Person","@id":"https:\/\/www.deinadieu.ch\/it\/#\/schema\/person\/78cffe1cb679e17f919e3d0c0e7b9673","name":"Janina Gehrig, MA UZH, Redaktorin","image":{"@type":"ImageObject","inLanguage":"it-IT","@id":"https:\/\/secure.gravatar.com\/avatar\/8bfc4dca12cd7c0a0373c12f34587d1f6a6117903e7ecc0035863bd69df6fb07?s=96&d=mm&r=g","url":"https:\/\/secure.gravatar.com\/avatar\/8bfc4dca12cd7c0a0373c12f34587d1f6a6117903e7ecc0035863bd69df6fb07?s=96&d=mm&r=g","contentUrl":"https:\/\/secure.gravatar.com\/avatar\/8bfc4dca12cd7c0a0373c12f34587d1f6a6117903e7ecc0035863bd69df6fb07?s=96&d=mm&r=g","caption":"Janina Gehrig, MA UZH, Redaktorin"},"url":"https:\/\/www.deinadieu.ch\/it\/author\/janinagehrig\/"}]}},"_links":{"self":[{"href":"https:\/\/www.deinadieu.ch\/it\/wp-json\/wp\/v2\/posts\/61962","targetHints":{"allow":["GET"]}}],"collection":[{"href":"https:\/\/www.deinadieu.ch\/it\/wp-json\/wp\/v2\/posts"}],"about":[{"href":"https:\/\/www.deinadieu.ch\/it\/wp-json\/wp\/v2\/types\/post"}],"author":[{"embeddable":true,"href":"https:\/\/www.deinadieu.ch\/it\/wp-json\/wp\/v2\/users\/6028"}],"replies":[{"embeddable":true,"href":"https:\/\/www.deinadieu.ch\/it\/wp-json\/wp\/v2\/comments?post=61962"}],"version-history":[{"count":5,"href":"https:\/\/www.deinadieu.ch\/it\/wp-json\/wp\/v2\/posts\/61962\/revisions"}],"predecessor-version":[{"id":67268,"href":"https:\/\/www.deinadieu.ch\/it\/wp-json\/wp\/v2\/posts\/61962\/revisions\/67268"}],"wp:featuredmedia":[{"embeddable":true,"href":"https:\/\/www.deinadieu.ch\/it\/wp-json\/wp\/v2\/media\/61637"}],"wp:attachment":[{"href":"https:\/\/www.deinadieu.ch\/it\/wp-json\/wp\/v2\/media?parent=61962"}],"wp:term":[{"taxonomy":"category","embeddable":true,"href":"https:\/\/www.deinadieu.ch\/it\/wp-json\/wp\/v2\/categories?post=61962"},{"taxonomy":"post_tag","embeddable":true,"href":"https:\/\/www.deinadieu.ch\/it\/wp-json\/wp\/v2\/tags?post=61962"}],"curies":[{"name":"wp","href":"https:\/\/api.w.org\/{rel}","templated":true}]}}