{"id":61378,"date":"2023-01-09T15:06:03","date_gmt":"2023-01-09T14:06:03","guid":{"rendered":"https:\/\/www.deinadieu.ch\/piu-il-mondo-e-insicuro-piu-i-giovani-sono-insicuri\/"},"modified":"2023-06-07T16:45:20","modified_gmt":"2023-06-07T14:45:20","slug":"piu-il-mondo-e-insicuro-piu-i-giovani-sono-insicuri","status":"publish","type":"post","link":"https:\/\/www.deinadieu.ch\/it\/piu-il-mondo-e-insicuro-piu-i-giovani-sono-insicuri\/","title":{"rendered":"Pi\u00f9 il mondo \u00e8 insicuro, pi\u00f9 i giovani sono insicuri."},"content":{"rendered":"\n<p>Pandemie, guerre, cambiamenti climatici e disuguaglianze sociali: Dal 2019, circa il 40% in pi\u00f9 di bambini e giovani ha contattato Pro Juventute perch\u00e9 bisognosi di consulenza e aiuto. Anastassiya Korf \u00e8 da due anni responsabile dei servizi di consulenza di Pro Juventute nella Svizzera tedesca. La fondazione sostiene i bambini e i giovani a rimanere psicologicamente sani, nonostante la multicrisi.<\/p>\n\n<!--more-->\n\n<p>In un breve periodo di tempo, i bambini e i giovani hanno dovuto affrontare numerose crisi. Queste colpiscono i bambini e i giovani in una fase particolarmente vulnerabile della vita e scatenano le loro paure. I bambini e gli adolescenti attraversano cambiamenti psicologici, biologici e sociali. Un&#8217;et\u00e0 formativa con esperienze formative: &#8220;L&#8217;adolescenza \u00e8 un&#8217;et\u00e0 importante, ricca di cantieri e di eventi rivoluzionari. Non si pu\u00f2 recuperare il ballo di fine anno, per esempio&#8221;, dice Anastassiya Korf, che lavora da 17 anni nel settore dell&#8217;assistenza ai bambini e ai giovani. Negli ultimi due anni, l&#8217;assistente sociale \u00e8 stata responsabile dei servizi di consulenza di Pro Juventute nella Svizzera tedesca.<em> &#8220;<\/em>Molti problemi psicologici vengono liquidati come esperienze di pubert\u00e0, ma i problemi non scompaiono semplicemente dopo l&#8217;adolescenza per poi ripresentarsi in et\u00e0 adulta. Non si possono lasciare bambini e giovani abbandonati al proprio destino&#8221;, afferma Anastassiya Korf.<\/p>\n\n<p><strong>40 per cento di sforzi in pi\u00f9 per la consulenza<\/strong><\/p>\n\n<p>Ogni anno, pi\u00f9 di 300.000 bambini e adolescenti e circa 140.000 genitori e assistenti in tutta la Svizzera usufruiscono dei servizi di Pro Juventute. La visione di Pro Juventute \u00e8 quella di consentire a ogni bambino in Svizzera di avere un&#8217;infanzia soddisfacente e di crescere in modo autodeterminato e responsabile. Come fondazione, Pro Juventute \u00e8 finanziata in gran parte da donazioni private. &#8220;Utilizziamo le donazioni per progetti che seguono la nostra visione. In particolare, vogliamo rafforzare il sano sviluppo mentale dei bambini e dei giovani, offrendo loro un orecchio aperto con i nostri servizi di consulenza 24 ore su 24&#8221;, afferma l&#8217;assistente sociale Korf.<\/p>\n\n<p>Dall&#8217;inizio della pandemia nel 2019, le spese di consulenza di Pro Juventute sono aumentate del 40%. Secondo il responsabile della consulenza per la Svizzera tedesca, l&#8217;azienda ha reagito rapidamente alle sfide per mantenere l&#8217;operativit\u00e0: i processi sono stati digitalizzati e sono stati introdotti turni di lavoro supplementari nei periodi di punta. Il forte aumento della domanda di servizi di consulenza richiede un maggiore sostegno, perch\u00e9 i servizi di consulenza devono essere ampliati e adattati alle esigenze dei bambini e dei giovani. Affinch\u00e9 i servizi siano accessibili digitalmente, sono necessari ulteriori investimenti.<\/p>\n\n<p><strong>Donazioni per la salute mentale e l&#8217;alfabetizzazione mediatica<\/strong><\/p>\n\n<p>&#8220;Il sostegno attraverso lasciti ed eredit\u00e0 \u00e8 molto importante per la nostra organizzazione. Grazie all&#8217;impegno dei nostri legatari, Pro Juventute \u00e8 in grado di sostenere ogni anno i bambini, i giovani e i loro genitori, aiutandoli in modo diretto ed efficace con un&#8217;ampia gamma di offerte e servizi&#8221;, afferma Korf. Natale, Pasqua o Capodanno: con il <a href=\"https:\/\/www.147.ch\/\">numero d&#8217;emergenza 147<\/a>, la Fondazione Pro Juventute offre una consulenza confidenziale e un orecchio attento 24 ore su 24. Mantenere un servizio di consulenza professionale 365 giorni all&#8217;anno \u00e8 molto costoso. Oltre al numero di emergenza 147, Pro Juventute offre consulenza per i genitori, per gli animatori giovanili per i dipendenti delle associazioni e del settore del tempo libero e, dall&#8217;estate 2022, per i rifugiati provenienti dall&#8217;Ucraina.<\/p>\n\n<p>Pro Juventute utilizza anche le donazioni per aumentare la consapevolezza, la prevenzione e l&#8217;empowerment nell&#8217;uso dei social media e dei media digitali. L&#8217;alfabetizzazione mediatica \u00e8 un&#8217;abilit\u00e0 fondamentale per navigare nel mondo delle notizie nel mondo di oggi: Cosa sono i fatti, cosa sono le fake news? Molti bambini e ragazzi trascorrono diverse ore al giorno sui social media e sui media digitali. \u00c8 quindi ancora pi\u00f9 importante che siano sensibilizzati a un consumo sano dei media.<\/p>\n\n<figure class=\"wp-block-image size-large\"><img loading=\"lazy\" decoding=\"async\" width=\"1024\" height=\"683\" src=\"https:\/\/www.deinadieu.ch\/wp-content\/uploads\/2023\/01\/Unknown-2-1024x683.jpg\" alt=\"\" class=\"wp-image-61175\" srcset=\"https:\/\/www.deinadieu.ch\/wp-content\/uploads\/2023\/01\/Unknown-2-1024x683.jpg 1024w, https:\/\/www.deinadieu.ch\/wp-content\/uploads\/2023\/01\/Unknown-2-300x200.jpg 300w, https:\/\/www.deinadieu.ch\/wp-content\/uploads\/2023\/01\/Unknown-2-1536x1024.jpg 1536w, https:\/\/www.deinadieu.ch\/wp-content\/uploads\/2023\/01\/Unknown-2-2048x1366.jpg 2048w\" sizes=\"auto, (max-width: 1024px) 100vw, 1024px\" \/><figcaption class=\"wp-element-caption\">Dal 1999, assistenti sociali e psicologi formati supportano i bambini e gli adolescenti al numero 147.<\/figcaption><\/figure>\n\n<p><strong>Ascoltare, rafforzare e rassicurare<\/strong><\/p>\n\n<p>Consulenza a bassa soglia senza attendere lo scoppio: i servizi di consulenza di Pro Juventute per bambini e giovani hanno un effetto preventivo. Dal 1999, assistenti sociali e psicologi qualificati sostengono i bambini e i giovani al numero 147. Altri canali completano la consulenza confidenziale: via chat, e-mail o SMS, le persone colpite possono anche scambiare informazioni con i professionisti per iscritto. Questi canali sono a bassa soglia rispetto al contatto pi\u00f9 personale al telefono. Inoltre, Pro Juventute offre anche la cosiddetta consulenza tra pari, in cui i giovani scambiano le loro preoccupazioni e i loro problemi con dei loro coetanei. Spesso le persone colpite non osano dire nulla all&#8217;inizio, dice Anastassiya Korf. L&#8217;ascolto, il rinforzo e la rassicurazione sono il fine ultimo della consulenza. In caso di incidenti gravi, Pro Juventute avvia anche ulteriori iniziative e, ad esempio, stabilisce un contatto con l&#8217;assistenza alle vittime.<\/p>\n\n<p><strong>Disturbi d&#8217;ansia in forte aumento<\/strong><\/p>\n\n<p>Pi\u00f9 l&#8217;ambiente \u00e8 insicuro, pi\u00f9 i giovani diventano insicuri: Dall&#8217;inizio della pandemia, i disturbi d&#8217;ansia sono aumentati notevolmente nelle sedute di consulenza di Pro Juventute. Con lo scoppio della guerra in Ucraina, queste si sono nuovamente intensificate. &#8220;La guerra non \u00e8 direttamente percepibile qui in Svizzera, ma i bambini e i giovani vedono le immagini sui social media e sentono l&#8217;insicurezza del loro ambiente&#8221;, descrive Korf. Oltre alla consulenza sul tema &#8220;ansia&#8221;, che \u00e8 aumentata di circa il 30% dall&#8217;inizio del 2022, un numero maggiore di bambini e adolescenti soffre anche di stati depressivi e depressione o ha pensieri suicidi. In caso di intenzioni suicide, la Fondazione avvia interventi di crisi e fornisce servizi di emergenza &#8211; il numero di interventi di crisi \u00e8 raddoppiato rispetto al 2019. &#8220;Se salviamo la vita di un solo bambino, il nostro lavoro \u00e8 stato utile&#8221;, dice Anastassiya Korf. Lei e il suo team di 21 persone hanno contatti quotidiani con una media di sette giovani che parlano di suicidio.<\/p>\n\n<figure class=\"wp-block-image size-large\"><img loading=\"lazy\" decoding=\"async\" width=\"1024\" height=\"683\" src=\"https:\/\/www.deinadieu.ch\/wp-content\/uploads\/2023\/01\/Unknown-3-1024x683.jpg\" alt=\"\" class=\"wp-image-61179\" srcset=\"https:\/\/www.deinadieu.ch\/wp-content\/uploads\/2023\/01\/Unknown-3-1024x683.jpg 1024w, https:\/\/www.deinadieu.ch\/wp-content\/uploads\/2023\/01\/Unknown-3-300x200.jpg 300w, https:\/\/www.deinadieu.ch\/wp-content\/uploads\/2023\/01\/Unknown-3-1536x1024.jpg 1536w, https:\/\/www.deinadieu.ch\/wp-content\/uploads\/2023\/01\/Unknown-3-2048x1365.jpg 2048w\" sizes=\"auto, (max-width: 1024px) 100vw, 1024px\" \/><figcaption class=\"wp-element-caption\">Parlare di ci\u00f2 che hanno vissuto aiuta i bambini e i ragazzi a classificare le loro esperienze e i loro sentimenti e crea sollievo.<\/figcaption><\/figure>\n\n<p><strong>Consulenza in Ucraina per i rifugiati<\/strong><\/p>\n\n<p>Nell&#8217;estate del 2022, Pro Juventute ha istituito un servizio di supporto psicosociale per i rifugiati provenienti dall&#8217;Ucraina. Due psicologi che parlano ucraino e russo forniscono consulenza a bambini, adolescenti e ai loro assistenti tramite Telegram, WhatsApp o telefono. Le madri di bambini rifugiati si rivolgono spesso a Pro Juventute perch\u00e9 hanno notato che i loro figli sono chiusi in se stessi o soffrono di disturbi del sonno o dell&#8217;alimentazione. Anche i bambini e i giovani ucraini si rivolgono alla hotline quando hanno difficolt\u00e0 a scuola, ad esempio. E parlano delle loro esperienze di volo: Dei carri armati, degli attacchi con i razzi e del continuo allarme, che a volte sentono ancora adesso. I bambini e i giovani sono preoccupati per i loro padri e parenti in Ucraina. Durante le interruzioni di corrente, i contatti con la famiglia e gli amici nel paese d&#8217;origine si interrompono completamente. &#8220;Un giovane ci ha detto che si sentiva in colpa perch\u00e9 ora vive qui in Svizzera in sicurezza e suo padre \u00e8 al fronte. A volte noi di Pro Juventute siamo gli unici a cui le persone in cerca di protezione possono confidare le loro paure e preoccupazioni&#8221;, afferma Anastassiya Korf. Parlare di ci\u00f2 che si \u00e8 vissuto e sofferto aiuta a classificare le esperienze e i sentimenti e crea sollievo. Questo vale per tutti i bambini e i giovani che si rivolgono a Pro Juventute.<\/p>\n\n<div style=\"height:40px\" aria-hidden=\"true\" class=\"wp-block-spacer\"><\/div>\n\n<div class=\"wp-block-buttons is-layout-flex wp-block-buttons-is-layout-flex\">\n<div class=\"wp-block-button\"><a class=\"wp-block-button__link wp-element-button\" href=\"https:\/\/app.deinadieu.ch\/da\/testament\/7197\">Fate di Pro Juventute un beneficiario nel vostro testamento<\/a><\/div>\n<\/div>\n","protected":false},"excerpt":{"rendered":"<p>Pandemie, guerre, cambiamenti climatici e disuguaglianze sociali: Dal 2019, circa il 40% in pi\u00f9 di bambini e giovani ha contattato Pro Juventute perch\u00e9 bisognosi di consulenza e aiuto. Anastassiya Korf \u00e8 da due anni responsabile dei servizi di consulenza di Pro Juventute nella Svizzera tedesca. La fondazione sostiene i bambini e i giovani a rimanere [&hellip;]<\/p>\n","protected":false},"author":6038,"featured_media":61174,"comment_status":"open","ping_status":"closed","sticky":false,"template":"","format":"standard","meta":{"_acf_changed":false,"footnotes":""},"categories":[2474],"tags":[2522,3052,2906,3160],"class_list":["post-61378","post","type-post","status-publish","format-standard","has-post-thumbnail","hentry","category-opere-caritative","tag-cosa-puo-fare-la-mia-eredita","tag-figli","tag-organizzazione-senza-scopo-di-lucro","tag-organizzazioni-di-aiuto"],"acf":[],"yoast_head":"<title>Pro Juventute fornisce anche un supporto in tempi di crisi | DeinAdieu.ch<\/title>\n<meta name=\"description\" content=\"Unser Blog portr\u00e4tiert Professionals, Betroffene und Angeh\u00f6rige rund um die Themen Selbstbestimmung, dritter Lebensabschnitt, Vorsorge und Testamentspende zugunsten eines Hilfswerks.\" \/>\n<meta name=\"robots\" content=\"index, follow, max-snippet:-1, max-image-preview:large, max-video-preview:-1\" \/>\n<link rel=\"canonical\" href=\"https:\/\/www.deinadieu.ch\/it\/piu-il-mondo-e-insicuro-piu-i-giovani-sono-insicuri\/\" \/>\n<meta property=\"og:locale\" content=\"it_IT\" \/>\n<meta property=\"og:type\" content=\"article\" \/>\n<meta property=\"og:title\" content=\"Pi\u00f9 il mondo \u00e8 insicuro, pi\u00f9 i giovani sono insicuri.\" \/>\n<meta property=\"og:description\" content=\"Pandemie, guerre, cambiamenti climatici e disuguaglianze sociali: Dal 2019, circa il 40% in pi\u00f9 di bambini e giovani ha contattato Pro Juventute perch\u00e9\" \/>\n<meta property=\"og:url\" content=\"https:\/\/www.deinadieu.ch\/it\/piu-il-mondo-e-insicuro-piu-i-giovani-sono-insicuri\/\" \/>\n<meta property=\"og:site_name\" content=\"DeinAdieu.ch\" \/>\n<meta property=\"article:publisher\" content=\"https:\/\/www.facebook.com\/deinadieu\" \/>\n<meta property=\"article:published_time\" content=\"2023-01-09T14:06:03+00:00\" \/>\n<meta property=\"article:modified_time\" content=\"2023-06-07T14:45:20+00:00\" \/>\n<meta property=\"og:image\" content=\"https:\/\/static.deinadieu.ch\/uploads\/2023\/01\/Unknown-scaled.jpg\" \/>\n\t<meta property=\"og:image:width\" content=\"2560\" \/>\n\t<meta property=\"og:image:height\" content=\"1707\" \/>\n\t<meta property=\"og:image:type\" content=\"image\/jpeg\" \/>\n<meta name=\"author\" content=\"Sabrina Rohner\" \/>\n<meta name=\"twitter:card\" content=\"summary_large_image\" \/>\n<meta name=\"twitter:creator\" content=\"@DeinAdieu\" \/>\n<meta name=\"twitter:site\" content=\"@DeinAdieu\" \/>\n<meta name=\"twitter:label1\" content=\"Written by\" \/>\n\t<meta name=\"twitter:data1\" content=\"Sabrina Rohner\" \/>\n\t<meta name=\"twitter:label2\" content=\"Est. reading time\" \/>\n\t<meta name=\"twitter:data2\" content=\"6 minutes\" \/>\n<script type=\"application\/ld+json\" class=\"yoast-schema-graph\">{\"@context\":\"https:\\\/\\\/schema.org\",\"@graph\":[{\"@type\":\"Article\",\"@id\":\"https:\\\/\\\/www.deinadieu.ch\\\/it\\\/piu-il-mondo-e-insicuro-piu-i-giovani-sono-insicuri\\\/#article\",\"isPartOf\":{\"@id\":\"https:\\\/\\\/www.deinadieu.ch\\\/it\\\/piu-il-mondo-e-insicuro-piu-i-giovani-sono-insicuri\\\/\"},\"author\":{\"name\":\"Sabrina Rohner\",\"@id\":\"https:\\\/\\\/www.deinadieu.ch\\\/it\\\/#\\\/schema\\\/person\\\/ad724a53f7e50dd3866fc9b0fc6bbdd9\"},\"headline\":\"Pi\u00f9 il mondo \u00e8 insicuro, pi\u00f9 i giovani sono insicuri.\",\"datePublished\":\"2023-01-09T14:06:03+00:00\",\"dateModified\":\"2023-06-07T14:45:20+00:00\",\"mainEntityOfPage\":{\"@id\":\"https:\\\/\\\/www.deinadieu.ch\\\/it\\\/piu-il-mondo-e-insicuro-piu-i-giovani-sono-insicuri\\\/\"},\"wordCount\":1227,\"commentCount\":0,\"publisher\":{\"@id\":\"https:\\\/\\\/www.deinadieu.ch\\\/it\\\/#organization\"},\"image\":{\"@id\":\"https:\\\/\\\/www.deinadieu.ch\\\/it\\\/piu-il-mondo-e-insicuro-piu-i-giovani-sono-insicuri\\\/#primaryimage\"},\"thumbnailUrl\":\"https:\\\/\\\/www.deinadieu.ch\\\/wp-content\\\/uploads\\\/2023\\\/01\\\/Unknown-scaled.jpg\",\"keywords\":[\"Cosa pu\u00f2 fare la mia eredit\u00e0?\",\"Figli\",\"Organizzazione senza scopo di lucro\",\"Organizzazioni di aiuto\"],\"articleSection\":[\"Focus sulle opere caritative\"],\"inLanguage\":\"it-IT\",\"potentialAction\":[{\"@type\":\"CommentAction\",\"name\":\"Comment\",\"target\":[\"https:\\\/\\\/www.deinadieu.ch\\\/it\\\/piu-il-mondo-e-insicuro-piu-i-giovani-sono-insicuri\\\/#respond\"]}]},{\"@type\":\"WebPage\",\"@id\":\"https:\\\/\\\/www.deinadieu.ch\\\/it\\\/piu-il-mondo-e-insicuro-piu-i-giovani-sono-insicuri\\\/\",\"url\":\"https:\\\/\\\/www.deinadieu.ch\\\/it\\\/piu-il-mondo-e-insicuro-piu-i-giovani-sono-insicuri\\\/\",\"name\":\"Pro Juventute fornisce anche un supporto in tempi di crisi | DeinAdieu.ch\",\"isPartOf\":{\"@id\":\"https:\\\/\\\/www.deinadieu.ch\\\/it\\\/#website\"},\"primaryImageOfPage\":{\"@id\":\"https:\\\/\\\/www.deinadieu.ch\\\/it\\\/piu-il-mondo-e-insicuro-piu-i-giovani-sono-insicuri\\\/#primaryimage\"},\"image\":{\"@id\":\"https:\\\/\\\/www.deinadieu.ch\\\/it\\\/piu-il-mondo-e-insicuro-piu-i-giovani-sono-insicuri\\\/#primaryimage\"},\"thumbnailUrl\":\"https:\\\/\\\/www.deinadieu.ch\\\/wp-content\\\/uploads\\\/2023\\\/01\\\/Unknown-scaled.jpg\",\"datePublished\":\"2023-01-09T14:06:03+00:00\",\"dateModified\":\"2023-06-07T14:45:20+00:00\",\"description\":\"Unser Blog portr\u00e4tiert Professionals, Betroffene und Angeh\u00f6rige rund um die Themen Selbstbestimmung, dritter Lebensabschnitt, Vorsorge und Testamentspende zugunsten eines Hilfswerks.\",\"breadcrumb\":{\"@id\":\"https:\\\/\\\/www.deinadieu.ch\\\/it\\\/piu-il-mondo-e-insicuro-piu-i-giovani-sono-insicuri\\\/#breadcrumb\"},\"inLanguage\":\"it-IT\",\"potentialAction\":[{\"@type\":\"ReadAction\",\"target\":[\"https:\\\/\\\/www.deinadieu.ch\\\/it\\\/piu-il-mondo-e-insicuro-piu-i-giovani-sono-insicuri\\\/\"]}]},{\"@type\":\"ImageObject\",\"inLanguage\":\"it-IT\",\"@id\":\"https:\\\/\\\/www.deinadieu.ch\\\/it\\\/piu-il-mondo-e-insicuro-piu-i-giovani-sono-insicuri\\\/#primaryimage\",\"url\":\"https:\\\/\\\/www.deinadieu.ch\\\/wp-content\\\/uploads\\\/2023\\\/01\\\/Unknown-scaled.jpg\",\"contentUrl\":\"https:\\\/\\\/www.deinadieu.ch\\\/wp-content\\\/uploads\\\/2023\\\/01\\\/Unknown-scaled.jpg\",\"width\":2560,\"height\":1707,\"caption\":\"Anastassiya Korf leitet seit zwei Jahren die Beratungsdienstleistungen Deutschschweiz bei Pro Juventute.\"},{\"@type\":\"BreadcrumbList\",\"@id\":\"https:\\\/\\\/www.deinadieu.ch\\\/it\\\/piu-il-mondo-e-insicuro-piu-i-giovani-sono-insicuri\\\/#breadcrumb\",\"itemListElement\":[{\"@type\":\"ListItem\",\"position\":1,\"name\":\"Home\",\"item\":\"https:\\\/\\\/www.deinadieu.ch\\\/it\\\/deinadieu-dialog-und-serviceportal-zum-lebensende\\\/\"},{\"@type\":\"ListItem\",\"position\":2,\"name\":\"Pi\u00f9 il mondo \u00e8 insicuro, pi\u00f9 i giovani sono insicuri.\"}]},{\"@type\":\"WebSite\",\"@id\":\"https:\\\/\\\/www.deinadieu.ch\\\/it\\\/#website\",\"url\":\"https:\\\/\\\/www.deinadieu.ch\\\/it\\\/\",\"name\":\"DeinAdieu.ch\",\"description\":\"Testament, Patientenverf\u00fcgung und Vorsorgeauftrag\",\"publisher\":{\"@id\":\"https:\\\/\\\/www.deinadieu.ch\\\/it\\\/#organization\"},\"potentialAction\":[{\"@type\":\"SearchAction\",\"target\":{\"@type\":\"EntryPoint\",\"urlTemplate\":\"https:\\\/\\\/www.deinadieu.ch\\\/it\\\/?s={search_term_string}\"},\"query-input\":{\"@type\":\"PropertyValueSpecification\",\"valueRequired\":true,\"valueName\":\"search_term_string\"}}],\"inLanguage\":\"it-IT\"},{\"@type\":\"Organization\",\"@id\":\"https:\\\/\\\/www.deinadieu.ch\\\/it\\\/#organization\",\"name\":\"EMNA Web GmbH\",\"url\":\"https:\\\/\\\/www.deinadieu.ch\\\/it\\\/\",\"logo\":{\"@type\":\"ImageObject\",\"inLanguage\":\"it-IT\",\"@id\":\"https:\\\/\\\/www.deinadieu.ch\\\/it\\\/#\\\/schema\\\/logo\\\/image\\\/\",\"url\":\"https:\\\/\\\/www.deinadieu.ch\\\/wp-content\\\/uploads\\\/2016\\\/01\\\/DeinAdieu_Logo.png\",\"contentUrl\":\"https:\\\/\\\/www.deinadieu.ch\\\/wp-content\\\/uploads\\\/2016\\\/01\\\/DeinAdieu_Logo.png\",\"width\":300,\"height\":117,\"caption\":\"EMNA Web GmbH\"},\"image\":{\"@id\":\"https:\\\/\\\/www.deinadieu.ch\\\/it\\\/#\\\/schema\\\/logo\\\/image\\\/\"},\"sameAs\":[\"https:\\\/\\\/www.facebook.com\\\/deinadieu\",\"https:\\\/\\\/x.com\\\/DeinAdieu\",\"https:\\\/\\\/www.instagram.com\\\/deinadieu\\\/\",\"https:\\\/\\\/www.linkedin.com\\\/company\\\/deinadieu.ch\"]},{\"@type\":\"Person\",\"@id\":\"https:\\\/\\\/www.deinadieu.ch\\\/it\\\/#\\\/schema\\\/person\\\/ad724a53f7e50dd3866fc9b0fc6bbdd9\",\"name\":\"Sabrina Rohner\",\"image\":{\"@type\":\"ImageObject\",\"inLanguage\":\"it-IT\",\"@id\":\"https:\\\/\\\/secure.gravatar.com\\\/avatar\\\/c72cef3c7bba2e19d98358a63ff805dbe088a70fb947d10024d669ded777102d?s=96&d=mm&r=g\",\"url\":\"https:\\\/\\\/secure.gravatar.com\\\/avatar\\\/c72cef3c7bba2e19d98358a63ff805dbe088a70fb947d10024d669ded777102d?s=96&d=mm&r=g\",\"contentUrl\":\"https:\\\/\\\/secure.gravatar.com\\\/avatar\\\/c72cef3c7bba2e19d98358a63ff805dbe088a70fb947d10024d669ded777102d?s=96&d=mm&r=g\",\"caption\":\"Sabrina Rohner\"},\"url\":\"https:\\\/\\\/www.deinadieu.ch\\\/it\\\/author\\\/sabrina-rohnergmail-com\\\/\"}]}<\/script>","yoast_head_json":{"title":"Pro Juventute fornisce anche un supporto in tempi di crisi | DeinAdieu.ch","description":"Unser Blog portr\u00e4tiert Professionals, Betroffene und Angeh\u00f6rige rund um die Themen Selbstbestimmung, dritter Lebensabschnitt, Vorsorge und Testamentspende zugunsten eines Hilfswerks.","robots":{"index":"index","follow":"follow","max-snippet":"max-snippet:-1","max-image-preview":"max-image-preview:large","max-video-preview":"max-video-preview:-1"},"canonical":"https:\/\/www.deinadieu.ch\/it\/piu-il-mondo-e-insicuro-piu-i-giovani-sono-insicuri\/","og_locale":"it_IT","og_type":"article","og_title":"Pi\u00f9 il mondo \u00e8 insicuro, pi\u00f9 i giovani sono insicuri.","og_description":"Pandemie, guerre, cambiamenti climatici e disuguaglianze sociali: Dal 2019, circa il 40% in pi\u00f9 di bambini e giovani ha contattato Pro Juventute perch\u00e9","og_url":"https:\/\/www.deinadieu.ch\/it\/piu-il-mondo-e-insicuro-piu-i-giovani-sono-insicuri\/","og_site_name":"DeinAdieu.ch","article_publisher":"https:\/\/www.facebook.com\/deinadieu","article_published_time":"2023-01-09T14:06:03+00:00","article_modified_time":"2023-06-07T14:45:20+00:00","og_image":[{"width":2560,"height":1707,"url":"https:\/\/static.deinadieu.ch\/uploads\/2023\/01\/Unknown-scaled.jpg","type":"image\/jpeg"}],"author":"Sabrina Rohner","twitter_card":"summary_large_image","twitter_creator":"@DeinAdieu","twitter_site":"@DeinAdieu","twitter_misc":{"Written by":"Sabrina Rohner","Est. reading time":"6 minutes"},"schema":{"@context":"https:\/\/schema.org","@graph":[{"@type":"Article","@id":"https:\/\/www.deinadieu.ch\/it\/piu-il-mondo-e-insicuro-piu-i-giovani-sono-insicuri\/#article","isPartOf":{"@id":"https:\/\/www.deinadieu.ch\/it\/piu-il-mondo-e-insicuro-piu-i-giovani-sono-insicuri\/"},"author":{"name":"Sabrina Rohner","@id":"https:\/\/www.deinadieu.ch\/it\/#\/schema\/person\/ad724a53f7e50dd3866fc9b0fc6bbdd9"},"headline":"Pi\u00f9 il mondo \u00e8 insicuro, pi\u00f9 i giovani sono insicuri.","datePublished":"2023-01-09T14:06:03+00:00","dateModified":"2023-06-07T14:45:20+00:00","mainEntityOfPage":{"@id":"https:\/\/www.deinadieu.ch\/it\/piu-il-mondo-e-insicuro-piu-i-giovani-sono-insicuri\/"},"wordCount":1227,"commentCount":0,"publisher":{"@id":"https:\/\/www.deinadieu.ch\/it\/#organization"},"image":{"@id":"https:\/\/www.deinadieu.ch\/it\/piu-il-mondo-e-insicuro-piu-i-giovani-sono-insicuri\/#primaryimage"},"thumbnailUrl":"https:\/\/www.deinadieu.ch\/wp-content\/uploads\/2023\/01\/Unknown-scaled.jpg","keywords":["Cosa pu\u00f2 fare la mia eredit\u00e0?","Figli","Organizzazione senza scopo di lucro","Organizzazioni di aiuto"],"articleSection":["Focus sulle opere caritative"],"inLanguage":"it-IT","potentialAction":[{"@type":"CommentAction","name":"Comment","target":["https:\/\/www.deinadieu.ch\/it\/piu-il-mondo-e-insicuro-piu-i-giovani-sono-insicuri\/#respond"]}]},{"@type":"WebPage","@id":"https:\/\/www.deinadieu.ch\/it\/piu-il-mondo-e-insicuro-piu-i-giovani-sono-insicuri\/","url":"https:\/\/www.deinadieu.ch\/it\/piu-il-mondo-e-insicuro-piu-i-giovani-sono-insicuri\/","name":"Pro Juventute fornisce anche un supporto in tempi di crisi | DeinAdieu.ch","isPartOf":{"@id":"https:\/\/www.deinadieu.ch\/it\/#website"},"primaryImageOfPage":{"@id":"https:\/\/www.deinadieu.ch\/it\/piu-il-mondo-e-insicuro-piu-i-giovani-sono-insicuri\/#primaryimage"},"image":{"@id":"https:\/\/www.deinadieu.ch\/it\/piu-il-mondo-e-insicuro-piu-i-giovani-sono-insicuri\/#primaryimage"},"thumbnailUrl":"https:\/\/www.deinadieu.ch\/wp-content\/uploads\/2023\/01\/Unknown-scaled.jpg","datePublished":"2023-01-09T14:06:03+00:00","dateModified":"2023-06-07T14:45:20+00:00","description":"Unser Blog portr\u00e4tiert Professionals, Betroffene und Angeh\u00f6rige rund um die Themen Selbstbestimmung, dritter Lebensabschnitt, Vorsorge und Testamentspende zugunsten eines Hilfswerks.","breadcrumb":{"@id":"https:\/\/www.deinadieu.ch\/it\/piu-il-mondo-e-insicuro-piu-i-giovani-sono-insicuri\/#breadcrumb"},"inLanguage":"it-IT","potentialAction":[{"@type":"ReadAction","target":["https:\/\/www.deinadieu.ch\/it\/piu-il-mondo-e-insicuro-piu-i-giovani-sono-insicuri\/"]}]},{"@type":"ImageObject","inLanguage":"it-IT","@id":"https:\/\/www.deinadieu.ch\/it\/piu-il-mondo-e-insicuro-piu-i-giovani-sono-insicuri\/#primaryimage","url":"https:\/\/www.deinadieu.ch\/wp-content\/uploads\/2023\/01\/Unknown-scaled.jpg","contentUrl":"https:\/\/www.deinadieu.ch\/wp-content\/uploads\/2023\/01\/Unknown-scaled.jpg","width":2560,"height":1707,"caption":"Anastassiya Korf leitet seit zwei Jahren die Beratungsdienstleistungen Deutschschweiz bei Pro Juventute."},{"@type":"BreadcrumbList","@id":"https:\/\/www.deinadieu.ch\/it\/piu-il-mondo-e-insicuro-piu-i-giovani-sono-insicuri\/#breadcrumb","itemListElement":[{"@type":"ListItem","position":1,"name":"Home","item":"https:\/\/www.deinadieu.ch\/it\/deinadieu-dialog-und-serviceportal-zum-lebensende\/"},{"@type":"ListItem","position":2,"name":"Pi\u00f9 il mondo \u00e8 insicuro, pi\u00f9 i giovani sono insicuri."}]},{"@type":"WebSite","@id":"https:\/\/www.deinadieu.ch\/it\/#website","url":"https:\/\/www.deinadieu.ch\/it\/","name":"DeinAdieu.ch","description":"Testament, Patientenverf\u00fcgung und Vorsorgeauftrag","publisher":{"@id":"https:\/\/www.deinadieu.ch\/it\/#organization"},"potentialAction":[{"@type":"SearchAction","target":{"@type":"EntryPoint","urlTemplate":"https:\/\/www.deinadieu.ch\/it\/?s={search_term_string}"},"query-input":{"@type":"PropertyValueSpecification","valueRequired":true,"valueName":"search_term_string"}}],"inLanguage":"it-IT"},{"@type":"Organization","@id":"https:\/\/www.deinadieu.ch\/it\/#organization","name":"EMNA Web GmbH","url":"https:\/\/www.deinadieu.ch\/it\/","logo":{"@type":"ImageObject","inLanguage":"it-IT","@id":"https:\/\/www.deinadieu.ch\/it\/#\/schema\/logo\/image\/","url":"https:\/\/www.deinadieu.ch\/wp-content\/uploads\/2016\/01\/DeinAdieu_Logo.png","contentUrl":"https:\/\/www.deinadieu.ch\/wp-content\/uploads\/2016\/01\/DeinAdieu_Logo.png","width":300,"height":117,"caption":"EMNA Web GmbH"},"image":{"@id":"https:\/\/www.deinadieu.ch\/it\/#\/schema\/logo\/image\/"},"sameAs":["https:\/\/www.facebook.com\/deinadieu","https:\/\/x.com\/DeinAdieu","https:\/\/www.instagram.com\/deinadieu\/","https:\/\/www.linkedin.com\/company\/deinadieu.ch"]},{"@type":"Person","@id":"https:\/\/www.deinadieu.ch\/it\/#\/schema\/person\/ad724a53f7e50dd3866fc9b0fc6bbdd9","name":"Sabrina Rohner","image":{"@type":"ImageObject","inLanguage":"it-IT","@id":"https:\/\/secure.gravatar.com\/avatar\/c72cef3c7bba2e19d98358a63ff805dbe088a70fb947d10024d669ded777102d?s=96&d=mm&r=g","url":"https:\/\/secure.gravatar.com\/avatar\/c72cef3c7bba2e19d98358a63ff805dbe088a70fb947d10024d669ded777102d?s=96&d=mm&r=g","contentUrl":"https:\/\/secure.gravatar.com\/avatar\/c72cef3c7bba2e19d98358a63ff805dbe088a70fb947d10024d669ded777102d?s=96&d=mm&r=g","caption":"Sabrina Rohner"},"url":"https:\/\/www.deinadieu.ch\/it\/author\/sabrina-rohnergmail-com\/"}]}},"_links":{"self":[{"href":"https:\/\/www.deinadieu.ch\/it\/wp-json\/wp\/v2\/posts\/61378","targetHints":{"allow":["GET"]}}],"collection":[{"href":"https:\/\/www.deinadieu.ch\/it\/wp-json\/wp\/v2\/posts"}],"about":[{"href":"https:\/\/www.deinadieu.ch\/it\/wp-json\/wp\/v2\/types\/post"}],"author":[{"embeddable":true,"href":"https:\/\/www.deinadieu.ch\/it\/wp-json\/wp\/v2\/users\/6038"}],"replies":[{"embeddable":true,"href":"https:\/\/www.deinadieu.ch\/it\/wp-json\/wp\/v2\/comments?post=61378"}],"version-history":[{"count":2,"href":"https:\/\/www.deinadieu.ch\/it\/wp-json\/wp\/v2\/posts\/61378\/revisions"}],"predecessor-version":[{"id":63995,"href":"https:\/\/www.deinadieu.ch\/it\/wp-json\/wp\/v2\/posts\/61378\/revisions\/63995"}],"wp:featuredmedia":[{"embeddable":true,"href":"https:\/\/www.deinadieu.ch\/it\/wp-json\/wp\/v2\/media\/61174"}],"wp:attachment":[{"href":"https:\/\/www.deinadieu.ch\/it\/wp-json\/wp\/v2\/media?parent=61378"}],"wp:term":[{"taxonomy":"category","embeddable":true,"href":"https:\/\/www.deinadieu.ch\/it\/wp-json\/wp\/v2\/categories?post=61378"},{"taxonomy":"post_tag","embeddable":true,"href":"https:\/\/www.deinadieu.ch\/it\/wp-json\/wp\/v2\/tags?post=61378"}],"curies":[{"name":"wp","href":"https:\/\/api.w.org\/{rel}","templated":true}]}}