{"id":61376,"date":"2022-12-24T08:04:18","date_gmt":"2022-12-24T07:04:18","guid":{"rendered":"https:\/\/www.deinadieu.ch\/la-nostra-ferrovia-e-una-testimonianza-contemporanea-del-primo-tempestoso-sviluppo-della-citta\/"},"modified":"2024-03-25T15:26:58","modified_gmt":"2024-03-25T14:26:58","slug":"la-nostra-ferrovia-e-una-testimonianza-contemporanea-del-primo-tempestoso-sviluppo-della-citta","status":"publish","type":"post","link":"https:\/\/www.deinadieu.ch\/it\/la-nostra-ferrovia-e-una-testimonianza-contemporanea-del-primo-tempestoso-sviluppo-della-citta\/","title":{"rendered":"&#8220;La nostra ferrovia \u00e8 una testimonianza contemporanea del primo tempestoso sviluppo della citt\u00e0&#8221;."},"content":{"rendered":"\n<p>Walter Huber ha una grande passione per i viaggi in treno. \u00c8 membro dell&#8217;associazione Z\u00fcrcher Museumsbahn (ZMB), ha seguito una formazione come macchinista di locomotive di manovra e cucina per gli ospiti della storica ferrovia durante l&#8217;attraversamento del centro di Zurigo.<\/p>\n\n<!--more-->\n\n<p>La Ferrovia Z\u00fcrcher Museumsbahn \u00e8 una ferrovia storica nel centro di Zurigo. Corre sui binari della Sihltalbahn in mezzo al traffico della S-Bahn tra la stazione centrale di Zurigo o Wiedikon e Sihlbrugg. Walter Huber \u00e8 entrato a far parte dell&#8217;<a href=\"https:\/\/www.deinadieu.ch\/it\/organizzazioni-caritatevoli\/\">associazione Z\u00fcrcher Museumsbahn ZMB<\/a> meno di un anno dopo la sua fondazione, nel 1997. Lo scopo dell&#8217;associazione \u00e8 la raccolta, il restauro e la conservazione di veicoli ferroviari storici. Il treno viaggia sempre per il pubblico l&#8217;ultima domenica del mese, da Pasqua (aprile) a fine ottobre e il giorno di San Nicolao.<\/p>\n\n<p><\/p>\n\n<p><strong>Walter Huber, perch\u00e9 \u00e8 necessaria l&#8217;associazione ZMB?<\/strong><\/p>\n\n<p>Manteniamo e gestiamo i vecchi veicoli della Sihltalbahn. Tutti i nostri veicoli circolavano nella valle della Sihl e sono testimoni contemporanei dell&#8217;industrializzazione e del primo tumultuoso sviluppo della citt\u00e0 di Zurigo. In questo modo, manteniamo in vita vecchi beni culturali industriali e possiamo rendere tangibile la storia della ferrovia nel Cantone di Zurigo, soprattutto per i pi\u00f9 giovani, e offrire alle famiglie una bella esperienza.<\/p>\n\n<p><\/p>\n\n<p><strong>Come siete entrati a far parte dell&#8217;associazione?<\/strong><\/p>\n\n<p>Sono stato motivato da un annuncio su un giornale di modellismo ferroviario: &#8220;Da noi puoi diventare macchinista di locomotive&#8221;, diceva. Ci \u00e8 voluto molto tempo prima che arrivasse il momento. Tuttavia, il viaggio in treno esercita ancora oggi un grande fascino su di me.<\/p>\n\n<p><\/p>\n\n<p><strong>Che cos&#8217;\u00e8 questo fascino?<\/strong><\/p>\n\n<p>La ferrovia come sistema \u00e8 diventata una sfida enorme nel corso degli anni. I requisiti sistemici sono aumentati in modo massiccio. Sono davvero affascinato dal fatto di essere riuscito a stare al passo con i cambiamenti tecnologici fino ad oggi. Vorrei fare la mia parte per garantire che in futuro ci siano ancora volontari che rendano vivibile questo collegamento tra ieri e oggi.<\/p>\n\n<p><strong>Quali compiti svolge nell&#8217;associazione?<\/strong><\/p>\n\n<p>Oltre alle attivit\u00e0 dirette legate ai viaggi in treno, ho diverse responsabilit\u00e0. Qui ho potuto imparare tanto e muovermi altrettanto. Sono tesoriere da quando sono entrato a far parte dell&#8217;associazione. Lavoro anche come cuoco nella carrozza da cucina. Cuciniamo con materie prime fresche per i nostri ospiti sul treno. A ci\u00f2 \u00e8 seguita una formazione come macchinista di locomotive di manovra, con rilascio di un attestato federale. La mia prima formazione fu come impiegato d&#8217;albergo. Oggi invece, lavoro come fiduciario. Sono particolarmente orgoglioso che mia figlia maggiore sia ora il mio capo.<\/p>\n\n<figure class=\"wp-block-gallery has-nested-images columns-default is-cropped wp-block-gallery-1 is-layout-flex wp-block-gallery-is-layout-flex\">\n<figure class=\"wp-block-image size-large\"><img loading=\"lazy\" decoding=\"async\" width=\"1024\" height=\"683\" data-id=\"61086\" src=\"https:\/\/www.deinadieu.ch\/wp-content\/uploads\/2022\/12\/museumsbahn_0079-1024x683.jpg\" alt=\"\" class=\"wp-image-61086\" srcset=\"https:\/\/www.deinadieu.ch\/wp-content\/uploads\/2022\/12\/museumsbahn_0079-1024x683.jpg 1024w, https:\/\/www.deinadieu.ch\/wp-content\/uploads\/2022\/12\/museumsbahn_0079-300x200.jpg 300w, https:\/\/www.deinadieu.ch\/wp-content\/uploads\/2022\/12\/museumsbahn_0079-1536x1024.jpg 1536w, https:\/\/www.deinadieu.ch\/wp-content\/uploads\/2022\/12\/museumsbahn_0079-2048x1365.jpg 2048w\" sizes=\"auto, (max-width: 1024px) 100vw, 1024px\" \/><\/figure>\n<\/figure>\n\n<p><strong>Attualmente la centenaria locomotiva a vapore \u00e8 ferma. Cosa succede alla ferrovia in inverno?<\/strong><\/p>\n\n<p>Il tempo che intercorre tra San Nicolao e Pasqua \u00e8 necessario per fare un respiro profondo ed eseguire i numerosi lavori di manutenzione delle locomotive a vapore, delle automotrici elettriche, delle motrici di manovra e dei vagoni. Non siamo mai a corto di lavoro e siamo felici di ogni aiuto, anche da persone nuove.<\/p>\n\n<p><\/p>\n\n<p><strong>Qual \u00e8 il vostro percorso preferito o quale sarebbe il vostro percorso preferito se poteste scegliere liberamente?<\/strong><\/p>\n\n<p>I nostri treni circolano principalmente nella valle della Sihl. Questo \u00e8 il nostro posto, corrisponde allo scopo dell&#8217;associazione. Percorriamo anche la strada del lago da Wiedikon via Thalwil, Horgen-Oberdorf fino a Sihlbrugg con maggiore frequenza. Con le automotrici elettriche, il raggio \u00e8 maggiore. Con l&#8217;automotrice rossa del 1968, abbiamo gi\u00e0 fatto due lunghi viaggi in Austria, fino a Graz.<\/p>\n\n<p><\/p>\n\n<p><strong>A cosa servono le donazioni per lo ZMB?<\/strong><\/p>\n\n<p>La conservazione dei veicoli ferroviari storici \u00e8 estremamente onerosa. E, come accade per le gemme ultracentenarie, qualcosa si rompe sempre. Per la riparazione sono necessari specialisti. Purtroppo anche le persone con le conoscenze e le competenze adeguate sono sempre pi\u00f9 rare e noi &#8220;anziani&#8221; siamo sempre meno. Il viaggio in treno richiede molto tempo. Provate a immaginare: La ZMB fa circolare i suoi treni proprio in mezzo al traffico della S-Bahn della SZU Sihltal Z\u00fcrich Uetliberg Bahn! Ad esempio, le normative stanno diventando sempre pi\u00f9 severe, proprio come nel settore dell&#8217;aviazione. Tutto richiede una qualifica o un esame speciale. Per soddisfare i requisiti dell&#8217;Ufficio Federale dei Trasporti, negli ultimi tre anni abbiamo speso circa 450.000 franchi svizzeri per la manutenzione del nostro materiale rotabile. Abbiamo raccolto questo denaro o lo abbiamo in parte preso in prestito. Finora siamo sempre riusciti a trovare appassionati, donatori e sponsor che ci sostengono. La <a href=\"https:\/\/www.deinadieu.ch\/it\/organizzazioni-caritatevoli\/\">ricerca del denaro <\/a>non ha mai fine.<\/p>\n\n<p><\/p>\n\n<p>Al momento \u00e8 in corso la revisione di entrambe le automotrici elettriche del 1924 e del 1968, per la quale sono necessari circa 250.000 franchi svizzeri.<\/p>\n\n<div style=\"height:40px\" aria-hidden=\"true\" class=\"wp-block-spacer\"><\/div>\n\n<div class=\"wp-block-buttons is-layout-flex wp-block-buttons-is-layout-flex\">\n<div class=\"wp-block-button\"><a class=\"wp-block-button__link wp-element-button\" href=\"https:\/\/app.deinadieu.ch\/da\/testament\/7554\">Il Museum-Bahn di Zurigo come beneficiario nel testamento<\/a><\/div>\n<\/div>\n","protected":false},"excerpt":{"rendered":"<p>Walter Huber ha una grande passione per i viaggi in treno. \u00c8 membro dell&#8217;associazione Z\u00fcrcher Museumsbahn (ZMB), ha seguito una formazione come macchinista di locomotive di manovra e cucina per gli ospiti della storica ferrovia durante l&#8217;attraversamento del centro di Zurigo.<\/p>\n","protected":false},"author":6028,"featured_media":61080,"comment_status":"open","ping_status":"closed","sticky":false,"template":"","format":"standard","meta":{"_acf_changed":false,"footnotes":""},"categories":[2474],"tags":[2522,2906,3160],"class_list":["post-61376","post","type-post","status-publish","format-standard","has-post-thumbnail","hentry","category-opere-caritative","tag-cosa-puo-fare-la-mia-eredita","tag-organizzazione-senza-scopo-di-lucro","tag-organizzazioni-di-aiuto"],"acf":[],"yoast_head":"<title>&quot;La nostra ferrovia \u00e8 una testimonianza contemporanea del primo tempestoso sviluppo della citt\u00e0&quot;. | DeinAdieu.ch<\/title>\n<meta name=\"description\" content=\"L&#039;associazione Z\u00fcrcher Museumsbahn (ZMB) vuole mantenere in vita la storica Sihltalbahn. Il macchinista di manovra Walter Huber racconta.\" \/>\n<meta name=\"robots\" content=\"index, follow, max-snippet:-1, max-image-preview:large, max-video-preview:-1\" \/>\n<link rel=\"canonical\" href=\"https:\/\/www.deinadieu.ch\/it\/la-nostra-ferrovia-e-una-testimonianza-contemporanea-del-primo-tempestoso-sviluppo-della-citta\/\" \/>\n<meta property=\"og:locale\" content=\"it_IT\" \/>\n<meta property=\"og:type\" content=\"article\" \/>\n<meta property=\"og:title\" content=\"&quot;La nostra ferrovia \u00e8 una testimonianza contemporanea del primo tempestoso sviluppo della citt\u00e0&quot;.\" \/>\n<meta property=\"og:description\" content=\"Walter Huber ha una grande passione per i viaggi in treno. \u00c8 membro dell&#039;associazione Z\u00fcrcher Museumsbahn (ZMB), ha seguito una formazione come\" \/>\n<meta property=\"og:url\" content=\"https:\/\/www.deinadieu.ch\/it\/la-nostra-ferrovia-e-una-testimonianza-contemporanea-del-primo-tempestoso-sviluppo-della-citta\/\" \/>\n<meta property=\"og:site_name\" content=\"DeinAdieu.ch\" \/>\n<meta property=\"article:publisher\" content=\"https:\/\/www.facebook.com\/deinadieu\" \/>\n<meta property=\"article:published_time\" content=\"2022-12-24T07:04:18+00:00\" \/>\n<meta property=\"article:modified_time\" content=\"2024-03-25T14:26:58+00:00\" \/>\n<meta property=\"og:image\" content=\"https:\/\/static.deinadieu.ch\/uploads\/2022\/12\/museumsbahn_0056-scaled.jpg\" \/>\n\t<meta property=\"og:image:width\" content=\"2560\" \/>\n\t<meta property=\"og:image:height\" content=\"1707\" \/>\n\t<meta property=\"og:image:type\" content=\"image\/jpeg\" \/>\n<meta name=\"author\" content=\"Janina Gehrig, MA UZH, Redaktorin\" \/>\n<meta name=\"twitter:card\" content=\"summary_large_image\" \/>\n<meta name=\"twitter:creator\" content=\"@DeinAdieu\" \/>\n<meta name=\"twitter:site\" content=\"@DeinAdieu\" \/>\n<meta name=\"twitter:label1\" content=\"Written by\" \/>\n\t<meta name=\"twitter:data1\" content=\"Janina Gehrig, MA UZH, Redaktorin\" \/>\n\t<meta name=\"twitter:label2\" content=\"Est. reading time\" \/>\n\t<meta name=\"twitter:data2\" content=\"4 minutes\" \/>\n<script type=\"application\/ld+json\" class=\"yoast-schema-graph\">{\"@context\":\"https:\\\/\\\/schema.org\",\"@graph\":[{\"@type\":\"Article\",\"@id\":\"https:\\\/\\\/www.deinadieu.ch\\\/it\\\/la-nostra-ferrovia-e-una-testimonianza-contemporanea-del-primo-tempestoso-sviluppo-della-citta\\\/#article\",\"isPartOf\":{\"@id\":\"https:\\\/\\\/www.deinadieu.ch\\\/it\\\/la-nostra-ferrovia-e-una-testimonianza-contemporanea-del-primo-tempestoso-sviluppo-della-citta\\\/\"},\"author\":{\"name\":\"Janina Gehrig, MA UZH, Redaktorin\",\"@id\":\"https:\\\/\\\/www.deinadieu.ch\\\/it\\\/#\\\/schema\\\/person\\\/78cffe1cb679e17f919e3d0c0e7b9673\"},\"headline\":\"&#8220;La nostra ferrovia \u00e8 una testimonianza contemporanea del primo tempestoso sviluppo della citt\u00e0&#8221;.\",\"datePublished\":\"2022-12-24T07:04:18+00:00\",\"dateModified\":\"2024-03-25T14:26:58+00:00\",\"mainEntityOfPage\":{\"@id\":\"https:\\\/\\\/www.deinadieu.ch\\\/it\\\/la-nostra-ferrovia-e-una-testimonianza-contemporanea-del-primo-tempestoso-sviluppo-della-citta\\\/\"},\"wordCount\":772,\"commentCount\":0,\"publisher\":{\"@id\":\"https:\\\/\\\/www.deinadieu.ch\\\/it\\\/#organization\"},\"image\":{\"@id\":\"https:\\\/\\\/www.deinadieu.ch\\\/it\\\/la-nostra-ferrovia-e-una-testimonianza-contemporanea-del-primo-tempestoso-sviluppo-della-citta\\\/#primaryimage\"},\"thumbnailUrl\":\"https:\\\/\\\/www.deinadieu.ch\\\/wp-content\\\/uploads\\\/2022\\\/12\\\/museumsbahn_0056-scaled.jpg\",\"keywords\":[\"Cosa pu\u00f2 fare la mia eredit\u00e0?\",\"Organizzazione senza scopo di lucro\",\"Organizzazioni di aiuto\"],\"articleSection\":[\"Focus sulle opere caritative\"],\"inLanguage\":\"it-IT\",\"potentialAction\":[{\"@type\":\"CommentAction\",\"name\":\"Comment\",\"target\":[\"https:\\\/\\\/www.deinadieu.ch\\\/it\\\/la-nostra-ferrovia-e-una-testimonianza-contemporanea-del-primo-tempestoso-sviluppo-della-citta\\\/#respond\"]}]},{\"@type\":\"WebPage\",\"@id\":\"https:\\\/\\\/www.deinadieu.ch\\\/it\\\/la-nostra-ferrovia-e-una-testimonianza-contemporanea-del-primo-tempestoso-sviluppo-della-citta\\\/\",\"url\":\"https:\\\/\\\/www.deinadieu.ch\\\/it\\\/la-nostra-ferrovia-e-una-testimonianza-contemporanea-del-primo-tempestoso-sviluppo-della-citta\\\/\",\"name\":\"\\\"La nostra ferrovia \u00e8 una testimonianza contemporanea del primo tempestoso sviluppo della citt\u00e0\\\". | DeinAdieu.ch\",\"isPartOf\":{\"@id\":\"https:\\\/\\\/www.deinadieu.ch\\\/it\\\/#website\"},\"primaryImageOfPage\":{\"@id\":\"https:\\\/\\\/www.deinadieu.ch\\\/it\\\/la-nostra-ferrovia-e-una-testimonianza-contemporanea-del-primo-tempestoso-sviluppo-della-citta\\\/#primaryimage\"},\"image\":{\"@id\":\"https:\\\/\\\/www.deinadieu.ch\\\/it\\\/la-nostra-ferrovia-e-una-testimonianza-contemporanea-del-primo-tempestoso-sviluppo-della-citta\\\/#primaryimage\"},\"thumbnailUrl\":\"https:\\\/\\\/www.deinadieu.ch\\\/wp-content\\\/uploads\\\/2022\\\/12\\\/museumsbahn_0056-scaled.jpg\",\"datePublished\":\"2022-12-24T07:04:18+00:00\",\"dateModified\":\"2024-03-25T14:26:58+00:00\",\"description\":\"L'associazione Z\u00fcrcher Museumsbahn (ZMB) vuole mantenere in vita la storica Sihltalbahn. Il macchinista di manovra Walter Huber racconta.\",\"breadcrumb\":{\"@id\":\"https:\\\/\\\/www.deinadieu.ch\\\/it\\\/la-nostra-ferrovia-e-una-testimonianza-contemporanea-del-primo-tempestoso-sviluppo-della-citta\\\/#breadcrumb\"},\"inLanguage\":\"it-IT\",\"potentialAction\":[{\"@type\":\"ReadAction\",\"target\":[\"https:\\\/\\\/www.deinadieu.ch\\\/it\\\/la-nostra-ferrovia-e-una-testimonianza-contemporanea-del-primo-tempestoso-sviluppo-della-citta\\\/\"]}]},{\"@type\":\"ImageObject\",\"inLanguage\":\"it-IT\",\"@id\":\"https:\\\/\\\/www.deinadieu.ch\\\/it\\\/la-nostra-ferrovia-e-una-testimonianza-contemporanea-del-primo-tempestoso-sviluppo-della-citta\\\/#primaryimage\",\"url\":\"https:\\\/\\\/www.deinadieu.ch\\\/wp-content\\\/uploads\\\/2022\\\/12\\\/museumsbahn_0056-scaled.jpg\",\"contentUrl\":\"https:\\\/\\\/www.deinadieu.ch\\\/wp-content\\\/uploads\\\/2022\\\/12\\\/museumsbahn_0056-scaled.jpg\",\"width\":2560,\"height\":1707,\"caption\":\"Walter Huber setzt sich daf\u00fcr ein, dass die alten Fahrzeuge der Sihltalbahn erhalten bleiben. Daf\u00fcr kocht er manchmal f\u00fcr die G\u00e4ste im Zug. Foto: Djamila Grossmann\"},{\"@type\":\"BreadcrumbList\",\"@id\":\"https:\\\/\\\/www.deinadieu.ch\\\/it\\\/la-nostra-ferrovia-e-una-testimonianza-contemporanea-del-primo-tempestoso-sviluppo-della-citta\\\/#breadcrumb\",\"itemListElement\":[{\"@type\":\"ListItem\",\"position\":1,\"name\":\"Home\",\"item\":\"https:\\\/\\\/www.deinadieu.ch\\\/it\\\/deinadieu-dialog-und-serviceportal-zum-lebensende\\\/\"},{\"@type\":\"ListItem\",\"position\":2,\"name\":\"&#8220;La nostra ferrovia \u00e8 una testimonianza contemporanea del primo tempestoso sviluppo della citt\u00e0&#8221;.\"}]},{\"@type\":\"WebSite\",\"@id\":\"https:\\\/\\\/www.deinadieu.ch\\\/it\\\/#website\",\"url\":\"https:\\\/\\\/www.deinadieu.ch\\\/it\\\/\",\"name\":\"DeinAdieu.ch\",\"description\":\"Testament, Patientenverf\u00fcgung und Vorsorgeauftrag\",\"publisher\":{\"@id\":\"https:\\\/\\\/www.deinadieu.ch\\\/it\\\/#organization\"},\"potentialAction\":[{\"@type\":\"SearchAction\",\"target\":{\"@type\":\"EntryPoint\",\"urlTemplate\":\"https:\\\/\\\/www.deinadieu.ch\\\/it\\\/?s={search_term_string}\"},\"query-input\":{\"@type\":\"PropertyValueSpecification\",\"valueRequired\":true,\"valueName\":\"search_term_string\"}}],\"inLanguage\":\"it-IT\"},{\"@type\":\"Organization\",\"@id\":\"https:\\\/\\\/www.deinadieu.ch\\\/it\\\/#organization\",\"name\":\"EMNA Web GmbH\",\"url\":\"https:\\\/\\\/www.deinadieu.ch\\\/it\\\/\",\"logo\":{\"@type\":\"ImageObject\",\"inLanguage\":\"it-IT\",\"@id\":\"https:\\\/\\\/www.deinadieu.ch\\\/it\\\/#\\\/schema\\\/logo\\\/image\\\/\",\"url\":\"https:\\\/\\\/www.deinadieu.ch\\\/wp-content\\\/uploads\\\/2016\\\/01\\\/DeinAdieu_Logo.png\",\"contentUrl\":\"https:\\\/\\\/www.deinadieu.ch\\\/wp-content\\\/uploads\\\/2016\\\/01\\\/DeinAdieu_Logo.png\",\"width\":300,\"height\":117,\"caption\":\"EMNA Web GmbH\"},\"image\":{\"@id\":\"https:\\\/\\\/www.deinadieu.ch\\\/it\\\/#\\\/schema\\\/logo\\\/image\\\/\"},\"sameAs\":[\"https:\\\/\\\/www.facebook.com\\\/deinadieu\",\"https:\\\/\\\/x.com\\\/DeinAdieu\",\"https:\\\/\\\/www.instagram.com\\\/deinadieu\\\/\",\"https:\\\/\\\/www.linkedin.com\\\/company\\\/deinadieu.ch\"]},{\"@type\":\"Person\",\"@id\":\"https:\\\/\\\/www.deinadieu.ch\\\/it\\\/#\\\/schema\\\/person\\\/78cffe1cb679e17f919e3d0c0e7b9673\",\"name\":\"Janina Gehrig, MA UZH, Redaktorin\",\"image\":{\"@type\":\"ImageObject\",\"inLanguage\":\"it-IT\",\"@id\":\"https:\\\/\\\/secure.gravatar.com\\\/avatar\\\/8bfc4dca12cd7c0a0373c12f34587d1f6a6117903e7ecc0035863bd69df6fb07?s=96&d=mm&r=g\",\"url\":\"https:\\\/\\\/secure.gravatar.com\\\/avatar\\\/8bfc4dca12cd7c0a0373c12f34587d1f6a6117903e7ecc0035863bd69df6fb07?s=96&d=mm&r=g\",\"contentUrl\":\"https:\\\/\\\/secure.gravatar.com\\\/avatar\\\/8bfc4dca12cd7c0a0373c12f34587d1f6a6117903e7ecc0035863bd69df6fb07?s=96&d=mm&r=g\",\"caption\":\"Janina Gehrig, MA UZH, Redaktorin\"},\"url\":\"https:\\\/\\\/www.deinadieu.ch\\\/it\\\/author\\\/janinagehrig\\\/\"}]}<\/script>","yoast_head_json":{"title":"\"La nostra ferrovia \u00e8 una testimonianza contemporanea del primo tempestoso sviluppo della citt\u00e0\". | DeinAdieu.ch","description":"L'associazione Z\u00fcrcher Museumsbahn (ZMB) vuole mantenere in vita la storica Sihltalbahn. Il macchinista di manovra Walter Huber racconta.","robots":{"index":"index","follow":"follow","max-snippet":"max-snippet:-1","max-image-preview":"max-image-preview:large","max-video-preview":"max-video-preview:-1"},"canonical":"https:\/\/www.deinadieu.ch\/it\/la-nostra-ferrovia-e-una-testimonianza-contemporanea-del-primo-tempestoso-sviluppo-della-citta\/","og_locale":"it_IT","og_type":"article","og_title":"\"La nostra ferrovia \u00e8 una testimonianza contemporanea del primo tempestoso sviluppo della citt\u00e0\".","og_description":"Walter Huber ha una grande passione per i viaggi in treno. \u00c8 membro dell'associazione Z\u00fcrcher Museumsbahn (ZMB), ha seguito una formazione come","og_url":"https:\/\/www.deinadieu.ch\/it\/la-nostra-ferrovia-e-una-testimonianza-contemporanea-del-primo-tempestoso-sviluppo-della-citta\/","og_site_name":"DeinAdieu.ch","article_publisher":"https:\/\/www.facebook.com\/deinadieu","article_published_time":"2022-12-24T07:04:18+00:00","article_modified_time":"2024-03-25T14:26:58+00:00","og_image":[{"width":2560,"height":1707,"url":"https:\/\/static.deinadieu.ch\/uploads\/2022\/12\/museumsbahn_0056-scaled.jpg","type":"image\/jpeg"}],"author":"Janina Gehrig, MA UZH, Redaktorin","twitter_card":"summary_large_image","twitter_creator":"@DeinAdieu","twitter_site":"@DeinAdieu","twitter_misc":{"Written by":"Janina Gehrig, MA UZH, Redaktorin","Est. reading time":"4 minutes"},"schema":{"@context":"https:\/\/schema.org","@graph":[{"@type":"Article","@id":"https:\/\/www.deinadieu.ch\/it\/la-nostra-ferrovia-e-una-testimonianza-contemporanea-del-primo-tempestoso-sviluppo-della-citta\/#article","isPartOf":{"@id":"https:\/\/www.deinadieu.ch\/it\/la-nostra-ferrovia-e-una-testimonianza-contemporanea-del-primo-tempestoso-sviluppo-della-citta\/"},"author":{"name":"Janina Gehrig, MA UZH, Redaktorin","@id":"https:\/\/www.deinadieu.ch\/it\/#\/schema\/person\/78cffe1cb679e17f919e3d0c0e7b9673"},"headline":"&#8220;La nostra ferrovia \u00e8 una testimonianza contemporanea del primo tempestoso sviluppo della citt\u00e0&#8221;.","datePublished":"2022-12-24T07:04:18+00:00","dateModified":"2024-03-25T14:26:58+00:00","mainEntityOfPage":{"@id":"https:\/\/www.deinadieu.ch\/it\/la-nostra-ferrovia-e-una-testimonianza-contemporanea-del-primo-tempestoso-sviluppo-della-citta\/"},"wordCount":772,"commentCount":0,"publisher":{"@id":"https:\/\/www.deinadieu.ch\/it\/#organization"},"image":{"@id":"https:\/\/www.deinadieu.ch\/it\/la-nostra-ferrovia-e-una-testimonianza-contemporanea-del-primo-tempestoso-sviluppo-della-citta\/#primaryimage"},"thumbnailUrl":"https:\/\/www.deinadieu.ch\/wp-content\/uploads\/2022\/12\/museumsbahn_0056-scaled.jpg","keywords":["Cosa pu\u00f2 fare la mia eredit\u00e0?","Organizzazione senza scopo di lucro","Organizzazioni di aiuto"],"articleSection":["Focus sulle opere caritative"],"inLanguage":"it-IT","potentialAction":[{"@type":"CommentAction","name":"Comment","target":["https:\/\/www.deinadieu.ch\/it\/la-nostra-ferrovia-e-una-testimonianza-contemporanea-del-primo-tempestoso-sviluppo-della-citta\/#respond"]}]},{"@type":"WebPage","@id":"https:\/\/www.deinadieu.ch\/it\/la-nostra-ferrovia-e-una-testimonianza-contemporanea-del-primo-tempestoso-sviluppo-della-citta\/","url":"https:\/\/www.deinadieu.ch\/it\/la-nostra-ferrovia-e-una-testimonianza-contemporanea-del-primo-tempestoso-sviluppo-della-citta\/","name":"\"La nostra ferrovia \u00e8 una testimonianza contemporanea del primo tempestoso sviluppo della citt\u00e0\". | DeinAdieu.ch","isPartOf":{"@id":"https:\/\/www.deinadieu.ch\/it\/#website"},"primaryImageOfPage":{"@id":"https:\/\/www.deinadieu.ch\/it\/la-nostra-ferrovia-e-una-testimonianza-contemporanea-del-primo-tempestoso-sviluppo-della-citta\/#primaryimage"},"image":{"@id":"https:\/\/www.deinadieu.ch\/it\/la-nostra-ferrovia-e-una-testimonianza-contemporanea-del-primo-tempestoso-sviluppo-della-citta\/#primaryimage"},"thumbnailUrl":"https:\/\/www.deinadieu.ch\/wp-content\/uploads\/2022\/12\/museumsbahn_0056-scaled.jpg","datePublished":"2022-12-24T07:04:18+00:00","dateModified":"2024-03-25T14:26:58+00:00","description":"L'associazione Z\u00fcrcher Museumsbahn (ZMB) vuole mantenere in vita la storica Sihltalbahn. Il macchinista di manovra Walter Huber racconta.","breadcrumb":{"@id":"https:\/\/www.deinadieu.ch\/it\/la-nostra-ferrovia-e-una-testimonianza-contemporanea-del-primo-tempestoso-sviluppo-della-citta\/#breadcrumb"},"inLanguage":"it-IT","potentialAction":[{"@type":"ReadAction","target":["https:\/\/www.deinadieu.ch\/it\/la-nostra-ferrovia-e-una-testimonianza-contemporanea-del-primo-tempestoso-sviluppo-della-citta\/"]}]},{"@type":"ImageObject","inLanguage":"it-IT","@id":"https:\/\/www.deinadieu.ch\/it\/la-nostra-ferrovia-e-una-testimonianza-contemporanea-del-primo-tempestoso-sviluppo-della-citta\/#primaryimage","url":"https:\/\/www.deinadieu.ch\/wp-content\/uploads\/2022\/12\/museumsbahn_0056-scaled.jpg","contentUrl":"https:\/\/www.deinadieu.ch\/wp-content\/uploads\/2022\/12\/museumsbahn_0056-scaled.jpg","width":2560,"height":1707,"caption":"Walter Huber setzt sich daf\u00fcr ein, dass die alten Fahrzeuge der Sihltalbahn erhalten bleiben. Daf\u00fcr kocht er manchmal f\u00fcr die G\u00e4ste im Zug. Foto: Djamila Grossmann"},{"@type":"BreadcrumbList","@id":"https:\/\/www.deinadieu.ch\/it\/la-nostra-ferrovia-e-una-testimonianza-contemporanea-del-primo-tempestoso-sviluppo-della-citta\/#breadcrumb","itemListElement":[{"@type":"ListItem","position":1,"name":"Home","item":"https:\/\/www.deinadieu.ch\/it\/deinadieu-dialog-und-serviceportal-zum-lebensende\/"},{"@type":"ListItem","position":2,"name":"&#8220;La nostra ferrovia \u00e8 una testimonianza contemporanea del primo tempestoso sviluppo della citt\u00e0&#8221;."}]},{"@type":"WebSite","@id":"https:\/\/www.deinadieu.ch\/it\/#website","url":"https:\/\/www.deinadieu.ch\/it\/","name":"DeinAdieu.ch","description":"Testament, Patientenverf\u00fcgung und Vorsorgeauftrag","publisher":{"@id":"https:\/\/www.deinadieu.ch\/it\/#organization"},"potentialAction":[{"@type":"SearchAction","target":{"@type":"EntryPoint","urlTemplate":"https:\/\/www.deinadieu.ch\/it\/?s={search_term_string}"},"query-input":{"@type":"PropertyValueSpecification","valueRequired":true,"valueName":"search_term_string"}}],"inLanguage":"it-IT"},{"@type":"Organization","@id":"https:\/\/www.deinadieu.ch\/it\/#organization","name":"EMNA Web GmbH","url":"https:\/\/www.deinadieu.ch\/it\/","logo":{"@type":"ImageObject","inLanguage":"it-IT","@id":"https:\/\/www.deinadieu.ch\/it\/#\/schema\/logo\/image\/","url":"https:\/\/www.deinadieu.ch\/wp-content\/uploads\/2016\/01\/DeinAdieu_Logo.png","contentUrl":"https:\/\/www.deinadieu.ch\/wp-content\/uploads\/2016\/01\/DeinAdieu_Logo.png","width":300,"height":117,"caption":"EMNA Web GmbH"},"image":{"@id":"https:\/\/www.deinadieu.ch\/it\/#\/schema\/logo\/image\/"},"sameAs":["https:\/\/www.facebook.com\/deinadieu","https:\/\/x.com\/DeinAdieu","https:\/\/www.instagram.com\/deinadieu\/","https:\/\/www.linkedin.com\/company\/deinadieu.ch"]},{"@type":"Person","@id":"https:\/\/www.deinadieu.ch\/it\/#\/schema\/person\/78cffe1cb679e17f919e3d0c0e7b9673","name":"Janina Gehrig, MA UZH, Redaktorin","image":{"@type":"ImageObject","inLanguage":"it-IT","@id":"https:\/\/secure.gravatar.com\/avatar\/8bfc4dca12cd7c0a0373c12f34587d1f6a6117903e7ecc0035863bd69df6fb07?s=96&d=mm&r=g","url":"https:\/\/secure.gravatar.com\/avatar\/8bfc4dca12cd7c0a0373c12f34587d1f6a6117903e7ecc0035863bd69df6fb07?s=96&d=mm&r=g","contentUrl":"https:\/\/secure.gravatar.com\/avatar\/8bfc4dca12cd7c0a0373c12f34587d1f6a6117903e7ecc0035863bd69df6fb07?s=96&d=mm&r=g","caption":"Janina Gehrig, MA UZH, Redaktorin"},"url":"https:\/\/www.deinadieu.ch\/it\/author\/janinagehrig\/"}]}},"_links":{"self":[{"href":"https:\/\/www.deinadieu.ch\/it\/wp-json\/wp\/v2\/posts\/61376","targetHints":{"allow":["GET"]}}],"collection":[{"href":"https:\/\/www.deinadieu.ch\/it\/wp-json\/wp\/v2\/posts"}],"about":[{"href":"https:\/\/www.deinadieu.ch\/it\/wp-json\/wp\/v2\/types\/post"}],"author":[{"embeddable":true,"href":"https:\/\/www.deinadieu.ch\/it\/wp-json\/wp\/v2\/users\/6028"}],"replies":[{"embeddable":true,"href":"https:\/\/www.deinadieu.ch\/it\/wp-json\/wp\/v2\/comments?post=61376"}],"version-history":[{"count":3,"href":"https:\/\/www.deinadieu.ch\/it\/wp-json\/wp\/v2\/posts\/61376\/revisions"}],"predecessor-version":[{"id":67197,"href":"https:\/\/www.deinadieu.ch\/it\/wp-json\/wp\/v2\/posts\/61376\/revisions\/67197"}],"wp:featuredmedia":[{"embeddable":true,"href":"https:\/\/www.deinadieu.ch\/it\/wp-json\/wp\/v2\/media\/61080"}],"wp:attachment":[{"href":"https:\/\/www.deinadieu.ch\/it\/wp-json\/wp\/v2\/media?parent=61376"}],"wp:term":[{"taxonomy":"category","embeddable":true,"href":"https:\/\/www.deinadieu.ch\/it\/wp-json\/wp\/v2\/categories?post=61376"},{"taxonomy":"post_tag","embeddable":true,"href":"https:\/\/www.deinadieu.ch\/it\/wp-json\/wp\/v2\/tags?post=61376"}],"curies":[{"name":"wp","href":"https:\/\/api.w.org\/{rel}","templated":true}]}}