{"id":60837,"date":"2022-11-17T08:34:36","date_gmt":"2022-11-17T07:34:36","guid":{"rendered":"https:\/\/www.deinadieu.ch\/anche-le-persone-disabili-hanno-un-grande-valore\/"},"modified":"2024-02-05T16:29:31","modified_gmt":"2024-02-05T15:29:31","slug":"anche-le-persone-disabili-hanno-un-grande-valore","status":"publish","type":"post","link":"https:\/\/www.deinadieu.ch\/it\/anche-le-persone-disabili-hanno-un-grande-valore\/","title":{"rendered":"&#8220;Anche le persone disabili hanno un grande valore&#8221;."},"content":{"rendered":"\n<p>In Africa, le persone con disabilit\u00e0 sono ancora &#8220;lasciate a languire in una stanza fino alla morte&#8221;, dice un&#8217;infermiera di Berna. Decise di voler cambiare questa situazione. Vive in Angola da oltre quarant&#8217;anni e lavora per l&#8217;organizzazione no-profit SAM global. <\/p>\n\n<!--more-->\n\n<p>Era l&#8217;ottobre 1994 quando la Croce Rossa trasport\u00f2 il personale dell&#8217;ospedale rurale con un aereo cargo in una citt\u00e0 sicura dell&#8217;Angola. <\/p>\n\n<p>Dopo aver combattuto nel luogo di fuga, anche l\u00ec la situazione era diventata pericolosa. Elisabetta, che non vuole fornire il suo cognome per motivi di sicurezza, ricorda ancora i dettagli. All&#8217;auto in cui si erano stipate le persone. Ricorda la notte successiva alla fuga, quando non ha chiuso occhio. Alla giovane donna che dopo essere stata colpita alla schiena divenne paraplegica. &#8220;L&#8217;ho portata con me. La sedia a rotelle dovetti lasciarla indietro&#8221;, dice. Nata a Berna, \u00e8 rimasta in Svizzera solo per pochi mesi prima di tornare in Angola. <\/p>\n\n<p>Dal 1980, Elisabetta vive in Angola, Stato dell&#8217;Africa sud-occidentale, e dal 1995 a Lubango, una citt\u00e0 di un milione di abitanti. &#8220;Gi\u00e0 da bambina avevo il desiderio di andare in Africa come infermiera&#8221;, racconta. Dopo gli studi, \u00e8 venuta a conoscenza dell&#8217;Angola attraverso l&#8217;allora Missione dell&#8217;Alleanza Svizzera, oggi SAM global, e vi si \u00e8 recata all&#8217;et\u00e0 di 27 anni. Prima ha lavorato in un ospedale. Da circa 20 anni \u00e8 specializzata nella riabilitazione di persone con disabilit\u00e0 fisiche per la SAM global a livello globale e ha avviato un lavoro di riabilitazione in generale. L&#8217;organizzazione cristiana senza scopo di lucro che si occupa di cooperazione allo sviluppo umano finanzia le sue strutture, ma anche stampelle e sedie a rotelle, soprattutto attraverso <a href=\"https:\/\/app.deinadieu.ch\/testamentgenerator\/ngo\/7494\">donazioni<\/a>.<\/p>\n\n<h2 class=\"wp-block-heading\" id=\"h-immer-wieder-unfalle-mit-minen\">Ininterrottamente incidenti con le mine<\/h2>\n\n<p class=\"has-text-align-left\">&#8220;Ci sono sempre ancora incidenti con le mine e di conseguenza molte persone con arti amputati&#8221;, dice Elisabetta. Spesso si tratta di bambini che pascolano il bestiame in campagna e che trovano sempre ordigni esplosivi. Dal 1961 l&#8217;Angola lottava per l&#8217;indipendenza, conquistata nel 1975. Da allora, il partito MPLA ha governato il Paese in modo autoritario; la corruzione e le violazioni dei diritti umani sono ancora oggi molto diffuse. Fino al 2002 c&#8217;\u00e8 stata una guerra civile e il Paese \u00e8 stato pesantemente minato.<\/p>\n\n<p class=\"has-text-align-left\">Solo di recente i fisioterapisti hanno ricevuto una formazione specifica. Nel frattempo, i pazienti del reparto di Elisabetta vengono assistiti anche a livello ambulatoriale. Circa 100 persone sono in continuo trattamento. &#8220;Vengono a trovarci persone da tutto il Paese. Il nostro obiettivo \u00e8 quello di reintegrare anche loro nel mondo del lavoro&#8221;, spiega Elisabetta. Lavorano a stretto contatto con un centro protesi a 200 chilometri di distanza, che realizza protesi in legno. L&#8217;infermiera insegna anche ai futuri operatori sanitari ed \u00e8 responsabile del reparto di un ospedale, che successivamente invia i pazienti alla riabilitazione.<\/p>\n\n<p>Il fatto che Elisabetta, cresciuta sul Beatenberg, sia tornata in Angola anche dopo essere fuggita in Svizzera \u00e8 dovuto al lavoro. &#8220;Ancora oggi, per me \u00e8 una grande soddisfazione vedere che qualcuno che un tempo era paralizzato pu\u00f2 camminare di nuovo&#8221;, dice. A volte ci vuole molta pazienza, non solo da parte della persona interessata, ma anche da parte dei familiari e del personale. La giovane donna, che Elisabetta aveva salvato dalla zona di guerra come paraplegica, aveva imparato a camminare di nuovo con le stampelle e si era sottoposta a un intervento chirurgico. &#8220;Oggi vive nella capitale Luanda, ha studiato, si \u00e8 laureata e ha trovato lavoro. Storie come questa mi turbano molto. In Africa, le persone con disabilit\u00e0 sono ancora &#8220;lasciate a languire in una stanza fino alla morte&#8221;. Attraverso il suo lavoro, pu\u00f2 dimostrare alla societ\u00e0 che anche le persone disabili hanno un grande valore e possono essere padrone della loro vita.<\/p>\n\n<figure class=\"wp-block-image size-large\"><img loading=\"lazy\" decoding=\"async\" width=\"768\" height=\"1024\" src=\"https:\/\/www.deinadieu.ch\/wp-content\/uploads\/2022\/11\/Lucia-amputiert-an-beiden-Beinen-an-ihrem-Arbeitsplatz-1-768x1024.jpg\" alt=\"\" class=\"wp-image-60705\" srcset=\"https:\/\/www.deinadieu.ch\/wp-content\/uploads\/2022\/11\/Lucia-amputiert-an-beiden-Beinen-an-ihrem-Arbeitsplatz-1-768x1024.jpg 768w, https:\/\/www.deinadieu.ch\/wp-content\/uploads\/2022\/11\/Lucia-amputiert-an-beiden-Beinen-an-ihrem-Arbeitsplatz-1-225x300.jpg 225w, https:\/\/www.deinadieu.ch\/wp-content\/uploads\/2022\/11\/Lucia-amputiert-an-beiden-Beinen-an-ihrem-Arbeitsplatz-1-1152x1536.jpg 1152w, https:\/\/www.deinadieu.ch\/wp-content\/uploads\/2022\/11\/Lucia-amputiert-an-beiden-Beinen-an-ihrem-Arbeitsplatz-1-1536x2048.jpg 1536w, https:\/\/www.deinadieu.ch\/wp-content\/uploads\/2022\/11\/Lucia-amputiert-an-beiden-Beinen-an-ihrem-Arbeitsplatz-1-scaled.jpg 1920w\" sizes=\"auto, (max-width: 768px) 100vw, 768px\" \/><figcaption class=\"wp-element-caption\">Lucia ha avuto un grave incidente in moto. \u00c8 stato necessario amputare entrambe le gambe. Nel frattempo, sta di nuovo bene. Ha due figli ed \u00e8 pienamente integrata nella vita lavorativa.<\/figcaption><\/figure>\n\n<h2 class=\"wp-block-heading\" id=\"h-ich-gehore-zu-einer-afrikanischen-familie\">&#8220;Appartengo a una famiglia africana&#8221;.<\/h2>\n\n<p>Uno dei motivi per cui Elisabetta, che ha costruito una piccola casa alla periferia della citt\u00e0, si sente a casa sua \u00e8 il grande affiatamento tra le persone. &#8220;Appartengo a una famiglia africana, vengo invitata agli eventi. Sono radicata qui. Non voglio essere altrove. Qui tutto si risolve nel gruppo o nella famiglia. Che si tratti di un decesso da elaborare, di problemi o di preparativi per un matrimonio. Ma questo comporta anche molti altri obblighi.<\/p>\n\n<p>Non ha ancora intenzione di tornare in Svizzera, anche se la povert\u00e0 nel Paese \u00e8 grande. Ci sono sempre interruzioni di corrente, ha una cisterna al posto dell&#8217;allacciamento dell&#8217;acqua e deve vivere dietro a delle sbarre, un muro e filo spinato a causa dell&#8217;alto tasso di criminalit\u00e0. Ammette per\u00f2 che di tanto in tanto le mancano Cervelat, formaggio e il cioccolato svizzero. Ride. &#8220;Sono felice qui. Ogni volta che faccio una doccia con l&#8217;acqua calda, penso: che regalo&#8221;.<\/p>\n\n<p>Elisabetta, che oggi ha 69 anni, sarebbe effettivamente in pensione. Ma vuole continuare a sostenere il lavoro di SAM global, su base volontaria, finch\u00e9 sar\u00e0 in salute. Allo stesso tempo, funge da collegamento tra l&#8217;organizzazione e le altre organizzazioni partner, &#8220;in modo che le informazioni circolino&#8221;, dice.<\/p>\n\n<figure class=\"wp-block-image size-large\"><img loading=\"lazy\" decoding=\"async\" width=\"1024\" height=\"768\" src=\"https:\/\/www.deinadieu.ch\/wp-content\/uploads\/2022\/11\/IMG_20220813_202925887-2-1024x768.jpg\" alt=\"\" class=\"wp-image-60701\" srcset=\"https:\/\/www.deinadieu.ch\/wp-content\/uploads\/2022\/11\/IMG_20220813_202925887-2-1024x768.jpg 1024w, https:\/\/www.deinadieu.ch\/wp-content\/uploads\/2022\/11\/IMG_20220813_202925887-2-300x225.jpg 300w, https:\/\/www.deinadieu.ch\/wp-content\/uploads\/2022\/11\/IMG_20220813_202925887-2-1536x1152.jpg 1536w, https:\/\/www.deinadieu.ch\/wp-content\/uploads\/2022\/11\/IMG_20220813_202925887-2-2048x1536.jpg 2048w\" sizes=\"auto, (max-width: 1024px) 100vw, 1024px\" \/><figcaption class=\"wp-element-caption\">Elisabetta con due ragazze angolane.<\/figcaption><\/figure>\n\n<p class=\"has-text-align-left\">\n        <div class=\"da-servicebox relative bg-gray-200 p-4 pt-8 border-solid border-t-8 border-da-dark mb-6\">\n            <i class=\"fas fa-info-circle mx-auto fa-7x text-da-dark\"><\/i>\n            <span style=\"hyphens: auto\">\n                <br\/><a href=\"https:\/\/www.deinadieu.ch\/hilfswerke\/sam-global\/\">SAM global<\/a> (fino al 2017 Swiss Alliance Mission) \u00e8 un&#8217;organizzazione cristiana svizzera senza scopo di lucro con sede a Winterthur. Dal 2017, l&#8217;abbreviazione sta per serve and multiply (servire e moltiplicare). SAM global mira a cambiare le vite attraverso l&#8217;istruzione ed \u00e8 attiva nel campo della cooperazione allo sviluppo delle risorse umane. L&#8217;attenzione si concentra sulla formazione in vari settori e sull&#8217;aiutare le persone ad aiutarsi. <\/p>\n\n<p class=\"has-text-align-left\">SAM global impiega circa 80 dipendenti europei nei Paesi in cui opera, diversi volontari e numerosi collaboratori locali e, secondo la propria homepage, \u00e8 attivo con vari partner in undici Paesi in Africa, Asia e Sud America, tra cui Cambogia, Sri Lanka, Burkina Faso, Guinea, Camerun, Ciad e Brasile. SAM global \u00e8 attivo anche tra i migranti in Svizzera. L&#8217;organizzazione si concentra sull&#8217;istruzione di base e professionale, sulla costruzione di piccole imprese (Business for Transformation B4T), sul lavoro medico e sulla prevenzione sanitaria, sull&#8217;istruzione e sulla pratica teologica, e sul miglioramento dei mezzi di sussistenza e sulla sensibilizzazione. \n                \n                \n            <\/span>\n        <\/div>\n        <\/p>\n\n<div style=\"height:40px\" aria-hidden=\"true\" class=\"wp-block-spacer\"><\/div>\n\n<div class=\"wp-block-buttons is-layout-flex wp-block-buttons-is-layout-flex\">\n<div class=\"wp-block-button\"><a class=\"wp-block-button__link wp-element-button\" href=\"https:\/\/app.deinadieu.ch\/testamentgenerator\/ngo\/7494\">Beneficiare SAM global nel testamento<\/a><\/div>\n<\/div>\n","protected":false},"excerpt":{"rendered":"<p>In Africa, le persone con disabilit\u00e0 sono ancora &#8220;lasciate a languire in una stanza fino alla morte&#8221;, dice un&#8217;infermiera di Berna. Decise di voler cambiare questa situazione. Vive in Angola da oltre quarant&#8217;anni e lavora per l&#8217;organizzazione no-profit SAM global.<\/p>\n","protected":false},"author":6028,"featured_media":0,"comment_status":"open","ping_status":"closed","sticky":false,"template":"","format":"standard","meta":{"_acf_changed":false,"footnotes":""},"categories":[2474],"tags":[2522,2906,3160],"class_list":["post-60837","post","type-post","status-publish","format-standard","hentry","category-opere-caritative","tag-cosa-puo-fare-la-mia-eredita","tag-organizzazione-senza-scopo-di-lucro","tag-organizzazioni-di-aiuto"],"acf":[],"yoast_head":"<title>&quot;Anche le persone disabili hanno un grande valore&quot;. | DeinAdieu.ch<\/title>\n<meta name=\"description\" content=\"Elisabetta, infermiera specializzata di Berna, vive in Angola da oltre 40 anni. In questo paese ha istituito il lavoro di riabilitazione per gli amputati.\" \/>\n<meta name=\"robots\" content=\"index, follow, max-snippet:-1, max-image-preview:large, max-video-preview:-1\" \/>\n<link rel=\"canonical\" href=\"https:\/\/www.deinadieu.ch\/it\/anche-le-persone-disabili-hanno-un-grande-valore\/\" \/>\n<meta property=\"og:locale\" content=\"it_IT\" \/>\n<meta property=\"og:type\" content=\"article\" \/>\n<meta property=\"og:title\" content=\"&quot;Anche le persone disabili hanno un grande valore&quot;.\" \/>\n<meta property=\"og:description\" content=\"In Africa, le persone con disabilit\u00e0 sono ancora &quot;lasciate a languire in una stanza fino alla morte&quot;, dice un&#039;infermiera di Berna. Decise di voler\" \/>\n<meta property=\"og:url\" content=\"https:\/\/www.deinadieu.ch\/it\/anche-le-persone-disabili-hanno-un-grande-valore\/\" \/>\n<meta property=\"og:site_name\" content=\"DeinAdieu.ch\" \/>\n<meta property=\"article:publisher\" content=\"https:\/\/www.facebook.com\/deinadieu\" \/>\n<meta property=\"article:published_time\" content=\"2022-11-17T07:34:36+00:00\" \/>\n<meta property=\"article:modified_time\" content=\"2024-02-05T15:29:31+00:00\" \/>\n<meta property=\"og:image\" content=\"https:\/\/static.deinadieu.ch\/uploads\/2022\/11\/Lucia-amputiert-an-beiden-Beinen-an-ihrem-Arbeitsplatz-1-768x1024.jpg\" \/>\n<meta name=\"author\" content=\"Janina Gehrig, MA UZH, Redaktorin\" \/>\n<meta name=\"twitter:card\" content=\"summary_large_image\" \/>\n<meta name=\"twitter:creator\" content=\"@DeinAdieu\" \/>\n<meta name=\"twitter:site\" content=\"@DeinAdieu\" \/>\n<meta name=\"twitter:label1\" content=\"Written by\" \/>\n\t<meta name=\"twitter:data1\" content=\"Janina Gehrig, MA UZH, Redaktorin\" \/>\n\t<meta name=\"twitter:label2\" content=\"Est. reading time\" \/>\n\t<meta name=\"twitter:data2\" content=\"5 minutes\" \/>\n<script type=\"application\/ld+json\" class=\"yoast-schema-graph\">{\"@context\":\"https:\\\/\\\/schema.org\",\"@graph\":[{\"@type\":\"Article\",\"@id\":\"https:\\\/\\\/www.deinadieu.ch\\\/it\\\/anche-le-persone-disabili-hanno-un-grande-valore\\\/#article\",\"isPartOf\":{\"@id\":\"https:\\\/\\\/www.deinadieu.ch\\\/it\\\/anche-le-persone-disabili-hanno-un-grande-valore\\\/\"},\"author\":{\"name\":\"Janina Gehrig, MA UZH, Redaktorin\",\"@id\":\"https:\\\/\\\/www.deinadieu.ch\\\/it\\\/#\\\/schema\\\/person\\\/78cffe1cb679e17f919e3d0c0e7b9673\"},\"headline\":\"&#8220;Anche le persone disabili hanno un grande valore&#8221;.\",\"datePublished\":\"2022-11-17T07:34:36+00:00\",\"dateModified\":\"2024-02-05T15:29:31+00:00\",\"mainEntityOfPage\":{\"@id\":\"https:\\\/\\\/www.deinadieu.ch\\\/it\\\/anche-le-persone-disabili-hanno-un-grande-valore\\\/\"},\"wordCount\":1030,\"commentCount\":0,\"publisher\":{\"@id\":\"https:\\\/\\\/www.deinadieu.ch\\\/it\\\/#organization\"},\"image\":{\"@id\":\"https:\\\/\\\/www.deinadieu.ch\\\/it\\\/anche-le-persone-disabili-hanno-un-grande-valore\\\/#primaryimage\"},\"thumbnailUrl\":\"https:\\\/\\\/www.deinadieu.ch\\\/wp-content\\\/uploads\\\/2022\\\/11\\\/Lucia-amputiert-an-beiden-Beinen-an-ihrem-Arbeitsplatz-1-768x1024.jpg\",\"keywords\":[\"Cosa pu\u00f2 fare la mia eredit\u00e0?\",\"Organizzazione senza scopo di lucro\",\"Organizzazioni di aiuto\"],\"articleSection\":[\"Focus sulle opere caritative\"],\"inLanguage\":\"it-IT\",\"potentialAction\":[{\"@type\":\"CommentAction\",\"name\":\"Comment\",\"target\":[\"https:\\\/\\\/www.deinadieu.ch\\\/it\\\/anche-le-persone-disabili-hanno-un-grande-valore\\\/#respond\"]}]},{\"@type\":\"WebPage\",\"@id\":\"https:\\\/\\\/www.deinadieu.ch\\\/it\\\/anche-le-persone-disabili-hanno-un-grande-valore\\\/\",\"url\":\"https:\\\/\\\/www.deinadieu.ch\\\/it\\\/anche-le-persone-disabili-hanno-un-grande-valore\\\/\",\"name\":\"\\\"Anche le persone disabili hanno un grande valore\\\". | DeinAdieu.ch\",\"isPartOf\":{\"@id\":\"https:\\\/\\\/www.deinadieu.ch\\\/it\\\/#website\"},\"primaryImageOfPage\":{\"@id\":\"https:\\\/\\\/www.deinadieu.ch\\\/it\\\/anche-le-persone-disabili-hanno-un-grande-valore\\\/#primaryimage\"},\"image\":{\"@id\":\"https:\\\/\\\/www.deinadieu.ch\\\/it\\\/anche-le-persone-disabili-hanno-un-grande-valore\\\/#primaryimage\"},\"thumbnailUrl\":\"https:\\\/\\\/www.deinadieu.ch\\\/wp-content\\\/uploads\\\/2022\\\/11\\\/Lucia-amputiert-an-beiden-Beinen-an-ihrem-Arbeitsplatz-1-768x1024.jpg\",\"datePublished\":\"2022-11-17T07:34:36+00:00\",\"dateModified\":\"2024-02-05T15:29:31+00:00\",\"description\":\"Elisabetta, infermiera specializzata di Berna, vive in Angola da oltre 40 anni. In questo paese ha istituito il lavoro di riabilitazione per gli amputati.\",\"breadcrumb\":{\"@id\":\"https:\\\/\\\/www.deinadieu.ch\\\/it\\\/anche-le-persone-disabili-hanno-un-grande-valore\\\/#breadcrumb\"},\"inLanguage\":\"it-IT\",\"potentialAction\":[{\"@type\":\"ReadAction\",\"target\":[\"https:\\\/\\\/www.deinadieu.ch\\\/it\\\/anche-le-persone-disabili-hanno-un-grande-valore\\\/\"]}]},{\"@type\":\"ImageObject\",\"inLanguage\":\"it-IT\",\"@id\":\"https:\\\/\\\/www.deinadieu.ch\\\/it\\\/anche-le-persone-disabili-hanno-un-grande-valore\\\/#primaryimage\",\"url\":\"https:\\\/\\\/www.deinadieu.ch\\\/wp-content\\\/uploads\\\/2022\\\/11\\\/Lucia-amputiert-an-beiden-Beinen-an-ihrem-Arbeitsplatz-1-768x1024.jpg\",\"contentUrl\":\"https:\\\/\\\/www.deinadieu.ch\\\/wp-content\\\/uploads\\\/2022\\\/11\\\/Lucia-amputiert-an-beiden-Beinen-an-ihrem-Arbeitsplatz-1-768x1024.jpg\"},{\"@type\":\"BreadcrumbList\",\"@id\":\"https:\\\/\\\/www.deinadieu.ch\\\/it\\\/anche-le-persone-disabili-hanno-un-grande-valore\\\/#breadcrumb\",\"itemListElement\":[{\"@type\":\"ListItem\",\"position\":1,\"name\":\"Home\",\"item\":\"https:\\\/\\\/www.deinadieu.ch\\\/it\\\/deinadieu-dialog-und-serviceportal-zum-lebensende\\\/\"},{\"@type\":\"ListItem\",\"position\":2,\"name\":\"&#8220;Anche le persone disabili hanno un grande valore&#8221;.\"}]},{\"@type\":\"WebSite\",\"@id\":\"https:\\\/\\\/www.deinadieu.ch\\\/it\\\/#website\",\"url\":\"https:\\\/\\\/www.deinadieu.ch\\\/it\\\/\",\"name\":\"DeinAdieu.ch\",\"description\":\"Testament, Patientenverf\u00fcgung und Vorsorgeauftrag\",\"publisher\":{\"@id\":\"https:\\\/\\\/www.deinadieu.ch\\\/it\\\/#organization\"},\"potentialAction\":[{\"@type\":\"SearchAction\",\"target\":{\"@type\":\"EntryPoint\",\"urlTemplate\":\"https:\\\/\\\/www.deinadieu.ch\\\/it\\\/?s={search_term_string}\"},\"query-input\":{\"@type\":\"PropertyValueSpecification\",\"valueRequired\":true,\"valueName\":\"search_term_string\"}}],\"inLanguage\":\"it-IT\"},{\"@type\":\"Organization\",\"@id\":\"https:\\\/\\\/www.deinadieu.ch\\\/it\\\/#organization\",\"name\":\"EMNA Web GmbH\",\"url\":\"https:\\\/\\\/www.deinadieu.ch\\\/it\\\/\",\"logo\":{\"@type\":\"ImageObject\",\"inLanguage\":\"it-IT\",\"@id\":\"https:\\\/\\\/www.deinadieu.ch\\\/it\\\/#\\\/schema\\\/logo\\\/image\\\/\",\"url\":\"https:\\\/\\\/www.deinadieu.ch\\\/wp-content\\\/uploads\\\/2016\\\/01\\\/DeinAdieu_Logo.png\",\"contentUrl\":\"https:\\\/\\\/www.deinadieu.ch\\\/wp-content\\\/uploads\\\/2016\\\/01\\\/DeinAdieu_Logo.png\",\"width\":300,\"height\":117,\"caption\":\"EMNA Web GmbH\"},\"image\":{\"@id\":\"https:\\\/\\\/www.deinadieu.ch\\\/it\\\/#\\\/schema\\\/logo\\\/image\\\/\"},\"sameAs\":[\"https:\\\/\\\/www.facebook.com\\\/deinadieu\",\"https:\\\/\\\/x.com\\\/DeinAdieu\",\"https:\\\/\\\/www.instagram.com\\\/deinadieu\\\/\",\"https:\\\/\\\/www.linkedin.com\\\/company\\\/deinadieu.ch\"]},{\"@type\":\"Person\",\"@id\":\"https:\\\/\\\/www.deinadieu.ch\\\/it\\\/#\\\/schema\\\/person\\\/78cffe1cb679e17f919e3d0c0e7b9673\",\"name\":\"Janina Gehrig, MA UZH, Redaktorin\",\"image\":{\"@type\":\"ImageObject\",\"inLanguage\":\"it-IT\",\"@id\":\"https:\\\/\\\/secure.gravatar.com\\\/avatar\\\/8bfc4dca12cd7c0a0373c12f34587d1f6a6117903e7ecc0035863bd69df6fb07?s=96&d=mm&r=g\",\"url\":\"https:\\\/\\\/secure.gravatar.com\\\/avatar\\\/8bfc4dca12cd7c0a0373c12f34587d1f6a6117903e7ecc0035863bd69df6fb07?s=96&d=mm&r=g\",\"contentUrl\":\"https:\\\/\\\/secure.gravatar.com\\\/avatar\\\/8bfc4dca12cd7c0a0373c12f34587d1f6a6117903e7ecc0035863bd69df6fb07?s=96&d=mm&r=g\",\"caption\":\"Janina Gehrig, MA UZH, Redaktorin\"},\"url\":\"https:\\\/\\\/www.deinadieu.ch\\\/it\\\/author\\\/janinagehrig\\\/\"}]}<\/script>","yoast_head_json":{"title":"\"Anche le persone disabili hanno un grande valore\". | DeinAdieu.ch","description":"Elisabetta, infermiera specializzata di Berna, vive in Angola da oltre 40 anni. In questo paese ha istituito il lavoro di riabilitazione per gli amputati.","robots":{"index":"index","follow":"follow","max-snippet":"max-snippet:-1","max-image-preview":"max-image-preview:large","max-video-preview":"max-video-preview:-1"},"canonical":"https:\/\/www.deinadieu.ch\/it\/anche-le-persone-disabili-hanno-un-grande-valore\/","og_locale":"it_IT","og_type":"article","og_title":"\"Anche le persone disabili hanno un grande valore\".","og_description":"In Africa, le persone con disabilit\u00e0 sono ancora \"lasciate a languire in una stanza fino alla morte\", dice un'infermiera di Berna. Decise di voler","og_url":"https:\/\/www.deinadieu.ch\/it\/anche-le-persone-disabili-hanno-un-grande-valore\/","og_site_name":"DeinAdieu.ch","article_publisher":"https:\/\/www.facebook.com\/deinadieu","article_published_time":"2022-11-17T07:34:36+00:00","article_modified_time":"2024-02-05T15:29:31+00:00","og_image":[{"url":"https:\/\/static.deinadieu.ch\/uploads\/2022\/11\/Lucia-amputiert-an-beiden-Beinen-an-ihrem-Arbeitsplatz-1-768x1024.jpg","type":"","width":"","height":""}],"author":"Janina Gehrig, MA UZH, Redaktorin","twitter_card":"summary_large_image","twitter_creator":"@DeinAdieu","twitter_site":"@DeinAdieu","twitter_misc":{"Written by":"Janina Gehrig, MA UZH, Redaktorin","Est. reading time":"5 minutes"},"schema":{"@context":"https:\/\/schema.org","@graph":[{"@type":"Article","@id":"https:\/\/www.deinadieu.ch\/it\/anche-le-persone-disabili-hanno-un-grande-valore\/#article","isPartOf":{"@id":"https:\/\/www.deinadieu.ch\/it\/anche-le-persone-disabili-hanno-un-grande-valore\/"},"author":{"name":"Janina Gehrig, MA UZH, Redaktorin","@id":"https:\/\/www.deinadieu.ch\/it\/#\/schema\/person\/78cffe1cb679e17f919e3d0c0e7b9673"},"headline":"&#8220;Anche le persone disabili hanno un grande valore&#8221;.","datePublished":"2022-11-17T07:34:36+00:00","dateModified":"2024-02-05T15:29:31+00:00","mainEntityOfPage":{"@id":"https:\/\/www.deinadieu.ch\/it\/anche-le-persone-disabili-hanno-un-grande-valore\/"},"wordCount":1030,"commentCount":0,"publisher":{"@id":"https:\/\/www.deinadieu.ch\/it\/#organization"},"image":{"@id":"https:\/\/www.deinadieu.ch\/it\/anche-le-persone-disabili-hanno-un-grande-valore\/#primaryimage"},"thumbnailUrl":"https:\/\/www.deinadieu.ch\/wp-content\/uploads\/2022\/11\/Lucia-amputiert-an-beiden-Beinen-an-ihrem-Arbeitsplatz-1-768x1024.jpg","keywords":["Cosa pu\u00f2 fare la mia eredit\u00e0?","Organizzazione senza scopo di lucro","Organizzazioni di aiuto"],"articleSection":["Focus sulle opere caritative"],"inLanguage":"it-IT","potentialAction":[{"@type":"CommentAction","name":"Comment","target":["https:\/\/www.deinadieu.ch\/it\/anche-le-persone-disabili-hanno-un-grande-valore\/#respond"]}]},{"@type":"WebPage","@id":"https:\/\/www.deinadieu.ch\/it\/anche-le-persone-disabili-hanno-un-grande-valore\/","url":"https:\/\/www.deinadieu.ch\/it\/anche-le-persone-disabili-hanno-un-grande-valore\/","name":"\"Anche le persone disabili hanno un grande valore\". | DeinAdieu.ch","isPartOf":{"@id":"https:\/\/www.deinadieu.ch\/it\/#website"},"primaryImageOfPage":{"@id":"https:\/\/www.deinadieu.ch\/it\/anche-le-persone-disabili-hanno-un-grande-valore\/#primaryimage"},"image":{"@id":"https:\/\/www.deinadieu.ch\/it\/anche-le-persone-disabili-hanno-un-grande-valore\/#primaryimage"},"thumbnailUrl":"https:\/\/www.deinadieu.ch\/wp-content\/uploads\/2022\/11\/Lucia-amputiert-an-beiden-Beinen-an-ihrem-Arbeitsplatz-1-768x1024.jpg","datePublished":"2022-11-17T07:34:36+00:00","dateModified":"2024-02-05T15:29:31+00:00","description":"Elisabetta, infermiera specializzata di Berna, vive in Angola da oltre 40 anni. In questo paese ha istituito il lavoro di riabilitazione per gli amputati.","breadcrumb":{"@id":"https:\/\/www.deinadieu.ch\/it\/anche-le-persone-disabili-hanno-un-grande-valore\/#breadcrumb"},"inLanguage":"it-IT","potentialAction":[{"@type":"ReadAction","target":["https:\/\/www.deinadieu.ch\/it\/anche-le-persone-disabili-hanno-un-grande-valore\/"]}]},{"@type":"ImageObject","inLanguage":"it-IT","@id":"https:\/\/www.deinadieu.ch\/it\/anche-le-persone-disabili-hanno-un-grande-valore\/#primaryimage","url":"https:\/\/www.deinadieu.ch\/wp-content\/uploads\/2022\/11\/Lucia-amputiert-an-beiden-Beinen-an-ihrem-Arbeitsplatz-1-768x1024.jpg","contentUrl":"https:\/\/www.deinadieu.ch\/wp-content\/uploads\/2022\/11\/Lucia-amputiert-an-beiden-Beinen-an-ihrem-Arbeitsplatz-1-768x1024.jpg"},{"@type":"BreadcrumbList","@id":"https:\/\/www.deinadieu.ch\/it\/anche-le-persone-disabili-hanno-un-grande-valore\/#breadcrumb","itemListElement":[{"@type":"ListItem","position":1,"name":"Home","item":"https:\/\/www.deinadieu.ch\/it\/deinadieu-dialog-und-serviceportal-zum-lebensende\/"},{"@type":"ListItem","position":2,"name":"&#8220;Anche le persone disabili hanno un grande valore&#8221;."}]},{"@type":"WebSite","@id":"https:\/\/www.deinadieu.ch\/it\/#website","url":"https:\/\/www.deinadieu.ch\/it\/","name":"DeinAdieu.ch","description":"Testament, Patientenverf\u00fcgung und Vorsorgeauftrag","publisher":{"@id":"https:\/\/www.deinadieu.ch\/it\/#organization"},"potentialAction":[{"@type":"SearchAction","target":{"@type":"EntryPoint","urlTemplate":"https:\/\/www.deinadieu.ch\/it\/?s={search_term_string}"},"query-input":{"@type":"PropertyValueSpecification","valueRequired":true,"valueName":"search_term_string"}}],"inLanguage":"it-IT"},{"@type":"Organization","@id":"https:\/\/www.deinadieu.ch\/it\/#organization","name":"EMNA Web GmbH","url":"https:\/\/www.deinadieu.ch\/it\/","logo":{"@type":"ImageObject","inLanguage":"it-IT","@id":"https:\/\/www.deinadieu.ch\/it\/#\/schema\/logo\/image\/","url":"https:\/\/www.deinadieu.ch\/wp-content\/uploads\/2016\/01\/DeinAdieu_Logo.png","contentUrl":"https:\/\/www.deinadieu.ch\/wp-content\/uploads\/2016\/01\/DeinAdieu_Logo.png","width":300,"height":117,"caption":"EMNA Web GmbH"},"image":{"@id":"https:\/\/www.deinadieu.ch\/it\/#\/schema\/logo\/image\/"},"sameAs":["https:\/\/www.facebook.com\/deinadieu","https:\/\/x.com\/DeinAdieu","https:\/\/www.instagram.com\/deinadieu\/","https:\/\/www.linkedin.com\/company\/deinadieu.ch"]},{"@type":"Person","@id":"https:\/\/www.deinadieu.ch\/it\/#\/schema\/person\/78cffe1cb679e17f919e3d0c0e7b9673","name":"Janina Gehrig, MA UZH, Redaktorin","image":{"@type":"ImageObject","inLanguage":"it-IT","@id":"https:\/\/secure.gravatar.com\/avatar\/8bfc4dca12cd7c0a0373c12f34587d1f6a6117903e7ecc0035863bd69df6fb07?s=96&d=mm&r=g","url":"https:\/\/secure.gravatar.com\/avatar\/8bfc4dca12cd7c0a0373c12f34587d1f6a6117903e7ecc0035863bd69df6fb07?s=96&d=mm&r=g","contentUrl":"https:\/\/secure.gravatar.com\/avatar\/8bfc4dca12cd7c0a0373c12f34587d1f6a6117903e7ecc0035863bd69df6fb07?s=96&d=mm&r=g","caption":"Janina Gehrig, MA UZH, Redaktorin"},"url":"https:\/\/www.deinadieu.ch\/it\/author\/janinagehrig\/"}]}},"_links":{"self":[{"href":"https:\/\/www.deinadieu.ch\/it\/wp-json\/wp\/v2\/posts\/60837","targetHints":{"allow":["GET"]}}],"collection":[{"href":"https:\/\/www.deinadieu.ch\/it\/wp-json\/wp\/v2\/posts"}],"about":[{"href":"https:\/\/www.deinadieu.ch\/it\/wp-json\/wp\/v2\/types\/post"}],"author":[{"embeddable":true,"href":"https:\/\/www.deinadieu.ch\/it\/wp-json\/wp\/v2\/users\/6028"}],"replies":[{"embeddable":true,"href":"https:\/\/www.deinadieu.ch\/it\/wp-json\/wp\/v2\/comments?post=60837"}],"version-history":[{"count":3,"href":"https:\/\/www.deinadieu.ch\/it\/wp-json\/wp\/v2\/posts\/60837\/revisions"}],"predecessor-version":[{"id":66643,"href":"https:\/\/www.deinadieu.ch\/it\/wp-json\/wp\/v2\/posts\/60837\/revisions\/66643"}],"wp:attachment":[{"href":"https:\/\/www.deinadieu.ch\/it\/wp-json\/wp\/v2\/media?parent=60837"}],"wp:term":[{"taxonomy":"category","embeddable":true,"href":"https:\/\/www.deinadieu.ch\/it\/wp-json\/wp\/v2\/categories?post=60837"},{"taxonomy":"post_tag","embeddable":true,"href":"https:\/\/www.deinadieu.ch\/it\/wp-json\/wp\/v2\/tags?post=60837"}],"curies":[{"name":"wp","href":"https:\/\/api.w.org\/{rel}","templated":true}]}}