{"id":60052,"date":"2022-08-30T15:21:28","date_gmt":"2022-08-30T13:21:28","guid":{"rendered":"https:\/\/www.deinadieu.ch\/non-ce-niente-di-peggio-che-sentire-la-mancanza-di-qualcuno-che-si-ama-e-non-sapere-dove-sia\/"},"modified":"2024-03-26T15:03:06","modified_gmt":"2024-03-26T14:03:06","slug":"non-ce-niente-di-peggio-che-sentire-la-mancanza-di-qualcuno-che-si-ama-e-non-sapere-dove-sia","status":"publish","type":"post","link":"https:\/\/www.deinadieu.ch\/it\/non-ce-niente-di-peggio-che-sentire-la-mancanza-di-qualcuno-che-si-ama-e-non-sapere-dove-sia\/","title":{"rendered":"\u00abNon c&#8217;\u00e8 niente di peggio che sentire la mancanza di qualcuno che si ama e non sapere dove sia\u00bb"},"content":{"rendered":"\n<p>Quando escursionisti non tornano da un&#8217;escursione, le persone affette da demenza si perdono o persone con tendenze suicide scompaiono, le conduttrici cinofile di Redog escono allo scoperto. Questo \u00e8 anche il caso di Stefanie Stupf con il suo Labrador Yaro. <\/p>\n\n<!--more-->\n\n<p>Per 60 minuti Yaro e Steffi Stupf sono stati alla ricerca. Poi Yaro torn\u00f2 dalla sua conduttrice, con il nastro intrecciato nel muso. Allora Stupf sapeva che il suo cane aveva trovato qualcosa. \u00abMostra\u00bb, gli ordin\u00f2 e lo segu\u00ec attraverso il bosco. Improvvisamente il cane si sedette. Stupf si guard\u00f2 intorno. Quello che vide non lo dimenticher\u00e0 mai pi\u00f9. Un uomo di circa 30 anni si era tolto la vita qui, in un bosco del cantone di San Gallo. \u00abMi sono subito venute le lacrime agli occhi\u00bb, racconta Stupf. Ha lodato il suo cane e ha aspettato sul posto la polizia, che era stata allertata. Per la prima volta, il suo cane, che in precedenza aveva localizzato solo persone vive durante l&#8217;addestramento e le ricerche di persone disperse, aveva trovato qualcuno che era morto in quel giorno del maggio 2021.<\/p>\n\n<p>Stefanie Stupf \u00e8 membro di Redog, l&#8217;Associazione svizzera dei cani da ricerca e da salvataggio, da otto anni. L&#8217;organizzazione si occupa della formazione di squadre di soccorso composte da cani e uomini per la ricerca di persone scomparse e rimaste sepolte. Redog \u00e8 l&#8217;unico centro di formazione svizzero per la ricerca di vittime sepolte dopo disastri naturali, terremoti, esplosioni o cadute di massi. Lavora a stretto contatto con i servizi di emergenza, le autorit\u00e0 cantonali e le squadre di crisi in patria e all&#8217;estero. <\/p>\n\n<h2 class=\"wp-block-heading\" id=\"h-mit-dem-hund-arbeiten-und-gleichzeitig-etwas-gutes-tun\">Lavorare con il cane e allo stesso tempo fare del bene<\/h2>\n\n<p>\u00abAvevo visto un servizio su Redog in televisione. In quel momento mi fu chiaro: \u00e8 quello che voglio fare\u00bb, dice Stupf. Lavorare con il suo cane e allo stesso tempo fare del bene \u00e8 la cosa pi\u00f9 bella per lei. Non le interessano i riconoscimenti o i meriti. \u00abIl legame che si sviluppa tra uomo e animale non pu\u00f2 essere descritto a parole.\u00bb<\/p>\n\n<p>La 38enne vallesana, che vive a Buochs (NW) da 16 anni, ha investito diverse migliaia di ore nell&#8217;addestramento del suo Labrador. Da allora, viene chiamata quattro o cinque volte all&#8217;anno dalla polizia o da privati per una missione. Ad esempio, quando gli escursionisti o i ciclisti di e-bike non tornano pi\u00f9 da un tour, una persona affetta da demenza si perde, persone con tendenze suicide sono scomparse.<\/p>\n\n<p>Per alcune missioni, Stupf \u00e8 in giro con Yaro anche per otto ore. La discussione con il controllo della missione e la pianificazione dei settori di ricerca sono parte integrante della ricerca stessa. \u00abGli esseri umani camminano per circa 15 chilometri, i cani per molte volte di pi\u00f9, e spesso per qualche centinaio di metri di altitudine.\u00bb <\/p>\n\n<figure class=\"wp-block-image aligncenter size-full\"><img loading=\"lazy\" decoding=\"async\" width=\"1707\" height=\"2560\" src=\"https:\/\/www.deinadieu.ch\/wp-content\/uploads\/2022\/08\/DA_PSH_MFR2712-scaled.jpg\" alt=\"stefanie stupf con yaro\" class=\"wp-image-59902\" srcset=\"https:\/\/www.deinadieu.ch\/wp-content\/uploads\/2022\/08\/DA_PSH_MFR2712-scaled.jpg 1707w, https:\/\/www.deinadieu.ch\/wp-content\/uploads\/2022\/08\/DA_PSH_MFR2712-200x300.jpg 200w, https:\/\/www.deinadieu.ch\/wp-content\/uploads\/2022\/08\/DA_PSH_MFR2712-683x1024.jpg 683w, https:\/\/www.deinadieu.ch\/wp-content\/uploads\/2022\/08\/DA_PSH_MFR2712-1024x1536.jpg 1024w, https:\/\/www.deinadieu.ch\/wp-content\/uploads\/2022\/08\/DA_PSH_MFR2712-1365x2048.jpg 1365w\" sizes=\"auto, (max-width: 1707px) 100vw, 1707px\" \/><figcaption class=\"wp-element-caption\">Le missioni spesso durano ore. Stefanie Stupf aiuta a cercare persone scomparse con il suo Labrador Yaro da otto anni. (\u00a9 Manu Friederich)<\/figcaption><\/figure>\n\n<h2 class=\"wp-block-heading\" id=\"h-die-hunde-suchen-gegenstande-mit-menschlicher-witterung\">I cani cercano oggetti con odore umano<\/h2>\n\n<p>I cani da ricerca sul terreno Redog sono specializzati nella segnalazione di oggetti con odore umano. Zaini, vestiti, scarpe. Di solito cercano persone scomparse in aree remote o nei boschi. Se hanno scoperto qualcosa prendono nel muso il cosiddetto Bringsel, un nastro intrecciato che pende dal collare. Poi tornano dal proprietario del cane, che cammina da 50 a 200 metri dietro di loro. Durante una missione, gli assistenti SAR (search and rescue) sono sempre presenti per assicurare il contatto radio con la centrale operativa e per fornire il primo soccorso se necessario.<\/p>\n\n<p>A volte le missioni sono particolarmente stressanti, ad esempio quando una persona scomparsa aveva gi\u00e0 annunciato il proprio suicidio. A volte, come allora nel bosco, anche i conoscenti o i parenti si uniscono alla ricerca. \u00abQuesto \u00e8 particolarmente difficile\u00bb, dice Stupf. Era contenta che il fratello del defunto non fosse accanto a lei quando lo aveva trovato. \u00abStava aspettando nel parcheggio vicino \u2013 per fortuna.\u00bb<\/p>\n\n<p>Che potesse vivere una situazione del genere era chiaro a Stupf fin dall&#8217;inizio. \u00abTuttavia, non si pu\u00f2 sapere in anticipo come si affronter\u00e0 la situazione.\u00bb Le ci volle un mese per elaborare ci\u00f2 che aveva vissuto e per riuscire a dormire di nuovo bene. Ci\u00f2 che le ha aiutato \u00e8 stato parlare con l&#8217;altro aiutante. Le aveva inoltre aiutato il pensiero che, grazie a Redog, la famiglia aveva ricevuto la certezza di ci\u00f2 che era accaduto all&#8217;uomo. \u00abNon c&#8217;\u00e8 niente di peggio che sentire la mancanza di qualcuno che si ama e non sapere dove sia.\u00bb<\/p>\n\n<h2 class=\"wp-block-heading\" id=\"h-nach-dem-einsatz-haben-sich-die-angehorigen-bedankt\">Dopo la missione i parenti si sono ringraziati<\/h2>\n\n<p>Dopo la missione i parenti del defunto si sono ringraziati da Stupf. Questo l&#8217;ha aiutata a mettersi il cuore in pace.<\/p>\n\n<p>Stupf rimane e continua ad allenarsi con il cane. Fino a quando \u00e8 ancora in forma. Ha lavorato per molti anni nel settore alberghiero e della ristorazione, ora gestisce anche una scuola di addestramento per cani. \u00abCi\u00f2 che i cani sono in grado di fare \u00e8 estremo.\u00bb Non c&#8217;\u00e8 niente di meglio che poter aiutare una famiglia che sta quasi impazzendo a causa dell&#8217;incertezza sulla sorte di un parente, trova Stupf.<\/p>\n\n<div class=\"wp-block-create-block-deinadieu-simple\">\n<div class=\"wp-block-group da-pull has-lightgrey-background-color has-background is-layout-flow wp-block-group-is-layout-flow\" style=\"border-top-color:var(--wp--preset--color--da-dark);border-top-width:4px;padding-right:3rem;padding-left:3rem\">\n<h2 class=\"wp-block-heading\">REDOG &#8211; Cani da ricerca e da salvataggio svizzeri<\/h2>\n\n\n\n<ul class=\"wp-block-list\">\n<li><a href=\"https:\/\/www.deinadieu.ch\/it\/organizzazioni-caritatevoli\/\">Redog<\/a> addestra cani da ricerca di persone scomparse e persone rimaste sepolte. La formazione si svolge in dodici gruppi regionali in tutta la Svizzera.<\/li>\n\n\n\n<li>Attualmente, 50 conduttori di cani, 62 aiutanti SAR e 14 capi missione sono attivi nella ricerca di persone scomparse. Le squadre cinofile sono pronte 24 ore su 24. <\/li>\n\n\n\n<li>Anche privati possono richiedere la missione Redog tramite il numero di emergenza 0844 441 144. <\/li>\n\n\n\n<li>La ricerca \u00e8 gratuita per i parenti della persona scomparsa grazie al fondo di donazione.<\/li>\n\n\n\n<li>Redog collabora con la polizia in ogni missione.<\/li>\n<\/ul>\n<\/div>\n<\/div>\n\n<div style=\"height:50px\" aria-hidden=\"true\" class=\"wp-block-spacer\"><\/div>\n\n<div class=\"wp-block-buttons is-layout-flex wp-block-buttons-is-layout-flex\">\n<div class=\"wp-block-button\"><a class=\"wp-block-button__link wp-element-button\" href=\"https:\/\/app.deinadieu.ch\/da\/testament\/7555\">Considerare REDOG nel testamento<\/a><\/div>\n<\/div>\n","protected":false},"excerpt":{"rendered":"<p>Quando escursionisti non tornano da un&#8217;escursione, le persone affette da demenza si perdono o persone con tendenze suicide scompaiono, le conduttrici cinofile di Redog escono allo scoperto. Questo \u00e8 anche il caso di Stefanie Stupf con il suo Labrador Yaro.<\/p>\n","protected":false},"author":6028,"featured_media":59901,"comment_status":"open","ping_status":"closed","sticky":false,"template":"","format":"standard","meta":{"_acf_changed":false,"footnotes":""},"categories":[2474],"tags":[3598,2522,2837,3160],"class_list":["post-60052","post","type-post","status-publish","format-standard","has-post-thumbnail","hentry","category-opere-caritative","tag-cani","tag-cosa-puo-fare-la-mia-eredita","tag-fare-del-bene","tag-organizzazioni-di-aiuto"],"acf":[],"yoast_head":"<title>Ritratto REDOG: conduttori cinofili e i loro cani da salvataggio | DeinAdieu<\/title>\n<meta name=\"description\" content=\"In questo articolo, Stefanie Stupf di Redog parla dell&#039;addestramento e dell&#039;impiego di squadre di soccorso con cani da ricerca e da salvataggio.\" \/>\n<meta name=\"robots\" content=\"index, follow, max-snippet:-1, max-image-preview:large, max-video-preview:-1\" \/>\n<link rel=\"canonical\" href=\"https:\/\/www.deinadieu.ch\/it\/non-ce-niente-di-peggio-che-sentire-la-mancanza-di-qualcuno-che-si-ama-e-non-sapere-dove-sia\/\" \/>\n<meta property=\"og:locale\" content=\"it_IT\" \/>\n<meta property=\"og:type\" content=\"article\" \/>\n<meta property=\"og:title\" content=\"\u00abNon c&#039;\u00e8 niente di peggio che sentire la mancanza di qualcuno che si ama e non sapere dove sia\u00bb\" \/>\n<meta property=\"og:description\" content=\"Quando escursionisti non tornano da un&#039;escursione, le persone affette da demenza si perdono o persone con tendenze suicide scompaiono, le conduttrici\" \/>\n<meta property=\"og:url\" content=\"https:\/\/www.deinadieu.ch\/it\/non-ce-niente-di-peggio-che-sentire-la-mancanza-di-qualcuno-che-si-ama-e-non-sapere-dove-sia\/\" \/>\n<meta property=\"og:site_name\" content=\"DeinAdieu.ch\" \/>\n<meta property=\"article:publisher\" content=\"https:\/\/www.facebook.com\/deinadieu\" \/>\n<meta property=\"article:published_time\" content=\"2022-08-30T13:21:28+00:00\" \/>\n<meta property=\"article:modified_time\" content=\"2024-03-26T14:03:06+00:00\" \/>\n<meta property=\"og:image\" content=\"https:\/\/static.deinadieu.ch\/uploads\/2022\/08\/DA_PSH_MFR2521-scaled.jpg\" \/>\n\t<meta property=\"og:image:width\" content=\"2560\" \/>\n\t<meta property=\"og:image:height\" content=\"1707\" \/>\n\t<meta property=\"og:image:type\" content=\"image\/jpeg\" \/>\n<meta name=\"author\" content=\"Janina Gehrig, MA UZH, Redaktorin\" \/>\n<meta name=\"twitter:card\" content=\"summary_large_image\" \/>\n<meta name=\"twitter:creator\" content=\"@DeinAdieu\" \/>\n<meta name=\"twitter:site\" content=\"@DeinAdieu\" \/>\n<meta name=\"twitter:label1\" content=\"Written by\" \/>\n\t<meta name=\"twitter:data1\" content=\"Janina Gehrig, MA UZH, Redaktorin\" \/>\n\t<meta name=\"twitter:label2\" content=\"Est. reading time\" \/>\n\t<meta name=\"twitter:data2\" content=\"5 minutes\" \/>\n<script type=\"application\/ld+json\" class=\"yoast-schema-graph\">{\"@context\":\"https:\\\/\\\/schema.org\",\"@graph\":[{\"@type\":\"Article\",\"@id\":\"https:\\\/\\\/www.deinadieu.ch\\\/it\\\/non-ce-niente-di-peggio-che-sentire-la-mancanza-di-qualcuno-che-si-ama-e-non-sapere-dove-sia\\\/#article\",\"isPartOf\":{\"@id\":\"https:\\\/\\\/www.deinadieu.ch\\\/it\\\/non-ce-niente-di-peggio-che-sentire-la-mancanza-di-qualcuno-che-si-ama-e-non-sapere-dove-sia\\\/\"},\"author\":{\"name\":\"Janina Gehrig, MA UZH, Redaktorin\",\"@id\":\"https:\\\/\\\/www.deinadieu.ch\\\/it\\\/#\\\/schema\\\/person\\\/78cffe1cb679e17f919e3d0c0e7b9673\"},\"headline\":\"\u00abNon c&#8217;\u00e8 niente di peggio che sentire la mancanza di qualcuno che si ama e non sapere dove sia\u00bb\",\"datePublished\":\"2022-08-30T13:21:28+00:00\",\"dateModified\":\"2024-03-26T14:03:06+00:00\",\"mainEntityOfPage\":{\"@id\":\"https:\\\/\\\/www.deinadieu.ch\\\/it\\\/non-ce-niente-di-peggio-che-sentire-la-mancanza-di-qualcuno-che-si-ama-e-non-sapere-dove-sia\\\/\"},\"wordCount\":952,\"commentCount\":0,\"publisher\":{\"@id\":\"https:\\\/\\\/www.deinadieu.ch\\\/it\\\/#organization\"},\"image\":{\"@id\":\"https:\\\/\\\/www.deinadieu.ch\\\/it\\\/non-ce-niente-di-peggio-che-sentire-la-mancanza-di-qualcuno-che-si-ama-e-non-sapere-dove-sia\\\/#primaryimage\"},\"thumbnailUrl\":\"https:\\\/\\\/www.deinadieu.ch\\\/wp-content\\\/uploads\\\/2022\\\/08\\\/DA_PSH_MFR2521-scaled.jpg\",\"keywords\":[\"Cani\",\"Cosa pu\u00f2 fare la mia eredit\u00e0?\",\"Fare del bene\",\"Organizzazioni di aiuto\"],\"articleSection\":[\"Focus sulle opere caritative\"],\"inLanguage\":\"it-IT\",\"potentialAction\":[{\"@type\":\"CommentAction\",\"name\":\"Comment\",\"target\":[\"https:\\\/\\\/www.deinadieu.ch\\\/it\\\/non-ce-niente-di-peggio-che-sentire-la-mancanza-di-qualcuno-che-si-ama-e-non-sapere-dove-sia\\\/#respond\"]}]},{\"@type\":\"WebPage\",\"@id\":\"https:\\\/\\\/www.deinadieu.ch\\\/it\\\/non-ce-niente-di-peggio-che-sentire-la-mancanza-di-qualcuno-che-si-ama-e-non-sapere-dove-sia\\\/\",\"url\":\"https:\\\/\\\/www.deinadieu.ch\\\/it\\\/non-ce-niente-di-peggio-che-sentire-la-mancanza-di-qualcuno-che-si-ama-e-non-sapere-dove-sia\\\/\",\"name\":\"Ritratto REDOG: conduttori cinofili e i loro cani da salvataggio | DeinAdieu\",\"isPartOf\":{\"@id\":\"https:\\\/\\\/www.deinadieu.ch\\\/it\\\/#website\"},\"primaryImageOfPage\":{\"@id\":\"https:\\\/\\\/www.deinadieu.ch\\\/it\\\/non-ce-niente-di-peggio-che-sentire-la-mancanza-di-qualcuno-che-si-ama-e-non-sapere-dove-sia\\\/#primaryimage\"},\"image\":{\"@id\":\"https:\\\/\\\/www.deinadieu.ch\\\/it\\\/non-ce-niente-di-peggio-che-sentire-la-mancanza-di-qualcuno-che-si-ama-e-non-sapere-dove-sia\\\/#primaryimage\"},\"thumbnailUrl\":\"https:\\\/\\\/www.deinadieu.ch\\\/wp-content\\\/uploads\\\/2022\\\/08\\\/DA_PSH_MFR2521-scaled.jpg\",\"datePublished\":\"2022-08-30T13:21:28+00:00\",\"dateModified\":\"2024-03-26T14:03:06+00:00\",\"description\":\"In questo articolo, Stefanie Stupf di Redog parla dell'addestramento e dell'impiego di squadre di soccorso con cani da ricerca e da salvataggio.\",\"breadcrumb\":{\"@id\":\"https:\\\/\\\/www.deinadieu.ch\\\/it\\\/non-ce-niente-di-peggio-che-sentire-la-mancanza-di-qualcuno-che-si-ama-e-non-sapere-dove-sia\\\/#breadcrumb\"},\"inLanguage\":\"it-IT\",\"potentialAction\":[{\"@type\":\"ReadAction\",\"target\":[\"https:\\\/\\\/www.deinadieu.ch\\\/it\\\/non-ce-niente-di-peggio-che-sentire-la-mancanza-di-qualcuno-che-si-ama-e-non-sapere-dove-sia\\\/\"]}]},{\"@type\":\"ImageObject\",\"inLanguage\":\"it-IT\",\"@id\":\"https:\\\/\\\/www.deinadieu.ch\\\/it\\\/non-ce-niente-di-peggio-che-sentire-la-mancanza-di-qualcuno-che-si-ama-e-non-sapere-dove-sia\\\/#primaryimage\",\"url\":\"https:\\\/\\\/www.deinadieu.ch\\\/wp-content\\\/uploads\\\/2022\\\/08\\\/DA_PSH_MFR2521-scaled.jpg\",\"contentUrl\":\"https:\\\/\\\/www.deinadieu.ch\\\/wp-content\\\/uploads\\\/2022\\\/08\\\/DA_PSH_MFR2521-scaled.jpg\",\"width\":2560,\"height\":1707,\"caption\":\"Con il suo labrador Yaro, Stefanie Stupf di Redog aiuta nella ricerca di persone scomparse. \u00a9 Manu Friederich\"},{\"@type\":\"BreadcrumbList\",\"@id\":\"https:\\\/\\\/www.deinadieu.ch\\\/it\\\/non-ce-niente-di-peggio-che-sentire-la-mancanza-di-qualcuno-che-si-ama-e-non-sapere-dove-sia\\\/#breadcrumb\",\"itemListElement\":[{\"@type\":\"ListItem\",\"position\":1,\"name\":\"Home\",\"item\":\"https:\\\/\\\/www.deinadieu.ch\\\/it\\\/deinadieu-dialog-und-serviceportal-zum-lebensende\\\/\"},{\"@type\":\"ListItem\",\"position\":2,\"name\":\"\u00abNon c&#8217;\u00e8 niente di peggio che sentire la mancanza di qualcuno che si ama e non sapere dove sia\u00bb\"}]},{\"@type\":\"WebSite\",\"@id\":\"https:\\\/\\\/www.deinadieu.ch\\\/it\\\/#website\",\"url\":\"https:\\\/\\\/www.deinadieu.ch\\\/it\\\/\",\"name\":\"DeinAdieu.ch\",\"description\":\"Testament, Patientenverf\u00fcgung und Vorsorgeauftrag\",\"publisher\":{\"@id\":\"https:\\\/\\\/www.deinadieu.ch\\\/it\\\/#organization\"},\"potentialAction\":[{\"@type\":\"SearchAction\",\"target\":{\"@type\":\"EntryPoint\",\"urlTemplate\":\"https:\\\/\\\/www.deinadieu.ch\\\/it\\\/?s={search_term_string}\"},\"query-input\":{\"@type\":\"PropertyValueSpecification\",\"valueRequired\":true,\"valueName\":\"search_term_string\"}}],\"inLanguage\":\"it-IT\"},{\"@type\":\"Organization\",\"@id\":\"https:\\\/\\\/www.deinadieu.ch\\\/it\\\/#organization\",\"name\":\"EMNA Web GmbH\",\"url\":\"https:\\\/\\\/www.deinadieu.ch\\\/it\\\/\",\"logo\":{\"@type\":\"ImageObject\",\"inLanguage\":\"it-IT\",\"@id\":\"https:\\\/\\\/www.deinadieu.ch\\\/it\\\/#\\\/schema\\\/logo\\\/image\\\/\",\"url\":\"https:\\\/\\\/www.deinadieu.ch\\\/wp-content\\\/uploads\\\/2016\\\/01\\\/DeinAdieu_Logo.png\",\"contentUrl\":\"https:\\\/\\\/www.deinadieu.ch\\\/wp-content\\\/uploads\\\/2016\\\/01\\\/DeinAdieu_Logo.png\",\"width\":300,\"height\":117,\"caption\":\"EMNA Web GmbH\"},\"image\":{\"@id\":\"https:\\\/\\\/www.deinadieu.ch\\\/it\\\/#\\\/schema\\\/logo\\\/image\\\/\"},\"sameAs\":[\"https:\\\/\\\/www.facebook.com\\\/deinadieu\",\"https:\\\/\\\/x.com\\\/DeinAdieu\",\"https:\\\/\\\/www.instagram.com\\\/deinadieu\\\/\",\"https:\\\/\\\/www.linkedin.com\\\/company\\\/deinadieu.ch\"]},{\"@type\":\"Person\",\"@id\":\"https:\\\/\\\/www.deinadieu.ch\\\/it\\\/#\\\/schema\\\/person\\\/78cffe1cb679e17f919e3d0c0e7b9673\",\"name\":\"Janina Gehrig, MA UZH, Redaktorin\",\"image\":{\"@type\":\"ImageObject\",\"inLanguage\":\"it-IT\",\"@id\":\"https:\\\/\\\/secure.gravatar.com\\\/avatar\\\/8bfc4dca12cd7c0a0373c12f34587d1f6a6117903e7ecc0035863bd69df6fb07?s=96&d=mm&r=g\",\"url\":\"https:\\\/\\\/secure.gravatar.com\\\/avatar\\\/8bfc4dca12cd7c0a0373c12f34587d1f6a6117903e7ecc0035863bd69df6fb07?s=96&d=mm&r=g\",\"contentUrl\":\"https:\\\/\\\/secure.gravatar.com\\\/avatar\\\/8bfc4dca12cd7c0a0373c12f34587d1f6a6117903e7ecc0035863bd69df6fb07?s=96&d=mm&r=g\",\"caption\":\"Janina Gehrig, MA UZH, Redaktorin\"},\"url\":\"https:\\\/\\\/www.deinadieu.ch\\\/it\\\/author\\\/janinagehrig\\\/\"}]}<\/script>","yoast_head_json":{"title":"Ritratto REDOG: conduttori cinofili e i loro cani da salvataggio | DeinAdieu","description":"In questo articolo, Stefanie Stupf di Redog parla dell'addestramento e dell'impiego di squadre di soccorso con cani da ricerca e da salvataggio.","robots":{"index":"index","follow":"follow","max-snippet":"max-snippet:-1","max-image-preview":"max-image-preview:large","max-video-preview":"max-video-preview:-1"},"canonical":"https:\/\/www.deinadieu.ch\/it\/non-ce-niente-di-peggio-che-sentire-la-mancanza-di-qualcuno-che-si-ama-e-non-sapere-dove-sia\/","og_locale":"it_IT","og_type":"article","og_title":"\u00abNon c'\u00e8 niente di peggio che sentire la mancanza di qualcuno che si ama e non sapere dove sia\u00bb","og_description":"Quando escursionisti non tornano da un'escursione, le persone affette da demenza si perdono o persone con tendenze suicide scompaiono, le conduttrici","og_url":"https:\/\/www.deinadieu.ch\/it\/non-ce-niente-di-peggio-che-sentire-la-mancanza-di-qualcuno-che-si-ama-e-non-sapere-dove-sia\/","og_site_name":"DeinAdieu.ch","article_publisher":"https:\/\/www.facebook.com\/deinadieu","article_published_time":"2022-08-30T13:21:28+00:00","article_modified_time":"2024-03-26T14:03:06+00:00","og_image":[{"width":2560,"height":1707,"url":"https:\/\/static.deinadieu.ch\/uploads\/2022\/08\/DA_PSH_MFR2521-scaled.jpg","type":"image\/jpeg"}],"author":"Janina Gehrig, MA UZH, Redaktorin","twitter_card":"summary_large_image","twitter_creator":"@DeinAdieu","twitter_site":"@DeinAdieu","twitter_misc":{"Written by":"Janina Gehrig, MA UZH, Redaktorin","Est. reading time":"5 minutes"},"schema":{"@context":"https:\/\/schema.org","@graph":[{"@type":"Article","@id":"https:\/\/www.deinadieu.ch\/it\/non-ce-niente-di-peggio-che-sentire-la-mancanza-di-qualcuno-che-si-ama-e-non-sapere-dove-sia\/#article","isPartOf":{"@id":"https:\/\/www.deinadieu.ch\/it\/non-ce-niente-di-peggio-che-sentire-la-mancanza-di-qualcuno-che-si-ama-e-non-sapere-dove-sia\/"},"author":{"name":"Janina Gehrig, MA UZH, Redaktorin","@id":"https:\/\/www.deinadieu.ch\/it\/#\/schema\/person\/78cffe1cb679e17f919e3d0c0e7b9673"},"headline":"\u00abNon c&#8217;\u00e8 niente di peggio che sentire la mancanza di qualcuno che si ama e non sapere dove sia\u00bb","datePublished":"2022-08-30T13:21:28+00:00","dateModified":"2024-03-26T14:03:06+00:00","mainEntityOfPage":{"@id":"https:\/\/www.deinadieu.ch\/it\/non-ce-niente-di-peggio-che-sentire-la-mancanza-di-qualcuno-che-si-ama-e-non-sapere-dove-sia\/"},"wordCount":952,"commentCount":0,"publisher":{"@id":"https:\/\/www.deinadieu.ch\/it\/#organization"},"image":{"@id":"https:\/\/www.deinadieu.ch\/it\/non-ce-niente-di-peggio-che-sentire-la-mancanza-di-qualcuno-che-si-ama-e-non-sapere-dove-sia\/#primaryimage"},"thumbnailUrl":"https:\/\/www.deinadieu.ch\/wp-content\/uploads\/2022\/08\/DA_PSH_MFR2521-scaled.jpg","keywords":["Cani","Cosa pu\u00f2 fare la mia eredit\u00e0?","Fare del bene","Organizzazioni di aiuto"],"articleSection":["Focus sulle opere caritative"],"inLanguage":"it-IT","potentialAction":[{"@type":"CommentAction","name":"Comment","target":["https:\/\/www.deinadieu.ch\/it\/non-ce-niente-di-peggio-che-sentire-la-mancanza-di-qualcuno-che-si-ama-e-non-sapere-dove-sia\/#respond"]}]},{"@type":"WebPage","@id":"https:\/\/www.deinadieu.ch\/it\/non-ce-niente-di-peggio-che-sentire-la-mancanza-di-qualcuno-che-si-ama-e-non-sapere-dove-sia\/","url":"https:\/\/www.deinadieu.ch\/it\/non-ce-niente-di-peggio-che-sentire-la-mancanza-di-qualcuno-che-si-ama-e-non-sapere-dove-sia\/","name":"Ritratto REDOG: conduttori cinofili e i loro cani da salvataggio | DeinAdieu","isPartOf":{"@id":"https:\/\/www.deinadieu.ch\/it\/#website"},"primaryImageOfPage":{"@id":"https:\/\/www.deinadieu.ch\/it\/non-ce-niente-di-peggio-che-sentire-la-mancanza-di-qualcuno-che-si-ama-e-non-sapere-dove-sia\/#primaryimage"},"image":{"@id":"https:\/\/www.deinadieu.ch\/it\/non-ce-niente-di-peggio-che-sentire-la-mancanza-di-qualcuno-che-si-ama-e-non-sapere-dove-sia\/#primaryimage"},"thumbnailUrl":"https:\/\/www.deinadieu.ch\/wp-content\/uploads\/2022\/08\/DA_PSH_MFR2521-scaled.jpg","datePublished":"2022-08-30T13:21:28+00:00","dateModified":"2024-03-26T14:03:06+00:00","description":"In questo articolo, Stefanie Stupf di Redog parla dell'addestramento e dell'impiego di squadre di soccorso con cani da ricerca e da salvataggio.","breadcrumb":{"@id":"https:\/\/www.deinadieu.ch\/it\/non-ce-niente-di-peggio-che-sentire-la-mancanza-di-qualcuno-che-si-ama-e-non-sapere-dove-sia\/#breadcrumb"},"inLanguage":"it-IT","potentialAction":[{"@type":"ReadAction","target":["https:\/\/www.deinadieu.ch\/it\/non-ce-niente-di-peggio-che-sentire-la-mancanza-di-qualcuno-che-si-ama-e-non-sapere-dove-sia\/"]}]},{"@type":"ImageObject","inLanguage":"it-IT","@id":"https:\/\/www.deinadieu.ch\/it\/non-ce-niente-di-peggio-che-sentire-la-mancanza-di-qualcuno-che-si-ama-e-non-sapere-dove-sia\/#primaryimage","url":"https:\/\/www.deinadieu.ch\/wp-content\/uploads\/2022\/08\/DA_PSH_MFR2521-scaled.jpg","contentUrl":"https:\/\/www.deinadieu.ch\/wp-content\/uploads\/2022\/08\/DA_PSH_MFR2521-scaled.jpg","width":2560,"height":1707,"caption":"Con il suo labrador Yaro, Stefanie Stupf di Redog aiuta nella ricerca di persone scomparse. \u00a9 Manu Friederich"},{"@type":"BreadcrumbList","@id":"https:\/\/www.deinadieu.ch\/it\/non-ce-niente-di-peggio-che-sentire-la-mancanza-di-qualcuno-che-si-ama-e-non-sapere-dove-sia\/#breadcrumb","itemListElement":[{"@type":"ListItem","position":1,"name":"Home","item":"https:\/\/www.deinadieu.ch\/it\/deinadieu-dialog-und-serviceportal-zum-lebensende\/"},{"@type":"ListItem","position":2,"name":"\u00abNon c&#8217;\u00e8 niente di peggio che sentire la mancanza di qualcuno che si ama e non sapere dove sia\u00bb"}]},{"@type":"WebSite","@id":"https:\/\/www.deinadieu.ch\/it\/#website","url":"https:\/\/www.deinadieu.ch\/it\/","name":"DeinAdieu.ch","description":"Testament, Patientenverf\u00fcgung und Vorsorgeauftrag","publisher":{"@id":"https:\/\/www.deinadieu.ch\/it\/#organization"},"potentialAction":[{"@type":"SearchAction","target":{"@type":"EntryPoint","urlTemplate":"https:\/\/www.deinadieu.ch\/it\/?s={search_term_string}"},"query-input":{"@type":"PropertyValueSpecification","valueRequired":true,"valueName":"search_term_string"}}],"inLanguage":"it-IT"},{"@type":"Organization","@id":"https:\/\/www.deinadieu.ch\/it\/#organization","name":"EMNA Web GmbH","url":"https:\/\/www.deinadieu.ch\/it\/","logo":{"@type":"ImageObject","inLanguage":"it-IT","@id":"https:\/\/www.deinadieu.ch\/it\/#\/schema\/logo\/image\/","url":"https:\/\/www.deinadieu.ch\/wp-content\/uploads\/2016\/01\/DeinAdieu_Logo.png","contentUrl":"https:\/\/www.deinadieu.ch\/wp-content\/uploads\/2016\/01\/DeinAdieu_Logo.png","width":300,"height":117,"caption":"EMNA Web GmbH"},"image":{"@id":"https:\/\/www.deinadieu.ch\/it\/#\/schema\/logo\/image\/"},"sameAs":["https:\/\/www.facebook.com\/deinadieu","https:\/\/x.com\/DeinAdieu","https:\/\/www.instagram.com\/deinadieu\/","https:\/\/www.linkedin.com\/company\/deinadieu.ch"]},{"@type":"Person","@id":"https:\/\/www.deinadieu.ch\/it\/#\/schema\/person\/78cffe1cb679e17f919e3d0c0e7b9673","name":"Janina Gehrig, MA UZH, Redaktorin","image":{"@type":"ImageObject","inLanguage":"it-IT","@id":"https:\/\/secure.gravatar.com\/avatar\/8bfc4dca12cd7c0a0373c12f34587d1f6a6117903e7ecc0035863bd69df6fb07?s=96&d=mm&r=g","url":"https:\/\/secure.gravatar.com\/avatar\/8bfc4dca12cd7c0a0373c12f34587d1f6a6117903e7ecc0035863bd69df6fb07?s=96&d=mm&r=g","contentUrl":"https:\/\/secure.gravatar.com\/avatar\/8bfc4dca12cd7c0a0373c12f34587d1f6a6117903e7ecc0035863bd69df6fb07?s=96&d=mm&r=g","caption":"Janina Gehrig, MA UZH, Redaktorin"},"url":"https:\/\/www.deinadieu.ch\/it\/author\/janinagehrig\/"}]}},"_links":{"self":[{"href":"https:\/\/www.deinadieu.ch\/it\/wp-json\/wp\/v2\/posts\/60052","targetHints":{"allow":["GET"]}}],"collection":[{"href":"https:\/\/www.deinadieu.ch\/it\/wp-json\/wp\/v2\/posts"}],"about":[{"href":"https:\/\/www.deinadieu.ch\/it\/wp-json\/wp\/v2\/types\/post"}],"author":[{"embeddable":true,"href":"https:\/\/www.deinadieu.ch\/it\/wp-json\/wp\/v2\/users\/6028"}],"replies":[{"embeddable":true,"href":"https:\/\/www.deinadieu.ch\/it\/wp-json\/wp\/v2\/comments?post=60052"}],"version-history":[{"count":13,"href":"https:\/\/www.deinadieu.ch\/it\/wp-json\/wp\/v2\/posts\/60052\/revisions"}],"predecessor-version":[{"id":67443,"href":"https:\/\/www.deinadieu.ch\/it\/wp-json\/wp\/v2\/posts\/60052\/revisions\/67443"}],"wp:featuredmedia":[{"embeddable":true,"href":"https:\/\/www.deinadieu.ch\/it\/wp-json\/wp\/v2\/media\/59901"}],"wp:attachment":[{"href":"https:\/\/www.deinadieu.ch\/it\/wp-json\/wp\/v2\/media?parent=60052"}],"wp:term":[{"taxonomy":"category","embeddable":true,"href":"https:\/\/www.deinadieu.ch\/it\/wp-json\/wp\/v2\/categories?post=60052"},{"taxonomy":"post_tag","embeddable":true,"href":"https:\/\/www.deinadieu.ch\/it\/wp-json\/wp\/v2\/tags?post=60052"}],"curies":[{"name":"wp","href":"https:\/\/api.w.org\/{rel}","templated":true}]}}