{"id":59801,"date":"2022-08-03T07:00:00","date_gmt":"2022-08-03T05:00:00","guid":{"rendered":"https:\/\/www.deinadieu.ch\/vediamo-opportunita-non-ostacoli\/"},"modified":"2023-07-10T10:44:26","modified_gmt":"2023-07-10T08:44:26","slug":"vediamo-opportunita-non-ostacoli","status":"publish","type":"post","link":"https:\/\/www.deinadieu.ch\/it\/vediamo-opportunita-non-ostacoli\/","title":{"rendered":"\u00abVediamo opportunit\u00e0, non ostacoli\u00bb"},"content":{"rendered":"\n<p>Ogni persona con disabilit\u00e0 dovrebbe trovare un&#8217;offerta sportiva adeguata. PluSport, l&#8217;organizzazione mantello degli sport per disabili in Svizzera, \u00e8 impegnata in questa visione. Regula Muralt \u00e8 responsabile marketing e raccolta fondi di PluSport. Sottolinea l&#8217;importanza dell&#8217;unione: numerosi progetti ed eventi di PluSport promuovono attivit\u00e0 sportive comuni per persone con e senza disabilit\u00e0.<\/p>\n\n<!--more-->\n\n<p>In alto, indipendentemente dai prerequisiti: \u00abArrampicata per tutti\u00bb lo rende possibile. \u00c8 uno dei tanti progetti che PluSport promuove per realizzare il proprio obiettivo di inclusione e integrazione. Una palestra di arrampicata per tutti necessita di condizioni speciali: il personale \u00e8 sensibilizzato e formato da animatori sportivi formati per i disabili. Il materiale e le vie di arrampicata vengono adattati, ad esempio le distanze tra le prese e i gradini devono essere minori o l&#8217;imbracatura viene adattata.<\/p>\n\n<h2 class=\"wp-block-heading\" id=\"h-eine-kletterhalle-fur-alle\">Una palestra di arrampicata per tutti <\/h2>\n\n<p>\u00abCi sforziamo di abbattere le barriere e di facilitare gli incontri sportivi insieme ad altre associazioni sportive o partner, come le palestre di arrampicata svizzere\u00bb, spiega Regula Muralt. \u00abPer questi progetti e per molti altri dipendiamo dalle donazioni. Uno dei donatori \u00e8 Bruno M\u00fcller. <a href=\"https:\/\/www.deinadieu.ch\/hilfswerke\/plusport-behindertensport-schweiz\/\">Sostiene i progetti di PluSport<\/a> tra le altre cose anche con un <a href=\"https:\/\/www.deinadieu.ch\/it\/eredita-legato\/\">legato<\/a>: \u00abSento il bisogno di lasciare una parte della mia eredit\u00e0, oltre che ai miei cari, a un&#8217;organizzazione che mi ha convinto in vita e che durer\u00e0 oltre la mia vita. Ho considerato <a href=\"https:\/\/app.deinadieu.ch\/testamentgenerator\/ngo\/7141\">PluSport<\/a> nel mio testamento facendo un legato\u00bb, dice il donatore.<\/p>\n\n<h2 class=\"wp-block-heading\">Continuare a muoversi<\/h2>\n\n<p>Un altro esempio di nuove modalit\u00e0 \u00e8 il campo di allenamento congiunto della <em>Boarding Association Switzerland East<\/em> (BASE) e di PluSport. Un totale di 28 snowboarder con e senza disabilit\u00e0 si sono allenati insieme per una settimana. Atleti e allenatori sono d&#8217;accordo: un vantaggio per entrambe le parti. Era presente anche Romy Tschopp, che nella vita quotidiana usa stampelle e sedia a rotelle. \u00c8 nata con la spina bifida, una schiena aperta. Pu\u00f2 comunque fare snowboard \u2013 con l&#8217;aiuto di scarponi da snowboard rigidi in sostituzione delle ortesi per la parte inferiore della gamba e di un allenamento adattato da PluSport. Per Romy Tschopp \u00e8 chiaro: \u00abIn questo modo posso vivere la mia passione e provare grande felicit\u00e0 e gratitudine. Sulla tavola provo un senso di libert\u00e0 che conosco poco nella vita di tutti i giorni\u00bb, dice la snowboarder.<\/p>\n\n<figure class=\"wp-block-image size-large\"><img loading=\"lazy\" decoding=\"async\" width=\"1024\" height=\"683\" src=\"https:\/\/www.deinadieu.ch\/wp-content\/uploads\/2022\/07\/Bild-2_PluSporttag-1024x683.jpg\" alt=\"\" class=\"wp-image-59469\" srcset=\"https:\/\/www.deinadieu.ch\/wp-content\/uploads\/2022\/07\/Bild-2_PluSporttag-1024x683.jpg 1024w, https:\/\/www.deinadieu.ch\/wp-content\/uploads\/2022\/07\/Bild-2_PluSporttag-300x200.jpg 300w, https:\/\/www.deinadieu.ch\/wp-content\/uploads\/2022\/07\/Bild-2_PluSporttag-1536x1024.jpg 1536w, https:\/\/www.deinadieu.ch\/wp-content\/uploads\/2022\/07\/Bild-2_PluSporttag-2048x1365.jpg 2048w\" sizes=\"auto, (max-width: 1024px) 100vw, 1024px\" \/><figcaption class=\"wp-element-caption\">Anche il pi\u00f9 grande festival dello sport per disabili della Svizzera \u2013 il Giorno PluSport \u2013 \u00e8 stato un grande evento alla sua 61a edizione. Il 10 luglio 2022, oltre 1000 partecipanti provenienti da tutta la Svizzera si sono recati alla \u00abFine del mondo\u00bb a Magglingen e hanno praticato numerosi sport. PluSport ha inoltre ricevuto il premio per i diritti umani dalla Societ\u00e0 internazionale per i diritti umani. Un grande onore, soprattutto perch\u00e9 il premio \u00e8 gi\u00e0 stato assegnato al Dalai Lama. L&#8217;ex Consigliere federale Samuel Schmid ha tenuto il discorso elogiativo.<\/figcaption><\/figure>\n\n<h2 class=\"wp-block-heading\">Sensibilizzazione \u2013 gi\u00e0 a scuola <\/h2>\n\n<p>La sensibilizzazione \u00e8 fondamentale. Essa inizia gi\u00e0 a scuola. Nell&#8217;ambito di PluSport@school, l&#8217;organizzazione mantello offre laboratori per le classi scolastiche o corsi di formazione per gli insegnanti per formarli all&#8217;inclusione: come si progettano le lezioni di educazione fisica in modo che gli alunni con e senza disabilit\u00e0 possano fare sport insieme? La consulenza sportiva mostra come gli esercizi possono essere adattati in modo da rendere possibile l&#8217;unione. \u00abUn progetto innovatore che sensibilizza bambini e insegnanti e riduce le inibizioni\u00bb, afferma Regula Muralt.<\/p>\n\n<p>L&#8217;organizzazione mantello conta 86 club membri che offrono un&#8217;ampia gamma di programmi di esercizio e sport in tutta la Svizzera. PluSport gestisce oltre 100 campi sportivi ogni anno. La formazione, la consulenza e la creazione di materiale didattico sono un altro importante servizio offerto da PluSport. L&#8217;associazione si rivolge a tutte le persone, indipendentemente dalla loro condizione, siano esse con disabilit\u00e0 intellettiva, mentale, sensoriale o fisica. \u00abVediamo le opportunit\u00e0, non gli ostacoli \u2013 e ci concentriamo su ci\u00f2 che \u00e8 possibile\u00bb, afferma Muralt. <\/p>\n\n<figure class=\"wp-block-image size-large\"><img loading=\"lazy\" decoding=\"async\" width=\"1024\" height=\"683\" src=\"https:\/\/www.deinadieu.ch\/wp-content\/uploads\/2022\/07\/Bild-3_Hans-Lichtsteiner-1024x683.jpg\" alt=\"\" class=\"wp-image-59464\" srcset=\"https:\/\/www.deinadieu.ch\/wp-content\/uploads\/2022\/07\/Bild-3_Hans-Lichtsteiner-1024x683.jpg 1024w, https:\/\/www.deinadieu.ch\/wp-content\/uploads\/2022\/07\/Bild-3_Hans-Lichtsteiner-300x200.jpg 300w, https:\/\/www.deinadieu.ch\/wp-content\/uploads\/2022\/07\/Bild-3_Hans-Lichtsteiner-1536x1024.jpg 1536w\" sizes=\"auto, (max-width: 1024px) 100vw, 1024px\" \/><figcaption class=\"wp-element-caption\">Giornata PluSport a Magglingen &#8211; Hans Lichsteiner (Membro del Consiglio Direttivo PluSport-Presidente Svizzera) \u00a9 Manu Friederich<\/figcaption><\/figure>\n\n<h2 class=\"wp-block-heading\">Lo sport di alto livello sprona e rende visibile <\/h2>\n\n<p>PluSport promuove dallo sport di base a quello d&#8217;\u00e9lite. Lo sport di alto livello contribuisce molto alla visibilit\u00e0 e alla consapevolezza nella popolazione. Quando l&#8217;ex atleta di punta non vedente Chantal Cavin, ad esempio, corre la maratona della Jungfrau e Kleine Scheidegg o Elena Kratter con una protesi alla gamba vince la medaglia di bronzo alle Paralimpiadi nel salto in lungo, sono immagini forti. Immagini che possono ispirare anche i giovani atleti: Fynn Thurnherr ha 15 anni e partecipa al programma di formazione PluSport. Fynn \u00e8 affetto da paralisi cerebrale (PC) che gli rende difficile controllare i piedi, le gambe e la mano destra. Oltre alla scuola e alla fisioterapia tre volte alla settimana, Fynn pratica molto sport. \u00abMi fa sentire bene e sicuro di me\u00bb, dice il teenager. \u00c8 particolarmente appassionato di atletica, di cui fa parte nella squadra nazionale. PluSport promuove i bambini e i giovani in un&#8217;ampia gamma di discipline, dallo sport di base a quello d&#8217;\u00e9lite. Regula Muralt aggiunge: \u00abNon si tratta solo di promuovere atleti di alto livello. Creiamo offerte affinch\u00e9 tutti possano praticare sport in base ai propri requisiti e alle proprie capacit\u00e0 e svilupparsi ulteriormente. Questo rafforza la loro autostima e ha un impatto positivo sulla loro vita quotidiana.\u00bb <\/p>\n\n\n        <div class=\"da-servicebox relative bg-gray-200 p-4 pt-8 border-solid border-t-8 border-da-dark mb-6\">\n            <i class=\"fas fa-info-circle mx-auto fa-7x text-da-dark\"><\/i>\n            <span style=\"hyphens: auto\">\n                <\/p>\n\n<p>Bruno M\u00fcller ha considerato PluSport nel suo testamento con un legato perch\u00e9 vuole lasciare una parte della sua eredit\u00e0 a un&#8217;organizzazione che lo ha convinto durante la sua vita e che durer\u00e0 oltre la sua vita.<\/p>\n\n<p>Qui potete <a href=\"https:\/\/app.deinadieu.ch\/testamentgenerator\/ngo\/7141\">considerare nel vostro testamento l&#8217;Associazione mantello svizzera per lo sport per disabili<\/a>.<\/p>\n\n<p>\n                \n                \n            <\/span>\n        <\/div>\n        \n\n<div style=\"height:40px\" aria-hidden=\"true\" class=\"wp-block-spacer\"><\/div>\n\n<div class=\"wp-block-buttons is-layout-flex wp-block-buttons-is-layout-flex\">\n<div class=\"wp-block-button\"><a class=\"wp-block-button__link wp-element-button\" href=\"https:\/\/app.deinadieu.ch\/testamentgenerator\/ngo\/7141\">Considerare PluSport nel testamento<\/a><\/div>\n<\/div>\n","protected":false},"excerpt":{"rendered":"<p>Ogni persona con disabilit\u00e0 dovrebbe trovare un&#8217;offerta sportiva adeguata. PluSport, l&#8217;organizzazione mantello degli sport per disabili in Svizzera, \u00e8 impegnata in questa visione. Regula Muralt \u00e8 responsabile marketing e raccolta fondi di PluSport. Sottolinea l&#8217;importanza dell&#8217;unione: numerosi progetti ed eventi di PluSport promuovono attivit\u00e0 sportive comuni per persone con e senza disabilit\u00e0.<\/p>\n","protected":false},"author":6038,"featured_media":59462,"comment_status":"open","ping_status":"closed","sticky":false,"template":"","format":"standard","meta":{"_acf_changed":false,"footnotes":""},"categories":[2474],"tags":[2522],"class_list":["post-59801","post","type-post","status-publish","format-standard","has-post-thumbnail","hentry","category-opere-caritative","tag-cosa-puo-fare-la-mia-eredita"],"acf":[],"yoast_head":"<title>Presentazione di PluSport: \u00abVediamo opportunit\u00e0, non ostacoli\u00bb | DeinAdieu<\/title>\n<meta name=\"description\" content=\"Regula Muralt, responsabile marketing e raccolta fondi di PluSport, racconta la sua esperienza presso l&#039;organizzazione svizzera di sport per disabili.\" \/>\n<meta name=\"robots\" content=\"index, follow, max-snippet:-1, max-image-preview:large, max-video-preview:-1\" \/>\n<link rel=\"canonical\" href=\"https:\/\/www.deinadieu.ch\/it\/vediamo-opportunita-non-ostacoli\/\" \/>\n<meta property=\"og:locale\" content=\"it_IT\" \/>\n<meta property=\"og:type\" content=\"article\" \/>\n<meta property=\"og:title\" content=\"\u00abVediamo opportunit\u00e0, non ostacoli\u00bb\" \/>\n<meta property=\"og:description\" content=\"Ogni persona con disabilit\u00e0 dovrebbe trovare un&#039;offerta sportiva adeguata. PluSport, l&#039;organizzazione mantello degli sport per disabili in Svizzera, \u00e8\" \/>\n<meta property=\"og:url\" content=\"https:\/\/www.deinadieu.ch\/it\/vediamo-opportunita-non-ostacoli\/\" \/>\n<meta property=\"og:site_name\" content=\"DeinAdieu.ch\" \/>\n<meta property=\"article:publisher\" content=\"https:\/\/www.facebook.com\/deinadieu\" \/>\n<meta property=\"article:published_time\" content=\"2022-08-03T05:00:00+00:00\" \/>\n<meta property=\"article:modified_time\" content=\"2023-07-10T08:44:26+00:00\" \/>\n<meta property=\"og:image\" content=\"https:\/\/static.deinadieu.ch\/uploads\/2022\/07\/Bild-1_Regula-Muralt-1024x683.jpg\" \/>\n\t<meta property=\"og:image:width\" content=\"1024\" \/>\n\t<meta property=\"og:image:height\" content=\"683\" \/>\n\t<meta property=\"og:image:type\" content=\"image\/jpeg\" \/>\n<meta name=\"author\" content=\"Sabrina Rohner\" \/>\n<meta name=\"twitter:card\" content=\"summary_large_image\" \/>\n<meta name=\"twitter:creator\" content=\"@DeinAdieu\" \/>\n<meta name=\"twitter:site\" content=\"@DeinAdieu\" \/>\n<meta name=\"twitter:label1\" content=\"Written by\" \/>\n\t<meta name=\"twitter:data1\" content=\"Sabrina Rohner\" \/>\n\t<meta name=\"twitter:label2\" content=\"Est. reading time\" \/>\n\t<meta name=\"twitter:data2\" content=\"5 minutes\" \/>\n<script type=\"application\/ld+json\" class=\"yoast-schema-graph\">{\"@context\":\"https:\\\/\\\/schema.org\",\"@graph\":[{\"@type\":\"Article\",\"@id\":\"https:\\\/\\\/www.deinadieu.ch\\\/it\\\/vediamo-opportunita-non-ostacoli\\\/#article\",\"isPartOf\":{\"@id\":\"https:\\\/\\\/www.deinadieu.ch\\\/it\\\/vediamo-opportunita-non-ostacoli\\\/\"},\"author\":{\"name\":\"Sabrina Rohner\",\"@id\":\"https:\\\/\\\/www.deinadieu.ch\\\/it\\\/#\\\/schema\\\/person\\\/ad724a53f7e50dd3866fc9b0fc6bbdd9\"},\"headline\":\"\u00abVediamo opportunit\u00e0, non ostacoli\u00bb\",\"datePublished\":\"2022-08-03T05:00:00+00:00\",\"dateModified\":\"2023-07-10T08:44:26+00:00\",\"mainEntityOfPage\":{\"@id\":\"https:\\\/\\\/www.deinadieu.ch\\\/it\\\/vediamo-opportunita-non-ostacoli\\\/\"},\"wordCount\":927,\"commentCount\":0,\"publisher\":{\"@id\":\"https:\\\/\\\/www.deinadieu.ch\\\/it\\\/#organization\"},\"image\":{\"@id\":\"https:\\\/\\\/www.deinadieu.ch\\\/it\\\/vediamo-opportunita-non-ostacoli\\\/#primaryimage\"},\"thumbnailUrl\":\"https:\\\/\\\/www.deinadieu.ch\\\/wp-content\\\/uploads\\\/2022\\\/07\\\/Bild-1_Regula-Muralt.jpg\",\"keywords\":[\"Cosa pu\u00f2 fare la mia eredit\u00e0?\"],\"articleSection\":[\"Focus sulle opere caritative\"],\"inLanguage\":\"it-IT\",\"potentialAction\":[{\"@type\":\"CommentAction\",\"name\":\"Comment\",\"target\":[\"https:\\\/\\\/www.deinadieu.ch\\\/it\\\/vediamo-opportunita-non-ostacoli\\\/#respond\"]}]},{\"@type\":\"WebPage\",\"@id\":\"https:\\\/\\\/www.deinadieu.ch\\\/it\\\/vediamo-opportunita-non-ostacoli\\\/\",\"url\":\"https:\\\/\\\/www.deinadieu.ch\\\/it\\\/vediamo-opportunita-non-ostacoli\\\/\",\"name\":\"Presentazione di PluSport: \u00abVediamo opportunit\u00e0, non ostacoli\u00bb | DeinAdieu\",\"isPartOf\":{\"@id\":\"https:\\\/\\\/www.deinadieu.ch\\\/it\\\/#website\"},\"primaryImageOfPage\":{\"@id\":\"https:\\\/\\\/www.deinadieu.ch\\\/it\\\/vediamo-opportunita-non-ostacoli\\\/#primaryimage\"},\"image\":{\"@id\":\"https:\\\/\\\/www.deinadieu.ch\\\/it\\\/vediamo-opportunita-non-ostacoli\\\/#primaryimage\"},\"thumbnailUrl\":\"https:\\\/\\\/www.deinadieu.ch\\\/wp-content\\\/uploads\\\/2022\\\/07\\\/Bild-1_Regula-Muralt.jpg\",\"datePublished\":\"2022-08-03T05:00:00+00:00\",\"dateModified\":\"2023-07-10T08:44:26+00:00\",\"description\":\"Regula Muralt, responsabile marketing e raccolta fondi di PluSport, racconta la sua esperienza presso l'organizzazione svizzera di sport per disabili.\",\"breadcrumb\":{\"@id\":\"https:\\\/\\\/www.deinadieu.ch\\\/it\\\/vediamo-opportunita-non-ostacoli\\\/#breadcrumb\"},\"inLanguage\":\"it-IT\",\"potentialAction\":[{\"@type\":\"ReadAction\",\"target\":[\"https:\\\/\\\/www.deinadieu.ch\\\/it\\\/vediamo-opportunita-non-ostacoli\\\/\"]}]},{\"@type\":\"ImageObject\",\"inLanguage\":\"it-IT\",\"@id\":\"https:\\\/\\\/www.deinadieu.ch\\\/it\\\/vediamo-opportunita-non-ostacoli\\\/#primaryimage\",\"url\":\"https:\\\/\\\/www.deinadieu.ch\\\/wp-content\\\/uploads\\\/2022\\\/07\\\/Bild-1_Regula-Muralt.jpg\",\"contentUrl\":\"https:\\\/\\\/www.deinadieu.ch\\\/wp-content\\\/uploads\\\/2022\\\/07\\\/Bild-1_Regula-Muralt.jpg\",\"width\":8162,\"height\":5441,\"caption\":\"Regula Muralt, responsabile marketing e raccolta fondi di PluSport, alla Giornata PluSport a Magglingen.\"},{\"@type\":\"BreadcrumbList\",\"@id\":\"https:\\\/\\\/www.deinadieu.ch\\\/it\\\/vediamo-opportunita-non-ostacoli\\\/#breadcrumb\",\"itemListElement\":[{\"@type\":\"ListItem\",\"position\":1,\"name\":\"Home\",\"item\":\"https:\\\/\\\/www.deinadieu.ch\\\/it\\\/deinadieu-dialog-und-serviceportal-zum-lebensende\\\/\"},{\"@type\":\"ListItem\",\"position\":2,\"name\":\"\u00abVediamo opportunit\u00e0, non ostacoli\u00bb\"}]},{\"@type\":\"WebSite\",\"@id\":\"https:\\\/\\\/www.deinadieu.ch\\\/it\\\/#website\",\"url\":\"https:\\\/\\\/www.deinadieu.ch\\\/it\\\/\",\"name\":\"DeinAdieu.ch\",\"description\":\"Testament, Patientenverf\u00fcgung und Vorsorgeauftrag\",\"publisher\":{\"@id\":\"https:\\\/\\\/www.deinadieu.ch\\\/it\\\/#organization\"},\"potentialAction\":[{\"@type\":\"SearchAction\",\"target\":{\"@type\":\"EntryPoint\",\"urlTemplate\":\"https:\\\/\\\/www.deinadieu.ch\\\/it\\\/?s={search_term_string}\"},\"query-input\":{\"@type\":\"PropertyValueSpecification\",\"valueRequired\":true,\"valueName\":\"search_term_string\"}}],\"inLanguage\":\"it-IT\"},{\"@type\":\"Organization\",\"@id\":\"https:\\\/\\\/www.deinadieu.ch\\\/it\\\/#organization\",\"name\":\"EMNA Web GmbH\",\"url\":\"https:\\\/\\\/www.deinadieu.ch\\\/it\\\/\",\"logo\":{\"@type\":\"ImageObject\",\"inLanguage\":\"it-IT\",\"@id\":\"https:\\\/\\\/www.deinadieu.ch\\\/it\\\/#\\\/schema\\\/logo\\\/image\\\/\",\"url\":\"https:\\\/\\\/www.deinadieu.ch\\\/wp-content\\\/uploads\\\/2016\\\/01\\\/DeinAdieu_Logo.png\",\"contentUrl\":\"https:\\\/\\\/www.deinadieu.ch\\\/wp-content\\\/uploads\\\/2016\\\/01\\\/DeinAdieu_Logo.png\",\"width\":300,\"height\":117,\"caption\":\"EMNA Web GmbH\"},\"image\":{\"@id\":\"https:\\\/\\\/www.deinadieu.ch\\\/it\\\/#\\\/schema\\\/logo\\\/image\\\/\"},\"sameAs\":[\"https:\\\/\\\/www.facebook.com\\\/deinadieu\",\"https:\\\/\\\/x.com\\\/DeinAdieu\",\"https:\\\/\\\/www.instagram.com\\\/deinadieu\\\/\",\"https:\\\/\\\/www.linkedin.com\\\/company\\\/deinadieu.ch\"]},{\"@type\":\"Person\",\"@id\":\"https:\\\/\\\/www.deinadieu.ch\\\/it\\\/#\\\/schema\\\/person\\\/ad724a53f7e50dd3866fc9b0fc6bbdd9\",\"name\":\"Sabrina Rohner\",\"image\":{\"@type\":\"ImageObject\",\"inLanguage\":\"it-IT\",\"@id\":\"https:\\\/\\\/secure.gravatar.com\\\/avatar\\\/c72cef3c7bba2e19d98358a63ff805dbe088a70fb947d10024d669ded777102d?s=96&d=mm&r=g\",\"url\":\"https:\\\/\\\/secure.gravatar.com\\\/avatar\\\/c72cef3c7bba2e19d98358a63ff805dbe088a70fb947d10024d669ded777102d?s=96&d=mm&r=g\",\"contentUrl\":\"https:\\\/\\\/secure.gravatar.com\\\/avatar\\\/c72cef3c7bba2e19d98358a63ff805dbe088a70fb947d10024d669ded777102d?s=96&d=mm&r=g\",\"caption\":\"Sabrina Rohner\"},\"url\":\"https:\\\/\\\/www.deinadieu.ch\\\/it\\\/author\\\/sabrina-rohnergmail-com\\\/\"}]}<\/script>","yoast_head_json":{"title":"Presentazione di PluSport: \u00abVediamo opportunit\u00e0, non ostacoli\u00bb | DeinAdieu","description":"Regula Muralt, responsabile marketing e raccolta fondi di PluSport, racconta la sua esperienza presso l'organizzazione svizzera di sport per disabili.","robots":{"index":"index","follow":"follow","max-snippet":"max-snippet:-1","max-image-preview":"max-image-preview:large","max-video-preview":"max-video-preview:-1"},"canonical":"https:\/\/www.deinadieu.ch\/it\/vediamo-opportunita-non-ostacoli\/","og_locale":"it_IT","og_type":"article","og_title":"\u00abVediamo opportunit\u00e0, non ostacoli\u00bb","og_description":"Ogni persona con disabilit\u00e0 dovrebbe trovare un'offerta sportiva adeguata. PluSport, l'organizzazione mantello degli sport per disabili in Svizzera, \u00e8","og_url":"https:\/\/www.deinadieu.ch\/it\/vediamo-opportunita-non-ostacoli\/","og_site_name":"DeinAdieu.ch","article_publisher":"https:\/\/www.facebook.com\/deinadieu","article_published_time":"2022-08-03T05:00:00+00:00","article_modified_time":"2023-07-10T08:44:26+00:00","og_image":[{"width":1024,"height":683,"url":"https:\/\/static.deinadieu.ch\/uploads\/2022\/07\/Bild-1_Regula-Muralt-1024x683.jpg","type":"image\/jpeg"}],"author":"Sabrina Rohner","twitter_card":"summary_large_image","twitter_creator":"@DeinAdieu","twitter_site":"@DeinAdieu","twitter_misc":{"Written by":"Sabrina Rohner","Est. reading time":"5 minutes"},"schema":{"@context":"https:\/\/schema.org","@graph":[{"@type":"Article","@id":"https:\/\/www.deinadieu.ch\/it\/vediamo-opportunita-non-ostacoli\/#article","isPartOf":{"@id":"https:\/\/www.deinadieu.ch\/it\/vediamo-opportunita-non-ostacoli\/"},"author":{"name":"Sabrina Rohner","@id":"https:\/\/www.deinadieu.ch\/it\/#\/schema\/person\/ad724a53f7e50dd3866fc9b0fc6bbdd9"},"headline":"\u00abVediamo opportunit\u00e0, non ostacoli\u00bb","datePublished":"2022-08-03T05:00:00+00:00","dateModified":"2023-07-10T08:44:26+00:00","mainEntityOfPage":{"@id":"https:\/\/www.deinadieu.ch\/it\/vediamo-opportunita-non-ostacoli\/"},"wordCount":927,"commentCount":0,"publisher":{"@id":"https:\/\/www.deinadieu.ch\/it\/#organization"},"image":{"@id":"https:\/\/www.deinadieu.ch\/it\/vediamo-opportunita-non-ostacoli\/#primaryimage"},"thumbnailUrl":"https:\/\/www.deinadieu.ch\/wp-content\/uploads\/2022\/07\/Bild-1_Regula-Muralt.jpg","keywords":["Cosa pu\u00f2 fare la mia eredit\u00e0?"],"articleSection":["Focus sulle opere caritative"],"inLanguage":"it-IT","potentialAction":[{"@type":"CommentAction","name":"Comment","target":["https:\/\/www.deinadieu.ch\/it\/vediamo-opportunita-non-ostacoli\/#respond"]}]},{"@type":"WebPage","@id":"https:\/\/www.deinadieu.ch\/it\/vediamo-opportunita-non-ostacoli\/","url":"https:\/\/www.deinadieu.ch\/it\/vediamo-opportunita-non-ostacoli\/","name":"Presentazione di PluSport: \u00abVediamo opportunit\u00e0, non ostacoli\u00bb | DeinAdieu","isPartOf":{"@id":"https:\/\/www.deinadieu.ch\/it\/#website"},"primaryImageOfPage":{"@id":"https:\/\/www.deinadieu.ch\/it\/vediamo-opportunita-non-ostacoli\/#primaryimage"},"image":{"@id":"https:\/\/www.deinadieu.ch\/it\/vediamo-opportunita-non-ostacoli\/#primaryimage"},"thumbnailUrl":"https:\/\/www.deinadieu.ch\/wp-content\/uploads\/2022\/07\/Bild-1_Regula-Muralt.jpg","datePublished":"2022-08-03T05:00:00+00:00","dateModified":"2023-07-10T08:44:26+00:00","description":"Regula Muralt, responsabile marketing e raccolta fondi di PluSport, racconta la sua esperienza presso l'organizzazione svizzera di sport per disabili.","breadcrumb":{"@id":"https:\/\/www.deinadieu.ch\/it\/vediamo-opportunita-non-ostacoli\/#breadcrumb"},"inLanguage":"it-IT","potentialAction":[{"@type":"ReadAction","target":["https:\/\/www.deinadieu.ch\/it\/vediamo-opportunita-non-ostacoli\/"]}]},{"@type":"ImageObject","inLanguage":"it-IT","@id":"https:\/\/www.deinadieu.ch\/it\/vediamo-opportunita-non-ostacoli\/#primaryimage","url":"https:\/\/www.deinadieu.ch\/wp-content\/uploads\/2022\/07\/Bild-1_Regula-Muralt.jpg","contentUrl":"https:\/\/www.deinadieu.ch\/wp-content\/uploads\/2022\/07\/Bild-1_Regula-Muralt.jpg","width":8162,"height":5441,"caption":"Regula Muralt, responsabile marketing e raccolta fondi di PluSport, alla Giornata PluSport a Magglingen."},{"@type":"BreadcrumbList","@id":"https:\/\/www.deinadieu.ch\/it\/vediamo-opportunita-non-ostacoli\/#breadcrumb","itemListElement":[{"@type":"ListItem","position":1,"name":"Home","item":"https:\/\/www.deinadieu.ch\/it\/deinadieu-dialog-und-serviceportal-zum-lebensende\/"},{"@type":"ListItem","position":2,"name":"\u00abVediamo opportunit\u00e0, non ostacoli\u00bb"}]},{"@type":"WebSite","@id":"https:\/\/www.deinadieu.ch\/it\/#website","url":"https:\/\/www.deinadieu.ch\/it\/","name":"DeinAdieu.ch","description":"Testament, Patientenverf\u00fcgung und Vorsorgeauftrag","publisher":{"@id":"https:\/\/www.deinadieu.ch\/it\/#organization"},"potentialAction":[{"@type":"SearchAction","target":{"@type":"EntryPoint","urlTemplate":"https:\/\/www.deinadieu.ch\/it\/?s={search_term_string}"},"query-input":{"@type":"PropertyValueSpecification","valueRequired":true,"valueName":"search_term_string"}}],"inLanguage":"it-IT"},{"@type":"Organization","@id":"https:\/\/www.deinadieu.ch\/it\/#organization","name":"EMNA Web GmbH","url":"https:\/\/www.deinadieu.ch\/it\/","logo":{"@type":"ImageObject","inLanguage":"it-IT","@id":"https:\/\/www.deinadieu.ch\/it\/#\/schema\/logo\/image\/","url":"https:\/\/www.deinadieu.ch\/wp-content\/uploads\/2016\/01\/DeinAdieu_Logo.png","contentUrl":"https:\/\/www.deinadieu.ch\/wp-content\/uploads\/2016\/01\/DeinAdieu_Logo.png","width":300,"height":117,"caption":"EMNA Web GmbH"},"image":{"@id":"https:\/\/www.deinadieu.ch\/it\/#\/schema\/logo\/image\/"},"sameAs":["https:\/\/www.facebook.com\/deinadieu","https:\/\/x.com\/DeinAdieu","https:\/\/www.instagram.com\/deinadieu\/","https:\/\/www.linkedin.com\/company\/deinadieu.ch"]},{"@type":"Person","@id":"https:\/\/www.deinadieu.ch\/it\/#\/schema\/person\/ad724a53f7e50dd3866fc9b0fc6bbdd9","name":"Sabrina Rohner","image":{"@type":"ImageObject","inLanguage":"it-IT","@id":"https:\/\/secure.gravatar.com\/avatar\/c72cef3c7bba2e19d98358a63ff805dbe088a70fb947d10024d669ded777102d?s=96&d=mm&r=g","url":"https:\/\/secure.gravatar.com\/avatar\/c72cef3c7bba2e19d98358a63ff805dbe088a70fb947d10024d669ded777102d?s=96&d=mm&r=g","contentUrl":"https:\/\/secure.gravatar.com\/avatar\/c72cef3c7bba2e19d98358a63ff805dbe088a70fb947d10024d669ded777102d?s=96&d=mm&r=g","caption":"Sabrina Rohner"},"url":"https:\/\/www.deinadieu.ch\/it\/author\/sabrina-rohnergmail-com\/"}]}},"_links":{"self":[{"href":"https:\/\/www.deinadieu.ch\/it\/wp-json\/wp\/v2\/posts\/59801","targetHints":{"allow":["GET"]}}],"collection":[{"href":"https:\/\/www.deinadieu.ch\/it\/wp-json\/wp\/v2\/posts"}],"about":[{"href":"https:\/\/www.deinadieu.ch\/it\/wp-json\/wp\/v2\/types\/post"}],"author":[{"embeddable":true,"href":"https:\/\/www.deinadieu.ch\/it\/wp-json\/wp\/v2\/users\/6038"}],"replies":[{"embeddable":true,"href":"https:\/\/www.deinadieu.ch\/it\/wp-json\/wp\/v2\/comments?post=59801"}],"version-history":[{"count":5,"href":"https:\/\/www.deinadieu.ch\/it\/wp-json\/wp\/v2\/posts\/59801\/revisions"}],"predecessor-version":[{"id":64818,"href":"https:\/\/www.deinadieu.ch\/it\/wp-json\/wp\/v2\/posts\/59801\/revisions\/64818"}],"wp:featuredmedia":[{"embeddable":true,"href":"https:\/\/www.deinadieu.ch\/it\/wp-json\/wp\/v2\/media\/59462"}],"wp:attachment":[{"href":"https:\/\/www.deinadieu.ch\/it\/wp-json\/wp\/v2\/media?parent=59801"}],"wp:term":[{"taxonomy":"category","embeddable":true,"href":"https:\/\/www.deinadieu.ch\/it\/wp-json\/wp\/v2\/categories?post=59801"},{"taxonomy":"post_tag","embeddable":true,"href":"https:\/\/www.deinadieu.ch\/it\/wp-json\/wp\/v2\/tags?post=59801"}],"curies":[{"name":"wp","href":"https:\/\/api.w.org\/{rel}","templated":true}]}}