{"id":59799,"date":"2022-07-22T09:07:38","date_gmt":"2022-07-22T07:07:38","guid":{"rendered":"https:\/\/www.deinadieu.ch\/volevo-tornare-a-scuola-ancora-in-sedia-a-rotelle\/"},"modified":"2024-03-25T15:27:01","modified_gmt":"2024-03-25T14:27:01","slug":"volevo-tornare-a-scuola-ancora-in-sedia-a-rotelle","status":"publish","type":"post","link":"https:\/\/www.deinadieu.ch\/it\/volevo-tornare-a-scuola-ancora-in-sedia-a-rotelle\/","title":{"rendered":"\u00abVolevo tornare a scuola ancora in sedia a rotelle\u00bb"},"content":{"rendered":"\n<p>Meret Husy ha subito un trauma cranico all&#8217;et\u00e0 di 18 anni. La giovane donna voleva a tutti i costi tornare al liceo, andare a fare surf in Australia \u2013 finch\u00e9 non si \u00e8 resa conto che avrebbe dovuto rinunciare per sempre certi sogni. Ecco come \u00e8 comunque riuscita a ritrovare la strada per una vita che le piace.<\/p>\n\n<!--more-->\n\n<figure class=\"wp-block-image size-large\"><img loading=\"lazy\" decoding=\"async\" width=\"1024\" height=\"683\" src=\"https:\/\/www.deinadieu.ch\/wp-content\/uploads\/2022\/07\/DA_PMH_MFR2265-1024x683.jpg\" alt=\"\" class=\"wp-image-59317\" srcset=\"https:\/\/www.deinadieu.ch\/wp-content\/uploads\/2022\/07\/DA_PMH_MFR2265-1024x683.jpg 1024w, https:\/\/www.deinadieu.ch\/wp-content\/uploads\/2022\/07\/DA_PMH_MFR2265-300x200.jpg 300w, https:\/\/www.deinadieu.ch\/wp-content\/uploads\/2022\/07\/DA_PMH_MFR2265-1536x1024.jpg 1536w, https:\/\/www.deinadieu.ch\/wp-content\/uploads\/2022\/07\/DA_PMH_MFR2265-2048x1365.jpg 2048w\" sizes=\"auto, (max-width: 1024px) 100vw, 1024px\" \/><figcaption class=\"wp-element-caption\">\u00abAccettare che certi piani non siano pi\u00f9 possibili \u00e8 duro. Ma ci si abitua.\u00bb, dice Meret Husy. \u00a9 Manu Friederich<\/figcaption><\/figure>\n\n<p>Il suo cervello ha cancellato dalla memoria i momenti che riguardano l&#8217;incidente. Meret Husy \u00e8 rimasta in coma per settimane. \u00abQuando mi sono svegliata, non riuscivo a parlare, non riuscivo nemmeno a stare seduta. Avevo una sonda gastrica per mangiare.\u00bb<\/p>\n\n<p>\u00c8 successo il 25 ottobre 2008. Husy era caduta da un dirupo vicino a Burgdorf, per 60 metri di altezza. Trauma cranico, frattura della clavicola e del perone. Perch\u00e9 fosse l\u00ec e perch\u00e9 fosse caduta, non lo sa pi\u00f9. Il ricordo \u00e8 scomparso. Secondo l&#8217;autrice, il cervello lo blocca. Sa dai racconti che un uomo anziano con un cane ha trovato la giovane donna e l&#8217;elicottero l&#8217;ha portata all&#8217;Inselspital di Berna. Una volta and\u00f2 a trovare l&#8217;uomo con il cane che l&#8217;aveva trovata e lo ringrazi\u00f2. \u00abMi aveva detto che aveva fatto solo la cosa pi\u00f9 naturale.\u00bb<\/p>\n\n<p>All&#8217;epoca, nell&#8217;autunno del 2008, Meret Husy, 18 anni, stava per prendere la maturit\u00e0. Ma invece di studiare per gli esami, \u00e8 stata accompagnata in sedia a rotelle alla clinica di neuroriabilitazione Anna-Sailer-Haus di Berna. Dopo qualche mese, alla clinica Bethesda di Tschugg. \u00abHo lavorato su me stessa tutto il giorno. Si vive nella propria bolla, non si riflette molto\u00bb, dice Husy.<\/p>\n\n<h2 class=\"wp-block-heading\" id=\"h-warum-nehmen-mich-meine-freunde-nicht-mehr-mit\">Perch\u00e9 i miei amici non mi portano pi\u00f9 con loro? <\/h2>\n\n<p>Ma poi sono arrivate le domande. Perch\u00e9 si \u00e8 verificato questo incidente? Perch\u00e9 i miei amici non mi portano pi\u00f9 con loro quando escono? Perch\u00e9 non mi chiedono pi\u00f9? Dai suoi genitori aveva saputo cosa era successo esattamente, che l&#8217;incidente era stato causato da lei stessa. Per lei \u00e8 stato pi\u00f9 facile accettarlo che se fosse stato coinvolto qualcun altro. Dice: \u00abSono in pace con me stessa. \u00c8 colpa mia. \u00c8 Meret, e va bene cos\u00ec. Mi capisco e non mi stupisco.\u00bb Non entra in ulteriori dettagli. Anche dopo la caduta, le piace sentire l&#8217;adrenalina, salire in altezza. <\/p>\n\n<p>\u00abVolevo tornare a scuola ancora in sedia a rotelle. Non era ancora consapevole delle limitazioni nel suo cervello. Mi sono arrabbiata.\u00bb Per lei era molto difficile essere paziente. Husy, un tempo brava studentessa, voleva a tutti i costi tornare alla sua vecchia vita. A una vita che le piace. Cos\u00ec ha fatto un tentativo al Liceo di Laufen. Francese, matematica, geografia. Una volta aveva ricevuto la nota 1,5 dopo un test non annunciato.<\/p>\n\n<p>E cos\u00ec le \u00e8 arrivata la consapevolezza: la situazione non torner\u00e0 come prima. La lesione cerebrale rimarr\u00e0, la memoria a breve termine non ce la fa. Husy ha un&#8217;aria composta quando dice: \u00abLa cosa migliore \u00e8 che ho provato e non che qualcun altro mi ha detto che non avrebbe funzionato comunque. Ho dimostrato a me stessa che non si poteva pi\u00f9 fare. Ho sentito come mi sono tolta un peso enorme. Sapevo di non doverlo pi\u00f9 fare.\u00bb Molte persone con una lesione cerebrale si sottopongono a un&#8217;enorme pressione per ottenere di nuovo tutto ci\u00f2 che sarebbero state in grado di fare prima. Molti cadrebbero in un profondo buco quando si rendono conto del fallimento.<\/p>\n\n<p>Husy lo definisce una fortuna il fatto che fosse cos\u00ec giovane al momento dell&#8217;incidente. Gli anziani in riabilitazione non sarebbero pi\u00f9 stati pagati dall&#8217;AI per la riqualificazione. Nel suo caso, erano interessati a farle fare una formazione. Presso l&#8217;Ospedale Cantonale di Lucerna si \u00e8 sottoposta a una valutazione professionale e in seguito, in un ambiente protetto, ha fatto una formazione come assistente d&#8217;ufficio. Ma ha faticato a lungo ad accettare questa situazione. \u00abLavorare in un ufficio non \u00e8 il mio. Non mi interessava.\u00bb Cos\u00ec sono tornati i pensieri che la logoravano.<\/p>\n\n<p>Husy, come era prima dell&#8217;incidente, avrebbe voluto guadagnare denaro per sei mesi e usarlo per andare in Australia a fare surf. Improvvisamente questo sogno era lontano, la disperazione di nuovo vicina. \u00abAccettare questo \u00e8 duro. Ma ci si abitua.\u00bb Dopo una lunga ricerca, Husy ha finalmente trovato quello che cercava presso la Swiss Academy for Development. Lavora l\u00ec da tre anni e mezzo con un impiego al 50%. Inoltre si impegna una o due mezze giornate alla settimana presso la Kulturfabrik (KUFA), dove aiuta a preparare i concerti. \u00abOra mi piace andare a lavorare\u00bb, dice.<\/p>\n\n<figure class=\"wp-block-image size-large\"><img loading=\"lazy\" decoding=\"async\" width=\"1024\" height=\"683\" src=\"https:\/\/www.deinadieu.ch\/wp-content\/uploads\/2022\/07\/DA_PMH_MFR2315-1024x683.jpg\" alt=\"\" class=\"wp-image-59321\" srcset=\"https:\/\/www.deinadieu.ch\/wp-content\/uploads\/2022\/07\/DA_PMH_MFR2315-1024x683.jpg 1024w, https:\/\/www.deinadieu.ch\/wp-content\/uploads\/2022\/07\/DA_PMH_MFR2315-300x200.jpg 300w, https:\/\/www.deinadieu.ch\/wp-content\/uploads\/2022\/07\/DA_PMH_MFR2315-1536x1024.jpg 1536w, https:\/\/www.deinadieu.ch\/wp-content\/uploads\/2022\/07\/DA_PMH_MFR2315-2048x1365.jpg 2048w\" sizes=\"auto, (max-width: 1024px) 100vw, 1024px\" \/><figcaption class=\"wp-element-caption\">Per mettersi alla prova, Husy ha frequentato corsi di lingua a Boston, Buenos Aires e in Giappone. \u00a9 Manu Friederich<\/figcaption><\/figure>\n\n<h2 class=\"wp-block-heading\" id=\"h-auch-14-jahre-spater-begleitet-sie-die-unsichtbare-behinderung\">Anche a distanza di 14 anni, la disabilit\u00e0 invisibile la accompagna<\/h2>\n\n<p>Meret Husy ha oggi 32 anni e vive da sola a Bienne. Anche 14 anni dopo, la \u00abdisabilit\u00e0 invisibile\u00bb, come la chiama lei, la accompagna ancora. \u00abA prima vista, non la si nota quasi\u00bb, dice. Ma lo si vede nell&#8217;andatura, nell&#8217;equilibrio che a volte deve ritrovare, nella coordinazione, nel leggero tremolio. Sempre ancora ha bisogno di pi\u00f9 tempo per trovare soluzioni. Sempre ancora ha bisogno di fisioterapia.<\/p>\n\n<p>Ma Husy sta vivendo di nuovo una vita che le piace. Ha fatto parapendio, partecipa a concerti ed eventi. Nonostante le grandi difficolt\u00e0 ad orientarsi in nuovi luoghi, ha frequentato corsi di lingua a Boston, Buenos Aires e in Giappone, e ha viaggiato nel sud-est asiatico e in Cina. Come per sfida, continua a mettersi alla prova.<\/p>\n\n<p>I pensieri che ruotano intorno a ci\u00f2 che sarebbe stato se l&#8217;incidente non fosse accaduto sono diventati sempre meno frequenti.<\/p>\n\n<p>Quali altri sogni ha ancora? Ride. \u00abNon lo so, vivo il momento.\u00bb<\/p>\n\n<p><\/p>\n\n\n        <div class=\"da-servicebox relative bg-gray-200 p-4 pt-8 border-solid border-t-8 border-da-dark mb-6\">\n            <i class=\"fas fa-info-circle mx-auto fa-7x text-da-dark\"><\/i>\n            <span style=\"hyphens: auto\">\n                 <strong>FRAGILE Suisse:<\/strong><\/p>\n\n<p>In questi giorni e settimane di ansia, i genitori di Meret Husy hanno ricevuto il sostegno di <a href=\"https:\/\/www.deinadieu.ch\/it\/organizzazioni-caritatevoli\/\">FRAGILE Suisse<\/a>, l&#8217;organizzazione di pazienti per persone con lesioni cerebrali e i loro familiari. Il fatto che l&#8217;aiuto fosse cos\u00ec facilmente accessibile tramite un telefono di consulenza \u00e8 stato un grande sollievo. Anche lei ha partecipato a un brunch per giovani colpiti. \u00abMi ha fatto bene vedere che ci sono anche altri con gli stessi problemi\u00bb, dice Husy.<\/p>\n\n<p>FRAGILE Suisse \u00e8 stata fondata oltre 30 anni fa, quando il traffico stradale era in forte aumento e con esso il numero di incidenti e lesioni cerebrali. All&#8217;epoca, tra la fine degli anni &#8217;70 e l&#8217;inizio degli anni &#8217;80, mancavano posti di riabilitazione e terapie specializzate. Oggi FRAGILE Suisse \u00e8 composta da undici associazioni regionali e dall&#8217;organizzazione mantello con sedi a Zurigo e Losanna. Gli specialisti dell&#8217;organizzazione offrono corsi e attivit\u00e0 per il tempo libero alle persone con lesioni cerebrali o le accompagnano, ad esempio, quando vogliono tornare a vivere in un appartamento proprio. \n                \n                \n            <\/span>\n        <\/div>\n        \n\n<div style=\"height:40px\" aria-hidden=\"true\" class=\"wp-block-spacer\"><\/div>\n\n<div class=\"wp-block-buttons is-layout-flex wp-block-buttons-is-layout-flex\">\n<div class=\"wp-block-button\"><a class=\"wp-block-button__link wp-element-button\" href=\"https:\/\/app.deinadieu.ch\/testamentgenerator\/ngo\/7212\">Considerare FRAGILE Suisse nel testamento<\/a><\/div>\n<\/div>\n","protected":false},"excerpt":{"rendered":"<p>Meret Husy ha subito un trauma cranico all&#8217;et\u00e0 di 18 anni. La giovane donna voleva a tutti i costi tornare al liceo, andare a fare surf in Australia \u2013 finch\u00e9 non si \u00e8 resa conto che avrebbe dovuto rinunciare per sempre certi sogni. Ecco come \u00e8 comunque riuscita a ritrovare la strada per una vita [&hellip;]<\/p>\n","protected":false},"author":6028,"featured_media":59575,"comment_status":"open","ping_status":"closed","sticky":false,"template":"","format":"standard","meta":{"_acf_changed":false,"footnotes":""},"categories":[2524],"tags":[2522],"class_list":["post-59799","post","type-post","status-publish","format-standard","has-post-thumbnail","hentry","category-persone-colpite","tag-cosa-puo-fare-la-mia-eredita"],"acf":[],"yoast_head":"<title>FRAGILE Suisse sostiene in caso di trauma cranico | DeinAdieu<\/title>\n<meta name=\"description\" content=\"Meret Husy ha subito una lesione cerebrale all&#039;et\u00e0 di 18 anni. Leggete qui come FRAGILE Suisse l&#039;ha aiutata a tornare alla vita.\" \/>\n<meta name=\"robots\" content=\"index, follow, max-snippet:-1, max-image-preview:large, max-video-preview:-1\" \/>\n<link rel=\"canonical\" href=\"https:\/\/www.deinadieu.ch\/it\/volevo-tornare-a-scuola-ancora-in-sedia-a-rotelle\/\" \/>\n<meta property=\"og:locale\" content=\"it_IT\" \/>\n<meta property=\"og:type\" content=\"article\" \/>\n<meta property=\"og:title\" content=\"\u00abVolevo tornare a scuola ancora in sedia a rotelle\u00bb\" \/>\n<meta property=\"og:description\" content=\"Meret Husy ha subito un trauma cranico all&#039;et\u00e0 di 18 anni. La giovane donna voleva a tutti i costi tornare al liceo, andare a fare surf in Australia \u2013\" \/>\n<meta property=\"og:url\" content=\"https:\/\/www.deinadieu.ch\/it\/volevo-tornare-a-scuola-ancora-in-sedia-a-rotelle\/\" \/>\n<meta property=\"og:site_name\" content=\"DeinAdieu.ch\" \/>\n<meta property=\"article:publisher\" content=\"https:\/\/www.facebook.com\/deinadieu\" \/>\n<meta property=\"article:published_time\" content=\"2022-07-22T07:07:38+00:00\" \/>\n<meta property=\"article:modified_time\" content=\"2024-03-25T14:27:01+00:00\" \/>\n<meta property=\"og:image\" content=\"https:\/\/static.deinadieu.ch\/uploads\/2022\/07\/DA_PMH_MFR2369-scaled.jpg\" \/>\n\t<meta property=\"og:image:width\" content=\"2560\" \/>\n\t<meta property=\"og:image:height\" content=\"1707\" \/>\n\t<meta property=\"og:image:type\" content=\"image\/jpeg\" \/>\n<meta name=\"author\" content=\"Janina Gehrig, MA UZH, Redaktorin\" \/>\n<meta name=\"twitter:card\" content=\"summary_large_image\" \/>\n<meta name=\"twitter:creator\" content=\"@DeinAdieu\" \/>\n<meta name=\"twitter:site\" content=\"@DeinAdieu\" \/>\n<meta name=\"twitter:label1\" content=\"Written by\" \/>\n\t<meta name=\"twitter:data1\" content=\"Janina Gehrig, MA UZH, Redaktorin\" \/>\n\t<meta name=\"twitter:label2\" content=\"Est. reading time\" \/>\n\t<meta name=\"twitter:data2\" content=\"5 minutes\" \/>\n<script type=\"application\/ld+json\" class=\"yoast-schema-graph\">{\"@context\":\"https:\\\/\\\/schema.org\",\"@graph\":[{\"@type\":\"Article\",\"@id\":\"https:\\\/\\\/www.deinadieu.ch\\\/it\\\/volevo-tornare-a-scuola-ancora-in-sedia-a-rotelle\\\/#article\",\"isPartOf\":{\"@id\":\"https:\\\/\\\/www.deinadieu.ch\\\/it\\\/volevo-tornare-a-scuola-ancora-in-sedia-a-rotelle\\\/\"},\"author\":{\"name\":\"Janina Gehrig, MA UZH, Redaktorin\",\"@id\":\"https:\\\/\\\/www.deinadieu.ch\\\/it\\\/#\\\/schema\\\/person\\\/78cffe1cb679e17f919e3d0c0e7b9673\"},\"headline\":\"\u00abVolevo tornare a scuola ancora in sedia a rotelle\u00bb\",\"datePublished\":\"2022-07-22T07:07:38+00:00\",\"dateModified\":\"2024-03-25T14:27:01+00:00\",\"mainEntityOfPage\":{\"@id\":\"https:\\\/\\\/www.deinadieu.ch\\\/it\\\/volevo-tornare-a-scuola-ancora-in-sedia-a-rotelle\\\/\"},\"wordCount\":1124,\"commentCount\":0,\"publisher\":{\"@id\":\"https:\\\/\\\/www.deinadieu.ch\\\/it\\\/#organization\"},\"image\":{\"@id\":\"https:\\\/\\\/www.deinadieu.ch\\\/it\\\/volevo-tornare-a-scuola-ancora-in-sedia-a-rotelle\\\/#primaryimage\"},\"thumbnailUrl\":\"https:\\\/\\\/www.deinadieu.ch\\\/wp-content\\\/uploads\\\/2022\\\/07\\\/DA_PMH_MFR2369-scaled.jpg\",\"keywords\":[\"Cosa pu\u00f2 fare la mia eredit\u00e0?\"],\"articleSection\":[\"Persone colpite\"],\"inLanguage\":\"it-IT\",\"potentialAction\":[{\"@type\":\"CommentAction\",\"name\":\"Comment\",\"target\":[\"https:\\\/\\\/www.deinadieu.ch\\\/it\\\/volevo-tornare-a-scuola-ancora-in-sedia-a-rotelle\\\/#respond\"]}]},{\"@type\":\"WebPage\",\"@id\":\"https:\\\/\\\/www.deinadieu.ch\\\/it\\\/volevo-tornare-a-scuola-ancora-in-sedia-a-rotelle\\\/\",\"url\":\"https:\\\/\\\/www.deinadieu.ch\\\/it\\\/volevo-tornare-a-scuola-ancora-in-sedia-a-rotelle\\\/\",\"name\":\"FRAGILE Suisse sostiene in caso di trauma cranico | DeinAdieu\",\"isPartOf\":{\"@id\":\"https:\\\/\\\/www.deinadieu.ch\\\/it\\\/#website\"},\"primaryImageOfPage\":{\"@id\":\"https:\\\/\\\/www.deinadieu.ch\\\/it\\\/volevo-tornare-a-scuola-ancora-in-sedia-a-rotelle\\\/#primaryimage\"},\"image\":{\"@id\":\"https:\\\/\\\/www.deinadieu.ch\\\/it\\\/volevo-tornare-a-scuola-ancora-in-sedia-a-rotelle\\\/#primaryimage\"},\"thumbnailUrl\":\"https:\\\/\\\/www.deinadieu.ch\\\/wp-content\\\/uploads\\\/2022\\\/07\\\/DA_PMH_MFR2369-scaled.jpg\",\"datePublished\":\"2022-07-22T07:07:38+00:00\",\"dateModified\":\"2024-03-25T14:27:01+00:00\",\"description\":\"Meret Husy ha subito una lesione cerebrale all'et\u00e0 di 18 anni. Leggete qui come FRAGILE Suisse l'ha aiutata a tornare alla vita.\",\"breadcrumb\":{\"@id\":\"https:\\\/\\\/www.deinadieu.ch\\\/it\\\/volevo-tornare-a-scuola-ancora-in-sedia-a-rotelle\\\/#breadcrumb\"},\"inLanguage\":\"it-IT\",\"potentialAction\":[{\"@type\":\"ReadAction\",\"target\":[\"https:\\\/\\\/www.deinadieu.ch\\\/it\\\/volevo-tornare-a-scuola-ancora-in-sedia-a-rotelle\\\/\"]}]},{\"@type\":\"ImageObject\",\"inLanguage\":\"it-IT\",\"@id\":\"https:\\\/\\\/www.deinadieu.ch\\\/it\\\/volevo-tornare-a-scuola-ancora-in-sedia-a-rotelle\\\/#primaryimage\",\"url\":\"https:\\\/\\\/www.deinadieu.ch\\\/wp-content\\\/uploads\\\/2022\\\/07\\\/DA_PMH_MFR2369-scaled.jpg\",\"contentUrl\":\"https:\\\/\\\/www.deinadieu.ch\\\/wp-content\\\/uploads\\\/2022\\\/07\\\/DA_PMH_MFR2369-scaled.jpg\",\"width\":2560,\"height\":1707,\"caption\":\"Portrait - Meret Husy (FRAGILE suisse, organizzazione per persone con lesioni cerebrali) ha subito una lesione cerebrale da giovane in seguito a un incidente. \u00a9 Manu Friederich\"},{\"@type\":\"BreadcrumbList\",\"@id\":\"https:\\\/\\\/www.deinadieu.ch\\\/it\\\/volevo-tornare-a-scuola-ancora-in-sedia-a-rotelle\\\/#breadcrumb\",\"itemListElement\":[{\"@type\":\"ListItem\",\"position\":1,\"name\":\"Home\",\"item\":\"https:\\\/\\\/www.deinadieu.ch\\\/it\\\/deinadieu-dialog-und-serviceportal-zum-lebensende\\\/\"},{\"@type\":\"ListItem\",\"position\":2,\"name\":\"\u00abVolevo tornare a scuola ancora in sedia a rotelle\u00bb\"}]},{\"@type\":\"WebSite\",\"@id\":\"https:\\\/\\\/www.deinadieu.ch\\\/it\\\/#website\",\"url\":\"https:\\\/\\\/www.deinadieu.ch\\\/it\\\/\",\"name\":\"DeinAdieu.ch\",\"description\":\"Testament, Patientenverf\u00fcgung und Vorsorgeauftrag\",\"publisher\":{\"@id\":\"https:\\\/\\\/www.deinadieu.ch\\\/it\\\/#organization\"},\"potentialAction\":[{\"@type\":\"SearchAction\",\"target\":{\"@type\":\"EntryPoint\",\"urlTemplate\":\"https:\\\/\\\/www.deinadieu.ch\\\/it\\\/?s={search_term_string}\"},\"query-input\":{\"@type\":\"PropertyValueSpecification\",\"valueRequired\":true,\"valueName\":\"search_term_string\"}}],\"inLanguage\":\"it-IT\"},{\"@type\":\"Organization\",\"@id\":\"https:\\\/\\\/www.deinadieu.ch\\\/it\\\/#organization\",\"name\":\"EMNA Web GmbH\",\"url\":\"https:\\\/\\\/www.deinadieu.ch\\\/it\\\/\",\"logo\":{\"@type\":\"ImageObject\",\"inLanguage\":\"it-IT\",\"@id\":\"https:\\\/\\\/www.deinadieu.ch\\\/it\\\/#\\\/schema\\\/logo\\\/image\\\/\",\"url\":\"https:\\\/\\\/www.deinadieu.ch\\\/wp-content\\\/uploads\\\/2016\\\/01\\\/DeinAdieu_Logo.png\",\"contentUrl\":\"https:\\\/\\\/www.deinadieu.ch\\\/wp-content\\\/uploads\\\/2016\\\/01\\\/DeinAdieu_Logo.png\",\"width\":300,\"height\":117,\"caption\":\"EMNA Web GmbH\"},\"image\":{\"@id\":\"https:\\\/\\\/www.deinadieu.ch\\\/it\\\/#\\\/schema\\\/logo\\\/image\\\/\"},\"sameAs\":[\"https:\\\/\\\/www.facebook.com\\\/deinadieu\",\"https:\\\/\\\/x.com\\\/DeinAdieu\",\"https:\\\/\\\/www.instagram.com\\\/deinadieu\\\/\",\"https:\\\/\\\/www.linkedin.com\\\/company\\\/deinadieu.ch\"]},{\"@type\":\"Person\",\"@id\":\"https:\\\/\\\/www.deinadieu.ch\\\/it\\\/#\\\/schema\\\/person\\\/78cffe1cb679e17f919e3d0c0e7b9673\",\"name\":\"Janina Gehrig, MA UZH, Redaktorin\",\"image\":{\"@type\":\"ImageObject\",\"inLanguage\":\"it-IT\",\"@id\":\"https:\\\/\\\/secure.gravatar.com\\\/avatar\\\/8bfc4dca12cd7c0a0373c12f34587d1f6a6117903e7ecc0035863bd69df6fb07?s=96&d=mm&r=g\",\"url\":\"https:\\\/\\\/secure.gravatar.com\\\/avatar\\\/8bfc4dca12cd7c0a0373c12f34587d1f6a6117903e7ecc0035863bd69df6fb07?s=96&d=mm&r=g\",\"contentUrl\":\"https:\\\/\\\/secure.gravatar.com\\\/avatar\\\/8bfc4dca12cd7c0a0373c12f34587d1f6a6117903e7ecc0035863bd69df6fb07?s=96&d=mm&r=g\",\"caption\":\"Janina Gehrig, MA UZH, Redaktorin\"},\"url\":\"https:\\\/\\\/www.deinadieu.ch\\\/it\\\/author\\\/janinagehrig\\\/\"}]}<\/script>","yoast_head_json":{"title":"FRAGILE Suisse sostiene in caso di trauma cranico | DeinAdieu","description":"Meret Husy ha subito una lesione cerebrale all'et\u00e0 di 18 anni. Leggete qui come FRAGILE Suisse l'ha aiutata a tornare alla vita.","robots":{"index":"index","follow":"follow","max-snippet":"max-snippet:-1","max-image-preview":"max-image-preview:large","max-video-preview":"max-video-preview:-1"},"canonical":"https:\/\/www.deinadieu.ch\/it\/volevo-tornare-a-scuola-ancora-in-sedia-a-rotelle\/","og_locale":"it_IT","og_type":"article","og_title":"\u00abVolevo tornare a scuola ancora in sedia a rotelle\u00bb","og_description":"Meret Husy ha subito un trauma cranico all'et\u00e0 di 18 anni. La giovane donna voleva a tutti i costi tornare al liceo, andare a fare surf in Australia \u2013","og_url":"https:\/\/www.deinadieu.ch\/it\/volevo-tornare-a-scuola-ancora-in-sedia-a-rotelle\/","og_site_name":"DeinAdieu.ch","article_publisher":"https:\/\/www.facebook.com\/deinadieu","article_published_time":"2022-07-22T07:07:38+00:00","article_modified_time":"2024-03-25T14:27:01+00:00","og_image":[{"width":2560,"height":1707,"url":"https:\/\/static.deinadieu.ch\/uploads\/2022\/07\/DA_PMH_MFR2369-scaled.jpg","type":"image\/jpeg"}],"author":"Janina Gehrig, MA UZH, Redaktorin","twitter_card":"summary_large_image","twitter_creator":"@DeinAdieu","twitter_site":"@DeinAdieu","twitter_misc":{"Written by":"Janina Gehrig, MA UZH, Redaktorin","Est. reading time":"5 minutes"},"schema":{"@context":"https:\/\/schema.org","@graph":[{"@type":"Article","@id":"https:\/\/www.deinadieu.ch\/it\/volevo-tornare-a-scuola-ancora-in-sedia-a-rotelle\/#article","isPartOf":{"@id":"https:\/\/www.deinadieu.ch\/it\/volevo-tornare-a-scuola-ancora-in-sedia-a-rotelle\/"},"author":{"name":"Janina Gehrig, MA UZH, Redaktorin","@id":"https:\/\/www.deinadieu.ch\/it\/#\/schema\/person\/78cffe1cb679e17f919e3d0c0e7b9673"},"headline":"\u00abVolevo tornare a scuola ancora in sedia a rotelle\u00bb","datePublished":"2022-07-22T07:07:38+00:00","dateModified":"2024-03-25T14:27:01+00:00","mainEntityOfPage":{"@id":"https:\/\/www.deinadieu.ch\/it\/volevo-tornare-a-scuola-ancora-in-sedia-a-rotelle\/"},"wordCount":1124,"commentCount":0,"publisher":{"@id":"https:\/\/www.deinadieu.ch\/it\/#organization"},"image":{"@id":"https:\/\/www.deinadieu.ch\/it\/volevo-tornare-a-scuola-ancora-in-sedia-a-rotelle\/#primaryimage"},"thumbnailUrl":"https:\/\/www.deinadieu.ch\/wp-content\/uploads\/2022\/07\/DA_PMH_MFR2369-scaled.jpg","keywords":["Cosa pu\u00f2 fare la mia eredit\u00e0?"],"articleSection":["Persone colpite"],"inLanguage":"it-IT","potentialAction":[{"@type":"CommentAction","name":"Comment","target":["https:\/\/www.deinadieu.ch\/it\/volevo-tornare-a-scuola-ancora-in-sedia-a-rotelle\/#respond"]}]},{"@type":"WebPage","@id":"https:\/\/www.deinadieu.ch\/it\/volevo-tornare-a-scuola-ancora-in-sedia-a-rotelle\/","url":"https:\/\/www.deinadieu.ch\/it\/volevo-tornare-a-scuola-ancora-in-sedia-a-rotelle\/","name":"FRAGILE Suisse sostiene in caso di trauma cranico | DeinAdieu","isPartOf":{"@id":"https:\/\/www.deinadieu.ch\/it\/#website"},"primaryImageOfPage":{"@id":"https:\/\/www.deinadieu.ch\/it\/volevo-tornare-a-scuola-ancora-in-sedia-a-rotelle\/#primaryimage"},"image":{"@id":"https:\/\/www.deinadieu.ch\/it\/volevo-tornare-a-scuola-ancora-in-sedia-a-rotelle\/#primaryimage"},"thumbnailUrl":"https:\/\/www.deinadieu.ch\/wp-content\/uploads\/2022\/07\/DA_PMH_MFR2369-scaled.jpg","datePublished":"2022-07-22T07:07:38+00:00","dateModified":"2024-03-25T14:27:01+00:00","description":"Meret Husy ha subito una lesione cerebrale all'et\u00e0 di 18 anni. Leggete qui come FRAGILE Suisse l'ha aiutata a tornare alla vita.","breadcrumb":{"@id":"https:\/\/www.deinadieu.ch\/it\/volevo-tornare-a-scuola-ancora-in-sedia-a-rotelle\/#breadcrumb"},"inLanguage":"it-IT","potentialAction":[{"@type":"ReadAction","target":["https:\/\/www.deinadieu.ch\/it\/volevo-tornare-a-scuola-ancora-in-sedia-a-rotelle\/"]}]},{"@type":"ImageObject","inLanguage":"it-IT","@id":"https:\/\/www.deinadieu.ch\/it\/volevo-tornare-a-scuola-ancora-in-sedia-a-rotelle\/#primaryimage","url":"https:\/\/www.deinadieu.ch\/wp-content\/uploads\/2022\/07\/DA_PMH_MFR2369-scaled.jpg","contentUrl":"https:\/\/www.deinadieu.ch\/wp-content\/uploads\/2022\/07\/DA_PMH_MFR2369-scaled.jpg","width":2560,"height":1707,"caption":"Portrait - Meret Husy (FRAGILE suisse, organizzazione per persone con lesioni cerebrali) ha subito una lesione cerebrale da giovane in seguito a un incidente. \u00a9 Manu Friederich"},{"@type":"BreadcrumbList","@id":"https:\/\/www.deinadieu.ch\/it\/volevo-tornare-a-scuola-ancora-in-sedia-a-rotelle\/#breadcrumb","itemListElement":[{"@type":"ListItem","position":1,"name":"Home","item":"https:\/\/www.deinadieu.ch\/it\/deinadieu-dialog-und-serviceportal-zum-lebensende\/"},{"@type":"ListItem","position":2,"name":"\u00abVolevo tornare a scuola ancora in sedia a rotelle\u00bb"}]},{"@type":"WebSite","@id":"https:\/\/www.deinadieu.ch\/it\/#website","url":"https:\/\/www.deinadieu.ch\/it\/","name":"DeinAdieu.ch","description":"Testament, Patientenverf\u00fcgung und Vorsorgeauftrag","publisher":{"@id":"https:\/\/www.deinadieu.ch\/it\/#organization"},"potentialAction":[{"@type":"SearchAction","target":{"@type":"EntryPoint","urlTemplate":"https:\/\/www.deinadieu.ch\/it\/?s={search_term_string}"},"query-input":{"@type":"PropertyValueSpecification","valueRequired":true,"valueName":"search_term_string"}}],"inLanguage":"it-IT"},{"@type":"Organization","@id":"https:\/\/www.deinadieu.ch\/it\/#organization","name":"EMNA Web GmbH","url":"https:\/\/www.deinadieu.ch\/it\/","logo":{"@type":"ImageObject","inLanguage":"it-IT","@id":"https:\/\/www.deinadieu.ch\/it\/#\/schema\/logo\/image\/","url":"https:\/\/www.deinadieu.ch\/wp-content\/uploads\/2016\/01\/DeinAdieu_Logo.png","contentUrl":"https:\/\/www.deinadieu.ch\/wp-content\/uploads\/2016\/01\/DeinAdieu_Logo.png","width":300,"height":117,"caption":"EMNA Web GmbH"},"image":{"@id":"https:\/\/www.deinadieu.ch\/it\/#\/schema\/logo\/image\/"},"sameAs":["https:\/\/www.facebook.com\/deinadieu","https:\/\/x.com\/DeinAdieu","https:\/\/www.instagram.com\/deinadieu\/","https:\/\/www.linkedin.com\/company\/deinadieu.ch"]},{"@type":"Person","@id":"https:\/\/www.deinadieu.ch\/it\/#\/schema\/person\/78cffe1cb679e17f919e3d0c0e7b9673","name":"Janina Gehrig, MA UZH, Redaktorin","image":{"@type":"ImageObject","inLanguage":"it-IT","@id":"https:\/\/secure.gravatar.com\/avatar\/8bfc4dca12cd7c0a0373c12f34587d1f6a6117903e7ecc0035863bd69df6fb07?s=96&d=mm&r=g","url":"https:\/\/secure.gravatar.com\/avatar\/8bfc4dca12cd7c0a0373c12f34587d1f6a6117903e7ecc0035863bd69df6fb07?s=96&d=mm&r=g","contentUrl":"https:\/\/secure.gravatar.com\/avatar\/8bfc4dca12cd7c0a0373c12f34587d1f6a6117903e7ecc0035863bd69df6fb07?s=96&d=mm&r=g","caption":"Janina Gehrig, MA UZH, Redaktorin"},"url":"https:\/\/www.deinadieu.ch\/it\/author\/janinagehrig\/"}]}},"_links":{"self":[{"href":"https:\/\/www.deinadieu.ch\/it\/wp-json\/wp\/v2\/posts\/59799","targetHints":{"allow":["GET"]}}],"collection":[{"href":"https:\/\/www.deinadieu.ch\/it\/wp-json\/wp\/v2\/posts"}],"about":[{"href":"https:\/\/www.deinadieu.ch\/it\/wp-json\/wp\/v2\/types\/post"}],"author":[{"embeddable":true,"href":"https:\/\/www.deinadieu.ch\/it\/wp-json\/wp\/v2\/users\/6028"}],"replies":[{"embeddable":true,"href":"https:\/\/www.deinadieu.ch\/it\/wp-json\/wp\/v2\/comments?post=59799"}],"version-history":[{"count":9,"href":"https:\/\/www.deinadieu.ch\/it\/wp-json\/wp\/v2\/posts\/59799\/revisions"}],"predecessor-version":[{"id":67248,"href":"https:\/\/www.deinadieu.ch\/it\/wp-json\/wp\/v2\/posts\/59799\/revisions\/67248"}],"wp:featuredmedia":[{"embeddable":true,"href":"https:\/\/www.deinadieu.ch\/it\/wp-json\/wp\/v2\/media\/59575"}],"wp:attachment":[{"href":"https:\/\/www.deinadieu.ch\/it\/wp-json\/wp\/v2\/media?parent=59799"}],"wp:term":[{"taxonomy":"category","embeddable":true,"href":"https:\/\/www.deinadieu.ch\/it\/wp-json\/wp\/v2\/categories?post=59799"},{"taxonomy":"post_tag","embeddable":true,"href":"https:\/\/www.deinadieu.ch\/it\/wp-json\/wp\/v2\/tags?post=59799"}],"curies":[{"name":"wp","href":"https:\/\/api.w.org\/{rel}","templated":true}]}}