{"id":59764,"date":"2022-06-13T11:03:12","date_gmt":"2022-06-13T09:03:12","guid":{"rendered":"https:\/\/www.deinadieu.ch\/improvvisamente-si-ha-a-che-fare-con-unaltra-persona-con-cui-bisogna-ritrovare-la-comunicazione\/"},"modified":"2023-07-10T10:44:16","modified_gmt":"2023-07-10T08:44:16","slug":"improvvisamente-si-ha-a-che-fare-con-unaltra-persona-con-cui-bisogna-ritrovare-la-comunicazione","status":"publish","type":"post","link":"https:\/\/www.deinadieu.ch\/it\/improvvisamente-si-ha-a-che-fare-con-unaltra-persona-con-cui-bisogna-ritrovare-la-comunicazione\/","title":{"rendered":"\u00abImprovvisamente si ha a che fare con un&#8217;altra persona con cui bisogna ritrovare la comunicazione\u00bb"},"content":{"rendered":"\n<p>\u00c8 stata attiva in politica per molti anni. Ora Giovanna Battagliero lavora come direttrice delle Case di formazione e residenza Rossfeld, dove circa 430 persone con disabilit\u00e0 congenite o dovute ad un incidente ricevono assistenza e terapie. Spiega come mai anche i loro parenti hanno spesso bisogno di sostegno.<\/p>\n\n<!--more-->\n\n<figure class=\"wp-block-image size-large\"><img loading=\"lazy\" decoding=\"async\" width=\"1024\" height=\"683\" src=\"https:\/\/www.deinadieu.ch\/wp-content\/uploads\/2022\/06\/DA_PGB_MFR3047-1024x683.jpg\" alt=\"\" class=\"wp-image-57192\" srcset=\"https:\/\/www.deinadieu.ch\/wp-content\/uploads\/2022\/06\/DA_PGB_MFR3047-1024x683.jpg 1024w, https:\/\/www.deinadieu.ch\/wp-content\/uploads\/2022\/06\/DA_PGB_MFR3047-300x200.jpg 300w, https:\/\/www.deinadieu.ch\/wp-content\/uploads\/2022\/06\/DA_PGB_MFR3047-1536x1024.jpg 1536w, https:\/\/www.deinadieu.ch\/wp-content\/uploads\/2022\/06\/DA_PGB_MFR3047-2048x1365.jpg 2048w\" sizes=\"auto, (max-width: 1024px) 100vw, 1024px\" \/><figcaption class=\"wp-element-caption\">Giovanna Battagliero \u00e8 la nuova direttrice della Fondazione Case di formazione e residenza Rossfeld &#8211; un centro di eccellenza per persone con disabilit\u00e0 fisiche. \u00a9 Manu Friederich<\/figcaption><\/figure>\n\n<p>\u00c8 stata membro del comitato esecutivo dell&#8217;Ufficio Federale delle Assicurazioni Sociali, presidente della SP Berna, membro del Consiglio Comunale e del Gran Consiglio di Berna e presidente dell&#8217;Associazione Commerciale di Berna per nove anni. Ora, da dicembre 2021, \u00e8 la nuova direttrice della <a href=\"https:\/\/www.deinadieu.ch\/hilfswerke\/stiftung-schulungs-und-wohnheime-rossfeld\/\">Fondazione Case di formazione e residenza Rossfeld<\/a>, che sostiene l&#8217;integrazione professionale e personale delle persone con disabilit\u00e0 fisiche. Cosa cercava Giovanna Battagliero qui? \u00abQualcosa di pi\u00f9 concreto\u00bb, dice. \u00abNella mia nuova vita quotidiana ci sono le persone al centro. Il lavoro \u00e8 molto significativo.\u00bb Anche in questo caso si occupa principalmente di questioni finanziarie e gestionali. \u00abApprezzo molto lo scambio quotidiano con i residenti, gli studenti e il personale e il feedback immediato. Ma anche che si possa vedere rapidamente un risultato dopo che le decisioni sono state prese\u00bb, afferma.<\/p>\n\n<p>Secondo Battagliero, il pi\u00f9 grande centro di eccellenza per persone con disabilit\u00e0 fisiche della Svizzera tedesca offre assistenza per tutto il giorno, servizi di terapia e scolarizzazione a un totale di circa 430 persone di et\u00e0 compresa tra i quattro anni e l&#8217;et\u00e0 del pensionamento. Qui vengono istruiti circa 60 alunni provenienti da tutto il cantone. Per i bambini delle scuole c&#8217;\u00e8 la possibilit\u00e0 di pernottare durante la settimana. \u00abAttualmente abbiamo una decina di bambini che dormono qui per un massimo di quattro notti\u00bb, spiega.<\/p>\n\n<p>Esiste anche un servizio ambulatoriale in classi scolastiche regolari, grazie al quale 180 bambini vengono assistiti e accompagnati fuori dall&#8217;istituto. Inoltre, gli assistenti supervisionano gli apprendisti commerciali nel settore infermieristico, ad esempio, mentre possono frequentare le lezioni presso la scuola professionale regolare WKS KV Bildung Bern. \u00abQuesta \u00e8 un&#8217;offerta unica\u00bb. Gli adulti vivono in camere singole o doppie in gruppi residenziali. Nel coaching residenziale imparano a gestire nuovamente una casa, a organizzare il cibo, a cucinare o a pulire.<\/p>\n\n<h2 class=\"wp-block-heading\" id=\"h-das-grosse-ziel-ist-die-inklusion-in-die-gesellschaft\">Il grande obiettivo \u00e8 l&#8217;inclusione nella societ\u00e0<\/h2>\n\n<p>La maggior parte di loro, circa il 60%, soffre di un deficit di nascita, come la paralisi cerebrale o la spina bifida. Altri sono affetti da distrofia muscolare o sclerosi multipla, oppure hanno avuto incidenti o ictus che hanno provocato lesioni cerebrali traumatiche, tetraplegia o menomazioni cerebrali. \u00abSempre pi\u00f9 spesso le persone vengono da noi direttamente dalla clinica di riabilitazione dopo un incidente o un ictus.\u00bb<\/p>\n\n<p>Il grande obiettivo \u00e8 l&#8217;inclusione nella societ\u00e0. \u00abVogliamo mettere le persone in condizione di poter andare per la loro strada, di condurre di nuovo una vita autodeterminata.\u00bb Ci\u00f2 include anche, ad esempio, la possibilit\u00e0 per i giovani di ricevere una formazione e di integrarsi nel mercato del lavoro. Battagliero \u00e8 fiduciosa. \u00abPer quest&#8217;anno, tutti gli studenti della scuola superiore hanno gi\u00e0 trovato una soluzione per il futuro.\u00bb<\/p>\n\n<p>La bernese partecipa di tanto in tanto alle sedute di terapia, come l&#8217;ergoterapia o la fisioterapia. \u00ab\u00c8 affascinante seguire i piccoli e grandi progressi dei pazienti\u00bb, dice. E racconta di una donna, ad esempio, che ha subito un trauma craniocerebrale in un incidente in bicicletta e che ora fa un training cerebrale. Non si tratta solo di giochi di memoria, ma anche di cose quotidiane che un tempo funzionavano in modo cos\u00ec naturale, come ad esempio il cucinare: \u00abUna donna doveva imparare di nuovo a scegliere una ricetta, preparare gli ingredienti, leggere le istruzioni e metterle in pratica grazie alla propria manualit\u00e0\u00bb, dice Battagliero.<\/p>\n\n<figure class=\"wp-block-image size-large\"><img loading=\"lazy\" decoding=\"async\" width=\"1024\" height=\"683\" src=\"https:\/\/www.deinadieu.ch\/wp-content\/uploads\/2022\/06\/DA_PGB_MFR3063-1024x683.jpg\" alt=\"\" class=\"wp-image-57196\" srcset=\"https:\/\/www.deinadieu.ch\/wp-content\/uploads\/2022\/06\/DA_PGB_MFR3063-1024x683.jpg 1024w, https:\/\/www.deinadieu.ch\/wp-content\/uploads\/2022\/06\/DA_PGB_MFR3063-300x200.jpg 300w, https:\/\/www.deinadieu.ch\/wp-content\/uploads\/2022\/06\/DA_PGB_MFR3063-1536x1024.jpg 1536w, https:\/\/www.deinadieu.ch\/wp-content\/uploads\/2022\/06\/DA_PGB_MFR3063-2048x1365.jpg 2048w\" sizes=\"auto, (max-width: 1024px) 100vw, 1024px\" \/><figcaption class=\"wp-element-caption\">\u00ab\u00c8 affascinante seguire i piccoli e grandi progressi dei pazienti\u00bb, dice Giovanna Battagliero. \u00a9 Manu Friederich<\/figcaption><\/figure>\n\n<p>Spesso devono essere accompagnati anche i parenti, per i quali pu\u00f2 essere molto difficile affrontare la nuova situazione. Che si tratti di un peggioramento delle condizioni di salute o di un incidente: \u00abImprovvisamente hanno a che fare con un&#8217;altra persona con cui devono ritrovare la comunicazione. Anche in questo caso, il nostro personale d\u00e0 un grande contributo.\u00bb La fondazione conta circa 270 dipendenti di oltre 30 professioni.<\/p>\n\n<p>La fondazione offre istruzione scolastica e anche un centro di assistenza diurna. I clienti lavorano ad esempio nel call center, scansionano album fotografici, si occupano della gestione degli indirizzi o degli ordini di spedizione. Negli ateliers lavorano con l&#8217;argilla e il legno o disegnano. I prodotti vengono venduti. Anche il movimento e lo sport sono un punto importante. Le lezioni di sport per gli studenti delle scuole professionali e le lezioni settimanali di ginnastica per gli adulti sono offerte in modo tale che tutti possano partecipare. \u00abInoltre, abbiamo una nostra squadra di powerchair hockey.\u00bb La fondazione si occupa anche della promozione dei giovani giocatori di hockey su sedia a rotelle elettrica. In agosto ci saranno i Campionati del Mondo a Nottwil.<\/p>\n\n<h2 class=\"wp-block-heading\" id=\"h-die-beeintrachtigungen-werden-schwerer-die-klienten-alter\">Le menomazioni diventano pi\u00f9 gravi, i clienti pi\u00f9 anziani<\/h2>\n\n<p>Quali sviluppi state affrontando oggi? I progressi della medicina pongono nuove sfide all&#8217;istituzione, afferma Battagliero. Da un lato, molte pi\u00f9 persone possono essere accompagnate verso l&#8217;indipendenza. D&#8217;altra parte, le menomazioni degli assistiti del Rossfeld diventerebbero sempre pi\u00f9 gravi e gli assistiti sempre pi\u00f9 anziani. \u00abQuindi dobbiamo adattare i nostri servizi e la nostra assistenza e affrontare questioni come le cure palliative.\u00bb<\/p>\n\n<p><br\/>E per cosa ha bisogno di donazioni la fondazione?<\/p>\n\n<p>Pur avendo contratti di servizio con il Cantone di Berna e l&#8217;AI Berna, la Fondazione dipende dalle donazioni. Per tutto ci\u00f2 che si vuole offrire in termini di attivit\u00e0 ricreative, anche per le innovazioni e la digitalizzazione. Battagliero fornisce alcuni esempi. Un&#8217;altalena e una giostra accessibili alle sedie a rotelle, uno scivolo inclusivo o eventi di gioco al computer per i nostri bambini, giovani e adulti. \u00abSenza le donazioni, le attivit\u00e0 ricreative come le visite ai musei, i campi estivi o le escursioni con gli alpaca non sarebbero possibili\u00bb, afferma. Tuttavia, questa variet\u00e0 nella vita quotidiana \u00e8 molto importante e promuove l&#8217;inclusione e la partecipazione. Per esempio, il bar, che viene gestito ogni venerd\u00ec sera e dove si incontrano giovani e meno giovani.<\/p>\n\n<p>Battagliero, a quanto pare, \u00e8 arrivata nel posto giusto. \u00abStorie e destini mi toccano e mi motivano\u00bb, dice Battagliero. Ad esempio, quella dell&#8217;ex residente Anik Mumenthaler, che sta prendendo in mano la propria vita. Ha completato l&#8217;apprendistato commerciale presso la Fondazione e poi la maturit\u00e0 professionale. Oggi lavora qui nella segreteria della terapia, vive in modo indipendente e gestisce 16 assistenti. O quella della residente Jasmin Lanz, che vuole riprendere in mano la sua vita dopo un grave incidente, come dice: \u00abNella formazione residenziale della Fondazione Rossfeld ricevo gli strumenti e gli incentivi per farlo. Per poter vivere presto in modo indipendente, ho imparato a lavare da sola i miei vestiti e a pulire la mia stanza.\u00bb Come prossimo passo si eserciter\u00e0 a cucinare da sola.<\/p>\n\n<div style=\"height:40px\" aria-hidden=\"true\" class=\"wp-block-spacer\"><\/div>\n\n<div class=\"wp-block-buttons is-layout-flex wp-block-buttons-is-layout-flex\">\n<div class=\"wp-block-button\"><a class=\"wp-block-button__link wp-element-button\" href=\"https:\/\/app.deinadieu.ch\/da\/testament\/7510\">Considerare la Fondazione Rossfeld nel testamento<\/a><\/div>\n<\/div>\n\n<p><\/p>\n\n<p><\/p>\n","protected":false},"excerpt":{"rendered":"<p>\u00c8 stata attiva in politica per molti anni. Ora Giovanna Battagliero lavora come direttrice delle Case di formazione e residenza Rossfeld, dove circa 430 persone con disabilit\u00e0 congenite o dovute ad un incidente ricevono assistenza e terapie. Spiega come mai anche i loro parenti hanno spesso bisogno di sostegno.<\/p>\n","protected":false},"author":6028,"featured_media":0,"comment_status":"open","ping_status":"closed","sticky":false,"template":"","format":"standard","meta":{"_acf_changed":false,"footnotes":""},"categories":[2474],"tags":[2522,2837,2906,3160],"class_list":["post-59764","post","type-post","status-publish","format-standard","hentry","category-opere-caritative","tag-cosa-puo-fare-la-mia-eredita","tag-fare-del-bene","tag-organizzazione-senza-scopo-di-lucro","tag-organizzazioni-di-aiuto"],"acf":[],"yoast_head":"<title>Presentazione della Fondazione Case di formazione e residenza Rossfeld | DeinAdieu.ch<\/title>\n<meta name=\"description\" content=\"Unser Blog portr\u00e4tiert Professionals, Betroffene und Angeh\u00f6rige rund um die Themen Selbstbestimmung, dritter Lebensabschnitt, Vorsorge und Testamentspende zugunsten eines Hilfswerks.\" \/>\n<meta name=\"robots\" content=\"index, follow, max-snippet:-1, max-image-preview:large, max-video-preview:-1\" \/>\n<link rel=\"canonical\" href=\"https:\/\/www.deinadieu.ch\/it\/improvvisamente-si-ha-a-che-fare-con-unaltra-persona-con-cui-bisogna-ritrovare-la-comunicazione\/\" \/>\n<meta property=\"og:locale\" content=\"it_IT\" \/>\n<meta property=\"og:type\" content=\"article\" \/>\n<meta property=\"og:title\" content=\"\u00abImprovvisamente si ha a che fare con un&#039;altra persona con cui bisogna ritrovare la comunicazione\u00bb\" \/>\n<meta property=\"og:description\" content=\"\u00c8 stata attiva in politica per molti anni. Ora Giovanna Battagliero lavora come direttrice delle Case di formazione e residenza Rossfeld, dove circa 430\" \/>\n<meta property=\"og:url\" content=\"https:\/\/www.deinadieu.ch\/it\/improvvisamente-si-ha-a-che-fare-con-unaltra-persona-con-cui-bisogna-ritrovare-la-comunicazione\/\" \/>\n<meta property=\"og:site_name\" content=\"DeinAdieu.ch\" \/>\n<meta property=\"article:publisher\" content=\"https:\/\/www.facebook.com\/deinadieu\" \/>\n<meta property=\"article:published_time\" content=\"2022-06-13T09:03:12+00:00\" \/>\n<meta property=\"article:modified_time\" content=\"2023-07-10T08:44:16+00:00\" \/>\n<meta property=\"og:image\" content=\"https:\/\/static.deinadieu.ch\/uploads\/2022\/06\/DA_PGB_MFR3047-1024x683.jpg\" \/>\n<meta name=\"author\" content=\"Janina Gehrig, MA UZH, Redaktorin\" \/>\n<meta name=\"twitter:card\" content=\"summary_large_image\" \/>\n<meta name=\"twitter:creator\" content=\"@DeinAdieu\" \/>\n<meta name=\"twitter:site\" content=\"@DeinAdieu\" \/>\n<meta name=\"twitter:label1\" content=\"Written by\" \/>\n\t<meta name=\"twitter:data1\" content=\"Janina Gehrig, MA UZH, Redaktorin\" \/>\n\t<meta name=\"twitter:label2\" content=\"Est. reading time\" \/>\n\t<meta name=\"twitter:data2\" content=\"6 minutes\" \/>\n<script type=\"application\/ld+json\" class=\"yoast-schema-graph\">{\"@context\":\"https:\\\/\\\/schema.org\",\"@graph\":[{\"@type\":\"Article\",\"@id\":\"https:\\\/\\\/www.deinadieu.ch\\\/it\\\/improvvisamente-si-ha-a-che-fare-con-unaltra-persona-con-cui-bisogna-ritrovare-la-comunicazione\\\/#article\",\"isPartOf\":{\"@id\":\"https:\\\/\\\/www.deinadieu.ch\\\/it\\\/improvvisamente-si-ha-a-che-fare-con-unaltra-persona-con-cui-bisogna-ritrovare-la-comunicazione\\\/\"},\"author\":{\"name\":\"Janina Gehrig, MA UZH, Redaktorin\",\"@id\":\"https:\\\/\\\/www.deinadieu.ch\\\/it\\\/#\\\/schema\\\/person\\\/78cffe1cb679e17f919e3d0c0e7b9673\"},\"headline\":\"\u00abImprovvisamente si ha a che fare con un&#8217;altra persona con cui bisogna ritrovare la comunicazione\u00bb\",\"datePublished\":\"2022-06-13T09:03:12+00:00\",\"dateModified\":\"2023-07-10T08:44:16+00:00\",\"mainEntityOfPage\":{\"@id\":\"https:\\\/\\\/www.deinadieu.ch\\\/it\\\/improvvisamente-si-ha-a-che-fare-con-unaltra-persona-con-cui-bisogna-ritrovare-la-comunicazione\\\/\"},\"wordCount\":1167,\"commentCount\":0,\"publisher\":{\"@id\":\"https:\\\/\\\/www.deinadieu.ch\\\/it\\\/#organization\"},\"image\":{\"@id\":\"https:\\\/\\\/www.deinadieu.ch\\\/it\\\/improvvisamente-si-ha-a-che-fare-con-unaltra-persona-con-cui-bisogna-ritrovare-la-comunicazione\\\/#primaryimage\"},\"thumbnailUrl\":\"https:\\\/\\\/www.deinadieu.ch\\\/wp-content\\\/uploads\\\/2022\\\/06\\\/DA_PGB_MFR3047-1024x683.jpg\",\"keywords\":[\"Cosa pu\u00f2 fare la mia eredit\u00e0?\",\"Fare del bene\",\"Organizzazione senza scopo di lucro\",\"Organizzazioni di aiuto\"],\"articleSection\":[\"Focus sulle opere caritative\"],\"inLanguage\":\"it-IT\",\"potentialAction\":[{\"@type\":\"CommentAction\",\"name\":\"Comment\",\"target\":[\"https:\\\/\\\/www.deinadieu.ch\\\/it\\\/improvvisamente-si-ha-a-che-fare-con-unaltra-persona-con-cui-bisogna-ritrovare-la-comunicazione\\\/#respond\"]}]},{\"@type\":\"WebPage\",\"@id\":\"https:\\\/\\\/www.deinadieu.ch\\\/it\\\/improvvisamente-si-ha-a-che-fare-con-unaltra-persona-con-cui-bisogna-ritrovare-la-comunicazione\\\/\",\"url\":\"https:\\\/\\\/www.deinadieu.ch\\\/it\\\/improvvisamente-si-ha-a-che-fare-con-unaltra-persona-con-cui-bisogna-ritrovare-la-comunicazione\\\/\",\"name\":\"Presentazione della Fondazione Case di formazione e residenza Rossfeld | DeinAdieu.ch\",\"isPartOf\":{\"@id\":\"https:\\\/\\\/www.deinadieu.ch\\\/it\\\/#website\"},\"primaryImageOfPage\":{\"@id\":\"https:\\\/\\\/www.deinadieu.ch\\\/it\\\/improvvisamente-si-ha-a-che-fare-con-unaltra-persona-con-cui-bisogna-ritrovare-la-comunicazione\\\/#primaryimage\"},\"image\":{\"@id\":\"https:\\\/\\\/www.deinadieu.ch\\\/it\\\/improvvisamente-si-ha-a-che-fare-con-unaltra-persona-con-cui-bisogna-ritrovare-la-comunicazione\\\/#primaryimage\"},\"thumbnailUrl\":\"https:\\\/\\\/www.deinadieu.ch\\\/wp-content\\\/uploads\\\/2022\\\/06\\\/DA_PGB_MFR3047-1024x683.jpg\",\"datePublished\":\"2022-06-13T09:03:12+00:00\",\"dateModified\":\"2023-07-10T08:44:16+00:00\",\"description\":\"Unser Blog portr\u00e4tiert Professionals, Betroffene und Angeh\u00f6rige rund um die Themen Selbstbestimmung, dritter Lebensabschnitt, Vorsorge und Testamentspende zugunsten eines Hilfswerks.\",\"breadcrumb\":{\"@id\":\"https:\\\/\\\/www.deinadieu.ch\\\/it\\\/improvvisamente-si-ha-a-che-fare-con-unaltra-persona-con-cui-bisogna-ritrovare-la-comunicazione\\\/#breadcrumb\"},\"inLanguage\":\"it-IT\",\"potentialAction\":[{\"@type\":\"ReadAction\",\"target\":[\"https:\\\/\\\/www.deinadieu.ch\\\/it\\\/improvvisamente-si-ha-a-che-fare-con-unaltra-persona-con-cui-bisogna-ritrovare-la-comunicazione\\\/\"]}]},{\"@type\":\"ImageObject\",\"inLanguage\":\"it-IT\",\"@id\":\"https:\\\/\\\/www.deinadieu.ch\\\/it\\\/improvvisamente-si-ha-a-che-fare-con-unaltra-persona-con-cui-bisogna-ritrovare-la-comunicazione\\\/#primaryimage\",\"url\":\"https:\\\/\\\/www.deinadieu.ch\\\/wp-content\\\/uploads\\\/2022\\\/06\\\/DA_PGB_MFR3047-1024x683.jpg\",\"contentUrl\":\"https:\\\/\\\/www.deinadieu.ch\\\/wp-content\\\/uploads\\\/2022\\\/06\\\/DA_PGB_MFR3047-1024x683.jpg\"},{\"@type\":\"BreadcrumbList\",\"@id\":\"https:\\\/\\\/www.deinadieu.ch\\\/it\\\/improvvisamente-si-ha-a-che-fare-con-unaltra-persona-con-cui-bisogna-ritrovare-la-comunicazione\\\/#breadcrumb\",\"itemListElement\":[{\"@type\":\"ListItem\",\"position\":1,\"name\":\"Home\",\"item\":\"https:\\\/\\\/www.deinadieu.ch\\\/it\\\/deinadieu-dialog-und-serviceportal-zum-lebensende\\\/\"},{\"@type\":\"ListItem\",\"position\":2,\"name\":\"\u00abImprovvisamente si ha a che fare con un&#8217;altra persona con cui bisogna ritrovare la comunicazione\u00bb\"}]},{\"@type\":\"WebSite\",\"@id\":\"https:\\\/\\\/www.deinadieu.ch\\\/it\\\/#website\",\"url\":\"https:\\\/\\\/www.deinadieu.ch\\\/it\\\/\",\"name\":\"DeinAdieu.ch\",\"description\":\"Testament, Patientenverf\u00fcgung und Vorsorgeauftrag\",\"publisher\":{\"@id\":\"https:\\\/\\\/www.deinadieu.ch\\\/it\\\/#organization\"},\"potentialAction\":[{\"@type\":\"SearchAction\",\"target\":{\"@type\":\"EntryPoint\",\"urlTemplate\":\"https:\\\/\\\/www.deinadieu.ch\\\/it\\\/?s={search_term_string}\"},\"query-input\":{\"@type\":\"PropertyValueSpecification\",\"valueRequired\":true,\"valueName\":\"search_term_string\"}}],\"inLanguage\":\"it-IT\"},{\"@type\":\"Organization\",\"@id\":\"https:\\\/\\\/www.deinadieu.ch\\\/it\\\/#organization\",\"name\":\"EMNA Web GmbH\",\"url\":\"https:\\\/\\\/www.deinadieu.ch\\\/it\\\/\",\"logo\":{\"@type\":\"ImageObject\",\"inLanguage\":\"it-IT\",\"@id\":\"https:\\\/\\\/www.deinadieu.ch\\\/it\\\/#\\\/schema\\\/logo\\\/image\\\/\",\"url\":\"https:\\\/\\\/www.deinadieu.ch\\\/wp-content\\\/uploads\\\/2016\\\/01\\\/DeinAdieu_Logo.png\",\"contentUrl\":\"https:\\\/\\\/www.deinadieu.ch\\\/wp-content\\\/uploads\\\/2016\\\/01\\\/DeinAdieu_Logo.png\",\"width\":300,\"height\":117,\"caption\":\"EMNA Web GmbH\"},\"image\":{\"@id\":\"https:\\\/\\\/www.deinadieu.ch\\\/it\\\/#\\\/schema\\\/logo\\\/image\\\/\"},\"sameAs\":[\"https:\\\/\\\/www.facebook.com\\\/deinadieu\",\"https:\\\/\\\/x.com\\\/DeinAdieu\",\"https:\\\/\\\/www.instagram.com\\\/deinadieu\\\/\",\"https:\\\/\\\/www.linkedin.com\\\/company\\\/deinadieu.ch\"]},{\"@type\":\"Person\",\"@id\":\"https:\\\/\\\/www.deinadieu.ch\\\/it\\\/#\\\/schema\\\/person\\\/78cffe1cb679e17f919e3d0c0e7b9673\",\"name\":\"Janina Gehrig, MA UZH, Redaktorin\",\"image\":{\"@type\":\"ImageObject\",\"inLanguage\":\"it-IT\",\"@id\":\"https:\\\/\\\/secure.gravatar.com\\\/avatar\\\/8bfc4dca12cd7c0a0373c12f34587d1f6a6117903e7ecc0035863bd69df6fb07?s=96&d=mm&r=g\",\"url\":\"https:\\\/\\\/secure.gravatar.com\\\/avatar\\\/8bfc4dca12cd7c0a0373c12f34587d1f6a6117903e7ecc0035863bd69df6fb07?s=96&d=mm&r=g\",\"contentUrl\":\"https:\\\/\\\/secure.gravatar.com\\\/avatar\\\/8bfc4dca12cd7c0a0373c12f34587d1f6a6117903e7ecc0035863bd69df6fb07?s=96&d=mm&r=g\",\"caption\":\"Janina Gehrig, MA UZH, Redaktorin\"},\"url\":\"https:\\\/\\\/www.deinadieu.ch\\\/it\\\/author\\\/janinagehrig\\\/\"}]}<\/script>","yoast_head_json":{"title":"Presentazione della Fondazione Case di formazione e residenza Rossfeld | DeinAdieu.ch","description":"Unser Blog portr\u00e4tiert Professionals, Betroffene und Angeh\u00f6rige rund um die Themen Selbstbestimmung, dritter Lebensabschnitt, Vorsorge und Testamentspende zugunsten eines Hilfswerks.","robots":{"index":"index","follow":"follow","max-snippet":"max-snippet:-1","max-image-preview":"max-image-preview:large","max-video-preview":"max-video-preview:-1"},"canonical":"https:\/\/www.deinadieu.ch\/it\/improvvisamente-si-ha-a-che-fare-con-unaltra-persona-con-cui-bisogna-ritrovare-la-comunicazione\/","og_locale":"it_IT","og_type":"article","og_title":"\u00abImprovvisamente si ha a che fare con un'altra persona con cui bisogna ritrovare la comunicazione\u00bb","og_description":"\u00c8 stata attiva in politica per molti anni. Ora Giovanna Battagliero lavora come direttrice delle Case di formazione e residenza Rossfeld, dove circa 430","og_url":"https:\/\/www.deinadieu.ch\/it\/improvvisamente-si-ha-a-che-fare-con-unaltra-persona-con-cui-bisogna-ritrovare-la-comunicazione\/","og_site_name":"DeinAdieu.ch","article_publisher":"https:\/\/www.facebook.com\/deinadieu","article_published_time":"2022-06-13T09:03:12+00:00","article_modified_time":"2023-07-10T08:44:16+00:00","og_image":[{"url":"https:\/\/static.deinadieu.ch\/uploads\/2022\/06\/DA_PGB_MFR3047-1024x683.jpg","type":"","width":"","height":""}],"author":"Janina Gehrig, MA UZH, Redaktorin","twitter_card":"summary_large_image","twitter_creator":"@DeinAdieu","twitter_site":"@DeinAdieu","twitter_misc":{"Written by":"Janina Gehrig, MA UZH, Redaktorin","Est. reading time":"6 minutes"},"schema":{"@context":"https:\/\/schema.org","@graph":[{"@type":"Article","@id":"https:\/\/www.deinadieu.ch\/it\/improvvisamente-si-ha-a-che-fare-con-unaltra-persona-con-cui-bisogna-ritrovare-la-comunicazione\/#article","isPartOf":{"@id":"https:\/\/www.deinadieu.ch\/it\/improvvisamente-si-ha-a-che-fare-con-unaltra-persona-con-cui-bisogna-ritrovare-la-comunicazione\/"},"author":{"name":"Janina Gehrig, MA UZH, Redaktorin","@id":"https:\/\/www.deinadieu.ch\/it\/#\/schema\/person\/78cffe1cb679e17f919e3d0c0e7b9673"},"headline":"\u00abImprovvisamente si ha a che fare con un&#8217;altra persona con cui bisogna ritrovare la comunicazione\u00bb","datePublished":"2022-06-13T09:03:12+00:00","dateModified":"2023-07-10T08:44:16+00:00","mainEntityOfPage":{"@id":"https:\/\/www.deinadieu.ch\/it\/improvvisamente-si-ha-a-che-fare-con-unaltra-persona-con-cui-bisogna-ritrovare-la-comunicazione\/"},"wordCount":1167,"commentCount":0,"publisher":{"@id":"https:\/\/www.deinadieu.ch\/it\/#organization"},"image":{"@id":"https:\/\/www.deinadieu.ch\/it\/improvvisamente-si-ha-a-che-fare-con-unaltra-persona-con-cui-bisogna-ritrovare-la-comunicazione\/#primaryimage"},"thumbnailUrl":"https:\/\/www.deinadieu.ch\/wp-content\/uploads\/2022\/06\/DA_PGB_MFR3047-1024x683.jpg","keywords":["Cosa pu\u00f2 fare la mia eredit\u00e0?","Fare del bene","Organizzazione senza scopo di lucro","Organizzazioni di aiuto"],"articleSection":["Focus sulle opere caritative"],"inLanguage":"it-IT","potentialAction":[{"@type":"CommentAction","name":"Comment","target":["https:\/\/www.deinadieu.ch\/it\/improvvisamente-si-ha-a-che-fare-con-unaltra-persona-con-cui-bisogna-ritrovare-la-comunicazione\/#respond"]}]},{"@type":"WebPage","@id":"https:\/\/www.deinadieu.ch\/it\/improvvisamente-si-ha-a-che-fare-con-unaltra-persona-con-cui-bisogna-ritrovare-la-comunicazione\/","url":"https:\/\/www.deinadieu.ch\/it\/improvvisamente-si-ha-a-che-fare-con-unaltra-persona-con-cui-bisogna-ritrovare-la-comunicazione\/","name":"Presentazione della Fondazione Case di formazione e residenza Rossfeld | DeinAdieu.ch","isPartOf":{"@id":"https:\/\/www.deinadieu.ch\/it\/#website"},"primaryImageOfPage":{"@id":"https:\/\/www.deinadieu.ch\/it\/improvvisamente-si-ha-a-che-fare-con-unaltra-persona-con-cui-bisogna-ritrovare-la-comunicazione\/#primaryimage"},"image":{"@id":"https:\/\/www.deinadieu.ch\/it\/improvvisamente-si-ha-a-che-fare-con-unaltra-persona-con-cui-bisogna-ritrovare-la-comunicazione\/#primaryimage"},"thumbnailUrl":"https:\/\/www.deinadieu.ch\/wp-content\/uploads\/2022\/06\/DA_PGB_MFR3047-1024x683.jpg","datePublished":"2022-06-13T09:03:12+00:00","dateModified":"2023-07-10T08:44:16+00:00","description":"Unser Blog portr\u00e4tiert Professionals, Betroffene und Angeh\u00f6rige rund um die Themen Selbstbestimmung, dritter Lebensabschnitt, Vorsorge und Testamentspende zugunsten eines Hilfswerks.","breadcrumb":{"@id":"https:\/\/www.deinadieu.ch\/it\/improvvisamente-si-ha-a-che-fare-con-unaltra-persona-con-cui-bisogna-ritrovare-la-comunicazione\/#breadcrumb"},"inLanguage":"it-IT","potentialAction":[{"@type":"ReadAction","target":["https:\/\/www.deinadieu.ch\/it\/improvvisamente-si-ha-a-che-fare-con-unaltra-persona-con-cui-bisogna-ritrovare-la-comunicazione\/"]}]},{"@type":"ImageObject","inLanguage":"it-IT","@id":"https:\/\/www.deinadieu.ch\/it\/improvvisamente-si-ha-a-che-fare-con-unaltra-persona-con-cui-bisogna-ritrovare-la-comunicazione\/#primaryimage","url":"https:\/\/www.deinadieu.ch\/wp-content\/uploads\/2022\/06\/DA_PGB_MFR3047-1024x683.jpg","contentUrl":"https:\/\/www.deinadieu.ch\/wp-content\/uploads\/2022\/06\/DA_PGB_MFR3047-1024x683.jpg"},{"@type":"BreadcrumbList","@id":"https:\/\/www.deinadieu.ch\/it\/improvvisamente-si-ha-a-che-fare-con-unaltra-persona-con-cui-bisogna-ritrovare-la-comunicazione\/#breadcrumb","itemListElement":[{"@type":"ListItem","position":1,"name":"Home","item":"https:\/\/www.deinadieu.ch\/it\/deinadieu-dialog-und-serviceportal-zum-lebensende\/"},{"@type":"ListItem","position":2,"name":"\u00abImprovvisamente si ha a che fare con un&#8217;altra persona con cui bisogna ritrovare la comunicazione\u00bb"}]},{"@type":"WebSite","@id":"https:\/\/www.deinadieu.ch\/it\/#website","url":"https:\/\/www.deinadieu.ch\/it\/","name":"DeinAdieu.ch","description":"Testament, Patientenverf\u00fcgung und Vorsorgeauftrag","publisher":{"@id":"https:\/\/www.deinadieu.ch\/it\/#organization"},"potentialAction":[{"@type":"SearchAction","target":{"@type":"EntryPoint","urlTemplate":"https:\/\/www.deinadieu.ch\/it\/?s={search_term_string}"},"query-input":{"@type":"PropertyValueSpecification","valueRequired":true,"valueName":"search_term_string"}}],"inLanguage":"it-IT"},{"@type":"Organization","@id":"https:\/\/www.deinadieu.ch\/it\/#organization","name":"EMNA Web GmbH","url":"https:\/\/www.deinadieu.ch\/it\/","logo":{"@type":"ImageObject","inLanguage":"it-IT","@id":"https:\/\/www.deinadieu.ch\/it\/#\/schema\/logo\/image\/","url":"https:\/\/www.deinadieu.ch\/wp-content\/uploads\/2016\/01\/DeinAdieu_Logo.png","contentUrl":"https:\/\/www.deinadieu.ch\/wp-content\/uploads\/2016\/01\/DeinAdieu_Logo.png","width":300,"height":117,"caption":"EMNA Web GmbH"},"image":{"@id":"https:\/\/www.deinadieu.ch\/it\/#\/schema\/logo\/image\/"},"sameAs":["https:\/\/www.facebook.com\/deinadieu","https:\/\/x.com\/DeinAdieu","https:\/\/www.instagram.com\/deinadieu\/","https:\/\/www.linkedin.com\/company\/deinadieu.ch"]},{"@type":"Person","@id":"https:\/\/www.deinadieu.ch\/it\/#\/schema\/person\/78cffe1cb679e17f919e3d0c0e7b9673","name":"Janina Gehrig, MA UZH, Redaktorin","image":{"@type":"ImageObject","inLanguage":"it-IT","@id":"https:\/\/secure.gravatar.com\/avatar\/8bfc4dca12cd7c0a0373c12f34587d1f6a6117903e7ecc0035863bd69df6fb07?s=96&d=mm&r=g","url":"https:\/\/secure.gravatar.com\/avatar\/8bfc4dca12cd7c0a0373c12f34587d1f6a6117903e7ecc0035863bd69df6fb07?s=96&d=mm&r=g","contentUrl":"https:\/\/secure.gravatar.com\/avatar\/8bfc4dca12cd7c0a0373c12f34587d1f6a6117903e7ecc0035863bd69df6fb07?s=96&d=mm&r=g","caption":"Janina Gehrig, MA UZH, Redaktorin"},"url":"https:\/\/www.deinadieu.ch\/it\/author\/janinagehrig\/"}]}},"_links":{"self":[{"href":"https:\/\/www.deinadieu.ch\/it\/wp-json\/wp\/v2\/posts\/59764","targetHints":{"allow":["GET"]}}],"collection":[{"href":"https:\/\/www.deinadieu.ch\/it\/wp-json\/wp\/v2\/posts"}],"about":[{"href":"https:\/\/www.deinadieu.ch\/it\/wp-json\/wp\/v2\/types\/post"}],"author":[{"embeddable":true,"href":"https:\/\/www.deinadieu.ch\/it\/wp-json\/wp\/v2\/users\/6028"}],"replies":[{"embeddable":true,"href":"https:\/\/www.deinadieu.ch\/it\/wp-json\/wp\/v2\/comments?post=59764"}],"version-history":[{"count":6,"href":"https:\/\/www.deinadieu.ch\/it\/wp-json\/wp\/v2\/posts\/59764\/revisions"}],"predecessor-version":[{"id":64832,"href":"https:\/\/www.deinadieu.ch\/it\/wp-json\/wp\/v2\/posts\/59764\/revisions\/64832"}],"wp:attachment":[{"href":"https:\/\/www.deinadieu.ch\/it\/wp-json\/wp\/v2\/media?parent=59764"}],"wp:term":[{"taxonomy":"category","embeddable":true,"href":"https:\/\/www.deinadieu.ch\/it\/wp-json\/wp\/v2\/categories?post=59764"},{"taxonomy":"post_tag","embeddable":true,"href":"https:\/\/www.deinadieu.ch\/it\/wp-json\/wp\/v2\/tags?post=59764"}],"curies":[{"name":"wp","href":"https:\/\/api.w.org\/{rel}","templated":true}]}}