{"id":56429,"date":"2022-02-21T14:19:09","date_gmt":"2022-02-21T13:19:09","guid":{"rendered":"https:\/\/deinadieu.ch\/e-uno-scandalo-che-trattiamo-la-nostra-fonte-di-sussistenza-in-questo-modo\/"},"modified":"2022-05-03T10:42:49","modified_gmt":"2022-05-03T08:42:49","slug":"e-uno-scandalo-che-trattiamo-la-nostra-fonte-di-sussistenza-in-questo-modo","status":"publish","type":"post","link":"https:\/\/www.deinadieu.ch\/it\/e-uno-scandalo-che-trattiamo-la-nostra-fonte-di-sussistenza-in-questo-modo\/","title":{"rendered":"\u00ab\u00c8 uno scandalo che trattiamo la nostra fonte di sussistenza in questo modo\u00bb"},"content":{"rendered":"\n<p>Ogni anno sprechiamo una colonna di camion da Zurigo a Madrid pieni di cibo ancora commestibile. Foodwaste.ch vuole sensibilizzare sull&#8217;argomento con banchetti a base di avanzi di cibo, con campagne informative e workshop. L&#8217;amministratrice delegata dell&#8217;organizzazione, Karin Spori, parla degli effetti sul clima e sull&#8217;ambiente e d\u00e0 consigli su come ogni individuo pu\u00f2 contrastare gli sprechi.<\/p>\n\n<!--more-->\n\n<figure class=\"wp-block-image size-large\"><img loading=\"lazy\" decoding=\"async\" width=\"1024\" height=\"683\" src=\"https:\/\/www.deinadieu.ch\/wp-content\/uploads\/2022\/02\/dA_PKS_MFR3739-1024x683.jpg\" alt=\"\" class=\"wp-image-55612\" srcset=\"https:\/\/www.deinadieu.ch\/wp-content\/uploads\/2022\/02\/dA_PKS_MFR3739-1024x683.jpg 1024w, https:\/\/www.deinadieu.ch\/wp-content\/uploads\/2022\/02\/dA_PKS_MFR3739-300x200.jpg 300w, https:\/\/www.deinadieu.ch\/wp-content\/uploads\/2022\/02\/dA_PKS_MFR3739-1536x1024.jpg 1536w, https:\/\/www.deinadieu.ch\/wp-content\/uploads\/2022\/02\/dA_PKS_MFR3739-2048x1365.jpg 2048w\" sizes=\"auto, (max-width: 1024px) 100vw, 1024px\" \/><figcaption>Karin Spori, amministratrice delegata dell&#8217;organizzazione foodwaste.ch nel suo ufficio a Berna. Immagine: Manu Friederich<\/figcaption><\/figure>\n\n<p><em><strong>In media, ogni terzo prodotto alimentare viene perso o sprecato tra il campo e il piatto. Quanto \u00e8 grave?<\/strong><\/em><\/p>\n\n<p>La nostra alimentazione e soprattutto i nostri sprechi alimentari hanno effetti di vasta portata sul clima e sull&#8217;ambiente. Se una societ\u00e0 operasse in questo modo, fallirebbe in breve tempo. Il fatto che trattiamo il nostro cibo, che \u00e8 la nostra fonte di sussistenza, in questo modo, \u00e8 uno scandalo.<\/p>\n\n<p><em><strong>In Svizzera, ogni persona butta via 90 chilogrammi di cibo commestibile per nucleo familiare all&#8217;anno, e pi\u00f9 del 50 per cento finisce erroneamente nella spazzatura.<\/strong><\/em><\/p>\n\n<p>Ma la portata \u00e8 ancora maggiore. Poich\u00e9 non si tratta solo del cibo che viene piantato in Svizzera e poi buttato via. Riguarda anche il cibo che importiamo e poi buttiamo via, come i manghi che non hanno il colore che vogliamo. Questo crea 2,8 milioni di tonnellate di spreco alimentare ogni anno. Sarebbe come se 150&#8217;000 camion pieni di cibo ancora commestibile formassero una colonna da Zurigo a Madrid.<\/p>\n\n<p><em><strong>Sulla vostra home page avete preparato molti esempi chiari sotto forma di grafici. Uno dice: gli sprechi alimentari provocano tanto inquinamento ambientale quanto la met\u00e0 di tutti i viaggi in auto svizzeri.<\/strong><\/em><\/p>\n\n<p>Esattamente. Evitare del tutto lo spreco di cibo avrebbe lo stesso effetto sull&#8217;ambiente che togliere il 40 percento delle auto dalla circolazione in Svizzera.<\/p>\n\n<p><em><strong>Gli altri paesi fanno di meglio?<\/strong><\/em><\/p>\n\n<p>Lo spreco alimentare \u00e8 un fenomeno globale. Nei paesi pi\u00f9 poveri, invece, \u00e8 pi\u00f9 probabile che il cibo vada perso all&#8217;inizio della catena di sviluppo, poich\u00e9 le persone non hanno abbastanza soldi per comprare tanto cibo o per buttarlo via. L\u00ec sorgono altri problemi, come non poter raccogliere l&#8217;intero raccolto perch\u00e9 non ci sono macchine, il cibo non pu\u00f2 essere portato alle persone in tempo o lo stoccaggio non viene eseguito correttamente.<\/p>\n\n<figure class=\"wp-block-image size-large\"><img loading=\"lazy\" decoding=\"async\" width=\"1024\" height=\"683\" src=\"https:\/\/www.deinadieu.ch\/wp-content\/uploads\/2022\/02\/dA_PKS_MFR3806-1024x683.jpg\" alt=\"\" class=\"wp-image-55616\" srcset=\"https:\/\/www.deinadieu.ch\/wp-content\/uploads\/2022\/02\/dA_PKS_MFR3806-1024x683.jpg 1024w, https:\/\/www.deinadieu.ch\/wp-content\/uploads\/2022\/02\/dA_PKS_MFR3806-300x200.jpg 300w, https:\/\/www.deinadieu.ch\/wp-content\/uploads\/2022\/02\/dA_PKS_MFR3806-1536x1024.jpg 1536w, https:\/\/www.deinadieu.ch\/wp-content\/uploads\/2022\/02\/dA_PKS_MFR3806-2048x1365.jpg 2048w\" sizes=\"auto, (max-width: 1024px) 100vw, 1024px\" \/><figcaption>Immagine: Manu Friederich<\/figcaption><\/figure>\n\n<p><em><strong>Da dove parte la vostra organizzazione?<\/strong><\/em><\/p>\n\n<p>Foodwaste.ch fornisce informazioni e sensibilizza con numerosi progetti. L&#8217;organizzazione nacque sulla base dei primi lavori scientifici sul tema dello spreco alimentare: come punto di riferimento sul tema dello spreco alimentare, continuiamo a fare da tramite tra la scienza e il grande pubblico. Ad esempio, elaborando testi scientifici in forma di infografiche. Dall&#8217;altro lato, vogliamo attivare il grande pubblico: poich\u00e9 lo spreco alimentare \u00e8 qualcosa che non si vede. E quello che non si vede, non lo si percepisce come un grosso problema. Il cibo ancora commestibile viene buttato via dopo la chiusura del negozio, gli avanzi scompaiono nel cestino. Le carote storte che i contadini non vendono vengono gi\u00e0 smistate nel campo. Nella nostra serie di progetti \u00abLa tua citt\u00e0 porta in tavola\u00bb, cuciniamo per circa 500-1000 persone dal cibo in eccedenza, rendendo cos\u00ec visibile lo spreco \u2013 e sensibilizzando attraverso il gusto. Inoltre, forniamo consulenza alle citt\u00e0 e alle organizzazioni che vogliono realizzare da sole un progetto del genere con il progetto \u00abFoodsave-banchetti\u00bb. Vogliamo creare un movimento nazionale: ogni anno dovrebbero aver luogo pi\u00f9 banchetti Foodsave come questo. Nove citt\u00e0 e localit\u00e0 sono gi\u00e0 in programma per quest&#8217;anno.<\/p>\n\n<p><em><strong>Quali problemi attuali state affrontando al momento?<\/strong><\/em><\/p>\n\n<p>Le date di scadenza. Grazie a un nuovo regolamento scientifico, molti pi\u00f9 alimenti possono continuare a essere venduti e donati oltre la data di scadenza. Le date sono spesso interpretate in modo errato dalla popolazione. Qui stiamo facendo un lavoro di istruzione, per esempio con webinar per l&#8217;industria o volantini per i consumatori. <\/p>\n\n<p><em><strong>Cosa imparano le persone?<\/strong><\/em><\/p>\n\n<p>Che si possono ufficialmente vendere, donare \u2013 e naturalmente mangiare \u2013 molti alimenti fino a un anno dopo la data di scadenza. Ad esempio cioccolato o pasta. I cereali per la colazione possono essere consumati ancora quattro mesi oltre la data specificata \u2013 a condizione che i prodotti rimangano nella loro confezione originale. <\/p>\n\n<p><em><strong>Cos&#8217;altro fate?<\/strong><\/em><\/p>\n\n<p>Abbiamo una vasta gamma di offerte: oltre ai banchetti a base di avanzi di cibo, abbiamo una mostra itinerante che insegna consigli e trucchi su come ridurre lo spreco alimentare a casa. Attualmente \u00e8 in tourn\u00e9e attraverso il Vallese per tre mesi e viene resa accessibile a molte classi scolastiche. Nei nostri corsi di conservazione, le persone imparano di nuovo la vecchia arte manuale. Le classi scolastiche raccolgono inoltre verdure deformi nel campo. Oppure teniamo conferenze e offriamo workshop.<\/p>\n\n<p><em><strong>Quali sono i migliori consigli per prevenire lo spreco alimentare?<\/strong><\/em><\/p>\n\n<p>Ogni persona cade in una trappola diversa. Uno compra troppo, l&#8217;altro non sa cosa cucinare con gli avanzi. Qualcun altro prende porzioni troppo abbondanti dal buffet del ristorante. Consiglio, ad esempio, di pianificare meglio i propri acquisti, di scrivere dei foglietti, oppure di fotografare il frigorifero aperto prima di andare a fare la spesa in modo da poter vedere cosa manca mentre si fa la spesa. Anche Tupperware trasparenti possono aiutare a rendere pi\u00f9 visibili gli avanzi nel frigorifero. Per l&#8217;uso creativo degli avanzi abbiamo sviluppato un libro di cucina chiamato \u00abFelice senza avanzi\u00bb.<\/p>\n\n<p><em><strong>La vostra organizzazione si appella piuttosto ai giovani. Come sensibilizzate anche le persone pi\u00f9 anziane?<\/strong><\/em><\/p>\n\n<p>\u00c8 vero, poich\u00e9 le generazioni pi\u00f9 anziane in particolare sono cresciute con una certa scarsit\u00e0 di cibo, anche dovuta agli anni della guerra, e sono gi\u00e0 molto sensibilizzate. Tuttavia, tutte le fasce d&#8217;et\u00e0 possono e devono essere coinvolte nei nostri progetti e condividere le proprie conoscenze ed esperienze.<\/p>\n\n<p><em><strong>Come vi finanziate?<\/strong><\/em><\/p>\n\n<p>Le nostre attivit\u00e0 principali sono l&#8217;informazione e la sensibilizzazione. Ecco perch\u00e9 viviamo fortemente di donazioni e finanziamenti di progetti. Anche i legati stanno diventando sempre pi\u00f9 importanti.<\/p>\n\n<hr class=\"wp-block-separator\"\/>\n\n<div class=\"wp-block-buttons is-layout-flex wp-block-buttons-is-layout-flex\">\n<div class=\"wp-block-button\"><a class=\"wp-block-button__link\" href=\"https:\/\/www.deinadieu.ch\/it\/organizzazioni-caritatevoli\/\">Scoprite di pi\u00f9 su foodwaste.ch<\/a><\/div>\n<\/div>\n","protected":false},"excerpt":{"rendered":"<p>Ogni anno sprechiamo una colonna di camion da Zurigo a Madrid pieni di cibo ancora commestibile. Foodwaste.ch vuole sensibilizzare sull&#8217;argomento con banchetti a base di avanzi di cibo, con campagne informative e workshop. L&#8217;amministratrice delegata dell&#8217;organizzazione, Karin Spori, parla degli effetti sul clima e sull&#8217;ambiente e d\u00e0 consigli su come ogni individuo pu\u00f2 contrastare gli [&hellip;]<\/p>\n","protected":false},"author":6028,"featured_media":55612,"comment_status":"open","ping_status":"closed","sticky":false,"template":"","format":"standard","meta":{"_acf_changed":false,"footnotes":""},"categories":[2474],"tags":[2522],"class_list":["post-56429","post","type-post","status-publish","format-standard","has-post-thumbnail","hentry","category-opere-caritative","tag-cosa-puo-fare-la-mia-eredita"],"acf":[],"yoast_head":"<title>Foodwaste.ch: Contro lo spreco alimentare | DeinAdieu<\/title>\n<meta name=\"description\" content=\"Karin Spori, amministratrice delegata di foodwaste.ch, spiega come l&#039;organizzazione combatte lo spreco alimentare.\" \/>\n<meta name=\"robots\" content=\"index, follow, max-snippet:-1, max-image-preview:large, max-video-preview:-1\" \/>\n<link rel=\"canonical\" href=\"https:\/\/www.deinadieu.ch\/it\/e-uno-scandalo-che-trattiamo-la-nostra-fonte-di-sussistenza-in-questo-modo\/\" \/>\n<meta property=\"og:locale\" content=\"it_IT\" \/>\n<meta property=\"og:type\" content=\"article\" \/>\n<meta property=\"og:title\" content=\"\u00ab\u00c8 uno scandalo che trattiamo la nostra fonte di sussistenza in questo modo\u00bb\" \/>\n<meta property=\"og:description\" content=\"Ogni anno sprechiamo una colonna di camion da Zurigo a Madrid pieni di cibo ancora commestibile. Foodwaste.ch vuole sensibilizzare sull&#039;argomento con\" \/>\n<meta property=\"og:url\" content=\"https:\/\/www.deinadieu.ch\/it\/e-uno-scandalo-che-trattiamo-la-nostra-fonte-di-sussistenza-in-questo-modo\/\" \/>\n<meta property=\"og:site_name\" content=\"DeinAdieu.ch\" \/>\n<meta property=\"article:publisher\" content=\"https:\/\/www.facebook.com\/deinadieu\" \/>\n<meta property=\"article:published_time\" content=\"2022-02-21T13:19:09+00:00\" \/>\n<meta property=\"article:modified_time\" content=\"2022-05-03T08:42:49+00:00\" \/>\n<meta property=\"og:image\" content=\"https:\/\/static.deinadieu.ch\/uploads\/2022\/02\/dA_PKS_MFR3739-scaled.jpg\" \/>\n\t<meta property=\"og:image:width\" content=\"2560\" \/>\n\t<meta property=\"og:image:height\" content=\"1707\" \/>\n\t<meta property=\"og:image:type\" content=\"image\/jpeg\" \/>\n<meta name=\"author\" content=\"Janina Gehrig, MA UZH, Redaktorin\" \/>\n<meta name=\"twitter:card\" content=\"summary_large_image\" \/>\n<meta name=\"twitter:creator\" content=\"@DeinAdieu\" \/>\n<meta name=\"twitter:site\" content=\"@DeinAdieu\" \/>\n<meta name=\"twitter:label1\" content=\"Written by\" \/>\n\t<meta name=\"twitter:data1\" content=\"Janina Gehrig, MA UZH, Redaktorin\" \/>\n\t<meta name=\"twitter:label2\" content=\"Est. reading time\" \/>\n\t<meta name=\"twitter:data2\" content=\"5 minutes\" \/>\n<script type=\"application\/ld+json\" class=\"yoast-schema-graph\">{\"@context\":\"https:\\\/\\\/schema.org\",\"@graph\":[{\"@type\":\"Article\",\"@id\":\"https:\\\/\\\/www.deinadieu.ch\\\/it\\\/e-uno-scandalo-che-trattiamo-la-nostra-fonte-di-sussistenza-in-questo-modo\\\/#article\",\"isPartOf\":{\"@id\":\"https:\\\/\\\/www.deinadieu.ch\\\/it\\\/e-uno-scandalo-che-trattiamo-la-nostra-fonte-di-sussistenza-in-questo-modo\\\/\"},\"author\":{\"name\":\"Janina Gehrig, MA UZH, Redaktorin\",\"@id\":\"https:\\\/\\\/www.deinadieu.ch\\\/it\\\/#\\\/schema\\\/person\\\/78cffe1cb679e17f919e3d0c0e7b9673\"},\"headline\":\"\u00ab\u00c8 uno scandalo che trattiamo la nostra fonte di sussistenza in questo modo\u00bb\",\"datePublished\":\"2022-02-21T13:19:09+00:00\",\"dateModified\":\"2022-05-03T08:42:49+00:00\",\"mainEntityOfPage\":{\"@id\":\"https:\\\/\\\/www.deinadieu.ch\\\/it\\\/e-uno-scandalo-che-trattiamo-la-nostra-fonte-di-sussistenza-in-questo-modo\\\/\"},\"wordCount\":983,\"commentCount\":0,\"publisher\":{\"@id\":\"https:\\\/\\\/www.deinadieu.ch\\\/it\\\/#organization\"},\"image\":{\"@id\":\"https:\\\/\\\/www.deinadieu.ch\\\/it\\\/e-uno-scandalo-che-trattiamo-la-nostra-fonte-di-sussistenza-in-questo-modo\\\/#primaryimage\"},\"thumbnailUrl\":\"https:\\\/\\\/www.deinadieu.ch\\\/wp-content\\\/uploads\\\/2022\\\/02\\\/dA_PKS_MFR3739-scaled.jpg\",\"keywords\":[\"Cosa pu\u00f2 fare la mia eredit\u00e0?\"],\"articleSection\":[\"Focus sulle opere caritative\"],\"inLanguage\":\"it-IT\",\"potentialAction\":[{\"@type\":\"CommentAction\",\"name\":\"Comment\",\"target\":[\"https:\\\/\\\/www.deinadieu.ch\\\/it\\\/e-uno-scandalo-che-trattiamo-la-nostra-fonte-di-sussistenza-in-questo-modo\\\/#respond\"]}]},{\"@type\":\"WebPage\",\"@id\":\"https:\\\/\\\/www.deinadieu.ch\\\/it\\\/e-uno-scandalo-che-trattiamo-la-nostra-fonte-di-sussistenza-in-questo-modo\\\/\",\"url\":\"https:\\\/\\\/www.deinadieu.ch\\\/it\\\/e-uno-scandalo-che-trattiamo-la-nostra-fonte-di-sussistenza-in-questo-modo\\\/\",\"name\":\"Foodwaste.ch: Contro lo spreco alimentare | DeinAdieu\",\"isPartOf\":{\"@id\":\"https:\\\/\\\/www.deinadieu.ch\\\/it\\\/#website\"},\"primaryImageOfPage\":{\"@id\":\"https:\\\/\\\/www.deinadieu.ch\\\/it\\\/e-uno-scandalo-che-trattiamo-la-nostra-fonte-di-sussistenza-in-questo-modo\\\/#primaryimage\"},\"image\":{\"@id\":\"https:\\\/\\\/www.deinadieu.ch\\\/it\\\/e-uno-scandalo-che-trattiamo-la-nostra-fonte-di-sussistenza-in-questo-modo\\\/#primaryimage\"},\"thumbnailUrl\":\"https:\\\/\\\/www.deinadieu.ch\\\/wp-content\\\/uploads\\\/2022\\\/02\\\/dA_PKS_MFR3739-scaled.jpg\",\"datePublished\":\"2022-02-21T13:19:09+00:00\",\"dateModified\":\"2022-05-03T08:42:49+00:00\",\"description\":\"Karin Spori, amministratrice delegata di foodwaste.ch, spiega come l'organizzazione combatte lo spreco alimentare.\",\"breadcrumb\":{\"@id\":\"https:\\\/\\\/www.deinadieu.ch\\\/it\\\/e-uno-scandalo-che-trattiamo-la-nostra-fonte-di-sussistenza-in-questo-modo\\\/#breadcrumb\"},\"inLanguage\":\"it-IT\",\"potentialAction\":[{\"@type\":\"ReadAction\",\"target\":[\"https:\\\/\\\/www.deinadieu.ch\\\/it\\\/e-uno-scandalo-che-trattiamo-la-nostra-fonte-di-sussistenza-in-questo-modo\\\/\"]}]},{\"@type\":\"ImageObject\",\"inLanguage\":\"it-IT\",\"@id\":\"https:\\\/\\\/www.deinadieu.ch\\\/it\\\/e-uno-scandalo-che-trattiamo-la-nostra-fonte-di-sussistenza-in-questo-modo\\\/#primaryimage\",\"url\":\"https:\\\/\\\/www.deinadieu.ch\\\/wp-content\\\/uploads\\\/2022\\\/02\\\/dA_PKS_MFR3739-scaled.jpg\",\"contentUrl\":\"https:\\\/\\\/www.deinadieu.ch\\\/wp-content\\\/uploads\\\/2022\\\/02\\\/dA_PKS_MFR3739-scaled.jpg\",\"width\":2560,\"height\":1707,\"caption\":\"Karin Spori, amministratrice delegata dell'organizzazione Foodwaste, nel suo ufficio a Berna. Immagine: Manu Friederich\"},{\"@type\":\"BreadcrumbList\",\"@id\":\"https:\\\/\\\/www.deinadieu.ch\\\/it\\\/e-uno-scandalo-che-trattiamo-la-nostra-fonte-di-sussistenza-in-questo-modo\\\/#breadcrumb\",\"itemListElement\":[{\"@type\":\"ListItem\",\"position\":1,\"name\":\"Home\",\"item\":\"https:\\\/\\\/www.deinadieu.ch\\\/it\\\/deinadieu-dialog-und-serviceportal-zum-lebensende\\\/\"},{\"@type\":\"ListItem\",\"position\":2,\"name\":\"\u00ab\u00c8 uno scandalo che trattiamo la nostra fonte di sussistenza in questo modo\u00bb\"}]},{\"@type\":\"WebSite\",\"@id\":\"https:\\\/\\\/www.deinadieu.ch\\\/it\\\/#website\",\"url\":\"https:\\\/\\\/www.deinadieu.ch\\\/it\\\/\",\"name\":\"DeinAdieu.ch\",\"description\":\"Testament, Patientenverf\u00fcgung und Vorsorgeauftrag\",\"publisher\":{\"@id\":\"https:\\\/\\\/www.deinadieu.ch\\\/it\\\/#organization\"},\"potentialAction\":[{\"@type\":\"SearchAction\",\"target\":{\"@type\":\"EntryPoint\",\"urlTemplate\":\"https:\\\/\\\/www.deinadieu.ch\\\/it\\\/?s={search_term_string}\"},\"query-input\":{\"@type\":\"PropertyValueSpecification\",\"valueRequired\":true,\"valueName\":\"search_term_string\"}}],\"inLanguage\":\"it-IT\"},{\"@type\":\"Organization\",\"@id\":\"https:\\\/\\\/www.deinadieu.ch\\\/it\\\/#organization\",\"name\":\"EMNA Web GmbH\",\"url\":\"https:\\\/\\\/www.deinadieu.ch\\\/it\\\/\",\"logo\":{\"@type\":\"ImageObject\",\"inLanguage\":\"it-IT\",\"@id\":\"https:\\\/\\\/www.deinadieu.ch\\\/it\\\/#\\\/schema\\\/logo\\\/image\\\/\",\"url\":\"https:\\\/\\\/www.deinadieu.ch\\\/wp-content\\\/uploads\\\/2016\\\/01\\\/DeinAdieu_Logo.png\",\"contentUrl\":\"https:\\\/\\\/www.deinadieu.ch\\\/wp-content\\\/uploads\\\/2016\\\/01\\\/DeinAdieu_Logo.png\",\"width\":300,\"height\":117,\"caption\":\"EMNA Web GmbH\"},\"image\":{\"@id\":\"https:\\\/\\\/www.deinadieu.ch\\\/it\\\/#\\\/schema\\\/logo\\\/image\\\/\"},\"sameAs\":[\"https:\\\/\\\/www.facebook.com\\\/deinadieu\",\"https:\\\/\\\/x.com\\\/DeinAdieu\",\"https:\\\/\\\/www.instagram.com\\\/deinadieu\\\/\",\"https:\\\/\\\/www.linkedin.com\\\/company\\\/deinadieu.ch\"]},{\"@type\":\"Person\",\"@id\":\"https:\\\/\\\/www.deinadieu.ch\\\/it\\\/#\\\/schema\\\/person\\\/78cffe1cb679e17f919e3d0c0e7b9673\",\"name\":\"Janina Gehrig, MA UZH, Redaktorin\",\"image\":{\"@type\":\"ImageObject\",\"inLanguage\":\"it-IT\",\"@id\":\"https:\\\/\\\/secure.gravatar.com\\\/avatar\\\/8bfc4dca12cd7c0a0373c12f34587d1f6a6117903e7ecc0035863bd69df6fb07?s=96&d=mm&r=g\",\"url\":\"https:\\\/\\\/secure.gravatar.com\\\/avatar\\\/8bfc4dca12cd7c0a0373c12f34587d1f6a6117903e7ecc0035863bd69df6fb07?s=96&d=mm&r=g\",\"contentUrl\":\"https:\\\/\\\/secure.gravatar.com\\\/avatar\\\/8bfc4dca12cd7c0a0373c12f34587d1f6a6117903e7ecc0035863bd69df6fb07?s=96&d=mm&r=g\",\"caption\":\"Janina Gehrig, MA UZH, Redaktorin\"},\"url\":\"https:\\\/\\\/www.deinadieu.ch\\\/it\\\/author\\\/janinagehrig\\\/\"}]}<\/script>","yoast_head_json":{"title":"Foodwaste.ch: Contro lo spreco alimentare | DeinAdieu","description":"Karin Spori, amministratrice delegata di foodwaste.ch, spiega come l'organizzazione combatte lo spreco alimentare.","robots":{"index":"index","follow":"follow","max-snippet":"max-snippet:-1","max-image-preview":"max-image-preview:large","max-video-preview":"max-video-preview:-1"},"canonical":"https:\/\/www.deinadieu.ch\/it\/e-uno-scandalo-che-trattiamo-la-nostra-fonte-di-sussistenza-in-questo-modo\/","og_locale":"it_IT","og_type":"article","og_title":"\u00ab\u00c8 uno scandalo che trattiamo la nostra fonte di sussistenza in questo modo\u00bb","og_description":"Ogni anno sprechiamo una colonna di camion da Zurigo a Madrid pieni di cibo ancora commestibile. Foodwaste.ch vuole sensibilizzare sull'argomento con","og_url":"https:\/\/www.deinadieu.ch\/it\/e-uno-scandalo-che-trattiamo-la-nostra-fonte-di-sussistenza-in-questo-modo\/","og_site_name":"DeinAdieu.ch","article_publisher":"https:\/\/www.facebook.com\/deinadieu","article_published_time":"2022-02-21T13:19:09+00:00","article_modified_time":"2022-05-03T08:42:49+00:00","og_image":[{"width":2560,"height":1707,"url":"https:\/\/static.deinadieu.ch\/uploads\/2022\/02\/dA_PKS_MFR3739-scaled.jpg","type":"image\/jpeg"}],"author":"Janina Gehrig, MA UZH, Redaktorin","twitter_card":"summary_large_image","twitter_creator":"@DeinAdieu","twitter_site":"@DeinAdieu","twitter_misc":{"Written by":"Janina Gehrig, MA UZH, Redaktorin","Est. reading time":"5 minutes"},"schema":{"@context":"https:\/\/schema.org","@graph":[{"@type":"Article","@id":"https:\/\/www.deinadieu.ch\/it\/e-uno-scandalo-che-trattiamo-la-nostra-fonte-di-sussistenza-in-questo-modo\/#article","isPartOf":{"@id":"https:\/\/www.deinadieu.ch\/it\/e-uno-scandalo-che-trattiamo-la-nostra-fonte-di-sussistenza-in-questo-modo\/"},"author":{"name":"Janina Gehrig, MA UZH, Redaktorin","@id":"https:\/\/www.deinadieu.ch\/it\/#\/schema\/person\/78cffe1cb679e17f919e3d0c0e7b9673"},"headline":"\u00ab\u00c8 uno scandalo che trattiamo la nostra fonte di sussistenza in questo modo\u00bb","datePublished":"2022-02-21T13:19:09+00:00","dateModified":"2022-05-03T08:42:49+00:00","mainEntityOfPage":{"@id":"https:\/\/www.deinadieu.ch\/it\/e-uno-scandalo-che-trattiamo-la-nostra-fonte-di-sussistenza-in-questo-modo\/"},"wordCount":983,"commentCount":0,"publisher":{"@id":"https:\/\/www.deinadieu.ch\/it\/#organization"},"image":{"@id":"https:\/\/www.deinadieu.ch\/it\/e-uno-scandalo-che-trattiamo-la-nostra-fonte-di-sussistenza-in-questo-modo\/#primaryimage"},"thumbnailUrl":"https:\/\/www.deinadieu.ch\/wp-content\/uploads\/2022\/02\/dA_PKS_MFR3739-scaled.jpg","keywords":["Cosa pu\u00f2 fare la mia eredit\u00e0?"],"articleSection":["Focus sulle opere caritative"],"inLanguage":"it-IT","potentialAction":[{"@type":"CommentAction","name":"Comment","target":["https:\/\/www.deinadieu.ch\/it\/e-uno-scandalo-che-trattiamo-la-nostra-fonte-di-sussistenza-in-questo-modo\/#respond"]}]},{"@type":"WebPage","@id":"https:\/\/www.deinadieu.ch\/it\/e-uno-scandalo-che-trattiamo-la-nostra-fonte-di-sussistenza-in-questo-modo\/","url":"https:\/\/www.deinadieu.ch\/it\/e-uno-scandalo-che-trattiamo-la-nostra-fonte-di-sussistenza-in-questo-modo\/","name":"Foodwaste.ch: Contro lo spreco alimentare | DeinAdieu","isPartOf":{"@id":"https:\/\/www.deinadieu.ch\/it\/#website"},"primaryImageOfPage":{"@id":"https:\/\/www.deinadieu.ch\/it\/e-uno-scandalo-che-trattiamo-la-nostra-fonte-di-sussistenza-in-questo-modo\/#primaryimage"},"image":{"@id":"https:\/\/www.deinadieu.ch\/it\/e-uno-scandalo-che-trattiamo-la-nostra-fonte-di-sussistenza-in-questo-modo\/#primaryimage"},"thumbnailUrl":"https:\/\/www.deinadieu.ch\/wp-content\/uploads\/2022\/02\/dA_PKS_MFR3739-scaled.jpg","datePublished":"2022-02-21T13:19:09+00:00","dateModified":"2022-05-03T08:42:49+00:00","description":"Karin Spori, amministratrice delegata di foodwaste.ch, spiega come l'organizzazione combatte lo spreco alimentare.","breadcrumb":{"@id":"https:\/\/www.deinadieu.ch\/it\/e-uno-scandalo-che-trattiamo-la-nostra-fonte-di-sussistenza-in-questo-modo\/#breadcrumb"},"inLanguage":"it-IT","potentialAction":[{"@type":"ReadAction","target":["https:\/\/www.deinadieu.ch\/it\/e-uno-scandalo-che-trattiamo-la-nostra-fonte-di-sussistenza-in-questo-modo\/"]}]},{"@type":"ImageObject","inLanguage":"it-IT","@id":"https:\/\/www.deinadieu.ch\/it\/e-uno-scandalo-che-trattiamo-la-nostra-fonte-di-sussistenza-in-questo-modo\/#primaryimage","url":"https:\/\/www.deinadieu.ch\/wp-content\/uploads\/2022\/02\/dA_PKS_MFR3739-scaled.jpg","contentUrl":"https:\/\/www.deinadieu.ch\/wp-content\/uploads\/2022\/02\/dA_PKS_MFR3739-scaled.jpg","width":2560,"height":1707,"caption":"Karin Spori, amministratrice delegata dell'organizzazione Foodwaste, nel suo ufficio a Berna. Immagine: Manu Friederich"},{"@type":"BreadcrumbList","@id":"https:\/\/www.deinadieu.ch\/it\/e-uno-scandalo-che-trattiamo-la-nostra-fonte-di-sussistenza-in-questo-modo\/#breadcrumb","itemListElement":[{"@type":"ListItem","position":1,"name":"Home","item":"https:\/\/www.deinadieu.ch\/it\/deinadieu-dialog-und-serviceportal-zum-lebensende\/"},{"@type":"ListItem","position":2,"name":"\u00ab\u00c8 uno scandalo che trattiamo la nostra fonte di sussistenza in questo modo\u00bb"}]},{"@type":"WebSite","@id":"https:\/\/www.deinadieu.ch\/it\/#website","url":"https:\/\/www.deinadieu.ch\/it\/","name":"DeinAdieu.ch","description":"Testament, Patientenverf\u00fcgung und Vorsorgeauftrag","publisher":{"@id":"https:\/\/www.deinadieu.ch\/it\/#organization"},"potentialAction":[{"@type":"SearchAction","target":{"@type":"EntryPoint","urlTemplate":"https:\/\/www.deinadieu.ch\/it\/?s={search_term_string}"},"query-input":{"@type":"PropertyValueSpecification","valueRequired":true,"valueName":"search_term_string"}}],"inLanguage":"it-IT"},{"@type":"Organization","@id":"https:\/\/www.deinadieu.ch\/it\/#organization","name":"EMNA Web GmbH","url":"https:\/\/www.deinadieu.ch\/it\/","logo":{"@type":"ImageObject","inLanguage":"it-IT","@id":"https:\/\/www.deinadieu.ch\/it\/#\/schema\/logo\/image\/","url":"https:\/\/www.deinadieu.ch\/wp-content\/uploads\/2016\/01\/DeinAdieu_Logo.png","contentUrl":"https:\/\/www.deinadieu.ch\/wp-content\/uploads\/2016\/01\/DeinAdieu_Logo.png","width":300,"height":117,"caption":"EMNA Web GmbH"},"image":{"@id":"https:\/\/www.deinadieu.ch\/it\/#\/schema\/logo\/image\/"},"sameAs":["https:\/\/www.facebook.com\/deinadieu","https:\/\/x.com\/DeinAdieu","https:\/\/www.instagram.com\/deinadieu\/","https:\/\/www.linkedin.com\/company\/deinadieu.ch"]},{"@type":"Person","@id":"https:\/\/www.deinadieu.ch\/it\/#\/schema\/person\/78cffe1cb679e17f919e3d0c0e7b9673","name":"Janina Gehrig, MA UZH, Redaktorin","image":{"@type":"ImageObject","inLanguage":"it-IT","@id":"https:\/\/secure.gravatar.com\/avatar\/8bfc4dca12cd7c0a0373c12f34587d1f6a6117903e7ecc0035863bd69df6fb07?s=96&d=mm&r=g","url":"https:\/\/secure.gravatar.com\/avatar\/8bfc4dca12cd7c0a0373c12f34587d1f6a6117903e7ecc0035863bd69df6fb07?s=96&d=mm&r=g","contentUrl":"https:\/\/secure.gravatar.com\/avatar\/8bfc4dca12cd7c0a0373c12f34587d1f6a6117903e7ecc0035863bd69df6fb07?s=96&d=mm&r=g","caption":"Janina Gehrig, MA UZH, Redaktorin"},"url":"https:\/\/www.deinadieu.ch\/it\/author\/janinagehrig\/"}]}},"_links":{"self":[{"href":"https:\/\/www.deinadieu.ch\/it\/wp-json\/wp\/v2\/posts\/56429","targetHints":{"allow":["GET"]}}],"collection":[{"href":"https:\/\/www.deinadieu.ch\/it\/wp-json\/wp\/v2\/posts"}],"about":[{"href":"https:\/\/www.deinadieu.ch\/it\/wp-json\/wp\/v2\/types\/post"}],"author":[{"embeddable":true,"href":"https:\/\/www.deinadieu.ch\/it\/wp-json\/wp\/v2\/users\/6028"}],"replies":[{"embeddable":true,"href":"https:\/\/www.deinadieu.ch\/it\/wp-json\/wp\/v2\/comments?post=56429"}],"version-history":[{"count":7,"href":"https:\/\/www.deinadieu.ch\/it\/wp-json\/wp\/v2\/posts\/56429\/revisions"}],"predecessor-version":[{"id":56764,"href":"https:\/\/www.deinadieu.ch\/it\/wp-json\/wp\/v2\/posts\/56429\/revisions\/56764"}],"wp:featuredmedia":[{"embeddable":true,"href":"https:\/\/www.deinadieu.ch\/it\/wp-json\/wp\/v2\/media\/55612"}],"wp:attachment":[{"href":"https:\/\/www.deinadieu.ch\/it\/wp-json\/wp\/v2\/media?parent=56429"}],"wp:term":[{"taxonomy":"category","embeddable":true,"href":"https:\/\/www.deinadieu.ch\/it\/wp-json\/wp\/v2\/categories?post=56429"},{"taxonomy":"post_tag","embeddable":true,"href":"https:\/\/www.deinadieu.ch\/it\/wp-json\/wp\/v2\/tags?post=56429"}],"curies":[{"name":"wp","href":"https:\/\/api.w.org\/{rel}","templated":true}]}}