{"id":55344,"date":"2021-12-23T09:29:11","date_gmt":"2021-12-23T08:29:11","guid":{"rendered":"https:\/\/www.deinadieu.ch\/i-cani-salvano-loro-la-vita-ad-ogni-passo\/"},"modified":"2024-03-25T15:27:05","modified_gmt":"2024-03-25T14:27:05","slug":"i-cani-salvano-loro-la-vita-ad-ogni-passo","status":"publish","type":"post","link":"https:\/\/www.deinadieu.ch\/it\/i-cani-salvano-loro-la-vita-ad-ogni-passo\/","title":{"rendered":"\u00abI cani salvano loro la vita ad ogni passo\u00bb"},"content":{"rendered":"\n<p>Cantieri, strade, scalini: senza cani guida, molte persone ipovedenti e non vedenti difficilmente sarebbero in grado di affrontare la loro vita quotidiana. Vengono addestrati per questo presso la Scuola per cani guida della Svizzera orientale a Goldach. L&#8217;amministratore delegato Jorge Moreno spiega quali caratteristiche deve avere un cane e perch\u00e9 la fondazione ha bisogno di un sostegno finanziario ancora maggiore dopo lo scoppio della pandemia.<\/p>\n\n<!--more-->\n\n<p>I cani Emma ed Enja ti salutano ancor prima che Jorge Moreno apra la porta di vetro. Sono anche coloro che mostrano ai visitatori la strada per il primo piano, dove si trova l&#8217;ufficio di Moreno. Sullo scaffale ci sono cani di peluche con stoviglie per cani guida, fuori sta nevicando, la nebbia si stende fittamente sul lago di Costanza, mentre l&#8217;uomo di origine messicana inizia a parlare del suo lavoro. Nel 1997 Jorge Moreno ha fondato a Goldach la Fondazione della scuola per cani guida per ciechi della Svizzera orientale. Per il suo lavoro come istruttore di cani guida per ciechi (diplomato a livello federale) e insegnante di orientamento e mobilit\u00e0, non solo ha bisogno di molte conoscenze sulla cinologia \u2013 l&#8217;insegnamento delle razze, l&#8217;allevamento, la cura e l&#8217;educazione dei cani \u2013 ma anche di conoscenze sulle malattie degli occhi, sulle disabilit\u00e0 visive e sulla psicologia.<\/p>\n\n<p>Prima che un cane possa accompagnare una persona ipovedente, deve attraversare diverse fasi. La fondazione lavora con vari allevatori su territorio nazionale e all&#8217;estero. \u00abVisitiamo i cuccioli poco dopo la nascita, osserviamo la loro natura, la loro curiosit\u00e0 e intelligenza\u00bb, dice Moreno. Un cane guida per ciechi deve apparire sicuro di s\u00e9, le creature paurose non sono adatte per questo lavoro. Dopo buone dieci settimane, i cani vanno a famiglie affidatarie, anch&#8217;esse selezionate dalla fondazione. Inizia la fase di addestramento del giovane cane. Durante questo periodo, che dura circa un anno e mezzo, il cane dovrebbe avere quanta pi\u00f9 esperienza ambientale possibile, viaggiare su autobus, tram e taxi, vivere cantieri e folle di persone. <\/p>\n\n<p>Durante la successiva fase di addestramento il cane completa poi diverse centinaia di ore di addestramento con gli istruttori della Scuola per cani guida per ciechi. \u00abMolte persone pensano che siano dei poveri cani. Ma in realt\u00e0 a loro piace lavorare\u00bb, dice Moreno. Il cane infatti lavora circa tre ore al giorno, il resto del tempo pu\u00f2 comportarsi come un cane, ad esempio giocando e scatenandosi con altri cani. Agli animali vengono insegnati almeno 36 segnali e comandi acustici. Vengono insegnati in italiano, poich\u00e9 i cani capiscono particolarmente bene i comandi in questa lingua con molte vocali. Imparano a cercare strisce pedonali, semafori, bancomat e bucalettere e ad indicare o evitare ostacoli come cestini dei rifiuti o biciclette parcheggiate.<\/p>\n\n<p>Il primo esame ufficiale, accompagnato dall&#8217;Ufficio federale delle assicurazioni sociali, si svolge spesso a Zurigo. \u00abL\u00ec c&#8217;\u00e8 un mix di rumore, odori e ostacoli pi\u00f9 intenso\u00bb, afferma Moreno. Lui o un collaboratore lascia che il cane li conduca dalla stazione ferroviaria principale a Bellevue, ad esempio, e un team di esperti controlla che tutto funzioni correttamente. \u00abOgni passo pu\u00f2 mettere in pericolo la vita di una persona ipovedente. I cani le sostituiscono letteralmente la vista e le salvano la vita ad ogni passo\u00bb, afferma Moreno.<\/p>\n\n<figure class=\"wp-block-image size-large\"><img loading=\"lazy\" decoding=\"async\" width=\"1024\" height=\"683\" src=\"https:\/\/www.deinadieu.ch\/wp-content\/uploads\/2021\/12\/03_2021_MONADIEU_J_Moreno-1024x683.jpg\" alt=\"\" class=\"wp-image-54687\" srcset=\"https:\/\/www.deinadieu.ch\/wp-content\/uploads\/2021\/12\/03_2021_MONADIEU_J_Moreno-1024x683.jpg 1024w, https:\/\/www.deinadieu.ch\/wp-content\/uploads\/2021\/12\/03_2021_MONADIEU_J_Moreno-300x200.jpg 300w, https:\/\/www.deinadieu.ch\/wp-content\/uploads\/2021\/12\/03_2021_MONADIEU_J_Moreno-1536x1024.jpg 1536w, https:\/\/www.deinadieu.ch\/wp-content\/uploads\/2021\/12\/03_2021_MONADIEU_J_Moreno-2048x1365.jpg 2048w\" sizes=\"auto, (max-width: 1024px) 100vw, 1024px\" \/><\/figure>\n\n<h2 class=\"wp-block-heading\" id=\"h-nicht-jeder-hund-eignet-sich-fur-jede-sehbehinderung\"><strong>Non tutti i cani sono adatti ad ogni disabilit\u00e0 visiva<\/strong><\/h2>\n\n<p>Dopo l&#8217;esame avviene il contatto con una persona non vedente e con esso la fase introduttiva. \u00abDeve esserci una giusta chimica tra cane e umano\u00bb, afferma Moreno. Il cane non deve solo rendere giustizia all&#8217;umano, ma anche l&#8217;umano al cane. Ad esempio, una persona anziana che si muove raramente \u00e8 fuori questione per un cane giovane. D&#8217;altra parte, per chi soffre di allergie, solo un barboncino reale \u00e8 un&#8217;opzione come cane, poich\u00e9 lascia pochi peli.<\/p>\n\n<p>Fino a questo momento l&#8217;addestramento e la cura del cane sono costati tra i 60&#8217;000 e i 70&#8217;000 franchi. \u00abUna grande somma che si riesce ad avere solo grazie alle <a href=\"https:\/\/app.deinadieu.ch\/testamentgenerator\/ngo\/7579\">donazioni<\/a>\u00bb, afferma Moreno. I soldi provengono non solo dai non vedenti o dai loro parenti e amanti dei cani, ma anche da privati. Il settore pubblico non paga nulla per la formazione degli accompagnatori. Solo quando il cane guida \u00e8 stato presentato alla persona ipovedente o non vedente e ha superato il secondo test, il test di squadra, l&#8217;assicurazione invalidit\u00e0 paga una rata una tantum di 10&#8217;000 franchi e poi 350 franchi sotto forma di affitto mensile. \u00abA seconda di quanto tempo un cane pu\u00f2 lavorare come cane guida per ciechi, ci vengono rimborsati al massimo la met\u00e0 dei costi di addestramento\u00bb, afferma Moreno. Tuttavia, sottolinea che il cane non \u00e8 un portamonete e andr\u00e0 in pensione al pi\u00f9 tardi all&#8217;et\u00e0 di dieci anni. <\/p>\n\n<figure class=\"wp-block-image size-large\"><img loading=\"lazy\" decoding=\"async\" width=\"1024\" height=\"683\" src=\"https:\/\/www.deinadieu.ch\/wp-content\/uploads\/2021\/12\/04_2021_MONADIEU_J_Moreno-1024x683.jpg\" alt=\"\" class=\"wp-image-54697\" srcset=\"https:\/\/www.deinadieu.ch\/wp-content\/uploads\/2021\/12\/04_2021_MONADIEU_J_Moreno-1024x683.jpg 1024w, https:\/\/www.deinadieu.ch\/wp-content\/uploads\/2021\/12\/04_2021_MONADIEU_J_Moreno-300x200.jpg 300w, https:\/\/www.deinadieu.ch\/wp-content\/uploads\/2021\/12\/04_2021_MONADIEU_J_Moreno-1536x1024.jpg 1536w, https:\/\/www.deinadieu.ch\/wp-content\/uploads\/2021\/12\/04_2021_MONADIEU_J_Moreno-2048x1365.jpg 2048w\" sizes=\"auto, (max-width: 1024px) 100vw, 1024px\" \/><\/figure>\n\n<h2 class=\"wp-block-heading\"><strong>Le donazioni sono diminuite drasticamente<\/strong><\/h2>\n\n<p>Tuttavia, l&#8217;attuale crisi causata dal corona preoccupa l&#8217;amministratore delegato della fondazione. Non solo le sessioni di formazione nei luoghi pubblici sono state rese pi\u00f9 difficili a causa delle restrizioni. Soprattutto le famiglie affidatarie e i benefattori sono diventati rari. \u00abMolti preferiscono donare a persone piuttosto che per l&#8217;addestramento di cani.\u00bb Inoltre, molti hanno comprato un cucciolo durante il lockdown, motivo per cui ora mancano i cani guida per non vedenti. <\/p>\n\n<figure class=\"wp-block-image size-large is-resized\"><img loading=\"lazy\" decoding=\"async\" width=\"1024\" height=\"683\" src=\"https:\/\/www.deinadieu.ch\/wp-content\/uploads\/2021\/12\/09_2021_MONADIEU_J_Moreno-1024x683.jpg\" alt=\"\" class=\"wp-image-54692\" style=\"width:840px;height:560px\" srcset=\"https:\/\/www.deinadieu.ch\/wp-content\/uploads\/2021\/12\/09_2021_MONADIEU_J_Moreno-1024x683.jpg 1024w, https:\/\/www.deinadieu.ch\/wp-content\/uploads\/2021\/12\/09_2021_MONADIEU_J_Moreno-300x200.jpg 300w, https:\/\/www.deinadieu.ch\/wp-content\/uploads\/2021\/12\/09_2021_MONADIEU_J_Moreno-1536x1024.jpg 1536w, https:\/\/www.deinadieu.ch\/wp-content\/uploads\/2021\/12\/09_2021_MONADIEU_J_Moreno-2048x1365.jpg 2048w\" sizes=\"auto, (max-width: 1024px) 100vw, 1024px\" \/><\/figure>\n\n<p>Moreno spera quindi anche nei legati, che negli ultimi 25 anni sono stati solo dieci. Poich\u00e9 anche la cura degli animali costa denaro. \u00abSpero che grazie a deinadieu.ch pi\u00f9 persone vedano quanto sia importante il nostro lavoro\u00bb, afferma Moreno. Nel frattempo \u00e8 andato a Rorschach con Enja. Il Labrador Retriever di due anni, descritto nel rapporto annuale come una \u00abcoccolona furbacchiona\u00bb, accompagner\u00e0 presto una persona ipovedente. \u00abZebra\u00bb, dice Moreno. Il cane va avanti ciondolando, conduce il suo compagno al sicuro oltre le auto parcheggiate e gli alberi di Natale, si siede davanti al passaggio pedonale e lo guarda. Poi entrambi attraversano la strada.<\/p>\n\n<div style=\"height:40px\" aria-hidden=\"true\" class=\"wp-block-spacer\"><\/div>\n\n<div class=\"wp-block-buttons is-layout-flex wp-block-buttons-is-layout-flex\">\n<div class=\"wp-block-button\"><a class=\"wp-block-button__link wp-element-button\" href=\"https:\/\/app.deinadieu.ch\/testamentgenerator\/ngo\/7579\">Favorire la Scuola per cani guida per ciechi della Svizzera orientale nel testamento<\/a><\/div>\n<\/div>\n\n<div style=\"height:20px\" aria-hidden=\"true\" class=\"wp-block-spacer\"><\/div>\n\n\n        <div class=\"da-servicebox relative bg-gray-200 p-4 pt-8 border-solid border-t-8 border-da-dark mb-6\">\n            <i class=\"fas fa-info-circle mx-auto fa-7x text-da-dark\"><\/i>\n            <span style=\"hyphens: auto\">\n                <br\/>La <a href=\"https:\/\/www.deinadieu.ch\/it\/organizzazioni-caritatevoli\/\">Scuola per cani guida per ciechi della Svizzera orientale a Goldach<\/a> \u00e8 la pi\u00f9 piccola delle quattro scuole per cani guida della Svizzera. Dipende principalmente <a href=\"https:\/\/app.deinadieu.ch\/testamentgenerator\/ngo\/7579\">dalle donazioni<\/a> poich\u00e9 il settore pubblico non paga l&#8217;addestramento di un cane guida per ciechi. L&#8217;addestramento dura circa due anni e mezzo e costa sui 70&#8217;000 franchi. L&#8217;assicurazione per l&#8217;invalidit\u00e0 paga solo 10&#8217;000 franchi una tantum dopo che il cane ha superato il test e poi un affitto mensile alla fondazione, che \u00e8 solo il 30-40 per cento dei costi nel corso della vita del cane. L&#8217;anno scorso erano in servizio 38 cani guida per ciechi, dieci giovani cani in famiglie affidatarie, quattro in addestramento, due in addestramento introduttivo e cinque hanno superato i test di lavoro di squadra.<br\/>\n                \n                \n            <\/span>\n        <\/div>\n        \n\n<div class=\"wp-block-buttons is-layout-flex wp-block-buttons-is-layout-flex\"><\/div>\n","protected":false},"excerpt":{"rendered":"<p>Cantieri, strade, scalini: senza cani guida, molte persone ipovedenti e non vedenti difficilmente sarebbero in grado di affrontare la loro vita quotidiana. Vengono addestrati per questo presso la Scuola per cani guida della Svizzera orientale a Goldach. L&#8217;amministratore delegato Jorge Moreno spiega quali caratteristiche deve avere un cane e perch\u00e9 la fondazione ha bisogno di [&hellip;]<\/p>\n","protected":false},"author":6028,"featured_media":54685,"comment_status":"open","ping_status":"closed","sticky":false,"template":"","format":"standard","meta":{"_acf_changed":false,"footnotes":""},"categories":[2474],"tags":[3598,2522,3014,2837,2557,2906,3160],"class_list":["post-55344","post","type-post","status-publish","format-standard","has-post-thumbnail","hentry","category-opere-caritative","tag-cani","tag-cosa-puo-fare-la-mia-eredita","tag-donazioni","tag-fare-del-bene","tag-legato-it","tag-organizzazione-senza-scopo-di-lucro","tag-organizzazioni-di-aiuto"],"acf":[],"yoast_head":"<title>\u00abI cani salvano loro la vita ad ogni passo\u00bb | DeinAdieu.ch<\/title>\n<meta name=\"description\" content=\"Unser Blog portr\u00e4tiert Professionals, Betroffene und Angeh\u00f6rige rund um die Themen Selbstbestimmung, dritter Lebensabschnitt, Vorsorge und Testamentspende zugunsten eines Hilfswerks.\" \/>\n<meta name=\"robots\" content=\"index, follow, max-snippet:-1, max-image-preview:large, max-video-preview:-1\" \/>\n<link rel=\"canonical\" href=\"https:\/\/www.deinadieu.ch\/it\/i-cani-salvano-loro-la-vita-ad-ogni-passo\/\" \/>\n<meta property=\"og:locale\" content=\"it_IT\" \/>\n<meta property=\"og:type\" content=\"article\" \/>\n<meta property=\"og:title\" content=\"\u00abI cani salvano loro la vita ad ogni passo\u00bb\" \/>\n<meta property=\"og:description\" content=\"Cantieri, strade, scalini: senza cani guida, molte persone ipovedenti e non vedenti difficilmente sarebbero in grado di affrontare la loro vita\" \/>\n<meta property=\"og:url\" content=\"https:\/\/www.deinadieu.ch\/it\/i-cani-salvano-loro-la-vita-ad-ogni-passo\/\" \/>\n<meta property=\"og:site_name\" content=\"DeinAdieu.ch\" \/>\n<meta property=\"article:publisher\" content=\"https:\/\/www.facebook.com\/deinadieu\" \/>\n<meta property=\"article:published_time\" content=\"2021-12-23T08:29:11+00:00\" \/>\n<meta property=\"article:modified_time\" content=\"2024-03-25T14:27:05+00:00\" \/>\n<meta property=\"og:image\" content=\"https:\/\/static.deinadieu.ch\/uploads\/2021\/12\/08_2021_MONADIEU_J_Moreno-scaled.jpg\" \/>\n\t<meta property=\"og:image:width\" content=\"2560\" \/>\n\t<meta property=\"og:image:height\" content=\"1707\" \/>\n\t<meta property=\"og:image:type\" content=\"image\/jpeg\" \/>\n<meta name=\"author\" content=\"Janina Gehrig, MA UZH, Redaktorin\" \/>\n<meta name=\"twitter:card\" content=\"summary_large_image\" \/>\n<meta name=\"twitter:creator\" content=\"@DeinAdieu\" \/>\n<meta name=\"twitter:site\" content=\"@DeinAdieu\" \/>\n<meta name=\"twitter:label1\" content=\"Written by\" \/>\n\t<meta name=\"twitter:data1\" content=\"Janina Gehrig, MA UZH, Redaktorin\" \/>\n\t<meta name=\"twitter:label2\" content=\"Est. reading time\" \/>\n\t<meta name=\"twitter:data2\" content=\"5 minutes\" \/>\n<script type=\"application\/ld+json\" class=\"yoast-schema-graph\">{\"@context\":\"https:\\\/\\\/schema.org\",\"@graph\":[{\"@type\":\"Article\",\"@id\":\"https:\\\/\\\/www.deinadieu.ch\\\/it\\\/i-cani-salvano-loro-la-vita-ad-ogni-passo\\\/#article\",\"isPartOf\":{\"@id\":\"https:\\\/\\\/www.deinadieu.ch\\\/it\\\/i-cani-salvano-loro-la-vita-ad-ogni-passo\\\/\"},\"author\":{\"name\":\"Janina Gehrig, MA UZH, Redaktorin\",\"@id\":\"https:\\\/\\\/www.deinadieu.ch\\\/it\\\/#\\\/schema\\\/person\\\/78cffe1cb679e17f919e3d0c0e7b9673\"},\"headline\":\"\u00abI cani salvano loro la vita ad ogni passo\u00bb\",\"datePublished\":\"2021-12-23T08:29:11+00:00\",\"dateModified\":\"2024-03-25T14:27:05+00:00\",\"mainEntityOfPage\":{\"@id\":\"https:\\\/\\\/www.deinadieu.ch\\\/it\\\/i-cani-salvano-loro-la-vita-ad-ogni-passo\\\/\"},\"wordCount\":1103,\"commentCount\":0,\"publisher\":{\"@id\":\"https:\\\/\\\/www.deinadieu.ch\\\/it\\\/#organization\"},\"image\":{\"@id\":\"https:\\\/\\\/www.deinadieu.ch\\\/it\\\/i-cani-salvano-loro-la-vita-ad-ogni-passo\\\/#primaryimage\"},\"thumbnailUrl\":\"https:\\\/\\\/www.deinadieu.ch\\\/wp-content\\\/uploads\\\/2021\\\/12\\\/08_2021_MONADIEU_J_Moreno-scaled.jpg\",\"keywords\":[\"Cani\",\"Cosa pu\u00f2 fare la mia eredit\u00e0?\",\"Donazioni\",\"Fare del bene\",\"Legato\",\"Organizzazione senza scopo di lucro\",\"Organizzazioni di aiuto\"],\"articleSection\":[\"Focus sulle opere caritative\"],\"inLanguage\":\"it-IT\",\"potentialAction\":[{\"@type\":\"CommentAction\",\"name\":\"Comment\",\"target\":[\"https:\\\/\\\/www.deinadieu.ch\\\/it\\\/i-cani-salvano-loro-la-vita-ad-ogni-passo\\\/#respond\"]}]},{\"@type\":\"WebPage\",\"@id\":\"https:\\\/\\\/www.deinadieu.ch\\\/it\\\/i-cani-salvano-loro-la-vita-ad-ogni-passo\\\/\",\"url\":\"https:\\\/\\\/www.deinadieu.ch\\\/it\\\/i-cani-salvano-loro-la-vita-ad-ogni-passo\\\/\",\"name\":\"\u00abI cani salvano loro la vita ad ogni passo\u00bb | DeinAdieu.ch\",\"isPartOf\":{\"@id\":\"https:\\\/\\\/www.deinadieu.ch\\\/it\\\/#website\"},\"primaryImageOfPage\":{\"@id\":\"https:\\\/\\\/www.deinadieu.ch\\\/it\\\/i-cani-salvano-loro-la-vita-ad-ogni-passo\\\/#primaryimage\"},\"image\":{\"@id\":\"https:\\\/\\\/www.deinadieu.ch\\\/it\\\/i-cani-salvano-loro-la-vita-ad-ogni-passo\\\/#primaryimage\"},\"thumbnailUrl\":\"https:\\\/\\\/www.deinadieu.ch\\\/wp-content\\\/uploads\\\/2021\\\/12\\\/08_2021_MONADIEU_J_Moreno-scaled.jpg\",\"datePublished\":\"2021-12-23T08:29:11+00:00\",\"dateModified\":\"2024-03-25T14:27:05+00:00\",\"description\":\"Unser Blog portr\u00e4tiert Professionals, Betroffene und Angeh\u00f6rige rund um die Themen Selbstbestimmung, dritter Lebensabschnitt, Vorsorge und Testamentspende zugunsten eines Hilfswerks.\",\"breadcrumb\":{\"@id\":\"https:\\\/\\\/www.deinadieu.ch\\\/it\\\/i-cani-salvano-loro-la-vita-ad-ogni-passo\\\/#breadcrumb\"},\"inLanguage\":\"it-IT\",\"potentialAction\":[{\"@type\":\"ReadAction\",\"target\":[\"https:\\\/\\\/www.deinadieu.ch\\\/it\\\/i-cani-salvano-loro-la-vita-ad-ogni-passo\\\/\"]}]},{\"@type\":\"ImageObject\",\"inLanguage\":\"it-IT\",\"@id\":\"https:\\\/\\\/www.deinadieu.ch\\\/it\\\/i-cani-salvano-loro-la-vita-ad-ogni-passo\\\/#primaryimage\",\"url\":\"https:\\\/\\\/www.deinadieu.ch\\\/wp-content\\\/uploads\\\/2021\\\/12\\\/08_2021_MONADIEU_J_Moreno-scaled.jpg\",\"contentUrl\":\"https:\\\/\\\/www.deinadieu.ch\\\/wp-content\\\/uploads\\\/2021\\\/12\\\/08_2021_MONADIEU_J_Moreno-scaled.jpg\",\"width\":2560,\"height\":1707,\"caption\":\"Jorge Moreno, amministratore delegato della Fondazione Scuola per cani guida per ciechi della Svizzera orientale (Foto: Hanspeter Schiess)\"},{\"@type\":\"BreadcrumbList\",\"@id\":\"https:\\\/\\\/www.deinadieu.ch\\\/it\\\/i-cani-salvano-loro-la-vita-ad-ogni-passo\\\/#breadcrumb\",\"itemListElement\":[{\"@type\":\"ListItem\",\"position\":1,\"name\":\"Home\",\"item\":\"https:\\\/\\\/www.deinadieu.ch\\\/it\\\/deinadieu-dialog-und-serviceportal-zum-lebensende\\\/\"},{\"@type\":\"ListItem\",\"position\":2,\"name\":\"\u00abI cani salvano loro la vita ad ogni passo\u00bb\"}]},{\"@type\":\"WebSite\",\"@id\":\"https:\\\/\\\/www.deinadieu.ch\\\/it\\\/#website\",\"url\":\"https:\\\/\\\/www.deinadieu.ch\\\/it\\\/\",\"name\":\"DeinAdieu.ch\",\"description\":\"Testament, Patientenverf\u00fcgung und Vorsorgeauftrag\",\"publisher\":{\"@id\":\"https:\\\/\\\/www.deinadieu.ch\\\/it\\\/#organization\"},\"potentialAction\":[{\"@type\":\"SearchAction\",\"target\":{\"@type\":\"EntryPoint\",\"urlTemplate\":\"https:\\\/\\\/www.deinadieu.ch\\\/it\\\/?s={search_term_string}\"},\"query-input\":{\"@type\":\"PropertyValueSpecification\",\"valueRequired\":true,\"valueName\":\"search_term_string\"}}],\"inLanguage\":\"it-IT\"},{\"@type\":\"Organization\",\"@id\":\"https:\\\/\\\/www.deinadieu.ch\\\/it\\\/#organization\",\"name\":\"EMNA Web GmbH\",\"url\":\"https:\\\/\\\/www.deinadieu.ch\\\/it\\\/\",\"logo\":{\"@type\":\"ImageObject\",\"inLanguage\":\"it-IT\",\"@id\":\"https:\\\/\\\/www.deinadieu.ch\\\/it\\\/#\\\/schema\\\/logo\\\/image\\\/\",\"url\":\"https:\\\/\\\/www.deinadieu.ch\\\/wp-content\\\/uploads\\\/2016\\\/01\\\/DeinAdieu_Logo.png\",\"contentUrl\":\"https:\\\/\\\/www.deinadieu.ch\\\/wp-content\\\/uploads\\\/2016\\\/01\\\/DeinAdieu_Logo.png\",\"width\":300,\"height\":117,\"caption\":\"EMNA Web GmbH\"},\"image\":{\"@id\":\"https:\\\/\\\/www.deinadieu.ch\\\/it\\\/#\\\/schema\\\/logo\\\/image\\\/\"},\"sameAs\":[\"https:\\\/\\\/www.facebook.com\\\/deinadieu\",\"https:\\\/\\\/x.com\\\/DeinAdieu\",\"https:\\\/\\\/www.instagram.com\\\/deinadieu\\\/\",\"https:\\\/\\\/www.linkedin.com\\\/company\\\/deinadieu.ch\"]},{\"@type\":\"Person\",\"@id\":\"https:\\\/\\\/www.deinadieu.ch\\\/it\\\/#\\\/schema\\\/person\\\/78cffe1cb679e17f919e3d0c0e7b9673\",\"name\":\"Janina Gehrig, MA UZH, Redaktorin\",\"image\":{\"@type\":\"ImageObject\",\"inLanguage\":\"it-IT\",\"@id\":\"https:\\\/\\\/secure.gravatar.com\\\/avatar\\\/8bfc4dca12cd7c0a0373c12f34587d1f6a6117903e7ecc0035863bd69df6fb07?s=96&d=mm&r=g\",\"url\":\"https:\\\/\\\/secure.gravatar.com\\\/avatar\\\/8bfc4dca12cd7c0a0373c12f34587d1f6a6117903e7ecc0035863bd69df6fb07?s=96&d=mm&r=g\",\"contentUrl\":\"https:\\\/\\\/secure.gravatar.com\\\/avatar\\\/8bfc4dca12cd7c0a0373c12f34587d1f6a6117903e7ecc0035863bd69df6fb07?s=96&d=mm&r=g\",\"caption\":\"Janina Gehrig, MA UZH, Redaktorin\"},\"url\":\"https:\\\/\\\/www.deinadieu.ch\\\/it\\\/author\\\/janinagehrig\\\/\"}]}<\/script>","yoast_head_json":{"title":"\u00abI cani salvano loro la vita ad ogni passo\u00bb | DeinAdieu.ch","description":"Unser Blog portr\u00e4tiert Professionals, Betroffene und Angeh\u00f6rige rund um die Themen Selbstbestimmung, dritter Lebensabschnitt, Vorsorge und Testamentspende zugunsten eines Hilfswerks.","robots":{"index":"index","follow":"follow","max-snippet":"max-snippet:-1","max-image-preview":"max-image-preview:large","max-video-preview":"max-video-preview:-1"},"canonical":"https:\/\/www.deinadieu.ch\/it\/i-cani-salvano-loro-la-vita-ad-ogni-passo\/","og_locale":"it_IT","og_type":"article","og_title":"\u00abI cani salvano loro la vita ad ogni passo\u00bb","og_description":"Cantieri, strade, scalini: senza cani guida, molte persone ipovedenti e non vedenti difficilmente sarebbero in grado di affrontare la loro vita","og_url":"https:\/\/www.deinadieu.ch\/it\/i-cani-salvano-loro-la-vita-ad-ogni-passo\/","og_site_name":"DeinAdieu.ch","article_publisher":"https:\/\/www.facebook.com\/deinadieu","article_published_time":"2021-12-23T08:29:11+00:00","article_modified_time":"2024-03-25T14:27:05+00:00","og_image":[{"width":2560,"height":1707,"url":"https:\/\/static.deinadieu.ch\/uploads\/2021\/12\/08_2021_MONADIEU_J_Moreno-scaled.jpg","type":"image\/jpeg"}],"author":"Janina Gehrig, MA UZH, Redaktorin","twitter_card":"summary_large_image","twitter_creator":"@DeinAdieu","twitter_site":"@DeinAdieu","twitter_misc":{"Written by":"Janina Gehrig, MA UZH, Redaktorin","Est. reading time":"5 minutes"},"schema":{"@context":"https:\/\/schema.org","@graph":[{"@type":"Article","@id":"https:\/\/www.deinadieu.ch\/it\/i-cani-salvano-loro-la-vita-ad-ogni-passo\/#article","isPartOf":{"@id":"https:\/\/www.deinadieu.ch\/it\/i-cani-salvano-loro-la-vita-ad-ogni-passo\/"},"author":{"name":"Janina Gehrig, MA UZH, Redaktorin","@id":"https:\/\/www.deinadieu.ch\/it\/#\/schema\/person\/78cffe1cb679e17f919e3d0c0e7b9673"},"headline":"\u00abI cani salvano loro la vita ad ogni passo\u00bb","datePublished":"2021-12-23T08:29:11+00:00","dateModified":"2024-03-25T14:27:05+00:00","mainEntityOfPage":{"@id":"https:\/\/www.deinadieu.ch\/it\/i-cani-salvano-loro-la-vita-ad-ogni-passo\/"},"wordCount":1103,"commentCount":0,"publisher":{"@id":"https:\/\/www.deinadieu.ch\/it\/#organization"},"image":{"@id":"https:\/\/www.deinadieu.ch\/it\/i-cani-salvano-loro-la-vita-ad-ogni-passo\/#primaryimage"},"thumbnailUrl":"https:\/\/www.deinadieu.ch\/wp-content\/uploads\/2021\/12\/08_2021_MONADIEU_J_Moreno-scaled.jpg","keywords":["Cani","Cosa pu\u00f2 fare la mia eredit\u00e0?","Donazioni","Fare del bene","Legato","Organizzazione senza scopo di lucro","Organizzazioni di aiuto"],"articleSection":["Focus sulle opere caritative"],"inLanguage":"it-IT","potentialAction":[{"@type":"CommentAction","name":"Comment","target":["https:\/\/www.deinadieu.ch\/it\/i-cani-salvano-loro-la-vita-ad-ogni-passo\/#respond"]}]},{"@type":"WebPage","@id":"https:\/\/www.deinadieu.ch\/it\/i-cani-salvano-loro-la-vita-ad-ogni-passo\/","url":"https:\/\/www.deinadieu.ch\/it\/i-cani-salvano-loro-la-vita-ad-ogni-passo\/","name":"\u00abI cani salvano loro la vita ad ogni passo\u00bb | DeinAdieu.ch","isPartOf":{"@id":"https:\/\/www.deinadieu.ch\/it\/#website"},"primaryImageOfPage":{"@id":"https:\/\/www.deinadieu.ch\/it\/i-cani-salvano-loro-la-vita-ad-ogni-passo\/#primaryimage"},"image":{"@id":"https:\/\/www.deinadieu.ch\/it\/i-cani-salvano-loro-la-vita-ad-ogni-passo\/#primaryimage"},"thumbnailUrl":"https:\/\/www.deinadieu.ch\/wp-content\/uploads\/2021\/12\/08_2021_MONADIEU_J_Moreno-scaled.jpg","datePublished":"2021-12-23T08:29:11+00:00","dateModified":"2024-03-25T14:27:05+00:00","description":"Unser Blog portr\u00e4tiert Professionals, Betroffene und Angeh\u00f6rige rund um die Themen Selbstbestimmung, dritter Lebensabschnitt, Vorsorge und Testamentspende zugunsten eines Hilfswerks.","breadcrumb":{"@id":"https:\/\/www.deinadieu.ch\/it\/i-cani-salvano-loro-la-vita-ad-ogni-passo\/#breadcrumb"},"inLanguage":"it-IT","potentialAction":[{"@type":"ReadAction","target":["https:\/\/www.deinadieu.ch\/it\/i-cani-salvano-loro-la-vita-ad-ogni-passo\/"]}]},{"@type":"ImageObject","inLanguage":"it-IT","@id":"https:\/\/www.deinadieu.ch\/it\/i-cani-salvano-loro-la-vita-ad-ogni-passo\/#primaryimage","url":"https:\/\/www.deinadieu.ch\/wp-content\/uploads\/2021\/12\/08_2021_MONADIEU_J_Moreno-scaled.jpg","contentUrl":"https:\/\/www.deinadieu.ch\/wp-content\/uploads\/2021\/12\/08_2021_MONADIEU_J_Moreno-scaled.jpg","width":2560,"height":1707,"caption":"Jorge Moreno, amministratore delegato della Fondazione Scuola per cani guida per ciechi della Svizzera orientale (Foto: Hanspeter Schiess)"},{"@type":"BreadcrumbList","@id":"https:\/\/www.deinadieu.ch\/it\/i-cani-salvano-loro-la-vita-ad-ogni-passo\/#breadcrumb","itemListElement":[{"@type":"ListItem","position":1,"name":"Home","item":"https:\/\/www.deinadieu.ch\/it\/deinadieu-dialog-und-serviceportal-zum-lebensende\/"},{"@type":"ListItem","position":2,"name":"\u00abI cani salvano loro la vita ad ogni passo\u00bb"}]},{"@type":"WebSite","@id":"https:\/\/www.deinadieu.ch\/it\/#website","url":"https:\/\/www.deinadieu.ch\/it\/","name":"DeinAdieu.ch","description":"Testament, Patientenverf\u00fcgung und Vorsorgeauftrag","publisher":{"@id":"https:\/\/www.deinadieu.ch\/it\/#organization"},"potentialAction":[{"@type":"SearchAction","target":{"@type":"EntryPoint","urlTemplate":"https:\/\/www.deinadieu.ch\/it\/?s={search_term_string}"},"query-input":{"@type":"PropertyValueSpecification","valueRequired":true,"valueName":"search_term_string"}}],"inLanguage":"it-IT"},{"@type":"Organization","@id":"https:\/\/www.deinadieu.ch\/it\/#organization","name":"EMNA Web GmbH","url":"https:\/\/www.deinadieu.ch\/it\/","logo":{"@type":"ImageObject","inLanguage":"it-IT","@id":"https:\/\/www.deinadieu.ch\/it\/#\/schema\/logo\/image\/","url":"https:\/\/www.deinadieu.ch\/wp-content\/uploads\/2016\/01\/DeinAdieu_Logo.png","contentUrl":"https:\/\/www.deinadieu.ch\/wp-content\/uploads\/2016\/01\/DeinAdieu_Logo.png","width":300,"height":117,"caption":"EMNA Web GmbH"},"image":{"@id":"https:\/\/www.deinadieu.ch\/it\/#\/schema\/logo\/image\/"},"sameAs":["https:\/\/www.facebook.com\/deinadieu","https:\/\/x.com\/DeinAdieu","https:\/\/www.instagram.com\/deinadieu\/","https:\/\/www.linkedin.com\/company\/deinadieu.ch"]},{"@type":"Person","@id":"https:\/\/www.deinadieu.ch\/it\/#\/schema\/person\/78cffe1cb679e17f919e3d0c0e7b9673","name":"Janina Gehrig, MA UZH, Redaktorin","image":{"@type":"ImageObject","inLanguage":"it-IT","@id":"https:\/\/secure.gravatar.com\/avatar\/8bfc4dca12cd7c0a0373c12f34587d1f6a6117903e7ecc0035863bd69df6fb07?s=96&d=mm&r=g","url":"https:\/\/secure.gravatar.com\/avatar\/8bfc4dca12cd7c0a0373c12f34587d1f6a6117903e7ecc0035863bd69df6fb07?s=96&d=mm&r=g","contentUrl":"https:\/\/secure.gravatar.com\/avatar\/8bfc4dca12cd7c0a0373c12f34587d1f6a6117903e7ecc0035863bd69df6fb07?s=96&d=mm&r=g","caption":"Janina Gehrig, MA UZH, Redaktorin"},"url":"https:\/\/www.deinadieu.ch\/it\/author\/janinagehrig\/"}]}},"_links":{"self":[{"href":"https:\/\/www.deinadieu.ch\/it\/wp-json\/wp\/v2\/posts\/55344","targetHints":{"allow":["GET"]}}],"collection":[{"href":"https:\/\/www.deinadieu.ch\/it\/wp-json\/wp\/v2\/posts"}],"about":[{"href":"https:\/\/www.deinadieu.ch\/it\/wp-json\/wp\/v2\/types\/post"}],"author":[{"embeddable":true,"href":"https:\/\/www.deinadieu.ch\/it\/wp-json\/wp\/v2\/users\/6028"}],"replies":[{"embeddable":true,"href":"https:\/\/www.deinadieu.ch\/it\/wp-json\/wp\/v2\/comments?post=55344"}],"version-history":[{"count":7,"href":"https:\/\/www.deinadieu.ch\/it\/wp-json\/wp\/v2\/posts\/55344\/revisions"}],"predecessor-version":[{"id":67238,"href":"https:\/\/www.deinadieu.ch\/it\/wp-json\/wp\/v2\/posts\/55344\/revisions\/67238"}],"wp:featuredmedia":[{"embeddable":true,"href":"https:\/\/www.deinadieu.ch\/it\/wp-json\/wp\/v2\/media\/54685"}],"wp:attachment":[{"href":"https:\/\/www.deinadieu.ch\/it\/wp-json\/wp\/v2\/media?parent=55344"}],"wp:term":[{"taxonomy":"category","embeddable":true,"href":"https:\/\/www.deinadieu.ch\/it\/wp-json\/wp\/v2\/categories?post=55344"},{"taxonomy":"post_tag","embeddable":true,"href":"https:\/\/www.deinadieu.ch\/it\/wp-json\/wp\/v2\/tags?post=55344"}],"curies":[{"name":"wp","href":"https:\/\/api.w.org\/{rel}","templated":true}]}}