{"id":55129,"date":"2021-10-22T12:16:00","date_gmt":"2021-10-22T10:16:00","guid":{"rendered":"https:\/\/www.deinadieu.ch\/karina-rey-fairmed-e-attiva-dove-infieriscono-le-malattie-della-poverta\/"},"modified":"2022-05-22T11:00:57","modified_gmt":"2022-05-22T09:00:57","slug":"karina-rey-fairmed-e-attiva-dove-infieriscono-le-malattie-della-poverta","status":"publish","type":"post","link":"https:\/\/www.deinadieu.ch\/it\/karina-rey-fairmed-e-attiva-dove-infieriscono-le-malattie-della-poverta\/","title":{"rendered":"Karina Rey: \u00abFAIRMED \u00e8 attiva dove infieriscono le malattie della povert\u00e0\u00bb"},"content":{"rendered":"\n<p>Il bisogno era grande, la miseria ovvia. Nella foresta pluviale del Camerun, Karina Rey non riusciva pi\u00f9 a far finta di niente. Doveva aiutare ad alleviare questa miseria delle persone. La collaboratrice di Fairmed parla con DeinAdieu del suo impegno per i pi\u00f9 poveri.<\/p>\n\n<!--more-->\n\n<p>\u00abIo e mio marito abbiamo lavorato per molti anni nel mezzo della foresta pluviale del Camerun\u00bb, afferma Karina Rey. \u00abTra il 2012 e il 2017 abbiamo costruito e ristrutturato ben pi\u00f9 di mille pozzi di acqua potabile per la popolazione locale.\u00bb La povert\u00e0 era incredibile, dice la collaboratrice di Fairmed. Vita colorata e variopinta. La gente calorosa e vivace. \u00abLe persone in Camerun hanno la capacit\u00e0 di vivere nel presente. La morte \u00e8 cos\u00ec vicina, \u00e8 cos\u00ec onnipresente che la vita \u00e8 particolarmente apprezzata.\u00bb Si prende una pausa. Poi dice: \u00abLe persone muoiono velocemente e molto nella foresta pluviale del Camerun. Ed \u00e8 per questo che il mio &#8220;ora&#8221; ha un significato diverso, pi\u00f9 apprezzato.\u00bb<\/p>\n\n<p>C&#8217;era un ospedale vicino alla casa della famiglia Rey. Era mal equipaggiato. La chiesa ha cercato di aiutare \u2013 una sorella ha lavorato l\u00ec, dice Karina Rey. \u00abCi sono stata spesso, ho allacciato contatti. Una volta, quando mi trovavo l\u00ec, una donna strill\u00f2 da dietro una tenda. Guardava suo figlio farsi ricucire una ferita aperta. Senza anestesia locale. Il bambino mordeva un panno e ho pensato che non potesse essere possibile.\u00bb Rimane in silenzio prima di raccontare un altro triste esempio. \u00abIl figlio di 14 anni del nostro collaboratore \u00e8 inciampato mentre giocava a calcio e si lamentava del mal di pancia. Giorni dopo \u00e8 morto per una lesione della milza.\u00bb Karina Rey scosse la testa. \u00abUna morte inutile. Se avesse ricevuto le cure mediche giuste, oggi sarebbe sicuramente vivo.\u00bb<\/p>\n\n<figure class=\"wp-block-image size-large\"><img loading=\"lazy\" decoding=\"async\" width=\"1024\" height=\"576\" src=\"https:\/\/www.deinadieu.ch\/wp-content\/uploads\/2021\/10\/KarinaRey_05-1024x576.jpg\" alt=\"Collaboratrice di Fairmed Karina Rey\" class=\"wp-image-53942\" srcset=\"https:\/\/www.deinadieu.ch\/wp-content\/uploads\/2021\/10\/KarinaRey_05-1024x576.jpg 1024w, https:\/\/www.deinadieu.ch\/wp-content\/uploads\/2021\/10\/KarinaRey_05-300x169.jpg 300w, https:\/\/www.deinadieu.ch\/wp-content\/uploads\/2021\/10\/KarinaRey_05.jpg 1280w\" sizes=\"auto, (max-width: 1024px) 100vw, 1024px\" \/><figcaption>Karina Rey: \u00abVolevo aiutare ad alleviare le malattie trascurate nelle persone trascurate.\u00bb (Foto Ueli Hiltpold)\n<\/figcaption><\/figure>\n\n<h2 class=\"wp-block-heading\" id=\"h-helfen-wo-die-armsten-leben\">Aiutare dove vivono i pi\u00f9 poveri<\/h2>\n\n<p>\u00abE cos\u00ec abbiamo cercato un&#8217;organizzazione pronta a costruire con noi un ospedale\u00bb, afferma Karina Rey. Fu costruito il primo ospedale in mezzo alla boscaglia. C&#8217;\u00e8 ancora oggi. \u00abC&#8217;\u00e8 una sala operatoria, un laboratorio, una sala per le radiografie, per fare esami ecografici e tanti letti. Il pi\u00f9 delle volte \u00e8 ben frequentato e affollato. Occasionalmente, specialisti della citt\u00e0 \u2013 dentisti, oftalmologi \u2013 vengono a prendersi cura delle persone per un&#8217;assistenza sanitaria completa.\u00bb<\/p>\n\n<p>Dopo il suo ritorno in Svizzera nel 2017, Karina Rey era alla ricerca di un&#8217;organizzazione \u00abche si occupasse esattamente di ci\u00f2 che mi ha accompagnato per anni. La salute \u00e8 un bene prezioso. Senza la salute non si pu\u00f2 lavorare e non si pu\u00f2 uscire dal circolo vizioso.\u00bb Voleva aiutare ad alleviare le malattie trascurate nelle persone trascurate. <\/p>\n\n        <div class=\"relative shadow-lg -mx-12 mb-4 overflow-hidden\" style=\"background-image: url('https:\/\/www.deinadieu.ch\/wp-content\/themes\/da-v4\/assets\/v4\/banner\/testament.jpg'); background-size: cover; background-position: center\">\n            <div class=\"banner-white-box md:w-3\/5 text-black -ml-16 pl-16\" style=\"background-color: rgba(255,255,255,0.75)\">\n                <div class=\"inner\">\n                    <div class=\"text-2xl p-12\"><strong>Non avete ancora scritto un testamento?<\/strong> Generate ora un modello PDF gratuito per<\/div>\n                    <div class=\"px-12 md:mr-16\">\n                        <a href=\"https:\/\/app.deinadieu.ch\/testament\" target=\"_blank\" class=\"btn btn-da btn-small btn-block\">me<\/a>\n                        <a href=\"https:\/\/app.deinadieu.ch\/testament\" target=\"_blank\" class=\"mt-4 btn btn-da btn-small btn-block\">un'altra persona<\/a>\n                    <\/div>\n                    <div class=\"px-12 py-8\">\n                        <img decoding=\"async\" src=\"https:\/\/www.deinadieu.ch\/wp-content\/themes\/da-v4\/assets\/v4\/deinadieu_logo_dark.svg\" class=\"h-12\">\n                    <\/div>\n                <\/div>\n            <\/div>\n        <\/div>\n        \n\n<h2 class=\"wp-block-heading\">Fairmed lavora con team locali<\/h2>\n\n<p>Ed \u00e8 cos\u00ec che la dedita Karina Rey ha trovato Fairmed. Dal 2018 lavora come specialista della relazione con i donatori. L&#8217;organizzazione umanitaria Fairmed, gli anziani la conoscono ancora come \u00abLeprahilfe Emmaus Svizzera\u00bb, si prende cura dei pi\u00f9 poveri nei luoghi pi\u00f9 remoti del mondo. \u00abAiutiamo dove infieriscono le malattie della povert\u00e0. \u00abRealizziamo progetti in luoghi dove la mortalit\u00e0 materna e infantile \u00e8 elevata, dove la gente trova raramente lavoro e riesce a malapena a guadagnare. Aiutiamo in aree dove la societ\u00e0 \u00e8 molto trascurata, dove le persone sono escluse dal sistema sanitario.\u00bb<\/p>\n\n<p>Fairmed lavora in loco esclusivamente con team locali. Karina Rey dice che sono indigeni che hanno gi\u00e0 una rete. Molti input provengono dalla popolazione che vede dove c&#8217;\u00e8 bisogno di aiuto. \u00abSosteniamo finanziariamente e utilizziamo l&#8217;esperienza tipica del paese, la conoscenza locale.\u00bb Karina Rey afferma: \u00abI collaboratori locali conoscono le lingue \u2013 in Camerun ce ne sono circa 250 \u2013 e conoscono la cultura e i bisogni meglio di tutti.\u00bb <\/p>\n\n<figure class=\"wp-block-image size-large\"><img loading=\"lazy\" decoding=\"async\" width=\"1024\" height=\"576\" src=\"https:\/\/www.deinadieu.ch\/wp-content\/uploads\/2021\/10\/KarinaRey_03-1024x576.jpg\" alt=\"Collaboratrice di Fairmed Karina Rey\" class=\"wp-image-53930\" srcset=\"https:\/\/www.deinadieu.ch\/wp-content\/uploads\/2021\/10\/KarinaRey_03-1024x576.jpg 1024w, https:\/\/www.deinadieu.ch\/wp-content\/uploads\/2021\/10\/KarinaRey_03-300x169.jpg 300w, https:\/\/www.deinadieu.ch\/wp-content\/uploads\/2021\/10\/KarinaRey_03.jpg 1280w\" sizes=\"auto, (max-width: 1024px) 100vw, 1024px\" \/><figcaption>Karina Rey ha vissuto concretamente ci\u00f2 che serve per sostenere la popolazione rurale: \u00abC&#8217;\u00e8 bisogno di acqua pulita e di accesso all&#8217;assistenza medica.\u00bb (Foto Ueli Hiltpold)<\/figcaption><\/figure>\n\n<h2 class=\"wp-block-heading\">Un franco donato pu\u00f2 fare una grande differenza<\/h2>\n\n<p>\u00c8 incredibile quello che possono fare i nostri franchi donati. Karina Rey fa degli esempi: \u00abUn&#8217;operazione per la ricostruzione del piede in caso di lebbra costa circa 360 franchi. I trattamenti ambulatoriali per le lesioni da lebbra costano CHF 6.50. Se il paziente ha gi\u00e0 sviluppato la sepsi, i costi salgono a 140 franchi per trattamento.\u00bb E spiega ancora un altro esempio: la formazione degli operatori sanitari locali \u00e8 una componente centrale del lavoro di Fairmed. Gli operatori sanitari hanno completato 18 mesi di formazione medica di base e sono continuamente formati da Fairmed. I programmi di formazione vanno dal paramedico all&#8217;ostetricia, alla consulenza sulla gravidanza, alla gestione delle malattie tropicali trascurate, alla conduzione di gruppi di auto-aiuto per madri o persone con handicap fisici o mentali, alla trasmissione di conoscenze mediche e alla manutenzione professionale di strumenti medici o alla cura di pazienti malati lievemente fino a moderatamente di corona.<\/p>\n\n<p>Una giornata di formazione o perfezionamento da parte degli operatori sanitari locali costa tra gli otto e i 35 franchi a persona, a seconda del contenuto del corso. <\/p>\n\n<p>Spesso le persone in tali regioni mancano di istruzione e conoscenza. \u00abIn Camerun vivevamo in mezzo alla foresta\u00bb, dice Karina Rey. \u00abLontano da ci\u00f2 che chiamiamo civilt\u00e0. Se volevamo andare da qualcuno che ne sapeva qualcosa, per esempio, che avrebbe avuto consigli su un problema di salute, ci sarebbe voluta una passeggiata di tre ore.\u00bb <\/p>\n\n<p>Karina Rey ha visto esattamente ci\u00f2 di cui la popolazione rurale ha bisogno: \u00abSono necessarie acqua pulita e cure mediche di base. Chi \u00e8 sano pu\u00f2 lavorare e prendersi cura della propria famiglia. L&#8217;esistenza \u00e8 assicurata. I bambini possono andare a scuola.\u00bb<\/p>\n\n<figure class=\"wp-block-image size-large\"><img loading=\"lazy\" decoding=\"async\" width=\"1024\" height=\"576\" src=\"https:\/\/www.deinadieu.ch\/wp-content\/uploads\/2021\/10\/KarinaRey_01-1024x576.jpg\" alt=\"Collaboratrice di Fairmed Karina Rey\" class=\"wp-image-53938\" srcset=\"https:\/\/www.deinadieu.ch\/wp-content\/uploads\/2021\/10\/KarinaRey_01-1024x576.jpg 1024w, https:\/\/www.deinadieu.ch\/wp-content\/uploads\/2021\/10\/KarinaRey_01-300x169.jpg 300w, https:\/\/www.deinadieu.ch\/wp-content\/uploads\/2021\/10\/KarinaRey_01.jpg 1280w\" sizes=\"auto, (max-width: 1024px) 100vw, 1024px\" \/><figcaption>\u00abInsegniamo alle donne che hanno il diritto di essere sane\u00bb, afferma Karina Rey. (Foto Ueli Hiltpold)<\/figcaption><\/figure>\n\n<h2 class=\"wp-block-heading\">Integrare le donne nel lavoro di sviluppo<\/h2>\n\n<p>Importante in Fairmed: le donne devono essere coinvolte e integrate nel lavoro di sviluppo. Di solito gestiscono i soldi. In India sono le volontarie che vanno di villaggio in villaggio e risolvono problemi di salute. Ricevono ricompense se trovano un caso che viene risolto. <\/p>\n\n<p>Ci sono anche gruppi di mamme che giocano un ruolo centrale per Fairmed. Sanno che cosa impedisce altre donne di venire al centro sanitario. \u00abInsegniamo alle donne che hanno il diritto di essere sane\u00bb, afferma Karina Rey. \u00abLe rendiamo consapevoli della necessit\u00e0 di prendersi cura della propria salute e di quella delle figlie.\u00bb Se possibile, vengono impiegate donne localmente. \u00abLa percentuale di donne \u00e8 importante\u00bb, afferma Karina Rey. <\/p>\n\n        <div class=\"relative shadow-lg -mx-12 mb-4 overflow-hidden\" style=\"background-image: url('https:\/\/www.deinadieu.ch\/wp-content\/themes\/da-v4\/assets\/v4\/banner\/dienstleister.jpg'); background-size: cover; background-position: center\">\n            <div class=\"banner-white-box md:w-3\/5 text-black -ml-16 pl-16\" style=\"background-color: rgba(255,255,255,0.75)\">\n                <div class=\"inner\">\n                    <div class=\"text-2xl p-12\">Cercate specifici <strong>fornitori di servizi<\/strong>? DeinAdieu.ch offre un elenco completo!<\/div>\n                    <div class=\"px-12 md:mr-16\">\n                        <div class=\"hidden\">Scegliere comune<\/div>\n                        <a href=\"\/dienstleisterverzeichnis\/\" class=\"btn btn-da btn-small btn-block\">all'elenco<\/a>\n                    <\/div>\n                    <div class=\"px-12 py-8\">\n                        <img decoding=\"async\" src=\"https:\/\/www.deinadieu.ch\/wp-content\/themes\/da-v4\/assets\/v4\/deinadieu_logo_dark.svg\" class=\"h-12\">\n                    <\/div>\n                <\/div>\n            <\/div>\n        <\/div>\n        \n\n<h2 class=\"wp-block-heading\">Sorti commoventi<\/h2>\n\n<p>In Camerun, Karina Rey ha dovuto affrontare sorti commoventi. Come ha affrontato il tutto, voglio sapere. \u00c8 difficile, dice la collaboratrice di Fairmed e madre di tre figlie adulte. \u00abA sole sei ore di volo dalla Svizzera, la gente quasi non ha abbastanza per sopravvivere. Manca tutto a destra e a sinistra. Si vive la giornata.\u00bb <\/p>\n\n<p>Tuttavia, nessuno in Camerun muore di fame, dice Karina Rey. \u00abLa rigogliosa foresta pluviale detta la vita.\u00bb Ma questo pu\u00f2 essere molto difficile a causa delle piogge abbondanti e regolari. \u00abPoi diluvia come sotto una doccia. Niente si asciuga pi\u00f9. Tutto \u00e8 vivo, l&#8217;acqua \u00e8 piena di insetti e vermi. Piena di parassiti\u00bb, Karina Rey descrive la situazione. C&#8217;\u00e8 una discrepanza tra ci\u00f2 che investiamo nella lotta al corona e quante persone in Africa muoiono per le cose pi\u00f9 stupide. <\/p>\n\n<figure class=\"wp-block-image size-large\"><img loading=\"lazy\" decoding=\"async\" width=\"1024\" height=\"576\" src=\"https:\/\/www.deinadieu.ch\/wp-content\/uploads\/2021\/10\/KarinaRey_02_me-1024x576.jpg\" alt=\"La collaboratrice di Fairmed Karina Rey e l'autore di DeinAdieu Martin Schuppli\" class=\"wp-image-53934\" srcset=\"https:\/\/www.deinadieu.ch\/wp-content\/uploads\/2021\/10\/KarinaRey_02_me-1024x576.jpg 1024w, https:\/\/www.deinadieu.ch\/wp-content\/uploads\/2021\/10\/KarinaRey_02_me-300x169.jpg 300w, https:\/\/www.deinadieu.ch\/wp-content\/uploads\/2021\/10\/KarinaRey_02_me.jpg 1280w\" sizes=\"auto, (max-width: 1024px) 100vw, 1024px\" \/><figcaption>Karina Rey mostra all&#8217;autore di DeinAdieu Martin Schuppli \u00abimballaggi per bottiglie\u00bb Made in Africa. (Foto Ueli Hiltpold)<\/figcaption><\/figure>\n\n<h2 class=\"wp-block-heading\">Imparare ad apprezzare il valore del momento<\/h2>\n\n<p>Ha imparato molto dalle persone in Africa, dice Karina Rey. La vita nel presente, per esempio. \u00abLa morte fa parte della vita e non viene radiata, non \u00e8 un tab\u00f9.\u00bb Gli occhi della mia interlocutrice luccicano. \u00abSono sempre impressionata da questa incredibile ospitalit\u00e0. Non importa quanto poco qualcuno possieda, viene dato e condiviso. E questo con grande cordialit\u00e0 e gioia di vivere.\u00bb<\/p>\n\n<p>Vivere nel presente. Cosa significa questo secondo Karina Rey. Ride: \u00abLe persone apprezzano il valore del momento. Sono felici per le piccole cose, esprimono i loro sentimenti. In Africa si pu\u00f2 mostrare gioia, farla attraversare per tutto il corpo. Se si sbadiglia, si sbadiglia. Chi ride, magari si rotola sul pavimento.\u00bb Karina Rey fa una pausa, poi sottolinea: \u00abLa gente d\u00e0 anche spazio al dolore. Si permette che venga fuori, forte e feroce. Deve essere cos\u00ec, poi si \u00e8 purificati. A differenza nostra.\u00bb Lei mi guarda. Dice: \u00abAmo questo incredibile essere diretti. I sentimenti si manifestano.\u00bb <\/p>\n\n<p class=\"has-text-align-right\">Testo: Martin Schuppli, foto: Ueli Hiltpold<\/p>\n\n<p><\/p>\n\n        <div class=\"da-servicebox relative bg-gray-200 p-4 pt-8 border-solid border-t-8 border-da-dark mb-6\">\n            <i class=\"fas fa-info-circle mx-auto fa-7x text-da-dark\"><\/i>\n            <span style=\"hyphens: auto\">\n                <\/p>\n\n<p>Fairmed \u00e8 partner di DeinAdieu. Al <a href=\"https:\/\/www.deinadieu.ch\/it\/organizzazioni-caritatevoli\/\" target=\"_blank\" rel=\"noreferrer noopener\">profilo<\/a><\/p>\n\n<p><\/p>\n<p>\n                \n                \n            <\/span>\n        <\/div>\n        \n\n<p><\/p>\n","protected":false},"excerpt":{"rendered":"<p>Il bisogno era grande, la miseria ovvia. Nella foresta pluviale del Camerun, Karina Rey non riusciva pi\u00f9 a far finta di niente. Doveva aiutare ad alleviare questa miseria delle persone. La collaboratrice di Fairmed parla con DeinAdieu del suo impegno per i pi\u00f9 poveri.<\/p>\n","protected":false},"author":2,"featured_media":53926,"comment_status":"open","ping_status":"closed","sticky":false,"template":"","format":"standard","meta":{"_acf_changed":false,"footnotes":""},"categories":[2474],"tags":[2522],"class_list":["post-55129","post","type-post","status-publish","format-standard","has-post-thumbnail","hentry","category-opere-caritative","tag-cosa-puo-fare-la-mia-eredita"],"acf":[],"yoast_head":"<title>\u00abFAIRMED \u00e8 attiva dove infieriscono le malattie della povert\u00e0\u00bb<\/title>\n<meta name=\"description\" content=\"Il bisogno \u00e8 grande in Camerun. Karina Frey, collaboratrice di Fairmed, parla con DeinAdieu del suo impegno per i pi\u00f9 poveri.\" \/>\n<meta name=\"robots\" content=\"index, follow, max-snippet:-1, max-image-preview:large, max-video-preview:-1\" \/>\n<link rel=\"canonical\" href=\"https:\/\/www.deinadieu.ch\/it\/karina-rey-fairmed-e-attiva-dove-infieriscono-le-malattie-della-poverta\/\" \/>\n<meta property=\"og:locale\" content=\"it_IT\" \/>\n<meta property=\"og:type\" content=\"article\" \/>\n<meta property=\"og:title\" content=\"Karina Rey: \u00abFAIRMED \u00e8 attiva dove infieriscono le malattie della povert\u00e0\u00bb\" \/>\n<meta property=\"og:description\" content=\"Il bisogno era grande, la miseria ovvia. Nella foresta pluviale del Camerun, Karina Rey non riusciva pi\u00f9 a far finta di niente. Doveva aiutare ad\" \/>\n<meta property=\"og:url\" content=\"https:\/\/www.deinadieu.ch\/it\/karina-rey-fairmed-e-attiva-dove-infieriscono-le-malattie-della-poverta\/\" \/>\n<meta property=\"og:site_name\" content=\"DeinAdieu.ch\" \/>\n<meta property=\"article:publisher\" content=\"https:\/\/www.facebook.com\/deinadieu\" \/>\n<meta property=\"article:published_time\" content=\"2021-10-22T10:16:00+00:00\" \/>\n<meta property=\"article:modified_time\" content=\"2022-05-22T09:00:57+00:00\" \/>\n<meta property=\"og:image\" content=\"https:\/\/static.deinadieu.ch\/uploads\/2021\/10\/KarinaRey_07.jpg\" \/>\n\t<meta property=\"og:image:width\" content=\"1280\" \/>\n\t<meta property=\"og:image:height\" content=\"720\" \/>\n\t<meta property=\"og:image:type\" content=\"image\/jpeg\" \/>\n<meta name=\"author\" content=\"Martin Schuppli\" \/>\n<meta name=\"twitter:card\" content=\"summary_large_image\" \/>\n<meta name=\"twitter:creator\" content=\"@DeinAdieu\" \/>\n<meta name=\"twitter:site\" content=\"@DeinAdieu\" \/>\n<meta name=\"twitter:label1\" content=\"Written by\" \/>\n\t<meta name=\"twitter:data1\" content=\"Martin Schuppli\" \/>\n\t<meta name=\"twitter:label2\" content=\"Est. reading time\" \/>\n\t<meta name=\"twitter:data2\" content=\"7 minutes\" \/>\n<script type=\"application\/ld+json\" class=\"yoast-schema-graph\">{\"@context\":\"https:\\\/\\\/schema.org\",\"@graph\":[{\"@type\":\"Article\",\"@id\":\"https:\\\/\\\/www.deinadieu.ch\\\/it\\\/karina-rey-fairmed-e-attiva-dove-infieriscono-le-malattie-della-poverta\\\/#article\",\"isPartOf\":{\"@id\":\"https:\\\/\\\/www.deinadieu.ch\\\/it\\\/karina-rey-fairmed-e-attiva-dove-infieriscono-le-malattie-della-poverta\\\/\"},\"author\":{\"name\":\"Martin Schuppli\",\"@id\":\"https:\\\/\\\/www.deinadieu.ch\\\/it\\\/#\\\/schema\\\/person\\\/47522dd97d1b840f11a7e637e69c4a82\"},\"headline\":\"Karina Rey: \u00abFAIRMED \u00e8 attiva dove infieriscono le malattie della povert\u00e0\u00bb\",\"datePublished\":\"2021-10-22T10:16:00+00:00\",\"dateModified\":\"2022-05-22T09:00:57+00:00\",\"mainEntityOfPage\":{\"@id\":\"https:\\\/\\\/www.deinadieu.ch\\\/it\\\/karina-rey-fairmed-e-attiva-dove-infieriscono-le-malattie-della-poverta\\\/\"},\"wordCount\":1396,\"commentCount\":0,\"publisher\":{\"@id\":\"https:\\\/\\\/www.deinadieu.ch\\\/it\\\/#organization\"},\"image\":{\"@id\":\"https:\\\/\\\/www.deinadieu.ch\\\/it\\\/karina-rey-fairmed-e-attiva-dove-infieriscono-le-malattie-della-poverta\\\/#primaryimage\"},\"thumbnailUrl\":\"https:\\\/\\\/www.deinadieu.ch\\\/wp-content\\\/uploads\\\/2021\\\/10\\\/KarinaRey_07.jpg\",\"keywords\":[\"Cosa pu\u00f2 fare la mia eredit\u00e0?\"],\"articleSection\":[\"Focus sulle opere caritative\"],\"inLanguage\":\"it-IT\",\"potentialAction\":[{\"@type\":\"CommentAction\",\"name\":\"Comment\",\"target\":[\"https:\\\/\\\/www.deinadieu.ch\\\/it\\\/karina-rey-fairmed-e-attiva-dove-infieriscono-le-malattie-della-poverta\\\/#respond\"]}]},{\"@type\":\"WebPage\",\"@id\":\"https:\\\/\\\/www.deinadieu.ch\\\/it\\\/karina-rey-fairmed-e-attiva-dove-infieriscono-le-malattie-della-poverta\\\/\",\"url\":\"https:\\\/\\\/www.deinadieu.ch\\\/it\\\/karina-rey-fairmed-e-attiva-dove-infieriscono-le-malattie-della-poverta\\\/\",\"name\":\"\u00abFAIRMED \u00e8 attiva dove infieriscono le malattie della povert\u00e0\u00bb\",\"isPartOf\":{\"@id\":\"https:\\\/\\\/www.deinadieu.ch\\\/it\\\/#website\"},\"primaryImageOfPage\":{\"@id\":\"https:\\\/\\\/www.deinadieu.ch\\\/it\\\/karina-rey-fairmed-e-attiva-dove-infieriscono-le-malattie-della-poverta\\\/#primaryimage\"},\"image\":{\"@id\":\"https:\\\/\\\/www.deinadieu.ch\\\/it\\\/karina-rey-fairmed-e-attiva-dove-infieriscono-le-malattie-della-poverta\\\/#primaryimage\"},\"thumbnailUrl\":\"https:\\\/\\\/www.deinadieu.ch\\\/wp-content\\\/uploads\\\/2021\\\/10\\\/KarinaRey_07.jpg\",\"datePublished\":\"2021-10-22T10:16:00+00:00\",\"dateModified\":\"2022-05-22T09:00:57+00:00\",\"description\":\"Il bisogno \u00e8 grande in Camerun. Karina Frey, collaboratrice di Fairmed, parla con DeinAdieu del suo impegno per i pi\u00f9 poveri.\",\"breadcrumb\":{\"@id\":\"https:\\\/\\\/www.deinadieu.ch\\\/it\\\/karina-rey-fairmed-e-attiva-dove-infieriscono-le-malattie-della-poverta\\\/#breadcrumb\"},\"inLanguage\":\"it-IT\",\"potentialAction\":[{\"@type\":\"ReadAction\",\"target\":[\"https:\\\/\\\/www.deinadieu.ch\\\/it\\\/karina-rey-fairmed-e-attiva-dove-infieriscono-le-malattie-della-poverta\\\/\"]}]},{\"@type\":\"ImageObject\",\"inLanguage\":\"it-IT\",\"@id\":\"https:\\\/\\\/www.deinadieu.ch\\\/it\\\/karina-rey-fairmed-e-attiva-dove-infieriscono-le-malattie-della-poverta\\\/#primaryimage\",\"url\":\"https:\\\/\\\/www.deinadieu.ch\\\/wp-content\\\/uploads\\\/2021\\\/10\\\/KarinaRey_07.jpg\",\"contentUrl\":\"https:\\\/\\\/www.deinadieu.ch\\\/wp-content\\\/uploads\\\/2021\\\/10\\\/KarinaRey_07.jpg\",\"width\":1280,\"height\":720,\"caption\":\"Karina Rey nell'ufficio di Fairmed a Berna. Ha vissuto e lavorato con suo marito in Camerun. Questo ha lasciato un segno. (Foto Ueli Hiltpold)\"},{\"@type\":\"BreadcrumbList\",\"@id\":\"https:\\\/\\\/www.deinadieu.ch\\\/it\\\/karina-rey-fairmed-e-attiva-dove-infieriscono-le-malattie-della-poverta\\\/#breadcrumb\",\"itemListElement\":[{\"@type\":\"ListItem\",\"position\":1,\"name\":\"Home\",\"item\":\"https:\\\/\\\/www.deinadieu.ch\\\/it\\\/deinadieu-dialog-und-serviceportal-zum-lebensende\\\/\"},{\"@type\":\"ListItem\",\"position\":2,\"name\":\"Karina Rey: \u00abFAIRMED \u00e8 attiva dove infieriscono le malattie della povert\u00e0\u00bb\"}]},{\"@type\":\"WebSite\",\"@id\":\"https:\\\/\\\/www.deinadieu.ch\\\/it\\\/#website\",\"url\":\"https:\\\/\\\/www.deinadieu.ch\\\/it\\\/\",\"name\":\"DeinAdieu.ch\",\"description\":\"Testament, Patientenverf\u00fcgung und Vorsorgeauftrag\",\"publisher\":{\"@id\":\"https:\\\/\\\/www.deinadieu.ch\\\/it\\\/#organization\"},\"potentialAction\":[{\"@type\":\"SearchAction\",\"target\":{\"@type\":\"EntryPoint\",\"urlTemplate\":\"https:\\\/\\\/www.deinadieu.ch\\\/it\\\/?s={search_term_string}\"},\"query-input\":{\"@type\":\"PropertyValueSpecification\",\"valueRequired\":true,\"valueName\":\"search_term_string\"}}],\"inLanguage\":\"it-IT\"},{\"@type\":\"Organization\",\"@id\":\"https:\\\/\\\/www.deinadieu.ch\\\/it\\\/#organization\",\"name\":\"EMNA Web GmbH\",\"url\":\"https:\\\/\\\/www.deinadieu.ch\\\/it\\\/\",\"logo\":{\"@type\":\"ImageObject\",\"inLanguage\":\"it-IT\",\"@id\":\"https:\\\/\\\/www.deinadieu.ch\\\/it\\\/#\\\/schema\\\/logo\\\/image\\\/\",\"url\":\"https:\\\/\\\/www.deinadieu.ch\\\/wp-content\\\/uploads\\\/2016\\\/01\\\/DeinAdieu_Logo.png\",\"contentUrl\":\"https:\\\/\\\/www.deinadieu.ch\\\/wp-content\\\/uploads\\\/2016\\\/01\\\/DeinAdieu_Logo.png\",\"width\":300,\"height\":117,\"caption\":\"EMNA Web GmbH\"},\"image\":{\"@id\":\"https:\\\/\\\/www.deinadieu.ch\\\/it\\\/#\\\/schema\\\/logo\\\/image\\\/\"},\"sameAs\":[\"https:\\\/\\\/www.facebook.com\\\/deinadieu\",\"https:\\\/\\\/x.com\\\/DeinAdieu\",\"https:\\\/\\\/www.instagram.com\\\/deinadieu\\\/\",\"https:\\\/\\\/www.linkedin.com\\\/company\\\/deinadieu.ch\"]},{\"@type\":\"Person\",\"@id\":\"https:\\\/\\\/www.deinadieu.ch\\\/it\\\/#\\\/schema\\\/person\\\/47522dd97d1b840f11a7e637e69c4a82\",\"name\":\"Martin Schuppli\",\"image\":{\"@type\":\"ImageObject\",\"inLanguage\":\"it-IT\",\"@id\":\"https:\\\/\\\/secure.gravatar.com\\\/avatar\\\/3f6dee2a3d53d202b91ce982afc75191f59466c9d54dc61e5322d152b8eb2881?s=96&d=mm&r=g\",\"url\":\"https:\\\/\\\/secure.gravatar.com\\\/avatar\\\/3f6dee2a3d53d202b91ce982afc75191f59466c9d54dc61e5322d152b8eb2881?s=96&d=mm&r=g\",\"contentUrl\":\"https:\\\/\\\/secure.gravatar.com\\\/avatar\\\/3f6dee2a3d53d202b91ce982afc75191f59466c9d54dc61e5322d152b8eb2881?s=96&d=mm&r=g\",\"caption\":\"Martin Schuppli\"},\"description\":\"Martin Schuppli, *1955, arbeitete w\u00e4hrend 30 Jahren als Journalist bei Ringier AG. Er begann als Produzent beim Blick, schrieb sp\u00e4ter f\u00fcr SonntagsBlick, Gesundheit-Sprechstunde und Schweizer Illustrierte. 2009 machte er sich selbstst\u00e4ndig, sagte: \u00abIch schreibe mich durchs Leben.\u00bb Seit 2015 ist Martin Schuppli zusammen mit Nicolas Gehrig, CEO und dem Team daran, das Webportal DeinAdieu aufzubauen. \u00abHier kann ich schreiben. Und zwar \u00fcber das, was die Menschen am meisten interessiert. \u00dcber Menschen.\u00bb\",\"url\":\"https:\\\/\\\/www.deinadieu.ch\\\/it\\\/author\\\/martin\\\/\"}]}<\/script>","yoast_head_json":{"title":"\u00abFAIRMED \u00e8 attiva dove infieriscono le malattie della povert\u00e0\u00bb","description":"Il bisogno \u00e8 grande in Camerun. Karina Frey, collaboratrice di Fairmed, parla con DeinAdieu del suo impegno per i pi\u00f9 poveri.","robots":{"index":"index","follow":"follow","max-snippet":"max-snippet:-1","max-image-preview":"max-image-preview:large","max-video-preview":"max-video-preview:-1"},"canonical":"https:\/\/www.deinadieu.ch\/it\/karina-rey-fairmed-e-attiva-dove-infieriscono-le-malattie-della-poverta\/","og_locale":"it_IT","og_type":"article","og_title":"Karina Rey: \u00abFAIRMED \u00e8 attiva dove infieriscono le malattie della povert\u00e0\u00bb","og_description":"Il bisogno era grande, la miseria ovvia. Nella foresta pluviale del Camerun, Karina Rey non riusciva pi\u00f9 a far finta di niente. Doveva aiutare ad","og_url":"https:\/\/www.deinadieu.ch\/it\/karina-rey-fairmed-e-attiva-dove-infieriscono-le-malattie-della-poverta\/","og_site_name":"DeinAdieu.ch","article_publisher":"https:\/\/www.facebook.com\/deinadieu","article_published_time":"2021-10-22T10:16:00+00:00","article_modified_time":"2022-05-22T09:00:57+00:00","og_image":[{"width":1280,"height":720,"url":"https:\/\/static.deinadieu.ch\/uploads\/2021\/10\/KarinaRey_07.jpg","type":"image\/jpeg"}],"author":"Martin Schuppli","twitter_card":"summary_large_image","twitter_creator":"@DeinAdieu","twitter_site":"@DeinAdieu","twitter_misc":{"Written by":"Martin Schuppli","Est. reading time":"7 minutes"},"schema":{"@context":"https:\/\/schema.org","@graph":[{"@type":"Article","@id":"https:\/\/www.deinadieu.ch\/it\/karina-rey-fairmed-e-attiva-dove-infieriscono-le-malattie-della-poverta\/#article","isPartOf":{"@id":"https:\/\/www.deinadieu.ch\/it\/karina-rey-fairmed-e-attiva-dove-infieriscono-le-malattie-della-poverta\/"},"author":{"name":"Martin Schuppli","@id":"https:\/\/www.deinadieu.ch\/it\/#\/schema\/person\/47522dd97d1b840f11a7e637e69c4a82"},"headline":"Karina Rey: \u00abFAIRMED \u00e8 attiva dove infieriscono le malattie della povert\u00e0\u00bb","datePublished":"2021-10-22T10:16:00+00:00","dateModified":"2022-05-22T09:00:57+00:00","mainEntityOfPage":{"@id":"https:\/\/www.deinadieu.ch\/it\/karina-rey-fairmed-e-attiva-dove-infieriscono-le-malattie-della-poverta\/"},"wordCount":1396,"commentCount":0,"publisher":{"@id":"https:\/\/www.deinadieu.ch\/it\/#organization"},"image":{"@id":"https:\/\/www.deinadieu.ch\/it\/karina-rey-fairmed-e-attiva-dove-infieriscono-le-malattie-della-poverta\/#primaryimage"},"thumbnailUrl":"https:\/\/www.deinadieu.ch\/wp-content\/uploads\/2021\/10\/KarinaRey_07.jpg","keywords":["Cosa pu\u00f2 fare la mia eredit\u00e0?"],"articleSection":["Focus sulle opere caritative"],"inLanguage":"it-IT","potentialAction":[{"@type":"CommentAction","name":"Comment","target":["https:\/\/www.deinadieu.ch\/it\/karina-rey-fairmed-e-attiva-dove-infieriscono-le-malattie-della-poverta\/#respond"]}]},{"@type":"WebPage","@id":"https:\/\/www.deinadieu.ch\/it\/karina-rey-fairmed-e-attiva-dove-infieriscono-le-malattie-della-poverta\/","url":"https:\/\/www.deinadieu.ch\/it\/karina-rey-fairmed-e-attiva-dove-infieriscono-le-malattie-della-poverta\/","name":"\u00abFAIRMED \u00e8 attiva dove infieriscono le malattie della povert\u00e0\u00bb","isPartOf":{"@id":"https:\/\/www.deinadieu.ch\/it\/#website"},"primaryImageOfPage":{"@id":"https:\/\/www.deinadieu.ch\/it\/karina-rey-fairmed-e-attiva-dove-infieriscono-le-malattie-della-poverta\/#primaryimage"},"image":{"@id":"https:\/\/www.deinadieu.ch\/it\/karina-rey-fairmed-e-attiva-dove-infieriscono-le-malattie-della-poverta\/#primaryimage"},"thumbnailUrl":"https:\/\/www.deinadieu.ch\/wp-content\/uploads\/2021\/10\/KarinaRey_07.jpg","datePublished":"2021-10-22T10:16:00+00:00","dateModified":"2022-05-22T09:00:57+00:00","description":"Il bisogno \u00e8 grande in Camerun. Karina Frey, collaboratrice di Fairmed, parla con DeinAdieu del suo impegno per i pi\u00f9 poveri.","breadcrumb":{"@id":"https:\/\/www.deinadieu.ch\/it\/karina-rey-fairmed-e-attiva-dove-infieriscono-le-malattie-della-poverta\/#breadcrumb"},"inLanguage":"it-IT","potentialAction":[{"@type":"ReadAction","target":["https:\/\/www.deinadieu.ch\/it\/karina-rey-fairmed-e-attiva-dove-infieriscono-le-malattie-della-poverta\/"]}]},{"@type":"ImageObject","inLanguage":"it-IT","@id":"https:\/\/www.deinadieu.ch\/it\/karina-rey-fairmed-e-attiva-dove-infieriscono-le-malattie-della-poverta\/#primaryimage","url":"https:\/\/www.deinadieu.ch\/wp-content\/uploads\/2021\/10\/KarinaRey_07.jpg","contentUrl":"https:\/\/www.deinadieu.ch\/wp-content\/uploads\/2021\/10\/KarinaRey_07.jpg","width":1280,"height":720,"caption":"Karina Rey nell'ufficio di Fairmed a Berna. Ha vissuto e lavorato con suo marito in Camerun. Questo ha lasciato un segno. (Foto Ueli Hiltpold)"},{"@type":"BreadcrumbList","@id":"https:\/\/www.deinadieu.ch\/it\/karina-rey-fairmed-e-attiva-dove-infieriscono-le-malattie-della-poverta\/#breadcrumb","itemListElement":[{"@type":"ListItem","position":1,"name":"Home","item":"https:\/\/www.deinadieu.ch\/it\/deinadieu-dialog-und-serviceportal-zum-lebensende\/"},{"@type":"ListItem","position":2,"name":"Karina Rey: \u00abFAIRMED \u00e8 attiva dove infieriscono le malattie della povert\u00e0\u00bb"}]},{"@type":"WebSite","@id":"https:\/\/www.deinadieu.ch\/it\/#website","url":"https:\/\/www.deinadieu.ch\/it\/","name":"DeinAdieu.ch","description":"Testament, Patientenverf\u00fcgung und Vorsorgeauftrag","publisher":{"@id":"https:\/\/www.deinadieu.ch\/it\/#organization"},"potentialAction":[{"@type":"SearchAction","target":{"@type":"EntryPoint","urlTemplate":"https:\/\/www.deinadieu.ch\/it\/?s={search_term_string}"},"query-input":{"@type":"PropertyValueSpecification","valueRequired":true,"valueName":"search_term_string"}}],"inLanguage":"it-IT"},{"@type":"Organization","@id":"https:\/\/www.deinadieu.ch\/it\/#organization","name":"EMNA Web GmbH","url":"https:\/\/www.deinadieu.ch\/it\/","logo":{"@type":"ImageObject","inLanguage":"it-IT","@id":"https:\/\/www.deinadieu.ch\/it\/#\/schema\/logo\/image\/","url":"https:\/\/www.deinadieu.ch\/wp-content\/uploads\/2016\/01\/DeinAdieu_Logo.png","contentUrl":"https:\/\/www.deinadieu.ch\/wp-content\/uploads\/2016\/01\/DeinAdieu_Logo.png","width":300,"height":117,"caption":"EMNA Web GmbH"},"image":{"@id":"https:\/\/www.deinadieu.ch\/it\/#\/schema\/logo\/image\/"},"sameAs":["https:\/\/www.facebook.com\/deinadieu","https:\/\/x.com\/DeinAdieu","https:\/\/www.instagram.com\/deinadieu\/","https:\/\/www.linkedin.com\/company\/deinadieu.ch"]},{"@type":"Person","@id":"https:\/\/www.deinadieu.ch\/it\/#\/schema\/person\/47522dd97d1b840f11a7e637e69c4a82","name":"Martin Schuppli","image":{"@type":"ImageObject","inLanguage":"it-IT","@id":"https:\/\/secure.gravatar.com\/avatar\/3f6dee2a3d53d202b91ce982afc75191f59466c9d54dc61e5322d152b8eb2881?s=96&d=mm&r=g","url":"https:\/\/secure.gravatar.com\/avatar\/3f6dee2a3d53d202b91ce982afc75191f59466c9d54dc61e5322d152b8eb2881?s=96&d=mm&r=g","contentUrl":"https:\/\/secure.gravatar.com\/avatar\/3f6dee2a3d53d202b91ce982afc75191f59466c9d54dc61e5322d152b8eb2881?s=96&d=mm&r=g","caption":"Martin Schuppli"},"description":"Martin Schuppli, *1955, arbeitete w\u00e4hrend 30 Jahren als Journalist bei Ringier AG. Er begann als Produzent beim Blick, schrieb sp\u00e4ter f\u00fcr SonntagsBlick, Gesundheit-Sprechstunde und Schweizer Illustrierte. 2009 machte er sich selbstst\u00e4ndig, sagte: \u00abIch schreibe mich durchs Leben.\u00bb Seit 2015 ist Martin Schuppli zusammen mit Nicolas Gehrig, CEO und dem Team daran, das Webportal DeinAdieu aufzubauen. \u00abHier kann ich schreiben. Und zwar \u00fcber das, was die Menschen am meisten interessiert. \u00dcber Menschen.\u00bb","url":"https:\/\/www.deinadieu.ch\/it\/author\/martin\/"}]}},"_links":{"self":[{"href":"https:\/\/www.deinadieu.ch\/it\/wp-json\/wp\/v2\/posts\/55129","targetHints":{"allow":["GET"]}}],"collection":[{"href":"https:\/\/www.deinadieu.ch\/it\/wp-json\/wp\/v2\/posts"}],"about":[{"href":"https:\/\/www.deinadieu.ch\/it\/wp-json\/wp\/v2\/types\/post"}],"author":[{"embeddable":true,"href":"https:\/\/www.deinadieu.ch\/it\/wp-json\/wp\/v2\/users\/2"}],"replies":[{"embeddable":true,"href":"https:\/\/www.deinadieu.ch\/it\/wp-json\/wp\/v2\/comments?post=55129"}],"version-history":[{"count":13,"href":"https:\/\/www.deinadieu.ch\/it\/wp-json\/wp\/v2\/posts\/55129\/revisions"}],"predecessor-version":[{"id":56940,"href":"https:\/\/www.deinadieu.ch\/it\/wp-json\/wp\/v2\/posts\/55129\/revisions\/56940"}],"wp:featuredmedia":[{"embeddable":true,"href":"https:\/\/www.deinadieu.ch\/it\/wp-json\/wp\/v2\/media\/53926"}],"wp:attachment":[{"href":"https:\/\/www.deinadieu.ch\/it\/wp-json\/wp\/v2\/media?parent=55129"}],"wp:term":[{"taxonomy":"category","embeddable":true,"href":"https:\/\/www.deinadieu.ch\/it\/wp-json\/wp\/v2\/categories?post=55129"},{"taxonomy":"post_tag","embeddable":true,"href":"https:\/\/www.deinadieu.ch\/it\/wp-json\/wp\/v2\/tags?post=55129"}],"curies":[{"name":"wp","href":"https:\/\/api.w.org\/{rel}","templated":true}]}}