{"id":52980,"date":"2016-11-18T15:34:30","date_gmt":"2016-11-18T14:34:30","guid":{"rendered":"https:\/\/www.deinadieu.ch\/il-testamento-requisiti-di-forma-e-contenuto\/"},"modified":"2022-01-16T13:44:21","modified_gmt":"2022-01-16T12:44:21","slug":"il-testamento-requisiti-di-forma-e-contenuto","status":"publish","type":"post","link":"https:\/\/www.deinadieu.ch\/it\/il-testamento-requisiti-di-forma-e-contenuto\/","title":{"rendered":"Il testamento \u2013 requisiti di forma e contenuto"},"content":{"rendered":"\n<p>In caso di morte, il testamento \u00e8 spesso il documento pi\u00f9 importante che rimane. Per essere valido, deve soddisfare determinati requisiti formali. Di solito deve essere scritto a mano, datato e firmato.<\/p>\n\n<!--more-->\n\n<h2 class=\"wp-block-heading\" id=\"h-anforderungen-an-die-verf-gende-person\">Requisiti per il soggetto che dispone<\/h2>\n\n<p>Affinch\u00e9 un testamento sia scritto validamente, il testatore deve soddisfare determinati criteri. Deve aver raggiunto l&#8217;et\u00e0 di 18 anni ed essere privo di influenze sensoriali al momento della scrittura. Deve essere consapevole delle sue azioni e dei loro effetti. Se questi requisiti non sono soddisfatti, il testamento \u00e8 nullo e non trova applicazione.<\/p>\n\n<p>\u00c8 diverso se una persona ha scritto il suo testamento sotto l&#8217;influenza di un errore, una violenza o minaccia. Tale testamento non \u00e8 valido e pu\u00f2 essere impugnato. Diventa per\u00f2 valido se il disponente non lo ha revocato entro un anno dal momento in cui ha avuto conoscenza dell\u2019errore o in cui sono cessati gli effetti della violenza o minaccia.<\/p>\n\n<h2 class=\"wp-block-heading\" id=\"h-verschiedene-verf-gungsarten\">Diversi tipi di disposizione<\/h2>\n\n<p>Per redigere una disposizione testamentaria la legge prevede diverse varianti. La pi\u00f9 importante e sicura \u00e8 l&#8217;<a href=\"https:\/\/www.deinadieu.ch\/it\/guida\/lautenticazione-notarile-quando-serve-un-notaio\/\" target=\"_blank\" rel=\"noopener\">autenticazione pubblica<\/a>.<\/p>\n\n<p>In questo caso, il testatore si reca con due testimoni da un pubblico ufficiale che \u00e8 determinato dalla legge cantonale. L\u00ec il testatore esprime la sua volont\u00e0, che viene fissata in un documento. Tutte le parti coinvolte confermano con la loro firma che questa \u00e8 la vera volont\u00e0 del testatore e che egli era capace di discernimento. Il testatore riceve quindi una copia dell&#8217;atto, mentre l&#8217;originale \u00e8 custodito fino alla morte secondo il diritto cantonale. In questo modo l&#8217;atto ha un <strong>alto grado di legittimit\u00e0<\/strong> e diventa difficile contestarlo.<\/p>\n\n<p>La seconda cosa pi\u00f9 importante \u00e8 la disposizione manoscritta (cfr. <a href=\"https:\/\/www.deinadieu.ch\/ratgeber\/das-handschriftliche-testament\/\" target=\"_blank\" rel=\"noopener\">Il testamento olografo<\/a>). In tal caso, la persona scrive la propria volont\u00e0 da sola. Il documento deve essere scritto a mano, contenere informazioni sull&#8217;anno, mese e giorno di stesura ed essere firmato. Poich\u00e9 tutto ci\u00f2 pu\u00f2 essere fatto in autonomia, \u00e8 pi\u00f9 possibile sollevare dubbi sulla capacit\u00e0 del testatore di disporre. Il <a href=\"https:\/\/app.deinadieu.ch\/testamentgenerator\" target=\"_blank\" rel=\"noopener\">Generatore di testamento<\/a> di DeinAdieu permette di creare modelli per testamenti scritti a mano.<\/p>\n\n<p>Infine, esiste anche il <a href=\"https:\/\/www.deinadieu.ch\/das-nottestament-voraussetzungen-und-zustande-kommen\/\" target=\"_blank\" rel=\"noopener\">testamento d&#8217;emergenza<\/a>, che viene utilizzato solo in circostanze straordinarie.<\/p>\n\n        <div class=\"relative shadow-lg -mx-12 mb-4 overflow-hidden\" style=\"background-image: url('https:\/\/www.deinadieu.ch\/wp-content\/themes\/da-v4\/assets\/v4\/banner\/testament.jpg'); background-size: cover; background-position: center\">\n            <div class=\"banner-white-box md:w-3\/5 text-black -ml-16 pl-16\" style=\"background-color: rgba(255,255,255,0.75)\">\n                <div class=\"inner\">\n                    <div class=\"text-2xl p-12\"><strong>Non avete ancora scritto un testamento?<\/strong> Generate ora un modello PDF gratuito per<\/div>\n                    <div class=\"px-12 md:mr-16\">\n                        <a href=\"https:\/\/app.deinadieu.ch\/testament\" target=\"_blank\" class=\"btn btn-da btn-small btn-block\">me<\/a>\n                        <a href=\"https:\/\/app.deinadieu.ch\/testament\" target=\"_blank\" class=\"mt-4 btn btn-da btn-small btn-block\">un'altra persona<\/a>\n                    <\/div>\n                    <div class=\"px-12 py-8\">\n                        <img decoding=\"async\" src=\"https:\/\/www.deinadieu.ch\/wp-content\/themes\/da-v4\/assets\/v4\/deinadieu_logo_dark.svg\" class=\"h-12\">\n                    <\/div>\n                <\/div>\n            <\/div>\n        <\/div>\n        \n\n<h2 class=\"wp-block-heading\" id=\"h-inhalte-eines-testaments\">Contenuti di un testamento<\/h2>\n\n<p>Una disposizione testamentaria stabilisce cosa dovrebbe essere fatto con la propriet\u00e0 di una persona dopo la sua morte. Nel farlo la persona non \u00e8 completamente libera. La legge designa gli eredi regolari, come i coniugi o i discendenti, e assegna loro una porzione legittima (cfr. <a href=\"https:\/\/www.deinadieu.ch\/le-porzioni-legittime-nel-diritto-successorio\/\" target=\"_blank\" rel=\"noopener\">Le porzioni legittime nel diritto successorio<\/a>). Una persona pu\u00f2 anche includere desideri sulla propria sepoltura in un testamento. Tuttavia, questi sono solo desideri e non sono legalmente applicabili.<\/p>\n\n<h2 class=\"wp-block-heading\" id=\"h-widerruf-eines-testaments\">Revoca di un testamento<\/h2>\n\n<p>Il testatore pu\u00f2 revocare la sua disposizione in qualsiasi momento nella stessa forma che era necessaria per la sua creazione. Inoltre, il testatore pu\u00f2 revocare la sua disposizione distruggendo l&#8217;atto. Ci\u00f2 \u00e8 particolarmente rilevante nel caso di una disposizione olografa.<\/p>\n\n<div style=\"height:40px\" aria-hidden=\"true\" class=\"wp-block-spacer\"><\/div>\n\n<div class=\"wp-block-buttons is-layout-flex wp-block-buttons-is-layout-flex\">\n<div class=\"wp-block-button\"><a class=\"wp-block-button__link\" href=\"https:\/\/app.deinadieu.ch\/testamentgenerator\">Creare testamento qui<\/a><\/div>\n<\/div>\n","protected":false},"excerpt":{"rendered":"<p>In caso di morte, il testamento \u00e8 spesso il documento pi\u00f9 importante che rimane. Per essere valido, deve soddisfare determinati requisiti formali. Di solito deve essere scritto a mano, datato e firmato.<\/p>\n","protected":false},"author":2384,"featured_media":28516,"comment_status":"open","ping_status":"closed","sticky":false,"template":"","format":"standard","meta":{"_acf_changed":false,"footnotes":""},"categories":[],"tags":[],"class_list":["post-52980","post","type-post","status-publish","format-standard","has-post-thumbnail","hentry"],"acf":[],"yoast_head":"<title>Forma e contenuto testamento - Requisiti di forma Svizzera | DeinAdieu<\/title>\n<meta name=\"description\" content=\"Per mezzo di un testamento una persona pu\u00f2 disporre del patrimonio entro i limiti legali e decidere ci\u00f2 che deve essere fatto con esso dopo la sua morte.\" \/>\n<meta name=\"robots\" content=\"index, follow, max-snippet:-1, max-image-preview:large, max-video-preview:-1\" \/>\n<link rel=\"canonical\" href=\"https:\/\/www.deinadieu.ch\/it\/il-testamento-requisiti-di-forma-e-contenuto\/\" \/>\n<meta property=\"og:locale\" content=\"it_IT\" \/>\n<meta property=\"og:type\" content=\"article\" \/>\n<meta property=\"og:title\" content=\"Il testamento \u2013 requisiti di forma e contenuto\" \/>\n<meta property=\"og:description\" content=\"In caso di morte, il testamento \u00e8 spesso il documento pi\u00f9 importante che rimane. Per essere valido, deve soddisfare determinati requisiti formali. Di\" \/>\n<meta property=\"og:url\" content=\"https:\/\/www.deinadieu.ch\/it\/il-testamento-requisiti-di-forma-e-contenuto\/\" \/>\n<meta property=\"og:site_name\" content=\"DeinAdieu.ch\" \/>\n<meta property=\"article:publisher\" content=\"https:\/\/www.facebook.com\/deinadieu\" \/>\n<meta property=\"article:published_time\" content=\"2016-11-18T14:34:30+00:00\" \/>\n<meta property=\"article:modified_time\" content=\"2022-01-16T12:44:21+00:00\" \/>\n<meta property=\"og:image\" content=\"https:\/\/static.deinadieu.ch\/uploads\/2016\/11\/Blog_Testament.jpg\" \/>\n\t<meta property=\"og:image:width\" content=\"1330\" \/>\n\t<meta property=\"og:image:height\" content=\"719\" \/>\n\t<meta property=\"og:image:type\" content=\"image\/jpeg\" \/>\n<meta name=\"author\" content=\"Leonard Christen, B.A. HSG in Law\" \/>\n<meta name=\"twitter:card\" content=\"summary_large_image\" \/>\n<meta name=\"twitter:creator\" content=\"@DeinAdieu\" \/>\n<meta name=\"twitter:site\" content=\"@DeinAdieu\" \/>\n<meta name=\"twitter:label1\" content=\"Written by\" \/>\n\t<meta name=\"twitter:data1\" content=\"Leonard Christen, B.A. HSG in Law\" \/>\n\t<meta name=\"twitter:label2\" content=\"Est. reading time\" \/>\n\t<meta name=\"twitter:data2\" content=\"2 minutes\" \/>\n<script type=\"application\/ld+json\" class=\"yoast-schema-graph\">{\"@context\":\"https:\\\/\\\/schema.org\",\"@graph\":[{\"@type\":\"Article\",\"@id\":\"https:\\\/\\\/www.deinadieu.ch\\\/it\\\/il-testamento-requisiti-di-forma-e-contenuto\\\/#article\",\"isPartOf\":{\"@id\":\"https:\\\/\\\/www.deinadieu.ch\\\/it\\\/il-testamento-requisiti-di-forma-e-contenuto\\\/\"},\"author\":{\"name\":\"Leonard Christen, B.A. HSG in Law\",\"@id\":\"https:\\\/\\\/www.deinadieu.ch\\\/it\\\/#\\\/schema\\\/person\\\/b4f067595d9ad63f5e4cb8e7f9321f39\"},\"headline\":\"Il testamento \u2013 requisiti di forma e contenuto\",\"datePublished\":\"2016-11-18T14:34:30+00:00\",\"dateModified\":\"2022-01-16T12:44:21+00:00\",\"mainEntityOfPage\":{\"@id\":\"https:\\\/\\\/www.deinadieu.ch\\\/it\\\/il-testamento-requisiti-di-forma-e-contenuto\\\/\"},\"wordCount\":480,\"commentCount\":0,\"publisher\":{\"@id\":\"https:\\\/\\\/www.deinadieu.ch\\\/it\\\/#organization\"},\"image\":{\"@id\":\"https:\\\/\\\/www.deinadieu.ch\\\/it\\\/il-testamento-requisiti-di-forma-e-contenuto\\\/#primaryimage\"},\"thumbnailUrl\":\"https:\\\/\\\/www.deinadieu.ch\\\/wp-content\\\/uploads\\\/2016\\\/11\\\/Blog_Testament.jpg\",\"inLanguage\":\"it-IT\",\"potentialAction\":[{\"@type\":\"CommentAction\",\"name\":\"Comment\",\"target\":[\"https:\\\/\\\/www.deinadieu.ch\\\/it\\\/il-testamento-requisiti-di-forma-e-contenuto\\\/#respond\"]}]},{\"@type\":\"WebPage\",\"@id\":\"https:\\\/\\\/www.deinadieu.ch\\\/it\\\/il-testamento-requisiti-di-forma-e-contenuto\\\/\",\"url\":\"https:\\\/\\\/www.deinadieu.ch\\\/it\\\/il-testamento-requisiti-di-forma-e-contenuto\\\/\",\"name\":\"Forma e contenuto testamento - Requisiti di forma Svizzera | DeinAdieu\",\"isPartOf\":{\"@id\":\"https:\\\/\\\/www.deinadieu.ch\\\/it\\\/#website\"},\"primaryImageOfPage\":{\"@id\":\"https:\\\/\\\/www.deinadieu.ch\\\/it\\\/il-testamento-requisiti-di-forma-e-contenuto\\\/#primaryimage\"},\"image\":{\"@id\":\"https:\\\/\\\/www.deinadieu.ch\\\/it\\\/il-testamento-requisiti-di-forma-e-contenuto\\\/#primaryimage\"},\"thumbnailUrl\":\"https:\\\/\\\/www.deinadieu.ch\\\/wp-content\\\/uploads\\\/2016\\\/11\\\/Blog_Testament.jpg\",\"datePublished\":\"2016-11-18T14:34:30+00:00\",\"dateModified\":\"2022-01-16T12:44:21+00:00\",\"description\":\"Per mezzo di un testamento una persona pu\u00f2 disporre del patrimonio entro i limiti legali e decidere ci\u00f2 che deve essere fatto con esso dopo la sua morte.\",\"breadcrumb\":{\"@id\":\"https:\\\/\\\/www.deinadieu.ch\\\/it\\\/il-testamento-requisiti-di-forma-e-contenuto\\\/#breadcrumb\"},\"inLanguage\":\"it-IT\",\"potentialAction\":[{\"@type\":\"ReadAction\",\"target\":[\"https:\\\/\\\/www.deinadieu.ch\\\/it\\\/il-testamento-requisiti-di-forma-e-contenuto\\\/\"]}]},{\"@type\":\"ImageObject\",\"inLanguage\":\"it-IT\",\"@id\":\"https:\\\/\\\/www.deinadieu.ch\\\/it\\\/il-testamento-requisiti-di-forma-e-contenuto\\\/#primaryimage\",\"url\":\"https:\\\/\\\/www.deinadieu.ch\\\/wp-content\\\/uploads\\\/2016\\\/11\\\/Blog_Testament.jpg\",\"contentUrl\":\"https:\\\/\\\/www.deinadieu.ch\\\/wp-content\\\/uploads\\\/2016\\\/11\\\/Blog_Testament.jpg\",\"width\":1330,\"height\":719,\"caption\":\"Fa bene chi pensa gi\u00e0 presto di scrivere la propria ultima volont\u00e0 e scrive il proprio testamento.\"},{\"@type\":\"BreadcrumbList\",\"@id\":\"https:\\\/\\\/www.deinadieu.ch\\\/it\\\/il-testamento-requisiti-di-forma-e-contenuto\\\/#breadcrumb\",\"itemListElement\":[{\"@type\":\"ListItem\",\"position\":1,\"name\":\"Home\",\"item\":\"https:\\\/\\\/www.deinadieu.ch\\\/it\\\/deinadieu-dialog-und-serviceportal-zum-lebensende\\\/\"},{\"@type\":\"ListItem\",\"position\":2,\"name\":\"Il testamento \u2013 requisiti di forma e contenuto\"}]},{\"@type\":\"WebSite\",\"@id\":\"https:\\\/\\\/www.deinadieu.ch\\\/it\\\/#website\",\"url\":\"https:\\\/\\\/www.deinadieu.ch\\\/it\\\/\",\"name\":\"DeinAdieu.ch\",\"description\":\"Testament, Patientenverf\u00fcgung und Vorsorgeauftrag\",\"publisher\":{\"@id\":\"https:\\\/\\\/www.deinadieu.ch\\\/it\\\/#organization\"},\"potentialAction\":[{\"@type\":\"SearchAction\",\"target\":{\"@type\":\"EntryPoint\",\"urlTemplate\":\"https:\\\/\\\/www.deinadieu.ch\\\/it\\\/?s={search_term_string}\"},\"query-input\":{\"@type\":\"PropertyValueSpecification\",\"valueRequired\":true,\"valueName\":\"search_term_string\"}}],\"inLanguage\":\"it-IT\"},{\"@type\":\"Organization\",\"@id\":\"https:\\\/\\\/www.deinadieu.ch\\\/it\\\/#organization\",\"name\":\"EMNA Web GmbH\",\"url\":\"https:\\\/\\\/www.deinadieu.ch\\\/it\\\/\",\"logo\":{\"@type\":\"ImageObject\",\"inLanguage\":\"it-IT\",\"@id\":\"https:\\\/\\\/www.deinadieu.ch\\\/it\\\/#\\\/schema\\\/logo\\\/image\\\/\",\"url\":\"https:\\\/\\\/www.deinadieu.ch\\\/wp-content\\\/uploads\\\/2016\\\/01\\\/DeinAdieu_Logo.png\",\"contentUrl\":\"https:\\\/\\\/www.deinadieu.ch\\\/wp-content\\\/uploads\\\/2016\\\/01\\\/DeinAdieu_Logo.png\",\"width\":300,\"height\":117,\"caption\":\"EMNA Web GmbH\"},\"image\":{\"@id\":\"https:\\\/\\\/www.deinadieu.ch\\\/it\\\/#\\\/schema\\\/logo\\\/image\\\/\"},\"sameAs\":[\"https:\\\/\\\/www.facebook.com\\\/deinadieu\",\"https:\\\/\\\/x.com\\\/DeinAdieu\",\"https:\\\/\\\/www.instagram.com\\\/deinadieu\\\/\",\"https:\\\/\\\/www.linkedin.com\\\/company\\\/deinadieu.ch\"]},{\"@type\":\"Person\",\"@id\":\"https:\\\/\\\/www.deinadieu.ch\\\/it\\\/#\\\/schema\\\/person\\\/b4f067595d9ad63f5e4cb8e7f9321f39\",\"name\":\"Leonard Christen, B.A. HSG in Law\",\"image\":{\"@type\":\"ImageObject\",\"inLanguage\":\"it-IT\",\"@id\":\"https:\\\/\\\/secure.gravatar.com\\\/avatar\\\/9dac263d534a08543420377e16837a1cc0f07a21505948b7884f11f1cdbf7240?s=96&d=mm&r=g\",\"url\":\"https:\\\/\\\/secure.gravatar.com\\\/avatar\\\/9dac263d534a08543420377e16837a1cc0f07a21505948b7884f11f1cdbf7240?s=96&d=mm&r=g\",\"contentUrl\":\"https:\\\/\\\/secure.gravatar.com\\\/avatar\\\/9dac263d534a08543420377e16837a1cc0f07a21505948b7884f11f1cdbf7240?s=96&d=mm&r=g\",\"caption\":\"Leonard Christen, B.A. HSG in Law\"},\"url\":\"https:\\\/\\\/www.deinadieu.ch\\\/it\\\/author\\\/leonard-christen\\\/\"}]}<\/script>","yoast_head_json":{"title":"Forma e contenuto testamento - Requisiti di forma Svizzera | DeinAdieu","description":"Per mezzo di un testamento una persona pu\u00f2 disporre del patrimonio entro i limiti legali e decidere ci\u00f2 che deve essere fatto con esso dopo la sua morte.","robots":{"index":"index","follow":"follow","max-snippet":"max-snippet:-1","max-image-preview":"max-image-preview:large","max-video-preview":"max-video-preview:-1"},"canonical":"https:\/\/www.deinadieu.ch\/it\/il-testamento-requisiti-di-forma-e-contenuto\/","og_locale":"it_IT","og_type":"article","og_title":"Il testamento \u2013 requisiti di forma e contenuto","og_description":"In caso di morte, il testamento \u00e8 spesso il documento pi\u00f9 importante che rimane. Per essere valido, deve soddisfare determinati requisiti formali. Di","og_url":"https:\/\/www.deinadieu.ch\/it\/il-testamento-requisiti-di-forma-e-contenuto\/","og_site_name":"DeinAdieu.ch","article_publisher":"https:\/\/www.facebook.com\/deinadieu","article_published_time":"2016-11-18T14:34:30+00:00","article_modified_time":"2022-01-16T12:44:21+00:00","og_image":[{"width":1330,"height":719,"url":"https:\/\/static.deinadieu.ch\/uploads\/2016\/11\/Blog_Testament.jpg","type":"image\/jpeg"}],"author":"Leonard Christen, B.A. HSG in Law","twitter_card":"summary_large_image","twitter_creator":"@DeinAdieu","twitter_site":"@DeinAdieu","twitter_misc":{"Written by":"Leonard Christen, B.A. HSG in Law","Est. reading time":"2 minutes"},"schema":{"@context":"https:\/\/schema.org","@graph":[{"@type":"Article","@id":"https:\/\/www.deinadieu.ch\/it\/il-testamento-requisiti-di-forma-e-contenuto\/#article","isPartOf":{"@id":"https:\/\/www.deinadieu.ch\/it\/il-testamento-requisiti-di-forma-e-contenuto\/"},"author":{"name":"Leonard Christen, B.A. HSG in Law","@id":"https:\/\/www.deinadieu.ch\/it\/#\/schema\/person\/b4f067595d9ad63f5e4cb8e7f9321f39"},"headline":"Il testamento \u2013 requisiti di forma e contenuto","datePublished":"2016-11-18T14:34:30+00:00","dateModified":"2022-01-16T12:44:21+00:00","mainEntityOfPage":{"@id":"https:\/\/www.deinadieu.ch\/it\/il-testamento-requisiti-di-forma-e-contenuto\/"},"wordCount":480,"commentCount":0,"publisher":{"@id":"https:\/\/www.deinadieu.ch\/it\/#organization"},"image":{"@id":"https:\/\/www.deinadieu.ch\/it\/il-testamento-requisiti-di-forma-e-contenuto\/#primaryimage"},"thumbnailUrl":"https:\/\/www.deinadieu.ch\/wp-content\/uploads\/2016\/11\/Blog_Testament.jpg","inLanguage":"it-IT","potentialAction":[{"@type":"CommentAction","name":"Comment","target":["https:\/\/www.deinadieu.ch\/it\/il-testamento-requisiti-di-forma-e-contenuto\/#respond"]}]},{"@type":"WebPage","@id":"https:\/\/www.deinadieu.ch\/it\/il-testamento-requisiti-di-forma-e-contenuto\/","url":"https:\/\/www.deinadieu.ch\/it\/il-testamento-requisiti-di-forma-e-contenuto\/","name":"Forma e contenuto testamento - Requisiti di forma Svizzera | DeinAdieu","isPartOf":{"@id":"https:\/\/www.deinadieu.ch\/it\/#website"},"primaryImageOfPage":{"@id":"https:\/\/www.deinadieu.ch\/it\/il-testamento-requisiti-di-forma-e-contenuto\/#primaryimage"},"image":{"@id":"https:\/\/www.deinadieu.ch\/it\/il-testamento-requisiti-di-forma-e-contenuto\/#primaryimage"},"thumbnailUrl":"https:\/\/www.deinadieu.ch\/wp-content\/uploads\/2016\/11\/Blog_Testament.jpg","datePublished":"2016-11-18T14:34:30+00:00","dateModified":"2022-01-16T12:44:21+00:00","description":"Per mezzo di un testamento una persona pu\u00f2 disporre del patrimonio entro i limiti legali e decidere ci\u00f2 che deve essere fatto con esso dopo la sua morte.","breadcrumb":{"@id":"https:\/\/www.deinadieu.ch\/it\/il-testamento-requisiti-di-forma-e-contenuto\/#breadcrumb"},"inLanguage":"it-IT","potentialAction":[{"@type":"ReadAction","target":["https:\/\/www.deinadieu.ch\/it\/il-testamento-requisiti-di-forma-e-contenuto\/"]}]},{"@type":"ImageObject","inLanguage":"it-IT","@id":"https:\/\/www.deinadieu.ch\/it\/il-testamento-requisiti-di-forma-e-contenuto\/#primaryimage","url":"https:\/\/www.deinadieu.ch\/wp-content\/uploads\/2016\/11\/Blog_Testament.jpg","contentUrl":"https:\/\/www.deinadieu.ch\/wp-content\/uploads\/2016\/11\/Blog_Testament.jpg","width":1330,"height":719,"caption":"Fa bene chi pensa gi\u00e0 presto di scrivere la propria ultima volont\u00e0 e scrive il proprio testamento."},{"@type":"BreadcrumbList","@id":"https:\/\/www.deinadieu.ch\/it\/il-testamento-requisiti-di-forma-e-contenuto\/#breadcrumb","itemListElement":[{"@type":"ListItem","position":1,"name":"Home","item":"https:\/\/www.deinadieu.ch\/it\/deinadieu-dialog-und-serviceportal-zum-lebensende\/"},{"@type":"ListItem","position":2,"name":"Il testamento \u2013 requisiti di forma e contenuto"}]},{"@type":"WebSite","@id":"https:\/\/www.deinadieu.ch\/it\/#website","url":"https:\/\/www.deinadieu.ch\/it\/","name":"DeinAdieu.ch","description":"Testament, Patientenverf\u00fcgung und Vorsorgeauftrag","publisher":{"@id":"https:\/\/www.deinadieu.ch\/it\/#organization"},"potentialAction":[{"@type":"SearchAction","target":{"@type":"EntryPoint","urlTemplate":"https:\/\/www.deinadieu.ch\/it\/?s={search_term_string}"},"query-input":{"@type":"PropertyValueSpecification","valueRequired":true,"valueName":"search_term_string"}}],"inLanguage":"it-IT"},{"@type":"Organization","@id":"https:\/\/www.deinadieu.ch\/it\/#organization","name":"EMNA Web GmbH","url":"https:\/\/www.deinadieu.ch\/it\/","logo":{"@type":"ImageObject","inLanguage":"it-IT","@id":"https:\/\/www.deinadieu.ch\/it\/#\/schema\/logo\/image\/","url":"https:\/\/www.deinadieu.ch\/wp-content\/uploads\/2016\/01\/DeinAdieu_Logo.png","contentUrl":"https:\/\/www.deinadieu.ch\/wp-content\/uploads\/2016\/01\/DeinAdieu_Logo.png","width":300,"height":117,"caption":"EMNA Web GmbH"},"image":{"@id":"https:\/\/www.deinadieu.ch\/it\/#\/schema\/logo\/image\/"},"sameAs":["https:\/\/www.facebook.com\/deinadieu","https:\/\/x.com\/DeinAdieu","https:\/\/www.instagram.com\/deinadieu\/","https:\/\/www.linkedin.com\/company\/deinadieu.ch"]},{"@type":"Person","@id":"https:\/\/www.deinadieu.ch\/it\/#\/schema\/person\/b4f067595d9ad63f5e4cb8e7f9321f39","name":"Leonard Christen, B.A. HSG in Law","image":{"@type":"ImageObject","inLanguage":"it-IT","@id":"https:\/\/secure.gravatar.com\/avatar\/9dac263d534a08543420377e16837a1cc0f07a21505948b7884f11f1cdbf7240?s=96&d=mm&r=g","url":"https:\/\/secure.gravatar.com\/avatar\/9dac263d534a08543420377e16837a1cc0f07a21505948b7884f11f1cdbf7240?s=96&d=mm&r=g","contentUrl":"https:\/\/secure.gravatar.com\/avatar\/9dac263d534a08543420377e16837a1cc0f07a21505948b7884f11f1cdbf7240?s=96&d=mm&r=g","caption":"Leonard Christen, B.A. HSG in Law"},"url":"https:\/\/www.deinadieu.ch\/it\/author\/leonard-christen\/"}]}},"_links":{"self":[{"href":"https:\/\/www.deinadieu.ch\/it\/wp-json\/wp\/v2\/posts\/52980","targetHints":{"allow":["GET"]}}],"collection":[{"href":"https:\/\/www.deinadieu.ch\/it\/wp-json\/wp\/v2\/posts"}],"about":[{"href":"https:\/\/www.deinadieu.ch\/it\/wp-json\/wp\/v2\/types\/post"}],"author":[{"embeddable":true,"href":"https:\/\/www.deinadieu.ch\/it\/wp-json\/wp\/v2\/users\/2384"}],"replies":[{"embeddable":true,"href":"https:\/\/www.deinadieu.ch\/it\/wp-json\/wp\/v2\/comments?post=52980"}],"version-history":[{"count":6,"href":"https:\/\/www.deinadieu.ch\/it\/wp-json\/wp\/v2\/posts\/52980\/revisions"}],"predecessor-version":[{"id":55175,"href":"https:\/\/www.deinadieu.ch\/it\/wp-json\/wp\/v2\/posts\/52980\/revisions\/55175"}],"wp:featuredmedia":[{"embeddable":true,"href":"https:\/\/www.deinadieu.ch\/it\/wp-json\/wp\/v2\/media\/28516"}],"wp:attachment":[{"href":"https:\/\/www.deinadieu.ch\/it\/wp-json\/wp\/v2\/media?parent=52980"}],"wp:term":[{"taxonomy":"category","embeddable":true,"href":"https:\/\/www.deinadieu.ch\/it\/wp-json\/wp\/v2\/categories?post=52980"},{"taxonomy":"post_tag","embeddable":true,"href":"https:\/\/www.deinadieu.ch\/it\/wp-json\/wp\/v2\/tags?post=52980"}],"curies":[{"name":"wp","href":"https:\/\/api.w.org\/{rel}","templated":true}]}}