{"id":52799,"date":"2021-08-09T09:36:00","date_gmt":"2021-08-09T07:36:00","guid":{"rendered":"https:\/\/www.deinadieu.ch\/marlies-e-georges-bertschmann-sostengono-pro-infirmis-le-persone-con-disabilita-hanno-bisogno-di-una-buona-rete\/"},"modified":"2022-04-20T21:25:58","modified_gmt":"2022-04-20T19:25:58","slug":"marlies-e-georges-bertschmann-sostengono-pro-infirmis-le-persone-con-disabilita-hanno-bisogno-di-una-buona-rete","status":"publish","type":"post","link":"https:\/\/www.deinadieu.ch\/it\/marlies-e-georges-bertschmann-sostengono-pro-infirmis-le-persone-con-disabilita-hanno-bisogno-di-una-buona-rete\/","title":{"rendered":"Marlies e Georges Bertschmann sostengono Pro Infirmis: \u00abLe persone con disabilit\u00e0 hanno bisogno di una buona rete\u00bb"},"content":{"rendered":"\n<p><strong>Fare del bene. Pensare agli altri. Marlies e Georges Bertschmann di Zurigo ci raccontano perch\u00e9 nei loro testamenti hanno preso in considerazione vari enti assistenziali.<\/strong><\/p>\n\n<p>Sono due persone felici, Marlies e Georges Bertschmann. Noi, tutti vaccinati, ci salutiamo con il gomito. L&#8217;appartamento alla periferia di Zurigo \u00e8 luminoso e arredato in modo confortevole. \u00c8 grazie alla tempesta che ora possono vedere fino alla vicina scuola, dice Marlies Bertschmann, una vivace anziana a cui non avrei dato i quasi ottant&#8217;anni. <\/p>\n\n<p>Lei sorride. Si muove con leggerezza per l&#8217;appartamento, serve caff\u00e8 e torta. Suo marito annuisce quando gli chiedo se ha disegnato i quadri sul muro. \u00abHo iniziato a farlo quasi 50 anni fa. Mia zia mi ha mostrato alcuni trucchi manuali, il resto l&#8217;ho imparato io. Ho allestito un atelier qui in cantina.\u00bb <\/p>\n\n<figure class=\"wp-block-image size-large\"><img loading=\"lazy\" decoding=\"async\" width=\"1024\" height=\"576\" src=\"https:\/\/deinadieu.ch\/wp-content\/uploads\/2021\/08\/Blog_PI_Bertschmanns_beide_Sofa_Bild-1024x576.jpg\" alt=\"\" class=\"wp-image-52661\" srcset=\"https:\/\/www.deinadieu.ch\/wp-content\/uploads\/2021\/08\/Blog_PI_Bertschmanns_beide_Sofa_Bild-1024x576.jpg 1024w, https:\/\/www.deinadieu.ch\/wp-content\/uploads\/2021\/08\/Blog_PI_Bertschmanns_beide_Sofa_Bild-300x169.jpg 300w, https:\/\/www.deinadieu.ch\/wp-content\/uploads\/2021\/08\/Blog_PI_Bertschmanns_beide_Sofa_Bild.jpg 1280w\" sizes=\"auto, (max-width: 1024px) 100vw, 1024px\" \/><figcaption>\u00abBarca a vela sul Lago di Sils\u00bb. Georges Bertschmann con uno dei suoi quadri. (Foto: Peter Lauth)<\/figcaption><\/figure>\n\n<h2 class=\"wp-block-heading\" id=\"h-ein-leben-lang-auf-der-landstrasse-unterwegs\">Sulla strada per tutta la vita<\/h2>\n\n<p>Usa esclusivamente colori a olio, dipinge su tela, dice il camionista di lunga data, che ha imparato una professione creativa e artigianale. \u00abHo fatto un apprendistato come mastro ferraio e fabbro edile. Dopo di che, sono passato alla strada di campagna e non ho lasciato il volante per 25 anni.\u00bb Dopo il suo pensionamento anticipato a 62 anni, Georges ha guidato per qualche tempo per l&#8217;organizzazione \u00abNez Rouge\u00bb.<\/p>\n\n<p>Georges Bertschmann \u00e8 cresciuto a Basilea. \u00abSono nato nel 1941 ed ero figlio unico\u00bb, racconta. \u00abCi\u00f2 ha vantaggi \u2013 e svantaggi. Devi lavare i piatti da solo, sei spesso da solo \u2013 ed \u00e8 per giunta tutta colpa tua.\u00bb Ride, come far\u00e0 molte altre volte. <\/p>\n\n<p>Poi vuole sapere per quale club batte il mio cuore? Per il FCZ, da 60 anni, rispondo. E parliamo di calcio, di passione e di come affrontare la sconfitta. Marlies Bertschmann dice: \u00abMi d\u00e0 fastidio quando i fan si comportano da vandali, rompono le cose. Non va bene.\u00bb Suo marito scuote la testa. Dice: \u00abQuando il Basilea perdeva abbassavamo la testa e tornavamo a casa. Non abbiamo mai distrutto nulla.\u00bb<\/p>\n\n<figure class=\"wp-block-image size-large\"><img loading=\"lazy\" decoding=\"async\" width=\"1024\" height=\"576\" src=\"https:\/\/deinadieu.ch\/wp-content\/uploads\/2021\/08\/Blog_PI_Bertschmanns_Marlies1-1024x576.jpg\" alt=\"Marlies Bertschmann\" class=\"wp-image-52670\" srcset=\"https:\/\/www.deinadieu.ch\/wp-content\/uploads\/2021\/08\/Blog_PI_Bertschmanns_Marlies1-1024x576.jpg 1024w, https:\/\/www.deinadieu.ch\/wp-content\/uploads\/2021\/08\/Blog_PI_Bertschmanns_Marlies1-300x169.jpg 300w, https:\/\/www.deinadieu.ch\/wp-content\/uploads\/2021\/08\/Blog_PI_Bertschmanns_Marlies1.jpg 1280w\" sizes=\"auto, (max-width: 1024px) 100vw, 1024px\" \/><figcaption>Marlies Bertschmann ha lavorato per 27 anni per un medico a Zurigo. (Foto: Peter Lauth)<\/figcaption><\/figure>\n\n<h2 class=\"wp-block-heading\" id=\"h-seit-30-jahren-gl-cklich-verheiratet\">Felicemente sposati da 30 anni<\/h2>\n\n<p>Marlies Bertschmann conosce il suo quartiere da quasi 80 anni. \u00abSono cresciuta qui ad Albisrieden. Insieme a undici fratelli.\u00bb Ride della mia faccia perplessa. Dice: \u00abLa mamma ha dato alla luce sei femmine e sei maschi. Ero la seconda pi\u00f9 giovane.\u00bb I genitori gestivano una latteria. Mio padre tirava il suo carretto per il quartiere fino a sette giorni alla settimana. Consegnava prodotti lattiero-caseari. <\/p>\n\n<p>Dopo aver completato la scuola secondaria ha fatto un apprendistato come assistente di studio medico e alla fine \u00e8 rimasta a lavorare da un internista con uno studio a Zurigo. \u00abHo lavorato per il Dr. Bondolfi per 27 anni.\u00bb Rapportarsi con le persone e i loro problemi di salute affascinava Marlies Bertschmann. E lavorare con il dottore significava molto per lei. \u00abTra noi e il dottor Bondolfi si \u00e8 formata un&#8217;amicizia che \u00e8 durata tanti, tanti anni\u00bb, racconta. Fu lui a incoraggiare la coppia a viaggiare per il mondo. <\/p>\n\n<p>Georges e Marlies si sono conosciuti pi\u00f9 di 30 anni fa. \u00abE cos\u00ec ci siamo sposati, ci siamo sposati in chiesa a Willerzell al lago di Sihl.\u00bb La fede \u00e8 importante, dice Marlies Bertschmann. \u00ab\u00c8 pi\u00f9 facile per molte persone quando credono in qualcosa.\u00bb <\/p>\n\n<figure class=\"wp-block-image size-large\"><img loading=\"lazy\" decoding=\"async\" width=\"1024\" height=\"576\" src=\"https:\/\/deinadieu.ch\/wp-content\/uploads\/2021\/08\/Blog_PI_Bertschmanns_beide_Sofa4-1024x576.jpg\" alt=\"Marlies e Georges Bertschmann\" class=\"wp-image-52708\" srcset=\"https:\/\/www.deinadieu.ch\/wp-content\/uploads\/2021\/08\/Blog_PI_Bertschmanns_beide_Sofa4-1024x576.jpg 1024w, https:\/\/www.deinadieu.ch\/wp-content\/uploads\/2021\/08\/Blog_PI_Bertschmanns_beide_Sofa4-300x169.jpg 300w, https:\/\/www.deinadieu.ch\/wp-content\/uploads\/2021\/08\/Blog_PI_Bertschmanns_beide_Sofa4.jpg 1280w\" sizes=\"auto, (max-width: 1024px) 100vw, 1024px\" \/><figcaption>Si fidanzarono oltre 30 anni fa sul monte Breithorn nel Vallese: Marlies e Georges Bertschmann. (Foto: Peter Lauth)<\/figcaption><\/figure>\n\n<h2 class=\"wp-block-heading\" id=\"h-sie-verlobten-sich-auf-dem-breithorn\">Si sono fidanzati sul monte Breithorn<\/h2>\n\n<p>La coppia \u00e8 rimasta senza figli. I Bertschmann sono stati per 30 anni membri del Club Alpino e hanno conosciuto la Svizzera. E quindi non sorprende il cronista quando apprende che i due si sono fidanzati sul monte Breithorn nel Vallese. 4164 metri sopra il livello del mare hanno promesso di stare l&#8217;uno accanto all&#8217;altro. Trascorrere la vita insieme. <\/p>\n\n<p>E dopo il pensionamento hanno goduto di questa vita in tutto il mondo. Marlies Bertschmann guarda il suo Georges. \u00abAbbiamo viaggiato in diversi paesi.\u00bb <\/p>\n\n<p>A Marlies Bertschmann \u00e8 piaciuto particolarmente in Uzbekistan e Kirghizistan. \u00abSono paesi colorati con una natura bellissima.\u00bb La coppia era anche affascinata dalla citt\u00e0 gemella di Zurigo, Kunming. La metropoli di 6,5 milioni di abitanti si trova nella provincia meridionale cinese dello Y\u00fann\u00e1n. \u00abEra bello l\u00ec. La gente aveva sempre un sorriso per tutti. Come in tutta l&#8217;Asia.\u00bb <\/p>\n\n<figure class=\"wp-block-image size-large\"><img loading=\"lazy\" decoding=\"async\" width=\"1024\" height=\"576\" src=\"https:\/\/deinadieu.ch\/wp-content\/uploads\/2021\/08\/Blog_PI_Bertschmanns_Marlies_lacht-1024x576.jpg\" alt=\"Marlies e Georges Bertschmann\" class=\"wp-image-52666\" srcset=\"https:\/\/www.deinadieu.ch\/wp-content\/uploads\/2021\/08\/Blog_PI_Bertschmanns_Marlies_lacht-1024x576.jpg 1024w, https:\/\/www.deinadieu.ch\/wp-content\/uploads\/2021\/08\/Blog_PI_Bertschmanns_Marlies_lacht-300x169.jpg 300w, https:\/\/www.deinadieu.ch\/wp-content\/uploads\/2021\/08\/Blog_PI_Bertschmanns_Marlies_lacht.jpg 1280w\" sizes=\"auto, (max-width: 1024px) 100vw, 1024px\" \/><figcaption>Marlies Bertschmann ride quando il suo Georges racconta la storia della canzone suonata a quattro mani al pianoforte. Questo era troppo per lui. (Foto: Peter Lauth)<\/figcaption><\/figure>\n\n<h2 class=\"wp-block-heading\" id=\"h-vom-eistanz-zum-linedance\">Dalla danza su ghiaccio alla line dance<\/h2>\n\n<p>Il sorriso ha giocato un ruolo nell&#8217;hobby di Marlies. Ha allenato la danza su ghiaccio per anni. Va ancora a ballare. Oggi la line dance \u00e8 un hobby molto amato. <\/p>\n\n<p>Marlies non riusc\u00ec a convincere il suo Georges a ballare. Facevano regolarmente tour sugli sci e praticavano molto sport, dice. <\/p>\n\n<p>Alla domanda riguardo ad altri hobby Marlies Bertschmann ride: \u00abHo imparato a suonare il pianoforte all&#8217;et\u00e0 di 58 anni e vado ogni due settimane a lezione da oltre 20 anni.\u00bb <\/p>\n\n<figure class=\"wp-block-image size-large\"><img loading=\"lazy\" decoding=\"async\" width=\"1024\" height=\"683\" src=\"https:\/\/deinadieu.ch\/wp-content\/uploads\/2021\/08\/Blog_PI_Bertschmanns_lachend-1024x683.jpeg\" alt=\"Marlies e Georges Bertschmann\" class=\"wp-image-52657\" srcset=\"https:\/\/www.deinadieu.ch\/wp-content\/uploads\/2021\/08\/Blog_PI_Bertschmanns_lachend-1024x683.jpeg 1024w, https:\/\/www.deinadieu.ch\/wp-content\/uploads\/2021\/08\/Blog_PI_Bertschmanns_lachend-300x200.jpeg 300w, https:\/\/www.deinadieu.ch\/wp-content\/uploads\/2021\/08\/Blog_PI_Bertschmanns_lachend-1536x1025.jpeg 1536w, https:\/\/www.deinadieu.ch\/wp-content\/uploads\/2021\/08\/Blog_PI_Bertschmanns_lachend-2048x1366.jpeg 2048w\" sizes=\"auto, (max-width: 1024px) 100vw, 1024px\" \/><figcaption>Georges Bertschmann: Insieme a sua moglie ha scelto quattro istituzioni che entrambi vogliono prendere in considerazione nei loro testamenti. (Foto: Peter Lauth) <\/figcaption><\/figure>\n\n<h2 class=\"wp-block-heading\" id=\"h-netzwerk-f-r-menschen-mit-behinderungen\">Rete per le persone con disabilit\u00e0<\/h2>\n\n<p>Marlies e Georges Bertschmann vivono in modo molto consapevole. L&#8217;ultimo ufficio \u00e8 stato fatto da tempo. La coppia ha anche discusso delle direttive del paziente. I testamenti sono scritti. Marlies Bertschmann: \u00abSiamo d&#8217;accordo e sappiamo da tempo quali istituzioni vogliamo prendere in considerazione.\u00bb Suo marito annuisce. \u00abAbbiamo selezionato quattro istituzioni. Le sosteniamo da diversi anni.\u00bb<\/p>\n\n<p>Pro Infirmis \u00e8 una di queste istituzioni. \u00abUna delle mie sorelle soffriva di poliomielite, parlava regolarmente dei convegni di Pro Infirmis\u00bb, afferma Marlies Bertschmann. Negli anni ha notato quanto sia importante Pro Infirmis per le persone colpite. \u00abLe persone con disabilit\u00e0 hanno bisogno di una rete affidabile.\u00bb<\/p>\n\n        <div class=\"relative shadow-lg -mx-12 mb-4 overflow-hidden\" style=\"background-image: url('https:\/\/www.deinadieu.ch\/wp-content\/themes\/da-v4\/assets\/v4\/banner\/testament.jpg'); background-size: cover; background-position: center\">\n            <div class=\"banner-white-box md:w-3\/5 text-black -ml-16 pl-16\" style=\"background-color: rgba(255,255,255,0.75)\">\n                <div class=\"inner\">\n                    <div class=\"text-2xl p-12\"><strong>Non avete ancora scritto un testamento?<\/strong> Generate ora un modello PDF gratuito per<\/div>\n                    <div class=\"px-12 md:mr-16\">\n                        <a href=\"https:\/\/app.deinadieu.ch\/testament\" target=\"_blank\" class=\"btn btn-da btn-small btn-block\">me<\/a>\n                        <a href=\"https:\/\/app.deinadieu.ch\/testament\" target=\"_blank\" class=\"mt-4 btn btn-da btn-small btn-block\">un'altra persona<\/a>\n                    <\/div>\n                    <div class=\"px-12 py-8\">\n                        <img decoding=\"async\" src=\"https:\/\/www.deinadieu.ch\/wp-content\/themes\/da-v4\/assets\/v4\/deinadieu_logo_dark.svg\" class=\"h-12\">\n                    <\/div>\n                <\/div>\n            <\/div>\n        <\/div>\n        \n\n<h2 class=\"wp-block-heading\" id=\"h-viel-ber-die-eigene-grossz-gigkeit-geredet\">Si \u00e8 tanto parlato della propria generosit\u00e0<\/h2>\n\n<p>A Zurigo \u00e8 ancorata molto la relazione con le opere sociali di Pastore Sieber. \u00abEra uno di noi, una grande persona con i piedi per terra. Lo conoscevamo e seguivamo il suo lavoro\u00bb, racconta Marlies Bertschmann. \u00abSiamo andati ai concerti nella chiesa di Altstetten e abbiamo ascoltato i suoi discorsi.\u00bb Georges \u00e8 d&#8217;accordo. \u00abIl suo lavoro, il lavoro della sua gente \u00e8 importante, ecco perch\u00e9 sosteniamo questa organizzazione.\u00bb <\/p>\n\n<p class=\"has-text-align-right\">Testo: Martin Schuppli, Foto: Peter Lauth<\/p>\n\n\n        <div class=\"da-servicebox relative bg-gray-200 p-4 pt-8 border-solid border-t-8 border-da-dark mb-6\">\n            <i class=\"fas fa-info-circle mx-auto fa-7x text-da-dark\"><\/i>\n            <span style=\"hyphens: auto\">\n                Pro Infirmis \u00e8 partner di DeinAdieu. Al <a href=\"https:\/\/www.deinadieu.ch\/it\/organizzazioni-caritatevoli\/\">profilo<\/a>\n                \n                \n            <\/span>\n        <\/div>\n        \n","protected":false},"excerpt":{"rendered":"<p>Fare del bene. Pensare agli altri. Marlies e Georges Bertschmann di Zurigo ci raccontano perch\u00e9 nei loro testamenti hanno preso in considerazione vari enti assistenziali. Sono due persone felici, Marlies e Georges Bertschmann. Noi, tutti vaccinati, ci salutiamo con il gomito. L&#8217;appartamento alla periferia di Zurigo \u00e8 luminoso e arredato in modo confortevole. \u00c8 grazie [&hellip;]<\/p>\n","protected":false},"author":2,"featured_media":52653,"comment_status":"open","ping_status":"closed","sticky":false,"template":"","format":"standard","meta":{"_acf_changed":false,"footnotes":""},"categories":[3199],"tags":[2837,2121,2563],"class_list":["post-52799","post","type-post","status-publish","format-standard","has-post-thumbnail","hentry","category-donazione-testamentaria","tag-fare-del-bene","tag-testamento","tag-testimonianza"],"acf":[],"yoast_head":"<title>\u00abLe persone con disabilit\u00e0 hanno bisogno di una buona rete\u00bb<\/title>\n<meta name=\"description\" content=\"Marlies e Georges Bertschmann di Zurigo sostengono Pro Infirmis: \u00abLe persone con disabilit\u00e0 hanno bisogno di una buona rete\u00bb\" \/>\n<meta name=\"robots\" content=\"index, follow, max-snippet:-1, max-image-preview:large, max-video-preview:-1\" \/>\n<link rel=\"canonical\" href=\"https:\/\/www.deinadieu.ch\/it\/marlies-e-georges-bertschmann-sostengono-pro-infirmis-le-persone-con-disabilita-hanno-bisogno-di-una-buona-rete\/\" \/>\n<meta property=\"og:locale\" content=\"it_IT\" \/>\n<meta property=\"og:type\" content=\"article\" \/>\n<meta property=\"og:title\" content=\"Marlies e Georges Bertschmann sostengono Pro Infirmis: \u00abLe persone con disabilit\u00e0 hanno bisogno di una buona rete\u00bb\" \/>\n<meta property=\"og:description\" content=\"Fare del bene. Pensare agli altri. Marlies e Georges Bertschmann di Zurigo ci raccontano perch\u00e9 nei loro testamenti hanno preso in considerazione vari\" \/>\n<meta property=\"og:url\" content=\"https:\/\/www.deinadieu.ch\/it\/marlies-e-georges-bertschmann-sostengono-pro-infirmis-le-persone-con-disabilita-hanno-bisogno-di-una-buona-rete\/\" \/>\n<meta property=\"og:site_name\" content=\"DeinAdieu.ch\" \/>\n<meta property=\"article:publisher\" content=\"https:\/\/www.facebook.com\/deinadieu\" \/>\n<meta property=\"article:published_time\" content=\"2021-08-09T07:36:00+00:00\" \/>\n<meta property=\"article:modified_time\" content=\"2022-04-20T19:25:58+00:00\" \/>\n<meta property=\"og:image\" content=\"https:\/\/static.deinadieu.ch\/uploads\/2021\/08\/Blog_PI_Bertschmanns_beide_Sofa3.jpg\" \/>\n\t<meta property=\"og:image:width\" content=\"1280\" \/>\n\t<meta property=\"og:image:height\" content=\"720\" \/>\n\t<meta property=\"og:image:type\" content=\"image\/jpeg\" \/>\n<meta name=\"author\" content=\"Martin Schuppli\" \/>\n<meta name=\"twitter:card\" content=\"summary_large_image\" \/>\n<meta name=\"twitter:creator\" content=\"@DeinAdieu\" \/>\n<meta name=\"twitter:site\" content=\"@DeinAdieu\" \/>\n<meta name=\"twitter:label1\" content=\"Written by\" \/>\n\t<meta name=\"twitter:data1\" content=\"Martin Schuppli\" \/>\n\t<meta name=\"twitter:label2\" content=\"Est. reading time\" \/>\n\t<meta name=\"twitter:data2\" content=\"5 minutes\" \/>\n<script type=\"application\/ld+json\" class=\"yoast-schema-graph\">{\"@context\":\"https:\\\/\\\/schema.org\",\"@graph\":[{\"@type\":\"Article\",\"@id\":\"https:\\\/\\\/www.deinadieu.ch\\\/it\\\/marlies-e-georges-bertschmann-sostengono-pro-infirmis-le-persone-con-disabilita-hanno-bisogno-di-una-buona-rete\\\/#article\",\"isPartOf\":{\"@id\":\"https:\\\/\\\/www.deinadieu.ch\\\/it\\\/marlies-e-georges-bertschmann-sostengono-pro-infirmis-le-persone-con-disabilita-hanno-bisogno-di-una-buona-rete\\\/\"},\"author\":{\"name\":\"Martin Schuppli\",\"@id\":\"https:\\\/\\\/www.deinadieu.ch\\\/it\\\/#\\\/schema\\\/person\\\/47522dd97d1b840f11a7e637e69c4a82\"},\"headline\":\"Marlies e Georges Bertschmann sostengono Pro Infirmis: \u00abLe persone con disabilit\u00e0 hanno bisogno di una buona rete\u00bb\",\"datePublished\":\"2021-08-09T07:36:00+00:00\",\"dateModified\":\"2022-04-20T19:25:58+00:00\",\"mainEntityOfPage\":{\"@id\":\"https:\\\/\\\/www.deinadieu.ch\\\/it\\\/marlies-e-georges-bertschmann-sostengono-pro-infirmis-le-persone-con-disabilita-hanno-bisogno-di-una-buona-rete\\\/\"},\"wordCount\":1051,\"commentCount\":0,\"publisher\":{\"@id\":\"https:\\\/\\\/www.deinadieu.ch\\\/it\\\/#organization\"},\"image\":{\"@id\":\"https:\\\/\\\/www.deinadieu.ch\\\/it\\\/marlies-e-georges-bertschmann-sostengono-pro-infirmis-le-persone-con-disabilita-hanno-bisogno-di-una-buona-rete\\\/#primaryimage\"},\"thumbnailUrl\":\"https:\\\/\\\/www.deinadieu.ch\\\/wp-content\\\/uploads\\\/2021\\\/08\\\/Blog_PI_Bertschmanns_beide_Sofa3.jpg\",\"keywords\":[\"Fare del bene\",\"Testamento\",\"Testimonianza\"],\"articleSection\":[\"Donazione testamentaria\"],\"inLanguage\":\"it-IT\",\"potentialAction\":[{\"@type\":\"CommentAction\",\"name\":\"Comment\",\"target\":[\"https:\\\/\\\/www.deinadieu.ch\\\/it\\\/marlies-e-georges-bertschmann-sostengono-pro-infirmis-le-persone-con-disabilita-hanno-bisogno-di-una-buona-rete\\\/#respond\"]}]},{\"@type\":\"WebPage\",\"@id\":\"https:\\\/\\\/www.deinadieu.ch\\\/it\\\/marlies-e-georges-bertschmann-sostengono-pro-infirmis-le-persone-con-disabilita-hanno-bisogno-di-una-buona-rete\\\/\",\"url\":\"https:\\\/\\\/www.deinadieu.ch\\\/it\\\/marlies-e-georges-bertschmann-sostengono-pro-infirmis-le-persone-con-disabilita-hanno-bisogno-di-una-buona-rete\\\/\",\"name\":\"\u00abLe persone con disabilit\u00e0 hanno bisogno di una buona rete\u00bb\",\"isPartOf\":{\"@id\":\"https:\\\/\\\/www.deinadieu.ch\\\/it\\\/#website\"},\"primaryImageOfPage\":{\"@id\":\"https:\\\/\\\/www.deinadieu.ch\\\/it\\\/marlies-e-georges-bertschmann-sostengono-pro-infirmis-le-persone-con-disabilita-hanno-bisogno-di-una-buona-rete\\\/#primaryimage\"},\"image\":{\"@id\":\"https:\\\/\\\/www.deinadieu.ch\\\/it\\\/marlies-e-georges-bertschmann-sostengono-pro-infirmis-le-persone-con-disabilita-hanno-bisogno-di-una-buona-rete\\\/#primaryimage\"},\"thumbnailUrl\":\"https:\\\/\\\/www.deinadieu.ch\\\/wp-content\\\/uploads\\\/2021\\\/08\\\/Blog_PI_Bertschmanns_beide_Sofa3.jpg\",\"datePublished\":\"2021-08-09T07:36:00+00:00\",\"dateModified\":\"2022-04-20T19:25:58+00:00\",\"description\":\"Marlies e Georges Bertschmann di Zurigo sostengono Pro Infirmis: \u00abLe persone con disabilit\u00e0 hanno bisogno di una buona rete\u00bb\",\"breadcrumb\":{\"@id\":\"https:\\\/\\\/www.deinadieu.ch\\\/it\\\/marlies-e-georges-bertschmann-sostengono-pro-infirmis-le-persone-con-disabilita-hanno-bisogno-di-una-buona-rete\\\/#breadcrumb\"},\"inLanguage\":\"it-IT\",\"potentialAction\":[{\"@type\":\"ReadAction\",\"target\":[\"https:\\\/\\\/www.deinadieu.ch\\\/it\\\/marlies-e-georges-bertschmann-sostengono-pro-infirmis-le-persone-con-disabilita-hanno-bisogno-di-una-buona-rete\\\/\"]}]},{\"@type\":\"ImageObject\",\"inLanguage\":\"it-IT\",\"@id\":\"https:\\\/\\\/www.deinadieu.ch\\\/it\\\/marlies-e-georges-bertschmann-sostengono-pro-infirmis-le-persone-con-disabilita-hanno-bisogno-di-una-buona-rete\\\/#primaryimage\",\"url\":\"https:\\\/\\\/www.deinadieu.ch\\\/wp-content\\\/uploads\\\/2021\\\/08\\\/Blog_PI_Bertschmanns_beide_Sofa3.jpg\",\"contentUrl\":\"https:\\\/\\\/www.deinadieu.ch\\\/wp-content\\\/uploads\\\/2021\\\/08\\\/Blog_PI_Bertschmanns_beide_Sofa3.jpg\",\"width\":1280,\"height\":720,\"caption\":\"Due che amano la vita e pensano alle persone che stanno meno bene: Marlies e Georges Bertschmann di Zurigo. (Foto: Peter Lauth)\"},{\"@type\":\"BreadcrumbList\",\"@id\":\"https:\\\/\\\/www.deinadieu.ch\\\/it\\\/marlies-e-georges-bertschmann-sostengono-pro-infirmis-le-persone-con-disabilita-hanno-bisogno-di-una-buona-rete\\\/#breadcrumb\",\"itemListElement\":[{\"@type\":\"ListItem\",\"position\":1,\"name\":\"Home\",\"item\":\"https:\\\/\\\/www.deinadieu.ch\\\/it\\\/deinadieu-dialog-und-serviceportal-zum-lebensende\\\/\"},{\"@type\":\"ListItem\",\"position\":2,\"name\":\"Marlies e Georges Bertschmann sostengono Pro Infirmis: \u00abLe persone con disabilit\u00e0 hanno bisogno di una buona rete\u00bb\"}]},{\"@type\":\"WebSite\",\"@id\":\"https:\\\/\\\/www.deinadieu.ch\\\/it\\\/#website\",\"url\":\"https:\\\/\\\/www.deinadieu.ch\\\/it\\\/\",\"name\":\"DeinAdieu.ch\",\"description\":\"Testament, Patientenverf\u00fcgung und Vorsorgeauftrag\",\"publisher\":{\"@id\":\"https:\\\/\\\/www.deinadieu.ch\\\/it\\\/#organization\"},\"potentialAction\":[{\"@type\":\"SearchAction\",\"target\":{\"@type\":\"EntryPoint\",\"urlTemplate\":\"https:\\\/\\\/www.deinadieu.ch\\\/it\\\/?s={search_term_string}\"},\"query-input\":{\"@type\":\"PropertyValueSpecification\",\"valueRequired\":true,\"valueName\":\"search_term_string\"}}],\"inLanguage\":\"it-IT\"},{\"@type\":\"Organization\",\"@id\":\"https:\\\/\\\/www.deinadieu.ch\\\/it\\\/#organization\",\"name\":\"EMNA Web GmbH\",\"url\":\"https:\\\/\\\/www.deinadieu.ch\\\/it\\\/\",\"logo\":{\"@type\":\"ImageObject\",\"inLanguage\":\"it-IT\",\"@id\":\"https:\\\/\\\/www.deinadieu.ch\\\/it\\\/#\\\/schema\\\/logo\\\/image\\\/\",\"url\":\"https:\\\/\\\/www.deinadieu.ch\\\/wp-content\\\/uploads\\\/2016\\\/01\\\/DeinAdieu_Logo.png\",\"contentUrl\":\"https:\\\/\\\/www.deinadieu.ch\\\/wp-content\\\/uploads\\\/2016\\\/01\\\/DeinAdieu_Logo.png\",\"width\":300,\"height\":117,\"caption\":\"EMNA Web GmbH\"},\"image\":{\"@id\":\"https:\\\/\\\/www.deinadieu.ch\\\/it\\\/#\\\/schema\\\/logo\\\/image\\\/\"},\"sameAs\":[\"https:\\\/\\\/www.facebook.com\\\/deinadieu\",\"https:\\\/\\\/x.com\\\/DeinAdieu\",\"https:\\\/\\\/www.instagram.com\\\/deinadieu\\\/\",\"https:\\\/\\\/www.linkedin.com\\\/company\\\/deinadieu.ch\"]},{\"@type\":\"Person\",\"@id\":\"https:\\\/\\\/www.deinadieu.ch\\\/it\\\/#\\\/schema\\\/person\\\/47522dd97d1b840f11a7e637e69c4a82\",\"name\":\"Martin Schuppli\",\"image\":{\"@type\":\"ImageObject\",\"inLanguage\":\"it-IT\",\"@id\":\"https:\\\/\\\/secure.gravatar.com\\\/avatar\\\/3f6dee2a3d53d202b91ce982afc75191f59466c9d54dc61e5322d152b8eb2881?s=96&d=mm&r=g\",\"url\":\"https:\\\/\\\/secure.gravatar.com\\\/avatar\\\/3f6dee2a3d53d202b91ce982afc75191f59466c9d54dc61e5322d152b8eb2881?s=96&d=mm&r=g\",\"contentUrl\":\"https:\\\/\\\/secure.gravatar.com\\\/avatar\\\/3f6dee2a3d53d202b91ce982afc75191f59466c9d54dc61e5322d152b8eb2881?s=96&d=mm&r=g\",\"caption\":\"Martin Schuppli\"},\"description\":\"Martin Schuppli, *1955, arbeitete w\u00e4hrend 30 Jahren als Journalist bei Ringier AG. Er begann als Produzent beim Blick, schrieb sp\u00e4ter f\u00fcr SonntagsBlick, Gesundheit-Sprechstunde und Schweizer Illustrierte. 2009 machte er sich selbstst\u00e4ndig, sagte: \u00abIch schreibe mich durchs Leben.\u00bb Seit 2015 ist Martin Schuppli zusammen mit Nicolas Gehrig, CEO und dem Team daran, das Webportal DeinAdieu aufzubauen. \u00abHier kann ich schreiben. Und zwar \u00fcber das, was die Menschen am meisten interessiert. \u00dcber Menschen.\u00bb\",\"url\":\"https:\\\/\\\/www.deinadieu.ch\\\/it\\\/author\\\/martin\\\/\"}]}<\/script>","yoast_head_json":{"title":"\u00abLe persone con disabilit\u00e0 hanno bisogno di una buona rete\u00bb","description":"Marlies e Georges Bertschmann di Zurigo sostengono Pro Infirmis: \u00abLe persone con disabilit\u00e0 hanno bisogno di una buona rete\u00bb","robots":{"index":"index","follow":"follow","max-snippet":"max-snippet:-1","max-image-preview":"max-image-preview:large","max-video-preview":"max-video-preview:-1"},"canonical":"https:\/\/www.deinadieu.ch\/it\/marlies-e-georges-bertschmann-sostengono-pro-infirmis-le-persone-con-disabilita-hanno-bisogno-di-una-buona-rete\/","og_locale":"it_IT","og_type":"article","og_title":"Marlies e Georges Bertschmann sostengono Pro Infirmis: \u00abLe persone con disabilit\u00e0 hanno bisogno di una buona rete\u00bb","og_description":"Fare del bene. Pensare agli altri. Marlies e Georges Bertschmann di Zurigo ci raccontano perch\u00e9 nei loro testamenti hanno preso in considerazione vari","og_url":"https:\/\/www.deinadieu.ch\/it\/marlies-e-georges-bertschmann-sostengono-pro-infirmis-le-persone-con-disabilita-hanno-bisogno-di-una-buona-rete\/","og_site_name":"DeinAdieu.ch","article_publisher":"https:\/\/www.facebook.com\/deinadieu","article_published_time":"2021-08-09T07:36:00+00:00","article_modified_time":"2022-04-20T19:25:58+00:00","og_image":[{"width":1280,"height":720,"url":"https:\/\/static.deinadieu.ch\/uploads\/2021\/08\/Blog_PI_Bertschmanns_beide_Sofa3.jpg","type":"image\/jpeg"}],"author":"Martin Schuppli","twitter_card":"summary_large_image","twitter_creator":"@DeinAdieu","twitter_site":"@DeinAdieu","twitter_misc":{"Written by":"Martin Schuppli","Est. reading time":"5 minutes"},"schema":{"@context":"https:\/\/schema.org","@graph":[{"@type":"Article","@id":"https:\/\/www.deinadieu.ch\/it\/marlies-e-georges-bertschmann-sostengono-pro-infirmis-le-persone-con-disabilita-hanno-bisogno-di-una-buona-rete\/#article","isPartOf":{"@id":"https:\/\/www.deinadieu.ch\/it\/marlies-e-georges-bertschmann-sostengono-pro-infirmis-le-persone-con-disabilita-hanno-bisogno-di-una-buona-rete\/"},"author":{"name":"Martin Schuppli","@id":"https:\/\/www.deinadieu.ch\/it\/#\/schema\/person\/47522dd97d1b840f11a7e637e69c4a82"},"headline":"Marlies e Georges Bertschmann sostengono Pro Infirmis: \u00abLe persone con disabilit\u00e0 hanno bisogno di una buona rete\u00bb","datePublished":"2021-08-09T07:36:00+00:00","dateModified":"2022-04-20T19:25:58+00:00","mainEntityOfPage":{"@id":"https:\/\/www.deinadieu.ch\/it\/marlies-e-georges-bertschmann-sostengono-pro-infirmis-le-persone-con-disabilita-hanno-bisogno-di-una-buona-rete\/"},"wordCount":1051,"commentCount":0,"publisher":{"@id":"https:\/\/www.deinadieu.ch\/it\/#organization"},"image":{"@id":"https:\/\/www.deinadieu.ch\/it\/marlies-e-georges-bertschmann-sostengono-pro-infirmis-le-persone-con-disabilita-hanno-bisogno-di-una-buona-rete\/#primaryimage"},"thumbnailUrl":"https:\/\/www.deinadieu.ch\/wp-content\/uploads\/2021\/08\/Blog_PI_Bertschmanns_beide_Sofa3.jpg","keywords":["Fare del bene","Testamento","Testimonianza"],"articleSection":["Donazione testamentaria"],"inLanguage":"it-IT","potentialAction":[{"@type":"CommentAction","name":"Comment","target":["https:\/\/www.deinadieu.ch\/it\/marlies-e-georges-bertschmann-sostengono-pro-infirmis-le-persone-con-disabilita-hanno-bisogno-di-una-buona-rete\/#respond"]}]},{"@type":"WebPage","@id":"https:\/\/www.deinadieu.ch\/it\/marlies-e-georges-bertschmann-sostengono-pro-infirmis-le-persone-con-disabilita-hanno-bisogno-di-una-buona-rete\/","url":"https:\/\/www.deinadieu.ch\/it\/marlies-e-georges-bertschmann-sostengono-pro-infirmis-le-persone-con-disabilita-hanno-bisogno-di-una-buona-rete\/","name":"\u00abLe persone con disabilit\u00e0 hanno bisogno di una buona rete\u00bb","isPartOf":{"@id":"https:\/\/www.deinadieu.ch\/it\/#website"},"primaryImageOfPage":{"@id":"https:\/\/www.deinadieu.ch\/it\/marlies-e-georges-bertschmann-sostengono-pro-infirmis-le-persone-con-disabilita-hanno-bisogno-di-una-buona-rete\/#primaryimage"},"image":{"@id":"https:\/\/www.deinadieu.ch\/it\/marlies-e-georges-bertschmann-sostengono-pro-infirmis-le-persone-con-disabilita-hanno-bisogno-di-una-buona-rete\/#primaryimage"},"thumbnailUrl":"https:\/\/www.deinadieu.ch\/wp-content\/uploads\/2021\/08\/Blog_PI_Bertschmanns_beide_Sofa3.jpg","datePublished":"2021-08-09T07:36:00+00:00","dateModified":"2022-04-20T19:25:58+00:00","description":"Marlies e Georges Bertschmann di Zurigo sostengono Pro Infirmis: \u00abLe persone con disabilit\u00e0 hanno bisogno di una buona rete\u00bb","breadcrumb":{"@id":"https:\/\/www.deinadieu.ch\/it\/marlies-e-georges-bertschmann-sostengono-pro-infirmis-le-persone-con-disabilita-hanno-bisogno-di-una-buona-rete\/#breadcrumb"},"inLanguage":"it-IT","potentialAction":[{"@type":"ReadAction","target":["https:\/\/www.deinadieu.ch\/it\/marlies-e-georges-bertschmann-sostengono-pro-infirmis-le-persone-con-disabilita-hanno-bisogno-di-una-buona-rete\/"]}]},{"@type":"ImageObject","inLanguage":"it-IT","@id":"https:\/\/www.deinadieu.ch\/it\/marlies-e-georges-bertschmann-sostengono-pro-infirmis-le-persone-con-disabilita-hanno-bisogno-di-una-buona-rete\/#primaryimage","url":"https:\/\/www.deinadieu.ch\/wp-content\/uploads\/2021\/08\/Blog_PI_Bertschmanns_beide_Sofa3.jpg","contentUrl":"https:\/\/www.deinadieu.ch\/wp-content\/uploads\/2021\/08\/Blog_PI_Bertschmanns_beide_Sofa3.jpg","width":1280,"height":720,"caption":"Due che amano la vita e pensano alle persone che stanno meno bene: Marlies e Georges Bertschmann di Zurigo. (Foto: Peter Lauth)"},{"@type":"BreadcrumbList","@id":"https:\/\/www.deinadieu.ch\/it\/marlies-e-georges-bertschmann-sostengono-pro-infirmis-le-persone-con-disabilita-hanno-bisogno-di-una-buona-rete\/#breadcrumb","itemListElement":[{"@type":"ListItem","position":1,"name":"Home","item":"https:\/\/www.deinadieu.ch\/it\/deinadieu-dialog-und-serviceportal-zum-lebensende\/"},{"@type":"ListItem","position":2,"name":"Marlies e Georges Bertschmann sostengono Pro Infirmis: \u00abLe persone con disabilit\u00e0 hanno bisogno di una buona rete\u00bb"}]},{"@type":"WebSite","@id":"https:\/\/www.deinadieu.ch\/it\/#website","url":"https:\/\/www.deinadieu.ch\/it\/","name":"DeinAdieu.ch","description":"Testament, Patientenverf\u00fcgung und Vorsorgeauftrag","publisher":{"@id":"https:\/\/www.deinadieu.ch\/it\/#organization"},"potentialAction":[{"@type":"SearchAction","target":{"@type":"EntryPoint","urlTemplate":"https:\/\/www.deinadieu.ch\/it\/?s={search_term_string}"},"query-input":{"@type":"PropertyValueSpecification","valueRequired":true,"valueName":"search_term_string"}}],"inLanguage":"it-IT"},{"@type":"Organization","@id":"https:\/\/www.deinadieu.ch\/it\/#organization","name":"EMNA Web GmbH","url":"https:\/\/www.deinadieu.ch\/it\/","logo":{"@type":"ImageObject","inLanguage":"it-IT","@id":"https:\/\/www.deinadieu.ch\/it\/#\/schema\/logo\/image\/","url":"https:\/\/www.deinadieu.ch\/wp-content\/uploads\/2016\/01\/DeinAdieu_Logo.png","contentUrl":"https:\/\/www.deinadieu.ch\/wp-content\/uploads\/2016\/01\/DeinAdieu_Logo.png","width":300,"height":117,"caption":"EMNA Web GmbH"},"image":{"@id":"https:\/\/www.deinadieu.ch\/it\/#\/schema\/logo\/image\/"},"sameAs":["https:\/\/www.facebook.com\/deinadieu","https:\/\/x.com\/DeinAdieu","https:\/\/www.instagram.com\/deinadieu\/","https:\/\/www.linkedin.com\/company\/deinadieu.ch"]},{"@type":"Person","@id":"https:\/\/www.deinadieu.ch\/it\/#\/schema\/person\/47522dd97d1b840f11a7e637e69c4a82","name":"Martin Schuppli","image":{"@type":"ImageObject","inLanguage":"it-IT","@id":"https:\/\/secure.gravatar.com\/avatar\/3f6dee2a3d53d202b91ce982afc75191f59466c9d54dc61e5322d152b8eb2881?s=96&d=mm&r=g","url":"https:\/\/secure.gravatar.com\/avatar\/3f6dee2a3d53d202b91ce982afc75191f59466c9d54dc61e5322d152b8eb2881?s=96&d=mm&r=g","contentUrl":"https:\/\/secure.gravatar.com\/avatar\/3f6dee2a3d53d202b91ce982afc75191f59466c9d54dc61e5322d152b8eb2881?s=96&d=mm&r=g","caption":"Martin Schuppli"},"description":"Martin Schuppli, *1955, arbeitete w\u00e4hrend 30 Jahren als Journalist bei Ringier AG. Er begann als Produzent beim Blick, schrieb sp\u00e4ter f\u00fcr SonntagsBlick, Gesundheit-Sprechstunde und Schweizer Illustrierte. 2009 machte er sich selbstst\u00e4ndig, sagte: \u00abIch schreibe mich durchs Leben.\u00bb Seit 2015 ist Martin Schuppli zusammen mit Nicolas Gehrig, CEO und dem Team daran, das Webportal DeinAdieu aufzubauen. \u00abHier kann ich schreiben. Und zwar \u00fcber das, was die Menschen am meisten interessiert. \u00dcber Menschen.\u00bb","url":"https:\/\/www.deinadieu.ch\/it\/author\/martin\/"}]}},"_links":{"self":[{"href":"https:\/\/www.deinadieu.ch\/it\/wp-json\/wp\/v2\/posts\/52799","targetHints":{"allow":["GET"]}}],"collection":[{"href":"https:\/\/www.deinadieu.ch\/it\/wp-json\/wp\/v2\/posts"}],"about":[{"href":"https:\/\/www.deinadieu.ch\/it\/wp-json\/wp\/v2\/types\/post"}],"author":[{"embeddable":true,"href":"https:\/\/www.deinadieu.ch\/it\/wp-json\/wp\/v2\/users\/2"}],"replies":[{"embeddable":true,"href":"https:\/\/www.deinadieu.ch\/it\/wp-json\/wp\/v2\/comments?post=52799"}],"version-history":[{"count":11,"href":"https:\/\/www.deinadieu.ch\/it\/wp-json\/wp\/v2\/posts\/52799\/revisions"}],"predecessor-version":[{"id":56438,"href":"https:\/\/www.deinadieu.ch\/it\/wp-json\/wp\/v2\/posts\/52799\/revisions\/56438"}],"wp:featuredmedia":[{"embeddable":true,"href":"https:\/\/www.deinadieu.ch\/it\/wp-json\/wp\/v2\/media\/52653"}],"wp:attachment":[{"href":"https:\/\/www.deinadieu.ch\/it\/wp-json\/wp\/v2\/media?parent=52799"}],"wp:term":[{"taxonomy":"category","embeddable":true,"href":"https:\/\/www.deinadieu.ch\/it\/wp-json\/wp\/v2\/categories?post=52799"},{"taxonomy":"post_tag","embeddable":true,"href":"https:\/\/www.deinadieu.ch\/it\/wp-json\/wp\/v2\/tags?post=52799"}],"curies":[{"name":"wp","href":"https:\/\/api.w.org\/{rel}","templated":true}]}}