{"id":52793,"date":"2021-07-18T15:04:00","date_gmt":"2021-07-18T13:04:00","guid":{"rendered":"https:\/\/www.deinadieu.ch\/vorrei-donare-parte-del-mio-patrimonio-per-una-buona-causa\/"},"modified":"2023-07-05T16:02:51","modified_gmt":"2023-07-05T14:02:51","slug":"vorrei-donare-parte-del-mio-patrimonio-per-una-buona-causa","status":"publish","type":"post","link":"https:\/\/www.deinadieu.ch\/it\/vorrei-donare-parte-del-mio-patrimonio-per-una-buona-causa\/","title":{"rendered":"\u00abVorrei donare parte del mio patrimonio per una buona causa\u00bb"},"content":{"rendered":"\n<p>Andr\u00e9 Dunand \u00e8 impegnato nel comitato di FreeTheBees per la coltura delle api selvatiche. Attualmente sta valutando di donare parte del suo patrimonio alla libert\u00e0 delle api. Un&#8217;intervista sui motivi e i retroscena.<\/p>\n\n<!--more-->\n\n<h3 class=\"wp-block-heading\" id=\"h-sie-sind-vorstandsmitglied-fur-freethebees-in-der-westschweiz-wie-ist-es-dazu-gekommen\"><strong>Lei \u00e8 un membro del comitato di FreeTheBees nella Svizzera romanda. Come mai? <\/strong><\/h3>\n\n<p>Sono sempre stato molto interessato alla conservazione della natura e della biodiversit\u00e0. Sfortunatamente non ho avuto abbastanza tempo per dedicarmi a questo tema durante la mia vita professionale. Da aprile 2020 mi sto godendo il pensionamento anticipato e posso dedicare pi\u00f9 tempo a tutte le attivit\u00e0 che prima avevo trascurato. Per fortuna sono venuto in contatto con <a href=\"https:\/\/freethebees.ch\/\" target=\"_blank\" rel=\"noreferrer noopener\">FreeTheBees<\/a> e ho frequentato un corso di Andr\u00e9 Wermelinger. La filosofia e l&#8217;approccio globale mi hanno subito convinto. Da quel momento in poi ho deciso di essere impegnato con FreeTheBees. Poi una cosa tira l&#8217;altra: gi\u00e0 al primo incontro sono stato eletto responsabile di FreeTheBees Suisse romande e sono diventato subito membro del comitato svizzero.<\/p>\n\n<figure class=\"wp-block-image size-large\"><img loading=\"lazy\" decoding=\"async\" width=\"1024\" height=\"683\" src=\"https:\/\/www.deinadieu.ch\/wp-content\/uploads\/2021\/07\/dA_PAD_MFR0881-1024x683.jpg\" alt=\"\" class=\"wp-image-51329\" srcset=\"https:\/\/www.deinadieu.ch\/wp-content\/uploads\/2021\/07\/dA_PAD_MFR0881-1024x683.jpg 1024w, https:\/\/www.deinadieu.ch\/wp-content\/uploads\/2021\/07\/dA_PAD_MFR0881-300x200.jpg 300w, https:\/\/www.deinadieu.ch\/wp-content\/uploads\/2021\/07\/dA_PAD_MFR0881.jpg 1200w\" sizes=\"auto, (max-width: 1024px) 100vw, 1024px\" \/><figcaption class=\"wp-element-caption\">Andr\u00e9 Dunand sul prato verde (Foto: Manu Friederich)<\/figcaption><\/figure>\n\n<h3 class=\"wp-block-heading\" id=\"h-warum-liegen-ihnen-insbesondere-bienen-am-herzen\"><strong>Perch\u00e9 le api sono particolarmente importanti per lei?<\/strong><strong><\/strong><\/h3>\n\n<p>Le api sono vitali per la natura, per l&#8217;impollinazione e per l&#8217;equilibrio naturale. Era da molto tempo che volevo impegnarmi per questa nobile causa. Finalmente ho potuto iniziare. Ho subito acquistato due alveari e organizzato due prati fioriti.<\/p>\n\n<p>Da un lato, sono affascinato dal modo di vivere e dalla struttura delle colonie di api. C&#8217;\u00e8 un&#8217;organizzazione chiara: c&#8217;\u00e8 la regina delle uova e gli unici maschi riproduttori, detti fuchi, che vengono mangiati quando hanno fatto il loro dovere. Intorno a loro, la colonia di api femmine si prende cura della covata e della regina. Ci\u00f2 che affascina delle femmine \u00e8 che sono soggette a cambiamenti di ruolo nel corso della loro intera vita. Si sviluppano con l&#8217;et\u00e0 e assumono altri compiti.<\/p>\n\n<p>D&#8217;altra parte, mi piace passare il tempo a guardare le api, assicurandomi che stiano bene e ascoltando il loro ronzio. \u00c8 molto rilassante. Anche mia nipote di tre anni \u00e8 affascinata dal ruolo dell&#8217;ape regina. Spesso mi accompagna nelle mie uscite di osservazione.<\/p>\n\n<h3 class=\"wp-block-heading\" id=\"h-wie-geht-es-den-bienen-generell\"><strong>Come stanno le api in generale?<\/strong> <\/h3>\n\n<p>Sono generalmente incredibilmente popolari. Sfortunatamente, il pubblico \u00e8 poco informato sulla reale situazione delle api, in particolare delle api da miele. Il fatto \u00e8 che la maggior parte degli apicoltori pratica l&#8217;allevamento intensivo. Vedono le api principalmente come produttrici di miele e le sfruttano eccessivamente. Inoltre, la maggior parte degli apicoltori utilizza prodotti pericolosi come l&#8217;acido ossalico. Quindi siamo lontani da un mondo idilliaco e rispettoso nei confronti degli alveari.<\/p>\n\n<h3 class=\"wp-block-heading\" id=\"h-was-mussten-die-bienenhalter-andern\"><strong>Cosa dovrebbero cambiare gli apicoltori?<\/strong><strong><\/strong><\/h3>\n\n<p>Ci sono tre cose e allo stesso tempo i <strong>tre pilastri<\/strong> su cui FreeTheBees basa la sua filosofia:<\/p>\n\n<p><strong>In primo luogo, l&#8217;ape deve tornare alla natura selvaggia<\/strong>. Questo \u00e8 l&#8217;unico modo in cui pu\u00f2 adattarsi al suo sviluppo, come ha fatto finora. L&#8217;allevamento esclusivo delle api negli alveari e il controllo sulla loro produzione di miele \u00e8 incompatibile con la vita allo stato brado.<\/p>\n\n<p><strong>In secondo luogo, l&#8217;apicoltura deve diventare sostenibile<\/strong>. Per raggiungere questo obiettivo, FreeTheBees organizza corsi di formazione per apicoltori. Imparano come diversificare in modo sostenibile l&#8217;apicoltura e gestirla in modo meno intensivo.<\/p>\n\n<p><strong>In terzo luogo, l&#8217;habitat delle api deve essere migliorato<\/strong>. Questo significa che dobbiamo aumentare la diversit\u00e0 delle piante mellifere in fiore ovunque esse non possano sopravvivere da sole. Inoltre, possiamo promuovere l&#8217;esistenza di alberi cavi o grotte negli alberi e creare cos\u00ec spazio vitale importante.<\/p>\n\n<h3 class=\"wp-block-heading\" id=\"h-wie-geht-es-ihren-eigenen-bienen\"><strong>Come stanno le sue api? <\/strong><strong><\/strong><\/h3>\n\n<p>Dato che ho iniziato l&#8217;apicoltura solo ad aprile, la mia esperienza \u00e8 ancora molto fresca. Il mio obiettivo principale \u00e8 dare alle colonie di api un habitat naturale e selvaggio. Per questo nel 2020 ho installato due modelli di alveare SwissTree come rifugio. L&#8217;habitat Swiss Tree \u00e8 stato sviluppato grazie alla collaborazione tra FreeTheBees e l&#8217;azienda <a href=\"https:\/\/www.nova-ruder.ch\/bienenbaum\" target=\"_blank\" rel=\"noreferrer noopener\">Nova Ruder<\/a>. Swiss Tree rende pi\u00f9 facile il ritorno alla natura delle colonie di api. La sua forma ricorda le cavit\u00e0 naturali degli alberi in cui gli insetti abitano nella natura selvaggia. A differenza degli alveari tradizionali, le pareti di SwissTree sono pi\u00f9 spesse e offrono alle api una migliore protezione dal calore dell&#8217;estate e dal freddo dell&#8217;inverno. Una colonia di api pu\u00f2 svernare in un albero Swiss Tree con soli tre chili di miele. Nell&#8217;alveare tradizionale hanno bisogno di almeno quattro volte tanto per sopravvivere.<\/p>\n\n<figure class=\"wp-block-image size-large\"><img loading=\"lazy\" decoding=\"async\" width=\"1024\" height=\"683\" src=\"https:\/\/www.deinadieu.ch\/wp-content\/uploads\/2021\/07\/dA_PAD_MFR0875-1024x683.jpg\" alt=\"\" class=\"wp-image-51319\" srcset=\"https:\/\/www.deinadieu.ch\/wp-content\/uploads\/2021\/07\/dA_PAD_MFR0875-1024x683.jpg 1024w, https:\/\/www.deinadieu.ch\/wp-content\/uploads\/2021\/07\/dA_PAD_MFR0875-300x200.jpg 300w, https:\/\/www.deinadieu.ch\/wp-content\/uploads\/2021\/07\/dA_PAD_MFR0875.jpg 1200w\" sizes=\"auto, (max-width: 1024px) 100vw, 1024px\" \/><figcaption class=\"wp-element-caption\">Nell&#8217;albero Swiss Tree una colonia di api pu\u00f2 sopravvivere con un quarto del miele normalmente necessario. (Foto: Manu Friederich)<\/figcaption><\/figure>\n\n<h3 class=\"wp-block-heading\" id=\"h-haben-sie-bezuglich-freethebees-eine-vision-wenn-ja-wie-realistisch-ist-deren-umsetzung-was-braucht-es-dazu\"><strong>Ha una visione riguardo a FreeTheBees? Se s\u00ec, quanto \u00e8 realistico realizzarla? Cosa ci vuole per farlo?<\/strong><\/h3>\n\n<p>\u00c8 il ritorno dell&#8217;ape alla natura. Per me \u00e8 importante fare tutto il possibile per raggiungere questo obiettivo. Ci\u00f2 include anche l&#8217;informazione continua del pubblico sulla realt\u00e0 opprimente delle api nell&#8217;apicoltura e sui pericoli dell&#8217;allevamento intensivo.<\/p>\n\n<h3 class=\"wp-block-heading\" id=\"h-haben-sie-ein-personliches-lebensmotto\"><strong>Ha un motto personale nella vita?<\/strong><strong><\/strong><\/h3>\n\n<p>Bisogna sempre vedere il bicchiere mezzo pieno.<\/p>\n\n<h3 class=\"wp-block-heading\" id=\"h-wie-sind-sie-auf-die-idee-gekommen-einen-teil-ihrer-erbschaft-an-freethebees-zu-spenden-was-motiviert-sie-dazu\"><strong>Come le \u00e8 venuta l&#8217;idea di donare parte della sua eredit\u00e0 a FreeTheBees? Cosa la motiva a farlo?<\/strong><\/h3>\n\n<p>Sono in pensione da un anno, non ho preoccupazioni finanziarie e la mia casa \u00e8 gi\u00e0 intestata al nostro unico figlio. Questo ha dato lo spunto per riflettere su questo argomento. La mia decisione non \u00e8 ancora definitiva. Mia moglie e mio figlio conoscono i miei pensieri. <strong>Finch\u00e9 il mio futuro e quello della mia famiglia sono al sicuro, ritengo importante donare parte del mio patrimonio a una causa che mi sta a cuore.<\/strong><\/p>\n\n\n        <div class=\"relative shadow-lg -mx-12 mb-4 overflow-hidden\" style=\"background-image: url('https:\/\/www.deinadieu.ch\/wp-content\/themes\/da-v4\/assets\/v4\/banner\/testament.jpg'); background-size: cover; background-position: center\">\n            <div class=\"banner-white-box md:w-3\/5 text-black -ml-16 pl-16\" style=\"background-color: rgba(255,255,255,0.75)\">\n                <div class=\"inner\">\n                    <div class=\"text-2xl p-12\"><strong>Non avete ancora scritto un testamento?<\/strong> Generate ora un modello PDF gratuito per<\/div>\n                    <div class=\"px-12 md:mr-16\">\n                        <a href=\"https:\/\/app.deinadieu.ch\/testament\" target=\"_blank\" class=\"btn btn-da btn-small btn-block\">me<\/a>\n                        <a href=\"https:\/\/app.deinadieu.ch\/testament\" target=\"_blank\" class=\"mt-4 btn btn-da btn-small btn-block\">un'altra persona<\/a>\n                    <\/div>\n                    <div class=\"px-12 py-8\">\n                        <img decoding=\"async\" src=\"https:\/\/www.deinadieu.ch\/wp-content\/themes\/da-v4\/assets\/v4\/deinadieu_logo_dark.svg\" class=\"h-12\">\n                    <\/div>\n                <\/div>\n            <\/div>\n        <\/div>\n        \n\n<div style=\"height:40px\" aria-hidden=\"true\" class=\"wp-block-spacer\"><\/div>\n\n<h3 class=\"wp-block-heading\" id=\"h-wie-konnen-interessierte-die-aktivitaten-von-freethebees-unterstutzen\"><strong>In che modo persone interessate possono supportare le attivit\u00e0 di FreeTheBees?<\/strong><\/h3>\n\n<p>Ci sono diverse opzioni: chiunque pu\u00f2 <strong>donare<\/strong> qualsiasi importo a FreeTheBees o sostenere un progetto specifico. Attualmente ci sono diversi progetti, ad esempio Swiss BeeMapping, l&#8217;addestramento di cani da fiuto o la creazione di habitat per le api selvatiche.<\/p>\n\n<p>Ma si pu\u00f2 anche <strong>diventare socio<\/strong>. Esistono diverse varianti: il socio regolare, l&#8217;argento, l&#8217;oro e il platino. Ciascuno dei quattro membri include diverse condizioni finanziarie e vantaggi. Potete trovare informazioni a riguardo sul nostro sito web: <a href=\"https:\/\/freethebees.ch\/\" target=\"_blank\" rel=\"noreferrer noopener\">FreeTheBees.ch<\/a>.<\/p>\n\n<figure class=\"wp-block-image size-large\"><img loading=\"lazy\" decoding=\"async\" width=\"1024\" height=\"683\" src=\"https:\/\/www.deinadieu.ch\/wp-content\/uploads\/2021\/07\/dA_PAD_MFR0914-1024x683.jpg\" alt=\"\" class=\"wp-image-51324\" srcset=\"https:\/\/www.deinadieu.ch\/wp-content\/uploads\/2021\/07\/dA_PAD_MFR0914-1024x683.jpg 1024w, https:\/\/www.deinadieu.ch\/wp-content\/uploads\/2021\/07\/dA_PAD_MFR0914-300x200.jpg 300w, https:\/\/www.deinadieu.ch\/wp-content\/uploads\/2021\/07\/dA_PAD_MFR0914.jpg 1200w\" sizes=\"auto, (max-width: 1024px) 100vw, 1024px\" \/><figcaption class=\"wp-element-caption\">Un&#8217;ape vola nello Swiss Tree. (Foto: Manu Friederich)<\/figcaption><\/figure>\n\n<p>Ogni amante del miele dovrebbe esserne consapevole: il miele non \u00e8 un prodotto di massa. Il miele puro \u00e8 un dono della natura, una prelibatezza. Un allevamento appropriato degli animali \u00e8 di immensa importanza per il futuro delle api e dell&#8217;ecosistema. Ecco perch\u00e9 bisogna prestare attenzione alla qualit\u00e0 ecologica del miele. Attenzione: le comuni etichette biologiche non sono molto utili.<\/p>\n\n<p>Noi consigliamo di acquistare il miele da apicoltori lontani da allevamenti intensivi. FreeTheBees sta attualmente lavorando al proprio label di miele. \u00c8 chiamato <strong>ApiVita<\/strong> e produce miele ecologicamente sostenibile. Sotto questa etichetta gli apicoltori sono autorizzati a produrre miele in modo estensivo con l&#8217;80% del loro allevamento, ma devono anche mantenere il 20% delle loro colonie di api vicino alla natura. Il primo miele ApiVita dovrebbe essere lanciato nel 2022. <\/p>\n\n<p>Nel frattempo raccomandiamo a tutti di comprare il miele da apicoltori e commercianti locali che producono secondo i principi dell&#8217;apicoltura Delinat e non sono interessati principalmente all&#8217;ottimizzazione del rendimento a breve termine. Una <strong>selezione di fornitori di miele sostenibile<\/strong> \u00e8 elencata su <a href=\"http:\/\/vitaverdura.ch\" target=\"_blank\" rel=\"noreferrer noopener\">vitaverdura.ch<\/a>, <a href=\"http:\/\/honigwahl.ch\" target=\"_blank\" rel=\"noreferrer noopener\">honigwahl.ch<\/a> e <a href=\"http:\/\/bienli.ch\" target=\"_blank\" rel=\"noreferrer noopener\">bienli.ch<\/a>. I lettori possono saperne di pi\u00f9 sul consumo di miele su <a href=\"https:\/\/freethebees.ch\/honig\/\" target=\"_blank\" rel=\"noreferrer noopener\">https:\/\/freethebees.ch\/honig\/<\/a>.<\/p>\n\n        <div class=\"da-servicebox relative bg-gray-200 p-4 pt-8 border-solid border-t-8 border-da-dark mb-6\">\n            <i class=\"fas fa-info-circle mx-auto fa-7x text-da-dark\"><\/i>\n            <span style=\"hyphens: auto\">\n                <br \/>\n<strong>FreeTheBees<\/strong> \u00e8 probabilmente l&#8217;unica organizzazione di api in Europa libera dagli interessi dell&#8217;apicoltura. I membri godono di un ambiente di attivit\u00e0 aperto, onesto e critico-costruttivo. Un comitato scientifico consultivo assicura la qualit\u00e0 dei lavori e garantisce una prospettiva indipendente, interdisciplinare e obiettiva. <br \/>\nFreeTheBees \u00e8 <a href=\"https:\/\/www.deinadieu.ch\/hilfswerke\/verein-freethebees\/\">Partner di Dein Adieu.ch<\/a>.<br \/>\n<strong>Andr\u00e9 Dunand<\/strong> (1957) di Friburgo \u00e8 ortopedagogista e gestisce da trent&#8217;anni un posto di lavoro per adulti disabili nella zona di Friburgo. Con il suo pensionamento anticipato nel 2020 \u00e8 entrato a far parte del comitato di FreeTheBees. Dirige i \u00ab<a href=\"https:\/\/www.mieux-vivre.ch\/\" target=\"_blank\" rel=\"noopener noreferrer\">Salons du mieux-vivre<\/a>\u00bb a Friburgo e Saignel\u00e9gier dal 2004. Inoltre dal 2009 Andr\u00e9 \u00e8 il presidente della <a href=\"https:\/\/www.fopis.ch\/\" target=\"_blank\" rel=\"noopener noreferrer\">FOPIS<\/a>, Federazione delle organizzazioni del personale delle istituzioni sociali friburghesi.<br \/>\n\n                \n                \n            <\/span>\n        <\/div>\n        \n","protected":false},"excerpt":{"rendered":"<p>Andr\u00e9 Dunand \u00e8 impegnato nel comitato di FreeTheBees per la coltura delle api selvatiche. Attualmente sta valutando di donare parte del suo patrimonio alla libert\u00e0 delle api. Un&#8217;intervista sui motivi e i retroscena.<\/p>\n","protected":false},"author":6033,"featured_media":52392,"comment_status":"open","ping_status":"closed","sticky":false,"template":"","format":"standard","meta":{"_acf_changed":false,"footnotes":""},"categories":[3199],"tags":[2836,3014,2557,2563],"class_list":["post-52793","post","type-post","status-publish","format-standard","has-post-thumbnail","hentry","category-donazione-testamentaria","tag-associazione","tag-donazioni","tag-legato-it","tag-testimonianza"],"acf":[],"yoast_head":"<title>FREETHEBEES e la conservazione dell&#039;ape | DeinAdieu<\/title>\n<meta name=\"description\" content=\"FREETHEBEES si impegna per la conservazione dell&#039;ape. Scoprite nell&#039;intervista ad Andr\u00e9 Dunand come potete sostenere anche voi questa associazione.\" \/>\n<meta name=\"robots\" content=\"index, follow, max-snippet:-1, max-image-preview:large, max-video-preview:-1\" \/>\n<link rel=\"canonical\" href=\"https:\/\/www.deinadieu.ch\/it\/vorrei-donare-parte-del-mio-patrimonio-per-una-buona-causa\/\" \/>\n<meta property=\"og:locale\" content=\"it_IT\" \/>\n<meta property=\"og:type\" content=\"article\" \/>\n<meta property=\"og:title\" content=\"\u00abVorrei donare parte del mio patrimonio per una buona causa\u00bb\" \/>\n<meta property=\"og:description\" content=\"Andr\u00e9 Dunand \u00e8 impegnato nel comitato di FreeTheBees per la coltura delle api selvatiche. Attualmente sta valutando di donare parte del suo patrimonio\" \/>\n<meta property=\"og:url\" content=\"https:\/\/www.deinadieu.ch\/it\/vorrei-donare-parte-del-mio-patrimonio-per-una-buona-causa\/\" \/>\n<meta property=\"og:site_name\" content=\"DeinAdieu.ch\" \/>\n<meta property=\"article:publisher\" content=\"https:\/\/www.facebook.com\/deinadieu\" \/>\n<meta property=\"article:published_time\" content=\"2021-07-18T13:04:00+00:00\" \/>\n<meta property=\"article:modified_time\" content=\"2023-07-05T14:02:51+00:00\" \/>\n<meta property=\"og:image\" content=\"https:\/\/static.deinadieu.ch\/uploads\/2021\/07\/andre_dunand_freethebee.jpg\" \/>\n\t<meta property=\"og:image:width\" content=\"1200\" \/>\n\t<meta property=\"og:image:height\" content=\"800\" \/>\n\t<meta property=\"og:image:type\" content=\"image\/jpeg\" \/>\n<meta name=\"author\" content=\"Regina M\u00fcnstermann\" \/>\n<meta name=\"twitter:card\" content=\"summary_large_image\" \/>\n<meta name=\"twitter:creator\" content=\"@DeinAdieu\" \/>\n<meta name=\"twitter:site\" content=\"@DeinAdieu\" \/>\n<meta name=\"twitter:label1\" content=\"Written by\" \/>\n\t<meta name=\"twitter:data1\" content=\"Regina M\u00fcnstermann\" \/>\n\t<meta name=\"twitter:label2\" content=\"Est. reading time\" \/>\n\t<meta name=\"twitter:data2\" content=\"6 minutes\" \/>\n<script type=\"application\/ld+json\" class=\"yoast-schema-graph\">{\"@context\":\"https:\\\/\\\/schema.org\",\"@graph\":[{\"@type\":\"Article\",\"@id\":\"https:\\\/\\\/www.deinadieu.ch\\\/it\\\/vorrei-donare-parte-del-mio-patrimonio-per-una-buona-causa\\\/#article\",\"isPartOf\":{\"@id\":\"https:\\\/\\\/www.deinadieu.ch\\\/it\\\/vorrei-donare-parte-del-mio-patrimonio-per-una-buona-causa\\\/\"},\"author\":{\"name\":\"Regina M\u00fcnstermann\",\"@id\":\"https:\\\/\\\/www.deinadieu.ch\\\/it\\\/#\\\/schema\\\/person\\\/c530bef2c287d1dc72c66fea764b64b3\"},\"headline\":\"\u00abVorrei donare parte del mio patrimonio per una buona causa\u00bb\",\"datePublished\":\"2021-07-18T13:04:00+00:00\",\"dateModified\":\"2023-07-05T14:02:51+00:00\",\"mainEntityOfPage\":{\"@id\":\"https:\\\/\\\/www.deinadieu.ch\\\/it\\\/vorrei-donare-parte-del-mio-patrimonio-per-una-buona-causa\\\/\"},\"wordCount\":1307,\"commentCount\":0,\"publisher\":{\"@id\":\"https:\\\/\\\/www.deinadieu.ch\\\/it\\\/#organization\"},\"image\":{\"@id\":\"https:\\\/\\\/www.deinadieu.ch\\\/it\\\/vorrei-donare-parte-del-mio-patrimonio-per-una-buona-causa\\\/#primaryimage\"},\"thumbnailUrl\":\"https:\\\/\\\/www.deinadieu.ch\\\/wp-content\\\/uploads\\\/2021\\\/07\\\/andre_dunand_freethebee.jpg\",\"keywords\":[\"Associazione\",\"Donazioni\",\"Legato\",\"Testimonianza\"],\"articleSection\":[\"Donazione testamentaria\"],\"inLanguage\":\"it-IT\",\"potentialAction\":[{\"@type\":\"CommentAction\",\"name\":\"Comment\",\"target\":[\"https:\\\/\\\/www.deinadieu.ch\\\/it\\\/vorrei-donare-parte-del-mio-patrimonio-per-una-buona-causa\\\/#respond\"]}]},{\"@type\":\"WebPage\",\"@id\":\"https:\\\/\\\/www.deinadieu.ch\\\/it\\\/vorrei-donare-parte-del-mio-patrimonio-per-una-buona-causa\\\/\",\"url\":\"https:\\\/\\\/www.deinadieu.ch\\\/it\\\/vorrei-donare-parte-del-mio-patrimonio-per-una-buona-causa\\\/\",\"name\":\"FREETHEBEES e la conservazione dell'ape | DeinAdieu\",\"isPartOf\":{\"@id\":\"https:\\\/\\\/www.deinadieu.ch\\\/it\\\/#website\"},\"primaryImageOfPage\":{\"@id\":\"https:\\\/\\\/www.deinadieu.ch\\\/it\\\/vorrei-donare-parte-del-mio-patrimonio-per-una-buona-causa\\\/#primaryimage\"},\"image\":{\"@id\":\"https:\\\/\\\/www.deinadieu.ch\\\/it\\\/vorrei-donare-parte-del-mio-patrimonio-per-una-buona-causa\\\/#primaryimage\"},\"thumbnailUrl\":\"https:\\\/\\\/www.deinadieu.ch\\\/wp-content\\\/uploads\\\/2021\\\/07\\\/andre_dunand_freethebee.jpg\",\"datePublished\":\"2021-07-18T13:04:00+00:00\",\"dateModified\":\"2023-07-05T14:02:51+00:00\",\"description\":\"FREETHEBEES si impegna per la conservazione dell'ape. Scoprite nell'intervista ad Andr\u00e9 Dunand come potete sostenere anche voi questa associazione.\",\"breadcrumb\":{\"@id\":\"https:\\\/\\\/www.deinadieu.ch\\\/it\\\/vorrei-donare-parte-del-mio-patrimonio-per-una-buona-causa\\\/#breadcrumb\"},\"inLanguage\":\"it-IT\",\"potentialAction\":[{\"@type\":\"ReadAction\",\"target\":[\"https:\\\/\\\/www.deinadieu.ch\\\/it\\\/vorrei-donare-parte-del-mio-patrimonio-per-una-buona-causa\\\/\"]}]},{\"@type\":\"ImageObject\",\"inLanguage\":\"it-IT\",\"@id\":\"https:\\\/\\\/www.deinadieu.ch\\\/it\\\/vorrei-donare-parte-del-mio-patrimonio-per-una-buona-causa\\\/#primaryimage\",\"url\":\"https:\\\/\\\/www.deinadieu.ch\\\/wp-content\\\/uploads\\\/2021\\\/07\\\/andre_dunand_freethebee.jpg\",\"contentUrl\":\"https:\\\/\\\/www.deinadieu.ch\\\/wp-content\\\/uploads\\\/2021\\\/07\\\/andre_dunand_freethebee.jpg\",\"width\":1200,\"height\":800,\"caption\":\"Andr\u00e9 Dunand, membro del comitato di Freethebees. (Foto: Manu Friederich)\"},{\"@type\":\"BreadcrumbList\",\"@id\":\"https:\\\/\\\/www.deinadieu.ch\\\/it\\\/vorrei-donare-parte-del-mio-patrimonio-per-una-buona-causa\\\/#breadcrumb\",\"itemListElement\":[{\"@type\":\"ListItem\",\"position\":1,\"name\":\"Home\",\"item\":\"https:\\\/\\\/www.deinadieu.ch\\\/it\\\/deinadieu-dialog-und-serviceportal-zum-lebensende\\\/\"},{\"@type\":\"ListItem\",\"position\":2,\"name\":\"\u00abVorrei donare parte del mio patrimonio per una buona causa\u00bb\"}]},{\"@type\":\"WebSite\",\"@id\":\"https:\\\/\\\/www.deinadieu.ch\\\/it\\\/#website\",\"url\":\"https:\\\/\\\/www.deinadieu.ch\\\/it\\\/\",\"name\":\"DeinAdieu.ch\",\"description\":\"Testament, Patientenverf\u00fcgung und Vorsorgeauftrag\",\"publisher\":{\"@id\":\"https:\\\/\\\/www.deinadieu.ch\\\/it\\\/#organization\"},\"potentialAction\":[{\"@type\":\"SearchAction\",\"target\":{\"@type\":\"EntryPoint\",\"urlTemplate\":\"https:\\\/\\\/www.deinadieu.ch\\\/it\\\/?s={search_term_string}\"},\"query-input\":{\"@type\":\"PropertyValueSpecification\",\"valueRequired\":true,\"valueName\":\"search_term_string\"}}],\"inLanguage\":\"it-IT\"},{\"@type\":\"Organization\",\"@id\":\"https:\\\/\\\/www.deinadieu.ch\\\/it\\\/#organization\",\"name\":\"EMNA Web GmbH\",\"url\":\"https:\\\/\\\/www.deinadieu.ch\\\/it\\\/\",\"logo\":{\"@type\":\"ImageObject\",\"inLanguage\":\"it-IT\",\"@id\":\"https:\\\/\\\/www.deinadieu.ch\\\/it\\\/#\\\/schema\\\/logo\\\/image\\\/\",\"url\":\"https:\\\/\\\/www.deinadieu.ch\\\/wp-content\\\/uploads\\\/2016\\\/01\\\/DeinAdieu_Logo.png\",\"contentUrl\":\"https:\\\/\\\/www.deinadieu.ch\\\/wp-content\\\/uploads\\\/2016\\\/01\\\/DeinAdieu_Logo.png\",\"width\":300,\"height\":117,\"caption\":\"EMNA Web GmbH\"},\"image\":{\"@id\":\"https:\\\/\\\/www.deinadieu.ch\\\/it\\\/#\\\/schema\\\/logo\\\/image\\\/\"},\"sameAs\":[\"https:\\\/\\\/www.facebook.com\\\/deinadieu\",\"https:\\\/\\\/x.com\\\/DeinAdieu\",\"https:\\\/\\\/www.instagram.com\\\/deinadieu\\\/\",\"https:\\\/\\\/www.linkedin.com\\\/company\\\/deinadieu.ch\"]},{\"@type\":\"Person\",\"@id\":\"https:\\\/\\\/www.deinadieu.ch\\\/it\\\/#\\\/schema\\\/person\\\/c530bef2c287d1dc72c66fea764b64b3\",\"name\":\"Regina M\u00fcnstermann\",\"image\":{\"@type\":\"ImageObject\",\"inLanguage\":\"it-IT\",\"@id\":\"https:\\\/\\\/secure.gravatar.com\\\/avatar\\\/6512d1dc1fc1dab3f8298b90394736c8c7106aaa6dc44ce8ef0e8ec25f6b3fed?s=96&d=mm&r=g\",\"url\":\"https:\\\/\\\/secure.gravatar.com\\\/avatar\\\/6512d1dc1fc1dab3f8298b90394736c8c7106aaa6dc44ce8ef0e8ec25f6b3fed?s=96&d=mm&r=g\",\"contentUrl\":\"https:\\\/\\\/secure.gravatar.com\\\/avatar\\\/6512d1dc1fc1dab3f8298b90394736c8c7106aaa6dc44ce8ef0e8ec25f6b3fed?s=96&d=mm&r=g\",\"caption\":\"Regina M\u00fcnstermann\"},\"url\":\"https:\\\/\\\/www.deinadieu.ch\\\/it\\\/author\\\/hallotxtzone-ch\\\/\"}]}<\/script>","yoast_head_json":{"title":"FREETHEBEES e la conservazione dell'ape | DeinAdieu","description":"FREETHEBEES si impegna per la conservazione dell'ape. Scoprite nell'intervista ad Andr\u00e9 Dunand come potete sostenere anche voi questa associazione.","robots":{"index":"index","follow":"follow","max-snippet":"max-snippet:-1","max-image-preview":"max-image-preview:large","max-video-preview":"max-video-preview:-1"},"canonical":"https:\/\/www.deinadieu.ch\/it\/vorrei-donare-parte-del-mio-patrimonio-per-una-buona-causa\/","og_locale":"it_IT","og_type":"article","og_title":"\u00abVorrei donare parte del mio patrimonio per una buona causa\u00bb","og_description":"Andr\u00e9 Dunand \u00e8 impegnato nel comitato di FreeTheBees per la coltura delle api selvatiche. Attualmente sta valutando di donare parte del suo patrimonio","og_url":"https:\/\/www.deinadieu.ch\/it\/vorrei-donare-parte-del-mio-patrimonio-per-una-buona-causa\/","og_site_name":"DeinAdieu.ch","article_publisher":"https:\/\/www.facebook.com\/deinadieu","article_published_time":"2021-07-18T13:04:00+00:00","article_modified_time":"2023-07-05T14:02:51+00:00","og_image":[{"width":1200,"height":800,"url":"https:\/\/static.deinadieu.ch\/uploads\/2021\/07\/andre_dunand_freethebee.jpg","type":"image\/jpeg"}],"author":"Regina M\u00fcnstermann","twitter_card":"summary_large_image","twitter_creator":"@DeinAdieu","twitter_site":"@DeinAdieu","twitter_misc":{"Written by":"Regina M\u00fcnstermann","Est. reading time":"6 minutes"},"schema":{"@context":"https:\/\/schema.org","@graph":[{"@type":"Article","@id":"https:\/\/www.deinadieu.ch\/it\/vorrei-donare-parte-del-mio-patrimonio-per-una-buona-causa\/#article","isPartOf":{"@id":"https:\/\/www.deinadieu.ch\/it\/vorrei-donare-parte-del-mio-patrimonio-per-una-buona-causa\/"},"author":{"name":"Regina M\u00fcnstermann","@id":"https:\/\/www.deinadieu.ch\/it\/#\/schema\/person\/c530bef2c287d1dc72c66fea764b64b3"},"headline":"\u00abVorrei donare parte del mio patrimonio per una buona causa\u00bb","datePublished":"2021-07-18T13:04:00+00:00","dateModified":"2023-07-05T14:02:51+00:00","mainEntityOfPage":{"@id":"https:\/\/www.deinadieu.ch\/it\/vorrei-donare-parte-del-mio-patrimonio-per-una-buona-causa\/"},"wordCount":1307,"commentCount":0,"publisher":{"@id":"https:\/\/www.deinadieu.ch\/it\/#organization"},"image":{"@id":"https:\/\/www.deinadieu.ch\/it\/vorrei-donare-parte-del-mio-patrimonio-per-una-buona-causa\/#primaryimage"},"thumbnailUrl":"https:\/\/www.deinadieu.ch\/wp-content\/uploads\/2021\/07\/andre_dunand_freethebee.jpg","keywords":["Associazione","Donazioni","Legato","Testimonianza"],"articleSection":["Donazione testamentaria"],"inLanguage":"it-IT","potentialAction":[{"@type":"CommentAction","name":"Comment","target":["https:\/\/www.deinadieu.ch\/it\/vorrei-donare-parte-del-mio-patrimonio-per-una-buona-causa\/#respond"]}]},{"@type":"WebPage","@id":"https:\/\/www.deinadieu.ch\/it\/vorrei-donare-parte-del-mio-patrimonio-per-una-buona-causa\/","url":"https:\/\/www.deinadieu.ch\/it\/vorrei-donare-parte-del-mio-patrimonio-per-una-buona-causa\/","name":"FREETHEBEES e la conservazione dell'ape | DeinAdieu","isPartOf":{"@id":"https:\/\/www.deinadieu.ch\/it\/#website"},"primaryImageOfPage":{"@id":"https:\/\/www.deinadieu.ch\/it\/vorrei-donare-parte-del-mio-patrimonio-per-una-buona-causa\/#primaryimage"},"image":{"@id":"https:\/\/www.deinadieu.ch\/it\/vorrei-donare-parte-del-mio-patrimonio-per-una-buona-causa\/#primaryimage"},"thumbnailUrl":"https:\/\/www.deinadieu.ch\/wp-content\/uploads\/2021\/07\/andre_dunand_freethebee.jpg","datePublished":"2021-07-18T13:04:00+00:00","dateModified":"2023-07-05T14:02:51+00:00","description":"FREETHEBEES si impegna per la conservazione dell'ape. Scoprite nell'intervista ad Andr\u00e9 Dunand come potete sostenere anche voi questa associazione.","breadcrumb":{"@id":"https:\/\/www.deinadieu.ch\/it\/vorrei-donare-parte-del-mio-patrimonio-per-una-buona-causa\/#breadcrumb"},"inLanguage":"it-IT","potentialAction":[{"@type":"ReadAction","target":["https:\/\/www.deinadieu.ch\/it\/vorrei-donare-parte-del-mio-patrimonio-per-una-buona-causa\/"]}]},{"@type":"ImageObject","inLanguage":"it-IT","@id":"https:\/\/www.deinadieu.ch\/it\/vorrei-donare-parte-del-mio-patrimonio-per-una-buona-causa\/#primaryimage","url":"https:\/\/www.deinadieu.ch\/wp-content\/uploads\/2021\/07\/andre_dunand_freethebee.jpg","contentUrl":"https:\/\/www.deinadieu.ch\/wp-content\/uploads\/2021\/07\/andre_dunand_freethebee.jpg","width":1200,"height":800,"caption":"Andr\u00e9 Dunand, membro del comitato di Freethebees. (Foto: Manu Friederich)"},{"@type":"BreadcrumbList","@id":"https:\/\/www.deinadieu.ch\/it\/vorrei-donare-parte-del-mio-patrimonio-per-una-buona-causa\/#breadcrumb","itemListElement":[{"@type":"ListItem","position":1,"name":"Home","item":"https:\/\/www.deinadieu.ch\/it\/deinadieu-dialog-und-serviceportal-zum-lebensende\/"},{"@type":"ListItem","position":2,"name":"\u00abVorrei donare parte del mio patrimonio per una buona causa\u00bb"}]},{"@type":"WebSite","@id":"https:\/\/www.deinadieu.ch\/it\/#website","url":"https:\/\/www.deinadieu.ch\/it\/","name":"DeinAdieu.ch","description":"Testament, Patientenverf\u00fcgung und Vorsorgeauftrag","publisher":{"@id":"https:\/\/www.deinadieu.ch\/it\/#organization"},"potentialAction":[{"@type":"SearchAction","target":{"@type":"EntryPoint","urlTemplate":"https:\/\/www.deinadieu.ch\/it\/?s={search_term_string}"},"query-input":{"@type":"PropertyValueSpecification","valueRequired":true,"valueName":"search_term_string"}}],"inLanguage":"it-IT"},{"@type":"Organization","@id":"https:\/\/www.deinadieu.ch\/it\/#organization","name":"EMNA Web GmbH","url":"https:\/\/www.deinadieu.ch\/it\/","logo":{"@type":"ImageObject","inLanguage":"it-IT","@id":"https:\/\/www.deinadieu.ch\/it\/#\/schema\/logo\/image\/","url":"https:\/\/www.deinadieu.ch\/wp-content\/uploads\/2016\/01\/DeinAdieu_Logo.png","contentUrl":"https:\/\/www.deinadieu.ch\/wp-content\/uploads\/2016\/01\/DeinAdieu_Logo.png","width":300,"height":117,"caption":"EMNA Web GmbH"},"image":{"@id":"https:\/\/www.deinadieu.ch\/it\/#\/schema\/logo\/image\/"},"sameAs":["https:\/\/www.facebook.com\/deinadieu","https:\/\/x.com\/DeinAdieu","https:\/\/www.instagram.com\/deinadieu\/","https:\/\/www.linkedin.com\/company\/deinadieu.ch"]},{"@type":"Person","@id":"https:\/\/www.deinadieu.ch\/it\/#\/schema\/person\/c530bef2c287d1dc72c66fea764b64b3","name":"Regina M\u00fcnstermann","image":{"@type":"ImageObject","inLanguage":"it-IT","@id":"https:\/\/secure.gravatar.com\/avatar\/6512d1dc1fc1dab3f8298b90394736c8c7106aaa6dc44ce8ef0e8ec25f6b3fed?s=96&d=mm&r=g","url":"https:\/\/secure.gravatar.com\/avatar\/6512d1dc1fc1dab3f8298b90394736c8c7106aaa6dc44ce8ef0e8ec25f6b3fed?s=96&d=mm&r=g","contentUrl":"https:\/\/secure.gravatar.com\/avatar\/6512d1dc1fc1dab3f8298b90394736c8c7106aaa6dc44ce8ef0e8ec25f6b3fed?s=96&d=mm&r=g","caption":"Regina M\u00fcnstermann"},"url":"https:\/\/www.deinadieu.ch\/it\/author\/hallotxtzone-ch\/"}]}},"_links":{"self":[{"href":"https:\/\/www.deinadieu.ch\/it\/wp-json\/wp\/v2\/posts\/52793","targetHints":{"allow":["GET"]}}],"collection":[{"href":"https:\/\/www.deinadieu.ch\/it\/wp-json\/wp\/v2\/posts"}],"about":[{"href":"https:\/\/www.deinadieu.ch\/it\/wp-json\/wp\/v2\/types\/post"}],"author":[{"embeddable":true,"href":"https:\/\/www.deinadieu.ch\/it\/wp-json\/wp\/v2\/users\/6033"}],"replies":[{"embeddable":true,"href":"https:\/\/www.deinadieu.ch\/it\/wp-json\/wp\/v2\/comments?post=52793"}],"version-history":[{"count":15,"href":"https:\/\/www.deinadieu.ch\/it\/wp-json\/wp\/v2\/posts\/52793\/revisions"}],"predecessor-version":[{"id":64779,"href":"https:\/\/www.deinadieu.ch\/it\/wp-json\/wp\/v2\/posts\/52793\/revisions\/64779"}],"wp:featuredmedia":[{"embeddable":true,"href":"https:\/\/www.deinadieu.ch\/it\/wp-json\/wp\/v2\/media\/52392"}],"wp:attachment":[{"href":"https:\/\/www.deinadieu.ch\/it\/wp-json\/wp\/v2\/media?parent=52793"}],"wp:term":[{"taxonomy":"category","embeddable":true,"href":"https:\/\/www.deinadieu.ch\/it\/wp-json\/wp\/v2\/categories?post=52793"},{"taxonomy":"post_tag","embeddable":true,"href":"https:\/\/www.deinadieu.ch\/it\/wp-json\/wp\/v2\/tags?post=52793"}],"curies":[{"name":"wp","href":"https:\/\/api.w.org\/{rel}","templated":true}]}}