{"id":51190,"date":"2021-03-25T10:22:55","date_gmt":"2021-03-25T09:22:55","guid":{"rendered":"https:\/\/www.deinadieu.ch\/le-cure-palliative-pediatriche-possono-durare-anni\/"},"modified":"2022-08-19T08:53:25","modified_gmt":"2022-08-19T06:53:25","slug":"le-cure-palliative-pediatriche-possono-durare-anni","status":"publish","type":"post","link":"https:\/\/www.deinadieu.ch\/it\/le-cure-palliative-pediatriche-possono-durare-anni\/","title":{"rendered":"Le cure palliative pediatriche possono durare anni"},"content":{"rendered":"\n<p>PD Dr. med. Eva Bergstr\u00e4sser dirige il reparto di cure palliative dell&#8217;Ospedale pediatrico universitario di Zurigo. Lei e il suo team si prendono cura di bambini gravemente malati e morenti e accompagnano i loro fratelli e parenti in questo momento difficile. Ha parlato con DeinAdieu del suo lavoro. Ha parlato di vita e di morte.<\/p>\n\n<!--more-->\n\n<p><strong>Signora Bergstr\u00e4sser: Lei lavora come dirigente medico presso l&#8217;Ospedale pediatrico di Zurigo e dirige il centro di competenza per le cure palliative. Mi parli del suo lavoro per favore. <\/strong><\/p>\n\n<p><strong>PD Dr. Eva Bergstr\u00e4sser:<\/strong> Questo mi \u00e8 importante da sottolineare: non ci prendiamo cura solo di bambini e adolescenti malati terminali negli ultimi giorni, ore. Il nostro lavoro inizia molto prima. A volte subito dopo la nascita. E pu\u00f2 durare alcuni anni.<\/p>\n\n<p><strong>Una chiara differenza rispetto all&#8217;assistenza degli adulti.<\/strong><\/p>\n\n<p>Esattamente. Le cure palliative negli adulti sono molto pi\u00f9 focalizzate sul fine vita. Ci prendiamo cura di bambini di tutte le et\u00e0, dai neonati ai diciottenni, e talvolta anche oltre. Occasionalmente &#8211; e spero che sar\u00e0 di pi\u00f9 in futuro &#8211; ci prendiamo cura dei bambini prima che nascano e, naturalmente, anche dei loro genitori.<\/p>\n\n<p><strong>Poich\u00e9 si sa che il bambino avr\u00e0 bisogno di cure non appena nascer\u00e0?<\/strong><\/p>\n\n<p>S\u00ec. Il bambino ha una malattia che non gli permette di vivere che \u00e8 stata rilevata geneticamente o mediante immagine e quindi si chiede ai genitori cosa desiderano. Dobbiamo fare di tutto o, se la situazione \u00e8 gi\u00e0 abbastanza difficile, dovremmo puntare sul comfort e dare una possibilit\u00e0 al bambino, ma non costringerlo a rimanere in vita.<\/p>\n\n<figure class=\"wp-block-image size-large\"><img loading=\"lazy\" decoding=\"async\" width=\"1024\" height=\"576\" src=\"https:\/\/www.deinadieu.ch\/wp-content\/uploads\/2021\/03\/Blog_PD.Dr_.med_.EvaBergstraesser-2-1024x576.jpg\" alt=\"PD. Dr. med. Eva Bergstr&#xE4;sser, dirigente medico presso l'Ospedale pediatrico di Zurigo\" class=\"wp-image-48445\" srcset=\"https:\/\/www.deinadieu.ch\/wp-content\/uploads\/2021\/03\/Blog_PD.Dr_.med_.EvaBergstraesser-2-1024x576.jpg 1024w, https:\/\/www.deinadieu.ch\/wp-content\/uploads\/2021\/03\/Blog_PD.Dr_.med_.EvaBergstraesser-2-300x169.jpg 300w, https:\/\/www.deinadieu.ch\/wp-content\/uploads\/2021\/03\/Blog_PD.Dr_.med_.EvaBergstraesser-2.jpg 1280w\" sizes=\"auto, (max-width: 1024px) 100vw, 1024px\" \/><figcaption>PD. Dr. med. Eva Bergstr\u00e4sser: \u00abCi prendiamo cura di un gran numero di bambini gravemente malati neurologicamente.\u00bb (Foto: Ospedale pediatrico Zurigo)<\/figcaption><\/figure>\n\n<h2 class=\"wp-block-heading\" id=\"h-die-betreuung-der-kinder-individuell-gestalten\">Organizzare la cura dei bambini individualmente<\/h2>\n\n<p><strong>La cura dei genitori, dei parenti e dei fratelli gioca un ruolo centrale.<\/strong><\/p>\n\n<p>Questo \u00e8 in linea di principio il caso nelle cure palliative pediatriche. Ci concentriamo fortemente sulla famiglia, sull&#8217;ambiente. Ci prendiamo cura di un gran numero di bambini che sono gravemente malati neurologicamente e che sono verbalmente incapaci di comunicare. Quindi non possono dirci con la lingua parlata ci\u00f2 che gli manca. Ecco perch\u00e9 la comunicazione avviene spesso tramite i genitori, a volte tramite i fratelli. <\/p>\n\n<p><strong>E questa cura non avviene solo nell&#8217;ospedale pediatrico?<\/strong><\/p>\n\n<p>No no. Di solito si svolge dove il bambino \u00e8 pi\u00f9 a suo agio ed \u00e8 meglio accudito. Pu\u00f2 essere in ospedale &#8211; ed \u00e8 molto spesso cos\u00ec. Ma pu\u00f2 anche essere a casa o in istituzioni per un&#8217;assistenza a lungo termine, in altre cliniche. <\/p>\n\n<p><strong>Chi vi contatta allora? <\/strong><\/p>\n\n<p>Di norma sono gli specialisti che ci contattano, meno spesso i medici di famiglia o i pediatri. A volte lo Spitex pediatrico fa da mediatore o i genitori ci chiamano direttamente perch\u00e9 hanno sentito parlare del nostro lavoro. <\/p>\n\n<p><strong>E quindi lei, le persone del suo team diventano le principali persone di contatto?<\/strong><\/p>\n\n<p>Persona di contatto principale direi di no. Poich\u00e9 questi bambini soffrono di malattie che necessitano ancora di cure e per le quali di solito esistono ancora opzioni di cura. Ad esempio, se abbiamo un bambino con una grave malattia cardiaca, allora la guida \u00e8 nelle mani dei cardiologi e dei cardiochirurghi: noi forniamo consulenza e supporto in background.<\/p>\n\n<figure class=\"wp-block-image size-large\"><img loading=\"lazy\" decoding=\"async\" width=\"1024\" height=\"576\" src=\"https:\/\/www.deinadieu.ch\/wp-content\/uploads\/2021\/03\/Blog_PD.Dr_.med_.EvaBergstraesser-3-1024x576.jpg\" alt=\"PD. Dr. med. Eva Bergstr&#xE4;sser, dirigente medico presso l'Ospedale pediatrico di Zurigo\" class=\"wp-image-48449\" srcset=\"https:\/\/www.deinadieu.ch\/wp-content\/uploads\/2021\/03\/Blog_PD.Dr_.med_.EvaBergstraesser-3-1024x576.jpg 1024w, https:\/\/www.deinadieu.ch\/wp-content\/uploads\/2021\/03\/Blog_PD.Dr_.med_.EvaBergstraesser-3-300x169.jpg 300w, https:\/\/www.deinadieu.ch\/wp-content\/uploads\/2021\/03\/Blog_PD.Dr_.med_.EvaBergstraesser-3.jpg 1280w\" sizes=\"auto, (max-width: 1024px) 100vw, 1024px\" \/><figcaption>PD. PD. Dr. med. Eva Bergstr\u00e4sser: \u00abNel team abbiamo specialisti psicologicamente formati e offriamo assistenza dopo le cure, accompagnamo le persone in lutto.\u00bb (Foto: Ospedale pediatrico Zurigo)<\/figcaption><\/figure>\n\n<h2 class=\"wp-block-heading\" id=\"h-da-sein-wenn-kind-und-familie-einen-brauchen\">Essere presenti quando i bambini e le famiglie hanno bisogno di noi<\/h2>\n\n<p><strong>E lei e il suo team accompagnate la famiglia?<\/strong><\/p>\n\n<p>\u00c8 cos\u00ec. Siamo come una specie di coperta. A volte la si ha bisogno, a volte la si pu\u00f2 mettere via. Siamo attivi in maniera coordinata, da accompagnamento.<\/p>\n\n<p><strong>Lei, il suo team, mettete anima e cuore in questo lavoro. Questo crea fiducia e abbassa l&#8217;ostacolo che c&#8217;\u00e8 per chiamare in momenti inopportuni e chiedere aiuto.<\/strong><\/p>\n\n<p>\u00c8 cos\u00ec, ed \u00e8 il nostro obiettivo. Vogliamo essere informati per tempo in modo da poter costruire un rapporto e fiducia con il bambino, con i genitori, con i fratelli.<\/p>\n\n<p><strong>E le famiglie osano poi a chiamare in \u00abmomenti inopportuni\u00bb? <\/strong><\/p>\n\n<p>Possono farlo, e dovrebbero. Di notte e nei fine settimana. Le persone colpite sanno che il telefono dell&#8217;ospedale pediatrico \u00e8 spesso con noi a casa. <\/p>\n\n<p><strong>La relazione finisce quando muore un bambino?<\/strong><\/p>\n\n<p>Di solito s\u00ec. Dopo la morte del paziente, il mio incarico medico termina. Formalmente \u00e8 cos\u00ec. Abbiamo specialisti psicologicamente formati nel nostro team e offriamo assistenza dopo le cure, accompagnamo le persone in lutto. C&#8217;\u00e8 un&#8217;ampia variet\u00e0 di offerte. <\/p>\n\n<p><strong>Costruite relazioni. Possono essere pi\u00f9 o meno intense &#8230;<\/strong><\/p>\n\n<p>S\u00ec, \u00e8 cos\u00ec. E queste non posso semplicemente troncarle. In certi casi ero molto vicina alle persone, alle famiglie, e le incontravo spesso. Allora \u00e8 importante trovare un equilibrio umano e professionale. Un equilibrio che rispecchia le esigenze e anche le mie risorse, che non sono illimitate.<\/p>\n\n<figure class=\"wp-block-image size-large\"><img loading=\"lazy\" decoding=\"async\" width=\"1024\" height=\"576\" src=\"https:\/\/www.deinadieu.ch\/wp-content\/uploads\/2021\/03\/Blog_PD.Dr_.med_.EvaBergstraesser-4-1024x576.jpg\" alt=\"PD. Dr. med. Eva Bergstr&#xE4;sser, dirigente medico presso l'Ospedale pediatrico di Zurigo\" class=\"wp-image-48453\" srcset=\"https:\/\/www.deinadieu.ch\/wp-content\/uploads\/2021\/03\/Blog_PD.Dr_.med_.EvaBergstraesser-4-1024x576.jpg 1024w, https:\/\/www.deinadieu.ch\/wp-content\/uploads\/2021\/03\/Blog_PD.Dr_.med_.EvaBergstraesser-4-300x169.jpg 300w, https:\/\/www.deinadieu.ch\/wp-content\/uploads\/2021\/03\/Blog_PD.Dr_.med_.EvaBergstraesser-4.jpg 1280w\" sizes=\"auto, (max-width: 1024px) 100vw, 1024px\" \/><figcaption>PD. Dr. med. Eva Bergstr\u00e4sser, dirigente medico dell&#8217;Ospedale pediatrico di Zurigo, afferma che il cinquanta per cento delle risorse umane \u00e8 finanziato da donazioni. (Foto: Ospedale pediatrico Zurigo)<\/figcaption><\/figure>\n\n<h2 class=\"wp-block-heading\" id=\"h-spenden-erm-glichen-die-arbeit-mit-herzblut\">Le donazioni rendono possibile lavorare con anima e cuore.<\/h2>\n\n<p><strong>Deve riuscire a porsi un limite.<\/strong><\/p>\n\n<p>Esattamente. Di solito funziona bene. La gente sa quanto sono impegnata. <\/p>\n\n<p><strong>Come viene finanziato il suo lavoro con cos\u00ec tanta passione?<\/strong><\/p>\n\n<p>Allora, non si tratta solo di finanziare la nostra passione, ma anche gli alti costi del personale, per esempio. Il cinquanta per cento viene coperto da donazioni. <\/p>\n\n<p><strong>Non si riuscir\u00e0 mai a coprire i costi del vostro lavoro.<\/strong><\/p>\n\n<p>Giusto. Dipendiamo dalle liberalit\u00e0 per finanziare percentuali del segretariato, dei medici, degli psicologi e degli assistenti sociali e cos\u00ec via.<\/p>\n\n<p><strong>Inoltre, molte delle vostre offerte per i genitori e i parenti non potete addebitarle. <\/strong><\/p>\n\n<p>S\u00ec, \u00e8 cos\u00ec. Ci sono offerte per fratelli, per parenti, per famiglie che non possiamo addebitare. Nessuna cassa malati o assicurazione paga.<\/p>\n\n<p><strong>Signora Dr. Bergstr\u00e4sser, lei ha costantemente conversazioni con le persone sulla vita e sulla morte. Quanta influenza ha questo lavoro sulla sua vita? <\/strong><\/p>\n\n<p>Non \u00e8 solo difficile, \u00e8 anche bello. Quando tale accompagnamento ha successo, quando avviene il passaggio dalla lotta per la terapia e la guarigione all&#8217;accettazione di malattie gravi e una vita accorciata, questo pu\u00f2 rendere molto felici. <\/p>\n\n<p><strong>Felice nonostante un tragico destino?<\/strong><\/p>\n\n<p>S\u00ec, se riusciamo ad aumentare la qualit\u00e0 della vita all&#8217;interno delle cure palliative. \u00c8 bello vedere quando una famiglia non corre da medico a medico, ma usa la vita che rimane per fare qualcosa per il bambino malato e per la famiglia. Qualcosa che aiuter\u00e0 a elaborare la perdita in seguito. Ma ovviamente ci sono anche momenti difficili. Ad esempio, se l&#8217;accompagnamento \u00e8 durato settimane, se si \u00e8 svolto giorno e notte, 24 ore su 24. Questo ti esaurisce sia fisicamente che emotivamente.<\/p>\n\n<figure class=\"wp-block-image size-large\"><img loading=\"lazy\" decoding=\"async\" width=\"1024\" height=\"576\" src=\"https:\/\/www.deinadieu.ch\/wp-content\/uploads\/2021\/03\/Blog_PD.Dr_.med_.EvaBergstraesser-5-1024x576.jpg\" alt=\"PD. Dr. med. Eva Bergstr&#xE4;sser, dirigente medico presso l'Ospedale pediatrico di Zurigo\" class=\"wp-image-48457\" srcset=\"https:\/\/www.deinadieu.ch\/wp-content\/uploads\/2021\/03\/Blog_PD.Dr_.med_.EvaBergstraesser-5-1024x576.jpg 1024w, https:\/\/www.deinadieu.ch\/wp-content\/uploads\/2021\/03\/Blog_PD.Dr_.med_.EvaBergstraesser-5-300x169.jpg 300w, https:\/\/www.deinadieu.ch\/wp-content\/uploads\/2021\/03\/Blog_PD.Dr_.med_.EvaBergstraesser-5.jpg 1280w\" sizes=\"auto, (max-width: 1024px) 100vw, 1024px\" \/><figcaption>PD. Dr. med. Eva Bergstr\u00e4sser, dirigente medico presso l&#8217;Ospedale pediatrico di Zurigo: \u00abC&#8217;\u00e8 ancora un certo tab\u00f9 quando si tratta dell&#8217;incurabilit\u00e0 di malattie. Mi piacerebbe vedere una maggiore apertura al riguardo.\u00bb (Foto: Ospedale pediatrico Zurigo)<\/figcaption><\/figure>\n\n<h2 class=\"wp-block-heading\" id=\"h-manchmal-muss-eine-umarmung-m-glich-sein\">A volte deve essere possibile un abbraccio<\/h2>\n\n<p><strong>L\u00ec \u00e8 necessaria una delimitazione.<\/strong><\/p>\n\n<p>S\u00ec. Da me e il mio ambiente personale, da mio marito. Non voglio gravarlo sempre con il mio lavoro, eppure \u00e8 palpabile. Sono magari triste perch\u00e9 qualcosa non funziona. <\/p>\n\n<p><strong>Allora \u00e8 importante accettare l\u2019ingiustizia della vita.<\/strong><\/p>\n\n<p>La bisogna sempre vedere, questo \u00e8 qualcosa di molto essenziale.<\/p>\n\n<p><strong>Se qualcuno non parla la sua lingua, ha un passato migratorio, questo rende difficile lavorare insieme?<\/strong><\/p>\n\n<p>Dipende. Ci sono piccoli pazienti che non riescono a comunicare usando il linguaggio e ci sono genitori che non capiscono la nostra lingua, che non la parlano. Ci sono molti modi per comunicare e la comunicazione pu\u00f2 essere incredibilmente forte. Supponiamo che le persone non possano dire di s\u00ec alla morte e notano che rispetto il loro pensiero, posso affrontarlo e comunque accompagnarli nel loro cammino, allora spesso si presenta una situazione felice.<\/p>\n\n<p><strong>Se si vuole confortare qualcuno nei tempi del Corona bisogna mantenere le distanze. In che modo la pandemia ha influito sul suo lavoro? <\/strong><\/p>\n\n<p>Ovviamente vivo anche io la distanza. E ci sono situazioni in cui non \u00e8 possibile mantenere le distanze. Con me nessuno deve piangere dietro una mascherina. Io tengo su la mascherina. E quando c&#8217;\u00e8 una situazione cos\u00ec difficile a volte abbraccio i genitori. Deve essere cos\u00ec. Cos\u00ec facendo non vado contro le misure di sicurezza contro il Corona, ma rimango umana.<\/p>\n\n<p><strong>Infine: qual \u00e8 il suo augurio a noi, alla societ\u00e0, in materia di vita e di morte? <\/strong><\/p>\n\n<p>C&#8217;\u00e8 ancora un certo tab\u00f9 quando si tratta dell&#8217;incurabilit\u00e0 di malattie. Mi piacerebbe vedere una maggiore apertura al riguardo. Occorre dare valore a eventi cos\u00ec difficili e tragici. I genitori, le famiglie e soprattutto i fratelli che hanno dovuto vivere una tale perdita dovrebbero provare un apprezzamento che non sia accompagnato da ulteriore dolore.<\/p>\n\n<p><strong>Signora Dr. Bergstr\u00e4sser, grazie per averci parlato al telefono e per le foto che l&#8217;Ospedale pediatrico di Zurigo ci ha messo a disposizione.<\/strong><\/p>\n\n<p class=\"has-text-align-right\">Intervista: Martin Schuppli, foto: Ospedale pediatrico Zurigo<\/p>\n\n        <div class=\"da-servicebox relative bg-gray-200 p-4 pt-8 border-solid border-t-8 border-da-dark mb-6\">\n            <i class=\"fas fa-info-circle mx-auto fa-7x text-da-dark\"><\/i>\n            <span style=\"hyphens: auto\">\n                <\/p>\n\n<p>L&#8217;Ospedale pediatrico di Zurigo \u00e8 partner di DeinAdieu. Il link al <a href=\"https:\/\/www.deinadieu.ch\/it\/organizzazioni-caritatevoli\/\">profilo<\/a>:<\/p>\n<p>\n                \n                \n            <\/span>\n        <\/div>\n        \n\n<pre class=\"wp-block-code\"><code><\/code><\/pre>\n","protected":false},"excerpt":{"rendered":"<p>PD Dr. med. Eva Bergstr\u00e4sser dirige il reparto di cure palliative dell&#8217;Ospedale pediatrico universitario di Zurigo. Lei e il suo team si prendono cura di bambini gravemente malati e morenti e accompagnano i loro fratelli e parenti in questo momento difficile. Ha parlato con DeinAdieu del suo lavoro. Ha parlato di vita e di morte.<\/p>\n","protected":false},"author":2,"featured_media":48441,"comment_status":"open","ping_status":"closed","sticky":false,"template":"","format":"standard","meta":{"_acf_changed":false,"footnotes":""},"categories":[3203],"tags":[2522,2691],"class_list":["post-51190","post","type-post","status-publish","format-standard","has-post-thumbnail","hentry","category-medicina-palliativa","tag-cosa-puo-fare-la-mia-eredita","tag-cure-palliative-pediatriche"],"acf":[],"yoast_head":"<title>Le cure palliative pediatriche possono durare anni<\/title>\n<meta name=\"description\" content=\"PD Dr. med. Eva Bergstr\u00e4sser dirige il reparto di cure palliative per bambini gravemente malati e morenti presso l&#039;Ospedale pediatrico di Zurigo.\" \/>\n<meta name=\"robots\" content=\"index, follow, max-snippet:-1, max-image-preview:large, max-video-preview:-1\" \/>\n<link rel=\"canonical\" href=\"https:\/\/www.deinadieu.ch\/it\/le-cure-palliative-pediatriche-possono-durare-anni\/\" \/>\n<meta property=\"og:locale\" content=\"it_IT\" \/>\n<meta property=\"og:type\" content=\"article\" \/>\n<meta property=\"og:title\" content=\"Le cure palliative pediatriche possono durare anni\" \/>\n<meta property=\"og:description\" content=\"PD Dr. med. Eva Bergstr\u00e4sser dirige il reparto di cure palliative dell&#039;Ospedale pediatrico universitario di Zurigo. Lei e il suo team si prendono cura di\" \/>\n<meta property=\"og:url\" content=\"https:\/\/www.deinadieu.ch\/it\/le-cure-palliative-pediatriche-possono-durare-anni\/\" \/>\n<meta property=\"og:site_name\" content=\"DeinAdieu.ch\" \/>\n<meta property=\"article:publisher\" content=\"https:\/\/www.facebook.com\/deinadieu\" \/>\n<meta property=\"article:published_time\" content=\"2021-03-25T09:22:55+00:00\" \/>\n<meta property=\"article:modified_time\" content=\"2022-08-19T06:53:25+00:00\" \/>\n<meta property=\"og:image\" content=\"https:\/\/static.deinadieu.ch\/uploads\/2021\/03\/Blog_PD.Dr_.med_.EvaBergstraesser-1.jpg\" \/>\n\t<meta property=\"og:image:width\" content=\"1280\" \/>\n\t<meta property=\"og:image:height\" content=\"720\" \/>\n\t<meta property=\"og:image:type\" content=\"image\/jpeg\" \/>\n<meta name=\"author\" content=\"Martin Schuppli\" \/>\n<meta name=\"twitter:card\" content=\"summary_large_image\" \/>\n<meta name=\"twitter:creator\" content=\"@DeinAdieu\" \/>\n<meta name=\"twitter:site\" content=\"@DeinAdieu\" \/>\n<meta name=\"twitter:label1\" content=\"Written by\" \/>\n\t<meta name=\"twitter:data1\" content=\"Martin Schuppli\" \/>\n\t<meta name=\"twitter:label2\" content=\"Est. reading time\" \/>\n\t<meta name=\"twitter:data2\" content=\"7 minutes\" \/>\n<script type=\"application\/ld+json\" class=\"yoast-schema-graph\">{\"@context\":\"https:\\\/\\\/schema.org\",\"@graph\":[{\"@type\":\"Article\",\"@id\":\"https:\\\/\\\/www.deinadieu.ch\\\/it\\\/le-cure-palliative-pediatriche-possono-durare-anni\\\/#article\",\"isPartOf\":{\"@id\":\"https:\\\/\\\/www.deinadieu.ch\\\/it\\\/le-cure-palliative-pediatriche-possono-durare-anni\\\/\"},\"author\":{\"name\":\"Martin Schuppli\",\"@id\":\"https:\\\/\\\/www.deinadieu.ch\\\/it\\\/#\\\/schema\\\/person\\\/47522dd97d1b840f11a7e637e69c4a82\"},\"headline\":\"Le cure palliative pediatriche possono durare anni\",\"datePublished\":\"2021-03-25T09:22:55+00:00\",\"dateModified\":\"2022-08-19T06:53:25+00:00\",\"mainEntityOfPage\":{\"@id\":\"https:\\\/\\\/www.deinadieu.ch\\\/it\\\/le-cure-palliative-pediatriche-possono-durare-anni\\\/\"},\"wordCount\":1511,\"commentCount\":0,\"publisher\":{\"@id\":\"https:\\\/\\\/www.deinadieu.ch\\\/it\\\/#organization\"},\"image\":{\"@id\":\"https:\\\/\\\/www.deinadieu.ch\\\/it\\\/le-cure-palliative-pediatriche-possono-durare-anni\\\/#primaryimage\"},\"thumbnailUrl\":\"https:\\\/\\\/www.deinadieu.ch\\\/wp-content\\\/uploads\\\/2021\\\/03\\\/Blog_PD.Dr_.med_.EvaBergstraesser-1.jpg\",\"keywords\":[\"Cosa pu\u00f2 fare la mia eredit\u00e0?\",\"Cure palliative pediatriche\"],\"articleSection\":[\"Medicina palliativa\"],\"inLanguage\":\"it-IT\",\"potentialAction\":[{\"@type\":\"CommentAction\",\"name\":\"Comment\",\"target\":[\"https:\\\/\\\/www.deinadieu.ch\\\/it\\\/le-cure-palliative-pediatriche-possono-durare-anni\\\/#respond\"]}]},{\"@type\":\"WebPage\",\"@id\":\"https:\\\/\\\/www.deinadieu.ch\\\/it\\\/le-cure-palliative-pediatriche-possono-durare-anni\\\/\",\"url\":\"https:\\\/\\\/www.deinadieu.ch\\\/it\\\/le-cure-palliative-pediatriche-possono-durare-anni\\\/\",\"name\":\"Le cure palliative pediatriche possono durare anni\",\"isPartOf\":{\"@id\":\"https:\\\/\\\/www.deinadieu.ch\\\/it\\\/#website\"},\"primaryImageOfPage\":{\"@id\":\"https:\\\/\\\/www.deinadieu.ch\\\/it\\\/le-cure-palliative-pediatriche-possono-durare-anni\\\/#primaryimage\"},\"image\":{\"@id\":\"https:\\\/\\\/www.deinadieu.ch\\\/it\\\/le-cure-palliative-pediatriche-possono-durare-anni\\\/#primaryimage\"},\"thumbnailUrl\":\"https:\\\/\\\/www.deinadieu.ch\\\/wp-content\\\/uploads\\\/2021\\\/03\\\/Blog_PD.Dr_.med_.EvaBergstraesser-1.jpg\",\"datePublished\":\"2021-03-25T09:22:55+00:00\",\"dateModified\":\"2022-08-19T06:53:25+00:00\",\"description\":\"PD Dr. med. Eva Bergstr\u00e4sser dirige il reparto di cure palliative per bambini gravemente malati e morenti presso l'Ospedale pediatrico di Zurigo.\",\"breadcrumb\":{\"@id\":\"https:\\\/\\\/www.deinadieu.ch\\\/it\\\/le-cure-palliative-pediatriche-possono-durare-anni\\\/#breadcrumb\"},\"inLanguage\":\"it-IT\",\"potentialAction\":[{\"@type\":\"ReadAction\",\"target\":[\"https:\\\/\\\/www.deinadieu.ch\\\/it\\\/le-cure-palliative-pediatriche-possono-durare-anni\\\/\"]}]},{\"@type\":\"ImageObject\",\"inLanguage\":\"it-IT\",\"@id\":\"https:\\\/\\\/www.deinadieu.ch\\\/it\\\/le-cure-palliative-pediatriche-possono-durare-anni\\\/#primaryimage\",\"url\":\"https:\\\/\\\/www.deinadieu.ch\\\/wp-content\\\/uploads\\\/2021\\\/03\\\/Blog_PD.Dr_.med_.EvaBergstraesser-1.jpg\",\"contentUrl\":\"https:\\\/\\\/www.deinadieu.ch\\\/wp-content\\\/uploads\\\/2021\\\/03\\\/Blog_PD.Dr_.med_.EvaBergstraesser-1.jpg\",\"width\":1280,\"height\":720,\"caption\":\"PD. Dr. med. Eva Bergstr\u00e4sser, dirigente medico presso l'Ospedale pediatrico di Zurigo. (Foto: Ospedale pediatrico Zurigo)\"},{\"@type\":\"BreadcrumbList\",\"@id\":\"https:\\\/\\\/www.deinadieu.ch\\\/it\\\/le-cure-palliative-pediatriche-possono-durare-anni\\\/#breadcrumb\",\"itemListElement\":[{\"@type\":\"ListItem\",\"position\":1,\"name\":\"Home\",\"item\":\"https:\\\/\\\/www.deinadieu.ch\\\/it\\\/deinadieu-dialog-und-serviceportal-zum-lebensende\\\/\"},{\"@type\":\"ListItem\",\"position\":2,\"name\":\"Le cure palliative pediatriche possono durare anni\"}]},{\"@type\":\"WebSite\",\"@id\":\"https:\\\/\\\/www.deinadieu.ch\\\/it\\\/#website\",\"url\":\"https:\\\/\\\/www.deinadieu.ch\\\/it\\\/\",\"name\":\"DeinAdieu.ch\",\"description\":\"Testament, Patientenverf\u00fcgung und Vorsorgeauftrag\",\"publisher\":{\"@id\":\"https:\\\/\\\/www.deinadieu.ch\\\/it\\\/#organization\"},\"potentialAction\":[{\"@type\":\"SearchAction\",\"target\":{\"@type\":\"EntryPoint\",\"urlTemplate\":\"https:\\\/\\\/www.deinadieu.ch\\\/it\\\/?s={search_term_string}\"},\"query-input\":{\"@type\":\"PropertyValueSpecification\",\"valueRequired\":true,\"valueName\":\"search_term_string\"}}],\"inLanguage\":\"it-IT\"},{\"@type\":\"Organization\",\"@id\":\"https:\\\/\\\/www.deinadieu.ch\\\/it\\\/#organization\",\"name\":\"EMNA Web GmbH\",\"url\":\"https:\\\/\\\/www.deinadieu.ch\\\/it\\\/\",\"logo\":{\"@type\":\"ImageObject\",\"inLanguage\":\"it-IT\",\"@id\":\"https:\\\/\\\/www.deinadieu.ch\\\/it\\\/#\\\/schema\\\/logo\\\/image\\\/\",\"url\":\"https:\\\/\\\/www.deinadieu.ch\\\/wp-content\\\/uploads\\\/2016\\\/01\\\/DeinAdieu_Logo.png\",\"contentUrl\":\"https:\\\/\\\/www.deinadieu.ch\\\/wp-content\\\/uploads\\\/2016\\\/01\\\/DeinAdieu_Logo.png\",\"width\":300,\"height\":117,\"caption\":\"EMNA Web GmbH\"},\"image\":{\"@id\":\"https:\\\/\\\/www.deinadieu.ch\\\/it\\\/#\\\/schema\\\/logo\\\/image\\\/\"},\"sameAs\":[\"https:\\\/\\\/www.facebook.com\\\/deinadieu\",\"https:\\\/\\\/x.com\\\/DeinAdieu\",\"https:\\\/\\\/www.instagram.com\\\/deinadieu\\\/\",\"https:\\\/\\\/www.linkedin.com\\\/company\\\/deinadieu.ch\"]},{\"@type\":\"Person\",\"@id\":\"https:\\\/\\\/www.deinadieu.ch\\\/it\\\/#\\\/schema\\\/person\\\/47522dd97d1b840f11a7e637e69c4a82\",\"name\":\"Martin Schuppli\",\"image\":{\"@type\":\"ImageObject\",\"inLanguage\":\"it-IT\",\"@id\":\"https:\\\/\\\/secure.gravatar.com\\\/avatar\\\/3f6dee2a3d53d202b91ce982afc75191f59466c9d54dc61e5322d152b8eb2881?s=96&d=mm&r=g\",\"url\":\"https:\\\/\\\/secure.gravatar.com\\\/avatar\\\/3f6dee2a3d53d202b91ce982afc75191f59466c9d54dc61e5322d152b8eb2881?s=96&d=mm&r=g\",\"contentUrl\":\"https:\\\/\\\/secure.gravatar.com\\\/avatar\\\/3f6dee2a3d53d202b91ce982afc75191f59466c9d54dc61e5322d152b8eb2881?s=96&d=mm&r=g\",\"caption\":\"Martin Schuppli\"},\"description\":\"Martin Schuppli, *1955, arbeitete w\u00e4hrend 30 Jahren als Journalist bei Ringier AG. Er begann als Produzent beim Blick, schrieb sp\u00e4ter f\u00fcr SonntagsBlick, Gesundheit-Sprechstunde und Schweizer Illustrierte. 2009 machte er sich selbstst\u00e4ndig, sagte: \u00abIch schreibe mich durchs Leben.\u00bb Seit 2015 ist Martin Schuppli zusammen mit Nicolas Gehrig, CEO und dem Team daran, das Webportal DeinAdieu aufzubauen. \u00abHier kann ich schreiben. Und zwar \u00fcber das, was die Menschen am meisten interessiert. \u00dcber Menschen.\u00bb\",\"url\":\"https:\\\/\\\/www.deinadieu.ch\\\/it\\\/author\\\/martin\\\/\"}]}<\/script>","yoast_head_json":{"title":"Le cure palliative pediatriche possono durare anni","description":"PD Dr. med. Eva Bergstr\u00e4sser dirige il reparto di cure palliative per bambini gravemente malati e morenti presso l'Ospedale pediatrico di Zurigo.","robots":{"index":"index","follow":"follow","max-snippet":"max-snippet:-1","max-image-preview":"max-image-preview:large","max-video-preview":"max-video-preview:-1"},"canonical":"https:\/\/www.deinadieu.ch\/it\/le-cure-palliative-pediatriche-possono-durare-anni\/","og_locale":"it_IT","og_type":"article","og_title":"Le cure palliative pediatriche possono durare anni","og_description":"PD Dr. med. Eva Bergstr\u00e4sser dirige il reparto di cure palliative dell'Ospedale pediatrico universitario di Zurigo. Lei e il suo team si prendono cura di","og_url":"https:\/\/www.deinadieu.ch\/it\/le-cure-palliative-pediatriche-possono-durare-anni\/","og_site_name":"DeinAdieu.ch","article_publisher":"https:\/\/www.facebook.com\/deinadieu","article_published_time":"2021-03-25T09:22:55+00:00","article_modified_time":"2022-08-19T06:53:25+00:00","og_image":[{"width":1280,"height":720,"url":"https:\/\/static.deinadieu.ch\/uploads\/2021\/03\/Blog_PD.Dr_.med_.EvaBergstraesser-1.jpg","type":"image\/jpeg"}],"author":"Martin Schuppli","twitter_card":"summary_large_image","twitter_creator":"@DeinAdieu","twitter_site":"@DeinAdieu","twitter_misc":{"Written by":"Martin Schuppli","Est. reading time":"7 minutes"},"schema":{"@context":"https:\/\/schema.org","@graph":[{"@type":"Article","@id":"https:\/\/www.deinadieu.ch\/it\/le-cure-palliative-pediatriche-possono-durare-anni\/#article","isPartOf":{"@id":"https:\/\/www.deinadieu.ch\/it\/le-cure-palliative-pediatriche-possono-durare-anni\/"},"author":{"name":"Martin Schuppli","@id":"https:\/\/www.deinadieu.ch\/it\/#\/schema\/person\/47522dd97d1b840f11a7e637e69c4a82"},"headline":"Le cure palliative pediatriche possono durare anni","datePublished":"2021-03-25T09:22:55+00:00","dateModified":"2022-08-19T06:53:25+00:00","mainEntityOfPage":{"@id":"https:\/\/www.deinadieu.ch\/it\/le-cure-palliative-pediatriche-possono-durare-anni\/"},"wordCount":1511,"commentCount":0,"publisher":{"@id":"https:\/\/www.deinadieu.ch\/it\/#organization"},"image":{"@id":"https:\/\/www.deinadieu.ch\/it\/le-cure-palliative-pediatriche-possono-durare-anni\/#primaryimage"},"thumbnailUrl":"https:\/\/www.deinadieu.ch\/wp-content\/uploads\/2021\/03\/Blog_PD.Dr_.med_.EvaBergstraesser-1.jpg","keywords":["Cosa pu\u00f2 fare la mia eredit\u00e0?","Cure palliative pediatriche"],"articleSection":["Medicina palliativa"],"inLanguage":"it-IT","potentialAction":[{"@type":"CommentAction","name":"Comment","target":["https:\/\/www.deinadieu.ch\/it\/le-cure-palliative-pediatriche-possono-durare-anni\/#respond"]}]},{"@type":"WebPage","@id":"https:\/\/www.deinadieu.ch\/it\/le-cure-palliative-pediatriche-possono-durare-anni\/","url":"https:\/\/www.deinadieu.ch\/it\/le-cure-palliative-pediatriche-possono-durare-anni\/","name":"Le cure palliative pediatriche possono durare anni","isPartOf":{"@id":"https:\/\/www.deinadieu.ch\/it\/#website"},"primaryImageOfPage":{"@id":"https:\/\/www.deinadieu.ch\/it\/le-cure-palliative-pediatriche-possono-durare-anni\/#primaryimage"},"image":{"@id":"https:\/\/www.deinadieu.ch\/it\/le-cure-palliative-pediatriche-possono-durare-anni\/#primaryimage"},"thumbnailUrl":"https:\/\/www.deinadieu.ch\/wp-content\/uploads\/2021\/03\/Blog_PD.Dr_.med_.EvaBergstraesser-1.jpg","datePublished":"2021-03-25T09:22:55+00:00","dateModified":"2022-08-19T06:53:25+00:00","description":"PD Dr. med. Eva Bergstr\u00e4sser dirige il reparto di cure palliative per bambini gravemente malati e morenti presso l'Ospedale pediatrico di Zurigo.","breadcrumb":{"@id":"https:\/\/www.deinadieu.ch\/it\/le-cure-palliative-pediatriche-possono-durare-anni\/#breadcrumb"},"inLanguage":"it-IT","potentialAction":[{"@type":"ReadAction","target":["https:\/\/www.deinadieu.ch\/it\/le-cure-palliative-pediatriche-possono-durare-anni\/"]}]},{"@type":"ImageObject","inLanguage":"it-IT","@id":"https:\/\/www.deinadieu.ch\/it\/le-cure-palliative-pediatriche-possono-durare-anni\/#primaryimage","url":"https:\/\/www.deinadieu.ch\/wp-content\/uploads\/2021\/03\/Blog_PD.Dr_.med_.EvaBergstraesser-1.jpg","contentUrl":"https:\/\/www.deinadieu.ch\/wp-content\/uploads\/2021\/03\/Blog_PD.Dr_.med_.EvaBergstraesser-1.jpg","width":1280,"height":720,"caption":"PD. Dr. med. Eva Bergstr\u00e4sser, dirigente medico presso l'Ospedale pediatrico di Zurigo. (Foto: Ospedale pediatrico Zurigo)"},{"@type":"BreadcrumbList","@id":"https:\/\/www.deinadieu.ch\/it\/le-cure-palliative-pediatriche-possono-durare-anni\/#breadcrumb","itemListElement":[{"@type":"ListItem","position":1,"name":"Home","item":"https:\/\/www.deinadieu.ch\/it\/deinadieu-dialog-und-serviceportal-zum-lebensende\/"},{"@type":"ListItem","position":2,"name":"Le cure palliative pediatriche possono durare anni"}]},{"@type":"WebSite","@id":"https:\/\/www.deinadieu.ch\/it\/#website","url":"https:\/\/www.deinadieu.ch\/it\/","name":"DeinAdieu.ch","description":"Testament, Patientenverf\u00fcgung und Vorsorgeauftrag","publisher":{"@id":"https:\/\/www.deinadieu.ch\/it\/#organization"},"potentialAction":[{"@type":"SearchAction","target":{"@type":"EntryPoint","urlTemplate":"https:\/\/www.deinadieu.ch\/it\/?s={search_term_string}"},"query-input":{"@type":"PropertyValueSpecification","valueRequired":true,"valueName":"search_term_string"}}],"inLanguage":"it-IT"},{"@type":"Organization","@id":"https:\/\/www.deinadieu.ch\/it\/#organization","name":"EMNA Web GmbH","url":"https:\/\/www.deinadieu.ch\/it\/","logo":{"@type":"ImageObject","inLanguage":"it-IT","@id":"https:\/\/www.deinadieu.ch\/it\/#\/schema\/logo\/image\/","url":"https:\/\/www.deinadieu.ch\/wp-content\/uploads\/2016\/01\/DeinAdieu_Logo.png","contentUrl":"https:\/\/www.deinadieu.ch\/wp-content\/uploads\/2016\/01\/DeinAdieu_Logo.png","width":300,"height":117,"caption":"EMNA Web GmbH"},"image":{"@id":"https:\/\/www.deinadieu.ch\/it\/#\/schema\/logo\/image\/"},"sameAs":["https:\/\/www.facebook.com\/deinadieu","https:\/\/x.com\/DeinAdieu","https:\/\/www.instagram.com\/deinadieu\/","https:\/\/www.linkedin.com\/company\/deinadieu.ch"]},{"@type":"Person","@id":"https:\/\/www.deinadieu.ch\/it\/#\/schema\/person\/47522dd97d1b840f11a7e637e69c4a82","name":"Martin Schuppli","image":{"@type":"ImageObject","inLanguage":"it-IT","@id":"https:\/\/secure.gravatar.com\/avatar\/3f6dee2a3d53d202b91ce982afc75191f59466c9d54dc61e5322d152b8eb2881?s=96&d=mm&r=g","url":"https:\/\/secure.gravatar.com\/avatar\/3f6dee2a3d53d202b91ce982afc75191f59466c9d54dc61e5322d152b8eb2881?s=96&d=mm&r=g","contentUrl":"https:\/\/secure.gravatar.com\/avatar\/3f6dee2a3d53d202b91ce982afc75191f59466c9d54dc61e5322d152b8eb2881?s=96&d=mm&r=g","caption":"Martin Schuppli"},"description":"Martin Schuppli, *1955, arbeitete w\u00e4hrend 30 Jahren als Journalist bei Ringier AG. Er begann als Produzent beim Blick, schrieb sp\u00e4ter f\u00fcr SonntagsBlick, Gesundheit-Sprechstunde und Schweizer Illustrierte. 2009 machte er sich selbstst\u00e4ndig, sagte: \u00abIch schreibe mich durchs Leben.\u00bb Seit 2015 ist Martin Schuppli zusammen mit Nicolas Gehrig, CEO und dem Team daran, das Webportal DeinAdieu aufzubauen. \u00abHier kann ich schreiben. Und zwar \u00fcber das, was die Menschen am meisten interessiert. \u00dcber Menschen.\u00bb","url":"https:\/\/www.deinadieu.ch\/it\/author\/martin\/"}]}},"_links":{"self":[{"href":"https:\/\/www.deinadieu.ch\/it\/wp-json\/wp\/v2\/posts\/51190","targetHints":{"allow":["GET"]}}],"collection":[{"href":"https:\/\/www.deinadieu.ch\/it\/wp-json\/wp\/v2\/posts"}],"about":[{"href":"https:\/\/www.deinadieu.ch\/it\/wp-json\/wp\/v2\/types\/post"}],"author":[{"embeddable":true,"href":"https:\/\/www.deinadieu.ch\/it\/wp-json\/wp\/v2\/users\/2"}],"replies":[{"embeddable":true,"href":"https:\/\/www.deinadieu.ch\/it\/wp-json\/wp\/v2\/comments?post=51190"}],"version-history":[{"count":10,"href":"https:\/\/www.deinadieu.ch\/it\/wp-json\/wp\/v2\/posts\/51190\/revisions"}],"predecessor-version":[{"id":59861,"href":"https:\/\/www.deinadieu.ch\/it\/wp-json\/wp\/v2\/posts\/51190\/revisions\/59861"}],"wp:featuredmedia":[{"embeddable":true,"href":"https:\/\/www.deinadieu.ch\/it\/wp-json\/wp\/v2\/media\/48441"}],"wp:attachment":[{"href":"https:\/\/www.deinadieu.ch\/it\/wp-json\/wp\/v2\/media?parent=51190"}],"wp:term":[{"taxonomy":"category","embeddable":true,"href":"https:\/\/www.deinadieu.ch\/it\/wp-json\/wp\/v2\/categories?post=51190"},{"taxonomy":"post_tag","embeddable":true,"href":"https:\/\/www.deinadieu.ch\/it\/wp-json\/wp\/v2\/tags?post=51190"}],"curies":[{"name":"wp","href":"https:\/\/api.w.org\/{rel}","templated":true}]}}