{"id":50032,"date":"2020-07-23T16:41:16","date_gmt":"2020-07-23T14:41:16","guid":{"rendered":"https:\/\/www.deinadieu.ch\/lea-moliterni-i-testatori-sono-consapevoli-della-fragilita-umana\/"},"modified":"2023-07-10T10:44:23","modified_gmt":"2023-07-10T08:44:23","slug":"lea-moliterni-i-testatori-sono-consapevoli-della-fragilita-umana","status":"publish","type":"post","link":"https:\/\/www.deinadieu.ch\/it\/lea-moliterni-i-testatori-sono-consapevoli-della-fragilita-umana\/","title":{"rendered":"Lea Moliterni: \u00abI testatori sono consapevoli della fragilit\u00e0 umana\u00bb"},"content":{"rendered":"\n<p>La storica Lea Moliterni lavora come responsabile della raccolta fondi della Croce Rossa per il Canton Zurigo. Ha parlato con DeinAdieu del suo lavoro e della motivazione delle persone a sostenere un&#8217;organizzazione senza scopo di lucro.<\/p>\n\n<!--more-->\n\n<p>Chi conosce Lea Moliterni sperimenta un\nmomento di felicit\u00e0. La responsabile dei principali benefattori, legati e delle fondazioni della\nCroce Rossa Svizzera per il Canton Zurigo incanta i suoi interlocutori\ncon naturale felicit\u00e0, con molta empatia e molta conoscenza. La\nstorica lavora presso la Croce Rossa per il Canton Zurigo dal 2013.\nL&#8217;autore di DeinAdieu Martin Schuppli l&#8217;ha incontrata prima del periodo Corona per\nl&#8217;intervista. <\/p>\n\n<p><strong>Signora Moliterni, qual \u00e8 il suo ruolo nell&#8217;organizzazione?<\/strong><br\/><strong>Lea Moliterni:<\/strong> Ho diversi incarichi alla Croce Rossa di Zurigo. Da un lato, sono un&#8217;appassionata responsabile della raccolta fondi, quindi raccolgo denaro, motivo per cui sono in stretto contatto regolare con benefattori, donatori e fondazioni. La mia \u00abspecialit\u00e0\u00bb sono le grandi donazioni, cio\u00e8 quei contributi individuali che danno un contributo significativo al successo di interi progetti e attivit\u00e0. <\/p>\n\n<p><strong>Si \u00e8 specializzata in previdenza.<br\/><\/strong> Esattamente. Da diversi anni consiglio i nostri sostenitori su tutte le questioni relative all&#8217;eredit\u00e0, testamenti e previdenza.<\/p>\n\n<p><strong>Come me lo devo immaginare?<\/strong><br\/>Da un lato, ci sono conversazioni personali e consulenze individuali. D&#8217;altra parte, organizziamo eventi sull&#8217;argomento. L\u00ec diamo agli interessati lo spazio e il tempo per porre domande. E le persone si rendono conto che non sono le uniche che hanno domande, che sono insicure.<\/p>\n\n<p><strong>E questo calma? <\/strong><br\/>S\u00ec, \u00e8 cos\u00ec. Dopo una conferenza, un&#8217;anziana signora mi ha detto: \u00abEcco, ora non ho pi\u00f9 paura di morire.\u00bb Questo mi ha toccato infinitamente. <\/p>\n\n<p><strong>Vi interessa anche la parte storica del lavoro della CRS?<\/strong><br\/>Esattamente. Lavoro anche come storica per la Croce Rossa, occupandomi di tutto ci\u00f2 che \u00e8 \u00abstorico\u00bb. Descrivere questo compito entusiasmante prenderebbe troppo tempo ora (ride). Ci sarebbe abbastanza materiale per un&#8217;altra storia. Ad esempio, i bambini migranti provenienti da ex paesi di guerra che sono venuti in Svizzera per riprendersi. <\/p>\n\n<p><strong>Martin Schuppli:<\/strong> Ricordo che abbiamo ospitato i bambini Bukow di Berlino per molte estati negli anni &#8217;60.<\/p>\n\n<figure class=\"wp-block-image\"><img decoding=\"async\" src=\"https:\/\/www.deinadieu.ch\/wp-content\/uploads\/2020\/07\/BLOG_LeaMoliterni_erklaert-1024x576.jpg\" alt=\"\" class=\"wp-image-22668\"\/><figcaption class=\"wp-element-caption\">Lea Moliterni: \u00abLa Croce Rossa per il Canton Zurigo \u00e8 finanziata circa per met\u00e0 da donazioni.\u00bb (Foto: Paolo Foschini)<\/figcaption><\/figure>\n\n<p><strong>Quali compiti svolge la CRS per il Canton Zurigo? <\/strong><br\/>Siamo a disposizione di tutti coloro che nel cantone hanno bisogno di aiuto. Le cose pi\u00f9 conosciute che facciamo sono il nostro servizio trasporti e la chiamata di emergenza. Sono utilizzati principalmente dagli anziani. Ma abbiamo anche una fantastica Croce Rossa Giovani, che svolge oltre 20 attivit\u00e0 per bambini, giovani e anziani. Poi la nostra vasta gamma di aiuto e consulenza per le persone bisognose, per le persone con malattie mentali, per le famiglie in situazioni eccezionali, ecc. Come potete vedere, siamo orientati in modo molto ampio.<\/p>\n\n<p><strong>Come vi finanziate? Ci sono contributi governativi oltre a donazioni e eredit\u00e0?<\/strong><br\/>La Croce Rossa per il Canton Zurigo \u00e8 finanziata circa per met\u00e0 da donazioni. L&#8217;altra met\u00e0 viene generata con entrate da varie offerte e servizi a pagamento, ad esempio dal nostro centro di formazione a Winterthur, specializzato nella formazione di infermieri e assistenti.<\/p>\n\n<p><strong>Quanto sono importanti per voi le entrate da eredit\u00e0 e legati?<\/strong><br\/>Sempre pi\u00f9 importanti. Vediamo un grande potenziale qui per il futuro, perch\u00e9 il tradizionale mercato delle donazioni sta diventando sempre pi\u00f9 volatile, cio\u00e8 instabile e incostante. Chiunque decida di lasciare un&#8217;eredit\u00e0 o un legato, tuttavia, prende una decisione consapevole e contribuisce in tal modo al lavoro sostenibile dell&#8217;ente assistenziale.<\/p>\n\n<figure class=\"wp-block-image\"><img decoding=\"async\" src=\"https:\/\/www.deinadieu.ch\/wp-content\/uploads\/2020\/07\/BLOG_Lea_Moliterni_keck-1024x576.jpg\" alt=\"Responsabile della raccolta fondi Lea Moliterni di CRS ZH\" class=\"wp-image-22664\"\/><figcaption class=\"wp-element-caption\">Lea Moliterni: \u00abCi sono persone che vogliono semplicemente lasciare un legato, per cos\u00ec dire, provocare qualcosa oltre la morte.\u00bb (Foto: Paolo Foschini)<\/figcaption><\/figure>\n\n<p><strong>Potete descrivere le persone che lasciano un&#8217;eredit\u00e0 alla vostra organizzazione? <\/strong><br\/>Sono persone diverse che hanno qualcosa in comune: sono consapevoli della fragilit\u00e0 umana. E non hanno paura di affrontare il tema della propria morte. <\/p>\n\n<p><strong>Alimentati dall&#8217;amore verso il prossimo?<\/strong><br\/>Cos\u00ec si pu\u00f2 dire, s\u00ec. Ad esempio, alcuni vogliono impedire che il loro cane finisca al canile dopo la loro morte. Altri si preoccupano della pace familiare, che vedono minacciata da un&#8217;eredit\u00e0. Altri ancora vogliono semplicemente lasciare un legato, per cos\u00ec dire, provocare qualcosa oltre la morte. Una donazione testamentaria \u00e8 molto adatta a questo scopo. <\/p>\n\n<p><strong>Cosa spinge queste persone a farlo? <\/strong><br\/>Ad esempio la nostra consulenza personale e tecnicamente competente. In seguito, molti sono disposti a lasciare parte del loro patrimonio alla Croce Rossa.<\/p>\n\n<figure class=\"wp-block-image\"><img decoding=\"async\" src=\"https:\/\/www.deinadieu.ch\/wp-content\/uploads\/2020\/07\/BLOG_LeaMoliterni_erklaert2-1024x576.jpg\" alt=\"Responsabile della raccolta fondi Lea Moliterni di CRS ZH\" class=\"wp-image-22669\"\/><figcaption class=\"wp-element-caption\">Quasi tutti noi abbiamo un legame con la Croce Rossa, dice Lea Moliterni. \u00abOgnuno di noi conosce persone che usano il numero di emergenza o il servizio trasporti della Croce Rossa.\u00bb (Foto: Paolo Foschini)<\/figcaption><\/figure>\n\n<p><strong>Ci sono anche donatori che tengono conto della vostra organizzazione e che non conoscevate prima? <\/strong><br\/>S\u00ec, succede anche questo. Il nostro marchio \u00e8 molto conosciuto e le persone si fidano della Croce Rossa. Questo \u00e8 probabilmente uno dei motivi per cui veniamo regolarmente presi in considerazione nel testamento da persone a noi sconosciute. <\/p>\n\n<p><strong>Quasi tutti noi abbiamo un legame con la Croce Rossa.<\/strong><br\/>\u00c8 cos\u00ec. Qualcuno in famiglia usa il numero di emergenza, il vicino \u00e8 autista della Croce Rossa da molti anni, la figlia si \u00e8 formata come babysitter, uno zio ha frequentato il corso di cure palliative, ecc.<\/p>\n\n<p><strong>Ci\u00f2 influisce?<\/strong><br\/>S\u00ec, molto. Fondamentalmente, abbiamo la seguente esperienza: soprattutto con le eredit\u00e0, il lungo termine gioca un ruolo importante (ride). Dopo tutto, l&#8217;organizzazione dovrebbe ancora esistere dopo la morte di un testatore o una testatrice. E in qualche modo nessuno dubita che la Croce Rossa esister\u00e0 ancora tra dieci, venti, trent&#8217;anni. Finch\u00e9 le persone avranno bisogno di aiuto, ci impegneremo e questo \u2013 purtroppo \u2013 sar\u00e0 cos\u00ec ancora per molto tempo.<\/p>\n\n<p><strong>Come si pu\u00f2 rendere i donatori consapevoli della donazione testamentaria senza apparire irrispettosi? <\/strong><br\/>L&#8217;irrispettosit\u00e0 non \u00e8 affatto un problema per me. Fornisco consulenza seria, empatica e attenta a quelle persone che vogliono prendersi cura della loro previdenza e pianificare la loro eredit\u00e0. Molti sono sovraffatti dalle domande che sorgono e sono grati per una consulenza esterna. <\/p>\n\n<p><strong>Infine: Signora Moliterni, ha organizzato il suo \u00abultimo ufficio\u00bb, ha fatto testamento? <\/strong><br\/><strong>Lea Moliterni:<\/strong> Ovviamente ho scritto il mio testamento. Tuttavia, il luogo di deposito non \u00e8 ideale. Si trova in mezzo al mio libro di cucina preferito, ma mio marito lo sa. <\/p>\n\n<p><strong>Perch\u00e9 dice: ovviamente &#8230;<\/strong><br\/>Ebbene, chiunque lavori con questi argomenti in modo professionale e \u00abvive\u00bb e basta, senza guardare al futuro, \u00e8 semplicemente non credibile.<\/p>\n\n<figure class=\"wp-block-image\"><img decoding=\"async\" src=\"https:\/\/www.deinadieu.ch\/wp-content\/uploads\/2020\/07\/BLOG_Lea_Moliterni_lacht-1024x576.jpg\" alt=\"Responsabile della raccolta fondi Lea Moliterni di CRS ZH\" class=\"wp-image-22665\"\/><figcaption class=\"wp-element-caption\">Ha depositato il suo testamento nel libro di cucina preferito. Lea Moliterni, entusiasta responsabile della raccolta fondi della Croce Rossa per il Canton Zurigo. (Foto: Paolo Foschini)<\/figcaption><\/figure>\n\n<p><strong>E quale, cara Signora Moliterni, \u00e8 il suo libro di cucina preferito?<\/strong><br\/>L&#8217;opera classica quasi centenaria \u00abIl talismano della felicit\u00e0\u00bb di Ada Boni. Era l&#8217;italiana Elisabeth F\u00fclscher. La prima edizione apparve nel 1927 con 800 ricette. In questo libro di cucina di culto, le donne imparano cose come separare lo zoccolo dal piede prima di soffriggere sul fuoco.<\/p>\n\n<p><strong>Il piede brasato senza zoccolo non sar\u00e0 la vostra ricetta preferita?<\/strong><em> (ride)<\/em> No, sono i carciofi ripieni al forno.<\/p>\n\n<p><strong>Potete dirci i dettagli? <\/strong><br\/>Perch\u00e9 chiedete cos\u00ec gentilmente <em>(ride)<\/em>. I carciofi sono ripieni di prezzemolo italiano a foglia larga, aglio, pane vecchio, sale, pepe, olio d&#8217;oliva e pecorino. Quindi vengono cotti al forno con una grossa porzione di acqua salata. Sono in trono come regine in mezzo a patate intere, cipolle intere, alloro e pomodorini interi. <\/p>\n\n<p>Allora vi auguro buon appetito, grazie per la\nconversazione e per la ricetta. <\/p>\n\n<p class=\"has-text-align-right\">Intervista: Martin Schuppli, foto: Paolo\nFoschini<\/p>\n\n        <div class=\"da-servicebox relative bg-gray-200 p-4 pt-8 border-solid border-t-8 border-da-dark mb-6\">\n            <i class=\"fas fa-info-circle mx-auto fa-7x text-da-dark\"><\/i>\n            <span style=\"hyphens: auto\">\n                <\/p>\n\n<p>Ecco le informazioni del profilo DeinAdieu di <a rel=\"noreferrer noopener\" aria-label=\" (&#xF6;ffnet in neuem Tab)\" href=\"https:\/\/www.deinadieu.ch\/hilfswerke\/schweizerisches-rotes-kreuz-kanton-z%C3%BCrich\/\" target=\"_blank\">CRSCZH<\/a><\/p>\n\n<p>Croce Rossa Svizzera Canton Zurigo<br\/>Drahtzugstrasse 18<br\/>8008 Zurigo<br\/><a rel=\"noreferrer noopener\" href=\"https:\/\/www.srk-zuerich.ch\/\" target=\"_blank\">www.srk-zuerich.ch<\/a><\/p>\n<p>\n                \n                \n            <\/span>\n        <\/div>\n        \n\n<p><\/p>\n","protected":false},"excerpt":{"rendered":"<p>La storica Lea Moliterni lavora come responsabile della raccolta fondi della Croce Rossa per il Canton Zurigo. Ha parlato con DeinAdieu del suo lavoro e della motivazione delle persone a sostenere un&#8217;organizzazione senza scopo di lucro.<\/p>\n","protected":false},"author":2379,"featured_media":23273,"comment_status":"open","ping_status":"closed","sticky":false,"template":"","format":"standard","meta":{"_acf_changed":false,"footnotes":""},"categories":[3199],"tags":[2522,3014,2557,2015,2121],"class_list":["post-50032","post","type-post","status-publish","format-standard","has-post-thumbnail","hentry","category-donazione-testamentaria","tag-cosa-puo-fare-la-mia-eredita","tag-donazioni","tag-legato-it","tag-previdenza","tag-testamento"],"acf":[],"yoast_head":"<title>Intervista a Lea Moliterni della Croce Rossa | DeinAdieu<\/title>\n<meta name=\"description\" content=\"Lea Moliterni, responsabile della raccolta fondi della Croce Rossa per il Canton Zurigo, ha parlato della motivazione delle persone a sostenere le organizzazioni senza scopo di lucro.\" \/>\n<meta name=\"robots\" content=\"index, follow, max-snippet:-1, max-image-preview:large, max-video-preview:-1\" \/>\n<link rel=\"canonical\" href=\"https:\/\/www.deinadieu.ch\/it\/lea-moliterni-i-testatori-sono-consapevoli-della-fragilita-umana\/\" \/>\n<meta property=\"og:locale\" content=\"it_IT\" \/>\n<meta property=\"og:type\" content=\"article\" \/>\n<meta property=\"og:title\" content=\"Lea Moliterni: \u00abI testatori sono consapevoli della fragilit\u00e0 umana\u00bb\" \/>\n<meta property=\"og:description\" content=\"La storica Lea Moliterni lavora come responsabile della raccolta fondi della Croce Rossa per il Canton Zurigo. Ha parlato con DeinAdieu del suo lavoro e\" \/>\n<meta property=\"og:url\" content=\"https:\/\/www.deinadieu.ch\/it\/lea-moliterni-i-testatori-sono-consapevoli-della-fragilita-umana\/\" \/>\n<meta property=\"og:site_name\" content=\"DeinAdieu.ch\" \/>\n<meta property=\"article:publisher\" content=\"https:\/\/www.facebook.com\/deinadieu\" \/>\n<meta property=\"article:published_time\" content=\"2020-07-23T14:41:16+00:00\" \/>\n<meta property=\"article:modified_time\" content=\"2023-07-10T08:44:23+00:00\" \/>\n<meta property=\"og:image\" content=\"https:\/\/static.deinadieu.ch\/uploads\/2020\/07\/BLOG_LeaMoliterni_Aufmacher.jpg\" \/>\n\t<meta property=\"og:image:width\" content=\"1280\" \/>\n\t<meta property=\"og:image:height\" content=\"720\" \/>\n\t<meta property=\"og:image:type\" content=\"image\/jpeg\" \/>\n<meta name=\"author\" content=\"Martin Schuppli, Autor\" \/>\n<meta name=\"twitter:card\" content=\"summary_large_image\" \/>\n<meta name=\"twitter:creator\" content=\"@DeinAdieu\" \/>\n<meta name=\"twitter:site\" content=\"@DeinAdieu\" \/>\n<meta name=\"twitter:label1\" content=\"Written by\" \/>\n\t<meta name=\"twitter:data1\" content=\"Martin Schuppli, Autor\" \/>\n\t<meta name=\"twitter:label2\" content=\"Est. reading time\" \/>\n\t<meta name=\"twitter:data2\" content=\"6 minutes\" \/>\n<script type=\"application\/ld+json\" class=\"yoast-schema-graph\">{\"@context\":\"https:\\\/\\\/schema.org\",\"@graph\":[{\"@type\":\"Article\",\"@id\":\"https:\\\/\\\/www.deinadieu.ch\\\/it\\\/lea-moliterni-i-testatori-sono-consapevoli-della-fragilita-umana\\\/#article\",\"isPartOf\":{\"@id\":\"https:\\\/\\\/www.deinadieu.ch\\\/it\\\/lea-moliterni-i-testatori-sono-consapevoli-della-fragilita-umana\\\/\"},\"author\":{\"name\":\"Martin Schuppli, Autor\",\"@id\":\"https:\\\/\\\/www.deinadieu.ch\\\/it\\\/#\\\/schema\\\/person\\\/4c245752ed60edffba2d7fc2cdd4175b\"},\"headline\":\"Lea Moliterni: \u00abI testatori sono consapevoli della fragilit\u00e0 umana\u00bb\",\"datePublished\":\"2020-07-23T14:41:16+00:00\",\"dateModified\":\"2023-07-10T08:44:23+00:00\",\"mainEntityOfPage\":{\"@id\":\"https:\\\/\\\/www.deinadieu.ch\\\/it\\\/lea-moliterni-i-testatori-sono-consapevoli-della-fragilita-umana\\\/\"},\"wordCount\":1276,\"commentCount\":0,\"publisher\":{\"@id\":\"https:\\\/\\\/www.deinadieu.ch\\\/it\\\/#organization\"},\"image\":{\"@id\":\"https:\\\/\\\/www.deinadieu.ch\\\/it\\\/lea-moliterni-i-testatori-sono-consapevoli-della-fragilita-umana\\\/#primaryimage\"},\"thumbnailUrl\":\"https:\\\/\\\/www.deinadieu.ch\\\/wp-content\\\/uploads\\\/2020\\\/07\\\/BLOG_LeaMoliterni_Aufmacher.jpg\",\"keywords\":[\"Cosa pu\u00f2 fare la mia eredit\u00e0?\",\"Donazioni\",\"Legato\",\"Previdenza\",\"Testamento\"],\"articleSection\":[\"Donazione testamentaria\"],\"inLanguage\":\"it-IT\",\"potentialAction\":[{\"@type\":\"CommentAction\",\"name\":\"Comment\",\"target\":[\"https:\\\/\\\/www.deinadieu.ch\\\/it\\\/lea-moliterni-i-testatori-sono-consapevoli-della-fragilita-umana\\\/#respond\"]}]},{\"@type\":\"WebPage\",\"@id\":\"https:\\\/\\\/www.deinadieu.ch\\\/it\\\/lea-moliterni-i-testatori-sono-consapevoli-della-fragilita-umana\\\/\",\"url\":\"https:\\\/\\\/www.deinadieu.ch\\\/it\\\/lea-moliterni-i-testatori-sono-consapevoli-della-fragilita-umana\\\/\",\"name\":\"Intervista a Lea Moliterni della Croce Rossa | DeinAdieu\",\"isPartOf\":{\"@id\":\"https:\\\/\\\/www.deinadieu.ch\\\/it\\\/#website\"},\"primaryImageOfPage\":{\"@id\":\"https:\\\/\\\/www.deinadieu.ch\\\/it\\\/lea-moliterni-i-testatori-sono-consapevoli-della-fragilita-umana\\\/#primaryimage\"},\"image\":{\"@id\":\"https:\\\/\\\/www.deinadieu.ch\\\/it\\\/lea-moliterni-i-testatori-sono-consapevoli-della-fragilita-umana\\\/#primaryimage\"},\"thumbnailUrl\":\"https:\\\/\\\/www.deinadieu.ch\\\/wp-content\\\/uploads\\\/2020\\\/07\\\/BLOG_LeaMoliterni_Aufmacher.jpg\",\"datePublished\":\"2020-07-23T14:41:16+00:00\",\"dateModified\":\"2023-07-10T08:44:23+00:00\",\"description\":\"Lea Moliterni, responsabile della raccolta fondi della Croce Rossa per il Canton Zurigo, ha parlato della motivazione delle persone a sostenere le organizzazioni senza scopo di lucro.\",\"breadcrumb\":{\"@id\":\"https:\\\/\\\/www.deinadieu.ch\\\/it\\\/lea-moliterni-i-testatori-sono-consapevoli-della-fragilita-umana\\\/#breadcrumb\"},\"inLanguage\":\"it-IT\",\"potentialAction\":[{\"@type\":\"ReadAction\",\"target\":[\"https:\\\/\\\/www.deinadieu.ch\\\/it\\\/lea-moliterni-i-testatori-sono-consapevoli-della-fragilita-umana\\\/\"]}]},{\"@type\":\"ImageObject\",\"inLanguage\":\"it-IT\",\"@id\":\"https:\\\/\\\/www.deinadieu.ch\\\/it\\\/lea-moliterni-i-testatori-sono-consapevoli-della-fragilita-umana\\\/#primaryimage\",\"url\":\"https:\\\/\\\/www.deinadieu.ch\\\/wp-content\\\/uploads\\\/2020\\\/07\\\/BLOG_LeaMoliterni_Aufmacher.jpg\",\"contentUrl\":\"https:\\\/\\\/www.deinadieu.ch\\\/wp-content\\\/uploads\\\/2020\\\/07\\\/BLOG_LeaMoliterni_Aufmacher.jpg\",\"width\":1280,\"height\":720,\"caption\":\"Lea Moliterni in una consulenza. \u00abSono un'appassionata responsabile della raccolta fondi e sono in stretto contatto regolare con benefattori, donatori e fondazioni.\u00bb (Foto: Paolo Foschini)\"},{\"@type\":\"BreadcrumbList\",\"@id\":\"https:\\\/\\\/www.deinadieu.ch\\\/it\\\/lea-moliterni-i-testatori-sono-consapevoli-della-fragilita-umana\\\/#breadcrumb\",\"itemListElement\":[{\"@type\":\"ListItem\",\"position\":1,\"name\":\"Home\",\"item\":\"https:\\\/\\\/www.deinadieu.ch\\\/it\\\/deinadieu-dialog-und-serviceportal-zum-lebensende\\\/\"},{\"@type\":\"ListItem\",\"position\":2,\"name\":\"Lea Moliterni: \u00abI testatori sono consapevoli della fragilit\u00e0 umana\u00bb\"}]},{\"@type\":\"WebSite\",\"@id\":\"https:\\\/\\\/www.deinadieu.ch\\\/it\\\/#website\",\"url\":\"https:\\\/\\\/www.deinadieu.ch\\\/it\\\/\",\"name\":\"DeinAdieu.ch\",\"description\":\"Testament, Patientenverf\u00fcgung und Vorsorgeauftrag\",\"publisher\":{\"@id\":\"https:\\\/\\\/www.deinadieu.ch\\\/it\\\/#organization\"},\"potentialAction\":[{\"@type\":\"SearchAction\",\"target\":{\"@type\":\"EntryPoint\",\"urlTemplate\":\"https:\\\/\\\/www.deinadieu.ch\\\/it\\\/?s={search_term_string}\"},\"query-input\":{\"@type\":\"PropertyValueSpecification\",\"valueRequired\":true,\"valueName\":\"search_term_string\"}}],\"inLanguage\":\"it-IT\"},{\"@type\":\"Organization\",\"@id\":\"https:\\\/\\\/www.deinadieu.ch\\\/it\\\/#organization\",\"name\":\"EMNA Web GmbH\",\"url\":\"https:\\\/\\\/www.deinadieu.ch\\\/it\\\/\",\"logo\":{\"@type\":\"ImageObject\",\"inLanguage\":\"it-IT\",\"@id\":\"https:\\\/\\\/www.deinadieu.ch\\\/it\\\/#\\\/schema\\\/logo\\\/image\\\/\",\"url\":\"https:\\\/\\\/www.deinadieu.ch\\\/wp-content\\\/uploads\\\/2016\\\/01\\\/DeinAdieu_Logo.png\",\"contentUrl\":\"https:\\\/\\\/www.deinadieu.ch\\\/wp-content\\\/uploads\\\/2016\\\/01\\\/DeinAdieu_Logo.png\",\"width\":300,\"height\":117,\"caption\":\"EMNA Web GmbH\"},\"image\":{\"@id\":\"https:\\\/\\\/www.deinadieu.ch\\\/it\\\/#\\\/schema\\\/logo\\\/image\\\/\"},\"sameAs\":[\"https:\\\/\\\/www.facebook.com\\\/deinadieu\",\"https:\\\/\\\/x.com\\\/DeinAdieu\",\"https:\\\/\\\/www.instagram.com\\\/deinadieu\\\/\",\"https:\\\/\\\/www.linkedin.com\\\/company\\\/deinadieu.ch\"]},{\"@type\":\"Person\",\"@id\":\"https:\\\/\\\/www.deinadieu.ch\\\/it\\\/#\\\/schema\\\/person\\\/4c245752ed60edffba2d7fc2cdd4175b\",\"name\":\"Martin Schuppli, Autor\",\"image\":{\"@type\":\"ImageObject\",\"inLanguage\":\"it-IT\",\"@id\":\"https:\\\/\\\/secure.gravatar.com\\\/avatar\\\/8a166042ac43b389baedddb69454e2bf7f4363dc3d41f37039595cc8daa42c4c?s=96&d=mm&r=g\",\"url\":\"https:\\\/\\\/secure.gravatar.com\\\/avatar\\\/8a166042ac43b389baedddb69454e2bf7f4363dc3d41f37039595cc8daa42c4c?s=96&d=mm&r=g\",\"contentUrl\":\"https:\\\/\\\/secure.gravatar.com\\\/avatar\\\/8a166042ac43b389baedddb69454e2bf7f4363dc3d41f37039595cc8daa42c4c?s=96&d=mm&r=g\",\"caption\":\"Martin Schuppli, Autor\"},\"description\":\"Martin Schuppli, *1955. Ich arbeitete w\u00e4hrend 30 Jahren als Journalist bei Ringier AG. 1982 begann ich als Produzent beim Blick, schrieb sp\u00e4ter f\u00fcr SonntagsBlick, Gesundheit-Sprechstunde und Schweizer Illustrierte. 2009 machte ich mich selbstst\u00e4ndig. Motto: \u00abIch schreibe mich durchs Leben.\u00bb Seit 2015 arbeitete ich zusammen mit Nicolas Gehrig, CEO und dem Team daran, das Webportal DeinAdieu aufzubauen. Hier kann ich schreiben. Und zwar \u00fcber das, was die Menschen am meisten interessiert. \u00dcber Menschen.\",\"url\":\"https:\\\/\\\/www.deinadieu.ch\\\/it\\\/author\\\/martin-schuppli\\\/\"}]}<\/script>","yoast_head_json":{"title":"Intervista a Lea Moliterni della Croce Rossa | DeinAdieu","description":"Lea Moliterni, responsabile della raccolta fondi della Croce Rossa per il Canton Zurigo, ha parlato della motivazione delle persone a sostenere le organizzazioni senza scopo di lucro.","robots":{"index":"index","follow":"follow","max-snippet":"max-snippet:-1","max-image-preview":"max-image-preview:large","max-video-preview":"max-video-preview:-1"},"canonical":"https:\/\/www.deinadieu.ch\/it\/lea-moliterni-i-testatori-sono-consapevoli-della-fragilita-umana\/","og_locale":"it_IT","og_type":"article","og_title":"Lea Moliterni: \u00abI testatori sono consapevoli della fragilit\u00e0 umana\u00bb","og_description":"La storica Lea Moliterni lavora come responsabile della raccolta fondi della Croce Rossa per il Canton Zurigo. Ha parlato con DeinAdieu del suo lavoro e","og_url":"https:\/\/www.deinadieu.ch\/it\/lea-moliterni-i-testatori-sono-consapevoli-della-fragilita-umana\/","og_site_name":"DeinAdieu.ch","article_publisher":"https:\/\/www.facebook.com\/deinadieu","article_published_time":"2020-07-23T14:41:16+00:00","article_modified_time":"2023-07-10T08:44:23+00:00","og_image":[{"width":1280,"height":720,"url":"https:\/\/static.deinadieu.ch\/uploads\/2020\/07\/BLOG_LeaMoliterni_Aufmacher.jpg","type":"image\/jpeg"}],"author":"Martin Schuppli, Autor","twitter_card":"summary_large_image","twitter_creator":"@DeinAdieu","twitter_site":"@DeinAdieu","twitter_misc":{"Written by":"Martin Schuppli, Autor","Est. reading time":"6 minutes"},"schema":{"@context":"https:\/\/schema.org","@graph":[{"@type":"Article","@id":"https:\/\/www.deinadieu.ch\/it\/lea-moliterni-i-testatori-sono-consapevoli-della-fragilita-umana\/#article","isPartOf":{"@id":"https:\/\/www.deinadieu.ch\/it\/lea-moliterni-i-testatori-sono-consapevoli-della-fragilita-umana\/"},"author":{"name":"Martin Schuppli, Autor","@id":"https:\/\/www.deinadieu.ch\/it\/#\/schema\/person\/4c245752ed60edffba2d7fc2cdd4175b"},"headline":"Lea Moliterni: \u00abI testatori sono consapevoli della fragilit\u00e0 umana\u00bb","datePublished":"2020-07-23T14:41:16+00:00","dateModified":"2023-07-10T08:44:23+00:00","mainEntityOfPage":{"@id":"https:\/\/www.deinadieu.ch\/it\/lea-moliterni-i-testatori-sono-consapevoli-della-fragilita-umana\/"},"wordCount":1276,"commentCount":0,"publisher":{"@id":"https:\/\/www.deinadieu.ch\/it\/#organization"},"image":{"@id":"https:\/\/www.deinadieu.ch\/it\/lea-moliterni-i-testatori-sono-consapevoli-della-fragilita-umana\/#primaryimage"},"thumbnailUrl":"https:\/\/www.deinadieu.ch\/wp-content\/uploads\/2020\/07\/BLOG_LeaMoliterni_Aufmacher.jpg","keywords":["Cosa pu\u00f2 fare la mia eredit\u00e0?","Donazioni","Legato","Previdenza","Testamento"],"articleSection":["Donazione testamentaria"],"inLanguage":"it-IT","potentialAction":[{"@type":"CommentAction","name":"Comment","target":["https:\/\/www.deinadieu.ch\/it\/lea-moliterni-i-testatori-sono-consapevoli-della-fragilita-umana\/#respond"]}]},{"@type":"WebPage","@id":"https:\/\/www.deinadieu.ch\/it\/lea-moliterni-i-testatori-sono-consapevoli-della-fragilita-umana\/","url":"https:\/\/www.deinadieu.ch\/it\/lea-moliterni-i-testatori-sono-consapevoli-della-fragilita-umana\/","name":"Intervista a Lea Moliterni della Croce Rossa | DeinAdieu","isPartOf":{"@id":"https:\/\/www.deinadieu.ch\/it\/#website"},"primaryImageOfPage":{"@id":"https:\/\/www.deinadieu.ch\/it\/lea-moliterni-i-testatori-sono-consapevoli-della-fragilita-umana\/#primaryimage"},"image":{"@id":"https:\/\/www.deinadieu.ch\/it\/lea-moliterni-i-testatori-sono-consapevoli-della-fragilita-umana\/#primaryimage"},"thumbnailUrl":"https:\/\/www.deinadieu.ch\/wp-content\/uploads\/2020\/07\/BLOG_LeaMoliterni_Aufmacher.jpg","datePublished":"2020-07-23T14:41:16+00:00","dateModified":"2023-07-10T08:44:23+00:00","description":"Lea Moliterni, responsabile della raccolta fondi della Croce Rossa per il Canton Zurigo, ha parlato della motivazione delle persone a sostenere le organizzazioni senza scopo di lucro.","breadcrumb":{"@id":"https:\/\/www.deinadieu.ch\/it\/lea-moliterni-i-testatori-sono-consapevoli-della-fragilita-umana\/#breadcrumb"},"inLanguage":"it-IT","potentialAction":[{"@type":"ReadAction","target":["https:\/\/www.deinadieu.ch\/it\/lea-moliterni-i-testatori-sono-consapevoli-della-fragilita-umana\/"]}]},{"@type":"ImageObject","inLanguage":"it-IT","@id":"https:\/\/www.deinadieu.ch\/it\/lea-moliterni-i-testatori-sono-consapevoli-della-fragilita-umana\/#primaryimage","url":"https:\/\/www.deinadieu.ch\/wp-content\/uploads\/2020\/07\/BLOG_LeaMoliterni_Aufmacher.jpg","contentUrl":"https:\/\/www.deinadieu.ch\/wp-content\/uploads\/2020\/07\/BLOG_LeaMoliterni_Aufmacher.jpg","width":1280,"height":720,"caption":"Lea Moliterni in una consulenza. \u00abSono un'appassionata responsabile della raccolta fondi e sono in stretto contatto regolare con benefattori, donatori e fondazioni.\u00bb (Foto: Paolo Foschini)"},{"@type":"BreadcrumbList","@id":"https:\/\/www.deinadieu.ch\/it\/lea-moliterni-i-testatori-sono-consapevoli-della-fragilita-umana\/#breadcrumb","itemListElement":[{"@type":"ListItem","position":1,"name":"Home","item":"https:\/\/www.deinadieu.ch\/it\/deinadieu-dialog-und-serviceportal-zum-lebensende\/"},{"@type":"ListItem","position":2,"name":"Lea Moliterni: \u00abI testatori sono consapevoli della fragilit\u00e0 umana\u00bb"}]},{"@type":"WebSite","@id":"https:\/\/www.deinadieu.ch\/it\/#website","url":"https:\/\/www.deinadieu.ch\/it\/","name":"DeinAdieu.ch","description":"Testament, Patientenverf\u00fcgung und Vorsorgeauftrag","publisher":{"@id":"https:\/\/www.deinadieu.ch\/it\/#organization"},"potentialAction":[{"@type":"SearchAction","target":{"@type":"EntryPoint","urlTemplate":"https:\/\/www.deinadieu.ch\/it\/?s={search_term_string}"},"query-input":{"@type":"PropertyValueSpecification","valueRequired":true,"valueName":"search_term_string"}}],"inLanguage":"it-IT"},{"@type":"Organization","@id":"https:\/\/www.deinadieu.ch\/it\/#organization","name":"EMNA Web GmbH","url":"https:\/\/www.deinadieu.ch\/it\/","logo":{"@type":"ImageObject","inLanguage":"it-IT","@id":"https:\/\/www.deinadieu.ch\/it\/#\/schema\/logo\/image\/","url":"https:\/\/www.deinadieu.ch\/wp-content\/uploads\/2016\/01\/DeinAdieu_Logo.png","contentUrl":"https:\/\/www.deinadieu.ch\/wp-content\/uploads\/2016\/01\/DeinAdieu_Logo.png","width":300,"height":117,"caption":"EMNA Web GmbH"},"image":{"@id":"https:\/\/www.deinadieu.ch\/it\/#\/schema\/logo\/image\/"},"sameAs":["https:\/\/www.facebook.com\/deinadieu","https:\/\/x.com\/DeinAdieu","https:\/\/www.instagram.com\/deinadieu\/","https:\/\/www.linkedin.com\/company\/deinadieu.ch"]},{"@type":"Person","@id":"https:\/\/www.deinadieu.ch\/it\/#\/schema\/person\/4c245752ed60edffba2d7fc2cdd4175b","name":"Martin Schuppli, Autor","image":{"@type":"ImageObject","inLanguage":"it-IT","@id":"https:\/\/secure.gravatar.com\/avatar\/8a166042ac43b389baedddb69454e2bf7f4363dc3d41f37039595cc8daa42c4c?s=96&d=mm&r=g","url":"https:\/\/secure.gravatar.com\/avatar\/8a166042ac43b389baedddb69454e2bf7f4363dc3d41f37039595cc8daa42c4c?s=96&d=mm&r=g","contentUrl":"https:\/\/secure.gravatar.com\/avatar\/8a166042ac43b389baedddb69454e2bf7f4363dc3d41f37039595cc8daa42c4c?s=96&d=mm&r=g","caption":"Martin Schuppli, Autor"},"description":"Martin Schuppli, *1955. Ich arbeitete w\u00e4hrend 30 Jahren als Journalist bei Ringier AG. 1982 begann ich als Produzent beim Blick, schrieb sp\u00e4ter f\u00fcr SonntagsBlick, Gesundheit-Sprechstunde und Schweizer Illustrierte. 2009 machte ich mich selbstst\u00e4ndig. Motto: \u00abIch schreibe mich durchs Leben.\u00bb Seit 2015 arbeitete ich zusammen mit Nicolas Gehrig, CEO und dem Team daran, das Webportal DeinAdieu aufzubauen. Hier kann ich schreiben. Und zwar \u00fcber das, was die Menschen am meisten interessiert. \u00dcber Menschen.","url":"https:\/\/www.deinadieu.ch\/it\/author\/martin-schuppli\/"}]}},"_links":{"self":[{"href":"https:\/\/www.deinadieu.ch\/it\/wp-json\/wp\/v2\/posts\/50032","targetHints":{"allow":["GET"]}}],"collection":[{"href":"https:\/\/www.deinadieu.ch\/it\/wp-json\/wp\/v2\/posts"}],"about":[{"href":"https:\/\/www.deinadieu.ch\/it\/wp-json\/wp\/v2\/types\/post"}],"author":[{"embeddable":true,"href":"https:\/\/www.deinadieu.ch\/it\/wp-json\/wp\/v2\/users\/2379"}],"replies":[{"embeddable":true,"href":"https:\/\/www.deinadieu.ch\/it\/wp-json\/wp\/v2\/comments?post=50032"}],"version-history":[{"count":9,"href":"https:\/\/www.deinadieu.ch\/it\/wp-json\/wp\/v2\/posts\/50032\/revisions"}],"predecessor-version":[{"id":64843,"href":"https:\/\/www.deinadieu.ch\/it\/wp-json\/wp\/v2\/posts\/50032\/revisions\/64843"}],"wp:featuredmedia":[{"embeddable":true,"href":"https:\/\/www.deinadieu.ch\/it\/wp-json\/wp\/v2\/media\/23273"}],"wp:attachment":[{"href":"https:\/\/www.deinadieu.ch\/it\/wp-json\/wp\/v2\/media?parent=50032"}],"wp:term":[{"taxonomy":"category","embeddable":true,"href":"https:\/\/www.deinadieu.ch\/it\/wp-json\/wp\/v2\/categories?post=50032"},{"taxonomy":"post_tag","embeddable":true,"href":"https:\/\/www.deinadieu.ch\/it\/wp-json\/wp\/v2\/tags?post=50032"}],"curies":[{"name":"wp","href":"https:\/\/api.w.org\/{rel}","templated":true}]}}