{"id":50008,"date":"2020-10-02T11:41:42","date_gmt":"2020-10-02T09:41:42","guid":{"rendered":"https:\/\/www.deinadieu.ch\/dieter-foerster-il-telefono-amico-ha-salvato-la-nostra-famiglia\/"},"modified":"2022-05-22T11:14:05","modified_gmt":"2022-05-22T09:14:05","slug":"dieter-foerster-il-telefono-amico-ha-salvato-la-nostra-famiglia","status":"publish","type":"post","link":"https:\/\/www.deinadieu.ch\/it\/dieter-foerster-il-telefono-amico-ha-salvato-la-nostra-famiglia\/","title":{"rendered":"Dieter F\u00f6rster: \u00abIl Telefono Amico ha salvato la nostra famiglia\u00bb"},"content":{"rendered":"\n<p>In molte storie di vita, gioia e dolore si stringono la mano. Dieter F\u00f6rster, 83 anni, ha raccontato a DeinAdieu i momenti salienti e le tragedie della sua vita.<\/p>\n\n<!--more-->\n\n<p>Dieter F\u00f6rster \u00e8 cresciuto a Berlino-Wilmersdorf. Aveva meno di sei anni quando la Royal Air Force britannica bombard\u00f2 la capitale tedesca il 16 gennaio 1943. Circa 140 bombardieri della RAF, per lo pi\u00f9 macchine quadrimotore pesanti, hanno sganciato 370 tonnellate di bombe altamente esplosive e incendiarie. Questo \u00e8 stato pi\u00f9 di qualsiasi attacco precedente.<\/p>\n\n<p>148 persone persero la vita quella notte fredda e oltre 10 000 persero il tetto sopra la testa. Dieter F\u00f6rster annuisce. L&#8217;83enne era accovacciato con sua madre nel seminterrato dell&#8217;ufficio postale principale in quel momento. \u00abSi sentiva esplodere, scoppiare e tuonare. In seguito sembrava la Beirut di oggi. La nostra casa \u00e8 stata distrutta da una bomba incendiaria, gente disperata trascinava roba dalle macerie. La citt\u00e0 mi sembrava un mare di fiamme.\u00bb Rimane in silenzio. Sono preso dal coinvolgimento. \u00abCredetemi\u00bb, dice Dieter F\u00f6rster, \u00abquesto ti traumatizza.\u00bb<\/p>\n\n<p>L&#8217;alto uomo all&#8217;epoca era figlio unico. Suo padre, un ufficiale di polizia, fu arruolato nelle SS all&#8217;inizio della guerra e dislocato in Unione Sovietica. \u00abNon sappiamo cosa faceva a Riga allora\u00bb, dice Dieter F\u00f6rster. \u00abIn seguito ci siamo chiesti perch\u00e9 non gliel&#8217;abbiamo mai chiesto. Successivamente ho letto di cose terribili che erano successe a Riga in quel tempo. C&#8217;erano molti campi di concentramento. Molte storie tristi.\u00bb<\/p>\n\n<p>Alla fine della guerra, madre e figlio vivevano ancora a Wilmersdorf, un sobborgo di Berlino. \u00abFu un bene quando gli inglesi sostituirono i liberatori russi nell&#8217;estate del 1945\u00bb, dice Dieter F\u00f6rster. Suo padre era fuggito da Riga in quel momento, aveva cercato di raggiungere la Germania ed era finito in un campo di prigionia inglese vicino ad Amburgo. \u00ab\u00c8 stato l\u00ec per un anno o due anni. Non gli era permesso di tornare a Berlino. A causa del blocco.\u00bb Quello \u00e8 stato un momento difficile. Tutto il cibo doveva essere trasportato in aereo. La gente soffriva di fame e privazione.<\/p>\n\n<p>Nel 1949, quando il blocco di Berlino fu revocato, suo padre torn\u00f2 \u00aba casa dalla guerra\u00bb e cerc\u00f2 un lavoro come falegname. L&#8217;undicenne l&#8217;ha vissuto come un bel periodo. Poco dopo \u00e8 nata sua sorella Brigitte. Dieter F\u00f6rster ride. Dice: \u00abHa sofferto un po&#8217; a causa mia. Avevo 13 anni in pi\u00f9 e ero una specie di secondo educatore per lei. Seguirono anni meravigliosi. Plasmati dalla speranza. Lo sviluppo \u00e8 stato positivo. Chi voleva trovava un impiego e poteva lavorare.\u00bb<\/p>\n\n<figure class=\"wp-block-image size-large\"><img loading=\"lazy\" decoding=\"async\" width=\"1024\" height=\"576\" src=\"https:\/\/www.deinadieu.ch\/wp-content\/uploads\/2020\/10\/BLOG_DieterFoerster_Geste-1024x576.jpg\" alt=\"Dieter F&#xF6;rster\" class=\"wp-image-25457\" srcset=\"https:\/\/www.deinadieu.ch\/wp-content\/uploads\/2020\/10\/BLOG_DieterFoerster_Geste-1024x576.jpg 1024w, https:\/\/www.deinadieu.ch\/wp-content\/uploads\/2020\/10\/BLOG_DieterFoerster_Geste-300x169.jpg 300w, https:\/\/www.deinadieu.ch\/wp-content\/uploads\/2020\/10\/BLOG_DieterFoerster_Geste.jpg 1280w\" sizes=\"auto, (max-width: 1024px) 100vw, 1024px\" \/><figcaption>Nella Pasqua del 1962, Dieter F\u00f6rster e un gruppo scout di Berlino visitarono gli amici di famiglie scout sul lago di Zurigo. I giovani erano entusiasti di tutte le bellezze della Svizzera. (Foto: Paolo Foschini)<\/figcaption><\/figure>\n\n<h2 class=\"wp-block-heading\" id=\"h-am-z-richsee-verliebte-sich-dieter-f-rster\">Dieter F\u00f6rster si innamor\u00f2 sul Lago di Zurigo<\/h2>\n\n<p>Segue ora un evento decisivo. Il giovane berlinese \u00e8 stato impegnato negli scout e ha conosciuto un gruppo svizzero durante un campo nel sud della Germania. \u00abCi interessavano\u00bb, dice Dieter F\u00f6rster con un sorriso. \u00abLi abbiamo invitati a Berlino. Era il 1961, il muro non c&#8217;era ancora.\u00bb Questo \u00e8 stato seguito a sua volta da un invito in Svizzera. Nella Pasqua del 1962 i berlinesi visitarono \u2039le loro famiglie scout\u203a sul lago di Zurigo. I giovani erano entusiasti di tutte le bellezze della Svizzera. \u00abLa sola stazione del treno di Zurigo era affascinante. Il trambusto, le persone soddisfatte. In confronto a quello, la nostra stazione Zoo era una cosa misera.\u00bb<\/p>\n\n<p>La sera dell&#8217;addio in una capanna nella foresta sopra St\u00e4fa e Hombrechtikon, incontr\u00f2 una bella ragazza bionda. \u00abMi ha fatto andare fuori di testa\u00bb, dice Dieter F\u00f6rster. \u00abHo tirato la sua treccia sfacciatamente. Andavamo d&#8217;accordo. Io avevo 24 anni e lei 17.\u00bb Lui ride. Dice: \u00abMi ha mostrato la capanna e mi ha detto che non vorr\u00e0 sposarsi, non vorr\u00e0 mai gestire un&#8217;economia domestica.\u00bb Pi\u00f9 tardi in macchina, fu colpito da una prima ondata di mal d&#8217;amore. \u00abE io, stupido, non sapevo nemmeno il suo nome.\u00bb <\/p>\n\n        <div class=\"relative shadow-lg -mx-12 mb-4 overflow-hidden\" style=\"background-image: url('https:\/\/www.deinadieu.ch\/wp-content\/themes\/da-v4\/assets\/v4\/banner\/dienstleister.jpg'); background-size: cover; background-position: center\">\n            <div class=\"banner-white-box md:w-3\/5 text-black -ml-16 pl-16\" style=\"background-color: rgba(255,255,255,0.75)\">\n                <div class=\"inner\">\n                    <div class=\"text-2xl p-12\">Cercate specifici <strong>fornitori di servizi<\/strong>? DeinAdieu.ch offre un elenco completo!<\/div>\n                    <div class=\"px-12 md:mr-16\">\n                        <div class=\"hidden\">Scegliere comune<\/div>\n                        <a href=\"\/dienstleisterverzeichnis\/\" class=\"btn btn-da btn-small btn-block\">all'elenco<\/a>\n                    <\/div>\n                    <div class=\"px-12 py-8\">\n                        <img decoding=\"async\" src=\"https:\/\/www.deinadieu.ch\/wp-content\/themes\/da-v4\/assets\/v4\/deinadieu_logo_dark.svg\" class=\"h-12\">\n                    <\/div>\n                <\/div>\n            <\/div>\n        <\/div>\n        \n\n<h2 class=\"wp-block-heading\" id=\"h-brief-an-fuchs-aus-st-fa-geschrieben\">Lettera scritta a \u00abVolpe di St\u00e4fa\u00bb<\/h2>\n\n<p>Quando \u00e8 tornato a casa, come capo della delegazione ha scritto una lettera di ringraziamento alla Svizzera e ha allegato un biglietto indirizzato a \u00abVolpe, St\u00e4fa\u00bb. Ed ecco: Ruth Dubs ha risposto. In quattro anni e mezzo ci saranno state centinaia di lettere. \u00abL&#8217;ultima volta ho aperto la scatola e le ho lette tutte. Impressionante. Abbiamo litigato, ci siamo amati. Tutto da lontano. Le lettere volavano costantemente avanti e indietro.\u00bb Quando le lettere con corriere espresso non erano pi\u00f9 abbastanza veloci, Dieter F\u00f6rster inizi\u00f2 a telefonare. \u00ab\u00c8 diventato presto troppo costoso.\u00bb Gli innamorati potevano vedersi una volta all&#8217;anno. Quando Dieter F\u00f6rster trascorreva le sue vacanze nel sud.<\/p>\n\n<p>Era chiaro all&#8217;elettrotecnico diplomato: \u00abDevo andare in Svizzera.\u00bb Trov\u00f2 un lavoro a Zurigo nella societ\u00e0 \u00abAlbiswerk\u00bb, poi acquistata dalla Siemens. \u00abAvrei potuto iniziare subito\u00bb. Nel 1967 Ruth e Dieter si sposarono nella chiesa di St\u00e4fa e la primavera successiva nacque la loro figlia Sabine. <\/p>\n\n<figure class=\"wp-block-image size-large\"><img loading=\"lazy\" decoding=\"async\" width=\"1024\" height=\"576\" src=\"https:\/\/www.deinadieu.ch\/wp-content\/uploads\/2020\/10\/BLOG_DieterFoerster_Briefe-1024x576.jpg\" alt=\"Dieter F&#xF6;rster\" class=\"wp-image-25449\" srcset=\"https:\/\/www.deinadieu.ch\/wp-content\/uploads\/2020\/10\/BLOG_DieterFoerster_Briefe-1024x576.jpg 1024w, https:\/\/www.deinadieu.ch\/wp-content\/uploads\/2020\/10\/BLOG_DieterFoerster_Briefe-300x169.jpg 300w, https:\/\/www.deinadieu.ch\/wp-content\/uploads\/2020\/10\/BLOG_DieterFoerster_Briefe.jpg 1280w\" sizes=\"auto, (max-width: 1024px) 100vw, 1024px\" \/><figcaption>Dieter F\u00f6rster davanti a una scatola con lettere d&#8217;amore che aveva scritto a Ruth e che aveva ricevuto da lei. \u00abImpressionante. Abbiamo litigato, ci siamo amati. Tutto da lontano. Le lettere volavano costantemente avanti e indietro.\u00bb (Foto: Paolo Foschini)<\/figcaption><\/figure>\n\n<h2 class=\"wp-block-heading\" id=\"h-nach-ruths-krise-reisepl-ne-geschmiedet\">Dopo la crisi di Ruth, ideato progetti di viaggio<\/h2>\n\n<p>L&#8217;insegnante di scuola elementare Ruth ha smesso di insegnare dopo il parto. Era un po&#8217; infelice. Da sola in un appartamento in un quartiere solitario. Due anni dopo la piccola famiglia si trasfer\u00ec a Birmensdorf ZH. L\u00ec nacque il figlio Adrian. \u00abRuth era disperata durante la gravidanza\u00bb, dice Dieter F\u00f6rster. Non poteva farlo, disse disperatamente e svilupp\u00f2 una depressione. \u00abNon sapevamo cosa fare e ci siamo rivolti al \u2039Telefono Amico\u203a.\u00bb La telefonata al numero 143 \u00e8 stata la salvezza per la famiglia. \u00abRuth ha ricevuto aiuto da un cieco che \u00e8 stato una sorta di sostegno per lei.\u00bb Durante questo periodo \u00e8 diventato chiaro per loro che la loro amata donna voleva andare all&#8217;estero, voleva viaggiare. Ha ereditato il gene da suo padre. Ha visitato suo fratello in Ghana &#8211; in macchina.<\/p>\n\n<p>E cos\u00ec la coppia F\u00f6rster ha sviluppato la voglia di viaggiare in tutto il mondo. Dieter F\u00f6rster ride. Dice: \u00abVoleva andare all&#8217;estero e io ho detto: \u2039Sono all&#8217;estero\u203a.\u00bb L&#8217;elettrotecnico si fece trasferire. Dapprima allettava il Sudafrica. \u00abPoi ho conosciuto un manager argentino presso la sede Siemens di Monaco. E cos\u00ec ho detto alla mia famiglia, che mi stava aspettando nel parco, che saremmo emigrati a Buenos Aires.\u00bb<\/p>\n\n<h2 class=\"wp-block-heading\" id=\"h-im-s-damerika-gefiels-der-familie-f-rster\">Alla famiglia F\u00f6rster piaceva in Sud America<\/h2>\n\n<p>Dieter F\u00f6rster vol\u00f2 prima da solo e la famiglia lo segu\u00ec un mese dopo \u2013 in nave. Per Ruth la traversata con due bambini piccoli fu una tortura. \u00abCi piaceva molto la vita in stile romanzesco in Argentina\u00bb, dice Dieter F\u00f6rster. Dirigeva un dipartimento di sviluppo. La situazione politica ha reso la vita sempre pi\u00f9 difficile. \u00abDopo che lo stato ha terminato un accordo di cooperazione con Siemens nel 1974 e i ribelli hanno minacciato i direttori, tutti i tedeschi sono dovuti tornare a casa \u2013 o andare in un altro paese. Il datore di lavoro Siemens ha offerto al padre di famiglia un lavoro nel sud del Brasile. \u00abCi siamo trasferiti vicino alle cascate dell&#8217;Iguaz\u00fa. \u00abIl meglio che abbiamo fatto fuori casa. I bambini hanno frequentato la scuola internazionale, hanno imparato l&#8217;inglese, lo spagnolo e il portoghese.\u00bb Ruth voleva un altro figlio e ha funzionato. \u00ab\u00c8 nato il sole Philip. Un bambino voluto. Biondo paglia\u00bb, dice Dieter F\u00f6rster con orgoglio.<\/p>\n\n<figure class=\"wp-block-image size-large\"><img loading=\"lazy\" decoding=\"async\" width=\"1024\" height=\"576\" src=\"https:\/\/www.deinadieu.ch\/wp-content\/uploads\/2020\/10\/BLOG_DieterFoerster_Lacht-1024x576.jpg\" alt=\"Dieter F&#xF6;rster\" class=\"wp-image-25465\" srcset=\"https:\/\/www.deinadieu.ch\/wp-content\/uploads\/2020\/10\/BLOG_DieterFoerster_Lacht-1024x576.jpg 1024w, https:\/\/www.deinadieu.ch\/wp-content\/uploads\/2020\/10\/BLOG_DieterFoerster_Lacht-300x169.jpg 300w, https:\/\/www.deinadieu.ch\/wp-content\/uploads\/2020\/10\/BLOG_DieterFoerster_Lacht.jpg 1280w\" sizes=\"auto, (max-width: 1024px) 100vw, 1024px\" \/><figcaption>Dieter F\u00f6rster riassume con soddisfazione: \u00abGodo di un livello di agiatezza che i miei genitori non hanno mai avuto.\u00bb (Foto: Paolo Foschini)<\/figcaption><\/figure>\n\n<h2 class=\"wp-block-heading\" id=\"h-s-damerika-pr-gte-das-ehepaar\">Il Sud America ha plasmato la coppia<\/h2>\n\n<p>Nel 1978 la famiglia dovette tornare a casa dopo che il progetto di sviluppo fu interrotto. I due bambini grandi sono volati a Berlino dai nonni. Dieter e Ruth intrapresero ancora un viaggio con Philipp in Sud America. \u00abAbbiamo visitato il Cile, la Colombia e il Guatemala. Poi ci siamo stabiliti a Zurigo. Ho continuato a lavorare per Siemens. In tutto e per tutto eravamo ben provvisti. Ruth ha potuto esercitare la sua amata professione di insegnante in Sud America. Questo non era pi\u00f9 possibile a Zurigo. Ne ha sofferto molto\u00bb <\/p>\n\n<p>Il Sud America ha plasmato la coppia. \u00c8 stato un sermone in Brasile che li ha condotti entrambi su un sentiero con Ges\u00f9 Cristo. \u00c8 stato un periodo molto intenso. Dopo anni con la congregazione di Chrischona, trov\u00f2 il suo appoggio all&#8217;ICF, di cui \u00e8 membro dal 1996, dice Dieter F\u00f6rster. <\/p>\n\n        <div class=\"relative shadow-lg -mx-12 mb-4 overflow-hidden\" style=\"background-image: url('https:\/\/www.deinadieu.ch\/wp-content\/themes\/da-v4\/assets\/v4\/banner\/testament.jpg'); background-size: cover; background-position: center\">\n            <div class=\"banner-white-box md:w-3\/5 text-black -ml-16 pl-16\" style=\"background-color: rgba(255,255,255,0.75)\">\n                <div class=\"inner\">\n                    <div class=\"text-2xl p-12\"><strong>Non avete ancora scritto un testamento?<\/strong> Generate ora un modello PDF gratuito per<\/div>\n                    <div class=\"px-12 md:mr-16\">\n                        <a href=\"https:\/\/app.deinadieu.ch\/testament\" target=\"_blank\" class=\"btn btn-da btn-small btn-block\">me<\/a>\n                        <a href=\"https:\/\/app.deinadieu.ch\/testament\" target=\"_blank\" class=\"mt-4 btn btn-da btn-small btn-block\">un'altra persona<\/a>\n                    <\/div>\n                    <div class=\"px-12 py-8\">\n                        <img decoding=\"async\" src=\"https:\/\/www.deinadieu.ch\/wp-content\/themes\/da-v4\/assets\/v4\/deinadieu_logo_dark.svg\" class=\"h-12\">\n                    <\/div>\n                <\/div>\n            <\/div>\n        <\/div>\n        \n\n<h2 class=\"wp-block-heading\" id=\"h-in-england-entdeckten-sich-die-eheleute-neu\">La coppia si \u00e8 riscoperta in Inghilterra<\/h2>\n\n<p>Dopo essere andati in pensione, i bambini erano emigrati da tempo, la coppia si \u00e8 recata in Inghilterra per sei mesi. Ruth ha seguito un corso di lingua e ha avuto problemi di salute. Quando questi si furono placati, l&#8217;Inghilterra attir\u00f2 ancora una volta. \u00abAbbiamo trovato un buon appartamento, non \u00e8 successo niente di cui avevo paura. Ci siamo integrati meravigliosamente e abbiamo sperimentato tutto ci\u00f2 di nuovo insieme molto intensamente. Abbiamo riscoperto noi stessi, i nostri interessi, i nostri desideri.\u00bb<\/p>\n\n<p>In Inghilterra la coppia ha conosciuto il movimento \u00abCampus for Christ\u00bb. Il confessionalmente indipendente movimento di missione e formazione di stampo evangelico si impegna nell&#8217;evangelizzazione, nell&#8217;educazione degli adulti, nella diaconia e nella missione. L&#8217;ente coopera con tutte le chiese come la Chiesa Riformata, la Chiesa Cattolica Romana e varie chiese libere.<\/p>\n\n<p>\u00abDopo il nostro ritorno in Svizzera, ci \u00e8 stato affidato il progetto \u2039Jesus Film\u203a e lo abbiamo gestito fino al 2013. Ruth era piena di idee. Ha detto che dobbiamo fare un film sulla Svizzera. Sulle loro tradizioni e sul carattere cristiano del paese. Un investitore ha dato 50&#8217;000 franchi ed \u00e8 stato girato il film \u00abMore than Chocolate and Cheese\u00bb. Ad oggi, oltre 250&#8217;000 copie sono arrivate alle parti interessate. <\/p>\n\n<figure class=\"wp-block-image size-large\"><img loading=\"lazy\" decoding=\"async\" width=\"1024\" height=\"576\" src=\"https:\/\/www.deinadieu.ch\/wp-content\/uploads\/2020\/10\/BLOG_DieterFoerster_Traurig-1024x576.jpg\" alt=\"Dieter F&#xF6;rster\" class=\"wp-image-25473\" srcset=\"https:\/\/www.deinadieu.ch\/wp-content\/uploads\/2020\/10\/BLOG_DieterFoerster_Traurig-1024x576.jpg 1024w, https:\/\/www.deinadieu.ch\/wp-content\/uploads\/2020\/10\/BLOG_DieterFoerster_Traurig-300x169.jpg 300w, https:\/\/www.deinadieu.ch\/wp-content\/uploads\/2020\/10\/BLOG_DieterFoerster_Traurig.jpg 1280w\" sizes=\"auto, (max-width: 1024px) 100vw, 1024px\" \/><figcaption>Un incidente ha provocato la morte di Ruth. Dieter F\u00f6rster lo descrive come la tragedia della sua vita. I suoi occhi si riempiono di lacrime (Foto: Paolo Foschini)<\/figcaption><\/figure>\n\n<h2 class=\"wp-block-heading\" id=\"h-ruth-verstarb-im-beisein-ihrer-liebsten\">Ruth \u00e8 morta in presenza dei suoi amati<\/h2>\n\n<p>Due anni prima che la coppia potesse celebrare il 50\u00b0 anniversario di matrimonio, Dieter F\u00f6rster ha vissuto quella che chiama la tragedia della sua vita. Ingoia, si asciuga le lacrime dagli occhi. \u00abSiamo stati invitati a cena. Marted\u00ec, 1\u00b0 dicembre 2015. Ho detto a Ruth che avrei tirato fuori il bus VW dal garage e l&#8217;avrei caricata davanti a casa. Era buio quando uscii dal garage e mi fermai per caricare Ruth. Non la si vedeva da nessuna parte. Sono avanzato e c&#8217;\u00e8 stato un fracasso sotto la macchina. Mia moglie era sotto la macchina. Ho immediatamente allertato i sanitari. Ruth era ancora viva, ha gridato \u2039Mami\u203a.\u00bb Doveva essere la sua ultima parola.<\/p>\n\n<p>Siamo rimasti vicino al suo letto per due settimane, dice Dieter F\u00f6rster. Il corpo era attaccato ai tubi, i monitor registravano dati e lei era stata operata pi\u00f9 volte. \u00abIl team medico, gli infermieri hanno provato di tutto. Abbiamo sperato, pregato per un miracolo. Il 15 dicembre, tutti sapevano che i medici non potevano salvarla. Cuore o fegato non ce la facevano. Cos\u00ec eravamo seduti intorno al suo letto e abbiamo deciso di interrompere tutte le misure di prolungamento della vita. Ruth \u00e8 morta all&#8217;et\u00e0 di 70 anni il giorno stesso.\u00bb Il necrologio diceva: \u00abIl suo caro, grande cuore si \u00e8 fermato in presenza della sua famiglia. Ora \u00e8 in un luogo dove risplendono la gioia e lo splendore della vita eterna.\u00bb <\/p>\n\n<h2 class=\"wp-block-heading\" id=\"h-niemand-machte-mich-f-r-ruths-tod-verantwortlich\">\u00abNessuno mi ha incolpato per la morte di Ruth\u00bb<\/h2>\n\n<p>Seguirono tempi duri per il marito tormentato dalla sofferenza. \u00c8 stato interrogato dalla polizia, \u00e8 dovuto andare in medicina legale e ha risposto a infinite domande del pubblico ministero. Alla fine era chiaro che Ruth era gi\u00e0 a terra e suo marito non aveva potuto vederla. \u00abNessuno mi ha incolpato. Non avevo notato che non si sentisse bene. Non sappiamo perch\u00e9 fosse stesa a terra, anche se \u00e8 stato tutto esaminato.\u00bb<\/p>\n\n<p>Morire \u00e8 una cosa, la morte \u00e8 un&#8217;altra. Dieter F\u00f6rster dice: \u00abPrendiamo sul serio quello che succede dopo, sapevamo dove finiamo. L\u00ec non c&#8217;\u00e8 pi\u00f9 dolore, nessuno deve soffrire. Per questo potevamo lasciarla andare. Era un bene che potesse andare. Se avessimo trascinato la sua vita, ci avrebbe rimproverato.\u00bb <\/p>\n\n<figure class=\"wp-block-image size-large\"><img loading=\"lazy\" decoding=\"async\" width=\"1024\" height=\"576\" src=\"https:\/\/www.deinadieu.ch\/wp-content\/uploads\/2020\/10\/BLOG_DieterFoerster_Familie-1024x576.jpg\" alt=\"Dieter F&#xF6;rster con la sua famiglia\" class=\"wp-image-25453\" srcset=\"https:\/\/www.deinadieu.ch\/wp-content\/uploads\/2020\/10\/BLOG_DieterFoerster_Familie-1024x576.jpg 1024w, https:\/\/www.deinadieu.ch\/wp-content\/uploads\/2020\/10\/BLOG_DieterFoerster_Familie-300x169.jpg 300w, https:\/\/www.deinadieu.ch\/wp-content\/uploads\/2020\/10\/BLOG_DieterFoerster_Familie.jpg 1280w\" sizes=\"auto, (max-width: 1024px) 100vw, 1024px\" \/><figcaption>Appartamento condiviso da tre generazioni: Dieter F\u00f6rster ha recentemente iniziato a vivere con suo figlio Philipp e la sua famiglia. Succede che rubacchia patatine fritte a sua nipote. (Foto: Paolo Foschini)<\/figcaption><\/figure>\n\n<h2 class=\"wp-block-heading\" id=\"h-und-pl-tzlich-war-ich-allein\">\u00abE all&#8217;improvviso ero solo\u00bb <\/h2>\n\n<p>Dieter F\u00f6rster: \u00abNon sapevo davvero pi\u00f9 come andare avanti. Sono rimasto imprigionato in problemi concreti. Non sono tornato in me per mezzo anno. Sembravano un centinaio di pagine di documenti accumulati. Seguirono storie ereditarie. Sono stato interrogato pi\u00f9 volte. Alla fine, il pubblico ministero mi ha assolto da ogni colpa.\u00bb Lui e Ruth avrebbero avuto un matrimonio simbiotico avrebbero detto i figli durante l&#8217;interrogatorio della polizia, dice Dieter F\u00f6rster. <\/p>\n\n<p>Ruth una volta gli \u00e8 apparsa in sogno, dice Dieter F\u00f6rster, indossava un vestito nero e lo guardava con occhi antichi. Poi ha aperto le braccia. \u00abQuesto era il mio desiderio di morte. E non volevo permetterlo, ho ancora tempo sulla terra, desiderare la morte sarebbe un&#8217;ingratitudine verso Dio.\u00bb Ha trovato stabilit\u00e0 nella sua vita, non ha sviluppato dipendenze, non ha avuto cadute. \u00abVenivo e vengo portato.\u00bb<\/p>\n\n<p>A Dieter F\u00f6rster non piace ricordare il tempo in cui era solo. \u00abHo dovuto lavare, cucinare ai livelli di uno scapolo. Non avrei mai potuto stare al passo con Ruth in quello. Ho avuto dei problemi nel fare la spesa. Mangiavo a casaccio, era faticoso senza macchina, senza patente. Ho comprato un AG e ho visto molto della Svizzera.\u00bb <\/p>\n\n<p>Sua moglie aveva scritto un testamento. Dieter F\u00f6rster dice che si erano fatti consigliare. Oggi \u00e8 anche da lui tutto regolato. \u00abHo un testamento, un mandato precauzionale e una direttiva del paziente.\u00bb Si ferma, mi guarda negli occhi e dice: \u00abMa queste sono esteriorit\u00e0. Tutti i nostri figli hanno i mezzi di sostentamento. Recentemente ho iniziato a vivere con la famiglia di mio figlio Philipp. Accolto e accudito con amore. Sono pronto per la casa di riposo. E quando sar\u00e0 il momento, me ne andr\u00f2. Non voglio essere un peso per nessuno.\u00bb <\/p>\n\n<figure class=\"wp-block-image size-large\"><img loading=\"lazy\" decoding=\"async\" width=\"1024\" height=\"576\" src=\"https:\/\/www.deinadieu.ch\/wp-content\/uploads\/2020\/10\/Blog_DieterFoerster_Gleitschirm-1024x576.jpg\" alt=\"Dieter F&#xF6;rster\" class=\"wp-image-25461\" srcset=\"https:\/\/www.deinadieu.ch\/wp-content\/uploads\/2020\/10\/Blog_DieterFoerster_Gleitschirm-1024x576.jpg 1024w, https:\/\/www.deinadieu.ch\/wp-content\/uploads\/2020\/10\/Blog_DieterFoerster_Gleitschirm-300x169.jpg 300w, https:\/\/www.deinadieu.ch\/wp-content\/uploads\/2020\/10\/Blog_DieterFoerster_Gleitschirm.jpg 1280w\" sizes=\"auto, (max-width: 1024px) 100vw, 1024px\" \/><figcaption>Dieter F\u00f6rster ha sempre voluto provare un volo in parapendio. Dopo la morte di Ruth, ha esaudito questo desiderio a Emmetten. (Immagine: zVg)<\/figcaption><\/figure>\n\n<h2 class=\"wp-block-heading\" id=\"h-vor-der-unendlichkeit-hat-dieter-f-rster-keine-angst\">Dieter F\u00f6rster non ha paura dell&#8217;infinito<\/h2>\n\n<p>La domanda del perch\u00e9 non ha lasciato Dieter F\u00f6rster per un po&#8217;. A volte litigava con Dio. \u00abMa la vita doveva andare avanti.\u00bb Poi l&#8217;uomo ride. Dice: \u00abHo sempre voluto fare parapendio e Ruth diceva sempre di no. Dopo la sua morte, ho prenotato un volo in tandem a Emmetten. Un&#8217;esperienza molto bella.\u00bb<\/p>\n\n<p>Dieter F\u00f6rster non ha paura dell&#8217;infinito. \u00abDio \u00e8 giusto, si riceve la punizione che si merita. Ma Dio \u00e8 benevolo. Dice: \u2039Ottieni ci\u00f2 che non meriti\u203a.\u00bb \u00c8 grato per il tempo passato insieme. Grato per i suoi figli, sono tutti sani. Se la cavano bene nella vita. E lui. Ha tutto. \u00abMi godo un&#8217;agiatezza che i miei genitori non hanno mai avuto.\u00bb<\/p>\n\n<p>Alla fine cita Hans Carossa: \u00abQuello che uno \u00e8, quello che era, diventa evidente quando ci si separa. Non lo sentiamo quando la saggezza di Dio canticchia \u2013 rabbrividiamo solo quando tace.\u00bb<\/p>\n\n<p class=\"has-text-align-right\">Testo: Martin Schuppli, foto: Paolo Foschini<\/p>\n\n        <div class=\"da-servicebox relative bg-gray-200 p-4 pt-8 border-solid border-t-8 border-da-dark mb-6\">\n            <i class=\"fas fa-info-circle mx-auto fa-7x text-da-dark\"><\/i>\n            <span style=\"hyphens: auto\">\n                <\/p>\n\n<p>Il Telefono Amico \u00e8 un partner di Dein Adieu.ch. Il <a href=\"https:\/\/www.deinadieu.ch\/it\/organizzazioni-caritatevoli\/\" target=\"_blank\" rel=\"noreferrer noopener\">profilo<\/a><\/p>\n\n<p>Associazione Svizzera Telefono Amico<br\/>Ufficio, Beckenhofstrasse 16 <br\/>8006 Zurigo<\/p>\n<p>\n                \n                \n            <\/span>\n        <\/div>\n        \n","protected":false},"excerpt":{"rendered":"<p>In molte storie di vita, gioia e dolore si stringono la mano. Dieter F\u00f6rster, 83 anni, ha raccontato a DeinAdieu i momenti salienti e le tragedie della sua vita.<\/p>\n","protected":false},"author":2,"featured_media":25441,"comment_status":"open","ping_status":"closed","sticky":false,"template":"","format":"standard","meta":{"_acf_changed":false,"footnotes":""},"categories":[2474],"tags":[2559,2560,2563],"class_list":["post-50008","post","type-post","status-publish","format-standard","has-post-thumbnail","hentry","category-opere-caritative","tag-morte","tag-telefono-amico","tag-testimonianza"],"acf":[],"yoast_head":"<title>Dieter F\u00f6rster: \u00abIl Telefono Amico\u00bb ha salvato la nostra famiglia<\/title>\n<meta name=\"description\" content=\"Nella storia della vita di Dieter F\u00f6rster, gioia e dolore si stringono la mano. L&#039;83enne racconta i momenti salienti e le tragedie della sua vita.\" \/>\n<meta name=\"robots\" content=\"index, follow, max-snippet:-1, max-image-preview:large, max-video-preview:-1\" \/>\n<link rel=\"canonical\" href=\"https:\/\/www.deinadieu.ch\/it\/dieter-foerster-il-telefono-amico-ha-salvato-la-nostra-famiglia\/\" \/>\n<meta property=\"og:locale\" content=\"it_IT\" \/>\n<meta property=\"og:type\" content=\"article\" \/>\n<meta property=\"og:title\" content=\"Dieter F\u00f6rster: \u00abIl Telefono Amico ha salvato la nostra famiglia\u00bb\" \/>\n<meta property=\"og:description\" content=\"In molte storie di vita, gioia e dolore si stringono la mano. Dieter F\u00f6rster, 83 anni, ha raccontato a DeinAdieu i momenti salienti e le tragedie della\" \/>\n<meta property=\"og:url\" content=\"https:\/\/www.deinadieu.ch\/it\/dieter-foerster-il-telefono-amico-ha-salvato-la-nostra-famiglia\/\" \/>\n<meta property=\"og:site_name\" content=\"DeinAdieu.ch\" \/>\n<meta property=\"article:publisher\" content=\"https:\/\/www.facebook.com\/deinadieu\" \/>\n<meta property=\"article:published_time\" content=\"2020-10-02T09:41:42+00:00\" \/>\n<meta property=\"article:modified_time\" content=\"2022-05-22T09:14:05+00:00\" \/>\n<meta property=\"og:image\" content=\"https:\/\/static.deinadieu.ch\/uploads\/2020\/10\/BLOG_Dieter_Foerster_0909207682.jpg\" \/>\n\t<meta property=\"og:image:width\" content=\"1280\" \/>\n\t<meta property=\"og:image:height\" content=\"720\" \/>\n\t<meta property=\"og:image:type\" content=\"image\/jpeg\" \/>\n<meta name=\"author\" content=\"Martin Schuppli\" \/>\n<meta name=\"twitter:card\" content=\"summary_large_image\" \/>\n<meta name=\"twitter:creator\" content=\"@DeinAdieu\" \/>\n<meta name=\"twitter:site\" content=\"@DeinAdieu\" \/>\n<meta name=\"twitter:label1\" content=\"Written by\" \/>\n\t<meta name=\"twitter:data1\" content=\"Martin Schuppli\" \/>\n\t<meta name=\"twitter:label2\" content=\"Est. reading time\" \/>\n\t<meta name=\"twitter:data2\" content=\"13 minutes\" \/>\n<script type=\"application\/ld+json\" class=\"yoast-schema-graph\">{\"@context\":\"https:\\\/\\\/schema.org\",\"@graph\":[{\"@type\":\"Article\",\"@id\":\"https:\\\/\\\/www.deinadieu.ch\\\/it\\\/dieter-foerster-il-telefono-amico-ha-salvato-la-nostra-famiglia\\\/#article\",\"isPartOf\":{\"@id\":\"https:\\\/\\\/www.deinadieu.ch\\\/it\\\/dieter-foerster-il-telefono-amico-ha-salvato-la-nostra-famiglia\\\/\"},\"author\":{\"name\":\"Martin Schuppli\",\"@id\":\"https:\\\/\\\/www.deinadieu.ch\\\/it\\\/#\\\/schema\\\/person\\\/47522dd97d1b840f11a7e637e69c4a82\"},\"headline\":\"Dieter F\u00f6rster: \u00abIl Telefono Amico ha salvato la nostra famiglia\u00bb\",\"datePublished\":\"2020-10-02T09:41:42+00:00\",\"dateModified\":\"2022-05-22T09:14:05+00:00\",\"mainEntityOfPage\":{\"@id\":\"https:\\\/\\\/www.deinadieu.ch\\\/it\\\/dieter-foerster-il-telefono-amico-ha-salvato-la-nostra-famiglia\\\/\"},\"wordCount\":2577,\"commentCount\":0,\"publisher\":{\"@id\":\"https:\\\/\\\/www.deinadieu.ch\\\/it\\\/#organization\"},\"image\":{\"@id\":\"https:\\\/\\\/www.deinadieu.ch\\\/it\\\/dieter-foerster-il-telefono-amico-ha-salvato-la-nostra-famiglia\\\/#primaryimage\"},\"thumbnailUrl\":\"https:\\\/\\\/www.deinadieu.ch\\\/wp-content\\\/uploads\\\/2020\\\/10\\\/BLOG_Dieter_Foerster_0909207682.jpg\",\"keywords\":[\"Morte\",\"Telefono Amico\",\"Testimonianza\"],\"articleSection\":[\"Focus sulle opere caritative\"],\"inLanguage\":\"it-IT\",\"potentialAction\":[{\"@type\":\"CommentAction\",\"name\":\"Comment\",\"target\":[\"https:\\\/\\\/www.deinadieu.ch\\\/it\\\/dieter-foerster-il-telefono-amico-ha-salvato-la-nostra-famiglia\\\/#respond\"]}]},{\"@type\":\"WebPage\",\"@id\":\"https:\\\/\\\/www.deinadieu.ch\\\/it\\\/dieter-foerster-il-telefono-amico-ha-salvato-la-nostra-famiglia\\\/\",\"url\":\"https:\\\/\\\/www.deinadieu.ch\\\/it\\\/dieter-foerster-il-telefono-amico-ha-salvato-la-nostra-famiglia\\\/\",\"name\":\"Dieter F\u00f6rster: \u00abIl Telefono Amico\u00bb ha salvato la nostra famiglia\",\"isPartOf\":{\"@id\":\"https:\\\/\\\/www.deinadieu.ch\\\/it\\\/#website\"},\"primaryImageOfPage\":{\"@id\":\"https:\\\/\\\/www.deinadieu.ch\\\/it\\\/dieter-foerster-il-telefono-amico-ha-salvato-la-nostra-famiglia\\\/#primaryimage\"},\"image\":{\"@id\":\"https:\\\/\\\/www.deinadieu.ch\\\/it\\\/dieter-foerster-il-telefono-amico-ha-salvato-la-nostra-famiglia\\\/#primaryimage\"},\"thumbnailUrl\":\"https:\\\/\\\/www.deinadieu.ch\\\/wp-content\\\/uploads\\\/2020\\\/10\\\/BLOG_Dieter_Foerster_0909207682.jpg\",\"datePublished\":\"2020-10-02T09:41:42+00:00\",\"dateModified\":\"2022-05-22T09:14:05+00:00\",\"description\":\"Nella storia della vita di Dieter F\u00f6rster, gioia e dolore si stringono la mano. L'83enne racconta i momenti salienti e le tragedie della sua vita.\",\"breadcrumb\":{\"@id\":\"https:\\\/\\\/www.deinadieu.ch\\\/it\\\/dieter-foerster-il-telefono-amico-ha-salvato-la-nostra-famiglia\\\/#breadcrumb\"},\"inLanguage\":\"it-IT\",\"potentialAction\":[{\"@type\":\"ReadAction\",\"target\":[\"https:\\\/\\\/www.deinadieu.ch\\\/it\\\/dieter-foerster-il-telefono-amico-ha-salvato-la-nostra-famiglia\\\/\"]}]},{\"@type\":\"ImageObject\",\"inLanguage\":\"it-IT\",\"@id\":\"https:\\\/\\\/www.deinadieu.ch\\\/it\\\/dieter-foerster-il-telefono-amico-ha-salvato-la-nostra-famiglia\\\/#primaryimage\",\"url\":\"https:\\\/\\\/www.deinadieu.ch\\\/wp-content\\\/uploads\\\/2020\\\/10\\\/BLOG_Dieter_Foerster_0909207682.jpg\",\"contentUrl\":\"https:\\\/\\\/www.deinadieu.ch\\\/wp-content\\\/uploads\\\/2020\\\/10\\\/BLOG_Dieter_Foerster_0909207682.jpg\",\"width\":1280,\"height\":720,\"caption\":\"Dieter F\u00f6rster davanti alla chiesa riformata di Bubikon ZH. \u00abSono grato per il tempo passato con Ruth.\u00bb (Foto: Paolo Foschini)\"},{\"@type\":\"BreadcrumbList\",\"@id\":\"https:\\\/\\\/www.deinadieu.ch\\\/it\\\/dieter-foerster-il-telefono-amico-ha-salvato-la-nostra-famiglia\\\/#breadcrumb\",\"itemListElement\":[{\"@type\":\"ListItem\",\"position\":1,\"name\":\"Home\",\"item\":\"https:\\\/\\\/www.deinadieu.ch\\\/it\\\/deinadieu-dialog-und-serviceportal-zum-lebensende\\\/\"},{\"@type\":\"ListItem\",\"position\":2,\"name\":\"Dieter F\u00f6rster: \u00abIl Telefono Amico ha salvato la nostra famiglia\u00bb\"}]},{\"@type\":\"WebSite\",\"@id\":\"https:\\\/\\\/www.deinadieu.ch\\\/it\\\/#website\",\"url\":\"https:\\\/\\\/www.deinadieu.ch\\\/it\\\/\",\"name\":\"DeinAdieu.ch\",\"description\":\"Testament, Patientenverf\u00fcgung und Vorsorgeauftrag\",\"publisher\":{\"@id\":\"https:\\\/\\\/www.deinadieu.ch\\\/it\\\/#organization\"},\"potentialAction\":[{\"@type\":\"SearchAction\",\"target\":{\"@type\":\"EntryPoint\",\"urlTemplate\":\"https:\\\/\\\/www.deinadieu.ch\\\/it\\\/?s={search_term_string}\"},\"query-input\":{\"@type\":\"PropertyValueSpecification\",\"valueRequired\":true,\"valueName\":\"search_term_string\"}}],\"inLanguage\":\"it-IT\"},{\"@type\":\"Organization\",\"@id\":\"https:\\\/\\\/www.deinadieu.ch\\\/it\\\/#organization\",\"name\":\"EMNA Web GmbH\",\"url\":\"https:\\\/\\\/www.deinadieu.ch\\\/it\\\/\",\"logo\":{\"@type\":\"ImageObject\",\"inLanguage\":\"it-IT\",\"@id\":\"https:\\\/\\\/www.deinadieu.ch\\\/it\\\/#\\\/schema\\\/logo\\\/image\\\/\",\"url\":\"https:\\\/\\\/www.deinadieu.ch\\\/wp-content\\\/uploads\\\/2016\\\/01\\\/DeinAdieu_Logo.png\",\"contentUrl\":\"https:\\\/\\\/www.deinadieu.ch\\\/wp-content\\\/uploads\\\/2016\\\/01\\\/DeinAdieu_Logo.png\",\"width\":300,\"height\":117,\"caption\":\"EMNA Web GmbH\"},\"image\":{\"@id\":\"https:\\\/\\\/www.deinadieu.ch\\\/it\\\/#\\\/schema\\\/logo\\\/image\\\/\"},\"sameAs\":[\"https:\\\/\\\/www.facebook.com\\\/deinadieu\",\"https:\\\/\\\/x.com\\\/DeinAdieu\",\"https:\\\/\\\/www.instagram.com\\\/deinadieu\\\/\",\"https:\\\/\\\/www.linkedin.com\\\/company\\\/deinadieu.ch\"]},{\"@type\":\"Person\",\"@id\":\"https:\\\/\\\/www.deinadieu.ch\\\/it\\\/#\\\/schema\\\/person\\\/47522dd97d1b840f11a7e637e69c4a82\",\"name\":\"Martin Schuppli\",\"image\":{\"@type\":\"ImageObject\",\"inLanguage\":\"it-IT\",\"@id\":\"https:\\\/\\\/secure.gravatar.com\\\/avatar\\\/3f6dee2a3d53d202b91ce982afc75191f59466c9d54dc61e5322d152b8eb2881?s=96&d=mm&r=g\",\"url\":\"https:\\\/\\\/secure.gravatar.com\\\/avatar\\\/3f6dee2a3d53d202b91ce982afc75191f59466c9d54dc61e5322d152b8eb2881?s=96&d=mm&r=g\",\"contentUrl\":\"https:\\\/\\\/secure.gravatar.com\\\/avatar\\\/3f6dee2a3d53d202b91ce982afc75191f59466c9d54dc61e5322d152b8eb2881?s=96&d=mm&r=g\",\"caption\":\"Martin Schuppli\"},\"description\":\"Martin Schuppli, *1955, arbeitete w\u00e4hrend 30 Jahren als Journalist bei Ringier AG. Er begann als Produzent beim Blick, schrieb sp\u00e4ter f\u00fcr SonntagsBlick, Gesundheit-Sprechstunde und Schweizer Illustrierte. 2009 machte er sich selbstst\u00e4ndig, sagte: \u00abIch schreibe mich durchs Leben.\u00bb Seit 2015 ist Martin Schuppli zusammen mit Nicolas Gehrig, CEO und dem Team daran, das Webportal DeinAdieu aufzubauen. \u00abHier kann ich schreiben. Und zwar \u00fcber das, was die Menschen am meisten interessiert. \u00dcber Menschen.\u00bb\",\"url\":\"https:\\\/\\\/www.deinadieu.ch\\\/it\\\/author\\\/martin\\\/\"}]}<\/script>","yoast_head_json":{"title":"Dieter F\u00f6rster: \u00abIl Telefono Amico\u00bb ha salvato la nostra famiglia","description":"Nella storia della vita di Dieter F\u00f6rster, gioia e dolore si stringono la mano. L'83enne racconta i momenti salienti e le tragedie della sua vita.","robots":{"index":"index","follow":"follow","max-snippet":"max-snippet:-1","max-image-preview":"max-image-preview:large","max-video-preview":"max-video-preview:-1"},"canonical":"https:\/\/www.deinadieu.ch\/it\/dieter-foerster-il-telefono-amico-ha-salvato-la-nostra-famiglia\/","og_locale":"it_IT","og_type":"article","og_title":"Dieter F\u00f6rster: \u00abIl Telefono Amico ha salvato la nostra famiglia\u00bb","og_description":"In molte storie di vita, gioia e dolore si stringono la mano. Dieter F\u00f6rster, 83 anni, ha raccontato a DeinAdieu i momenti salienti e le tragedie della","og_url":"https:\/\/www.deinadieu.ch\/it\/dieter-foerster-il-telefono-amico-ha-salvato-la-nostra-famiglia\/","og_site_name":"DeinAdieu.ch","article_publisher":"https:\/\/www.facebook.com\/deinadieu","article_published_time":"2020-10-02T09:41:42+00:00","article_modified_time":"2022-05-22T09:14:05+00:00","og_image":[{"width":1280,"height":720,"url":"https:\/\/static.deinadieu.ch\/uploads\/2020\/10\/BLOG_Dieter_Foerster_0909207682.jpg","type":"image\/jpeg"}],"author":"Martin Schuppli","twitter_card":"summary_large_image","twitter_creator":"@DeinAdieu","twitter_site":"@DeinAdieu","twitter_misc":{"Written by":"Martin Schuppli","Est. reading time":"13 minutes"},"schema":{"@context":"https:\/\/schema.org","@graph":[{"@type":"Article","@id":"https:\/\/www.deinadieu.ch\/it\/dieter-foerster-il-telefono-amico-ha-salvato-la-nostra-famiglia\/#article","isPartOf":{"@id":"https:\/\/www.deinadieu.ch\/it\/dieter-foerster-il-telefono-amico-ha-salvato-la-nostra-famiglia\/"},"author":{"name":"Martin Schuppli","@id":"https:\/\/www.deinadieu.ch\/it\/#\/schema\/person\/47522dd97d1b840f11a7e637e69c4a82"},"headline":"Dieter F\u00f6rster: \u00abIl Telefono Amico ha salvato la nostra famiglia\u00bb","datePublished":"2020-10-02T09:41:42+00:00","dateModified":"2022-05-22T09:14:05+00:00","mainEntityOfPage":{"@id":"https:\/\/www.deinadieu.ch\/it\/dieter-foerster-il-telefono-amico-ha-salvato-la-nostra-famiglia\/"},"wordCount":2577,"commentCount":0,"publisher":{"@id":"https:\/\/www.deinadieu.ch\/it\/#organization"},"image":{"@id":"https:\/\/www.deinadieu.ch\/it\/dieter-foerster-il-telefono-amico-ha-salvato-la-nostra-famiglia\/#primaryimage"},"thumbnailUrl":"https:\/\/www.deinadieu.ch\/wp-content\/uploads\/2020\/10\/BLOG_Dieter_Foerster_0909207682.jpg","keywords":["Morte","Telefono Amico","Testimonianza"],"articleSection":["Focus sulle opere caritative"],"inLanguage":"it-IT","potentialAction":[{"@type":"CommentAction","name":"Comment","target":["https:\/\/www.deinadieu.ch\/it\/dieter-foerster-il-telefono-amico-ha-salvato-la-nostra-famiglia\/#respond"]}]},{"@type":"WebPage","@id":"https:\/\/www.deinadieu.ch\/it\/dieter-foerster-il-telefono-amico-ha-salvato-la-nostra-famiglia\/","url":"https:\/\/www.deinadieu.ch\/it\/dieter-foerster-il-telefono-amico-ha-salvato-la-nostra-famiglia\/","name":"Dieter F\u00f6rster: \u00abIl Telefono Amico\u00bb ha salvato la nostra famiglia","isPartOf":{"@id":"https:\/\/www.deinadieu.ch\/it\/#website"},"primaryImageOfPage":{"@id":"https:\/\/www.deinadieu.ch\/it\/dieter-foerster-il-telefono-amico-ha-salvato-la-nostra-famiglia\/#primaryimage"},"image":{"@id":"https:\/\/www.deinadieu.ch\/it\/dieter-foerster-il-telefono-amico-ha-salvato-la-nostra-famiglia\/#primaryimage"},"thumbnailUrl":"https:\/\/www.deinadieu.ch\/wp-content\/uploads\/2020\/10\/BLOG_Dieter_Foerster_0909207682.jpg","datePublished":"2020-10-02T09:41:42+00:00","dateModified":"2022-05-22T09:14:05+00:00","description":"Nella storia della vita di Dieter F\u00f6rster, gioia e dolore si stringono la mano. L'83enne racconta i momenti salienti e le tragedie della sua vita.","breadcrumb":{"@id":"https:\/\/www.deinadieu.ch\/it\/dieter-foerster-il-telefono-amico-ha-salvato-la-nostra-famiglia\/#breadcrumb"},"inLanguage":"it-IT","potentialAction":[{"@type":"ReadAction","target":["https:\/\/www.deinadieu.ch\/it\/dieter-foerster-il-telefono-amico-ha-salvato-la-nostra-famiglia\/"]}]},{"@type":"ImageObject","inLanguage":"it-IT","@id":"https:\/\/www.deinadieu.ch\/it\/dieter-foerster-il-telefono-amico-ha-salvato-la-nostra-famiglia\/#primaryimage","url":"https:\/\/www.deinadieu.ch\/wp-content\/uploads\/2020\/10\/BLOG_Dieter_Foerster_0909207682.jpg","contentUrl":"https:\/\/www.deinadieu.ch\/wp-content\/uploads\/2020\/10\/BLOG_Dieter_Foerster_0909207682.jpg","width":1280,"height":720,"caption":"Dieter F\u00f6rster davanti alla chiesa riformata di Bubikon ZH. \u00abSono grato per il tempo passato con Ruth.\u00bb (Foto: Paolo Foschini)"},{"@type":"BreadcrumbList","@id":"https:\/\/www.deinadieu.ch\/it\/dieter-foerster-il-telefono-amico-ha-salvato-la-nostra-famiglia\/#breadcrumb","itemListElement":[{"@type":"ListItem","position":1,"name":"Home","item":"https:\/\/www.deinadieu.ch\/it\/deinadieu-dialog-und-serviceportal-zum-lebensende\/"},{"@type":"ListItem","position":2,"name":"Dieter F\u00f6rster: \u00abIl Telefono Amico ha salvato la nostra famiglia\u00bb"}]},{"@type":"WebSite","@id":"https:\/\/www.deinadieu.ch\/it\/#website","url":"https:\/\/www.deinadieu.ch\/it\/","name":"DeinAdieu.ch","description":"Testament, Patientenverf\u00fcgung und Vorsorgeauftrag","publisher":{"@id":"https:\/\/www.deinadieu.ch\/it\/#organization"},"potentialAction":[{"@type":"SearchAction","target":{"@type":"EntryPoint","urlTemplate":"https:\/\/www.deinadieu.ch\/it\/?s={search_term_string}"},"query-input":{"@type":"PropertyValueSpecification","valueRequired":true,"valueName":"search_term_string"}}],"inLanguage":"it-IT"},{"@type":"Organization","@id":"https:\/\/www.deinadieu.ch\/it\/#organization","name":"EMNA Web GmbH","url":"https:\/\/www.deinadieu.ch\/it\/","logo":{"@type":"ImageObject","inLanguage":"it-IT","@id":"https:\/\/www.deinadieu.ch\/it\/#\/schema\/logo\/image\/","url":"https:\/\/www.deinadieu.ch\/wp-content\/uploads\/2016\/01\/DeinAdieu_Logo.png","contentUrl":"https:\/\/www.deinadieu.ch\/wp-content\/uploads\/2016\/01\/DeinAdieu_Logo.png","width":300,"height":117,"caption":"EMNA Web GmbH"},"image":{"@id":"https:\/\/www.deinadieu.ch\/it\/#\/schema\/logo\/image\/"},"sameAs":["https:\/\/www.facebook.com\/deinadieu","https:\/\/x.com\/DeinAdieu","https:\/\/www.instagram.com\/deinadieu\/","https:\/\/www.linkedin.com\/company\/deinadieu.ch"]},{"@type":"Person","@id":"https:\/\/www.deinadieu.ch\/it\/#\/schema\/person\/47522dd97d1b840f11a7e637e69c4a82","name":"Martin Schuppli","image":{"@type":"ImageObject","inLanguage":"it-IT","@id":"https:\/\/secure.gravatar.com\/avatar\/3f6dee2a3d53d202b91ce982afc75191f59466c9d54dc61e5322d152b8eb2881?s=96&d=mm&r=g","url":"https:\/\/secure.gravatar.com\/avatar\/3f6dee2a3d53d202b91ce982afc75191f59466c9d54dc61e5322d152b8eb2881?s=96&d=mm&r=g","contentUrl":"https:\/\/secure.gravatar.com\/avatar\/3f6dee2a3d53d202b91ce982afc75191f59466c9d54dc61e5322d152b8eb2881?s=96&d=mm&r=g","caption":"Martin Schuppli"},"description":"Martin Schuppli, *1955, arbeitete w\u00e4hrend 30 Jahren als Journalist bei Ringier AG. Er begann als Produzent beim Blick, schrieb sp\u00e4ter f\u00fcr SonntagsBlick, Gesundheit-Sprechstunde und Schweizer Illustrierte. 2009 machte er sich selbstst\u00e4ndig, sagte: \u00abIch schreibe mich durchs Leben.\u00bb Seit 2015 ist Martin Schuppli zusammen mit Nicolas Gehrig, CEO und dem Team daran, das Webportal DeinAdieu aufzubauen. \u00abHier kann ich schreiben. Und zwar \u00fcber das, was die Menschen am meisten interessiert. \u00dcber Menschen.\u00bb","url":"https:\/\/www.deinadieu.ch\/it\/author\/martin\/"}]}},"_links":{"self":[{"href":"https:\/\/www.deinadieu.ch\/it\/wp-json\/wp\/v2\/posts\/50008","targetHints":{"allow":["GET"]}}],"collection":[{"href":"https:\/\/www.deinadieu.ch\/it\/wp-json\/wp\/v2\/posts"}],"about":[{"href":"https:\/\/www.deinadieu.ch\/it\/wp-json\/wp\/v2\/types\/post"}],"author":[{"embeddable":true,"href":"https:\/\/www.deinadieu.ch\/it\/wp-json\/wp\/v2\/users\/2"}],"replies":[{"embeddable":true,"href":"https:\/\/www.deinadieu.ch\/it\/wp-json\/wp\/v2\/comments?post=50008"}],"version-history":[{"count":5,"href":"https:\/\/www.deinadieu.ch\/it\/wp-json\/wp\/v2\/posts\/50008\/revisions"}],"predecessor-version":[{"id":56959,"href":"https:\/\/www.deinadieu.ch\/it\/wp-json\/wp\/v2\/posts\/50008\/revisions\/56959"}],"wp:featuredmedia":[{"embeddable":true,"href":"https:\/\/www.deinadieu.ch\/it\/wp-json\/wp\/v2\/media\/25441"}],"wp:attachment":[{"href":"https:\/\/www.deinadieu.ch\/it\/wp-json\/wp\/v2\/media?parent=50008"}],"wp:term":[{"taxonomy":"category","embeddable":true,"href":"https:\/\/www.deinadieu.ch\/it\/wp-json\/wp\/v2\/categories?post=50008"},{"taxonomy":"post_tag","embeddable":true,"href":"https:\/\/www.deinadieu.ch\/it\/wp-json\/wp\/v2\/tags?post=50008"}],"curies":[{"name":"wp","href":"https:\/\/api.w.org\/{rel}","templated":true}]}}