{"id":50006,"date":"2020-10-23T08:13:07","date_gmt":"2020-10-23T06:13:07","guid":{"rendered":"https:\/\/www.deinadieu.ch\/matthias-von-allmen-organizzazione-di-assistenza-sociale-pastore-sieber-il-favoreggiamento-testamentario-deve-essere-coerente\/"},"modified":"2022-05-22T11:12:02","modified_gmt":"2022-05-22T09:12:02","slug":"matthias-von-allmen-organizzazione-di-assistenza-sociale-pastore-sieber-il-favoreggiamento-testamentario-deve-essere-coerente","status":"publish","type":"post","link":"https:\/\/www.deinadieu.ch\/it\/matthias-von-allmen-organizzazione-di-assistenza-sociale-pastore-sieber-il-favoreggiamento-testamentario-deve-essere-coerente\/","title":{"rendered":"Matthias von Allmen, Organizzazione di assistenza sociale Pastore Sieber: \u00abIl favoreggiamento testamentario deve corrispondere ai desideri del testatore\u00bb"},"content":{"rendered":"\n<p>La dipendenza e le malattie correlate, la disoccupazione e la mancanza di una casa, la solitudine, l&#8217;abbandono sono problemi delle persone che trovano aiuto all&#8217;Organizzazione di assistenza sociale Pastore Sieber. Matthias von Allmen e i suoi colleghi di lavoro del team di comunicazione, procurano i fondi necessari per questo impegno. Racconta di pi\u00f9 su questo in un&#8217;intervista con DeinAdieu.<\/p>\n\n<!--more-->\n\n<p>Matthias von Allmen, 42 anni, lavora per l&#8217;Organizzazione di assistenza sociale Pastore Sieber da marzo 2020. In qualit\u00e0 di responsabile della raccolta fondi, \u00e8 responsabile della raccolta del denaro necessario per svolgere il lavoro dell&#8217;Organizzazione di assistenza sociale. \u00abMi considero fortunato di poter affrontare questo importante compito con colleghi di lavoro competenti e impegnati\u00bb, afferma Matthias von Allmen. \u00abComunico le nostre esigenze finanziarie e le opzioni di supporto. Organizzo anche il rapporto con i nostri sostenitori. Mi fa particolarmente piacere rivolgermi a potenziali legatari, scambiare idee con loro e poterli accompagnare in un pezzo del loro percorso di vita.\u00bb<\/p>\n\n<figure class=\"wp-block-image size-large\"><img loading=\"lazy\" decoding=\"async\" width=\"1024\" height=\"576\" src=\"https:\/\/www.deinadieu.ch\/wp-content\/uploads\/2020\/10\/BLOG_Matthias_Vonallmen_Portraet1-1024x576.jpg\" alt=\"Matthias von Allmen, responsabile della raccolta fondi presso l'Organizzazione di assistenza sociale Pastore Sieber\" class=\"wp-image-26065\" srcset=\"https:\/\/www.deinadieu.ch\/wp-content\/uploads\/2020\/10\/BLOG_Matthias_Vonallmen_Portraet1-1024x576.jpg 1024w, https:\/\/www.deinadieu.ch\/wp-content\/uploads\/2020\/10\/BLOG_Matthias_Vonallmen_Portraet1-300x169.jpg 300w, https:\/\/www.deinadieu.ch\/wp-content\/uploads\/2020\/10\/BLOG_Matthias_Vonallmen_Portraet1.jpg 1280w\" sizes=\"auto, (max-width: 1024px) 100vw, 1024px\" \/><figcaption>Matthias von Allmen: \u00ab\u00c8 toccante per me poter rappresentare e realizzare le questioni del cuore dei nostri sostenitori al di l\u00e0 delle loro vite.\u00bb (Foto: Paolo Foschini)<\/figcaption><\/figure>\n\n<h2 class=\"wp-block-heading\" id=\"h-nachl-sse-erm-glichen-uns-investitionen\">\u00abLe eredit\u00e0 ci consentono di investire\u00bb<\/h2>\n\n<p><strong>Signor von Allmen, quali compiti svolge l&#8217;Organizzazione di assistenza sociale Pastore Sieber?<\/strong><br\/><strong>Matthias von Allmen:<\/strong> Le situazioni di vita delle persone che vengono da noi sono plasmate da vari problemi: dipendenza e le malattie correlate, la disoccupazione e la mancanza di una casa, la solitudine, l&#8217;abbandono. L&#8217;Organizzazione di assistenza sociale Pastore Sieber attualmente unisce strutture nei settori della lotta alla droga e dell&#8217;aiuto ai senzatetto, della medicina sociale e della riabilitazione.<\/p>\n\n<p><strong>Come vi finanziate?<br\/><\/strong>Possiamo finanziare quasi due terzi del nostro lavoro per i bisognosi addebitando i costi ai comuni e alle assicurazioni sociali. Poich\u00e9 i bisogni delle persone di cui ci prendiamo cura spesso non sono coperti dal sistema sociale pubblico, dobbiamo finanziare un buon terzo delle nostre spese attraverso donazioni e eredit\u00e0.<\/p>\n\n<p><strong>Quanto sono importanti le entrate da eredit\u00e0 e legati per l&#8217;organizzazione di assistenza sociale?<\/strong><br\/>Le eredit\u00e0 ci consentono di affrontare investimenti come il Pfarrer-Sieber-Huus a Zurigo-Affoltern. Ha lo scopo di semplificare il funzionamento del nostro ospedale specializzato e combinare varie strutture residenziali. Inoltre, \u00e8 toccante poter rappresentare e realizzare le questioni del cuore dei nostri sostenitori al di l\u00e0 delle loro vite.<\/p>\n\n<figure class=\"wp-block-image size-large\"><img loading=\"lazy\" decoding=\"async\" width=\"1024\" height=\"576\" src=\"https:\/\/www.deinadieu.ch\/wp-content\/uploads\/2020\/10\/BLOG_Matthias_Vonallmen_Portraet3-1024x576.jpg\" alt=\"Matthias von Allmen, responsabile della raccolta fondi presso l'Organizzazione di assistenza sociale Pastore Sieber\" class=\"wp-image-26069\" srcset=\"https:\/\/www.deinadieu.ch\/wp-content\/uploads\/2020\/10\/BLOG_Matthias_Vonallmen_Portraet3-1024x576.jpg 1024w, https:\/\/www.deinadieu.ch\/wp-content\/uploads\/2020\/10\/BLOG_Matthias_Vonallmen_Portraet3-300x169.jpg 300w, https:\/\/www.deinadieu.ch\/wp-content\/uploads\/2020\/10\/BLOG_Matthias_Vonallmen_Portraet3.jpg 1280w\" sizes=\"auto, (max-width: 1024px) 100vw, 1024px\" \/><figcaption>\u00abLa motivazione degli ereditandi \u00e8 individuale come le persone stesse\u00bb, afferma Matthias von Allmen. (Foto: Paolo Foschini)<\/figcaption><\/figure>\n\n<h2 class=\"wp-block-heading\" id=\"h-wir-kennen-viele-die-uns-unterst-tzen\">\u00abConosciamo molti che ci supportano\u00bb<\/h2>\n\n<p><strong>Potete descrivere le persone che lasciano un&#8217;eredit\u00e0 alla vostra organizzazione?<\/strong><br\/>Queste persone sono diverse: alcune ci hanno sostenuto finanziariamente o attivamente durante la loro vita, altre non hanno avuto una relazione attiva con noi. Alcune persone sono venute a conoscenza di noi solo all&#8217;ultimo. Alcuni sono credenti, altri credono nel valore del nostro lavoro. Mi sembra meraviglioso che le eredit\u00e0 vadano da poche centinaia di franchi a qualche milione.<\/p>\n\n<p><strong>Cosa spinge queste persone a farlo?<\/strong><br\/>La motivazione degli ereditandi \u00e8 individuale come le persone stesse: ci sono coloro che continuano il loro impegno come volontari o donatori per la nostra organizzazione di assistenza sociale. Altri sono motivati dalla loro fede o dal ricordo del Pastore Sieber per questa donazione. E alcuni vogliono impegnarsi oltre la propria vita per aiutare chi ne ha bisogno.<\/p>\n\n<figure class=\"wp-block-image size-large\"><img loading=\"lazy\" decoding=\"async\" width=\"1024\" height=\"576\" src=\"https:\/\/www.deinadieu.ch\/wp-content\/uploads\/2020\/10\/BLOG_Matthias_Vonallmen__Portraet2-1024x576.jpg\" alt=\"Matthias von Allmen, responsabile della raccolta fondi presso l'Organizzazione di assistenza sociale Pastore Sieber\" class=\"wp-image-26057\" srcset=\"https:\/\/www.deinadieu.ch\/wp-content\/uploads\/2020\/10\/BLOG_Matthias_Vonallmen__Portraet2-1024x576.jpg 1024w, https:\/\/www.deinadieu.ch\/wp-content\/uploads\/2020\/10\/BLOG_Matthias_Vonallmen__Portraet2-300x169.jpg 300w, https:\/\/www.deinadieu.ch\/wp-content\/uploads\/2020\/10\/BLOG_Matthias_Vonallmen__Portraet2.jpg 1280w\" sizes=\"auto, (max-width: 1024px) 100vw, 1024px\" \/><figcaption>\u00abPossiamo conoscere sempre pi\u00f9 persone che ci tengono conto nella loro ultima volont\u00e0\u00bb, afferma Matthias von Allmen. (Foto: Paolo Foschini)<\/figcaption><\/figure>\n\n<h2 class=\"wp-block-heading\" id=\"h-menschen-ringen-um-gute-nachlassl-sungen\">Le persone lottano per buone soluzioni ereditarie<\/h2>\n\n<p><strong>Ci sono anche donatori che tengono conto della vostra organizzazione e che non conoscevate nemmeno prima?<\/strong><br\/>Ci sono sempre persone che prendono in considerazione la nostra organizzazione nella loro ultima volont\u00e0, anche se non hanno avuto una relazione attiva con noi durante la loro vita. La bella tendenza, tuttavia, \u00e8 che possiamo conoscere sempre di pi\u00f9 le persone che ci considerano nella loro ultima volont\u00e0. Queste persone vogliono conoscere noi e il nostro lavoro, anche per poter stabilire se e in che misura il favoreggiamento testamentario corrisponde ai loro desideri.<\/p>\n\n<p><strong>Come si pu\u00f2 rendere i donatori consapevoli della donazione testamentaria senza apparire irrispettosi?<\/strong><br\/>Immensi patrimoni vengono lasciati in eredit\u00e0 ogni anno, la nuova legge sull&#8217;eredit\u00e0 consente una quota disponibile pi\u00f9 ampia e non tutte le persone hanno prossimi con il diritto di ereditare. Oppure la relazione con i beneficiari dell&#8217;eredit\u00e0 \u00e8 compromessa. La possibilit\u00e0 di comunicare questa meravigliosa donazione \u00e8 quindi pi\u00f9 che legittima.<\/p>\n\n<p><strong>I testatori cercano soluzioni individuali?<\/strong><br\/>Giusto. Continuo a vedere che le persone lottano per trovare una buona soluzione per la loro eredit\u00e0. E quanto sono sollevati quando l&#8217;hanno raggiunta. Ma \u00e8 fondamentale che il favoreggiamento testamentario corrisponda ai desideri del testatore.<\/p>\n\n<figure class=\"wp-block-image size-large\"><img loading=\"lazy\" decoding=\"async\" width=\"1024\" height=\"576\" src=\"https:\/\/www.deinadieu.ch\/wp-content\/uploads\/2020\/10\/BLOG_Matthias_Vonallmen__Portraet4-1024x576.jpg\" alt=\"Matthias von Allmen, responsabile della raccolta fondi presso l'Organizzazione di assistenza sociale Pastore Sieber.\" class=\"wp-image-26073\" srcset=\"https:\/\/www.deinadieu.ch\/wp-content\/uploads\/2020\/10\/BLOG_Matthias_Vonallmen__Portraet4-1024x576.jpg 1024w, https:\/\/www.deinadieu.ch\/wp-content\/uploads\/2020\/10\/BLOG_Matthias_Vonallmen__Portraet4-300x169.jpg 300w, https:\/\/www.deinadieu.ch\/wp-content\/uploads\/2020\/10\/BLOG_Matthias_Vonallmen__Portraet4.jpg 1280w\" sizes=\"auto, (max-width: 1024px) 100vw, 1024px\" \/><figcaption>Matthias von Allmen, responsabile della raccolta fondi presso l&#8217;Organizzazione di assistenza sociale Pastore Sieber. (Foto: Paolo Foschini) <\/figcaption><\/figure>\n\n<h2 class=\"wp-block-heading\" id=\"h-das-letzte-b-ro-in-gedanken-gemacht\"><strong>L&#8217;\u00abultimo ufficio\u00bb fatto nella mente<\/strong><\/h2>\n\n<p><br\/><strong>Infine: Signor von Allmen, ha gi\u00e0 fatto il suo \u00abultimo ufficio\u00bb, il suo testamento?<\/strong><br\/><strong>Matthias von Allmen:<\/strong> Dato che sono in contatto con potenziali legatari dal 2019, a quest&#8217;ora avrei dovuto fare questa commovente esperienza. Ma \u00e8 anche un processo per me che ho iniziato nella mia mente.<\/p>\n\n<p class=\"has-text-align-right\">Intervista: Martin Schuppli, foto: Paolo Foschini<\/p>\n\n\n        <div class=\"da-servicebox relative bg-gray-200 p-4 pt-8 border-solid border-t-8 border-da-dark mb-6\">\n            <i class=\"fas fa-info-circle mx-auto fa-7x text-da-dark\"><\/i>\n            <span style=\"hyphens: auto\">\n                \n\n<p>L&#8217;Organizzazione di assistenza sociale Pastore Sieber \u00e8 partner di DeinAdieu. Potete trovare qui il <a href=\"https:\/\/www.deinadieu.ch\/it\/organizzazioni-caritatevoli\/\">profilo<\/a> <\/p>\n\n\n                \n                \n            <\/span>\n        <\/div>\n        \n","protected":false},"excerpt":{"rendered":"<p>La dipendenza e le malattie correlate, la disoccupazione e la mancanza di una casa, la solitudine, l&#8217;abbandono sono problemi delle persone che trovano aiuto all&#8217;Organizzazione di assistenza sociale Pastore Sieber. Matthias von Allmen e i suoi colleghi di lavoro del team di comunicazione, procurano i fondi necessari per questo impegno. Racconta di pi\u00f9 su questo [&hellip;]<\/p>\n","protected":false},"author":2,"featured_media":26061,"comment_status":"open","ping_status":"closed","sticky":false,"template":"","format":"standard","meta":{"_acf_changed":false,"footnotes":""},"categories":[2474],"tags":[2522,2557,2015,2121],"class_list":["post-50006","post","type-post","status-publish","format-standard","has-post-thumbnail","hentry","category-opere-caritative","tag-cosa-puo-fare-la-mia-eredita","tag-legato-it","tag-previdenza","tag-testamento"],"acf":[],"yoast_head":"<title>Intervista a Matthias von Allmen dell&#039;Organizzazione di assistenza sociale Pastore Sieber<\/title>\n<meta name=\"description\" content=\"Matthias von Allmen e il suo team di comunicazione procurano i fondi necessari per l&#039;impegno umanitario dell&#039;Organizzazione di assistenza sociale Pastore Sieber\" \/>\n<meta name=\"robots\" content=\"index, follow, max-snippet:-1, max-image-preview:large, max-video-preview:-1\" \/>\n<link rel=\"canonical\" href=\"https:\/\/www.deinadieu.ch\/it\/matthias-von-allmen-organizzazione-di-assistenza-sociale-pastore-sieber-il-favoreggiamento-testamentario-deve-essere-coerente\/\" \/>\n<meta property=\"og:locale\" content=\"it_IT\" \/>\n<meta property=\"og:type\" content=\"article\" \/>\n<meta property=\"og:title\" content=\"Matthias von Allmen, Organizzazione di assistenza sociale Pastore Sieber: \u00abIl favoreggiamento testamentario deve corrispondere ai desideri del testatore\u00bb\" \/>\n<meta property=\"og:description\" content=\"La dipendenza e le malattie correlate, la disoccupazione e la mancanza di una casa, la solitudine, l&#039;abbandono sono problemi delle persone che trovano\" \/>\n<meta property=\"og:url\" content=\"https:\/\/www.deinadieu.ch\/it\/matthias-von-allmen-organizzazione-di-assistenza-sociale-pastore-sieber-il-favoreggiamento-testamentario-deve-essere-coerente\/\" \/>\n<meta property=\"og:site_name\" content=\"DeinAdieu.ch\" \/>\n<meta property=\"article:publisher\" content=\"https:\/\/www.facebook.com\/deinadieu\" \/>\n<meta property=\"article:published_time\" content=\"2020-10-23T06:13:07+00:00\" \/>\n<meta property=\"article:modified_time\" content=\"2022-05-22T09:12:02+00:00\" \/>\n<meta property=\"og:image\" content=\"https:\/\/static.deinadieu.ch\/uploads\/2020\/10\/BLOG_Matthias_Vonallmen_Aufmacher.jpg\" \/>\n\t<meta property=\"og:image:width\" content=\"1280\" \/>\n\t<meta property=\"og:image:height\" content=\"720\" \/>\n\t<meta property=\"og:image:type\" content=\"image\/jpeg\" \/>\n<meta name=\"author\" content=\"Martin Schuppli\" \/>\n<meta name=\"twitter:card\" content=\"summary_large_image\" \/>\n<meta name=\"twitter:creator\" content=\"@DeinAdieu\" \/>\n<meta name=\"twitter:site\" content=\"@DeinAdieu\" \/>\n<meta name=\"twitter:label1\" content=\"Written by\" \/>\n\t<meta name=\"twitter:data1\" content=\"Martin Schuppli\" \/>\n\t<meta name=\"twitter:label2\" content=\"Est. reading time\" \/>\n\t<meta name=\"twitter:data2\" content=\"4 minutes\" \/>\n<script type=\"application\/ld+json\" class=\"yoast-schema-graph\">{\"@context\":\"https:\\\/\\\/schema.org\",\"@graph\":[{\"@type\":\"Article\",\"@id\":\"https:\\\/\\\/www.deinadieu.ch\\\/it\\\/matthias-von-allmen-organizzazione-di-assistenza-sociale-pastore-sieber-il-favoreggiamento-testamentario-deve-essere-coerente\\\/#article\",\"isPartOf\":{\"@id\":\"https:\\\/\\\/www.deinadieu.ch\\\/it\\\/matthias-von-allmen-organizzazione-di-assistenza-sociale-pastore-sieber-il-favoreggiamento-testamentario-deve-essere-coerente\\\/\"},\"author\":{\"name\":\"Martin Schuppli\",\"@id\":\"https:\\\/\\\/www.deinadieu.ch\\\/it\\\/#\\\/schema\\\/person\\\/47522dd97d1b840f11a7e637e69c4a82\"},\"headline\":\"Matthias von Allmen, Organizzazione di assistenza sociale Pastore Sieber: \u00abIl favoreggiamento testamentario deve corrispondere ai desideri del testatore\u00bb\",\"datePublished\":\"2020-10-23T06:13:07+00:00\",\"dateModified\":\"2022-05-22T09:12:02+00:00\",\"mainEntityOfPage\":{\"@id\":\"https:\\\/\\\/www.deinadieu.ch\\\/it\\\/matthias-von-allmen-organizzazione-di-assistenza-sociale-pastore-sieber-il-favoreggiamento-testamentario-deve-essere-coerente\\\/\"},\"wordCount\":891,\"commentCount\":0,\"publisher\":{\"@id\":\"https:\\\/\\\/www.deinadieu.ch\\\/it\\\/#organization\"},\"image\":{\"@id\":\"https:\\\/\\\/www.deinadieu.ch\\\/it\\\/matthias-von-allmen-organizzazione-di-assistenza-sociale-pastore-sieber-il-favoreggiamento-testamentario-deve-essere-coerente\\\/#primaryimage\"},\"thumbnailUrl\":\"https:\\\/\\\/www.deinadieu.ch\\\/wp-content\\\/uploads\\\/2020\\\/10\\\/BLOG_Matthias_Vonallmen_Aufmacher.jpg\",\"keywords\":[\"Cosa pu\u00f2 fare la mia eredit\u00e0?\",\"Legato\",\"Previdenza\",\"Testamento\"],\"articleSection\":[\"Focus sulle opere caritative\"],\"inLanguage\":\"it-IT\",\"potentialAction\":[{\"@type\":\"CommentAction\",\"name\":\"Comment\",\"target\":[\"https:\\\/\\\/www.deinadieu.ch\\\/it\\\/matthias-von-allmen-organizzazione-di-assistenza-sociale-pastore-sieber-il-favoreggiamento-testamentario-deve-essere-coerente\\\/#respond\"]}]},{\"@type\":\"WebPage\",\"@id\":\"https:\\\/\\\/www.deinadieu.ch\\\/it\\\/matthias-von-allmen-organizzazione-di-assistenza-sociale-pastore-sieber-il-favoreggiamento-testamentario-deve-essere-coerente\\\/\",\"url\":\"https:\\\/\\\/www.deinadieu.ch\\\/it\\\/matthias-von-allmen-organizzazione-di-assistenza-sociale-pastore-sieber-il-favoreggiamento-testamentario-deve-essere-coerente\\\/\",\"name\":\"Intervista a Matthias von Allmen dell'Organizzazione di assistenza sociale Pastore Sieber\",\"isPartOf\":{\"@id\":\"https:\\\/\\\/www.deinadieu.ch\\\/it\\\/#website\"},\"primaryImageOfPage\":{\"@id\":\"https:\\\/\\\/www.deinadieu.ch\\\/it\\\/matthias-von-allmen-organizzazione-di-assistenza-sociale-pastore-sieber-il-favoreggiamento-testamentario-deve-essere-coerente\\\/#primaryimage\"},\"image\":{\"@id\":\"https:\\\/\\\/www.deinadieu.ch\\\/it\\\/matthias-von-allmen-organizzazione-di-assistenza-sociale-pastore-sieber-il-favoreggiamento-testamentario-deve-essere-coerente\\\/#primaryimage\"},\"thumbnailUrl\":\"https:\\\/\\\/www.deinadieu.ch\\\/wp-content\\\/uploads\\\/2020\\\/10\\\/BLOG_Matthias_Vonallmen_Aufmacher.jpg\",\"datePublished\":\"2020-10-23T06:13:07+00:00\",\"dateModified\":\"2022-05-22T09:12:02+00:00\",\"description\":\"Matthias von Allmen e il suo team di comunicazione procurano i fondi necessari per l'impegno umanitario dell'Organizzazione di assistenza sociale Pastore Sieber\",\"breadcrumb\":{\"@id\":\"https:\\\/\\\/www.deinadieu.ch\\\/it\\\/matthias-von-allmen-organizzazione-di-assistenza-sociale-pastore-sieber-il-favoreggiamento-testamentario-deve-essere-coerente\\\/#breadcrumb\"},\"inLanguage\":\"it-IT\",\"potentialAction\":[{\"@type\":\"ReadAction\",\"target\":[\"https:\\\/\\\/www.deinadieu.ch\\\/it\\\/matthias-von-allmen-organizzazione-di-assistenza-sociale-pastore-sieber-il-favoreggiamento-testamentario-deve-essere-coerente\\\/\"]}]},{\"@type\":\"ImageObject\",\"inLanguage\":\"it-IT\",\"@id\":\"https:\\\/\\\/www.deinadieu.ch\\\/it\\\/matthias-von-allmen-organizzazione-di-assistenza-sociale-pastore-sieber-il-favoreggiamento-testamentario-deve-essere-coerente\\\/#primaryimage\",\"url\":\"https:\\\/\\\/www.deinadieu.ch\\\/wp-content\\\/uploads\\\/2020\\\/10\\\/BLOG_Matthias_Vonallmen_Aufmacher.jpg\",\"contentUrl\":\"https:\\\/\\\/www.deinadieu.ch\\\/wp-content\\\/uploads\\\/2020\\\/10\\\/BLOG_Matthias_Vonallmen_Aufmacher.jpg\",\"width\":1280,\"height\":720,\"caption\":\"Matthias von Allmen, responsabile della raccolta fondi presso l'Organizzazione di assistenza sociale Pastore Sieber, davanti alla foto del fondatore. Il Pastore di Zurigo (1927-2018) divenne noto in tutta la Svizzera per il suo impegno a favore dei senzatetto, dei tossicodipendenti e delle persone affette da AIDS. (Foto: Paolo Foschini)\"},{\"@type\":\"BreadcrumbList\",\"@id\":\"https:\\\/\\\/www.deinadieu.ch\\\/it\\\/matthias-von-allmen-organizzazione-di-assistenza-sociale-pastore-sieber-il-favoreggiamento-testamentario-deve-essere-coerente\\\/#breadcrumb\",\"itemListElement\":[{\"@type\":\"ListItem\",\"position\":1,\"name\":\"Home\",\"item\":\"https:\\\/\\\/www.deinadieu.ch\\\/it\\\/deinadieu-dialog-und-serviceportal-zum-lebensende\\\/\"},{\"@type\":\"ListItem\",\"position\":2,\"name\":\"Matthias von Allmen, Organizzazione di assistenza sociale Pastore Sieber: \u00abIl favoreggiamento testamentario deve corrispondere ai desideri del testatore\u00bb\"}]},{\"@type\":\"WebSite\",\"@id\":\"https:\\\/\\\/www.deinadieu.ch\\\/it\\\/#website\",\"url\":\"https:\\\/\\\/www.deinadieu.ch\\\/it\\\/\",\"name\":\"DeinAdieu.ch\",\"description\":\"Testament, Patientenverf\u00fcgung und Vorsorgeauftrag\",\"publisher\":{\"@id\":\"https:\\\/\\\/www.deinadieu.ch\\\/it\\\/#organization\"},\"potentialAction\":[{\"@type\":\"SearchAction\",\"target\":{\"@type\":\"EntryPoint\",\"urlTemplate\":\"https:\\\/\\\/www.deinadieu.ch\\\/it\\\/?s={search_term_string}\"},\"query-input\":{\"@type\":\"PropertyValueSpecification\",\"valueRequired\":true,\"valueName\":\"search_term_string\"}}],\"inLanguage\":\"it-IT\"},{\"@type\":\"Organization\",\"@id\":\"https:\\\/\\\/www.deinadieu.ch\\\/it\\\/#organization\",\"name\":\"EMNA Web GmbH\",\"url\":\"https:\\\/\\\/www.deinadieu.ch\\\/it\\\/\",\"logo\":{\"@type\":\"ImageObject\",\"inLanguage\":\"it-IT\",\"@id\":\"https:\\\/\\\/www.deinadieu.ch\\\/it\\\/#\\\/schema\\\/logo\\\/image\\\/\",\"url\":\"https:\\\/\\\/www.deinadieu.ch\\\/wp-content\\\/uploads\\\/2016\\\/01\\\/DeinAdieu_Logo.png\",\"contentUrl\":\"https:\\\/\\\/www.deinadieu.ch\\\/wp-content\\\/uploads\\\/2016\\\/01\\\/DeinAdieu_Logo.png\",\"width\":300,\"height\":117,\"caption\":\"EMNA Web GmbH\"},\"image\":{\"@id\":\"https:\\\/\\\/www.deinadieu.ch\\\/it\\\/#\\\/schema\\\/logo\\\/image\\\/\"},\"sameAs\":[\"https:\\\/\\\/www.facebook.com\\\/deinadieu\",\"https:\\\/\\\/x.com\\\/DeinAdieu\",\"https:\\\/\\\/www.instagram.com\\\/deinadieu\\\/\",\"https:\\\/\\\/www.linkedin.com\\\/company\\\/deinadieu.ch\"]},{\"@type\":\"Person\",\"@id\":\"https:\\\/\\\/www.deinadieu.ch\\\/it\\\/#\\\/schema\\\/person\\\/47522dd97d1b840f11a7e637e69c4a82\",\"name\":\"Martin Schuppli\",\"image\":{\"@type\":\"ImageObject\",\"inLanguage\":\"it-IT\",\"@id\":\"https:\\\/\\\/secure.gravatar.com\\\/avatar\\\/3f6dee2a3d53d202b91ce982afc75191f59466c9d54dc61e5322d152b8eb2881?s=96&d=mm&r=g\",\"url\":\"https:\\\/\\\/secure.gravatar.com\\\/avatar\\\/3f6dee2a3d53d202b91ce982afc75191f59466c9d54dc61e5322d152b8eb2881?s=96&d=mm&r=g\",\"contentUrl\":\"https:\\\/\\\/secure.gravatar.com\\\/avatar\\\/3f6dee2a3d53d202b91ce982afc75191f59466c9d54dc61e5322d152b8eb2881?s=96&d=mm&r=g\",\"caption\":\"Martin Schuppli\"},\"description\":\"Martin Schuppli, *1955, arbeitete w\u00e4hrend 30 Jahren als Journalist bei Ringier AG. Er begann als Produzent beim Blick, schrieb sp\u00e4ter f\u00fcr SonntagsBlick, Gesundheit-Sprechstunde und Schweizer Illustrierte. 2009 machte er sich selbstst\u00e4ndig, sagte: \u00abIch schreibe mich durchs Leben.\u00bb Seit 2015 ist Martin Schuppli zusammen mit Nicolas Gehrig, CEO und dem Team daran, das Webportal DeinAdieu aufzubauen. \u00abHier kann ich schreiben. Und zwar \u00fcber das, was die Menschen am meisten interessiert. \u00dcber Menschen.\u00bb\",\"url\":\"https:\\\/\\\/www.deinadieu.ch\\\/it\\\/author\\\/martin\\\/\"}]}<\/script>","yoast_head_json":{"title":"Intervista a Matthias von Allmen dell'Organizzazione di assistenza sociale Pastore Sieber","description":"Matthias von Allmen e il suo team di comunicazione procurano i fondi necessari per l'impegno umanitario dell'Organizzazione di assistenza sociale Pastore Sieber","robots":{"index":"index","follow":"follow","max-snippet":"max-snippet:-1","max-image-preview":"max-image-preview:large","max-video-preview":"max-video-preview:-1"},"canonical":"https:\/\/www.deinadieu.ch\/it\/matthias-von-allmen-organizzazione-di-assistenza-sociale-pastore-sieber-il-favoreggiamento-testamentario-deve-essere-coerente\/","og_locale":"it_IT","og_type":"article","og_title":"Matthias von Allmen, Organizzazione di assistenza sociale Pastore Sieber: \u00abIl favoreggiamento testamentario deve corrispondere ai desideri del testatore\u00bb","og_description":"La dipendenza e le malattie correlate, la disoccupazione e la mancanza di una casa, la solitudine, l'abbandono sono problemi delle persone che trovano","og_url":"https:\/\/www.deinadieu.ch\/it\/matthias-von-allmen-organizzazione-di-assistenza-sociale-pastore-sieber-il-favoreggiamento-testamentario-deve-essere-coerente\/","og_site_name":"DeinAdieu.ch","article_publisher":"https:\/\/www.facebook.com\/deinadieu","article_published_time":"2020-10-23T06:13:07+00:00","article_modified_time":"2022-05-22T09:12:02+00:00","og_image":[{"width":1280,"height":720,"url":"https:\/\/static.deinadieu.ch\/uploads\/2020\/10\/BLOG_Matthias_Vonallmen_Aufmacher.jpg","type":"image\/jpeg"}],"author":"Martin Schuppli","twitter_card":"summary_large_image","twitter_creator":"@DeinAdieu","twitter_site":"@DeinAdieu","twitter_misc":{"Written by":"Martin Schuppli","Est. reading time":"4 minutes"},"schema":{"@context":"https:\/\/schema.org","@graph":[{"@type":"Article","@id":"https:\/\/www.deinadieu.ch\/it\/matthias-von-allmen-organizzazione-di-assistenza-sociale-pastore-sieber-il-favoreggiamento-testamentario-deve-essere-coerente\/#article","isPartOf":{"@id":"https:\/\/www.deinadieu.ch\/it\/matthias-von-allmen-organizzazione-di-assistenza-sociale-pastore-sieber-il-favoreggiamento-testamentario-deve-essere-coerente\/"},"author":{"name":"Martin Schuppli","@id":"https:\/\/www.deinadieu.ch\/it\/#\/schema\/person\/47522dd97d1b840f11a7e637e69c4a82"},"headline":"Matthias von Allmen, Organizzazione di assistenza sociale Pastore Sieber: \u00abIl favoreggiamento testamentario deve corrispondere ai desideri del testatore\u00bb","datePublished":"2020-10-23T06:13:07+00:00","dateModified":"2022-05-22T09:12:02+00:00","mainEntityOfPage":{"@id":"https:\/\/www.deinadieu.ch\/it\/matthias-von-allmen-organizzazione-di-assistenza-sociale-pastore-sieber-il-favoreggiamento-testamentario-deve-essere-coerente\/"},"wordCount":891,"commentCount":0,"publisher":{"@id":"https:\/\/www.deinadieu.ch\/it\/#organization"},"image":{"@id":"https:\/\/www.deinadieu.ch\/it\/matthias-von-allmen-organizzazione-di-assistenza-sociale-pastore-sieber-il-favoreggiamento-testamentario-deve-essere-coerente\/#primaryimage"},"thumbnailUrl":"https:\/\/www.deinadieu.ch\/wp-content\/uploads\/2020\/10\/BLOG_Matthias_Vonallmen_Aufmacher.jpg","keywords":["Cosa pu\u00f2 fare la mia eredit\u00e0?","Legato","Previdenza","Testamento"],"articleSection":["Focus sulle opere caritative"],"inLanguage":"it-IT","potentialAction":[{"@type":"CommentAction","name":"Comment","target":["https:\/\/www.deinadieu.ch\/it\/matthias-von-allmen-organizzazione-di-assistenza-sociale-pastore-sieber-il-favoreggiamento-testamentario-deve-essere-coerente\/#respond"]}]},{"@type":"WebPage","@id":"https:\/\/www.deinadieu.ch\/it\/matthias-von-allmen-organizzazione-di-assistenza-sociale-pastore-sieber-il-favoreggiamento-testamentario-deve-essere-coerente\/","url":"https:\/\/www.deinadieu.ch\/it\/matthias-von-allmen-organizzazione-di-assistenza-sociale-pastore-sieber-il-favoreggiamento-testamentario-deve-essere-coerente\/","name":"Intervista a Matthias von Allmen dell'Organizzazione di assistenza sociale Pastore Sieber","isPartOf":{"@id":"https:\/\/www.deinadieu.ch\/it\/#website"},"primaryImageOfPage":{"@id":"https:\/\/www.deinadieu.ch\/it\/matthias-von-allmen-organizzazione-di-assistenza-sociale-pastore-sieber-il-favoreggiamento-testamentario-deve-essere-coerente\/#primaryimage"},"image":{"@id":"https:\/\/www.deinadieu.ch\/it\/matthias-von-allmen-organizzazione-di-assistenza-sociale-pastore-sieber-il-favoreggiamento-testamentario-deve-essere-coerente\/#primaryimage"},"thumbnailUrl":"https:\/\/www.deinadieu.ch\/wp-content\/uploads\/2020\/10\/BLOG_Matthias_Vonallmen_Aufmacher.jpg","datePublished":"2020-10-23T06:13:07+00:00","dateModified":"2022-05-22T09:12:02+00:00","description":"Matthias von Allmen e il suo team di comunicazione procurano i fondi necessari per l'impegno umanitario dell'Organizzazione di assistenza sociale Pastore Sieber","breadcrumb":{"@id":"https:\/\/www.deinadieu.ch\/it\/matthias-von-allmen-organizzazione-di-assistenza-sociale-pastore-sieber-il-favoreggiamento-testamentario-deve-essere-coerente\/#breadcrumb"},"inLanguage":"it-IT","potentialAction":[{"@type":"ReadAction","target":["https:\/\/www.deinadieu.ch\/it\/matthias-von-allmen-organizzazione-di-assistenza-sociale-pastore-sieber-il-favoreggiamento-testamentario-deve-essere-coerente\/"]}]},{"@type":"ImageObject","inLanguage":"it-IT","@id":"https:\/\/www.deinadieu.ch\/it\/matthias-von-allmen-organizzazione-di-assistenza-sociale-pastore-sieber-il-favoreggiamento-testamentario-deve-essere-coerente\/#primaryimage","url":"https:\/\/www.deinadieu.ch\/wp-content\/uploads\/2020\/10\/BLOG_Matthias_Vonallmen_Aufmacher.jpg","contentUrl":"https:\/\/www.deinadieu.ch\/wp-content\/uploads\/2020\/10\/BLOG_Matthias_Vonallmen_Aufmacher.jpg","width":1280,"height":720,"caption":"Matthias von Allmen, responsabile della raccolta fondi presso l'Organizzazione di assistenza sociale Pastore Sieber, davanti alla foto del fondatore. Il Pastore di Zurigo (1927-2018) divenne noto in tutta la Svizzera per il suo impegno a favore dei senzatetto, dei tossicodipendenti e delle persone affette da AIDS. (Foto: Paolo Foschini)"},{"@type":"BreadcrumbList","@id":"https:\/\/www.deinadieu.ch\/it\/matthias-von-allmen-organizzazione-di-assistenza-sociale-pastore-sieber-il-favoreggiamento-testamentario-deve-essere-coerente\/#breadcrumb","itemListElement":[{"@type":"ListItem","position":1,"name":"Home","item":"https:\/\/www.deinadieu.ch\/it\/deinadieu-dialog-und-serviceportal-zum-lebensende\/"},{"@type":"ListItem","position":2,"name":"Matthias von Allmen, Organizzazione di assistenza sociale Pastore Sieber: \u00abIl favoreggiamento testamentario deve corrispondere ai desideri del testatore\u00bb"}]},{"@type":"WebSite","@id":"https:\/\/www.deinadieu.ch\/it\/#website","url":"https:\/\/www.deinadieu.ch\/it\/","name":"DeinAdieu.ch","description":"Testament, Patientenverf\u00fcgung und Vorsorgeauftrag","publisher":{"@id":"https:\/\/www.deinadieu.ch\/it\/#organization"},"potentialAction":[{"@type":"SearchAction","target":{"@type":"EntryPoint","urlTemplate":"https:\/\/www.deinadieu.ch\/it\/?s={search_term_string}"},"query-input":{"@type":"PropertyValueSpecification","valueRequired":true,"valueName":"search_term_string"}}],"inLanguage":"it-IT"},{"@type":"Organization","@id":"https:\/\/www.deinadieu.ch\/it\/#organization","name":"EMNA Web GmbH","url":"https:\/\/www.deinadieu.ch\/it\/","logo":{"@type":"ImageObject","inLanguage":"it-IT","@id":"https:\/\/www.deinadieu.ch\/it\/#\/schema\/logo\/image\/","url":"https:\/\/www.deinadieu.ch\/wp-content\/uploads\/2016\/01\/DeinAdieu_Logo.png","contentUrl":"https:\/\/www.deinadieu.ch\/wp-content\/uploads\/2016\/01\/DeinAdieu_Logo.png","width":300,"height":117,"caption":"EMNA Web GmbH"},"image":{"@id":"https:\/\/www.deinadieu.ch\/it\/#\/schema\/logo\/image\/"},"sameAs":["https:\/\/www.facebook.com\/deinadieu","https:\/\/x.com\/DeinAdieu","https:\/\/www.instagram.com\/deinadieu\/","https:\/\/www.linkedin.com\/company\/deinadieu.ch"]},{"@type":"Person","@id":"https:\/\/www.deinadieu.ch\/it\/#\/schema\/person\/47522dd97d1b840f11a7e637e69c4a82","name":"Martin Schuppli","image":{"@type":"ImageObject","inLanguage":"it-IT","@id":"https:\/\/secure.gravatar.com\/avatar\/3f6dee2a3d53d202b91ce982afc75191f59466c9d54dc61e5322d152b8eb2881?s=96&d=mm&r=g","url":"https:\/\/secure.gravatar.com\/avatar\/3f6dee2a3d53d202b91ce982afc75191f59466c9d54dc61e5322d152b8eb2881?s=96&d=mm&r=g","contentUrl":"https:\/\/secure.gravatar.com\/avatar\/3f6dee2a3d53d202b91ce982afc75191f59466c9d54dc61e5322d152b8eb2881?s=96&d=mm&r=g","caption":"Martin Schuppli"},"description":"Martin Schuppli, *1955, arbeitete w\u00e4hrend 30 Jahren als Journalist bei Ringier AG. Er begann als Produzent beim Blick, schrieb sp\u00e4ter f\u00fcr SonntagsBlick, Gesundheit-Sprechstunde und Schweizer Illustrierte. 2009 machte er sich selbstst\u00e4ndig, sagte: \u00abIch schreibe mich durchs Leben.\u00bb Seit 2015 ist Martin Schuppli zusammen mit Nicolas Gehrig, CEO und dem Team daran, das Webportal DeinAdieu aufzubauen. \u00abHier kann ich schreiben. Und zwar \u00fcber das, was die Menschen am meisten interessiert. \u00dcber Menschen.\u00bb","url":"https:\/\/www.deinadieu.ch\/it\/author\/martin\/"}]}},"_links":{"self":[{"href":"https:\/\/www.deinadieu.ch\/it\/wp-json\/wp\/v2\/posts\/50006","targetHints":{"allow":["GET"]}}],"collection":[{"href":"https:\/\/www.deinadieu.ch\/it\/wp-json\/wp\/v2\/posts"}],"about":[{"href":"https:\/\/www.deinadieu.ch\/it\/wp-json\/wp\/v2\/types\/post"}],"author":[{"embeddable":true,"href":"https:\/\/www.deinadieu.ch\/it\/wp-json\/wp\/v2\/users\/2"}],"replies":[{"embeddable":true,"href":"https:\/\/www.deinadieu.ch\/it\/wp-json\/wp\/v2\/comments?post=50006"}],"version-history":[{"count":9,"href":"https:\/\/www.deinadieu.ch\/it\/wp-json\/wp\/v2\/posts\/50006\/revisions"}],"predecessor-version":[{"id":56957,"href":"https:\/\/www.deinadieu.ch\/it\/wp-json\/wp\/v2\/posts\/50006\/revisions\/56957"}],"wp:featuredmedia":[{"embeddable":true,"href":"https:\/\/www.deinadieu.ch\/it\/wp-json\/wp\/v2\/media\/26061"}],"wp:attachment":[{"href":"https:\/\/www.deinadieu.ch\/it\/wp-json\/wp\/v2\/media?parent=50006"}],"wp:term":[{"taxonomy":"category","embeddable":true,"href":"https:\/\/www.deinadieu.ch\/it\/wp-json\/wp\/v2\/categories?post=50006"},{"taxonomy":"post_tag","embeddable":true,"href":"https:\/\/www.deinadieu.ch\/it\/wp-json\/wp\/v2\/tags?post=50006"}],"curies":[{"name":"wp","href":"https:\/\/api.w.org\/{rel}","templated":true}]}}