{"id":49999,"date":"2020-12-09T07:54:07","date_gmt":"2020-12-09T06:54:07","guid":{"rendered":"https:\/\/www.deinadieu.ch\/tom-hofer-sono-affascinato-dal-lavorare-per-le-persone-con-le-persone\/"},"modified":"2022-05-22T11:10:31","modified_gmt":"2022-05-22T09:10:31","slug":"tom-hofer-sono-affascinato-dal-lavorare-per-le-persone-con-le-persone","status":"publish","type":"post","link":"https:\/\/www.deinadieu.ch\/it\/tom-hofer-sono-affascinato-dal-lavorare-per-le-persone-con-le-persone\/","title":{"rendered":"Tom Hofer: \u00abSono affascinato dal lavoro per le persone &#8211; con le persone\u00bb"},"content":{"rendered":"\n<p>Milioni di bambini e giovani non hanno la possibilit\u00e0 di andare a scuola. CO-OPERAID si impegna ad aiutare questi bambini.<\/p>\n\n<!--more-->\n\n<p>Ci riconosciamo subito alla stazione di Sargans. Tom Hofer, raccoglitore di fondi presso l&#8217;organizzazione umanitaria svizzera CO-OPERAID \u00e8 alto e magro. Felice e con un simpatico colpo di gomito. Vogliamo parlare del suo grande impegno. Sull&#8217;aiutare le persone ad aiutare se stesse. <\/p>\n\n<p>Dal 2017 \u00e8 responsabile della raccolta fondi di donatori privati presso CO-OPERAID. Ha conseguito una laurea in NPO-Management ed \u00e8 un qualificato raccoglitore di fondi. Ha studiato anche pedagogia, teatro e arte. \u00abDal 2001 ho lavorato per varie organizzazioni senza scopo di lucro\u00bb, dice. \u00abLavorare per l&#8217;educazione di persone svantaggiate \u00e8 significativo. Sostengo al cento per cento i progetti CO-OPERAID. I nostri progetti forniscono \u2039aiuto per l&#8217;auto-aiuto\u203a e possono quindi contare su una rete sostenibile. Siamo attivi a lungo termine nelle aree e nei paesi dei progetti.\u00bb<\/p>\n\n<p>\u00abLa nostra organizzazione \u00e8 attiva in Africa e in Asia dal 1981. I nostri progetti aprono opportunit\u00e0 per le persone attraverso l&#8217;istruzione. Convinti che soprattutto i giovani possano creare migliori condizioni di vita attraverso l&#8217;istruzione. Inoltre, ci concentriamo sulla formazione e valorizzazione delle donne\u00bb.<\/p>\n\n<figure class=\"wp-block-image size-large\"><img loading=\"lazy\" decoding=\"async\" width=\"1024\" height=\"576\" src=\"https:\/\/www.deinadieu.ch\/wp-content\/uploads\/2020\/12\/Blog_TomHofer_Portraet_1-1024x576.jpg\" alt=\"Tom Hofer, CO-OPERAID\" class=\"wp-image-27981\" srcset=\"https:\/\/www.deinadieu.ch\/wp-content\/uploads\/2020\/12\/Blog_TomHofer_Portraet_1-1024x576.jpg 1024w, https:\/\/www.deinadieu.ch\/wp-content\/uploads\/2020\/12\/Blog_TomHofer_Portraet_1-300x169.jpg 300w, https:\/\/www.deinadieu.ch\/wp-content\/uploads\/2020\/12\/Blog_TomHofer_Portraet_1.jpg 1280w\" sizes=\"auto, (max-width: 1024px) 100vw, 1024px\" \/><figcaption>Tom Hofer parla del suo lavoro in Bangladesh. L&#8217;altissimo livello di violenza contro le donne \u00e8 spaventoso, afferma il 41enne. Ecco perch\u00e9 CO-OPERAID rafforza in modo specifico le donne. (Foto: Eddy Risch)<\/figcaption><\/figure>\n\n<h2 class=\"wp-block-heading\" id=\"h-es-gibt-geschichten-die-zerreissen-einem-das-herz\">Ci sono storie che ti fanno a pezzi il cuore<\/h2>\n\n<p>Tom Hofer sa di cosa sta parlando. \u00abHo visitato i progetti in Bangladesh: vogliamo sostenere le donne e le ragazze l\u00ec con una formazione di base e professionale.\u00bb<\/p>\n\n<p>\u00abLa violenza molto diffusa contro le donne \u00e8 spaventosa\u00bb, dice il 41enne. Nella regione di Bandarban, nei Chittagong Hill Tracts, giovani donne e madri acquisiscono competenze professionali in vari corsi. Appartengono alla minoranza etnica, la popolazione indigena di questa regione. \u00abInoltre, abbiamo creato una scuola professionale con il nostro partner locale nella citt\u00e0 mercato di Thanchi. Garantiamo inoltre che i bambini delle minoranze etniche abbiano accesso all&#8217;istruzione di base attraverso le scuole dei villaggi locali.\u00bb <\/p>\n\n<p>\u00abMi si \u00e8 quasi spezzato il cuore quando ho letto sul giornale di un preside di una scuola nella capitale Dhaka che \u00e8 dovuto andare in prigione per aver aggredito sessualmente una studentessa. Poi ha organizzato degli scagnozzi e hanno dato fuoco alla giovane donna.\u00bb La voce di Tom Hofer si interrompe, restiamo in silenzio sconvolti. Poi dice: \u00abFortunatamente, i media e le reti sociali possono aiutare sempre di pi\u00f9 in maniera che il governo affronti questi crimini. Questo mi d\u00e0 speranza per il futuro\u00bb.<\/p>\n\n<figure class=\"wp-block-image size-large\"><img loading=\"lazy\" decoding=\"async\" width=\"1024\" height=\"576\" src=\"https:\/\/www.deinadieu.ch\/wp-content\/uploads\/2020\/12\/Blog_TomHofer_Portraet_5-1024x576.jpg\" alt=\"Tom Hofer\" class=\"wp-image-27997\" srcset=\"https:\/\/www.deinadieu.ch\/wp-content\/uploads\/2020\/12\/Blog_TomHofer_Portraet_5-1024x576.jpg 1024w, https:\/\/www.deinadieu.ch\/wp-content\/uploads\/2020\/12\/Blog_TomHofer_Portraet_5-300x169.jpg 300w, https:\/\/www.deinadieu.ch\/wp-content\/uploads\/2020\/12\/Blog_TomHofer_Portraet_5.jpg 1280w\" sizes=\"auto, (max-width: 1024px) 100vw, 1024px\" \/><figcaption>Tom Hofer ha trovato casa con sua moglie e i suoi figli a Winterthur-Seen. Ride e dice: \u00abApprezzo la spensieratezza con cui i bambini possono crescere in Svizzera. Questo non \u00e8 un fatto scontato, ma un grande dono.\u00bb (Foto: Eddy Risch)<\/figcaption><\/figure>\n\n<h2 class=\"wp-block-heading\" id=\"h-eine-unbeschwerte-kindheit-ist-ein-geschenk\">Un&#8217;infanzia spensierata \u00e8 un dono<\/h2>\n\n<p>Tom Hofer e sua moglie Marianna si sono recati in Svizzera dall&#8217;Inghilterra nel giugno 2007. \u00abAbbiamo trovato una nuova casa in questo bellissimo paese. I nostri figli Andreas e Matilda sono nati all&#8217;Ospedale cantonale di Winterthur.\u00bb Oltre alle attivit\u00e0 sportive come l&#8217;escursionismo, la vela, la pallamano, il nuoto, il ciclismo, la lettura, la visita di musei e il cinema, la musica \u00e8 un altro punto comune. \u00abI bambini suonano il violino e il violoncello, Marianna sta imparando lo Schwyzer\u00f6rgeli e io sto imparando il flauto contralto.\u00bb <\/p>\n\n<p>\u00abApprezzo la spensieratezza con cui i bambini possono crescere in Svizzera. Questo non \u00e8 un fatto scontato, ma un grande dono\u00bb, afferma Tom Hofer. Continua dicendo che hanno rapidamente trovato parte nella vita sociale e culturale e hanno conosciuto molte famiglie attraverso i loro figli, attraverso la scuola e le associazioni.<\/p>\n\n<p>Mentre sua moglie Marianna lavora nel settore della tecnologia medica, Tom Hofer si impegna ad aiutare le persone svantaggiate.<\/p>\n\n<p>Tom Hofer sa cosa significa svantaggio. \u00abMia sorella \u00e8 nata disabile. Ho assistito alla cosiddetta diversit\u00e0 e all&#8217;esclusione associata.\u00bb <\/p>\n\n<p>Per lui si tratta di lavorare per e con le persone. \u00abSono affascinato da ci\u00f2 che possiamo ottenere nel nostro piccolo ente assistenziale. Per poter finanziare questo lavoro \u00e8 necessario trovare benefattori, donatori e madrine e padrini di progetti. Cerchiamo persone convinte del nostro lavoro.\u00bb In questi contatti, lo scambio personale \u00e8 particolarmente importante per lui. \u00c8 interessato al percorso personale nella vita e alle motivazioni alla base di una donazione. \u00abApprezzo molto questi incontri personali con i donatori.\u00bb<\/p>\n\n<figure class=\"wp-block-image size-large\"><img loading=\"lazy\" decoding=\"async\" width=\"1024\" height=\"576\" src=\"https:\/\/www.deinadieu.ch\/wp-content\/uploads\/2020\/12\/Blog_TomHofer_Portraet_4-1024x576.jpg\" alt=\"Tom Hofer\" class=\"wp-image-27993\" srcset=\"https:\/\/www.deinadieu.ch\/wp-content\/uploads\/2020\/12\/Blog_TomHofer_Portraet_4-1024x576.jpg 1024w, https:\/\/www.deinadieu.ch\/wp-content\/uploads\/2020\/12\/Blog_TomHofer_Portraet_4-300x169.jpg 300w, https:\/\/www.deinadieu.ch\/wp-content\/uploads\/2020\/12\/Blog_TomHofer_Portraet_4.jpg 1280w\" sizes=\"auto, (max-width: 1024px) 100vw, 1024px\" \/><figcaption>Tom Hofer apprezza lo scambio personale con i donatori. \u00abNoi di CO-OPERAID, infatti, diciamo di essere un ente assistenziale personale.\u00bb (Foto: Eddy Risch)<\/figcaption><\/figure>\n\n<h2 class=\"wp-block-heading\" id=\"h-als-nahbares-hilfswerk-pers-nliche-beziehungen-aufbauen\">Costruire relazioni personali come un ente assistenziale accessibile<\/h2>\n\n<p>\u00abCO-OPERAID \u00e8 un ente assistenziale di facile orientamento e quindi \u2039personale\u203a. I donatori possono passare per un interscambio, per un caff\u00e8 o per pranzare insieme nel parco o al ristorante. Vogliamo vivere questa accessibilit\u00e0 nella nostra cultura organizzativa.\u00bb<\/p>\n\n<p>Un gruppo di donatori molto fedeli sono le nostre madrine e i nostri padrini di progetti e temi. \u00abCi sono molti rapporti personali con loro che sono cresciuti nel corso degli anni.\u00bb Se qualcuno interrompe un padrinato, questo \u00e8 accompagnato dalla malinconia. \u00abSpesso sono le spese eccessive per le cure del coniuge che portano alla cancellazione.\u00bb Quello che molte madrine e molti padrini, ma anche donatori, sembrano non sapere: possono sostenere CO-OPERAID anche con un legato. Coloro che hanno a cuore l&#8217;istruzione dei bambini nelle regioni povere possono dare un segno oltre la fine della vita e garantire i progetti educativi di CO-OPERAID per il futuro. \u00abSpero che noi di CO-OPERAID possiamo rafforzare le donazioni attraverso eredit\u00e0 e legati nei prossimi anni. Ringrazio tutti coloro che sono interessati e non vedo l&#8217;ora di sentirvi!\u00bb<\/p>\n\n<figure class=\"wp-block-image size-large\"><img loading=\"lazy\" decoding=\"async\" width=\"1024\" height=\"576\" src=\"https:\/\/www.deinadieu.ch\/wp-content\/uploads\/2020\/12\/Blog_TomHofer_Portraet_6-1024x576.jpg\" alt=\"Tom Hofer\" class=\"wp-image-28001\" srcset=\"https:\/\/www.deinadieu.ch\/wp-content\/uploads\/2020\/12\/Blog_TomHofer_Portraet_6-1024x576.jpg 1024w, https:\/\/www.deinadieu.ch\/wp-content\/uploads\/2020\/12\/Blog_TomHofer_Portraet_6-300x169.jpg 300w, https:\/\/www.deinadieu.ch\/wp-content\/uploads\/2020\/12\/Blog_TomHofer_Portraet_6.jpg 1280w\" sizes=\"auto, (max-width: 1024px) 100vw, 1024px\" \/><figcaption>Tom Hofer spiega come CO-OPERAID si impegna a favore dell&#8217;istruzione in Africa e in Asia. (Foto: Eddy Risch)<\/figcaption><\/figure>\n\n<h2 class=\"wp-block-heading\" id=\"h-millionen-von-kindern-wachsen-ohne-bildung-auf\">Milioni di bambini crescono senza istruzione<\/h2>\n\n<p>I figli di Tom Hofer sono nella 4\u00b0 e 7\u00b0 classe. Tom Hofer: \u00abHanno molte opportunit\u00e0 e possibilit\u00e0 aperte. Sono incoraggiati e sviluppano le loro capacit\u00e0.\u00bb Per milioni di bambini e giovani nelle regioni sottosviluppate, invece, non c&#8217;\u00e8 la possibilit\u00e0 di frequentare una buona scuola elementare o di apprendere competenze professionali. \u00abNoi di CO-OPERAID ci impegniamo per questi bambini. Devono avere la possibilit\u00e0 di imparare qualcosa. Dovrebbero essere in grado di scoprire le proprie capacit\u00e0 e svilupparsi\u00bb, afferma Tom Hofer. \u00abCon il nostro impegno per il diritto internazionale dei bambini all&#8217;istruzione, siamo parte di un movimento. I nostri progetti in Africa e in Asia consentono l&#8217;istruzione e la formazione professionale per bambini e giovani provenienti da famiglie svantaggiate.\u00bb<\/p>\n\n<figure class=\"wp-block-image size-large\"><img loading=\"lazy\" decoding=\"async\" width=\"1024\" height=\"576\" src=\"https:\/\/www.deinadieu.ch\/wp-content\/uploads\/2020\/12\/Blog_TomHofer_Portraet_10-1024x576.jpg\" alt=\"Tom Hofer\" class=\"wp-image-28017\" srcset=\"https:\/\/www.deinadieu.ch\/wp-content\/uploads\/2020\/12\/Blog_TomHofer_Portraet_10-1024x576.jpg 1024w, https:\/\/www.deinadieu.ch\/wp-content\/uploads\/2020\/12\/Blog_TomHofer_Portraet_10-300x169.jpg 300w, https:\/\/www.deinadieu.ch\/wp-content\/uploads\/2020\/12\/Blog_TomHofer_Portraet_10.jpg 1280w\" sizes=\"auto, (max-width: 1024px) 100vw, 1024px\" \/><figcaption>Tom Hofer spiega come CO-OPERAID si impegna a favore dell&#8217;istruzione in Africa e in Asia. (Foto: Eddy Risch)<\/figcaption><\/figure>\n\n<h2 class=\"wp-block-heading\" id=\"h-den-herzenstraum-leben\">Vivere il sogno del cuore<\/h2>\n\n<p>Una frase di Tom Hofer \u00e8 commovente. Ha detto che il suo lavoro non riguarda la quantit\u00e0. \u00abPer me, per noi si tratta di qualit\u00e0. Cos\u00ec possiamo vivere il nostro sogno del cuore. Possiamo lavorare per l&#8217;educazione di bambini e giovani particolarmente bisognosi in Africa e in Asia.\u00bb<\/p>\n\n<p class=\"has-text-align-right\">Foto: Eddy Risch, testo: Martin Schuppli<\/p>\n\n\n        <div class=\"da-servicebox relative bg-gray-200 p-4 pt-8 border-solid border-t-8 border-da-dark mb-6\">\n            <i class=\"fas fa-info-circle mx-auto fa-7x text-da-dark\"><\/i>\n            <span style=\"hyphens: auto\">\n                \n\n<p>CO-OPERAID \u00e8 partner di DeinAdieu. Il <a href=\"https:\/\/www.deinadieu.ch\/it\/organizzazioni-caritatevoli\/\" target=\"_blank\" rel=\"noreferrer noopener\">profilo<\/a><\/p>\n\n\n                \n                \n            <\/span>\n        <\/div>\n        \n\n<p><\/p>\n","protected":false},"excerpt":{"rendered":"<p>Milioni di bambini e giovani non hanno la possibilit\u00e0 di andare a scuola. CO-OPERAID si impegna ad aiutare questi bambini.<\/p>\n","protected":false},"author":2,"featured_media":28022,"comment_status":"open","ping_status":"closed","sticky":false,"template":"","format":"standard","meta":{"_acf_changed":false,"footnotes":""},"categories":[2474],"tags":[2522],"class_list":["post-49999","post","type-post","status-publish","format-standard","has-post-thumbnail","hentry","category-opere-caritative","tag-cosa-puo-fare-la-mia-eredita"],"acf":[],"yoast_head":"<title>Tom Hofer di CO-OPERAID: Sono affascinato dal lavoro con le persone<\/title>\n<meta name=\"description\" content=\"Milioni di bambini e giovani non hanno la possibilit\u00e0 di andare a scuola. Tom Hofer si batte per questi bambini.\" \/>\n<meta name=\"robots\" content=\"index, follow, max-snippet:-1, max-image-preview:large, max-video-preview:-1\" \/>\n<link rel=\"canonical\" href=\"https:\/\/www.deinadieu.ch\/it\/tom-hofer-sono-affascinato-dal-lavorare-per-le-persone-con-le-persone\/\" \/>\n<meta property=\"og:locale\" content=\"it_IT\" \/>\n<meta property=\"og:type\" content=\"article\" \/>\n<meta property=\"og:title\" content=\"Tom Hofer: \u00abSono affascinato dal lavoro per le persone - con le persone\u00bb\" \/>\n<meta property=\"og:description\" content=\"Milioni di bambini e giovani non hanno la possibilit\u00e0 di andare a scuola. CO-OPERAID si impegna ad aiutare questi bambini. Ci riconosciamo subito alla\" \/>\n<meta property=\"og:url\" content=\"https:\/\/www.deinadieu.ch\/it\/tom-hofer-sono-affascinato-dal-lavorare-per-le-persone-con-le-persone\/\" \/>\n<meta property=\"og:site_name\" content=\"DeinAdieu.ch\" \/>\n<meta property=\"article:publisher\" content=\"https:\/\/www.facebook.com\/deinadieu\" \/>\n<meta property=\"article:published_time\" content=\"2020-12-09T06:54:07+00:00\" \/>\n<meta property=\"article:modified_time\" content=\"2022-05-22T09:10:31+00:00\" \/>\n<meta property=\"og:image\" content=\"https:\/\/static.deinadieu.ch\/uploads\/2020\/12\/TOM_HOFER_Aufmacher.jpg\" \/>\n\t<meta property=\"og:image:width\" content=\"1280\" \/>\n\t<meta property=\"og:image:height\" content=\"720\" \/>\n\t<meta property=\"og:image:type\" content=\"image\/jpeg\" \/>\n<meta name=\"author\" content=\"Martin Schuppli\" \/>\n<meta name=\"twitter:card\" content=\"summary_large_image\" \/>\n<meta name=\"twitter:creator\" content=\"@DeinAdieu\" \/>\n<meta name=\"twitter:site\" content=\"@DeinAdieu\" \/>\n<meta name=\"twitter:label1\" content=\"Written by\" \/>\n\t<meta name=\"twitter:data1\" content=\"Martin Schuppli\" \/>\n\t<meta name=\"twitter:label2\" content=\"Est. reading time\" \/>\n\t<meta name=\"twitter:data2\" content=\"6 minutes\" \/>\n<script type=\"application\/ld+json\" class=\"yoast-schema-graph\">{\"@context\":\"https:\\\/\\\/schema.org\",\"@graph\":[{\"@type\":\"Article\",\"@id\":\"https:\\\/\\\/www.deinadieu.ch\\\/it\\\/tom-hofer-sono-affascinato-dal-lavorare-per-le-persone-con-le-persone\\\/#article\",\"isPartOf\":{\"@id\":\"https:\\\/\\\/www.deinadieu.ch\\\/it\\\/tom-hofer-sono-affascinato-dal-lavorare-per-le-persone-con-le-persone\\\/\"},\"author\":{\"name\":\"Martin Schuppli\",\"@id\":\"https:\\\/\\\/www.deinadieu.ch\\\/it\\\/#\\\/schema\\\/person\\\/47522dd97d1b840f11a7e637e69c4a82\"},\"headline\":\"Tom Hofer: \u00abSono affascinato dal lavoro per le persone &#8211; con le persone\u00bb\",\"datePublished\":\"2020-12-09T06:54:07+00:00\",\"dateModified\":\"2022-05-22T09:10:31+00:00\",\"mainEntityOfPage\":{\"@id\":\"https:\\\/\\\/www.deinadieu.ch\\\/it\\\/tom-hofer-sono-affascinato-dal-lavorare-per-le-persone-con-le-persone\\\/\"},\"wordCount\":1182,\"commentCount\":0,\"publisher\":{\"@id\":\"https:\\\/\\\/www.deinadieu.ch\\\/it\\\/#organization\"},\"image\":{\"@id\":\"https:\\\/\\\/www.deinadieu.ch\\\/it\\\/tom-hofer-sono-affascinato-dal-lavorare-per-le-persone-con-le-persone\\\/#primaryimage\"},\"thumbnailUrl\":\"https:\\\/\\\/www.deinadieu.ch\\\/wp-content\\\/uploads\\\/2020\\\/12\\\/TOM_HOFER_Aufmacher.jpg\",\"keywords\":[\"Cosa pu\u00f2 fare la mia eredit\u00e0?\"],\"articleSection\":[\"Focus sulle opere caritative\"],\"inLanguage\":\"it-IT\",\"potentialAction\":[{\"@type\":\"CommentAction\",\"name\":\"Comment\",\"target\":[\"https:\\\/\\\/www.deinadieu.ch\\\/it\\\/tom-hofer-sono-affascinato-dal-lavorare-per-le-persone-con-le-persone\\\/#respond\"]}]},{\"@type\":\"WebPage\",\"@id\":\"https:\\\/\\\/www.deinadieu.ch\\\/it\\\/tom-hofer-sono-affascinato-dal-lavorare-per-le-persone-con-le-persone\\\/\",\"url\":\"https:\\\/\\\/www.deinadieu.ch\\\/it\\\/tom-hofer-sono-affascinato-dal-lavorare-per-le-persone-con-le-persone\\\/\",\"name\":\"Tom Hofer di CO-OPERAID: Sono affascinato dal lavoro con le persone\",\"isPartOf\":{\"@id\":\"https:\\\/\\\/www.deinadieu.ch\\\/it\\\/#website\"},\"primaryImageOfPage\":{\"@id\":\"https:\\\/\\\/www.deinadieu.ch\\\/it\\\/tom-hofer-sono-affascinato-dal-lavorare-per-le-persone-con-le-persone\\\/#primaryimage\"},\"image\":{\"@id\":\"https:\\\/\\\/www.deinadieu.ch\\\/it\\\/tom-hofer-sono-affascinato-dal-lavorare-per-le-persone-con-le-persone\\\/#primaryimage\"},\"thumbnailUrl\":\"https:\\\/\\\/www.deinadieu.ch\\\/wp-content\\\/uploads\\\/2020\\\/12\\\/TOM_HOFER_Aufmacher.jpg\",\"datePublished\":\"2020-12-09T06:54:07+00:00\",\"dateModified\":\"2022-05-22T09:10:31+00:00\",\"description\":\"Milioni di bambini e giovani non hanno la possibilit\u00e0 di andare a scuola. Tom Hofer si batte per questi bambini.\",\"breadcrumb\":{\"@id\":\"https:\\\/\\\/www.deinadieu.ch\\\/it\\\/tom-hofer-sono-affascinato-dal-lavorare-per-le-persone-con-le-persone\\\/#breadcrumb\"},\"inLanguage\":\"it-IT\",\"potentialAction\":[{\"@type\":\"ReadAction\",\"target\":[\"https:\\\/\\\/www.deinadieu.ch\\\/it\\\/tom-hofer-sono-affascinato-dal-lavorare-per-le-persone-con-le-persone\\\/\"]}]},{\"@type\":\"ImageObject\",\"inLanguage\":\"it-IT\",\"@id\":\"https:\\\/\\\/www.deinadieu.ch\\\/it\\\/tom-hofer-sono-affascinato-dal-lavorare-per-le-persone-con-le-persone\\\/#primaryimage\",\"url\":\"https:\\\/\\\/www.deinadieu.ch\\\/wp-content\\\/uploads\\\/2020\\\/12\\\/TOM_HOFER_Aufmacher.jpg\",\"contentUrl\":\"https:\\\/\\\/www.deinadieu.ch\\\/wp-content\\\/uploads\\\/2020\\\/12\\\/TOM_HOFER_Aufmacher.jpg\",\"width\":1280,\"height\":720,\"caption\":\"Tom Hofer, responsabile della raccolta fondi di donatori privati presso CO-OPERAID. (Foto: Eddy Risch)\"},{\"@type\":\"BreadcrumbList\",\"@id\":\"https:\\\/\\\/www.deinadieu.ch\\\/it\\\/tom-hofer-sono-affascinato-dal-lavorare-per-le-persone-con-le-persone\\\/#breadcrumb\",\"itemListElement\":[{\"@type\":\"ListItem\",\"position\":1,\"name\":\"Home\",\"item\":\"https:\\\/\\\/www.deinadieu.ch\\\/it\\\/deinadieu-dialog-und-serviceportal-zum-lebensende\\\/\"},{\"@type\":\"ListItem\",\"position\":2,\"name\":\"Tom Hofer: \u00abSono affascinato dal lavoro per le persone &#8211; con le persone\u00bb\"}]},{\"@type\":\"WebSite\",\"@id\":\"https:\\\/\\\/www.deinadieu.ch\\\/it\\\/#website\",\"url\":\"https:\\\/\\\/www.deinadieu.ch\\\/it\\\/\",\"name\":\"DeinAdieu.ch\",\"description\":\"Testament, Patientenverf\u00fcgung und Vorsorgeauftrag\",\"publisher\":{\"@id\":\"https:\\\/\\\/www.deinadieu.ch\\\/it\\\/#organization\"},\"potentialAction\":[{\"@type\":\"SearchAction\",\"target\":{\"@type\":\"EntryPoint\",\"urlTemplate\":\"https:\\\/\\\/www.deinadieu.ch\\\/it\\\/?s={search_term_string}\"},\"query-input\":{\"@type\":\"PropertyValueSpecification\",\"valueRequired\":true,\"valueName\":\"search_term_string\"}}],\"inLanguage\":\"it-IT\"},{\"@type\":\"Organization\",\"@id\":\"https:\\\/\\\/www.deinadieu.ch\\\/it\\\/#organization\",\"name\":\"EMNA Web GmbH\",\"url\":\"https:\\\/\\\/www.deinadieu.ch\\\/it\\\/\",\"logo\":{\"@type\":\"ImageObject\",\"inLanguage\":\"it-IT\",\"@id\":\"https:\\\/\\\/www.deinadieu.ch\\\/it\\\/#\\\/schema\\\/logo\\\/image\\\/\",\"url\":\"https:\\\/\\\/www.deinadieu.ch\\\/wp-content\\\/uploads\\\/2016\\\/01\\\/DeinAdieu_Logo.png\",\"contentUrl\":\"https:\\\/\\\/www.deinadieu.ch\\\/wp-content\\\/uploads\\\/2016\\\/01\\\/DeinAdieu_Logo.png\",\"width\":300,\"height\":117,\"caption\":\"EMNA Web GmbH\"},\"image\":{\"@id\":\"https:\\\/\\\/www.deinadieu.ch\\\/it\\\/#\\\/schema\\\/logo\\\/image\\\/\"},\"sameAs\":[\"https:\\\/\\\/www.facebook.com\\\/deinadieu\",\"https:\\\/\\\/x.com\\\/DeinAdieu\",\"https:\\\/\\\/www.instagram.com\\\/deinadieu\\\/\",\"https:\\\/\\\/www.linkedin.com\\\/company\\\/deinadieu.ch\"]},{\"@type\":\"Person\",\"@id\":\"https:\\\/\\\/www.deinadieu.ch\\\/it\\\/#\\\/schema\\\/person\\\/47522dd97d1b840f11a7e637e69c4a82\",\"name\":\"Martin Schuppli\",\"image\":{\"@type\":\"ImageObject\",\"inLanguage\":\"it-IT\",\"@id\":\"https:\\\/\\\/secure.gravatar.com\\\/avatar\\\/3f6dee2a3d53d202b91ce982afc75191f59466c9d54dc61e5322d152b8eb2881?s=96&d=mm&r=g\",\"url\":\"https:\\\/\\\/secure.gravatar.com\\\/avatar\\\/3f6dee2a3d53d202b91ce982afc75191f59466c9d54dc61e5322d152b8eb2881?s=96&d=mm&r=g\",\"contentUrl\":\"https:\\\/\\\/secure.gravatar.com\\\/avatar\\\/3f6dee2a3d53d202b91ce982afc75191f59466c9d54dc61e5322d152b8eb2881?s=96&d=mm&r=g\",\"caption\":\"Martin Schuppli\"},\"description\":\"Martin Schuppli, *1955, arbeitete w\u00e4hrend 30 Jahren als Journalist bei Ringier AG. Er begann als Produzent beim Blick, schrieb sp\u00e4ter f\u00fcr SonntagsBlick, Gesundheit-Sprechstunde und Schweizer Illustrierte. 2009 machte er sich selbstst\u00e4ndig, sagte: \u00abIch schreibe mich durchs Leben.\u00bb Seit 2015 ist Martin Schuppli zusammen mit Nicolas Gehrig, CEO und dem Team daran, das Webportal DeinAdieu aufzubauen. \u00abHier kann ich schreiben. Und zwar \u00fcber das, was die Menschen am meisten interessiert. \u00dcber Menschen.\u00bb\",\"url\":\"https:\\\/\\\/www.deinadieu.ch\\\/it\\\/author\\\/martin\\\/\"}]}<\/script>","yoast_head_json":{"title":"Tom Hofer di CO-OPERAID: Sono affascinato dal lavoro con le persone","description":"Milioni di bambini e giovani non hanno la possibilit\u00e0 di andare a scuola. Tom Hofer si batte per questi bambini.","robots":{"index":"index","follow":"follow","max-snippet":"max-snippet:-1","max-image-preview":"max-image-preview:large","max-video-preview":"max-video-preview:-1"},"canonical":"https:\/\/www.deinadieu.ch\/it\/tom-hofer-sono-affascinato-dal-lavorare-per-le-persone-con-le-persone\/","og_locale":"it_IT","og_type":"article","og_title":"Tom Hofer: \u00abSono affascinato dal lavoro per le persone - con le persone\u00bb","og_description":"Milioni di bambini e giovani non hanno la possibilit\u00e0 di andare a scuola. CO-OPERAID si impegna ad aiutare questi bambini. Ci riconosciamo subito alla","og_url":"https:\/\/www.deinadieu.ch\/it\/tom-hofer-sono-affascinato-dal-lavorare-per-le-persone-con-le-persone\/","og_site_name":"DeinAdieu.ch","article_publisher":"https:\/\/www.facebook.com\/deinadieu","article_published_time":"2020-12-09T06:54:07+00:00","article_modified_time":"2022-05-22T09:10:31+00:00","og_image":[{"width":1280,"height":720,"url":"https:\/\/static.deinadieu.ch\/uploads\/2020\/12\/TOM_HOFER_Aufmacher.jpg","type":"image\/jpeg"}],"author":"Martin Schuppli","twitter_card":"summary_large_image","twitter_creator":"@DeinAdieu","twitter_site":"@DeinAdieu","twitter_misc":{"Written by":"Martin Schuppli","Est. reading time":"6 minutes"},"schema":{"@context":"https:\/\/schema.org","@graph":[{"@type":"Article","@id":"https:\/\/www.deinadieu.ch\/it\/tom-hofer-sono-affascinato-dal-lavorare-per-le-persone-con-le-persone\/#article","isPartOf":{"@id":"https:\/\/www.deinadieu.ch\/it\/tom-hofer-sono-affascinato-dal-lavorare-per-le-persone-con-le-persone\/"},"author":{"name":"Martin Schuppli","@id":"https:\/\/www.deinadieu.ch\/it\/#\/schema\/person\/47522dd97d1b840f11a7e637e69c4a82"},"headline":"Tom Hofer: \u00abSono affascinato dal lavoro per le persone &#8211; con le persone\u00bb","datePublished":"2020-12-09T06:54:07+00:00","dateModified":"2022-05-22T09:10:31+00:00","mainEntityOfPage":{"@id":"https:\/\/www.deinadieu.ch\/it\/tom-hofer-sono-affascinato-dal-lavorare-per-le-persone-con-le-persone\/"},"wordCount":1182,"commentCount":0,"publisher":{"@id":"https:\/\/www.deinadieu.ch\/it\/#organization"},"image":{"@id":"https:\/\/www.deinadieu.ch\/it\/tom-hofer-sono-affascinato-dal-lavorare-per-le-persone-con-le-persone\/#primaryimage"},"thumbnailUrl":"https:\/\/www.deinadieu.ch\/wp-content\/uploads\/2020\/12\/TOM_HOFER_Aufmacher.jpg","keywords":["Cosa pu\u00f2 fare la mia eredit\u00e0?"],"articleSection":["Focus sulle opere caritative"],"inLanguage":"it-IT","potentialAction":[{"@type":"CommentAction","name":"Comment","target":["https:\/\/www.deinadieu.ch\/it\/tom-hofer-sono-affascinato-dal-lavorare-per-le-persone-con-le-persone\/#respond"]}]},{"@type":"WebPage","@id":"https:\/\/www.deinadieu.ch\/it\/tom-hofer-sono-affascinato-dal-lavorare-per-le-persone-con-le-persone\/","url":"https:\/\/www.deinadieu.ch\/it\/tom-hofer-sono-affascinato-dal-lavorare-per-le-persone-con-le-persone\/","name":"Tom Hofer di CO-OPERAID: Sono affascinato dal lavoro con le persone","isPartOf":{"@id":"https:\/\/www.deinadieu.ch\/it\/#website"},"primaryImageOfPage":{"@id":"https:\/\/www.deinadieu.ch\/it\/tom-hofer-sono-affascinato-dal-lavorare-per-le-persone-con-le-persone\/#primaryimage"},"image":{"@id":"https:\/\/www.deinadieu.ch\/it\/tom-hofer-sono-affascinato-dal-lavorare-per-le-persone-con-le-persone\/#primaryimage"},"thumbnailUrl":"https:\/\/www.deinadieu.ch\/wp-content\/uploads\/2020\/12\/TOM_HOFER_Aufmacher.jpg","datePublished":"2020-12-09T06:54:07+00:00","dateModified":"2022-05-22T09:10:31+00:00","description":"Milioni di bambini e giovani non hanno la possibilit\u00e0 di andare a scuola. Tom Hofer si batte per questi bambini.","breadcrumb":{"@id":"https:\/\/www.deinadieu.ch\/it\/tom-hofer-sono-affascinato-dal-lavorare-per-le-persone-con-le-persone\/#breadcrumb"},"inLanguage":"it-IT","potentialAction":[{"@type":"ReadAction","target":["https:\/\/www.deinadieu.ch\/it\/tom-hofer-sono-affascinato-dal-lavorare-per-le-persone-con-le-persone\/"]}]},{"@type":"ImageObject","inLanguage":"it-IT","@id":"https:\/\/www.deinadieu.ch\/it\/tom-hofer-sono-affascinato-dal-lavorare-per-le-persone-con-le-persone\/#primaryimage","url":"https:\/\/www.deinadieu.ch\/wp-content\/uploads\/2020\/12\/TOM_HOFER_Aufmacher.jpg","contentUrl":"https:\/\/www.deinadieu.ch\/wp-content\/uploads\/2020\/12\/TOM_HOFER_Aufmacher.jpg","width":1280,"height":720,"caption":"Tom Hofer, responsabile della raccolta fondi di donatori privati presso CO-OPERAID. (Foto: Eddy Risch)"},{"@type":"BreadcrumbList","@id":"https:\/\/www.deinadieu.ch\/it\/tom-hofer-sono-affascinato-dal-lavorare-per-le-persone-con-le-persone\/#breadcrumb","itemListElement":[{"@type":"ListItem","position":1,"name":"Home","item":"https:\/\/www.deinadieu.ch\/it\/deinadieu-dialog-und-serviceportal-zum-lebensende\/"},{"@type":"ListItem","position":2,"name":"Tom Hofer: \u00abSono affascinato dal lavoro per le persone &#8211; con le persone\u00bb"}]},{"@type":"WebSite","@id":"https:\/\/www.deinadieu.ch\/it\/#website","url":"https:\/\/www.deinadieu.ch\/it\/","name":"DeinAdieu.ch","description":"Testament, Patientenverf\u00fcgung und Vorsorgeauftrag","publisher":{"@id":"https:\/\/www.deinadieu.ch\/it\/#organization"},"potentialAction":[{"@type":"SearchAction","target":{"@type":"EntryPoint","urlTemplate":"https:\/\/www.deinadieu.ch\/it\/?s={search_term_string}"},"query-input":{"@type":"PropertyValueSpecification","valueRequired":true,"valueName":"search_term_string"}}],"inLanguage":"it-IT"},{"@type":"Organization","@id":"https:\/\/www.deinadieu.ch\/it\/#organization","name":"EMNA Web GmbH","url":"https:\/\/www.deinadieu.ch\/it\/","logo":{"@type":"ImageObject","inLanguage":"it-IT","@id":"https:\/\/www.deinadieu.ch\/it\/#\/schema\/logo\/image\/","url":"https:\/\/www.deinadieu.ch\/wp-content\/uploads\/2016\/01\/DeinAdieu_Logo.png","contentUrl":"https:\/\/www.deinadieu.ch\/wp-content\/uploads\/2016\/01\/DeinAdieu_Logo.png","width":300,"height":117,"caption":"EMNA Web GmbH"},"image":{"@id":"https:\/\/www.deinadieu.ch\/it\/#\/schema\/logo\/image\/"},"sameAs":["https:\/\/www.facebook.com\/deinadieu","https:\/\/x.com\/DeinAdieu","https:\/\/www.instagram.com\/deinadieu\/","https:\/\/www.linkedin.com\/company\/deinadieu.ch"]},{"@type":"Person","@id":"https:\/\/www.deinadieu.ch\/it\/#\/schema\/person\/47522dd97d1b840f11a7e637e69c4a82","name":"Martin Schuppli","image":{"@type":"ImageObject","inLanguage":"it-IT","@id":"https:\/\/secure.gravatar.com\/avatar\/3f6dee2a3d53d202b91ce982afc75191f59466c9d54dc61e5322d152b8eb2881?s=96&d=mm&r=g","url":"https:\/\/secure.gravatar.com\/avatar\/3f6dee2a3d53d202b91ce982afc75191f59466c9d54dc61e5322d152b8eb2881?s=96&d=mm&r=g","contentUrl":"https:\/\/secure.gravatar.com\/avatar\/3f6dee2a3d53d202b91ce982afc75191f59466c9d54dc61e5322d152b8eb2881?s=96&d=mm&r=g","caption":"Martin Schuppli"},"description":"Martin Schuppli, *1955, arbeitete w\u00e4hrend 30 Jahren als Journalist bei Ringier AG. Er begann als Produzent beim Blick, schrieb sp\u00e4ter f\u00fcr SonntagsBlick, Gesundheit-Sprechstunde und Schweizer Illustrierte. 2009 machte er sich selbstst\u00e4ndig, sagte: \u00abIch schreibe mich durchs Leben.\u00bb Seit 2015 ist Martin Schuppli zusammen mit Nicolas Gehrig, CEO und dem Team daran, das Webportal DeinAdieu aufzubauen. \u00abHier kann ich schreiben. Und zwar \u00fcber das, was die Menschen am meisten interessiert. \u00dcber Menschen.\u00bb","url":"https:\/\/www.deinadieu.ch\/it\/author\/martin\/"}]}},"_links":{"self":[{"href":"https:\/\/www.deinadieu.ch\/it\/wp-json\/wp\/v2\/posts\/49999","targetHints":{"allow":["GET"]}}],"collection":[{"href":"https:\/\/www.deinadieu.ch\/it\/wp-json\/wp\/v2\/posts"}],"about":[{"href":"https:\/\/www.deinadieu.ch\/it\/wp-json\/wp\/v2\/types\/post"}],"author":[{"embeddable":true,"href":"https:\/\/www.deinadieu.ch\/it\/wp-json\/wp\/v2\/users\/2"}],"replies":[{"embeddable":true,"href":"https:\/\/www.deinadieu.ch\/it\/wp-json\/wp\/v2\/comments?post=49999"}],"version-history":[{"count":8,"href":"https:\/\/www.deinadieu.ch\/it\/wp-json\/wp\/v2\/posts\/49999\/revisions"}],"predecessor-version":[{"id":56955,"href":"https:\/\/www.deinadieu.ch\/it\/wp-json\/wp\/v2\/posts\/49999\/revisions\/56955"}],"wp:featuredmedia":[{"embeddable":true,"href":"https:\/\/www.deinadieu.ch\/it\/wp-json\/wp\/v2\/media\/28022"}],"wp:attachment":[{"href":"https:\/\/www.deinadieu.ch\/it\/wp-json\/wp\/v2\/media?parent=49999"}],"wp:term":[{"taxonomy":"category","embeddable":true,"href":"https:\/\/www.deinadieu.ch\/it\/wp-json\/wp\/v2\/categories?post=49999"},{"taxonomy":"post_tag","embeddable":true,"href":"https:\/\/www.deinadieu.ch\/it\/wp-json\/wp\/v2\/tags?post=49999"}],"curies":[{"name":"wp","href":"https:\/\/api.w.org\/{rel}","templated":true}]}}