{"id":49299,"date":"2020-12-15T14:50:47","date_gmt":"2020-12-15T13:50:47","guid":{"rendered":"https:\/\/www.deinadieu.ch\/vorrei-ringraziare-i-testatori-mentre-sono-ancora-in-vita\/"},"modified":"2022-07-18T22:08:53","modified_gmt":"2022-07-18T20:08:53","slug":"vorrei-ringraziare-i-testatori-mentre-sono-ancora-in-vita","status":"publish","type":"post","link":"https:\/\/www.deinadieu.ch\/it\/vorrei-ringraziare-i-testatori-mentre-sono-ancora-in-vita\/","title":{"rendered":"\u201eVorrei ringraziare i testatori mentre sono ancora in vita\u201c"},"content":{"rendered":"\n<p>Manuela Daboussi entra in gioco quando qualcuno lascia in eredit\u00e0 dei soldi alla Lega contro il cancro. All&#8217;inizio, ha avuto difficolt\u00e0 con il fatto di non aver mai conosciuto queste persone. Ora attacca un cuore di carta alla parete del suo ufficio per ogni testatore. La speranza per un futuro migliore, che i defunti esprimono con un&#8217;eredit\u00e0, d\u00e0 sostegno alla quarantenne di Bienna.<\/p>\n\n<!--more-->\n\n<p>Manuela Daboussi ha gi\u00e0 affrontato teoricamente questioni relative alla giustizia, alla solidariet\u00e0 e ai valori durante gli studi di sociologia. Nella sua vita professionale \u00e8 da molti anni e con grande empatia sostenitrice del servizio alla comunit\u00e0. Da giugno Daboussi \u00e8 responsabile dell&#8217;area \u00aberedit\u00e0 e legati\u00bb presso la Lega svizzera contro il cancro. Ha gi\u00e0 scritto il suo testamento, ma vuole assolutamente parlare con la sua famiglia delle sue decisioni e nominare un&#8217;esecutrice testamentaria adatta. L&#8217;autrice di DeinAdieu Janina Gehrig ha parlato con lei del suo lavoro.<\/p>\n\n<p><strong>Come si crea il contatto con i potenziali testatori?<\/strong><\/p>\n\n<p>Spesso vengono da me quando hanno una domanda specifica sul testamento. Spesso si tratta anche di possibilit\u00e0 di vincolo con finalit\u00e0. Quindi do suggerimenti secondo i loro desideri e li consiglio. Il pi\u00f9 delle volte, tuttavia, scopro dall&#8217;autorit\u00e0 competente, l&#8217;ufficio eredit\u00e0, che qualcuno ci ha lasciato in eredit\u00e0 denaro. Purtroppo pi\u00f9 della met\u00e0 dei testatori non li conoscer\u00f2 mai perch\u00e9 non comunicano le loro intenzioni. Vorrei ringraziarli per il loro sostegno mentre sono ancora in vita.<\/p>\n\n<p><strong>Come affronta il fatto di non aver mai conosciuto i testatori?<\/strong><\/p>\n\n<p>All&#8217;inizio non mi sentivo bene. Ho pensato: ricevo posta solo quando qualcuno \u00e8 gi\u00e0 morto. La morte mette in moto una serie di processi. Ho in mano una notifica da qualcuno che lascia qualcosa, ma che non ho mai conosciuto. Ho dovuto trovare un modo per affrontarlo, per apprezzarlo comunque, per esprimere una sorta di \u00abultimo amore\u00bb per esso. Ora un post-it a forma di cuore \u00e8 attaccato al muro del mio ufficio per ogni testatore con il suo nome sopra. Molti di quelli che vengono nel mio ufficio lo notano e ne parliamo brevemente.<\/p>\n\n<p><strong>Quanti cuori di carta ci sono? <\/strong><\/p>\n\n<p>Ci sono da 30 a 40 cuori nel mio ufficio.<\/p>\n\n<figure class=\"wp-block-image size-large is-style-default\"><img loading=\"lazy\" decoding=\"async\" width=\"1024\" height=\"683\" src=\"https:\/\/www.deinadieu.ch\/wp-content\/uploads\/2020\/12\/Da_PMD_MFR4829-1024x683.jpg\" alt=\"\" class=\"wp-image-28051\" srcset=\"https:\/\/www.deinadieu.ch\/wp-content\/uploads\/2020\/12\/Da_PMD_MFR4829-1024x683.jpg 1024w, https:\/\/www.deinadieu.ch\/wp-content\/uploads\/2020\/12\/Da_PMD_MFR4829-300x200.jpg 300w, https:\/\/www.deinadieu.ch\/wp-content\/uploads\/2020\/12\/Da_PMD_MFR4829-1536x1024.jpg 1536w, https:\/\/www.deinadieu.ch\/wp-content\/uploads\/2020\/12\/Da_PMD_MFR4829-2048x1365.jpg 2048w\" sizes=\"auto, (max-width: 1024px) 100vw, 1024px\" \/><figcaption>&#8220;Io stessa ho scritto un testamento e ho preso in considerazione due organizzazioni.&#8221; \u00a9 M. Friederich<\/figcaption><\/figure>\n\n<p><strong>La gente non vuole un grazie per i soldi lasciati in eredit\u00e0?<\/strong><\/p>\n\n<p>No. Ma ora lo capisco bene. Ho scritto personalmente un testamento e ho preso in considerazione due organizzazioni. Neanche io ho il desiderio di raccontarglielo. Scrivere il testamento mi ha aiutato a schiarirmi e ad elaborare determinati sentimenti. Sono decisioni che si prendono per s\u00e9 stessi. Non c&#8217;\u00e8 bisogno di fare il passo fuori. A maggior ragione sono contenta di ogni persona che pu\u00f2 dirmi personalmente che prende in considerazione la Lega contro il cancro.<\/p>\n\n<p><strong>Avete anche a che fare con i parenti?<\/strong><\/p>\n\n<p>Raramente. Nel caso dei legati, non vi \u00e8 quasi alcun contatto con i parenti a meno che il testatore non abbia lasciato istruzioni specifiche. L&#8217;obiettivo primario \u00e8 sempre quello di attuare la volont\u00e0 del defunto insieme ai parenti all&#8217;interno del quadro giuridico. Succede che i superstiti abbiano difficolt\u00e0 ad accettare che nel testamento sia stata presa in considerazione un&#8217;organizzazione senza scopo di lucro. Questo mostra quanto sia importante parlare con la famiglia dei propri desideri finali, qualcosa che continuo a sottolineare nelle conversazioni con i testatori.<\/p>\n\n<p><strong>Riceve altri feedback riguardo il suo lavoro? <\/strong><\/p>\n\n<p>Proprio la scorsa settimana un uomo il cui padre era morto mi ha detto che sua sorella era gi\u00e0 morta di cancro. Hanno attraversato tutte le fasi del trattamento insieme come una famiglia fino a quando non c&#8217;\u00e8 stata alcuna possibilit\u00e0 di guarigione. La famiglia si sentiva ben consigliata e sostenuta dalla Lega contro il cancro con tutte le sue domande e paure, motivo per cui il padre voleva lasciare all&#8217;organizzazione un&#8217;eredit\u00e0. Il figlio ha detto che era importante per suo padre restituire qualcosa. Questa storia mi ha toccato molto. Questo \u00e8 ci\u00f2 che mi motiva a lavorare per la Lega contro il cancro.<\/p>\n\n<p><strong>In che modo la Lega contro il cancro aiuta concretamente?<\/strong><\/p>\n\n<p>Per molte persone, il mondo crolla quando vengono a sapere del cancro. Offriamo consulenza alle persone in tutti i settori della vita, ad esempio per quanto riguarda i loro diritti nei confronti dei datori di lavoro o dell&#8217;assicurazione sociale. Per noi \u00e8 importante accompagnare le persone affette da cancro in modo sensibile e specifico durante l&#8217;intero percorso del paziente e essere al loro fianco anche dopo che si sono ammalati. La Linea cancro, ad esempio, \u00e8 un&#8217;offerta di facile accesso per le persone colpite e i loro parenti. Spesso si tratta di argomenti come gestire gli effetti collaterali dei trattamenti, l&#8217;intimit\u00e0 e la sessualit\u00e0 con un partner malato o la questione di come la malattia dovrebbe essere comunicata ai bambini. Coloro che non amano telefonare possono contattare la Lega contro il cancro tramite chat o e-mail. Offriamo anche misure di prevenzione e precauzione.<\/p>\n\n<p><strong>Quanti soldi lasciano in media le persone alla Lega contro il cancro quando muoiono?<\/strong><\/p>\n\n<p>Varia molto. Ci sono legati di 500 franchi e eredit\u00e0 da due a tre milioni di franchi. Per me personalmente, l&#8217;importo non ha importanza. La dichiarazione di intenti che c&#8217;\u00e8 dietro mi tocca. Le persone associano la loro ultima volont\u00e0 alla speranza di un futuro migliore. Esprimono anche che il lavoro della Lega contro il cancro \u00e8 importante per loro.<\/p>\n\n<p><strong>Quali visioni le vengono presentate quando accettate l&#8217;eredit\u00e0 per la Lega contro il cancro? <\/strong><\/p>\n\n<p>Molto spesso le persone lasciano soldi se i loro familiari hanno avuto il cancro. La Lega contro il cancro \u00e8 un faro di speranza per loro. Le persone vogliono assolutamente che ci siano migliori possibilit\u00e0 di guarigione o una migliore diagnosi precoce. Spesso veniamo considerati da persone che sono sopravvissute ad una malattia, che hanno ricevuto aiuto da noi e poi vogliono restituire qualcosa dopo la loro morte. <\/p>\n\n<figure class=\"wp-block-image size-large is-style-default\"><img loading=\"lazy\" decoding=\"async\" width=\"1024\" height=\"683\" src=\"https:\/\/www.deinadieu.ch\/wp-content\/uploads\/2020\/12\/Da_PMD_MFR4707-1024x683.jpg\" alt=\"\" class=\"wp-image-28059\" srcset=\"https:\/\/www.deinadieu.ch\/wp-content\/uploads\/2020\/12\/Da_PMD_MFR4707-1024x683.jpg 1024w, https:\/\/www.deinadieu.ch\/wp-content\/uploads\/2020\/12\/Da_PMD_MFR4707-300x200.jpg 300w, https:\/\/www.deinadieu.ch\/wp-content\/uploads\/2020\/12\/Da_PMD_MFR4707-1536x1024.jpg 1536w, https:\/\/www.deinadieu.ch\/wp-content\/uploads\/2020\/12\/Da_PMD_MFR4707-2048x1365.jpg 2048w\" sizes=\"auto, (max-width: 1024px) 100vw, 1024px\" \/><figcaption>Manuela Daboussi lavora con passione per la Lega svizzera contro il cancro. \u00a9 M. Friederich<\/figcaption><\/figure>\n\n<p><strong>Che cosa la gente vuole vedere \u00abemergere\u00bb dai propri soldi?<\/strong><\/p>\n\n<p>Consiglio di non definire lo scopo in modo troppo restrittivo. \u00c8 possibile che alcune offerte, come un campo di arrampicata per giovani di membri della famiglia che soffrono di cancro, ad un certo punto non esistano pi\u00f9. L&#8217;80% delle donazioni ereditarie non \u00e8 destinato a uno scopo specifico. Quando viene affermato uno scopo, di solito ha a che fare con una storia personale. Recentemente, una donna ha determinato che il suo denaro debba essere usato per la questione dell&#8217;amianto. Aveva perso il marito a causa di un cancro ai polmoni. Siamo riusciti a garantire che il suo denaro venga utilizzato per la nostra area \u00abCancro e ambiente\u00bb. L\u00ec sensibilizziamo l&#8217;opinione pubblica e i politici sui pericoli delle influenze ambientali dannose.<\/p>\n\n<p><strong>La Lega svizzera contro il cancro eredita tra i cinque e gli otto milioni di franchi all&#8217;anno. Dove vanno i soldi? <\/strong><\/p>\n\n<p>La maggior parte delle entrate va in sostegno concreto alle persone colpite e ai loro parenti: materiale informativo, la Linea cancro, la consulenza, la prevenzione e la ricerca. Provate a immaginare: 41000 persone in Svizzera ogni anno si ammalano ancora di cancro. Il 64 per cento di loro \u00e8 considerato guarito dopo cinque anni. Laddove la diagnosi di cancro era la condanna a morte, oggi abbiamo gi\u00e0 ottenuto molto. Stiamo combattendo per garantire che pi\u00f9 persone possano essere curate dal cancro, motivo per cui anche le donazioni di eredit\u00e0 confluiscono in larga misura nel finanziamento della ricerca.<\/p>\n\n<p><strong>Quanto sono importanti le eredit\u00e0 per la vostra organizzazione?<\/strong><\/p>\n\n<p>Sono estremamente importanti. L&#8217;organizzazione \u00e8 finanziata al 93% da donazioni private. Non otteniamo quasi alcun finanziamento dal governo. L&#8217;eredit\u00e0 rappresenta quasi la met\u00e0 di tutte le entrate derivanti da donazioni private. Se si prende in considerazione la Lega contro il cancro, si d\u00e0 un contributo significativo per aiutare le persone affette da cancro e le loro famiglie.<\/p>\n\n<p><strong>Come \u00e8 arrivata a questa organizzazione?<\/strong><\/p>\n\n<p>Sono alla Lega contro il cancro solo da giugno di quest&#8217;anno. Mentre lavoravo per un&#8217;altra organizzazione, ho notato quanto mi piace il contatto con le persone anziane, quanto mi piace ascoltarle, consigliarle e supportarle. Vorrei aiutare a realizzare la visione della Lega contro il cancro: lavorare per un mondo in cui meno persone si ammalano di cancro o soffrono delle conseguenze del cancro.<\/p>\n\n\n        <div class=\"da-servicebox relative bg-gray-200 p-4 pt-8 border-solid border-t-8 border-da-dark mb-6\">\n            <i class=\"fas fa-info-circle mx-auto fa-7x text-da-dark\"><\/i>\n            <span style=\"hyphens: auto\">\n                <\/p>\n\n<p>La <strong><a href=\"https:\/\/www.deinadieu.ch\/it\/organizzazioni-caritatevoli\/\" target=\"_blank\" rel=\"noreferrer noopener\">Lega svizzera contro il cancro<\/a><\/strong> (anno di fondazione 1910) \u00e8 un&#8217;organizzazione senza scopo di lucro impegnata nella prevenzione del cancro, nel finanziamento della ricerca indipendente dall&#8217;industria e nel sostegno delle persone affette da cancro e dei loro parenti. Come organizzazione centrale nazionale con sede a Berna, riunisce 19 leghe cantonali e regionali. \u00c8 finanziata principalmente da donazioni ed \u00e8 certificata Zewo.<\/p>\n\n<p> \n                \n                \n            <\/span>\n        <\/div>\n        \n","protected":false},"excerpt":{"rendered":"<p>Manuela Daboussi entra in gioco quando qualcuno lascia in eredit\u00e0 dei soldi alla Lega contro il cancro. All&#8217;inizio, ha avuto difficolt\u00e0 con il fatto di non aver mai conosciuto queste persone. Ora attacca un cuore di carta alla parete del suo ufficio per ogni testatore. La speranza per un futuro migliore, che i defunti esprimono [&hellip;]<\/p>\n","protected":false},"author":6028,"featured_media":28045,"comment_status":"open","ping_status":"closed","sticky":false,"template":"","format":"standard","meta":{"_acf_changed":false,"footnotes":""},"categories":[2474],"tags":[2522,2532,3366,2312,2539,2541],"class_list":["post-49299","post","type-post","status-publish","format-standard","has-post-thumbnail","hentry","category-opere-caritative","tag-cosa-puo-fare-la-mia-eredita","tag-eredita-e-legati","tag-fondazione-zewo","tag-legato","tag-parenti","tag-testatore"],"acf":[],"yoast_head":"<title>Intervista a Manuela Daboussi della Lega contro il cancro | DeinAdieu<\/title>\n<meta name=\"description\" content=\"Manuela Daboussi entra in gioco quando qualcuno lascia in eredit\u00e0 dei soldi alla Lega contro il cancro. All&#039;inizio, ha avuto difficolt\u00e0 con il fatto di non aver mai conosciuto queste persone.\" \/>\n<meta name=\"robots\" content=\"index, follow, max-snippet:-1, max-image-preview:large, max-video-preview:-1\" \/>\n<link rel=\"canonical\" href=\"https:\/\/www.deinadieu.ch\/it\/vorrei-ringraziare-i-testatori-mentre-sono-ancora-in-vita\/\" \/>\n<meta property=\"og:locale\" content=\"it_IT\" \/>\n<meta property=\"og:type\" content=\"article\" \/>\n<meta property=\"og:title\" content=\"\u201eVorrei ringraziare i testatori mentre sono ancora in vita\u201c\" \/>\n<meta property=\"og:description\" content=\"Manuela Daboussi entra in gioco quando qualcuno lascia in eredit\u00e0 dei soldi alla Lega contro il cancro. All&#039;inizio, ha avuto difficolt\u00e0 con il fatto di\" \/>\n<meta property=\"og:url\" content=\"https:\/\/www.deinadieu.ch\/it\/vorrei-ringraziare-i-testatori-mentre-sono-ancora-in-vita\/\" \/>\n<meta property=\"og:site_name\" content=\"DeinAdieu.ch\" \/>\n<meta property=\"article:publisher\" content=\"https:\/\/www.facebook.com\/deinadieu\" \/>\n<meta property=\"article:published_time\" content=\"2020-12-15T13:50:47+00:00\" \/>\n<meta property=\"article:modified_time\" content=\"2022-07-18T20:08:53+00:00\" \/>\n<meta property=\"og:image\" content=\"https:\/\/static.deinadieu.ch\/uploads\/2020\/12\/Da_PMD_MFR4689-scaled.jpg\" \/>\n\t<meta property=\"og:image:width\" content=\"2560\" \/>\n\t<meta property=\"og:image:height\" content=\"1707\" \/>\n\t<meta property=\"og:image:type\" content=\"image\/jpeg\" \/>\n<meta name=\"author\" content=\"Janina Gehrig, MA UZH, Redaktorin\" \/>\n<meta name=\"twitter:card\" content=\"summary_large_image\" \/>\n<meta name=\"twitter:creator\" content=\"@DeinAdieu\" \/>\n<meta name=\"twitter:site\" content=\"@DeinAdieu\" \/>\n<meta name=\"twitter:label1\" content=\"Written by\" \/>\n\t<meta name=\"twitter:data1\" content=\"Janina Gehrig, MA UZH, Redaktorin\" \/>\n\t<meta name=\"twitter:label2\" content=\"Est. reading time\" \/>\n\t<meta name=\"twitter:data2\" content=\"7 minutes\" \/>\n<script type=\"application\/ld+json\" class=\"yoast-schema-graph\">{\"@context\":\"https:\\\/\\\/schema.org\",\"@graph\":[{\"@type\":\"Article\",\"@id\":\"https:\\\/\\\/www.deinadieu.ch\\\/it\\\/vorrei-ringraziare-i-testatori-mentre-sono-ancora-in-vita\\\/#article\",\"isPartOf\":{\"@id\":\"https:\\\/\\\/www.deinadieu.ch\\\/it\\\/vorrei-ringraziare-i-testatori-mentre-sono-ancora-in-vita\\\/\"},\"author\":{\"name\":\"Janina Gehrig, MA UZH, Redaktorin\",\"@id\":\"https:\\\/\\\/www.deinadieu.ch\\\/it\\\/#\\\/schema\\\/person\\\/78cffe1cb679e17f919e3d0c0e7b9673\"},\"headline\":\"\u201eVorrei ringraziare i testatori mentre sono ancora in vita\u201c\",\"datePublished\":\"2020-12-15T13:50:47+00:00\",\"dateModified\":\"2022-07-18T20:08:53+00:00\",\"mainEntityOfPage\":{\"@id\":\"https:\\\/\\\/www.deinadieu.ch\\\/it\\\/vorrei-ringraziare-i-testatori-mentre-sono-ancora-in-vita\\\/\"},\"wordCount\":1471,\"commentCount\":0,\"publisher\":{\"@id\":\"https:\\\/\\\/www.deinadieu.ch\\\/it\\\/#organization\"},\"image\":{\"@id\":\"https:\\\/\\\/www.deinadieu.ch\\\/it\\\/vorrei-ringraziare-i-testatori-mentre-sono-ancora-in-vita\\\/#primaryimage\"},\"thumbnailUrl\":\"https:\\\/\\\/www.deinadieu.ch\\\/wp-content\\\/uploads\\\/2020\\\/12\\\/Da_PMD_MFR4689-scaled.jpg\",\"keywords\":[\"Cosa pu\u00f2 fare la mia eredit\u00e0?\",\"Eredit\u00e0 e legati\",\"Fondazione Zewo\",\"Legato\",\"Parenti\",\"Testatore\"],\"articleSection\":[\"Focus sulle opere caritative\"],\"inLanguage\":\"it-IT\",\"potentialAction\":[{\"@type\":\"CommentAction\",\"name\":\"Comment\",\"target\":[\"https:\\\/\\\/www.deinadieu.ch\\\/it\\\/vorrei-ringraziare-i-testatori-mentre-sono-ancora-in-vita\\\/#respond\"]}]},{\"@type\":\"WebPage\",\"@id\":\"https:\\\/\\\/www.deinadieu.ch\\\/it\\\/vorrei-ringraziare-i-testatori-mentre-sono-ancora-in-vita\\\/\",\"url\":\"https:\\\/\\\/www.deinadieu.ch\\\/it\\\/vorrei-ringraziare-i-testatori-mentre-sono-ancora-in-vita\\\/\",\"name\":\"Intervista a Manuela Daboussi della Lega contro il cancro | DeinAdieu\",\"isPartOf\":{\"@id\":\"https:\\\/\\\/www.deinadieu.ch\\\/it\\\/#website\"},\"primaryImageOfPage\":{\"@id\":\"https:\\\/\\\/www.deinadieu.ch\\\/it\\\/vorrei-ringraziare-i-testatori-mentre-sono-ancora-in-vita\\\/#primaryimage\"},\"image\":{\"@id\":\"https:\\\/\\\/www.deinadieu.ch\\\/it\\\/vorrei-ringraziare-i-testatori-mentre-sono-ancora-in-vita\\\/#primaryimage\"},\"thumbnailUrl\":\"https:\\\/\\\/www.deinadieu.ch\\\/wp-content\\\/uploads\\\/2020\\\/12\\\/Da_PMD_MFR4689-scaled.jpg\",\"datePublished\":\"2020-12-15T13:50:47+00:00\",\"dateModified\":\"2022-07-18T20:08:53+00:00\",\"description\":\"Manuela Daboussi entra in gioco quando qualcuno lascia in eredit\u00e0 dei soldi alla Lega contro il cancro. All'inizio, ha avuto difficolt\u00e0 con il fatto di non aver mai conosciuto queste persone.\",\"breadcrumb\":{\"@id\":\"https:\\\/\\\/www.deinadieu.ch\\\/it\\\/vorrei-ringraziare-i-testatori-mentre-sono-ancora-in-vita\\\/#breadcrumb\"},\"inLanguage\":\"it-IT\",\"potentialAction\":[{\"@type\":\"ReadAction\",\"target\":[\"https:\\\/\\\/www.deinadieu.ch\\\/it\\\/vorrei-ringraziare-i-testatori-mentre-sono-ancora-in-vita\\\/\"]}]},{\"@type\":\"ImageObject\",\"inLanguage\":\"it-IT\",\"@id\":\"https:\\\/\\\/www.deinadieu.ch\\\/it\\\/vorrei-ringraziare-i-testatori-mentre-sono-ancora-in-vita\\\/#primaryimage\",\"url\":\"https:\\\/\\\/www.deinadieu.ch\\\/wp-content\\\/uploads\\\/2020\\\/12\\\/Da_PMD_MFR4689-scaled.jpg\",\"contentUrl\":\"https:\\\/\\\/www.deinadieu.ch\\\/wp-content\\\/uploads\\\/2020\\\/12\\\/Da_PMD_MFR4689-scaled.jpg\",\"width\":2560,\"height\":1707,\"caption\":\"Manuela Daboussi, responsabile eredit\u00e0 e legati, Lega svizzera contro il cancro. \u00a9 Manu Friederich\"},{\"@type\":\"BreadcrumbList\",\"@id\":\"https:\\\/\\\/www.deinadieu.ch\\\/it\\\/vorrei-ringraziare-i-testatori-mentre-sono-ancora-in-vita\\\/#breadcrumb\",\"itemListElement\":[{\"@type\":\"ListItem\",\"position\":1,\"name\":\"Home\",\"item\":\"https:\\\/\\\/www.deinadieu.ch\\\/it\\\/deinadieu-dialog-und-serviceportal-zum-lebensende\\\/\"},{\"@type\":\"ListItem\",\"position\":2,\"name\":\"\u201eVorrei ringraziare i testatori mentre sono ancora in vita\u201c\"}]},{\"@type\":\"WebSite\",\"@id\":\"https:\\\/\\\/www.deinadieu.ch\\\/it\\\/#website\",\"url\":\"https:\\\/\\\/www.deinadieu.ch\\\/it\\\/\",\"name\":\"DeinAdieu.ch\",\"description\":\"Testament, Patientenverf\u00fcgung und Vorsorgeauftrag\",\"publisher\":{\"@id\":\"https:\\\/\\\/www.deinadieu.ch\\\/it\\\/#organization\"},\"potentialAction\":[{\"@type\":\"SearchAction\",\"target\":{\"@type\":\"EntryPoint\",\"urlTemplate\":\"https:\\\/\\\/www.deinadieu.ch\\\/it\\\/?s={search_term_string}\"},\"query-input\":{\"@type\":\"PropertyValueSpecification\",\"valueRequired\":true,\"valueName\":\"search_term_string\"}}],\"inLanguage\":\"it-IT\"},{\"@type\":\"Organization\",\"@id\":\"https:\\\/\\\/www.deinadieu.ch\\\/it\\\/#organization\",\"name\":\"EMNA Web GmbH\",\"url\":\"https:\\\/\\\/www.deinadieu.ch\\\/it\\\/\",\"logo\":{\"@type\":\"ImageObject\",\"inLanguage\":\"it-IT\",\"@id\":\"https:\\\/\\\/www.deinadieu.ch\\\/it\\\/#\\\/schema\\\/logo\\\/image\\\/\",\"url\":\"https:\\\/\\\/www.deinadieu.ch\\\/wp-content\\\/uploads\\\/2016\\\/01\\\/DeinAdieu_Logo.png\",\"contentUrl\":\"https:\\\/\\\/www.deinadieu.ch\\\/wp-content\\\/uploads\\\/2016\\\/01\\\/DeinAdieu_Logo.png\",\"width\":300,\"height\":117,\"caption\":\"EMNA Web GmbH\"},\"image\":{\"@id\":\"https:\\\/\\\/www.deinadieu.ch\\\/it\\\/#\\\/schema\\\/logo\\\/image\\\/\"},\"sameAs\":[\"https:\\\/\\\/www.facebook.com\\\/deinadieu\",\"https:\\\/\\\/x.com\\\/DeinAdieu\",\"https:\\\/\\\/www.instagram.com\\\/deinadieu\\\/\",\"https:\\\/\\\/www.linkedin.com\\\/company\\\/deinadieu.ch\"]},{\"@type\":\"Person\",\"@id\":\"https:\\\/\\\/www.deinadieu.ch\\\/it\\\/#\\\/schema\\\/person\\\/78cffe1cb679e17f919e3d0c0e7b9673\",\"name\":\"Janina Gehrig, MA UZH, Redaktorin\",\"image\":{\"@type\":\"ImageObject\",\"inLanguage\":\"it-IT\",\"@id\":\"https:\\\/\\\/secure.gravatar.com\\\/avatar\\\/8bfc4dca12cd7c0a0373c12f34587d1f6a6117903e7ecc0035863bd69df6fb07?s=96&d=mm&r=g\",\"url\":\"https:\\\/\\\/secure.gravatar.com\\\/avatar\\\/8bfc4dca12cd7c0a0373c12f34587d1f6a6117903e7ecc0035863bd69df6fb07?s=96&d=mm&r=g\",\"contentUrl\":\"https:\\\/\\\/secure.gravatar.com\\\/avatar\\\/8bfc4dca12cd7c0a0373c12f34587d1f6a6117903e7ecc0035863bd69df6fb07?s=96&d=mm&r=g\",\"caption\":\"Janina Gehrig, MA UZH, Redaktorin\"},\"url\":\"https:\\\/\\\/www.deinadieu.ch\\\/it\\\/author\\\/janinagehrig\\\/\"}]}<\/script>","yoast_head_json":{"title":"Intervista a Manuela Daboussi della Lega contro il cancro | DeinAdieu","description":"Manuela Daboussi entra in gioco quando qualcuno lascia in eredit\u00e0 dei soldi alla Lega contro il cancro. All'inizio, ha avuto difficolt\u00e0 con il fatto di non aver mai conosciuto queste persone.","robots":{"index":"index","follow":"follow","max-snippet":"max-snippet:-1","max-image-preview":"max-image-preview:large","max-video-preview":"max-video-preview:-1"},"canonical":"https:\/\/www.deinadieu.ch\/it\/vorrei-ringraziare-i-testatori-mentre-sono-ancora-in-vita\/","og_locale":"it_IT","og_type":"article","og_title":"\u201eVorrei ringraziare i testatori mentre sono ancora in vita\u201c","og_description":"Manuela Daboussi entra in gioco quando qualcuno lascia in eredit\u00e0 dei soldi alla Lega contro il cancro. All'inizio, ha avuto difficolt\u00e0 con il fatto di","og_url":"https:\/\/www.deinadieu.ch\/it\/vorrei-ringraziare-i-testatori-mentre-sono-ancora-in-vita\/","og_site_name":"DeinAdieu.ch","article_publisher":"https:\/\/www.facebook.com\/deinadieu","article_published_time":"2020-12-15T13:50:47+00:00","article_modified_time":"2022-07-18T20:08:53+00:00","og_image":[{"width":2560,"height":1707,"url":"https:\/\/static.deinadieu.ch\/uploads\/2020\/12\/Da_PMD_MFR4689-scaled.jpg","type":"image\/jpeg"}],"author":"Janina Gehrig, MA UZH, Redaktorin","twitter_card":"summary_large_image","twitter_creator":"@DeinAdieu","twitter_site":"@DeinAdieu","twitter_misc":{"Written by":"Janina Gehrig, MA UZH, Redaktorin","Est. reading time":"7 minutes"},"schema":{"@context":"https:\/\/schema.org","@graph":[{"@type":"Article","@id":"https:\/\/www.deinadieu.ch\/it\/vorrei-ringraziare-i-testatori-mentre-sono-ancora-in-vita\/#article","isPartOf":{"@id":"https:\/\/www.deinadieu.ch\/it\/vorrei-ringraziare-i-testatori-mentre-sono-ancora-in-vita\/"},"author":{"name":"Janina Gehrig, MA UZH, Redaktorin","@id":"https:\/\/www.deinadieu.ch\/it\/#\/schema\/person\/78cffe1cb679e17f919e3d0c0e7b9673"},"headline":"\u201eVorrei ringraziare i testatori mentre sono ancora in vita\u201c","datePublished":"2020-12-15T13:50:47+00:00","dateModified":"2022-07-18T20:08:53+00:00","mainEntityOfPage":{"@id":"https:\/\/www.deinadieu.ch\/it\/vorrei-ringraziare-i-testatori-mentre-sono-ancora-in-vita\/"},"wordCount":1471,"commentCount":0,"publisher":{"@id":"https:\/\/www.deinadieu.ch\/it\/#organization"},"image":{"@id":"https:\/\/www.deinadieu.ch\/it\/vorrei-ringraziare-i-testatori-mentre-sono-ancora-in-vita\/#primaryimage"},"thumbnailUrl":"https:\/\/www.deinadieu.ch\/wp-content\/uploads\/2020\/12\/Da_PMD_MFR4689-scaled.jpg","keywords":["Cosa pu\u00f2 fare la mia eredit\u00e0?","Eredit\u00e0 e legati","Fondazione Zewo","Legato","Parenti","Testatore"],"articleSection":["Focus sulle opere caritative"],"inLanguage":"it-IT","potentialAction":[{"@type":"CommentAction","name":"Comment","target":["https:\/\/www.deinadieu.ch\/it\/vorrei-ringraziare-i-testatori-mentre-sono-ancora-in-vita\/#respond"]}]},{"@type":"WebPage","@id":"https:\/\/www.deinadieu.ch\/it\/vorrei-ringraziare-i-testatori-mentre-sono-ancora-in-vita\/","url":"https:\/\/www.deinadieu.ch\/it\/vorrei-ringraziare-i-testatori-mentre-sono-ancora-in-vita\/","name":"Intervista a Manuela Daboussi della Lega contro il cancro | DeinAdieu","isPartOf":{"@id":"https:\/\/www.deinadieu.ch\/it\/#website"},"primaryImageOfPage":{"@id":"https:\/\/www.deinadieu.ch\/it\/vorrei-ringraziare-i-testatori-mentre-sono-ancora-in-vita\/#primaryimage"},"image":{"@id":"https:\/\/www.deinadieu.ch\/it\/vorrei-ringraziare-i-testatori-mentre-sono-ancora-in-vita\/#primaryimage"},"thumbnailUrl":"https:\/\/www.deinadieu.ch\/wp-content\/uploads\/2020\/12\/Da_PMD_MFR4689-scaled.jpg","datePublished":"2020-12-15T13:50:47+00:00","dateModified":"2022-07-18T20:08:53+00:00","description":"Manuela Daboussi entra in gioco quando qualcuno lascia in eredit\u00e0 dei soldi alla Lega contro il cancro. All'inizio, ha avuto difficolt\u00e0 con il fatto di non aver mai conosciuto queste persone.","breadcrumb":{"@id":"https:\/\/www.deinadieu.ch\/it\/vorrei-ringraziare-i-testatori-mentre-sono-ancora-in-vita\/#breadcrumb"},"inLanguage":"it-IT","potentialAction":[{"@type":"ReadAction","target":["https:\/\/www.deinadieu.ch\/it\/vorrei-ringraziare-i-testatori-mentre-sono-ancora-in-vita\/"]}]},{"@type":"ImageObject","inLanguage":"it-IT","@id":"https:\/\/www.deinadieu.ch\/it\/vorrei-ringraziare-i-testatori-mentre-sono-ancora-in-vita\/#primaryimage","url":"https:\/\/www.deinadieu.ch\/wp-content\/uploads\/2020\/12\/Da_PMD_MFR4689-scaled.jpg","contentUrl":"https:\/\/www.deinadieu.ch\/wp-content\/uploads\/2020\/12\/Da_PMD_MFR4689-scaled.jpg","width":2560,"height":1707,"caption":"Manuela Daboussi, responsabile eredit\u00e0 e legati, Lega svizzera contro il cancro. \u00a9 Manu Friederich"},{"@type":"BreadcrumbList","@id":"https:\/\/www.deinadieu.ch\/it\/vorrei-ringraziare-i-testatori-mentre-sono-ancora-in-vita\/#breadcrumb","itemListElement":[{"@type":"ListItem","position":1,"name":"Home","item":"https:\/\/www.deinadieu.ch\/it\/deinadieu-dialog-und-serviceportal-zum-lebensende\/"},{"@type":"ListItem","position":2,"name":"\u201eVorrei ringraziare i testatori mentre sono ancora in vita\u201c"}]},{"@type":"WebSite","@id":"https:\/\/www.deinadieu.ch\/it\/#website","url":"https:\/\/www.deinadieu.ch\/it\/","name":"DeinAdieu.ch","description":"Testament, Patientenverf\u00fcgung und Vorsorgeauftrag","publisher":{"@id":"https:\/\/www.deinadieu.ch\/it\/#organization"},"potentialAction":[{"@type":"SearchAction","target":{"@type":"EntryPoint","urlTemplate":"https:\/\/www.deinadieu.ch\/it\/?s={search_term_string}"},"query-input":{"@type":"PropertyValueSpecification","valueRequired":true,"valueName":"search_term_string"}}],"inLanguage":"it-IT"},{"@type":"Organization","@id":"https:\/\/www.deinadieu.ch\/it\/#organization","name":"EMNA Web GmbH","url":"https:\/\/www.deinadieu.ch\/it\/","logo":{"@type":"ImageObject","inLanguage":"it-IT","@id":"https:\/\/www.deinadieu.ch\/it\/#\/schema\/logo\/image\/","url":"https:\/\/www.deinadieu.ch\/wp-content\/uploads\/2016\/01\/DeinAdieu_Logo.png","contentUrl":"https:\/\/www.deinadieu.ch\/wp-content\/uploads\/2016\/01\/DeinAdieu_Logo.png","width":300,"height":117,"caption":"EMNA Web GmbH"},"image":{"@id":"https:\/\/www.deinadieu.ch\/it\/#\/schema\/logo\/image\/"},"sameAs":["https:\/\/www.facebook.com\/deinadieu","https:\/\/x.com\/DeinAdieu","https:\/\/www.instagram.com\/deinadieu\/","https:\/\/www.linkedin.com\/company\/deinadieu.ch"]},{"@type":"Person","@id":"https:\/\/www.deinadieu.ch\/it\/#\/schema\/person\/78cffe1cb679e17f919e3d0c0e7b9673","name":"Janina Gehrig, MA UZH, Redaktorin","image":{"@type":"ImageObject","inLanguage":"it-IT","@id":"https:\/\/secure.gravatar.com\/avatar\/8bfc4dca12cd7c0a0373c12f34587d1f6a6117903e7ecc0035863bd69df6fb07?s=96&d=mm&r=g","url":"https:\/\/secure.gravatar.com\/avatar\/8bfc4dca12cd7c0a0373c12f34587d1f6a6117903e7ecc0035863bd69df6fb07?s=96&d=mm&r=g","contentUrl":"https:\/\/secure.gravatar.com\/avatar\/8bfc4dca12cd7c0a0373c12f34587d1f6a6117903e7ecc0035863bd69df6fb07?s=96&d=mm&r=g","caption":"Janina Gehrig, MA UZH, Redaktorin"},"url":"https:\/\/www.deinadieu.ch\/it\/author\/janinagehrig\/"}]}},"_links":{"self":[{"href":"https:\/\/www.deinadieu.ch\/it\/wp-json\/wp\/v2\/posts\/49299","targetHints":{"allow":["GET"]}}],"collection":[{"href":"https:\/\/www.deinadieu.ch\/it\/wp-json\/wp\/v2\/posts"}],"about":[{"href":"https:\/\/www.deinadieu.ch\/it\/wp-json\/wp\/v2\/types\/post"}],"author":[{"embeddable":true,"href":"https:\/\/www.deinadieu.ch\/it\/wp-json\/wp\/v2\/users\/6028"}],"replies":[{"embeddable":true,"href":"https:\/\/www.deinadieu.ch\/it\/wp-json\/wp\/v2\/comments?post=49299"}],"version-history":[{"count":10,"href":"https:\/\/www.deinadieu.ch\/it\/wp-json\/wp\/v2\/posts\/49299\/revisions"}],"predecessor-version":[{"id":59491,"href":"https:\/\/www.deinadieu.ch\/it\/wp-json\/wp\/v2\/posts\/49299\/revisions\/59491"}],"wp:featuredmedia":[{"embeddable":true,"href":"https:\/\/www.deinadieu.ch\/it\/wp-json\/wp\/v2\/media\/28045"}],"wp:attachment":[{"href":"https:\/\/www.deinadieu.ch\/it\/wp-json\/wp\/v2\/media?parent=49299"}],"wp:term":[{"taxonomy":"category","embeddable":true,"href":"https:\/\/www.deinadieu.ch\/it\/wp-json\/wp\/v2\/categories?post=49299"},{"taxonomy":"post_tag","embeddable":true,"href":"https:\/\/www.deinadieu.ch\/it\/wp-json\/wp\/v2\/tags?post=49299"}],"curies":[{"name":"wp","href":"https:\/\/api.w.org\/{rel}","templated":true}]}}