{"id":49287,"date":"2021-01-08T11:21:53","date_gmt":"2021-01-08T10:21:53","guid":{"rendered":"https:\/\/www.deinadieu.ch\/marc-il-tuo-ottimismo-mi-da-forza-per-la-vita\/"},"modified":"2024-03-25T15:27:22","modified_gmt":"2024-03-25T14:27:22","slug":"marc-il-tuo-ottimismo-mi-da-forza-per-la-vita","status":"publish","type":"post","link":"https:\/\/www.deinadieu.ch\/it\/marc-il-tuo-ottimismo-mi-da-forza-per-la-vita\/","title":{"rendered":"\u00abMarc, il tuo ottimismo mi d\u00e0 forza per la vita\u00bb"},"content":{"rendered":"\n<p>L&#8217;autore di DeinAdieu Martin Schuppli ha incontrato Marc, che ha una malattia muscolare, alla Fondazione Mathilde Escher. \u00c8 una delle persone pi\u00f9 anziane con questa malattia terminale. Questo incontro ha lasciato un segno. \u00abSono rimasto profondamente colpito dal tuo carisma pieno di speranza\u00bb, dice l&#8217;autore.<\/p>\n\n<!--more-->\n\n<p>Questa intervista alla Fondazione Mathilde Escher era nella mia mente gi\u00e0 giorni prima dell&#8217;appuntamento. Sapevo che incontrer\u00f2 Marc, 48 anni. Da anni vive nella Fondazione Mathilde Escher. Come sta, mi chiedo. Come affronta la vita? \u00c8 triste, persino deluso dalla vita? Ero insicuro e mi \u00e8 subito stato mostrato il contrario. <\/p>\n\n<p>Marc entra nell&#8217;ufficio di Lukas Fischer, responsabile della comunicazione e dell&#8217;officina grafica della Fondazione, a bordo di un potente veicolo. Marc usa la sua sedia a rotelle elettrica in modo pratico sul posto, parcheggia vicino al tiglio d&#8217;appartamento e ci sorride. Ricambio il sorriso \u2013 dietro la mascherina.<\/p>\n\n<p>Marc indossa jeans scoloriti e un maglione blu. Un anello poco appariscente brilla sul suo orecchio sinistro, i suoi capelli sono grigio argento, cos\u00ec come la sua barba sottile. D\u00e0 risposte silenziose alle mie domande e fa delle pause. Cerco di parlare chiaramente nonostante la mascherina. <\/p>\n\n<p>Ha detto che aveva sei anni quando i suoi genitori lo hanno portato all&#8217;ospedale cantonale di Aarau, dove ha dovuto sottoporsi a una biopsia muscolare. Era quindi chiaro che il bambino soffriva di una malattia neuromuscolare. \u00abQueste spesso portano a limitazioni fisiche e ad una ridotta aspettativa di vita.\u00bb <\/p>\n\n<figure class=\"wp-block-image size-large is-style-default\"><img loading=\"lazy\" decoding=\"async\" width=\"1024\" height=\"576\" src=\"https:\/\/www.deinadieu.ch\/wp-content\/uploads\/2021\/01\/BLOG_MES_MarcvonArx_Portraet1_a-1024x576.jpg\" alt=\"Marc von Arx, malato muscolare\" class=\"wp-image-28390\" srcset=\"https:\/\/www.deinadieu.ch\/wp-content\/uploads\/2021\/01\/BLOG_MES_MarcvonArx_Portraet1_a-1024x576.jpg 1024w, https:\/\/www.deinadieu.ch\/wp-content\/uploads\/2021\/01\/BLOG_MES_MarcvonArx_Portraet1_a-300x169.jpg 300w, https:\/\/www.deinadieu.ch\/wp-content\/uploads\/2021\/01\/BLOG_MES_MarcvonArx_Portraet1_a.jpg 1280w\" sizes=\"auto, (max-width: 1024px) 100vw, 1024px\" \/><figcaption>\u00abLa Fondazione Mathilde Escher mi d\u00e0 la forza di condurre la vita con successo. E questo mi d\u00e0 ottimismo\u00bb, afferma Marc. (Foto: Paolo Foschini)<\/figcaption><\/figure>\n\n<h2 class=\"wp-block-heading\" id=\"h-fr-her-besuchte-ich-fast-jedes-zsc-heimspiel\">\u00abUn tempo andavo a quasi tutte le partite del ZSC giocate in casa\u00bb<\/h2>\n\n<p>La malattia neuromuscolare pi\u00f9 comune nei bambini \u00e8 la distrofia muscolare di Duchenne. Un bambino su 3500 \u00e8 affetto da questa malattia. La Fondazione Mathilde Escher \u00e8 specializzata da molti anni nella cura delle persone affette da distrofia muscolare di Duchenne.<\/p>\n\n<p>Marc \u00e8 una delle persone pi\u00f9 anziane al mondo con questa malattia muscolare terminale. Da 30 anni vive nella Fondazione Mathilde Escher e ha dovuto dire addio a cari colleghi diverse volte. <\/p>\n\n<p>Cosa ha provocato questo in te? \u00abSe era un buon collega\u00bb, dice Marc, \u00absono in lutto. E poi \u00e8 finita. Mettere da parte il dolore non va bene. Quindi sono triste per un po&#8217;, poi la vita va avanti. Sempre avanti.\u00bb <\/p>\n\n<p>Lo dice con calma e cautamente. Un sorriso gli accarezza le labbra. Voglio sapere come e dove prende la gioia di vivere e l&#8217;ottimismo? E la risposta di Marc non mi lascia perplesso. \u00abLa Fondazione Mathilde Escher mi d\u00e0 la forza di condurre la vita con successo. E questo mi d\u00e0 ottimismo.\u00bb Si prende una pausa. Dice: \u00abNon faccio pi\u00f9 cos\u00ec tanto come una volta, nel 2003 ho smesso di lavorare. Io e mio cugino facevamo la contabilit\u00e0 per i colleghi che avevano aperto un&#8217;attivit\u00e0. Un \u2039Lade zum L\u00e4be\u203a. Vendevano prodotti biologici e shisha. Prima di allora, ho lavorato nel centro uffici della Fondazione Mathilde Escher, occupandomi di grafica.\u00bb <\/p>\n\n<p>Marc \u00e8 un grande fan di hockey. \u00abC&#8217;\u00e8 stato un periodo in cui sono andato praticamente a tutte le partite del ZSC giocate in casa. Sono andato anche in trasferta.\u00bb L&#8217;uomo \u00e8 raggiante. Racconta con entusiasmo come lo \u2039Zett\u203a era dietro 0:4 contro lo Zugo e alla fine ha vinto 6:4. \u00abOppure l&#8217;anno scorso ho visto la prima partita del ZSC contro il Davos. Abbiamo vinto 6:2. Questo era pesante. L&#8217;intera Villa \u00e8 venuta alla partita. \u00c8 stato molto divertente.\u00bb<\/p>\n\n<figure class=\"wp-block-image size-large is-style-default\"><img loading=\"lazy\" decoding=\"async\" width=\"1024\" height=\"576\" src=\"https:\/\/www.deinadieu.ch\/wp-content\/uploads\/2021\/01\/BLOG_MarcvonArx_Finger_a-1024x576.jpg\" alt=\"Le punte delle dita manovrano la sedia a rotelle\" class=\"wp-image-28378\" srcset=\"https:\/\/www.deinadieu.ch\/wp-content\/uploads\/2021\/01\/BLOG_MarcvonArx_Finger_a-1024x576.jpg 1024w, https:\/\/www.deinadieu.ch\/wp-content\/uploads\/2021\/01\/BLOG_MarcvonArx_Finger_a-300x169.jpg 300w, https:\/\/www.deinadieu.ch\/wp-content\/uploads\/2021\/01\/BLOG_MarcvonArx_Finger_a.jpg 1280w\" sizes=\"auto, (max-width: 1024px) 100vw, 1024px\" \/><figcaption>Marc controlla il suo veicolo con le dita della mano destra. Il tubo aiuta a respirare. (Foto: Paolo Foschini)<\/figcaption><\/figure>\n\n<h2 class=\"wp-block-heading\" id=\"h-marc-spielte-in-australien-an-der-powerchair-hockey-wm\">Marc ha giocato alla Powerchair-Hockey-WM in Australia <\/h2>\n\n<p>Il 48enne non \u00e8 solo entusiasta dell&#8217;hockey. No, ha giocato per anni a questo veloce gioco con la sua sedia a rotelle elettrica. \u00abSono rimasto affascinato da questo sport nel 1988 mentre lo provavo nella caserma di Zurigo, dove fu temporaneamente ospitata la Fondazione Mathilde Escher durante una ristrutturazione. Inizialmente avrebbero giocato con le normali sedie a rotelle. Non c&#8217;erano nemmeno sedie a rotelle sportive all&#8217;estero. \u00abHo visto la prima in Germania. C&#8217;era seduta una donna. E cos\u00ec abbiamo iniziato ad armeggiare. Il custode ha realizzato per noi pale speciali in metallo. Ogni tanto doveva riparare le nostre sedie a rotelle perch\u00e9 nei duelli duri si scheggiavano le pedane o si rompevano i cardini.\u00bb<\/p>\n\n<p>La passione di Marc per l&#8217;hockey lo ha portato in Australia nel 1991, dove ha preso parte al campionato mondiale di hockey su sedia a rotelle elettrica a Brisbane con la nazionale svizzera. \u00abEravamo sette giocatori e lo stesso numero di assistenti. Una bella esperienza, queste due settimane a Downunder.\u00bb Marc \u00e8 raggiante. Dopo essere tornato a casa, stava felicemente sdraiato nel suo letto e rifletteva su quei giorni. \u00abHo viaggiato da Gold Coast a Gold Coast, ho visto serpenti, koala e canguri e ho incontrato persone fantastiche.\u00bb In termini di sport, \u00e8 stato anche un successo. Gli svizzeri si classificarono quarti in questo campionato mondiale di hockey su sedia a rotelle. Marc dice che era un attaccante temuto durante i suoi giorni di gioco.\u00bb Ride e dice che anche le cadute fanno parte del business. <\/p>\n\n<figure class=\"wp-block-image size-large is-style-default\"><img loading=\"lazy\" decoding=\"async\" width=\"1024\" height=\"576\" src=\"https:\/\/www.deinadieu.ch\/wp-content\/uploads\/2021\/01\/BLOG_MarcvonArx_LukasFischer_MSa-1024x576.jpg\" alt=\"Lukas Fischer, Marc von Arx, Martin Schuppli\" class=\"wp-image-28382\" srcset=\"https:\/\/www.deinadieu.ch\/wp-content\/uploads\/2021\/01\/BLOG_MarcvonArx_LukasFischer_MSa-1024x576.jpg 1024w, https:\/\/www.deinadieu.ch\/wp-content\/uploads\/2021\/01\/BLOG_MarcvonArx_LukasFischer_MSa-300x169.jpg 300w, https:\/\/www.deinadieu.ch\/wp-content\/uploads\/2021\/01\/BLOG_MarcvonArx_LukasFischer_MSa.jpg 1280w\" sizes=\"auto, (max-width: 1024px) 100vw, 1024px\" \/><figcaption>Poich\u00e9 Marc vive isolato nella Fondazione Mathilde Escher, non indossa una mascherina. Lukas Fischer (a sinistra) e Martin Schuppli si tolgono le mascherine per la foto e mantengono una distanza sufficiente. (Foto: Paolo Foschini)<\/figcaption><\/figure>\n\n<h2 class=\"wp-block-heading\" id=\"h-ich-m-chte-unbedingt-einmal-auf-den-etliberg\">\u00abVoglio davvero andare sull&#8217;Uetliberg una volta\u00bb<\/h2>\n\n<p>Il nostro tempo di conversazione sta per scadere. Chiedo a Marc cosa desidera, quali piani e progetti ha. C&#8217;\u00e8 silenzio nella stanza. L&#8217;uomo pensa a lungo. \u00abVoglio restare in salute e andare una volta sull&#8217;Uetliberg. Non sono mai stato l\u00ec.\u00bb Ride e dice che vorrebbe una vaccinazione contro il virus Covid-19 il prima possibile. Poi bere una tazza o un bicchiere di vino. Fortunatamente, ha gi\u00e0 potuto brindare a Joe Biden. <\/p>\n\n<p>Ultima domanda. \u00abMarc, tu sei il pi\u00f9 anziano qui nella Fondazione, hai paura della morte?\u00bb Dice: \u00abA volte ci penso. Penso che potrebbe finire in qualsiasi momento.\u00bb Poi tace, ci fa un cenno con il capo.<\/p>\n\n<p>Ci salutiamo. Unisco le mani davanti al petto e mi inchino leggermente. Mi ringrazio. Marc mise in moto il suo veicolo, curvando intorno al fotografo, passando davanti al tiglio d&#8217;appartamento e uscendo nel corridoio. C&#8217;\u00e8 uno stato d&#8217;animo felice. Ottimismo e tranquillit\u00e0. <\/p>\n\n<p>Lukas Fischer lavora per la Fondazione Mathilde Escher da 17 anni: \u201c\u00c8 ancora affascinante per me ogni giorno vedere come le persone qui sono attaccate alla vita. Quanto sono felici. &#8221; (Foto: Paolo Foschini)<\/p>\n\n<figure class=\"wp-block-image size-large is-style-default\"><img loading=\"lazy\" decoding=\"async\" width=\"1024\" height=\"712\" src=\"https:\/\/www.deinadieu.ch\/wp-content\/uploads\/2021\/01\/BLOG_MES_LukasFischer_1-1024x712.jpg\" alt=\"Lukas Fischer, Fondazione Mathilde Escher\" class=\"wp-image-28386\" srcset=\"https:\/\/www.deinadieu.ch\/wp-content\/uploads\/2021\/01\/BLOG_MES_LukasFischer_1-1024x712.jpg 1024w, https:\/\/www.deinadieu.ch\/wp-content\/uploads\/2021\/01\/BLOG_MES_LukasFischer_1-300x209.jpg 300w, https:\/\/www.deinadieu.ch\/wp-content\/uploads\/2021\/01\/BLOG_MES_LukasFischer_1.jpg 1280w\" sizes=\"auto, (max-width: 1024px) 100vw, 1024px\" \/><figcaption>Lukas Fischer lavora per la Fondazione Mathilde Escher da 17 anni: \u201c\u00c8 ancora affascinante per me ogni giorno vedere come le persone qui sono attaccate alla vita. Quanto sono felici. &#8221; (Foto: Paolo Foschini)<\/figcaption><\/figure>\n\n<h2 class=\"wp-block-heading\" id=\"h-die-leute-h-ngen-am-leben-das-fasziniert-mich\">\u00abLe persone sono attaccate alla vita, questo mi affascina\u00bb<\/h2>\n\n<p>Chiedo a Lukas Fischer dell&#8217;atmosfera allegra. Quando sono entrato in casa mi aspettavo di trovare sofferenza e dolore. L&#8217;opposto \u00e8 stato il caso. C&#8217;\u00e8 ottimismo e gioia di vivere. Il responsabile della comunicazione della Fondazione Mathilde Escher ride: \u00ab17 anni fa, in qualit\u00e0 di cambio di carriera nel settore sociale, sono entrato nella Fondazione. Era tutto nuovo. Avere a che fare con persone che venivano ventilate tramite una maschera. Ho sentito che i tubi e le macchine non contano se voglio incontrare empaticamente una persona. \u00c8 ancora affascinante per me ogni giorno quando vedo come le persone qui sono cos\u00ec attaccate alla vita. Come sono felici. Questo mi ha colpito e sono orgoglioso di farne parte.\u00bb <\/p>\n\n<p>Lukas Fischer ha 55 anni e con la sua compagna ha due figli. \u00abHo conosciuto tanti tipi di professioni diverse e non sapevo cosa fare per molto tempo. Ho lavorato come pastore per due estati nella valle Krauchtal a Glarona. Mi sono occupato di 150 mucche e ho prodotto mascherpa. Ho studiato economia, ho lavorato come redattore nel campo PR per Konrad Toenz e ho trasportato persone disabili. In questo modo ho conosciuto il cugino di Marc, che ho riportato spesso alla Fondazione Mathilde Escher dopo le uscite. Quindi \u00e8 stato naturale per me fare domanda per un posto di formazione alla Fondazione per i miei studi di lavoro sociale.\u00bb<\/p>\n\n<p>Circa 70 persone con gravi disabilit\u00e0 fisiche attualmente vivono, studiano e lavorano presso la Fondazione Mathilde Escher. Due terzi di loro sono uomini che soffrono di Duchenne. La loro malattia \u00e8 terminale. Come affronta Lukas Fischer la situazione quando muoiono persone che sono state curate da lui, dalla squadra? <\/p>\n\n<p>Mi guarda e dice: \u00abNon diventa pi\u00f9 facile. Adesso le persone stanno morendo, le conosco da 17 anni. Questo mi commuove, ho dovuto anche piangere, devo raccontarlo a casa. Poi provo un processo di lutto, a volte pi\u00f9 intenso, a volte meno intenso.\u00bb<\/p>\n\n<figure class=\"wp-block-image size-large is-style-default\"><img loading=\"lazy\" decoding=\"async\" width=\"1024\" height=\"576\" src=\"https:\/\/www.deinadieu.ch\/wp-content\/uploads\/2021\/01\/Blog_MEStiftung_Reise-1024x576.jpg\" alt=\"Malati muscolari e curanti\" class=\"wp-image-28374\" srcset=\"https:\/\/www.deinadieu.ch\/wp-content\/uploads\/2021\/01\/Blog_MEStiftung_Reise-1024x576.jpg 1024w, https:\/\/www.deinadieu.ch\/wp-content\/uploads\/2021\/01\/Blog_MEStiftung_Reise-300x169.jpg 300w, https:\/\/www.deinadieu.ch\/wp-content\/uploads\/2021\/01\/Blog_MEStiftung_Reise.jpg 1280w\" sizes=\"auto, (max-width: 1024px) 100vw, 1024px\" \/><figcaption>Dispendiose attivit\u00e0 per il tempo libero. Durante un&#8217;escursione, i residenti hanno bisogno di cure individuali. Biglietti, alloggio, pasti: tutto costa il doppio. (Foto: disponibile)<\/figcaption><\/figure>\n\n<h2 class=\"wp-block-heading\" id=\"h-mit-spenden-finanzieren-wir-freizeitaktivit-ten\">\u00abUsiamo le donazioni per finanziare attivit\u00e0 per il tempo libero\u00bb<\/h2>\n\n<p>La finitezza delle loro vite non \u00e8 un tema costante per i residenti della Fondazione Mathilde Escher. Lukas Fischer: \u00abSono ottimisti. Li supportiamo nei loro progetti, facciamo viaggi fantastici con le persone, l&#8217;impulso viene da loro. Non hanno bisogno di un programma di animazione, sono poche le attivit\u00e0 organizzate per il tempo libero.\u00bb Ma queste sono dispendiose. Spesso \u00e8 richiesta l&#8217;assistenza individuale. Biglietti, alloggio, pasti: tutto costa il doppio.<\/p>\n\n<p>Un gruppo \u00e8 formato da sei a dodici residenti. In media, \u00e8 richiesto un curante per tre persone, 24 ore su 24. Spesso sono necessari due curanti per una persona, ad esempio quando li si prende in braccio o si va a letto. Un grande dispendio. Come fa la Fondazione Mathilde Escher a generare le finanze necessarie, vorrei sapere da Lukas Fischer.<\/p>\n\n<p>Fondamentalmente, paga il settore pubblico, i cantoni, le comunit\u00e0 scolastiche, l&#8217;AI. Le donazioni sono essenziali per i viaggi, le attivit\u00e0 per il tempo libero ecc. <\/p>\n\n<p>Quando si tratta del rapporto con persone con malattie muscolari, vorrebbe che noi, la societ\u00e0, rendessimo il mondo il pi\u00f9 possibile privo di barriere. Un mondo di lavoro senza ostacoli. \u00abNon basta se diciamo che i nostri posti di lavoro sono aperti anche a persone con disabilit\u00e0.\u00bb L&#8217;impegnato pedagogista sociale sottolinea le sue parole con gesti chiari. \u00abDeve essere il contrario\u00bb, dice. \u00abAbbiamo persone e creiamo posti di lavoro per loro. \u00c8 cos\u00ec che funziona nelle officine protette, ed \u00e8 cos\u00ec che dovrebbe essere reso possibile anche nel libero mercato del lavoro. Dopotutto, tutti vogliono andare a lavorare. Vogliono usare le loro abilit\u00e0, lo vedo ogni giorno. Possono lavorare tutti in modo produttivo.\u00bb Lukas Fischer ricorda la precedente conversazione con Marc. \u00ab\u00c8 stato fortunato che i suoi colleghi gli abbiano assegnato un posto su misura nel \u2039Lade zum L\u00e4be\u203a. Cos\u00ec \u00e8 stato in grado di lavorare nel mercato del lavoro regolare per tre anni.\u00bb<\/p>\n\n<p>Alla fine dell&#8217;incontro prendiamo un caff\u00e8 nella sala. Si possono sentire voci allegre nel corridoio. Le sedie a rotelle elettriche sfrecciano. I giovani giocano, discutono, ascoltano musica. Un mondo intatto che vivo qui. Allegro e positivo. Interrogato su questo, Lukas Fischer dice. \u00abLe barriere possono essere aperte da entrambi i lati. Dovremmo curiosamente avvicinarci l&#8217;un l&#8217;altro da entrambi i lati, spostare le rotelle l&#8217;uno verso l&#8217;altro.\u00bb<\/p>\n\n<p>Ridiamo sotto le mascherine, ci salutiamo con i gomiti. Di cuore. Sono profondamente impressionato. <\/p>\n\n<p class=\"has-text-align-right\">Testo: Martin Schuppli, foto: Paolo Foschini<\/p>\n\n\n        <div class=\"da-servicebox relative bg-gray-200 p-4 pt-8 border-solid border-t-8 border-da-dark mb-6\">\n            <i class=\"fas fa-info-circle mx-auto fa-7x text-da-dark\"><\/i>\n            <span style=\"hyphens: auto\">\n                \n\n<p>La Fondazione Mathilde Escher \u00e8 partner di DeinAdieu. <a href=\"https:\/\/www.deinadieu.ch\/hilfswerke\/mathilde-escher-stiftung\/\">Al<\/a> <a href=\"https:\/\/www.deinadieu.ch\/hilfswerke\/mathilde-escher-stiftung\/\" target=\"_blank\" rel=\"noreferrer noopener\">profilo<\/a><\/p>\n\n<p><\/p>\n\n\n                \n                \n            <\/span>\n        <\/div>\n        \n","protected":false},"excerpt":{"rendered":"<p>L&#8217;autore di DeinAdieu Martin Schuppli ha incontrato Marc, che ha una malattia muscolare, alla Fondazione Mathilde Escher. \u00c8 una delle persone pi\u00f9 anziane con questa malattia terminale. Questo incontro ha lasciato un segno. \u00abSono rimasto profondamente colpito dal tuo carisma pieno di speranza\u00bb, dice l&#8217;autore.<\/p>\n","protected":false},"author":2,"featured_media":28397,"comment_status":"open","ping_status":"closed","sticky":false,"template":"","format":"standard","meta":{"_acf_changed":false,"footnotes":""},"categories":[2524],"tags":[2522],"class_list":["post-49287","post","type-post","status-publish","format-standard","has-post-thumbnail","hentry","category-persone-colpite","tag-cosa-puo-fare-la-mia-eredita"],"acf":[],"yoast_head":"<title>\u00abMarc, il tuo ottimismo mi d\u00e0 forza per la vita\u00bb | DeinAdieu.ch<\/title>\n<meta name=\"description\" content=\"DeinAdieu ha incontrato Marc, che ha una malattia muscolare, alla Fondazione Mathilde Escher. \u00c8 una delle persone pi\u00f9 anziane con questa malattia terminale.\" \/>\n<meta name=\"robots\" content=\"index, follow, max-snippet:-1, max-image-preview:large, max-video-preview:-1\" \/>\n<link rel=\"canonical\" href=\"https:\/\/www.deinadieu.ch\/it\/marc-il-tuo-ottimismo-mi-da-forza-per-la-vita\/\" \/>\n<meta property=\"og:locale\" content=\"it_IT\" \/>\n<meta property=\"og:type\" content=\"article\" \/>\n<meta property=\"og:title\" content=\"\u00abMarc, il tuo ottimismo mi d\u00e0 forza per la vita\u00bb\" \/>\n<meta property=\"og:description\" content=\"L&#039;autore di DeinAdieu Martin Schuppli ha incontrato Marc, che ha una malattia muscolare, alla Fondazione Mathilde Escher. \u00c8 una delle persone pi\u00f9 anziane\" \/>\n<meta property=\"og:url\" content=\"https:\/\/www.deinadieu.ch\/it\/marc-il-tuo-ottimismo-mi-da-forza-per-la-vita\/\" \/>\n<meta property=\"og:site_name\" content=\"DeinAdieu.ch\" \/>\n<meta property=\"article:publisher\" content=\"https:\/\/www.facebook.com\/deinadieu\" \/>\n<meta property=\"article:published_time\" content=\"2021-01-08T10:21:53+00:00\" \/>\n<meta property=\"article:modified_time\" content=\"2024-03-25T14:27:22+00:00\" \/>\n<meta property=\"og:image\" content=\"https:\/\/static.deinadieu.ch\/uploads\/2021\/01\/BLOG_MarcvonArx_Portraet2a.jpg\" \/>\n\t<meta property=\"og:image:width\" content=\"1280\" \/>\n\t<meta property=\"og:image:height\" content=\"720\" \/>\n\t<meta property=\"og:image:type\" content=\"image\/jpeg\" \/>\n<meta name=\"author\" content=\"Martin Schuppli\" \/>\n<meta name=\"twitter:card\" content=\"summary_large_image\" \/>\n<meta name=\"twitter:creator\" content=\"@DeinAdieu\" \/>\n<meta name=\"twitter:site\" content=\"@DeinAdieu\" \/>\n<meta name=\"twitter:label1\" content=\"Written by\" \/>\n\t<meta name=\"twitter:data1\" content=\"Martin Schuppli\" \/>\n\t<meta name=\"twitter:label2\" content=\"Est. reading time\" \/>\n\t<meta name=\"twitter:data2\" content=\"9 minutes\" \/>\n<script type=\"application\/ld+json\" class=\"yoast-schema-graph\">{\"@context\":\"https:\\\/\\\/schema.org\",\"@graph\":[{\"@type\":\"Article\",\"@id\":\"https:\\\/\\\/www.deinadieu.ch\\\/it\\\/marc-il-tuo-ottimismo-mi-da-forza-per-la-vita\\\/#article\",\"isPartOf\":{\"@id\":\"https:\\\/\\\/www.deinadieu.ch\\\/it\\\/marc-il-tuo-ottimismo-mi-da-forza-per-la-vita\\\/\"},\"author\":{\"name\":\"Martin Schuppli\",\"@id\":\"https:\\\/\\\/www.deinadieu.ch\\\/it\\\/#\\\/schema\\\/person\\\/47522dd97d1b840f11a7e637e69c4a82\"},\"headline\":\"\u00abMarc, il tuo ottimismo mi d\u00e0 forza per la vita\u00bb\",\"datePublished\":\"2021-01-08T10:21:53+00:00\",\"dateModified\":\"2024-03-25T14:27:22+00:00\",\"mainEntityOfPage\":{\"@id\":\"https:\\\/\\\/www.deinadieu.ch\\\/it\\\/marc-il-tuo-ottimismo-mi-da-forza-per-la-vita\\\/\"},\"wordCount\":1897,\"commentCount\":0,\"publisher\":{\"@id\":\"https:\\\/\\\/www.deinadieu.ch\\\/it\\\/#organization\"},\"image\":{\"@id\":\"https:\\\/\\\/www.deinadieu.ch\\\/it\\\/marc-il-tuo-ottimismo-mi-da-forza-per-la-vita\\\/#primaryimage\"},\"thumbnailUrl\":\"https:\\\/\\\/www.deinadieu.ch\\\/wp-content\\\/uploads\\\/2021\\\/01\\\/BLOG_MarcvonArx_Portraet2a.jpg\",\"keywords\":[\"Cosa pu\u00f2 fare la mia eredit\u00e0?\"],\"articleSection\":[\"Persone colpite\"],\"inLanguage\":\"it-IT\",\"potentialAction\":[{\"@type\":\"CommentAction\",\"name\":\"Comment\",\"target\":[\"https:\\\/\\\/www.deinadieu.ch\\\/it\\\/marc-il-tuo-ottimismo-mi-da-forza-per-la-vita\\\/#respond\"]}]},{\"@type\":\"WebPage\",\"@id\":\"https:\\\/\\\/www.deinadieu.ch\\\/it\\\/marc-il-tuo-ottimismo-mi-da-forza-per-la-vita\\\/\",\"url\":\"https:\\\/\\\/www.deinadieu.ch\\\/it\\\/marc-il-tuo-ottimismo-mi-da-forza-per-la-vita\\\/\",\"name\":\"\u00abMarc, il tuo ottimismo mi d\u00e0 forza per la vita\u00bb | DeinAdieu.ch\",\"isPartOf\":{\"@id\":\"https:\\\/\\\/www.deinadieu.ch\\\/it\\\/#website\"},\"primaryImageOfPage\":{\"@id\":\"https:\\\/\\\/www.deinadieu.ch\\\/it\\\/marc-il-tuo-ottimismo-mi-da-forza-per-la-vita\\\/#primaryimage\"},\"image\":{\"@id\":\"https:\\\/\\\/www.deinadieu.ch\\\/it\\\/marc-il-tuo-ottimismo-mi-da-forza-per-la-vita\\\/#primaryimage\"},\"thumbnailUrl\":\"https:\\\/\\\/www.deinadieu.ch\\\/wp-content\\\/uploads\\\/2021\\\/01\\\/BLOG_MarcvonArx_Portraet2a.jpg\",\"datePublished\":\"2021-01-08T10:21:53+00:00\",\"dateModified\":\"2024-03-25T14:27:22+00:00\",\"description\":\"DeinAdieu ha incontrato Marc, che ha una malattia muscolare, alla Fondazione Mathilde Escher. \u00c8 una delle persone pi\u00f9 anziane con questa malattia terminale.\",\"breadcrumb\":{\"@id\":\"https:\\\/\\\/www.deinadieu.ch\\\/it\\\/marc-il-tuo-ottimismo-mi-da-forza-per-la-vita\\\/#breadcrumb\"},\"inLanguage\":\"it-IT\",\"potentialAction\":[{\"@type\":\"ReadAction\",\"target\":[\"https:\\\/\\\/www.deinadieu.ch\\\/it\\\/marc-il-tuo-ottimismo-mi-da-forza-per-la-vita\\\/\"]}]},{\"@type\":\"ImageObject\",\"inLanguage\":\"it-IT\",\"@id\":\"https:\\\/\\\/www.deinadieu.ch\\\/it\\\/marc-il-tuo-ottimismo-mi-da-forza-per-la-vita\\\/#primaryimage\",\"url\":\"https:\\\/\\\/www.deinadieu.ch\\\/wp-content\\\/uploads\\\/2021\\\/01\\\/BLOG_MarcvonArx_Portraet2a.jpg\",\"contentUrl\":\"https:\\\/\\\/www.deinadieu.ch\\\/wp-content\\\/uploads\\\/2021\\\/01\\\/BLOG_MarcvonArx_Portraet2a.jpg\",\"width\":1280,\"height\":720,\"caption\":\"Quando Marc aveva sei anni, i suoi genitori hanno saputo che soffre della malattia muscolare di Duchenne. Da 30 anni vive nella Fondazione Mathilde Escher. (Foto: Paolo Foschini)\"},{\"@type\":\"BreadcrumbList\",\"@id\":\"https:\\\/\\\/www.deinadieu.ch\\\/it\\\/marc-il-tuo-ottimismo-mi-da-forza-per-la-vita\\\/#breadcrumb\",\"itemListElement\":[{\"@type\":\"ListItem\",\"position\":1,\"name\":\"Home\",\"item\":\"https:\\\/\\\/www.deinadieu.ch\\\/it\\\/deinadieu-dialog-und-serviceportal-zum-lebensende\\\/\"},{\"@type\":\"ListItem\",\"position\":2,\"name\":\"\u00abMarc, il tuo ottimismo mi d\u00e0 forza per la vita\u00bb\"}]},{\"@type\":\"WebSite\",\"@id\":\"https:\\\/\\\/www.deinadieu.ch\\\/it\\\/#website\",\"url\":\"https:\\\/\\\/www.deinadieu.ch\\\/it\\\/\",\"name\":\"DeinAdieu.ch\",\"description\":\"Testament, Patientenverf\u00fcgung und Vorsorgeauftrag\",\"publisher\":{\"@id\":\"https:\\\/\\\/www.deinadieu.ch\\\/it\\\/#organization\"},\"potentialAction\":[{\"@type\":\"SearchAction\",\"target\":{\"@type\":\"EntryPoint\",\"urlTemplate\":\"https:\\\/\\\/www.deinadieu.ch\\\/it\\\/?s={search_term_string}\"},\"query-input\":{\"@type\":\"PropertyValueSpecification\",\"valueRequired\":true,\"valueName\":\"search_term_string\"}}],\"inLanguage\":\"it-IT\"},{\"@type\":\"Organization\",\"@id\":\"https:\\\/\\\/www.deinadieu.ch\\\/it\\\/#organization\",\"name\":\"EMNA Web GmbH\",\"url\":\"https:\\\/\\\/www.deinadieu.ch\\\/it\\\/\",\"logo\":{\"@type\":\"ImageObject\",\"inLanguage\":\"it-IT\",\"@id\":\"https:\\\/\\\/www.deinadieu.ch\\\/it\\\/#\\\/schema\\\/logo\\\/image\\\/\",\"url\":\"https:\\\/\\\/www.deinadieu.ch\\\/wp-content\\\/uploads\\\/2016\\\/01\\\/DeinAdieu_Logo.png\",\"contentUrl\":\"https:\\\/\\\/www.deinadieu.ch\\\/wp-content\\\/uploads\\\/2016\\\/01\\\/DeinAdieu_Logo.png\",\"width\":300,\"height\":117,\"caption\":\"EMNA Web GmbH\"},\"image\":{\"@id\":\"https:\\\/\\\/www.deinadieu.ch\\\/it\\\/#\\\/schema\\\/logo\\\/image\\\/\"},\"sameAs\":[\"https:\\\/\\\/www.facebook.com\\\/deinadieu\",\"https:\\\/\\\/x.com\\\/DeinAdieu\",\"https:\\\/\\\/www.instagram.com\\\/deinadieu\\\/\",\"https:\\\/\\\/www.linkedin.com\\\/company\\\/deinadieu.ch\"]},{\"@type\":\"Person\",\"@id\":\"https:\\\/\\\/www.deinadieu.ch\\\/it\\\/#\\\/schema\\\/person\\\/47522dd97d1b840f11a7e637e69c4a82\",\"name\":\"Martin Schuppli\",\"image\":{\"@type\":\"ImageObject\",\"inLanguage\":\"it-IT\",\"@id\":\"https:\\\/\\\/secure.gravatar.com\\\/avatar\\\/3f6dee2a3d53d202b91ce982afc75191f59466c9d54dc61e5322d152b8eb2881?s=96&d=mm&r=g\",\"url\":\"https:\\\/\\\/secure.gravatar.com\\\/avatar\\\/3f6dee2a3d53d202b91ce982afc75191f59466c9d54dc61e5322d152b8eb2881?s=96&d=mm&r=g\",\"contentUrl\":\"https:\\\/\\\/secure.gravatar.com\\\/avatar\\\/3f6dee2a3d53d202b91ce982afc75191f59466c9d54dc61e5322d152b8eb2881?s=96&d=mm&r=g\",\"caption\":\"Martin Schuppli\"},\"description\":\"Martin Schuppli, *1955, arbeitete w\u00e4hrend 30 Jahren als Journalist bei Ringier AG. Er begann als Produzent beim Blick, schrieb sp\u00e4ter f\u00fcr SonntagsBlick, Gesundheit-Sprechstunde und Schweizer Illustrierte. 2009 machte er sich selbstst\u00e4ndig, sagte: \u00abIch schreibe mich durchs Leben.\u00bb Seit 2015 ist Martin Schuppli zusammen mit Nicolas Gehrig, CEO und dem Team daran, das Webportal DeinAdieu aufzubauen. \u00abHier kann ich schreiben. Und zwar \u00fcber das, was die Menschen am meisten interessiert. \u00dcber Menschen.\u00bb\",\"url\":\"https:\\\/\\\/www.deinadieu.ch\\\/it\\\/author\\\/martin\\\/\"}]}<\/script>","yoast_head_json":{"title":"\u00abMarc, il tuo ottimismo mi d\u00e0 forza per la vita\u00bb | DeinAdieu.ch","description":"DeinAdieu ha incontrato Marc, che ha una malattia muscolare, alla Fondazione Mathilde Escher. \u00c8 una delle persone pi\u00f9 anziane con questa malattia terminale.","robots":{"index":"index","follow":"follow","max-snippet":"max-snippet:-1","max-image-preview":"max-image-preview:large","max-video-preview":"max-video-preview:-1"},"canonical":"https:\/\/www.deinadieu.ch\/it\/marc-il-tuo-ottimismo-mi-da-forza-per-la-vita\/","og_locale":"it_IT","og_type":"article","og_title":"\u00abMarc, il tuo ottimismo mi d\u00e0 forza per la vita\u00bb","og_description":"L'autore di DeinAdieu Martin Schuppli ha incontrato Marc, che ha una malattia muscolare, alla Fondazione Mathilde Escher. \u00c8 una delle persone pi\u00f9 anziane","og_url":"https:\/\/www.deinadieu.ch\/it\/marc-il-tuo-ottimismo-mi-da-forza-per-la-vita\/","og_site_name":"DeinAdieu.ch","article_publisher":"https:\/\/www.facebook.com\/deinadieu","article_published_time":"2021-01-08T10:21:53+00:00","article_modified_time":"2024-03-25T14:27:22+00:00","og_image":[{"width":1280,"height":720,"url":"https:\/\/static.deinadieu.ch\/uploads\/2021\/01\/BLOG_MarcvonArx_Portraet2a.jpg","type":"image\/jpeg"}],"author":"Martin Schuppli","twitter_card":"summary_large_image","twitter_creator":"@DeinAdieu","twitter_site":"@DeinAdieu","twitter_misc":{"Written by":"Martin Schuppli","Est. reading time":"9 minutes"},"schema":{"@context":"https:\/\/schema.org","@graph":[{"@type":"Article","@id":"https:\/\/www.deinadieu.ch\/it\/marc-il-tuo-ottimismo-mi-da-forza-per-la-vita\/#article","isPartOf":{"@id":"https:\/\/www.deinadieu.ch\/it\/marc-il-tuo-ottimismo-mi-da-forza-per-la-vita\/"},"author":{"name":"Martin Schuppli","@id":"https:\/\/www.deinadieu.ch\/it\/#\/schema\/person\/47522dd97d1b840f11a7e637e69c4a82"},"headline":"\u00abMarc, il tuo ottimismo mi d\u00e0 forza per la vita\u00bb","datePublished":"2021-01-08T10:21:53+00:00","dateModified":"2024-03-25T14:27:22+00:00","mainEntityOfPage":{"@id":"https:\/\/www.deinadieu.ch\/it\/marc-il-tuo-ottimismo-mi-da-forza-per-la-vita\/"},"wordCount":1897,"commentCount":0,"publisher":{"@id":"https:\/\/www.deinadieu.ch\/it\/#organization"},"image":{"@id":"https:\/\/www.deinadieu.ch\/it\/marc-il-tuo-ottimismo-mi-da-forza-per-la-vita\/#primaryimage"},"thumbnailUrl":"https:\/\/www.deinadieu.ch\/wp-content\/uploads\/2021\/01\/BLOG_MarcvonArx_Portraet2a.jpg","keywords":["Cosa pu\u00f2 fare la mia eredit\u00e0?"],"articleSection":["Persone colpite"],"inLanguage":"it-IT","potentialAction":[{"@type":"CommentAction","name":"Comment","target":["https:\/\/www.deinadieu.ch\/it\/marc-il-tuo-ottimismo-mi-da-forza-per-la-vita\/#respond"]}]},{"@type":"WebPage","@id":"https:\/\/www.deinadieu.ch\/it\/marc-il-tuo-ottimismo-mi-da-forza-per-la-vita\/","url":"https:\/\/www.deinadieu.ch\/it\/marc-il-tuo-ottimismo-mi-da-forza-per-la-vita\/","name":"\u00abMarc, il tuo ottimismo mi d\u00e0 forza per la vita\u00bb | DeinAdieu.ch","isPartOf":{"@id":"https:\/\/www.deinadieu.ch\/it\/#website"},"primaryImageOfPage":{"@id":"https:\/\/www.deinadieu.ch\/it\/marc-il-tuo-ottimismo-mi-da-forza-per-la-vita\/#primaryimage"},"image":{"@id":"https:\/\/www.deinadieu.ch\/it\/marc-il-tuo-ottimismo-mi-da-forza-per-la-vita\/#primaryimage"},"thumbnailUrl":"https:\/\/www.deinadieu.ch\/wp-content\/uploads\/2021\/01\/BLOG_MarcvonArx_Portraet2a.jpg","datePublished":"2021-01-08T10:21:53+00:00","dateModified":"2024-03-25T14:27:22+00:00","description":"DeinAdieu ha incontrato Marc, che ha una malattia muscolare, alla Fondazione Mathilde Escher. \u00c8 una delle persone pi\u00f9 anziane con questa malattia terminale.","breadcrumb":{"@id":"https:\/\/www.deinadieu.ch\/it\/marc-il-tuo-ottimismo-mi-da-forza-per-la-vita\/#breadcrumb"},"inLanguage":"it-IT","potentialAction":[{"@type":"ReadAction","target":["https:\/\/www.deinadieu.ch\/it\/marc-il-tuo-ottimismo-mi-da-forza-per-la-vita\/"]}]},{"@type":"ImageObject","inLanguage":"it-IT","@id":"https:\/\/www.deinadieu.ch\/it\/marc-il-tuo-ottimismo-mi-da-forza-per-la-vita\/#primaryimage","url":"https:\/\/www.deinadieu.ch\/wp-content\/uploads\/2021\/01\/BLOG_MarcvonArx_Portraet2a.jpg","contentUrl":"https:\/\/www.deinadieu.ch\/wp-content\/uploads\/2021\/01\/BLOG_MarcvonArx_Portraet2a.jpg","width":1280,"height":720,"caption":"Quando Marc aveva sei anni, i suoi genitori hanno saputo che soffre della malattia muscolare di Duchenne. Da 30 anni vive nella Fondazione Mathilde Escher. (Foto: Paolo Foschini)"},{"@type":"BreadcrumbList","@id":"https:\/\/www.deinadieu.ch\/it\/marc-il-tuo-ottimismo-mi-da-forza-per-la-vita\/#breadcrumb","itemListElement":[{"@type":"ListItem","position":1,"name":"Home","item":"https:\/\/www.deinadieu.ch\/it\/deinadieu-dialog-und-serviceportal-zum-lebensende\/"},{"@type":"ListItem","position":2,"name":"\u00abMarc, il tuo ottimismo mi d\u00e0 forza per la vita\u00bb"}]},{"@type":"WebSite","@id":"https:\/\/www.deinadieu.ch\/it\/#website","url":"https:\/\/www.deinadieu.ch\/it\/","name":"DeinAdieu.ch","description":"Testament, Patientenverf\u00fcgung und Vorsorgeauftrag","publisher":{"@id":"https:\/\/www.deinadieu.ch\/it\/#organization"},"potentialAction":[{"@type":"SearchAction","target":{"@type":"EntryPoint","urlTemplate":"https:\/\/www.deinadieu.ch\/it\/?s={search_term_string}"},"query-input":{"@type":"PropertyValueSpecification","valueRequired":true,"valueName":"search_term_string"}}],"inLanguage":"it-IT"},{"@type":"Organization","@id":"https:\/\/www.deinadieu.ch\/it\/#organization","name":"EMNA Web GmbH","url":"https:\/\/www.deinadieu.ch\/it\/","logo":{"@type":"ImageObject","inLanguage":"it-IT","@id":"https:\/\/www.deinadieu.ch\/it\/#\/schema\/logo\/image\/","url":"https:\/\/www.deinadieu.ch\/wp-content\/uploads\/2016\/01\/DeinAdieu_Logo.png","contentUrl":"https:\/\/www.deinadieu.ch\/wp-content\/uploads\/2016\/01\/DeinAdieu_Logo.png","width":300,"height":117,"caption":"EMNA Web GmbH"},"image":{"@id":"https:\/\/www.deinadieu.ch\/it\/#\/schema\/logo\/image\/"},"sameAs":["https:\/\/www.facebook.com\/deinadieu","https:\/\/x.com\/DeinAdieu","https:\/\/www.instagram.com\/deinadieu\/","https:\/\/www.linkedin.com\/company\/deinadieu.ch"]},{"@type":"Person","@id":"https:\/\/www.deinadieu.ch\/it\/#\/schema\/person\/47522dd97d1b840f11a7e637e69c4a82","name":"Martin Schuppli","image":{"@type":"ImageObject","inLanguage":"it-IT","@id":"https:\/\/secure.gravatar.com\/avatar\/3f6dee2a3d53d202b91ce982afc75191f59466c9d54dc61e5322d152b8eb2881?s=96&d=mm&r=g","url":"https:\/\/secure.gravatar.com\/avatar\/3f6dee2a3d53d202b91ce982afc75191f59466c9d54dc61e5322d152b8eb2881?s=96&d=mm&r=g","contentUrl":"https:\/\/secure.gravatar.com\/avatar\/3f6dee2a3d53d202b91ce982afc75191f59466c9d54dc61e5322d152b8eb2881?s=96&d=mm&r=g","caption":"Martin Schuppli"},"description":"Martin Schuppli, *1955, arbeitete w\u00e4hrend 30 Jahren als Journalist bei Ringier AG. Er begann als Produzent beim Blick, schrieb sp\u00e4ter f\u00fcr SonntagsBlick, Gesundheit-Sprechstunde und Schweizer Illustrierte. 2009 machte er sich selbstst\u00e4ndig, sagte: \u00abIch schreibe mich durchs Leben.\u00bb Seit 2015 ist Martin Schuppli zusammen mit Nicolas Gehrig, CEO und dem Team daran, das Webportal DeinAdieu aufzubauen. \u00abHier kann ich schreiben. Und zwar \u00fcber das, was die Menschen am meisten interessiert. \u00dcber Menschen.\u00bb","url":"https:\/\/www.deinadieu.ch\/it\/author\/martin\/"}]}},"_links":{"self":[{"href":"https:\/\/www.deinadieu.ch\/it\/wp-json\/wp\/v2\/posts\/49287","targetHints":{"allow":["GET"]}}],"collection":[{"href":"https:\/\/www.deinadieu.ch\/it\/wp-json\/wp\/v2\/posts"}],"about":[{"href":"https:\/\/www.deinadieu.ch\/it\/wp-json\/wp\/v2\/types\/post"}],"author":[{"embeddable":true,"href":"https:\/\/www.deinadieu.ch\/it\/wp-json\/wp\/v2\/users\/2"}],"replies":[{"embeddable":true,"href":"https:\/\/www.deinadieu.ch\/it\/wp-json\/wp\/v2\/comments?post=49287"}],"version-history":[{"count":11,"href":"https:\/\/www.deinadieu.ch\/it\/wp-json\/wp\/v2\/posts\/49287\/revisions"}],"predecessor-version":[{"id":67327,"href":"https:\/\/www.deinadieu.ch\/it\/wp-json\/wp\/v2\/posts\/49287\/revisions\/67327"}],"wp:featuredmedia":[{"embeddable":true,"href":"https:\/\/www.deinadieu.ch\/it\/wp-json\/wp\/v2\/media\/28397"}],"wp:attachment":[{"href":"https:\/\/www.deinadieu.ch\/it\/wp-json\/wp\/v2\/media?parent=49287"}],"wp:term":[{"taxonomy":"category","embeddable":true,"href":"https:\/\/www.deinadieu.ch\/it\/wp-json\/wp\/v2\/categories?post=49287"},{"taxonomy":"post_tag","embeddable":true,"href":"https:\/\/www.deinadieu.ch\/it\/wp-json\/wp\/v2\/tags?post=49287"}],"curies":[{"name":"wp","href":"https:\/\/api.w.org\/{rel}","templated":true}]}}