{"id":49274,"date":"2021-02-09T13:43:40","date_gmt":"2021-02-09T12:43:40","guid":{"rendered":"https:\/\/www.deinadieu.ch\/angela-grossmann-posso-imparare-molto-dai-cosiddetti-disabili\/"},"modified":"2022-05-22T11:08:42","modified_gmt":"2022-05-22T09:08:42","slug":"angela-grossmann-posso-imparare-molto-dai-cosiddetti-disabili","status":"publish","type":"post","link":"https:\/\/www.deinadieu.ch\/it\/angela-grossmann-posso-imparare-molto-dai-cosiddetti-disabili\/","title":{"rendered":"Angela Grossmann: \u00abPosso imparare molto dai cosiddetti disabili\u00bb"},"content":{"rendered":"\n<p>Momenti felici sono stati rari negli ultimi due mesi. Se li avessi cercati, non so se li avrei trovati. Quindi \u00e8 stato un momento di felicit\u00e0 iniziato con risate e risatine. Un momento che ha regalato a me e al fotografo Paolo Foschini spensieratezza e felicit\u00e0, ci ha aiutato ad avere un bellissimo incontro.<\/p>\n\n<!--more-->\n\n<p>Per il servizio fotografico con Angela Grossmann, amministratrice delegata della Fondazione Vivendra, siamo andati a Dielsdorf nell&#8217;Unterland zurighese, ci siamo sistemati nella locanda \u00abSonne\u00bb e abbiamo incontrato Laura e Luna insieme all&#8217;intervistata. Le donne bisognose di sostegno lavorano al servizio del ristorante e sono assistite da professionisti della gastronomia e assistenti pedagogici del lavoro. Intrattengono gli ospiti, prendono ordini, incassano. Spiegano il men\u00f9 del giorno, consigliano nella scelta delle bevande e sull&#8217;ordine dei piatti. Ed entrambe lo fanno con una cordialit\u00e0 disarmante.<\/p>\n\n<h2 class=\"wp-block-heading\" id=\"h-die-sonne-ein-leuchtturmprojekt\">La \u00abSonne\u00bb un progetto eccezionale<\/h2>\n\n<p>Angela Grossmann \u00e8 contenta del nostro entusiasmo. Oltre alla locanda, nell&#8217;imponente edificio ci sono il negozio \u00abSunne\u00bb e la scuola \u00ab15plus\u00bb. Offre ai giovani supporto individuale, educativo e pratico, nonch\u00e9 supporto nella ricerca di un lavoro e nel diventare adulti. \u00abCon le offerte della Sonne, permettiamo ai nostri clienti di partecipare attivamente a varie attivit\u00e0 con il contatto diretto con la clientela. Ci\u00f2 rende la Sonne un progetto integrativo\u00bb, afferma Angela Grossmann.<\/p>\n\n<figure class=\"wp-block-image size-large\"><img loading=\"lazy\" decoding=\"async\" width=\"1024\" height=\"576\" src=\"https:\/\/www.deinadieu.ch\/wp-content\/uploads\/2021\/02\/Blog_Vivendra_Trio-1024x576.jpg\" alt=\"Luna, Angela Grossmann, Martin Schuppli\" class=\"wp-image-29271\" srcset=\"https:\/\/www.deinadieu.ch\/wp-content\/uploads\/2021\/02\/Blog_Vivendra_Trio-1024x576.jpg 1024w, https:\/\/www.deinadieu.ch\/wp-content\/uploads\/2021\/02\/Blog_Vivendra_Trio-300x169.jpg 300w, https:\/\/www.deinadieu.ch\/wp-content\/uploads\/2021\/02\/Blog_Vivendra_Trio.jpg 1280w\" sizes=\"auto, (max-width: 1024px) 100vw, 1024px\" \/><figcaption>Con i suoi modi allegri Luna entusiasma gli ospiti. Angela Grossmann (al centro) e Martin Schuppli si godono il momento di spensierata gioia. (Foto: Paolo Foschini)<\/figcaption><\/figure>\n\n<h2 class=\"wp-block-heading\" id=\"h-mit-spenden-nachhaltiges-angebot-weiterf-hren\">Continuare un&#8217;offerta sostenibile con le donazioni<\/h2>\n\n<p>Importante da sapere: principalmente la locanda non \u00e8 sovvenzionata e la Fondazione la gestisce a proprio rischio. \u00abStiamo dando un contributo importante alla societ\u00e0 e dipendiamo particolarmente dalle donazioni. La Sonne \u00e8 ancora in deficit e il corona ha aggravato questa situazione. Abbiamo bisogno di aiuto, donazioni, in modo che questa offerta possa essere continuata a lungo termine.\u00bb<\/p>\n\n<p>La Fondazione Vivendra, fondata nel 1965 come \u00abFondazione casa-scuola Dielsdorf per persone con paralisi cerebrale\u00bb, nelle sue strutture fornisce qualit\u00e0 di vita e promuove lo sviluppo olistico e l&#8217;integrazione. D\u00e0 importanza al benessere fisico e psicologico, offre spazio per l&#8217;apprendimento, l&#8217;alloggio, la formazione, il lavoro, il tempo libero e la cultura. Le persone che sono accolte nel collegio o nella casa residenziale trovano nella Fondazione Vivendra una casa in comunit\u00e0 sociale. L&#8217;istruzione, la terapia, l&#8217;assistenza e la cura sono adattate alle esigenze individuali. Questo \u00e8 ci\u00f2 che dice la dichiarazione d&#8217;intenti.<\/p>\n\n<p>Angela Grossmann annuisce. Lavora per la Fondazione dal 2009, come amministratrice delegata dal 2018: \u00abHo imparato a fare l&#8217;infermiera, poi ho studiato pedagogia sociale ad Amburgo. Durante i miei studi ho sempre lavorato come infermiera. Il lavoro mi dava piacere e non ricordo che qualcosa sia mai stato troppo.\u00bb<\/p>\n\n<figure class=\"wp-block-image size-large\"><img loading=\"lazy\" decoding=\"async\" width=\"1024\" height=\"576\" src=\"https:\/\/www.deinadieu.ch\/wp-content\/uploads\/2021\/02\/BLOG_Vivendra_AngelaGrossmann-1024x576.jpg\" alt=\"Angela Grossmann\" class=\"wp-image-29267\" srcset=\"https:\/\/www.deinadieu.ch\/wp-content\/uploads\/2021\/02\/BLOG_Vivendra_AngelaGrossmann-1024x576.jpg 1024w, https:\/\/www.deinadieu.ch\/wp-content\/uploads\/2021\/02\/BLOG_Vivendra_AngelaGrossmann-300x169.jpg 300w, https:\/\/www.deinadieu.ch\/wp-content\/uploads\/2021\/02\/BLOG_Vivendra_AngelaGrossmann.jpg 1280w\" sizes=\"auto, (max-width: 1024px) 100vw, 1024px\" \/><figcaption>&#8220;Posso imparare molto da queste cosiddette persone disabili&#8221;, afferma Angela Grossmann. (Foto: Paolo Foschini)<\/figcaption><\/figure>\n\n<h2 class=\"wp-block-heading\" id=\"h-ethische-themen-interessierten-immer-mehr\">I temi etici interessavano sempre di pi\u00f9<\/h2>\n\n<p>Dopo aver studiato ad Amburgo, Angela Grossmann si trasfer\u00ec in Svizzera. A quel tempo, si sentiva pi\u00f9 vicina al lavoro di infermiera che a quello di assistente pedagogico. E cos\u00ec inizi\u00f2 a lavorare in cardiochirurgia presso l&#8217;ospedale universitario di Zurigo. Durante questo periodo ha completato vari corsi di formazione specialistica e manageriale ed era molto appassionata di quello che faceva. Col tempo, si \u00e8 interessata alle questioni etiche ed \u00e8 stata coinvolta nel gruppo di etica interna della clinica nel circolo della qualit\u00e0 e ha assunto funzioni di gestione.<\/p>\n\n<p>\u00abSono entrata sempre di pi\u00f9 in contatto con persone con disabilit\u00e0 che sono state operate nella USZ a causa di difetti cardiaci. In me \u00e8 cresciuto il desiderio di occuparmi di persone con disabilit\u00e0 mentali o multiple\u00bb, afferma Angela Grossmann.<\/p>\n\n<h2 class=\"wp-block-heading\" id=\"h-vielleicht-sind-wir-normalen-manchmal-viel-eingeschr-nkter\">\u00abForse noi &#8216;normali&#8217; a volte siamo molto pi\u00f9 limitati\u00bb<\/h2>\n\n<p>Sono consapevole\u00bb, dice Angela Grossmann, \u00abdi poter imparare molto da queste cosiddette persone disabili. Conosco persone che \u2039vedono\u203a con il cuore. Come ha scritto Antoine de Saint-Exup\u00e9ry in \u2039Il piccolo principe\u203a. Vedere con il cuore \u00e8 una percezione diversa e non una limitazione della percezione.\u00bb Fa una pausa. Lascia che le parole abbiano effetto e poi dice: \u00abForse noi cosiddette persone normali a volte per certi versi siamo molto pi\u00f9 limitati.\u00bb<\/p>\n\n<p>Alla domanda quale sia il suo desiderio del cuore, Angela Grossmann dice: \u00abDovremmo davvero impegnarci per persone che non possono mettersi in una luce cos\u00ec glamour nel nostro \u00abmondo patinato\u00bb, che non sono cos\u00ec privilegiate, che forse sono state meno fortunate nella vita e hanno meno lobby.\u00bb Breve pausa. Poi aggiunge immediatamente ci\u00f2 con cui ha dei problemi: \u00able classificazioni, le stigmatizzazioni, i pregiudizi, le generalizzazioni.\u00bb<\/p>\n\n<figure class=\"wp-block-image size-large\"><img loading=\"lazy\" decoding=\"async\" width=\"1024\" height=\"576\" src=\"https:\/\/www.deinadieu.ch\/wp-content\/uploads\/2021\/02\/Blog_Vivendra_AngelaGrossmann_Portraet2-1024x576.jpg\" alt=\"Angela Grossman, amministratrice delegata Vivendra, Dielsdoirf ZH\" class=\"wp-image-29259\" srcset=\"https:\/\/www.deinadieu.ch\/wp-content\/uploads\/2021\/02\/Blog_Vivendra_AngelaGrossmann_Portraet2-1024x576.jpg 1024w, https:\/\/www.deinadieu.ch\/wp-content\/uploads\/2021\/02\/Blog_Vivendra_AngelaGrossmann_Portraet2-300x169.jpg 300w, https:\/\/www.deinadieu.ch\/wp-content\/uploads\/2021\/02\/Blog_Vivendra_AngelaGrossmann_Portraet2.jpg 1280w\" sizes=\"auto, (max-width: 1024px) 100vw, 1024px\" \/><figcaption>Angela Grossman: \u00abFacciamo offerte ai residenti al meglio delle nostre conoscenze e convinzioni e questo \u00e8 un processo permanente di riflessione, dialogo e discussione.\u00bb (Foto: Paolo Foschini)<\/figcaption><\/figure>\n\n<h2 class=\"wp-block-heading\" id=\"h-wer-ist-denn-normal\">Chi \u00e8 normale?<\/h2>\n\n<p>Ancora una volta tocchiamo il tema di \u00abchi \u00e8 normale?\u00bb. Angela Grossmann ha problemi con il termine \u00abprincipio di normalizzazione\u00bb. Si chiede chi ha il potere di definire cosa \u00e8 normale e cosa non lo \u00e8. I residenti dei gruppi di alloggio esterno, per esempio, hanno meno bisogno di sostegno, e quindi per loro e la loro equipe si tratta di chiedersi costantemente: quale forma di sostegno e di accompagnamento \u00e8 adeguata?<\/p>\n\n<p>\u00abCi sono le cosiddette \u2039disabilit\u00e0 secondarie\u203a\u00bb, dice Angela Grossmann e precisa: \u00abLa metter\u00f2 un po&#8217; esplicitamente. Le persone vengono rese \u2039disabili\u203a perch\u00e9 vengono sgravate di troppo o perch\u00e9 si ha troppa poca fiducia in loro. Ci sono molte aree conflittuali e momenti in cui si cammina sul filo del rasoio nel lavoro per e con i disabili.\u00bb<\/p>\n\n<p>Angela Grossmann: \u00abFacciamo offerte al meglio delle nostre conoscenze e convinzioni e questo \u00e8 un processo permanente di riflessione, dialogo e confronto\u00bb. \u00abRendiamo possibile la comunicazione e supportiamo la comunicazione. Ci\u00f2 significa che cerchiamo di dare a tutti l&#8217;opportunit\u00e0 di esprimersi. E questo \u00e8 spesso un passo e una chiave per l&#8217;indipendenza, l&#8217;autodeterminazione e le pari opportunit\u00e0.\u00bb Per questo verrebbero incluse tutte le opzioni di espressione e comunicazione disponibili: mimica, gestualit\u00e0, linguaggio del corpo, segni, voce, suono, ausili elettronici e non elettronici.<\/p>\n\n<p>Nella cooperazione interdisciplinare \u00e8 molto importante coordinarsi bene. Anche i parenti svolgono un ruolo importante. Angela Grossmann: \u00abAbbiamo creato una band della Fondazione alcuni anni fa e abbiamo potuto anche organizzare alcuni concerti. \u00c8 stato fantastico vedere come chiunque potesse partecipare indipendentemente dal proprio livello di disabilit\u00e0. La comunit\u00e0 e la vita nella comunit\u00e0 \u00e8 una grande risorsa. Noi \u2013 i cosiddetti sani o normali \u2013 possiamo imparare molto da questo.<\/p>\n\n<p>Sono sempre stata colpita dalle malattie gravi e dalla capacit\u00e0 di far fronte alle malattie o alla capacit\u00e0 di far fronte agli addii.\u00bb<\/p>\n\n<figure class=\"wp-block-image size-large\"><img loading=\"lazy\" decoding=\"async\" width=\"1024\" height=\"576\" src=\"https:\/\/www.deinadieu.ch\/wp-content\/uploads\/2021\/02\/BLOG_Vivendra_AngelaGrossmann_Geste3-1024x576.jpg\" alt=\"Angela Grossmann, amministratrice delegata della Fondazione Vivendra\" class=\"wp-image-29279\" srcset=\"https:\/\/www.deinadieu.ch\/wp-content\/uploads\/2021\/02\/BLOG_Vivendra_AngelaGrossmann_Geste3-1024x576.jpg 1024w, https:\/\/www.deinadieu.ch\/wp-content\/uploads\/2021\/02\/BLOG_Vivendra_AngelaGrossmann_Geste3-300x169.jpg 300w, https:\/\/www.deinadieu.ch\/wp-content\/uploads\/2021\/02\/BLOG_Vivendra_AngelaGrossmann_Geste3.jpg 1280w\" sizes=\"auto, (max-width: 1024px) 100vw, 1024px\" \/><figcaption>Angela Grossmann: \u00abAbbiamo creato una band della Fondazione alcuni anni fa e abbiamo anche potuto organizzare alcuni concerti. \u00c8 stato fantastico vedere come tutti potessero partecipare, indipendentemente dal loro grado di disabilit\u00e0.\u00bb (Foto: Paolo Foschini)<\/figcaption><\/figure>\n\n<h2 class=\"wp-block-heading\" id=\"h-den-tod-als-finale-des-lebens-verstehen\">Comprendere la morte come il finale della vita<\/h2>\n\n<p><strong>E come riesce ad occuparsi di persone gravemente disabili e\/o malate terminali. Cosa le fa l&#8217;esperienza ravvicinata con la morte?<\/strong><br\/>Direi che ho integrato e accettato specificamente questi due argomenti come parte della vita. Mi piace il termine: la persona \u00e8 finale o prefinale. Per me questo significa nel finale della vita, la grande orchestra, il grande clamore.\u00bb<\/p>\n\n<p><strong>Che cosa significa?<br\/><\/strong>Mi impegno per un sostegno che corrisponde ai desideri e alla vita della persona che se ne va &#8211; questo pu\u00f2 essere anche non convenzionale.<\/p>\n\n<p><strong>Questo spesso non \u00e8 cos\u00ec facile da sopportare per i parenti e\/o le persone accompagnatrici, credo.<br\/><\/strong> Giusto. Spesso abbiamo l&#8217;idea che la morte e le cure di fine vita avvengano tenendosi per mano, in pace e a lume di candela. Ma non \u00e8 cos\u00ec o non sempre. Ognuno muore la propria morte.<\/p>\n\n<figure class=\"wp-block-image size-large\"><img loading=\"lazy\" decoding=\"async\" width=\"1024\" height=\"576\" src=\"https:\/\/www.deinadieu.ch\/wp-content\/uploads\/2021\/02\/BLOG_Vivendra_AngelaGrossmann_Geste2-1024x576.jpg\" alt=\"Angela Grossmann, amministratrice delegata della Fondazione Vivendra\" class=\"wp-image-29255\" srcset=\"https:\/\/www.deinadieu.ch\/wp-content\/uploads\/2021\/02\/BLOG_Vivendra_AngelaGrossmann_Geste2-1024x576.jpg 1024w, https:\/\/www.deinadieu.ch\/wp-content\/uploads\/2021\/02\/BLOG_Vivendra_AngelaGrossmann_Geste2-300x169.jpg 300w, https:\/\/www.deinadieu.ch\/wp-content\/uploads\/2021\/02\/BLOG_Vivendra_AngelaGrossmann_Geste2.jpg 1280w\" sizes=\"auto, (max-width: 1024px) 100vw, 1024px\" \/><figcaption>Angela Grossmann: \u00abSiamo guidati dal principio che i residenti possano invecchiare qui. Tuttavia, non possiamo garantire la permanenza fino alla morte in tutte le circostanze.\u00bb (Foto: Paolo Foschini)<\/figcaption><\/figure>\n\n<h2 class=\"wp-block-heading\" id=\"h-wir-versuchen-alles-m-gliche-m-glich-zu-machen\">\u00abCerchiamo di fare tutto il possibile\u00bb<\/h2>\n\n<p><strong>I residenti possono vivere nella Fondazione fino a quando non iniziano il loro ultimo viaggio. Vivendra li offre una casa, un&#8217;alta qualit\u00e0 di vita. La Fondazione fornisce istruzione e offre posti di lavoro e alloggio. Angela Grossmann, come finanziate questa vasta offerta?<\/strong><br\/>Ci finanziamo principalmente attraverso contributi di esercizio cantonali, contributi dei comuni, entrate da servizi e donazioni. Svolgono un ruolo importante. Questo ci consente di fornire offerte non coperte da contributi statali. Ad esempio: progetti o acquisti speciali, escursioni e\/o colonie, acquisti di ausili non finanziati dall&#8217;AI oltre alla garanzia di un&#8217;infrastruttura adatta ai disabili.<\/p>\n\n<p><strong>I residenti possono rimanere nella fondazione fino alla fine della loro vita.<\/strong><br\/>S\u00ec. Siamo guidati dal principio che i residenti possono invecchiare qui. Tuttavia, la Fondazione non \u00e8 un istituto di cura in senso stretto. Pertanto, non possiamo garantire la permanenza fino alla morte in tutte le circostanze. Abbiamo principalmente personale agogico e non possiamo far pagare eventuali servizi infermieristici attraverso la legge sull&#8217;assicurazione sanitaria LAMal. Ma cerchiamo di fare tutto il possibile.\u00bb<\/p>\n\n<p><strong>Angela Grossmann, sappiamo entrambi che la vita \u00e8 finita. Pu\u00f2 terminare in qualsiasi momento. Questa conoscenza influenza la Sua vita quotidiana, i Suoi rapporti con i cari, con le amiche, gli amici?<\/strong><br\/>A volte di pi\u00f9 e a volte di meno. Non prendersi sempre cos\u00ec sul serio, pi\u00f9 serenit\u00e0, essere in grado di lasciarsi andare. A volte sono \u2039curiosa\u203a del momento della mia morte, io so: ad un certo punto sar\u00e0 il momento, come mi sentir\u00f2? Rimane un grande mistero.<\/p>\n\n<p><strong>La propria morte \u00e8 una cosa &#8230;<br\/><\/strong> \u2026 Esattamente. Nel senso di: la propria morte la si muore solamente, mentre con la morte degli altri bisogna continuare a vivere. Ho pi\u00f9 paura della morte dei miei cari intorno a me.<\/p>\n\n<figure class=\"wp-block-image size-large\"><img loading=\"lazy\" decoding=\"async\" width=\"1024\" height=\"576\" src=\"https:\/\/www.deinadieu.ch\/wp-content\/uploads\/2021\/02\/Blog_Vivendra_AngelaGrossmann_Duo-1024x576.jpg\" alt=\"Angela Grossmann, amministratrice delegata della Fondazione Vivendra\" class=\"wp-image-29251\" srcset=\"https:\/\/www.deinadieu.ch\/wp-content\/uploads\/2021\/02\/Blog_Vivendra_AngelaGrossmann_Duo-1024x576.jpg 1024w, https:\/\/www.deinadieu.ch\/wp-content\/uploads\/2021\/02\/Blog_Vivendra_AngelaGrossmann_Duo-300x169.jpg 300w, https:\/\/www.deinadieu.ch\/wp-content\/uploads\/2021\/02\/Blog_Vivendra_AngelaGrossmann_Duo.jpg 1280w\" sizes=\"auto, (max-width: 1024px) 100vw, 1024px\" \/><figcaption>In conversazione: Angela Grossmann, amministratrice delegata Vivendra e l&#8217;autore di DeinAdieu Martin Schuppli. (Foto: Paolo Foschini)<\/figcaption><\/figure>\n\n<p><strong>E l&#8217;\u00abultimo ufficio\u00bb, l&#8217;ha fatto?<\/strong><br\/>S\u00ec \u2013 ho scelto tre persone di cui mi fido, che mi conoscono molto bene e che decideranno per me se non posso pi\u00f9 farlo da sola. Questa \u00e8 una cosiddetta \u00abdisposizione dei valori\u00bb. Non voglio che una persona sopporti questo peso da sola e quindi ci sono tre persone che si conoscono tutte e che so che agiranno nei miei interessi \u2013 per ogni evenienza.<\/p>\n\n<p class=\"has-text-align-right\">Testo: Martin Schuppli, foto: Paolo Foschini<\/p>\n\n        <div class=\"da-servicebox relative bg-gray-200 p-4 pt-8 border-solid border-t-8 border-da-dark mb-6\">\n            <i class=\"fas fa-info-circle mx-auto fa-7x text-da-dark\"><\/i>\n            <span style=\"hyphens: auto\">\n                <\/p>\n\n<p>Infobox<\/p>\n\n<p>La Fondazione Vivendra a Dielsdorf ZH \u00e8 partner di DeinAdieu. Il <a href=\"https:\/\/www.deinadieu.ch\/it\/organizzazioni-caritatevoli\/\">profilo<\/a><\/p>\n<p>\n                \n                \n            <\/span>\n        <\/div>\n        \n","protected":false},"excerpt":{"rendered":"<p>Momenti felici sono stati rari negli ultimi due mesi. Se li avessi cercati, non so se li avrei trovati. Quindi \u00e8 stato un momento di felicit\u00e0 iniziato con risate e risatine. Un momento che ha regalato a me e al fotografo Paolo Foschini spensieratezza e felicit\u00e0, ci ha aiutato ad avere un bellissimo incontro.<\/p>\n","protected":false},"author":2,"featured_media":29263,"comment_status":"open","ping_status":"closed","sticky":false,"template":"","format":"standard","meta":{"_acf_changed":false,"footnotes":""},"categories":[2474],"tags":[2522,2519],"class_list":["post-49274","post","type-post","status-publish","format-standard","has-post-thumbnail","hentry","category-opere-caritative","tag-cosa-puo-fare-la-mia-eredita","tag-disabilita"],"acf":[],"yoast_head":"<title>Capo Vivendra: \u00abPosso imparare molto dai cosiddetti disabili\u00bb<\/title>\n<meta name=\"description\" content=\"Nella Fondazione Vivendra vivono persone con disabilit\u00e0 mentali e fisiche. L&#039;amministratrice delegata Angela Grossmann racconta.\" \/>\n<meta name=\"robots\" content=\"index, follow, max-snippet:-1, max-image-preview:large, max-video-preview:-1\" \/>\n<link rel=\"canonical\" href=\"https:\/\/www.deinadieu.ch\/it\/angela-grossmann-posso-imparare-molto-dai-cosiddetti-disabili\/\" \/>\n<meta property=\"og:locale\" content=\"it_IT\" \/>\n<meta property=\"og:type\" content=\"article\" \/>\n<meta property=\"og:title\" content=\"Angela Grossmann: \u00abPosso imparare molto dai cosiddetti disabili\u00bb\" \/>\n<meta property=\"og:description\" content=\"Momenti felici sono stati rari negli ultimi due mesi. Se li avessi cercati, non so se li avrei trovati. Quindi \u00e8 stato un momento di felicit\u00e0 iniziato con\" \/>\n<meta property=\"og:url\" content=\"https:\/\/www.deinadieu.ch\/it\/angela-grossmann-posso-imparare-molto-dai-cosiddetti-disabili\/\" \/>\n<meta property=\"og:site_name\" content=\"DeinAdieu.ch\" \/>\n<meta property=\"article:publisher\" content=\"https:\/\/www.facebook.com\/deinadieu\" \/>\n<meta property=\"article:published_time\" content=\"2021-02-09T12:43:40+00:00\" \/>\n<meta property=\"article:modified_time\" content=\"2022-05-22T09:08:42+00:00\" \/>\n<meta property=\"og:image\" content=\"https:\/\/static.deinadieu.ch\/uploads\/2021\/02\/Blog_Vivendra_AngelaGrossmann_Portrtaet1.jpg\" \/>\n\t<meta property=\"og:image:width\" content=\"1280\" \/>\n\t<meta property=\"og:image:height\" content=\"720\" \/>\n\t<meta property=\"og:image:type\" content=\"image\/jpeg\" \/>\n<meta name=\"author\" content=\"Martin Schuppli\" \/>\n<meta name=\"twitter:card\" content=\"summary_large_image\" \/>\n<meta name=\"twitter:creator\" content=\"@DeinAdieu\" \/>\n<meta name=\"twitter:site\" content=\"@DeinAdieu\" \/>\n<meta name=\"twitter:label1\" content=\"Written by\" \/>\n\t<meta name=\"twitter:data1\" content=\"Martin Schuppli\" \/>\n\t<meta name=\"twitter:label2\" content=\"Est. reading time\" \/>\n\t<meta name=\"twitter:data2\" content=\"8 minutes\" \/>\n<script type=\"application\/ld+json\" class=\"yoast-schema-graph\">{\"@context\":\"https:\\\/\\\/schema.org\",\"@graph\":[{\"@type\":\"Article\",\"@id\":\"https:\\\/\\\/www.deinadieu.ch\\\/it\\\/angela-grossmann-posso-imparare-molto-dai-cosiddetti-disabili\\\/#article\",\"isPartOf\":{\"@id\":\"https:\\\/\\\/www.deinadieu.ch\\\/it\\\/angela-grossmann-posso-imparare-molto-dai-cosiddetti-disabili\\\/\"},\"author\":{\"name\":\"Martin Schuppli\",\"@id\":\"https:\\\/\\\/www.deinadieu.ch\\\/it\\\/#\\\/schema\\\/person\\\/47522dd97d1b840f11a7e637e69c4a82\"},\"headline\":\"Angela Grossmann: \u00abPosso imparare molto dai cosiddetti disabili\u00bb\",\"datePublished\":\"2021-02-09T12:43:40+00:00\",\"dateModified\":\"2022-05-22T09:08:42+00:00\",\"mainEntityOfPage\":{\"@id\":\"https:\\\/\\\/www.deinadieu.ch\\\/it\\\/angela-grossmann-posso-imparare-molto-dai-cosiddetti-disabili\\\/\"},\"wordCount\":1706,\"commentCount\":0,\"publisher\":{\"@id\":\"https:\\\/\\\/www.deinadieu.ch\\\/it\\\/#organization\"},\"image\":{\"@id\":\"https:\\\/\\\/www.deinadieu.ch\\\/it\\\/angela-grossmann-posso-imparare-molto-dai-cosiddetti-disabili\\\/#primaryimage\"},\"thumbnailUrl\":\"https:\\\/\\\/www.deinadieu.ch\\\/wp-content\\\/uploads\\\/2021\\\/02\\\/Blog_Vivendra_AngelaGrossmann_Portrtaet1.jpg\",\"keywords\":[\"Cosa pu\u00f2 fare la mia eredit\u00e0?\",\"disabilit\u00e0\"],\"articleSection\":[\"Focus sulle opere caritative\"],\"inLanguage\":\"it-IT\",\"potentialAction\":[{\"@type\":\"CommentAction\",\"name\":\"Comment\",\"target\":[\"https:\\\/\\\/www.deinadieu.ch\\\/it\\\/angela-grossmann-posso-imparare-molto-dai-cosiddetti-disabili\\\/#respond\"]}]},{\"@type\":\"WebPage\",\"@id\":\"https:\\\/\\\/www.deinadieu.ch\\\/it\\\/angela-grossmann-posso-imparare-molto-dai-cosiddetti-disabili\\\/\",\"url\":\"https:\\\/\\\/www.deinadieu.ch\\\/it\\\/angela-grossmann-posso-imparare-molto-dai-cosiddetti-disabili\\\/\",\"name\":\"Capo Vivendra: \u00abPosso imparare molto dai cosiddetti disabili\u00bb\",\"isPartOf\":{\"@id\":\"https:\\\/\\\/www.deinadieu.ch\\\/it\\\/#website\"},\"primaryImageOfPage\":{\"@id\":\"https:\\\/\\\/www.deinadieu.ch\\\/it\\\/angela-grossmann-posso-imparare-molto-dai-cosiddetti-disabili\\\/#primaryimage\"},\"image\":{\"@id\":\"https:\\\/\\\/www.deinadieu.ch\\\/it\\\/angela-grossmann-posso-imparare-molto-dai-cosiddetti-disabili\\\/#primaryimage\"},\"thumbnailUrl\":\"https:\\\/\\\/www.deinadieu.ch\\\/wp-content\\\/uploads\\\/2021\\\/02\\\/Blog_Vivendra_AngelaGrossmann_Portrtaet1.jpg\",\"datePublished\":\"2021-02-09T12:43:40+00:00\",\"dateModified\":\"2022-05-22T09:08:42+00:00\",\"description\":\"Nella Fondazione Vivendra vivono persone con disabilit\u00e0 mentali e fisiche. L'amministratrice delegata Angela Grossmann racconta.\",\"breadcrumb\":{\"@id\":\"https:\\\/\\\/www.deinadieu.ch\\\/it\\\/angela-grossmann-posso-imparare-molto-dai-cosiddetti-disabili\\\/#breadcrumb\"},\"inLanguage\":\"it-IT\",\"potentialAction\":[{\"@type\":\"ReadAction\",\"target\":[\"https:\\\/\\\/www.deinadieu.ch\\\/it\\\/angela-grossmann-posso-imparare-molto-dai-cosiddetti-disabili\\\/\"]}]},{\"@type\":\"ImageObject\",\"inLanguage\":\"it-IT\",\"@id\":\"https:\\\/\\\/www.deinadieu.ch\\\/it\\\/angela-grossmann-posso-imparare-molto-dai-cosiddetti-disabili\\\/#primaryimage\",\"url\":\"https:\\\/\\\/www.deinadieu.ch\\\/wp-content\\\/uploads\\\/2021\\\/02\\\/Blog_Vivendra_AngelaGrossmann_Portrtaet1.jpg\",\"contentUrl\":\"https:\\\/\\\/www.deinadieu.ch\\\/wp-content\\\/uploads\\\/2021\\\/02\\\/Blog_Vivendra_AngelaGrossmann_Portrtaet1.jpg\",\"width\":1280,\"height\":720,\"caption\":\"Angela Grossmann, amministratrice delegata della Fondazione Vivendra a Dielsdorf ZH. (Foto: Paolo Foschini)\"},{\"@type\":\"BreadcrumbList\",\"@id\":\"https:\\\/\\\/www.deinadieu.ch\\\/it\\\/angela-grossmann-posso-imparare-molto-dai-cosiddetti-disabili\\\/#breadcrumb\",\"itemListElement\":[{\"@type\":\"ListItem\",\"position\":1,\"name\":\"Home\",\"item\":\"https:\\\/\\\/www.deinadieu.ch\\\/it\\\/deinadieu-dialog-und-serviceportal-zum-lebensende\\\/\"},{\"@type\":\"ListItem\",\"position\":2,\"name\":\"Angela Grossmann: \u00abPosso imparare molto dai cosiddetti disabili\u00bb\"}]},{\"@type\":\"WebSite\",\"@id\":\"https:\\\/\\\/www.deinadieu.ch\\\/it\\\/#website\",\"url\":\"https:\\\/\\\/www.deinadieu.ch\\\/it\\\/\",\"name\":\"DeinAdieu.ch\",\"description\":\"Testament, Patientenverf\u00fcgung und Vorsorgeauftrag\",\"publisher\":{\"@id\":\"https:\\\/\\\/www.deinadieu.ch\\\/it\\\/#organization\"},\"potentialAction\":[{\"@type\":\"SearchAction\",\"target\":{\"@type\":\"EntryPoint\",\"urlTemplate\":\"https:\\\/\\\/www.deinadieu.ch\\\/it\\\/?s={search_term_string}\"},\"query-input\":{\"@type\":\"PropertyValueSpecification\",\"valueRequired\":true,\"valueName\":\"search_term_string\"}}],\"inLanguage\":\"it-IT\"},{\"@type\":\"Organization\",\"@id\":\"https:\\\/\\\/www.deinadieu.ch\\\/it\\\/#organization\",\"name\":\"EMNA Web GmbH\",\"url\":\"https:\\\/\\\/www.deinadieu.ch\\\/it\\\/\",\"logo\":{\"@type\":\"ImageObject\",\"inLanguage\":\"it-IT\",\"@id\":\"https:\\\/\\\/www.deinadieu.ch\\\/it\\\/#\\\/schema\\\/logo\\\/image\\\/\",\"url\":\"https:\\\/\\\/www.deinadieu.ch\\\/wp-content\\\/uploads\\\/2016\\\/01\\\/DeinAdieu_Logo.png\",\"contentUrl\":\"https:\\\/\\\/www.deinadieu.ch\\\/wp-content\\\/uploads\\\/2016\\\/01\\\/DeinAdieu_Logo.png\",\"width\":300,\"height\":117,\"caption\":\"EMNA Web GmbH\"},\"image\":{\"@id\":\"https:\\\/\\\/www.deinadieu.ch\\\/it\\\/#\\\/schema\\\/logo\\\/image\\\/\"},\"sameAs\":[\"https:\\\/\\\/www.facebook.com\\\/deinadieu\",\"https:\\\/\\\/x.com\\\/DeinAdieu\",\"https:\\\/\\\/www.instagram.com\\\/deinadieu\\\/\",\"https:\\\/\\\/www.linkedin.com\\\/company\\\/deinadieu.ch\"]},{\"@type\":\"Person\",\"@id\":\"https:\\\/\\\/www.deinadieu.ch\\\/it\\\/#\\\/schema\\\/person\\\/47522dd97d1b840f11a7e637e69c4a82\",\"name\":\"Martin Schuppli\",\"image\":{\"@type\":\"ImageObject\",\"inLanguage\":\"it-IT\",\"@id\":\"https:\\\/\\\/secure.gravatar.com\\\/avatar\\\/3f6dee2a3d53d202b91ce982afc75191f59466c9d54dc61e5322d152b8eb2881?s=96&d=mm&r=g\",\"url\":\"https:\\\/\\\/secure.gravatar.com\\\/avatar\\\/3f6dee2a3d53d202b91ce982afc75191f59466c9d54dc61e5322d152b8eb2881?s=96&d=mm&r=g\",\"contentUrl\":\"https:\\\/\\\/secure.gravatar.com\\\/avatar\\\/3f6dee2a3d53d202b91ce982afc75191f59466c9d54dc61e5322d152b8eb2881?s=96&d=mm&r=g\",\"caption\":\"Martin Schuppli\"},\"description\":\"Martin Schuppli, *1955, arbeitete w\u00e4hrend 30 Jahren als Journalist bei Ringier AG. Er begann als Produzent beim Blick, schrieb sp\u00e4ter f\u00fcr SonntagsBlick, Gesundheit-Sprechstunde und Schweizer Illustrierte. 2009 machte er sich selbstst\u00e4ndig, sagte: \u00abIch schreibe mich durchs Leben.\u00bb Seit 2015 ist Martin Schuppli zusammen mit Nicolas Gehrig, CEO und dem Team daran, das Webportal DeinAdieu aufzubauen. \u00abHier kann ich schreiben. Und zwar \u00fcber das, was die Menschen am meisten interessiert. \u00dcber Menschen.\u00bb\",\"url\":\"https:\\\/\\\/www.deinadieu.ch\\\/it\\\/author\\\/martin\\\/\"}]}<\/script>","yoast_head_json":{"title":"Capo Vivendra: \u00abPosso imparare molto dai cosiddetti disabili\u00bb","description":"Nella Fondazione Vivendra vivono persone con disabilit\u00e0 mentali e fisiche. L'amministratrice delegata Angela Grossmann racconta.","robots":{"index":"index","follow":"follow","max-snippet":"max-snippet:-1","max-image-preview":"max-image-preview:large","max-video-preview":"max-video-preview:-1"},"canonical":"https:\/\/www.deinadieu.ch\/it\/angela-grossmann-posso-imparare-molto-dai-cosiddetti-disabili\/","og_locale":"it_IT","og_type":"article","og_title":"Angela Grossmann: \u00abPosso imparare molto dai cosiddetti disabili\u00bb","og_description":"Momenti felici sono stati rari negli ultimi due mesi. Se li avessi cercati, non so se li avrei trovati. Quindi \u00e8 stato un momento di felicit\u00e0 iniziato con","og_url":"https:\/\/www.deinadieu.ch\/it\/angela-grossmann-posso-imparare-molto-dai-cosiddetti-disabili\/","og_site_name":"DeinAdieu.ch","article_publisher":"https:\/\/www.facebook.com\/deinadieu","article_published_time":"2021-02-09T12:43:40+00:00","article_modified_time":"2022-05-22T09:08:42+00:00","og_image":[{"width":1280,"height":720,"url":"https:\/\/static.deinadieu.ch\/uploads\/2021\/02\/Blog_Vivendra_AngelaGrossmann_Portrtaet1.jpg","type":"image\/jpeg"}],"author":"Martin Schuppli","twitter_card":"summary_large_image","twitter_creator":"@DeinAdieu","twitter_site":"@DeinAdieu","twitter_misc":{"Written by":"Martin Schuppli","Est. reading time":"8 minutes"},"schema":{"@context":"https:\/\/schema.org","@graph":[{"@type":"Article","@id":"https:\/\/www.deinadieu.ch\/it\/angela-grossmann-posso-imparare-molto-dai-cosiddetti-disabili\/#article","isPartOf":{"@id":"https:\/\/www.deinadieu.ch\/it\/angela-grossmann-posso-imparare-molto-dai-cosiddetti-disabili\/"},"author":{"name":"Martin Schuppli","@id":"https:\/\/www.deinadieu.ch\/it\/#\/schema\/person\/47522dd97d1b840f11a7e637e69c4a82"},"headline":"Angela Grossmann: \u00abPosso imparare molto dai cosiddetti disabili\u00bb","datePublished":"2021-02-09T12:43:40+00:00","dateModified":"2022-05-22T09:08:42+00:00","mainEntityOfPage":{"@id":"https:\/\/www.deinadieu.ch\/it\/angela-grossmann-posso-imparare-molto-dai-cosiddetti-disabili\/"},"wordCount":1706,"commentCount":0,"publisher":{"@id":"https:\/\/www.deinadieu.ch\/it\/#organization"},"image":{"@id":"https:\/\/www.deinadieu.ch\/it\/angela-grossmann-posso-imparare-molto-dai-cosiddetti-disabili\/#primaryimage"},"thumbnailUrl":"https:\/\/www.deinadieu.ch\/wp-content\/uploads\/2021\/02\/Blog_Vivendra_AngelaGrossmann_Portrtaet1.jpg","keywords":["Cosa pu\u00f2 fare la mia eredit\u00e0?","disabilit\u00e0"],"articleSection":["Focus sulle opere caritative"],"inLanguage":"it-IT","potentialAction":[{"@type":"CommentAction","name":"Comment","target":["https:\/\/www.deinadieu.ch\/it\/angela-grossmann-posso-imparare-molto-dai-cosiddetti-disabili\/#respond"]}]},{"@type":"WebPage","@id":"https:\/\/www.deinadieu.ch\/it\/angela-grossmann-posso-imparare-molto-dai-cosiddetti-disabili\/","url":"https:\/\/www.deinadieu.ch\/it\/angela-grossmann-posso-imparare-molto-dai-cosiddetti-disabili\/","name":"Capo Vivendra: \u00abPosso imparare molto dai cosiddetti disabili\u00bb","isPartOf":{"@id":"https:\/\/www.deinadieu.ch\/it\/#website"},"primaryImageOfPage":{"@id":"https:\/\/www.deinadieu.ch\/it\/angela-grossmann-posso-imparare-molto-dai-cosiddetti-disabili\/#primaryimage"},"image":{"@id":"https:\/\/www.deinadieu.ch\/it\/angela-grossmann-posso-imparare-molto-dai-cosiddetti-disabili\/#primaryimage"},"thumbnailUrl":"https:\/\/www.deinadieu.ch\/wp-content\/uploads\/2021\/02\/Blog_Vivendra_AngelaGrossmann_Portrtaet1.jpg","datePublished":"2021-02-09T12:43:40+00:00","dateModified":"2022-05-22T09:08:42+00:00","description":"Nella Fondazione Vivendra vivono persone con disabilit\u00e0 mentali e fisiche. L'amministratrice delegata Angela Grossmann racconta.","breadcrumb":{"@id":"https:\/\/www.deinadieu.ch\/it\/angela-grossmann-posso-imparare-molto-dai-cosiddetti-disabili\/#breadcrumb"},"inLanguage":"it-IT","potentialAction":[{"@type":"ReadAction","target":["https:\/\/www.deinadieu.ch\/it\/angela-grossmann-posso-imparare-molto-dai-cosiddetti-disabili\/"]}]},{"@type":"ImageObject","inLanguage":"it-IT","@id":"https:\/\/www.deinadieu.ch\/it\/angela-grossmann-posso-imparare-molto-dai-cosiddetti-disabili\/#primaryimage","url":"https:\/\/www.deinadieu.ch\/wp-content\/uploads\/2021\/02\/Blog_Vivendra_AngelaGrossmann_Portrtaet1.jpg","contentUrl":"https:\/\/www.deinadieu.ch\/wp-content\/uploads\/2021\/02\/Blog_Vivendra_AngelaGrossmann_Portrtaet1.jpg","width":1280,"height":720,"caption":"Angela Grossmann, amministratrice delegata della Fondazione Vivendra a Dielsdorf ZH. (Foto: Paolo Foschini)"},{"@type":"BreadcrumbList","@id":"https:\/\/www.deinadieu.ch\/it\/angela-grossmann-posso-imparare-molto-dai-cosiddetti-disabili\/#breadcrumb","itemListElement":[{"@type":"ListItem","position":1,"name":"Home","item":"https:\/\/www.deinadieu.ch\/it\/deinadieu-dialog-und-serviceportal-zum-lebensende\/"},{"@type":"ListItem","position":2,"name":"Angela Grossmann: \u00abPosso imparare molto dai cosiddetti disabili\u00bb"}]},{"@type":"WebSite","@id":"https:\/\/www.deinadieu.ch\/it\/#website","url":"https:\/\/www.deinadieu.ch\/it\/","name":"DeinAdieu.ch","description":"Testament, Patientenverf\u00fcgung und Vorsorgeauftrag","publisher":{"@id":"https:\/\/www.deinadieu.ch\/it\/#organization"},"potentialAction":[{"@type":"SearchAction","target":{"@type":"EntryPoint","urlTemplate":"https:\/\/www.deinadieu.ch\/it\/?s={search_term_string}"},"query-input":{"@type":"PropertyValueSpecification","valueRequired":true,"valueName":"search_term_string"}}],"inLanguage":"it-IT"},{"@type":"Organization","@id":"https:\/\/www.deinadieu.ch\/it\/#organization","name":"EMNA Web GmbH","url":"https:\/\/www.deinadieu.ch\/it\/","logo":{"@type":"ImageObject","inLanguage":"it-IT","@id":"https:\/\/www.deinadieu.ch\/it\/#\/schema\/logo\/image\/","url":"https:\/\/www.deinadieu.ch\/wp-content\/uploads\/2016\/01\/DeinAdieu_Logo.png","contentUrl":"https:\/\/www.deinadieu.ch\/wp-content\/uploads\/2016\/01\/DeinAdieu_Logo.png","width":300,"height":117,"caption":"EMNA Web GmbH"},"image":{"@id":"https:\/\/www.deinadieu.ch\/it\/#\/schema\/logo\/image\/"},"sameAs":["https:\/\/www.facebook.com\/deinadieu","https:\/\/x.com\/DeinAdieu","https:\/\/www.instagram.com\/deinadieu\/","https:\/\/www.linkedin.com\/company\/deinadieu.ch"]},{"@type":"Person","@id":"https:\/\/www.deinadieu.ch\/it\/#\/schema\/person\/47522dd97d1b840f11a7e637e69c4a82","name":"Martin Schuppli","image":{"@type":"ImageObject","inLanguage":"it-IT","@id":"https:\/\/secure.gravatar.com\/avatar\/3f6dee2a3d53d202b91ce982afc75191f59466c9d54dc61e5322d152b8eb2881?s=96&d=mm&r=g","url":"https:\/\/secure.gravatar.com\/avatar\/3f6dee2a3d53d202b91ce982afc75191f59466c9d54dc61e5322d152b8eb2881?s=96&d=mm&r=g","contentUrl":"https:\/\/secure.gravatar.com\/avatar\/3f6dee2a3d53d202b91ce982afc75191f59466c9d54dc61e5322d152b8eb2881?s=96&d=mm&r=g","caption":"Martin Schuppli"},"description":"Martin Schuppli, *1955, arbeitete w\u00e4hrend 30 Jahren als Journalist bei Ringier AG. Er begann als Produzent beim Blick, schrieb sp\u00e4ter f\u00fcr SonntagsBlick, Gesundheit-Sprechstunde und Schweizer Illustrierte. 2009 machte er sich selbstst\u00e4ndig, sagte: \u00abIch schreibe mich durchs Leben.\u00bb Seit 2015 ist Martin Schuppli zusammen mit Nicolas Gehrig, CEO und dem Team daran, das Webportal DeinAdieu aufzubauen. \u00abHier kann ich schreiben. Und zwar \u00fcber das, was die Menschen am meisten interessiert. \u00dcber Menschen.\u00bb","url":"https:\/\/www.deinadieu.ch\/it\/author\/martin\/"}]}},"_links":{"self":[{"href":"https:\/\/www.deinadieu.ch\/it\/wp-json\/wp\/v2\/posts\/49274","targetHints":{"allow":["GET"]}}],"collection":[{"href":"https:\/\/www.deinadieu.ch\/it\/wp-json\/wp\/v2\/posts"}],"about":[{"href":"https:\/\/www.deinadieu.ch\/it\/wp-json\/wp\/v2\/types\/post"}],"author":[{"embeddable":true,"href":"https:\/\/www.deinadieu.ch\/it\/wp-json\/wp\/v2\/users\/2"}],"replies":[{"embeddable":true,"href":"https:\/\/www.deinadieu.ch\/it\/wp-json\/wp\/v2\/comments?post=49274"}],"version-history":[{"count":7,"href":"https:\/\/www.deinadieu.ch\/it\/wp-json\/wp\/v2\/posts\/49274\/revisions"}],"predecessor-version":[{"id":56946,"href":"https:\/\/www.deinadieu.ch\/it\/wp-json\/wp\/v2\/posts\/49274\/revisions\/56946"}],"wp:featuredmedia":[{"embeddable":true,"href":"https:\/\/www.deinadieu.ch\/it\/wp-json\/wp\/v2\/media\/29263"}],"wp:attachment":[{"href":"https:\/\/www.deinadieu.ch\/it\/wp-json\/wp\/v2\/media?parent=49274"}],"wp:term":[{"taxonomy":"category","embeddable":true,"href":"https:\/\/www.deinadieu.ch\/it\/wp-json\/wp\/v2\/categories?post=49274"},{"taxonomy":"post_tag","embeddable":true,"href":"https:\/\/www.deinadieu.ch\/it\/wp-json\/wp\/v2\/tags?post=49274"}],"curies":[{"name":"wp","href":"https:\/\/api.w.org\/{rel}","templated":true}]}}