{"id":48189,"date":"2020-10-07T08:56:00","date_gmt":"2020-10-07T06:56:00","guid":{"rendered":"https:\/\/www.deinadieu.ch\/ulteriori-miliardi-previsti-per-le-ong-svizzere-intervista-con-il-dr-bruelhart-hec-losanna\/"},"modified":"2022-07-16T16:54:01","modified_gmt":"2022-07-16T14:54:01","slug":"ulteriori-miliardi-previsti-per-le-ong-svizzere-intervista-con-il-dr-bruelhart-hec-losanna","status":"publish","type":"post","link":"https:\/\/www.deinadieu.ch\/it\/ulteriori-miliardi-previsti-per-le-ong-svizzere-intervista-con-il-dr-bruelhart-hec-losanna\/","title":{"rendered":"Ulteriori miliardi previsti per le ONG svizzere &#8211; Intervista con il Dr. Br\u00fclhart (HEC Lausanne)"},"content":{"rendered":"\n<p>Durante l&#8217;intervista il Dr. Br\u00fclhart dell&#8217;HEC Lausanne spiega: \u00abLa massa ereditaria continuer\u00e0 a crescere per decenni\u00bb<\/p>\n\n<!--more-->\n\n<p><strong>Dott. Br\u00fclhart, in qualit\u00e0 di professore di economia svolge ricerche su argomenti come la tassazione, il federalismo fiscale e l&#8217;economia geografica \u2013 come si inserisce il tema dell&#8217;eredit\u00e0?<\/strong><\/p>\n\n<p>Mi sono imbattuto nel tema delle eredit\u00e0 dal lato fiscale. Quando le imposte sulle successioni cantonali furono gradualmente abolite, per la maggior parte negli anni novanta e duemila, sorse la questione scientifica se i testatori cercassero davvero di aggirare queste imposte nella misura in cui dicevano gli oppositori dell&#8217;imposta sulle successioni. Ecco perch\u00e9 ho iniziato ad occuparmi di dati sull&#8217;eredit\u00e0.<\/p>\n\n<p><strong>Da quando le persone lasciano in eredit\u00e0 del patrimonio?<\/strong><\/p>\n\n<p>Da quando ci sono persone con propriet\u00e0 \u2013 strumenti, gioielli, animali da fattoria, ecc. Da quando siamo sedentari, la propriet\u00e0 fondiaria \u00e8 diventata la parte pi\u00f9 importante dell&#8217;eredit\u00e0.<\/p>\n\n<p><strong>Qual era la funzione dell&#8217;eredit\u00e0 in passato? Da quando l&#8217;eredit\u00e0 fa parte della nostra societ\u00e0 come sicurezza sociale?<\/strong><\/p>\n\n<p>In epoca feudale l&#8217;eredit\u00e0 serviva a consolidare il potere dinastico. Non solo venivano lasciati in eredit\u00e0 beni materiali, ma anche titoli nobiliari. Durante l&#8217;Ancien R\u00e9gime, l&#8217;eredit\u00e0 e il matrimonio erano, con poche eccezioni, l&#8217;unica via per raggiungere ricchezza e uno status.<\/p>\n\n<figure class=\"wp-block-image size-large is-resized\"><img loading=\"lazy\" decoding=\"async\" src=\"https:\/\/www.deinadieu.ch\/wp-content\/uploads\/2020\/09\/bru&#x308;lhartwordpress-e1613046030694.png\" alt=\"\" class=\"wp-image-25319\" width=\"1920\" height=\"1080\"\/><figcaption>Dr. Marius Br\u00fclhart \u00e8 professore ordinario di economia presso la facolt\u00e0 HEC dell&#8217;Universit\u00e0 di Losanna. La sua ricerca \u00e8 sia accademica che applicata e si concentra principalmente sull&#8217;economia pubblica, l&#8217;economia regionale e urbana e il commercio internazionale.<\/figcaption><\/figure>\n\n<p><strong>Secondo la sua stima, quest&#8217;anno (2020) in Svizzera sono stati lasciati in eredit\u00e0 circa 95 miliardi di franchi \u2013 pi\u00f9 di quanto sia mai stato lasciato in eredit\u00e0?<\/strong><\/p>\n\n<p>Almeno dal 1910, questo \u00e8 il massimo storico. I nostri dati non risalgono pi\u00f9 indietro.<\/p>\n\n<p><strong>Ci\u00f2 significa che la massa ereditaria cresce pi\u00f9 velocemente del reddito nazionale \u2013 come bisogna interpretare questo?<\/strong><\/p>\n\n<p>Ci\u00f2 \u00e8 dovuto principalmente al fatto che il patrimonio privato complessivamente cresce pi\u00f9 rapidamente del reddito da lavoro. Inoltre, grazie a buone pensioni, la maggior parte delle persone consuma sempre meno il proprio patrimonio verso la fine della vita.<\/p>\n\n<p><strong>Questo volume continua a crescere. Fino a quando?<\/strong><\/p>\n\n<p>Non ho una sfera di cristallo. Ma la tendenza dei valori di capitale ad aumentare pi\u00f9 fortemente dei redditi da lavoro sar\u00e0 probabilmente alimentata ancora di pi\u00f9 dalla digitalizzazione.<\/p>\n\n<p><strong>Presumete che i 50enni di oggi avranno in media meno patrimonio al momento della loro morte rispetto agli attuali 85enni?<\/strong><\/p>\n\n<p>No, al contrario. A meno che non diventi molto pi\u00f9 comune nei prossimi anni e decenni regalare il proprio patrimonio durante la vita.<\/p>\n\n<p><strong>In Svizzera l&#8217;eredit\u00e0 non ha pi\u00f9 la stessa funzione di un tempo per via degli attuali sistemi di previdenza sociale &#8211; \u00e8 d&#8217;accordo?<\/strong><\/p>\n\n<p>In parte. Per molti, le eredit\u00e0 arrivano troppo tardi per avere un impatto significativo sul loro ingresso nella vita professionale. E i principali rischi economici nel ciclo di vita sono coperti dalle assicurazioni sociali. Ma le eredit\u00e0 e le donazioni possono diventare pi\u00f9 importanti per l&#8217;accesso alla propriet\u00e0 di abitazione.<\/p>\n\n<p><strong>Secondo i suoi calcoli, solo il 5% delle eredit\u00e0 va a beneficio di persone di et\u00e0 inferiore ai 40 anni. A chi viene lasciata l&#8217;eredit\u00e0 oggi?<\/strong><\/p>\n\n<p>L&#8217;et\u00e0 media degli eredi oggi \u00e8 compresa tra i 60 ei 65 anni e il trend \u00e8 in aumento. Questo \u00e8 in realt\u00e0 uno sviluppo molto positivo perch\u00e9 riflette l&#8217;aumento dell&#8217;aspettativa di vita.<\/p>\n\n<p><strong>Oggi circa 2\/3 delle persone muoiono senza testamento. Da un punto di vista economico, sarebbe auspicabile che le persone redigessero pi\u00f9 testamenti e quindi assegnassero i loro beni in modo pi\u00f9 proattivo?<\/strong><\/p>\n\n<p>In economia, si presume che le persone agiscano razionalmente. Da questo punto di vista, se non fanno testamento, significa che sono soddisfatti della divisione ereditaria prevista dalla legge. Tuttavia, ci\u00f2 richiede che le persone siano ben informate e controllino consapevolmente il proprio comportamento. Orientare le persone sui regolamenti legali e sulle loro possibilit\u00e0 individuali \u00e8 quindi anche un&#8217;attivit\u00e0 preziosa dal punto di vista economico.<\/p>\n\n\n        <div class=\"relative shadow-lg -mx-12 mb-4 overflow-hidden\" style=\"background-image: url('https:\/\/www.deinadieu.ch\/wp-content\/themes\/da-v4\/assets\/v4\/banner\/testament.jpg'); background-size: cover; background-position: center\">\n            <div class=\"banner-white-box md:w-3\/5 text-black -ml-16 pl-16\" style=\"background-color: rgba(255,255,255,0.75)\">\n                <div class=\"inner\">\n                    <div class=\"text-2xl p-12\"><strong>Non avete ancora scritto un testamento?<\/strong> Generate ora un modello PDF gratuito per<\/div>\n                    <div class=\"px-12 md:mr-16\">\n                        <a href=\"https:\/\/app.deinadieu.ch\/testament\" target=\"_blank\" class=\"btn btn-da btn-small btn-block\">me<\/a>\n                        <a href=\"https:\/\/app.deinadieu.ch\/testament\" target=\"_blank\" class=\"mt-4 btn btn-da btn-small btn-block\">un'altra persona<\/a>\n                    <\/div>\n                    <div class=\"px-12 py-8\">\n                        <img decoding=\"async\" src=\"https:\/\/www.deinadieu.ch\/wp-content\/themes\/da-v4\/assets\/v4\/deinadieu_logo_dark.svg\" class=\"h-12\">\n                    <\/div>\n                <\/div>\n            <\/div>\n        <\/div>\n        \n\n<p><strong>La quota disponibile aumenter\u00e0 con la nuova revisione della legge sulle successioni \u2013 quanto denaro aggiuntivo sar\u00e0 disponibile ogni anno?<\/strong><\/p>\n\n<p>Non so dare un numero. Ci\u00f2 richiederebbe dati dettagliati sulla distribuzione dell&#8217;eredit\u00e0 tra le diverse categorie di eredi. Tali dati non sono disponibili in Svizzera.<\/p>\n\n<p><strong>Cosa si aspetta riguardo alla distribuzione delle nuove masse ereditarie libere?<\/strong><\/p>\n\n<p>\u00c8 probabile che la quota dei coniugi e dei discendenti diretti del patrimonio totale diminuisca leggermente. Questa \u00e8 l&#8217;idea della revisione: si vuole dare ai testatori l&#8217;opportunit\u00e0 di dare pi\u00f9 considerazione a persone e organizzazioni al di fuori del loro nucleo familiare.<\/p>\n\n<p><strong>Cosa pensa che si dovrebbe fare con questi soldi?<\/strong><\/p>\n\n<p>Dipende da ogni testatore. Tuttavia, suggerirei di ridurre il pi\u00f9 possibile la porzione legittima dei discendenti diretti. L&#8217;attuale revisione sta andando nella direzione giusta. I figli di genitori ricchi beneficiano gi\u00e0 durante la loro vita, quindi si potrebbe facilmente estendere la rete dei beneficiari al momento dell&#8217;eredit\u00e0.<\/p>\n\n<p><strong>In Svizzera viene lasciato relativamente poco denaro alle ONG (ZEWO presume il 3 per mille) \u2013 in altri paesi non \u00e8 cos\u00ec (GB: 6%) \u2013 a cosa lo attribuisce?<\/strong><\/p>\n\n<p>Prima di tutto alle imposte. Quando le imposte sulle successioni sono elevate, i trasferimenti di beneficenza esentasse diventano pi\u00f9 attraenti. Inoltre, porzioni legittime elevate lasciano meno spazio a legati a ONG e ad altri destinatari al di fuori della famiglia.<\/p>\n\n<p><strong>Cosa si dovrebbe fare per aumentare in futuro questa quota a favore delle ONG?<\/strong><\/p>\n\n<p>I legati alle organizzazioni di beneficenza aumenterebbero se le imposte sulle successioni venissero aumentate e\/o le porzioni legittime fossero ridotte.<\/p>\n\n<p><strong>Cosa ne pensate degli sforzi di DeinAdieu.ch per aiutare gli enti assistenziali a generare pi\u00f9 entrate da eredit\u00e0 e legati?<\/strong><\/p>\n\n<p>Trovo questi sforzi molto degni di essere sostenuti.<\/p>\n\n<p><strong>Grazie mille per questa entusiasmante conversazione, Dr. Br\u00fclhart. <\/strong><\/p>\n\n<div class=\"wp-block-jetpack-contact-info\">\n\n\n\n<\/div>\n\n        <div class=\"da-servicebox relative bg-gray-200 p-4 pt-8 border-solid border-t-8 border-da-dark mb-6\">\n            <i class=\"fas fa-info-circle mx-auto fa-7x text-da-dark\"><\/i>\n            <span style=\"hyphens: auto\">\n                <\/p>\n\n<p class=\"has-text-align-center\"><strong>Dr. Marius Br\u00fclhart<\/strong><\/p>\n\n<p>Dr. Br\u00fclhart \u00e8 professore presso la Facolt\u00e0 di Economia dell&#8217;HEC Lausanne, Universit\u00e0 di Losanna.<\/p>\n\n<p>Prima di iniziare nel 2002, \u00e8 stato assistente professore presso HEC Lausanne, docente presso l&#8217;Universit\u00e0 di Manchester (Regno Unito) e docente temporaneo al Trinity College di Dublino.<\/p>\n\n<p>Dr. Br\u00fclhart ha conseguito un dottorato in economia presso il Trinity College di Dublino (1996) e un bachelor in economia presso l&#8217;Universit\u00e0 di Friburgo (1991).<\/p>\n\n<p>Ha fornito consulenza a numerosi responsabili politici, tra cui la Banca Mondiale, la Commissione europea, l&#8217;OCSE e vari enti governativi svizzeri (confederazione e cantoni). Negli anni 1991-1992, il Dr. Br\u00fclhart ha lavorato come economista presso UBS a Zurigo.<\/p>\n\n<p><a href=\"https:\/\/people.unil.ch\/mariusbrulhart\">Al profilo<\/a> del Dr. Br\u00fclhart presso l&#8217;Universit\u00e0 di Losanna.<\/p>\n<p>\n                \n                \n            <\/span>\n        <\/div>\n        \n","protected":false},"excerpt":{"rendered":"<p>Durante l&#8217;intervista il Dr. Br\u00fclhart dell&#8217;HEC Lausanne spiega: \u00abLa massa ereditaria continuer\u00e0 a crescere per decenni\u00bb<\/p>\n","protected":false},"author":4,"featured_media":24351,"comment_status":"open","ping_status":"closed","sticky":false,"template":"","format":"standard","meta":{"_acf_changed":false,"footnotes":""},"categories":[2474],"tags":[2311,2397,2392,2116,2128],"class_list":["post-48189","post","type-post","status-publish","format-standard","has-post-thumbnail","hentry","category-opere-caritative","tag-eredita","tag-eredita-it-2","tag-immobiliare","tag-imposta-sulla-successione","tag-quota-libera"],"acf":[],"yoast_head":"<title>Ulteriori miliardi per le ONG svizzere - Intervista con il Dr. Br\u00fchlhart<\/title>\n<meta name=\"description\" content=\"Durante l&#039;intervista il Dr. Br\u00fclhart dell&#039;HEC Lausanne spiega: \u00abLa massa ereditaria continuer\u00e0 a crescere per decenni\u00bb\" \/>\n<meta name=\"robots\" content=\"index, follow, max-snippet:-1, max-image-preview:large, max-video-preview:-1\" \/>\n<link rel=\"canonical\" href=\"https:\/\/www.deinadieu.ch\/it\/ulteriori-miliardi-previsti-per-le-ong-svizzere-intervista-con-il-dr-bruelhart-hec-losanna\/\" \/>\n<meta property=\"og:locale\" content=\"it_IT\" \/>\n<meta property=\"og:type\" content=\"article\" \/>\n<meta property=\"og:title\" content=\"Ulteriori miliardi previsti per le ONG svizzere - Intervista con il Dr. Br\u00fclhart (HEC Lausanne)\" \/>\n<meta property=\"og:description\" content=\"Durante l&#039;intervista il Dr. Br\u00fclhart dell&#039;HEC Lausanne spiega: \u00abLa massa ereditaria continuer\u00e0 a crescere per decenni\u00bb Dott. Br\u00fclhart, in qualit\u00e0 di\" \/>\n<meta property=\"og:url\" content=\"https:\/\/www.deinadieu.ch\/it\/ulteriori-miliardi-previsti-per-le-ong-svizzere-intervista-con-il-dr-bruelhart-hec-losanna\/\" \/>\n<meta property=\"og:site_name\" content=\"DeinAdieu.ch\" \/>\n<meta property=\"article:publisher\" content=\"https:\/\/www.facebook.com\/deinadieu\" \/>\n<meta property=\"article:published_time\" content=\"2020-10-07T06:56:00+00:00\" \/>\n<meta property=\"article:modified_time\" content=\"2022-07-16T14:54:01+00:00\" \/>\n<meta property=\"og:image\" content=\"https:\/\/static.deinadieu.ch\/uploads\/2020\/09\/Marius-Bru\u0308lhart.jpg\" \/>\n\t<meta property=\"og:image:width\" content=\"1330\" \/>\n\t<meta property=\"og:image:height\" content=\"719\" \/>\n\t<meta property=\"og:image:type\" content=\"image\/jpeg\" \/>\n<meta name=\"author\" content=\"Nicolas Gehrig, Gesch\u00e4ftsf\u00fchrer DeinAdieu.ch\" \/>\n<meta name=\"twitter:card\" content=\"summary_large_image\" \/>\n<meta name=\"twitter:creator\" content=\"@DeinAdieu\" \/>\n<meta name=\"twitter:site\" content=\"@DeinAdieu\" \/>\n<meta name=\"twitter:label1\" content=\"Written by\" \/>\n\t<meta name=\"twitter:data1\" content=\"Nicolas Gehrig, Gesch\u00e4ftsf\u00fchrer DeinAdieu.ch\" \/>\n\t<meta name=\"twitter:label2\" content=\"Est. reading time\" \/>\n\t<meta name=\"twitter:data2\" content=\"5 minutes\" \/>\n<script type=\"application\/ld+json\" class=\"yoast-schema-graph\">{\"@context\":\"https:\\\/\\\/schema.org\",\"@graph\":[{\"@type\":\"Article\",\"@id\":\"https:\\\/\\\/www.deinadieu.ch\\\/it\\\/ulteriori-miliardi-previsti-per-le-ong-svizzere-intervista-con-il-dr-bruelhart-hec-losanna\\\/#article\",\"isPartOf\":{\"@id\":\"https:\\\/\\\/www.deinadieu.ch\\\/it\\\/ulteriori-miliardi-previsti-per-le-ong-svizzere-intervista-con-il-dr-bruelhart-hec-losanna\\\/\"},\"author\":{\"name\":\"Nicolas Gehrig, Gesch\u00e4ftsf\u00fchrer DeinAdieu.ch\",\"@id\":\"https:\\\/\\\/www.deinadieu.ch\\\/it\\\/#\\\/schema\\\/person\\\/12384d50d70b1ee7580d49a4327f4320\"},\"headline\":\"Ulteriori miliardi previsti per le ONG svizzere &#8211; Intervista con il Dr. Br\u00fclhart (HEC Lausanne)\",\"datePublished\":\"2020-10-07T06:56:00+00:00\",\"dateModified\":\"2022-07-16T14:54:01+00:00\",\"mainEntityOfPage\":{\"@id\":\"https:\\\/\\\/www.deinadieu.ch\\\/it\\\/ulteriori-miliardi-previsti-per-le-ong-svizzere-intervista-con-il-dr-bruelhart-hec-losanna\\\/\"},\"wordCount\":1088,\"commentCount\":0,\"publisher\":{\"@id\":\"https:\\\/\\\/www.deinadieu.ch\\\/it\\\/#organization\"},\"image\":{\"@id\":\"https:\\\/\\\/www.deinadieu.ch\\\/it\\\/ulteriori-miliardi-previsti-per-le-ong-svizzere-intervista-con-il-dr-bruelhart-hec-losanna\\\/#primaryimage\"},\"thumbnailUrl\":\"https:\\\/\\\/www.deinadieu.ch\\\/wp-content\\\/uploads\\\/2020\\\/09\\\/Marius-Bru\u0308lhart.jpg\",\"keywords\":[\"Eredit\u00e0\",\"Eredit\u00e0\",\"immobiliare\",\"Imposta sulla successione\",\"quota libera\"],\"articleSection\":[\"Focus sulle opere caritative\"],\"inLanguage\":\"it-IT\",\"potentialAction\":[{\"@type\":\"CommentAction\",\"name\":\"Comment\",\"target\":[\"https:\\\/\\\/www.deinadieu.ch\\\/it\\\/ulteriori-miliardi-previsti-per-le-ong-svizzere-intervista-con-il-dr-bruelhart-hec-losanna\\\/#respond\"]}]},{\"@type\":\"WebPage\",\"@id\":\"https:\\\/\\\/www.deinadieu.ch\\\/it\\\/ulteriori-miliardi-previsti-per-le-ong-svizzere-intervista-con-il-dr-bruelhart-hec-losanna\\\/\",\"url\":\"https:\\\/\\\/www.deinadieu.ch\\\/it\\\/ulteriori-miliardi-previsti-per-le-ong-svizzere-intervista-con-il-dr-bruelhart-hec-losanna\\\/\",\"name\":\"Ulteriori miliardi per le ONG svizzere - Intervista con il Dr. Br\u00fchlhart\",\"isPartOf\":{\"@id\":\"https:\\\/\\\/www.deinadieu.ch\\\/it\\\/#website\"},\"primaryImageOfPage\":{\"@id\":\"https:\\\/\\\/www.deinadieu.ch\\\/it\\\/ulteriori-miliardi-previsti-per-le-ong-svizzere-intervista-con-il-dr-bruelhart-hec-losanna\\\/#primaryimage\"},\"image\":{\"@id\":\"https:\\\/\\\/www.deinadieu.ch\\\/it\\\/ulteriori-miliardi-previsti-per-le-ong-svizzere-intervista-con-il-dr-bruelhart-hec-losanna\\\/#primaryimage\"},\"thumbnailUrl\":\"https:\\\/\\\/www.deinadieu.ch\\\/wp-content\\\/uploads\\\/2020\\\/09\\\/Marius-Bru\u0308lhart.jpg\",\"datePublished\":\"2020-10-07T06:56:00+00:00\",\"dateModified\":\"2022-07-16T14:54:01+00:00\",\"description\":\"Durante l'intervista il Dr. Br\u00fclhart dell'HEC Lausanne spiega: \u00abLa massa ereditaria continuer\u00e0 a crescere per decenni\u00bb\",\"breadcrumb\":{\"@id\":\"https:\\\/\\\/www.deinadieu.ch\\\/it\\\/ulteriori-miliardi-previsti-per-le-ong-svizzere-intervista-con-il-dr-bruelhart-hec-losanna\\\/#breadcrumb\"},\"inLanguage\":\"it-IT\",\"potentialAction\":[{\"@type\":\"ReadAction\",\"target\":[\"https:\\\/\\\/www.deinadieu.ch\\\/it\\\/ulteriori-miliardi-previsti-per-le-ong-svizzere-intervista-con-il-dr-bruelhart-hec-losanna\\\/\"]}]},{\"@type\":\"ImageObject\",\"inLanguage\":\"it-IT\",\"@id\":\"https:\\\/\\\/www.deinadieu.ch\\\/it\\\/ulteriori-miliardi-previsti-per-le-ong-svizzere-intervista-con-il-dr-bruelhart-hec-losanna\\\/#primaryimage\",\"url\":\"https:\\\/\\\/www.deinadieu.ch\\\/wp-content\\\/uploads\\\/2020\\\/09\\\/Marius-Bru\u0308lhart.jpg\",\"contentUrl\":\"https:\\\/\\\/www.deinadieu.ch\\\/wp-content\\\/uploads\\\/2020\\\/09\\\/Marius-Bru\u0308lhart.jpg\",\"width\":1330,\"height\":719,\"caption\":\"Dr. Marius Br\u00fclhart (Foto: Nicolas Righetti)\"},{\"@type\":\"BreadcrumbList\",\"@id\":\"https:\\\/\\\/www.deinadieu.ch\\\/it\\\/ulteriori-miliardi-previsti-per-le-ong-svizzere-intervista-con-il-dr-bruelhart-hec-losanna\\\/#breadcrumb\",\"itemListElement\":[{\"@type\":\"ListItem\",\"position\":1,\"name\":\"Home\",\"item\":\"https:\\\/\\\/www.deinadieu.ch\\\/it\\\/deinadieu-dialog-und-serviceportal-zum-lebensende\\\/\"},{\"@type\":\"ListItem\",\"position\":2,\"name\":\"Ulteriori miliardi previsti per le ONG svizzere &#8211; Intervista con il Dr. Br\u00fclhart (HEC Lausanne)\"}]},{\"@type\":\"WebSite\",\"@id\":\"https:\\\/\\\/www.deinadieu.ch\\\/it\\\/#website\",\"url\":\"https:\\\/\\\/www.deinadieu.ch\\\/it\\\/\",\"name\":\"DeinAdieu.ch\",\"description\":\"Testament, Patientenverf\u00fcgung und Vorsorgeauftrag\",\"publisher\":{\"@id\":\"https:\\\/\\\/www.deinadieu.ch\\\/it\\\/#organization\"},\"potentialAction\":[{\"@type\":\"SearchAction\",\"target\":{\"@type\":\"EntryPoint\",\"urlTemplate\":\"https:\\\/\\\/www.deinadieu.ch\\\/it\\\/?s={search_term_string}\"},\"query-input\":{\"@type\":\"PropertyValueSpecification\",\"valueRequired\":true,\"valueName\":\"search_term_string\"}}],\"inLanguage\":\"it-IT\"},{\"@type\":\"Organization\",\"@id\":\"https:\\\/\\\/www.deinadieu.ch\\\/it\\\/#organization\",\"name\":\"EMNA Web GmbH\",\"url\":\"https:\\\/\\\/www.deinadieu.ch\\\/it\\\/\",\"logo\":{\"@type\":\"ImageObject\",\"inLanguage\":\"it-IT\",\"@id\":\"https:\\\/\\\/www.deinadieu.ch\\\/it\\\/#\\\/schema\\\/logo\\\/image\\\/\",\"url\":\"https:\\\/\\\/www.deinadieu.ch\\\/wp-content\\\/uploads\\\/2016\\\/01\\\/DeinAdieu_Logo.png\",\"contentUrl\":\"https:\\\/\\\/www.deinadieu.ch\\\/wp-content\\\/uploads\\\/2016\\\/01\\\/DeinAdieu_Logo.png\",\"width\":300,\"height\":117,\"caption\":\"EMNA Web GmbH\"},\"image\":{\"@id\":\"https:\\\/\\\/www.deinadieu.ch\\\/it\\\/#\\\/schema\\\/logo\\\/image\\\/\"},\"sameAs\":[\"https:\\\/\\\/www.facebook.com\\\/deinadieu\",\"https:\\\/\\\/x.com\\\/DeinAdieu\",\"https:\\\/\\\/www.instagram.com\\\/deinadieu\\\/\",\"https:\\\/\\\/www.linkedin.com\\\/company\\\/deinadieu.ch\"]},{\"@type\":\"Person\",\"@id\":\"https:\\\/\\\/www.deinadieu.ch\\\/it\\\/#\\\/schema\\\/person\\\/12384d50d70b1ee7580d49a4327f4320\",\"name\":\"Nicolas Gehrig, Gesch\u00e4ftsf\u00fchrer DeinAdieu.ch\",\"image\":{\"@type\":\"ImageObject\",\"inLanguage\":\"it-IT\",\"@id\":\"https:\\\/\\\/secure.gravatar.com\\\/avatar\\\/ec8d8b765ab45808afc65517603da6c5851f2778460d1389a0ea1b55ebe1c9b8?s=96&d=mm&r=g\",\"url\":\"https:\\\/\\\/secure.gravatar.com\\\/avatar\\\/ec8d8b765ab45808afc65517603da6c5851f2778460d1389a0ea1b55ebe1c9b8?s=96&d=mm&r=g\",\"contentUrl\":\"https:\\\/\\\/secure.gravatar.com\\\/avatar\\\/ec8d8b765ab45808afc65517603da6c5851f2778460d1389a0ea1b55ebe1c9b8?s=96&d=mm&r=g\",\"caption\":\"Nicolas Gehrig, Gesch\u00e4ftsf\u00fchrer DeinAdieu.ch\"},\"description\":\"Gesch\u00e4ftsf\u00fchrer DeinAdieu.ch\",\"url\":\"https:\\\/\\\/www.deinadieu.ch\\\/it\\\/author\\\/nicolas\\\/\"}]}<\/script>","yoast_head_json":{"title":"Ulteriori miliardi per le ONG svizzere - Intervista con il Dr. Br\u00fchlhart","description":"Durante l'intervista il Dr. Br\u00fclhart dell'HEC Lausanne spiega: \u00abLa massa ereditaria continuer\u00e0 a crescere per decenni\u00bb","robots":{"index":"index","follow":"follow","max-snippet":"max-snippet:-1","max-image-preview":"max-image-preview:large","max-video-preview":"max-video-preview:-1"},"canonical":"https:\/\/www.deinadieu.ch\/it\/ulteriori-miliardi-previsti-per-le-ong-svizzere-intervista-con-il-dr-bruelhart-hec-losanna\/","og_locale":"it_IT","og_type":"article","og_title":"Ulteriori miliardi previsti per le ONG svizzere - Intervista con il Dr. Br\u00fclhart (HEC Lausanne)","og_description":"Durante l'intervista il Dr. Br\u00fclhart dell'HEC Lausanne spiega: \u00abLa massa ereditaria continuer\u00e0 a crescere per decenni\u00bb Dott. Br\u00fclhart, in qualit\u00e0 di","og_url":"https:\/\/www.deinadieu.ch\/it\/ulteriori-miliardi-previsti-per-le-ong-svizzere-intervista-con-il-dr-bruelhart-hec-losanna\/","og_site_name":"DeinAdieu.ch","article_publisher":"https:\/\/www.facebook.com\/deinadieu","article_published_time":"2020-10-07T06:56:00+00:00","article_modified_time":"2022-07-16T14:54:01+00:00","og_image":[{"width":1330,"height":719,"url":"https:\/\/static.deinadieu.ch\/uploads\/2020\/09\/Marius-Bru\u0308lhart.jpg","type":"image\/jpeg"}],"author":"Nicolas Gehrig, Gesch\u00e4ftsf\u00fchrer DeinAdieu.ch","twitter_card":"summary_large_image","twitter_creator":"@DeinAdieu","twitter_site":"@DeinAdieu","twitter_misc":{"Written by":"Nicolas Gehrig, Gesch\u00e4ftsf\u00fchrer DeinAdieu.ch","Est. reading time":"5 minutes"},"schema":{"@context":"https:\/\/schema.org","@graph":[{"@type":"Article","@id":"https:\/\/www.deinadieu.ch\/it\/ulteriori-miliardi-previsti-per-le-ong-svizzere-intervista-con-il-dr-bruelhart-hec-losanna\/#article","isPartOf":{"@id":"https:\/\/www.deinadieu.ch\/it\/ulteriori-miliardi-previsti-per-le-ong-svizzere-intervista-con-il-dr-bruelhart-hec-losanna\/"},"author":{"name":"Nicolas Gehrig, Gesch\u00e4ftsf\u00fchrer DeinAdieu.ch","@id":"https:\/\/www.deinadieu.ch\/it\/#\/schema\/person\/12384d50d70b1ee7580d49a4327f4320"},"headline":"Ulteriori miliardi previsti per le ONG svizzere &#8211; Intervista con il Dr. Br\u00fclhart (HEC Lausanne)","datePublished":"2020-10-07T06:56:00+00:00","dateModified":"2022-07-16T14:54:01+00:00","mainEntityOfPage":{"@id":"https:\/\/www.deinadieu.ch\/it\/ulteriori-miliardi-previsti-per-le-ong-svizzere-intervista-con-il-dr-bruelhart-hec-losanna\/"},"wordCount":1088,"commentCount":0,"publisher":{"@id":"https:\/\/www.deinadieu.ch\/it\/#organization"},"image":{"@id":"https:\/\/www.deinadieu.ch\/it\/ulteriori-miliardi-previsti-per-le-ong-svizzere-intervista-con-il-dr-bruelhart-hec-losanna\/#primaryimage"},"thumbnailUrl":"https:\/\/www.deinadieu.ch\/wp-content\/uploads\/2020\/09\/Marius-Bru\u0308lhart.jpg","keywords":["Eredit\u00e0","Eredit\u00e0","immobiliare","Imposta sulla successione","quota libera"],"articleSection":["Focus sulle opere caritative"],"inLanguage":"it-IT","potentialAction":[{"@type":"CommentAction","name":"Comment","target":["https:\/\/www.deinadieu.ch\/it\/ulteriori-miliardi-previsti-per-le-ong-svizzere-intervista-con-il-dr-bruelhart-hec-losanna\/#respond"]}]},{"@type":"WebPage","@id":"https:\/\/www.deinadieu.ch\/it\/ulteriori-miliardi-previsti-per-le-ong-svizzere-intervista-con-il-dr-bruelhart-hec-losanna\/","url":"https:\/\/www.deinadieu.ch\/it\/ulteriori-miliardi-previsti-per-le-ong-svizzere-intervista-con-il-dr-bruelhart-hec-losanna\/","name":"Ulteriori miliardi per le ONG svizzere - Intervista con il Dr. Br\u00fchlhart","isPartOf":{"@id":"https:\/\/www.deinadieu.ch\/it\/#website"},"primaryImageOfPage":{"@id":"https:\/\/www.deinadieu.ch\/it\/ulteriori-miliardi-previsti-per-le-ong-svizzere-intervista-con-il-dr-bruelhart-hec-losanna\/#primaryimage"},"image":{"@id":"https:\/\/www.deinadieu.ch\/it\/ulteriori-miliardi-previsti-per-le-ong-svizzere-intervista-con-il-dr-bruelhart-hec-losanna\/#primaryimage"},"thumbnailUrl":"https:\/\/www.deinadieu.ch\/wp-content\/uploads\/2020\/09\/Marius-Bru\u0308lhart.jpg","datePublished":"2020-10-07T06:56:00+00:00","dateModified":"2022-07-16T14:54:01+00:00","description":"Durante l'intervista il Dr. Br\u00fclhart dell'HEC Lausanne spiega: \u00abLa massa ereditaria continuer\u00e0 a crescere per decenni\u00bb","breadcrumb":{"@id":"https:\/\/www.deinadieu.ch\/it\/ulteriori-miliardi-previsti-per-le-ong-svizzere-intervista-con-il-dr-bruelhart-hec-losanna\/#breadcrumb"},"inLanguage":"it-IT","potentialAction":[{"@type":"ReadAction","target":["https:\/\/www.deinadieu.ch\/it\/ulteriori-miliardi-previsti-per-le-ong-svizzere-intervista-con-il-dr-bruelhart-hec-losanna\/"]}]},{"@type":"ImageObject","inLanguage":"it-IT","@id":"https:\/\/www.deinadieu.ch\/it\/ulteriori-miliardi-previsti-per-le-ong-svizzere-intervista-con-il-dr-bruelhart-hec-losanna\/#primaryimage","url":"https:\/\/www.deinadieu.ch\/wp-content\/uploads\/2020\/09\/Marius-Bru\u0308lhart.jpg","contentUrl":"https:\/\/www.deinadieu.ch\/wp-content\/uploads\/2020\/09\/Marius-Bru\u0308lhart.jpg","width":1330,"height":719,"caption":"Dr. Marius Br\u00fclhart (Foto: Nicolas Righetti)"},{"@type":"BreadcrumbList","@id":"https:\/\/www.deinadieu.ch\/it\/ulteriori-miliardi-previsti-per-le-ong-svizzere-intervista-con-il-dr-bruelhart-hec-losanna\/#breadcrumb","itemListElement":[{"@type":"ListItem","position":1,"name":"Home","item":"https:\/\/www.deinadieu.ch\/it\/deinadieu-dialog-und-serviceportal-zum-lebensende\/"},{"@type":"ListItem","position":2,"name":"Ulteriori miliardi previsti per le ONG svizzere &#8211; Intervista con il Dr. Br\u00fclhart (HEC Lausanne)"}]},{"@type":"WebSite","@id":"https:\/\/www.deinadieu.ch\/it\/#website","url":"https:\/\/www.deinadieu.ch\/it\/","name":"DeinAdieu.ch","description":"Testament, Patientenverf\u00fcgung und Vorsorgeauftrag","publisher":{"@id":"https:\/\/www.deinadieu.ch\/it\/#organization"},"potentialAction":[{"@type":"SearchAction","target":{"@type":"EntryPoint","urlTemplate":"https:\/\/www.deinadieu.ch\/it\/?s={search_term_string}"},"query-input":{"@type":"PropertyValueSpecification","valueRequired":true,"valueName":"search_term_string"}}],"inLanguage":"it-IT"},{"@type":"Organization","@id":"https:\/\/www.deinadieu.ch\/it\/#organization","name":"EMNA Web GmbH","url":"https:\/\/www.deinadieu.ch\/it\/","logo":{"@type":"ImageObject","inLanguage":"it-IT","@id":"https:\/\/www.deinadieu.ch\/it\/#\/schema\/logo\/image\/","url":"https:\/\/www.deinadieu.ch\/wp-content\/uploads\/2016\/01\/DeinAdieu_Logo.png","contentUrl":"https:\/\/www.deinadieu.ch\/wp-content\/uploads\/2016\/01\/DeinAdieu_Logo.png","width":300,"height":117,"caption":"EMNA Web GmbH"},"image":{"@id":"https:\/\/www.deinadieu.ch\/it\/#\/schema\/logo\/image\/"},"sameAs":["https:\/\/www.facebook.com\/deinadieu","https:\/\/x.com\/DeinAdieu","https:\/\/www.instagram.com\/deinadieu\/","https:\/\/www.linkedin.com\/company\/deinadieu.ch"]},{"@type":"Person","@id":"https:\/\/www.deinadieu.ch\/it\/#\/schema\/person\/12384d50d70b1ee7580d49a4327f4320","name":"Nicolas Gehrig, Gesch\u00e4ftsf\u00fchrer DeinAdieu.ch","image":{"@type":"ImageObject","inLanguage":"it-IT","@id":"https:\/\/secure.gravatar.com\/avatar\/ec8d8b765ab45808afc65517603da6c5851f2778460d1389a0ea1b55ebe1c9b8?s=96&d=mm&r=g","url":"https:\/\/secure.gravatar.com\/avatar\/ec8d8b765ab45808afc65517603da6c5851f2778460d1389a0ea1b55ebe1c9b8?s=96&d=mm&r=g","contentUrl":"https:\/\/secure.gravatar.com\/avatar\/ec8d8b765ab45808afc65517603da6c5851f2778460d1389a0ea1b55ebe1c9b8?s=96&d=mm&r=g","caption":"Nicolas Gehrig, Gesch\u00e4ftsf\u00fchrer DeinAdieu.ch"},"description":"Gesch\u00e4ftsf\u00fchrer DeinAdieu.ch","url":"https:\/\/www.deinadieu.ch\/it\/author\/nicolas\/"}]}},"_links":{"self":[{"href":"https:\/\/www.deinadieu.ch\/it\/wp-json\/wp\/v2\/posts\/48189","targetHints":{"allow":["GET"]}}],"collection":[{"href":"https:\/\/www.deinadieu.ch\/it\/wp-json\/wp\/v2\/posts"}],"about":[{"href":"https:\/\/www.deinadieu.ch\/it\/wp-json\/wp\/v2\/types\/post"}],"author":[{"embeddable":true,"href":"https:\/\/www.deinadieu.ch\/it\/wp-json\/wp\/v2\/users\/4"}],"replies":[{"embeddable":true,"href":"https:\/\/www.deinadieu.ch\/it\/wp-json\/wp\/v2\/comments?post=48189"}],"version-history":[{"count":10,"href":"https:\/\/www.deinadieu.ch\/it\/wp-json\/wp\/v2\/posts\/48189\/revisions"}],"predecessor-version":[{"id":56960,"href":"https:\/\/www.deinadieu.ch\/it\/wp-json\/wp\/v2\/posts\/48189\/revisions\/56960"}],"wp:featuredmedia":[{"embeddable":true,"href":"https:\/\/www.deinadieu.ch\/it\/wp-json\/wp\/v2\/media\/24351"}],"wp:attachment":[{"href":"https:\/\/www.deinadieu.ch\/it\/wp-json\/wp\/v2\/media?parent=48189"}],"wp:term":[{"taxonomy":"category","embeddable":true,"href":"https:\/\/www.deinadieu.ch\/it\/wp-json\/wp\/v2\/categories?post=48189"},{"taxonomy":"post_tag","embeddable":true,"href":"https:\/\/www.deinadieu.ch\/it\/wp-json\/wp\/v2\/tags?post=48189"}],"curies":[{"name":"wp","href":"https:\/\/api.w.org\/{rel}","templated":true}]}}