{"id":2163,"count":3,"description":"Lorsqu'une personne d\u00e9c\u00e8de, les proches doivent s'occuper de nombreuses t\u00e2ches administratives et organisationnelles. DeinAdieu propose ici une vue d'ensemble et des informations \u00e0 propos des t\u00e2ches concern\u00e9es. Ainsi, une assistance concr\u00e8te est fournie afin de traiter les questions organisationnelles aussi rapidement et facilement que possible. Le but est que vous disposiez ainsi du plus de temps possible pour vivre votre p\u00e9riode de deuil.","link":"https:\/\/www.deinadieu.ch\/fr\/conseiller-category\/dun-point-de-vue-organisationnel\/","name":"S'organiser","slug":"dun-point-de-vue-organisationnel","taxonomy":"ratgeber-category","parent":0,"meta":[],"acf":[],"yoast_head":"<title>S&#039;organiser Archive | DeinAdieu.ch<\/title>\n<meta name=\"robots\" content=\"index, follow, max-snippet:-1, max-image-preview:large, max-video-preview:-1\" \/>\n<link rel=\"canonical\" href=\"https:\/\/www.deinadieu.ch\/fr\/conseiller-category\/dun-point-de-vue-organisationnel\/\" \/>\n<meta property=\"og:locale\" content=\"fr_FR\" \/>\n<meta property=\"og:type\" content=\"article\" \/>\n<meta property=\"og:title\" content=\"S&#039;organiser Archive\" \/>\n<meta property=\"og:url\" content=\"https:\/\/www.deinadieu.ch\/fr\/conseiller-category\/dun-point-de-vue-organisationnel\/\" \/>\n<meta property=\"og:site_name\" content=\"DeinAdieu.ch\" \/>\n<meta name=\"twitter:card\" content=\"summary_large_image\" \/>\n<meta name=\"twitter:site\" content=\"@DeinAdieu\" \/>\n<script type=\"application\/ld+json\" class=\"yoast-schema-graph\">{\"@context\":\"https:\\\/\\\/schema.org\",\"@graph\":[{\"@type\":\"CollectionPage\",\"@id\":\"https:\\\/\\\/www.deinadieu.ch\\\/fr\\\/conseiller-category\\\/dun-point-de-vue-organisationnel\\\/\",\"url\":\"https:\\\/\\\/www.deinadieu.ch\\\/fr\\\/conseiller-category\\\/dun-point-de-vue-organisationnel\\\/\",\"name\":\"S'organiser Archive | DeinAdieu.ch\",\"isPartOf\":{\"@id\":\"https:\\\/\\\/www.deinadieu.ch\\\/fr\\\/#website\"},\"breadcrumb\":{\"@id\":\"https:\\\/\\\/www.deinadieu.ch\\\/fr\\\/conseiller-category\\\/dun-point-de-vue-organisationnel\\\/#breadcrumb\"},\"inLanguage\":\"fr-FR\"},{\"@type\":\"BreadcrumbList\",\"@id\":\"https:\\\/\\\/www.deinadieu.ch\\\/fr\\\/conseiller-category\\\/dun-point-de-vue-organisationnel\\\/#breadcrumb\",\"itemListElement\":[{\"@type\":\"ListItem\",\"position\":1,\"name\":\"Home\",\"item\":\"https:\\\/\\\/www.deinadieu.ch\\\/fr\\\/deinadieu-dialog-und-serviceportal-zum-lebensende\\\/\"},{\"@type\":\"ListItem\",\"position\":2,\"name\":\"S'organiser\"}]},{\"@type\":\"WebSite\",\"@id\":\"https:\\\/\\\/www.deinadieu.ch\\\/fr\\\/#website\",\"url\":\"https:\\\/\\\/www.deinadieu.ch\\\/fr\\\/\",\"name\":\"DeinAdieu.ch\",\"description\":\"Testament, Patientenverf\u00fcgung und Vorsorgeauftrag\",\"publisher\":{\"@id\":\"https:\\\/\\\/www.deinadieu.ch\\\/fr\\\/#organization\"},\"potentialAction\":[{\"@type\":\"SearchAction\",\"target\":{\"@type\":\"EntryPoint\",\"urlTemplate\":\"https:\\\/\\\/www.deinadieu.ch\\\/fr\\\/?s={search_term_string}\"},\"query-input\":{\"@type\":\"PropertyValueSpecification\",\"valueRequired\":true,\"valueName\":\"search_term_string\"}}],\"inLanguage\":\"fr-FR\"},{\"@type\":\"Organization\",\"@id\":\"https:\\\/\\\/www.deinadieu.ch\\\/fr\\\/#organization\",\"name\":\"EMNA Web GmbH\",\"url\":\"https:\\\/\\\/www.deinadieu.ch\\\/fr\\\/\",\"logo\":{\"@type\":\"ImageObject\",\"inLanguage\":\"fr-FR\",\"@id\":\"https:\\\/\\\/www.deinadieu.ch\\\/fr\\\/#\\\/schema\\\/logo\\\/image\\\/\",\"url\":\"https:\\\/\\\/www.deinadieu.ch\\\/wp-content\\\/uploads\\\/2016\\\/01\\\/DeinAdieu_Logo.png\",\"contentUrl\":\"https:\\\/\\\/www.deinadieu.ch\\\/wp-content\\\/uploads\\\/2016\\\/01\\\/DeinAdieu_Logo.png\",\"width\":300,\"height\":117,\"caption\":\"EMNA Web GmbH\"},\"image\":{\"@id\":\"https:\\\/\\\/www.deinadieu.ch\\\/fr\\\/#\\\/schema\\\/logo\\\/image\\\/\"},\"sameAs\":[\"https:\\\/\\\/www.facebook.com\\\/deinadieu\",\"https:\\\/\\\/x.com\\\/DeinAdieu\",\"https:\\\/\\\/www.instagram.com\\\/deinadieu\\\/\",\"https:\\\/\\\/www.linkedin.com\\\/company\\\/deinadieu.ch\"]}]}<\/script>","yoast_head_json":{"title":"S'organiser Archive | DeinAdieu.ch","robots":{"index":"index","follow":"follow","max-snippet":"max-snippet:-1","max-image-preview":"max-image-preview:large","max-video-preview":"max-video-preview:-1"},"canonical":"https:\/\/www.deinadieu.ch\/fr\/conseiller-category\/dun-point-de-vue-organisationnel\/","og_locale":"fr_FR","og_type":"article","og_title":"S'organiser Archive","og_url":"https:\/\/www.deinadieu.ch\/fr\/conseiller-category\/dun-point-de-vue-organisationnel\/","og_site_name":"DeinAdieu.ch","twitter_card":"summary_large_image","twitter_site":"@DeinAdieu","schema":{"@context":"https:\/\/schema.org","@graph":[{"@type":"CollectionPage","@id":"https:\/\/www.deinadieu.ch\/fr\/conseiller-category\/dun-point-de-vue-organisationnel\/","url":"https:\/\/www.deinadieu.ch\/fr\/conseiller-category\/dun-point-de-vue-organisationnel\/","name":"S'organiser Archive | DeinAdieu.ch","isPartOf":{"@id":"https:\/\/www.deinadieu.ch\/fr\/#website"},"breadcrumb":{"@id":"https:\/\/www.deinadieu.ch\/fr\/conseiller-category\/dun-point-de-vue-organisationnel\/#breadcrumb"},"inLanguage":"fr-FR"},{"@type":"BreadcrumbList","@id":"https:\/\/www.deinadieu.ch\/fr\/conseiller-category\/dun-point-de-vue-organisationnel\/#breadcrumb","itemListElement":[{"@type":"ListItem","position":1,"name":"Home","item":"https:\/\/www.deinadieu.ch\/fr\/deinadieu-dialog-und-serviceportal-zum-lebensende\/"},{"@type":"ListItem","position":2,"name":"S'organiser"}]},{"@type":"WebSite","@id":"https:\/\/www.deinadieu.ch\/fr\/#website","url":"https:\/\/www.deinadieu.ch\/fr\/","name":"DeinAdieu.ch","description":"Testament, Patientenverf\u00fcgung und Vorsorgeauftrag","publisher":{"@id":"https:\/\/www.deinadieu.ch\/fr\/#organization"},"potentialAction":[{"@type":"SearchAction","target":{"@type":"EntryPoint","urlTemplate":"https:\/\/www.deinadieu.ch\/fr\/?s={search_term_string}"},"query-input":{"@type":"PropertyValueSpecification","valueRequired":true,"valueName":"search_term_string"}}],"inLanguage":"fr-FR"},{"@type":"Organization","@id":"https:\/\/www.deinadieu.ch\/fr\/#organization","name":"EMNA Web GmbH","url":"https:\/\/www.deinadieu.ch\/fr\/","logo":{"@type":"ImageObject","inLanguage":"fr-FR","@id":"https:\/\/www.deinadieu.ch\/fr\/#\/schema\/logo\/image\/","url":"https:\/\/www.deinadieu.ch\/wp-content\/uploads\/2016\/01\/DeinAdieu_Logo.png","contentUrl":"https:\/\/www.deinadieu.ch\/wp-content\/uploads\/2016\/01\/DeinAdieu_Logo.png","width":300,"height":117,"caption":"EMNA Web GmbH"},"image":{"@id":"https:\/\/www.deinadieu.ch\/fr\/#\/schema\/logo\/image\/"},"sameAs":["https:\/\/www.facebook.com\/deinadieu","https:\/\/x.com\/DeinAdieu","https:\/\/www.instagram.com\/deinadieu\/","https:\/\/www.linkedin.com\/company\/deinadieu.ch"]}]}},"_links":{"self":[{"href":"https:\/\/www.deinadieu.ch\/fr\/wp-json\/wp\/v2\/ratgeber-category\/2163","targetHints":{"allow":["GET"]}}],"collection":[{"href":"https:\/\/www.deinadieu.ch\/fr\/wp-json\/wp\/v2\/ratgeber-category"}],"about":[{"href":"https:\/\/www.deinadieu.ch\/fr\/wp-json\/wp\/v2\/taxonomies\/ratgeber-category"}],"wp:post_type":[{"href":"https:\/\/www.deinadieu.ch\/fr\/wp-json\/wp\/v2\/ratgeber?ratgeber-category=2163"}],"curies":[{"name":"wp","href":"https:\/\/api.w.org\/{rel}","templated":true}]}}