{"id":67866,"date":"2024-05-14T07:30:00","date_gmt":"2024-05-14T05:30:00","guid":{"rendered":"https:\/\/www.deinadieu.ch\/la-pauvrete-des-personnes-agees-en-suisse-les-personnes-pauvres-luttent-souvent-contre-un-sentiment-de-honte\/"},"modified":"2024-07-10T16:22:04","modified_gmt":"2024-07-10T14:22:04","slug":"la-pauvrete-des-personnes-agees-en-suisse-les-personnes-pauvres-luttent-souvent-contre-un-sentiment-de-honte","status":"publish","type":"post","link":"https:\/\/www.deinadieu.ch\/fr\/la-pauvrete-des-personnes-agees-en-suisse-les-personnes-pauvres-luttent-souvent-contre-un-sentiment-de-honte\/","title":{"rendered":"La pauvret\u00e9 des personnes \u00e2g\u00e9es en Suisse : \u00ab Les personnes pauvres luttent souvent contre un sentiment de honte \u00bb"},"content":{"rendered":"\n<p>Cach\u00e9e et oubli\u00e9e : la pauvret\u00e9 en Suisse. Les personnes \u00e2g\u00e9es de 65 ans et plus, en particulier, manquent de plus en plus souvent d&#8217;argent pour couvrir leurs besoins de base. Paulo Oliveira, directeur de Remar Suisse, explique dans une interview comment l&#8217;organisation lutte contre la pauvret\u00e9. Outre les dons mat\u00e9riels, les collaborateurs et collaboratrices sont \u00e0 l&#8217;\u00e9coute des soucis des personnes concern\u00e9es, car la pauvret\u00e9 des personnes \u00e2g\u00e9es et la solitude vont g\u00e9n\u00e9ralement de pair.<\/p>\n\n<!--more-->\n\n<h2 class=\"wp-block-heading\" id=\"h-wieso-gibt-es-altersarmut-in-der-reichen-schweiz\">Pourquoi la pauvret\u00e9 des personnes \u00e2g\u00e9es existe-t-elle dans un pays aussi riche que la Suisse ?<\/h2>\n\n<p><em>Paulo Oliveira, directeur de Remar Suisse :<\/em><\/p>\n\n<p>La pauvret\u00e9 des personnes \u00e2g\u00e9es est un ph\u00e9nom\u00e8ne cach\u00e9 : des difficult\u00e9s et des coups du sort divers, tels qu&#8217;un divorce, des probl\u00e8mes de sant\u00e9 ou familiaux, conduisent \u00e0 une situation financi\u00e8re difficile. Remar offre une aide contre la pauvret\u00e9 depuis environ sept ans et la situation s&#8217;est consid\u00e9rablement aggrav\u00e9e depuis la pand\u00e9mie de coronavirus. Lorsqu&#8217;une personne est prise dans une spirale financi\u00e8re n\u00e9gative en raison de l&#8217;augmentation des loyers et des prix de l&#8217;\u00e9lectricit\u00e9 ainsi que d&#8217;une mobilit\u00e9 plus co\u00fbteuse, il suffit d&#8217;une goutte d&#8217;eau pour faire d\u00e9border le vase. Les personnes concern\u00e9es ont g\u00e9n\u00e9ralement travaill\u00e9 toute leur vie et n&#8217;aiment pas demander de l&#8217;aide. Elles ressentent souvent de la honte et ont l&#8217;impression d&#8217;\u00eatre des \u00ab personnes de second rang \u00bb. Comme elles ne veulent pas \u00eatre un poids pour la soci\u00e9t\u00e9 \u2013 c&#8217;est ainsi qu&#8217;elles se per\u00e7oivent \u2013, les personnes \u00e2g\u00e9es sont parfois m\u00eame plus enclines \u00e0 quitter la Suisse qu&#8217;\u00e0 se confronter \u00e0 leur sentiment de honte.<\/p>\n\n<p>De plus, les personnes touch\u00e9es par la pauvret\u00e9 sont g\u00e9n\u00e9ralement confront\u00e9es \u00e0 des pr\u00e9jug\u00e9s tels que \u00ab La pauvret\u00e9 n&#8217;existe pas en Suisse ! Ceux qui ont trop peu ne veulent tout simplement pas travailler ! \u00bb. Ceux qu&#8217;on appelle les \u00ab working poor \u00bb, c&#8217;est-\u00e0-dire les personnes qui travaillent mais qui sont quand m\u00eame pauvres, contredisent cette croyance. En Suisse, de plus en plus de personnes sont confront\u00e9es \u00e0 la pauvret\u00e9 li\u00e9e \u00e0 la faiblesse du revenu.<\/p>\n\n<figure class=\"wp-block-image size-large\"><img loading=\"lazy\" decoding=\"async\" width=\"1024\" height=\"683\" src=\"https:\/\/www.deinadieu.ch\/wp-content\/uploads\/2024\/04\/3_Portrait-Paulo-Oliveira-1024x683.jpg\" alt=\"Portrait de Paulo Oliveira\" class=\"wp-image-67662\" srcset=\"https:\/\/www.deinadieu.ch\/wp-content\/uploads\/2024\/04\/3_Portrait-Paulo-Oliveira-1024x683.jpg 1024w, https:\/\/www.deinadieu.ch\/wp-content\/uploads\/2024\/04\/3_Portrait-Paulo-Oliveira-300x200.jpg 300w, https:\/\/www.deinadieu.ch\/wp-content\/uploads\/2024\/04\/3_Portrait-Paulo-Oliveira-1536x1025.jpg 1536w, https:\/\/www.deinadieu.ch\/wp-content\/uploads\/2024\/04\/3_Portrait-Paulo-Oliveira-2048x1366.jpg 2048w\" sizes=\"auto, (max-width: 1024px) 100vw, 1024px\" \/><figcaption class=\"wp-element-caption\">Remar livre chaque semaine des denr\u00e9es alimentaires \u00e0 des personnes touch\u00e9es par la pauvret\u00e9.<\/figcaption><\/figure>\n\n<h2 class=\"wp-block-heading\" id=\"h-wie-stellt-remar-den-kontakt-zu-betroffenen-von-altersarmut-her\">Comment Remar \u00e9tablit-elle le contact avec les personnes concern\u00e9es par la pauvret\u00e9 des personnes \u00e2g\u00e9es ?<\/h2>\n\n<p><em>Paulo Oliveira, directeur de Remar Suisse :<\/em><\/p>\n\n<p>\u00c9tablir le contact avec les personnes dans le besoin est notre plus grand d\u00e9fi, parce que la pauvret\u00e9 est \u00e9galement synonyme d&#8217;isolement et de solitude. Remar g\u00e8re plusieurs centres de distribution dans le canton de Zurich, o\u00f9 elle collabore avec des associations, des \u00e9glises et des b\u00e9n\u00e9voles. Les collaborateurs et collaboratrices sur place disposent d&#8217;un bon r\u00e9seau et connaissent les personnes dont les ressources financi\u00e8res ne suffisent pas pour survivre. Nous pouvons ainsi aider les gens \u00e0 r\u00e9pondre \u00e0 leurs besoins de base. Cependant, notre aide n&#8217;atteint qu&#8217;environ 3% de toutes les personnes touch\u00e9es par la pauvret\u00e9, mais le probl\u00e8me a une ampleur beaucoup plus grande, car la pauvret\u00e9 est bien souvent cach\u00e9e.<\/p>\n\n<figure class=\"wp-block-image size-large\"><img loading=\"lazy\" decoding=\"async\" width=\"1024\" height=\"682\" src=\"https:\/\/www.deinadieu.ch\/wp-content\/uploads\/2024\/04\/4_Lebensmittel-Nahaufnahme-1024x682.jpg\" alt=\"Gros plan sur l'alimentation\" class=\"wp-image-67654\" srcset=\"https:\/\/www.deinadieu.ch\/wp-content\/uploads\/2024\/04\/4_Lebensmittel-Nahaufnahme-1024x682.jpg 1024w, https:\/\/www.deinadieu.ch\/wp-content\/uploads\/2024\/04\/4_Lebensmittel-Nahaufnahme-300x200.jpg 300w, https:\/\/www.deinadieu.ch\/wp-content\/uploads\/2024\/04\/4_Lebensmittel-Nahaufnahme-1536x1023.jpg 1536w, https:\/\/www.deinadieu.ch\/wp-content\/uploads\/2024\/04\/4_Lebensmittel-Nahaufnahme-2048x1364.jpg 2048w\" sizes=\"auto, (max-width: 1024px) 100vw, 1024px\" \/><figcaption class=\"wp-element-caption\">En sauvant les surplus alimentaires, Remar contribue \u00e9galement \u00e0 la lutte contre le gaspillage alimentaire.<\/figcaption><\/figure>\n\n<h2 class=\"wp-block-heading\" id=\"h-wie-bekampft-remar-armut-und-insbesondere-altersarmut\">Comment Remar lutte-t-elle contre la pauvret\u00e9, en particulier contre la pauvret\u00e9 des personnes \u00e2g\u00e9es ?<\/h2>\n\n<p><em>Paulo Oliveira, directeur de Remar Suisse :<\/em><\/p>\n\n<p>Nous collectons les surplus de denr\u00e9es alimentaires et de produits d&#8217;hygi\u00e8ne dans les supermarch\u00e9s et les grandes entreprises de Zurich et de B\u00e2le et nous nous assurons qu&#8217;ils parviennent aux personnes des environs qui ont besoin d&#8217;un appui social. Les personnes dans le besoin peuvent venir chercher les produits dans une dizaine de points de distribution dans le canton de Zurich. Si n\u00e9cessaire, nous faisons \u00e9galement don de meubles et de v\u00eatements ou nous participons aux frais de d\u00e9m\u00e9nagement.<\/p>\n\n<p>Chaque semaine, nous livrons \u00e0 domicile des colis alimentaires et des produits d&#8217;hygi\u00e8ne aux personnes \u00e2g\u00e9es. Lors de ces rencontres, nous prenons parfois le temps de bavarder autour d&#8217;une tasse de caf\u00e9, car les personnes \u00e2g\u00e9es touch\u00e9es par la pauvret\u00e9 ont souvent peu de contacts sociaux parce qu&#8217;elles se retirent de la soci\u00e9t\u00e9.<\/p>\n\n<figure class=\"wp-block-image size-large\"><img loading=\"lazy\" decoding=\"async\" width=\"1024\" height=\"683\" src=\"https:\/\/www.deinadieu.ch\/wp-content\/uploads\/2024\/04\/5_Lebensmittelkisten-mit-Mitarbeiter-1024x683.jpg\" alt=\"Des caisses de denr&#xE9;es alimentaires avec des collaborateurs\" class=\"wp-image-67639\" srcset=\"https:\/\/www.deinadieu.ch\/wp-content\/uploads\/2024\/04\/5_Lebensmittelkisten-mit-Mitarbeiter-1024x683.jpg 1024w, https:\/\/www.deinadieu.ch\/wp-content\/uploads\/2024\/04\/5_Lebensmittelkisten-mit-Mitarbeiter-300x200.jpg 300w, https:\/\/www.deinadieu.ch\/wp-content\/uploads\/2024\/04\/5_Lebensmittelkisten-mit-Mitarbeiter-1536x1024.jpg 1536w, https:\/\/www.deinadieu.ch\/wp-content\/uploads\/2024\/04\/5_Lebensmittelkisten-mit-Mitarbeiter-2048x1366.jpg 2048w\" sizes=\"auto, (max-width: 1024px) 100vw, 1024px\" \/><figcaption class=\"wp-element-caption\">L&#8217;organisation Remar \u2013 abr\u00e9viation de \u00ab r\u00e9habilitation des personnes marginalis\u00e9es \u00bb en allemand \u2013 soutient les groupes sociaux d\u00e9favoris\u00e9s et vuln\u00e9rables.<\/figcaption><\/figure>\n\n<h2 class=\"wp-block-heading\" id=\"h-welche-ruckmeldungen-erhalten-sie-von-armutsbetroffenen-menschen-die-von-remar-unterstutzung-erhalten\">Quels sont les commentaires que vous recevez de la part des personnes touch\u00e9es par la pauvret\u00e9 qui b\u00e9n\u00e9ficient du soutien de Remar ?<\/h2>\n\n<p><em>Paulo Oliveira, directeur de Remar Suisse :<\/em><\/p>\n\n<p>Nous ressentons une grande gratitude. Le soutien financier et mat\u00e9riel apporte un soulagement, par exemple lorsque les parents peuvent acheter une veste d&#8217;hiver de meilleure qualit\u00e9 pour leur fils ou recevoir un coup de pouce financier pour payer une facture du dentiste. Tel est \u00e9galement le cas lorsque les familles peuvent utiliser l&#8217;argent qu&#8217;elles \u00e9conomisent gr\u00e2ce \u00e0 nos centres de distribution pour payer le dentiste. Puisque nous parlons de dents, les soins dentaires, notamment chez les enfants et les personnes \u00e2g\u00e9es, d\u00e9s\u00e9quilibrent rapidement la situation financi\u00e8re.<\/p>\n\n<p>Les personnes \u00e2g\u00e9es appr\u00e9cient non seulement notre soutien mat\u00e9riel, mais \u00e9galement l&#8217;aspect social, c&#8217;est-\u00e0-dire le fait que quelqu&#8217;un passe chez elles et reste pour prendre un caf\u00e9. Nous sommes \u00e0 l&#8217;\u00e9coute et assumons \u00e9galement une assistance spirituelle \u00e0 cet \u00e9gard.<\/p>\n\n<figure class=\"wp-block-image size-large\"><img loading=\"lazy\" decoding=\"async\" width=\"1024\" height=\"682\" src=\"https:\/\/www.deinadieu.ch\/wp-content\/uploads\/2024\/04\/6_Einladen-Lieferungen-1024x682.jpg\" alt=\"Inviter lors des livraisons\" class=\"wp-image-67644\" srcset=\"https:\/\/www.deinadieu.ch\/wp-content\/uploads\/2024\/04\/6_Einladen-Lieferungen-1024x682.jpg 1024w, https:\/\/www.deinadieu.ch\/wp-content\/uploads\/2024\/04\/6_Einladen-Lieferungen-300x200.jpg 300w, https:\/\/www.deinadieu.ch\/wp-content\/uploads\/2024\/04\/6_Einladen-Lieferungen-1536x1024.jpg 1536w, https:\/\/www.deinadieu.ch\/wp-content\/uploads\/2024\/04\/6_Einladen-Lieferungen-2048x1365.jpg 2048w\" sizes=\"auto, (max-width: 1024px) 100vw, 1024px\" \/><figcaption class=\"wp-element-caption\">\u00c0 l&#8217;avenir, Remar souhaite continuer \u00e0 d\u00e9velopper l&#8217;aide aux personnes touch\u00e9es par la pauvret\u00e9.<\/figcaption><\/figure>\n\n<h2 class=\"wp-block-heading\" id=\"h-wozu-setzt-remar-spenden-und-legate-ein\">Comment Remar utilise-t-elle les dons et les legs ?<\/h2>\n\n<p><em>Paulo Oliveira, directeur de Remar Suisse :<\/em><\/p>\n\n<p>Nous souhaitons continuer \u00e0 d\u00e9velopper l&#8217;aide aux personnes touch\u00e9es par la pauvret\u00e9, car le probl\u00e8me est encore plus important parce que la pauvret\u00e9 est bien souvent cach\u00e9e. A l&#8217;avenir, nous souhaitons atteindre davantage de personnes et leur donner un coup de main. Les soins dentaires que j&#8217;ai d\u00e9j\u00e0 mentionn\u00e9s sont une priorit\u00e9 et, \u00e0 cet \u00e9gard, nous souhaitons aider les familles et les personnes \u00e2g\u00e9es de mani\u00e8re plus cibl\u00e9e en cas de contr\u00f4le ou d&#8217;urgence, afin que ces factures ne viennent pas perturber l&#8217;ensemble du budget.<\/p>\n\n<p>L&#8217;aide d&#8217;urgence et l&#8217;aide en cas de catastrophe, par exemple en cas de tremblement de terre ou d&#8217;inondation en Suisse ou \u00e0 l&#8217;\u00e9tranger, ont \u00e9galement connu une forte augmentation ces derni\u00e8res ann\u00e9es et nous y consacrons \u00e9galement des fonds.<\/p>\n\n<h2 class=\"wp-block-heading\" id=\"h-wieso-sollte-ich-remar-im-testament-berucksichtigen\">Pourquoi inclure Remar dans son testament ?<\/h2>\n\n<p><em>Paulo Oliveira, directeur de Remar Suisse :<\/em><\/p>\n\n<p>En faisant un legs, je marque la soci\u00e9t\u00e9 de mon empreinte au-del\u00e0 de ma vie et je laisse une part de justice. Je peux ainsi soutenir les personnes touch\u00e9es par la pauvret\u00e9 et leur offrir une vie meilleure.<\/p>\n\n<figure class=\"wp-block-image size-large\"><img loading=\"lazy\" decoding=\"async\" width=\"1024\" height=\"683\" src=\"https:\/\/www.deinadieu.ch\/wp-content\/uploads\/2024\/04\/2_Lastwagen-Logo-1024x683.jpg\" alt=\"Logo du camion\" class=\"wp-image-67658\" srcset=\"https:\/\/www.deinadieu.ch\/wp-content\/uploads\/2024\/04\/2_Lastwagen-Logo-1024x683.jpg 1024w, https:\/\/www.deinadieu.ch\/wp-content\/uploads\/2024\/04\/2_Lastwagen-Logo-300x200.jpg 300w, https:\/\/www.deinadieu.ch\/wp-content\/uploads\/2024\/04\/2_Lastwagen-Logo-1536x1024.jpg 1536w, https:\/\/www.deinadieu.ch\/wp-content\/uploads\/2024\/04\/2_Lastwagen-Logo-2048x1365.jpg 2048w\" sizes=\"auto, (max-width: 1024px) 100vw, 1024px\" \/><figcaption class=\"wp-element-caption\">Les collaborateurs et collaboratrices de Remar donnent \u00e9galement un coup de main pour les d\u00e9m\u00e9nagements ou les transports.<\/figcaption><\/figure>\n\n<h2 class=\"wp-block-heading\" id=\"h-remar-ist-die-abkurzung-fur-rehabilitation-von-marginalisierten-menschen-was-bedeutet-das-konkret-und-welcher-impuls-treibt-euch-fur-die-sozialen-projekte-an\">Remar est l&#8217;abr\u00e9viation de \u00ab r\u00e9habilitation des personnes marginalis\u00e9es \u00bb en allemand. Qu&#8217;est-ce que cela signifie concr\u00e8tement et quelle est l&#8217;impulsion qui vous pousse \u00e0 r\u00e9aliser des projets sociaux ?<\/h2>\n\n<p><em>Paulo Oliveira, directeur de Remar Suisse :<\/em><\/p>\n\n<p>Qu&#8217;il s&#8217;agisse de l&#8217;aide aux personnes souffrant d&#8217;une d\u00e9pendance, de l&#8217;aide aux personnes touch\u00e9es par la pauvret\u00e9 ou de l&#8217;aide au d\u00e9veloppement en Suisse et \u00e0 l&#8217;\u00e9tranger, nous offrons de l&#8217;espoir et un avenir aux personnes que la soci\u00e9t\u00e9 n\u00e9glige ou qu&#8217;elle a a d\u00e9j\u00e0 abandonn\u00e9es.<\/p>\n\n        <div class=\"da-servicebox relative bg-gray-200 p-4 pt-8 border-solid border-t-8 border-da-dark mb-6\">\n            <i class=\"fas fa-info-circle mx-auto fa-7x text-da-dark\"><\/i>\n            <span style=\"hyphens: auto\">\n                <br \/>\n<strong><a href=\"https:\/\/www.deinadieu.ch\/fr\/oeuvres-de-bienfaisance\/\">Remar<\/a> : offrir de l&#8217;espoir et un avenir <\/strong><br \/>\nAide aux personnes souffrant d&#8217;une d\u00e9pendance, aide aux personnes touch\u00e9es par la pauvret\u00e9, aide d&#8217;urgence et aide en cas de catastrophes ou aide au d\u00e9veloppement : l&#8217;aide aux personnes en situation d\u00e9tresse et le travail humanitaire dans le monde entier sont le d\u00e9nominateur commun de toutes les activit\u00e9s de Remar. Le soutien aux personnes marginalis\u00e9es est au c\u0153ur des projets sociaux : <a href=\"https:\/\/www.deinadieu.ch\/fr\/oeuvres-de-bienfaisance\/\">Remar<\/a> \u2013 abr\u00e9viation de \u00ab <strong>r\u00e9habilitation des personnes marginalis\u00e9es<\/strong> \u00bb en allemand \u2013 soutient les groupes sociaux d\u00e9favoris\u00e9s et vuln\u00e9rables. L&#8217;organisation Remar existe dans plus de 70 pays dans le monde et lutte contre les probl\u00e8mes les plus urgents dans chaque pays.<br \/>\n\n                \n                \n            <\/span>\n        <\/div>\n        \n\n<p>Souhaitez-vous, vous aussi, soutenir des personnes et transmettre la justice apr\u00e8s votre mort ? Vous pouvez r\u00e9diger ici votre testament et y inclure Remar en lui faisant un legs :<\/p>\n\n<div style=\"height:40px\" aria-hidden=\"true\" class=\"wp-block-spacer\"><\/div>\n\n<div class=\"wp-block-buttons is-layout-flex wp-block-buttons-is-layout-flex\">\n<div class=\"wp-block-button\"><a class=\"wp-block-button__link wp-element-button\" href=\"https:\/\/app.deinadieu.ch\/da\/testament\/7530\">Inclure Remar dans son testament<\/a><\/div>\n<\/div>\n","protected":false},"excerpt":{"rendered":"<p>Cach\u00e9e et oubli\u00e9e : la pauvret\u00e9 en Suisse. Les personnes \u00e2g\u00e9es de 65 ans et plus, en particulier, manquent de plus en plus souvent d&#8217;argent pour couvrir leurs besoins de base. Paulo Oliveira, directeur de Remar Suisse, explique dans une interview comment l&#8217;organisation lutte contre la pauvret\u00e9. Outre les dons mat\u00e9riels, les collaborateurs et collaboratrices [&hellip;]<\/p>\n","protected":false},"author":6038,"featured_media":67636,"comment_status":"open","ping_status":"closed","sticky":false,"template":"","format":"standard","meta":{"_acf_changed":false,"footnotes":""},"categories":[2450],"tags":[2584,2841,3164,3667,2469,3669,3668,2005],"class_list":["post-67866","post","type-post","status-publish","format-standard","has-post-thumbnail","hentry","category-oeuvres-caritatives","tag-faire-un-don","tag-organisation-dutilite-publique","tag-organisations-daide","tag-pauvrete-des-personnes-agees","tag-quel-effet-mon-heritage-peut-il-avoir","tag-soutien-durable","tag-soutien-materiel","tag-testament-fr"],"acf":[],"yoast_head":"<title>La pauvret\u00e9 des personnes \u00e2g\u00e9es en Suisse : \u00ab Les personnes pauvres luttent souvent contre un sentiment de honte \u00bb | DeinAdieu.ch<\/title>\n<meta name=\"description\" content=\"D\u00e9couvrez qui est touch\u00e9 par la pauvret\u00e9 des personnes \u00e2g\u00e9es en Suisse et comment Remar la combat.\" \/>\n<meta name=\"robots\" content=\"index, follow, max-snippet:-1, max-image-preview:large, max-video-preview:-1\" \/>\n<link rel=\"canonical\" href=\"https:\/\/www.deinadieu.ch\/fr\/la-pauvrete-des-personnes-agees-en-suisse-les-personnes-pauvres-luttent-souvent-contre-un-sentiment-de-honte\/\" \/>\n<meta property=\"og:locale\" content=\"fr_FR\" \/>\n<meta property=\"og:type\" content=\"article\" \/>\n<meta property=\"og:title\" content=\"La pauvret\u00e9 des personnes \u00e2g\u00e9es en Suisse : \u00ab Les personnes pauvres luttent souvent contre un sentiment de honte \u00bb\" \/>\n<meta property=\"og:description\" content=\"Cach\u00e9e et oubli\u00e9e : la pauvret\u00e9 en Suisse. Les personnes \u00e2g\u00e9es de 65 ans et plus, en particulier, manquent de plus en plus souvent d&#039;argent pour couvrir\" \/>\n<meta property=\"og:url\" content=\"https:\/\/www.deinadieu.ch\/fr\/la-pauvrete-des-personnes-agees-en-suisse-les-personnes-pauvres-luttent-souvent-contre-un-sentiment-de-honte\/\" \/>\n<meta property=\"og:site_name\" content=\"DeinAdieu.ch\" \/>\n<meta property=\"article:publisher\" content=\"https:\/\/www.facebook.com\/deinadieu\" \/>\n<meta property=\"article:published_time\" content=\"2024-05-14T05:30:00+00:00\" \/>\n<meta property=\"article:modified_time\" content=\"2024-07-10T14:22:04+00:00\" \/>\n<meta property=\"og:image\" content=\"https:\/\/static.deinadieu.ch\/uploads\/2024\/04\/1_Front_Aufmacher-scaled.jpg\" \/>\n\t<meta property=\"og:image:width\" content=\"2560\" \/>\n\t<meta property=\"og:image:height\" content=\"1707\" \/>\n\t<meta property=\"og:image:type\" content=\"image\/jpeg\" \/>\n<meta name=\"author\" content=\"Sabrina Rohner\" \/>\n<meta name=\"twitter:card\" content=\"summary_large_image\" \/>\n<meta name=\"twitter:creator\" content=\"@DeinAdieu\" \/>\n<meta name=\"twitter:site\" content=\"@DeinAdieu\" \/>\n<meta name=\"twitter:label1\" content=\"Written by\" \/>\n\t<meta name=\"twitter:data1\" content=\"Sabrina Rohner\" \/>\n\t<meta name=\"twitter:label2\" content=\"Est. reading time\" \/>\n\t<meta name=\"twitter:data2\" content=\"7 minutes\" \/>\n<script type=\"application\/ld+json\" class=\"yoast-schema-graph\">{\"@context\":\"https:\\\/\\\/schema.org\",\"@graph\":[{\"@type\":\"Article\",\"@id\":\"https:\\\/\\\/www.deinadieu.ch\\\/fr\\\/la-pauvrete-des-personnes-agees-en-suisse-les-personnes-pauvres-luttent-souvent-contre-un-sentiment-de-honte\\\/#article\",\"isPartOf\":{\"@id\":\"https:\\\/\\\/www.deinadieu.ch\\\/fr\\\/la-pauvrete-des-personnes-agees-en-suisse-les-personnes-pauvres-luttent-souvent-contre-un-sentiment-de-honte\\\/\"},\"author\":{\"name\":\"Sabrina Rohner\",\"@id\":\"https:\\\/\\\/www.deinadieu.ch\\\/fr\\\/#\\\/schema\\\/person\\\/ad724a53f7e50dd3866fc9b0fc6bbdd9\"},\"headline\":\"La pauvret\u00e9 des personnes \u00e2g\u00e9es en Suisse : \u00ab Les personnes pauvres luttent souvent contre un sentiment de honte \u00bb\",\"datePublished\":\"2024-05-14T05:30:00+00:00\",\"dateModified\":\"2024-07-10T14:22:04+00:00\",\"mainEntityOfPage\":{\"@id\":\"https:\\\/\\\/www.deinadieu.ch\\\/fr\\\/la-pauvrete-des-personnes-agees-en-suisse-les-personnes-pauvres-luttent-souvent-contre-un-sentiment-de-honte\\\/\"},\"wordCount\":1443,\"commentCount\":0,\"publisher\":{\"@id\":\"https:\\\/\\\/www.deinadieu.ch\\\/fr\\\/#organization\"},\"image\":{\"@id\":\"https:\\\/\\\/www.deinadieu.ch\\\/fr\\\/la-pauvrete-des-personnes-agees-en-suisse-les-personnes-pauvres-luttent-souvent-contre-un-sentiment-de-honte\\\/#primaryimage\"},\"thumbnailUrl\":\"https:\\\/\\\/www.deinadieu.ch\\\/wp-content\\\/uploads\\\/2024\\\/04\\\/1_Front_Aufmacher-scaled.jpg\",\"keywords\":[\"Faire un don\",\"Organisation d'utilit\u00e9 publique\",\"organisations d'aide\",\"Pauvret\u00e9 des personnes \u00e2g\u00e9es\",\"Quel effet mon h\u00e9ritage peut-il avoir ?\",\"Soutien durable\",\"Soutien mat\u00e9riel\",\"Testament\"],\"articleSection\":[\"\u0152uvres caritatives en point de mire\"],\"inLanguage\":\"fr-FR\",\"potentialAction\":[{\"@type\":\"CommentAction\",\"name\":\"Comment\",\"target\":[\"https:\\\/\\\/www.deinadieu.ch\\\/fr\\\/la-pauvrete-des-personnes-agees-en-suisse-les-personnes-pauvres-luttent-souvent-contre-un-sentiment-de-honte\\\/#respond\"]}]},{\"@type\":\"WebPage\",\"@id\":\"https:\\\/\\\/www.deinadieu.ch\\\/fr\\\/la-pauvrete-des-personnes-agees-en-suisse-les-personnes-pauvres-luttent-souvent-contre-un-sentiment-de-honte\\\/\",\"url\":\"https:\\\/\\\/www.deinadieu.ch\\\/fr\\\/la-pauvrete-des-personnes-agees-en-suisse-les-personnes-pauvres-luttent-souvent-contre-un-sentiment-de-honte\\\/\",\"name\":\"La pauvret\u00e9 des personnes \u00e2g\u00e9es en Suisse : \u00ab Les personnes pauvres luttent souvent contre un sentiment de honte \u00bb | DeinAdieu.ch\",\"isPartOf\":{\"@id\":\"https:\\\/\\\/www.deinadieu.ch\\\/fr\\\/#website\"},\"primaryImageOfPage\":{\"@id\":\"https:\\\/\\\/www.deinadieu.ch\\\/fr\\\/la-pauvrete-des-personnes-agees-en-suisse-les-personnes-pauvres-luttent-souvent-contre-un-sentiment-de-honte\\\/#primaryimage\"},\"image\":{\"@id\":\"https:\\\/\\\/www.deinadieu.ch\\\/fr\\\/la-pauvrete-des-personnes-agees-en-suisse-les-personnes-pauvres-luttent-souvent-contre-un-sentiment-de-honte\\\/#primaryimage\"},\"thumbnailUrl\":\"https:\\\/\\\/www.deinadieu.ch\\\/wp-content\\\/uploads\\\/2024\\\/04\\\/1_Front_Aufmacher-scaled.jpg\",\"datePublished\":\"2024-05-14T05:30:00+00:00\",\"dateModified\":\"2024-07-10T14:22:04+00:00\",\"description\":\"D\u00e9couvrez qui est touch\u00e9 par la pauvret\u00e9 des personnes \u00e2g\u00e9es en Suisse et comment Remar la combat.\",\"breadcrumb\":{\"@id\":\"https:\\\/\\\/www.deinadieu.ch\\\/fr\\\/la-pauvrete-des-personnes-agees-en-suisse-les-personnes-pauvres-luttent-souvent-contre-un-sentiment-de-honte\\\/#breadcrumb\"},\"inLanguage\":\"fr-FR\",\"potentialAction\":[{\"@type\":\"ReadAction\",\"target\":[\"https:\\\/\\\/www.deinadieu.ch\\\/fr\\\/la-pauvrete-des-personnes-agees-en-suisse-les-personnes-pauvres-luttent-souvent-contre-un-sentiment-de-honte\\\/\"]}]},{\"@type\":\"ImageObject\",\"inLanguage\":\"fr-FR\",\"@id\":\"https:\\\/\\\/www.deinadieu.ch\\\/fr\\\/la-pauvrete-des-personnes-agees-en-suisse-les-personnes-pauvres-luttent-souvent-contre-un-sentiment-de-honte\\\/#primaryimage\",\"url\":\"https:\\\/\\\/www.deinadieu.ch\\\/wp-content\\\/uploads\\\/2024\\\/04\\\/1_Front_Aufmacher-scaled.jpg\",\"contentUrl\":\"https:\\\/\\\/www.deinadieu.ch\\\/wp-content\\\/uploads\\\/2024\\\/04\\\/1_Front_Aufmacher-scaled.jpg\",\"width\":2560,\"height\":1707,\"caption\":\"Remar livre chaque semaine des denr\u00e9es alimentaires \u00e0 des personnes touch\u00e9es par la pauvret\u00e9. (Images : Djamila Grossman)\"},{\"@type\":\"BreadcrumbList\",\"@id\":\"https:\\\/\\\/www.deinadieu.ch\\\/fr\\\/la-pauvrete-des-personnes-agees-en-suisse-les-personnes-pauvres-luttent-souvent-contre-un-sentiment-de-honte\\\/#breadcrumb\",\"itemListElement\":[{\"@type\":\"ListItem\",\"position\":1,\"name\":\"Home\",\"item\":\"https:\\\/\\\/www.deinadieu.ch\\\/fr\\\/deinadieu-dialog-und-serviceportal-zum-lebensende\\\/\"},{\"@type\":\"ListItem\",\"position\":2,\"name\":\"La pauvret\u00e9 des personnes \u00e2g\u00e9es en Suisse : \u00ab Les personnes pauvres luttent souvent contre un sentiment de honte \u00bb\"}]},{\"@type\":\"WebSite\",\"@id\":\"https:\\\/\\\/www.deinadieu.ch\\\/fr\\\/#website\",\"url\":\"https:\\\/\\\/www.deinadieu.ch\\\/fr\\\/\",\"name\":\"DeinAdieu.ch\",\"description\":\"Testament, Patientenverf\u00fcgung und Vorsorgeauftrag\",\"publisher\":{\"@id\":\"https:\\\/\\\/www.deinadieu.ch\\\/fr\\\/#organization\"},\"potentialAction\":[{\"@type\":\"SearchAction\",\"target\":{\"@type\":\"EntryPoint\",\"urlTemplate\":\"https:\\\/\\\/www.deinadieu.ch\\\/fr\\\/?s={search_term_string}\"},\"query-input\":{\"@type\":\"PropertyValueSpecification\",\"valueRequired\":true,\"valueName\":\"search_term_string\"}}],\"inLanguage\":\"fr-FR\"},{\"@type\":\"Organization\",\"@id\":\"https:\\\/\\\/www.deinadieu.ch\\\/fr\\\/#organization\",\"name\":\"EMNA Web GmbH\",\"url\":\"https:\\\/\\\/www.deinadieu.ch\\\/fr\\\/\",\"logo\":{\"@type\":\"ImageObject\",\"inLanguage\":\"fr-FR\",\"@id\":\"https:\\\/\\\/www.deinadieu.ch\\\/fr\\\/#\\\/schema\\\/logo\\\/image\\\/\",\"url\":\"https:\\\/\\\/www.deinadieu.ch\\\/wp-content\\\/uploads\\\/2016\\\/01\\\/DeinAdieu_Logo.png\",\"contentUrl\":\"https:\\\/\\\/www.deinadieu.ch\\\/wp-content\\\/uploads\\\/2016\\\/01\\\/DeinAdieu_Logo.png\",\"width\":300,\"height\":117,\"caption\":\"EMNA Web GmbH\"},\"image\":{\"@id\":\"https:\\\/\\\/www.deinadieu.ch\\\/fr\\\/#\\\/schema\\\/logo\\\/image\\\/\"},\"sameAs\":[\"https:\\\/\\\/www.facebook.com\\\/deinadieu\",\"https:\\\/\\\/x.com\\\/DeinAdieu\",\"https:\\\/\\\/www.instagram.com\\\/deinadieu\\\/\",\"https:\\\/\\\/www.linkedin.com\\\/company\\\/deinadieu.ch\"]},{\"@type\":\"Person\",\"@id\":\"https:\\\/\\\/www.deinadieu.ch\\\/fr\\\/#\\\/schema\\\/person\\\/ad724a53f7e50dd3866fc9b0fc6bbdd9\",\"name\":\"Sabrina Rohner\",\"image\":{\"@type\":\"ImageObject\",\"inLanguage\":\"fr-FR\",\"@id\":\"https:\\\/\\\/secure.gravatar.com\\\/avatar\\\/c72cef3c7bba2e19d98358a63ff805dbe088a70fb947d10024d669ded777102d?s=96&d=mm&r=g\",\"url\":\"https:\\\/\\\/secure.gravatar.com\\\/avatar\\\/c72cef3c7bba2e19d98358a63ff805dbe088a70fb947d10024d669ded777102d?s=96&d=mm&r=g\",\"contentUrl\":\"https:\\\/\\\/secure.gravatar.com\\\/avatar\\\/c72cef3c7bba2e19d98358a63ff805dbe088a70fb947d10024d669ded777102d?s=96&d=mm&r=g\",\"caption\":\"Sabrina Rohner\"},\"url\":\"https:\\\/\\\/www.deinadieu.ch\\\/fr\\\/author\\\/sabrina-rohnergmail-com\\\/\"}]}<\/script>","yoast_head_json":{"title":"La pauvret\u00e9 des personnes \u00e2g\u00e9es en Suisse : \u00ab Les personnes pauvres luttent souvent contre un sentiment de honte \u00bb | DeinAdieu.ch","description":"D\u00e9couvrez qui est touch\u00e9 par la pauvret\u00e9 des personnes \u00e2g\u00e9es en Suisse et comment Remar la combat.","robots":{"index":"index","follow":"follow","max-snippet":"max-snippet:-1","max-image-preview":"max-image-preview:large","max-video-preview":"max-video-preview:-1"},"canonical":"https:\/\/www.deinadieu.ch\/fr\/la-pauvrete-des-personnes-agees-en-suisse-les-personnes-pauvres-luttent-souvent-contre-un-sentiment-de-honte\/","og_locale":"fr_FR","og_type":"article","og_title":"La pauvret\u00e9 des personnes \u00e2g\u00e9es en Suisse : \u00ab Les personnes pauvres luttent souvent contre un sentiment de honte \u00bb","og_description":"Cach\u00e9e et oubli\u00e9e : la pauvret\u00e9 en Suisse. Les personnes \u00e2g\u00e9es de 65 ans et plus, en particulier, manquent de plus en plus souvent d'argent pour couvrir","og_url":"https:\/\/www.deinadieu.ch\/fr\/la-pauvrete-des-personnes-agees-en-suisse-les-personnes-pauvres-luttent-souvent-contre-un-sentiment-de-honte\/","og_site_name":"DeinAdieu.ch","article_publisher":"https:\/\/www.facebook.com\/deinadieu","article_published_time":"2024-05-14T05:30:00+00:00","article_modified_time":"2024-07-10T14:22:04+00:00","og_image":[{"width":2560,"height":1707,"url":"https:\/\/static.deinadieu.ch\/uploads\/2024\/04\/1_Front_Aufmacher-scaled.jpg","type":"image\/jpeg"}],"author":"Sabrina Rohner","twitter_card":"summary_large_image","twitter_creator":"@DeinAdieu","twitter_site":"@DeinAdieu","twitter_misc":{"Written by":"Sabrina Rohner","Est. reading time":"7 minutes"},"schema":{"@context":"https:\/\/schema.org","@graph":[{"@type":"Article","@id":"https:\/\/www.deinadieu.ch\/fr\/la-pauvrete-des-personnes-agees-en-suisse-les-personnes-pauvres-luttent-souvent-contre-un-sentiment-de-honte\/#article","isPartOf":{"@id":"https:\/\/www.deinadieu.ch\/fr\/la-pauvrete-des-personnes-agees-en-suisse-les-personnes-pauvres-luttent-souvent-contre-un-sentiment-de-honte\/"},"author":{"name":"Sabrina Rohner","@id":"https:\/\/www.deinadieu.ch\/fr\/#\/schema\/person\/ad724a53f7e50dd3866fc9b0fc6bbdd9"},"headline":"La pauvret\u00e9 des personnes \u00e2g\u00e9es en Suisse : \u00ab Les personnes pauvres luttent souvent contre un sentiment de honte \u00bb","datePublished":"2024-05-14T05:30:00+00:00","dateModified":"2024-07-10T14:22:04+00:00","mainEntityOfPage":{"@id":"https:\/\/www.deinadieu.ch\/fr\/la-pauvrete-des-personnes-agees-en-suisse-les-personnes-pauvres-luttent-souvent-contre-un-sentiment-de-honte\/"},"wordCount":1443,"commentCount":0,"publisher":{"@id":"https:\/\/www.deinadieu.ch\/fr\/#organization"},"image":{"@id":"https:\/\/www.deinadieu.ch\/fr\/la-pauvrete-des-personnes-agees-en-suisse-les-personnes-pauvres-luttent-souvent-contre-un-sentiment-de-honte\/#primaryimage"},"thumbnailUrl":"https:\/\/www.deinadieu.ch\/wp-content\/uploads\/2024\/04\/1_Front_Aufmacher-scaled.jpg","keywords":["Faire un don","Organisation d'utilit\u00e9 publique","organisations d'aide","Pauvret\u00e9 des personnes \u00e2g\u00e9es","Quel effet mon h\u00e9ritage peut-il avoir ?","Soutien durable","Soutien mat\u00e9riel","Testament"],"articleSection":["\u0152uvres caritatives en point de mire"],"inLanguage":"fr-FR","potentialAction":[{"@type":"CommentAction","name":"Comment","target":["https:\/\/www.deinadieu.ch\/fr\/la-pauvrete-des-personnes-agees-en-suisse-les-personnes-pauvres-luttent-souvent-contre-un-sentiment-de-honte\/#respond"]}]},{"@type":"WebPage","@id":"https:\/\/www.deinadieu.ch\/fr\/la-pauvrete-des-personnes-agees-en-suisse-les-personnes-pauvres-luttent-souvent-contre-un-sentiment-de-honte\/","url":"https:\/\/www.deinadieu.ch\/fr\/la-pauvrete-des-personnes-agees-en-suisse-les-personnes-pauvres-luttent-souvent-contre-un-sentiment-de-honte\/","name":"La pauvret\u00e9 des personnes \u00e2g\u00e9es en Suisse : \u00ab Les personnes pauvres luttent souvent contre un sentiment de honte \u00bb | DeinAdieu.ch","isPartOf":{"@id":"https:\/\/www.deinadieu.ch\/fr\/#website"},"primaryImageOfPage":{"@id":"https:\/\/www.deinadieu.ch\/fr\/la-pauvrete-des-personnes-agees-en-suisse-les-personnes-pauvres-luttent-souvent-contre-un-sentiment-de-honte\/#primaryimage"},"image":{"@id":"https:\/\/www.deinadieu.ch\/fr\/la-pauvrete-des-personnes-agees-en-suisse-les-personnes-pauvres-luttent-souvent-contre-un-sentiment-de-honte\/#primaryimage"},"thumbnailUrl":"https:\/\/www.deinadieu.ch\/wp-content\/uploads\/2024\/04\/1_Front_Aufmacher-scaled.jpg","datePublished":"2024-05-14T05:30:00+00:00","dateModified":"2024-07-10T14:22:04+00:00","description":"D\u00e9couvrez qui est touch\u00e9 par la pauvret\u00e9 des personnes \u00e2g\u00e9es en Suisse et comment Remar la combat.","breadcrumb":{"@id":"https:\/\/www.deinadieu.ch\/fr\/la-pauvrete-des-personnes-agees-en-suisse-les-personnes-pauvres-luttent-souvent-contre-un-sentiment-de-honte\/#breadcrumb"},"inLanguage":"fr-FR","potentialAction":[{"@type":"ReadAction","target":["https:\/\/www.deinadieu.ch\/fr\/la-pauvrete-des-personnes-agees-en-suisse-les-personnes-pauvres-luttent-souvent-contre-un-sentiment-de-honte\/"]}]},{"@type":"ImageObject","inLanguage":"fr-FR","@id":"https:\/\/www.deinadieu.ch\/fr\/la-pauvrete-des-personnes-agees-en-suisse-les-personnes-pauvres-luttent-souvent-contre-un-sentiment-de-honte\/#primaryimage","url":"https:\/\/www.deinadieu.ch\/wp-content\/uploads\/2024\/04\/1_Front_Aufmacher-scaled.jpg","contentUrl":"https:\/\/www.deinadieu.ch\/wp-content\/uploads\/2024\/04\/1_Front_Aufmacher-scaled.jpg","width":2560,"height":1707,"caption":"Remar livre chaque semaine des denr\u00e9es alimentaires \u00e0 des personnes touch\u00e9es par la pauvret\u00e9. (Images : Djamila Grossman)"},{"@type":"BreadcrumbList","@id":"https:\/\/www.deinadieu.ch\/fr\/la-pauvrete-des-personnes-agees-en-suisse-les-personnes-pauvres-luttent-souvent-contre-un-sentiment-de-honte\/#breadcrumb","itemListElement":[{"@type":"ListItem","position":1,"name":"Home","item":"https:\/\/www.deinadieu.ch\/fr\/deinadieu-dialog-und-serviceportal-zum-lebensende\/"},{"@type":"ListItem","position":2,"name":"La pauvret\u00e9 des personnes \u00e2g\u00e9es en Suisse : \u00ab Les personnes pauvres luttent souvent contre un sentiment de honte \u00bb"}]},{"@type":"WebSite","@id":"https:\/\/www.deinadieu.ch\/fr\/#website","url":"https:\/\/www.deinadieu.ch\/fr\/","name":"DeinAdieu.ch","description":"Testament, Patientenverf\u00fcgung und Vorsorgeauftrag","publisher":{"@id":"https:\/\/www.deinadieu.ch\/fr\/#organization"},"potentialAction":[{"@type":"SearchAction","target":{"@type":"EntryPoint","urlTemplate":"https:\/\/www.deinadieu.ch\/fr\/?s={search_term_string}"},"query-input":{"@type":"PropertyValueSpecification","valueRequired":true,"valueName":"search_term_string"}}],"inLanguage":"fr-FR"},{"@type":"Organization","@id":"https:\/\/www.deinadieu.ch\/fr\/#organization","name":"EMNA Web GmbH","url":"https:\/\/www.deinadieu.ch\/fr\/","logo":{"@type":"ImageObject","inLanguage":"fr-FR","@id":"https:\/\/www.deinadieu.ch\/fr\/#\/schema\/logo\/image\/","url":"https:\/\/www.deinadieu.ch\/wp-content\/uploads\/2016\/01\/DeinAdieu_Logo.png","contentUrl":"https:\/\/www.deinadieu.ch\/wp-content\/uploads\/2016\/01\/DeinAdieu_Logo.png","width":300,"height":117,"caption":"EMNA Web GmbH"},"image":{"@id":"https:\/\/www.deinadieu.ch\/fr\/#\/schema\/logo\/image\/"},"sameAs":["https:\/\/www.facebook.com\/deinadieu","https:\/\/x.com\/DeinAdieu","https:\/\/www.instagram.com\/deinadieu\/","https:\/\/www.linkedin.com\/company\/deinadieu.ch"]},{"@type":"Person","@id":"https:\/\/www.deinadieu.ch\/fr\/#\/schema\/person\/ad724a53f7e50dd3866fc9b0fc6bbdd9","name":"Sabrina Rohner","image":{"@type":"ImageObject","inLanguage":"fr-FR","@id":"https:\/\/secure.gravatar.com\/avatar\/c72cef3c7bba2e19d98358a63ff805dbe088a70fb947d10024d669ded777102d?s=96&d=mm&r=g","url":"https:\/\/secure.gravatar.com\/avatar\/c72cef3c7bba2e19d98358a63ff805dbe088a70fb947d10024d669ded777102d?s=96&d=mm&r=g","contentUrl":"https:\/\/secure.gravatar.com\/avatar\/c72cef3c7bba2e19d98358a63ff805dbe088a70fb947d10024d669ded777102d?s=96&d=mm&r=g","caption":"Sabrina Rohner"},"url":"https:\/\/www.deinadieu.ch\/fr\/author\/sabrina-rohnergmail-com\/"}]}},"_links":{"self":[{"href":"https:\/\/www.deinadieu.ch\/fr\/wp-json\/wp\/v2\/posts\/67866","targetHints":{"allow":["GET"]}}],"collection":[{"href":"https:\/\/www.deinadieu.ch\/fr\/wp-json\/wp\/v2\/posts"}],"about":[{"href":"https:\/\/www.deinadieu.ch\/fr\/wp-json\/wp\/v2\/types\/post"}],"author":[{"embeddable":true,"href":"https:\/\/www.deinadieu.ch\/fr\/wp-json\/wp\/v2\/users\/6038"}],"replies":[{"embeddable":true,"href":"https:\/\/www.deinadieu.ch\/fr\/wp-json\/wp\/v2\/comments?post=67866"}],"version-history":[{"count":1,"href":"https:\/\/www.deinadieu.ch\/fr\/wp-json\/wp\/v2\/posts\/67866\/revisions"}],"predecessor-version":[{"id":67867,"href":"https:\/\/www.deinadieu.ch\/fr\/wp-json\/wp\/v2\/posts\/67866\/revisions\/67867"}],"wp:featuredmedia":[{"embeddable":true,"href":"https:\/\/www.deinadieu.ch\/fr\/wp-json\/wp\/v2\/media\/67636"}],"wp:attachment":[{"href":"https:\/\/www.deinadieu.ch\/fr\/wp-json\/wp\/v2\/media?parent=67866"}],"wp:term":[{"taxonomy":"category","embeddable":true,"href":"https:\/\/www.deinadieu.ch\/fr\/wp-json\/wp\/v2\/categories?post=67866"},{"taxonomy":"post_tag","embeddable":true,"href":"https:\/\/www.deinadieu.ch\/fr\/wp-json\/wp\/v2\/tags?post=67866"}],"curies":[{"name":"wp","href":"https:\/\/api.w.org\/{rel}","templated":true}]}}