{"id":67561,"date":"2024-03-19T07:30:00","date_gmt":"2024-03-19T06:30:00","guid":{"rendered":"https:\/\/www.deinadieu.ch\/vent-favorable-pour-les-galgos\/"},"modified":"2024-07-10T16:28:13","modified_gmt":"2024-07-10T14:28:13","slug":"vent-favorable-pour-les-galgos","status":"publish","type":"post","link":"https:\/\/www.deinadieu.ch\/fr\/vent-favorable-pour-les-galgos\/","title":{"rendered":"Vent favorable pour les galgos"},"content":{"rendered":"\n<p>Depuis plus de 20 ans, l&#8217;association suisse New Graceland s&#8217;engage, en collaboration avec des organisations partenaires espagnoles locales, en faveur des galgos en d\u00e9tresse et d\u00e9sormais \u00e9galement d&#8217;autres chiens d&#8217;Espagne. L&#8217;association sauve des l\u00e9vriers espagnols qui sont abandonn\u00e9s apr\u00e8s la chasse ou les courses de chiens et souvent gravement maltrait\u00e9s. New Graceland est financ\u00e9e uniquement par des dons et d\u00e9pend ainsi des donations et des legs. Ce soutien assure l&#8217;avenir de l&#8217;association et permet aux chiens de prendre un nouveau d\u00e9part vers une vie saine et heureuse.<\/p>\n\n<!--more-->\n\n<p>Matthias Sander est tomb\u00e9 sur le chien en 2020, pendant la pand\u00e9mie de coronavirus : \u00ab Je me suis dit : \u2018Si je veux reprendre un chien, c\u2019est maintenant ou jamais\u2019. \u00bb D\u2019un galgo, il est pass\u00e9 \u00e0 quatre, ce qui a accru sa conscience de la race canine : \u00ab Ce ne sont pas seulement mes propres chiens qui me tenaient \u00e0 c\u0153ur, je voulais fondamentalement m\u2019engager pour que le sort des nombreux galgos abandonn\u00e9s et maltrait\u00e9s re\u00e7oive davantage d\u2019attention. \u00bb Matthias Sander est membre de <a href=\"https:\/\/www.deinadieu.ch\/fr\/oeuvres-de-bienfaisance\/\">New Graceland<\/a> depuis plusieurs ann\u00e9es ; depuis 2023, il est actuaire au sein du comit\u00e9 de l\u2019association. Au cours de l&#8217;entretien, sa fascination pour les l\u00e9vriers espagnols est palpable : les galgos sont extraordinairement sensibles, adorables et \u00e9quilibr\u00e9s. Avec leur caract\u00e8re sensible et leur instinct de fuite prononc\u00e9, ils ressemblent aux chats et aux chevaux, explique Monsieur Sander.<\/p>\n\n<figure class=\"wp-block-image size-large\"><img loading=\"lazy\" decoding=\"async\" width=\"1024\" height=\"683\" src=\"https:\/\/www.deinadieu.ch\/wp-content\/uploads\/2024\/03\/2_Mica-und-Hada-Fee-Spanisch-Tierpflegerin-1024x683.jpg\" alt=\"\" class=\"wp-image-67093\" srcset=\"https:\/\/www.deinadieu.ch\/wp-content\/uploads\/2024\/03\/2_Mica-und-Hada-Fee-Spanisch-Tierpflegerin-1024x683.jpg 1024w, https:\/\/www.deinadieu.ch\/wp-content\/uploads\/2024\/03\/2_Mica-und-Hada-Fee-Spanisch-Tierpflegerin-300x200.jpg 300w, https:\/\/www.deinadieu.ch\/wp-content\/uploads\/2024\/03\/2_Mica-und-Hada-Fee-Spanisch-Tierpflegerin-1536x1024.jpg 1536w, https:\/\/www.deinadieu.ch\/wp-content\/uploads\/2024\/03\/2_Mica-und-Hada-Fee-Spanisch-Tierpflegerin-2048x1365.jpg 2048w\" sizes=\"auto, (max-width: 1024px) 100vw, 1024px\" \/><figcaption class=\"wp-element-caption\">La gardienne d&#8217;animaux Mica avec la chienne galgo Hada (\u00ab f\u00e9e \u00bb en espagnol) : \u00ab Les chiens font des progr\u00e8s tr\u00e8s rapides en d\u00e9pit de leur destin tragique \u00bb. <\/figcaption><\/figure>\n\n<h2 class=\"wp-block-heading\" id=\"h-legate-ermoglichen-die-zukunft-des-vereins\">Les legs permettent d&#8217;assurer l&#8217;avenir de l&#8217;association<\/h2>\n\n<p><strong>New Graceland est une association financ\u00e9e uniquement par des dons et d\u00e9pend de <a href=\"https:\/\/app.deinadieu.ch\/da\/testament\/7594\">donatrices et donateurs priv\u00e9.e.s<\/a><\/strong>, car les fondations financent plut\u00f4t des projets. Les legs sont particuli\u00e8rement importants pour New Graceland. Un legs permet \u00e0 l&#8217;association de prendre en charge les frais de placement d&#8217;un chien ou les frais d&#8217;une chambre pour chien pendant une ann\u00e9e. Lorsque quelqu&#8217;un ach\u00e8te un chien, des sujets tabous tels que la mort et le testament ne sont toutefois pas au premier plan, selon Matthias Sander. \u00ab Ce sont toutefois justement les legs qui permettent \u00e0 l&#8217;association de continuer \u00e0 exister, car ils nous permettent de couvrir les co\u00fbts salariaux du personnel sp\u00e9cialis\u00e9 ainsi que l&#8217;entretien des chiens \u00bb, souligne Monsieur Sander. Entre 17 et 25 chiens vivent dans le centre d&#8217;accueil et leur entretien co\u00fbte plus de 50&#8217;000 francs par ann\u00e9e. Outre les d\u00e9penses pour les soins m\u00e9dicaux, l&#8217;alimentation et l&#8217;occupation des chiens, ce sont les frais du personnel sp\u00e9cialis\u00e9 qui p\u00e8sent le plus lourd : plusieurs gardiennes et gardiens d&#8217;animaux et un apprenti examinent, observent et resocialisent les chiens dans le centre d&#8217;accueil de Waltenschwil, en Argovie, avant que les animaux ne soient plac\u00e9s dans des familles appropri\u00e9es.<\/p>\n\n<figure class=\"wp-block-image size-large\"><img loading=\"lazy\" decoding=\"async\" width=\"1024\" height=\"683\" src=\"https:\/\/www.deinadieu.ch\/wp-content\/uploads\/2024\/03\/3_Beschaeftigung-Kofferraum-einsteigen-ueben-1024x683.jpg\" alt=\"Occupation s'entra&#xEE;ner &#xE0; monter dans le coffre d'une voiture\" class=\"wp-image-67097\" srcset=\"https:\/\/www.deinadieu.ch\/wp-content\/uploads\/2024\/03\/3_Beschaeftigung-Kofferraum-einsteigen-ueben-1024x683.jpg 1024w, https:\/\/www.deinadieu.ch\/wp-content\/uploads\/2024\/03\/3_Beschaeftigung-Kofferraum-einsteigen-ueben-300x200.jpg 300w, https:\/\/www.deinadieu.ch\/wp-content\/uploads\/2024\/03\/3_Beschaeftigung-Kofferraum-einsteigen-ueben-1536x1024.jpg 1536w, https:\/\/www.deinadieu.ch\/wp-content\/uploads\/2024\/03\/3_Beschaeftigung-Kofferraum-einsteigen-ueben-2048x1365.jpg 2048w\" sizes=\"auto, (max-width: 1024px) 100vw, 1024px\" \/><figcaption class=\"wp-element-caption\">Le personnel sp\u00e9cialis\u00e9 occupe les chiens quotidiennement et les entra\u00eene \u00e0 l&#8217;ext\u00e9rieur, par exemple \u00e0 monter dans le coffre d&#8217;une voiture. \n\n<\/figcaption><\/figure>\n\n<h2 class=\"wp-block-heading\" id=\"h-fur-jagd-und-rennen-missbraucht\">Maltrait\u00e9s pour la chasse et les courses<\/h2>\n\n<p>Outre les soins quotidiens apport\u00e9s aux chiens, le travail p\u00e9dagogique est essentiel pour sensibiliser le public au triste sort des l\u00e9vriers espagnols. Les galgos \u00e9taient autrefois consid\u00e9r\u00e9s comme des symboles de statut social en Espagne. La chasse occupe une place particuli\u00e8re dans ce pays de la p\u00e9ninsule ib\u00e9rique, selon Matthias Sander, qui conna\u00eet bien l&#8217;Espagne : ceux qu&#8217;on appelle les galgueros, les \u00e9leveurs de la race, utilisent les chiens pour chasser le li\u00e8vre ou les engagent dans des courses de l\u00e9vriers. Dans ce contexte, les chiens doivent souvent endurer des horreurs : chiens de chasse et de course id\u00e9aux, ils ne sont souvent \u00e9lev\u00e9s que pour le prestige et leurs propri\u00e9taires les gardent souvent dans des conditions indignes et les maltraitent pour les pousser \u00e0 r\u00e9aliser des exploits. \u00ab Lorsque, \u00e0 l&#8217;\u00e2ge de deux ans, les galgos sont d\u00e9j\u00e0 trop vieux et pas assez rapides pour la chasse ou les courses, ils sont tout simplement mis \u00e0 l&#8217;\u00e9cart, jet\u00e9s ou abandonn\u00e9s \u00bb, explique Matthias Sander. Il n&#8217;est pas rare que cela soit synonyme d&#8217;une mort pr\u00e9matur\u00e9e dans un centre d&#8217;abattage.<\/p>\n\n<figure class=\"wp-block-image size-large\"><img loading=\"lazy\" decoding=\"async\" width=\"1024\" height=\"683\" src=\"https:\/\/www.deinadieu.ch\/wp-content\/uploads\/2024\/03\/4_Bilder-Zuhause-gefunden-1024x683.jpg\" alt=\"Les chiens ont trouv&#xE9; un foyer\" class=\"wp-image-67101\" srcset=\"https:\/\/www.deinadieu.ch\/wp-content\/uploads\/2024\/03\/4_Bilder-Zuhause-gefunden-1024x683.jpg 1024w, https:\/\/www.deinadieu.ch\/wp-content\/uploads\/2024\/03\/4_Bilder-Zuhause-gefunden-300x200.jpg 300w, https:\/\/www.deinadieu.ch\/wp-content\/uploads\/2024\/03\/4_Bilder-Zuhause-gefunden-1536x1024.jpg 1536w, https:\/\/www.deinadieu.ch\/wp-content\/uploads\/2024\/03\/4_Bilder-Zuhause-gefunden-2048x1365.jpg 2048w\" sizes=\"auto, (max-width: 1024px) 100vw, 1024px\" \/><figcaption class=\"wp-element-caption\">Des photos des chiens heureux qui ont trouv\u00e9 un nouveau foyer. D&#8217;autres animaux attendent encore un foyer s\u00fbr. \n\n<\/figcaption><\/figure>\n\n<h2 class=\"wp-block-heading\" id=\"h-bis-70-000-galgos-jahrlich-ausgesetzt-bis-80-hunde-vermittelt\">Jusqu&#8217;\u00e0 70&#8217;000 galgos abandonn\u00e9s chaque ann\u00e9e, jusqu&#8217;\u00e0 80 chiens plac\u00e9s<\/h2>\n\n<p>Alors qu&#8217;en Espagne, entre 50&#8217;000 et 70&#8217;000 galgos sont abandonn\u00e9s chaque ann\u00e9e, New Graceland place entre 40 et 80 chiens par an chez de nouveaux propri\u00e9taires. \u00ab Notre travail n&#8217;est malheureusement qu&#8217;une goutte d&#8217;eau dans l&#8217;oc\u00e9an \u00bb, dit Monsieur Sander. \u00ab N\u00e9anmoins, notre action est immens\u00e9ment importante pour sensibiliser au triste sort de cette race de chiens. C&#8217;est la seule fa\u00e7on de r\u00e9duire durablement la souffrance des chiens. \u00bb Apr\u00e8s leur sauvetage, les animaux sont amen\u00e9s en Suisse, soign\u00e9s dans le centre d&#8217;accueil, socialis\u00e9s autant que possible et plac\u00e9s aupr\u00e8s de personnes appropri\u00e9es. Afin de s&#8217;assurer que les chiens trouvent un nouveau foyer aimant, les collaboratrices et collaborateurs de New Graceland m\u00e8nent des entretiens de placement avec les propri\u00e9taires de chiens int\u00e9ress\u00e9s et examinent la situation dans le nouveau lieu : \u00ab Un chien qui revient peut-\u00eatre au centre d&#8217;accueil dans un pire \u00e9tat apr\u00e8s une tentative de placement qui a \u00e9chou\u00e9 est la pire chose qui puisse nous arriver \u00bb, d\u00e9clare Matthias Sander.<\/p>\n\n<figure class=\"wp-block-image size-large\"><img loading=\"lazy\" decoding=\"async\" width=\"1024\" height=\"683\" src=\"https:\/\/www.deinadieu.ch\/wp-content\/uploads\/2024\/03\/5_Roger-Freiwilliger-Spaziergang-1024x683.jpg\" alt=\"Promenade b&#xE9;n&#xE9;vole avec des chiens\" class=\"wp-image-67105\" srcset=\"https:\/\/www.deinadieu.ch\/wp-content\/uploads\/2024\/03\/5_Roger-Freiwilliger-Spaziergang-1024x683.jpg 1024w, https:\/\/www.deinadieu.ch\/wp-content\/uploads\/2024\/03\/5_Roger-Freiwilliger-Spaziergang-300x200.jpg 300w, https:\/\/www.deinadieu.ch\/wp-content\/uploads\/2024\/03\/5_Roger-Freiwilliger-Spaziergang-1536x1024.jpg 1536w, https:\/\/www.deinadieu.ch\/wp-content\/uploads\/2024\/03\/5_Roger-Freiwilliger-Spaziergang-2048x1365.jpg 2048w\" sizes=\"auto, (max-width: 1024px) 100vw, 1024px\" \/><figcaption class=\"wp-element-caption\">Roger prom\u00e8ne des chiens de New Graceland trois fois par semaine. Le soutien des b\u00e9n\u00e9voles est essentiel et pr\u00e9cieux pour le centre d&#8217;accueil.\n\n<\/figcaption><\/figure>\n\n<h2 class=\"wp-block-heading\" id=\"h-vier-hunde-vier-schicksale\">Quatre chiens \u2013 Quatre destins<\/h2>\n\n<p>Matteo, Jimena, Jinebra et Raquel : c&#8217;est ainsi que s&#8217;appellent les quatre galgos de Matthias Sander. Bien que les animaux soient en s\u00e9curit\u00e9 en Suisse, la plupart d&#8217;entre eux sont gravement traumatis\u00e9s par les mauvais traitements physiques et psychologiques qu&#8217;ils ont subis. La chienne Jimena, par exemple, a \u00e9t\u00e9 sauv\u00e9e d&#8217;une ferme canine ill\u00e9gale comptant au total 120 galgos, o\u00f9 les propri\u00e9taires faisaient commerce des r\u00e9serves de sang des animaux. Il a fallu plusieurs semaines \u00e0 Jinebra, la chienne sauv\u00e9e, pour faire confiance \u00e0 son nouveau ma\u00eetre : \u00ab Chaque jour, avant d&#8217;aller travailler, je me rendais chez Jinebra au centre d&#8217;accueil de Waltenschwil pour \u00e9tablir une relation avec elle. \u00bb Ou encore Matteo : ce chien hyperactif a \u00e9t\u00e9 abandonn\u00e9 \u00e0 Tol\u00e8de et a eu du mal \u00e0 retrouver son calme. Les galgos ont g\u00e9n\u00e9ralement besoin de beaucoup de calme \u2013 les responsables de New Graceland y veillent \u00e9galement lorsqu&#8217;ils cherchent un nouveau foyer pour les chiens.<\/p>\n\n<figure class=\"wp-block-image size-large\"><img loading=\"lazy\" decoding=\"async\" width=\"1024\" height=\"683\" src=\"https:\/\/www.deinadieu.ch\/wp-content\/uploads\/2024\/03\/6_Matthias-Hunde-Besprechungszimmer-1024x683.jpg\" alt=\"Le membre du comit&#xE9; de l'association et les chiens dans la salle de conf&#xE9;rence\" class=\"wp-image-67109\" srcset=\"https:\/\/www.deinadieu.ch\/wp-content\/uploads\/2024\/03\/6_Matthias-Hunde-Besprechungszimmer-1024x683.jpg 1024w, https:\/\/www.deinadieu.ch\/wp-content\/uploads\/2024\/03\/6_Matthias-Hunde-Besprechungszimmer-300x200.jpg 300w, https:\/\/www.deinadieu.ch\/wp-content\/uploads\/2024\/03\/6_Matthias-Hunde-Besprechungszimmer-1536x1024.jpg 1536w, https:\/\/www.deinadieu.ch\/wp-content\/uploads\/2024\/03\/6_Matthias-Hunde-Besprechungszimmer-2048x1365.jpg 2048w\" sizes=\"auto, (max-width: 1024px) 100vw, 1024px\" \/><figcaption class=\"wp-element-caption\">Matthias Sander, membre du comit\u00e9 de l&#8217;association et propri\u00e9taire de quatre galgos, dans la salle de conf\u00e9rence de New Graceland : \u00ab Nous sommes devenus entre-temps un centre de comp\u00e9tences pour l\u00e9vriers connu dans toute la Suisse. \u00bb<\/figcaption><\/figure>\n\n\n        <div class=\"da-servicebox relative bg-gray-200 p-4 pt-8 border-solid border-t-8 border-da-dark mb-6\">\n            <i class=\"fas fa-info-circle mx-auto fa-7x text-da-dark\"><\/i>\n            <span style=\"hyphens: auto\">\n                <\/p>\n\n<p><strong>New Graceland sauve et place des chiens en d\u00e9tresse<\/strong><br\/>Depuis plus de 20 ans, l&#8217;<a href=\"https:\/\/www.deinadieu.ch\/fr\/oeuvres-de-bienfaisance\/\">association suisse New Graceland<\/a> s&#8217;engage avec des b\u00e9n\u00e9voles pour les galgos et d&#8217;autres chiens en d\u00e9tresse d&#8217;Espagne.<br\/>\n                \n                \n            <\/span>\n        <\/div>\n        \n\n<h2 class=\"wp-block-heading\" id=\"h-was-kann-ich-tun-um-zu-helfen\">Que puis-je faire pour aider ?<\/h2>\n\n<p>Les personnes int\u00e9ress\u00e9es peuvent soutenir l&#8217;association New Graceland par des dons, des legs, des donations, une adh\u00e9sion \u00e0 l&#8217;association (\u00e0 partir de CHF 80.- par ann\u00e9e) ou le parrainage de chiens (\u00e0 partir de CHF 30.- par mois). Les frais mensuels par chien d\u00e9passent de loin CHF 30.-, car la nourriture, l&#8217;h\u00e9bergement, les soins, les frais v\u00e9t\u00e9rinaires et les traitements sont co\u00fbteux. C&#8217;est pourquoi chaque chien peut avoir plusieurs parrains ou marraines. Un parrainage peut \u00eatre r\u00e9sili\u00e9 \u00e0 tout moment.<\/p>\n\n<h3 class=\"wp-block-heading\" id=\"h-galgos-im-testament-berucksichtigen\">Prendre en compte les galgos dans son testament<\/h3>\n\n<p>Souhaitez-vous inscrire dans vos derni\u00e8res volont\u00e9s que les animaux continuent \u00e0 recevoir de l&#8217;aide apr\u00e8s votre d\u00e9c\u00e8s et prendre compte New Graceland avec un <a href=\"https:\/\/app.deinadieu.ch\/da\/testament\/7594\">legs<\/a> ?<\/p>\n\n<div class=\"wp-block-buttons is-layout-flex wp-block-buttons-is-layout-flex\">\n<div class=\"wp-block-button\"><a class=\"wp-block-button__link wp-element-button\" href=\"https:\/\/app.deinadieu.ch\/da\/testament\/7594\">Inclure New Graceland dans son testament<\/a><\/div>\n<\/div>\n\n<div style=\"height:60px\" aria-hidden=\"true\" class=\"wp-block-spacer\"><\/div>\n\n<figure class=\"wp-block-gallery has-nested-images columns-default is-cropped wp-block-gallery-1 is-layout-flex wp-block-gallery-is-layout-flex\">\n<figure class=\"wp-block-image size-large\"><img loading=\"lazy\" decoding=\"async\" width=\"1024\" height=\"683\" data-id=\"67113\" src=\"https:\/\/www.deinadieu.ch\/wp-content\/uploads\/2024\/03\/Slider_1a_Galgos-moegen-keinen-Regen-1024x683.jpg\" alt=\"\" class=\"wp-image-67113\" srcset=\"https:\/\/www.deinadieu.ch\/wp-content\/uploads\/2024\/03\/Slider_1a_Galgos-moegen-keinen-Regen-1024x683.jpg 1024w, https:\/\/www.deinadieu.ch\/wp-content\/uploads\/2024\/03\/Slider_1a_Galgos-moegen-keinen-Regen-300x200.jpg 300w, https:\/\/www.deinadieu.ch\/wp-content\/uploads\/2024\/03\/Slider_1a_Galgos-moegen-keinen-Regen-1536x1024.jpg 1536w, https:\/\/www.deinadieu.ch\/wp-content\/uploads\/2024\/03\/Slider_1a_Galgos-moegen-keinen-Regen-2048x1365.jpg 2048w\" sizes=\"auto, (max-width: 1024px) 100vw, 1024px\" \/><figcaption class=\"wp-element-caption\">Les galgos n&#8217;aiment pas la pluie. Avec leurs petits manteaux color\u00e9s, ils sont toutefois bien prot\u00e9g\u00e9s contre l&#8217;humidit\u00e9. <\/figcaption><\/figure>\n\n\n\n<figure class=\"wp-block-image size-large\"><img loading=\"lazy\" decoding=\"async\" width=\"1024\" height=\"683\" data-id=\"67117\" src=\"https:\/\/www.deinadieu.ch\/wp-content\/uploads\/2024\/03\/Slider_1b_Bunte-Halsbaender-1024x683.jpg\" alt=\"\" class=\"wp-image-67117\" srcset=\"https:\/\/www.deinadieu.ch\/wp-content\/uploads\/2024\/03\/Slider_1b_Bunte-Halsbaender-1024x683.jpg 1024w, https:\/\/www.deinadieu.ch\/wp-content\/uploads\/2024\/03\/Slider_1b_Bunte-Halsbaender-300x200.jpg 300w, https:\/\/www.deinadieu.ch\/wp-content\/uploads\/2024\/03\/Slider_1b_Bunte-Halsbaender-1536x1024.jpg 1536w, https:\/\/www.deinadieu.ch\/wp-content\/uploads\/2024\/03\/Slider_1b_Bunte-Halsbaender-2048x1365.jpg 2048w\" sizes=\"auto, (max-width: 1024px) 100vw, 1024px\" \/><figcaption class=\"wp-element-caption\">L&#8217;embarras du choix en mati\u00e8re de colliers color\u00e9s pour les animaux. <\/figcaption><\/figure>\n\n\n\n<figure class=\"wp-block-image size-large\"><img loading=\"lazy\" decoding=\"async\" width=\"1024\" height=\"683\" data-id=\"67121\" src=\"https:\/\/www.deinadieu.ch\/wp-content\/uploads\/2024\/03\/Slider_1c_Hundezimmer-New-Graceland-1024x683.jpg\" alt=\"\" class=\"wp-image-67121\" srcset=\"https:\/\/www.deinadieu.ch\/wp-content\/uploads\/2024\/03\/Slider_1c_Hundezimmer-New-Graceland-1024x683.jpg 1024w, https:\/\/www.deinadieu.ch\/wp-content\/uploads\/2024\/03\/Slider_1c_Hundezimmer-New-Graceland-300x200.jpg 300w, https:\/\/www.deinadieu.ch\/wp-content\/uploads\/2024\/03\/Slider_1c_Hundezimmer-New-Graceland-1536x1024.jpg 1536w, https:\/\/www.deinadieu.ch\/wp-content\/uploads\/2024\/03\/Slider_1c_Hundezimmer-New-Graceland-2048x1365.jpg 2048w\" sizes=\"auto, (max-width: 1024px) 100vw, 1024px\" \/><figcaption class=\"wp-element-caption\">&#8211; Une partie des chambres pour chien du centre d&#8217;accueil : actuellement, 16 animaux sont h\u00e9berg\u00e9s \u00e0 New Graceland.<\/figcaption><\/figure>\n\n\n\n<figure class=\"wp-block-image size-large\"><img loading=\"lazy\" decoding=\"async\" width=\"1024\" height=\"683\" data-id=\"67125\" src=\"https:\/\/www.deinadieu.ch\/wp-content\/uploads\/2024\/03\/Slider_1d_Jinebra-schuechtern-1.-Galgo-Matthias-1024x683.jpg\" alt=\"\" class=\"wp-image-67125\" srcset=\"https:\/\/www.deinadieu.ch\/wp-content\/uploads\/2024\/03\/Slider_1d_Jinebra-schuechtern-1.-Galgo-Matthias-1024x683.jpg 1024w, https:\/\/www.deinadieu.ch\/wp-content\/uploads\/2024\/03\/Slider_1d_Jinebra-schuechtern-1.-Galgo-Matthias-300x200.jpg 300w, https:\/\/www.deinadieu.ch\/wp-content\/uploads\/2024\/03\/Slider_1d_Jinebra-schuechtern-1.-Galgo-Matthias-1536x1024.jpg 1536w, https:\/\/www.deinadieu.ch\/wp-content\/uploads\/2024\/03\/Slider_1d_Jinebra-schuechtern-1.-Galgo-Matthias-2048x1365.jpg 2048w\" sizes=\"auto, (max-width: 1024px) 100vw, 1024px\" \/><figcaption class=\"wp-element-caption\">La timide Jinebra est aux c\u00f4t\u00e9s de Matthias Sanders depuis 2020 et a \u00e9t\u00e9 son premier galgo. <\/figcaption><\/figure>\n\n\n\n<figure class=\"wp-block-image size-large\"><img loading=\"lazy\" decoding=\"async\" width=\"1024\" height=\"683\" data-id=\"67129\" src=\"https:\/\/www.deinadieu.ch\/wp-content\/uploads\/2024\/03\/Slider_1e_Raquel-aelteste-Lady-Boss-1024x683.jpg\" alt=\"\" class=\"wp-image-67129\" srcset=\"https:\/\/www.deinadieu.ch\/wp-content\/uploads\/2024\/03\/Slider_1e_Raquel-aelteste-Lady-Boss-1024x683.jpg 1024w, https:\/\/www.deinadieu.ch\/wp-content\/uploads\/2024\/03\/Slider_1e_Raquel-aelteste-Lady-Boss-300x200.jpg 300w, https:\/\/www.deinadieu.ch\/wp-content\/uploads\/2024\/03\/Slider_1e_Raquel-aelteste-Lady-Boss-1536x1024.jpg 1536w, https:\/\/www.deinadieu.ch\/wp-content\/uploads\/2024\/03\/Slider_1e_Raquel-aelteste-Lady-Boss-2048x1365.jpg 2048w\" sizes=\"auto, (max-width: 1024px) 100vw, 1024px\" \/><figcaption class=\"wp-element-caption\">\u00c2g\u00e9e de 11 ans, Raquel est la plus vieille chienne de Matthias Sander et la cheffe de la troupe. <\/figcaption><\/figure>\n<\/figure>\n","protected":false},"excerpt":{"rendered":"<p>Depuis plus de 20 ans, l&#8217;association suisse New Graceland s&#8217;engage, en collaboration avec des organisations partenaires espagnoles locales, en faveur des galgos en d\u00e9tresse et d\u00e9sormais \u00e9galement d&#8217;autres chiens d&#8217;Espagne. L&#8217;association sauve des l\u00e9vriers espagnols qui sont abandonn\u00e9s apr\u00e8s la chasse ou les courses de chiens et souvent gravement maltrait\u00e9s. New Graceland est financ\u00e9e uniquement [&hellip;]<\/p>\n","protected":false},"author":6038,"featured_media":67090,"comment_status":"open","ping_status":"closed","sticky":false,"template":"","format":"standard","meta":{"_acf_changed":false,"footnotes":""},"categories":[2450],"tags":[3470,3613,3164,2585,2469],"class_list":["post-67561","post","type-post","status-publish","format-standard","has-post-thumbnail","hentry","category-oeuvres-caritatives","tag-animal-domestique","tag-chiens","tag-organisations-daide","tag-protection-des-animaux","tag-quel-effet-mon-heritage-peut-il-avoir"],"acf":[],"yoast_head":"<title>Portrait New Graceland : protection des animaux pour les l\u00e9vriers espagnols | DeinAdieu.ch<\/title>\n<meta name=\"description\" content=\"L&#039;association suisse New Graceland s&#039;engage avec des organisations partenaires locales pour la protection des l\u00e9vriers espagnols. Nous vous pr\u00e9sentons ici l&#039;organisation.\" \/>\n<meta name=\"robots\" content=\"index, follow, max-snippet:-1, max-image-preview:large, max-video-preview:-1\" \/>\n<link rel=\"canonical\" href=\"https:\/\/www.deinadieu.ch\/fr\/vent-favorable-pour-les-galgos\/\" \/>\n<meta property=\"og:locale\" content=\"fr_FR\" \/>\n<meta property=\"og:type\" content=\"article\" \/>\n<meta property=\"og:title\" content=\"Vent favorable pour les galgos\" \/>\n<meta property=\"og:description\" content=\"Depuis plus de 20 ans, l&#039;association suisse New Graceland s&#039;engage, en collaboration avec des organisations partenaires espagnoles locales, en faveur des\" \/>\n<meta property=\"og:url\" content=\"https:\/\/www.deinadieu.ch\/fr\/vent-favorable-pour-les-galgos\/\" \/>\n<meta property=\"og:site_name\" content=\"DeinAdieu.ch\" \/>\n<meta property=\"article:publisher\" content=\"https:\/\/www.facebook.com\/deinadieu\" \/>\n<meta property=\"article:published_time\" content=\"2024-03-19T06:30:00+00:00\" \/>\n<meta property=\"article:modified_time\" content=\"2024-07-10T14:28:13+00:00\" \/>\n<meta property=\"og:image\" content=\"https:\/\/static.deinadieu.ch\/uploads\/2024\/03\/1_Header_Spaziergang-Galgos-Matthias-Sander_Regenbogenbande-scaled.jpg\" \/>\n\t<meta property=\"og:image:width\" content=\"2560\" \/>\n\t<meta property=\"og:image:height\" content=\"1707\" \/>\n\t<meta property=\"og:image:type\" content=\"image\/jpeg\" \/>\n<meta name=\"author\" content=\"Sabrina Rohner\" \/>\n<meta name=\"twitter:card\" content=\"summary_large_image\" \/>\n<meta name=\"twitter:creator\" content=\"@DeinAdieu\" \/>\n<meta name=\"twitter:site\" content=\"@DeinAdieu\" \/>\n<meta name=\"twitter:label1\" content=\"Written by\" \/>\n\t<meta name=\"twitter:data1\" content=\"Sabrina Rohner\" \/>\n\t<meta name=\"twitter:label2\" content=\"Est. reading time\" \/>\n\t<meta name=\"twitter:data2\" content=\"7 minutes\" \/>\n<script type=\"application\/ld+json\" class=\"yoast-schema-graph\">{\"@context\":\"https:\\\/\\\/schema.org\",\"@graph\":[{\"@type\":\"Article\",\"@id\":\"https:\\\/\\\/www.deinadieu.ch\\\/fr\\\/vent-favorable-pour-les-galgos\\\/#article\",\"isPartOf\":{\"@id\":\"https:\\\/\\\/www.deinadieu.ch\\\/fr\\\/vent-favorable-pour-les-galgos\\\/\"},\"author\":{\"name\":\"Sabrina Rohner\",\"@id\":\"https:\\\/\\\/www.deinadieu.ch\\\/fr\\\/#\\\/schema\\\/person\\\/ad724a53f7e50dd3866fc9b0fc6bbdd9\"},\"headline\":\"Vent favorable pour les galgos\",\"datePublished\":\"2024-03-19T06:30:00+00:00\",\"dateModified\":\"2024-07-10T14:28:13+00:00\",\"mainEntityOfPage\":{\"@id\":\"https:\\\/\\\/www.deinadieu.ch\\\/fr\\\/vent-favorable-pour-les-galgos\\\/\"},\"wordCount\":1467,\"commentCount\":0,\"publisher\":{\"@id\":\"https:\\\/\\\/www.deinadieu.ch\\\/fr\\\/#organization\"},\"image\":{\"@id\":\"https:\\\/\\\/www.deinadieu.ch\\\/fr\\\/vent-favorable-pour-les-galgos\\\/#primaryimage\"},\"thumbnailUrl\":\"https:\\\/\\\/www.deinadieu.ch\\\/wp-content\\\/uploads\\\/2024\\\/03\\\/1_Header_Spaziergang-Galgos-Matthias-Sander_Regenbogenbande-scaled.jpg\",\"keywords\":[\"Animal domestique\",\"Chiens\",\"organisations d'aide\",\"Protection des animaux\",\"Quel effet mon h\u00e9ritage peut-il avoir ?\"],\"articleSection\":[\"\u0152uvres caritatives en point de mire\"],\"inLanguage\":\"fr-FR\",\"potentialAction\":[{\"@type\":\"CommentAction\",\"name\":\"Comment\",\"target\":[\"https:\\\/\\\/www.deinadieu.ch\\\/fr\\\/vent-favorable-pour-les-galgos\\\/#respond\"]}]},{\"@type\":\"WebPage\",\"@id\":\"https:\\\/\\\/www.deinadieu.ch\\\/fr\\\/vent-favorable-pour-les-galgos\\\/\",\"url\":\"https:\\\/\\\/www.deinadieu.ch\\\/fr\\\/vent-favorable-pour-les-galgos\\\/\",\"name\":\"Portrait New Graceland : protection des animaux pour les l\u00e9vriers espagnols | DeinAdieu.ch\",\"isPartOf\":{\"@id\":\"https:\\\/\\\/www.deinadieu.ch\\\/fr\\\/#website\"},\"primaryImageOfPage\":{\"@id\":\"https:\\\/\\\/www.deinadieu.ch\\\/fr\\\/vent-favorable-pour-les-galgos\\\/#primaryimage\"},\"image\":{\"@id\":\"https:\\\/\\\/www.deinadieu.ch\\\/fr\\\/vent-favorable-pour-les-galgos\\\/#primaryimage\"},\"thumbnailUrl\":\"https:\\\/\\\/www.deinadieu.ch\\\/wp-content\\\/uploads\\\/2024\\\/03\\\/1_Header_Spaziergang-Galgos-Matthias-Sander_Regenbogenbande-scaled.jpg\",\"datePublished\":\"2024-03-19T06:30:00+00:00\",\"dateModified\":\"2024-07-10T14:28:13+00:00\",\"description\":\"L'association suisse New Graceland s'engage avec des organisations partenaires locales pour la protection des l\u00e9vriers espagnols. Nous vous pr\u00e9sentons ici l'organisation.\",\"breadcrumb\":{\"@id\":\"https:\\\/\\\/www.deinadieu.ch\\\/fr\\\/vent-favorable-pour-les-galgos\\\/#breadcrumb\"},\"inLanguage\":\"fr-FR\",\"potentialAction\":[{\"@type\":\"ReadAction\",\"target\":[\"https:\\\/\\\/www.deinadieu.ch\\\/fr\\\/vent-favorable-pour-les-galgos\\\/\"]}]},{\"@type\":\"ImageObject\",\"inLanguage\":\"fr-FR\",\"@id\":\"https:\\\/\\\/www.deinadieu.ch\\\/fr\\\/vent-favorable-pour-les-galgos\\\/#primaryimage\",\"url\":\"https:\\\/\\\/www.deinadieu.ch\\\/wp-content\\\/uploads\\\/2024\\\/03\\\/1_Header_Spaziergang-Galgos-Matthias-Sander_Regenbogenbande-scaled.jpg\",\"contentUrl\":\"https:\\\/\\\/www.deinadieu.ch\\\/wp-content\\\/uploads\\\/2024\\\/03\\\/1_Header_Spaziergang-Galgos-Matthias-Sander_Regenbogenbande-scaled.jpg\",\"width\":2560,\"height\":1707,\"caption\":\"Matthias Sander de New Graceland avec sa \u00ab bande arc-en-ciel \u00bb, les quatre galgos Jinebra, Raquel, Jimena et Matteo. (Images : Djamila Grossman)\"},{\"@type\":\"BreadcrumbList\",\"@id\":\"https:\\\/\\\/www.deinadieu.ch\\\/fr\\\/vent-favorable-pour-les-galgos\\\/#breadcrumb\",\"itemListElement\":[{\"@type\":\"ListItem\",\"position\":1,\"name\":\"Home\",\"item\":\"https:\\\/\\\/www.deinadieu.ch\\\/fr\\\/deinadieu-dialog-und-serviceportal-zum-lebensende\\\/\"},{\"@type\":\"ListItem\",\"position\":2,\"name\":\"Vent favorable pour les galgos\"}]},{\"@type\":\"WebSite\",\"@id\":\"https:\\\/\\\/www.deinadieu.ch\\\/fr\\\/#website\",\"url\":\"https:\\\/\\\/www.deinadieu.ch\\\/fr\\\/\",\"name\":\"DeinAdieu.ch\",\"description\":\"Testament, Patientenverf\u00fcgung und Vorsorgeauftrag\",\"publisher\":{\"@id\":\"https:\\\/\\\/www.deinadieu.ch\\\/fr\\\/#organization\"},\"potentialAction\":[{\"@type\":\"SearchAction\",\"target\":{\"@type\":\"EntryPoint\",\"urlTemplate\":\"https:\\\/\\\/www.deinadieu.ch\\\/fr\\\/?s={search_term_string}\"},\"query-input\":{\"@type\":\"PropertyValueSpecification\",\"valueRequired\":true,\"valueName\":\"search_term_string\"}}],\"inLanguage\":\"fr-FR\"},{\"@type\":\"Organization\",\"@id\":\"https:\\\/\\\/www.deinadieu.ch\\\/fr\\\/#organization\",\"name\":\"EMNA Web GmbH\",\"url\":\"https:\\\/\\\/www.deinadieu.ch\\\/fr\\\/\",\"logo\":{\"@type\":\"ImageObject\",\"inLanguage\":\"fr-FR\",\"@id\":\"https:\\\/\\\/www.deinadieu.ch\\\/fr\\\/#\\\/schema\\\/logo\\\/image\\\/\",\"url\":\"https:\\\/\\\/www.deinadieu.ch\\\/wp-content\\\/uploads\\\/2016\\\/01\\\/DeinAdieu_Logo.png\",\"contentUrl\":\"https:\\\/\\\/www.deinadieu.ch\\\/wp-content\\\/uploads\\\/2016\\\/01\\\/DeinAdieu_Logo.png\",\"width\":300,\"height\":117,\"caption\":\"EMNA Web GmbH\"},\"image\":{\"@id\":\"https:\\\/\\\/www.deinadieu.ch\\\/fr\\\/#\\\/schema\\\/logo\\\/image\\\/\"},\"sameAs\":[\"https:\\\/\\\/www.facebook.com\\\/deinadieu\",\"https:\\\/\\\/x.com\\\/DeinAdieu\",\"https:\\\/\\\/www.instagram.com\\\/deinadieu\\\/\",\"https:\\\/\\\/www.linkedin.com\\\/company\\\/deinadieu.ch\"]},{\"@type\":\"Person\",\"@id\":\"https:\\\/\\\/www.deinadieu.ch\\\/fr\\\/#\\\/schema\\\/person\\\/ad724a53f7e50dd3866fc9b0fc6bbdd9\",\"name\":\"Sabrina Rohner\",\"image\":{\"@type\":\"ImageObject\",\"inLanguage\":\"fr-FR\",\"@id\":\"https:\\\/\\\/secure.gravatar.com\\\/avatar\\\/c72cef3c7bba2e19d98358a63ff805dbe088a70fb947d10024d669ded777102d?s=96&d=mm&r=g\",\"url\":\"https:\\\/\\\/secure.gravatar.com\\\/avatar\\\/c72cef3c7bba2e19d98358a63ff805dbe088a70fb947d10024d669ded777102d?s=96&d=mm&r=g\",\"contentUrl\":\"https:\\\/\\\/secure.gravatar.com\\\/avatar\\\/c72cef3c7bba2e19d98358a63ff805dbe088a70fb947d10024d669ded777102d?s=96&d=mm&r=g\",\"caption\":\"Sabrina Rohner\"},\"url\":\"https:\\\/\\\/www.deinadieu.ch\\\/fr\\\/author\\\/sabrina-rohnergmail-com\\\/\"}]}<\/script>","yoast_head_json":{"title":"Portrait New Graceland : protection des animaux pour les l\u00e9vriers espagnols | DeinAdieu.ch","description":"L'association suisse New Graceland s'engage avec des organisations partenaires locales pour la protection des l\u00e9vriers espagnols. Nous vous pr\u00e9sentons ici l'organisation.","robots":{"index":"index","follow":"follow","max-snippet":"max-snippet:-1","max-image-preview":"max-image-preview:large","max-video-preview":"max-video-preview:-1"},"canonical":"https:\/\/www.deinadieu.ch\/fr\/vent-favorable-pour-les-galgos\/","og_locale":"fr_FR","og_type":"article","og_title":"Vent favorable pour les galgos","og_description":"Depuis plus de 20 ans, l'association suisse New Graceland s'engage, en collaboration avec des organisations partenaires espagnoles locales, en faveur des","og_url":"https:\/\/www.deinadieu.ch\/fr\/vent-favorable-pour-les-galgos\/","og_site_name":"DeinAdieu.ch","article_publisher":"https:\/\/www.facebook.com\/deinadieu","article_published_time":"2024-03-19T06:30:00+00:00","article_modified_time":"2024-07-10T14:28:13+00:00","og_image":[{"width":2560,"height":1707,"url":"https:\/\/static.deinadieu.ch\/uploads\/2024\/03\/1_Header_Spaziergang-Galgos-Matthias-Sander_Regenbogenbande-scaled.jpg","type":"image\/jpeg"}],"author":"Sabrina Rohner","twitter_card":"summary_large_image","twitter_creator":"@DeinAdieu","twitter_site":"@DeinAdieu","twitter_misc":{"Written by":"Sabrina Rohner","Est. reading time":"7 minutes"},"schema":{"@context":"https:\/\/schema.org","@graph":[{"@type":"Article","@id":"https:\/\/www.deinadieu.ch\/fr\/vent-favorable-pour-les-galgos\/#article","isPartOf":{"@id":"https:\/\/www.deinadieu.ch\/fr\/vent-favorable-pour-les-galgos\/"},"author":{"name":"Sabrina Rohner","@id":"https:\/\/www.deinadieu.ch\/fr\/#\/schema\/person\/ad724a53f7e50dd3866fc9b0fc6bbdd9"},"headline":"Vent favorable pour les galgos","datePublished":"2024-03-19T06:30:00+00:00","dateModified":"2024-07-10T14:28:13+00:00","mainEntityOfPage":{"@id":"https:\/\/www.deinadieu.ch\/fr\/vent-favorable-pour-les-galgos\/"},"wordCount":1467,"commentCount":0,"publisher":{"@id":"https:\/\/www.deinadieu.ch\/fr\/#organization"},"image":{"@id":"https:\/\/www.deinadieu.ch\/fr\/vent-favorable-pour-les-galgos\/#primaryimage"},"thumbnailUrl":"https:\/\/www.deinadieu.ch\/wp-content\/uploads\/2024\/03\/1_Header_Spaziergang-Galgos-Matthias-Sander_Regenbogenbande-scaled.jpg","keywords":["Animal domestique","Chiens","organisations d'aide","Protection des animaux","Quel effet mon h\u00e9ritage peut-il avoir ?"],"articleSection":["\u0152uvres caritatives en point de mire"],"inLanguage":"fr-FR","potentialAction":[{"@type":"CommentAction","name":"Comment","target":["https:\/\/www.deinadieu.ch\/fr\/vent-favorable-pour-les-galgos\/#respond"]}]},{"@type":"WebPage","@id":"https:\/\/www.deinadieu.ch\/fr\/vent-favorable-pour-les-galgos\/","url":"https:\/\/www.deinadieu.ch\/fr\/vent-favorable-pour-les-galgos\/","name":"Portrait New Graceland : protection des animaux pour les l\u00e9vriers espagnols | DeinAdieu.ch","isPartOf":{"@id":"https:\/\/www.deinadieu.ch\/fr\/#website"},"primaryImageOfPage":{"@id":"https:\/\/www.deinadieu.ch\/fr\/vent-favorable-pour-les-galgos\/#primaryimage"},"image":{"@id":"https:\/\/www.deinadieu.ch\/fr\/vent-favorable-pour-les-galgos\/#primaryimage"},"thumbnailUrl":"https:\/\/www.deinadieu.ch\/wp-content\/uploads\/2024\/03\/1_Header_Spaziergang-Galgos-Matthias-Sander_Regenbogenbande-scaled.jpg","datePublished":"2024-03-19T06:30:00+00:00","dateModified":"2024-07-10T14:28:13+00:00","description":"L'association suisse New Graceland s'engage avec des organisations partenaires locales pour la protection des l\u00e9vriers espagnols. Nous vous pr\u00e9sentons ici l'organisation.","breadcrumb":{"@id":"https:\/\/www.deinadieu.ch\/fr\/vent-favorable-pour-les-galgos\/#breadcrumb"},"inLanguage":"fr-FR","potentialAction":[{"@type":"ReadAction","target":["https:\/\/www.deinadieu.ch\/fr\/vent-favorable-pour-les-galgos\/"]}]},{"@type":"ImageObject","inLanguage":"fr-FR","@id":"https:\/\/www.deinadieu.ch\/fr\/vent-favorable-pour-les-galgos\/#primaryimage","url":"https:\/\/www.deinadieu.ch\/wp-content\/uploads\/2024\/03\/1_Header_Spaziergang-Galgos-Matthias-Sander_Regenbogenbande-scaled.jpg","contentUrl":"https:\/\/www.deinadieu.ch\/wp-content\/uploads\/2024\/03\/1_Header_Spaziergang-Galgos-Matthias-Sander_Regenbogenbande-scaled.jpg","width":2560,"height":1707,"caption":"Matthias Sander de New Graceland avec sa \u00ab bande arc-en-ciel \u00bb, les quatre galgos Jinebra, Raquel, Jimena et Matteo. (Images : Djamila Grossman)"},{"@type":"BreadcrumbList","@id":"https:\/\/www.deinadieu.ch\/fr\/vent-favorable-pour-les-galgos\/#breadcrumb","itemListElement":[{"@type":"ListItem","position":1,"name":"Home","item":"https:\/\/www.deinadieu.ch\/fr\/deinadieu-dialog-und-serviceportal-zum-lebensende\/"},{"@type":"ListItem","position":2,"name":"Vent favorable pour les galgos"}]},{"@type":"WebSite","@id":"https:\/\/www.deinadieu.ch\/fr\/#website","url":"https:\/\/www.deinadieu.ch\/fr\/","name":"DeinAdieu.ch","description":"Testament, Patientenverf\u00fcgung und Vorsorgeauftrag","publisher":{"@id":"https:\/\/www.deinadieu.ch\/fr\/#organization"},"potentialAction":[{"@type":"SearchAction","target":{"@type":"EntryPoint","urlTemplate":"https:\/\/www.deinadieu.ch\/fr\/?s={search_term_string}"},"query-input":{"@type":"PropertyValueSpecification","valueRequired":true,"valueName":"search_term_string"}}],"inLanguage":"fr-FR"},{"@type":"Organization","@id":"https:\/\/www.deinadieu.ch\/fr\/#organization","name":"EMNA Web GmbH","url":"https:\/\/www.deinadieu.ch\/fr\/","logo":{"@type":"ImageObject","inLanguage":"fr-FR","@id":"https:\/\/www.deinadieu.ch\/fr\/#\/schema\/logo\/image\/","url":"https:\/\/www.deinadieu.ch\/wp-content\/uploads\/2016\/01\/DeinAdieu_Logo.png","contentUrl":"https:\/\/www.deinadieu.ch\/wp-content\/uploads\/2016\/01\/DeinAdieu_Logo.png","width":300,"height":117,"caption":"EMNA Web GmbH"},"image":{"@id":"https:\/\/www.deinadieu.ch\/fr\/#\/schema\/logo\/image\/"},"sameAs":["https:\/\/www.facebook.com\/deinadieu","https:\/\/x.com\/DeinAdieu","https:\/\/www.instagram.com\/deinadieu\/","https:\/\/www.linkedin.com\/company\/deinadieu.ch"]},{"@type":"Person","@id":"https:\/\/www.deinadieu.ch\/fr\/#\/schema\/person\/ad724a53f7e50dd3866fc9b0fc6bbdd9","name":"Sabrina Rohner","image":{"@type":"ImageObject","inLanguage":"fr-FR","@id":"https:\/\/secure.gravatar.com\/avatar\/c72cef3c7bba2e19d98358a63ff805dbe088a70fb947d10024d669ded777102d?s=96&d=mm&r=g","url":"https:\/\/secure.gravatar.com\/avatar\/c72cef3c7bba2e19d98358a63ff805dbe088a70fb947d10024d669ded777102d?s=96&d=mm&r=g","contentUrl":"https:\/\/secure.gravatar.com\/avatar\/c72cef3c7bba2e19d98358a63ff805dbe088a70fb947d10024d669ded777102d?s=96&d=mm&r=g","caption":"Sabrina Rohner"},"url":"https:\/\/www.deinadieu.ch\/fr\/author\/sabrina-rohnergmail-com\/"}]}},"_links":{"self":[{"href":"https:\/\/www.deinadieu.ch\/fr\/wp-json\/wp\/v2\/posts\/67561","targetHints":{"allow":["GET"]}}],"collection":[{"href":"https:\/\/www.deinadieu.ch\/fr\/wp-json\/wp\/v2\/posts"}],"about":[{"href":"https:\/\/www.deinadieu.ch\/fr\/wp-json\/wp\/v2\/types\/post"}],"author":[{"embeddable":true,"href":"https:\/\/www.deinadieu.ch\/fr\/wp-json\/wp\/v2\/users\/6038"}],"replies":[{"embeddable":true,"href":"https:\/\/www.deinadieu.ch\/fr\/wp-json\/wp\/v2\/comments?post=67561"}],"version-history":[{"count":8,"href":"https:\/\/www.deinadieu.ch\/fr\/wp-json\/wp\/v2\/posts\/67561\/revisions"}],"predecessor-version":[{"id":68101,"href":"https:\/\/www.deinadieu.ch\/fr\/wp-json\/wp\/v2\/posts\/67561\/revisions\/68101"}],"wp:featuredmedia":[{"embeddable":true,"href":"https:\/\/www.deinadieu.ch\/fr\/wp-json\/wp\/v2\/media\/67090"}],"wp:attachment":[{"href":"https:\/\/www.deinadieu.ch\/fr\/wp-json\/wp\/v2\/media?parent=67561"}],"wp:term":[{"taxonomy":"category","embeddable":true,"href":"https:\/\/www.deinadieu.ch\/fr\/wp-json\/wp\/v2\/categories?post=67561"},{"taxonomy":"post_tag","embeddable":true,"href":"https:\/\/www.deinadieu.ch\/fr\/wp-json\/wp\/v2\/tags?post=67561"}],"curies":[{"name":"wp","href":"https:\/\/api.w.org\/{rel}","templated":true}]}}