{"id":66898,"date":"2024-02-06T07:40:00","date_gmt":"2024-02-06T06:40:00","guid":{"rendered":"https:\/\/www.deinadieu.ch\/jaro-est-notre-securite-comment-un-chien-permet-de-retrouver-une-vie-de-famille\/"},"modified":"2024-04-09T15:42:15","modified_gmt":"2024-04-09T13:42:15","slug":"jaro-est-notre-securite-comment-un-chien-permet-de-retrouver-une-vie-de-famille","status":"publish","type":"post","link":"https:\/\/www.deinadieu.ch\/fr\/jaro-est-notre-securite-comment-un-chien-permet-de-retrouver-une-vie-de-famille\/","title":{"rendered":"\u00ab Jaro est notre s\u00e9curit\u00e9 \u00bb : comment un chien permet de retrouver une vie de famille"},"content":{"rendered":"\n<p>Alors qu&#8217;auparavant, le gar\u00e7on hyperactif et autiste ne se laissait gu\u00e8re calmer pendant des heures, il lui arrive maintenant de s&#8217;endormir sur le sol \u00e0 c\u00f4t\u00e9 du chien. Gr\u00e2ce au chien d&#8217;assistance pour autistes Jaro, Tim peut \u00e0 nouveau rentrer \u00e0 la maison. La fondation Simpera forme ces chiens.<\/p>\n\n<!--more-->\n\n<p>Lorsqu&#8217;elle a vu cette race de chien pour la premi\u00e8re fois, Andrea Keller a pens\u00e9 : \u00ab Non, ce n&#8217;est pas pour moi \u00bb. Jaro, le berger de Bergame, est l&#8217;un de ces chiens qui ont des dreadlocks jusqu&#8217;au sol s&#8217;ils ne sont pas peign\u00e9s quotidiennement. Un de ces chiens \u00ab dont on ne voit pas o\u00f9 est l&#8217;arri\u00e8re et o\u00f9 est l&#8217;avant \u00bb. Madame Keller rit. Elle se souvient parfaitement du jour o\u00f9 elle est all\u00e9e chercher Jaro. C&#8217;\u00e9tait le 9 juin de l&#8217;ann\u00e9e derni\u00e8re, alors qu&#8217;elle, \u00e9tudiante en musique, venait de terminer ses examens. Le chien \u00e9tait alors \u00e2g\u00e9 de 12 semaines. Andrea Keller et son mari, qui n&#8217;avaient jamais eu de chiens auparavant, \u00e9taient alors loin de se douter que Jaro ne repr\u00e9senterait pas seulement du travail, mais qu&#8217;il apporterait surtout beaucoup de d\u00e9tente dans leur vie de famille. Aujourd&#8217;hui, elle dit que Jaro est \u00ab parfait \u00bb pour eux. Et pas uniquement parce que cette race de chien perd peu de poils.<\/p>\n\n<p>Tim, le fils des Keller \u00e2g\u00e9 de neuf ans, est autiste et hyperactif. Il est arriv\u00e9 un moment o\u00f9 il ne pouvait plus fr\u00e9quenter l&#8217;\u00e9cole ordinaire parce qu&#8217;il ne parvenait pas \u00e0 g\u00e9rer la pression. Et le moment est venu o\u00f9 \u00e7a n&#8217;allait plus non plus \u00e0 la maison avec le gar\u00e7on. \u00ab Il avait des crises d&#8217;angoisse, \u00e9tait tr\u00e8s agressif, nous ne pouvions parfois plus le calmer pendant des heures lorsqu&#8217;il s&#8217;emportait \u00bb, raconte Madame Keller qui, comme son fils cadet, a souvent eu des h\u00e9matomes suite \u00e0 des disputes avec Tim. \u00ab Nous n&#8217;osions plus sortir en public avec lui. Tim avait besoin d&#8217;une surveillance 24 heures sur 24, je me levais chaque matin en pleurant et je ne savais pas comment passer la journ\u00e9e. \u00bb Lorsque m\u00eame les m\u00e9dicaments puissants n&#8217;ont plus aid\u00e9 Tim, ils n&#8217;ont pas eu le choix. Tim a \u00e9t\u00e9 hospitalis\u00e9 pendant quelques mois, puis plac\u00e9 dans un foyer scolaire. Il ne revenait dans sa famille que le week-end. \u00ab Ce n&#8217;est pas ce que nous voulions. Nous pensons que la place d&#8217;un enfant est \u00e0 la maison. \u00bb<\/p>\n\n<p>Un espoir subsistait. Il r\u00e9sidait dans la <a href=\"https:\/\/deinadieu.ch\/fr\/oeuvres-de-bienfaisance\/simpera\/\">fondation Simpera<\/a>, qui \u00e9duque des chiens d&#8217;assistance. Au d\u00e9but, la famille visitait la fondation de temps en temps et prenait un chien \u00e0 la maison pour quelques heures. Le jeune gar\u00e7on, habituellement tr\u00e8s agit\u00e9, restait alors assis par terre pendant une heure et se laissait aller avec l&#8217;animal. \u00ab Cependant, comme ce chien n&#8217;aimait pas sortir au milieu des gens et que c&#8217;\u00e9tait d\u00e9j\u00e0 le probl\u00e8me de notre fils, ce n&#8217;\u00e9tait pas le chien ad\u00e9quat. Nous voulions attendre un chien form\u00e9. \u00bb En mai de l&#8217;ann\u00e9e derni\u00e8re, on y \u00e9tait. La fondation avait un chiot pour la famille qu&#8217;elle pouvait \u00e9duquer. \u00ab Nous devions avoir quelqu&#8217;un pour accompagner Tim. \u00bb <\/p>\n\n<p>Madame Keller montre une photo. Tim est allong\u00e9 sur le sol, endormi \u00e0 c\u00f4t\u00e9 du chien d\u00e8s le premier jour. \u00ab Nous avons presque eu les larmes aux yeux. \u00bb <\/p>\n\n<h2 class=\"wp-block-heading\" id=\"h-das-war-ein-wunder-fur-uns\">\u00ab Pour nous, c&#8217;\u00e9tait un miracle \u00bb<\/h2>\n\n<figure class=\"wp-block-image size-large\"><img loading=\"lazy\" decoding=\"async\" width=\"1024\" height=\"682\" src=\"https:\/\/www.deinadieu.ch\/wp-content\/uploads\/2024\/01\/simpera_0157-1-1024x682.jpg\" alt=\"\" class=\"wp-image-66382\" srcset=\"https:\/\/www.deinadieu.ch\/wp-content\/uploads\/2024\/01\/simpera_0157-1-1024x682.jpg 1024w, https:\/\/www.deinadieu.ch\/wp-content\/uploads\/2024\/01\/simpera_0157-1-300x200.jpg 300w, https:\/\/www.deinadieu.ch\/wp-content\/uploads\/2024\/01\/simpera_0157-1-1536x1024.jpg 1536w, https:\/\/www.deinadieu.ch\/wp-content\/uploads\/2024\/01\/simpera_0157-1-2048x1365.jpg 2048w\" sizes=\"auto, (max-width: 1024px) 100vw, 1024px\" \/><figcaption class=\"wp-element-caption\">Lorsque Tim est au foyer scolaire pendant la semaine, il \u00ab t\u00e9l\u00e9phone \u00bb tous les jours \u00e0 son chien Jaro via FaceTime.<\/figcaption><\/figure>\n\n<p>Soudain, des choses qui \u00e9taient impensables auparavant sont redevenues possibles : un week-end dans la maison de vacances de la belle-m\u00e8re, une semaine de vacances d&#8217;\u00e9t\u00e9 \u00e0 quatre, la visite d&#8217;une foire d&#8217;automne. \u00ab Pour nous, c&#8217;\u00e9tait un miracle \u00bb, dit Madame Keller. La famille doit encore adapter ses plans en fonction de l&#8217;\u00e9tat du gar\u00e7on. Toutefois : \u00ab Jaro est notre s\u00e9curit\u00e9 \u00bb.<\/p>\n\n<p>M\u00eame une visite chez le dentiste, repouss\u00e9e depuis quatre ans, a enfin pu avoir lieu. \u00ab Nous avons eu Jaro avec nous jusqu&#8217;\u00e0 l&#8217;entr\u00e9e du cabinet. C&#8217;\u00e9tait le seul moyen pour que Tim puisse faire r\u00e9parer le trou dans sa dent. \u00bb Depuis que Jaro est l\u00e0, le retour au foyer n&#8217;est plus un probl\u00e8me non plus. Le gar\u00e7on et le chien se disent au revoir devant la porte et le chien a d\u00e9j\u00e0 pu l&#8217;accompagner pour une le\u00e7on. Madame Keller peut \u00e0 nouveau assister \u00e0 un concert, sortir un moment. Gr\u00e2ce \u00e0 l&#8217;animal, Tim reste concentr\u00e9, il oublie qu&#8217;il est difficile d&#8217;\u00eatre seul.<\/p>\n\n<h2 class=\"wp-block-heading\" id=\"h-ich-glaube-tiere-sind-einfacher-zu-lesen\">\u00ab Je pense que les animaux sont plus faciles \u00e0 lire \u00bb<\/h2>\n\n<p>Comment l&#8217;explique-t-elle ?<\/p>\n\n<p>D&#8217;une part, le chien ressent imm\u00e9diatement l&#8217;\u00e9tat de quelqu&#8217;un. D&#8217;autre part, pour les personnes autistes, les gens sont des \u00eatres compliqu\u00e9s. \u00ab Je pense que les animaux sont plus faciles \u00e0 lire \u00bb, dit Madame Keller.<\/p>\n\n<p>Lorsque Tim s&#8217;agite, il s&#8217;assoit \u00e0 c\u00f4t\u00e9 du chien et le caresse. D\u00e9sormais, le chien vient de lui-m\u00eame lorsqu&#8217;il remarque que Tim est en train de faire une crise. \u00ab Jaro est le seul \u00e0 pouvoir le sortir de cet \u00e9tat de d\u00e9sespoir et de col\u00e8re. Jaro est neutre, il ne parle pas, il est simplement l\u00e0. \u00bb Il s&#8217;allonge parfois sur l&#8217;enfant de neuf ans pour le calmer avec son seul poids. Le petit fr\u00e8re profite \u00e9galement de Jaro. \u00ab Souvent, il le caresse d&#8217;une main et fait ses devoirs de l&#8217;autre. \u00bb<\/p>\n\n<p>Madame Keller souhaite que Tim puisse \u00e0 nouveau vivre \u00e0 la maison, le cas \u00e9ch\u00e9ant avec la structure d&#8217;une \u00e9cole de jour. D\u2019ici \u00e0 ce que cela soit possible, Tim parle d\u00e9sormais tous les jours au t\u00e9l\u00e9phone avec sa m\u00e8re, qui fait intervenir le chien via FaceTime. Celui-ci, \u00e0 l&#8217;instar d&#8217;un chien guide d&#8217;aveugle, est encore en cours d&#8217;\u00e9ducation finale par la fondation Simpera. Il y apprend \u00e0 \u00eatre encore plus efficace pour servir d&#8217;interm\u00e9diaire ou intervenir dans les situations difficiles. <\/p>\n\n<div style=\"height:40px\" aria-hidden=\"true\" class=\"wp-block-spacer\"><\/div>\n\n        <div class=\"da-servicebox relative bg-gray-200 p-4 pt-8 border-solid border-t-8 border-da-dark mb-6\">\n            <i class=\"fas fa-info-circle mx-auto fa-7x text-da-dark\"><\/i>\n            <span style=\"hyphens: auto\">\n                <\/p>\n\n<p>\u00ab Nous ramenons \u00e0 la vie des personnes en situation de handicap ou en crise. Avec l&#8217;amour, la fid\u00e9lit\u00e9 et l&#8217;aide que seul un chien form\u00e9 peut apporter. Les chiens peuvent obtenir des r\u00e9sultats extraordinaires aupr\u00e8s des personnes qui ont des besoins particuliers. \u00bb C&#8217;est ainsi que Marc Fehlmann d\u00e9crit le travail de <a href=\"https:\/\/deinadieu.ch\/fr\/oeuvres-de-bienfaisance\/simpera\/\" target=\"_blank\" rel=\"noreferrer noopener\">la fondation Simpera,<\/a>qui \u00e9duque non seulement des chiens guides d&#8217;aveugles et des chiens d&#8217;assistance, mais \u00e9galement des chiens d&#8217;assistance pour autistes. La fondation, dont le si\u00e8ge est \u00e0 Flaach, propose \u00e9galement des interventions assist\u00e9es par des animaux dans les maisons de retraite m\u00e9dicalis\u00e9es, les h\u00f4pitaux, les institutions pour invalides et les \u00e9coles. Les animaux aident les personnes souffrant de limitations ou de handicaps physiques ou psychiques \u00e0 participer \u00e0 la vie sociale de mani\u00e8re autonome et \u00e0 surmonter leurs limites, explique M. Fehlmann, qui a cr\u00e9\u00e9 la fondation.<\/p>\n<p>\n                \n                \n            <\/span>\n        <\/div>\n        \n\n<div style=\"height:40px\" aria-hidden=\"true\" class=\"wp-block-spacer\"><\/div>\n\n<div class=\"wp-block-buttons is-layout-flex wp-block-buttons-is-layout-flex\">\n<div class=\"wp-block-button\"><a class=\"wp-block-button__link wp-element-button\" href=\"https:\/\/app.deinadieu.ch\/da\/testament\/7571\">Favoriser la fondation Simpera dans son testament<\/a><\/div>\n<\/div>\n","protected":false},"excerpt":{"rendered":"<p>Alors qu&#8217;auparavant, le gar\u00e7on hyperactif et autiste ne se laissait gu\u00e8re calmer pendant des heures, il lui arrive maintenant de s&#8217;endormir sur le sol \u00e0 c\u00f4t\u00e9 du chien. Gr\u00e2ce au chien d&#8217;assistance pour autistes Jaro, Tim peut \u00e0 nouveau rentrer \u00e0 la maison. La fondation Simpera forme ces chiens.<\/p>\n","protected":false},"author":6028,"featured_media":66376,"comment_status":"open","ping_status":"closed","sticky":false,"template":"","format":"standard","meta":{"_acf_changed":false,"footnotes":""},"categories":[2450],"tags":[3470,3614,3613,3514,3164,2469],"class_list":["post-66898","post","type-post","status-publish","format-standard","has-post-thumbnail","hentry","category-oeuvres-caritatives","tag-animal-domestique","tag-assistance","tag-chiens","tag-famille","tag-organisations-daide","tag-quel-effet-mon-heritage-peut-il-avoir"],"acf":[],"yoast_head":"<title>Portrait de la fondation Simpera et du chien d&#039;assistance Jaro | DeinAdieu<\/title>\n<meta name=\"description\" content=\"La fondation Simpera \u00e9duque des chiens d&#039;assistance pour aider les personnes \u00e0 participer \u00e0 la vie sociale quotidienne. Faites connaissance avec la fondation, le chien Jaro et la famille Keller.\" \/>\n<meta name=\"robots\" content=\"index, follow, max-snippet:-1, max-image-preview:large, max-video-preview:-1\" \/>\n<link rel=\"canonical\" href=\"https:\/\/www.deinadieu.ch\/fr\/jaro-est-notre-securite-comment-un-chien-permet-de-retrouver-une-vie-de-famille\/\" \/>\n<meta property=\"og:locale\" content=\"fr_FR\" \/>\n<meta property=\"og:type\" content=\"article\" \/>\n<meta property=\"og:title\" content=\"\u00ab Jaro est notre s\u00e9curit\u00e9 \u00bb : comment un chien permet de retrouver une vie de famille\" \/>\n<meta property=\"og:description\" content=\"Alors qu&#039;auparavant, le gar\u00e7on hyperactif et autiste ne se laissait gu\u00e8re calmer pendant des heures, il lui arrive maintenant de s&#039;endormir sur le sol \u00e0\" \/>\n<meta property=\"og:url\" content=\"https:\/\/www.deinadieu.ch\/fr\/jaro-est-notre-securite-comment-un-chien-permet-de-retrouver-une-vie-de-famille\/\" \/>\n<meta property=\"og:site_name\" content=\"DeinAdieu.ch\" \/>\n<meta property=\"article:publisher\" content=\"https:\/\/www.facebook.com\/deinadieu\" \/>\n<meta property=\"article:published_time\" content=\"2024-02-06T06:40:00+00:00\" \/>\n<meta property=\"article:modified_time\" content=\"2024-04-09T13:42:15+00:00\" \/>\n<meta property=\"og:image\" content=\"https:\/\/static.deinadieu.ch\/uploads\/2024\/01\/simpera_0010-2.jpg\" \/>\n\t<meta property=\"og:image:width\" content=\"2500\" \/>\n\t<meta property=\"og:image:height\" content=\"1666\" \/>\n\t<meta property=\"og:image:type\" content=\"image\/jpeg\" \/>\n<meta name=\"author\" content=\"Janina Gehrig, MA UZH, Redaktorin\" \/>\n<meta name=\"twitter:card\" content=\"summary_large_image\" \/>\n<meta name=\"twitter:creator\" content=\"@DeinAdieu\" \/>\n<meta name=\"twitter:site\" content=\"@DeinAdieu\" \/>\n<meta name=\"twitter:label1\" content=\"Written by\" \/>\n\t<meta name=\"twitter:data1\" content=\"Janina Gehrig, MA UZH, Redaktorin\" \/>\n\t<meta name=\"twitter:label2\" content=\"Est. reading time\" \/>\n\t<meta name=\"twitter:data2\" content=\"7 minutes\" \/>\n<script type=\"application\/ld+json\" class=\"yoast-schema-graph\">{\"@context\":\"https:\\\/\\\/schema.org\",\"@graph\":[{\"@type\":\"Article\",\"@id\":\"https:\\\/\\\/www.deinadieu.ch\\\/fr\\\/jaro-est-notre-securite-comment-un-chien-permet-de-retrouver-une-vie-de-famille\\\/#article\",\"isPartOf\":{\"@id\":\"https:\\\/\\\/www.deinadieu.ch\\\/fr\\\/jaro-est-notre-securite-comment-un-chien-permet-de-retrouver-une-vie-de-famille\\\/\"},\"author\":{\"name\":\"Janina Gehrig, MA UZH, Redaktorin\",\"@id\":\"https:\\\/\\\/www.deinadieu.ch\\\/fr\\\/#\\\/schema\\\/person\\\/78cffe1cb679e17f919e3d0c0e7b9673\"},\"headline\":\"\u00ab Jaro est notre s\u00e9curit\u00e9 \u00bb : comment un chien permet de retrouver une vie de famille\",\"datePublished\":\"2024-02-06T06:40:00+00:00\",\"dateModified\":\"2024-04-09T13:42:15+00:00\",\"mainEntityOfPage\":{\"@id\":\"https:\\\/\\\/www.deinadieu.ch\\\/fr\\\/jaro-est-notre-securite-comment-un-chien-permet-de-retrouver-une-vie-de-famille\\\/\"},\"wordCount\":1205,\"commentCount\":0,\"publisher\":{\"@id\":\"https:\\\/\\\/www.deinadieu.ch\\\/fr\\\/#organization\"},\"image\":{\"@id\":\"https:\\\/\\\/www.deinadieu.ch\\\/fr\\\/jaro-est-notre-securite-comment-un-chien-permet-de-retrouver-une-vie-de-famille\\\/#primaryimage\"},\"thumbnailUrl\":\"https:\\\/\\\/www.deinadieu.ch\\\/wp-content\\\/uploads\\\/2024\\\/01\\\/simpera_0010-2.jpg\",\"keywords\":[\"Animal domestique\",\"Assistance\",\"Chiens\",\"Famille\",\"organisations d'aide\",\"Quel effet mon h\u00e9ritage peut-il avoir ?\"],\"articleSection\":[\"\u0152uvres caritatives en point de mire\"],\"inLanguage\":\"fr-FR\",\"potentialAction\":[{\"@type\":\"CommentAction\",\"name\":\"Comment\",\"target\":[\"https:\\\/\\\/www.deinadieu.ch\\\/fr\\\/jaro-est-notre-securite-comment-un-chien-permet-de-retrouver-une-vie-de-famille\\\/#respond\"]}]},{\"@type\":\"WebPage\",\"@id\":\"https:\\\/\\\/www.deinadieu.ch\\\/fr\\\/jaro-est-notre-securite-comment-un-chien-permet-de-retrouver-une-vie-de-famille\\\/\",\"url\":\"https:\\\/\\\/www.deinadieu.ch\\\/fr\\\/jaro-est-notre-securite-comment-un-chien-permet-de-retrouver-une-vie-de-famille\\\/\",\"name\":\"Portrait de la fondation Simpera et du chien d'assistance Jaro | DeinAdieu\",\"isPartOf\":{\"@id\":\"https:\\\/\\\/www.deinadieu.ch\\\/fr\\\/#website\"},\"primaryImageOfPage\":{\"@id\":\"https:\\\/\\\/www.deinadieu.ch\\\/fr\\\/jaro-est-notre-securite-comment-un-chien-permet-de-retrouver-une-vie-de-famille\\\/#primaryimage\"},\"image\":{\"@id\":\"https:\\\/\\\/www.deinadieu.ch\\\/fr\\\/jaro-est-notre-securite-comment-un-chien-permet-de-retrouver-une-vie-de-famille\\\/#primaryimage\"},\"thumbnailUrl\":\"https:\\\/\\\/www.deinadieu.ch\\\/wp-content\\\/uploads\\\/2024\\\/01\\\/simpera_0010-2.jpg\",\"datePublished\":\"2024-02-06T06:40:00+00:00\",\"dateModified\":\"2024-04-09T13:42:15+00:00\",\"description\":\"La fondation Simpera \u00e9duque des chiens d'assistance pour aider les personnes \u00e0 participer \u00e0 la vie sociale quotidienne. Faites connaissance avec la fondation, le chien Jaro et la famille Keller.\",\"breadcrumb\":{\"@id\":\"https:\\\/\\\/www.deinadieu.ch\\\/fr\\\/jaro-est-notre-securite-comment-un-chien-permet-de-retrouver-une-vie-de-famille\\\/#breadcrumb\"},\"inLanguage\":\"fr-FR\",\"potentialAction\":[{\"@type\":\"ReadAction\",\"target\":[\"https:\\\/\\\/www.deinadieu.ch\\\/fr\\\/jaro-est-notre-securite-comment-un-chien-permet-de-retrouver-une-vie-de-famille\\\/\"]}]},{\"@type\":\"ImageObject\",\"inLanguage\":\"fr-FR\",\"@id\":\"https:\\\/\\\/www.deinadieu.ch\\\/fr\\\/jaro-est-notre-securite-comment-un-chien-permet-de-retrouver-une-vie-de-famille\\\/#primaryimage\",\"url\":\"https:\\\/\\\/www.deinadieu.ch\\\/wp-content\\\/uploads\\\/2024\\\/01\\\/simpera_0010-2.jpg\",\"contentUrl\":\"https:\\\/\\\/www.deinadieu.ch\\\/wp-content\\\/uploads\\\/2024\\\/01\\\/simpera_0010-2.jpg\",\"width\":2500,\"height\":1666,\"caption\":\"Le chien d'accompagnement pour autistes Jaro aide Tim dans la vie quotidienne et dans les situations difficiles. (Photos : Djamila Grossman)\"},{\"@type\":\"BreadcrumbList\",\"@id\":\"https:\\\/\\\/www.deinadieu.ch\\\/fr\\\/jaro-est-notre-securite-comment-un-chien-permet-de-retrouver-une-vie-de-famille\\\/#breadcrumb\",\"itemListElement\":[{\"@type\":\"ListItem\",\"position\":1,\"name\":\"Home\",\"item\":\"https:\\\/\\\/www.deinadieu.ch\\\/fr\\\/deinadieu-dialog-und-serviceportal-zum-lebensende\\\/\"},{\"@type\":\"ListItem\",\"position\":2,\"name\":\"\u00ab Jaro est notre s\u00e9curit\u00e9 \u00bb : comment un chien permet de retrouver une vie de famille\"}]},{\"@type\":\"WebSite\",\"@id\":\"https:\\\/\\\/www.deinadieu.ch\\\/fr\\\/#website\",\"url\":\"https:\\\/\\\/www.deinadieu.ch\\\/fr\\\/\",\"name\":\"DeinAdieu.ch\",\"description\":\"Testament, Patientenverf\u00fcgung und Vorsorgeauftrag\",\"publisher\":{\"@id\":\"https:\\\/\\\/www.deinadieu.ch\\\/fr\\\/#organization\"},\"potentialAction\":[{\"@type\":\"SearchAction\",\"target\":{\"@type\":\"EntryPoint\",\"urlTemplate\":\"https:\\\/\\\/www.deinadieu.ch\\\/fr\\\/?s={search_term_string}\"},\"query-input\":{\"@type\":\"PropertyValueSpecification\",\"valueRequired\":true,\"valueName\":\"search_term_string\"}}],\"inLanguage\":\"fr-FR\"},{\"@type\":\"Organization\",\"@id\":\"https:\\\/\\\/www.deinadieu.ch\\\/fr\\\/#organization\",\"name\":\"EMNA Web GmbH\",\"url\":\"https:\\\/\\\/www.deinadieu.ch\\\/fr\\\/\",\"logo\":{\"@type\":\"ImageObject\",\"inLanguage\":\"fr-FR\",\"@id\":\"https:\\\/\\\/www.deinadieu.ch\\\/fr\\\/#\\\/schema\\\/logo\\\/image\\\/\",\"url\":\"https:\\\/\\\/www.deinadieu.ch\\\/wp-content\\\/uploads\\\/2016\\\/01\\\/DeinAdieu_Logo.png\",\"contentUrl\":\"https:\\\/\\\/www.deinadieu.ch\\\/wp-content\\\/uploads\\\/2016\\\/01\\\/DeinAdieu_Logo.png\",\"width\":300,\"height\":117,\"caption\":\"EMNA Web GmbH\"},\"image\":{\"@id\":\"https:\\\/\\\/www.deinadieu.ch\\\/fr\\\/#\\\/schema\\\/logo\\\/image\\\/\"},\"sameAs\":[\"https:\\\/\\\/www.facebook.com\\\/deinadieu\",\"https:\\\/\\\/x.com\\\/DeinAdieu\",\"https:\\\/\\\/www.instagram.com\\\/deinadieu\\\/\",\"https:\\\/\\\/www.linkedin.com\\\/company\\\/deinadieu.ch\"]},{\"@type\":\"Person\",\"@id\":\"https:\\\/\\\/www.deinadieu.ch\\\/fr\\\/#\\\/schema\\\/person\\\/78cffe1cb679e17f919e3d0c0e7b9673\",\"name\":\"Janina Gehrig, MA UZH, Redaktorin\",\"image\":{\"@type\":\"ImageObject\",\"inLanguage\":\"fr-FR\",\"@id\":\"https:\\\/\\\/secure.gravatar.com\\\/avatar\\\/8bfc4dca12cd7c0a0373c12f34587d1f6a6117903e7ecc0035863bd69df6fb07?s=96&d=mm&r=g\",\"url\":\"https:\\\/\\\/secure.gravatar.com\\\/avatar\\\/8bfc4dca12cd7c0a0373c12f34587d1f6a6117903e7ecc0035863bd69df6fb07?s=96&d=mm&r=g\",\"contentUrl\":\"https:\\\/\\\/secure.gravatar.com\\\/avatar\\\/8bfc4dca12cd7c0a0373c12f34587d1f6a6117903e7ecc0035863bd69df6fb07?s=96&d=mm&r=g\",\"caption\":\"Janina Gehrig, MA UZH, Redaktorin\"},\"url\":\"https:\\\/\\\/www.deinadieu.ch\\\/fr\\\/author\\\/janinagehrig\\\/\"}]}<\/script>","yoast_head_json":{"title":"Portrait de la fondation Simpera et du chien d'assistance Jaro | DeinAdieu","description":"La fondation Simpera \u00e9duque des chiens d'assistance pour aider les personnes \u00e0 participer \u00e0 la vie sociale quotidienne. Faites connaissance avec la fondation, le chien Jaro et la famille Keller.","robots":{"index":"index","follow":"follow","max-snippet":"max-snippet:-1","max-image-preview":"max-image-preview:large","max-video-preview":"max-video-preview:-1"},"canonical":"https:\/\/www.deinadieu.ch\/fr\/jaro-est-notre-securite-comment-un-chien-permet-de-retrouver-une-vie-de-famille\/","og_locale":"fr_FR","og_type":"article","og_title":"\u00ab Jaro est notre s\u00e9curit\u00e9 \u00bb : comment un chien permet de retrouver une vie de famille","og_description":"Alors qu'auparavant, le gar\u00e7on hyperactif et autiste ne se laissait gu\u00e8re calmer pendant des heures, il lui arrive maintenant de s'endormir sur le sol \u00e0","og_url":"https:\/\/www.deinadieu.ch\/fr\/jaro-est-notre-securite-comment-un-chien-permet-de-retrouver-une-vie-de-famille\/","og_site_name":"DeinAdieu.ch","article_publisher":"https:\/\/www.facebook.com\/deinadieu","article_published_time":"2024-02-06T06:40:00+00:00","article_modified_time":"2024-04-09T13:42:15+00:00","og_image":[{"width":2500,"height":1666,"url":"https:\/\/static.deinadieu.ch\/uploads\/2024\/01\/simpera_0010-2.jpg","type":"image\/jpeg"}],"author":"Janina Gehrig, MA UZH, Redaktorin","twitter_card":"summary_large_image","twitter_creator":"@DeinAdieu","twitter_site":"@DeinAdieu","twitter_misc":{"Written by":"Janina Gehrig, MA UZH, Redaktorin","Est. reading time":"7 minutes"},"schema":{"@context":"https:\/\/schema.org","@graph":[{"@type":"Article","@id":"https:\/\/www.deinadieu.ch\/fr\/jaro-est-notre-securite-comment-un-chien-permet-de-retrouver-une-vie-de-famille\/#article","isPartOf":{"@id":"https:\/\/www.deinadieu.ch\/fr\/jaro-est-notre-securite-comment-un-chien-permet-de-retrouver-une-vie-de-famille\/"},"author":{"name":"Janina Gehrig, MA UZH, Redaktorin","@id":"https:\/\/www.deinadieu.ch\/fr\/#\/schema\/person\/78cffe1cb679e17f919e3d0c0e7b9673"},"headline":"\u00ab Jaro est notre s\u00e9curit\u00e9 \u00bb : comment un chien permet de retrouver une vie de famille","datePublished":"2024-02-06T06:40:00+00:00","dateModified":"2024-04-09T13:42:15+00:00","mainEntityOfPage":{"@id":"https:\/\/www.deinadieu.ch\/fr\/jaro-est-notre-securite-comment-un-chien-permet-de-retrouver-une-vie-de-famille\/"},"wordCount":1205,"commentCount":0,"publisher":{"@id":"https:\/\/www.deinadieu.ch\/fr\/#organization"},"image":{"@id":"https:\/\/www.deinadieu.ch\/fr\/jaro-est-notre-securite-comment-un-chien-permet-de-retrouver-une-vie-de-famille\/#primaryimage"},"thumbnailUrl":"https:\/\/www.deinadieu.ch\/wp-content\/uploads\/2024\/01\/simpera_0010-2.jpg","keywords":["Animal domestique","Assistance","Chiens","Famille","organisations d'aide","Quel effet mon h\u00e9ritage peut-il avoir ?"],"articleSection":["\u0152uvres caritatives en point de mire"],"inLanguage":"fr-FR","potentialAction":[{"@type":"CommentAction","name":"Comment","target":["https:\/\/www.deinadieu.ch\/fr\/jaro-est-notre-securite-comment-un-chien-permet-de-retrouver-une-vie-de-famille\/#respond"]}]},{"@type":"WebPage","@id":"https:\/\/www.deinadieu.ch\/fr\/jaro-est-notre-securite-comment-un-chien-permet-de-retrouver-une-vie-de-famille\/","url":"https:\/\/www.deinadieu.ch\/fr\/jaro-est-notre-securite-comment-un-chien-permet-de-retrouver-une-vie-de-famille\/","name":"Portrait de la fondation Simpera et du chien d'assistance Jaro | DeinAdieu","isPartOf":{"@id":"https:\/\/www.deinadieu.ch\/fr\/#website"},"primaryImageOfPage":{"@id":"https:\/\/www.deinadieu.ch\/fr\/jaro-est-notre-securite-comment-un-chien-permet-de-retrouver-une-vie-de-famille\/#primaryimage"},"image":{"@id":"https:\/\/www.deinadieu.ch\/fr\/jaro-est-notre-securite-comment-un-chien-permet-de-retrouver-une-vie-de-famille\/#primaryimage"},"thumbnailUrl":"https:\/\/www.deinadieu.ch\/wp-content\/uploads\/2024\/01\/simpera_0010-2.jpg","datePublished":"2024-02-06T06:40:00+00:00","dateModified":"2024-04-09T13:42:15+00:00","description":"La fondation Simpera \u00e9duque des chiens d'assistance pour aider les personnes \u00e0 participer \u00e0 la vie sociale quotidienne. Faites connaissance avec la fondation, le chien Jaro et la famille Keller.","breadcrumb":{"@id":"https:\/\/www.deinadieu.ch\/fr\/jaro-est-notre-securite-comment-un-chien-permet-de-retrouver-une-vie-de-famille\/#breadcrumb"},"inLanguage":"fr-FR","potentialAction":[{"@type":"ReadAction","target":["https:\/\/www.deinadieu.ch\/fr\/jaro-est-notre-securite-comment-un-chien-permet-de-retrouver-une-vie-de-famille\/"]}]},{"@type":"ImageObject","inLanguage":"fr-FR","@id":"https:\/\/www.deinadieu.ch\/fr\/jaro-est-notre-securite-comment-un-chien-permet-de-retrouver-une-vie-de-famille\/#primaryimage","url":"https:\/\/www.deinadieu.ch\/wp-content\/uploads\/2024\/01\/simpera_0010-2.jpg","contentUrl":"https:\/\/www.deinadieu.ch\/wp-content\/uploads\/2024\/01\/simpera_0010-2.jpg","width":2500,"height":1666,"caption":"Le chien d'accompagnement pour autistes Jaro aide Tim dans la vie quotidienne et dans les situations difficiles. (Photos : Djamila Grossman)"},{"@type":"BreadcrumbList","@id":"https:\/\/www.deinadieu.ch\/fr\/jaro-est-notre-securite-comment-un-chien-permet-de-retrouver-une-vie-de-famille\/#breadcrumb","itemListElement":[{"@type":"ListItem","position":1,"name":"Home","item":"https:\/\/www.deinadieu.ch\/fr\/deinadieu-dialog-und-serviceportal-zum-lebensende\/"},{"@type":"ListItem","position":2,"name":"\u00ab Jaro est notre s\u00e9curit\u00e9 \u00bb : comment un chien permet de retrouver une vie de famille"}]},{"@type":"WebSite","@id":"https:\/\/www.deinadieu.ch\/fr\/#website","url":"https:\/\/www.deinadieu.ch\/fr\/","name":"DeinAdieu.ch","description":"Testament, Patientenverf\u00fcgung und Vorsorgeauftrag","publisher":{"@id":"https:\/\/www.deinadieu.ch\/fr\/#organization"},"potentialAction":[{"@type":"SearchAction","target":{"@type":"EntryPoint","urlTemplate":"https:\/\/www.deinadieu.ch\/fr\/?s={search_term_string}"},"query-input":{"@type":"PropertyValueSpecification","valueRequired":true,"valueName":"search_term_string"}}],"inLanguage":"fr-FR"},{"@type":"Organization","@id":"https:\/\/www.deinadieu.ch\/fr\/#organization","name":"EMNA Web GmbH","url":"https:\/\/www.deinadieu.ch\/fr\/","logo":{"@type":"ImageObject","inLanguage":"fr-FR","@id":"https:\/\/www.deinadieu.ch\/fr\/#\/schema\/logo\/image\/","url":"https:\/\/www.deinadieu.ch\/wp-content\/uploads\/2016\/01\/DeinAdieu_Logo.png","contentUrl":"https:\/\/www.deinadieu.ch\/wp-content\/uploads\/2016\/01\/DeinAdieu_Logo.png","width":300,"height":117,"caption":"EMNA Web GmbH"},"image":{"@id":"https:\/\/www.deinadieu.ch\/fr\/#\/schema\/logo\/image\/"},"sameAs":["https:\/\/www.facebook.com\/deinadieu","https:\/\/x.com\/DeinAdieu","https:\/\/www.instagram.com\/deinadieu\/","https:\/\/www.linkedin.com\/company\/deinadieu.ch"]},{"@type":"Person","@id":"https:\/\/www.deinadieu.ch\/fr\/#\/schema\/person\/78cffe1cb679e17f919e3d0c0e7b9673","name":"Janina Gehrig, MA UZH, Redaktorin","image":{"@type":"ImageObject","inLanguage":"fr-FR","@id":"https:\/\/secure.gravatar.com\/avatar\/8bfc4dca12cd7c0a0373c12f34587d1f6a6117903e7ecc0035863bd69df6fb07?s=96&d=mm&r=g","url":"https:\/\/secure.gravatar.com\/avatar\/8bfc4dca12cd7c0a0373c12f34587d1f6a6117903e7ecc0035863bd69df6fb07?s=96&d=mm&r=g","contentUrl":"https:\/\/secure.gravatar.com\/avatar\/8bfc4dca12cd7c0a0373c12f34587d1f6a6117903e7ecc0035863bd69df6fb07?s=96&d=mm&r=g","caption":"Janina Gehrig, MA UZH, Redaktorin"},"url":"https:\/\/www.deinadieu.ch\/fr\/author\/janinagehrig\/"}]}},"_links":{"self":[{"href":"https:\/\/www.deinadieu.ch\/fr\/wp-json\/wp\/v2\/posts\/66898","targetHints":{"allow":["GET"]}}],"collection":[{"href":"https:\/\/www.deinadieu.ch\/fr\/wp-json\/wp\/v2\/posts"}],"about":[{"href":"https:\/\/www.deinadieu.ch\/fr\/wp-json\/wp\/v2\/types\/post"}],"author":[{"embeddable":true,"href":"https:\/\/www.deinadieu.ch\/fr\/wp-json\/wp\/v2\/users\/6028"}],"replies":[{"embeddable":true,"href":"https:\/\/www.deinadieu.ch\/fr\/wp-json\/wp\/v2\/comments?post=66898"}],"version-history":[{"count":21,"href":"https:\/\/www.deinadieu.ch\/fr\/wp-json\/wp\/v2\/posts\/66898\/revisions"}],"predecessor-version":[{"id":67535,"href":"https:\/\/www.deinadieu.ch\/fr\/wp-json\/wp\/v2\/posts\/66898\/revisions\/67535"}],"wp:featuredmedia":[{"embeddable":true,"href":"https:\/\/www.deinadieu.ch\/fr\/wp-json\/wp\/v2\/media\/66376"}],"wp:attachment":[{"href":"https:\/\/www.deinadieu.ch\/fr\/wp-json\/wp\/v2\/media?parent=66898"}],"wp:term":[{"taxonomy":"category","embeddable":true,"href":"https:\/\/www.deinadieu.ch\/fr\/wp-json\/wp\/v2\/categories?post=66898"},{"taxonomy":"post_tag","embeddable":true,"href":"https:\/\/www.deinadieu.ch\/fr\/wp-json\/wp\/v2\/tags?post=66898"}],"curies":[{"name":"wp","href":"https:\/\/api.w.org\/{rel}","templated":true}]}}