{"id":66894,"date":"2024-01-16T07:56:00","date_gmt":"2024-01-16T06:56:00","guid":{"rendered":"https:\/\/www.deinadieu.ch\/les-femmes-et-les-jeunes-filles-sont-les-piliers-de-la-societe-sans-leur-sante-rien-ne-fonctionne\/"},"modified":"2024-03-25T15:28:15","modified_gmt":"2024-03-25T14:28:15","slug":"les-femmes-et-les-jeunes-filles-sont-les-piliers-de-la-societe-sans-leur-sante-rien-ne-fonctionne","status":"publish","type":"post","link":"https:\/\/www.deinadieu.ch\/fr\/les-femmes-et-les-jeunes-filles-sont-les-piliers-de-la-societe-sans-leur-sante-rien-ne-fonctionne\/","title":{"rendered":"\u00ab Les femmes et les jeunes filles sont les piliers de la soci\u00e9t\u00e9 \u2013 sans leur sant\u00e9, rien ne fonctionne \u00bb"},"content":{"rendered":"\n<p>Iamaneh Suisse s&#8217;engage pour la sant\u00e9 et les droits des femmes et des jeunes filles en Afrique de l&#8217;Ouest et dans les Balkans occidentaux. Au Mali et au S\u00e9n\u00e9gal, l&#8217;organisation soutient depuis les ann\u00e9es 1990 des ONG qui s&#8217;engagent contre l&#8217;excision des jeunes filles. Cet engagement n\u00e9cessite de la pers\u00e9v\u00e9rance et un \u00e9change intensif avec la communaut\u00e9 locale. La co-directrice Manuela Di Marco parle dans l&#8217;interview d&#8217;une \u00e9tape r\u00e9ussie que Iamaneh a franchie au S\u00e9n\u00e9gal et souligne l&#8217;importance des legs et des dons priv\u00e9s pour les projets de d\u00e9veloppement sur place.<\/p>\n\n<!--more-->\n\n<p><strong>Iamaneh Suisse s&#8217;engage pour la sant\u00e9 et l&#8217;\u00e9galit\u00e9 des femmes en Afrique de l&#8217;Ouest et dans les Balkans occidentaux. Quels projets l&#8217;organisation soutient-elle sur place ?<\/strong><\/p>\n\n<p>Nous nous engageons en Afrique de l&#8217;Ouest et dans les Balkans occidentaux pour l&#8217;am\u00e9lioration de la sant\u00e9 et l&#8217;\u00e9galit\u00e9 des femmes et des jeunes filles et travaillons toujours avec des organisations partenaires locales. D&#8217;une part, nous informons les jeunes filles et les femmes sur leur sant\u00e9 reproductive et sexuelle et les rendons attentives \u00e0 leurs droits. En Afrique de l&#8217;Ouest, nous sommes pr\u00e9sents au Mali, au S\u00e9n\u00e9gal, au Togo et au Burkina Faso. Notre objectif consiste entre autres \u00e0 mettre un terme \u00e0 l&#8217;excision des jeunes filles. Nous essayons \u00e9galement de pr\u00e9venir les grossesses pr\u00e9coces afin que les jeunes filles puissent continuer \u00e0 aller \u00e0 l&#8217;\u00e9cole et terminer leur formation. Lorsque nous autonomisons les femmes, nous impliquons leurs partenaires. Dans ces pays, ce sont g\u00e9n\u00e9ralement les hommes qui gagnent l&#8217;argent et les femmes d\u00e9pendent souvent d&#8217;eux sur le plan financier lorsqu&#8217;elles doivent par exemple se rendre dans un centre de sant\u00e9.<\/p>\n\n<p>Dans les Balkans occidentaux, nous nous engageons depuis la fin de la guerre contre la violence fond\u00e9e sur le genre. Au tout d\u00e9but, nous avons mis en place un centre de traumatologie en Bosnie-Herz\u00e9govine. Par la suite, d&#8217;autres projets sont venus s&#8217;ajouter en Albanie. En Bosnie et en Albanie, nous soutenons \u00e0 la fois les foyers d&#8217;accueil pour femmes, qui offrent une protection aux femmes victimes de violence, et les centres pour hommes, afin d&#8217;impliquer les partenaires. Nous ne parviendrons \u00e0 l&#8217;\u00e9galit\u00e9 des sexes qu&#8217;en collaboration avec les hommes.<\/p>\n\n<figure class=\"wp-block-image size-large\"><img loading=\"lazy\" decoding=\"async\" width=\"1024\" height=\"683\" src=\"https:\/\/www.deinadieu.ch\/wp-content\/uploads\/2024\/01\/Bild-2_Portraet-1024x683.jpg\" alt=\"Portrait de Manuela Di Marco\" class=\"wp-image-66243\" srcset=\"https:\/\/www.deinadieu.ch\/wp-content\/uploads\/2024\/01\/Bild-2_Portraet-1024x683.jpg 1024w, https:\/\/www.deinadieu.ch\/wp-content\/uploads\/2024\/01\/Bild-2_Portraet-300x200.jpg 300w, https:\/\/www.deinadieu.ch\/wp-content\/uploads\/2024\/01\/Bild-2_Portraet-1536x1024.jpg 1536w, https:\/\/www.deinadieu.ch\/wp-content\/uploads\/2024\/01\/Bild-2_Portraet-2048x1365.jpg 2048w\" sizes=\"auto, (max-width: 1024px) 100vw, 1024px\" \/><figcaption class=\"wp-element-caption\">Avec Alexandra Nicola, Manuela Di Marco est co-directrice de Iamaneh Suisse, directrice des programmes internationaux et responsable du secteur communication &amp; recherche de fonds.<\/figcaption><\/figure>\n\n<p><strong>Comment Iamaneh Suisse finance-t-elle ces projets pour l&#8217;\u00e9galit\u00e9 et la sant\u00e9 des femmes et des jeunes filles ?<\/strong><\/p>\n\n<p>Sans les dons, Iamaneh n&#8217;existerait pas. Outre le soutien financier de la Conf\u00e9d\u00e9ration, des cantons et des fondations, les dons priv\u00e9s repr\u00e9sentent environ un quart des fonds totaux. Pour nous, en tant que petite institution \u2013 ici, au si\u00e8ge principal \u00e0 B\u00e2le, nous employons onze personnes \u00e0 temps partiel \u2013, les donateurs\/-trices priv\u00e9s sont tr\u00e8s importants. Les personnes qui prennent en compte Iamaneh Suisse sont conscientes que les femmes et les jeunes filles sont les piliers de la soci\u00e9t\u00e9 et que sans leur sant\u00e9, rien ne fonctionne : elles ne peuvent alors en effet ni s&#8217;occuper de leur famille ni travailler.<\/p>\n\n<p><strong>Outre les dons publics et priv\u00e9s, quel r\u00f4le jouent les legs pour financer les projets de d\u00e9veloppement ?<\/strong><\/p>\n\n<p>Aujourd&#8217;hui, les gens parlent plus ouvertement des valeurs qu&#8217;ils souhaitent voir perdurer dans leur testament. Le testament est consid\u00e9r\u00e9 comme faisant partie de la pr\u00e9voyance et davantage de personnes se pr\u00e9occupent de leurs derni\u00e8res volont\u00e9s. En tant qu&#8217;organisation, nous ressentons que le tabou autour de la mort et de l&#8217;h\u00e9ritage a \u00e9t\u00e9 lev\u00e9, car nous recevons de plus en plus de legs depuis environ cinq ans \u2013 m\u00eame s&#8217;ils sont encore irr\u00e9guliers et portent plut\u00f4t sur de petits montants. Il est important que les th\u00e8mes de la pr\u00e9voyance, de l&#8217;h\u00e9ritage et des testaments soient encore mieux connus et que les donateurs et donatrices nous <a href=\"https:\/\/app.deinadieu.ch\/da\/testament\/7224\">incluent dans leur testament<\/a>, car ce n&#8217;est qu&#8217;ainsi que nous pouvons r\u00e9aliser nos projets de d\u00e9veloppement sur place.<\/p>\n\n<figure class=\"wp-block-image size-large\"><img loading=\"lazy\" decoding=\"async\" width=\"1024\" height=\"683\" src=\"https:\/\/www.deinadieu.ch\/wp-content\/uploads\/2024\/01\/Bild-3_Flyer-Iamaneh-1024x683.jpg\" alt=\"D&#xE9;pliant Iamaneh\" class=\"wp-image-66251\" srcset=\"https:\/\/www.deinadieu.ch\/wp-content\/uploads\/2024\/01\/Bild-3_Flyer-Iamaneh-1024x683.jpg 1024w, https:\/\/www.deinadieu.ch\/wp-content\/uploads\/2024\/01\/Bild-3_Flyer-Iamaneh-300x200.jpg 300w, https:\/\/www.deinadieu.ch\/wp-content\/uploads\/2024\/01\/Bild-3_Flyer-Iamaneh-1536x1024.jpg 1536w, https:\/\/www.deinadieu.ch\/wp-content\/uploads\/2024\/01\/Bild-3_Flyer-Iamaneh-2048x1365.jpg 2048w\" sizes=\"auto, (max-width: 1024px) 100vw, 1024px\" \/><figcaption class=\"wp-element-caption\">En Afrique de l&#8217;Ouest et dans les Balkans occidentaux, l&#8217;organisation s&#8217;engage pour l&#8217;am\u00e9lioration de la sant\u00e9 sexuelle et reproductive ainsi que contre la violence fond\u00e9e sur le genre.<\/figcaption><\/figure>\n\n<p><strong>Au S\u00e9n\u00e9gal, Iamaneh Suisse s&#8217;engage entre autres pour la fin de l&#8217;excision des jeunes filles. Qu&#8217;avez-vous accompli dans ce pays d&#8217;Afrique de l&#8217;Ouest ?<\/strong><\/p>\n\n<p>Au S\u00e9n\u00e9gal, nous avons r\u00e9cemment c\u00e9l\u00e9br\u00e9 la fin d&#8217;un projet de plusieurs ann\u00e9es dont l&#8217;objectif \u00e9tait de mettre fin \u00e0 l&#8217;excision des jeunes filles dans la r\u00e9gion de Ziguinchor et de r\u00e9duire le nombre de grossesses chez les adolescentes, tr\u00e8s r\u00e9pandues. En collaboration avec l&#8217;organisation partenaire locale \u00ab Eusobul \u00bb de la rappeuse s\u00e9n\u00e9galaise Sister Fa, nous avons r\u00e9ussi \u00e0 faire en sorte que les exciseuses \u2013 \u00e9galement appel\u00e9es \u00ab gardiennes de la tradition \u00bb \u2013 cessent de pratiquer l&#8217;excision dans la zone du projet d&#8217;Eusobul. Cependant, le rituel de l&#8217;initiation occupe une place centrale dans la culture s\u00e9n\u00e9galaise. C&#8217;est pourquoi nous nous sommes mis d&#8217;accord pour que la f\u00eate de l&#8217;initiation continue \u00e0 \u00eatre c\u00e9l\u00e9br\u00e9e dans la r\u00e9gion, mais sans excision des jeunes filles. Ce succ\u00e8s est une \u00e9tape \u00e9norme pour Iamaneh et Eusobul : apr\u00e8s plusieurs ann\u00e9es, nous avons pu trouver une solution soutenue par toutes les parties concern\u00e9es. Cela ne va pas de soi, car il existe une grande pression sociale en lien avec l&#8217;excision.<\/p>\n\n<figure class=\"wp-block-image size-large\"><img loading=\"lazy\" decoding=\"async\" width=\"1024\" height=\"683\" src=\"https:\/\/www.deinadieu.ch\/wp-content\/uploads\/2024\/01\/Bild-4_Ausstellung-1024x683.jpg\" alt=\"Iamaneh Exposition de photos S&#xE9;n&#xE9;gal\" class=\"wp-image-66256\" srcset=\"https:\/\/www.deinadieu.ch\/wp-content\/uploads\/2024\/01\/Bild-4_Ausstellung-1024x683.jpg 1024w, https:\/\/www.deinadieu.ch\/wp-content\/uploads\/2024\/01\/Bild-4_Ausstellung-300x200.jpg 300w, https:\/\/www.deinadieu.ch\/wp-content\/uploads\/2024\/01\/Bild-4_Ausstellung-1536x1024.jpg 1536w, https:\/\/www.deinadieu.ch\/wp-content\/uploads\/2024\/01\/Bild-4_Ausstellung-2048x1365.jpg 2048w\" sizes=\"auto, (max-width: 1024px) 100vw, 1024px\" \/><figcaption class=\"wp-element-caption\">Les portraits de la photographe Claudia Link montrent le contexte et la complexit\u00e9 de l&#8217;excision au S\u00e9n\u00e9gal et racontent les histoires des personnes du projet d&#8217;Eusobul.<\/figcaption><\/figure>\n\n<p><strong>En quoi ce projet au S\u00e9n\u00e9gal est-il caract\u00e9ristique du travail de Iamaneh Suisse ?<\/strong><\/p>\n\n<p>Typiquement, nous travaillons ici aussi avec une organisation partenaire sur place. Les relations avec nos partenaires de projet locaux se font toujours d&#8217;\u00e9gal \u00e0 \u00e9gal. Nous ne donnons pas de le\u00e7on de morale en disant : \u00ab Voil\u00e0 comment vous devez agir ! \u00bb. La rappeuse s\u00e9n\u00e9galaise Sister Fa, de son vrai nom Fatou Mandiang Diatta, est originaire de la r\u00e9gion et a elle-m\u00eame \u00e9t\u00e9 victime de mutilations g\u00e9nitales. En tant qu&#8217;activiste, elle s&#8217;engage d\u00e9sormais contre l&#8217;excision des jeunes filles dans son pays d&#8217;origine et agit ainsi comme m\u00e9diatrice entre les diff\u00e9rentes cultures. Des figures d&#8217;identification comme Sister Fa ou la Somalienne Waris Dirie, dont l&#8217;histoire est racont\u00e9e dans le long m\u00e9trage \u00ab Fleur du d\u00e9sert \u00bb, sont tr\u00e8s importantes pour les jeunes filles et les femmes concern\u00e9es.<\/p>\n\n\n        <div class=\"da-servicebox relative bg-gray-200 p-4 pt-8 border-solid border-t-8 border-da-dark mb-6\">\n            <i class=\"fas fa-info-circle mx-auto fa-7x text-da-dark\"><\/i>\n            <span style=\"hyphens: auto\">\n                Iamaneh est l&#8217;acronyme de \u00ab International Association for Maternal and Neonatal Health \u00bb et a \u00e9t\u00e9 fond\u00e9e en 1978 \u00e0 l&#8217;initiative du gyn\u00e9cologue genevois Hubert de Watteville. <a href=\"https:\/\/www.deinadieu.ch\/fr\/oeuvres-de-bienfaisance\/\">Iamaneh Suisse<\/a> s&#8217;engage notamment pour un accouchement et une maternit\u00e9 s\u00fbrs, pour un meilleur acc\u00e8s au planning familial ainsi que pour les droits des femmes et une vie sans violence.\n                \n                \n            <\/span>\n        <\/div>\n        \n\n<p>Souhaitez-vous inclure Iamaneh Suisse dans votre testament et promouvoir ainsi la sant\u00e9 et l&#8217;\u00e9galit\u00e9 des femmes et des jeunes filles en Afrique de l&#8217;Ouest et dans les Balkans occidentaux ? Cliquez sur le bouton ci-dessous : <\/p>\n\n<div class=\"wp-block-buttons is-layout-flex wp-block-buttons-is-layout-flex\">\n<div class=\"wp-block-button\"><a class=\"wp-block-button__link wp-element-button\" href=\"https:\/\/app.deinadieu.ch\/da\/testament\/7224\">Inclure Iamaneh dans son testament<\/a><\/div>\n<\/div>\n","protected":false},"excerpt":{"rendered":"<p>Iamaneh Suisse s&#8217;engage pour la sant\u00e9 et les droits des femmes et des jeunes filles en Afrique de l&#8217;Ouest et dans les Balkans occidentaux. Au Mali et au S\u00e9n\u00e9gal, l&#8217;organisation soutient depuis les ann\u00e9es 1990 des ONG qui s&#8217;engagent contre l&#8217;excision des jeunes filles. Cet engagement n\u00e9cessite de la pers\u00e9v\u00e9rance et un \u00e9change intensif avec [&hellip;]<\/p>\n","protected":false},"author":6038,"featured_media":66240,"comment_status":"open","ping_status":"closed","sticky":false,"template":"","format":"standard","meta":{"_acf_changed":false,"footnotes":""},"categories":[2450],"tags":[3164,2469],"class_list":["post-66894","post","type-post","status-publish","format-standard","has-post-thumbnail","hentry","category-oeuvres-caritatives","tag-organisations-daide","tag-quel-effet-mon-heritage-peut-il-avoir"],"acf":[],"yoast_head":"<title>Portrait de l&#039;organisation de d\u00e9veloppement Iamaneh Suisse | DeinAdieu.ch<\/title>\n<meta name=\"description\" content=\"L&#039;organisation Iamaneh s&#039;engage pour la sant\u00e9 et les droits des femmes et des jeunes filles en Afrique de l&#039;Ouest et dans les Balkans occidentaux.\" \/>\n<meta name=\"robots\" content=\"index, follow, max-snippet:-1, max-image-preview:large, max-video-preview:-1\" \/>\n<link rel=\"canonical\" href=\"https:\/\/www.deinadieu.ch\/fr\/les-femmes-et-les-jeunes-filles-sont-les-piliers-de-la-societe-sans-leur-sante-rien-ne-fonctionne\/\" \/>\n<meta property=\"og:locale\" content=\"fr_FR\" \/>\n<meta property=\"og:type\" content=\"article\" \/>\n<meta property=\"og:title\" content=\"\u00ab Les femmes et les jeunes filles sont les piliers de la soci\u00e9t\u00e9 \u2013 sans leur sant\u00e9, rien ne fonctionne \u00bb\" \/>\n<meta property=\"og:description\" content=\"Iamaneh Suisse s&#039;engage pour la sant\u00e9 et les droits des femmes et des jeunes filles en Afrique de l&#039;Ouest et dans les Balkans occidentaux. Au Mali et au\" \/>\n<meta property=\"og:url\" content=\"https:\/\/www.deinadieu.ch\/fr\/les-femmes-et-les-jeunes-filles-sont-les-piliers-de-la-societe-sans-leur-sante-rien-ne-fonctionne\/\" \/>\n<meta property=\"og:site_name\" content=\"DeinAdieu.ch\" \/>\n<meta property=\"article:publisher\" content=\"https:\/\/www.facebook.com\/deinadieu\" \/>\n<meta property=\"article:published_time\" content=\"2024-01-16T06:56:00+00:00\" \/>\n<meta property=\"article:modified_time\" content=\"2024-03-25T14:28:15+00:00\" \/>\n<meta property=\"og:image\" content=\"https:\/\/static.deinadieu.ch\/uploads\/2024\/01\/Bild-1_Header-scaled.jpg\" \/>\n\t<meta property=\"og:image:width\" content=\"2560\" \/>\n\t<meta property=\"og:image:height\" content=\"1707\" \/>\n\t<meta property=\"og:image:type\" content=\"image\/jpeg\" \/>\n<meta name=\"author\" content=\"Sabrina Rohner\" \/>\n<meta name=\"twitter:card\" content=\"summary_large_image\" \/>\n<meta name=\"twitter:creator\" content=\"@DeinAdieu\" \/>\n<meta name=\"twitter:site\" content=\"@DeinAdieu\" \/>\n<meta name=\"twitter:label1\" content=\"Written by\" \/>\n\t<meta name=\"twitter:data1\" content=\"Sabrina Rohner\" \/>\n\t<meta name=\"twitter:label2\" content=\"Est. reading time\" \/>\n\t<meta name=\"twitter:data2\" content=\"6 minutes\" \/>\n<script type=\"application\/ld+json\" class=\"yoast-schema-graph\">{\"@context\":\"https:\\\/\\\/schema.org\",\"@graph\":[{\"@type\":\"Article\",\"@id\":\"https:\\\/\\\/www.deinadieu.ch\\\/fr\\\/les-femmes-et-les-jeunes-filles-sont-les-piliers-de-la-societe-sans-leur-sante-rien-ne-fonctionne\\\/#article\",\"isPartOf\":{\"@id\":\"https:\\\/\\\/www.deinadieu.ch\\\/fr\\\/les-femmes-et-les-jeunes-filles-sont-les-piliers-de-la-societe-sans-leur-sante-rien-ne-fonctionne\\\/\"},\"author\":{\"name\":\"Sabrina Rohner\",\"@id\":\"https:\\\/\\\/www.deinadieu.ch\\\/fr\\\/#\\\/schema\\\/person\\\/ad724a53f7e50dd3866fc9b0fc6bbdd9\"},\"headline\":\"\u00ab Les femmes et les jeunes filles sont les piliers de la soci\u00e9t\u00e9 \u2013 sans leur sant\u00e9, rien ne fonctionne \u00bb\",\"datePublished\":\"2024-01-16T06:56:00+00:00\",\"dateModified\":\"2024-03-25T14:28:15+00:00\",\"mainEntityOfPage\":{\"@id\":\"https:\\\/\\\/www.deinadieu.ch\\\/fr\\\/les-femmes-et-les-jeunes-filles-sont-les-piliers-de-la-societe-sans-leur-sante-rien-ne-fonctionne\\\/\"},\"wordCount\":1280,\"commentCount\":0,\"publisher\":{\"@id\":\"https:\\\/\\\/www.deinadieu.ch\\\/fr\\\/#organization\"},\"image\":{\"@id\":\"https:\\\/\\\/www.deinadieu.ch\\\/fr\\\/les-femmes-et-les-jeunes-filles-sont-les-piliers-de-la-societe-sans-leur-sante-rien-ne-fonctionne\\\/#primaryimage\"},\"thumbnailUrl\":\"https:\\\/\\\/www.deinadieu.ch\\\/wp-content\\\/uploads\\\/2024\\\/01\\\/Bild-1_Header-scaled.jpg\",\"keywords\":[\"organisations d'aide\",\"Quel effet mon h\u00e9ritage peut-il avoir ?\"],\"articleSection\":[\"\u0152uvres caritatives en point de mire\"],\"inLanguage\":\"fr-FR\",\"potentialAction\":[{\"@type\":\"CommentAction\",\"name\":\"Comment\",\"target\":[\"https:\\\/\\\/www.deinadieu.ch\\\/fr\\\/les-femmes-et-les-jeunes-filles-sont-les-piliers-de-la-societe-sans-leur-sante-rien-ne-fonctionne\\\/#respond\"]}]},{\"@type\":\"WebPage\",\"@id\":\"https:\\\/\\\/www.deinadieu.ch\\\/fr\\\/les-femmes-et-les-jeunes-filles-sont-les-piliers-de-la-societe-sans-leur-sante-rien-ne-fonctionne\\\/\",\"url\":\"https:\\\/\\\/www.deinadieu.ch\\\/fr\\\/les-femmes-et-les-jeunes-filles-sont-les-piliers-de-la-societe-sans-leur-sante-rien-ne-fonctionne\\\/\",\"name\":\"Portrait de l'organisation de d\u00e9veloppement Iamaneh Suisse | DeinAdieu.ch\",\"isPartOf\":{\"@id\":\"https:\\\/\\\/www.deinadieu.ch\\\/fr\\\/#website\"},\"primaryImageOfPage\":{\"@id\":\"https:\\\/\\\/www.deinadieu.ch\\\/fr\\\/les-femmes-et-les-jeunes-filles-sont-les-piliers-de-la-societe-sans-leur-sante-rien-ne-fonctionne\\\/#primaryimage\"},\"image\":{\"@id\":\"https:\\\/\\\/www.deinadieu.ch\\\/fr\\\/les-femmes-et-les-jeunes-filles-sont-les-piliers-de-la-societe-sans-leur-sante-rien-ne-fonctionne\\\/#primaryimage\"},\"thumbnailUrl\":\"https:\\\/\\\/www.deinadieu.ch\\\/wp-content\\\/uploads\\\/2024\\\/01\\\/Bild-1_Header-scaled.jpg\",\"datePublished\":\"2024-01-16T06:56:00+00:00\",\"dateModified\":\"2024-03-25T14:28:15+00:00\",\"description\":\"L'organisation Iamaneh s'engage pour la sant\u00e9 et les droits des femmes et des jeunes filles en Afrique de l'Ouest et dans les Balkans occidentaux.\",\"breadcrumb\":{\"@id\":\"https:\\\/\\\/www.deinadieu.ch\\\/fr\\\/les-femmes-et-les-jeunes-filles-sont-les-piliers-de-la-societe-sans-leur-sante-rien-ne-fonctionne\\\/#breadcrumb\"},\"inLanguage\":\"fr-FR\",\"potentialAction\":[{\"@type\":\"ReadAction\",\"target\":[\"https:\\\/\\\/www.deinadieu.ch\\\/fr\\\/les-femmes-et-les-jeunes-filles-sont-les-piliers-de-la-societe-sans-leur-sante-rien-ne-fonctionne\\\/\"]}]},{\"@type\":\"ImageObject\",\"inLanguage\":\"fr-FR\",\"@id\":\"https:\\\/\\\/www.deinadieu.ch\\\/fr\\\/les-femmes-et-les-jeunes-filles-sont-les-piliers-de-la-societe-sans-leur-sante-rien-ne-fonctionne\\\/#primaryimage\",\"url\":\"https:\\\/\\\/www.deinadieu.ch\\\/wp-content\\\/uploads\\\/2024\\\/01\\\/Bild-1_Header-scaled.jpg\",\"contentUrl\":\"https:\\\/\\\/www.deinadieu.ch\\\/wp-content\\\/uploads\\\/2024\\\/01\\\/Bild-1_Header-scaled.jpg\",\"width\":2560,\"height\":1707,\"caption\":\"Iamaneh Suisse a f\u00eat\u00e9 son 45e anniversaire en 2023 et a organis\u00e9 \u00e0 cette occasion l'exposition de photos \\\"Enti\u00e8rement femme\\\" sur l'excision au S\u00e9n\u00e9gal. (Photos : Djamila Grossman)\"},{\"@type\":\"BreadcrumbList\",\"@id\":\"https:\\\/\\\/www.deinadieu.ch\\\/fr\\\/les-femmes-et-les-jeunes-filles-sont-les-piliers-de-la-societe-sans-leur-sante-rien-ne-fonctionne\\\/#breadcrumb\",\"itemListElement\":[{\"@type\":\"ListItem\",\"position\":1,\"name\":\"Home\",\"item\":\"https:\\\/\\\/www.deinadieu.ch\\\/fr\\\/deinadieu-dialog-und-serviceportal-zum-lebensende\\\/\"},{\"@type\":\"ListItem\",\"position\":2,\"name\":\"\u00ab Les femmes et les jeunes filles sont les piliers de la soci\u00e9t\u00e9 \u2013 sans leur sant\u00e9, rien ne fonctionne \u00bb\"}]},{\"@type\":\"WebSite\",\"@id\":\"https:\\\/\\\/www.deinadieu.ch\\\/fr\\\/#website\",\"url\":\"https:\\\/\\\/www.deinadieu.ch\\\/fr\\\/\",\"name\":\"DeinAdieu.ch\",\"description\":\"Testament, Patientenverf\u00fcgung und Vorsorgeauftrag\",\"publisher\":{\"@id\":\"https:\\\/\\\/www.deinadieu.ch\\\/fr\\\/#organization\"},\"potentialAction\":[{\"@type\":\"SearchAction\",\"target\":{\"@type\":\"EntryPoint\",\"urlTemplate\":\"https:\\\/\\\/www.deinadieu.ch\\\/fr\\\/?s={search_term_string}\"},\"query-input\":{\"@type\":\"PropertyValueSpecification\",\"valueRequired\":true,\"valueName\":\"search_term_string\"}}],\"inLanguage\":\"fr-FR\"},{\"@type\":\"Organization\",\"@id\":\"https:\\\/\\\/www.deinadieu.ch\\\/fr\\\/#organization\",\"name\":\"EMNA Web GmbH\",\"url\":\"https:\\\/\\\/www.deinadieu.ch\\\/fr\\\/\",\"logo\":{\"@type\":\"ImageObject\",\"inLanguage\":\"fr-FR\",\"@id\":\"https:\\\/\\\/www.deinadieu.ch\\\/fr\\\/#\\\/schema\\\/logo\\\/image\\\/\",\"url\":\"https:\\\/\\\/www.deinadieu.ch\\\/wp-content\\\/uploads\\\/2016\\\/01\\\/DeinAdieu_Logo.png\",\"contentUrl\":\"https:\\\/\\\/www.deinadieu.ch\\\/wp-content\\\/uploads\\\/2016\\\/01\\\/DeinAdieu_Logo.png\",\"width\":300,\"height\":117,\"caption\":\"EMNA Web GmbH\"},\"image\":{\"@id\":\"https:\\\/\\\/www.deinadieu.ch\\\/fr\\\/#\\\/schema\\\/logo\\\/image\\\/\"},\"sameAs\":[\"https:\\\/\\\/www.facebook.com\\\/deinadieu\",\"https:\\\/\\\/x.com\\\/DeinAdieu\",\"https:\\\/\\\/www.instagram.com\\\/deinadieu\\\/\",\"https:\\\/\\\/www.linkedin.com\\\/company\\\/deinadieu.ch\"]},{\"@type\":\"Person\",\"@id\":\"https:\\\/\\\/www.deinadieu.ch\\\/fr\\\/#\\\/schema\\\/person\\\/ad724a53f7e50dd3866fc9b0fc6bbdd9\",\"name\":\"Sabrina Rohner\",\"image\":{\"@type\":\"ImageObject\",\"inLanguage\":\"fr-FR\",\"@id\":\"https:\\\/\\\/secure.gravatar.com\\\/avatar\\\/c72cef3c7bba2e19d98358a63ff805dbe088a70fb947d10024d669ded777102d?s=96&d=mm&r=g\",\"url\":\"https:\\\/\\\/secure.gravatar.com\\\/avatar\\\/c72cef3c7bba2e19d98358a63ff805dbe088a70fb947d10024d669ded777102d?s=96&d=mm&r=g\",\"contentUrl\":\"https:\\\/\\\/secure.gravatar.com\\\/avatar\\\/c72cef3c7bba2e19d98358a63ff805dbe088a70fb947d10024d669ded777102d?s=96&d=mm&r=g\",\"caption\":\"Sabrina Rohner\"},\"url\":\"https:\\\/\\\/www.deinadieu.ch\\\/fr\\\/author\\\/sabrina-rohnergmail-com\\\/\"}]}<\/script>","yoast_head_json":{"title":"Portrait de l'organisation de d\u00e9veloppement Iamaneh Suisse | DeinAdieu.ch","description":"L'organisation Iamaneh s'engage pour la sant\u00e9 et les droits des femmes et des jeunes filles en Afrique de l'Ouest et dans les Balkans occidentaux.","robots":{"index":"index","follow":"follow","max-snippet":"max-snippet:-1","max-image-preview":"max-image-preview:large","max-video-preview":"max-video-preview:-1"},"canonical":"https:\/\/www.deinadieu.ch\/fr\/les-femmes-et-les-jeunes-filles-sont-les-piliers-de-la-societe-sans-leur-sante-rien-ne-fonctionne\/","og_locale":"fr_FR","og_type":"article","og_title":"\u00ab Les femmes et les jeunes filles sont les piliers de la soci\u00e9t\u00e9 \u2013 sans leur sant\u00e9, rien ne fonctionne \u00bb","og_description":"Iamaneh Suisse s'engage pour la sant\u00e9 et les droits des femmes et des jeunes filles en Afrique de l'Ouest et dans les Balkans occidentaux. Au Mali et au","og_url":"https:\/\/www.deinadieu.ch\/fr\/les-femmes-et-les-jeunes-filles-sont-les-piliers-de-la-societe-sans-leur-sante-rien-ne-fonctionne\/","og_site_name":"DeinAdieu.ch","article_publisher":"https:\/\/www.facebook.com\/deinadieu","article_published_time":"2024-01-16T06:56:00+00:00","article_modified_time":"2024-03-25T14:28:15+00:00","og_image":[{"width":2560,"height":1707,"url":"https:\/\/static.deinadieu.ch\/uploads\/2024\/01\/Bild-1_Header-scaled.jpg","type":"image\/jpeg"}],"author":"Sabrina Rohner","twitter_card":"summary_large_image","twitter_creator":"@DeinAdieu","twitter_site":"@DeinAdieu","twitter_misc":{"Written by":"Sabrina Rohner","Est. reading time":"6 minutes"},"schema":{"@context":"https:\/\/schema.org","@graph":[{"@type":"Article","@id":"https:\/\/www.deinadieu.ch\/fr\/les-femmes-et-les-jeunes-filles-sont-les-piliers-de-la-societe-sans-leur-sante-rien-ne-fonctionne\/#article","isPartOf":{"@id":"https:\/\/www.deinadieu.ch\/fr\/les-femmes-et-les-jeunes-filles-sont-les-piliers-de-la-societe-sans-leur-sante-rien-ne-fonctionne\/"},"author":{"name":"Sabrina Rohner","@id":"https:\/\/www.deinadieu.ch\/fr\/#\/schema\/person\/ad724a53f7e50dd3866fc9b0fc6bbdd9"},"headline":"\u00ab Les femmes et les jeunes filles sont les piliers de la soci\u00e9t\u00e9 \u2013 sans leur sant\u00e9, rien ne fonctionne \u00bb","datePublished":"2024-01-16T06:56:00+00:00","dateModified":"2024-03-25T14:28:15+00:00","mainEntityOfPage":{"@id":"https:\/\/www.deinadieu.ch\/fr\/les-femmes-et-les-jeunes-filles-sont-les-piliers-de-la-societe-sans-leur-sante-rien-ne-fonctionne\/"},"wordCount":1280,"commentCount":0,"publisher":{"@id":"https:\/\/www.deinadieu.ch\/fr\/#organization"},"image":{"@id":"https:\/\/www.deinadieu.ch\/fr\/les-femmes-et-les-jeunes-filles-sont-les-piliers-de-la-societe-sans-leur-sante-rien-ne-fonctionne\/#primaryimage"},"thumbnailUrl":"https:\/\/www.deinadieu.ch\/wp-content\/uploads\/2024\/01\/Bild-1_Header-scaled.jpg","keywords":["organisations d'aide","Quel effet mon h\u00e9ritage peut-il avoir ?"],"articleSection":["\u0152uvres caritatives en point de mire"],"inLanguage":"fr-FR","potentialAction":[{"@type":"CommentAction","name":"Comment","target":["https:\/\/www.deinadieu.ch\/fr\/les-femmes-et-les-jeunes-filles-sont-les-piliers-de-la-societe-sans-leur-sante-rien-ne-fonctionne\/#respond"]}]},{"@type":"WebPage","@id":"https:\/\/www.deinadieu.ch\/fr\/les-femmes-et-les-jeunes-filles-sont-les-piliers-de-la-societe-sans-leur-sante-rien-ne-fonctionne\/","url":"https:\/\/www.deinadieu.ch\/fr\/les-femmes-et-les-jeunes-filles-sont-les-piliers-de-la-societe-sans-leur-sante-rien-ne-fonctionne\/","name":"Portrait de l'organisation de d\u00e9veloppement Iamaneh Suisse | DeinAdieu.ch","isPartOf":{"@id":"https:\/\/www.deinadieu.ch\/fr\/#website"},"primaryImageOfPage":{"@id":"https:\/\/www.deinadieu.ch\/fr\/les-femmes-et-les-jeunes-filles-sont-les-piliers-de-la-societe-sans-leur-sante-rien-ne-fonctionne\/#primaryimage"},"image":{"@id":"https:\/\/www.deinadieu.ch\/fr\/les-femmes-et-les-jeunes-filles-sont-les-piliers-de-la-societe-sans-leur-sante-rien-ne-fonctionne\/#primaryimage"},"thumbnailUrl":"https:\/\/www.deinadieu.ch\/wp-content\/uploads\/2024\/01\/Bild-1_Header-scaled.jpg","datePublished":"2024-01-16T06:56:00+00:00","dateModified":"2024-03-25T14:28:15+00:00","description":"L'organisation Iamaneh s'engage pour la sant\u00e9 et les droits des femmes et des jeunes filles en Afrique de l'Ouest et dans les Balkans occidentaux.","breadcrumb":{"@id":"https:\/\/www.deinadieu.ch\/fr\/les-femmes-et-les-jeunes-filles-sont-les-piliers-de-la-societe-sans-leur-sante-rien-ne-fonctionne\/#breadcrumb"},"inLanguage":"fr-FR","potentialAction":[{"@type":"ReadAction","target":["https:\/\/www.deinadieu.ch\/fr\/les-femmes-et-les-jeunes-filles-sont-les-piliers-de-la-societe-sans-leur-sante-rien-ne-fonctionne\/"]}]},{"@type":"ImageObject","inLanguage":"fr-FR","@id":"https:\/\/www.deinadieu.ch\/fr\/les-femmes-et-les-jeunes-filles-sont-les-piliers-de-la-societe-sans-leur-sante-rien-ne-fonctionne\/#primaryimage","url":"https:\/\/www.deinadieu.ch\/wp-content\/uploads\/2024\/01\/Bild-1_Header-scaled.jpg","contentUrl":"https:\/\/www.deinadieu.ch\/wp-content\/uploads\/2024\/01\/Bild-1_Header-scaled.jpg","width":2560,"height":1707,"caption":"Iamaneh Suisse a f\u00eat\u00e9 son 45e anniversaire en 2023 et a organis\u00e9 \u00e0 cette occasion l'exposition de photos \"Enti\u00e8rement femme\" sur l'excision au S\u00e9n\u00e9gal. (Photos : Djamila Grossman)"},{"@type":"BreadcrumbList","@id":"https:\/\/www.deinadieu.ch\/fr\/les-femmes-et-les-jeunes-filles-sont-les-piliers-de-la-societe-sans-leur-sante-rien-ne-fonctionne\/#breadcrumb","itemListElement":[{"@type":"ListItem","position":1,"name":"Home","item":"https:\/\/www.deinadieu.ch\/fr\/deinadieu-dialog-und-serviceportal-zum-lebensende\/"},{"@type":"ListItem","position":2,"name":"\u00ab Les femmes et les jeunes filles sont les piliers de la soci\u00e9t\u00e9 \u2013 sans leur sant\u00e9, rien ne fonctionne \u00bb"}]},{"@type":"WebSite","@id":"https:\/\/www.deinadieu.ch\/fr\/#website","url":"https:\/\/www.deinadieu.ch\/fr\/","name":"DeinAdieu.ch","description":"Testament, Patientenverf\u00fcgung und Vorsorgeauftrag","publisher":{"@id":"https:\/\/www.deinadieu.ch\/fr\/#organization"},"potentialAction":[{"@type":"SearchAction","target":{"@type":"EntryPoint","urlTemplate":"https:\/\/www.deinadieu.ch\/fr\/?s={search_term_string}"},"query-input":{"@type":"PropertyValueSpecification","valueRequired":true,"valueName":"search_term_string"}}],"inLanguage":"fr-FR"},{"@type":"Organization","@id":"https:\/\/www.deinadieu.ch\/fr\/#organization","name":"EMNA Web GmbH","url":"https:\/\/www.deinadieu.ch\/fr\/","logo":{"@type":"ImageObject","inLanguage":"fr-FR","@id":"https:\/\/www.deinadieu.ch\/fr\/#\/schema\/logo\/image\/","url":"https:\/\/www.deinadieu.ch\/wp-content\/uploads\/2016\/01\/DeinAdieu_Logo.png","contentUrl":"https:\/\/www.deinadieu.ch\/wp-content\/uploads\/2016\/01\/DeinAdieu_Logo.png","width":300,"height":117,"caption":"EMNA Web GmbH"},"image":{"@id":"https:\/\/www.deinadieu.ch\/fr\/#\/schema\/logo\/image\/"},"sameAs":["https:\/\/www.facebook.com\/deinadieu","https:\/\/x.com\/DeinAdieu","https:\/\/www.instagram.com\/deinadieu\/","https:\/\/www.linkedin.com\/company\/deinadieu.ch"]},{"@type":"Person","@id":"https:\/\/www.deinadieu.ch\/fr\/#\/schema\/person\/ad724a53f7e50dd3866fc9b0fc6bbdd9","name":"Sabrina Rohner","image":{"@type":"ImageObject","inLanguage":"fr-FR","@id":"https:\/\/secure.gravatar.com\/avatar\/c72cef3c7bba2e19d98358a63ff805dbe088a70fb947d10024d669ded777102d?s=96&d=mm&r=g","url":"https:\/\/secure.gravatar.com\/avatar\/c72cef3c7bba2e19d98358a63ff805dbe088a70fb947d10024d669ded777102d?s=96&d=mm&r=g","contentUrl":"https:\/\/secure.gravatar.com\/avatar\/c72cef3c7bba2e19d98358a63ff805dbe088a70fb947d10024d669ded777102d?s=96&d=mm&r=g","caption":"Sabrina Rohner"},"url":"https:\/\/www.deinadieu.ch\/fr\/author\/sabrina-rohnergmail-com\/"}]}},"_links":{"self":[{"href":"https:\/\/www.deinadieu.ch\/fr\/wp-json\/wp\/v2\/posts\/66894","targetHints":{"allow":["GET"]}}],"collection":[{"href":"https:\/\/www.deinadieu.ch\/fr\/wp-json\/wp\/v2\/posts"}],"about":[{"href":"https:\/\/www.deinadieu.ch\/fr\/wp-json\/wp\/v2\/types\/post"}],"author":[{"embeddable":true,"href":"https:\/\/www.deinadieu.ch\/fr\/wp-json\/wp\/v2\/users\/6038"}],"replies":[{"embeddable":true,"href":"https:\/\/www.deinadieu.ch\/fr\/wp-json\/wp\/v2\/comments?post=66894"}],"version-history":[{"count":5,"href":"https:\/\/www.deinadieu.ch\/fr\/wp-json\/wp\/v2\/posts\/66894\/revisions"}],"predecessor-version":[{"id":67376,"href":"https:\/\/www.deinadieu.ch\/fr\/wp-json\/wp\/v2\/posts\/66894\/revisions\/67376"}],"wp:featuredmedia":[{"embeddable":true,"href":"https:\/\/www.deinadieu.ch\/fr\/wp-json\/wp\/v2\/media\/66240"}],"wp:attachment":[{"href":"https:\/\/www.deinadieu.ch\/fr\/wp-json\/wp\/v2\/media?parent=66894"}],"wp:term":[{"taxonomy":"category","embeddable":true,"href":"https:\/\/www.deinadieu.ch\/fr\/wp-json\/wp\/v2\/categories?post=66894"},{"taxonomy":"post_tag","embeddable":true,"href":"https:\/\/www.deinadieu.ch\/fr\/wp-json\/wp\/v2\/tags?post=66894"}],"curies":[{"name":"wp","href":"https:\/\/api.w.org\/{rel}","templated":true}]}}