{"id":66353,"date":"2023-09-19T07:22:00","date_gmt":"2023-09-19T05:22:00","guid":{"rendered":"https:\/\/www.deinadieu.ch\/les-problemes-de-lautre-cote-de-la-rue-ne-sont-souvent-pas-visibles\/"},"modified":"2024-03-25T15:27:04","modified_gmt":"2024-03-25T14:27:04","slug":"les-problemes-de-lautre-cote-de-la-rue-ne-sont-souvent-pas-visibles","status":"publish","type":"post","link":"https:\/\/www.deinadieu.ch\/fr\/les-problemes-de-lautre-cote-de-la-rue-ne-sont-souvent-pas-visibles\/","title":{"rendered":"\u00ab Les probl\u00e8mes de l&#8217;autre c\u00f4t\u00e9 de la rue ne sont souvent pas visibles \u00bb"},"content":{"rendered":"\n<p>La fondation Tosam, dont le si\u00e8ge se trouve \u00e0 Herisau, dans le canton d&#8217;Appenzell, offre une possibilit\u00e9 d&#8217;emploi et de d\u00e9veloppement aux personnes travaillant sur le march\u00e9 du travail alternatif. Les personnes qui soutiennent financi\u00e8rement Tosam sont conscientes que le ch\u00f4mage peut toucher tout le monde. DeinAdieu s&#8217;est entretenu avec le directeur, Marcel De Tomasi, et la collaboratrice accompagn\u00e9e Manuela Hafner au sujet de l&#8217;importance de l&#8217;entreprise sociale.<\/p>\n\n<!--more-->\n\n<p><strong>Qu&#8217;est-ce qui rend la fondation Tosam unique ?<\/strong><\/p>\n\n<p><strong>Marcel De Tomasi, Gesch\u00e4ftsf\u00fchrer Tosam Stiftung seit 2019<\/strong>: Unser Wirken steht unter dem Motto \u00abWertsch\u00e4tzen und Wertsch\u00f6pfen\u00bb. Bei Tosam erhalten Menschen einen begleiteten Arbeits- oder Bildungsplatz in Secondhandgesch\u00e4ften, im Gartenbau oder in einem Caritas-Laden. Die Rolle von Tosam in der Region ist wirtschaftlich und sozial bedeutend: In den insgesamt sechs Betrieben in den Kantonen Appenzell Ausserrhoden, Innerrhoden und St. Gallen arbeiten rund 260 Personen, die noch keine Chance haben, im ersten Arbeitsmarkt eine Stelle zu finden.<\/p>\n\n<figure class=\"wp-block-image size-large\"><img loading=\"lazy\" decoding=\"async\" width=\"1024\" height=\"683\" src=\"https:\/\/www.deinadieu.ch\/wp-content\/uploads\/2023\/08\/2_Geschaeftsfuehrer_Tosam-1024x683.jpg\" alt=\"Directeur de Tosam\" class=\"wp-image-65242\" srcset=\"https:\/\/www.deinadieu.ch\/wp-content\/uploads\/2023\/08\/2_Geschaeftsfuehrer_Tosam-1024x683.jpg 1024w, https:\/\/www.deinadieu.ch\/wp-content\/uploads\/2023\/08\/2_Geschaeftsfuehrer_Tosam-300x200.jpg 300w, https:\/\/www.deinadieu.ch\/wp-content\/uploads\/2023\/08\/2_Geschaeftsfuehrer_Tosam-1536x1024.jpg 1536w, https:\/\/www.deinadieu.ch\/wp-content\/uploads\/2023\/08\/2_Geschaeftsfuehrer_Tosam-2048x1365.jpg 2048w\" sizes=\"auto, (max-width: 1024px) 100vw, 1024px\" \/><figcaption class=\"wp-element-caption\">Marcel De Tomasi est directeur de la fondation Tosam depuis 2019. <\/figcaption><\/figure>\n\n<p><strong>Quels sont les objectifs actuels de Tosam ?<\/strong><\/p>\n\n<p><strong>Marcel De Tomasi<\/strong> : Nous sommes en train de passer d&#8217;une institution sociale \u00e0 une entreprise sociale g\u00e9r\u00e9e comme une entreprise. Pour l&#8217;instant, nous sommes dans une phase de consolidation : nous souhaitons am\u00e9liorer notre offre actuelle et ne pas l&#8217;\u00e9tendre davantage. Ce processus de changement n&#8217;est pas encore termin\u00e9. En tant qu&#8217;organisation \u00e0 but non lucratif, Tosam d\u00e9pend <a href=\"https:\/\/app.deinadieu.ch\/da\/testament\/7601\">des dons et des legs<\/a> pour num\u00e9riser davantage les activit\u00e9s et maintenir les entreprises \u00e0 jour.<\/p>\n\n<p><strong>L&#8217;institution est financ\u00e9e par les revenus des entreprises, les contributions des pouvoirs publics ainsi que par des dons et des legs. Pourquoi quelqu&#8217;un devrait-il inclure Tosam dans son testament ?<\/strong> <\/p>\n\n<p><strong>Marcel De Tomasi<\/strong> : M\u00eame dans un pays riche comme la Suisse, il existe des probl\u00e8mes et des situations difficiles, qui ne sont toutefois souvent pas visibles au quotidien. Cela rend aussi plus difficile l&#8217;obtention de dons, car les images envoy\u00e9es \u00e0 l&#8217;ext\u00e9rieur ne semblent souvent pas si dramatiques. La <a href=\"https:\/\/www.deinadieu.ch\/fr\/oeuvres-de-bienfaisance\/\">fondation Tosam<\/a> soutient des personnes qui vivent peut-\u00eatre de l&#8217;autre c\u00f4t\u00e9 de la rue et qui ont des probl\u00e8mes de sant\u00e9. Nos donatrices et donateurs sont des personnes qui sont conscientes que les probl\u00e8mes de sant\u00e9 et les probl\u00e8mes psychosociaux, comme par exemple le burn-out, peuvent toucher tout le monde.<\/p>\n\n<p><strong>Comment la fondation Tosam utilise-t-elle les dons et les legs ?<\/strong><\/p>\n\n<p><strong>Marcel De Tomasi<\/strong> : La fondation Tosam accueille des personnes souffrant de probl\u00e8mes psychiques ou de d\u00e9ficits cognitifs et contribue ainsi \u00e0 leur int\u00e9gration psychosociale. Les dons nous permettent de financer les formations et les emplois pour ces personnes ainsi que pour celles qui ne b\u00e9n\u00e9ficient pas d&#8217;un soutien financier de la part des assurances. Pour les personnes concern\u00e9es, nos places de formation et de travail sont souvent existentielles : gr\u00e2ce aux nouvelles perspectives, elles entretiennent des contacts sociaux, ont une structure quotidienne et peuvent m\u00eame d\u00e9couvrir leur potentiel personnel.<\/p>\n\n<p>Beaucoup de ces personnes g\u00e8rent leur quotidien avec des moyens financiers tr\u00e8s modestes. Afin de leur permettre malgr\u00e9 tout un acc\u00e8s \u00e0 des soins dentaires ou de partir en vacances, par exemple, la fondation Tosam g\u00e8re son propre fonds pour les personnes dans le besoin.<\/p>\n\n<p>Nous investissons ainsi les dons et les legs d&#8217;une part dans des offres d&#8217;emploi et dans le fonds des personnes dans le besoin et, d&#8217;autre part, nous d\u00e9pendons \u00e9galement de dons priv\u00e9s pour le d\u00e9veloppement de nos entreprises. Cela concerne par exemple la structure informatique, afin de faire avancer la num\u00e9risation interne, ou l&#8217;infrastructure de nos places d&#8217;accueil et de nos postes de travail. Concr\u00e8tement, nous devons par exemple acqu\u00e9rir un nouveau v\u00e9hicule de jardinage pour l&#8217;entreprise horticole. L&#8217;utilisation des legs se fait toujours en concertation avec les donatrices et les donateurs, qui peuvent eux-m\u00eames lancer des projets sociaux ou entrepreneuriaux.<\/p>\n\n<figure class=\"wp-block-image size-large\"><img loading=\"lazy\" decoding=\"async\" width=\"1024\" height=\"683\" src=\"https:\/\/www.deinadieu.ch\/wp-content\/uploads\/2023\/08\/3_Mitarbeiterin-1024x683.jpg\" alt=\"Manuela Hafner, fondation tosam\" class=\"wp-image-65246\" srcset=\"https:\/\/www.deinadieu.ch\/wp-content\/uploads\/2023\/08\/3_Mitarbeiterin-1024x683.jpg 1024w, https:\/\/www.deinadieu.ch\/wp-content\/uploads\/2023\/08\/3_Mitarbeiterin-300x200.jpg 300w, https:\/\/www.deinadieu.ch\/wp-content\/uploads\/2023\/08\/3_Mitarbeiterin-1536x1024.jpg 1536w, https:\/\/www.deinadieu.ch\/wp-content\/uploads\/2023\/08\/3_Mitarbeiterin-2048x1365.jpg 2048w\" sizes=\"auto, (max-width: 1024px) 100vw, 1024px\" \/><figcaption class=\"wp-element-caption\">Manuela Hafner travaille chez Tosam dans l&#8217;entreprise d&#8217;horticulture et d&#8217;entretien des jardins.<\/figcaption><\/figure>\n\n<p><strong>Depuis 2019, vous travaillez en tant que collaboratrice accompagn\u00e9e dans le secteur horticole de la fondation Tosam. Comment \u00eates-vous arriv\u00e9e chez Tosam ?<\/strong><\/p>\n\n<p><strong>Manuela Hafner, collaboratrice accompagn\u00e9e dans l&#8217;entreprise horticole de Tosam<\/strong> : Apr\u00e8s avoir occup\u00e9 pendant 21 ans un r\u00f4le de cadre dans une grande organisation, j&#8217;ai fait un burn-out il y a quelques ann\u00e9es. J&#8217;ai ensuite perdu mon emploi en raison de mes probl\u00e8mes de sant\u00e9 et je suis depuis tributaire du soutien de l&#8217;AI. Tosam m&#8217;a recueillie apr\u00e8s ma perte d&#8217;emploi. Depuis quatre ans, je travaille \u00e0 temps partiel dans l&#8217;horticulture.<\/p>\n\n<p><strong>Que signifie pour vous le travail chez Tosam ?<\/strong><\/p>\n\n<p><strong>Manuela Hafner<\/strong> : Ici, je me sens comme dans une famille : je trouve de la compr\u00e9hension parce que les autres personnes ici ont v\u00e9cu des exp\u00e9riences similaires aux miennes. Le travail dans l&#8217;horticulture me satisfait et donne une structure \u00e0 mon quotidien. En outre, le travail chez Tosam est tr\u00e8s important pour l&#8217;estime de soi, car je peux produire quelque chose et le fa\u00e7onner. J&#8217;aime particuli\u00e8rement le contact avec les clients dans l&#8217;entretien des jardins, ce que j&#8217;appr\u00e9ciais d\u00e9j\u00e0 dans mon ancien m\u00e9tier.<\/p>\n\n<p><strong>Comment s&#8217;est pass\u00e9e la transition d&#8217;un m\u00e9tier de bureau \u00e0 l&#8217;horticulture ?<\/strong><\/p>\n\n<p><strong>Manuela Hafner<\/strong> : Les d\u00e9buts ont \u00e9t\u00e9 difficiles, je n&#8217;avais alors aucune id\u00e9e de ce qu&#8217;\u00e9tait l&#8217;horticulture. Je savais arroser les plantes, mais pas davantage ! Le premier jour de travail, nous avons \u00e9t\u00e9 surpris par de la pluie m\u00eal\u00e9e de neige. J&#8217;ai d\u00fb faire preuve de beaucoup de patience, mais j&#8217;ai toujours appris. \u00catre dehors par tous les temps, \u00e7a fait du bien, m\u00eame si c&#8217;est fatigant, surtout au d\u00e9but. Apr\u00e8s mon travail, je suis physiquement fatigu\u00e9e, mais satisfaite.<\/p>\n\n<p><strong>Quels sont vos souhaits pour l&#8217;avenir ?<\/strong><\/p>\n\n<p><strong>Manuela Hafner<\/strong> : Je souhaite davantage de compr\u00e9hension pour les personnes qui souffrent de probl\u00e8mes de sant\u00e9 et qui n&#8217;ont donc plus leur place sur le march\u00e9 primaire du travail. Au lieu d&#8217;un \u00ab Quoi, tu ne peux pas travailler correctement ? \u00bb plein de reproches, un \u00ab Wow, tu fais quelque chose ! \u00bb encourageant serait le bienvenu. L&#8217;acceptation des probl\u00e8mes de sant\u00e9 n&#8217;est souvent pas perceptible \u2013 ou alors seulement lorsque quelqu&#8217;un est lui-m\u00eame victime d&#8217;un burn-out ou de quelque chose de similaire. Je souhaite que nous acceptions tous nos faiblesses et que nous sachions les communiquer.<\/p>\n\n<figure class=\"wp-block-image size-large\"><img loading=\"lazy\" decoding=\"async\" width=\"1024\" height=\"683\" src=\"https:\/\/www.deinadieu.ch\/wp-content\/uploads\/2023\/08\/4_Wagen-mit-Logo-1024x683.jpg\" alt=\"v&#xE9;hicule tosam\" class=\"wp-image-65250\" srcset=\"https:\/\/www.deinadieu.ch\/wp-content\/uploads\/2023\/08\/4_Wagen-mit-Logo-1024x683.jpg 1024w, https:\/\/www.deinadieu.ch\/wp-content\/uploads\/2023\/08\/4_Wagen-mit-Logo-300x200.jpg 300w, https:\/\/www.deinadieu.ch\/wp-content\/uploads\/2023\/08\/4_Wagen-mit-Logo-1536x1024.jpg 1536w, https:\/\/www.deinadieu.ch\/wp-content\/uploads\/2023\/08\/4_Wagen-mit-Logo-2048x1365.jpg 2048w\" sizes=\"auto, (max-width: 1024px) 100vw, 1024px\" \/><figcaption class=\"wp-element-caption\">Six entreprises des cantons d&#8217;Appenzell Rhodes-Ext\u00e9rieures, Appenzell Rhodes-Int\u00e9rieures et Saint-Gall font partie de la fondation Tosam.<\/figcaption><\/figure>\n\n\n        <div class=\"da-servicebox relative bg-gray-200 p-4 pt-8 border-solid border-t-8 border-da-dark mb-6\">\n            <i class=\"fas fa-info-circle mx-auto fa-7x text-da-dark\"><\/i>\n            <span style=\"hyphens: auto\">\n                La <a href=\"https:\/\/www.deinadieu.ch\/fr\/oeuvres-de-bienfaisance\/\">fondation Tosam<\/a>, dont le si\u00e8ge est \u00e0 Herisau, a \u00e9t\u00e9 cr\u00e9\u00e9e en 1989. Depuis, la fondation n&#8217;a cess\u00e9 de se d\u00e9velopper dans le but de mettre \u00e0 disposition, parall\u00e8lement au march\u00e9 primaire du travail, une offre d&#8217;emplois aussi diversifi\u00e9e que possible sur le march\u00e9 du travail alternatif. Aujourd&#8217;hui, six entreprises situ\u00e9es dans les cantons d&#8217;Appenzell Rhodes-Ext\u00e9rieures, Appenzell Rhodes-Int\u00e9rieures et Saint-Gall font partie de la fondation, dont plusieurs magasins de seconde main sous le label Tosam WinWin, deux entreprises horticoles ainsi qu&#8217;un magasin Caritas \u00e0 prix mod\u00e9r\u00e9s.<\/p>\n\n<p>Vous souhaitez contribuer, au-del\u00e0 de votre vie, \u00e0 des possibilit\u00e9s de formation et d&#8217;int\u00e9gration accompagn\u00e9es ? En faisant <a href=\"https:\/\/app.deinadieu.ch\/da\/testament\/7601\">un legs en faveur des entreprises Tosam<\/a> ou de projets sp\u00e9cifiques, vous pouvez contribuer \u00e0 cr\u00e9er et \u00e0 maintenir des emplois et des possibilit\u00e9s de formation pour les collaboratrices et collaborateurs.<\/p>\n\n<p>\n                \n                \n            <\/span>\n        <\/div>\n        \n\n<p><\/p>\n\n<div style=\"height:40px\" aria-hidden=\"true\" class=\"wp-block-spacer\"><\/div>\n\n<div class=\"wp-block-buttons is-layout-flex wp-block-buttons-is-layout-flex\">\n<div class=\"wp-block-button\"><a class=\"wp-block-button__link wp-element-button\" href=\"https:\/\/app.deinadieu.ch\/da\/testament\/7601\">Inclure la fondation Tosam dans son testament<\/a><\/div>\n<\/div>\n","protected":false},"excerpt":{"rendered":"<p>La fondation Tosam, dont le si\u00e8ge se trouve \u00e0 Herisau, dans le canton d&#8217;Appenzell, offre une possibilit\u00e9 d&#8217;emploi et de d\u00e9veloppement aux personnes travaillant sur le march\u00e9 du travail alternatif. Les personnes qui soutiennent financi\u00e8rement Tosam sont conscientes que le ch\u00f4mage peut toucher tout le monde. DeinAdieu s&#8217;est entretenu avec le directeur, Marcel De Tomasi, [&hellip;]<\/p>\n","protected":false},"author":6038,"featured_media":65240,"comment_status":"open","ping_status":"closed","sticky":false,"template":"","format":"standard","meta":{"_acf_changed":false,"footnotes":""},"categories":[2450],"tags":[2584,3591,3164,2469],"class_list":["post-66353","post","type-post","status-publish","format-standard","has-post-thumbnail","hentry","category-oeuvres-caritatives","tag-faire-un-don","tag-integration-sociale","tag-organisations-daide","tag-quel-effet-mon-heritage-peut-il-avoir"],"acf":[],"yoast_head":"<title>Portrait de la fondation Tosam | DeinAdieu<\/title>\n<meta name=\"description\" content=\"Dans cet article, nous vous pr\u00e9sentons la fondation Tosam, qui est active dans plusieurs endroits de Suisse orientale avec des projets sociaux.\" \/>\n<meta name=\"robots\" content=\"index, follow, max-snippet:-1, max-image-preview:large, max-video-preview:-1\" \/>\n<link rel=\"canonical\" href=\"https:\/\/www.deinadieu.ch\/fr\/les-problemes-de-lautre-cote-de-la-rue-ne-sont-souvent-pas-visibles\/\" \/>\n<meta property=\"og:locale\" content=\"fr_FR\" \/>\n<meta property=\"og:type\" content=\"article\" \/>\n<meta property=\"og:title\" content=\"\u00ab Les probl\u00e8mes de l&#039;autre c\u00f4t\u00e9 de la rue ne sont souvent pas visibles \u00bb\" \/>\n<meta property=\"og:description\" content=\"La fondation Tosam, dont le si\u00e8ge se trouve \u00e0 Herisau, dans le canton d&#039;Appenzell, offre une possibilit\u00e9 d&#039;emploi et de d\u00e9veloppement aux personnes\" \/>\n<meta property=\"og:url\" content=\"https:\/\/www.deinadieu.ch\/fr\/les-problemes-de-lautre-cote-de-la-rue-ne-sont-souvent-pas-visibles\/\" \/>\n<meta property=\"og:site_name\" content=\"DeinAdieu.ch\" \/>\n<meta property=\"article:publisher\" content=\"https:\/\/www.facebook.com\/deinadieu\" \/>\n<meta property=\"article:published_time\" content=\"2023-09-19T05:22:00+00:00\" \/>\n<meta property=\"article:modified_time\" content=\"2024-03-25T14:27:04+00:00\" \/>\n<meta property=\"og:image\" content=\"https:\/\/static.deinadieu.ch\/uploads\/2023\/08\/1_Interview_Tosam_beide-scaled.jpg\" \/>\n\t<meta property=\"og:image:width\" content=\"2560\" \/>\n\t<meta property=\"og:image:height\" content=\"1707\" \/>\n\t<meta property=\"og:image:type\" content=\"image\/jpeg\" \/>\n<meta name=\"author\" content=\"Sabrina Rohner\" \/>\n<meta name=\"twitter:card\" content=\"summary_large_image\" \/>\n<meta name=\"twitter:creator\" content=\"@DeinAdieu\" \/>\n<meta name=\"twitter:site\" content=\"@DeinAdieu\" \/>\n<meta name=\"twitter:label1\" content=\"Written by\" \/>\n\t<meta name=\"twitter:data1\" content=\"Sabrina Rohner\" \/>\n\t<meta name=\"twitter:label2\" content=\"Est. reading time\" \/>\n\t<meta name=\"twitter:data2\" content=\"6 minutes\" \/>\n<script type=\"application\/ld+json\" class=\"yoast-schema-graph\">{\"@context\":\"https:\\\/\\\/schema.org\",\"@graph\":[{\"@type\":\"Article\",\"@id\":\"https:\\\/\\\/www.deinadieu.ch\\\/fr\\\/les-problemes-de-lautre-cote-de-la-rue-ne-sont-souvent-pas-visibles\\\/#article\",\"isPartOf\":{\"@id\":\"https:\\\/\\\/www.deinadieu.ch\\\/fr\\\/les-problemes-de-lautre-cote-de-la-rue-ne-sont-souvent-pas-visibles\\\/\"},\"author\":{\"name\":\"Sabrina Rohner\",\"@id\":\"https:\\\/\\\/www.deinadieu.ch\\\/fr\\\/#\\\/schema\\\/person\\\/ad724a53f7e50dd3866fc9b0fc6bbdd9\"},\"headline\":\"\u00ab Les probl\u00e8mes de l&#8217;autre c\u00f4t\u00e9 de la rue ne sont souvent pas visibles \u00bb\",\"datePublished\":\"2023-09-19T05:22:00+00:00\",\"dateModified\":\"2024-03-25T14:27:04+00:00\",\"mainEntityOfPage\":{\"@id\":\"https:\\\/\\\/www.deinadieu.ch\\\/fr\\\/les-problemes-de-lautre-cote-de-la-rue-ne-sont-souvent-pas-visibles\\\/\"},\"wordCount\":1306,\"commentCount\":0,\"publisher\":{\"@id\":\"https:\\\/\\\/www.deinadieu.ch\\\/fr\\\/#organization\"},\"image\":{\"@id\":\"https:\\\/\\\/www.deinadieu.ch\\\/fr\\\/les-problemes-de-lautre-cote-de-la-rue-ne-sont-souvent-pas-visibles\\\/#primaryimage\"},\"thumbnailUrl\":\"https:\\\/\\\/www.deinadieu.ch\\\/wp-content\\\/uploads\\\/2023\\\/08\\\/1_Interview_Tosam_beide-scaled.jpg\",\"keywords\":[\"Faire un don\",\"int\u00e9gration sociale\",\"organisations d'aide\",\"Quel effet mon h\u00e9ritage peut-il avoir ?\"],\"articleSection\":[\"\u0152uvres caritatives en point de mire\"],\"inLanguage\":\"fr-FR\",\"potentialAction\":[{\"@type\":\"CommentAction\",\"name\":\"Comment\",\"target\":[\"https:\\\/\\\/www.deinadieu.ch\\\/fr\\\/les-problemes-de-lautre-cote-de-la-rue-ne-sont-souvent-pas-visibles\\\/#respond\"]}]},{\"@type\":\"WebPage\",\"@id\":\"https:\\\/\\\/www.deinadieu.ch\\\/fr\\\/les-problemes-de-lautre-cote-de-la-rue-ne-sont-souvent-pas-visibles\\\/\",\"url\":\"https:\\\/\\\/www.deinadieu.ch\\\/fr\\\/les-problemes-de-lautre-cote-de-la-rue-ne-sont-souvent-pas-visibles\\\/\",\"name\":\"Portrait de la fondation Tosam | DeinAdieu\",\"isPartOf\":{\"@id\":\"https:\\\/\\\/www.deinadieu.ch\\\/fr\\\/#website\"},\"primaryImageOfPage\":{\"@id\":\"https:\\\/\\\/www.deinadieu.ch\\\/fr\\\/les-problemes-de-lautre-cote-de-la-rue-ne-sont-souvent-pas-visibles\\\/#primaryimage\"},\"image\":{\"@id\":\"https:\\\/\\\/www.deinadieu.ch\\\/fr\\\/les-problemes-de-lautre-cote-de-la-rue-ne-sont-souvent-pas-visibles\\\/#primaryimage\"},\"thumbnailUrl\":\"https:\\\/\\\/www.deinadieu.ch\\\/wp-content\\\/uploads\\\/2023\\\/08\\\/1_Interview_Tosam_beide-scaled.jpg\",\"datePublished\":\"2023-09-19T05:22:00+00:00\",\"dateModified\":\"2024-03-25T14:27:04+00:00\",\"description\":\"Dans cet article, nous vous pr\u00e9sentons la fondation Tosam, qui est active dans plusieurs endroits de Suisse orientale avec des projets sociaux.\",\"breadcrumb\":{\"@id\":\"https:\\\/\\\/www.deinadieu.ch\\\/fr\\\/les-problemes-de-lautre-cote-de-la-rue-ne-sont-souvent-pas-visibles\\\/#breadcrumb\"},\"inLanguage\":\"fr-FR\",\"potentialAction\":[{\"@type\":\"ReadAction\",\"target\":[\"https:\\\/\\\/www.deinadieu.ch\\\/fr\\\/les-problemes-de-lautre-cote-de-la-rue-ne-sont-souvent-pas-visibles\\\/\"]}]},{\"@type\":\"ImageObject\",\"inLanguage\":\"fr-FR\",\"@id\":\"https:\\\/\\\/www.deinadieu.ch\\\/fr\\\/les-problemes-de-lautre-cote-de-la-rue-ne-sont-souvent-pas-visibles\\\/#primaryimage\",\"url\":\"https:\\\/\\\/www.deinadieu.ch\\\/wp-content\\\/uploads\\\/2023\\\/08\\\/1_Interview_Tosam_beide-scaled.jpg\",\"contentUrl\":\"https:\\\/\\\/www.deinadieu.ch\\\/wp-content\\\/uploads\\\/2023\\\/08\\\/1_Interview_Tosam_beide-scaled.jpg\",\"width\":2560,\"height\":1707,\"caption\":\"Le directeur Marcel De Tomasi et la collaboratrice Manuela Hafner en conversation avec Dein Adieu (Photos : Hanspeter Schiess)\"},{\"@type\":\"BreadcrumbList\",\"@id\":\"https:\\\/\\\/www.deinadieu.ch\\\/fr\\\/les-problemes-de-lautre-cote-de-la-rue-ne-sont-souvent-pas-visibles\\\/#breadcrumb\",\"itemListElement\":[{\"@type\":\"ListItem\",\"position\":1,\"name\":\"Home\",\"item\":\"https:\\\/\\\/www.deinadieu.ch\\\/fr\\\/deinadieu-dialog-und-serviceportal-zum-lebensende\\\/\"},{\"@type\":\"ListItem\",\"position\":2,\"name\":\"\u00ab Les probl\u00e8mes de l&#8217;autre c\u00f4t\u00e9 de la rue ne sont souvent pas visibles \u00bb\"}]},{\"@type\":\"WebSite\",\"@id\":\"https:\\\/\\\/www.deinadieu.ch\\\/fr\\\/#website\",\"url\":\"https:\\\/\\\/www.deinadieu.ch\\\/fr\\\/\",\"name\":\"DeinAdieu.ch\",\"description\":\"Testament, Patientenverf\u00fcgung und Vorsorgeauftrag\",\"publisher\":{\"@id\":\"https:\\\/\\\/www.deinadieu.ch\\\/fr\\\/#organization\"},\"potentialAction\":[{\"@type\":\"SearchAction\",\"target\":{\"@type\":\"EntryPoint\",\"urlTemplate\":\"https:\\\/\\\/www.deinadieu.ch\\\/fr\\\/?s={search_term_string}\"},\"query-input\":{\"@type\":\"PropertyValueSpecification\",\"valueRequired\":true,\"valueName\":\"search_term_string\"}}],\"inLanguage\":\"fr-FR\"},{\"@type\":\"Organization\",\"@id\":\"https:\\\/\\\/www.deinadieu.ch\\\/fr\\\/#organization\",\"name\":\"EMNA Web GmbH\",\"url\":\"https:\\\/\\\/www.deinadieu.ch\\\/fr\\\/\",\"logo\":{\"@type\":\"ImageObject\",\"inLanguage\":\"fr-FR\",\"@id\":\"https:\\\/\\\/www.deinadieu.ch\\\/fr\\\/#\\\/schema\\\/logo\\\/image\\\/\",\"url\":\"https:\\\/\\\/www.deinadieu.ch\\\/wp-content\\\/uploads\\\/2016\\\/01\\\/DeinAdieu_Logo.png\",\"contentUrl\":\"https:\\\/\\\/www.deinadieu.ch\\\/wp-content\\\/uploads\\\/2016\\\/01\\\/DeinAdieu_Logo.png\",\"width\":300,\"height\":117,\"caption\":\"EMNA Web GmbH\"},\"image\":{\"@id\":\"https:\\\/\\\/www.deinadieu.ch\\\/fr\\\/#\\\/schema\\\/logo\\\/image\\\/\"},\"sameAs\":[\"https:\\\/\\\/www.facebook.com\\\/deinadieu\",\"https:\\\/\\\/x.com\\\/DeinAdieu\",\"https:\\\/\\\/www.instagram.com\\\/deinadieu\\\/\",\"https:\\\/\\\/www.linkedin.com\\\/company\\\/deinadieu.ch\"]},{\"@type\":\"Person\",\"@id\":\"https:\\\/\\\/www.deinadieu.ch\\\/fr\\\/#\\\/schema\\\/person\\\/ad724a53f7e50dd3866fc9b0fc6bbdd9\",\"name\":\"Sabrina Rohner\",\"image\":{\"@type\":\"ImageObject\",\"inLanguage\":\"fr-FR\",\"@id\":\"https:\\\/\\\/secure.gravatar.com\\\/avatar\\\/c72cef3c7bba2e19d98358a63ff805dbe088a70fb947d10024d669ded777102d?s=96&d=mm&r=g\",\"url\":\"https:\\\/\\\/secure.gravatar.com\\\/avatar\\\/c72cef3c7bba2e19d98358a63ff805dbe088a70fb947d10024d669ded777102d?s=96&d=mm&r=g\",\"contentUrl\":\"https:\\\/\\\/secure.gravatar.com\\\/avatar\\\/c72cef3c7bba2e19d98358a63ff805dbe088a70fb947d10024d669ded777102d?s=96&d=mm&r=g\",\"caption\":\"Sabrina Rohner\"},\"url\":\"https:\\\/\\\/www.deinadieu.ch\\\/fr\\\/author\\\/sabrina-rohnergmail-com\\\/\"}]}<\/script>","yoast_head_json":{"title":"Portrait de la fondation Tosam | DeinAdieu","description":"Dans cet article, nous vous pr\u00e9sentons la fondation Tosam, qui est active dans plusieurs endroits de Suisse orientale avec des projets sociaux.","robots":{"index":"index","follow":"follow","max-snippet":"max-snippet:-1","max-image-preview":"max-image-preview:large","max-video-preview":"max-video-preview:-1"},"canonical":"https:\/\/www.deinadieu.ch\/fr\/les-problemes-de-lautre-cote-de-la-rue-ne-sont-souvent-pas-visibles\/","og_locale":"fr_FR","og_type":"article","og_title":"\u00ab Les probl\u00e8mes de l'autre c\u00f4t\u00e9 de la rue ne sont souvent pas visibles \u00bb","og_description":"La fondation Tosam, dont le si\u00e8ge se trouve \u00e0 Herisau, dans le canton d'Appenzell, offre une possibilit\u00e9 d'emploi et de d\u00e9veloppement aux personnes","og_url":"https:\/\/www.deinadieu.ch\/fr\/les-problemes-de-lautre-cote-de-la-rue-ne-sont-souvent-pas-visibles\/","og_site_name":"DeinAdieu.ch","article_publisher":"https:\/\/www.facebook.com\/deinadieu","article_published_time":"2023-09-19T05:22:00+00:00","article_modified_time":"2024-03-25T14:27:04+00:00","og_image":[{"width":2560,"height":1707,"url":"https:\/\/static.deinadieu.ch\/uploads\/2023\/08\/1_Interview_Tosam_beide-scaled.jpg","type":"image\/jpeg"}],"author":"Sabrina Rohner","twitter_card":"summary_large_image","twitter_creator":"@DeinAdieu","twitter_site":"@DeinAdieu","twitter_misc":{"Written by":"Sabrina Rohner","Est. reading time":"6 minutes"},"schema":{"@context":"https:\/\/schema.org","@graph":[{"@type":"Article","@id":"https:\/\/www.deinadieu.ch\/fr\/les-problemes-de-lautre-cote-de-la-rue-ne-sont-souvent-pas-visibles\/#article","isPartOf":{"@id":"https:\/\/www.deinadieu.ch\/fr\/les-problemes-de-lautre-cote-de-la-rue-ne-sont-souvent-pas-visibles\/"},"author":{"name":"Sabrina Rohner","@id":"https:\/\/www.deinadieu.ch\/fr\/#\/schema\/person\/ad724a53f7e50dd3866fc9b0fc6bbdd9"},"headline":"\u00ab Les probl\u00e8mes de l&#8217;autre c\u00f4t\u00e9 de la rue ne sont souvent pas visibles \u00bb","datePublished":"2023-09-19T05:22:00+00:00","dateModified":"2024-03-25T14:27:04+00:00","mainEntityOfPage":{"@id":"https:\/\/www.deinadieu.ch\/fr\/les-problemes-de-lautre-cote-de-la-rue-ne-sont-souvent-pas-visibles\/"},"wordCount":1306,"commentCount":0,"publisher":{"@id":"https:\/\/www.deinadieu.ch\/fr\/#organization"},"image":{"@id":"https:\/\/www.deinadieu.ch\/fr\/les-problemes-de-lautre-cote-de-la-rue-ne-sont-souvent-pas-visibles\/#primaryimage"},"thumbnailUrl":"https:\/\/www.deinadieu.ch\/wp-content\/uploads\/2023\/08\/1_Interview_Tosam_beide-scaled.jpg","keywords":["Faire un don","int\u00e9gration sociale","organisations d'aide","Quel effet mon h\u00e9ritage peut-il avoir ?"],"articleSection":["\u0152uvres caritatives en point de mire"],"inLanguage":"fr-FR","potentialAction":[{"@type":"CommentAction","name":"Comment","target":["https:\/\/www.deinadieu.ch\/fr\/les-problemes-de-lautre-cote-de-la-rue-ne-sont-souvent-pas-visibles\/#respond"]}]},{"@type":"WebPage","@id":"https:\/\/www.deinadieu.ch\/fr\/les-problemes-de-lautre-cote-de-la-rue-ne-sont-souvent-pas-visibles\/","url":"https:\/\/www.deinadieu.ch\/fr\/les-problemes-de-lautre-cote-de-la-rue-ne-sont-souvent-pas-visibles\/","name":"Portrait de la fondation Tosam | DeinAdieu","isPartOf":{"@id":"https:\/\/www.deinadieu.ch\/fr\/#website"},"primaryImageOfPage":{"@id":"https:\/\/www.deinadieu.ch\/fr\/les-problemes-de-lautre-cote-de-la-rue-ne-sont-souvent-pas-visibles\/#primaryimage"},"image":{"@id":"https:\/\/www.deinadieu.ch\/fr\/les-problemes-de-lautre-cote-de-la-rue-ne-sont-souvent-pas-visibles\/#primaryimage"},"thumbnailUrl":"https:\/\/www.deinadieu.ch\/wp-content\/uploads\/2023\/08\/1_Interview_Tosam_beide-scaled.jpg","datePublished":"2023-09-19T05:22:00+00:00","dateModified":"2024-03-25T14:27:04+00:00","description":"Dans cet article, nous vous pr\u00e9sentons la fondation Tosam, qui est active dans plusieurs endroits de Suisse orientale avec des projets sociaux.","breadcrumb":{"@id":"https:\/\/www.deinadieu.ch\/fr\/les-problemes-de-lautre-cote-de-la-rue-ne-sont-souvent-pas-visibles\/#breadcrumb"},"inLanguage":"fr-FR","potentialAction":[{"@type":"ReadAction","target":["https:\/\/www.deinadieu.ch\/fr\/les-problemes-de-lautre-cote-de-la-rue-ne-sont-souvent-pas-visibles\/"]}]},{"@type":"ImageObject","inLanguage":"fr-FR","@id":"https:\/\/www.deinadieu.ch\/fr\/les-problemes-de-lautre-cote-de-la-rue-ne-sont-souvent-pas-visibles\/#primaryimage","url":"https:\/\/www.deinadieu.ch\/wp-content\/uploads\/2023\/08\/1_Interview_Tosam_beide-scaled.jpg","contentUrl":"https:\/\/www.deinadieu.ch\/wp-content\/uploads\/2023\/08\/1_Interview_Tosam_beide-scaled.jpg","width":2560,"height":1707,"caption":"Le directeur Marcel De Tomasi et la collaboratrice Manuela Hafner en conversation avec Dein Adieu (Photos : Hanspeter Schiess)"},{"@type":"BreadcrumbList","@id":"https:\/\/www.deinadieu.ch\/fr\/les-problemes-de-lautre-cote-de-la-rue-ne-sont-souvent-pas-visibles\/#breadcrumb","itemListElement":[{"@type":"ListItem","position":1,"name":"Home","item":"https:\/\/www.deinadieu.ch\/fr\/deinadieu-dialog-und-serviceportal-zum-lebensende\/"},{"@type":"ListItem","position":2,"name":"\u00ab Les probl\u00e8mes de l&#8217;autre c\u00f4t\u00e9 de la rue ne sont souvent pas visibles \u00bb"}]},{"@type":"WebSite","@id":"https:\/\/www.deinadieu.ch\/fr\/#website","url":"https:\/\/www.deinadieu.ch\/fr\/","name":"DeinAdieu.ch","description":"Testament, Patientenverf\u00fcgung und Vorsorgeauftrag","publisher":{"@id":"https:\/\/www.deinadieu.ch\/fr\/#organization"},"potentialAction":[{"@type":"SearchAction","target":{"@type":"EntryPoint","urlTemplate":"https:\/\/www.deinadieu.ch\/fr\/?s={search_term_string}"},"query-input":{"@type":"PropertyValueSpecification","valueRequired":true,"valueName":"search_term_string"}}],"inLanguage":"fr-FR"},{"@type":"Organization","@id":"https:\/\/www.deinadieu.ch\/fr\/#organization","name":"EMNA Web GmbH","url":"https:\/\/www.deinadieu.ch\/fr\/","logo":{"@type":"ImageObject","inLanguage":"fr-FR","@id":"https:\/\/www.deinadieu.ch\/fr\/#\/schema\/logo\/image\/","url":"https:\/\/www.deinadieu.ch\/wp-content\/uploads\/2016\/01\/DeinAdieu_Logo.png","contentUrl":"https:\/\/www.deinadieu.ch\/wp-content\/uploads\/2016\/01\/DeinAdieu_Logo.png","width":300,"height":117,"caption":"EMNA Web GmbH"},"image":{"@id":"https:\/\/www.deinadieu.ch\/fr\/#\/schema\/logo\/image\/"},"sameAs":["https:\/\/www.facebook.com\/deinadieu","https:\/\/x.com\/DeinAdieu","https:\/\/www.instagram.com\/deinadieu\/","https:\/\/www.linkedin.com\/company\/deinadieu.ch"]},{"@type":"Person","@id":"https:\/\/www.deinadieu.ch\/fr\/#\/schema\/person\/ad724a53f7e50dd3866fc9b0fc6bbdd9","name":"Sabrina Rohner","image":{"@type":"ImageObject","inLanguage":"fr-FR","@id":"https:\/\/secure.gravatar.com\/avatar\/c72cef3c7bba2e19d98358a63ff805dbe088a70fb947d10024d669ded777102d?s=96&d=mm&r=g","url":"https:\/\/secure.gravatar.com\/avatar\/c72cef3c7bba2e19d98358a63ff805dbe088a70fb947d10024d669ded777102d?s=96&d=mm&r=g","contentUrl":"https:\/\/secure.gravatar.com\/avatar\/c72cef3c7bba2e19d98358a63ff805dbe088a70fb947d10024d669ded777102d?s=96&d=mm&r=g","caption":"Sabrina Rohner"},"url":"https:\/\/www.deinadieu.ch\/fr\/author\/sabrina-rohnergmail-com\/"}]}},"_links":{"self":[{"href":"https:\/\/www.deinadieu.ch\/fr\/wp-json\/wp\/v2\/posts\/66353","targetHints":{"allow":["GET"]}}],"collection":[{"href":"https:\/\/www.deinadieu.ch\/fr\/wp-json\/wp\/v2\/posts"}],"about":[{"href":"https:\/\/www.deinadieu.ch\/fr\/wp-json\/wp\/v2\/types\/post"}],"author":[{"embeddable":true,"href":"https:\/\/www.deinadieu.ch\/fr\/wp-json\/wp\/v2\/users\/6038"}],"replies":[{"embeddable":true,"href":"https:\/\/www.deinadieu.ch\/fr\/wp-json\/wp\/v2\/comments?post=66353"}],"version-history":[{"count":7,"href":"https:\/\/www.deinadieu.ch\/fr\/wp-json\/wp\/v2\/posts\/66353\/revisions"}],"predecessor-version":[{"id":67291,"href":"https:\/\/www.deinadieu.ch\/fr\/wp-json\/wp\/v2\/posts\/66353\/revisions\/67291"}],"wp:featuredmedia":[{"embeddable":true,"href":"https:\/\/www.deinadieu.ch\/fr\/wp-json\/wp\/v2\/media\/65240"}],"wp:attachment":[{"href":"https:\/\/www.deinadieu.ch\/fr\/wp-json\/wp\/v2\/media?parent=66353"}],"wp:term":[{"taxonomy":"category","embeddable":true,"href":"https:\/\/www.deinadieu.ch\/fr\/wp-json\/wp\/v2\/categories?post=66353"},{"taxonomy":"post_tag","embeddable":true,"href":"https:\/\/www.deinadieu.ch\/fr\/wp-json\/wp\/v2\/tags?post=66353"}],"curies":[{"name":"wp","href":"https:\/\/api.w.org\/{rel}","templated":true}]}}