{"id":66351,"date":"2023-08-22T07:17:00","date_gmt":"2023-08-22T05:17:00","guid":{"rendered":"https:\/\/www.deinadieu.ch\/diagnostic-de-la-maladie-dalzheimer-cest-un-adieu-a-retardement\/"},"modified":"2024-07-10T16:44:33","modified_gmt":"2024-07-10T14:44:33","slug":"diagnostic-de-la-maladie-dalzheimer-cest-un-adieu-a-retardement","status":"publish","type":"post","link":"https:\/\/www.deinadieu.ch\/fr\/diagnostic-de-la-maladie-dalzheimer-cest-un-adieu-a-retardement\/","title":{"rendered":"Diagnostic de la maladie d&#8217;Alzheimer : \u00ab C&#8217;est un adieu \u00e0 retardement \u00bb"},"content":{"rendered":"\n<p>Soudain, Robert Kuhn, docteur en chimie, ne trouve plus le chemin du m\u00e9tro, soudain, lorsqu&#8217;il parle chinois, les mots manquent dans sa t\u00eate. Comment le diagnostic de la maladie d&#8217;Alzheimer a chang\u00e9 sa vie et celle de sa femme Ruth.<\/p>\n\n<!--more-->\n\n<p><\/p>\n\n<p>Lorsque Robert Kuhn rentre de Chine en janvier 2019, son fils a lui aussi remarqu\u00e9 que quelque chose n&#8217;allait pas. \u00ab Qu&#8217;est-ce qui se passe avec papa ? \u00bb, demande-t-il \u00e0 sa m\u00e8re, Ruth Kuhn, au t\u00e9l\u00e9phone. Robert Kuhn, docteur en chimie, qui occupe un poste de direction dans l&#8217;entreprise Novartis et est responsable de projets importants en Chine, ne trouve plus le chemin du m\u00e9tro \u00e0 Shanghai. Lui qui a construit une usine en Chine, qui parle couramment l&#8217;anglais et bien le chinois, ne trouve plus les mots chinois dans sa t\u00eate. En novembre 2018 d\u00e9j\u00e0, M. Kuhn s&#8217;\u00e9tait rendu chez son m\u00e9decin de famille parce qu&#8217;il oubliait soudainement les choses. Il faut six mois pour qu&#8217;une s\u00e9rie de tests apporte finalement la certitude : Alzheimer. Ruth Kuhn raconte qu&#8217;elle a alors pens\u00e9 : \u00ab Maintenant, notre vie va changer \u00bb. <\/p>\n\n<p><\/p>\n\n<p>Elle et son mari sont assis \u00e0 une table du \u00ab Lattich \u00bb, pr\u00e8s de la gare de marchandises de Saint-Gall, o\u00f9 l&#8217;association Mosaik propose une structure d&#8217;accueil de jour aux personnes atteintes de d\u00e9mence. C&#8217;est l\u00e0 que Robert Kuhn vient trois fois par semaine pour peindre, cuisiner et jouer du piano. Ici, quelqu&#8217;un vient le chercher, lui dit quand il doit s&#8217;allonger pour une pause, quand il est temps de reprendre le train, car tout le reste qui constituait sa vie s&#8217;estompe peu \u00e0 peu. Parce que tout ce qu&#8217;il fait d\u00e9sormais, d&#8217;autres doivent le planifier pour lui. <\/p>\n\n<p>Robert Kuhn, comment s&#8217;est pass\u00e9e l&#8217;annonce du diagnostic ? Que faisiez-vous exactement en tant que chimiste en Chine ? Comment g\u00e9rez-vous la maladie ? On n&#8217;obtient plus de r\u00e9ponses de Robert Kuhn, il s&#8217;arr\u00eate au milieu d&#8217;une phrase, regarde ses mains ou dans le vide. Il sourit, hoche la t\u00eate ou secoue la t\u00eate. Il ne trouve plus les mots, c&#8217;est sa femme qui termine les phrases, elle est son soutien, comme une proth\u00e8se qui l&#8217;aide \u00e0 chaque mouvement pour qu&#8217;il puisse continuer \u00e0 fonctionner, qu&#8217;il reste encore quelque chose de lui.<\/p>\n\n<p><\/p>\n\n<h3 class=\"wp-block-heading\" id=\"h-sie-verkauften-das-haus-und-zogen-in-eine-wohnung\">Ils ont vendu la maison et ont emm\u00e9nag\u00e9 dans un appartement<\/h3>\n\n<p>Le diagnostic a \u00e9t\u00e9 un choc, dit Ruth Kuhn. \u00ab Nous avons appel\u00e9 notre fille, elle s&#8217;est effondr\u00e9e. \u00bb Plus tard, la famille s&#8217;est retrouv\u00e9e pour jouer au mini-golf. \u00ab Comme un d\u00e9fi, nous avons ouvert une bouteille de vin et c\u00e9l\u00e9br\u00e9 la vie telle qu&#8217;elle \u00e9tait pour nous \u00e0 ce moment-l\u00e0 \u00bb, dit-elle. Cela semble courageux. Il est vite devenu clair qu&#8217;ils devaient quitter la maison de Duggingen, pr\u00e8s de B\u00e2le, tant que Robert Kuhn \u00e9tait encore en mesure de signer le contrat de vente. Travailler n&#8217;\u00e9tait plus possible et M. Kuhn a pris une retraite anticip\u00e9e \u00e0 60 ans. Le couple originaire de Trogen, mari\u00e9 depuis 37 ans, est rentr\u00e9 chez lui en Appenzell, o\u00f9 tous deux ont la plupart de leurs amis, o\u00f9 ils ont trouv\u00e9 un appartement bien agenc\u00e9 et o\u00f9 les bonnes liaisons de transports publics leur permettent de vivre de mani\u00e8re aussi ind\u00e9pendante que possible. <\/p>\n\n<figure class=\"wp-block-image size-large\"><img loading=\"lazy\" decoding=\"async\" width=\"1024\" height=\"683\" src=\"https:\/\/www.deinadieu.ch\/wp-content\/uploads\/2023\/08\/4_2023-07_Kuhn_DEINADIEU-1024x683.jpg\" alt=\"\" class=\"wp-image-65079\" srcset=\"https:\/\/www.deinadieu.ch\/wp-content\/uploads\/2023\/08\/4_2023-07_Kuhn_DEINADIEU-1024x683.jpg 1024w, https:\/\/www.deinadieu.ch\/wp-content\/uploads\/2023\/08\/4_2023-07_Kuhn_DEINADIEU-300x200.jpg 300w, https:\/\/www.deinadieu.ch\/wp-content\/uploads\/2023\/08\/4_2023-07_Kuhn_DEINADIEU-1536x1024.jpg 1536w, https:\/\/www.deinadieu.ch\/wp-content\/uploads\/2023\/08\/4_2023-07_Kuhn_DEINADIEU-2048x1365.jpg 2048w\" sizes=\"auto, (max-width: 1024px) 100vw, 1024px\" \/><figcaption class=\"wp-element-caption\">Le couple a vendu la maison de B\u00e2le et s&#8217;est install\u00e9 en Appenzell, o\u00f9 vivent la plupart de ses amis.<\/figcaption><\/figure>\n\n<p>Ruth Kuhn a cherch\u00e9 de l&#8217;aide \u00ab partout \u00bb, elle rencontre une fois par mois d&#8217;autres proches pour \u00e9changer et elle veille \u00e0 ce que son mari se d\u00e9place. Elle l&#8217;emm\u00e8ne faire du fitness, des promenades, du v\u00e9lo. \u00ab Pendant longtemps, \u00e7a allait encore \u00bb, dit-elle. Apr\u00e8s tout, son mari ne souffre pas d&#8217;autres effets secondaires, il n&#8217;est ni d\u00e9pressif ni agressif. Il n&#8217;y a toutefois pas de quoi se leurrer. \u00ab C&#8217;est une maladie terrible. Cela ne s&#8217;am\u00e9liore pas, plus jamais, il faut prendre chaque jour comme il vient \u00bb, dit-elle. Elle ajoute : \u00ab J&#8217;ai d\u00fb apprendre \u00e0 laisser tomber les espoirs, \u00e0 ne plus impliquer mon mari dans les d\u00e9cisions. \u00bb Ce qui reste d&#8217;eux, ce sont des souvenirs qui, de plus en plus souvent, ne sont plus que ceux de Ruth Kuhn. Souvent, elle regarde des photos d&#8217;autrefois avec son mari. \u00ab C&#8217;est un adieu \u00e0 retardement \u00bb, dit Ruth Kuhn.<\/p>\n\n<figure class=\"wp-block-image size-large\"><img loading=\"lazy\" decoding=\"async\" width=\"1024\" height=\"683\" src=\"https:\/\/www.deinadieu.ch\/wp-content\/uploads\/2023\/08\/1_2023-07_Kuhn_DEINADIEU-1024x683.jpg\" alt=\"\" class=\"wp-image-65066\" srcset=\"https:\/\/www.deinadieu.ch\/wp-content\/uploads\/2023\/08\/1_2023-07_Kuhn_DEINADIEU-1024x683.jpg 1024w, https:\/\/www.deinadieu.ch\/wp-content\/uploads\/2023\/08\/1_2023-07_Kuhn_DEINADIEU-300x200.jpg 300w, https:\/\/www.deinadieu.ch\/wp-content\/uploads\/2023\/08\/1_2023-07_Kuhn_DEINADIEU-1536x1024.jpg 1536w, https:\/\/www.deinadieu.ch\/wp-content\/uploads\/2023\/08\/1_2023-07_Kuhn_DEINADIEU-2048x1365.jpg 2048w\" sizes=\"auto, (max-width: 1024px) 100vw, 1024px\" \/><figcaption class=\"wp-element-caption\">Souvent, Ruth Kuhn regarde des photos d&#8217;autrefois avec son mari. De plus en plus souvent, ces souvenirs ne sont plus que les siens.<\/figcaption><\/figure>\n\n<p><\/p>\n\n<p>Elle se ressaisit aussit\u00f4t. Elle est reconnaissante qu&#8217;il participe encore \u00e0 tant de choses. \u00ab N&#8217;est-ce pas ? \u00bb, lui dit-elle en lui attrapant la main, il sourit. Ces derni\u00e8res ann\u00e9es, ils ont fait quelques voyages ensemble. Ruth Kuhn, qui avait fait sa formation commerciale dans une agence de voyage \u00e0 Saint-Gall, a r\u00e9serv\u00e9 des vacances de randonn\u00e9e \u00e0 Mad\u00e8re. Elle s&#8217;est \u00e9galement envol\u00e9e une nouvelle fois avec son mari pour l&#8217;Am\u00e9rique du Sud, \u00e0 Ushuaia, au bout du monde. Le vol vers la Tha\u00eflande en janvier de cette ann\u00e9e s&#8217;est toutefois r\u00e9v\u00e9l\u00e9 \u00eatre la pire chose qu&#8217;elle ait v\u00e9cue jusqu&#8217;\u00e0 pr\u00e9sent. Au-dessus des nuages, son mari a soudainement voulu descendre de l&#8217;avion, il a fait levier sur la porte de l&#8217;avion et elle a d\u00fb le calmer pendant des heures. <\/p>\n\n<p><\/p>\n\n<h3 class=\"wp-block-heading\" id=\"h-ich-habe-nicht-mehr-so-viel-geduld\">\u00ab Je n&#8217;ai plus autant de patience \u00bb<\/h3>\n\n<p><\/p>\n\n<p>Ruth Kuhn, 69 ans, qui s&#8217;occupait auparavant de la vie sociale dans le couple, comme elle le dit, est soudain responsable des finances. Elle qui s&#8217;occupait des enfants s&#8217;occupe d\u00e9sormais de son mari. 24 heures sur 24. \u00ab Maintenant, je r\u00e9alise que je dois aussi prendre soin de moi \u00bb, dit-elle. Un matin, \u00e0 6 heures, son mari a sorti la vaisselle sale de la machine et l&#8217;a rang\u00e9e dans les armoires. \u00ab Je n&#8217;ai plus autant de patience. \u00bb <\/p>\n\n<p><\/p>\n\n<p>Les tableaux de Robert Kuhn sont accroch\u00e9s dans l&#8217;atelier de la structure d&#8217;accueil de jour. Des traits entrelac\u00e9s \u00e0 l&#8217;aquarelle. Ils font penser \u00e0 des caract\u00e8res chinois qui tourbillonnent dans l&#8217;air. Robert Kuhn explique ses tableaux. On ne peut que deviner ce qu&#8217;il souhaite r\u00e9ellement dire. La clef de son r\u00e9servoir de connaissances a \u00e9t\u00e9 perdue.<\/p>\n\n<p><\/p>\n\n<p><\/p>\n\n<h2 class=\"wp-block-heading\" id=\"h-alzheimer-schweiz\">Alzheimer Suisse<\/h2>\n\n<p>L&#8217;association <a href=\"https:\/\/www.deinadieu.ch\/fr\/oeuvres-de-bienfaisance\/\">Alzheimer Suisse<\/a> et ses 21 sections informent, conseillent et soutiennent les personnes atteintes de d\u00e9mence et leurs proches. Il existe ainsi des offres \u00e0 bas seuil, comme par exemple une ligne t\u00e9l\u00e9phonique de conseil. L&#8217;association organise \u00e9galement des groupes de parole pour les personnes atteintes de d\u00e9mence ou pour leurs proches, des cours et des journ\u00e9es de formation ainsi que des vacances avec des possibilit\u00e9s de r\u00e9pit. Ruth Kuhn et sa famille ont \u00e9galement demand\u00e9 de l&#8217;aide \u00e0 Alzheimer Suisse. \u00ab L&#8217;association Alzheimer Saint-Gall\/deux Appenzell nous a beaucoup aid\u00e9s et nous soutient encore \u00bb, d\u00e9clare Ruth Kuhn.<\/p>\n\n<div style=\"height:40px\" aria-hidden=\"true\" class=\"wp-block-spacer\"><\/div>\n\n<div class=\"wp-block-buttons is-layout-flex wp-block-buttons-is-layout-flex\">\n<div class=\"wp-block-button\"><a class=\"wp-block-button__link wp-element-button\" href=\"https:\/\/app.deinadieu.ch\/da\/testament\/7406\">Favoriser Alzheimer Suisse dans son testament<\/a><\/div>\n<\/div>\n","protected":false},"excerpt":{"rendered":"<p>Soudain, Robert Kuhn, docteur en chimie, ne trouve plus le chemin du m\u00e9tro, soudain, lorsqu&#8217;il parle chinois, les mots manquent dans sa t\u00eate. Comment le diagnostic de la maladie d&#8217;Alzheimer a chang\u00e9 sa vie et celle de sa femme Ruth.<\/p>\n","protected":false},"author":6028,"featured_media":65064,"comment_status":"open","ping_status":"closed","sticky":false,"template":"","format":"standard","meta":{"_acf_changed":false,"footnotes":""},"categories":[2486,2450],"tags":[3589,2943,2944,3548,3590],"class_list":["post-66351","post","type-post","status-publish","format-standard","has-post-thumbnail","hentry","category-maladie","category-oeuvres-caritatives","tag-age","tag-alzheimer-fr","tag-demence","tag-maladie","tag-soins"],"acf":[],"yoast_head":"<title>Alzheimer Suisse \u2013 Portrait de Ruth &amp; Robert Kuhn | DeinAdieu<\/title>\n<meta name=\"description\" content=\"Dans cet article, Ruth et Robert Kuhn racontent comment ils font face \u00e0 la maladie d&#039;Alzheimer.\" \/>\n<meta name=\"robots\" content=\"index, follow, max-snippet:-1, max-image-preview:large, max-video-preview:-1\" \/>\n<link rel=\"canonical\" href=\"https:\/\/www.deinadieu.ch\/fr\/diagnostic-de-la-maladie-dalzheimer-cest-un-adieu-a-retardement\/\" \/>\n<meta property=\"og:locale\" content=\"fr_FR\" \/>\n<meta property=\"og:type\" content=\"article\" \/>\n<meta property=\"og:title\" content=\"Diagnostic de la maladie d&#039;Alzheimer : \u00ab C&#039;est un adieu \u00e0 retardement \u00bb\" \/>\n<meta property=\"og:description\" content=\"Soudain, Robert Kuhn, docteur en chimie, ne trouve plus le chemin du m\u00e9tro, soudain, lorsqu&#039;il parle chinois, les mots manquent dans sa t\u00eate. Comment le\" \/>\n<meta property=\"og:url\" content=\"https:\/\/www.deinadieu.ch\/fr\/diagnostic-de-la-maladie-dalzheimer-cest-un-adieu-a-retardement\/\" \/>\n<meta property=\"og:site_name\" content=\"DeinAdieu.ch\" \/>\n<meta property=\"article:publisher\" content=\"https:\/\/www.facebook.com\/deinadieu\" \/>\n<meta property=\"article:published_time\" content=\"2023-08-22T05:17:00+00:00\" \/>\n<meta property=\"article:modified_time\" content=\"2024-07-10T14:44:33+00:00\" \/>\n<meta property=\"og:image\" content=\"https:\/\/static.deinadieu.ch\/uploads\/2023\/08\/3_2023-07_Kuhn_DEINADIEU-scaled.jpg\" \/>\n\t<meta property=\"og:image:width\" content=\"2560\" \/>\n\t<meta property=\"og:image:height\" content=\"1707\" \/>\n\t<meta property=\"og:image:type\" content=\"image\/jpeg\" \/>\n<meta name=\"author\" content=\"Janina Gehrig, MA UZH, Redaktorin\" \/>\n<meta name=\"twitter:card\" content=\"summary_large_image\" \/>\n<meta name=\"twitter:creator\" content=\"@DeinAdieu\" \/>\n<meta name=\"twitter:site\" content=\"@DeinAdieu\" \/>\n<meta name=\"twitter:label1\" content=\"Written by\" \/>\n\t<meta name=\"twitter:data1\" content=\"Janina Gehrig, MA UZH, Redaktorin\" \/>\n\t<meta name=\"twitter:label2\" content=\"Est. reading time\" \/>\n\t<meta name=\"twitter:data2\" content=\"6 minutes\" \/>\n<script type=\"application\/ld+json\" class=\"yoast-schema-graph\">{\"@context\":\"https:\\\/\\\/schema.org\",\"@graph\":[{\"@type\":\"Article\",\"@id\":\"https:\\\/\\\/www.deinadieu.ch\\\/fr\\\/diagnostic-de-la-maladie-dalzheimer-cest-un-adieu-a-retardement\\\/#article\",\"isPartOf\":{\"@id\":\"https:\\\/\\\/www.deinadieu.ch\\\/fr\\\/diagnostic-de-la-maladie-dalzheimer-cest-un-adieu-a-retardement\\\/\"},\"author\":{\"name\":\"Janina Gehrig, MA UZH, Redaktorin\",\"@id\":\"https:\\\/\\\/www.deinadieu.ch\\\/fr\\\/#\\\/schema\\\/person\\\/78cffe1cb679e17f919e3d0c0e7b9673\"},\"headline\":\"Diagnostic de la maladie d&#8217;Alzheimer : \u00ab C&#8217;est un adieu \u00e0 retardement \u00bb\",\"datePublished\":\"2023-08-22T05:17:00+00:00\",\"dateModified\":\"2024-07-10T14:44:33+00:00\",\"mainEntityOfPage\":{\"@id\":\"https:\\\/\\\/www.deinadieu.ch\\\/fr\\\/diagnostic-de-la-maladie-dalzheimer-cest-un-adieu-a-retardement\\\/\"},\"wordCount\":1197,\"commentCount\":0,\"publisher\":{\"@id\":\"https:\\\/\\\/www.deinadieu.ch\\\/fr\\\/#organization\"},\"image\":{\"@id\":\"https:\\\/\\\/www.deinadieu.ch\\\/fr\\\/diagnostic-de-la-maladie-dalzheimer-cest-un-adieu-a-retardement\\\/#primaryimage\"},\"thumbnailUrl\":\"https:\\\/\\\/www.deinadieu.ch\\\/wp-content\\\/uploads\\\/2023\\\/08\\\/3_2023-07_Kuhn_DEINADIEU-scaled.jpg\",\"keywords\":[\"\u00c2ge\",\"Alzheimer\",\"D\u00e9mence\",\"Maladie\",\"Soins\"],\"articleSection\":[\"Maladie\",\"\u0152uvres caritatives en point de mire\"],\"inLanguage\":\"fr-FR\",\"potentialAction\":[{\"@type\":\"CommentAction\",\"name\":\"Comment\",\"target\":[\"https:\\\/\\\/www.deinadieu.ch\\\/fr\\\/diagnostic-de-la-maladie-dalzheimer-cest-un-adieu-a-retardement\\\/#respond\"]}]},{\"@type\":\"WebPage\",\"@id\":\"https:\\\/\\\/www.deinadieu.ch\\\/fr\\\/diagnostic-de-la-maladie-dalzheimer-cest-un-adieu-a-retardement\\\/\",\"url\":\"https:\\\/\\\/www.deinadieu.ch\\\/fr\\\/diagnostic-de-la-maladie-dalzheimer-cest-un-adieu-a-retardement\\\/\",\"name\":\"Alzheimer Suisse \u2013 Portrait de Ruth & Robert Kuhn | DeinAdieu\",\"isPartOf\":{\"@id\":\"https:\\\/\\\/www.deinadieu.ch\\\/fr\\\/#website\"},\"primaryImageOfPage\":{\"@id\":\"https:\\\/\\\/www.deinadieu.ch\\\/fr\\\/diagnostic-de-la-maladie-dalzheimer-cest-un-adieu-a-retardement\\\/#primaryimage\"},\"image\":{\"@id\":\"https:\\\/\\\/www.deinadieu.ch\\\/fr\\\/diagnostic-de-la-maladie-dalzheimer-cest-un-adieu-a-retardement\\\/#primaryimage\"},\"thumbnailUrl\":\"https:\\\/\\\/www.deinadieu.ch\\\/wp-content\\\/uploads\\\/2023\\\/08\\\/3_2023-07_Kuhn_DEINADIEU-scaled.jpg\",\"datePublished\":\"2023-08-22T05:17:00+00:00\",\"dateModified\":\"2024-07-10T14:44:33+00:00\",\"description\":\"Dans cet article, Ruth et Robert Kuhn racontent comment ils font face \u00e0 la maladie d'Alzheimer.\",\"breadcrumb\":{\"@id\":\"https:\\\/\\\/www.deinadieu.ch\\\/fr\\\/diagnostic-de-la-maladie-dalzheimer-cest-un-adieu-a-retardement\\\/#breadcrumb\"},\"inLanguage\":\"fr-FR\",\"potentialAction\":[{\"@type\":\"ReadAction\",\"target\":[\"https:\\\/\\\/www.deinadieu.ch\\\/fr\\\/diagnostic-de-la-maladie-dalzheimer-cest-un-adieu-a-retardement\\\/\"]}]},{\"@type\":\"ImageObject\",\"inLanguage\":\"fr-FR\",\"@id\":\"https:\\\/\\\/www.deinadieu.ch\\\/fr\\\/diagnostic-de-la-maladie-dalzheimer-cest-un-adieu-a-retardement\\\/#primaryimage\",\"url\":\"https:\\\/\\\/www.deinadieu.ch\\\/wp-content\\\/uploads\\\/2023\\\/08\\\/3_2023-07_Kuhn_DEINADIEU-scaled.jpg\",\"contentUrl\":\"https:\\\/\\\/www.deinadieu.ch\\\/wp-content\\\/uploads\\\/2023\\\/08\\\/3_2023-07_Kuhn_DEINADIEU-scaled.jpg\",\"width\":2560,\"height\":1707,\"caption\":\"Robert Kuhn parlait bien le chinois \u00e0 une \u00e9poque. Maintenant, il ne trouve plus les mots dans sa t\u00eate. (Images : Hanspeter Schiess)\"},{\"@type\":\"BreadcrumbList\",\"@id\":\"https:\\\/\\\/www.deinadieu.ch\\\/fr\\\/diagnostic-de-la-maladie-dalzheimer-cest-un-adieu-a-retardement\\\/#breadcrumb\",\"itemListElement\":[{\"@type\":\"ListItem\",\"position\":1,\"name\":\"Home\",\"item\":\"https:\\\/\\\/www.deinadieu.ch\\\/fr\\\/deinadieu-dialog-und-serviceportal-zum-lebensende\\\/\"},{\"@type\":\"ListItem\",\"position\":2,\"name\":\"Diagnostic de la maladie d&#8217;Alzheimer : \u00ab C&#8217;est un adieu \u00e0 retardement \u00bb\"}]},{\"@type\":\"WebSite\",\"@id\":\"https:\\\/\\\/www.deinadieu.ch\\\/fr\\\/#website\",\"url\":\"https:\\\/\\\/www.deinadieu.ch\\\/fr\\\/\",\"name\":\"DeinAdieu.ch\",\"description\":\"Testament, Patientenverf\u00fcgung und Vorsorgeauftrag\",\"publisher\":{\"@id\":\"https:\\\/\\\/www.deinadieu.ch\\\/fr\\\/#organization\"},\"potentialAction\":[{\"@type\":\"SearchAction\",\"target\":{\"@type\":\"EntryPoint\",\"urlTemplate\":\"https:\\\/\\\/www.deinadieu.ch\\\/fr\\\/?s={search_term_string}\"},\"query-input\":{\"@type\":\"PropertyValueSpecification\",\"valueRequired\":true,\"valueName\":\"search_term_string\"}}],\"inLanguage\":\"fr-FR\"},{\"@type\":\"Organization\",\"@id\":\"https:\\\/\\\/www.deinadieu.ch\\\/fr\\\/#organization\",\"name\":\"EMNA Web GmbH\",\"url\":\"https:\\\/\\\/www.deinadieu.ch\\\/fr\\\/\",\"logo\":{\"@type\":\"ImageObject\",\"inLanguage\":\"fr-FR\",\"@id\":\"https:\\\/\\\/www.deinadieu.ch\\\/fr\\\/#\\\/schema\\\/logo\\\/image\\\/\",\"url\":\"https:\\\/\\\/www.deinadieu.ch\\\/wp-content\\\/uploads\\\/2016\\\/01\\\/DeinAdieu_Logo.png\",\"contentUrl\":\"https:\\\/\\\/www.deinadieu.ch\\\/wp-content\\\/uploads\\\/2016\\\/01\\\/DeinAdieu_Logo.png\",\"width\":300,\"height\":117,\"caption\":\"EMNA Web GmbH\"},\"image\":{\"@id\":\"https:\\\/\\\/www.deinadieu.ch\\\/fr\\\/#\\\/schema\\\/logo\\\/image\\\/\"},\"sameAs\":[\"https:\\\/\\\/www.facebook.com\\\/deinadieu\",\"https:\\\/\\\/x.com\\\/DeinAdieu\",\"https:\\\/\\\/www.instagram.com\\\/deinadieu\\\/\",\"https:\\\/\\\/www.linkedin.com\\\/company\\\/deinadieu.ch\"]},{\"@type\":\"Person\",\"@id\":\"https:\\\/\\\/www.deinadieu.ch\\\/fr\\\/#\\\/schema\\\/person\\\/78cffe1cb679e17f919e3d0c0e7b9673\",\"name\":\"Janina Gehrig, MA UZH, Redaktorin\",\"image\":{\"@type\":\"ImageObject\",\"inLanguage\":\"fr-FR\",\"@id\":\"https:\\\/\\\/secure.gravatar.com\\\/avatar\\\/8bfc4dca12cd7c0a0373c12f34587d1f6a6117903e7ecc0035863bd69df6fb07?s=96&d=mm&r=g\",\"url\":\"https:\\\/\\\/secure.gravatar.com\\\/avatar\\\/8bfc4dca12cd7c0a0373c12f34587d1f6a6117903e7ecc0035863bd69df6fb07?s=96&d=mm&r=g\",\"contentUrl\":\"https:\\\/\\\/secure.gravatar.com\\\/avatar\\\/8bfc4dca12cd7c0a0373c12f34587d1f6a6117903e7ecc0035863bd69df6fb07?s=96&d=mm&r=g\",\"caption\":\"Janina Gehrig, MA UZH, Redaktorin\"},\"url\":\"https:\\\/\\\/www.deinadieu.ch\\\/fr\\\/author\\\/janinagehrig\\\/\"}]}<\/script>","yoast_head_json":{"title":"Alzheimer Suisse \u2013 Portrait de Ruth & Robert Kuhn | DeinAdieu","description":"Dans cet article, Ruth et Robert Kuhn racontent comment ils font face \u00e0 la maladie d'Alzheimer.","robots":{"index":"index","follow":"follow","max-snippet":"max-snippet:-1","max-image-preview":"max-image-preview:large","max-video-preview":"max-video-preview:-1"},"canonical":"https:\/\/www.deinadieu.ch\/fr\/diagnostic-de-la-maladie-dalzheimer-cest-un-adieu-a-retardement\/","og_locale":"fr_FR","og_type":"article","og_title":"Diagnostic de la maladie d'Alzheimer : \u00ab C'est un adieu \u00e0 retardement \u00bb","og_description":"Soudain, Robert Kuhn, docteur en chimie, ne trouve plus le chemin du m\u00e9tro, soudain, lorsqu'il parle chinois, les mots manquent dans sa t\u00eate. Comment le","og_url":"https:\/\/www.deinadieu.ch\/fr\/diagnostic-de-la-maladie-dalzheimer-cest-un-adieu-a-retardement\/","og_site_name":"DeinAdieu.ch","article_publisher":"https:\/\/www.facebook.com\/deinadieu","article_published_time":"2023-08-22T05:17:00+00:00","article_modified_time":"2024-07-10T14:44:33+00:00","og_image":[{"width":2560,"height":1707,"url":"https:\/\/static.deinadieu.ch\/uploads\/2023\/08\/3_2023-07_Kuhn_DEINADIEU-scaled.jpg","type":"image\/jpeg"}],"author":"Janina Gehrig, MA UZH, Redaktorin","twitter_card":"summary_large_image","twitter_creator":"@DeinAdieu","twitter_site":"@DeinAdieu","twitter_misc":{"Written by":"Janina Gehrig, MA UZH, Redaktorin","Est. reading time":"6 minutes"},"schema":{"@context":"https:\/\/schema.org","@graph":[{"@type":"Article","@id":"https:\/\/www.deinadieu.ch\/fr\/diagnostic-de-la-maladie-dalzheimer-cest-un-adieu-a-retardement\/#article","isPartOf":{"@id":"https:\/\/www.deinadieu.ch\/fr\/diagnostic-de-la-maladie-dalzheimer-cest-un-adieu-a-retardement\/"},"author":{"name":"Janina Gehrig, MA UZH, Redaktorin","@id":"https:\/\/www.deinadieu.ch\/fr\/#\/schema\/person\/78cffe1cb679e17f919e3d0c0e7b9673"},"headline":"Diagnostic de la maladie d&#8217;Alzheimer : \u00ab C&#8217;est un adieu \u00e0 retardement \u00bb","datePublished":"2023-08-22T05:17:00+00:00","dateModified":"2024-07-10T14:44:33+00:00","mainEntityOfPage":{"@id":"https:\/\/www.deinadieu.ch\/fr\/diagnostic-de-la-maladie-dalzheimer-cest-un-adieu-a-retardement\/"},"wordCount":1197,"commentCount":0,"publisher":{"@id":"https:\/\/www.deinadieu.ch\/fr\/#organization"},"image":{"@id":"https:\/\/www.deinadieu.ch\/fr\/diagnostic-de-la-maladie-dalzheimer-cest-un-adieu-a-retardement\/#primaryimage"},"thumbnailUrl":"https:\/\/www.deinadieu.ch\/wp-content\/uploads\/2023\/08\/3_2023-07_Kuhn_DEINADIEU-scaled.jpg","keywords":["\u00c2ge","Alzheimer","D\u00e9mence","Maladie","Soins"],"articleSection":["Maladie","\u0152uvres caritatives en point de mire"],"inLanguage":"fr-FR","potentialAction":[{"@type":"CommentAction","name":"Comment","target":["https:\/\/www.deinadieu.ch\/fr\/diagnostic-de-la-maladie-dalzheimer-cest-un-adieu-a-retardement\/#respond"]}]},{"@type":"WebPage","@id":"https:\/\/www.deinadieu.ch\/fr\/diagnostic-de-la-maladie-dalzheimer-cest-un-adieu-a-retardement\/","url":"https:\/\/www.deinadieu.ch\/fr\/diagnostic-de-la-maladie-dalzheimer-cest-un-adieu-a-retardement\/","name":"Alzheimer Suisse \u2013 Portrait de Ruth & Robert Kuhn | DeinAdieu","isPartOf":{"@id":"https:\/\/www.deinadieu.ch\/fr\/#website"},"primaryImageOfPage":{"@id":"https:\/\/www.deinadieu.ch\/fr\/diagnostic-de-la-maladie-dalzheimer-cest-un-adieu-a-retardement\/#primaryimage"},"image":{"@id":"https:\/\/www.deinadieu.ch\/fr\/diagnostic-de-la-maladie-dalzheimer-cest-un-adieu-a-retardement\/#primaryimage"},"thumbnailUrl":"https:\/\/www.deinadieu.ch\/wp-content\/uploads\/2023\/08\/3_2023-07_Kuhn_DEINADIEU-scaled.jpg","datePublished":"2023-08-22T05:17:00+00:00","dateModified":"2024-07-10T14:44:33+00:00","description":"Dans cet article, Ruth et Robert Kuhn racontent comment ils font face \u00e0 la maladie d'Alzheimer.","breadcrumb":{"@id":"https:\/\/www.deinadieu.ch\/fr\/diagnostic-de-la-maladie-dalzheimer-cest-un-adieu-a-retardement\/#breadcrumb"},"inLanguage":"fr-FR","potentialAction":[{"@type":"ReadAction","target":["https:\/\/www.deinadieu.ch\/fr\/diagnostic-de-la-maladie-dalzheimer-cest-un-adieu-a-retardement\/"]}]},{"@type":"ImageObject","inLanguage":"fr-FR","@id":"https:\/\/www.deinadieu.ch\/fr\/diagnostic-de-la-maladie-dalzheimer-cest-un-adieu-a-retardement\/#primaryimage","url":"https:\/\/www.deinadieu.ch\/wp-content\/uploads\/2023\/08\/3_2023-07_Kuhn_DEINADIEU-scaled.jpg","contentUrl":"https:\/\/www.deinadieu.ch\/wp-content\/uploads\/2023\/08\/3_2023-07_Kuhn_DEINADIEU-scaled.jpg","width":2560,"height":1707,"caption":"Robert Kuhn parlait bien le chinois \u00e0 une \u00e9poque. Maintenant, il ne trouve plus les mots dans sa t\u00eate. (Images : Hanspeter Schiess)"},{"@type":"BreadcrumbList","@id":"https:\/\/www.deinadieu.ch\/fr\/diagnostic-de-la-maladie-dalzheimer-cest-un-adieu-a-retardement\/#breadcrumb","itemListElement":[{"@type":"ListItem","position":1,"name":"Home","item":"https:\/\/www.deinadieu.ch\/fr\/deinadieu-dialog-und-serviceportal-zum-lebensende\/"},{"@type":"ListItem","position":2,"name":"Diagnostic de la maladie d&#8217;Alzheimer : \u00ab C&#8217;est un adieu \u00e0 retardement \u00bb"}]},{"@type":"WebSite","@id":"https:\/\/www.deinadieu.ch\/fr\/#website","url":"https:\/\/www.deinadieu.ch\/fr\/","name":"DeinAdieu.ch","description":"Testament, Patientenverf\u00fcgung und Vorsorgeauftrag","publisher":{"@id":"https:\/\/www.deinadieu.ch\/fr\/#organization"},"potentialAction":[{"@type":"SearchAction","target":{"@type":"EntryPoint","urlTemplate":"https:\/\/www.deinadieu.ch\/fr\/?s={search_term_string}"},"query-input":{"@type":"PropertyValueSpecification","valueRequired":true,"valueName":"search_term_string"}}],"inLanguage":"fr-FR"},{"@type":"Organization","@id":"https:\/\/www.deinadieu.ch\/fr\/#organization","name":"EMNA Web GmbH","url":"https:\/\/www.deinadieu.ch\/fr\/","logo":{"@type":"ImageObject","inLanguage":"fr-FR","@id":"https:\/\/www.deinadieu.ch\/fr\/#\/schema\/logo\/image\/","url":"https:\/\/www.deinadieu.ch\/wp-content\/uploads\/2016\/01\/DeinAdieu_Logo.png","contentUrl":"https:\/\/www.deinadieu.ch\/wp-content\/uploads\/2016\/01\/DeinAdieu_Logo.png","width":300,"height":117,"caption":"EMNA Web GmbH"},"image":{"@id":"https:\/\/www.deinadieu.ch\/fr\/#\/schema\/logo\/image\/"},"sameAs":["https:\/\/www.facebook.com\/deinadieu","https:\/\/x.com\/DeinAdieu","https:\/\/www.instagram.com\/deinadieu\/","https:\/\/www.linkedin.com\/company\/deinadieu.ch"]},{"@type":"Person","@id":"https:\/\/www.deinadieu.ch\/fr\/#\/schema\/person\/78cffe1cb679e17f919e3d0c0e7b9673","name":"Janina Gehrig, MA UZH, Redaktorin","image":{"@type":"ImageObject","inLanguage":"fr-FR","@id":"https:\/\/secure.gravatar.com\/avatar\/8bfc4dca12cd7c0a0373c12f34587d1f6a6117903e7ecc0035863bd69df6fb07?s=96&d=mm&r=g","url":"https:\/\/secure.gravatar.com\/avatar\/8bfc4dca12cd7c0a0373c12f34587d1f6a6117903e7ecc0035863bd69df6fb07?s=96&d=mm&r=g","contentUrl":"https:\/\/secure.gravatar.com\/avatar\/8bfc4dca12cd7c0a0373c12f34587d1f6a6117903e7ecc0035863bd69df6fb07?s=96&d=mm&r=g","caption":"Janina Gehrig, MA UZH, Redaktorin"},"url":"https:\/\/www.deinadieu.ch\/fr\/author\/janinagehrig\/"}]}},"_links":{"self":[{"href":"https:\/\/www.deinadieu.ch\/fr\/wp-json\/wp\/v2\/posts\/66351","targetHints":{"allow":["GET"]}}],"collection":[{"href":"https:\/\/www.deinadieu.ch\/fr\/wp-json\/wp\/v2\/posts"}],"about":[{"href":"https:\/\/www.deinadieu.ch\/fr\/wp-json\/wp\/v2\/types\/post"}],"author":[{"embeddable":true,"href":"https:\/\/www.deinadieu.ch\/fr\/wp-json\/wp\/v2\/users\/6028"}],"replies":[{"embeddable":true,"href":"https:\/\/www.deinadieu.ch\/fr\/wp-json\/wp\/v2\/comments?post=66351"}],"version-history":[{"count":1,"href":"https:\/\/www.deinadieu.ch\/fr\/wp-json\/wp\/v2\/posts\/66351\/revisions"}],"predecessor-version":[{"id":66352,"href":"https:\/\/www.deinadieu.ch\/fr\/wp-json\/wp\/v2\/posts\/66351\/revisions\/66352"}],"wp:featuredmedia":[{"embeddable":true,"href":"https:\/\/www.deinadieu.ch\/fr\/wp-json\/wp\/v2\/media\/65064"}],"wp:attachment":[{"href":"https:\/\/www.deinadieu.ch\/fr\/wp-json\/wp\/v2\/media?parent=66351"}],"wp:term":[{"taxonomy":"category","embeddable":true,"href":"https:\/\/www.deinadieu.ch\/fr\/wp-json\/wp\/v2\/categories?post=66351"},{"taxonomy":"post_tag","embeddable":true,"href":"https:\/\/www.deinadieu.ch\/fr\/wp-json\/wp\/v2\/tags?post=66351"}],"curies":[{"name":"wp","href":"https:\/\/api.w.org\/{rel}","templated":true}]}}