{"id":64941,"date":"2023-06-27T07:28:00","date_gmt":"2023-06-27T05:28:00","guid":{"rendered":"https:\/\/www.deinadieu.ch\/donner-une-voix-aux-plus-vulnerables\/"},"modified":"2024-03-25T15:27:04","modified_gmt":"2024-03-25T14:27:04","slug":"donner-une-voix-aux-plus-vulnerables","status":"publish","type":"post","link":"https:\/\/www.deinadieu.ch\/fr\/donner-une-voix-aux-plus-vulnerables\/","title":{"rendered":"Donner une voix aux plus vuln\u00e9rables"},"content":{"rendered":"\n<p>Depuis plus de 50 ans, la Fondation Horyzon s&#8217;engage en faveur des jeunes \u00e9conomiquement et socialement d\u00e9favoris\u00e9s en Palestine, en Colombie, en Ouganda, au N\u00e9pal et en Ha\u00efti. Depuis un certain temps, le quotidien de cet \u00c9tat insulaire des Cara\u00efbes est particuli\u00e8rement marqu\u00e9 par la violence et l&#8217;ins\u00e9curit\u00e9 : c&#8217;est pourquoi Horyzon soutient le projet \u00ab Espace S\u00fbr \u00bb dans la capitale ha\u00eftienne Port-au-Prince, qui offre aux filles et aux jeunes femmes un lieu s\u00fbr et favorise leur autod\u00e9termination.<\/p>\n\n<!--more-->\n\n<p>La <a href=\"https:\/\/www.deinadieu.ch\/fr\/oeuvres-de-bienfaisance\/\">Fondation Horyzon<\/a> agit depuis plus d&#8217;un demi-si\u00e8cle en tant qu&#8217;organisation suisse de d\u00e9veloppement pour les jeunes. <strong>Actuellement, Horyzon soutient plusieurs projets en Palestine, en Colombie, en Ouganda, au N\u00e9pal et en Ha\u00efti<\/strong>. Horyzon soutient ainsi chaque ann\u00e9e environ 5500 jeunes, dont plus de la moiti\u00e9 sont des femmes. Comme les conditions de vie difficiles conduisent souvent \u00e0 la violence sp\u00e9cifique au genre, l&#8217;accent est mis en particulier sur le soutien aux filles et aux jeunes femmes.<\/p>\n\n<h2 class=\"wp-block-heading\" id=\"h-existenzielle-herausforderungen-in-krisengebieten\">Des d\u00e9fis existentiels dans les zones en crise<\/h2>\n\n<p>Les jeunes des projets de Horyzon sont touch\u00e9s par la pauvret\u00e9, la violence et l&#8217;exclusion. Ils ont souvent v\u00e9cu des \u00e9v\u00e9nements traumatiques et doivent relever quotidiennement des d\u00e9fis existentiels : une nourriture suffisante et l&#8217;acc\u00e8s \u00e0 l&#8217;\u00e9ducation et aux soins de sant\u00e9 de base ne vont pas de soi pour eux. <strong>Les projets dans les r\u00e9gions pauvres et en crise mettent l&#8217;accent sur l&#8217;autod\u00e9termination des jeunes<\/strong> : les jeunes apprennent \u00e0 conna\u00eetre leurs droits, assument des t\u00e2ches de gestion et s&#8217;engagent au niveau local et national pour l&#8217;am\u00e9lioration de leurs conditions de vie et une cohabitation pacifique.<\/p>\n\n<p>Actuellement, 75% des dons sont vers\u00e9s \u00e0 des projets \u00e0 l&#8217;\u00e9tranger. Pr\u00e8s d&#8217;un tiers des dons provient de la DDC, la Direction f\u00e9d\u00e9rale du d\u00e9veloppement et de la coop\u00e9ration. Les dons de fondations et les dons priv\u00e9s constituent une autre part importante : \u00ab <strong>Les dons priv\u00e9s sont notre colonne vert\u00e9brale.<\/strong> Il est tr\u00e8s important pour nous de disposer d&#8217;un large \u00e9ventail de sources de financement afin de pouvoir mener \u00e0 bien nos programmes \u00bb, explique Andrea R\u00fcegg. Elle est directrice de la Fondation Horyzon depuis 2018.<\/p>\n\n<figure class=\"wp-block-image size-large\"><img loading=\"lazy\" decoding=\"async\" width=\"1024\" height=\"683\" src=\"https:\/\/www.deinadieu.ch\/wp-content\/uploads\/2023\/06\/2_Horyzon-Heft-1024x683.jpg\" alt=\"programme de d&#xE9;veloppement horyzon\" class=\"wp-image-64316\" srcset=\"https:\/\/www.deinadieu.ch\/wp-content\/uploads\/2023\/06\/2_Horyzon-Heft-1024x683.jpg 1024w, https:\/\/www.deinadieu.ch\/wp-content\/uploads\/2023\/06\/2_Horyzon-Heft-300x200.jpg 300w, https:\/\/www.deinadieu.ch\/wp-content\/uploads\/2023\/06\/2_Horyzon-Heft-1536x1024.jpg 1536w, https:\/\/www.deinadieu.ch\/wp-content\/uploads\/2023\/06\/2_Horyzon-Heft-2048x1365.jpg 2048w\" sizes=\"auto, (max-width: 1024px) 100vw, 1024px\" \/><figcaption class=\"wp-element-caption\">Horyzon, l&#8217;organisation suisse de d\u00e9veloppement pour les jeunes, soutient plusieurs projets dans des zones de crise, dont Ha\u00efti, la Palestine ou l&#8217;Ouganda. <\/figcaption><\/figure>\n\n<h2 class=\"wp-block-heading\" id=\"h-legate-ermoglichen-langfristige-planung\">Les legs permettent une planification \u00e0 long terme<\/h2>\n\n<p>La Fondation Horyzon est n\u00e9e en 1969 du mouvement des Unions Chr\u00e9tiennes, le plus grand mouvement chr\u00e9tien et interconfessionnel d&#8217;enfants, de jeunes et d&#8217;adultes au monde. Horyzon peut \u00e9galement compter sur de fid\u00e8les donateurs et donatrices issus de la communaut\u00e9 des Unions Chr\u00e9tiennes. Cet attachement concret se prolonge au-del\u00e0 de la mort, lorsque les donateurs et donatrices incluent la Fondation dans leur testament. \u00ab Le fait d&#8217;avoir r\u00e9dig\u00e9 un <a href=\"https:\/\/app.deinadieu.ch\/da\/testament\/7521\">testament<\/a> est per\u00e7u comme un soulagement par de nombreuses personnes. Elles expriment leurs souhaits personnels et affirment ce qui est vraiment important pour elles. Cela cr\u00e9e de la s\u00e9curit\u00e9 et de la clart\u00e9 au sein de la famille et de l&#8217;entourage. Nous aimerions encore d\u00e9velopper le soutien provenant de legs \u00bb, explique Andrea R\u00fcegg. <strong>Gr\u00e2ce aux <a href=\"https:\/\/www.deinadieu.ch\/fr\/heritage-legs\/\">legs<\/a>, Horyzon obtient une s\u00e9curit\u00e9 qui lui permet de planifier des projets sur le long terme<\/strong>. En outre, les fonds non affect\u00e9s \u00e0 des fins d\u00e9termin\u00e9es peuvent \u00eatre utilis\u00e9s l\u00e0 o\u00f9 l&#8217;aide est la plus n\u00e9cessaire, et cela du point de vue des personnes concern\u00e9es, comme le souligne Madame R\u00fcegg.<\/p>\n\n<figure class=\"wp-block-image size-large\"><img loading=\"lazy\" decoding=\"async\" width=\"1024\" height=\"683\" src=\"https:\/\/www.deinadieu.ch\/wp-content\/uploads\/2023\/06\/3_Andrea-Rueegg-1024x683.jpg\" alt=\"Andrea R&#xFC;egg\" class=\"wp-image-64323\" srcset=\"https:\/\/www.deinadieu.ch\/wp-content\/uploads\/2023\/06\/3_Andrea-Rueegg-1024x683.jpg 1024w, https:\/\/www.deinadieu.ch\/wp-content\/uploads\/2023\/06\/3_Andrea-Rueegg-300x200.jpg 300w, https:\/\/www.deinadieu.ch\/wp-content\/uploads\/2023\/06\/3_Andrea-Rueegg-1536x1024.jpg 1536w, https:\/\/www.deinadieu.ch\/wp-content\/uploads\/2023\/06\/3_Andrea-Rueegg-2048x1365.jpg 2048w\" sizes=\"auto, (max-width: 1024px) 100vw, 1024px\" \/><figcaption class=\"wp-element-caption\">\u00ab Gr\u00e2ce aux legs, Horyzon obtient la s\u00e9curit\u00e9 n\u00e9cessaire pour planifier des projets \u00e0 long terme. Nous pouvons utiliser les fonds non affect\u00e9s \u00e0 des fins d\u00e9termin\u00e9es l\u00e0 o\u00f9 l&#8217;aide est la plus n\u00e9cessaire, et cela du point de vue des personnes concern\u00e9es \u00bb, souligne la directrice Andrea R\u00fcegg. <\/figcaption><\/figure>\n\n<h2 class=\"wp-block-heading\" id=\"h-das-geld-nicht-einfach-in-betroffene-lander-schicken\">\u00ab Ne pas se contenter d&#8217;envoyer l&#8217;argent dans les pays touch\u00e9s \u00bb<\/h2>\n\n<p>Dans les pays o\u00f9 la stabilit\u00e9 politique fait d\u00e9faut, cependant, les dons peuvent rapidement s&#8217;\u00e9vaporer ou ne pas \u00eatre utilis\u00e9s pour l&#8217;aide souhait\u00e9e. \u00ab Nous n&#8217;envoyons pas simplement les fonds dans les pays qui ont besoin d&#8217;aide, mais nous investissons dans des organisations sur place qui connaissent bien les circonstances et les besoins de la population locale \u00bb, souligne Andrea R\u00fcegg. Horyzon travaille avec des organisations partenaires locales ind\u00e9pendantes. Le programme \u00ab Espace S\u00fbr \u00bb en Ha\u00efti est g\u00e9r\u00e9 par l&#8217;organisation partenaire \u00ab Young Women&#8217;s Christian Association (YWCA) Haiti \u00bb. <\/p>\n\n<p>M\u00eame si Horyzon souhaite investir le plus d&#8217;argent possible directement dans les programmes, il est tout aussi important que ceux-ci soient bien encadr\u00e9s : c&#8217;est pourquoi la Fondation apporte \u00e9galement son soutien \u00e0 l&#8217;administration, \u00e0 l&#8217;organisation et \u00e0 la collecte de fonds des institutions partenaires locales. De cette mani\u00e8re, les structures internes peuvent \u00eatre am\u00e9lior\u00e9es aux niveaux de l&#8217;organisation et de la direction. Sandrine K\u00e9nol est responsable de programme pour \u00ab Espace S\u00fbr \u00bb en Ha\u00efti : \u00ab Le partenariat avec Horyzon est tr\u00e8s important et encourageant pour nous. Gr\u00e2ce \u00e0 cette collaboration, nous pouvons \u00e9galement d\u00e9velopper un pr\u00e9cieux savoir-faire pour le personnel \u00bb, explique Madame K\u00e9nol.<\/p>\n\n<h2 class=\"wp-block-heading\" id=\"h-einen-sicheren-ort-im-chaos-schaffen\">Cr\u00e9er un lieu s\u00fbr dans le chaos<\/h2>\n\n<p>Apr\u00e8s l&#8217;assassinat du pr\u00e9sident en 2021, un vide du pouvoir s&#8217;est cr\u00e9\u00e9 en Ha\u00efti. Des gangs criminels ont pris le contr\u00f4le de la majorit\u00e9 du pays. La situation d\u00e9sastreuse de l&#8217;Etat insulaire des Cara\u00efbes a largement disparu des pr\u00e9occupations de l&#8217;opinion publique internationale. \u00ab Les personnes qui naissent en Ha\u00efti ont un destin difficile. Le quotidien est marqu\u00e9 par la violence et le chaos politique r\u00e8gne. Ni l&#8217;approvisionnement en \u00e9lectricit\u00e9 ou en eau, ni les soins de sant\u00e9, ni le syst\u00e8me \u00e9ducatif ne fonctionnent \u00bb, explique la directrice de Horyzon, Madame R\u00fcegg. Selon elle, la pand\u00e9mie a encore aggrav\u00e9 la mis\u00e8re. La situation est particuli\u00e8rement dangereuse pour les filles et les jeunes femmes. <\/p>\n\n<figure class=\"wp-block-image size-large\"><img loading=\"lazy\" decoding=\"async\" width=\"1024\" height=\"683\" src=\"https:\/\/www.deinadieu.ch\/wp-content\/uploads\/2023\/06\/4_Sandrine-Kenol-1024x683.jpg\" alt=\"Sandrine K&#xE9;nol\" class=\"wp-image-64327\" srcset=\"https:\/\/www.deinadieu.ch\/wp-content\/uploads\/2023\/06\/4_Sandrine-Kenol-1024x683.jpg 1024w, https:\/\/www.deinadieu.ch\/wp-content\/uploads\/2023\/06\/4_Sandrine-Kenol-300x200.jpg 300w, https:\/\/www.deinadieu.ch\/wp-content\/uploads\/2023\/06\/4_Sandrine-Kenol-1536x1024.jpg 1536w, https:\/\/www.deinadieu.ch\/wp-content\/uploads\/2023\/06\/4_Sandrine-Kenol-2048x1366.jpg 2048w\" sizes=\"auto, (max-width: 1024px) 100vw, 1024px\" \/><figcaption class=\"wp-element-caption\">Sandrine K\u00e9nol est responsable du programme \u00ab Espace S\u00fbr \u00bb en Ha\u00efti. Le projet aide les filles et les jeunes femmes \u00e0 mener une vie autod\u00e9termin\u00e9e et saine.<\/figcaption><\/figure>\n\n<p><strong>Le projet \u00ab Espace S\u00fbr \u00bb, situ\u00e9 \u00e0 la p\u00e9riph\u00e9rie d&#8217;un quartier pauvre pr\u00e8s de Port-au-Prince, offre un lieu s\u00fbr au milieu du chaos<\/strong> : en plus de repas chauds, les filles b\u00e9n\u00e9ficient d&#8217;un encadrement quotidien pour faire leurs devoirs et, en cas de besoin, de cours de soutien individuels ou d&#8217;une aide m\u00e9dicale et psychosociale. Depuis 2015, \u00ab Espace S\u00fbr \u00bb soutient des femmes issues des couches sociales les plus pauvres afin qu&#8217;elles deviennent des femmes en bonne sant\u00e9, s\u00fbres d&#8217;elles-m\u00eames et \u00e9gales aux hommes et qu&#8217;elles puissent ainsi s&#8217;engager activement pour des changements positifs dans la soci\u00e9t\u00e9 ha\u00eftienne.<\/p>\n\n<h2 class=\"wp-block-heading\" id=\"h-junge-menschen-fur-den-wandel-ermachtigen\">Donner aux jeunes les moyens de changer les choses<\/h2>\n\n<p><strong>Chaque ann\u00e9e, \u00ab Espace S\u00fbr \u00bb travaille avec environ 500 filles et jeunes femmes \u00e2g\u00e9es de 5 \u00e0 35 ans<\/strong>. Les filles et les jeunes femmes re\u00e7oivent une aide individuelle en fonction de leurs besoins, qu&#8217;il s&#8217;agisse d&#8217;\u00e9ducation sexuelle ou de soutien psychologique. Avec la \u00ab Leadership Academy \u00bb, \u00ab Espace S\u00fbr \u00bb offre aux femmes d\u00e8s 18 ans la possibilit\u00e9 de suivre des cours et des ateliers sur le droit, les finances ou la sant\u00e9. Au cours des deux derni\u00e8res ann\u00e9es, l&#8217;YWCA a \u00e9galement propos\u00e9 aux jeunes hommes des ateliers sur les comp\u00e9tences essentielles, pour leur donner une meilleure compr\u00e9hension de l&#8217;autod\u00e9termination des jeunes femmes, d&#8217;une part, ainsi que pour renforcer leurs capacit\u00e9s en tant que jeunes hommes, d&#8217;autre part, afin qu&#8217;ils deviennent eux aussi des acteurs du changement. \u00ab Cela a permis d&#8217;obtenir des r\u00e9sultats meilleurs et plus complets du programme de comp\u00e9tences essentielles aupr\u00e8s des jeunes femmes, car celles-ci ont d\u00e9clar\u00e9 que leurs homologues masculins comprenaient et soutenaient d\u00e9sormais mieux les changements qu&#8217;elles souhaitaient apporter dans leur vie de jeune femme \u00bb, explique Sandrine K\u00e9nol.<\/p>\n\n<h2 class=\"wp-block-heading\" id=\"h-planung-als-herausforderung\">Le d\u00e9fi de la planification<\/h2>\n\n<p>Le manque de s\u00e9curit\u00e9 et le chaos politique dans l&#8217;\u00c9tat insulaire des Cara\u00efbes constituent un d\u00e9fi pour l&#8217;organisation partenaire sur place : \u00ab Il est difficile de planifier des activit\u00e9s et de respecter ensuite ce qui a \u00e9t\u00e9 planifi\u00e9. En m\u00eame temps, nous cherchons de nouveaux partenariats pour financer nos programmes. L&#8217;ins\u00e9curit\u00e9 quotidienne complique toutefois les choses \u00bb, rapporte Sandrine K\u00e9nol. L&#8217;objectif \u00e0 long terme d&#8217;\u00ab Espace S\u00fbr \u00bb est de mettre en place des sources de revenus \u00e0 long terme : un cybercaf\u00e9 ou l&#8217;enseignement du programme de comp\u00e9tences essentielles dans les \u00e9coles. Des dons provenant de nouveaux partenariats ou d&#8217;<a href=\"https:\/\/www.deinadieu.ch\/fr\/oeuvres-de-bienfaisance\/\">activit\u00e9s de collecte de fonds<\/a> au niveau local permettraient de mettre en place de tels programmes importants. Cependant, les activit\u00e9s n&#8217;ont souvent pas pu \u00eatre men\u00e9es comme pr\u00e9vu ces deux derni\u00e8res ann\u00e9es en raison des probl\u00e8mes de s\u00e9curit\u00e9 et des troubles civils.<\/p>\n\n<p>La flexibilit\u00e9 dans la coop\u00e9ration est \u00e9galement indispensable pour les collaborateurs de Horyzon en Suisse : \u00ab Les gens en Ha\u00efti vivent actuellement au jour le jour. Pour nous, seule une planification continue est possible, en adaptant toujours ce qui est pr\u00e9vu aux circonstances \u00bb, explique Andrea R\u00fcegg, directrice de Horyzon.<\/p>\n\n<div style=\"height:40px\" aria-hidden=\"true\" class=\"wp-block-spacer\"><\/div>\n\n<div class=\"wp-block-buttons is-layout-flex wp-block-buttons-is-layout-flex\">\n<div class=\"wp-block-button\"><a class=\"wp-block-button__link wp-element-button\" href=\"https:\/\/app.deinadieu.ch\/da\/testament\/7521\">Favoriser la Fondation Horyzon dans son testament<\/a><\/div>\n<\/div>\n","protected":false},"excerpt":{"rendered":"<p>Depuis plus de 50 ans, la Fondation Horyzon s&#8217;engage en faveur des jeunes \u00e9conomiquement et socialement d\u00e9favoris\u00e9s en Palestine, en Colombie, en Ouganda, au N\u00e9pal et en Ha\u00efti. Depuis un certain temps, le quotidien de cet \u00c9tat insulaire des Cara\u00efbes est particuli\u00e8rement marqu\u00e9 par la violence et l&#8217;ins\u00e9curit\u00e9 : c&#8217;est pourquoi Horyzon soutient le projet [&hellip;]<\/p>\n","protected":false},"author":6038,"featured_media":64312,"comment_status":"open","ping_status":"closed","sticky":false,"template":"","format":"standard","meta":{"_acf_changed":false,"footnotes":""},"categories":[2450],"tags":[3549,3070,2584,2469],"class_list":["post-64941","post","type-post","status-publish","format-standard","has-post-thumbnail","hentry","category-oeuvres-caritatives","tag-collecte-de-fonds","tag-enfants","tag-faire-un-don","tag-quel-effet-mon-heritage-peut-il-avoir"],"acf":[],"yoast_head":"<title>Portrait de la Fondation Horyzon | DeinAdieu<\/title>\n<meta name=\"description\" content=\"Depuis plus de 50 ans, l&#039;organisation de d\u00e9veloppement Horyzon soutient quelque 5500 jeunes dans le cadre de projets men\u00e9s dans diff\u00e9rents pays.\" \/>\n<meta name=\"robots\" content=\"index, follow, max-snippet:-1, max-image-preview:large, max-video-preview:-1\" \/>\n<link rel=\"canonical\" href=\"https:\/\/www.deinadieu.ch\/fr\/donner-une-voix-aux-plus-vulnerables\/\" \/>\n<meta property=\"og:locale\" content=\"fr_FR\" \/>\n<meta property=\"og:type\" content=\"article\" \/>\n<meta property=\"og:title\" content=\"Donner une voix aux plus vuln\u00e9rables\" \/>\n<meta property=\"og:description\" content=\"Depuis plus de 50 ans, la Fondation Horyzon s&#039;engage en faveur des jeunes \u00e9conomiquement et socialement d\u00e9favoris\u00e9s en Palestine, en Colombie, en Ouganda,\" \/>\n<meta property=\"og:url\" content=\"https:\/\/www.deinadieu.ch\/fr\/donner-une-voix-aux-plus-vulnerables\/\" \/>\n<meta property=\"og:site_name\" content=\"DeinAdieu.ch\" \/>\n<meta property=\"article:publisher\" content=\"https:\/\/www.facebook.com\/deinadieu\" \/>\n<meta property=\"article:published_time\" content=\"2023-06-27T05:28:00+00:00\" \/>\n<meta property=\"article:modified_time\" content=\"2024-03-25T14:27:04+00:00\" \/>\n<meta property=\"og:image\" content=\"https:\/\/static.deinadieu.ch\/uploads\/2023\/06\/1-Titelbild-scaled.jpg\" \/>\n\t<meta property=\"og:image:width\" content=\"2560\" \/>\n\t<meta property=\"og:image:height\" content=\"1707\" \/>\n\t<meta property=\"og:image:type\" content=\"image\/jpeg\" \/>\n<meta name=\"author\" content=\"Sabrina Rohner\" \/>\n<meta name=\"twitter:card\" content=\"summary_large_image\" \/>\n<meta name=\"twitter:creator\" content=\"@DeinAdieu\" \/>\n<meta name=\"twitter:site\" content=\"@DeinAdieu\" \/>\n<meta name=\"twitter:label1\" content=\"Written by\" \/>\n\t<meta name=\"twitter:data1\" content=\"Sabrina Rohner\" \/>\n\t<meta name=\"twitter:label2\" content=\"Est. reading time\" \/>\n\t<meta name=\"twitter:data2\" content=\"8 minutes\" \/>\n<script type=\"application\/ld+json\" class=\"yoast-schema-graph\">{\"@context\":\"https:\\\/\\\/schema.org\",\"@graph\":[{\"@type\":\"Article\",\"@id\":\"https:\\\/\\\/www.deinadieu.ch\\\/fr\\\/donner-une-voix-aux-plus-vulnerables\\\/#article\",\"isPartOf\":{\"@id\":\"https:\\\/\\\/www.deinadieu.ch\\\/fr\\\/donner-une-voix-aux-plus-vulnerables\\\/\"},\"author\":{\"name\":\"Sabrina Rohner\",\"@id\":\"https:\\\/\\\/www.deinadieu.ch\\\/fr\\\/#\\\/schema\\\/person\\\/ad724a53f7e50dd3866fc9b0fc6bbdd9\"},\"headline\":\"Donner une voix aux plus vuln\u00e9rables\",\"datePublished\":\"2023-06-27T05:28:00+00:00\",\"dateModified\":\"2024-03-25T14:27:04+00:00\",\"mainEntityOfPage\":{\"@id\":\"https:\\\/\\\/www.deinadieu.ch\\\/fr\\\/donner-une-voix-aux-plus-vulnerables\\\/\"},\"wordCount\":1610,\"commentCount\":0,\"publisher\":{\"@id\":\"https:\\\/\\\/www.deinadieu.ch\\\/fr\\\/#organization\"},\"image\":{\"@id\":\"https:\\\/\\\/www.deinadieu.ch\\\/fr\\\/donner-une-voix-aux-plus-vulnerables\\\/#primaryimage\"},\"thumbnailUrl\":\"https:\\\/\\\/www.deinadieu.ch\\\/wp-content\\\/uploads\\\/2023\\\/06\\\/1-Titelbild-scaled.jpg\",\"keywords\":[\"Collecte de fonds\",\"Enfants\",\"Faire un don\",\"Quel effet mon h\u00e9ritage peut-il avoir ?\"],\"articleSection\":[\"\u0152uvres caritatives en point de mire\"],\"inLanguage\":\"fr-FR\",\"potentialAction\":[{\"@type\":\"CommentAction\",\"name\":\"Comment\",\"target\":[\"https:\\\/\\\/www.deinadieu.ch\\\/fr\\\/donner-une-voix-aux-plus-vulnerables\\\/#respond\"]}]},{\"@type\":\"WebPage\",\"@id\":\"https:\\\/\\\/www.deinadieu.ch\\\/fr\\\/donner-une-voix-aux-plus-vulnerables\\\/\",\"url\":\"https:\\\/\\\/www.deinadieu.ch\\\/fr\\\/donner-une-voix-aux-plus-vulnerables\\\/\",\"name\":\"Portrait de la Fondation Horyzon | DeinAdieu\",\"isPartOf\":{\"@id\":\"https:\\\/\\\/www.deinadieu.ch\\\/fr\\\/#website\"},\"primaryImageOfPage\":{\"@id\":\"https:\\\/\\\/www.deinadieu.ch\\\/fr\\\/donner-une-voix-aux-plus-vulnerables\\\/#primaryimage\"},\"image\":{\"@id\":\"https:\\\/\\\/www.deinadieu.ch\\\/fr\\\/donner-une-voix-aux-plus-vulnerables\\\/#primaryimage\"},\"thumbnailUrl\":\"https:\\\/\\\/www.deinadieu.ch\\\/wp-content\\\/uploads\\\/2023\\\/06\\\/1-Titelbild-scaled.jpg\",\"datePublished\":\"2023-06-27T05:28:00+00:00\",\"dateModified\":\"2024-03-25T14:27:04+00:00\",\"description\":\"Depuis plus de 50 ans, l'organisation de d\u00e9veloppement Horyzon soutient quelque 5500 jeunes dans le cadre de projets men\u00e9s dans diff\u00e9rents pays.\",\"breadcrumb\":{\"@id\":\"https:\\\/\\\/www.deinadieu.ch\\\/fr\\\/donner-une-voix-aux-plus-vulnerables\\\/#breadcrumb\"},\"inLanguage\":\"fr-FR\",\"potentialAction\":[{\"@type\":\"ReadAction\",\"target\":[\"https:\\\/\\\/www.deinadieu.ch\\\/fr\\\/donner-une-voix-aux-plus-vulnerables\\\/\"]}]},{\"@type\":\"ImageObject\",\"inLanguage\":\"fr-FR\",\"@id\":\"https:\\\/\\\/www.deinadieu.ch\\\/fr\\\/donner-une-voix-aux-plus-vulnerables\\\/#primaryimage\",\"url\":\"https:\\\/\\\/www.deinadieu.ch\\\/wp-content\\\/uploads\\\/2023\\\/06\\\/1-Titelbild-scaled.jpg\",\"contentUrl\":\"https:\\\/\\\/www.deinadieu.ch\\\/wp-content\\\/uploads\\\/2023\\\/06\\\/1-Titelbild-scaled.jpg\",\"width\":2560,\"height\":1707,\"caption\":\"Andrea R\u00fcegg, directrice d'Horyzon, avec Sandrine K\u00e9nol de l'organisation partenaire \u00abYoung Women's Christian Association (YWCA) Haiti\u00bb.\"},{\"@type\":\"BreadcrumbList\",\"@id\":\"https:\\\/\\\/www.deinadieu.ch\\\/fr\\\/donner-une-voix-aux-plus-vulnerables\\\/#breadcrumb\",\"itemListElement\":[{\"@type\":\"ListItem\",\"position\":1,\"name\":\"Home\",\"item\":\"https:\\\/\\\/www.deinadieu.ch\\\/fr\\\/deinadieu-dialog-und-serviceportal-zum-lebensende\\\/\"},{\"@type\":\"ListItem\",\"position\":2,\"name\":\"Donner une voix aux plus vuln\u00e9rables\"}]},{\"@type\":\"WebSite\",\"@id\":\"https:\\\/\\\/www.deinadieu.ch\\\/fr\\\/#website\",\"url\":\"https:\\\/\\\/www.deinadieu.ch\\\/fr\\\/\",\"name\":\"DeinAdieu.ch\",\"description\":\"Testament, Patientenverf\u00fcgung und Vorsorgeauftrag\",\"publisher\":{\"@id\":\"https:\\\/\\\/www.deinadieu.ch\\\/fr\\\/#organization\"},\"potentialAction\":[{\"@type\":\"SearchAction\",\"target\":{\"@type\":\"EntryPoint\",\"urlTemplate\":\"https:\\\/\\\/www.deinadieu.ch\\\/fr\\\/?s={search_term_string}\"},\"query-input\":{\"@type\":\"PropertyValueSpecification\",\"valueRequired\":true,\"valueName\":\"search_term_string\"}}],\"inLanguage\":\"fr-FR\"},{\"@type\":\"Organization\",\"@id\":\"https:\\\/\\\/www.deinadieu.ch\\\/fr\\\/#organization\",\"name\":\"EMNA Web GmbH\",\"url\":\"https:\\\/\\\/www.deinadieu.ch\\\/fr\\\/\",\"logo\":{\"@type\":\"ImageObject\",\"inLanguage\":\"fr-FR\",\"@id\":\"https:\\\/\\\/www.deinadieu.ch\\\/fr\\\/#\\\/schema\\\/logo\\\/image\\\/\",\"url\":\"https:\\\/\\\/www.deinadieu.ch\\\/wp-content\\\/uploads\\\/2016\\\/01\\\/DeinAdieu_Logo.png\",\"contentUrl\":\"https:\\\/\\\/www.deinadieu.ch\\\/wp-content\\\/uploads\\\/2016\\\/01\\\/DeinAdieu_Logo.png\",\"width\":300,\"height\":117,\"caption\":\"EMNA Web GmbH\"},\"image\":{\"@id\":\"https:\\\/\\\/www.deinadieu.ch\\\/fr\\\/#\\\/schema\\\/logo\\\/image\\\/\"},\"sameAs\":[\"https:\\\/\\\/www.facebook.com\\\/deinadieu\",\"https:\\\/\\\/x.com\\\/DeinAdieu\",\"https:\\\/\\\/www.instagram.com\\\/deinadieu\\\/\",\"https:\\\/\\\/www.linkedin.com\\\/company\\\/deinadieu.ch\"]},{\"@type\":\"Person\",\"@id\":\"https:\\\/\\\/www.deinadieu.ch\\\/fr\\\/#\\\/schema\\\/person\\\/ad724a53f7e50dd3866fc9b0fc6bbdd9\",\"name\":\"Sabrina Rohner\",\"image\":{\"@type\":\"ImageObject\",\"inLanguage\":\"fr-FR\",\"@id\":\"https:\\\/\\\/secure.gravatar.com\\\/avatar\\\/c72cef3c7bba2e19d98358a63ff805dbe088a70fb947d10024d669ded777102d?s=96&d=mm&r=g\",\"url\":\"https:\\\/\\\/secure.gravatar.com\\\/avatar\\\/c72cef3c7bba2e19d98358a63ff805dbe088a70fb947d10024d669ded777102d?s=96&d=mm&r=g\",\"contentUrl\":\"https:\\\/\\\/secure.gravatar.com\\\/avatar\\\/c72cef3c7bba2e19d98358a63ff805dbe088a70fb947d10024d669ded777102d?s=96&d=mm&r=g\",\"caption\":\"Sabrina Rohner\"},\"url\":\"https:\\\/\\\/www.deinadieu.ch\\\/fr\\\/author\\\/sabrina-rohnergmail-com\\\/\"}]}<\/script>","yoast_head_json":{"title":"Portrait de la Fondation Horyzon | DeinAdieu","description":"Depuis plus de 50 ans, l'organisation de d\u00e9veloppement Horyzon soutient quelque 5500 jeunes dans le cadre de projets men\u00e9s dans diff\u00e9rents pays.","robots":{"index":"index","follow":"follow","max-snippet":"max-snippet:-1","max-image-preview":"max-image-preview:large","max-video-preview":"max-video-preview:-1"},"canonical":"https:\/\/www.deinadieu.ch\/fr\/donner-une-voix-aux-plus-vulnerables\/","og_locale":"fr_FR","og_type":"article","og_title":"Donner une voix aux plus vuln\u00e9rables","og_description":"Depuis plus de 50 ans, la Fondation Horyzon s'engage en faveur des jeunes \u00e9conomiquement et socialement d\u00e9favoris\u00e9s en Palestine, en Colombie, en Ouganda,","og_url":"https:\/\/www.deinadieu.ch\/fr\/donner-une-voix-aux-plus-vulnerables\/","og_site_name":"DeinAdieu.ch","article_publisher":"https:\/\/www.facebook.com\/deinadieu","article_published_time":"2023-06-27T05:28:00+00:00","article_modified_time":"2024-03-25T14:27:04+00:00","og_image":[{"width":2560,"height":1707,"url":"https:\/\/static.deinadieu.ch\/uploads\/2023\/06\/1-Titelbild-scaled.jpg","type":"image\/jpeg"}],"author":"Sabrina Rohner","twitter_card":"summary_large_image","twitter_creator":"@DeinAdieu","twitter_site":"@DeinAdieu","twitter_misc":{"Written by":"Sabrina Rohner","Est. reading time":"8 minutes"},"schema":{"@context":"https:\/\/schema.org","@graph":[{"@type":"Article","@id":"https:\/\/www.deinadieu.ch\/fr\/donner-une-voix-aux-plus-vulnerables\/#article","isPartOf":{"@id":"https:\/\/www.deinadieu.ch\/fr\/donner-une-voix-aux-plus-vulnerables\/"},"author":{"name":"Sabrina Rohner","@id":"https:\/\/www.deinadieu.ch\/fr\/#\/schema\/person\/ad724a53f7e50dd3866fc9b0fc6bbdd9"},"headline":"Donner une voix aux plus vuln\u00e9rables","datePublished":"2023-06-27T05:28:00+00:00","dateModified":"2024-03-25T14:27:04+00:00","mainEntityOfPage":{"@id":"https:\/\/www.deinadieu.ch\/fr\/donner-une-voix-aux-plus-vulnerables\/"},"wordCount":1610,"commentCount":0,"publisher":{"@id":"https:\/\/www.deinadieu.ch\/fr\/#organization"},"image":{"@id":"https:\/\/www.deinadieu.ch\/fr\/donner-une-voix-aux-plus-vulnerables\/#primaryimage"},"thumbnailUrl":"https:\/\/www.deinadieu.ch\/wp-content\/uploads\/2023\/06\/1-Titelbild-scaled.jpg","keywords":["Collecte de fonds","Enfants","Faire un don","Quel effet mon h\u00e9ritage peut-il avoir ?"],"articleSection":["\u0152uvres caritatives en point de mire"],"inLanguage":"fr-FR","potentialAction":[{"@type":"CommentAction","name":"Comment","target":["https:\/\/www.deinadieu.ch\/fr\/donner-une-voix-aux-plus-vulnerables\/#respond"]}]},{"@type":"WebPage","@id":"https:\/\/www.deinadieu.ch\/fr\/donner-une-voix-aux-plus-vulnerables\/","url":"https:\/\/www.deinadieu.ch\/fr\/donner-une-voix-aux-plus-vulnerables\/","name":"Portrait de la Fondation Horyzon | DeinAdieu","isPartOf":{"@id":"https:\/\/www.deinadieu.ch\/fr\/#website"},"primaryImageOfPage":{"@id":"https:\/\/www.deinadieu.ch\/fr\/donner-une-voix-aux-plus-vulnerables\/#primaryimage"},"image":{"@id":"https:\/\/www.deinadieu.ch\/fr\/donner-une-voix-aux-plus-vulnerables\/#primaryimage"},"thumbnailUrl":"https:\/\/www.deinadieu.ch\/wp-content\/uploads\/2023\/06\/1-Titelbild-scaled.jpg","datePublished":"2023-06-27T05:28:00+00:00","dateModified":"2024-03-25T14:27:04+00:00","description":"Depuis plus de 50 ans, l'organisation de d\u00e9veloppement Horyzon soutient quelque 5500 jeunes dans le cadre de projets men\u00e9s dans diff\u00e9rents pays.","breadcrumb":{"@id":"https:\/\/www.deinadieu.ch\/fr\/donner-une-voix-aux-plus-vulnerables\/#breadcrumb"},"inLanguage":"fr-FR","potentialAction":[{"@type":"ReadAction","target":["https:\/\/www.deinadieu.ch\/fr\/donner-une-voix-aux-plus-vulnerables\/"]}]},{"@type":"ImageObject","inLanguage":"fr-FR","@id":"https:\/\/www.deinadieu.ch\/fr\/donner-une-voix-aux-plus-vulnerables\/#primaryimage","url":"https:\/\/www.deinadieu.ch\/wp-content\/uploads\/2023\/06\/1-Titelbild-scaled.jpg","contentUrl":"https:\/\/www.deinadieu.ch\/wp-content\/uploads\/2023\/06\/1-Titelbild-scaled.jpg","width":2560,"height":1707,"caption":"Andrea R\u00fcegg, directrice d'Horyzon, avec Sandrine K\u00e9nol de l'organisation partenaire \u00abYoung Women's Christian Association (YWCA) Haiti\u00bb."},{"@type":"BreadcrumbList","@id":"https:\/\/www.deinadieu.ch\/fr\/donner-une-voix-aux-plus-vulnerables\/#breadcrumb","itemListElement":[{"@type":"ListItem","position":1,"name":"Home","item":"https:\/\/www.deinadieu.ch\/fr\/deinadieu-dialog-und-serviceportal-zum-lebensende\/"},{"@type":"ListItem","position":2,"name":"Donner une voix aux plus vuln\u00e9rables"}]},{"@type":"WebSite","@id":"https:\/\/www.deinadieu.ch\/fr\/#website","url":"https:\/\/www.deinadieu.ch\/fr\/","name":"DeinAdieu.ch","description":"Testament, Patientenverf\u00fcgung und Vorsorgeauftrag","publisher":{"@id":"https:\/\/www.deinadieu.ch\/fr\/#organization"},"potentialAction":[{"@type":"SearchAction","target":{"@type":"EntryPoint","urlTemplate":"https:\/\/www.deinadieu.ch\/fr\/?s={search_term_string}"},"query-input":{"@type":"PropertyValueSpecification","valueRequired":true,"valueName":"search_term_string"}}],"inLanguage":"fr-FR"},{"@type":"Organization","@id":"https:\/\/www.deinadieu.ch\/fr\/#organization","name":"EMNA Web GmbH","url":"https:\/\/www.deinadieu.ch\/fr\/","logo":{"@type":"ImageObject","inLanguage":"fr-FR","@id":"https:\/\/www.deinadieu.ch\/fr\/#\/schema\/logo\/image\/","url":"https:\/\/www.deinadieu.ch\/wp-content\/uploads\/2016\/01\/DeinAdieu_Logo.png","contentUrl":"https:\/\/www.deinadieu.ch\/wp-content\/uploads\/2016\/01\/DeinAdieu_Logo.png","width":300,"height":117,"caption":"EMNA Web GmbH"},"image":{"@id":"https:\/\/www.deinadieu.ch\/fr\/#\/schema\/logo\/image\/"},"sameAs":["https:\/\/www.facebook.com\/deinadieu","https:\/\/x.com\/DeinAdieu","https:\/\/www.instagram.com\/deinadieu\/","https:\/\/www.linkedin.com\/company\/deinadieu.ch"]},{"@type":"Person","@id":"https:\/\/www.deinadieu.ch\/fr\/#\/schema\/person\/ad724a53f7e50dd3866fc9b0fc6bbdd9","name":"Sabrina Rohner","image":{"@type":"ImageObject","inLanguage":"fr-FR","@id":"https:\/\/secure.gravatar.com\/avatar\/c72cef3c7bba2e19d98358a63ff805dbe088a70fb947d10024d669ded777102d?s=96&d=mm&r=g","url":"https:\/\/secure.gravatar.com\/avatar\/c72cef3c7bba2e19d98358a63ff805dbe088a70fb947d10024d669ded777102d?s=96&d=mm&r=g","contentUrl":"https:\/\/secure.gravatar.com\/avatar\/c72cef3c7bba2e19d98358a63ff805dbe088a70fb947d10024d669ded777102d?s=96&d=mm&r=g","caption":"Sabrina Rohner"},"url":"https:\/\/www.deinadieu.ch\/fr\/author\/sabrina-rohnergmail-com\/"}]}},"_links":{"self":[{"href":"https:\/\/www.deinadieu.ch\/fr\/wp-json\/wp\/v2\/posts\/64941","targetHints":{"allow":["GET"]}}],"collection":[{"href":"https:\/\/www.deinadieu.ch\/fr\/wp-json\/wp\/v2\/posts"}],"about":[{"href":"https:\/\/www.deinadieu.ch\/fr\/wp-json\/wp\/v2\/types\/post"}],"author":[{"embeddable":true,"href":"https:\/\/www.deinadieu.ch\/fr\/wp-json\/wp\/v2\/users\/6038"}],"replies":[{"embeddable":true,"href":"https:\/\/www.deinadieu.ch\/fr\/wp-json\/wp\/v2\/comments?post=64941"}],"version-history":[{"count":9,"href":"https:\/\/www.deinadieu.ch\/fr\/wp-json\/wp\/v2\/posts\/64941\/revisions"}],"predecessor-version":[{"id":67273,"href":"https:\/\/www.deinadieu.ch\/fr\/wp-json\/wp\/v2\/posts\/64941\/revisions\/67273"}],"wp:featuredmedia":[{"embeddable":true,"href":"https:\/\/www.deinadieu.ch\/fr\/wp-json\/wp\/v2\/media\/64312"}],"wp:attachment":[{"href":"https:\/\/www.deinadieu.ch\/fr\/wp-json\/wp\/v2\/media?parent=64941"}],"wp:term":[{"taxonomy":"category","embeddable":true,"href":"https:\/\/www.deinadieu.ch\/fr\/wp-json\/wp\/v2\/categories?post=64941"},{"taxonomy":"post_tag","embeddable":true,"href":"https:\/\/www.deinadieu.ch\/fr\/wp-json\/wp\/v2\/tags?post=64941"}],"curies":[{"name":"wp","href":"https:\/\/api.w.org\/{rel}","templated":true}]}}