{"id":64866,"date":"2023-06-23T07:30:00","date_gmt":"2023-06-23T05:30:00","guid":{"rendered":"https:\/\/www.deinadieu.ch\/ce-sont-les-experiences-dautres-personnes-touchees-qui-mont-le-plus-aidee\/"},"modified":"2024-03-25T15:26:59","modified_gmt":"2024-03-25T14:26:59","slug":"ce-sont-les-experiences-dautres-personnes-touchees-qui-mont-le-plus-aidee","status":"publish","type":"post","link":"https:\/\/www.deinadieu.ch\/fr\/ce-sont-les-experiences-dautres-personnes-touchees-qui-mont-le-plus-aidee\/","title":{"rendered":"\u00ab Ce sont les exp\u00e9riences d&#8217;autres personnes touch\u00e9es qui m&#8217;ont le plus aid\u00e9e \u00bb"},"content":{"rendered":"\n<p>La tension art\u00e9rielle, qui \u00e9tait rest\u00e9e basse toute sa vie, est soudainement devenue trop \u00e9lev\u00e9e avec l&#8217;\u00e2ge. Ursula Knechtli est victime d&#8217;une grave attaque c\u00e9r\u00e9brale. Ce ne sont pas seulement ses enfants et ses amis qui ont contribu\u00e9 \u00e0 sa gu\u00e9rison, mais \u00e9galement la Fondation Suisse de Cardiologie.<\/p>\n\n<!--more-->\n\n<p><\/p>\n\n<p><\/p>\n\n<p><strong>Ursula Knechtli, une donatrice de la Fondation Suisse de Cardiologie, raconte :<\/strong><\/p>\n\n<p>J&#8217;ai pris contact pour la premi\u00e8re fois avec la <a href=\"https:\/\/www.deinadieu.ch\/fr\/oeuvres-de-bienfaisance\/\">Fondation Suisse de Cardiologie<\/a> lorsque mon mari, \u00e2g\u00e9 de 80 ans, a d\u00fb se faire remplacer les valves cardiaques lors d&#8217;une importante op\u00e9ration du c\u0153ur. C&#8217;est \u00e0 partir de ce moment-l\u00e0 que je me suis int\u00e9ress\u00e9e \u00e0 ce sujet et au fait d&#8217;adopter le bon comportement pour le r\u00e9tablissement. J&#8217;ai lu des brochures de la Fondation de Cardiologie qui m&#8217;ont beaucoup aid\u00e9e. Mon mari a ensuite v\u00e9cu dix ans de plus.<\/p>\n\n<p><\/p>\n\n<p>Il y a un peu plus de cinq ans, j&#8217;ai moi-m\u00eame \u00e9t\u00e9 victime d&#8217;une grave attaque c\u00e9r\u00e9brale. La tension art\u00e9rielle, qui \u00e9tait rest\u00e9e basse toute ma vie, est soudainement devenue trop \u00e9lev\u00e9e avec l&#8217;\u00e2ge. De plus, j&#8217;\u00e9tais tr\u00e8s stress\u00e9e, mon mari et ma meilleure amie \u00e9taient d\u00e9c\u00e9d\u00e9s et je devais vendre la maison familiale. Tout cela \u00e9tait trop lourd \u00e0 porter. C&#8217;est \u00e0 ce moment-l\u00e0 que je me suis adress\u00e9e \u00e0 la Fondation Suisse de Cardiologie. J&#8217;\u00e9tais paralys\u00e9e du c\u00f4t\u00e9 gauche du corps et je ne pouvais plus ni marcher ni me tenir debout. J&#8217;ai pass\u00e9 trois mois dans la cinique de r\u00e9\u00e9ducation de Sonnmatt \u00e0 Lucerne. J&#8217;ai suivi de tr\u00e8s bonnes th\u00e9rapies l\u00e0-bas et \u00e0 mon domicile, au Konradhof<br\/>\u00e0 Winterthour. C&#8217;est un miracle que je me sois si bien remise de l&#8217;attaque c\u00e9r\u00e9brale. J&#8217;ai toujours dit que je me sentais bien et que des jours meilleurs allaient revenir.<\/p>\n\n<figure class=\"wp-block-image size-large\"><img loading=\"lazy\" decoding=\"async\" width=\"1024\" height=\"683\" src=\"https:\/\/www.deinadieu.ch\/wp-content\/uploads\/2023\/06\/herzstiftung_5407-1024x683.jpg\" alt=\"\" class=\"wp-image-64120\" srcset=\"https:\/\/www.deinadieu.ch\/wp-content\/uploads\/2023\/06\/herzstiftung_5407-1024x683.jpg 1024w, https:\/\/www.deinadieu.ch\/wp-content\/uploads\/2023\/06\/herzstiftung_5407-300x200.jpg 300w, https:\/\/www.deinadieu.ch\/wp-content\/uploads\/2023\/06\/herzstiftung_5407-1536x1024.jpg 1536w, https:\/\/www.deinadieu.ch\/wp-content\/uploads\/2023\/06\/herzstiftung_5407-2048x1365.jpg 2048w\" sizes=\"auto, (max-width: 1024px) 100vw, 1024px\" \/><figcaption class=\"wp-element-caption\">\u00ab Le jazz de la Nouvelle-Orl\u00e9ans m&#8217;a \u00e9galement donn\u00e9 la force de rester positive \u00bb, explique Ursula Knechtli, 93 ans, victime d&#8217;une attaque c\u00e9r\u00e9brale.<\/figcaption><\/figure>\n\n<p>J&#8217;ai toujours lu de A \u00e0 Z le magazine que la Fondation de Cardiologie publie quatre fois par an. Ce sont les exp\u00e9riences d&#8217;autres personnes touch\u00e9es qui m&#8217;ont le plus int\u00e9ress\u00e9e. Les conseils, y compris le fait d&#8217;essayer de voir les choses de mani\u00e8re positive, m&#8217;ont aid\u00e9e. Dans cette situation, j&#8217;\u00e9tais contente de conna\u00eetre la Fondation. Je n&#8217;ai cess\u00e9 de dire au personnel soignant et au m\u00e9decin de famille \u00e0 quel point les informations fournies par la Fondation \u00e9taient pr\u00e9cieuses, notamment en ce qui concerne les m\u00e9dicaments. Apr\u00e8s avoir lu les brochures de la Fondation de Cardiologie, je les ai transmises \u00e0 mon fr\u00e8re, qui a \u00e9galement \u00e9t\u00e9 victime d&#8217;une attaque c\u00e9r\u00e9brale. <\/p>\n\n<p><\/p>\n\n<p>J&#8217;ai encore beaucoup d&#8217;amis de l&#8217;\u00e9cole primaire et des scouts. Lorsque j&#8217;\u00e9tais en r\u00e9\u00e9ducation \u00e0 Lucerne, mes chers amis d&#8217;autrefois sont venus me rendre visite. Cela m&#8217;a beaucoup aid\u00e9e. Mes trois enfants adultes m&#8217;ont \u00e9galement tr\u00e8s bien entour\u00e9e et j&#8217;ai \u00e9cout\u00e9 du jazz de la Nouvelle-Orl\u00e9ans pour me remettre de mon attaque c\u00e9r\u00e9brale. La musique m&#8217;a donn\u00e9 la force de rester positive. On ne sait jamais quand on aura \u00e0 nouveau besoin de la Fondation. Le fait de savoir que je ne suis pas abandon\u00e9e est une bonne chose.<\/p>\n\n<p><\/p>\n\n<p><\/p>\n\n<h3 class=\"wp-block-heading\" id=\"h-uber-die-schweizerische-herzstiftung\">\u00c0 propos de la Fondation Suisse de Cardiologie<\/h3>\n\n<p>La <a href=\"https:\/\/www.deinadieu.ch\/fr\/oeuvres-de-bienfaisance\/\">Fondation Suisse de Cardiologie<\/a> s&#8217;engage pour que moins de personnes soient atteintes de maladies cardio-vasculaires ou victimes d&#8217;une attaque c\u00e9r\u00e9brale et pour que les personnes concern\u00e9es ne restent pas en situation de handicap en raison d&#8217;une maladie cardio-vasculaire ou n&#8217;en meurent pas pr\u00e9matur\u00e9ment. \u00ab Une grande partie des dons est directement affect\u00e9e \u00e0 la recherche, par exemple pour d\u00e9velopper de nouvelles th\u00e9rapies \u00bb, explique Nina Privitera, responsable de projet pour la collecte de fonds de la Fondation Suisse de Cardiologie. <\/p>\n\n<p>\u00ab Nous aidons les chercheuses et les chercheurs en Suisse \u00e0 acqu\u00e9rir de nouvelles connaissances sur les causes des maladies cardiaques et des attaques c\u00e9r\u00e9brales. \u00bb Les projets de recherche sont encourag\u00e9s dans le but de d\u00e9velopper de nouvelles m\u00e9thodes d&#8217;examen et de traitement. A cela s&#8217;ajoute que les informations de la Fondation de Cardiologie sont souvent importantes non seulement pour les personnes malades, mais \u00e9galement pour leurs proches, explique Madame Privitera. <\/p>\n\n<figure class=\"wp-block-image size-large\"><img loading=\"lazy\" decoding=\"async\" width=\"1024\" height=\"683\" src=\"https:\/\/www.deinadieu.ch\/wp-content\/uploads\/2023\/06\/herzstiftung_5421-1024x683.jpg\" alt=\"\" class=\"wp-image-64124\" srcset=\"https:\/\/www.deinadieu.ch\/wp-content\/uploads\/2023\/06\/herzstiftung_5421-1024x683.jpg 1024w, https:\/\/www.deinadieu.ch\/wp-content\/uploads\/2023\/06\/herzstiftung_5421-300x200.jpg 300w, https:\/\/www.deinadieu.ch\/wp-content\/uploads\/2023\/06\/herzstiftung_5421-1536x1024.jpg 1536w, https:\/\/www.deinadieu.ch\/wp-content\/uploads\/2023\/06\/herzstiftung_5421-2048x1366.jpg 2048w\" sizes=\"auto, (max-width: 1024px) 100vw, 1024px\" \/><figcaption class=\"wp-element-caption\">Ursula Knechtli re\u00e7oit la visite de Nina Privitera, responsable de projet pour la collecte de fonds de la Fondation Suisse de Cardiologie.<\/figcaption><\/figure>\n\n<p>Ainsi, la Fondation r\u00e9alise avec des sp\u00e9cialistes plus de 60 publications dans trois langues nationales afin d&#8217;expliquer de mani\u00e8re simple les pathologies, leur cause, leur traitement et les mesures pr\u00e9ventives. <\/p>\n\n<p>Des campagnes et des programmes permettent de cibler les risques : par exemple l&#8217;hypertension art\u00e9rielle, le cholest\u00e9rol ou le tabagisme. L&#8217;offre de la Fondation Suisse de Cardiologie comprend \u00e9galement un service de consultation en ligne et des tests de risque, par exemple pour la d\u00e9pendance \u00e0 la nicotine ou l&#8217;insuffisance cardiaque.<\/p>\n\n<p><\/p>\n\n<p>Ce qu&#8217;on appelle les groupes cardio en Suisse sont \u00e9galement particuli\u00e8rement utiles. \u00ab Dans ces groupes, les personnes concern\u00e9es reprennent le sport sous la surveillance de sp\u00e9cialistes. Apr\u00e8s un infarctus du myocarde, l&#8217;\u00e9change au sein d&#8217;un groupe de gymnastique est utile, notamment parce que beaucoup de personnes n&#8217;osent plus, au d\u00e9but, aller faire du jogging seules par exemple \u00bb, explique Madame Privitera.<\/p>\n\n<div style=\"height:40px\" aria-hidden=\"true\" class=\"wp-block-spacer\"><\/div>\n\n<div class=\"wp-block-buttons is-layout-flex wp-block-buttons-is-layout-flex\">\n<div class=\"wp-block-button\"><a class=\"wp-block-button__link wp-element-button\" href=\"https:\/\/app.deinadieu.ch\/da\/testament\/7654\">Favoriser la Fondation Suisse de Cardiologie dans son testament<\/a><\/div>\n<\/div>\n","protected":false},"excerpt":{"rendered":"<p>La tension art\u00e9rielle, qui \u00e9tait rest\u00e9e basse toute sa vie, est soudainement devenue trop \u00e9lev\u00e9e avec l&#8217;\u00e2ge. Ursula Knechtli est victime d&#8217;une grave attaque c\u00e9r\u00e9brale. Ce ne sont pas seulement ses enfants et ses amis qui ont contribu\u00e9 \u00e0 sa gu\u00e9rison, mais \u00e9galement la Fondation Suisse de Cardiologie.<\/p>\n","protected":false},"author":6028,"featured_media":64131,"comment_status":"open","ping_status":"closed","sticky":false,"template":"","format":"standard","meta":{"_acf_changed":false,"footnotes":""},"categories":[2450],"tags":[2584,3548,2568,2005],"class_list":["post-64866","post","type-post","status-publish","format-standard","has-post-thumbnail","hentry","category-oeuvres-caritatives","tag-faire-un-don","tag-maladie","tag-temoignage","tag-testament-fr"],"acf":[],"yoast_head":"<title>Une donatrice de la Fondation Suisse de Cardiologie raconte | DeinAdieu<\/title>\n<meta name=\"description\" content=\"Comment la Fondation Suisse de Cardiologie a aid\u00e9 Ursula Knechtli \u00e0 se remettre d&#039;une attaque c\u00e9r\u00e9brale.\" \/>\n<meta name=\"robots\" content=\"index, follow, max-snippet:-1, max-image-preview:large, max-video-preview:-1\" \/>\n<link rel=\"canonical\" href=\"https:\/\/www.deinadieu.ch\/fr\/ce-sont-les-experiences-dautres-personnes-touchees-qui-mont-le-plus-aidee\/\" \/>\n<meta property=\"og:locale\" content=\"fr_FR\" \/>\n<meta property=\"og:type\" content=\"article\" \/>\n<meta property=\"og:title\" content=\"\u00ab Ce sont les exp\u00e9riences d&#039;autres personnes touch\u00e9es qui m&#039;ont le plus aid\u00e9e \u00bb\" \/>\n<meta property=\"og:description\" content=\"La tension art\u00e9rielle, qui \u00e9tait rest\u00e9e basse toute sa vie, est soudainement devenue trop \u00e9lev\u00e9e avec l&#039;\u00e2ge. Ursula Knechtli est victime d&#039;une grave\" \/>\n<meta property=\"og:url\" content=\"https:\/\/www.deinadieu.ch\/fr\/ce-sont-les-experiences-dautres-personnes-touchees-qui-mont-le-plus-aidee\/\" \/>\n<meta property=\"og:site_name\" content=\"DeinAdieu.ch\" \/>\n<meta property=\"article:publisher\" content=\"https:\/\/www.facebook.com\/deinadieu\" \/>\n<meta property=\"article:published_time\" content=\"2023-06-23T05:30:00+00:00\" \/>\n<meta property=\"article:modified_time\" content=\"2024-03-25T14:26:59+00:00\" \/>\n<meta property=\"og:image\" content=\"https:\/\/static.deinadieu.ch\/uploads\/2023\/06\/herzstiftung_5376-scaled.jpg\" \/>\n\t<meta property=\"og:image:width\" content=\"2560\" \/>\n\t<meta property=\"og:image:height\" content=\"1706\" \/>\n\t<meta property=\"og:image:type\" content=\"image\/jpeg\" \/>\n<meta name=\"author\" content=\"Janina Gehrig, MA UZH, Redaktorin\" \/>\n<meta name=\"twitter:card\" content=\"summary_large_image\" \/>\n<meta name=\"twitter:creator\" content=\"@DeinAdieu\" \/>\n<meta name=\"twitter:site\" content=\"@DeinAdieu\" \/>\n<meta name=\"twitter:label1\" content=\"Written by\" \/>\n\t<meta name=\"twitter:data1\" content=\"Janina Gehrig, MA UZH, Redaktorin\" \/>\n\t<meta name=\"twitter:label2\" content=\"Est. reading time\" \/>\n\t<meta name=\"twitter:data2\" content=\"5 minutes\" \/>\n<script type=\"application\/ld+json\" class=\"yoast-schema-graph\">{\"@context\":\"https:\\\/\\\/schema.org\",\"@graph\":[{\"@type\":\"Article\",\"@id\":\"https:\\\/\\\/www.deinadieu.ch\\\/fr\\\/ce-sont-les-experiences-dautres-personnes-touchees-qui-mont-le-plus-aidee\\\/#article\",\"isPartOf\":{\"@id\":\"https:\\\/\\\/www.deinadieu.ch\\\/fr\\\/ce-sont-les-experiences-dautres-personnes-touchees-qui-mont-le-plus-aidee\\\/\"},\"author\":{\"name\":\"Janina Gehrig, MA UZH, Redaktorin\",\"@id\":\"https:\\\/\\\/www.deinadieu.ch\\\/fr\\\/#\\\/schema\\\/person\\\/78cffe1cb679e17f919e3d0c0e7b9673\"},\"headline\":\"\u00ab Ce sont les exp\u00e9riences d&#8217;autres personnes touch\u00e9es qui m&#8217;ont le plus aid\u00e9e \u00bb\",\"datePublished\":\"2023-06-23T05:30:00+00:00\",\"dateModified\":\"2024-03-25T14:26:59+00:00\",\"mainEntityOfPage\":{\"@id\":\"https:\\\/\\\/www.deinadieu.ch\\\/fr\\\/ce-sont-les-experiences-dautres-personnes-touchees-qui-mont-le-plus-aidee\\\/\"},\"wordCount\":974,\"commentCount\":0,\"publisher\":{\"@id\":\"https:\\\/\\\/www.deinadieu.ch\\\/fr\\\/#organization\"},\"image\":{\"@id\":\"https:\\\/\\\/www.deinadieu.ch\\\/fr\\\/ce-sont-les-experiences-dautres-personnes-touchees-qui-mont-le-plus-aidee\\\/#primaryimage\"},\"thumbnailUrl\":\"https:\\\/\\\/www.deinadieu.ch\\\/wp-content\\\/uploads\\\/2023\\\/06\\\/herzstiftung_5376-scaled.jpg\",\"keywords\":[\"Faire un don\",\"Maladie\",\"T\u00e9moignage\",\"Testament\"],\"articleSection\":[\"\u0152uvres caritatives en point de mire\"],\"inLanguage\":\"fr-FR\",\"potentialAction\":[{\"@type\":\"CommentAction\",\"name\":\"Comment\",\"target\":[\"https:\\\/\\\/www.deinadieu.ch\\\/fr\\\/ce-sont-les-experiences-dautres-personnes-touchees-qui-mont-le-plus-aidee\\\/#respond\"]}]},{\"@type\":\"WebPage\",\"@id\":\"https:\\\/\\\/www.deinadieu.ch\\\/fr\\\/ce-sont-les-experiences-dautres-personnes-touchees-qui-mont-le-plus-aidee\\\/\",\"url\":\"https:\\\/\\\/www.deinadieu.ch\\\/fr\\\/ce-sont-les-experiences-dautres-personnes-touchees-qui-mont-le-plus-aidee\\\/\",\"name\":\"Une donatrice de la Fondation Suisse de Cardiologie raconte | DeinAdieu\",\"isPartOf\":{\"@id\":\"https:\\\/\\\/www.deinadieu.ch\\\/fr\\\/#website\"},\"primaryImageOfPage\":{\"@id\":\"https:\\\/\\\/www.deinadieu.ch\\\/fr\\\/ce-sont-les-experiences-dautres-personnes-touchees-qui-mont-le-plus-aidee\\\/#primaryimage\"},\"image\":{\"@id\":\"https:\\\/\\\/www.deinadieu.ch\\\/fr\\\/ce-sont-les-experiences-dautres-personnes-touchees-qui-mont-le-plus-aidee\\\/#primaryimage\"},\"thumbnailUrl\":\"https:\\\/\\\/www.deinadieu.ch\\\/wp-content\\\/uploads\\\/2023\\\/06\\\/herzstiftung_5376-scaled.jpg\",\"datePublished\":\"2023-06-23T05:30:00+00:00\",\"dateModified\":\"2024-03-25T14:26:59+00:00\",\"description\":\"Comment la Fondation Suisse de Cardiologie a aid\u00e9 Ursula Knechtli \u00e0 se remettre d'une attaque c\u00e9r\u00e9brale.\",\"breadcrumb\":{\"@id\":\"https:\\\/\\\/www.deinadieu.ch\\\/fr\\\/ce-sont-les-experiences-dautres-personnes-touchees-qui-mont-le-plus-aidee\\\/#breadcrumb\"},\"inLanguage\":\"fr-FR\",\"potentialAction\":[{\"@type\":\"ReadAction\",\"target\":[\"https:\\\/\\\/www.deinadieu.ch\\\/fr\\\/ce-sont-les-experiences-dautres-personnes-touchees-qui-mont-le-plus-aidee\\\/\"]}]},{\"@type\":\"ImageObject\",\"inLanguage\":\"fr-FR\",\"@id\":\"https:\\\/\\\/www.deinadieu.ch\\\/fr\\\/ce-sont-les-experiences-dautres-personnes-touchees-qui-mont-le-plus-aidee\\\/#primaryimage\",\"url\":\"https:\\\/\\\/www.deinadieu.ch\\\/wp-content\\\/uploads\\\/2023\\\/06\\\/herzstiftung_5376-scaled.jpg\",\"contentUrl\":\"https:\\\/\\\/www.deinadieu.ch\\\/wp-content\\\/uploads\\\/2023\\\/06\\\/herzstiftung_5376-scaled.jpg\",\"width\":2560,\"height\":1706,\"caption\":\"La Fondation Suisse de Cardiologie a aid\u00e9 Ursula Knechtli \u00e0 se r\u00e9tablir\"},{\"@type\":\"BreadcrumbList\",\"@id\":\"https:\\\/\\\/www.deinadieu.ch\\\/fr\\\/ce-sont-les-experiences-dautres-personnes-touchees-qui-mont-le-plus-aidee\\\/#breadcrumb\",\"itemListElement\":[{\"@type\":\"ListItem\",\"position\":1,\"name\":\"Home\",\"item\":\"https:\\\/\\\/www.deinadieu.ch\\\/fr\\\/deinadieu-dialog-und-serviceportal-zum-lebensende\\\/\"},{\"@type\":\"ListItem\",\"position\":2,\"name\":\"\u00ab Ce sont les exp\u00e9riences d&#8217;autres personnes touch\u00e9es qui m&#8217;ont le plus aid\u00e9e \u00bb\"}]},{\"@type\":\"WebSite\",\"@id\":\"https:\\\/\\\/www.deinadieu.ch\\\/fr\\\/#website\",\"url\":\"https:\\\/\\\/www.deinadieu.ch\\\/fr\\\/\",\"name\":\"DeinAdieu.ch\",\"description\":\"Testament, Patientenverf\u00fcgung und Vorsorgeauftrag\",\"publisher\":{\"@id\":\"https:\\\/\\\/www.deinadieu.ch\\\/fr\\\/#organization\"},\"potentialAction\":[{\"@type\":\"SearchAction\",\"target\":{\"@type\":\"EntryPoint\",\"urlTemplate\":\"https:\\\/\\\/www.deinadieu.ch\\\/fr\\\/?s={search_term_string}\"},\"query-input\":{\"@type\":\"PropertyValueSpecification\",\"valueRequired\":true,\"valueName\":\"search_term_string\"}}],\"inLanguage\":\"fr-FR\"},{\"@type\":\"Organization\",\"@id\":\"https:\\\/\\\/www.deinadieu.ch\\\/fr\\\/#organization\",\"name\":\"EMNA Web GmbH\",\"url\":\"https:\\\/\\\/www.deinadieu.ch\\\/fr\\\/\",\"logo\":{\"@type\":\"ImageObject\",\"inLanguage\":\"fr-FR\",\"@id\":\"https:\\\/\\\/www.deinadieu.ch\\\/fr\\\/#\\\/schema\\\/logo\\\/image\\\/\",\"url\":\"https:\\\/\\\/www.deinadieu.ch\\\/wp-content\\\/uploads\\\/2016\\\/01\\\/DeinAdieu_Logo.png\",\"contentUrl\":\"https:\\\/\\\/www.deinadieu.ch\\\/wp-content\\\/uploads\\\/2016\\\/01\\\/DeinAdieu_Logo.png\",\"width\":300,\"height\":117,\"caption\":\"EMNA Web GmbH\"},\"image\":{\"@id\":\"https:\\\/\\\/www.deinadieu.ch\\\/fr\\\/#\\\/schema\\\/logo\\\/image\\\/\"},\"sameAs\":[\"https:\\\/\\\/www.facebook.com\\\/deinadieu\",\"https:\\\/\\\/x.com\\\/DeinAdieu\",\"https:\\\/\\\/www.instagram.com\\\/deinadieu\\\/\",\"https:\\\/\\\/www.linkedin.com\\\/company\\\/deinadieu.ch\"]},{\"@type\":\"Person\",\"@id\":\"https:\\\/\\\/www.deinadieu.ch\\\/fr\\\/#\\\/schema\\\/person\\\/78cffe1cb679e17f919e3d0c0e7b9673\",\"name\":\"Janina Gehrig, MA UZH, Redaktorin\",\"image\":{\"@type\":\"ImageObject\",\"inLanguage\":\"fr-FR\",\"@id\":\"https:\\\/\\\/secure.gravatar.com\\\/avatar\\\/8bfc4dca12cd7c0a0373c12f34587d1f6a6117903e7ecc0035863bd69df6fb07?s=96&d=mm&r=g\",\"url\":\"https:\\\/\\\/secure.gravatar.com\\\/avatar\\\/8bfc4dca12cd7c0a0373c12f34587d1f6a6117903e7ecc0035863bd69df6fb07?s=96&d=mm&r=g\",\"contentUrl\":\"https:\\\/\\\/secure.gravatar.com\\\/avatar\\\/8bfc4dca12cd7c0a0373c12f34587d1f6a6117903e7ecc0035863bd69df6fb07?s=96&d=mm&r=g\",\"caption\":\"Janina Gehrig, MA UZH, Redaktorin\"},\"url\":\"https:\\\/\\\/www.deinadieu.ch\\\/fr\\\/author\\\/janinagehrig\\\/\"}]}<\/script>","yoast_head_json":{"title":"Une donatrice de la Fondation Suisse de Cardiologie raconte | DeinAdieu","description":"Comment la Fondation Suisse de Cardiologie a aid\u00e9 Ursula Knechtli \u00e0 se remettre d'une attaque c\u00e9r\u00e9brale.","robots":{"index":"index","follow":"follow","max-snippet":"max-snippet:-1","max-image-preview":"max-image-preview:large","max-video-preview":"max-video-preview:-1"},"canonical":"https:\/\/www.deinadieu.ch\/fr\/ce-sont-les-experiences-dautres-personnes-touchees-qui-mont-le-plus-aidee\/","og_locale":"fr_FR","og_type":"article","og_title":"\u00ab Ce sont les exp\u00e9riences d'autres personnes touch\u00e9es qui m'ont le plus aid\u00e9e \u00bb","og_description":"La tension art\u00e9rielle, qui \u00e9tait rest\u00e9e basse toute sa vie, est soudainement devenue trop \u00e9lev\u00e9e avec l'\u00e2ge. Ursula Knechtli est victime d'une grave","og_url":"https:\/\/www.deinadieu.ch\/fr\/ce-sont-les-experiences-dautres-personnes-touchees-qui-mont-le-plus-aidee\/","og_site_name":"DeinAdieu.ch","article_publisher":"https:\/\/www.facebook.com\/deinadieu","article_published_time":"2023-06-23T05:30:00+00:00","article_modified_time":"2024-03-25T14:26:59+00:00","og_image":[{"width":2560,"height":1706,"url":"https:\/\/static.deinadieu.ch\/uploads\/2023\/06\/herzstiftung_5376-scaled.jpg","type":"image\/jpeg"}],"author":"Janina Gehrig, MA UZH, Redaktorin","twitter_card":"summary_large_image","twitter_creator":"@DeinAdieu","twitter_site":"@DeinAdieu","twitter_misc":{"Written by":"Janina Gehrig, MA UZH, Redaktorin","Est. reading time":"5 minutes"},"schema":{"@context":"https:\/\/schema.org","@graph":[{"@type":"Article","@id":"https:\/\/www.deinadieu.ch\/fr\/ce-sont-les-experiences-dautres-personnes-touchees-qui-mont-le-plus-aidee\/#article","isPartOf":{"@id":"https:\/\/www.deinadieu.ch\/fr\/ce-sont-les-experiences-dautres-personnes-touchees-qui-mont-le-plus-aidee\/"},"author":{"name":"Janina Gehrig, MA UZH, Redaktorin","@id":"https:\/\/www.deinadieu.ch\/fr\/#\/schema\/person\/78cffe1cb679e17f919e3d0c0e7b9673"},"headline":"\u00ab Ce sont les exp\u00e9riences d&#8217;autres personnes touch\u00e9es qui m&#8217;ont le plus aid\u00e9e \u00bb","datePublished":"2023-06-23T05:30:00+00:00","dateModified":"2024-03-25T14:26:59+00:00","mainEntityOfPage":{"@id":"https:\/\/www.deinadieu.ch\/fr\/ce-sont-les-experiences-dautres-personnes-touchees-qui-mont-le-plus-aidee\/"},"wordCount":974,"commentCount":0,"publisher":{"@id":"https:\/\/www.deinadieu.ch\/fr\/#organization"},"image":{"@id":"https:\/\/www.deinadieu.ch\/fr\/ce-sont-les-experiences-dautres-personnes-touchees-qui-mont-le-plus-aidee\/#primaryimage"},"thumbnailUrl":"https:\/\/www.deinadieu.ch\/wp-content\/uploads\/2023\/06\/herzstiftung_5376-scaled.jpg","keywords":["Faire un don","Maladie","T\u00e9moignage","Testament"],"articleSection":["\u0152uvres caritatives en point de mire"],"inLanguage":"fr-FR","potentialAction":[{"@type":"CommentAction","name":"Comment","target":["https:\/\/www.deinadieu.ch\/fr\/ce-sont-les-experiences-dautres-personnes-touchees-qui-mont-le-plus-aidee\/#respond"]}]},{"@type":"WebPage","@id":"https:\/\/www.deinadieu.ch\/fr\/ce-sont-les-experiences-dautres-personnes-touchees-qui-mont-le-plus-aidee\/","url":"https:\/\/www.deinadieu.ch\/fr\/ce-sont-les-experiences-dautres-personnes-touchees-qui-mont-le-plus-aidee\/","name":"Une donatrice de la Fondation Suisse de Cardiologie raconte | DeinAdieu","isPartOf":{"@id":"https:\/\/www.deinadieu.ch\/fr\/#website"},"primaryImageOfPage":{"@id":"https:\/\/www.deinadieu.ch\/fr\/ce-sont-les-experiences-dautres-personnes-touchees-qui-mont-le-plus-aidee\/#primaryimage"},"image":{"@id":"https:\/\/www.deinadieu.ch\/fr\/ce-sont-les-experiences-dautres-personnes-touchees-qui-mont-le-plus-aidee\/#primaryimage"},"thumbnailUrl":"https:\/\/www.deinadieu.ch\/wp-content\/uploads\/2023\/06\/herzstiftung_5376-scaled.jpg","datePublished":"2023-06-23T05:30:00+00:00","dateModified":"2024-03-25T14:26:59+00:00","description":"Comment la Fondation Suisse de Cardiologie a aid\u00e9 Ursula Knechtli \u00e0 se remettre d'une attaque c\u00e9r\u00e9brale.","breadcrumb":{"@id":"https:\/\/www.deinadieu.ch\/fr\/ce-sont-les-experiences-dautres-personnes-touchees-qui-mont-le-plus-aidee\/#breadcrumb"},"inLanguage":"fr-FR","potentialAction":[{"@type":"ReadAction","target":["https:\/\/www.deinadieu.ch\/fr\/ce-sont-les-experiences-dautres-personnes-touchees-qui-mont-le-plus-aidee\/"]}]},{"@type":"ImageObject","inLanguage":"fr-FR","@id":"https:\/\/www.deinadieu.ch\/fr\/ce-sont-les-experiences-dautres-personnes-touchees-qui-mont-le-plus-aidee\/#primaryimage","url":"https:\/\/www.deinadieu.ch\/wp-content\/uploads\/2023\/06\/herzstiftung_5376-scaled.jpg","contentUrl":"https:\/\/www.deinadieu.ch\/wp-content\/uploads\/2023\/06\/herzstiftung_5376-scaled.jpg","width":2560,"height":1706,"caption":"La Fondation Suisse de Cardiologie a aid\u00e9 Ursula Knechtli \u00e0 se r\u00e9tablir"},{"@type":"BreadcrumbList","@id":"https:\/\/www.deinadieu.ch\/fr\/ce-sont-les-experiences-dautres-personnes-touchees-qui-mont-le-plus-aidee\/#breadcrumb","itemListElement":[{"@type":"ListItem","position":1,"name":"Home","item":"https:\/\/www.deinadieu.ch\/fr\/deinadieu-dialog-und-serviceportal-zum-lebensende\/"},{"@type":"ListItem","position":2,"name":"\u00ab Ce sont les exp\u00e9riences d&#8217;autres personnes touch\u00e9es qui m&#8217;ont le plus aid\u00e9e \u00bb"}]},{"@type":"WebSite","@id":"https:\/\/www.deinadieu.ch\/fr\/#website","url":"https:\/\/www.deinadieu.ch\/fr\/","name":"DeinAdieu.ch","description":"Testament, Patientenverf\u00fcgung und Vorsorgeauftrag","publisher":{"@id":"https:\/\/www.deinadieu.ch\/fr\/#organization"},"potentialAction":[{"@type":"SearchAction","target":{"@type":"EntryPoint","urlTemplate":"https:\/\/www.deinadieu.ch\/fr\/?s={search_term_string}"},"query-input":{"@type":"PropertyValueSpecification","valueRequired":true,"valueName":"search_term_string"}}],"inLanguage":"fr-FR"},{"@type":"Organization","@id":"https:\/\/www.deinadieu.ch\/fr\/#organization","name":"EMNA Web GmbH","url":"https:\/\/www.deinadieu.ch\/fr\/","logo":{"@type":"ImageObject","inLanguage":"fr-FR","@id":"https:\/\/www.deinadieu.ch\/fr\/#\/schema\/logo\/image\/","url":"https:\/\/www.deinadieu.ch\/wp-content\/uploads\/2016\/01\/DeinAdieu_Logo.png","contentUrl":"https:\/\/www.deinadieu.ch\/wp-content\/uploads\/2016\/01\/DeinAdieu_Logo.png","width":300,"height":117,"caption":"EMNA Web GmbH"},"image":{"@id":"https:\/\/www.deinadieu.ch\/fr\/#\/schema\/logo\/image\/"},"sameAs":["https:\/\/www.facebook.com\/deinadieu","https:\/\/x.com\/DeinAdieu","https:\/\/www.instagram.com\/deinadieu\/","https:\/\/www.linkedin.com\/company\/deinadieu.ch"]},{"@type":"Person","@id":"https:\/\/www.deinadieu.ch\/fr\/#\/schema\/person\/78cffe1cb679e17f919e3d0c0e7b9673","name":"Janina Gehrig, MA UZH, Redaktorin","image":{"@type":"ImageObject","inLanguage":"fr-FR","@id":"https:\/\/secure.gravatar.com\/avatar\/8bfc4dca12cd7c0a0373c12f34587d1f6a6117903e7ecc0035863bd69df6fb07?s=96&d=mm&r=g","url":"https:\/\/secure.gravatar.com\/avatar\/8bfc4dca12cd7c0a0373c12f34587d1f6a6117903e7ecc0035863bd69df6fb07?s=96&d=mm&r=g","contentUrl":"https:\/\/secure.gravatar.com\/avatar\/8bfc4dca12cd7c0a0373c12f34587d1f6a6117903e7ecc0035863bd69df6fb07?s=96&d=mm&r=g","caption":"Janina Gehrig, MA UZH, Redaktorin"},"url":"https:\/\/www.deinadieu.ch\/fr\/author\/janinagehrig\/"}]}},"_links":{"self":[{"href":"https:\/\/www.deinadieu.ch\/fr\/wp-json\/wp\/v2\/posts\/64866","targetHints":{"allow":["GET"]}}],"collection":[{"href":"https:\/\/www.deinadieu.ch\/fr\/wp-json\/wp\/v2\/posts"}],"about":[{"href":"https:\/\/www.deinadieu.ch\/fr\/wp-json\/wp\/v2\/types\/post"}],"author":[{"embeddable":true,"href":"https:\/\/www.deinadieu.ch\/fr\/wp-json\/wp\/v2\/users\/6028"}],"replies":[{"embeddable":true,"href":"https:\/\/www.deinadieu.ch\/fr\/wp-json\/wp\/v2\/comments?post=64866"}],"version-history":[{"count":5,"href":"https:\/\/www.deinadieu.ch\/fr\/wp-json\/wp\/v2\/posts\/64866\/revisions"}],"predecessor-version":[{"id":67223,"href":"https:\/\/www.deinadieu.ch\/fr\/wp-json\/wp\/v2\/posts\/64866\/revisions\/67223"}],"wp:featuredmedia":[{"embeddable":true,"href":"https:\/\/www.deinadieu.ch\/fr\/wp-json\/wp\/v2\/media\/64131"}],"wp:attachment":[{"href":"https:\/\/www.deinadieu.ch\/fr\/wp-json\/wp\/v2\/media?parent=64866"}],"wp:term":[{"taxonomy":"category","embeddable":true,"href":"https:\/\/www.deinadieu.ch\/fr\/wp-json\/wp\/v2\/categories?post=64866"},{"taxonomy":"post_tag","embeddable":true,"href":"https:\/\/www.deinadieu.ch\/fr\/wp-json\/wp\/v2\/tags?post=64866"}],"curies":[{"name":"wp","href":"https:\/\/api.w.org\/{rel}","templated":true}]}}