{"id":64719,"date":"2023-05-09T07:00:00","date_gmt":"2023-05-09T05:00:00","guid":{"rendered":"https:\/\/www.deinadieu.ch\/contre-loubli-comprendre-et-ralentir-la-demence\/"},"modified":"2023-07-04T11:07:14","modified_gmt":"2023-07-04T09:07:14","slug":"contre-loubli-comprendre-et-ralentir-la-demence","status":"publish","type":"post","link":"https:\/\/www.deinadieu.ch\/fr\/contre-loubli-comprendre-et-ralentir-la-demence\/","title":{"rendered":"Contre l&#8217;oubli : comprendre et ralentir la d\u00e9mence"},"content":{"rendered":"\n<p>Promouvoir la recherche pour stopper la d\u00e9mence : telle est la mission de Recherche D\u00e9mence Suisse \u2013 Fondation Synapsis. Depuis 20 ans, la fondation s&#8217;engage \u00e0 d\u00e9couvrir les causes de la maladie et \u00e0 trouver des m\u00e9thodes de traitement efficaces. \u00ab Brain-IT \u00bb est l&#8217;un des nombreux projets de recherche que la fondation Synapsis soutient. Le projet de l&#8217;ETH Zurich explore des approches d&#8217;entra\u00eenement innovantes \u00e0 l&#8217;aide de l&#8217;exergaming afin d&#8217;am\u00e9liorer la pr\u00e9vention des troubles cognitifs.<\/p>\n\n<!--more-->\n\n<p>En Suisse, environ 150&#8217;000 personnes souffrent d&#8217;une d\u00e9mence. La <a href=\"https:\/\/www.deinadieu.ch\/fr\/conseiller\/quest-ce-que-la-demence-et-comment-la-gerer\/\">d\u00e9mence<\/a> est le terme g\u00e9n\u00e9rique pour toutes les maladies qui entra\u00eenent une diminution des capacit\u00e9s cognitives et de la m\u00e9moire ainsi que des capacit\u00e9s sociales et \u00e9motionnelles. En raison de l&#8217;augmentation de l&#8217;esp\u00e9rance de vie, il faut s&#8217;attendre \u00e0 ce que le nombre de personnes atteintes de d\u00e9mence augmente encore \u00e0 l&#8217;avenir. \u00ab Actuellement, nous sommes loin de pouvoir gu\u00e9rir la d\u00e9mence. <strong>Par notre action, nous souhaitons r\u00e9veiller la soci\u00e9t\u00e9 et investir des fonds dans la recherche sur la d\u00e9mence afin de pouvoir traiter la maladie.<\/strong> Attendre et ne rien faire n&#8217;est pas une option \u00bb, d\u00e9clare Corinne Denzler, directrice de la <a href=\"https:\/\/www.deinadieu.ch\/hilfswerke\/stiftung-synapsis-alzheimer-forschung-schweiz-afs\/\">Fondation Synapsis<\/a>.<\/p>\n\n<h2 class=\"wp-block-heading\" id=\"h-den-forschungsstandort-schweiz-fordern\">Promouvoir la Suisse comme p\u00f4le de recherche<\/h2>\n\n<p>Corinne Denzler a repris la direction de la Fondation Synapsis il y a environ deux ans. Auparavant, elle, qui a chang\u00e9 d&#8217;orientation professionnelle, a travaill\u00e9 dans le secteur de l&#8217;h\u00f4tellerie. C&#8217;est par l&#8217;interm\u00e9diaire d&#8217;une de ses amies, atteinte de d\u00e9mence \u00e0 un jeune \u00e2ge et d\u00e9c\u00e9d\u00e9e de la maladie \u00e0 53 ans, que Mme Denzler a \u00e9t\u00e9 confront\u00e9e au th\u00e8me de la d\u00e9mence : \u00ab La majorit\u00e9 des personnes atteintes de d\u00e9mence sont certes \u00e2g\u00e9es, mais la maladie peut \u00e9galement toucher des personnes plus jeunes. \u00bb <\/p>\n\n<p>En encourageant la recherche sur la d\u00e9mence, la Fondation Synapsis veut compl\u00e9ter la recherche publique et industrielle afin d&#8217;investir des fonds suppl\u00e9mentaires dans la recherche sur les maladies de d\u00e9mence, en particulier la maladie d&#8217;Alzheimer, afin que la d\u00e9mence puisse \u00eatre trait\u00e9e dans un avenir proche. D&#8217;une part, la Fondation Synapsis soutient la recherche fondamentale complexe qui s&#8217;int\u00e9resse aux causes de ces maladies. D&#8217;autre part, la Fondation Synapsis investit les fonds pour la recherche appliqu\u00e9e afin de faire avancer les projets de traitement des maladies de d\u00e9mence : \u00ab Par notre engagement, nous renfor\u00e7ons \u00e9galement la place scientifique et \u00e9conomique suisse en encourageant la cr\u00e9ation de jeunes groupes de recherche \u00bb, souligne Corinne Denzler.<\/p>\n\n<figure class=\"wp-block-image size-large\"><img loading=\"lazy\" decoding=\"async\" width=\"1024\" height=\"683\" src=\"https:\/\/www.deinadieu.ch\/wp-content\/uploads\/2023\/04\/Bild-1_Corinne-Denzler-Stiftung-Synapsis-1024x683.jpg\" alt=\"Corinne Denzler, Fondation Synapsis\" class=\"wp-image-63064\" srcset=\"https:\/\/www.deinadieu.ch\/wp-content\/uploads\/2023\/04\/Bild-1_Corinne-Denzler-Stiftung-Synapsis-1024x683.jpg 1024w, https:\/\/www.deinadieu.ch\/wp-content\/uploads\/2023\/04\/Bild-1_Corinne-Denzler-Stiftung-Synapsis-300x200.jpg 300w, https:\/\/www.deinadieu.ch\/wp-content\/uploads\/2023\/04\/Bild-1_Corinne-Denzler-Stiftung-Synapsis-1536x1024.jpg 1536w, https:\/\/www.deinadieu.ch\/wp-content\/uploads\/2023\/04\/Bild-1_Corinne-Denzler-Stiftung-Synapsis-2048x1365.jpg 2048w\" sizes=\"auto, (max-width: 1024px) 100vw, 1024px\" \/><figcaption class=\"wp-element-caption\">\u00ab Par notre activit\u00e9, nous souhaitons r\u00e9veiller la soci\u00e9t\u00e9 et investir des fonds dans la recherche sur la d\u00e9mence \u00bb, explique Corinne Denzler, directrice de la Fondation Synapsis.<\/figcaption><\/figure>\n\n<h2 class=\"wp-block-heading\" id=\"h-spendengelder-fliessen-in-forschung\">Les dons vont \u00e0 la recherche<\/h2>\n\n<p>Les <a href=\"https:\/\/www.deinadieu.ch\/fr\/conseiller\/quest-ce-que-le-legs\/\">fonds issus de legs<\/a> rev\u00eatent une grande importance pour la Fondation Synapsis. <strong>Aussi important que soit ce soutien financier issu de testaments, il est toutefois difficile \u00e0 budg\u00e9tiser, car il ne peut pas \u00eatre planifi\u00e9.<\/strong> La plupart du temps, ce sont des personnes atteintes de d\u00e9mence, des proches et des amis ou des personnes ayant un int\u00e9r\u00eat marqu\u00e9 pour la recherche qui <a href=\"https:\/\/app.deinadieu.ch\/da\/testament\/7363\">incluent la Fondation Synapsis dans leur testament<\/a>. Un homme \u00e2g\u00e9 a justifi\u00e9 son soutien en expliquant qu&#8217;il souhaitait pr\u00e9server ses enfants de cette maladie. <\/p>\n\n<p>\u00ab <strong>Gr\u00e2ce aux revenus provenant des legs, ce sont toujours des projets de haute qualit\u00e9 que nous pouvons soutenir<\/strong> \u00bb, explique la directrice. Pour parvenir \u00e0 de tels projets, la Fondation organise chaque ann\u00e9e un concours pour les chercheuses et les chercheurs. Les quelque 50 demandes d\u00e9pos\u00e9es \u00e0 chaque fois font l&#8217;objet d&#8217;une proc\u00e9dure de s\u00e9lection tr\u00e8s stricte. Le conseil scientifique de la Fondation Synapsis, qui dirige cette proc\u00e9dure, comprend des expertes des maladies c\u00e9r\u00e9brales. Le conseil examine les demandes afin de les soumettre, dans un deuxi\u00e8me temps, \u00e0 des sp\u00e9cialistes internationaux. En fonction du budget, la Fondation Synapsis peut ainsi soutenir huit \u00e0 douze projets par an.<\/p>\n\n<figure class=\"wp-block-image size-large\"><img loading=\"lazy\" decoding=\"async\" width=\"1024\" height=\"683\" src=\"https:\/\/www.deinadieu.ch\/wp-content\/uploads\/2023\/04\/Bild-2_Patrick-Manser_Bildschirm-1024x683.jpg\" alt=\"\" class=\"wp-image-63068\" srcset=\"https:\/\/www.deinadieu.ch\/wp-content\/uploads\/2023\/04\/Bild-2_Patrick-Manser_Bildschirm-1024x683.jpg 1024w, https:\/\/www.deinadieu.ch\/wp-content\/uploads\/2023\/04\/Bild-2_Patrick-Manser_Bildschirm-300x200.jpg 300w, https:\/\/www.deinadieu.ch\/wp-content\/uploads\/2023\/04\/Bild-2_Patrick-Manser_Bildschirm-1536x1024.jpg 1536w, https:\/\/www.deinadieu.ch\/wp-content\/uploads\/2023\/04\/Bild-2_Patrick-Manser_Bildschirm-2048x1365.jpg 2048w\" sizes=\"auto, (max-width: 1024px) 100vw, 1024px\" \/><figcaption class=\"wp-element-caption\">Au D\u00e9partement des sciences et technologies de la sant\u00e9 de l&#8217;ETH Zurich (EPFZ), le doctorant Patrick Manser fait des recherches sur des approches d&#8217;entra\u00eenement innovantes en cas de troubles cognitifs.<\/figcaption><\/figure>\n\n<h2 class=\"wp-block-heading\" id=\"h-gehirn-und-korper-in-bewegung-halten\">Maintenir le cerveau et le corps en mouvement<\/h2>\n\n<p>L&#8217;un de ces projets est \u00ab <a href=\"https:\/\/mcl.ethz.ch\/research-and-education\/groups-and-projects\/vitaal1.html\" target=\"_blank\" rel=\"noreferrer noopener\">Brain-IT<\/a> \u00bb au d\u00e9partement des sciences et technologies de la sant\u00e9 de l&#8217;EPFZ. Ce projet, dirig\u00e9 par le Professeur Eling D. de Bruin et le doctorant Patrick Manser, \u00e9tudie des approches d&#8217;entra\u00eenement innovantes afin d&#8217;am\u00e9liorer la pr\u00e9vention des troubles cognitifs. \u00ab Brain-IT \u00bb est typique des projets soutenus par la Fondation Synapsis, qui misent de mani\u00e8re accrure sur la num\u00e9risation et l&#8217;intelligence artificielle. Dans la premi\u00e8re phase de la maladie, dite du \u00ab d\u00e9ficit cognitif l\u00e9ger \u00bb (MCI : Mild Cognitive Impairment), la pr\u00e9vention rev\u00eat une importance capitale. <\/p>\n\n<p>De nombreuses personnes qui en souffrent se retireraient socialement en raison des premiers signes de d\u00e9mence. <strong>Au stade initial, il est ainsi d\u00e9cisif pour l&#8217;\u00e9volution de la maladie que les patientes et les patients n&#8217;abandonnent pas sur les plans physique et mental.<\/strong> \u00ab Notre projet met l&#8217;accent sur trois facteurs de risque modifiables importants \u2013 mais souvent n\u00e9glig\u00e9s \u2013 pour les troubles cognitifs : l&#8217;inactivit\u00e9 physique, l&#8217;inactivit\u00e9 cognitive et les sympt\u00f4mes d\u00e9pressifs \u00bb, explique Patrick Manser, qui effectue depuis 2020 des recherches sur de nouvelles approches de traitement du MCI dans le cadre de sa th\u00e8se de doctorat \u00e0 l&#8217;Institut des sciences du mouvement et du sport. Ce jeune homme de 28 ans, lui-m\u00eame lanceur de javelot de comp\u00e9tition, accorde une grande importance \u00e0 l&#8217;influence de l&#8217;entra\u00eenement physique sur le bien-\u00eatre \u00e9motionnel et cognitif. <\/p>\n\n<h2 class=\"wp-block-heading\" id=\"h-exergaming-verbindet-training-und-spiel\">L&#8217;exergaming associe entra\u00eenement et jeu<\/h2>\n\n<p>Pour recruter des participants \u00e0 l&#8217;\u00e9tude, Patrick Manser collabore avec des Centres m\u00e9moire et des m\u00e9decins de famille, car les patientes et les patients vivent encore chez eux. L&#8217;\u00e9quipe de projet de \u00ab Brain-IT \u00bb a d\u00e9velopp\u00e9, en collaboration avec des patientes, des patients et des th\u00e9rapeutes, un concept d&#8217;entra\u00eenement adapt\u00e9 aux besoins des patientes et des patients, qui propose non seulement une th\u00e9rapie physique et cognitive, mais \u00e9galement une th\u00e9rapie respiratoire. <\/p>\n\n<figure class=\"wp-block-image size-large\"><img loading=\"lazy\" decoding=\"async\" width=\"1024\" height=\"683\" src=\"https:\/\/www.deinadieu.ch\/wp-content\/uploads\/2023\/04\/Bild-3_Detail-Brain-IT-1024x683.jpg\" alt=\"\" class=\"wp-image-63078\" srcset=\"https:\/\/www.deinadieu.ch\/wp-content\/uploads\/2023\/04\/Bild-3_Detail-Brain-IT-1024x683.jpg 1024w, https:\/\/www.deinadieu.ch\/wp-content\/uploads\/2023\/04\/Bild-3_Detail-Brain-IT-300x200.jpg 300w, https:\/\/www.deinadieu.ch\/wp-content\/uploads\/2023\/04\/Bild-3_Detail-Brain-IT-1536x1024.jpg 1536w, https:\/\/www.deinadieu.ch\/wp-content\/uploads\/2023\/04\/Bild-3_Detail-Brain-IT-2048x1365.jpg 2048w\" sizes=\"auto, (max-width: 1024px) 100vw, 1024px\" \/><figcaption class=\"wp-element-caption\">Le projet \u00ab Brain-IT \u00bb fait appel \u00e0 des exergames, qui associent entra\u00eenement et jeu.<\/figcaption><\/figure>\n\n<p><strong>La nouveaut\u00e9 du concept de \u00ab Brain-IT \u00bb est l&#8217;utilisation de ce que l&#8217;on appelle des exergames<\/strong>, c&#8217;est-\u00e0-dire l&#8217;association de l&#8217;entra\u00eenement et du jeu : exergames est un n\u00e9ologisme compos\u00e9 de \u00ab <strong>exercise<\/strong> \u00bb et de \u00ab <strong>games<\/strong> \u00bb et d\u00e9signe des jeux vid\u00e9o qui sont contr\u00f4l\u00e9s par des mouvements du corps ; un exemple populaire est la Nintendo Wii. Pour \u00ab Brain-IT \u00bb, les exergames doivent \u00eatre con\u00e7us de mani\u00e8re adapt\u00e9e aux patientes et aux patients et ne doivent pas contenir trop d&#8217;informations.<\/p>\n\n<p>L&#8217;entra\u00eenement se d\u00e9roule au domicile des participant(e)s \u00e0 l&#8217;\u00e9tude, avec un suivi individuel. Pour les patientes et les patients, la qualit\u00e9 de vie au quotidien est de premi\u00e8re importance, par exemple gr\u00e2ce \u00e0 une mani\u00e8re de marcher stable, explique Patrick Manser.<strong>\u00ab L&#8217;\u00e9tude montre que l&#8217;entra\u00eenement est bien accept\u00e9, que les patientes et les patients ont du plaisir \u00e0 s&#8217;entra\u00eener et que cela a un effet positif sur la motivation pour l&#8217;entra\u00eenement.<\/strong> Les donn\u00e9es recueillies jusqu&#8217;\u00e0 pr\u00e9sent sur l&#8217;efficacit\u00e9 de l&#8217;entra\u00eenement en termes de performances cognitives sont \u00e9galement prometteuses \u00bb, ajoute le scientifique.<\/p>\n\n<h2 class=\"wp-block-heading\" id=\"h-mein-antrieb-ist-es-dass-es-den-menschen-besser-geht\">\u00ab Ce qui me motive, c&#8217;est que les gens aillent mieux \u00bb<\/h2>\n\n<p>Afin d&#8217;obtenir des r\u00e9sultats encore plus fiables sur l&#8217;efficacit\u00e9, le Professeur Eling D. de Bruin et Patrick Manser pr\u00e9voient de poursuivre le projet avec un plus grand nombre de patientes et de patients dans le cadre d&#8217;un post-doctorat apr\u00e8s la fin de l&#8217;\u00e9tude en 2024. \u00ab Je suis motiv\u00e9 par la pertinence sociale de la recherche sur la d\u00e9mence. Notre travail a une influence positive sur la vie des personnes qui en sont atteintes. C&#8217;est ce qui me motive : que les gens aillent mieux \u00bb, explique M. Manser, qui fait de la recherche au carrefour entre les sciences de la sant\u00e9 et la technologie.<\/p>\n\n<p><strong>Il voit encore un grand potentiel dans la combinaison de formes de th\u00e9rapies physiques et cognitives \u00e0 l&#8217;aide de la technologie.<\/strong> Financer des projets de recherche repr\u00e9sente toutefois un d\u00e9fi. M. Manser d\u00e9crit ainsi la situation : dans un environnement acad\u00e9mique comp\u00e9titif, de nombreux chercheurs et chercheuses en Suisse se disputent les fonds de fondations, d&#8217;entreprises ou du Fonds national suisse (FNS). L&#8217;\u00e9quipe du projet \u00ab Brain IT \u00bb est ainsi d&#8217;autant plus heureuse de la collaboration fructueuse avec la Fondation Synapsis.<\/p>\n\n<h2 class=\"wp-block-heading\" id=\"h-auch-ein-superman-wie-willis-kann-dement-werden\">\u00ab M\u00eame un superman comme Bruce Willis peut devenir d\u00e9ment \u00bb<\/h2>\n\n<p>La communication de ces travaux de recherche est \u00e9galement d\u00e9terminante, souligne Corinne Denzler, directrice de la Fondation Synapsis. Des vid\u00e9os qui expliquent clairement les projets de recherche ou des articles de presse qui d\u00e9crivent les sympt\u00f4mes de la maladie : le public doit en savoir davantage sur cette maladie qui touche de plus en plus de personnes.<\/p>\n\n<p><strong>Mme Denzler est convaincue qu&#8217;\u00e0 l&#8217;avenir, la d\u00e9mence sera encore plus visible.<\/strong> Actuellement, de nombreuses personnes \u00e2g\u00e9es de 50 \u00e0 60 ans s&#8217;occupent de leurs parents atteints de d\u00e9mence. Il est d&#8217;autant plus important, selon elle, d&#8217;informer sur la d\u00e9mence et la maladie d&#8217;Alzheimer et d&#8217;en montrer les cons\u00e9quences aussi bien pour les personnes qui en souffrent que pour leurs proches. Lorsqu&#8217;un tablo\u00efd \u00e9voque la d\u00e9mence de l&#8217;ancien acteur hollywoodien Bruce Willis, c&#8217;est pr\u00e9cieux : \u00ab Les gens r\u00e9alisent que m\u00eame un superman comme M. Willis peut \u00eatre atteint de cette maladie \u00bb, explique Mme Denzler.<\/p>\n\n\n        <div class=\"da-servicebox relative bg-gray-200 p-4 pt-8 border-solid border-t-8 border-da-dark mb-6\">\n            <i class=\"fas fa-info-circle mx-auto fa-7x text-da-dark\"><\/i>\n            <span style=\"hyphens: auto\">\n                <strong>Alzheimer et d\u00e9mence : quelle est la diff\u00e9rence ?<\/strong><br\/>Il existe diff\u00e9rents types de d\u00e9mence, qui ont pour origine des maladies diff\u00e9rentes. La maladie d&#8217;Alzheimer est la forme la plus courante de d\u00e9mence, suivie de la d\u00e9mence vasculaire. La maladie d&#8217;Alzheimer se d\u00e9veloppe de mani\u00e8re insidieuse. Les premiers signes sont des troubles de la m\u00e9moire, concr\u00e8tement des modifications de la m\u00e9moire \u00e0 court terme. La maladie d&#8217;Alzheimer entra\u00eene la mort des neurones et une perte progressive du tissu c\u00e9r\u00e9bral.\n                \n                \n            <\/span>\n        <\/div>\n        \n\n<p><\/p>\n\n        <div class=\"da-servicebox relative bg-gray-200 p-4 pt-8 border-solid border-t-8 border-da-dark mb-6\">\n            <i class=\"fas fa-info-circle mx-auto fa-7x text-da-dark\"><\/i>\n            <span style=\"hyphens: auto\">\n                <strong>La recherche contre l&#8217;oubli : souhaitez-vous, vous aussi, inclure Recherche D\u00e9mence Suisse \u2013 Fondation Synapsis dans votre testament ?<\/strong><br \/>\nVous souhaitez contribuer \u00e0 ce que les chercheurs \u00e9tudient les causes des maladies de d\u00e9mence et d\u00e9couvrent des m\u00e9thodes de traitement efficaces ? En <a href=\"https:\/\/app.deinadieu.ch\/da\/testament\/7363\">faisant un legs \u00e0 Recherche D\u00e9mence Suisse \u2013 Fondation Synapsis<\/a>, vous contribuez directement et durablement apr\u00e8s votre d\u00e9c\u00e8s \u00e0 stopper la d\u00e9mence. \n                \n                \n            <\/span>\n        <\/div>\n        \n\n<div style=\"height:40px\" aria-hidden=\"true\" class=\"wp-block-spacer\"><\/div>\n\n<div class=\"wp-block-buttons is-layout-flex wp-block-buttons-is-layout-flex\">\n<div class=\"wp-block-button\"><a class=\"wp-block-button__link wp-element-button\" href=\"https:\/\/app.deinadieu.ch\/da\/testament\/7363\">Favoriser la Fondation Synapsis<\/a><\/div>\n<\/div>\n","protected":false},"excerpt":{"rendered":"<p>Promouvoir la recherche pour stopper la d\u00e9mence : telle est la mission de Recherche D\u00e9mence Suisse \u2013 Fondation Synapsis. Depuis 20 ans, la fondation s&#8217;engage \u00e0 d\u00e9couvrir les causes de la maladie et \u00e0 trouver des m\u00e9thodes de traitement efficaces. \u00ab Brain-IT \u00bb est l&#8217;un des nombreux projets de recherche que la fondation Synapsis soutient. [&hellip;]<\/p>\n","protected":false},"author":6038,"featured_media":0,"comment_status":"open","ping_status":"closed","sticky":false,"template":"","format":"standard","meta":{"_acf_changed":false,"footnotes":""},"categories":[2486,2450],"tags":[2944,2841,3164,2469],"class_list":["post-64719","post","type-post","status-publish","format-standard","hentry","category-maladie","category-oeuvres-caritatives","tag-demence","tag-organisation-dutilite-publique","tag-organisations-daide","tag-quel-effet-mon-heritage-peut-il-avoir"],"acf":[],"yoast_head":"<title>Contre l&#039;oubli : comprendre et ralentir la d\u00e9mence | DeinAdieu.ch<\/title>\n<meta name=\"description\" content=\"Gr\u00e2ce \u00e0 des legs et des dons testamentaires, la fondation Synapsis soutient diff\u00e9rents projets dans le domaine de la recherche sur la d\u00e9mence. Lisez le portrait ici.\" \/>\n<meta name=\"robots\" content=\"index, follow, max-snippet:-1, max-image-preview:large, max-video-preview:-1\" \/>\n<link rel=\"canonical\" href=\"https:\/\/www.deinadieu.ch\/fr\/contre-loubli-comprendre-et-ralentir-la-demence\/\" \/>\n<meta property=\"og:locale\" content=\"fr_FR\" \/>\n<meta property=\"og:type\" content=\"article\" \/>\n<meta property=\"og:title\" content=\"Contre l&#039;oubli : comprendre et ralentir la d\u00e9mence\" \/>\n<meta property=\"og:description\" content=\"Promouvoir la recherche pour stopper la d\u00e9mence : telle est la mission de Recherche D\u00e9mence Suisse \u2013 Fondation Synapsis. Depuis 20 ans, la fondation\" \/>\n<meta property=\"og:url\" content=\"https:\/\/www.deinadieu.ch\/fr\/contre-loubli-comprendre-et-ralentir-la-demence\/\" \/>\n<meta property=\"og:site_name\" content=\"DeinAdieu.ch\" \/>\n<meta property=\"article:publisher\" content=\"https:\/\/www.facebook.com\/deinadieu\" \/>\n<meta property=\"article:published_time\" content=\"2023-05-09T05:00:00+00:00\" \/>\n<meta property=\"article:modified_time\" content=\"2023-07-04T09:07:14+00:00\" \/>\n<meta property=\"og:image\" content=\"https:\/\/static.deinadieu.ch\/uploads\/2023\/04\/Bild-1_Corinne-Denzler-Stiftung-Synapsis-1024x683.jpg\" \/>\n<meta name=\"author\" content=\"Sabrina Rohner\" \/>\n<meta name=\"twitter:card\" content=\"summary_large_image\" \/>\n<meta name=\"twitter:creator\" content=\"@DeinAdieu\" \/>\n<meta name=\"twitter:site\" content=\"@DeinAdieu\" \/>\n<meta name=\"twitter:label1\" content=\"Written by\" \/>\n\t<meta name=\"twitter:data1\" content=\"Sabrina Rohner\" \/>\n\t<meta name=\"twitter:label2\" content=\"Est. reading time\" \/>\n\t<meta name=\"twitter:data2\" content=\"9 minutes\" \/>\n<script type=\"application\/ld+json\" class=\"yoast-schema-graph\">{\"@context\":\"https:\\\/\\\/schema.org\",\"@graph\":[{\"@type\":\"Article\",\"@id\":\"https:\\\/\\\/www.deinadieu.ch\\\/fr\\\/contre-loubli-comprendre-et-ralentir-la-demence\\\/#article\",\"isPartOf\":{\"@id\":\"https:\\\/\\\/www.deinadieu.ch\\\/fr\\\/contre-loubli-comprendre-et-ralentir-la-demence\\\/\"},\"author\":{\"name\":\"Sabrina Rohner\",\"@id\":\"https:\\\/\\\/www.deinadieu.ch\\\/fr\\\/#\\\/schema\\\/person\\\/ad724a53f7e50dd3866fc9b0fc6bbdd9\"},\"headline\":\"Contre l&#8217;oubli : comprendre et ralentir la d\u00e9mence\",\"datePublished\":\"2023-05-09T05:00:00+00:00\",\"dateModified\":\"2023-07-04T09:07:14+00:00\",\"mainEntityOfPage\":{\"@id\":\"https:\\\/\\\/www.deinadieu.ch\\\/fr\\\/contre-loubli-comprendre-et-ralentir-la-demence\\\/\"},\"wordCount\":1839,\"commentCount\":0,\"publisher\":{\"@id\":\"https:\\\/\\\/www.deinadieu.ch\\\/fr\\\/#organization\"},\"image\":{\"@id\":\"https:\\\/\\\/www.deinadieu.ch\\\/fr\\\/contre-loubli-comprendre-et-ralentir-la-demence\\\/#primaryimage\"},\"thumbnailUrl\":\"https:\\\/\\\/www.deinadieu.ch\\\/wp-content\\\/uploads\\\/2023\\\/04\\\/Bild-1_Corinne-Denzler-Stiftung-Synapsis-1024x683.jpg\",\"keywords\":[\"D\u00e9mence\",\"Organisation d'utilit\u00e9 publique\",\"organisations d'aide\",\"Quel effet mon h\u00e9ritage peut-il avoir ?\"],\"articleSection\":[\"Maladie\",\"\u0152uvres caritatives en point de mire\"],\"inLanguage\":\"fr-FR\",\"potentialAction\":[{\"@type\":\"CommentAction\",\"name\":\"Comment\",\"target\":[\"https:\\\/\\\/www.deinadieu.ch\\\/fr\\\/contre-loubli-comprendre-et-ralentir-la-demence\\\/#respond\"]}]},{\"@type\":\"WebPage\",\"@id\":\"https:\\\/\\\/www.deinadieu.ch\\\/fr\\\/contre-loubli-comprendre-et-ralentir-la-demence\\\/\",\"url\":\"https:\\\/\\\/www.deinadieu.ch\\\/fr\\\/contre-loubli-comprendre-et-ralentir-la-demence\\\/\",\"name\":\"Contre l'oubli : comprendre et ralentir la d\u00e9mence | DeinAdieu.ch\",\"isPartOf\":{\"@id\":\"https:\\\/\\\/www.deinadieu.ch\\\/fr\\\/#website\"},\"primaryImageOfPage\":{\"@id\":\"https:\\\/\\\/www.deinadieu.ch\\\/fr\\\/contre-loubli-comprendre-et-ralentir-la-demence\\\/#primaryimage\"},\"image\":{\"@id\":\"https:\\\/\\\/www.deinadieu.ch\\\/fr\\\/contre-loubli-comprendre-et-ralentir-la-demence\\\/#primaryimage\"},\"thumbnailUrl\":\"https:\\\/\\\/www.deinadieu.ch\\\/wp-content\\\/uploads\\\/2023\\\/04\\\/Bild-1_Corinne-Denzler-Stiftung-Synapsis-1024x683.jpg\",\"datePublished\":\"2023-05-09T05:00:00+00:00\",\"dateModified\":\"2023-07-04T09:07:14+00:00\",\"description\":\"Gr\u00e2ce \u00e0 des legs et des dons testamentaires, la fondation Synapsis soutient diff\u00e9rents projets dans le domaine de la recherche sur la d\u00e9mence. Lisez le portrait ici.\",\"breadcrumb\":{\"@id\":\"https:\\\/\\\/www.deinadieu.ch\\\/fr\\\/contre-loubli-comprendre-et-ralentir-la-demence\\\/#breadcrumb\"},\"inLanguage\":\"fr-FR\",\"potentialAction\":[{\"@type\":\"ReadAction\",\"target\":[\"https:\\\/\\\/www.deinadieu.ch\\\/fr\\\/contre-loubli-comprendre-et-ralentir-la-demence\\\/\"]}]},{\"@type\":\"ImageObject\",\"inLanguage\":\"fr-FR\",\"@id\":\"https:\\\/\\\/www.deinadieu.ch\\\/fr\\\/contre-loubli-comprendre-et-ralentir-la-demence\\\/#primaryimage\",\"url\":\"https:\\\/\\\/www.deinadieu.ch\\\/wp-content\\\/uploads\\\/2023\\\/04\\\/Bild-1_Corinne-Denzler-Stiftung-Synapsis-1024x683.jpg\",\"contentUrl\":\"https:\\\/\\\/www.deinadieu.ch\\\/wp-content\\\/uploads\\\/2023\\\/04\\\/Bild-1_Corinne-Denzler-Stiftung-Synapsis-1024x683.jpg\"},{\"@type\":\"BreadcrumbList\",\"@id\":\"https:\\\/\\\/www.deinadieu.ch\\\/fr\\\/contre-loubli-comprendre-et-ralentir-la-demence\\\/#breadcrumb\",\"itemListElement\":[{\"@type\":\"ListItem\",\"position\":1,\"name\":\"Home\",\"item\":\"https:\\\/\\\/www.deinadieu.ch\\\/fr\\\/deinadieu-dialog-und-serviceportal-zum-lebensende\\\/\"},{\"@type\":\"ListItem\",\"position\":2,\"name\":\"Contre l&#8217;oubli : comprendre et ralentir la d\u00e9mence\"}]},{\"@type\":\"WebSite\",\"@id\":\"https:\\\/\\\/www.deinadieu.ch\\\/fr\\\/#website\",\"url\":\"https:\\\/\\\/www.deinadieu.ch\\\/fr\\\/\",\"name\":\"DeinAdieu.ch\",\"description\":\"Testament, Patientenverf\u00fcgung und Vorsorgeauftrag\",\"publisher\":{\"@id\":\"https:\\\/\\\/www.deinadieu.ch\\\/fr\\\/#organization\"},\"potentialAction\":[{\"@type\":\"SearchAction\",\"target\":{\"@type\":\"EntryPoint\",\"urlTemplate\":\"https:\\\/\\\/www.deinadieu.ch\\\/fr\\\/?s={search_term_string}\"},\"query-input\":{\"@type\":\"PropertyValueSpecification\",\"valueRequired\":true,\"valueName\":\"search_term_string\"}}],\"inLanguage\":\"fr-FR\"},{\"@type\":\"Organization\",\"@id\":\"https:\\\/\\\/www.deinadieu.ch\\\/fr\\\/#organization\",\"name\":\"EMNA Web GmbH\",\"url\":\"https:\\\/\\\/www.deinadieu.ch\\\/fr\\\/\",\"logo\":{\"@type\":\"ImageObject\",\"inLanguage\":\"fr-FR\",\"@id\":\"https:\\\/\\\/www.deinadieu.ch\\\/fr\\\/#\\\/schema\\\/logo\\\/image\\\/\",\"url\":\"https:\\\/\\\/www.deinadieu.ch\\\/wp-content\\\/uploads\\\/2016\\\/01\\\/DeinAdieu_Logo.png\",\"contentUrl\":\"https:\\\/\\\/www.deinadieu.ch\\\/wp-content\\\/uploads\\\/2016\\\/01\\\/DeinAdieu_Logo.png\",\"width\":300,\"height\":117,\"caption\":\"EMNA Web GmbH\"},\"image\":{\"@id\":\"https:\\\/\\\/www.deinadieu.ch\\\/fr\\\/#\\\/schema\\\/logo\\\/image\\\/\"},\"sameAs\":[\"https:\\\/\\\/www.facebook.com\\\/deinadieu\",\"https:\\\/\\\/x.com\\\/DeinAdieu\",\"https:\\\/\\\/www.instagram.com\\\/deinadieu\\\/\",\"https:\\\/\\\/www.linkedin.com\\\/company\\\/deinadieu.ch\"]},{\"@type\":\"Person\",\"@id\":\"https:\\\/\\\/www.deinadieu.ch\\\/fr\\\/#\\\/schema\\\/person\\\/ad724a53f7e50dd3866fc9b0fc6bbdd9\",\"name\":\"Sabrina Rohner\",\"image\":{\"@type\":\"ImageObject\",\"inLanguage\":\"fr-FR\",\"@id\":\"https:\\\/\\\/secure.gravatar.com\\\/avatar\\\/c72cef3c7bba2e19d98358a63ff805dbe088a70fb947d10024d669ded777102d?s=96&d=mm&r=g\",\"url\":\"https:\\\/\\\/secure.gravatar.com\\\/avatar\\\/c72cef3c7bba2e19d98358a63ff805dbe088a70fb947d10024d669ded777102d?s=96&d=mm&r=g\",\"contentUrl\":\"https:\\\/\\\/secure.gravatar.com\\\/avatar\\\/c72cef3c7bba2e19d98358a63ff805dbe088a70fb947d10024d669ded777102d?s=96&d=mm&r=g\",\"caption\":\"Sabrina Rohner\"},\"url\":\"https:\\\/\\\/www.deinadieu.ch\\\/fr\\\/author\\\/sabrina-rohnergmail-com\\\/\"}]}<\/script>","yoast_head_json":{"title":"Contre l'oubli : comprendre et ralentir la d\u00e9mence | DeinAdieu.ch","description":"Gr\u00e2ce \u00e0 des legs et des dons testamentaires, la fondation Synapsis soutient diff\u00e9rents projets dans le domaine de la recherche sur la d\u00e9mence. Lisez le portrait ici.","robots":{"index":"index","follow":"follow","max-snippet":"max-snippet:-1","max-image-preview":"max-image-preview:large","max-video-preview":"max-video-preview:-1"},"canonical":"https:\/\/www.deinadieu.ch\/fr\/contre-loubli-comprendre-et-ralentir-la-demence\/","og_locale":"fr_FR","og_type":"article","og_title":"Contre l'oubli : comprendre et ralentir la d\u00e9mence","og_description":"Promouvoir la recherche pour stopper la d\u00e9mence : telle est la mission de Recherche D\u00e9mence Suisse \u2013 Fondation Synapsis. Depuis 20 ans, la fondation","og_url":"https:\/\/www.deinadieu.ch\/fr\/contre-loubli-comprendre-et-ralentir-la-demence\/","og_site_name":"DeinAdieu.ch","article_publisher":"https:\/\/www.facebook.com\/deinadieu","article_published_time":"2023-05-09T05:00:00+00:00","article_modified_time":"2023-07-04T09:07:14+00:00","og_image":[{"url":"https:\/\/static.deinadieu.ch\/uploads\/2023\/04\/Bild-1_Corinne-Denzler-Stiftung-Synapsis-1024x683.jpg","type":"","width":"","height":""}],"author":"Sabrina Rohner","twitter_card":"summary_large_image","twitter_creator":"@DeinAdieu","twitter_site":"@DeinAdieu","twitter_misc":{"Written by":"Sabrina Rohner","Est. reading time":"9 minutes"},"schema":{"@context":"https:\/\/schema.org","@graph":[{"@type":"Article","@id":"https:\/\/www.deinadieu.ch\/fr\/contre-loubli-comprendre-et-ralentir-la-demence\/#article","isPartOf":{"@id":"https:\/\/www.deinadieu.ch\/fr\/contre-loubli-comprendre-et-ralentir-la-demence\/"},"author":{"name":"Sabrina Rohner","@id":"https:\/\/www.deinadieu.ch\/fr\/#\/schema\/person\/ad724a53f7e50dd3866fc9b0fc6bbdd9"},"headline":"Contre l&#8217;oubli : comprendre et ralentir la d\u00e9mence","datePublished":"2023-05-09T05:00:00+00:00","dateModified":"2023-07-04T09:07:14+00:00","mainEntityOfPage":{"@id":"https:\/\/www.deinadieu.ch\/fr\/contre-loubli-comprendre-et-ralentir-la-demence\/"},"wordCount":1839,"commentCount":0,"publisher":{"@id":"https:\/\/www.deinadieu.ch\/fr\/#organization"},"image":{"@id":"https:\/\/www.deinadieu.ch\/fr\/contre-loubli-comprendre-et-ralentir-la-demence\/#primaryimage"},"thumbnailUrl":"https:\/\/www.deinadieu.ch\/wp-content\/uploads\/2023\/04\/Bild-1_Corinne-Denzler-Stiftung-Synapsis-1024x683.jpg","keywords":["D\u00e9mence","Organisation d'utilit\u00e9 publique","organisations d'aide","Quel effet mon h\u00e9ritage peut-il avoir ?"],"articleSection":["Maladie","\u0152uvres caritatives en point de mire"],"inLanguage":"fr-FR","potentialAction":[{"@type":"CommentAction","name":"Comment","target":["https:\/\/www.deinadieu.ch\/fr\/contre-loubli-comprendre-et-ralentir-la-demence\/#respond"]}]},{"@type":"WebPage","@id":"https:\/\/www.deinadieu.ch\/fr\/contre-loubli-comprendre-et-ralentir-la-demence\/","url":"https:\/\/www.deinadieu.ch\/fr\/contre-loubli-comprendre-et-ralentir-la-demence\/","name":"Contre l'oubli : comprendre et ralentir la d\u00e9mence | DeinAdieu.ch","isPartOf":{"@id":"https:\/\/www.deinadieu.ch\/fr\/#website"},"primaryImageOfPage":{"@id":"https:\/\/www.deinadieu.ch\/fr\/contre-loubli-comprendre-et-ralentir-la-demence\/#primaryimage"},"image":{"@id":"https:\/\/www.deinadieu.ch\/fr\/contre-loubli-comprendre-et-ralentir-la-demence\/#primaryimage"},"thumbnailUrl":"https:\/\/www.deinadieu.ch\/wp-content\/uploads\/2023\/04\/Bild-1_Corinne-Denzler-Stiftung-Synapsis-1024x683.jpg","datePublished":"2023-05-09T05:00:00+00:00","dateModified":"2023-07-04T09:07:14+00:00","description":"Gr\u00e2ce \u00e0 des legs et des dons testamentaires, la fondation Synapsis soutient diff\u00e9rents projets dans le domaine de la recherche sur la d\u00e9mence. Lisez le portrait ici.","breadcrumb":{"@id":"https:\/\/www.deinadieu.ch\/fr\/contre-loubli-comprendre-et-ralentir-la-demence\/#breadcrumb"},"inLanguage":"fr-FR","potentialAction":[{"@type":"ReadAction","target":["https:\/\/www.deinadieu.ch\/fr\/contre-loubli-comprendre-et-ralentir-la-demence\/"]}]},{"@type":"ImageObject","inLanguage":"fr-FR","@id":"https:\/\/www.deinadieu.ch\/fr\/contre-loubli-comprendre-et-ralentir-la-demence\/#primaryimage","url":"https:\/\/www.deinadieu.ch\/wp-content\/uploads\/2023\/04\/Bild-1_Corinne-Denzler-Stiftung-Synapsis-1024x683.jpg","contentUrl":"https:\/\/www.deinadieu.ch\/wp-content\/uploads\/2023\/04\/Bild-1_Corinne-Denzler-Stiftung-Synapsis-1024x683.jpg"},{"@type":"BreadcrumbList","@id":"https:\/\/www.deinadieu.ch\/fr\/contre-loubli-comprendre-et-ralentir-la-demence\/#breadcrumb","itemListElement":[{"@type":"ListItem","position":1,"name":"Home","item":"https:\/\/www.deinadieu.ch\/fr\/deinadieu-dialog-und-serviceportal-zum-lebensende\/"},{"@type":"ListItem","position":2,"name":"Contre l&#8217;oubli : comprendre et ralentir la d\u00e9mence"}]},{"@type":"WebSite","@id":"https:\/\/www.deinadieu.ch\/fr\/#website","url":"https:\/\/www.deinadieu.ch\/fr\/","name":"DeinAdieu.ch","description":"Testament, Patientenverf\u00fcgung und Vorsorgeauftrag","publisher":{"@id":"https:\/\/www.deinadieu.ch\/fr\/#organization"},"potentialAction":[{"@type":"SearchAction","target":{"@type":"EntryPoint","urlTemplate":"https:\/\/www.deinadieu.ch\/fr\/?s={search_term_string}"},"query-input":{"@type":"PropertyValueSpecification","valueRequired":true,"valueName":"search_term_string"}}],"inLanguage":"fr-FR"},{"@type":"Organization","@id":"https:\/\/www.deinadieu.ch\/fr\/#organization","name":"EMNA Web GmbH","url":"https:\/\/www.deinadieu.ch\/fr\/","logo":{"@type":"ImageObject","inLanguage":"fr-FR","@id":"https:\/\/www.deinadieu.ch\/fr\/#\/schema\/logo\/image\/","url":"https:\/\/www.deinadieu.ch\/wp-content\/uploads\/2016\/01\/DeinAdieu_Logo.png","contentUrl":"https:\/\/www.deinadieu.ch\/wp-content\/uploads\/2016\/01\/DeinAdieu_Logo.png","width":300,"height":117,"caption":"EMNA Web GmbH"},"image":{"@id":"https:\/\/www.deinadieu.ch\/fr\/#\/schema\/logo\/image\/"},"sameAs":["https:\/\/www.facebook.com\/deinadieu","https:\/\/x.com\/DeinAdieu","https:\/\/www.instagram.com\/deinadieu\/","https:\/\/www.linkedin.com\/company\/deinadieu.ch"]},{"@type":"Person","@id":"https:\/\/www.deinadieu.ch\/fr\/#\/schema\/person\/ad724a53f7e50dd3866fc9b0fc6bbdd9","name":"Sabrina Rohner","image":{"@type":"ImageObject","inLanguage":"fr-FR","@id":"https:\/\/secure.gravatar.com\/avatar\/c72cef3c7bba2e19d98358a63ff805dbe088a70fb947d10024d669ded777102d?s=96&d=mm&r=g","url":"https:\/\/secure.gravatar.com\/avatar\/c72cef3c7bba2e19d98358a63ff805dbe088a70fb947d10024d669ded777102d?s=96&d=mm&r=g","contentUrl":"https:\/\/secure.gravatar.com\/avatar\/c72cef3c7bba2e19d98358a63ff805dbe088a70fb947d10024d669ded777102d?s=96&d=mm&r=g","caption":"Sabrina Rohner"},"url":"https:\/\/www.deinadieu.ch\/fr\/author\/sabrina-rohnergmail-com\/"}]}},"_links":{"self":[{"href":"https:\/\/www.deinadieu.ch\/fr\/wp-json\/wp\/v2\/posts\/64719","targetHints":{"allow":["GET"]}}],"collection":[{"href":"https:\/\/www.deinadieu.ch\/fr\/wp-json\/wp\/v2\/posts"}],"about":[{"href":"https:\/\/www.deinadieu.ch\/fr\/wp-json\/wp\/v2\/types\/post"}],"author":[{"embeddable":true,"href":"https:\/\/www.deinadieu.ch\/fr\/wp-json\/wp\/v2\/users\/6038"}],"replies":[{"embeddable":true,"href":"https:\/\/www.deinadieu.ch\/fr\/wp-json\/wp\/v2\/comments?post=64719"}],"version-history":[{"count":1,"href":"https:\/\/www.deinadieu.ch\/fr\/wp-json\/wp\/v2\/posts\/64719\/revisions"}],"predecessor-version":[{"id":64720,"href":"https:\/\/www.deinadieu.ch\/fr\/wp-json\/wp\/v2\/posts\/64719\/revisions\/64720"}],"wp:attachment":[{"href":"https:\/\/www.deinadieu.ch\/fr\/wp-json\/wp\/v2\/media?parent=64719"}],"wp:term":[{"taxonomy":"category","embeddable":true,"href":"https:\/\/www.deinadieu.ch\/fr\/wp-json\/wp\/v2\/categories?post=64719"},{"taxonomy":"post_tag","embeddable":true,"href":"https:\/\/www.deinadieu.ch\/fr\/wp-json\/wp\/v2\/tags?post=64719"}],"curies":[{"name":"wp","href":"https:\/\/api.w.org\/{rel}","templated":true}]}}