{"id":63028,"date":"2023-03-28T07:00:00","date_gmt":"2023-03-28T05:00:00","guid":{"rendered":"https:\/\/www.deinadieu.ch\/cette-injustice-me-pousse-personnellement-a-agir\/"},"modified":"2024-03-25T15:26:59","modified_gmt":"2024-03-25T14:26:59","slug":"cette-injustice-me-pousse-personnellement-a-agir","status":"publish","type":"post","link":"https:\/\/www.deinadieu.ch\/fr\/cette-injustice-me-pousse-personnellement-a-agir\/","title":{"rendered":"\u00ab Cette injustice me pousse personnellement \u00e0 agir \u00bb"},"content":{"rendered":"\n<p>L&#8217;acc\u00e8s aux soins m\u00e9dicaux est un droit humain, affirme Christian Heuss, directeur g\u00e9n\u00e9ral adjoint de SolidarMed. Dans l&#8217;interview, il parle de la mani\u00e8re dont l&#8217;organisation lutte contre les grossesses d&#8217;adolescentes et la propagation du VIH dans les pays africains.<\/p>\n\n<!--more-->\n\n<p><a href=\"https:\/\/www.deinadieu.ch\/fr\/oeuvres-de-bienfaisance\/\">SolidarMed<\/a> am\u00e9liore les soins m\u00e9dicaux de millions de personnes au Kenya, au Lesotho, au Mozambique, en Zambie, au Zimbabwe, en Afrique du Sud et en Tanzanie. L&#8217;organisation a \u00e9t\u00e9 fond\u00e9e en 1926 en tant qu&#8217;organisation catholique pour le d\u00e9tachement de m\u00e9decins depuis la Suisse.<strong>\u00ab Aujourd&#8217;hui, SolidarMed n&#8217;est plus li\u00e9e \u00e0 une \u00e9glise et place le renforcement des soins m\u00e9dicaux au centre de toutes ses activit\u00e9s \u00bb,<\/strong>explique Christian Heuss, responsable de la collecte de fonds et de la communication et directeur g\u00e9n\u00e9ral adjoint de l&#8217;organisation. <strong>Plut\u00f4t que d&#8217;envoyer du personnel m\u00e9dical, SolidarMed travaille avec des partenaires locaux dans le domaine de la sant\u00e9<\/strong>. Des projets m\u00e9dicaux voient ainsi le jour en \u00e9troite collaboration avec des h\u00f4pitaux, des centres de sant\u00e9 et les autorit\u00e9s, dans le but d&#8217;am\u00e9liorer les soins, notamment pour les enfants et les jeunes familles, de former du personnel m\u00e9dical ou de renforcer les h\u00f4pitaux et les centres de sant\u00e9. En 2020, SolidarMed a en outre repris la fondation zurichoise Aids und Kind et poursuit ses activit\u00e9s en faveur des jeunes et des enfants touch\u00e9s par le VIH\/sida en Afrique du Sud et au Kenya.<\/p>\n\n<p><strong>Dans quels pays o\u00f9 SolidarMed est active le VIH reste-t-il un probl\u00e8me particuli\u00e8rement important ?<\/strong><\/p>\n\n<p><em>Christian Heuss<\/em> : Le VIH joue toujours un r\u00f4le important dans tous les pays o\u00f9 nous sommes actifs avec SolidarMed. C&#8217;est au Lesotho, un \u00e9tat montagneux situ\u00e9 au centre de l&#8217;Afrique du Sud, que la situation en lien avec le VIH est la plus difficile. Un adulte sur quatre y est encore s\u00e9ropositif. Le Lesotho est ainsi le deuxi\u00e8me pays au monde o\u00f9 la pr\u00e9valence est la plus \u00e9lev\u00e9e. Certes, aujourd&#8217;hui, le virus peut \u00eatre bien combattu gr\u00e2ce \u00e0 des m\u00e9dicaments modernes, qui ne sont d&#8217;ailleurs plus tr\u00e8s chers (un traitement annuel co\u00fbte moins de 75 francs par patiente ou patient). Cependant, le diagnostic reste un d\u00e9fi. Seules les personnes qui connaissent leur statut s\u00e9rologique VIH peuvent se faire traiter et seules les personnes qui prennent r\u00e9guli\u00e8rement des m\u00e9dicaments ne peuvent plus transmettre le virus. La disponibilit\u00e9 des pr\u00e9servatifs est \u00e9galement un probl\u00e8me, surtout dans les h\u00f4pitaux dans lesquels la religion catholique pr\u00e9domine. <\/p>\n\n<p><strong>Dans quelle mesure les enfants sont-ils encore touch\u00e9s par le VIH ?<\/strong><\/p>\n\n<p>Le VIH n&#8217;est plus que rarement transmis aux enfants \u00e0 la naissance si leurs m\u00e8res sont trait\u00e9es et suivies pendant la grossesse. N\u00e9anmoins, la s\u00e9ropositivit\u00e9 de la m\u00e8re ou du p\u00e8re reste un probl\u00e8me majeur pour les enfants, par exemple dans les townships d&#8217;Afrique du Sud, o\u00f9 le contexte social est souvent tr\u00e8s difficile dans les familles concern\u00e9es. La stigmatisation joue \u00e9galement un r\u00f4le important.<\/p>\n\n<p><strong>Comment apportez-vous votre aide sur place ?<\/strong><\/p>\n\n<p>Dans la plupart des pays dans lesquels nous intervenons, nous avons mis en place des \u00e9quipes nationales locales. Elles sont compos\u00e9es d&#8217;experts en sant\u00e9 publique, en m\u00e9decine, en obst\u00e9trique ou en soins infirmiers. Dans le domaine du VIH, par exemple, il existe un centre pour les jeunes dans lequel ceux-ci re\u00e7oivent des conseils en mati\u00e8re de planning familial ou de sexualit\u00e9 et transmettent ensuite leurs connaissances dans leurs villages. Un projet de ce type est actuellement en cours au Lesotho. Nous travaillons \u00e9galement sur ces questions au Zimbabwe, en Tanzanie et au Mozambique. L&#8217;un des objectifs est \u00e9galement de r\u00e9duire le nombre de grossesses chez les adolescentes. En effet, les jeunes filles ne sont souvent pas encore pr\u00eates physiquement pour une grossesse. Il existe donc un risque \u00e9lev\u00e9 pour la sant\u00e9, mais \u00e9galement un risque financier \u00e9lev\u00e9 pour la m\u00e8re et l&#8217;enfant. <\/p>\n\n<p><\/p>\n\n<p><strong>Quels sont les plus grands d\u00e9fis ?<\/strong><\/p>\n\n<p>De nombreux pays africains manquent cruellement de personnel de sant\u00e9. Dans la plupart des pays, les ressources en personnel sont bien inf\u00e9rieures aux recommandations de l&#8217;OMS, ce qui est encore plus prononc\u00e9 dans les zones rurales. Il faut beaucoup plus de personnel soignant, de sages-femmes et de m\u00e9decins et la qualit\u00e9 du travail doit \u00e9galement \u00eatre am\u00e9lior\u00e9e. SolidarMed investit ainsi fortement dans la formation du personnel et dans la qualit\u00e9 des traitements et des soins. En effet, des soins m\u00e9dicaux de qualit\u00e9 sont un moyen essentiel pour briser le cercle vicieux de la pauvret\u00e9. Sans sant\u00e9, pas d&#8217;\u00e9ducation et, sans \u00e9ducation, pas de d\u00e9veloppement. Ainsi, nous travaillons \u00e9galement \u00e0 l&#8217;am\u00e9lioration des possibilit\u00e9s de logement pour le personnel de sant\u00e9 afin d&#8217;\u00e9viter une fuite du personnel. <\/p>\n\n<figure class=\"wp-block-image size-large\"><img loading=\"lazy\" decoding=\"async\" width=\"1024\" height=\"683\" src=\"https:\/\/www.deinadieu.ch\/wp-content\/uploads\/2023\/03\/solidarmed_3348-1-1024x683.jpg\" alt=\"\" class=\"wp-image-62564\" srcset=\"https:\/\/www.deinadieu.ch\/wp-content\/uploads\/2023\/03\/solidarmed_3348-1-1024x683.jpg 1024w, https:\/\/www.deinadieu.ch\/wp-content\/uploads\/2023\/03\/solidarmed_3348-1-300x200.jpg 300w, https:\/\/www.deinadieu.ch\/wp-content\/uploads\/2023\/03\/solidarmed_3348-1-1536x1024.jpg 1536w, https:\/\/www.deinadieu.ch\/wp-content\/uploads\/2023\/03\/solidarmed_3348-1-2048x1365.jpg 2048w\" sizes=\"auto, (max-width: 1024px) 100vw, 1024px\" \/><\/figure>\n\n<p><br\/><strong>Quels commentaires recevez-vous ?<br\/><\/strong>Le fait d&#8217;\u00eatre sur place quelque part, d&#8217;aider et de ne pas simplement repartir apr\u00e8s peu de temps a une grande qualit\u00e9 et peut conduire \u00e0 des changements durables. SolidarMed est active dans certains pays depuis des d\u00e9cennies. Parfois, nous menons de petits projets pilotes dans un h\u00f4pital ou un centre de sant\u00e9, qui sont ensuite repris dans d&#8217;autres r\u00e9gions du pays. Tel est le cas par exemple d&#8217;un h\u00f4pital isol\u00e9 en Tanzanie, o\u00f9 nous avons obtenu d&#8217;excellents r\u00e9sultats avec peu de moyens. Nous avons cr\u00e9\u00e9 un service pour les pr\u00e9matur\u00e9s et introduit le concept de la m\u00e9thode kangourou : les pr\u00e9matur\u00e9s b\u00e9n\u00e9ficient d&#8217;une proximit\u00e9 maximale avec leur m\u00e8re, ce qui augmente consid\u00e9rablement leurs chances de survie. Une petite mesure a ainsi permis de r\u00e9duire massivement la mortalit\u00e9. Des repr\u00e9sentants du minist\u00e8re de la sant\u00e9 ont visit\u00e9 l&#8217;h\u00f4pital. Des mesures similaires peuvent d\u00e9sormais \u00eatre mises en \u0153uvre dans d&#8217;autres h\u00f4pitaux.<\/p>\n\n<p><br\/><strong>Qu&#8217;est-ce que vous aimez particuli\u00e8rement dans votre travail ?<br\/><\/strong>Personnellement, le comportement tr\u00e8s disciplin\u00e9 des gens pendant la pand\u00e9mie m&#8217;a beaucoup impressionn\u00e9. Dans les pays dans lesquels nous intervenons, il n&#8217;\u00e9tait pas du tout question de porter un masque. Les couturiers ont rapidement cousu des masques, les gens ont suivi les consignes. En Afrique, les gens sont beaucoup plus marqu\u00e9s par les maladies, ils connaissent par exemple le paludisme comme un danger saisonnier. La sensibilit\u00e9 est beaucoup plus \u00e9lev\u00e9e. Les discussions \u00e9motionnelles que nous avons eues ici sur l&#8217;obligation de porter un masque n&#8217;ont gu\u00e8re eu lieu l\u00e0-bas. La conscience que le probl\u00e8me ne pouvait \u00eatre r\u00e9solu qu&#8217;avec la collaboration de toute la communaut\u00e9 y \u00e9tait bien plus r\u00e9pandue.<\/p>\n\n<p><br\/><strong>Quelle est votre vision ?<br\/><\/strong>Ma conviction fondamentale est que l&#8217;acc\u00e8s aux soins m\u00e9dicaux est un droit humain. Il est injuste que tel ne soit pas le cas pour une grande partie de la population mondiale parce que le traitement est trop cher ou parce que l&#8217;acc\u00e8s fait d\u00e9faut. L&#8217;endroit o\u00f9 l&#8217;on na\u00eet rel\u00e8ve du hasard. Je ne vois pas pourquoi quelqu&#8217;un qui vient au monde en Tanzanie devrait avoir de moins bonnes conditions que quelqu&#8217;un qui na\u00eet \u00e0 B\u00e2le. Cette injustice me pousse personnellement \u00e0 agir. Notre vision chez SolidarMed est de contribuer \u00e0 ce qu&#8217;il y ait des soins m\u00e9dicaux universels. Chaque enfant que l&#8217;on peut sauver, chaque pr\u00e9matur\u00e9 qui ne meurt pas, est un succ\u00e8s. Nous assumons cette responsabilit\u00e9.<\/p>\n\n<p><br\/><strong>Pourquoi avez-vous besoin de dons ?<br\/><\/strong>Nos dons sont affect\u00e9s \u00e0 nos projets de sant\u00e9 et profitent ainsi \u00e0 la sant\u00e9 de plus de trois millions de personnes. Bien que nous soyons soutenus par la DDC, mais \u00e9galement par des fondations, des cantons et des communes, nous d\u00e9pendons des dons des particuliers. En tant qu&#8217;\u0153uvre de bienfaisance certifi\u00e9e Zewo, nous garantissons une utilisation efficace des dons. Plus de 81% des dons sont directement affect\u00e9s \u00e0 nos projets m\u00e9dicaux.<\/p>\n\n<div style=\"height:40px\" aria-hidden=\"true\" class=\"wp-block-spacer\"><\/div>\n\n<div class=\"wp-block-buttons is-layout-flex wp-block-buttons-is-layout-flex\">\n<div class=\"wp-block-button\"><a class=\"wp-block-button__link wp-element-button\" href=\"https:\/\/app.deinadieu.ch\/da\/testament\/4620\">Favoriser SolidarMed dans son testament<\/a><\/div>\n<\/div>\n","protected":false},"excerpt":{"rendered":"<p>L&#8217;acc\u00e8s aux soins m\u00e9dicaux est un droit humain, affirme Christian Heuss, directeur g\u00e9n\u00e9ral adjoint de SolidarMed. Dans l&#8217;interview, il parle de la mani\u00e8re dont l&#8217;organisation lutte contre les grossesses d&#8217;adolescentes et la propagation du VIH dans les pays africains.<\/p>\n","protected":false},"author":6028,"featured_media":62562,"comment_status":"open","ping_status":"closed","sticky":false,"template":"","format":"standard","meta":{"_acf_changed":false,"footnotes":""},"categories":[2450],"tags":[2841,3164,2469],"class_list":["post-63028","post","type-post","status-publish","format-standard","has-post-thumbnail","hentry","category-oeuvres-caritatives","tag-organisation-dutilite-publique","tag-organisations-daide","tag-quel-effet-mon-heritage-peut-il-avoir"],"acf":[],"yoast_head":"<title>\u00ab Cette injustice me pousse personnellement \u00e0 agir \u00bb | DeinAdieu.ch<\/title>\n<meta name=\"description\" content=\"SolidarMed am\u00e9liore l&#039;acc\u00e8s aux soins m\u00e9dicaux dans plusieurs pays africains. Christian Heuss parle de la lutte contre le VIH et les grossesses des adolescentes.\" \/>\n<meta name=\"robots\" content=\"index, follow, max-snippet:-1, max-image-preview:large, max-video-preview:-1\" \/>\n<link rel=\"canonical\" href=\"https:\/\/www.deinadieu.ch\/fr\/cette-injustice-me-pousse-personnellement-a-agir\/\" \/>\n<meta property=\"og:locale\" content=\"fr_FR\" \/>\n<meta property=\"og:type\" content=\"article\" \/>\n<meta property=\"og:title\" content=\"\u00ab Cette injustice me pousse personnellement \u00e0 agir \u00bb\" \/>\n<meta property=\"og:description\" content=\"L&#039;acc\u00e8s aux soins m\u00e9dicaux est un droit humain, affirme Christian Heuss, directeur g\u00e9n\u00e9ral adjoint de SolidarMed. Dans l&#039;interview, il parle de la mani\u00e8re\" \/>\n<meta property=\"og:url\" content=\"https:\/\/www.deinadieu.ch\/fr\/cette-injustice-me-pousse-personnellement-a-agir\/\" \/>\n<meta property=\"og:site_name\" content=\"DeinAdieu.ch\" \/>\n<meta property=\"article:publisher\" content=\"https:\/\/www.facebook.com\/deinadieu\" \/>\n<meta property=\"article:published_time\" content=\"2023-03-28T05:00:00+00:00\" \/>\n<meta property=\"article:modified_time\" content=\"2024-03-25T14:26:59+00:00\" \/>\n<meta property=\"og:image\" content=\"https:\/\/static.deinadieu.ch\/uploads\/2023\/03\/solidarmed_3303-1-scaled.jpg\" \/>\n\t<meta property=\"og:image:width\" content=\"2560\" \/>\n\t<meta property=\"og:image:height\" content=\"1706\" \/>\n\t<meta property=\"og:image:type\" content=\"image\/jpeg\" \/>\n<meta name=\"author\" content=\"Janina Gehrig, MA UZH, Redaktorin\" \/>\n<meta name=\"twitter:card\" content=\"summary_large_image\" \/>\n<meta name=\"twitter:creator\" content=\"@DeinAdieu\" \/>\n<meta name=\"twitter:site\" content=\"@DeinAdieu\" \/>\n<meta name=\"twitter:label1\" content=\"Written by\" \/>\n\t<meta name=\"twitter:data1\" content=\"Janina Gehrig, MA UZH, Redaktorin\" \/>\n\t<meta name=\"twitter:label2\" content=\"Est. reading time\" \/>\n\t<meta name=\"twitter:data2\" content=\"7 minutes\" \/>\n<script type=\"application\/ld+json\" class=\"yoast-schema-graph\">{\"@context\":\"https:\\\/\\\/schema.org\",\"@graph\":[{\"@type\":\"Article\",\"@id\":\"https:\\\/\\\/www.deinadieu.ch\\\/fr\\\/cette-injustice-me-pousse-personnellement-a-agir\\\/#article\",\"isPartOf\":{\"@id\":\"https:\\\/\\\/www.deinadieu.ch\\\/fr\\\/cette-injustice-me-pousse-personnellement-a-agir\\\/\"},\"author\":{\"name\":\"Janina Gehrig, MA UZH, Redaktorin\",\"@id\":\"https:\\\/\\\/www.deinadieu.ch\\\/fr\\\/#\\\/schema\\\/person\\\/78cffe1cb679e17f919e3d0c0e7b9673\"},\"headline\":\"\u00ab Cette injustice me pousse personnellement \u00e0 agir \u00bb\",\"datePublished\":\"2023-03-28T05:00:00+00:00\",\"dateModified\":\"2024-03-25T14:26:59+00:00\",\"mainEntityOfPage\":{\"@id\":\"https:\\\/\\\/www.deinadieu.ch\\\/fr\\\/cette-injustice-me-pousse-personnellement-a-agir\\\/\"},\"wordCount\":1378,\"commentCount\":0,\"publisher\":{\"@id\":\"https:\\\/\\\/www.deinadieu.ch\\\/fr\\\/#organization\"},\"image\":{\"@id\":\"https:\\\/\\\/www.deinadieu.ch\\\/fr\\\/cette-injustice-me-pousse-personnellement-a-agir\\\/#primaryimage\"},\"thumbnailUrl\":\"https:\\\/\\\/www.deinadieu.ch\\\/wp-content\\\/uploads\\\/2023\\\/03\\\/solidarmed_3303-1-scaled.jpg\",\"keywords\":[\"Organisation d'utilit\u00e9 publique\",\"organisations d'aide\",\"Quel effet mon h\u00e9ritage peut-il avoir ?\"],\"articleSection\":[\"\u0152uvres caritatives en point de mire\"],\"inLanguage\":\"fr-FR\",\"potentialAction\":[{\"@type\":\"CommentAction\",\"name\":\"Comment\",\"target\":[\"https:\\\/\\\/www.deinadieu.ch\\\/fr\\\/cette-injustice-me-pousse-personnellement-a-agir\\\/#respond\"]}]},{\"@type\":\"WebPage\",\"@id\":\"https:\\\/\\\/www.deinadieu.ch\\\/fr\\\/cette-injustice-me-pousse-personnellement-a-agir\\\/\",\"url\":\"https:\\\/\\\/www.deinadieu.ch\\\/fr\\\/cette-injustice-me-pousse-personnellement-a-agir\\\/\",\"name\":\"\u00ab Cette injustice me pousse personnellement \u00e0 agir \u00bb | DeinAdieu.ch\",\"isPartOf\":{\"@id\":\"https:\\\/\\\/www.deinadieu.ch\\\/fr\\\/#website\"},\"primaryImageOfPage\":{\"@id\":\"https:\\\/\\\/www.deinadieu.ch\\\/fr\\\/cette-injustice-me-pousse-personnellement-a-agir\\\/#primaryimage\"},\"image\":{\"@id\":\"https:\\\/\\\/www.deinadieu.ch\\\/fr\\\/cette-injustice-me-pousse-personnellement-a-agir\\\/#primaryimage\"},\"thumbnailUrl\":\"https:\\\/\\\/www.deinadieu.ch\\\/wp-content\\\/uploads\\\/2023\\\/03\\\/solidarmed_3303-1-scaled.jpg\",\"datePublished\":\"2023-03-28T05:00:00+00:00\",\"dateModified\":\"2024-03-25T14:26:59+00:00\",\"description\":\"SolidarMed am\u00e9liore l'acc\u00e8s aux soins m\u00e9dicaux dans plusieurs pays africains. Christian Heuss parle de la lutte contre le VIH et les grossesses des adolescentes.\",\"breadcrumb\":{\"@id\":\"https:\\\/\\\/www.deinadieu.ch\\\/fr\\\/cette-injustice-me-pousse-personnellement-a-agir\\\/#breadcrumb\"},\"inLanguage\":\"fr-FR\",\"potentialAction\":[{\"@type\":\"ReadAction\",\"target\":[\"https:\\\/\\\/www.deinadieu.ch\\\/fr\\\/cette-injustice-me-pousse-personnellement-a-agir\\\/\"]}]},{\"@type\":\"ImageObject\",\"inLanguage\":\"fr-FR\",\"@id\":\"https:\\\/\\\/www.deinadieu.ch\\\/fr\\\/cette-injustice-me-pousse-personnellement-a-agir\\\/#primaryimage\",\"url\":\"https:\\\/\\\/www.deinadieu.ch\\\/wp-content\\\/uploads\\\/2023\\\/03\\\/solidarmed_3303-1-scaled.jpg\",\"contentUrl\":\"https:\\\/\\\/www.deinadieu.ch\\\/wp-content\\\/uploads\\\/2023\\\/03\\\/solidarmed_3303-1-scaled.jpg\",\"width\":2560,\"height\":1706,\"caption\":\"Christian Heuss, responsable de la collecte de fonds et de la communication de SolidarMed (Photos : Djamila Grossman)\"},{\"@type\":\"BreadcrumbList\",\"@id\":\"https:\\\/\\\/www.deinadieu.ch\\\/fr\\\/cette-injustice-me-pousse-personnellement-a-agir\\\/#breadcrumb\",\"itemListElement\":[{\"@type\":\"ListItem\",\"position\":1,\"name\":\"Home\",\"item\":\"https:\\\/\\\/www.deinadieu.ch\\\/fr\\\/deinadieu-dialog-und-serviceportal-zum-lebensende\\\/\"},{\"@type\":\"ListItem\",\"position\":2,\"name\":\"\u00ab Cette injustice me pousse personnellement \u00e0 agir \u00bb\"}]},{\"@type\":\"WebSite\",\"@id\":\"https:\\\/\\\/www.deinadieu.ch\\\/fr\\\/#website\",\"url\":\"https:\\\/\\\/www.deinadieu.ch\\\/fr\\\/\",\"name\":\"DeinAdieu.ch\",\"description\":\"Testament, Patientenverf\u00fcgung und Vorsorgeauftrag\",\"publisher\":{\"@id\":\"https:\\\/\\\/www.deinadieu.ch\\\/fr\\\/#organization\"},\"potentialAction\":[{\"@type\":\"SearchAction\",\"target\":{\"@type\":\"EntryPoint\",\"urlTemplate\":\"https:\\\/\\\/www.deinadieu.ch\\\/fr\\\/?s={search_term_string}\"},\"query-input\":{\"@type\":\"PropertyValueSpecification\",\"valueRequired\":true,\"valueName\":\"search_term_string\"}}],\"inLanguage\":\"fr-FR\"},{\"@type\":\"Organization\",\"@id\":\"https:\\\/\\\/www.deinadieu.ch\\\/fr\\\/#organization\",\"name\":\"EMNA Web GmbH\",\"url\":\"https:\\\/\\\/www.deinadieu.ch\\\/fr\\\/\",\"logo\":{\"@type\":\"ImageObject\",\"inLanguage\":\"fr-FR\",\"@id\":\"https:\\\/\\\/www.deinadieu.ch\\\/fr\\\/#\\\/schema\\\/logo\\\/image\\\/\",\"url\":\"https:\\\/\\\/www.deinadieu.ch\\\/wp-content\\\/uploads\\\/2016\\\/01\\\/DeinAdieu_Logo.png\",\"contentUrl\":\"https:\\\/\\\/www.deinadieu.ch\\\/wp-content\\\/uploads\\\/2016\\\/01\\\/DeinAdieu_Logo.png\",\"width\":300,\"height\":117,\"caption\":\"EMNA Web GmbH\"},\"image\":{\"@id\":\"https:\\\/\\\/www.deinadieu.ch\\\/fr\\\/#\\\/schema\\\/logo\\\/image\\\/\"},\"sameAs\":[\"https:\\\/\\\/www.facebook.com\\\/deinadieu\",\"https:\\\/\\\/x.com\\\/DeinAdieu\",\"https:\\\/\\\/www.instagram.com\\\/deinadieu\\\/\",\"https:\\\/\\\/www.linkedin.com\\\/company\\\/deinadieu.ch\"]},{\"@type\":\"Person\",\"@id\":\"https:\\\/\\\/www.deinadieu.ch\\\/fr\\\/#\\\/schema\\\/person\\\/78cffe1cb679e17f919e3d0c0e7b9673\",\"name\":\"Janina Gehrig, MA UZH, Redaktorin\",\"image\":{\"@type\":\"ImageObject\",\"inLanguage\":\"fr-FR\",\"@id\":\"https:\\\/\\\/secure.gravatar.com\\\/avatar\\\/8bfc4dca12cd7c0a0373c12f34587d1f6a6117903e7ecc0035863bd69df6fb07?s=96&d=mm&r=g\",\"url\":\"https:\\\/\\\/secure.gravatar.com\\\/avatar\\\/8bfc4dca12cd7c0a0373c12f34587d1f6a6117903e7ecc0035863bd69df6fb07?s=96&d=mm&r=g\",\"contentUrl\":\"https:\\\/\\\/secure.gravatar.com\\\/avatar\\\/8bfc4dca12cd7c0a0373c12f34587d1f6a6117903e7ecc0035863bd69df6fb07?s=96&d=mm&r=g\",\"caption\":\"Janina Gehrig, MA UZH, Redaktorin\"},\"url\":\"https:\\\/\\\/www.deinadieu.ch\\\/fr\\\/author\\\/janinagehrig\\\/\"}]}<\/script>","yoast_head_json":{"title":"\u00ab Cette injustice me pousse personnellement \u00e0 agir \u00bb | DeinAdieu.ch","description":"SolidarMed am\u00e9liore l'acc\u00e8s aux soins m\u00e9dicaux dans plusieurs pays africains. Christian Heuss parle de la lutte contre le VIH et les grossesses des adolescentes.","robots":{"index":"index","follow":"follow","max-snippet":"max-snippet:-1","max-image-preview":"max-image-preview:large","max-video-preview":"max-video-preview:-1"},"canonical":"https:\/\/www.deinadieu.ch\/fr\/cette-injustice-me-pousse-personnellement-a-agir\/","og_locale":"fr_FR","og_type":"article","og_title":"\u00ab Cette injustice me pousse personnellement \u00e0 agir \u00bb","og_description":"L'acc\u00e8s aux soins m\u00e9dicaux est un droit humain, affirme Christian Heuss, directeur g\u00e9n\u00e9ral adjoint de SolidarMed. Dans l'interview, il parle de la mani\u00e8re","og_url":"https:\/\/www.deinadieu.ch\/fr\/cette-injustice-me-pousse-personnellement-a-agir\/","og_site_name":"DeinAdieu.ch","article_publisher":"https:\/\/www.facebook.com\/deinadieu","article_published_time":"2023-03-28T05:00:00+00:00","article_modified_time":"2024-03-25T14:26:59+00:00","og_image":[{"width":2560,"height":1706,"url":"https:\/\/static.deinadieu.ch\/uploads\/2023\/03\/solidarmed_3303-1-scaled.jpg","type":"image\/jpeg"}],"author":"Janina Gehrig, MA UZH, Redaktorin","twitter_card":"summary_large_image","twitter_creator":"@DeinAdieu","twitter_site":"@DeinAdieu","twitter_misc":{"Written by":"Janina Gehrig, MA UZH, Redaktorin","Est. reading time":"7 minutes"},"schema":{"@context":"https:\/\/schema.org","@graph":[{"@type":"Article","@id":"https:\/\/www.deinadieu.ch\/fr\/cette-injustice-me-pousse-personnellement-a-agir\/#article","isPartOf":{"@id":"https:\/\/www.deinadieu.ch\/fr\/cette-injustice-me-pousse-personnellement-a-agir\/"},"author":{"name":"Janina Gehrig, MA UZH, Redaktorin","@id":"https:\/\/www.deinadieu.ch\/fr\/#\/schema\/person\/78cffe1cb679e17f919e3d0c0e7b9673"},"headline":"\u00ab Cette injustice me pousse personnellement \u00e0 agir \u00bb","datePublished":"2023-03-28T05:00:00+00:00","dateModified":"2024-03-25T14:26:59+00:00","mainEntityOfPage":{"@id":"https:\/\/www.deinadieu.ch\/fr\/cette-injustice-me-pousse-personnellement-a-agir\/"},"wordCount":1378,"commentCount":0,"publisher":{"@id":"https:\/\/www.deinadieu.ch\/fr\/#organization"},"image":{"@id":"https:\/\/www.deinadieu.ch\/fr\/cette-injustice-me-pousse-personnellement-a-agir\/#primaryimage"},"thumbnailUrl":"https:\/\/www.deinadieu.ch\/wp-content\/uploads\/2023\/03\/solidarmed_3303-1-scaled.jpg","keywords":["Organisation d'utilit\u00e9 publique","organisations d'aide","Quel effet mon h\u00e9ritage peut-il avoir ?"],"articleSection":["\u0152uvres caritatives en point de mire"],"inLanguage":"fr-FR","potentialAction":[{"@type":"CommentAction","name":"Comment","target":["https:\/\/www.deinadieu.ch\/fr\/cette-injustice-me-pousse-personnellement-a-agir\/#respond"]}]},{"@type":"WebPage","@id":"https:\/\/www.deinadieu.ch\/fr\/cette-injustice-me-pousse-personnellement-a-agir\/","url":"https:\/\/www.deinadieu.ch\/fr\/cette-injustice-me-pousse-personnellement-a-agir\/","name":"\u00ab Cette injustice me pousse personnellement \u00e0 agir \u00bb | DeinAdieu.ch","isPartOf":{"@id":"https:\/\/www.deinadieu.ch\/fr\/#website"},"primaryImageOfPage":{"@id":"https:\/\/www.deinadieu.ch\/fr\/cette-injustice-me-pousse-personnellement-a-agir\/#primaryimage"},"image":{"@id":"https:\/\/www.deinadieu.ch\/fr\/cette-injustice-me-pousse-personnellement-a-agir\/#primaryimage"},"thumbnailUrl":"https:\/\/www.deinadieu.ch\/wp-content\/uploads\/2023\/03\/solidarmed_3303-1-scaled.jpg","datePublished":"2023-03-28T05:00:00+00:00","dateModified":"2024-03-25T14:26:59+00:00","description":"SolidarMed am\u00e9liore l'acc\u00e8s aux soins m\u00e9dicaux dans plusieurs pays africains. Christian Heuss parle de la lutte contre le VIH et les grossesses des adolescentes.","breadcrumb":{"@id":"https:\/\/www.deinadieu.ch\/fr\/cette-injustice-me-pousse-personnellement-a-agir\/#breadcrumb"},"inLanguage":"fr-FR","potentialAction":[{"@type":"ReadAction","target":["https:\/\/www.deinadieu.ch\/fr\/cette-injustice-me-pousse-personnellement-a-agir\/"]}]},{"@type":"ImageObject","inLanguage":"fr-FR","@id":"https:\/\/www.deinadieu.ch\/fr\/cette-injustice-me-pousse-personnellement-a-agir\/#primaryimage","url":"https:\/\/www.deinadieu.ch\/wp-content\/uploads\/2023\/03\/solidarmed_3303-1-scaled.jpg","contentUrl":"https:\/\/www.deinadieu.ch\/wp-content\/uploads\/2023\/03\/solidarmed_3303-1-scaled.jpg","width":2560,"height":1706,"caption":"Christian Heuss, responsable de la collecte de fonds et de la communication de SolidarMed (Photos : Djamila Grossman)"},{"@type":"BreadcrumbList","@id":"https:\/\/www.deinadieu.ch\/fr\/cette-injustice-me-pousse-personnellement-a-agir\/#breadcrumb","itemListElement":[{"@type":"ListItem","position":1,"name":"Home","item":"https:\/\/www.deinadieu.ch\/fr\/deinadieu-dialog-und-serviceportal-zum-lebensende\/"},{"@type":"ListItem","position":2,"name":"\u00ab Cette injustice me pousse personnellement \u00e0 agir \u00bb"}]},{"@type":"WebSite","@id":"https:\/\/www.deinadieu.ch\/fr\/#website","url":"https:\/\/www.deinadieu.ch\/fr\/","name":"DeinAdieu.ch","description":"Testament, Patientenverf\u00fcgung und Vorsorgeauftrag","publisher":{"@id":"https:\/\/www.deinadieu.ch\/fr\/#organization"},"potentialAction":[{"@type":"SearchAction","target":{"@type":"EntryPoint","urlTemplate":"https:\/\/www.deinadieu.ch\/fr\/?s={search_term_string}"},"query-input":{"@type":"PropertyValueSpecification","valueRequired":true,"valueName":"search_term_string"}}],"inLanguage":"fr-FR"},{"@type":"Organization","@id":"https:\/\/www.deinadieu.ch\/fr\/#organization","name":"EMNA Web GmbH","url":"https:\/\/www.deinadieu.ch\/fr\/","logo":{"@type":"ImageObject","inLanguage":"fr-FR","@id":"https:\/\/www.deinadieu.ch\/fr\/#\/schema\/logo\/image\/","url":"https:\/\/www.deinadieu.ch\/wp-content\/uploads\/2016\/01\/DeinAdieu_Logo.png","contentUrl":"https:\/\/www.deinadieu.ch\/wp-content\/uploads\/2016\/01\/DeinAdieu_Logo.png","width":300,"height":117,"caption":"EMNA Web GmbH"},"image":{"@id":"https:\/\/www.deinadieu.ch\/fr\/#\/schema\/logo\/image\/"},"sameAs":["https:\/\/www.facebook.com\/deinadieu","https:\/\/x.com\/DeinAdieu","https:\/\/www.instagram.com\/deinadieu\/","https:\/\/www.linkedin.com\/company\/deinadieu.ch"]},{"@type":"Person","@id":"https:\/\/www.deinadieu.ch\/fr\/#\/schema\/person\/78cffe1cb679e17f919e3d0c0e7b9673","name":"Janina Gehrig, MA UZH, Redaktorin","image":{"@type":"ImageObject","inLanguage":"fr-FR","@id":"https:\/\/secure.gravatar.com\/avatar\/8bfc4dca12cd7c0a0373c12f34587d1f6a6117903e7ecc0035863bd69df6fb07?s=96&d=mm&r=g","url":"https:\/\/secure.gravatar.com\/avatar\/8bfc4dca12cd7c0a0373c12f34587d1f6a6117903e7ecc0035863bd69df6fb07?s=96&d=mm&r=g","contentUrl":"https:\/\/secure.gravatar.com\/avatar\/8bfc4dca12cd7c0a0373c12f34587d1f6a6117903e7ecc0035863bd69df6fb07?s=96&d=mm&r=g","caption":"Janina Gehrig, MA UZH, Redaktorin"},"url":"https:\/\/www.deinadieu.ch\/fr\/author\/janinagehrig\/"}]}},"_links":{"self":[{"href":"https:\/\/www.deinadieu.ch\/fr\/wp-json\/wp\/v2\/posts\/63028","targetHints":{"allow":["GET"]}}],"collection":[{"href":"https:\/\/www.deinadieu.ch\/fr\/wp-json\/wp\/v2\/posts"}],"about":[{"href":"https:\/\/www.deinadieu.ch\/fr\/wp-json\/wp\/v2\/types\/post"}],"author":[{"embeddable":true,"href":"https:\/\/www.deinadieu.ch\/fr\/wp-json\/wp\/v2\/users\/6028"}],"replies":[{"embeddable":true,"href":"https:\/\/www.deinadieu.ch\/fr\/wp-json\/wp\/v2\/comments?post=63028"}],"version-history":[{"count":7,"href":"https:\/\/www.deinadieu.ch\/fr\/wp-json\/wp\/v2\/posts\/63028\/revisions"}],"predecessor-version":[{"id":67196,"href":"https:\/\/www.deinadieu.ch\/fr\/wp-json\/wp\/v2\/posts\/63028\/revisions\/67196"}],"wp:featuredmedia":[{"embeddable":true,"href":"https:\/\/www.deinadieu.ch\/fr\/wp-json\/wp\/v2\/media\/62562"}],"wp:attachment":[{"href":"https:\/\/www.deinadieu.ch\/fr\/wp-json\/wp\/v2\/media?parent=63028"}],"wp:term":[{"taxonomy":"category","embeddable":true,"href":"https:\/\/www.deinadieu.ch\/fr\/wp-json\/wp\/v2\/categories?post=63028"},{"taxonomy":"post_tag","embeddable":true,"href":"https:\/\/www.deinadieu.ch\/fr\/wp-json\/wp\/v2\/tags?post=63028"}],"curies":[{"name":"wp","href":"https:\/\/api.w.org\/{rel}","templated":true}]}}