{"id":62913,"date":"2023-02-21T07:07:00","date_gmt":"2023-02-21T06:07:00","guid":{"rendered":"https:\/\/www.deinadieu.ch\/un-coeur-dours-pour-les-animaux\/"},"modified":"2024-03-30T17:57:54","modified_gmt":"2024-03-30T16:57:54","slug":"un-coeur-dours-pour-les-animaux","status":"publish","type":"post","link":"https:\/\/www.deinadieu.ch\/fr\/un-coeur-dours-pour-les-animaux\/","title":{"rendered":"Un grand c\u0153ur pour les animaux"},"content":{"rendered":"\n<p>Christoph Maurer s&#8217;engage depuis de nombreuses ann\u00e9es en tant que b\u00e9n\u00e9vole pour l&#8217;association Quatre Pattes. Sa femme et lui ont \u00e9galement inclus l&#8217;organisation de protection des animaux dans leur testament, afin que Quatre Pattes puisse continuer \u00e0 am\u00e9liorer les conditions de vie des animaux. Outre le soutien financier, le donateur transmet ainsi \u00e9galement son respect pour les animaux. Arosa Terre des ours est le projet de l&#8217;association Quatre Pattes pr\u00e9f\u00e9r\u00e9 de M. Maurer : le centre de protection offre un nouveau foyer aux ours sauv\u00e9s.<\/p>\n\n<!--more-->\n\n<p>\u00ab Il faut des personnes qui s&#8217;engagent avec passion et joie pour les animaux. Quatre Pattes m&#8217;a convaincu, car cette organisation s\u00e9rieuse est active dans le monde entier et peut se targuer de nombreux succ\u00e8s dans la protection des animaux. Je connais personnellement de nombreux collaborateurs de l&#8217;association Quatre Pattes \u00bb, explique Christoph Maurer. <strong>L&#8217;engagement de ce Zurichois de 56 ans est vari\u00e9<\/strong> : interventions r\u00e9guli\u00e8res dans le refuge pour animaux tout proche, sensibilisation et collecte de signatures sur des stands d&#8217;organisations de protection des animaux ainsi que travail b\u00e9n\u00e9vole \u00e0 Arosa Terre des ours ou \u00e0 la foire aux chiens de Winterthur. Avec sa femme Sabine, Christoph Maurer s&#8217;engage pour le bien-\u00eatre des animaux. <strong>Tous deux ont inclus l&#8217;association Quatre Pattes ainsi que d&#8217;autres organisations de protection des animaux dans leur testament<\/strong> ; depuis de nombreuses ann\u00e9es d\u00e9j\u00e0, ils soutiennent en outre les projets et les campagnes des organisations par des dons r\u00e9guliers.<\/p>\n\n<h2 class=\"wp-block-heading\">Inclure la protection des animaux dans son testament<\/h2>\n\n<div class=\"wp-block-buttons is-layout-flex wp-block-buttons-is-layout-flex\"><\/div>\n\n<p>Christoph et Sabine Maurer ont <a href=\"https:\/\/app.deinadieu.ch\/da\/testament\/7385\">inclus Quatre Pattes dans leur testament<\/a> : \u00ab <strong>Comme nous n&#8217;avons pas d&#8217;enfants, il \u00e9tait \u00e9vident pour nous de faires des legs en faveur d&#8217;organisations d&#8217;utilit\u00e9 publique<\/strong>. \u00c0 partir d&#8217;un certain \u00e2ge, on doit s&#8217;occuper de sa succession, qu&#8217;on le veuille ou non \u00bb, dit M. Maurer. M\u00eame si on pr\u00e9f\u00e8re repousser l&#8217;id\u00e9e de la mort, il peut toujours arriver quelque chose. C&#8217;est pourquoi M. Maurer plaide pour qu&#8217;on <strong><a href=\"https:\/\/www.deinadieu.ch\/fr\/testament\/\">r\u00e9dige son testament<\/a> le plus t\u00f4t possible<\/strong> : \u00ab Les organisations caritatives ne peuvent avoir un impact que si elles re\u00e7oivent un soutien financier \u00bb, ajoute-t-il. A 50 ans, Christoph Maurer et sa femme ont r\u00e9dig\u00e9 leur testament et se sont demand\u00e9 qui ils souhaitaient soutenir apr\u00e8s la fin de leur vie : \u00ab Peu importe l&#8217;organisation que vous soutenez, elle doit simplement vous convenir. <strong>Je trouve qu&#8217;il est important de s&#8217;engager d\u00e9j\u00e0 de son vivant pour une organisation,<\/strong>que ce soit par des dons ou du b\u00e9n\u00e9volat. \u00bb Avec leur <a href=\"https:\/\/www.deinadieu.ch\/fr\/heritage-legs\/\">legs<\/a> en faveur de Quatre Pattes, les Maurer peuvent \u00e9galement transmettre des valeurs id\u00e9ales et un traitement digne des animaux : \u00ab La soci\u00e9t\u00e9 doit avoir beaucoup plus de respect pour les animaux \u00bb, dit M. Maurer.<\/p>\n\n<figure class=\"wp-block-image size-large\"><img loading=\"lazy\" decoding=\"async\" width=\"1024\" height=\"683\" src=\"https:\/\/www.deinadieu.ch\/wp-content\/uploads\/2023\/02\/unknown-2-1-1024x683.jpg\" alt=\"\" class=\"wp-image-61686\" srcset=\"https:\/\/www.deinadieu.ch\/wp-content\/uploads\/2023\/02\/unknown-2-1-1024x683.jpg 1024w, https:\/\/www.deinadieu.ch\/wp-content\/uploads\/2023\/02\/unknown-2-1-300x200.jpg 300w, https:\/\/www.deinadieu.ch\/wp-content\/uploads\/2023\/02\/unknown-2-1-1536x1024.jpg 1536w, https:\/\/www.deinadieu.ch\/wp-content\/uploads\/2023\/02\/unknown-2-1-2048x1365.jpg 2048w\" sizes=\"auto, (max-width: 1024px) 100vw, 1024px\" \/><figcaption class=\"wp-element-caption\">Les g\u00e9ants \u00e0 la fourrure brune tiennent particuli\u00e8rement \u00e0 c\u0153ur \u00e0 Christoph Maurer. Arosa Terre des ours est son projet pr\u00e9f\u00e9r\u00e9 de l&#8217;association Quatre Pattes.<\/figcaption><\/figure>\n\n<h2 class=\"wp-block-heading\" id=\"h-wie-kommt-der-pelz-an-die-jacke\">Comment la fourrure se retrouve-t-elle sur une veste ?<\/h2>\n\n<p>Informer et \u00e9duquer : c&#8217;est le plus important. Sur des stands, Christoph Maurer informe sur la production de fourrure ou r\u00e9colte des signatures pour l&#8217;interdiction d&#8217;importer du foie gras et de la fourrure. Sur ces sujets, il s&#8217;agit toujours de montrer aux gens quelle est la r\u00e9alit\u00e9 : \u00ab Il ne faut pas r\u00e9inventer le monde, mais toujours attirer l&#8217;attention sur les situations intol\u00e9rables. De nombreuses personnes sont \u00e9galement conscientes de la cruaut\u00e9 envers les animaux, mais ne veulent pas l&#8217;admettre \u00bb, souligne M. Maurer.<\/p>\n\n<p><strong>Pour mettre en \u0153uvre de telles campagnes, d\u00e9noncer les abus dans l&#8217;\u00e9levage des animaux et proposer des alternatives, l&#8217;association Quatre Pattes d\u00e9pend du travail b\u00e9n\u00e9vole et du soutien financier<\/strong>. Simone Bernet est responsable des h\u00e9ritages et des legs au sein de l&#8217;association Quatre Pattes : \u00ab De plus en plus de personnes <a href=\"https:\/\/app.deinadieu.ch\/da\/testament\/7385\">incluent notre organisation dans leur testament<\/a>. Cela nous touche, car une grande partie de notre travail dans le monde entier n&#8217;est possible que parce qu&#8217;il y a des personnes comme Christoph Maurer qui souhaitent apporter leur amour aux animaux apr\u00e8s la fin de leur propre vie. <strong>Un h\u00e9ritage ou un legs est une grande marque de confiance et un mandat clair pour nous<\/strong> de g\u00e9rer l&#8217;h\u00e9ritage soigneusement et de mani\u00e8re responsable, afin que nos valeurs communes pour les animaux se perp\u00e9tuent. C&#8217;est toujours un plaisir de rencontrer personnellement de telles personnes qui aiment les animaux. <\/p>\n\n<p>Le contact que j&#8217;entretiens avec ces donatrices et donateurs permet de nouer de belles relations, qui sont marqu\u00e9es par l&#8217;amour pour les animaux qui nous unit. En effet, la protection des animaux ne fonctionne que si des personnes s&#8217;engagent ensemble dans ce sens, dans l&#8217;esprit de la vision de l&#8217;association Quatre Pattes : un monde dans lequel nous traitons les animaux avec respect, compassion et compr\u00e9hension \u00bb, explique Simone Bernet.<\/p>\n\n<figure class=\"wp-block-image size-large\"><img loading=\"lazy\" decoding=\"async\" width=\"1024\" height=\"1024\" src=\"https:\/\/www.deinadieu.ch\/wp-content\/uploads\/2023\/02\/unknown-3-2-1024x1024.jpg\" alt=\"\" class=\"wp-image-61696\" srcset=\"https:\/\/www.deinadieu.ch\/wp-content\/uploads\/2023\/02\/unknown-3-2-1024x1024.jpg 1024w, https:\/\/www.deinadieu.ch\/wp-content\/uploads\/2023\/02\/unknown-3-2-300x300.jpg 300w, https:\/\/www.deinadieu.ch\/wp-content\/uploads\/2023\/02\/unknown-3-2-150x150.jpg 150w, https:\/\/www.deinadieu.ch\/wp-content\/uploads\/2023\/02\/unknown-3-2-1536x1536.jpg 1536w, https:\/\/www.deinadieu.ch\/wp-content\/uploads\/2023\/02\/unknown-3-2-2048x2048.jpg 2048w\" sizes=\"auto, (max-width: 1024px) 100vw, 1024px\" \/><figcaption class=\"wp-element-caption\">\u00ab Un h\u00e9ritage ou un legs est une grande marque de confiance et un mandat clair pour nous de g\u00e9rer l&#8217;h\u00e9ritage soigneusement et de mani\u00e8re responsable \u00bb, explique Simone Bernet, responsable des h\u00e9ritages et des legs au sein de l&#8217;association Quatre Pattes.<\/figcaption><\/figure>\n\n<h2 class=\"wp-block-heading\">Sensibiliser \u00e0 la protection des animaux en portant un costume d&#8217;ours<\/h2>\n\n<p>Qu&#8217;il soit utilis\u00e9 comme objet de chasse, comme attraction touristique ou comme fournisseur de bile, l&#8217;ours est toujours harcel\u00e9 et exploit\u00e9 dans le monde entier. <strong>L&#8217;association Quatre Pattes s&#8217;engage pour un \u00e9levage des ours conforme aux besoins de l&#8217;esp\u00e8ce.<\/strong> Les g\u00e9ants \u00e0 la fourrure brune tiennent particuli\u00e8rement \u00e0 c\u0153ur \u00e0 Christoph Maurer. <a href=\"https:\/\/www.arosabaerenland.swiss\/\" target=\"_blank\" rel=\"noreferrer noopener\">Arosa Terre des ours<\/a> est son projet pr\u00e9f\u00e9r\u00e9 : c&#8217;est le premier centre de protection des ours de Suisse et, depuis 2018, il offre aux ours un foyer adapt\u00e9 \u00e0 leur esp\u00e8ce. <\/p>\n\n<p>Arosa Terre des ours est un projet commun de l&#8217;association Quatre Pattes, d&#8217;Arosa Tourismus et des remont\u00e9es m\u00e9caniques d&#8217;Arosa. Le parc allie protection des animaux et tourisme et offre des informations sur place. L&#8217;association Quatre Pattes a sauv\u00e9 les animaux et s&#8217;occupe d\u00e9sormais d&#8217;eux dans leur habitat naturel en pleine nature : les ours, qui devaient auparavant faire du v\u00e9lo dans un cirque ou \u00e9taient encha\u00een\u00e9s dans un restaurant, peuvent d\u00e9sormais se d\u00e9placer librement sur une surface de trois hectares, apprendre un comportement naturel et d\u00e9velopper leurs instincts d&#8217;ours. <\/p>\n\n<p><strong>Christoph Maurer et sa femme ont conclu un parrainage pour Arosa Terre des ours.<\/strong> Leur parrain symbolique est l&#8217;ours Napa, aujourd&#8217;hui d\u00e9c\u00e9d\u00e9. Plusieurs jours par an, cet homme de 56 ans est \u00e0 l&#8217;\u0153uvre \u00e0 Arosa : lors d&#8217;\u00e9v\u00e9nements familiaux comme la journ\u00e9e \u00ab Futur en tous genres \u00bb organis\u00e9e dans les bureaux de l&#8217;association Quatre Pattes \u00e0 Zurich, il divertit les enfants en portant un costume d&#8217;ours ou tourne la roue de la fortune lors de jeux-concours organis\u00e9s \u00e0 Arosa Terre des ours. Il peut ainsi sensibiliser les plus jeunes visiteuses et visiteurs \u00e0 un traitement respectueux des animaux.<\/p>\n\n<figure class=\"wp-block-image size-large\"><img loading=\"lazy\" decoding=\"async\" width=\"1024\" height=\"683\" src=\"https:\/\/www.deinadieu.ch\/wp-content\/uploads\/2023\/02\/unknown-4-1-1024x683.jpg\" alt=\"\" class=\"wp-image-61704\" srcset=\"https:\/\/www.deinadieu.ch\/wp-content\/uploads\/2023\/02\/unknown-4-1-1024x683.jpg 1024w, https:\/\/www.deinadieu.ch\/wp-content\/uploads\/2023\/02\/unknown-4-1-300x200.jpg 300w, https:\/\/www.deinadieu.ch\/wp-content\/uploads\/2023\/02\/unknown-4-1-1536x1024.jpg 1536w, https:\/\/www.deinadieu.ch\/wp-content\/uploads\/2023\/02\/unknown-4-1-2048x1365.jpg 2048w\" sizes=\"auto, (max-width: 1024px) 100vw, 1024px\" \/><figcaption class=\"wp-element-caption\">Le chat Momo, qui vient du refuge pour animaux, vit chez Christoph Maurer et sa femme. Momo est toutefois trop timide pour la s\u00e9ance photo.<\/figcaption><\/figure>\n\n<h2 class=\"wp-block-heading\">\u00ab Nous pourrions soutenir un refuge pour animaux \u00bb<\/h2>\n\n<p>L&#8217;envie d&#8217;aider les animaux est n\u00e9e assez spontan\u00e9ment chez Christoph Maurer : il y a un refuge pour animaux \u00e0 proximit\u00e9 de chez lui. \u00ab Nous pourrions soutenir ce refuge pour animaux \u00bb, ont pens\u00e9 Christoph et sa femme. <strong>Ils aident d\u00e9sormais chaque semaine au refuge en promenant les chiens, en offrant leur aide pour le nettoyage ou en jouant avec les chats.<\/strong> Le couple Maurer a lui-m\u00eame un chat, Momo, qui vient du refuge pour animaux. \u00ab Notre plus grand souhait est d&#8217;avoir un chien \u00bb, dit Christoph Maurer. Il va de soi que celui-ci viendra \u00e9galement du refuge pour animaux. Les Maurer devront toutefois encore patienter un peu : il n&#8217;est pas r\u00e9aliste d&#8217;avoir un chien avant la retraite, car tous deux travaillent \u00e0 plein temps et s&#8217;engagent r\u00e9guli\u00e8rement pour la protection des animaux dans leur temps libre.<\/p>\n\n<figure class=\"wp-block-image size-large\"><img loading=\"lazy\" decoding=\"async\" width=\"1024\" height=\"818\" src=\"https:\/\/www.deinadieu.ch\/wp-content\/uploads\/2023\/02\/unknown-5-1024x818.jpg\" alt=\"\" class=\"wp-image-61710\" srcset=\"https:\/\/www.deinadieu.ch\/wp-content\/uploads\/2023\/02\/unknown-5-1024x818.jpg 1024w, https:\/\/www.deinadieu.ch\/wp-content\/uploads\/2023\/02\/unknown-5-300x240.jpg 300w, https:\/\/www.deinadieu.ch\/wp-content\/uploads\/2023\/02\/unknown-5-1536x1227.jpg 1536w, https:\/\/www.deinadieu.ch\/wp-content\/uploads\/2023\/02\/unknown-5.jpg 2048w\" sizes=\"auto, (max-width: 1024px) 100vw, 1024px\" \/><figcaption class=\"wp-element-caption\">Christoph Maurer avec des collaboratrices de l&#8217;association Quatre Pattes lors d&#8217;un jeu-concours \u00e0 Arosa Terre des ours. (Photo : Quatre Pattes)<\/figcaption><\/figure>\n\n<div style=\"height:100px\" aria-hidden=\"true\" class=\"wp-block-spacer\"><\/div>\n\n<div class=\"wp-block-buttons is-layout-flex wp-block-buttons-is-layout-flex\">\n<div class=\"wp-block-button\"><a class=\"wp-block-button__link wp-element-button\" href=\"https:\/\/app.deinadieu.ch\/da\/testament\/7385\">Inclure l&#8217;association Quatre Pattes dans son testament<\/a><\/div>\n<\/div>\n","protected":false},"excerpt":{"rendered":"<p>Christoph Maurer s&#8217;engage depuis de nombreuses ann\u00e9es en tant que b\u00e9n\u00e9vole pour l&#8217;association Quatre Pattes. Sa femme et lui ont \u00e9galement inclus l&#8217;organisation de protection des animaux dans leur testament, afin que Quatre Pattes puisse continuer \u00e0 am\u00e9liorer les conditions de vie des animaux. Outre le soutien financier, le donateur transmet ainsi \u00e9galement son respect [&hellip;]<\/p>\n","protected":false},"author":6038,"featured_media":61718,"comment_status":"open","ping_status":"closed","sticky":false,"template":"","format":"standard","meta":{"_acf_changed":false,"footnotes":""},"categories":[2450],"tags":[2841,3164,2585,2469,2587,2568],"class_list":["post-62913","post","type-post","status-publish","format-standard","has-post-thumbnail","hentry","category-oeuvres-caritatives","tag-organisation-dutilite-publique","tag-organisations-daide","tag-protection-des-animaux","tag-quel-effet-mon-heritage-peut-il-avoir","tag-refuge-pour-animaux","tag-temoignage"],"acf":[],"yoast_head":"<title>L&#039;association Quatre Pattes : Un grand c\u0153ur pour les animaux | DeinAdieu.ch<\/title>\n<meta name=\"description\" content=\"Unser Blog portr\u00e4tiert Professionals, Betroffene und Angeh\u00f6rige rund um die Themen Selbstbestimmung, dritter Lebensabschnitt, Vorsorge und Testamentspende zugunsten eines Hilfswerks.\" \/>\n<meta name=\"robots\" content=\"index, follow, max-snippet:-1, max-image-preview:large, max-video-preview:-1\" \/>\n<link rel=\"canonical\" href=\"https:\/\/www.deinadieu.ch\/fr\/un-coeur-dours-pour-les-animaux\/\" \/>\n<meta property=\"og:locale\" content=\"fr_FR\" \/>\n<meta property=\"og:type\" content=\"article\" \/>\n<meta property=\"og:title\" content=\"Un grand c\u0153ur pour les animaux\" \/>\n<meta property=\"og:description\" content=\"Christoph Maurer s&#039;engage depuis de nombreuses ann\u00e9es en tant que b\u00e9n\u00e9vole pour l&#039;association Quatre Pattes. Sa femme et lui ont \u00e9galement inclus\" \/>\n<meta property=\"og:url\" content=\"https:\/\/www.deinadieu.ch\/fr\/un-coeur-dours-pour-les-animaux\/\" \/>\n<meta property=\"og:site_name\" content=\"DeinAdieu.ch\" \/>\n<meta property=\"article:publisher\" content=\"https:\/\/www.facebook.com\/deinadieu\" \/>\n<meta property=\"article:published_time\" content=\"2023-02-21T06:07:00+00:00\" \/>\n<meta property=\"article:modified_time\" content=\"2024-03-30T16:57:54+00:00\" \/>\n<meta property=\"og:image\" content=\"https:\/\/static.deinadieu.ch\/uploads\/2023\/02\/unknown-6-scaled.jpg\" \/>\n\t<meta property=\"og:image:width\" content=\"2560\" \/>\n\t<meta property=\"og:image:height\" content=\"1707\" \/>\n\t<meta property=\"og:image:type\" content=\"image\/jpeg\" \/>\n<meta name=\"author\" content=\"Sabrina Rohner\" \/>\n<meta name=\"twitter:card\" content=\"summary_large_image\" \/>\n<meta name=\"twitter:creator\" content=\"@DeinAdieu\" \/>\n<meta name=\"twitter:site\" content=\"@DeinAdieu\" \/>\n<meta name=\"twitter:label1\" content=\"Written by\" \/>\n\t<meta name=\"twitter:data1\" content=\"Sabrina Rohner\" \/>\n\t<meta name=\"twitter:label2\" content=\"Est. reading time\" \/>\n\t<meta name=\"twitter:data2\" content=\"7 minutes\" \/>\n<script type=\"application\/ld+json\" class=\"yoast-schema-graph\">{\"@context\":\"https:\\\/\\\/schema.org\",\"@graph\":[{\"@type\":\"Article\",\"@id\":\"https:\\\/\\\/www.deinadieu.ch\\\/fr\\\/un-coeur-dours-pour-les-animaux\\\/#article\",\"isPartOf\":{\"@id\":\"https:\\\/\\\/www.deinadieu.ch\\\/fr\\\/un-coeur-dours-pour-les-animaux\\\/\"},\"author\":{\"name\":\"Sabrina Rohner\",\"@id\":\"https:\\\/\\\/www.deinadieu.ch\\\/fr\\\/#\\\/schema\\\/person\\\/ad724a53f7e50dd3866fc9b0fc6bbdd9\"},\"headline\":\"Un grand c\u0153ur pour les animaux\",\"datePublished\":\"2023-02-21T06:07:00+00:00\",\"dateModified\":\"2024-03-30T16:57:54+00:00\",\"mainEntityOfPage\":{\"@id\":\"https:\\\/\\\/www.deinadieu.ch\\\/fr\\\/un-coeur-dours-pour-les-animaux\\\/\"},\"wordCount\":1417,\"commentCount\":0,\"publisher\":{\"@id\":\"https:\\\/\\\/www.deinadieu.ch\\\/fr\\\/#organization\"},\"image\":{\"@id\":\"https:\\\/\\\/www.deinadieu.ch\\\/fr\\\/un-coeur-dours-pour-les-animaux\\\/#primaryimage\"},\"thumbnailUrl\":\"https:\\\/\\\/www.deinadieu.ch\\\/wp-content\\\/uploads\\\/2023\\\/02\\\/unknown-6-scaled.jpg\",\"keywords\":[\"Organisation d'utilit\u00e9 publique\",\"organisations d'aide\",\"Protection des animaux\",\"Quel effet mon h\u00e9ritage peut-il avoir ?\",\"Refuge pour animaux\",\"T\u00e9moignage\"],\"articleSection\":[\"\u0152uvres caritatives en point de mire\"],\"inLanguage\":\"fr-FR\",\"potentialAction\":[{\"@type\":\"CommentAction\",\"name\":\"Comment\",\"target\":[\"https:\\\/\\\/www.deinadieu.ch\\\/fr\\\/un-coeur-dours-pour-les-animaux\\\/#respond\"]}]},{\"@type\":\"WebPage\",\"@id\":\"https:\\\/\\\/www.deinadieu.ch\\\/fr\\\/un-coeur-dours-pour-les-animaux\\\/\",\"url\":\"https:\\\/\\\/www.deinadieu.ch\\\/fr\\\/un-coeur-dours-pour-les-animaux\\\/\",\"name\":\"L'association Quatre Pattes : Un grand c\u0153ur pour les animaux | DeinAdieu.ch\",\"isPartOf\":{\"@id\":\"https:\\\/\\\/www.deinadieu.ch\\\/fr\\\/#website\"},\"primaryImageOfPage\":{\"@id\":\"https:\\\/\\\/www.deinadieu.ch\\\/fr\\\/un-coeur-dours-pour-les-animaux\\\/#primaryimage\"},\"image\":{\"@id\":\"https:\\\/\\\/www.deinadieu.ch\\\/fr\\\/un-coeur-dours-pour-les-animaux\\\/#primaryimage\"},\"thumbnailUrl\":\"https:\\\/\\\/www.deinadieu.ch\\\/wp-content\\\/uploads\\\/2023\\\/02\\\/unknown-6-scaled.jpg\",\"datePublished\":\"2023-02-21T06:07:00+00:00\",\"dateModified\":\"2024-03-30T16:57:54+00:00\",\"description\":\"Unser Blog portr\u00e4tiert Professionals, Betroffene und Angeh\u00f6rige rund um die Themen Selbstbestimmung, dritter Lebensabschnitt, Vorsorge und Testamentspende zugunsten eines Hilfswerks.\",\"breadcrumb\":{\"@id\":\"https:\\\/\\\/www.deinadieu.ch\\\/fr\\\/un-coeur-dours-pour-les-animaux\\\/#breadcrumb\"},\"inLanguage\":\"fr-FR\",\"potentialAction\":[{\"@type\":\"ReadAction\",\"target\":[\"https:\\\/\\\/www.deinadieu.ch\\\/fr\\\/un-coeur-dours-pour-les-animaux\\\/\"]}]},{\"@type\":\"ImageObject\",\"inLanguage\":\"fr-FR\",\"@id\":\"https:\\\/\\\/www.deinadieu.ch\\\/fr\\\/un-coeur-dours-pour-les-animaux\\\/#primaryimage\",\"url\":\"https:\\\/\\\/www.deinadieu.ch\\\/wp-content\\\/uploads\\\/2023\\\/02\\\/unknown-6-scaled.jpg\",\"contentUrl\":\"https:\\\/\\\/www.deinadieu.ch\\\/wp-content\\\/uploads\\\/2023\\\/02\\\/unknown-6-scaled.jpg\",\"width\":2560,\"height\":1707,\"caption\":\"\u00abLes organisations caritatives ne peuvent avoir un impact que si elles re\u00e7oivent un soutien financier\u00bb, d\u00e9clare le donateur Christoph Maurer. (Photos : Djamila Grossman)\"},{\"@type\":\"BreadcrumbList\",\"@id\":\"https:\\\/\\\/www.deinadieu.ch\\\/fr\\\/un-coeur-dours-pour-les-animaux\\\/#breadcrumb\",\"itemListElement\":[{\"@type\":\"ListItem\",\"position\":1,\"name\":\"Home\",\"item\":\"https:\\\/\\\/www.deinadieu.ch\\\/fr\\\/deinadieu-dialog-und-serviceportal-zum-lebensende\\\/\"},{\"@type\":\"ListItem\",\"position\":2,\"name\":\"Un grand c\u0153ur pour les animaux\"}]},{\"@type\":\"WebSite\",\"@id\":\"https:\\\/\\\/www.deinadieu.ch\\\/fr\\\/#website\",\"url\":\"https:\\\/\\\/www.deinadieu.ch\\\/fr\\\/\",\"name\":\"DeinAdieu.ch\",\"description\":\"Testament, Patientenverf\u00fcgung und Vorsorgeauftrag\",\"publisher\":{\"@id\":\"https:\\\/\\\/www.deinadieu.ch\\\/fr\\\/#organization\"},\"potentialAction\":[{\"@type\":\"SearchAction\",\"target\":{\"@type\":\"EntryPoint\",\"urlTemplate\":\"https:\\\/\\\/www.deinadieu.ch\\\/fr\\\/?s={search_term_string}\"},\"query-input\":{\"@type\":\"PropertyValueSpecification\",\"valueRequired\":true,\"valueName\":\"search_term_string\"}}],\"inLanguage\":\"fr-FR\"},{\"@type\":\"Organization\",\"@id\":\"https:\\\/\\\/www.deinadieu.ch\\\/fr\\\/#organization\",\"name\":\"EMNA Web GmbH\",\"url\":\"https:\\\/\\\/www.deinadieu.ch\\\/fr\\\/\",\"logo\":{\"@type\":\"ImageObject\",\"inLanguage\":\"fr-FR\",\"@id\":\"https:\\\/\\\/www.deinadieu.ch\\\/fr\\\/#\\\/schema\\\/logo\\\/image\\\/\",\"url\":\"https:\\\/\\\/www.deinadieu.ch\\\/wp-content\\\/uploads\\\/2016\\\/01\\\/DeinAdieu_Logo.png\",\"contentUrl\":\"https:\\\/\\\/www.deinadieu.ch\\\/wp-content\\\/uploads\\\/2016\\\/01\\\/DeinAdieu_Logo.png\",\"width\":300,\"height\":117,\"caption\":\"EMNA Web GmbH\"},\"image\":{\"@id\":\"https:\\\/\\\/www.deinadieu.ch\\\/fr\\\/#\\\/schema\\\/logo\\\/image\\\/\"},\"sameAs\":[\"https:\\\/\\\/www.facebook.com\\\/deinadieu\",\"https:\\\/\\\/x.com\\\/DeinAdieu\",\"https:\\\/\\\/www.instagram.com\\\/deinadieu\\\/\",\"https:\\\/\\\/www.linkedin.com\\\/company\\\/deinadieu.ch\"]},{\"@type\":\"Person\",\"@id\":\"https:\\\/\\\/www.deinadieu.ch\\\/fr\\\/#\\\/schema\\\/person\\\/ad724a53f7e50dd3866fc9b0fc6bbdd9\",\"name\":\"Sabrina Rohner\",\"image\":{\"@type\":\"ImageObject\",\"inLanguage\":\"fr-FR\",\"@id\":\"https:\\\/\\\/secure.gravatar.com\\\/avatar\\\/c72cef3c7bba2e19d98358a63ff805dbe088a70fb947d10024d669ded777102d?s=96&d=mm&r=g\",\"url\":\"https:\\\/\\\/secure.gravatar.com\\\/avatar\\\/c72cef3c7bba2e19d98358a63ff805dbe088a70fb947d10024d669ded777102d?s=96&d=mm&r=g\",\"contentUrl\":\"https:\\\/\\\/secure.gravatar.com\\\/avatar\\\/c72cef3c7bba2e19d98358a63ff805dbe088a70fb947d10024d669ded777102d?s=96&d=mm&r=g\",\"caption\":\"Sabrina Rohner\"},\"url\":\"https:\\\/\\\/www.deinadieu.ch\\\/fr\\\/author\\\/sabrina-rohnergmail-com\\\/\"}]}<\/script>","yoast_head_json":{"title":"L'association Quatre Pattes : Un grand c\u0153ur pour les animaux | DeinAdieu.ch","description":"Unser Blog portr\u00e4tiert Professionals, Betroffene und Angeh\u00f6rige rund um die Themen Selbstbestimmung, dritter Lebensabschnitt, Vorsorge und Testamentspende zugunsten eines Hilfswerks.","robots":{"index":"index","follow":"follow","max-snippet":"max-snippet:-1","max-image-preview":"max-image-preview:large","max-video-preview":"max-video-preview:-1"},"canonical":"https:\/\/www.deinadieu.ch\/fr\/un-coeur-dours-pour-les-animaux\/","og_locale":"fr_FR","og_type":"article","og_title":"Un grand c\u0153ur pour les animaux","og_description":"Christoph Maurer s'engage depuis de nombreuses ann\u00e9es en tant que b\u00e9n\u00e9vole pour l'association Quatre Pattes. Sa femme et lui ont \u00e9galement inclus","og_url":"https:\/\/www.deinadieu.ch\/fr\/un-coeur-dours-pour-les-animaux\/","og_site_name":"DeinAdieu.ch","article_publisher":"https:\/\/www.facebook.com\/deinadieu","article_published_time":"2023-02-21T06:07:00+00:00","article_modified_time":"2024-03-30T16:57:54+00:00","og_image":[{"width":2560,"height":1707,"url":"https:\/\/static.deinadieu.ch\/uploads\/2023\/02\/unknown-6-scaled.jpg","type":"image\/jpeg"}],"author":"Sabrina Rohner","twitter_card":"summary_large_image","twitter_creator":"@DeinAdieu","twitter_site":"@DeinAdieu","twitter_misc":{"Written by":"Sabrina Rohner","Est. reading time":"7 minutes"},"schema":{"@context":"https:\/\/schema.org","@graph":[{"@type":"Article","@id":"https:\/\/www.deinadieu.ch\/fr\/un-coeur-dours-pour-les-animaux\/#article","isPartOf":{"@id":"https:\/\/www.deinadieu.ch\/fr\/un-coeur-dours-pour-les-animaux\/"},"author":{"name":"Sabrina Rohner","@id":"https:\/\/www.deinadieu.ch\/fr\/#\/schema\/person\/ad724a53f7e50dd3866fc9b0fc6bbdd9"},"headline":"Un grand c\u0153ur pour les animaux","datePublished":"2023-02-21T06:07:00+00:00","dateModified":"2024-03-30T16:57:54+00:00","mainEntityOfPage":{"@id":"https:\/\/www.deinadieu.ch\/fr\/un-coeur-dours-pour-les-animaux\/"},"wordCount":1417,"commentCount":0,"publisher":{"@id":"https:\/\/www.deinadieu.ch\/fr\/#organization"},"image":{"@id":"https:\/\/www.deinadieu.ch\/fr\/un-coeur-dours-pour-les-animaux\/#primaryimage"},"thumbnailUrl":"https:\/\/www.deinadieu.ch\/wp-content\/uploads\/2023\/02\/unknown-6-scaled.jpg","keywords":["Organisation d'utilit\u00e9 publique","organisations d'aide","Protection des animaux","Quel effet mon h\u00e9ritage peut-il avoir ?","Refuge pour animaux","T\u00e9moignage"],"articleSection":["\u0152uvres caritatives en point de mire"],"inLanguage":"fr-FR","potentialAction":[{"@type":"CommentAction","name":"Comment","target":["https:\/\/www.deinadieu.ch\/fr\/un-coeur-dours-pour-les-animaux\/#respond"]}]},{"@type":"WebPage","@id":"https:\/\/www.deinadieu.ch\/fr\/un-coeur-dours-pour-les-animaux\/","url":"https:\/\/www.deinadieu.ch\/fr\/un-coeur-dours-pour-les-animaux\/","name":"L'association Quatre Pattes : Un grand c\u0153ur pour les animaux | DeinAdieu.ch","isPartOf":{"@id":"https:\/\/www.deinadieu.ch\/fr\/#website"},"primaryImageOfPage":{"@id":"https:\/\/www.deinadieu.ch\/fr\/un-coeur-dours-pour-les-animaux\/#primaryimage"},"image":{"@id":"https:\/\/www.deinadieu.ch\/fr\/un-coeur-dours-pour-les-animaux\/#primaryimage"},"thumbnailUrl":"https:\/\/www.deinadieu.ch\/wp-content\/uploads\/2023\/02\/unknown-6-scaled.jpg","datePublished":"2023-02-21T06:07:00+00:00","dateModified":"2024-03-30T16:57:54+00:00","description":"Unser Blog portr\u00e4tiert Professionals, Betroffene und Angeh\u00f6rige rund um die Themen Selbstbestimmung, dritter Lebensabschnitt, Vorsorge und Testamentspende zugunsten eines Hilfswerks.","breadcrumb":{"@id":"https:\/\/www.deinadieu.ch\/fr\/un-coeur-dours-pour-les-animaux\/#breadcrumb"},"inLanguage":"fr-FR","potentialAction":[{"@type":"ReadAction","target":["https:\/\/www.deinadieu.ch\/fr\/un-coeur-dours-pour-les-animaux\/"]}]},{"@type":"ImageObject","inLanguage":"fr-FR","@id":"https:\/\/www.deinadieu.ch\/fr\/un-coeur-dours-pour-les-animaux\/#primaryimage","url":"https:\/\/www.deinadieu.ch\/wp-content\/uploads\/2023\/02\/unknown-6-scaled.jpg","contentUrl":"https:\/\/www.deinadieu.ch\/wp-content\/uploads\/2023\/02\/unknown-6-scaled.jpg","width":2560,"height":1707,"caption":"\u00abLes organisations caritatives ne peuvent avoir un impact que si elles re\u00e7oivent un soutien financier\u00bb, d\u00e9clare le donateur Christoph Maurer. (Photos : Djamila Grossman)"},{"@type":"BreadcrumbList","@id":"https:\/\/www.deinadieu.ch\/fr\/un-coeur-dours-pour-les-animaux\/#breadcrumb","itemListElement":[{"@type":"ListItem","position":1,"name":"Home","item":"https:\/\/www.deinadieu.ch\/fr\/deinadieu-dialog-und-serviceportal-zum-lebensende\/"},{"@type":"ListItem","position":2,"name":"Un grand c\u0153ur pour les animaux"}]},{"@type":"WebSite","@id":"https:\/\/www.deinadieu.ch\/fr\/#website","url":"https:\/\/www.deinadieu.ch\/fr\/","name":"DeinAdieu.ch","description":"Testament, Patientenverf\u00fcgung und Vorsorgeauftrag","publisher":{"@id":"https:\/\/www.deinadieu.ch\/fr\/#organization"},"potentialAction":[{"@type":"SearchAction","target":{"@type":"EntryPoint","urlTemplate":"https:\/\/www.deinadieu.ch\/fr\/?s={search_term_string}"},"query-input":{"@type":"PropertyValueSpecification","valueRequired":true,"valueName":"search_term_string"}}],"inLanguage":"fr-FR"},{"@type":"Organization","@id":"https:\/\/www.deinadieu.ch\/fr\/#organization","name":"EMNA Web GmbH","url":"https:\/\/www.deinadieu.ch\/fr\/","logo":{"@type":"ImageObject","inLanguage":"fr-FR","@id":"https:\/\/www.deinadieu.ch\/fr\/#\/schema\/logo\/image\/","url":"https:\/\/www.deinadieu.ch\/wp-content\/uploads\/2016\/01\/DeinAdieu_Logo.png","contentUrl":"https:\/\/www.deinadieu.ch\/wp-content\/uploads\/2016\/01\/DeinAdieu_Logo.png","width":300,"height":117,"caption":"EMNA Web GmbH"},"image":{"@id":"https:\/\/www.deinadieu.ch\/fr\/#\/schema\/logo\/image\/"},"sameAs":["https:\/\/www.facebook.com\/deinadieu","https:\/\/x.com\/DeinAdieu","https:\/\/www.instagram.com\/deinadieu\/","https:\/\/www.linkedin.com\/company\/deinadieu.ch"]},{"@type":"Person","@id":"https:\/\/www.deinadieu.ch\/fr\/#\/schema\/person\/ad724a53f7e50dd3866fc9b0fc6bbdd9","name":"Sabrina Rohner","image":{"@type":"ImageObject","inLanguage":"fr-FR","@id":"https:\/\/secure.gravatar.com\/avatar\/c72cef3c7bba2e19d98358a63ff805dbe088a70fb947d10024d669ded777102d?s=96&d=mm&r=g","url":"https:\/\/secure.gravatar.com\/avatar\/c72cef3c7bba2e19d98358a63ff805dbe088a70fb947d10024d669ded777102d?s=96&d=mm&r=g","contentUrl":"https:\/\/secure.gravatar.com\/avatar\/c72cef3c7bba2e19d98358a63ff805dbe088a70fb947d10024d669ded777102d?s=96&d=mm&r=g","caption":"Sabrina Rohner"},"url":"https:\/\/www.deinadieu.ch\/fr\/author\/sabrina-rohnergmail-com\/"}]}},"_links":{"self":[{"href":"https:\/\/www.deinadieu.ch\/fr\/wp-json\/wp\/v2\/posts\/62913","targetHints":{"allow":["GET"]}}],"collection":[{"href":"https:\/\/www.deinadieu.ch\/fr\/wp-json\/wp\/v2\/posts"}],"about":[{"href":"https:\/\/www.deinadieu.ch\/fr\/wp-json\/wp\/v2\/types\/post"}],"author":[{"embeddable":true,"href":"https:\/\/www.deinadieu.ch\/fr\/wp-json\/wp\/v2\/users\/6038"}],"replies":[{"embeddable":true,"href":"https:\/\/www.deinadieu.ch\/fr\/wp-json\/wp\/v2\/comments?post=62913"}],"version-history":[{"count":13,"href":"https:\/\/www.deinadieu.ch\/fr\/wp-json\/wp\/v2\/posts\/62913\/revisions"}],"predecessor-version":[{"id":67479,"href":"https:\/\/www.deinadieu.ch\/fr\/wp-json\/wp\/v2\/posts\/62913\/revisions\/67479"}],"wp:featuredmedia":[{"embeddable":true,"href":"https:\/\/www.deinadieu.ch\/fr\/wp-json\/wp\/v2\/media\/61718"}],"wp:attachment":[{"href":"https:\/\/www.deinadieu.ch\/fr\/wp-json\/wp\/v2\/media?parent=62913"}],"wp:term":[{"taxonomy":"category","embeddable":true,"href":"https:\/\/www.deinadieu.ch\/fr\/wp-json\/wp\/v2\/categories?post=62913"},{"taxonomy":"post_tag","embeddable":true,"href":"https:\/\/www.deinadieu.ch\/fr\/wp-json\/wp\/v2\/tags?post=62913"}],"curies":[{"name":"wp","href":"https:\/\/api.w.org\/{rel}","templated":true}]}}