{"id":62771,"date":"2023-02-07T15:40:43","date_gmt":"2023-02-07T14:40:43","guid":{"rendered":"https:\/\/www.deinadieu.ch\/equilibrer-le-corps-et-lesprit\/"},"modified":"2024-03-25T15:26:59","modified_gmt":"2024-03-25T14:26:59","slug":"equilibrer-le-corps-et-lesprit","status":"publish","type":"post","link":"https:\/\/www.deinadieu.ch\/fr\/equilibrer-le-corps-et-lesprit\/","title":{"rendered":"\u00c9quilibrer le corps et l&#8217;esprit"},"content":{"rendered":"\n<p>Le logo d&#8217;Equilibrium est un funambule en \u00e9quilibre : l&#8217;association pour la ma\u00eetrise des d\u00e9pressions aide les personnes souffrant de d\u00e9pression \u00e0 retrouver leur \u00e9quilibre. Depuis pr\u00e8s de trente ans, l&#8217;association conseille b\u00e9n\u00e9volement les personnes souffrant de d\u00e9pression et leurs proches. Le soutien financier provenant des testaments et des legs est d\u00e9cisif pour permettre \u00e0 l&#8217;association b\u00e9n\u00e9vole de mettre en \u0153uvre des projets d&#8217;auro-support.<\/p>\n\n<!--more-->\n\n<p>\u00ab Tout \u00e0 coup, on peut ne plus avoir envie. \u00bb C&#8217;est ainsi que Markus Zwicky, pr\u00e9sident b\u00e9n\u00e9vole de l&#8217;association Equilibrium, d\u00e9crit le manque de motivation en cas de d\u00e9pression. M. Zwicky en est le pr\u00e9sident depuis d\u00e9sormais quatre ans, mais il est engag\u00e9 dans Equilibrium depuis la cr\u00e9ation de l&#8217;association, il y a pr\u00e8s de trente ans. A l&#8217;\u00e9poque, il n&#8217;existait pas encore de groupes d&#8217;auto-support pour les personnes souffrant de d\u00e9pression. <strong>Le premier \u00e9v\u00e9nement de l&#8217;association, qui avait pour th\u00e8me \u00ab D\u00e9pressions et auto-support \u00bb, a connu une \u00e9norme affluence de personnes souffrant de d\u00e9pression et de personnes int\u00e9ress\u00e9es<\/strong>. Entre-temps, on parle certes plus ouvertement des maladies psychiques et des d\u00e9pressions et on ne doit plus les soigner soi-m\u00eame avec de l&#8217;alcool ou des calmants. Pourtant, une d\u00e9pression est encore souvent assimil\u00e9e \u00e0 un \u00e9chec : \u00ab <strong>Le terme de burnout est plus populaire que celui de d\u00e9pression<\/strong>, car il est cens\u00e9 faire r\u00e9f\u00e9rence \u00e0 une performance excessive. <strong>Toutefois, en r\u00e9alit\u00e9, le burnout est simplement le terme macho pour d\u00e9signer une d\u00e9pression d&#8217;\u00e9puisement<\/strong> \u00bb, explique Markus Zwicky.<\/p>\n\n<h2 class=\"wp-block-heading\" id=\"h-aufklaren-und-das-verhullungstuch-heben\">Expliquer et lever le voile<\/h2>\n\n<p>Dans le monde, environ une personne sur cinq souffre une fois dans sa vie d&#8217;une d\u00e9pression et une personne sur vingt est d\u00e9pressive chronique. L&#8217;<a href=\"https:\/\/www.deinadieu.ch\/hilfswerke\/equilibrium\/\">association Equilibrium<\/a> veut lever le tabou qui entoure la d\u00e9pression. L&#8217;information est d\u00e9cisive : Il convient d&#8217;informer sur la maladie et de \u00ab lever soigneusement le voile \u00bb, comme le dit le pr\u00e9sident de l&#8217;association. <strong>Il est important que des personnes, en particulier des c\u00e9l\u00e9brit\u00e9s, assument ouvertement leur maladie. Cet \u00ab outing \u00bb a une fonction de mod\u00e8le,<\/strong>afin que les personnes souffrant de d\u00e9pression parlent davantage de leur \u00e9tat de sant\u00e9.<\/p>\n\n<p>Comment reconna\u00eetre les personnes atteintes de maladies psychiques et comment se comporter avec elles ? L&#8217;association Equilibrium s&#8217;engage \u00e9galement dans ce sens : En tant qu&#8217;organisation de patients, elle collabore avec la Conf\u00e9d\u00e9ration, les cantons et les assurances-maladie ainsi qu&#8217;avec des entreprises ou des cliniques et encourage des projets de sensibilisation aux maladies psychiques et de d\u00e9stigmatisation de la d\u00e9pression. Des campagnes et des formations en entreprise fournissent les connaissances techniques n\u00e9cessaires. Dans la vie professionnelle en particulier, il est d\u00e9cisif d&#8217;approcher suffisamment t\u00f4t les personnes qui souffrent de d\u00e9pression : Avant qu&#8217;il ne soit trop tard, les sup\u00e9rieurs et les responsables des ressources humaines doivent aborder les sympt\u00f4mes psychiques, \u00e9laborer des solutions et informer sur les offres telles que les groupes d&#8217;auto-support.<\/p>\n\n<h2 class=\"wp-block-heading\">Les groupes d&#8217;auto-support : le suivi compl\u00e8te la pr\u00e9vention<\/h2>\n\n<p><strong>Outre la pr\u00e9vention, le suivi est important en cas de maladie psychique<\/strong>. Apr\u00e8s une fracture, on se rend r\u00e9guli\u00e8rement chez le physioth\u00e9rapeute. En revanche, apr\u00e8s \u00eatre sorti d&#8217;une th\u00e9rapie ou d&#8217;une clinique avec une maladie psychique, on est le plus souvent livr\u00e9 \u00e0 soi-m\u00eame : \u00ab On peut comparer cela \u00e0 la premi\u00e8re fois o\u00f9 on conduit une voiture sans moniteur d&#8217;auto-\u00e9cole. Dans cette phase, nous apportons une s\u00e9curit\u00e9 et une structure aux personnes souffrant de d\u00e9pression \u00bb, explique Markus Zwicky. <\/p>\n\n<figure class=\"wp-block-image size-large\"><img loading=\"lazy\" decoding=\"async\" width=\"1024\" height=\"683\" src=\"https:\/\/www.deinadieu.ch\/wp-content\/uploads\/2023\/02\/unknown-2-1024x683.jpg\" alt=\"\" class=\"wp-image-61669\" srcset=\"https:\/\/www.deinadieu.ch\/wp-content\/uploads\/2023\/02\/unknown-2-1024x683.jpg 1024w, https:\/\/www.deinadieu.ch\/wp-content\/uploads\/2023\/02\/unknown-2-300x200.jpg 300w, https:\/\/www.deinadieu.ch\/wp-content\/uploads\/2023\/02\/unknown-2-1536x1024.jpg 1536w, https:\/\/www.deinadieu.ch\/wp-content\/uploads\/2023\/02\/unknown-2-2048x1365.jpg 2048w\" sizes=\"auto, (max-width: 1024px) 100vw, 1024px\" \/><figcaption class=\"wp-element-caption\">Outre les groupes d&#8217;auto-support, Equilibrium g\u00e8re \u00e9galement un service de consultation via la ligne t\u00e9l\u00e9phonique d&#8217;urgence, qui repose sur le b\u00e9n\u00e9volat.<\/figcaption><\/figure>\n\n<p>Les <a href=\"https:\/\/www.depressionen.ch\/selbsthilfe\" target=\"_blank\" rel=\"noreferrer noopener\">groupes d&#8217;auto-support<\/a> constituent un pilier central dans cette structure quotidienne : \u00e0 quoi dois-je pr\u00eater attention pour reprendre ma vie en main et prendre les commandes ? Avec une clinique priv\u00e9e, l&#8217;association Equilibrium a lanc\u00e9 un projet de communication visant \u00e0 informer les personnes souffrant de d\u00e9pression de l&#8217;offre des groupes d&#8217;auto-support apr\u00e8s leur s\u00e9jour en clinique. Dans les groupes d&#8217;auto-support, des personnes souffrant de d\u00e9pression permettent \u00e0 d&#8217;autres personnes concern\u00e9es de reprendre pied dans la vie. <strong>Les groupes sont compos\u00e9s de non-professionnels qui sont pour la plupart membres de l&#8217;association Equilibrium.<\/strong> Avec des fonds provenant d&#8217;un <a href=\"https:\/\/www.deinadieu.ch\/fr\/heritage-legs\/\">legs<\/a> l&#8217;association finance des cours de formation continue pour former ces membres : L&#8217;association a engag\u00e9 des experts, parmi lesquelles un coach de carri\u00e8re, une th\u00e9rapeute sonore, une th\u00e9rapeute du souffle et une enseignante de yoga, pour enseigner diff\u00e9rentes approches th\u00e9rapeutiques de la d\u00e9pression. <\/p>\n\n<p>\u00ab Notre objectif principal est d&#8217;autonomiser les patients et les patientes et de les informer sur leur maladie \u00bb, explique Markus Zwicky. \u00ab Dans les groupes d&#8217;auto-support, des personnes souffrant de d\u00e9pression soutiennent d&#8217;autres personnes concern\u00e9es \u2013 les conseils sont ainsi donn\u00e9s d&#8217;\u00e9gal \u00e0 \u00e9gal et non de mani\u00e8re moralisatrice. \u00bb Outre les groupes d&#8217;auto-support, Equilibrium propose \u00e9galement un service de consultation via la <a href=\"https:\/\/www.depressionen.ch\/notfall\" target=\"_blank\" rel=\"noreferrer noopener\">ligne t\u00e9l\u00e9phonique d&#8217;urgence<\/a>, qui repose sur le b\u00e9n\u00e9volat. Le centre de consulation de <a href=\"https:\/\/www.143.ch\/\">La Main Tendue<\/a>, au <a href=\"tel:143\">num\u00e9ro 143<\/a>, transf\u00e8re les appels vers la hotline d&#8217;Equilibrium en cas de besoin.<\/p>\n\n<h2 class=\"wp-block-heading\">Diminiuer les d\u00e9pressions au moyen d&#8217;un h\u00e9ritage<\/h2>\n\n<p>Des institutions, des entreprises pharmaceutiques, des cliniques et des particuliers soutiennent l&#8217;association Equilibrium afin de mettre en \u0153uvre des projets concrets. L&#8217;association doit \u00e0 chaque fois adapter son programme en fonction des dons priv\u00e9s re\u00e7us durant l&#8217;ann\u00e9e en cours. <strong>Ce sont souvent des personnes concern\u00e9es qui soutiennent financi\u00e8rement l&#8217;association et qui souhaitent, par leur h\u00e9ritage, promouvoir l&#8217;engagement en faveur des personnes souffrant de d\u00e9pression<\/strong>. \u00ab Je ne veux pas que d&#8217;autres personnes vivent \u00e7a \u00bb est la motivation pour aborder des sujets tabous dont on a soi-m\u00eame souffert en tant que personne souffrant de d\u00e9pression : L&#8217;enfance et les d\u00e9pressions, l&#8217;adolescence et les d\u00e9pressions ainsi que la vieillesse et les d\u00e9pressions restent des phases particuli\u00e8rement taboues. En tant qu&#8217;enfant, on aimerait ressembler le plus possible \u00e0 ses camarades de classe, en tant qu&#8217;adolescent(e), on doit prendre des d\u00e9cisions importantes pour le choix de sa profession et, en tant que personne \u00e2g\u00e9e, les d\u00e9pressions vont souvent de pair avec l&#8217;abus de substances, selon M. Zwicky.<\/p>\n\n<p>L&#8217;association est financ\u00e9e pour environ un tiers par des fonds publics ; pour le reste, elle d\u00e9pend de dons priv\u00e9s. <strong>\u00ab Le <a href=\"https:\/\/app.deinadieu.ch\/da\/testament\/7573\">soutien financier provenant de legs et de testaments<\/a> est tr\u00e8s important pour nous.<\/strong> Il est aussi un signe de l&#8217;ampleur de ce qu&#8217;il reste \u00e0 faire pour aider les personnes souffrant de d\u00e9pression \u00bb, explique le pr\u00e9sident Markus Zwicky. <\/p>\n\n<p>L&#8217;association Equilibrium a re\u00e7u ces derni\u00e8res ann\u00e9es une dizaine de dons provenant de la collecte effectu\u00e9e lors du d\u00e9c\u00e8s d&#8217;un membre proche de l&#8217;association. En 2021, un ancien membre a en outre favoris\u00e9 l&#8217;association en lui faisant un legs de CHF 15&#8217;000.00 : \u00ab Cela a \u00e9t\u00e9 incroyablement pr\u00e9cieux pour nous, nous avons senti que notre travail \u00e9tait valoris\u00e9 et nous avons pu financer des projets essentiels avec cet argent \u00bb, explique M. Zwicky.<\/p>\n\n<figure class=\"wp-block-image size-large\"><img loading=\"lazy\" decoding=\"async\" width=\"1024\" height=\"683\" src=\"https:\/\/www.deinadieu.ch\/wp-content\/uploads\/2023\/02\/unknown-3-1024x683.jpg\" alt=\"\" class=\"wp-image-61673\" srcset=\"https:\/\/www.deinadieu.ch\/wp-content\/uploads\/2023\/02\/unknown-3-1024x683.jpg 1024w, https:\/\/www.deinadieu.ch\/wp-content\/uploads\/2023\/02\/unknown-3-300x200.jpg 300w, https:\/\/www.deinadieu.ch\/wp-content\/uploads\/2023\/02\/unknown-3-1536x1024.jpg 1536w, https:\/\/www.deinadieu.ch\/wp-content\/uploads\/2023\/02\/unknown-3-2048x1365.jpg 2048w\" sizes=\"auto, (max-width: 1024px) 100vw, 1024px\" \/><figcaption class=\"wp-element-caption\">Le pr\u00e9sident de l&#8217;association, Markus Zwicky, souhaite faire conna\u00eetre encore davantage l&#8217;offre d&#8217;Equilibrium et augmenter le nombre de membres de l&#8217;association.<\/figcaption><\/figure>\n\n<h2 class=\"wp-block-heading\">Rendre l&#8217;engagement d&#8217;Equilibrium plus visible<\/h2>\n\n<p>Le pr\u00e9sident de l&#8217;association, Markus Zwicky, souhaite faire conna\u00eetre encore davantage l&#8217;offre d&#8217;Equilibrium et augmenter le nombre de membres de l&#8217;association. Selon lui, pour faire face \u00e0 la demande en prestations de service pour les personnes souffrant de d\u00e9pression et pour leurs proches, l&#8217;infrastructure de l&#8217;association doit \u00eatre d\u00e9velopp\u00e9e. Les membres d&#8217;Equilibrium re\u00e7oivent r\u00e9guli\u00e8rement des informations accessibles \u00e0 un large public, des suggestions et du r\u00e9confort dans une newsletter. \u00ab Lors des \u00e9v\u00e9nements organis\u00e9s plusieurs fois par an pour les membres, le sentiment d&#8217;appartenance est au centre des pr\u00e9occupations. Les personnes souffrant de d\u00e9pression sentent qu&#8217;elles ne sont pas seules \u00bb, explique M. Zwicky.<\/p>\n\n<p>Veiller les uns sur les autres et communiquer : C&#8217;est essentiel, car les personnes souffrant de d\u00e9pression se sentent souvent seules dans leur environnement, non seulement dans la soci\u00e9t\u00e9, mais \u00e9galement dans la vie professionnelle ou en famille. Au sein de l&#8217;association, les personnes souffrant de d\u00e9pression peuvent aborder tous les sujets lorsqu&#8217;elles traversent une phase de d\u00e9prime, notamment des choses dont elles n&#8217;ont peut-\u00eatre pas envie de parler dans leur entourage priv\u00e9, parce qu&#8217;elles ne veulent \u00eatre un fardeau pour personne. <\/p>\n\n<p>L&#8217;association est \u00e9galement un point de contact important pour les proches de personnes souffrant de d\u00e9pression : \u00ab &#8220;Oh mon Dieu, \u00e7a recommence&#8221;, pensent les proches lorsque les personnes souffrant de d\u00e9pression vont moins bien et qu&#8217;elles veulent en parler. Chez Equilibrium, les proches apprennent \u00e0 g\u00e9rer leurs angoisses et la maladie et \u00e0 r\u00e9fl\u00e9chir \u00e0 leur propre comportement \u00bb, explique Markus Zwicky pour d\u00e9crire l&#8217;engagement de l&#8217;association.<\/p>\n\n<figure class=\"wp-block-image size-large\"><img loading=\"lazy\" decoding=\"async\" width=\"1024\" height=\"683\" src=\"https:\/\/www.deinadieu.ch\/wp-content\/uploads\/2023\/02\/unknown-4-1024x683.jpg\" alt=\"\" class=\"wp-image-61677\" srcset=\"https:\/\/www.deinadieu.ch\/wp-content\/uploads\/2023\/02\/unknown-4-1024x683.jpg 1024w, https:\/\/www.deinadieu.ch\/wp-content\/uploads\/2023\/02\/unknown-4-300x200.jpg 300w, https:\/\/www.deinadieu.ch\/wp-content\/uploads\/2023\/02\/unknown-4-1536x1024.jpg 1536w, https:\/\/www.deinadieu.ch\/wp-content\/uploads\/2023\/02\/unknown-4-2048x1366.jpg 2048w\" sizes=\"auto, (max-width: 1024px) 100vw, 1024px\" \/><figcaption class=\"wp-element-caption\">Le logo d&#8217;Equilibrium est un funambule en \u00e9quilibre : l&#8217;association pour la ma\u00eetrise des d\u00e9pressions aide les personnes souffrant de d\u00e9pression \u00e0 retrouver leur \u00e9quilibre.<\/figcaption><\/figure>\n\n<p>La l\u00e9g\u00e8ret\u00e9 du funambule qui se prom\u00e8ne sur le c\u00e2ble et constitue le logo d&#8217;Equilibrium peut sembler \u00e0 premi\u00e8re vue inaccessible pour de nombreuses personnes souffrant de d\u00e9pression : Les personnes concern\u00e9es se sentent d&#8217;abord paralys\u00e9es, frein\u00e9es et d\u00e9motiv\u00e9es. Les malades doivent surmonter de nombreux bouleversements et de nombreuses crises avant de pouvoir trouver un \u00e9quilibre. <strong>Pour que le corps et l&#8217;\u00e2me, ainsi que l&#8217;\u00e9tat d&#8217;esprit et le quotidien trouvent un \u00e9quilibre sain, les personnes souffrant de d\u00e9pression ont besoin de soutien.<\/strong> C&#8217;est ce qu&#8217;offre Equilibrium, afin que les personnes malades puissent un jour revivre l&#8217;\u00e9quilibre du funambule.<\/p>\n\n<p><\/p>\n\n\n        <div class=\"da-servicebox relative bg-gray-200 p-4 pt-8 border-solid border-t-8 border-da-dark mb-6\">\n            <i class=\"fas fa-info-circle mx-auto fa-7x text-da-dark\"><\/i>\n            <span style=\"hyphens: auto\">\n                <\/p>\n\n<p><strong>Equilibrium \u2013 Association pour la ma\u00eetrise des d\u00e9pressions<br\/><\/strong><a href=\"https:\/\/www.deinadieu.ch\/fr\/oeuvres-de-bienfaisance\/\">https:\/\/www.deinadieu.ch\/hilfswerke\/equilibrium\/<\/a><\/p>\n\n<p>L&#8217;association d&#8217;utilit\u00e9 publique, dont le si\u00e8ge est \u00e0 Zoug, soutient les personnes souffrant de d\u00e9pression et leurs proches depuis 1994. Le point de contact fournit dans toute la Suisse une multitude de services de soutien et de dispositifs d&#8217;aide afin de faciliter le quotidien des personnes souffrant de d\u00e9pression et de leurs proches : consultations, newsletters, \u00e9v\u00e9nements et collaboration avec des cliniques, des institutions et d&#8217;autres centres de consultation. <\/p>\n\n<p>L&#8217;association met en outre en r\u00e9seau les b\u00e9n\u00e9voles et les professionnels qui souhaitent s&#8217;engager pour les personnes souffrant de d\u00e9pression. Equilibrium est ouverte \u00e0 toutes les personnes, quelle que soit leur position par rapport \u00e0 la m\u00e9dication de substances psychotropes par exemple. L&#8217;association Equilibrium, ind\u00e9pendante sur le plan politique et confessionnel, se r\u00e9jouit d&#8217;accueillir de <a href=\"https:\/\/www.depressionen.ch\/mitglied-werden\" target=\"_blank\" rel=\"noreferrer noopener\">nouveaux membres<\/a>.<\/p>\n\n<p>\n                \n                \n            <\/span>\n        <\/div>\n        \n\n<div style=\"height:40px\" aria-hidden=\"true\" class=\"wp-block-spacer\"><\/div>\n\n<p>Soutenez l&#8217;association Equilibrium dans votre testament :<br\/><\/p>\n\n<div class=\"wp-block-buttons is-layout-flex wp-block-buttons-is-layout-flex\">\n<div class=\"wp-block-button\"><a class=\"wp-block-button__link wp-element-button\" href=\"https:\/\/app.deinadieu.ch\/da\/testament\/7573\">Inclure \u00ab Equilibrium \u2013 Association pour la ma\u00eetrise des d\u00e9pressions \u00bb dans son testament<\/a><\/div>\n<\/div>\n","protected":false},"excerpt":{"rendered":"<p>Le logo d&#8217;Equilibrium est un funambule en \u00e9quilibre : l&#8217;association pour la ma\u00eetrise des d\u00e9pressions aide les personnes souffrant de d\u00e9pression \u00e0 retrouver leur \u00e9quilibre. Depuis pr\u00e8s de trente ans, l&#8217;association conseille b\u00e9n\u00e9volement les personnes souffrant de d\u00e9pression et leurs proches. Le soutien financier provenant des testaments et des legs est d\u00e9cisif pour permettre \u00e0 [&hellip;]<\/p>\n","protected":false},"author":6038,"featured_media":61666,"comment_status":"open","ping_status":"closed","sticky":false,"template":"","format":"standard","meta":{"_acf_changed":false,"footnotes":""},"categories":[2450],"tags":[3504,2841,3164,2469],"class_list":["post-62771","post","type-post","status-publish","format-standard","has-post-thumbnail","hentry","category-oeuvres-caritatives","tag-depression-fr","tag-organisation-dutilite-publique","tag-organisations-daide","tag-quel-effet-mon-heritage-peut-il-avoir"],"acf":[],"yoast_head":"<title>Association Equilibrium : \u00c9quilibrer le corps et l&#039;esprit | DeinAdieu.ch<\/title>\n<meta name=\"description\" content=\"Equilibrium est une association suisse de lutte pour la ma\u00eetrise des d\u00e9pressions. Dans ce portrait, vous en apprendrez davantage sur la d\u00e9pression et la mani\u00e8re de la ma\u00eetriser.\" \/>\n<meta name=\"robots\" content=\"index, follow, max-snippet:-1, max-image-preview:large, max-video-preview:-1\" \/>\n<link rel=\"canonical\" href=\"https:\/\/www.deinadieu.ch\/fr\/equilibrer-le-corps-et-lesprit\/\" \/>\n<meta property=\"og:locale\" content=\"fr_FR\" \/>\n<meta property=\"og:type\" content=\"article\" \/>\n<meta property=\"og:title\" content=\"\u00c9quilibrer le corps et l&#039;esprit\" \/>\n<meta property=\"og:description\" content=\"Le logo d&#039;Equilibrium est un funambule en \u00e9quilibre : l&#039;association pour la ma\u00eetrise des d\u00e9pressions aide les personnes souffrant de d\u00e9pression \u00e0\" \/>\n<meta property=\"og:url\" content=\"https:\/\/www.deinadieu.ch\/fr\/equilibrer-le-corps-et-lesprit\/\" \/>\n<meta property=\"og:site_name\" content=\"DeinAdieu.ch\" \/>\n<meta property=\"article:publisher\" content=\"https:\/\/www.facebook.com\/deinadieu\" \/>\n<meta property=\"article:published_time\" content=\"2023-02-07T14:40:43+00:00\" \/>\n<meta property=\"article:modified_time\" content=\"2024-03-25T14:26:59+00:00\" \/>\n<meta property=\"og:image\" content=\"https:\/\/static.deinadieu.ch\/uploads\/2023\/02\/unknown-scaled.jpg\" \/>\n\t<meta property=\"og:image:width\" content=\"2560\" \/>\n\t<meta property=\"og:image:height\" content=\"1707\" \/>\n\t<meta property=\"og:image:type\" content=\"image\/jpeg\" \/>\n<meta name=\"author\" content=\"Sabrina Rohner\" \/>\n<meta name=\"twitter:card\" content=\"summary_large_image\" \/>\n<meta name=\"twitter:creator\" content=\"@DeinAdieu\" \/>\n<meta name=\"twitter:site\" content=\"@DeinAdieu\" \/>\n<meta name=\"twitter:label1\" content=\"Written by\" \/>\n\t<meta name=\"twitter:data1\" content=\"Sabrina Rohner\" \/>\n\t<meta name=\"twitter:label2\" content=\"Est. reading time\" \/>\n\t<meta name=\"twitter:data2\" content=\"9 minutes\" \/>\n<script type=\"application\/ld+json\" class=\"yoast-schema-graph\">{\"@context\":\"https:\\\/\\\/schema.org\",\"@graph\":[{\"@type\":\"Article\",\"@id\":\"https:\\\/\\\/www.deinadieu.ch\\\/fr\\\/equilibrer-le-corps-et-lesprit\\\/#article\",\"isPartOf\":{\"@id\":\"https:\\\/\\\/www.deinadieu.ch\\\/fr\\\/equilibrer-le-corps-et-lesprit\\\/\"},\"author\":{\"name\":\"Sabrina Rohner\",\"@id\":\"https:\\\/\\\/www.deinadieu.ch\\\/fr\\\/#\\\/schema\\\/person\\\/ad724a53f7e50dd3866fc9b0fc6bbdd9\"},\"headline\":\"\u00c9quilibrer le corps et l&#8217;esprit\",\"datePublished\":\"2023-02-07T14:40:43+00:00\",\"dateModified\":\"2024-03-25T14:26:59+00:00\",\"mainEntityOfPage\":{\"@id\":\"https:\\\/\\\/www.deinadieu.ch\\\/fr\\\/equilibrer-le-corps-et-lesprit\\\/\"},\"wordCount\":1912,\"commentCount\":0,\"publisher\":{\"@id\":\"https:\\\/\\\/www.deinadieu.ch\\\/fr\\\/#organization\"},\"image\":{\"@id\":\"https:\\\/\\\/www.deinadieu.ch\\\/fr\\\/equilibrer-le-corps-et-lesprit\\\/#primaryimage\"},\"thumbnailUrl\":\"https:\\\/\\\/www.deinadieu.ch\\\/wp-content\\\/uploads\\\/2023\\\/02\\\/unknown-scaled.jpg\",\"keywords\":[\"d\u00e9pression\",\"Organisation d'utilit\u00e9 publique\",\"organisations d'aide\",\"Quel effet mon h\u00e9ritage peut-il avoir ?\"],\"articleSection\":[\"\u0152uvres caritatives en point de mire\"],\"inLanguage\":\"fr-FR\",\"potentialAction\":[{\"@type\":\"CommentAction\",\"name\":\"Comment\",\"target\":[\"https:\\\/\\\/www.deinadieu.ch\\\/fr\\\/equilibrer-le-corps-et-lesprit\\\/#respond\"]}]},{\"@type\":\"WebPage\",\"@id\":\"https:\\\/\\\/www.deinadieu.ch\\\/fr\\\/equilibrer-le-corps-et-lesprit\\\/\",\"url\":\"https:\\\/\\\/www.deinadieu.ch\\\/fr\\\/equilibrer-le-corps-et-lesprit\\\/\",\"name\":\"Association Equilibrium : \u00c9quilibrer le corps et l'esprit | DeinAdieu.ch\",\"isPartOf\":{\"@id\":\"https:\\\/\\\/www.deinadieu.ch\\\/fr\\\/#website\"},\"primaryImageOfPage\":{\"@id\":\"https:\\\/\\\/www.deinadieu.ch\\\/fr\\\/equilibrer-le-corps-et-lesprit\\\/#primaryimage\"},\"image\":{\"@id\":\"https:\\\/\\\/www.deinadieu.ch\\\/fr\\\/equilibrer-le-corps-et-lesprit\\\/#primaryimage\"},\"thumbnailUrl\":\"https:\\\/\\\/www.deinadieu.ch\\\/wp-content\\\/uploads\\\/2023\\\/02\\\/unknown-scaled.jpg\",\"datePublished\":\"2023-02-07T14:40:43+00:00\",\"dateModified\":\"2024-03-25T14:26:59+00:00\",\"description\":\"Equilibrium est une association suisse de lutte pour la ma\u00eetrise des d\u00e9pressions. Dans ce portrait, vous en apprendrez davantage sur la d\u00e9pression et la mani\u00e8re de la ma\u00eetriser.\",\"breadcrumb\":{\"@id\":\"https:\\\/\\\/www.deinadieu.ch\\\/fr\\\/equilibrer-le-corps-et-lesprit\\\/#breadcrumb\"},\"inLanguage\":\"fr-FR\",\"potentialAction\":[{\"@type\":\"ReadAction\",\"target\":[\"https:\\\/\\\/www.deinadieu.ch\\\/fr\\\/equilibrer-le-corps-et-lesprit\\\/\"]}]},{\"@type\":\"ImageObject\",\"inLanguage\":\"fr-FR\",\"@id\":\"https:\\\/\\\/www.deinadieu.ch\\\/fr\\\/equilibrer-le-corps-et-lesprit\\\/#primaryimage\",\"url\":\"https:\\\/\\\/www.deinadieu.ch\\\/wp-content\\\/uploads\\\/2023\\\/02\\\/unknown-scaled.jpg\",\"contentUrl\":\"https:\\\/\\\/www.deinadieu.ch\\\/wp-content\\\/uploads\\\/2023\\\/02\\\/unknown-scaled.jpg\",\"width\":2560,\"height\":1707,\"caption\":\"Markus Zwicky est pr\u00e9sident de l'association Equilibrium et engag\u00e9 aupr\u00e8s d'Equilibrium depuis la fondation de l'association il y a pr\u00e8s de trente ans. (Images : Djamila Grossman)\"},{\"@type\":\"BreadcrumbList\",\"@id\":\"https:\\\/\\\/www.deinadieu.ch\\\/fr\\\/equilibrer-le-corps-et-lesprit\\\/#breadcrumb\",\"itemListElement\":[{\"@type\":\"ListItem\",\"position\":1,\"name\":\"Home\",\"item\":\"https:\\\/\\\/www.deinadieu.ch\\\/fr\\\/deinadieu-dialog-und-serviceportal-zum-lebensende\\\/\"},{\"@type\":\"ListItem\",\"position\":2,\"name\":\"\u00c9quilibrer le corps et l&#8217;esprit\"}]},{\"@type\":\"WebSite\",\"@id\":\"https:\\\/\\\/www.deinadieu.ch\\\/fr\\\/#website\",\"url\":\"https:\\\/\\\/www.deinadieu.ch\\\/fr\\\/\",\"name\":\"DeinAdieu.ch\",\"description\":\"Testament, Patientenverf\u00fcgung und Vorsorgeauftrag\",\"publisher\":{\"@id\":\"https:\\\/\\\/www.deinadieu.ch\\\/fr\\\/#organization\"},\"potentialAction\":[{\"@type\":\"SearchAction\",\"target\":{\"@type\":\"EntryPoint\",\"urlTemplate\":\"https:\\\/\\\/www.deinadieu.ch\\\/fr\\\/?s={search_term_string}\"},\"query-input\":{\"@type\":\"PropertyValueSpecification\",\"valueRequired\":true,\"valueName\":\"search_term_string\"}}],\"inLanguage\":\"fr-FR\"},{\"@type\":\"Organization\",\"@id\":\"https:\\\/\\\/www.deinadieu.ch\\\/fr\\\/#organization\",\"name\":\"EMNA Web GmbH\",\"url\":\"https:\\\/\\\/www.deinadieu.ch\\\/fr\\\/\",\"logo\":{\"@type\":\"ImageObject\",\"inLanguage\":\"fr-FR\",\"@id\":\"https:\\\/\\\/www.deinadieu.ch\\\/fr\\\/#\\\/schema\\\/logo\\\/image\\\/\",\"url\":\"https:\\\/\\\/www.deinadieu.ch\\\/wp-content\\\/uploads\\\/2016\\\/01\\\/DeinAdieu_Logo.png\",\"contentUrl\":\"https:\\\/\\\/www.deinadieu.ch\\\/wp-content\\\/uploads\\\/2016\\\/01\\\/DeinAdieu_Logo.png\",\"width\":300,\"height\":117,\"caption\":\"EMNA Web GmbH\"},\"image\":{\"@id\":\"https:\\\/\\\/www.deinadieu.ch\\\/fr\\\/#\\\/schema\\\/logo\\\/image\\\/\"},\"sameAs\":[\"https:\\\/\\\/www.facebook.com\\\/deinadieu\",\"https:\\\/\\\/x.com\\\/DeinAdieu\",\"https:\\\/\\\/www.instagram.com\\\/deinadieu\\\/\",\"https:\\\/\\\/www.linkedin.com\\\/company\\\/deinadieu.ch\"]},{\"@type\":\"Person\",\"@id\":\"https:\\\/\\\/www.deinadieu.ch\\\/fr\\\/#\\\/schema\\\/person\\\/ad724a53f7e50dd3866fc9b0fc6bbdd9\",\"name\":\"Sabrina Rohner\",\"image\":{\"@type\":\"ImageObject\",\"inLanguage\":\"fr-FR\",\"@id\":\"https:\\\/\\\/secure.gravatar.com\\\/avatar\\\/c72cef3c7bba2e19d98358a63ff805dbe088a70fb947d10024d669ded777102d?s=96&d=mm&r=g\",\"url\":\"https:\\\/\\\/secure.gravatar.com\\\/avatar\\\/c72cef3c7bba2e19d98358a63ff805dbe088a70fb947d10024d669ded777102d?s=96&d=mm&r=g\",\"contentUrl\":\"https:\\\/\\\/secure.gravatar.com\\\/avatar\\\/c72cef3c7bba2e19d98358a63ff805dbe088a70fb947d10024d669ded777102d?s=96&d=mm&r=g\",\"caption\":\"Sabrina Rohner\"},\"url\":\"https:\\\/\\\/www.deinadieu.ch\\\/fr\\\/author\\\/sabrina-rohnergmail-com\\\/\"}]}<\/script>","yoast_head_json":{"title":"Association Equilibrium : \u00c9quilibrer le corps et l'esprit | DeinAdieu.ch","description":"Equilibrium est une association suisse de lutte pour la ma\u00eetrise des d\u00e9pressions. Dans ce portrait, vous en apprendrez davantage sur la d\u00e9pression et la mani\u00e8re de la ma\u00eetriser.","robots":{"index":"index","follow":"follow","max-snippet":"max-snippet:-1","max-image-preview":"max-image-preview:large","max-video-preview":"max-video-preview:-1"},"canonical":"https:\/\/www.deinadieu.ch\/fr\/equilibrer-le-corps-et-lesprit\/","og_locale":"fr_FR","og_type":"article","og_title":"\u00c9quilibrer le corps et l'esprit","og_description":"Le logo d'Equilibrium est un funambule en \u00e9quilibre : l'association pour la ma\u00eetrise des d\u00e9pressions aide les personnes souffrant de d\u00e9pression \u00e0","og_url":"https:\/\/www.deinadieu.ch\/fr\/equilibrer-le-corps-et-lesprit\/","og_site_name":"DeinAdieu.ch","article_publisher":"https:\/\/www.facebook.com\/deinadieu","article_published_time":"2023-02-07T14:40:43+00:00","article_modified_time":"2024-03-25T14:26:59+00:00","og_image":[{"width":2560,"height":1707,"url":"https:\/\/static.deinadieu.ch\/uploads\/2023\/02\/unknown-scaled.jpg","type":"image\/jpeg"}],"author":"Sabrina Rohner","twitter_card":"summary_large_image","twitter_creator":"@DeinAdieu","twitter_site":"@DeinAdieu","twitter_misc":{"Written by":"Sabrina Rohner","Est. reading time":"9 minutes"},"schema":{"@context":"https:\/\/schema.org","@graph":[{"@type":"Article","@id":"https:\/\/www.deinadieu.ch\/fr\/equilibrer-le-corps-et-lesprit\/#article","isPartOf":{"@id":"https:\/\/www.deinadieu.ch\/fr\/equilibrer-le-corps-et-lesprit\/"},"author":{"name":"Sabrina Rohner","@id":"https:\/\/www.deinadieu.ch\/fr\/#\/schema\/person\/ad724a53f7e50dd3866fc9b0fc6bbdd9"},"headline":"\u00c9quilibrer le corps et l&#8217;esprit","datePublished":"2023-02-07T14:40:43+00:00","dateModified":"2024-03-25T14:26:59+00:00","mainEntityOfPage":{"@id":"https:\/\/www.deinadieu.ch\/fr\/equilibrer-le-corps-et-lesprit\/"},"wordCount":1912,"commentCount":0,"publisher":{"@id":"https:\/\/www.deinadieu.ch\/fr\/#organization"},"image":{"@id":"https:\/\/www.deinadieu.ch\/fr\/equilibrer-le-corps-et-lesprit\/#primaryimage"},"thumbnailUrl":"https:\/\/www.deinadieu.ch\/wp-content\/uploads\/2023\/02\/unknown-scaled.jpg","keywords":["d\u00e9pression","Organisation d'utilit\u00e9 publique","organisations d'aide","Quel effet mon h\u00e9ritage peut-il avoir ?"],"articleSection":["\u0152uvres caritatives en point de mire"],"inLanguage":"fr-FR","potentialAction":[{"@type":"CommentAction","name":"Comment","target":["https:\/\/www.deinadieu.ch\/fr\/equilibrer-le-corps-et-lesprit\/#respond"]}]},{"@type":"WebPage","@id":"https:\/\/www.deinadieu.ch\/fr\/equilibrer-le-corps-et-lesprit\/","url":"https:\/\/www.deinadieu.ch\/fr\/equilibrer-le-corps-et-lesprit\/","name":"Association Equilibrium : \u00c9quilibrer le corps et l'esprit | DeinAdieu.ch","isPartOf":{"@id":"https:\/\/www.deinadieu.ch\/fr\/#website"},"primaryImageOfPage":{"@id":"https:\/\/www.deinadieu.ch\/fr\/equilibrer-le-corps-et-lesprit\/#primaryimage"},"image":{"@id":"https:\/\/www.deinadieu.ch\/fr\/equilibrer-le-corps-et-lesprit\/#primaryimage"},"thumbnailUrl":"https:\/\/www.deinadieu.ch\/wp-content\/uploads\/2023\/02\/unknown-scaled.jpg","datePublished":"2023-02-07T14:40:43+00:00","dateModified":"2024-03-25T14:26:59+00:00","description":"Equilibrium est une association suisse de lutte pour la ma\u00eetrise des d\u00e9pressions. Dans ce portrait, vous en apprendrez davantage sur la d\u00e9pression et la mani\u00e8re de la ma\u00eetriser.","breadcrumb":{"@id":"https:\/\/www.deinadieu.ch\/fr\/equilibrer-le-corps-et-lesprit\/#breadcrumb"},"inLanguage":"fr-FR","potentialAction":[{"@type":"ReadAction","target":["https:\/\/www.deinadieu.ch\/fr\/equilibrer-le-corps-et-lesprit\/"]}]},{"@type":"ImageObject","inLanguage":"fr-FR","@id":"https:\/\/www.deinadieu.ch\/fr\/equilibrer-le-corps-et-lesprit\/#primaryimage","url":"https:\/\/www.deinadieu.ch\/wp-content\/uploads\/2023\/02\/unknown-scaled.jpg","contentUrl":"https:\/\/www.deinadieu.ch\/wp-content\/uploads\/2023\/02\/unknown-scaled.jpg","width":2560,"height":1707,"caption":"Markus Zwicky est pr\u00e9sident de l'association Equilibrium et engag\u00e9 aupr\u00e8s d'Equilibrium depuis la fondation de l'association il y a pr\u00e8s de trente ans. (Images : Djamila Grossman)"},{"@type":"BreadcrumbList","@id":"https:\/\/www.deinadieu.ch\/fr\/equilibrer-le-corps-et-lesprit\/#breadcrumb","itemListElement":[{"@type":"ListItem","position":1,"name":"Home","item":"https:\/\/www.deinadieu.ch\/fr\/deinadieu-dialog-und-serviceportal-zum-lebensende\/"},{"@type":"ListItem","position":2,"name":"\u00c9quilibrer le corps et l&#8217;esprit"}]},{"@type":"WebSite","@id":"https:\/\/www.deinadieu.ch\/fr\/#website","url":"https:\/\/www.deinadieu.ch\/fr\/","name":"DeinAdieu.ch","description":"Testament, Patientenverf\u00fcgung und Vorsorgeauftrag","publisher":{"@id":"https:\/\/www.deinadieu.ch\/fr\/#organization"},"potentialAction":[{"@type":"SearchAction","target":{"@type":"EntryPoint","urlTemplate":"https:\/\/www.deinadieu.ch\/fr\/?s={search_term_string}"},"query-input":{"@type":"PropertyValueSpecification","valueRequired":true,"valueName":"search_term_string"}}],"inLanguage":"fr-FR"},{"@type":"Organization","@id":"https:\/\/www.deinadieu.ch\/fr\/#organization","name":"EMNA Web GmbH","url":"https:\/\/www.deinadieu.ch\/fr\/","logo":{"@type":"ImageObject","inLanguage":"fr-FR","@id":"https:\/\/www.deinadieu.ch\/fr\/#\/schema\/logo\/image\/","url":"https:\/\/www.deinadieu.ch\/wp-content\/uploads\/2016\/01\/DeinAdieu_Logo.png","contentUrl":"https:\/\/www.deinadieu.ch\/wp-content\/uploads\/2016\/01\/DeinAdieu_Logo.png","width":300,"height":117,"caption":"EMNA Web GmbH"},"image":{"@id":"https:\/\/www.deinadieu.ch\/fr\/#\/schema\/logo\/image\/"},"sameAs":["https:\/\/www.facebook.com\/deinadieu","https:\/\/x.com\/DeinAdieu","https:\/\/www.instagram.com\/deinadieu\/","https:\/\/www.linkedin.com\/company\/deinadieu.ch"]},{"@type":"Person","@id":"https:\/\/www.deinadieu.ch\/fr\/#\/schema\/person\/ad724a53f7e50dd3866fc9b0fc6bbdd9","name":"Sabrina Rohner","image":{"@type":"ImageObject","inLanguage":"fr-FR","@id":"https:\/\/secure.gravatar.com\/avatar\/c72cef3c7bba2e19d98358a63ff805dbe088a70fb947d10024d669ded777102d?s=96&d=mm&r=g","url":"https:\/\/secure.gravatar.com\/avatar\/c72cef3c7bba2e19d98358a63ff805dbe088a70fb947d10024d669ded777102d?s=96&d=mm&r=g","contentUrl":"https:\/\/secure.gravatar.com\/avatar\/c72cef3c7bba2e19d98358a63ff805dbe088a70fb947d10024d669ded777102d?s=96&d=mm&r=g","caption":"Sabrina Rohner"},"url":"https:\/\/www.deinadieu.ch\/fr\/author\/sabrina-rohnergmail-com\/"}]}},"_links":{"self":[{"href":"https:\/\/www.deinadieu.ch\/fr\/wp-json\/wp\/v2\/posts\/62771","targetHints":{"allow":["GET"]}}],"collection":[{"href":"https:\/\/www.deinadieu.ch\/fr\/wp-json\/wp\/v2\/posts"}],"about":[{"href":"https:\/\/www.deinadieu.ch\/fr\/wp-json\/wp\/v2\/types\/post"}],"author":[{"embeddable":true,"href":"https:\/\/www.deinadieu.ch\/fr\/wp-json\/wp\/v2\/users\/6038"}],"replies":[{"embeddable":true,"href":"https:\/\/www.deinadieu.ch\/fr\/wp-json\/wp\/v2\/comments?post=62771"}],"version-history":[{"count":7,"href":"https:\/\/www.deinadieu.ch\/fr\/wp-json\/wp\/v2\/posts\/62771\/revisions"}],"predecessor-version":[{"id":67211,"href":"https:\/\/www.deinadieu.ch\/fr\/wp-json\/wp\/v2\/posts\/62771\/revisions\/67211"}],"wp:featuredmedia":[{"embeddable":true,"href":"https:\/\/www.deinadieu.ch\/fr\/wp-json\/wp\/v2\/media\/61666"}],"wp:attachment":[{"href":"https:\/\/www.deinadieu.ch\/fr\/wp-json\/wp\/v2\/media?parent=62771"}],"wp:term":[{"taxonomy":"category","embeddable":true,"href":"https:\/\/www.deinadieu.ch\/fr\/wp-json\/wp\/v2\/categories?post=62771"},{"taxonomy":"post_tag","embeddable":true,"href":"https:\/\/www.deinadieu.ch\/fr\/wp-json\/wp\/v2\/tags?post=62771"}],"curies":[{"name":"wp","href":"https:\/\/api.w.org\/{rel}","templated":true}]}}