{"id":62084,"date":"2023-02-14T07:30:00","date_gmt":"2023-02-14T06:30:00","guid":{"rendered":"https:\/\/www.deinadieu.ch\/si-elles-ne-faisaient-rien-leur-enfant-serait-place\/"},"modified":"2024-03-25T15:27:03","modified_gmt":"2024-03-25T14:27:03","slug":"si-elles-ne-faisaient-rien-leur-enfant-serait-place","status":"publish","type":"post","link":"https:\/\/www.deinadieu.ch\/fr\/si-elles-ne-faisaient-rien-leur-enfant-serait-place\/","title":{"rendered":"\u00ab Si elles ne faisaient rien, leur enfant serait plac\u00e9 \u00bb"},"content":{"rendered":"\n<p>Elles ont subi des violences, souffrent de probl\u00e8mes psychiques ou ont un besoin d&#8217;int\u00e9gration et ne veulent en aucun cas \u00eatre s\u00e9par\u00e9es de leurs enfants. Des m\u00e8res trouvent du soutien aupr\u00e8s de la Fondation pour les parents et les enfants (ELIM). Nous nous sommes entretenus avec Daniel Berger, le directeur de l&#8217;institution.<\/p>\n\n<!--more-->\n\n<p><strong>Daniel Berger, qui vient vous voir ?<br\/><\/strong>La plupart du temps, ce sont des m\u00e8res avec leurs enfants qui se trouvent dans une situation de vie difficile et qui ne peuvent justement pas s&#8217;occuper de leurs enfants de mani\u00e8re autonome. Elles sont sous la pression d&#8217;une situation de grande d\u00e9tresse. Il n&#8217;est pas rare que s&#8217;y ajoute la pression des autorit\u00e9s, le plus souvent de l&#8217;<a href=\"https:\/\/www.deinadieu.ch\/fr\/conseiller\/autorite-de-protection-de-lenfant-et-de-ladulte-apea-quest-ce-que-cest-et-quand-intervient-elle\/\">Autorit\u00e9 de protection de l&#8217;enfant et de l&#8217;adulte (APEA)<\/a>. Si elles ne faisaient rien, leur enfant serait plac\u00e9.<\/p>\n\n<p class=\"has-text-align-left\"><strong>Quels sont les probl\u00e8mes auxquels ces femmes sont confront\u00e9es ?<\/strong><br\/>Souvent, il s&#8217;agit de probl\u00e8mes sociaux : elles ont subi des violences, elles sont traumatis\u00e9es ou il y a un besoin d&#8217;int\u00e9gration ou un probl\u00e8me de d\u00e9pendance. Fr\u00e9quemment, ces femmes ne sont pas en mesure d&#8217;assumer les t\u00e2ches \u00e9ducatives. Certaines souffrent de probl\u00e8mes psychiques, sont psychotiques, sont atteintes d&#8217;un trouble borderline ou de troubles parano\u00efaques. Il y a aussi des femmes qui souffrent de faiblesses cognitives, d&#8217;un l\u00e9ger handicap mental et qui n&#8217;ont pas d&#8217;entourage pour les soutenir. Auparavant, leurs enfants \u00e9taient imm\u00e9diatement plac\u00e9s. Gr\u00e2ce \u00e0 notre aide, elles peuvent tout de m\u00eame assumer leur r\u00f4le de m\u00e8re. Elles en sont tr\u00e8s reconnaissantes.<\/p>\n\n<figure class=\"wp-block-image size-large\"><img loading=\"lazy\" decoding=\"async\" width=\"2560\" height=\"1708\" src=\"https:\/\/www.deinadieu.ch\/wp-content\/uploads\/2023\/02\/DA_PDB_MFR3888-1-edited-scaled.jpg\" alt=\"\" class=\"wp-image-61726\" srcset=\"https:\/\/www.deinadieu.ch\/wp-content\/uploads\/2023\/02\/DA_PDB_MFR3888-1-edited-scaled.jpg 2560w, https:\/\/www.deinadieu.ch\/wp-content\/uploads\/2023\/02\/DA_PDB_MFR3888-1-edited-300x200.jpg 300w, https:\/\/www.deinadieu.ch\/wp-content\/uploads\/2023\/02\/DA_PDB_MFR3888-1-edited-1024x683.jpg 1024w, https:\/\/www.deinadieu.ch\/wp-content\/uploads\/2023\/02\/DA_PDB_MFR3888-1-edited-1536x1025.jpg 1536w, https:\/\/www.deinadieu.ch\/wp-content\/uploads\/2023\/02\/DA_PDB_MFR3888-1-edited-2048x1366.jpg 2048w\" sizes=\"auto, (max-width: 2560px) 100vw, 2560px\" \/><figcaption class=\"wp-element-caption\">\u00ab Le fait que nous puissions faire bouger les choses me ravit \u00bb, dit Daniel Berger, le directeur institutionnel de la fondation Elim pour les parents et les enfants.<\/figcaption><\/figure>\n\n<p class=\"has-text-align-left\"><br\/><strong>Viennent-elles de leur propre initiative ?<br\/><\/strong>Certaines se pr\u00e9sentent d&#8217;elles-m\u00eames, mais elles sont souvent orient\u00e9es vers nous par le curateur ou les services sociaux. Parfois, c&#8217;est l&#8217;aide aux victimes d&#8217;infractions qui est \u00e0 l&#8217;origine de la d\u00e9marche ou bien il y a un signalement de personne en danger par le p\u00e9diatre ou d&#8217;autres services sp\u00e9cialis\u00e9s. <\/p>\n\n<p class=\"has-text-align-left\"><strong>Comment se sentent les femmes qui viennent ?<br\/><\/strong>Les sentiments sont partag\u00e9s. Elles doivent parfois lutter contre une forte r\u00e9sistance. Elles pr\u00e9f\u00e9reraient<br\/>vivre de mani\u00e8re autonome, mais elles doivent suivre le mandat de l&#8217;autorit\u00e9 ou du curateur et doivent rester chez nous de mani\u00e8re stationnaire. Cela peut s&#8217;av\u00e9rer difficile. Certaines ont l&#8217;impression qu&#8217;elles n&#8217;ont pas besoin de ce soutien. D&#8217;autres sont tr\u00e8s reconnaissantes. Si elles parviennent \u00e0 tirer le meilleur parti de la situation et \u00e0 percevoir le s\u00e9jour comme une chance, un changement durable est possible, comme le montrent certaines exp\u00e9riences.<\/p>\n\n<p class=\"has-text-align-left\"><br\/><strong>Qu&#8217;en est-il des p\u00e8res ?<br\/><\/strong>Parfois, nous les prenons \u00e9galement en charge et, de plus en plus souvent, ils vivent aussi chez nous. C&#8217;est utile pour<br\/>l&#8217;avenir, car la dynamique de couple peut \u00eatre une clef. Cependant, ils font aussi partie du probl\u00e8me parfois et beaucoup d&#8217;entre eux brillent encore par leur absence.<\/p>\n\n<p class=\"has-text-align-left\"><strong>Quel \u00e2ge ont les enfants ?<br\/><\/strong>Il s&#8217;agit souvent d&#8217;enfants en bas \u00e2ge, en \u00e2ge pr\u00e9scolaire, de b\u00e9b\u00e9s, d&#8217;enfants de un \u00e0 trois ans, mais parfois aussi d&#8217;adolescents jusqu&#8217;\u00e0 17 ans. Une fois, une femme est venue nous voir avec six enfants. Nous avons aussi des placements cach\u00e9s, lorsque des femmes qui sont victimes de violences ont \u00e9t\u00e9 enferm\u00e9es, des femmes analphab\u00e8tes qui sont d\u00e9pass\u00e9es par les exigences complexes de la soci\u00e9t\u00e9 moderne et qui ne peuvent pas recevoir un soutien suffisant dans la foyer d&#8217;accueil pour femmes en d\u00e9tresse.<\/p>\n\n<p class=\"has-text-align-left\"><br\/><strong>Comment apportez-vous votre aide ?<br\/><\/strong>Nous souhaitons trouver une solution \u00e0 long terme pour les femmes et leur apporter le soutien n\u00e9cessaire. Nous travaillons en collaboration avec des th\u00e9rapeutes, l&#8217;\u00e9cole et d&#8217;autres services sp\u00e9cialis\u00e9s. Je trouve passionnant de travailler avec un double groupe cible : les enfants et les m\u00e8res. C&#8217;est tr\u00e8s exigeant pour les \u00e9ducatrices sp\u00e9cialis\u00e9es, elles n&#8217;\u00e9l\u00e8vent pas l&#8217;enfant, mais donnent \u00e0 la m\u00e8re les moyens de l&#8217;\u00e9duquer. La m\u00e8re doit avoir le droit de le faire \u00e0 sa mani\u00e8re. Nous lui montrons les moyens de r\u00e9pondre aux besoins de l&#8217;enfant. Cela s&#8217;av\u00e8re payant si, en retour, les m\u00e8res et leurs enfants peuvent rester ensemble pendant les 16 ann\u00e9es suivantes. Chaque m\u00e8re veut le meilleur pour son enfant, l&#8217;APEA et le curateur \u00e9galement et nous aussi. Le bien de l&#8217;enfant est le d\u00e9nominateur commun.<br\/><\/p>\n\n<p class=\"has-text-align-left\"><strong>Combien de temps les familles restent-elles ?<br\/><\/strong>Onze mois en moyenne. Les courts s\u00e9jours durent trois mois, mais cela peut aussi<br\/>durer trois ans. Nous proposons \u00e9galement un suivi, ou une prise en charge socio-\u00e9ducative des familles.<br\/><\/p>\n\n<p class=\"has-text-align-left\"><strong>Comment la fondation se finance-t-elle ? Pourquoi avez-vous besoin de dons ?<br\/><\/strong>Pour l&#8217;exploitation, la prise en charge et la promotion, nous avons un contrat de prestations avec le canton de Berne. Pour le d\u00e9veloppement de l&#8217;institution, par exemple l&#8217;extension du site, nous <a href=\"https:\/\/app.deinadieu.ch\/da\/testament\/7553\">d\u00e9pendons toutefois des dons<\/a>. Nous avons par exemple lou\u00e9 un bloc \u00e0 Steffisburg et am\u00e9nag\u00e9 l&#8217;espace ext\u00e9rieur avec des \u00e9quipements de jeux. Sans dons, un tel projet n&#8217;aurait jamais pu voir le jour.<br\/><\/p>\n\n<figure class=\"wp-block-image size-large\"><img loading=\"lazy\" decoding=\"async\" width=\"1024\" height=\"683\" src=\"https:\/\/www.deinadieu.ch\/wp-content\/uploads\/2023\/02\/DA_PDB_MFR3928-1024x683.jpg\" alt=\"\" class=\"wp-image-61634\" srcset=\"https:\/\/www.deinadieu.ch\/wp-content\/uploads\/2023\/02\/DA_PDB_MFR3928-1024x683.jpg 1024w, https:\/\/www.deinadieu.ch\/wp-content\/uploads\/2023\/02\/DA_PDB_MFR3928-300x200.jpg 300w, https:\/\/www.deinadieu.ch\/wp-content\/uploads\/2023\/02\/DA_PDB_MFR3928-1536x1024.jpg 1536w\" sizes=\"auto, (max-width: 1024px) 100vw, 1024px\" \/><figcaption class=\"wp-element-caption\">Daniel Berger : \u00ab Gr\u00e2ce \u00e0 notre aide, les femmes peuvent tout de m\u00eame assumer leur r\u00f4le de m\u00e8re. \u00bb \u00a9 Manu Friederich<\/figcaption><\/figure>\n\n<p class=\"has-text-align-left\"><strong>Pourquoi travaillez-vous l\u00e0 ?<br\/><\/strong>J&#8217;y travaille depuis 2007. Le concept m&#8217;a convaincu d\u00e8s le d\u00e9but et j&#8217;ai<br\/>rencontr\u00e9 environ 150 m\u00e8res et leurs enfants durant cette p\u00e9riode. Chaque situation \u00e9tait unique et m\u00e9ritait notre soutien. Pour les m\u00e8res concern\u00e9es, l&#8217;enjeu est de taille : ne pas \u00eatre s\u00e9par\u00e9es de leur enfant. Lorsque nous avons commenc\u00e9 il y a 16 ans, nous n&#8217;avions que quatre places \u00e0 Emmentaler Wasen. C&#8217;\u00e9tait encore un petit \u00e9tablissement. Le fait que nous ayons pu d\u00e9velopper et construire quelque chose au cours de ces ann\u00e9es rend le travail tellement passionnant et me motive. Actuellement, nous employons plus de 50 personnes, proposons plus de 3000 pour cent de postes de travail et accompagnons 25 familles. Je vois que nous pouvons faire la diff\u00e9rence et cela me ravit.<\/p>\n\n<p class=\"has-text-align-left\"><br\/><strong>Y a-t-il une histoire qui vous a particuli\u00e8rement touch\u00e9 ?<br\/><\/strong>Je me souviens d&#8217;une jeune femme qui avait \u00e9t\u00e9 amen\u00e9e par la police avec son b\u00e9b\u00e9. L&#8217;APEA avait pris cette d\u00e9cision \u00e0 titre superprovisionnel. Elle \u00e9tait agit\u00e9e, sa r\u00e9sistance \u00e9tait grande. Je lui ai dit : \u00ab Essaie d&#8217;en retirer le meilleur. Fais-le pour ton fils. \u00bb Elle est rest\u00e9e chez nous pendant une ann\u00e9e. Plus tard, lorsque je recueillais des t\u00e9moignages pour une brochure, elle a absolument tenu \u00e0 y participer. Son feed-back \u00e9tait le suivant : \u00ab Elim a \u00e9t\u00e9 la meilleure chose qui pouvait m&#8217;arriver. \u00bb Son attitude avait bascul\u00e9 apr\u00e8s quelques semaines et avait finalement rendu le changement possible. Cela m&#8217;a fait tr\u00e8s plaisir. Apr\u00e8s leur s\u00e9jour chez nous, neuf m\u00e8res sur dix ont trouv\u00e9 une solution avec leur enfant et elles continuent souvent d&#8217;\u00eatre accompagn\u00e9es de mani\u00e8re ambulatoire. Cela montre que nous souhaitons donner \u00e0 la m\u00e8re la chance de rester avec son enfant et que nous cherchons un moyen pour que tel puisse \u00eatre le cas.<\/p>\n\n<p><\/p>\n\n\n        <div class=\"da-servicebox relative bg-gray-200 p-4 pt-8 border-solid border-t-8 border-da-dark mb-6\">\n            <i class=\"fas fa-info-circle mx-auto fa-7x text-da-dark\"><\/i>\n            <span style=\"hyphens: auto\">\n                <\/p>\n\n<p>La <a href=\"https:\/\/www.deinadieu.ch\/fr\/oeuvres-de-bienfaisance\/\">fondation Elim pour les parents et les enfants<\/a> a trois sites dans le canton de Berne. A Wasen, Wiedlisbach et Steffisburg, elle propose un logement prot\u00e9g\u00e9 et un soutien professionnel aux m\u00e8res et aux femmes enceintes qui se trouvent dans une situation de d\u00e9tresse. L&#8217;objectif est d&#8217;assurer le bien de l&#8217;enfant sans que la m\u00e8re et l&#8217;enfant ne doivent \u00eatre s\u00e9par\u00e9s.<\/p>\n\n<p>Les services sont adapt\u00e9s autant que possible aux besoins individuels et aux ressources du syst\u00e8me familial. Le concept comprend des offres ambulatoires et stationnaires. Les principales pr\u00e9occupations sont un lien s\u00fbr entre la m\u00e8re et l&#8217;enfant, le renforcement des comp\u00e9tences maternelles et un syst\u00e8me social stable. Il existe ainsi des appartements ou des colocations avec une prise en charge professionnelle compl\u00e8te 24 heures sur 24, des logements prot\u00e9g\u00e9s avec service de piquet comme \u00e9tape interm\u00e9diaire sur la voie de l&#8217;autonomie ou un accompagnement familial socio-\u00e9ducatif, qui permettent d&#8217;aider les familles monoparentales et les familles \u00e0 aborder de mani\u00e8re positive et \u00e0 changer les situations de vie probl\u00e9matiques. \n                \n                \n            <\/span>\n        <\/div>\n        \n\n<div style=\"height:100px\" aria-hidden=\"true\" class=\"wp-block-spacer\"><\/div>\n\n<div class=\"wp-block-buttons is-layout-flex wp-block-buttons-is-layout-flex\">\n<div class=\"wp-block-button\"><a class=\"wp-block-button__link wp-element-button\" href=\"https:\/\/app.deinadieu.ch\/da\/testament\/7553\">Favoriser ELIM dans son testament<\/a><\/div>\n<\/div>\n","protected":false},"excerpt":{"rendered":"<p>Elles ont subi des violences, souffrent de probl\u00e8mes psychiques ou ont un besoin d&#8217;int\u00e9gration et ne veulent en aucun cas \u00eatre s\u00e9par\u00e9es de leurs enfants. Des m\u00e8res trouvent du soutien aupr\u00e8s de la Fondation pour les parents et les enfants (ELIM). Nous nous sommes entretenus avec Daniel Berger, le directeur de l&#8217;institution.<\/p>\n","protected":false},"author":6028,"featured_media":61636,"comment_status":"open","ping_status":"closed","sticky":false,"template":"","format":"standard","meta":{"_acf_changed":false,"footnotes":""},"categories":[2450],"tags":[2841,3164,2180],"class_list":["post-62084","post","type-post","status-publish","format-standard","has-post-thumbnail","hentry","category-oeuvres-caritatives","tag-organisation-dutilite-publique","tag-organisations-daide","tag-parents"],"acf":[],"yoast_head":"<title>Portrait : La fondation Elim pour les parents et les enfants | DeinAdieu.ch<\/title>\n<meta name=\"description\" content=\"Pour que leurs enfants puissent rester avec elles, la Fondation pour les parents et les enfants (ELIM) aide les m\u00e8res en d\u00e9tresse.\" \/>\n<meta name=\"robots\" content=\"index, follow, max-snippet:-1, max-image-preview:large, max-video-preview:-1\" \/>\n<link rel=\"canonical\" href=\"https:\/\/www.deinadieu.ch\/fr\/si-elles-ne-faisaient-rien-leur-enfant-serait-place\/\" \/>\n<meta property=\"og:locale\" content=\"fr_FR\" \/>\n<meta property=\"og:type\" content=\"article\" \/>\n<meta property=\"og:title\" content=\"\u00ab Si elles ne faisaient rien, leur enfant serait plac\u00e9 \u00bb\" \/>\n<meta property=\"og:description\" content=\"Elles ont subi des violences, souffrent de probl\u00e8mes psychiques ou ont un besoin d&#039;int\u00e9gration et ne veulent en aucun cas \u00eatre s\u00e9par\u00e9es de leurs enfants.\" \/>\n<meta property=\"og:url\" content=\"https:\/\/www.deinadieu.ch\/fr\/si-elles-ne-faisaient-rien-leur-enfant-serait-place\/\" \/>\n<meta property=\"og:site_name\" content=\"DeinAdieu.ch\" \/>\n<meta property=\"article:publisher\" content=\"https:\/\/www.facebook.com\/deinadieu\" \/>\n<meta property=\"article:published_time\" content=\"2023-02-14T06:30:00+00:00\" \/>\n<meta property=\"article:modified_time\" content=\"2024-03-25T14:27:03+00:00\" \/>\n<meta property=\"og:image\" content=\"https:\/\/static.deinadieu.ch\/uploads\/2023\/02\/DA_PDB_MFR3928-1024x683.jpg\" \/>\n\t<meta property=\"og:image:width\" content=\"1024\" \/>\n\t<meta property=\"og:image:height\" content=\"683\" \/>\n\t<meta property=\"og:image:type\" content=\"image\/jpeg\" \/>\n<meta name=\"author\" content=\"Janina Gehrig, MA UZH, Redaktorin\" \/>\n<meta name=\"twitter:card\" content=\"summary_large_image\" \/>\n<meta name=\"twitter:creator\" content=\"@DeinAdieu\" \/>\n<meta name=\"twitter:site\" content=\"@DeinAdieu\" \/>\n<meta name=\"twitter:label1\" content=\"Written by\" \/>\n\t<meta name=\"twitter:data1\" content=\"Janina Gehrig, MA UZH, Redaktorin\" \/>\n\t<meta name=\"twitter:label2\" content=\"Est. reading time\" \/>\n\t<meta name=\"twitter:data2\" content=\"7 minutes\" \/>\n<script type=\"application\/ld+json\" class=\"yoast-schema-graph\">{\"@context\":\"https:\\\/\\\/schema.org\",\"@graph\":[{\"@type\":\"Article\",\"@id\":\"https:\\\/\\\/www.deinadieu.ch\\\/fr\\\/si-elles-ne-faisaient-rien-leur-enfant-serait-place\\\/#article\",\"isPartOf\":{\"@id\":\"https:\\\/\\\/www.deinadieu.ch\\\/fr\\\/si-elles-ne-faisaient-rien-leur-enfant-serait-place\\\/\"},\"author\":{\"name\":\"Janina Gehrig, MA UZH, Redaktorin\",\"@id\":\"https:\\\/\\\/www.deinadieu.ch\\\/fr\\\/#\\\/schema\\\/person\\\/78cffe1cb679e17f919e3d0c0e7b9673\"},\"headline\":\"\u00ab Si elles ne faisaient rien, leur enfant serait plac\u00e9 \u00bb\",\"datePublished\":\"2023-02-14T06:30:00+00:00\",\"dateModified\":\"2024-03-25T14:27:03+00:00\",\"mainEntityOfPage\":{\"@id\":\"https:\\\/\\\/www.deinadieu.ch\\\/fr\\\/si-elles-ne-faisaient-rien-leur-enfant-serait-place\\\/\"},\"wordCount\":1475,\"commentCount\":0,\"publisher\":{\"@id\":\"https:\\\/\\\/www.deinadieu.ch\\\/fr\\\/#organization\"},\"image\":{\"@id\":\"https:\\\/\\\/www.deinadieu.ch\\\/fr\\\/si-elles-ne-faisaient-rien-leur-enfant-serait-place\\\/#primaryimage\"},\"thumbnailUrl\":\"https:\\\/\\\/www.deinadieu.ch\\\/wp-content\\\/uploads\\\/2023\\\/02\\\/DA_PDB_MFR3928.jpg\",\"keywords\":[\"Organisation d'utilit\u00e9 publique\",\"organisations d'aide\",\"Parents\"],\"articleSection\":[\"\u0152uvres caritatives en point de mire\"],\"inLanguage\":\"fr-FR\",\"potentialAction\":[{\"@type\":\"CommentAction\",\"name\":\"Comment\",\"target\":[\"https:\\\/\\\/www.deinadieu.ch\\\/fr\\\/si-elles-ne-faisaient-rien-leur-enfant-serait-place\\\/#respond\"]}]},{\"@type\":\"WebPage\",\"@id\":\"https:\\\/\\\/www.deinadieu.ch\\\/fr\\\/si-elles-ne-faisaient-rien-leur-enfant-serait-place\\\/\",\"url\":\"https:\\\/\\\/www.deinadieu.ch\\\/fr\\\/si-elles-ne-faisaient-rien-leur-enfant-serait-place\\\/\",\"name\":\"Portrait : La fondation Elim pour les parents et les enfants | DeinAdieu.ch\",\"isPartOf\":{\"@id\":\"https:\\\/\\\/www.deinadieu.ch\\\/fr\\\/#website\"},\"primaryImageOfPage\":{\"@id\":\"https:\\\/\\\/www.deinadieu.ch\\\/fr\\\/si-elles-ne-faisaient-rien-leur-enfant-serait-place\\\/#primaryimage\"},\"image\":{\"@id\":\"https:\\\/\\\/www.deinadieu.ch\\\/fr\\\/si-elles-ne-faisaient-rien-leur-enfant-serait-place\\\/#primaryimage\"},\"thumbnailUrl\":\"https:\\\/\\\/www.deinadieu.ch\\\/wp-content\\\/uploads\\\/2023\\\/02\\\/DA_PDB_MFR3928.jpg\",\"datePublished\":\"2023-02-14T06:30:00+00:00\",\"dateModified\":\"2024-03-25T14:27:03+00:00\",\"description\":\"Pour que leurs enfants puissent rester avec elles, la Fondation pour les parents et les enfants (ELIM) aide les m\u00e8res en d\u00e9tresse.\",\"breadcrumb\":{\"@id\":\"https:\\\/\\\/www.deinadieu.ch\\\/fr\\\/si-elles-ne-faisaient-rien-leur-enfant-serait-place\\\/#breadcrumb\"},\"inLanguage\":\"fr-FR\",\"potentialAction\":[{\"@type\":\"ReadAction\",\"target\":[\"https:\\\/\\\/www.deinadieu.ch\\\/fr\\\/si-elles-ne-faisaient-rien-leur-enfant-serait-place\\\/\"]}]},{\"@type\":\"ImageObject\",\"inLanguage\":\"fr-FR\",\"@id\":\"https:\\\/\\\/www.deinadieu.ch\\\/fr\\\/si-elles-ne-faisaient-rien-leur-enfant-serait-place\\\/#primaryimage\",\"url\":\"https:\\\/\\\/www.deinadieu.ch\\\/wp-content\\\/uploads\\\/2023\\\/02\\\/DA_PDB_MFR3928.jpg\",\"contentUrl\":\"https:\\\/\\\/www.deinadieu.ch\\\/wp-content\\\/uploads\\\/2023\\\/02\\\/DA_PDB_MFR3928.jpg\",\"width\":7731,\"height\":5154,\"caption\":\"Daniel Berger, directeur de la fondation pour les parents et les enfants ELIM (Images: Manu Friederich)\"},{\"@type\":\"BreadcrumbList\",\"@id\":\"https:\\\/\\\/www.deinadieu.ch\\\/fr\\\/si-elles-ne-faisaient-rien-leur-enfant-serait-place\\\/#breadcrumb\",\"itemListElement\":[{\"@type\":\"ListItem\",\"position\":1,\"name\":\"Home\",\"item\":\"https:\\\/\\\/www.deinadieu.ch\\\/fr\\\/deinadieu-dialog-und-serviceportal-zum-lebensende\\\/\"},{\"@type\":\"ListItem\",\"position\":2,\"name\":\"\u00ab Si elles ne faisaient rien, leur enfant serait plac\u00e9 \u00bb\"}]},{\"@type\":\"WebSite\",\"@id\":\"https:\\\/\\\/www.deinadieu.ch\\\/fr\\\/#website\",\"url\":\"https:\\\/\\\/www.deinadieu.ch\\\/fr\\\/\",\"name\":\"DeinAdieu.ch\",\"description\":\"Testament, Patientenverf\u00fcgung und Vorsorgeauftrag\",\"publisher\":{\"@id\":\"https:\\\/\\\/www.deinadieu.ch\\\/fr\\\/#organization\"},\"potentialAction\":[{\"@type\":\"SearchAction\",\"target\":{\"@type\":\"EntryPoint\",\"urlTemplate\":\"https:\\\/\\\/www.deinadieu.ch\\\/fr\\\/?s={search_term_string}\"},\"query-input\":{\"@type\":\"PropertyValueSpecification\",\"valueRequired\":true,\"valueName\":\"search_term_string\"}}],\"inLanguage\":\"fr-FR\"},{\"@type\":\"Organization\",\"@id\":\"https:\\\/\\\/www.deinadieu.ch\\\/fr\\\/#organization\",\"name\":\"EMNA Web GmbH\",\"url\":\"https:\\\/\\\/www.deinadieu.ch\\\/fr\\\/\",\"logo\":{\"@type\":\"ImageObject\",\"inLanguage\":\"fr-FR\",\"@id\":\"https:\\\/\\\/www.deinadieu.ch\\\/fr\\\/#\\\/schema\\\/logo\\\/image\\\/\",\"url\":\"https:\\\/\\\/www.deinadieu.ch\\\/wp-content\\\/uploads\\\/2016\\\/01\\\/DeinAdieu_Logo.png\",\"contentUrl\":\"https:\\\/\\\/www.deinadieu.ch\\\/wp-content\\\/uploads\\\/2016\\\/01\\\/DeinAdieu_Logo.png\",\"width\":300,\"height\":117,\"caption\":\"EMNA Web GmbH\"},\"image\":{\"@id\":\"https:\\\/\\\/www.deinadieu.ch\\\/fr\\\/#\\\/schema\\\/logo\\\/image\\\/\"},\"sameAs\":[\"https:\\\/\\\/www.facebook.com\\\/deinadieu\",\"https:\\\/\\\/x.com\\\/DeinAdieu\",\"https:\\\/\\\/www.instagram.com\\\/deinadieu\\\/\",\"https:\\\/\\\/www.linkedin.com\\\/company\\\/deinadieu.ch\"]},{\"@type\":\"Person\",\"@id\":\"https:\\\/\\\/www.deinadieu.ch\\\/fr\\\/#\\\/schema\\\/person\\\/78cffe1cb679e17f919e3d0c0e7b9673\",\"name\":\"Janina Gehrig, MA UZH, Redaktorin\",\"image\":{\"@type\":\"ImageObject\",\"inLanguage\":\"fr-FR\",\"@id\":\"https:\\\/\\\/secure.gravatar.com\\\/avatar\\\/8bfc4dca12cd7c0a0373c12f34587d1f6a6117903e7ecc0035863bd69df6fb07?s=96&d=mm&r=g\",\"url\":\"https:\\\/\\\/secure.gravatar.com\\\/avatar\\\/8bfc4dca12cd7c0a0373c12f34587d1f6a6117903e7ecc0035863bd69df6fb07?s=96&d=mm&r=g\",\"contentUrl\":\"https:\\\/\\\/secure.gravatar.com\\\/avatar\\\/8bfc4dca12cd7c0a0373c12f34587d1f6a6117903e7ecc0035863bd69df6fb07?s=96&d=mm&r=g\",\"caption\":\"Janina Gehrig, MA UZH, Redaktorin\"},\"url\":\"https:\\\/\\\/www.deinadieu.ch\\\/fr\\\/author\\\/janinagehrig\\\/\"}]}<\/script>","yoast_head_json":{"title":"Portrait : La fondation Elim pour les parents et les enfants | DeinAdieu.ch","description":"Pour que leurs enfants puissent rester avec elles, la Fondation pour les parents et les enfants (ELIM) aide les m\u00e8res en d\u00e9tresse.","robots":{"index":"index","follow":"follow","max-snippet":"max-snippet:-1","max-image-preview":"max-image-preview:large","max-video-preview":"max-video-preview:-1"},"canonical":"https:\/\/www.deinadieu.ch\/fr\/si-elles-ne-faisaient-rien-leur-enfant-serait-place\/","og_locale":"fr_FR","og_type":"article","og_title":"\u00ab Si elles ne faisaient rien, leur enfant serait plac\u00e9 \u00bb","og_description":"Elles ont subi des violences, souffrent de probl\u00e8mes psychiques ou ont un besoin d'int\u00e9gration et ne veulent en aucun cas \u00eatre s\u00e9par\u00e9es de leurs enfants.","og_url":"https:\/\/www.deinadieu.ch\/fr\/si-elles-ne-faisaient-rien-leur-enfant-serait-place\/","og_site_name":"DeinAdieu.ch","article_publisher":"https:\/\/www.facebook.com\/deinadieu","article_published_time":"2023-02-14T06:30:00+00:00","article_modified_time":"2024-03-25T14:27:03+00:00","og_image":[{"width":1024,"height":683,"url":"https:\/\/static.deinadieu.ch\/uploads\/2023\/02\/DA_PDB_MFR3928-1024x683.jpg","type":"image\/jpeg"}],"author":"Janina Gehrig, MA UZH, Redaktorin","twitter_card":"summary_large_image","twitter_creator":"@DeinAdieu","twitter_site":"@DeinAdieu","twitter_misc":{"Written by":"Janina Gehrig, MA UZH, Redaktorin","Est. reading time":"7 minutes"},"schema":{"@context":"https:\/\/schema.org","@graph":[{"@type":"Article","@id":"https:\/\/www.deinadieu.ch\/fr\/si-elles-ne-faisaient-rien-leur-enfant-serait-place\/#article","isPartOf":{"@id":"https:\/\/www.deinadieu.ch\/fr\/si-elles-ne-faisaient-rien-leur-enfant-serait-place\/"},"author":{"name":"Janina Gehrig, MA UZH, Redaktorin","@id":"https:\/\/www.deinadieu.ch\/fr\/#\/schema\/person\/78cffe1cb679e17f919e3d0c0e7b9673"},"headline":"\u00ab Si elles ne faisaient rien, leur enfant serait plac\u00e9 \u00bb","datePublished":"2023-02-14T06:30:00+00:00","dateModified":"2024-03-25T14:27:03+00:00","mainEntityOfPage":{"@id":"https:\/\/www.deinadieu.ch\/fr\/si-elles-ne-faisaient-rien-leur-enfant-serait-place\/"},"wordCount":1475,"commentCount":0,"publisher":{"@id":"https:\/\/www.deinadieu.ch\/fr\/#organization"},"image":{"@id":"https:\/\/www.deinadieu.ch\/fr\/si-elles-ne-faisaient-rien-leur-enfant-serait-place\/#primaryimage"},"thumbnailUrl":"https:\/\/www.deinadieu.ch\/wp-content\/uploads\/2023\/02\/DA_PDB_MFR3928.jpg","keywords":["Organisation d'utilit\u00e9 publique","organisations d'aide","Parents"],"articleSection":["\u0152uvres caritatives en point de mire"],"inLanguage":"fr-FR","potentialAction":[{"@type":"CommentAction","name":"Comment","target":["https:\/\/www.deinadieu.ch\/fr\/si-elles-ne-faisaient-rien-leur-enfant-serait-place\/#respond"]}]},{"@type":"WebPage","@id":"https:\/\/www.deinadieu.ch\/fr\/si-elles-ne-faisaient-rien-leur-enfant-serait-place\/","url":"https:\/\/www.deinadieu.ch\/fr\/si-elles-ne-faisaient-rien-leur-enfant-serait-place\/","name":"Portrait : La fondation Elim pour les parents et les enfants | DeinAdieu.ch","isPartOf":{"@id":"https:\/\/www.deinadieu.ch\/fr\/#website"},"primaryImageOfPage":{"@id":"https:\/\/www.deinadieu.ch\/fr\/si-elles-ne-faisaient-rien-leur-enfant-serait-place\/#primaryimage"},"image":{"@id":"https:\/\/www.deinadieu.ch\/fr\/si-elles-ne-faisaient-rien-leur-enfant-serait-place\/#primaryimage"},"thumbnailUrl":"https:\/\/www.deinadieu.ch\/wp-content\/uploads\/2023\/02\/DA_PDB_MFR3928.jpg","datePublished":"2023-02-14T06:30:00+00:00","dateModified":"2024-03-25T14:27:03+00:00","description":"Pour que leurs enfants puissent rester avec elles, la Fondation pour les parents et les enfants (ELIM) aide les m\u00e8res en d\u00e9tresse.","breadcrumb":{"@id":"https:\/\/www.deinadieu.ch\/fr\/si-elles-ne-faisaient-rien-leur-enfant-serait-place\/#breadcrumb"},"inLanguage":"fr-FR","potentialAction":[{"@type":"ReadAction","target":["https:\/\/www.deinadieu.ch\/fr\/si-elles-ne-faisaient-rien-leur-enfant-serait-place\/"]}]},{"@type":"ImageObject","inLanguage":"fr-FR","@id":"https:\/\/www.deinadieu.ch\/fr\/si-elles-ne-faisaient-rien-leur-enfant-serait-place\/#primaryimage","url":"https:\/\/www.deinadieu.ch\/wp-content\/uploads\/2023\/02\/DA_PDB_MFR3928.jpg","contentUrl":"https:\/\/www.deinadieu.ch\/wp-content\/uploads\/2023\/02\/DA_PDB_MFR3928.jpg","width":7731,"height":5154,"caption":"Daniel Berger, directeur de la fondation pour les parents et les enfants ELIM (Images: Manu Friederich)"},{"@type":"BreadcrumbList","@id":"https:\/\/www.deinadieu.ch\/fr\/si-elles-ne-faisaient-rien-leur-enfant-serait-place\/#breadcrumb","itemListElement":[{"@type":"ListItem","position":1,"name":"Home","item":"https:\/\/www.deinadieu.ch\/fr\/deinadieu-dialog-und-serviceportal-zum-lebensende\/"},{"@type":"ListItem","position":2,"name":"\u00ab Si elles ne faisaient rien, leur enfant serait plac\u00e9 \u00bb"}]},{"@type":"WebSite","@id":"https:\/\/www.deinadieu.ch\/fr\/#website","url":"https:\/\/www.deinadieu.ch\/fr\/","name":"DeinAdieu.ch","description":"Testament, Patientenverf\u00fcgung und Vorsorgeauftrag","publisher":{"@id":"https:\/\/www.deinadieu.ch\/fr\/#organization"},"potentialAction":[{"@type":"SearchAction","target":{"@type":"EntryPoint","urlTemplate":"https:\/\/www.deinadieu.ch\/fr\/?s={search_term_string}"},"query-input":{"@type":"PropertyValueSpecification","valueRequired":true,"valueName":"search_term_string"}}],"inLanguage":"fr-FR"},{"@type":"Organization","@id":"https:\/\/www.deinadieu.ch\/fr\/#organization","name":"EMNA Web GmbH","url":"https:\/\/www.deinadieu.ch\/fr\/","logo":{"@type":"ImageObject","inLanguage":"fr-FR","@id":"https:\/\/www.deinadieu.ch\/fr\/#\/schema\/logo\/image\/","url":"https:\/\/www.deinadieu.ch\/wp-content\/uploads\/2016\/01\/DeinAdieu_Logo.png","contentUrl":"https:\/\/www.deinadieu.ch\/wp-content\/uploads\/2016\/01\/DeinAdieu_Logo.png","width":300,"height":117,"caption":"EMNA Web GmbH"},"image":{"@id":"https:\/\/www.deinadieu.ch\/fr\/#\/schema\/logo\/image\/"},"sameAs":["https:\/\/www.facebook.com\/deinadieu","https:\/\/x.com\/DeinAdieu","https:\/\/www.instagram.com\/deinadieu\/","https:\/\/www.linkedin.com\/company\/deinadieu.ch"]},{"@type":"Person","@id":"https:\/\/www.deinadieu.ch\/fr\/#\/schema\/person\/78cffe1cb679e17f919e3d0c0e7b9673","name":"Janina Gehrig, MA UZH, Redaktorin","image":{"@type":"ImageObject","inLanguage":"fr-FR","@id":"https:\/\/secure.gravatar.com\/avatar\/8bfc4dca12cd7c0a0373c12f34587d1f6a6117903e7ecc0035863bd69df6fb07?s=96&d=mm&r=g","url":"https:\/\/secure.gravatar.com\/avatar\/8bfc4dca12cd7c0a0373c12f34587d1f6a6117903e7ecc0035863bd69df6fb07?s=96&d=mm&r=g","contentUrl":"https:\/\/secure.gravatar.com\/avatar\/8bfc4dca12cd7c0a0373c12f34587d1f6a6117903e7ecc0035863bd69df6fb07?s=96&d=mm&r=g","caption":"Janina Gehrig, MA UZH, Redaktorin"},"url":"https:\/\/www.deinadieu.ch\/fr\/author\/janinagehrig\/"}]}},"_links":{"self":[{"href":"https:\/\/www.deinadieu.ch\/fr\/wp-json\/wp\/v2\/posts\/62084","targetHints":{"allow":["GET"]}}],"collection":[{"href":"https:\/\/www.deinadieu.ch\/fr\/wp-json\/wp\/v2\/posts"}],"about":[{"href":"https:\/\/www.deinadieu.ch\/fr\/wp-json\/wp\/v2\/types\/post"}],"author":[{"embeddable":true,"href":"https:\/\/www.deinadieu.ch\/fr\/wp-json\/wp\/v2\/users\/6028"}],"replies":[{"embeddable":true,"href":"https:\/\/www.deinadieu.ch\/fr\/wp-json\/wp\/v2\/comments?post=62084"}],"version-history":[{"count":13,"href":"https:\/\/www.deinadieu.ch\/fr\/wp-json\/wp\/v2\/posts\/62084\/revisions"}],"predecessor-version":[{"id":67237,"href":"https:\/\/www.deinadieu.ch\/fr\/wp-json\/wp\/v2\/posts\/62084\/revisions\/67237"}],"wp:featuredmedia":[{"embeddable":true,"href":"https:\/\/www.deinadieu.ch\/fr\/wp-json\/wp\/v2\/media\/61636"}],"wp:attachment":[{"href":"https:\/\/www.deinadieu.ch\/fr\/wp-json\/wp\/v2\/media?parent=62084"}],"wp:term":[{"taxonomy":"category","embeddable":true,"href":"https:\/\/www.deinadieu.ch\/fr\/wp-json\/wp\/v2\/categories?post=62084"},{"taxonomy":"post_tag","embeddable":true,"href":"https:\/\/www.deinadieu.ch\/fr\/wp-json\/wp\/v2\/tags?post=62084"}],"curies":[{"name":"wp","href":"https:\/\/api.w.org\/{rel}","templated":true}]}}